{"id":5096,"date":"2020-09-08T11:03:32","date_gmt":"2020-09-08T11:03:32","guid":{"rendered":"http:\/\/www.eldigitaldeasturias.com\/radio\/?p=5096"},"modified":"2020-09-08T11:03:32","modified_gmt":"2020-09-08T11:03:32","slug":"sanchez-y-la-vuelta-al-cole-los-padres-pueden-estar-tranquilos","status":"publish","type":"post","link":"https:\/\/eldigitaldeasturias.com\/radio\/sanchez-y-la-vuelta-al-cole-los-padres-pueden-estar-tranquilos\/","title":{"rendered":"S\u00e1nchez y la vuelta al cole: \u201cLos padres pueden estar tranquilos\u201d"},"content":{"rendered":"<figure id=\"attachment_5097\" aria-describedby=\"caption-attachment-5097\" style=\"width: 360px\" class=\"wp-caption alignleft\"><img fetchpriority=\"high\" decoding=\"async\" class=\"size-medium wp-image-5097\" src=\"http:\/\/www.eldigitaldeasturias.com\/radio\/wp-content\/uploads\/2020\/09\/fotonoticia_20200907104314_1920-360x164.jpg\" alt=\"\" width=\"360\" height=\"164\" srcset=\"https:\/\/eldigitaldeasturias.com\/radio\/wp-content\/uploads\/2020\/09\/fotonoticia_20200907104314_1920-360x164.jpg 360w, https:\/\/eldigitaldeasturias.com\/radio\/wp-content\/uploads\/2020\/09\/fotonoticia_20200907104314_1920-1024x468.jpg 1024w, https:\/\/eldigitaldeasturias.com\/radio\/wp-content\/uploads\/2020\/09\/fotonoticia_20200907104314_1920-768x351.jpg 768w, https:\/\/eldigitaldeasturias.com\/radio\/wp-content\/uploads\/2020\/09\/fotonoticia_20200907104314_1920-1536x702.jpg 1536w, https:\/\/eldigitaldeasturias.com\/radio\/wp-content\/uploads\/2020\/09\/fotonoticia_20200907104314_1920.jpg 1920w\" sizes=\"(max-width: 360px) 100vw, 360px\" \/><figcaption id=\"caption-attachment-5097\" class=\"wp-caption-text\">Entrevista al presidente del Gobierno, Pedro S\u00e1nchez &#8211; RTVE<\/figcaption><\/figure>\n<p>(EUROPA PRESS) &#8211;\u00a0El presidente del Gobierno, Pedro S\u00e1nchez, ha eludido este lunes confirmar si los padres de ni\u00f1os que tengan que guardar cuarentena con PCR negativa podr\u00e1n beneficiarse de una baja laboral remunerada y ha remitido al acuerdo con los agentes sociales.<\/p>\n<p><strong>\u00abEl Gobierno siempre est\u00e1 abierto al dialogo con los agentes sociales y esto est\u00e1 siendo objeto de di\u00e1logo con ellos\u00bb, ha explicado S\u00e1nchez<\/strong> en una entrevista en La 1 de TVE recogida por Europa Press en la que ha remitido a las bajas por incapacidad temporal ya en vigor y al plan &#8216;Me Cuida&#8217;.<\/p>\n<p>\u00abYa hay acciones tomadas por el Gobierno de Espa\u00f1a\u00bb, ha asegurado S\u00e1nchez quien ha recordado que no s\u00f3lo se ha asimilado a las bajas incapacidad temporal a aquellas personas que tienen a sus hijos o alg\u00fan familiar como un dependiente con alg\u00fan tipo de contagio, sino que tambi\u00e9n se ha aprobado un plan que permite la flexibilidad laboral hasta el 100 por ciento de la jornada para atender las urgencias\u00bb.<\/p>\n<p>Las declaraciones de S\u00e1nchez se producen despu\u00e9s de las realizadas por el vicepresidente segundo del Gobierno, Pablo Iglesias, que garantiz\u00f3 la pasada semana una baja por incapacidad para los padres de menores que tengan que estar en aislamiento sin que se haya confirmado el contagio por covid-19.<\/p>\n<p>Sobre el inicio del curso escolar,<strong> el presidente del Gobierno ha asegurado que los padres pueden estar tranquilo \u00absin ninguna duda\u00bb a la hora de enviar a sus hijos al colegio<\/strong>.<\/p>\n<p>\u00abSin que exista el riesgo cero, nuestros hijos e hijas, y maestros y profesionales van a tener la garant\u00eda de estar en centros seguros\u00bb ha asegurado el jefe del Ejecutivo. En este sentido, ha eludido a la labor de la comunidad educativa, de las comunidades aut\u00f3nomas y del Gobierno de Espa\u00f1a con todos los protocolos y recursos para que haya m\u00e1s de 40.000 profesores adicionales\u00bb.<\/p>\n","protected":false},"excerpt":{"rendered":"<p>(EUROPA PRESS) &#8211;\u00a0El presidente del Gobierno, Pedro S\u00e1nchez, ha eludido este lunes confirmar si los padres de ni\u00f1os que tengan que guardar cuarentena con PCR negativa podr\u00e1n beneficiarse de una baja laboral remunerada y ha remitido al acuerdo con los agentes sociales. \u00abEl Gobierno siempre est\u00e1 abierto al dialogo con los agentes sociales y esto<\/p>\n","protected":false},"author":1,"featured_media":5097,"comment_status":"closed","ping_status":"closed","sticky":false,"template":"","format":"standard","meta":{"footnotes":""},"categories":[1],"tags":[],"class_list":{"0":"post-5096","1":"post","2":"type-post","3":"status-publish","4":"format-standard","5":"has-post-thumbnail","7":"category-noticias"},"aioseo_notices":[],"aioseo_head":"\n\t\t<!-- All in One SEO Pro 4.9.6.2 - aioseo.com -->\n\t<meta name=\"description\" content=\"(EUROPA PRESS) - El presidente del Gobierno, Pedro S\u00e1nchez, ha eludido este lunes confirmar si los padres de ni\u00f1os que tengan que guardar cuarentena con PCR negativa podr\u00e1n beneficiarse de una baja laboral remunerada y ha remitido al acuerdo con los agentes sociales. &quot;El Gobierno siempre est\u00e1 abierto al dialogo con los agentes sociales y esto\" \/>\n\t<meta name=\"robots\" content=\"max-image-preview:large\" \/>\n\t<meta name=\"author\" content=\"NBAsturias\"\/>\n\t<meta name=\"google-site-verification\" content=\"UA-38556648-1\" \/>\n\t<meta name=\"keywords\" content=\"noticias\" \/>\n\t<link rel=\"canonical\" href=\"https:\/\/eldigitaldeasturias.com\/radio\/sanchez-y-la-vuelta-al-cole-los-padres-pueden-estar-tranquilos\/\" \/>\n\t<meta name=\"generator\" content=\"All in One SEO Pro (AIOSEO) 4.9.6.2\" \/>\n\t\t<meta property=\"og:locale\" content=\"es_ES\" \/>\n\t\t<meta property=\"og:site_name\" content=\"El Digital de Asturias | Diario de informaci\u00f3n y noticias\" \/>\n\t\t<meta property=\"og:type\" content=\"article\" \/>\n\t\t<meta property=\"og:title\" content=\"S\u00e1nchez y la vuelta al cole: \u201cLos padres pueden estar tranquilos\u201d | El Digital de Asturias\" \/>\n\t\t<meta property=\"og:description\" content=\"(EUROPA PRESS) - El presidente del Gobierno, Pedro S\u00e1nchez, ha eludido este lunes confirmar si los padres de ni\u00f1os que tengan que guardar cuarentena con PCR negativa podr\u00e1n beneficiarse de una baja laboral remunerada y ha remitido al acuerdo con los agentes sociales. &quot;El Gobierno siempre est\u00e1 abierto al dialogo con los agentes sociales y esto\" \/>\n\t\t<meta property=\"og:url\" content=\"https:\/\/eldigitaldeasturias.com\/radio\/sanchez-y-la-vuelta-al-cole-los-padres-pueden-estar-tranquilos\/\" \/>\n\t\t<meta property=\"og:image\" content=\"https:\/\/eldigitaldeasturias.com\/radio\/wp-content\/uploads\/2020\/09\/fotonoticia_20200907104314_1920.jpg\" \/>\n\t\t<meta property=\"og:image:secure_url\" content=\"https:\/\/eldigitaldeasturias.com\/radio\/wp-content\/uploads\/2020\/09\/fotonoticia_20200907104314_1920.jpg\" \/>\n\t\t<meta property=\"og:image:width\" content=\"1920\" \/>\n\t\t<meta property=\"og:image:height\" content=\"877\" \/>\n\t\t<meta property=\"article:published_time\" content=\"2020-09-08T11:03:32+00:00\" \/>\n\t\t<meta property=\"article:modified_time\" content=\"2020-09-08T11:03:32+00:00\" \/>\n\t\t<meta name=\"twitter:card\" content=\"summary_large_image\" \/>\n\t\t<meta name=\"twitter:site\" content=\"@bercodi\" \/>\n\t\t<meta name=\"twitter:title\" content=\"S\u00e1nchez y la vuelta al cole: \u201cLos padres pueden estar tranquilos\u201d | El Digital de Asturias\" \/>\n\t\t<meta name=\"twitter:description\" content=\"(EUROPA PRESS) - El presidente del Gobierno, Pedro S\u00e1nchez, ha eludido este lunes confirmar si los padres de ni\u00f1os que tengan que guardar cuarentena con PCR negativa podr\u00e1n beneficiarse de una baja laboral remunerada y ha remitido al acuerdo con los agentes sociales. &quot;El Gobierno siempre est\u00e1 abierto al dialogo con los agentes sociales y esto\" \/>\n\t\t<meta name=\"twitter:creator\" content=\"@bercodi\" \/>\n\t\t<meta name=\"twitter:image\" content=\"https:\/\/eldigitaldeasturias.com\/radio\/wp-content\/uploads\/2020\/09\/fotonoticia_20200907104314_1920.jpg\" \/>\n\t\t<script type=\"application\/ld+json\" class=\"aioseo-schema\">\n\t\t\t{\"@context\":\"https:\\\/\\\/schema.org\",\"@graph\":[{\"@type\":\"BreadcrumbList\",\"@id\":\"https:\\\/\\\/eldigitaldeasturias.com\\\/radio\\\/sanchez-y-la-vuelta-al-cole-los-padres-pueden-estar-tranquilos\\\/#breadcrumblist\",\"itemListElement\":[{\"@type\":\"ListItem\",\"@id\":\"https:\\\/\\\/eldigitaldeasturias.com\\\/radio#listItem\",\"position\":1,\"name\":\"Inicio\",\"item\":\"https:\\\/\\\/eldigitaldeasturias.com\\\/radio\",\"nextItem\":{\"@type\":\"ListItem\",\"@id\":\"https:\\\/\\\/eldigitaldeasturias.com\\\/radio\\\/category\\\/noticias\\\/#listItem\",\"name\":\"Noticias\"}},{\"@type\":\"ListItem\",\"@id\":\"https:\\\/\\\/eldigitaldeasturias.com\\\/radio\\\/category\\\/noticias\\\/#listItem\",\"position\":2,\"name\":\"Noticias\",\"item\":\"https:\\\/\\\/eldigitaldeasturias.com\\\/radio\\\/category\\\/noticias\\\/\",\"nextItem\":{\"@type\":\"ListItem\",\"@id\":\"https:\\\/\\\/eldigitaldeasturias.com\\\/radio\\\/sanchez-y-la-vuelta-al-cole-los-padres-pueden-estar-tranquilos\\\/#listItem\",\"name\":\"S\\u00e1nchez y la vuelta al cole: \\u201cLos padres pueden estar tranquilos\\u201d\"},\"previousItem\":{\"@type\":\"ListItem\",\"@id\":\"https:\\\/\\\/eldigitaldeasturias.com\\\/radio#listItem\",\"name\":\"Inicio\"}},{\"@type\":\"ListItem\",\"@id\":\"https:\\\/\\\/eldigitaldeasturias.com\\\/radio\\\/sanchez-y-la-vuelta-al-cole-los-padres-pueden-estar-tranquilos\\\/#listItem\",\"position\":3,\"name\":\"S\\u00e1nchez y la vuelta al cole: \\u201cLos padres pueden estar tranquilos\\u201d\",\"previousItem\":{\"@type\":\"ListItem\",\"@id\":\"https:\\\/\\\/eldigitaldeasturias.com\\\/radio\\\/category\\\/noticias\\\/#listItem\",\"name\":\"Noticias\"}}]},{\"@type\":\"NewsArticle\",\"@id\":\"https:\\\/\\\/eldigitaldeasturias.com\\\/radio\\\/sanchez-y-la-vuelta-al-cole-los-padres-pueden-estar-tranquilos\\\/#newsarticle\",\"name\":\"S\\u00e1nchez y la vuelta al cole: \\u201cLos padres pueden estar tranquilos\\u201d | El Digital de Asturias\",\"headline\":\"S\\u00e1nchez y la vuelta al cole: \\u201cLos padres pueden estar tranquilos\\u201d\",\"author\":{\"@id\":\"https:\\\/\\\/eldigitaldeasturias.com\\\/radio\\\/author\\\/nbasturias\\\/#author\"},\"publisher\":{\"@id\":\"https:\\\/\\\/eldigitaldeasturias.com\\\/radio\\\/#organization\"},\"image\":{\"@type\":\"ImageObject\",\"url\":\"https:\\\/\\\/eldigitaldeasturias.com\\\/radio\\\/wp-content\\\/uploads\\\/2020\\\/09\\\/fotonoticia_20200907104314_1920.jpg\",\"width\":1920,\"height\":877,\"caption\":\"Entrevista al presidente del Gobierno, Pedro S\\u00e1nchez - RTVE\"},\"datePublished\":\"2020-09-08T11:03:32+02:00\",\"dateModified\":\"2020-09-08T11:03:32+02:00\",\"inLanguage\":\"es-ES\",\"mainEntityOfPage\":{\"@id\":\"https:\\\/\\\/eldigitaldeasturias.com\\\/radio\\\/sanchez-y-la-vuelta-al-cole-los-padres-pueden-estar-tranquilos\\\/#webpage\"},\"isPartOf\":{\"@id\":\"https:\\\/\\\/eldigitaldeasturias.com\\\/radio\\\/sanchez-y-la-vuelta-al-cole-los-padres-pueden-estar-tranquilos\\\/#webpage\"},\"articleSection\":\"Noticias\",\"dateline\":\"Publicado el septiembre 8, 2020.\"},{\"@type\":\"Organization\",\"@id\":\"https:\\\/\\\/eldigitaldeasturias.com\\\/radio\\\/#organization\",\"name\":\"El digital de Asturias Radio\",\"description\":\"Diario de informaci\\u00f3n y noticias\",\"url\":\"https:\\\/\\\/eldigitaldeasturias.com\\\/radio\\\/\",\"telephone\":\"+34652131393\",\"logo\":{\"@type\":\"ImageObject\",\"url\":\"https:\\\/\\\/www.eldigitaldeasturias.com\\\/radio\\\/wp-content\\\/uploads\\\/2021\\\/03\\\/EDA.jpg\",\"@id\":\"https:\\\/\\\/eldigitaldeasturias.com\\\/radio\\\/sanchez-y-la-vuelta-al-cole-los-padres-pueden-estar-tranquilos\\\/#organizationLogo\"},\"image\":{\"@id\":\"https:\\\/\\\/eldigitaldeasturias.com\\\/radio\\\/sanchez-y-la-vuelta-al-cole-los-padres-pueden-estar-tranquilos\\\/#organizationLogo\"},\"sameAs\":[\"https:\\\/\\\/www.facebook.com\\\/\",\"https:\\\/\\\/x.com\\\/bercodi\",\"https:\\\/\\\/www.instagram.com\\\/\",\"https:\\\/\\\/www.youtube.com\\\/channel\\\/UCZP-2wLEB9Rv6erhFmqVnvg\"]},{\"@type\":\"Person\",\"@id\":\"https:\\\/\\\/eldigitaldeasturias.com\\\/radio\\\/author\\\/nbasturias\\\/#author\",\"url\":\"https:\\\/\\\/eldigitaldeasturias.com\\\/radio\\\/author\\\/nbasturias\\\/\",\"name\":\"NBAsturias\",\"image\":{\"@type\":\"ImageObject\",\"@id\":\"https:\\\/\\\/eldigitaldeasturias.com\\\/radio\\\/sanchez-y-la-vuelta-al-cole-los-padres-pueden-estar-tranquilos\\\/#authorImage\",\"url\":\"https:\\\/\\\/secure.gravatar.com\\\/avatar\\\/df2aeffc32bcd13f8d26072ef8a91b623d677766deac7f97ca815868cd41bf5e?s=96&d=mm&r=g\",\"width\":96,\"height\":96,\"caption\":\"NBAsturias\"}},{\"@type\":\"WebPage\",\"@id\":\"https:\\\/\\\/eldigitaldeasturias.com\\\/radio\\\/sanchez-y-la-vuelta-al-cole-los-padres-pueden-estar-tranquilos\\\/#webpage\",\"url\":\"https:\\\/\\\/eldigitaldeasturias.com\\\/radio\\\/sanchez-y-la-vuelta-al-cole-los-padres-pueden-estar-tranquilos\\\/\",\"name\":\"S\\u00e1nchez y la vuelta al cole: \\u201cLos padres pueden estar tranquilos\\u201d | El Digital de Asturias\",\"description\":\"(EUROPA PRESS) - El presidente del Gobierno, Pedro S\\u00e1nchez, ha eludido este lunes confirmar si los padres de ni\\u00f1os que tengan que guardar cuarentena con PCR negativa podr\\u00e1n beneficiarse de una baja laboral remunerada y ha remitido al acuerdo con los agentes sociales. \\\"El Gobierno siempre est\\u00e1 abierto al dialogo con los agentes sociales y esto\",\"inLanguage\":\"es-ES\",\"isPartOf\":{\"@id\":\"https:\\\/\\\/eldigitaldeasturias.com\\\/radio\\\/#website\"},\"breadcrumb\":{\"@id\":\"https:\\\/\\\/eldigitaldeasturias.com\\\/radio\\\/sanchez-y-la-vuelta-al-cole-los-padres-pueden-estar-tranquilos\\\/#breadcrumblist\"},\"author\":{\"@id\":\"https:\\\/\\\/eldigitaldeasturias.com\\\/radio\\\/author\\\/nbasturias\\\/#author\"},\"creator\":{\"@id\":\"https:\\\/\\\/eldigitaldeasturias.com\\\/radio\\\/author\\\/nbasturias\\\/#author\"},\"image\":{\"@type\":\"ImageObject\",\"url\":\"https:\\\/\\\/eldigitaldeasturias.com\\\/radio\\\/wp-content\\\/uploads\\\/2020\\\/09\\\/fotonoticia_20200907104314_1920.jpg\",\"@id\":\"https:\\\/\\\/eldigitaldeasturias.com\\\/radio\\\/sanchez-y-la-vuelta-al-cole-los-padres-pueden-estar-tranquilos\\\/#mainImage\",\"width\":1920,\"height\":877,\"caption\":\"Entrevista al presidente del Gobierno, Pedro S\\u00e1nchez - RTVE\"},\"primaryImageOfPage\":{\"@id\":\"https:\\\/\\\/eldigitaldeasturias.com\\\/radio\\\/sanchez-y-la-vuelta-al-cole-los-padres-pueden-estar-tranquilos\\\/#mainImage\"},\"datePublished\":\"2020-09-08T11:03:32+02:00\",\"dateModified\":\"2020-09-08T11:03:32+02:00\"},{\"@type\":\"WebSite\",\"@id\":\"https:\\\/\\\/eldigitaldeasturias.com\\\/radio\\\/#website\",\"url\":\"https:\\\/\\\/eldigitaldeasturias.com\\\/radio\\\/\",\"name\":\"El Digital de Asturias\",\"description\":\"Diario de informaci\\u00f3n y noticias\",\"inLanguage\":\"es-ES\",\"publisher\":{\"@id\":\"https:\\\/\\\/eldigitaldeasturias.com\\\/radio\\\/#organization\"}}]}\n\t\t<\/script>\n\t\t<!-- All in One SEO Pro -->\r\n\t\t<title>S\u00e1nchez y la vuelta al cole: \u201cLos padres pueden estar tranquilos\u201d | El Digital de Asturias<\/title>\n\n","aioseo_head_json":{"title":"S\u00e1nchez y la vuelta al cole: \u201cLos padres pueden estar tranquilos\u201d | El Digital de Asturias","description":"(EUROPA PRESS) - El presidente del Gobierno, Pedro S\u00e1nchez, ha eludido este lunes confirmar si los padres de ni\u00f1os que tengan que guardar cuarentena con PCR negativa podr\u00e1n beneficiarse de una baja laboral remunerada y ha remitido al acuerdo con los agentes sociales. \"El Gobierno siempre est\u00e1 abierto al dialogo con los agentes sociales y esto","canonical_url":"https:\/\/eldigitaldeasturias.com\/radio\/sanchez-y-la-vuelta-al-cole-los-padres-pueden-estar-tranquilos\/","robots":"max-image-preview:large","keywords":"noticias","webmasterTools":{"google-site-verification":"UA-38556648-1","miscellaneous":""},"schema":{"@context":"https:\/\/schema.org","@graph":[{"@type":"BreadcrumbList","@id":"https:\/\/eldigitaldeasturias.com\/radio\/sanchez-y-la-vuelta-al-cole-los-padres-pueden-estar-tranquilos\/#breadcrumblist","itemListElement":[{"@type":"ListItem","@id":"https:\/\/eldigitaldeasturias.com\/radio#listItem","position":1,"name":"Inicio","item":"https:\/\/eldigitaldeasturias.com\/radio","nextItem":{"@type":"ListItem","@id":"https:\/\/eldigitaldeasturias.com\/radio\/category\/noticias\/#listItem","name":"Noticias"}},{"@type":"ListItem","@id":"https:\/\/eldigitaldeasturias.com\/radio\/category\/noticias\/#listItem","position":2,"name":"Noticias","item":"https:\/\/eldigitaldeasturias.com\/radio\/category\/noticias\/","nextItem":{"@type":"ListItem","@id":"https:\/\/eldigitaldeasturias.com\/radio\/sanchez-y-la-vuelta-al-cole-los-padres-pueden-estar-tranquilos\/#listItem","name":"S\u00e1nchez y la vuelta al cole: \u201cLos padres pueden estar tranquilos\u201d"},"previousItem":{"@type":"ListItem","@id":"https:\/\/eldigitaldeasturias.com\/radio#listItem","name":"Inicio"}},{"@type":"ListItem","@id":"https:\/\/eldigitaldeasturias.com\/radio\/sanchez-y-la-vuelta-al-cole-los-padres-pueden-estar-tranquilos\/#listItem","position":3,"name":"S\u00e1nchez y la vuelta al cole: \u201cLos padres pueden estar tranquilos\u201d","previousItem":{"@type":"ListItem","@id":"https:\/\/eldigitaldeasturias.com\/radio\/category\/noticias\/#listItem","name":"Noticias"}}]},{"@type":"NewsArticle","@id":"https:\/\/eldigitaldeasturias.com\/radio\/sanchez-y-la-vuelta-al-cole-los-padres-pueden-estar-tranquilos\/#newsarticle","name":"S\u00e1nchez y la vuelta al cole: \u201cLos padres pueden estar tranquilos\u201d | El Digital de Asturias","headline":"S\u00e1nchez y la vuelta al cole: \u201cLos padres pueden estar tranquilos\u201d","author":{"@id":"https:\/\/eldigitaldeasturias.com\/radio\/author\/nbasturias\/#author"},"publisher":{"@id":"https:\/\/eldigitaldeasturias.com\/radio\/#organization"},"image":{"@type":"ImageObject","url":"https:\/\/eldigitaldeasturias.com\/radio\/wp-content\/uploads\/2020\/09\/fotonoticia_20200907104314_1920.jpg","width":1920,"height":877,"caption":"Entrevista al presidente del Gobierno, Pedro S\u00e1nchez - RTVE"},"datePublished":"2020-09-08T11:03:32+02:00","dateModified":"2020-09-08T11:03:32+02:00","inLanguage":"es-ES","mainEntityOfPage":{"@id":"https:\/\/eldigitaldeasturias.com\/radio\/sanchez-y-la-vuelta-al-cole-los-padres-pueden-estar-tranquilos\/#webpage"},"isPartOf":{"@id":"https:\/\/eldigitaldeasturias.com\/radio\/sanchez-y-la-vuelta-al-cole-los-padres-pueden-estar-tranquilos\/#webpage"},"articleSection":"Noticias","dateline":"Publicado el septiembre 8, 2020."},{"@type":"Organization","@id":"https:\/\/eldigitaldeasturias.com\/radio\/#organization","name":"El digital de Asturias Radio","description":"Diario de informaci\u00f3n y noticias","url":"https:\/\/eldigitaldeasturias.com\/radio\/","telephone":"+34652131393","logo":{"@type":"ImageObject","url":"https:\/\/www.eldigitaldeasturias.com\/radio\/wp-content\/uploads\/2021\/03\/EDA.jpg","@id":"https:\/\/eldigitaldeasturias.com\/radio\/sanchez-y-la-vuelta-al-cole-los-padres-pueden-estar-tranquilos\/#organizationLogo"},"image":{"@id":"https:\/\/eldigitaldeasturias.com\/radio\/sanchez-y-la-vuelta-al-cole-los-padres-pueden-estar-tranquilos\/#organizationLogo"},"sameAs":["https:\/\/www.facebook.com\/","https:\/\/x.com\/bercodi","https:\/\/www.instagram.com\/","https:\/\/www.youtube.com\/channel\/UCZP-2wLEB9Rv6erhFmqVnvg"]},{"@type":"Person","@id":"https:\/\/eldigitaldeasturias.com\/radio\/author\/nbasturias\/#author","url":"https:\/\/eldigitaldeasturias.com\/radio\/author\/nbasturias\/","name":"NBAsturias","image":{"@type":"ImageObject","@id":"https:\/\/eldigitaldeasturias.com\/radio\/sanchez-y-la-vuelta-al-cole-los-padres-pueden-estar-tranquilos\/#authorImage","url":"https:\/\/secure.gravatar.com\/avatar\/df2aeffc32bcd13f8d26072ef8a91b623d677766deac7f97ca815868cd41bf5e?s=96&d=mm&r=g","width":96,"height":96,"caption":"NBAsturias"}},{"@type":"WebPage","@id":"https:\/\/eldigitaldeasturias.com\/radio\/sanchez-y-la-vuelta-al-cole-los-padres-pueden-estar-tranquilos\/#webpage","url":"https:\/\/eldigitaldeasturias.com\/radio\/sanchez-y-la-vuelta-al-cole-los-padres-pueden-estar-tranquilos\/","name":"S\u00e1nchez y la vuelta al cole: \u201cLos padres pueden estar tranquilos\u201d | El Digital de Asturias","description":"(EUROPA PRESS) - El presidente del Gobierno, Pedro S\u00e1nchez, ha eludido este lunes confirmar si los padres de ni\u00f1os que tengan que guardar cuarentena con PCR negativa podr\u00e1n beneficiarse de una baja laboral remunerada y ha remitido al acuerdo con los agentes sociales. \"El Gobierno siempre est\u00e1 abierto al dialogo con los agentes sociales y esto","inLanguage":"es-ES","isPartOf":{"@id":"https:\/\/eldigitaldeasturias.com\/radio\/#website"},"breadcrumb":{"@id":"https:\/\/eldigitaldeasturias.com\/radio\/sanchez-y-la-vuelta-al-cole-los-padres-pueden-estar-tranquilos\/#breadcrumblist"},"author":{"@id":"https:\/\/eldigitaldeasturias.com\/radio\/author\/nbasturias\/#author"},"creator":{"@id":"https:\/\/eldigitaldeasturias.com\/radio\/author\/nbasturias\/#author"},"image":{"@type":"ImageObject","url":"https:\/\/eldigitaldeasturias.com\/radio\/wp-content\/uploads\/2020\/09\/fotonoticia_20200907104314_1920.jpg","@id":"https:\/\/eldigitaldeasturias.com\/radio\/sanchez-y-la-vuelta-al-cole-los-padres-pueden-estar-tranquilos\/#mainImage","width":1920,"height":877,"caption":"Entrevista al presidente del Gobierno, Pedro S\u00e1nchez - RTVE"},"primaryImageOfPage":{"@id":"https:\/\/eldigitaldeasturias.com\/radio\/sanchez-y-la-vuelta-al-cole-los-padres-pueden-estar-tranquilos\/#mainImage"},"datePublished":"2020-09-08T11:03:32+02:00","dateModified":"2020-09-08T11:03:32+02:00"},{"@type":"WebSite","@id":"https:\/\/eldigitaldeasturias.com\/radio\/#website","url":"https:\/\/eldigitaldeasturias.com\/radio\/","name":"El Digital de Asturias","description":"Diario de informaci\u00f3n y noticias","inLanguage":"es-ES","publisher":{"@id":"https:\/\/eldigitaldeasturias.com\/radio\/#organization"}}]},"og:locale":"es_ES","og:site_name":"El Digital de Asturias | Diario de informaci\u00f3n y noticias","og:type":"article","og:title":"S\u00e1nchez y la vuelta al cole: \u201cLos padres pueden estar tranquilos\u201d | El Digital de Asturias","og:description":"(EUROPA PRESS) - El presidente del Gobierno, Pedro S\u00e1nchez, ha eludido este lunes confirmar si los padres de ni\u00f1os que tengan que guardar cuarentena con PCR negativa podr\u00e1n beneficiarse de una baja laboral remunerada y ha remitido al acuerdo con los agentes sociales. &quot;El Gobierno siempre est\u00e1 abierto al dialogo con los agentes sociales y esto","og:url":"https:\/\/eldigitaldeasturias.com\/radio\/sanchez-y-la-vuelta-al-cole-los-padres-pueden-estar-tranquilos\/","og:image":"https:\/\/eldigitaldeasturias.com\/radio\/wp-content\/uploads\/2020\/09\/fotonoticia_20200907104314_1920.jpg","og:image:secure_url":"https:\/\/eldigitaldeasturias.com\/radio\/wp-content\/uploads\/2020\/09\/fotonoticia_20200907104314_1920.jpg","og:image:width":1920,"og:image:height":877,"article:published_time":"2020-09-08T11:03:32+00:00","article:modified_time":"2020-09-08T11:03:32+00:00","twitter:card":"summary_large_image","twitter:site":"@bercodi","twitter:title":"S\u00e1nchez y la vuelta al cole: \u201cLos padres pueden estar tranquilos\u201d | El Digital de Asturias","twitter:description":"(EUROPA PRESS) - El presidente del Gobierno, Pedro S\u00e1nchez, ha eludido este lunes confirmar si los padres de ni\u00f1os que tengan que guardar cuarentena con PCR negativa podr\u00e1n beneficiarse de una baja laboral remunerada y ha remitido al acuerdo con los agentes sociales. &quot;El Gobierno siempre est\u00e1 abierto al dialogo con los agentes sociales y esto","twitter:creator":"@bercodi","twitter:image":"https:\/\/eldigitaldeasturias.com\/radio\/wp-content\/uploads\/2020\/09\/fotonoticia_20200907104314_1920.jpg"},"aioseo_meta_data":{"post_id":"5096","title":null,"description":"","keywords":"","keyphrases":null,"primary_term":null,"canonical_url":"","og_title":null,"og_description":null,"og_object_type":"default","og_image_type":"default","og_image_url":null,"og_image_width":null,"og_image_height":null,"og_image_custom_url":null,"og_image_custom_fields":null,"og_video":null,"og_custom_url":null,"og_article_section":null,"og_article_tags":null,"twitter_use_og":false,"twitter_card":"default","twitter_image_type":"default","twitter_image_url":null,"twitter_image_custom_url":null,"twitter_image_custom_fields":null,"twitter_title":null,"twitter_description":null,"schema":{"blockGraphs":[],"customGraphs":[],"default":{"data":{"Article":[],"Course":[],"Dataset":[],"FAQPage":[],"Movie":[],"Person":[],"Product":[],"ProductReview":[],"Car":[],"Recipe":[],"Service":[],"SoftwareApplication":[],"WebPage":[]},"graphName":"","isEnabled":true},"graphs":[],"defaultGraph":"","defaultPostTypeGraph":""},"schema_type":null,"schema_type_options":null,"pillar_content":false,"robots_default":true,"robots_noindex":false,"robots_noarchive":false,"robots_nosnippet":false,"robots_nofollow":false,"robots_noimageindex":false,"robots_noodp":false,"robots_notranslate":false,"robots_max_snippet":null,"robots_max_videopreview":null,"robots_max_imagepreview":"large","priority":null,"frequency":null,"location":null,"local_seo":null,"seo_analyzer_scan_date":"2025-08-28 17:18:42","breadcrumb_settings":null,"limit_modified_date":false,"open_ai":null,"ai":null,"created":"2021-03-25 15:14:32","updated":"2025-08-28 17:18:42"},"aioseo_breadcrumb":"<div class=\"aioseo-breadcrumbs\"><span class=\"aioseo-breadcrumb\">\n\t<a href=\"https:\/\/eldigitaldeasturias.com\/radio\" title=\"Inicio\">Inicio<\/a>\n<\/span><span class=\"aioseo-breadcrumb-separator\">&ndash;<\/span><span class=\"aioseo-breadcrumb\">\n\t<a href=\"https:\/\/eldigitaldeasturias.com\/radio\/category\/noticias\/\" title=\"Noticias\">Noticias<\/a>\n<\/span><span class=\"aioseo-breadcrumb-separator\">&ndash;<\/span><span class=\"aioseo-breadcrumb\">\n\tS\u00e1nchez y la vuelta al cole: \u201cLos padres pueden estar tranquilos\u201d\n<\/span><\/div>","aioseo_breadcrumb_json":[{"label":"Inicio","link":"https:\/\/eldigitaldeasturias.com\/radio"},{"label":"Noticias","link":"https:\/\/eldigitaldeasturias.com\/radio\/category\/noticias\/"},{"label":"S\u00e1nchez y la vuelta al cole: \u201cLos padres pueden estar tranquilos\u201d","link":"https:\/\/eldigitaldeasturias.com\/radio\/sanchez-y-la-vuelta-al-cole-los-padres-pueden-estar-tranquilos\/"}],"_links":{"self":[{"href":"https:\/\/eldigitaldeasturias.com\/radio\/wp-json\/wp\/v2\/posts\/5096","targetHints":{"allow":["GET"]}}],"collection":[{"href":"https:\/\/eldigitaldeasturias.com\/radio\/wp-json\/wp\/v2\/posts"}],"about":[{"href":"https:\/\/eldigitaldeasturias.com\/radio\/wp-json\/wp\/v2\/types\/post"}],"author":[{"embeddable":true,"href":"https:\/\/eldigitaldeasturias.com\/radio\/wp-json\/wp\/v2\/users\/1"}],"replies":[{"embeddable":true,"href":"https:\/\/eldigitaldeasturias.com\/radio\/wp-json\/wp\/v2\/comments?post=5096"}],"version-history":[{"count":0,"href":"https:\/\/eldigitaldeasturias.com\/radio\/wp-json\/wp\/v2\/posts\/5096\/revisions"}],"wp:featuredmedia":[{"embeddable":true,"href":"https:\/\/eldigitaldeasturias.com\/radio\/wp-json\/wp\/v2\/media\/5097"}],"wp:attachment":[{"href":"https:\/\/eldigitaldeasturias.com\/radio\/wp-json\/wp\/v2\/media?parent=5096"}],"wp:term":[{"taxonomy":"category","embeddable":true,"href":"https:\/\/eldigitaldeasturias.com\/radio\/wp-json\/wp\/v2\/categories?post=5096"},{"taxonomy":"post_tag","embeddable":true,"href":"https:\/\/eldigitaldeasturias.com\/radio\/wp-json\/wp\/v2\/tags?post=5096"}],"curies":[{"name":"wp","href":"https:\/\/api.w.org\/{rel}","templated":true}]}}