{"id":5093,"date":"2020-09-08T11:01:34","date_gmt":"2020-09-08T11:01:34","guid":{"rendered":"http:\/\/www.eldigitaldeasturias.com\/radio\/?p=5093"},"modified":"2020-09-08T11:01:34","modified_gmt":"2020-09-08T11:01:34","slug":"celaa-las-familias-quieren-llevar-a-sus-hijos-al-colegio","status":"publish","type":"post","link":"https:\/\/eldigitaldeasturias.com\/radio\/celaa-las-familias-quieren-llevar-a-sus-hijos-al-colegio\/","title":{"rendered":"Cela\u00e1: \u00abLas familias quieren llevar a sus hijos al colegio\u00bb"},"content":{"rendered":"<p><img fetchpriority=\"high\" decoding=\"async\" class=\"alignleft size-medium wp-image-5094\" src=\"http:\/\/www.eldigitaldeasturias.com\/radio\/wp-content\/uploads\/2020\/09\/board-1666644_640-360x240.jpg\" alt=\"\" width=\"360\" height=\"240\" srcset=\"https:\/\/eldigitaldeasturias.com\/radio\/wp-content\/uploads\/2020\/09\/board-1666644_640-360x240.jpg 360w, https:\/\/eldigitaldeasturias.com\/radio\/wp-content\/uploads\/2020\/09\/board-1666644_640.jpg 640w\" sizes=\"(max-width: 360px) 100vw, 360px\" \/>(EUROPA PRESS) &#8211;\u00a0La ministra de Educaci\u00f3n y Formaci\u00f3n Profesional, Isabel Cela\u00e1, ha manifestado este lunes que \u00abno tiene ninguna importancia\u00bb retrasar unos d\u00edas el inicio del colegio en algunos municipios debido a un importante n\u00famero de casos de coronavirus entre sus habitantes.<\/p>\n<p>En declaraciones a Canal Sur Radio, recogidas por Europa Press, Cela\u00e1 ha sido preguntada, por ejemplo, por el caso del municipio gaditano de Barbate, que ha pedido retrasar el inicio del colegio por el incremento de casos de coronavirus en su municipio. Ha recalcado que no tiene ninguna importancia que en algunos municipios se pida retrasar el inicio del colegio, porque el periodo obligatorio escolar son 175 d\u00edas lectivos al a\u00f1o.<\/p>\n<p>Ha manifestado que un retraso de d\u00edas en el comienzo de las clases forma parte de la autonom\u00eda que tiene el centro, reconocida por ley.<\/p>\n<p>Cela\u00e1 ha explicado que un centro escolar cerrar\u00eda cuando hubiera una transmisi\u00f3n descontrolada del virus y lo decidir\u00edan las autoridades sanitarias correspondientes. Ha apuntado que Los colegios van a estar en un contacto permanente con el centro de salud al que est\u00e9n vinculado.<\/p>\n<p>La ministra se ha mostrado convencida de que las familias quieren llevar a sus hijos al colegio y saben que la educaci\u00f3n es un derecho fundamental del ni\u00f1o, que tiene que socializar y necesita del acompa\u00f1amiento emocional que puedan prestarle tanto sus profesores como sus compa\u00f1eros.<\/p>\n<p>Respecto al hecho de que algunos padres se nieguen a llevar a sus hijos al colegio, ha dicho que en este momento, el ministerio no se pone en esa \u00abprevisi\u00f3n\u00bb, porque Espa\u00f1a est\u00e1 preparada y los ciudadanos son conscientes de la importancia de llevar a los ni\u00f1os a la escuela. Ha agregado que todas las administraciones educativas est\u00e1n a favor de abrir la escuela en septiembre y mantenerla abierta, y ha apuntando que, desgraciadamente, hay que convivir con la pandemia mientras esta dure, \u00abcon todos los controles y la prudencia, pero, desde luego, con toda la determinaci\u00f3n\u00bb.<\/p>\n<p>\u00abNo podemos perder a toda una generaci\u00f3n de j\u00f3venes, sino que tenemos que seguir educ\u00e1ndolos\u00bb, seg\u00fan ha dicho la ministra, quien ha a\u00f1adido que el Gobierno no est\u00e1 pensando m\u00e1s que en lo \u00abfavorable y positivo\u00bb que supone que los ni\u00f1os est\u00e9n en el colegio, y ha confiado en que todas las familias lo vean, aunque es l\u00f3gico el \u00abtemor\u00bb de algunas de ellas.<\/p>\n<p>La ministra ha pedido a las familias, en cualquier caso, que si un ni\u00f1o tiene posibles s\u00edntomas de coronavirus, no lo lleven al colegio. Ha agregado que una vez que se abran todos los colegios es cuando habr\u00e1 que empezar a tomar datos de los eventuales casos de coronavirus que puedan darse en los distintos colegios de Espa\u00f1a.<\/p>\n<p>Ha recordado que la evidencia cient\u00edfica se\u00f1ala que hay un porcentaje \u00abbaj\u00edsimo\u00bb de contagios entre ni\u00f1os, de manera que hay que abordar la situaci\u00f3n con mucha prudencia y cumpliendo con todas las normas.<\/p>\n<p>Asimismo, la ministra ha indicado que es fundamental la contrataci\u00f3n de m\u00e1s profesores por parte de las comunidades y para ello se pusieron los recursos del Gobierno central encima de la mesa. \u00abEsperamos que las comunidades den prioridad a la educaci\u00f3n y necesitamos que Andaluc\u00eda, al igual que el resto de comunidades, apueste de verdad por la educaci\u00f3n\u00bb, ha dicho.<\/p>\n","protected":false},"excerpt":{"rendered":"<p>(EUROPA PRESS) &#8211;\u00a0La ministra de Educaci\u00f3n y Formaci\u00f3n Profesional, Isabel Cela\u00e1, ha manifestado este lunes que \u00abno tiene ninguna importancia\u00bb retrasar unos d\u00edas el inicio del colegio en algunos municipios debido a un importante n\u00famero de casos de coronavirus entre sus habitantes. En declaraciones a Canal Sur Radio, recogidas por Europa Press, Cela\u00e1 ha sido<\/p>\n","protected":false},"author":1,"featured_media":5094,"comment_status":"closed","ping_status":"closed","sticky":false,"template":"","format":"standard","meta":{"footnotes":""},"categories":[1],"tags":[],"class_list":{"0":"post-5093","1":"post","2":"type-post","3":"status-publish","4":"format-standard","5":"has-post-thumbnail","7":"category-noticias"},"aioseo_notices":[],"aioseo_head":"\n\t\t<!-- All in One SEO Pro 4.9.6.2 - aioseo.com -->\n\t<meta name=\"description\" content=\"(EUROPA PRESS) - La ministra de Educaci\u00f3n y Formaci\u00f3n Profesional, Isabel Cela\u00e1, ha manifestado este lunes que &quot;no tiene ninguna importancia&quot; retrasar unos d\u00edas el inicio del colegio en algunos municipios debido a un importante n\u00famero de casos de coronavirus entre sus habitantes. En declaraciones a Canal Sur Radio, recogidas por Europa Press, Cela\u00e1 ha sido\" \/>\n\t<meta name=\"robots\" content=\"max-image-preview:large\" \/>\n\t<meta name=\"author\" content=\"NBAsturias\"\/>\n\t<meta name=\"google-site-verification\" content=\"UA-38556648-1\" \/>\n\t<meta name=\"keywords\" content=\"noticias\" \/>\n\t<link rel=\"canonical\" href=\"https:\/\/eldigitaldeasturias.com\/radio\/celaa-las-familias-quieren-llevar-a-sus-hijos-al-colegio\/\" \/>\n\t<meta name=\"generator\" content=\"All in One SEO Pro (AIOSEO) 4.9.6.2\" \/>\n\t\t<meta property=\"og:locale\" content=\"es_ES\" \/>\n\t\t<meta property=\"og:site_name\" content=\"El Digital de Asturias | Diario de informaci\u00f3n y noticias\" \/>\n\t\t<meta property=\"og:type\" content=\"article\" \/>\n\t\t<meta property=\"og:title\" content=\"Cela\u00e1: \u00abLas familias quieren llevar a sus hijos al colegio\u00bb | El Digital de Asturias\" \/>\n\t\t<meta property=\"og:description\" content=\"(EUROPA PRESS) - La ministra de Educaci\u00f3n y Formaci\u00f3n Profesional, Isabel Cela\u00e1, ha manifestado este lunes que &quot;no tiene ninguna importancia&quot; retrasar unos d\u00edas el inicio del colegio en algunos municipios debido a un importante n\u00famero de casos de coronavirus entre sus habitantes. En declaraciones a Canal Sur Radio, recogidas por Europa Press, Cela\u00e1 ha sido\" \/>\n\t\t<meta property=\"og:url\" content=\"https:\/\/eldigitaldeasturias.com\/radio\/celaa-las-familias-quieren-llevar-a-sus-hijos-al-colegio\/\" \/>\n\t\t<meta property=\"og:image\" content=\"https:\/\/eldigitaldeasturias.com\/radio\/wp-content\/uploads\/2020\/09\/board-1666644_640.jpg\" \/>\n\t\t<meta property=\"og:image:secure_url\" content=\"https:\/\/eldigitaldeasturias.com\/radio\/wp-content\/uploads\/2020\/09\/board-1666644_640.jpg\" \/>\n\t\t<meta property=\"og:image:width\" content=\"640\" \/>\n\t\t<meta property=\"og:image:height\" content=\"426\" \/>\n\t\t<meta property=\"article:published_time\" content=\"2020-09-08T11:01:34+00:00\" \/>\n\t\t<meta property=\"article:modified_time\" content=\"2020-09-08T11:01:34+00:00\" \/>\n\t\t<meta name=\"twitter:card\" content=\"summary_large_image\" \/>\n\t\t<meta name=\"twitter:site\" content=\"@bercodi\" \/>\n\t\t<meta name=\"twitter:title\" content=\"Cela\u00e1: \u00abLas familias quieren llevar a sus hijos al colegio\u00bb | El Digital de Asturias\" \/>\n\t\t<meta name=\"twitter:description\" content=\"(EUROPA PRESS) - La ministra de Educaci\u00f3n y Formaci\u00f3n Profesional, Isabel Cela\u00e1, ha manifestado este lunes que &quot;no tiene ninguna importancia&quot; retrasar unos d\u00edas el inicio del colegio en algunos municipios debido a un importante n\u00famero de casos de coronavirus entre sus habitantes. En declaraciones a Canal Sur Radio, recogidas por Europa Press, Cela\u00e1 ha sido\" \/>\n\t\t<meta name=\"twitter:creator\" content=\"@bercodi\" \/>\n\t\t<meta name=\"twitter:image\" content=\"https:\/\/eldigitaldeasturias.com\/radio\/wp-content\/uploads\/2020\/09\/board-1666644_640.jpg\" \/>\n\t\t<script type=\"application\/ld+json\" class=\"aioseo-schema\">\n\t\t\t{\"@context\":\"https:\\\/\\\/schema.org\",\"@graph\":[{\"@type\":\"BreadcrumbList\",\"@id\":\"https:\\\/\\\/eldigitaldeasturias.com\\\/radio\\\/celaa-las-familias-quieren-llevar-a-sus-hijos-al-colegio\\\/#breadcrumblist\",\"itemListElement\":[{\"@type\":\"ListItem\",\"@id\":\"https:\\\/\\\/eldigitaldeasturias.com\\\/radio#listItem\",\"position\":1,\"name\":\"Inicio\",\"item\":\"https:\\\/\\\/eldigitaldeasturias.com\\\/radio\",\"nextItem\":{\"@type\":\"ListItem\",\"@id\":\"https:\\\/\\\/eldigitaldeasturias.com\\\/radio\\\/category\\\/noticias\\\/#listItem\",\"name\":\"Noticias\"}},{\"@type\":\"ListItem\",\"@id\":\"https:\\\/\\\/eldigitaldeasturias.com\\\/radio\\\/category\\\/noticias\\\/#listItem\",\"position\":2,\"name\":\"Noticias\",\"item\":\"https:\\\/\\\/eldigitaldeasturias.com\\\/radio\\\/category\\\/noticias\\\/\",\"nextItem\":{\"@type\":\"ListItem\",\"@id\":\"https:\\\/\\\/eldigitaldeasturias.com\\\/radio\\\/celaa-las-familias-quieren-llevar-a-sus-hijos-al-colegio\\\/#listItem\",\"name\":\"Cela\\u00e1: \\u00abLas familias quieren llevar a sus hijos al colegio\\u00bb\"},\"previousItem\":{\"@type\":\"ListItem\",\"@id\":\"https:\\\/\\\/eldigitaldeasturias.com\\\/radio#listItem\",\"name\":\"Inicio\"}},{\"@type\":\"ListItem\",\"@id\":\"https:\\\/\\\/eldigitaldeasturias.com\\\/radio\\\/celaa-las-familias-quieren-llevar-a-sus-hijos-al-colegio\\\/#listItem\",\"position\":3,\"name\":\"Cela\\u00e1: \\u00abLas familias quieren llevar a sus hijos al colegio\\u00bb\",\"previousItem\":{\"@type\":\"ListItem\",\"@id\":\"https:\\\/\\\/eldigitaldeasturias.com\\\/radio\\\/category\\\/noticias\\\/#listItem\",\"name\":\"Noticias\"}}]},{\"@type\":\"NewsArticle\",\"@id\":\"https:\\\/\\\/eldigitaldeasturias.com\\\/radio\\\/celaa-las-familias-quieren-llevar-a-sus-hijos-al-colegio\\\/#newsarticle\",\"name\":\"Cela\\u00e1: \\u00abLas familias quieren llevar a sus hijos al colegio\\u00bb | El Digital de Asturias\",\"headline\":\"Cela\\u00e1: \\u00abLas familias quieren llevar a sus hijos al colegio\\u00bb\",\"author\":{\"@id\":\"https:\\\/\\\/eldigitaldeasturias.com\\\/radio\\\/author\\\/nbasturias\\\/#author\"},\"publisher\":{\"@id\":\"https:\\\/\\\/eldigitaldeasturias.com\\\/radio\\\/#organization\"},\"image\":{\"@type\":\"ImageObject\",\"url\":\"https:\\\/\\\/eldigitaldeasturias.com\\\/radio\\\/wp-content\\\/uploads\\\/2020\\\/09\\\/board-1666644_640.jpg\",\"width\":640,\"height\":426},\"datePublished\":\"2020-09-08T11:01:34+02:00\",\"dateModified\":\"2020-09-08T11:01:34+02:00\",\"inLanguage\":\"es-ES\",\"mainEntityOfPage\":{\"@id\":\"https:\\\/\\\/eldigitaldeasturias.com\\\/radio\\\/celaa-las-familias-quieren-llevar-a-sus-hijos-al-colegio\\\/#webpage\"},\"isPartOf\":{\"@id\":\"https:\\\/\\\/eldigitaldeasturias.com\\\/radio\\\/celaa-las-familias-quieren-llevar-a-sus-hijos-al-colegio\\\/#webpage\"},\"articleSection\":\"Noticias\",\"dateline\":\"Publicado el septiembre 8, 2020.\"},{\"@type\":\"Organization\",\"@id\":\"https:\\\/\\\/eldigitaldeasturias.com\\\/radio\\\/#organization\",\"name\":\"El digital de Asturias Radio\",\"description\":\"Diario de informaci\\u00f3n y noticias\",\"url\":\"https:\\\/\\\/eldigitaldeasturias.com\\\/radio\\\/\",\"telephone\":\"+34652131393\",\"logo\":{\"@type\":\"ImageObject\",\"url\":\"https:\\\/\\\/www.eldigitaldeasturias.com\\\/radio\\\/wp-content\\\/uploads\\\/2021\\\/03\\\/EDA.jpg\",\"@id\":\"https:\\\/\\\/eldigitaldeasturias.com\\\/radio\\\/celaa-las-familias-quieren-llevar-a-sus-hijos-al-colegio\\\/#organizationLogo\"},\"image\":{\"@id\":\"https:\\\/\\\/eldigitaldeasturias.com\\\/radio\\\/celaa-las-familias-quieren-llevar-a-sus-hijos-al-colegio\\\/#organizationLogo\"},\"sameAs\":[\"https:\\\/\\\/www.facebook.com\\\/\",\"https:\\\/\\\/x.com\\\/bercodi\",\"https:\\\/\\\/www.instagram.com\\\/\",\"https:\\\/\\\/www.youtube.com\\\/channel\\\/UCZP-2wLEB9Rv6erhFmqVnvg\"]},{\"@type\":\"Person\",\"@id\":\"https:\\\/\\\/eldigitaldeasturias.com\\\/radio\\\/author\\\/nbasturias\\\/#author\",\"url\":\"https:\\\/\\\/eldigitaldeasturias.com\\\/radio\\\/author\\\/nbasturias\\\/\",\"name\":\"NBAsturias\",\"image\":{\"@type\":\"ImageObject\",\"@id\":\"https:\\\/\\\/eldigitaldeasturias.com\\\/radio\\\/celaa-las-familias-quieren-llevar-a-sus-hijos-al-colegio\\\/#authorImage\",\"url\":\"https:\\\/\\\/secure.gravatar.com\\\/avatar\\\/df2aeffc32bcd13f8d26072ef8a91b623d677766deac7f97ca815868cd41bf5e?s=96&d=mm&r=g\",\"width\":96,\"height\":96,\"caption\":\"NBAsturias\"}},{\"@type\":\"WebPage\",\"@id\":\"https:\\\/\\\/eldigitaldeasturias.com\\\/radio\\\/celaa-las-familias-quieren-llevar-a-sus-hijos-al-colegio\\\/#webpage\",\"url\":\"https:\\\/\\\/eldigitaldeasturias.com\\\/radio\\\/celaa-las-familias-quieren-llevar-a-sus-hijos-al-colegio\\\/\",\"name\":\"Cela\\u00e1: \\u00abLas familias quieren llevar a sus hijos al colegio\\u00bb | El Digital de Asturias\",\"description\":\"(EUROPA PRESS) - La ministra de Educaci\\u00f3n y Formaci\\u00f3n Profesional, Isabel Cela\\u00e1, ha manifestado este lunes que \\\"no tiene ninguna importancia\\\" retrasar unos d\\u00edas el inicio del colegio en algunos municipios debido a un importante n\\u00famero de casos de coronavirus entre sus habitantes. En declaraciones a Canal Sur Radio, recogidas por Europa Press, Cela\\u00e1 ha sido\",\"inLanguage\":\"es-ES\",\"isPartOf\":{\"@id\":\"https:\\\/\\\/eldigitaldeasturias.com\\\/radio\\\/#website\"},\"breadcrumb\":{\"@id\":\"https:\\\/\\\/eldigitaldeasturias.com\\\/radio\\\/celaa-las-familias-quieren-llevar-a-sus-hijos-al-colegio\\\/#breadcrumblist\"},\"author\":{\"@id\":\"https:\\\/\\\/eldigitaldeasturias.com\\\/radio\\\/author\\\/nbasturias\\\/#author\"},\"creator\":{\"@id\":\"https:\\\/\\\/eldigitaldeasturias.com\\\/radio\\\/author\\\/nbasturias\\\/#author\"},\"image\":{\"@type\":\"ImageObject\",\"url\":\"https:\\\/\\\/eldigitaldeasturias.com\\\/radio\\\/wp-content\\\/uploads\\\/2020\\\/09\\\/board-1666644_640.jpg\",\"@id\":\"https:\\\/\\\/eldigitaldeasturias.com\\\/radio\\\/celaa-las-familias-quieren-llevar-a-sus-hijos-al-colegio\\\/#mainImage\",\"width\":640,\"height\":426},\"primaryImageOfPage\":{\"@id\":\"https:\\\/\\\/eldigitaldeasturias.com\\\/radio\\\/celaa-las-familias-quieren-llevar-a-sus-hijos-al-colegio\\\/#mainImage\"},\"datePublished\":\"2020-09-08T11:01:34+02:00\",\"dateModified\":\"2020-09-08T11:01:34+02:00\"},{\"@type\":\"WebSite\",\"@id\":\"https:\\\/\\\/eldigitaldeasturias.com\\\/radio\\\/#website\",\"url\":\"https:\\\/\\\/eldigitaldeasturias.com\\\/radio\\\/\",\"name\":\"El Digital de Asturias\",\"description\":\"Diario de informaci\\u00f3n y noticias\",\"inLanguage\":\"es-ES\",\"publisher\":{\"@id\":\"https:\\\/\\\/eldigitaldeasturias.com\\\/radio\\\/#organization\"}}]}\n\t\t<\/script>\n\t\t<!-- All in One SEO Pro -->\r\n\t\t<title>Cela\u00e1: \u00abLas familias quieren llevar a sus hijos al colegio\u00bb | El Digital de Asturias<\/title>\n\n","aioseo_head_json":{"title":"Cela\u00e1: \u00abLas familias quieren llevar a sus hijos al colegio\u00bb | El Digital de Asturias","description":"(EUROPA PRESS) - La ministra de Educaci\u00f3n y Formaci\u00f3n Profesional, Isabel Cela\u00e1, ha manifestado este lunes que \"no tiene ninguna importancia\" retrasar unos d\u00edas el inicio del colegio en algunos municipios debido a un importante n\u00famero de casos de coronavirus entre sus habitantes. En declaraciones a Canal Sur Radio, recogidas por Europa Press, Cela\u00e1 ha sido","canonical_url":"https:\/\/eldigitaldeasturias.com\/radio\/celaa-las-familias-quieren-llevar-a-sus-hijos-al-colegio\/","robots":"max-image-preview:large","keywords":"noticias","webmasterTools":{"google-site-verification":"UA-38556648-1","miscellaneous":""},"schema":{"@context":"https:\/\/schema.org","@graph":[{"@type":"BreadcrumbList","@id":"https:\/\/eldigitaldeasturias.com\/radio\/celaa-las-familias-quieren-llevar-a-sus-hijos-al-colegio\/#breadcrumblist","itemListElement":[{"@type":"ListItem","@id":"https:\/\/eldigitaldeasturias.com\/radio#listItem","position":1,"name":"Inicio","item":"https:\/\/eldigitaldeasturias.com\/radio","nextItem":{"@type":"ListItem","@id":"https:\/\/eldigitaldeasturias.com\/radio\/category\/noticias\/#listItem","name":"Noticias"}},{"@type":"ListItem","@id":"https:\/\/eldigitaldeasturias.com\/radio\/category\/noticias\/#listItem","position":2,"name":"Noticias","item":"https:\/\/eldigitaldeasturias.com\/radio\/category\/noticias\/","nextItem":{"@type":"ListItem","@id":"https:\/\/eldigitaldeasturias.com\/radio\/celaa-las-familias-quieren-llevar-a-sus-hijos-al-colegio\/#listItem","name":"Cela\u00e1: \u00abLas familias quieren llevar a sus hijos al colegio\u00bb"},"previousItem":{"@type":"ListItem","@id":"https:\/\/eldigitaldeasturias.com\/radio#listItem","name":"Inicio"}},{"@type":"ListItem","@id":"https:\/\/eldigitaldeasturias.com\/radio\/celaa-las-familias-quieren-llevar-a-sus-hijos-al-colegio\/#listItem","position":3,"name":"Cela\u00e1: \u00abLas familias quieren llevar a sus hijos al colegio\u00bb","previousItem":{"@type":"ListItem","@id":"https:\/\/eldigitaldeasturias.com\/radio\/category\/noticias\/#listItem","name":"Noticias"}}]},{"@type":"NewsArticle","@id":"https:\/\/eldigitaldeasturias.com\/radio\/celaa-las-familias-quieren-llevar-a-sus-hijos-al-colegio\/#newsarticle","name":"Cela\u00e1: \u00abLas familias quieren llevar a sus hijos al colegio\u00bb | El Digital de Asturias","headline":"Cela\u00e1: \u00abLas familias quieren llevar a sus hijos al colegio\u00bb","author":{"@id":"https:\/\/eldigitaldeasturias.com\/radio\/author\/nbasturias\/#author"},"publisher":{"@id":"https:\/\/eldigitaldeasturias.com\/radio\/#organization"},"image":{"@type":"ImageObject","url":"https:\/\/eldigitaldeasturias.com\/radio\/wp-content\/uploads\/2020\/09\/board-1666644_640.jpg","width":640,"height":426},"datePublished":"2020-09-08T11:01:34+02:00","dateModified":"2020-09-08T11:01:34+02:00","inLanguage":"es-ES","mainEntityOfPage":{"@id":"https:\/\/eldigitaldeasturias.com\/radio\/celaa-las-familias-quieren-llevar-a-sus-hijos-al-colegio\/#webpage"},"isPartOf":{"@id":"https:\/\/eldigitaldeasturias.com\/radio\/celaa-las-familias-quieren-llevar-a-sus-hijos-al-colegio\/#webpage"},"articleSection":"Noticias","dateline":"Publicado el septiembre 8, 2020."},{"@type":"Organization","@id":"https:\/\/eldigitaldeasturias.com\/radio\/#organization","name":"El digital de Asturias Radio","description":"Diario de informaci\u00f3n y noticias","url":"https:\/\/eldigitaldeasturias.com\/radio\/","telephone":"+34652131393","logo":{"@type":"ImageObject","url":"https:\/\/www.eldigitaldeasturias.com\/radio\/wp-content\/uploads\/2021\/03\/EDA.jpg","@id":"https:\/\/eldigitaldeasturias.com\/radio\/celaa-las-familias-quieren-llevar-a-sus-hijos-al-colegio\/#organizationLogo"},"image":{"@id":"https:\/\/eldigitaldeasturias.com\/radio\/celaa-las-familias-quieren-llevar-a-sus-hijos-al-colegio\/#organizationLogo"},"sameAs":["https:\/\/www.facebook.com\/","https:\/\/x.com\/bercodi","https:\/\/www.instagram.com\/","https:\/\/www.youtube.com\/channel\/UCZP-2wLEB9Rv6erhFmqVnvg"]},{"@type":"Person","@id":"https:\/\/eldigitaldeasturias.com\/radio\/author\/nbasturias\/#author","url":"https:\/\/eldigitaldeasturias.com\/radio\/author\/nbasturias\/","name":"NBAsturias","image":{"@type":"ImageObject","@id":"https:\/\/eldigitaldeasturias.com\/radio\/celaa-las-familias-quieren-llevar-a-sus-hijos-al-colegio\/#authorImage","url":"https:\/\/secure.gravatar.com\/avatar\/df2aeffc32bcd13f8d26072ef8a91b623d677766deac7f97ca815868cd41bf5e?s=96&d=mm&r=g","width":96,"height":96,"caption":"NBAsturias"}},{"@type":"WebPage","@id":"https:\/\/eldigitaldeasturias.com\/radio\/celaa-las-familias-quieren-llevar-a-sus-hijos-al-colegio\/#webpage","url":"https:\/\/eldigitaldeasturias.com\/radio\/celaa-las-familias-quieren-llevar-a-sus-hijos-al-colegio\/","name":"Cela\u00e1: \u00abLas familias quieren llevar a sus hijos al colegio\u00bb | El Digital de Asturias","description":"(EUROPA PRESS) - La ministra de Educaci\u00f3n y Formaci\u00f3n Profesional, Isabel Cela\u00e1, ha manifestado este lunes que \"no tiene ninguna importancia\" retrasar unos d\u00edas el inicio del colegio en algunos municipios debido a un importante n\u00famero de casos de coronavirus entre sus habitantes. En declaraciones a Canal Sur Radio, recogidas por Europa Press, Cela\u00e1 ha sido","inLanguage":"es-ES","isPartOf":{"@id":"https:\/\/eldigitaldeasturias.com\/radio\/#website"},"breadcrumb":{"@id":"https:\/\/eldigitaldeasturias.com\/radio\/celaa-las-familias-quieren-llevar-a-sus-hijos-al-colegio\/#breadcrumblist"},"author":{"@id":"https:\/\/eldigitaldeasturias.com\/radio\/author\/nbasturias\/#author"},"creator":{"@id":"https:\/\/eldigitaldeasturias.com\/radio\/author\/nbasturias\/#author"},"image":{"@type":"ImageObject","url":"https:\/\/eldigitaldeasturias.com\/radio\/wp-content\/uploads\/2020\/09\/board-1666644_640.jpg","@id":"https:\/\/eldigitaldeasturias.com\/radio\/celaa-las-familias-quieren-llevar-a-sus-hijos-al-colegio\/#mainImage","width":640,"height":426},"primaryImageOfPage":{"@id":"https:\/\/eldigitaldeasturias.com\/radio\/celaa-las-familias-quieren-llevar-a-sus-hijos-al-colegio\/#mainImage"},"datePublished":"2020-09-08T11:01:34+02:00","dateModified":"2020-09-08T11:01:34+02:00"},{"@type":"WebSite","@id":"https:\/\/eldigitaldeasturias.com\/radio\/#website","url":"https:\/\/eldigitaldeasturias.com\/radio\/","name":"El Digital de Asturias","description":"Diario de informaci\u00f3n y noticias","inLanguage":"es-ES","publisher":{"@id":"https:\/\/eldigitaldeasturias.com\/radio\/#organization"}}]},"og:locale":"es_ES","og:site_name":"El Digital de Asturias | Diario de informaci\u00f3n y noticias","og:type":"article","og:title":"Cela\u00e1: \u00abLas familias quieren llevar a sus hijos al colegio\u00bb | El Digital de Asturias","og:description":"(EUROPA PRESS) - La ministra de Educaci\u00f3n y Formaci\u00f3n Profesional, Isabel Cela\u00e1, ha manifestado este lunes que &quot;no tiene ninguna importancia&quot; retrasar unos d\u00edas el inicio del colegio en algunos municipios debido a un importante n\u00famero de casos de coronavirus entre sus habitantes. En declaraciones a Canal Sur Radio, recogidas por Europa Press, Cela\u00e1 ha sido","og:url":"https:\/\/eldigitaldeasturias.com\/radio\/celaa-las-familias-quieren-llevar-a-sus-hijos-al-colegio\/","og:image":"https:\/\/eldigitaldeasturias.com\/radio\/wp-content\/uploads\/2020\/09\/board-1666644_640.jpg","og:image:secure_url":"https:\/\/eldigitaldeasturias.com\/radio\/wp-content\/uploads\/2020\/09\/board-1666644_640.jpg","og:image:width":640,"og:image:height":426,"article:published_time":"2020-09-08T11:01:34+00:00","article:modified_time":"2020-09-08T11:01:34+00:00","twitter:card":"summary_large_image","twitter:site":"@bercodi","twitter:title":"Cela\u00e1: \u00abLas familias quieren llevar a sus hijos al colegio\u00bb | El Digital de Asturias","twitter:description":"(EUROPA PRESS) - La ministra de Educaci\u00f3n y Formaci\u00f3n Profesional, Isabel Cela\u00e1, ha manifestado este lunes que &quot;no tiene ninguna importancia&quot; retrasar unos d\u00edas el inicio del colegio en algunos municipios debido a un importante n\u00famero de casos de coronavirus entre sus habitantes. En declaraciones a Canal Sur Radio, recogidas por Europa Press, Cela\u00e1 ha sido","twitter:creator":"@bercodi","twitter:image":"https:\/\/eldigitaldeasturias.com\/radio\/wp-content\/uploads\/2020\/09\/board-1666644_640.jpg"},"aioseo_meta_data":{"post_id":"5093","title":null,"description":"","keywords":"","keyphrases":null,"primary_term":null,"canonical_url":"","og_title":null,"og_description":null,"og_object_type":"default","og_image_type":"default","og_image_url":null,"og_image_width":null,"og_image_height":null,"og_image_custom_url":null,"og_image_custom_fields":null,"og_video":null,"og_custom_url":null,"og_article_section":null,"og_article_tags":null,"twitter_use_og":false,"twitter_card":"default","twitter_image_type":"default","twitter_image_url":null,"twitter_image_custom_url":null,"twitter_image_custom_fields":null,"twitter_title":null,"twitter_description":null,"schema":{"blockGraphs":[],"customGraphs":[],"default":{"data":{"Article":[],"Course":[],"Dataset":[],"FAQPage":[],"Movie":[],"Person":[],"Product":[],"ProductReview":[],"Car":[],"Recipe":[],"Service":[],"SoftwareApplication":[],"WebPage":[]},"graphName":"","isEnabled":true},"graphs":[],"defaultGraph":"","defaultPostTypeGraph":""},"schema_type":null,"schema_type_options":null,"pillar_content":false,"robots_default":true,"robots_noindex":false,"robots_noarchive":false,"robots_nosnippet":false,"robots_nofollow":false,"robots_noimageindex":false,"robots_noodp":false,"robots_notranslate":false,"robots_max_snippet":null,"robots_max_videopreview":null,"robots_max_imagepreview":"large","priority":null,"frequency":null,"location":null,"local_seo":null,"seo_analyzer_scan_date":"2025-08-28 17:18:40","breadcrumb_settings":null,"limit_modified_date":false,"open_ai":null,"ai":null,"created":"2021-03-25 13:28:46","updated":"2025-08-28 17:18:40"},"aioseo_breadcrumb":"<div class=\"aioseo-breadcrumbs\"><span class=\"aioseo-breadcrumb\">\n\t<a href=\"https:\/\/eldigitaldeasturias.com\/radio\" title=\"Inicio\">Inicio<\/a>\n<\/span><span class=\"aioseo-breadcrumb-separator\">&ndash;<\/span><span class=\"aioseo-breadcrumb\">\n\t<a href=\"https:\/\/eldigitaldeasturias.com\/radio\/category\/noticias\/\" title=\"Noticias\">Noticias<\/a>\n<\/span><span class=\"aioseo-breadcrumb-separator\">&ndash;<\/span><span class=\"aioseo-breadcrumb\">\n\tCela\u00e1: \u00abLas familias quieren llevar a sus hijos al colegio\u00bb\n<\/span><\/div>","aioseo_breadcrumb_json":[{"label":"Inicio","link":"https:\/\/eldigitaldeasturias.com\/radio"},{"label":"Noticias","link":"https:\/\/eldigitaldeasturias.com\/radio\/category\/noticias\/"},{"label":"Cela\u00e1: \u00abLas familias quieren llevar a sus hijos al colegio\u00bb","link":"https:\/\/eldigitaldeasturias.com\/radio\/celaa-las-familias-quieren-llevar-a-sus-hijos-al-colegio\/"}],"_links":{"self":[{"href":"https:\/\/eldigitaldeasturias.com\/radio\/wp-json\/wp\/v2\/posts\/5093","targetHints":{"allow":["GET"]}}],"collection":[{"href":"https:\/\/eldigitaldeasturias.com\/radio\/wp-json\/wp\/v2\/posts"}],"about":[{"href":"https:\/\/eldigitaldeasturias.com\/radio\/wp-json\/wp\/v2\/types\/post"}],"author":[{"embeddable":true,"href":"https:\/\/eldigitaldeasturias.com\/radio\/wp-json\/wp\/v2\/users\/1"}],"replies":[{"embeddable":true,"href":"https:\/\/eldigitaldeasturias.com\/radio\/wp-json\/wp\/v2\/comments?post=5093"}],"version-history":[{"count":0,"href":"https:\/\/eldigitaldeasturias.com\/radio\/wp-json\/wp\/v2\/posts\/5093\/revisions"}],"wp:featuredmedia":[{"embeddable":true,"href":"https:\/\/eldigitaldeasturias.com\/radio\/wp-json\/wp\/v2\/media\/5094"}],"wp:attachment":[{"href":"https:\/\/eldigitaldeasturias.com\/radio\/wp-json\/wp\/v2\/media?parent=5093"}],"wp:term":[{"taxonomy":"category","embeddable":true,"href":"https:\/\/eldigitaldeasturias.com\/radio\/wp-json\/wp\/v2\/categories?post=5093"},{"taxonomy":"post_tag","embeddable":true,"href":"https:\/\/eldigitaldeasturias.com\/radio\/wp-json\/wp\/v2\/tags?post=5093"}],"curies":[{"name":"wp","href":"https:\/\/api.w.org\/{rel}","templated":true}]}}