{"id":5088,"date":"2020-09-07T16:57:49","date_gmt":"2020-09-07T16:57:49","guid":{"rendered":"http:\/\/www.eldigitaldeasturias.com\/radio\/?p=5088"},"modified":"2020-09-08T00:42:15","modified_gmt":"2020-09-08T00:42:15","slug":"el-expresidente-keita-abandona-mali-rumbo-a-emiratos-arabes-unidos","status":"publish","type":"post","link":"https:\/\/eldigitaldeasturias.com\/radio\/el-expresidente-keita-abandona-mali-rumbo-a-emiratos-arabes-unidos\/","title":{"rendered":"El expresidente Keita abandona Mal\u00ed rumbo a Emiratos \u00c1rabes Unidos"},"content":{"rendered":"<p><img fetchpriority=\"high\" decoding=\"async\" class=\"alignleft size-medium wp-image-1352\" src=\"http:\/\/www.eldigitaldeasturias.com\/radio\/wp-content\/uploads\/2018\/10\/technology-785742_960_720-360x240.jpg\" alt=\"\" width=\"360\" height=\"240\" srcset=\"https:\/\/eldigitaldeasturias.com\/radio\/wp-content\/uploads\/2018\/10\/technology-785742_960_720-360x240.jpg 360w, https:\/\/eldigitaldeasturias.com\/radio\/wp-content\/uploads\/2018\/10\/technology-785742_960_720-768x512.jpg 768w, https:\/\/eldigitaldeasturias.com\/radio\/wp-content\/uploads\/2018\/10\/technology-785742_960_720.jpg 960w\" sizes=\"(max-width: 360px) 100vw, 360px\" \/>(Europa Press) &#8211;\u00a0El expresidente maliense Ibrahim Boubacar Keita, que dimiti\u00f3 tras el golpe militar desatado el 18 de agosto, ha abandonado Mal\u00ed este s\u00e1bado rumbo a Emiratos \u00c1rabes Unidos, d\u00edas despu\u00e9s de que se informase de su ingreso hospitalario, seg\u00fan fuentes citadas por la cadena RFI.<\/p>\n<p>La Comunidad Econ\u00f3mica de Estados del \u00c1frica Occidental (CEDEAO) y la junta militar que gobierna Mal\u00ed llevaban d\u00edas negociando la partida de Keita, a favor de la cual tambi\u00e9n se habr\u00eda pronunciado la misi\u00f3n de la ONU en el pa\u00eds africano.<\/p>\n<p>El acuerdo inicial entre las partes establec\u00eda que el dimitido mandatario deb\u00eda pasar al menos un mes de Bamako antes de viajar al extranjero, pero los plazos se habr\u00edan acelerado tras el ingreso de Keita en una cl\u00ednica de la capital maliense. La junta acept\u00f3 entonces la salida, aunque la condici\u00f3n a que el expresidente volviese en caso de ser requerido, seg\u00fan RFI.<\/p>\n<p>El acuerdo contemplaba que Keita, de 75 a\u00f1os, pudiese abandonar Mal\u00ed en un avi\u00f3n donde pod\u00eda ir acompa\u00f1ado de su mujer, su m\u00e9dico y otro familiar. La cadena francesa ha confirmado que dicho avi\u00f3n despeg\u00f3 en torno a las 20.30 del s\u00e1bado y Keita ser\u00e1 ingresado en el mismo hospital emirat\u00ed donde ya fue operado en junio.<\/p>\n<h3>NEGOCIACIONES DE TRANSICI\u00d3N<\/h3>\n<p>Entretanto, la junta militar, bautizada como el Consejo Nacional para la Salvaci\u00f3n del Pueblo (CNSP), inici\u00f3 el s\u00e1bado las reuniones para tratar de concretar el proceso de transici\u00f3n, sin la presencia del te\u00f3rico presidente del nuevo \u00f3rgano de gobierno, Assimi Goita.<\/p>\n<p>El vicepresidente de la junta, Malick Diaw, ha asegurado que la agenda de estos trabajos es \u00abclara y precisa\u00bb y pasa por avanzar hacia la \u00abreconstrucci\u00f3n del pa\u00eds\u00bb mientras se garantiza \u00abel proceso democr\u00e1tico\u00bb. \u00abEl tiempo apremia, hay que actuar r\u00e1pido\u00bb, ha defendido, seg\u00fan el portal &#8216;Maliactu&#8217;.<\/p>\n","protected":false},"excerpt":{"rendered":"<p>(Europa Press) &#8211;\u00a0El expresidente maliense Ibrahim Boubacar Keita, que dimiti\u00f3 tras el golpe militar desatado el 18 de agosto, ha abandonado Mal\u00ed este s\u00e1bado rumbo a Emiratos \u00c1rabes Unidos, d\u00edas despu\u00e9s de que se informase de su ingreso hospitalario, seg\u00fan fuentes citadas por la cadena RFI. La Comunidad Econ\u00f3mica de Estados del \u00c1frica Occidental (CEDEAO)<\/p>\n","protected":false},"author":1,"featured_media":1352,"comment_status":"closed","ping_status":"closed","sticky":false,"template":"","format":"standard","meta":{"footnotes":""},"categories":[1],"tags":[],"class_list":{"0":"post-5088","1":"post","2":"type-post","3":"status-publish","4":"format-standard","5":"has-post-thumbnail","7":"category-noticias"},"aioseo_notices":[],"aioseo_head":"\n\t\t<!-- All in One SEO Pro 4.9.6.2 - aioseo.com -->\n\t<meta name=\"description\" content=\"(Europa Press) - El expresidente maliense Ibrahim Boubacar Keita, que dimiti\u00f3 tras el golpe militar desatado el 18 de agosto, ha abandonado Mal\u00ed este s\u00e1bado rumbo a Emiratos \u00c1rabes Unidos, d\u00edas despu\u00e9s de que se informase de su ingreso hospitalario, seg\u00fan fuentes citadas por la cadena RFI. La Comunidad Econ\u00f3mica de Estados del \u00c1frica Occidental (CEDEAO)\" \/>\n\t<meta name=\"robots\" content=\"max-image-preview:large\" \/>\n\t<meta name=\"author\" content=\"NBAsturias\"\/>\n\t<meta name=\"google-site-verification\" content=\"UA-38556648-1\" \/>\n\t<meta name=\"keywords\" content=\"noticias\" \/>\n\t<link rel=\"canonical\" href=\"https:\/\/eldigitaldeasturias.com\/radio\/el-expresidente-keita-abandona-mali-rumbo-a-emiratos-arabes-unidos\/\" \/>\n\t<meta name=\"generator\" content=\"All in One SEO Pro (AIOSEO) 4.9.6.2\" \/>\n\t\t<meta property=\"og:locale\" content=\"es_ES\" \/>\n\t\t<meta property=\"og:site_name\" content=\"El Digital de Asturias | Diario de informaci\u00f3n y noticias\" \/>\n\t\t<meta property=\"og:type\" content=\"article\" \/>\n\t\t<meta property=\"og:title\" content=\"El expresidente Keita abandona Mal\u00ed rumbo a Emiratos \u00c1rabes Unidos | El Digital de Asturias\" \/>\n\t\t<meta property=\"og:description\" content=\"(Europa Press) - El expresidente maliense Ibrahim Boubacar Keita, que dimiti\u00f3 tras el golpe militar desatado el 18 de agosto, ha abandonado Mal\u00ed este s\u00e1bado rumbo a Emiratos \u00c1rabes Unidos, d\u00edas despu\u00e9s de que se informase de su ingreso hospitalario, seg\u00fan fuentes citadas por la cadena RFI. La Comunidad Econ\u00f3mica de Estados del \u00c1frica Occidental (CEDEAO)\" \/>\n\t\t<meta property=\"og:url\" content=\"https:\/\/eldigitaldeasturias.com\/radio\/el-expresidente-keita-abandona-mali-rumbo-a-emiratos-arabes-unidos\/\" \/>\n\t\t<meta property=\"og:image\" content=\"https:\/\/eldigitaldeasturias.com\/radio\/wp-content\/uploads\/2018\/10\/technology-785742_960_720.jpg\" \/>\n\t\t<meta property=\"og:image:secure_url\" content=\"https:\/\/eldigitaldeasturias.com\/radio\/wp-content\/uploads\/2018\/10\/technology-785742_960_720.jpg\" \/>\n\t\t<meta property=\"og:image:width\" content=\"960\" \/>\n\t\t<meta property=\"og:image:height\" content=\"640\" \/>\n\t\t<meta property=\"article:published_time\" content=\"2020-09-07T16:57:49+00:00\" \/>\n\t\t<meta property=\"article:modified_time\" content=\"2020-09-08T00:42:15+00:00\" \/>\n\t\t<meta name=\"twitter:card\" content=\"summary_large_image\" \/>\n\t\t<meta name=\"twitter:site\" content=\"@bercodi\" \/>\n\t\t<meta name=\"twitter:title\" content=\"El expresidente Keita abandona Mal\u00ed rumbo a Emiratos \u00c1rabes Unidos | El Digital de Asturias\" \/>\n\t\t<meta name=\"twitter:description\" content=\"(Europa Press) - El expresidente maliense Ibrahim Boubacar Keita, que dimiti\u00f3 tras el golpe militar desatado el 18 de agosto, ha abandonado Mal\u00ed este s\u00e1bado rumbo a Emiratos \u00c1rabes Unidos, d\u00edas despu\u00e9s de que se informase de su ingreso hospitalario, seg\u00fan fuentes citadas por la cadena RFI. La Comunidad Econ\u00f3mica de Estados del \u00c1frica Occidental (CEDEAO)\" \/>\n\t\t<meta name=\"twitter:creator\" content=\"@bercodi\" \/>\n\t\t<meta name=\"twitter:image\" content=\"https:\/\/eldigitaldeasturias.com\/radio\/wp-content\/uploads\/2018\/10\/technology-785742_960_720.jpg\" \/>\n\t\t<script type=\"application\/ld+json\" class=\"aioseo-schema\">\n\t\t\t{\"@context\":\"https:\\\/\\\/schema.org\",\"@graph\":[{\"@type\":\"BreadcrumbList\",\"@id\":\"https:\\\/\\\/eldigitaldeasturias.com\\\/radio\\\/el-expresidente-keita-abandona-mali-rumbo-a-emiratos-arabes-unidos\\\/#breadcrumblist\",\"itemListElement\":[{\"@type\":\"ListItem\",\"@id\":\"https:\\\/\\\/eldigitaldeasturias.com\\\/radio#listItem\",\"position\":1,\"name\":\"Inicio\",\"item\":\"https:\\\/\\\/eldigitaldeasturias.com\\\/radio\",\"nextItem\":{\"@type\":\"ListItem\",\"@id\":\"https:\\\/\\\/eldigitaldeasturias.com\\\/radio\\\/category\\\/noticias\\\/#listItem\",\"name\":\"Noticias\"}},{\"@type\":\"ListItem\",\"@id\":\"https:\\\/\\\/eldigitaldeasturias.com\\\/radio\\\/category\\\/noticias\\\/#listItem\",\"position\":2,\"name\":\"Noticias\",\"item\":\"https:\\\/\\\/eldigitaldeasturias.com\\\/radio\\\/category\\\/noticias\\\/\",\"nextItem\":{\"@type\":\"ListItem\",\"@id\":\"https:\\\/\\\/eldigitaldeasturias.com\\\/radio\\\/el-expresidente-keita-abandona-mali-rumbo-a-emiratos-arabes-unidos\\\/#listItem\",\"name\":\"El expresidente Keita abandona Mal\\u00ed rumbo a Emiratos \\u00c1rabes Unidos\"},\"previousItem\":{\"@type\":\"ListItem\",\"@id\":\"https:\\\/\\\/eldigitaldeasturias.com\\\/radio#listItem\",\"name\":\"Inicio\"}},{\"@type\":\"ListItem\",\"@id\":\"https:\\\/\\\/eldigitaldeasturias.com\\\/radio\\\/el-expresidente-keita-abandona-mali-rumbo-a-emiratos-arabes-unidos\\\/#listItem\",\"position\":3,\"name\":\"El expresidente Keita abandona Mal\\u00ed rumbo a Emiratos \\u00c1rabes Unidos\",\"previousItem\":{\"@type\":\"ListItem\",\"@id\":\"https:\\\/\\\/eldigitaldeasturias.com\\\/radio\\\/category\\\/noticias\\\/#listItem\",\"name\":\"Noticias\"}}]},{\"@type\":\"NewsArticle\",\"@id\":\"https:\\\/\\\/eldigitaldeasturias.com\\\/radio\\\/el-expresidente-keita-abandona-mali-rumbo-a-emiratos-arabes-unidos\\\/#newsarticle\",\"name\":\"El expresidente Keita abandona Mal\\u00ed rumbo a Emiratos \\u00c1rabes Unidos | El Digital de Asturias\",\"headline\":\"El expresidente Keita abandona Mal\\u00ed rumbo a Emiratos \\u00c1rabes Unidos\",\"author\":{\"@id\":\"https:\\\/\\\/eldigitaldeasturias.com\\\/radio\\\/author\\\/nbasturias\\\/#author\"},\"publisher\":{\"@id\":\"https:\\\/\\\/eldigitaldeasturias.com\\\/radio\\\/#organization\"},\"image\":{\"@type\":\"ImageObject\",\"url\":\"https:\\\/\\\/eldigitaldeasturias.com\\\/radio\\\/wp-content\\\/uploads\\\/2018\\\/10\\\/technology-785742_960_720.jpg\",\"width\":960,\"height\":640},\"datePublished\":\"2020-09-07T16:57:49+02:00\",\"dateModified\":\"2020-09-08T00:42:15+02:00\",\"inLanguage\":\"es-ES\",\"mainEntityOfPage\":{\"@id\":\"https:\\\/\\\/eldigitaldeasturias.com\\\/radio\\\/el-expresidente-keita-abandona-mali-rumbo-a-emiratos-arabes-unidos\\\/#webpage\"},\"isPartOf\":{\"@id\":\"https:\\\/\\\/eldigitaldeasturias.com\\\/radio\\\/el-expresidente-keita-abandona-mali-rumbo-a-emiratos-arabes-unidos\\\/#webpage\"},\"articleSection\":\"Noticias\",\"dateline\":\"Publicado el septiembre 7, 2020.\"},{\"@type\":\"Organization\",\"@id\":\"https:\\\/\\\/eldigitaldeasturias.com\\\/radio\\\/#organization\",\"name\":\"El digital de Asturias Radio\",\"description\":\"Diario de informaci\\u00f3n y noticias\",\"url\":\"https:\\\/\\\/eldigitaldeasturias.com\\\/radio\\\/\",\"telephone\":\"+34652131393\",\"logo\":{\"@type\":\"ImageObject\",\"url\":\"https:\\\/\\\/www.eldigitaldeasturias.com\\\/radio\\\/wp-content\\\/uploads\\\/2021\\\/03\\\/EDA.jpg\",\"@id\":\"https:\\\/\\\/eldigitaldeasturias.com\\\/radio\\\/el-expresidente-keita-abandona-mali-rumbo-a-emiratos-arabes-unidos\\\/#organizationLogo\"},\"image\":{\"@id\":\"https:\\\/\\\/eldigitaldeasturias.com\\\/radio\\\/el-expresidente-keita-abandona-mali-rumbo-a-emiratos-arabes-unidos\\\/#organizationLogo\"},\"sameAs\":[\"https:\\\/\\\/www.facebook.com\\\/\",\"https:\\\/\\\/x.com\\\/bercodi\",\"https:\\\/\\\/www.instagram.com\\\/\",\"https:\\\/\\\/www.youtube.com\\\/channel\\\/UCZP-2wLEB9Rv6erhFmqVnvg\"]},{\"@type\":\"Person\",\"@id\":\"https:\\\/\\\/eldigitaldeasturias.com\\\/radio\\\/author\\\/nbasturias\\\/#author\",\"url\":\"https:\\\/\\\/eldigitaldeasturias.com\\\/radio\\\/author\\\/nbasturias\\\/\",\"name\":\"NBAsturias\",\"image\":{\"@type\":\"ImageObject\",\"@id\":\"https:\\\/\\\/eldigitaldeasturias.com\\\/radio\\\/el-expresidente-keita-abandona-mali-rumbo-a-emiratos-arabes-unidos\\\/#authorImage\",\"url\":\"https:\\\/\\\/secure.gravatar.com\\\/avatar\\\/df2aeffc32bcd13f8d26072ef8a91b623d677766deac7f97ca815868cd41bf5e?s=96&d=mm&r=g\",\"width\":96,\"height\":96,\"caption\":\"NBAsturias\"}},{\"@type\":\"WebPage\",\"@id\":\"https:\\\/\\\/eldigitaldeasturias.com\\\/radio\\\/el-expresidente-keita-abandona-mali-rumbo-a-emiratos-arabes-unidos\\\/#webpage\",\"url\":\"https:\\\/\\\/eldigitaldeasturias.com\\\/radio\\\/el-expresidente-keita-abandona-mali-rumbo-a-emiratos-arabes-unidos\\\/\",\"name\":\"El expresidente Keita abandona Mal\\u00ed rumbo a Emiratos \\u00c1rabes Unidos | El Digital de Asturias\",\"description\":\"(Europa Press) - El expresidente maliense Ibrahim Boubacar Keita, que dimiti\\u00f3 tras el golpe militar desatado el 18 de agosto, ha abandonado Mal\\u00ed este s\\u00e1bado rumbo a Emiratos \\u00c1rabes Unidos, d\\u00edas despu\\u00e9s de que se informase de su ingreso hospitalario, seg\\u00fan fuentes citadas por la cadena RFI. La Comunidad Econ\\u00f3mica de Estados del \\u00c1frica Occidental (CEDEAO)\",\"inLanguage\":\"es-ES\",\"isPartOf\":{\"@id\":\"https:\\\/\\\/eldigitaldeasturias.com\\\/radio\\\/#website\"},\"breadcrumb\":{\"@id\":\"https:\\\/\\\/eldigitaldeasturias.com\\\/radio\\\/el-expresidente-keita-abandona-mali-rumbo-a-emiratos-arabes-unidos\\\/#breadcrumblist\"},\"author\":{\"@id\":\"https:\\\/\\\/eldigitaldeasturias.com\\\/radio\\\/author\\\/nbasturias\\\/#author\"},\"creator\":{\"@id\":\"https:\\\/\\\/eldigitaldeasturias.com\\\/radio\\\/author\\\/nbasturias\\\/#author\"},\"image\":{\"@type\":\"ImageObject\",\"url\":\"https:\\\/\\\/eldigitaldeasturias.com\\\/radio\\\/wp-content\\\/uploads\\\/2018\\\/10\\\/technology-785742_960_720.jpg\",\"@id\":\"https:\\\/\\\/eldigitaldeasturias.com\\\/radio\\\/el-expresidente-keita-abandona-mali-rumbo-a-emiratos-arabes-unidos\\\/#mainImage\",\"width\":960,\"height\":640},\"primaryImageOfPage\":{\"@id\":\"https:\\\/\\\/eldigitaldeasturias.com\\\/radio\\\/el-expresidente-keita-abandona-mali-rumbo-a-emiratos-arabes-unidos\\\/#mainImage\"},\"datePublished\":\"2020-09-07T16:57:49+02:00\",\"dateModified\":\"2020-09-08T00:42:15+02:00\"},{\"@type\":\"WebSite\",\"@id\":\"https:\\\/\\\/eldigitaldeasturias.com\\\/radio\\\/#website\",\"url\":\"https:\\\/\\\/eldigitaldeasturias.com\\\/radio\\\/\",\"name\":\"El Digital de Asturias\",\"description\":\"Diario de informaci\\u00f3n y noticias\",\"inLanguage\":\"es-ES\",\"publisher\":{\"@id\":\"https:\\\/\\\/eldigitaldeasturias.com\\\/radio\\\/#organization\"}}]}\n\t\t<\/script>\n\t\t<!-- All in One SEO Pro -->\r\n\t\t<title>El expresidente Keita abandona Mal\u00ed rumbo a Emiratos \u00c1rabes Unidos | El Digital de Asturias<\/title>\n\n","aioseo_head_json":{"title":"El expresidente Keita abandona Mal\u00ed rumbo a Emiratos \u00c1rabes Unidos | El Digital de Asturias","description":"(Europa Press) - El expresidente maliense Ibrahim Boubacar Keita, que dimiti\u00f3 tras el golpe militar desatado el 18 de agosto, ha abandonado Mal\u00ed este s\u00e1bado rumbo a Emiratos \u00c1rabes Unidos, d\u00edas despu\u00e9s de que se informase de su ingreso hospitalario, seg\u00fan fuentes citadas por la cadena RFI. La Comunidad Econ\u00f3mica de Estados del \u00c1frica Occidental (CEDEAO)","canonical_url":"https:\/\/eldigitaldeasturias.com\/radio\/el-expresidente-keita-abandona-mali-rumbo-a-emiratos-arabes-unidos\/","robots":"max-image-preview:large","keywords":"noticias","webmasterTools":{"google-site-verification":"UA-38556648-1","miscellaneous":""},"schema":{"@context":"https:\/\/schema.org","@graph":[{"@type":"BreadcrumbList","@id":"https:\/\/eldigitaldeasturias.com\/radio\/el-expresidente-keita-abandona-mali-rumbo-a-emiratos-arabes-unidos\/#breadcrumblist","itemListElement":[{"@type":"ListItem","@id":"https:\/\/eldigitaldeasturias.com\/radio#listItem","position":1,"name":"Inicio","item":"https:\/\/eldigitaldeasturias.com\/radio","nextItem":{"@type":"ListItem","@id":"https:\/\/eldigitaldeasturias.com\/radio\/category\/noticias\/#listItem","name":"Noticias"}},{"@type":"ListItem","@id":"https:\/\/eldigitaldeasturias.com\/radio\/category\/noticias\/#listItem","position":2,"name":"Noticias","item":"https:\/\/eldigitaldeasturias.com\/radio\/category\/noticias\/","nextItem":{"@type":"ListItem","@id":"https:\/\/eldigitaldeasturias.com\/radio\/el-expresidente-keita-abandona-mali-rumbo-a-emiratos-arabes-unidos\/#listItem","name":"El expresidente Keita abandona Mal\u00ed rumbo a Emiratos \u00c1rabes Unidos"},"previousItem":{"@type":"ListItem","@id":"https:\/\/eldigitaldeasturias.com\/radio#listItem","name":"Inicio"}},{"@type":"ListItem","@id":"https:\/\/eldigitaldeasturias.com\/radio\/el-expresidente-keita-abandona-mali-rumbo-a-emiratos-arabes-unidos\/#listItem","position":3,"name":"El expresidente Keita abandona Mal\u00ed rumbo a Emiratos \u00c1rabes Unidos","previousItem":{"@type":"ListItem","@id":"https:\/\/eldigitaldeasturias.com\/radio\/category\/noticias\/#listItem","name":"Noticias"}}]},{"@type":"NewsArticle","@id":"https:\/\/eldigitaldeasturias.com\/radio\/el-expresidente-keita-abandona-mali-rumbo-a-emiratos-arabes-unidos\/#newsarticle","name":"El expresidente Keita abandona Mal\u00ed rumbo a Emiratos \u00c1rabes Unidos | El Digital de Asturias","headline":"El expresidente Keita abandona Mal\u00ed rumbo a Emiratos \u00c1rabes Unidos","author":{"@id":"https:\/\/eldigitaldeasturias.com\/radio\/author\/nbasturias\/#author"},"publisher":{"@id":"https:\/\/eldigitaldeasturias.com\/radio\/#organization"},"image":{"@type":"ImageObject","url":"https:\/\/eldigitaldeasturias.com\/radio\/wp-content\/uploads\/2018\/10\/technology-785742_960_720.jpg","width":960,"height":640},"datePublished":"2020-09-07T16:57:49+02:00","dateModified":"2020-09-08T00:42:15+02:00","inLanguage":"es-ES","mainEntityOfPage":{"@id":"https:\/\/eldigitaldeasturias.com\/radio\/el-expresidente-keita-abandona-mali-rumbo-a-emiratos-arabes-unidos\/#webpage"},"isPartOf":{"@id":"https:\/\/eldigitaldeasturias.com\/radio\/el-expresidente-keita-abandona-mali-rumbo-a-emiratos-arabes-unidos\/#webpage"},"articleSection":"Noticias","dateline":"Publicado el septiembre 7, 2020."},{"@type":"Organization","@id":"https:\/\/eldigitaldeasturias.com\/radio\/#organization","name":"El digital de Asturias Radio","description":"Diario de informaci\u00f3n y noticias","url":"https:\/\/eldigitaldeasturias.com\/radio\/","telephone":"+34652131393","logo":{"@type":"ImageObject","url":"https:\/\/www.eldigitaldeasturias.com\/radio\/wp-content\/uploads\/2021\/03\/EDA.jpg","@id":"https:\/\/eldigitaldeasturias.com\/radio\/el-expresidente-keita-abandona-mali-rumbo-a-emiratos-arabes-unidos\/#organizationLogo"},"image":{"@id":"https:\/\/eldigitaldeasturias.com\/radio\/el-expresidente-keita-abandona-mali-rumbo-a-emiratos-arabes-unidos\/#organizationLogo"},"sameAs":["https:\/\/www.facebook.com\/","https:\/\/x.com\/bercodi","https:\/\/www.instagram.com\/","https:\/\/www.youtube.com\/channel\/UCZP-2wLEB9Rv6erhFmqVnvg"]},{"@type":"Person","@id":"https:\/\/eldigitaldeasturias.com\/radio\/author\/nbasturias\/#author","url":"https:\/\/eldigitaldeasturias.com\/radio\/author\/nbasturias\/","name":"NBAsturias","image":{"@type":"ImageObject","@id":"https:\/\/eldigitaldeasturias.com\/radio\/el-expresidente-keita-abandona-mali-rumbo-a-emiratos-arabes-unidos\/#authorImage","url":"https:\/\/secure.gravatar.com\/avatar\/df2aeffc32bcd13f8d26072ef8a91b623d677766deac7f97ca815868cd41bf5e?s=96&d=mm&r=g","width":96,"height":96,"caption":"NBAsturias"}},{"@type":"WebPage","@id":"https:\/\/eldigitaldeasturias.com\/radio\/el-expresidente-keita-abandona-mali-rumbo-a-emiratos-arabes-unidos\/#webpage","url":"https:\/\/eldigitaldeasturias.com\/radio\/el-expresidente-keita-abandona-mali-rumbo-a-emiratos-arabes-unidos\/","name":"El expresidente Keita abandona Mal\u00ed rumbo a Emiratos \u00c1rabes Unidos | El Digital de Asturias","description":"(Europa Press) - El expresidente maliense Ibrahim Boubacar Keita, que dimiti\u00f3 tras el golpe militar desatado el 18 de agosto, ha abandonado Mal\u00ed este s\u00e1bado rumbo a Emiratos \u00c1rabes Unidos, d\u00edas despu\u00e9s de que se informase de su ingreso hospitalario, seg\u00fan fuentes citadas por la cadena RFI. La Comunidad Econ\u00f3mica de Estados del \u00c1frica Occidental (CEDEAO)","inLanguage":"es-ES","isPartOf":{"@id":"https:\/\/eldigitaldeasturias.com\/radio\/#website"},"breadcrumb":{"@id":"https:\/\/eldigitaldeasturias.com\/radio\/el-expresidente-keita-abandona-mali-rumbo-a-emiratos-arabes-unidos\/#breadcrumblist"},"author":{"@id":"https:\/\/eldigitaldeasturias.com\/radio\/author\/nbasturias\/#author"},"creator":{"@id":"https:\/\/eldigitaldeasturias.com\/radio\/author\/nbasturias\/#author"},"image":{"@type":"ImageObject","url":"https:\/\/eldigitaldeasturias.com\/radio\/wp-content\/uploads\/2018\/10\/technology-785742_960_720.jpg","@id":"https:\/\/eldigitaldeasturias.com\/radio\/el-expresidente-keita-abandona-mali-rumbo-a-emiratos-arabes-unidos\/#mainImage","width":960,"height":640},"primaryImageOfPage":{"@id":"https:\/\/eldigitaldeasturias.com\/radio\/el-expresidente-keita-abandona-mali-rumbo-a-emiratos-arabes-unidos\/#mainImage"},"datePublished":"2020-09-07T16:57:49+02:00","dateModified":"2020-09-08T00:42:15+02:00"},{"@type":"WebSite","@id":"https:\/\/eldigitaldeasturias.com\/radio\/#website","url":"https:\/\/eldigitaldeasturias.com\/radio\/","name":"El Digital de Asturias","description":"Diario de informaci\u00f3n y noticias","inLanguage":"es-ES","publisher":{"@id":"https:\/\/eldigitaldeasturias.com\/radio\/#organization"}}]},"og:locale":"es_ES","og:site_name":"El Digital de Asturias | Diario de informaci\u00f3n y noticias","og:type":"article","og:title":"El expresidente Keita abandona Mal\u00ed rumbo a Emiratos \u00c1rabes Unidos | El Digital de Asturias","og:description":"(Europa Press) - El expresidente maliense Ibrahim Boubacar Keita, que dimiti\u00f3 tras el golpe militar desatado el 18 de agosto, ha abandonado Mal\u00ed este s\u00e1bado rumbo a Emiratos \u00c1rabes Unidos, d\u00edas despu\u00e9s de que se informase de su ingreso hospitalario, seg\u00fan fuentes citadas por la cadena RFI. La Comunidad Econ\u00f3mica de Estados del \u00c1frica Occidental (CEDEAO)","og:url":"https:\/\/eldigitaldeasturias.com\/radio\/el-expresidente-keita-abandona-mali-rumbo-a-emiratos-arabes-unidos\/","og:image":"https:\/\/eldigitaldeasturias.com\/radio\/wp-content\/uploads\/2018\/10\/technology-785742_960_720.jpg","og:image:secure_url":"https:\/\/eldigitaldeasturias.com\/radio\/wp-content\/uploads\/2018\/10\/technology-785742_960_720.jpg","og:image:width":960,"og:image:height":640,"article:published_time":"2020-09-07T16:57:49+00:00","article:modified_time":"2020-09-08T00:42:15+00:00","twitter:card":"summary_large_image","twitter:site":"@bercodi","twitter:title":"El expresidente Keita abandona Mal\u00ed rumbo a Emiratos \u00c1rabes Unidos | El Digital de Asturias","twitter:description":"(Europa Press) - El expresidente maliense Ibrahim Boubacar Keita, que dimiti\u00f3 tras el golpe militar desatado el 18 de agosto, ha abandonado Mal\u00ed este s\u00e1bado rumbo a Emiratos \u00c1rabes Unidos, d\u00edas despu\u00e9s de que se informase de su ingreso hospitalario, seg\u00fan fuentes citadas por la cadena RFI. La Comunidad Econ\u00f3mica de Estados del \u00c1frica Occidental (CEDEAO)","twitter:creator":"@bercodi","twitter:image":"https:\/\/eldigitaldeasturias.com\/radio\/wp-content\/uploads\/2018\/10\/technology-785742_960_720.jpg"},"aioseo_meta_data":{"post_id":"5088","title":null,"description":"","keywords":"","keyphrases":null,"primary_term":null,"canonical_url":"","og_title":null,"og_description":null,"og_object_type":"default","og_image_type":"default","og_image_url":null,"og_image_width":null,"og_image_height":null,"og_image_custom_url":null,"og_image_custom_fields":null,"og_video":null,"og_custom_url":null,"og_article_section":null,"og_article_tags":null,"twitter_use_og":false,"twitter_card":"default","twitter_image_type":"default","twitter_image_url":null,"twitter_image_custom_url":null,"twitter_image_custom_fields":null,"twitter_title":null,"twitter_description":null,"schema":{"blockGraphs":[],"customGraphs":[],"default":{"data":{"Article":[],"Course":[],"Dataset":[],"FAQPage":[],"Movie":[],"Person":[],"Product":[],"ProductReview":[],"Car":[],"Recipe":[],"Service":[],"SoftwareApplication":[],"WebPage":[]},"graphName":"","isEnabled":true},"graphs":[],"defaultGraph":"","defaultPostTypeGraph":""},"schema_type":null,"schema_type_options":null,"pillar_content":false,"robots_default":true,"robots_noindex":false,"robots_noarchive":false,"robots_nosnippet":false,"robots_nofollow":false,"robots_noimageindex":false,"robots_noodp":false,"robots_notranslate":false,"robots_max_snippet":null,"robots_max_videopreview":null,"robots_max_imagepreview":"large","priority":null,"frequency":null,"location":null,"local_seo":null,"seo_analyzer_scan_date":"2025-08-28 17:18:37","breadcrumb_settings":null,"limit_modified_date":false,"open_ai":null,"ai":null,"created":"2021-03-25 13:35:09","updated":"2025-08-28 17:18:37"},"aioseo_breadcrumb":"<div class=\"aioseo-breadcrumbs\"><span class=\"aioseo-breadcrumb\">\n\t<a href=\"https:\/\/eldigitaldeasturias.com\/radio\" title=\"Inicio\">Inicio<\/a>\n<\/span><span class=\"aioseo-breadcrumb-separator\">&ndash;<\/span><span class=\"aioseo-breadcrumb\">\n\t<a href=\"https:\/\/eldigitaldeasturias.com\/radio\/category\/noticias\/\" title=\"Noticias\">Noticias<\/a>\n<\/span><span class=\"aioseo-breadcrumb-separator\">&ndash;<\/span><span class=\"aioseo-breadcrumb\">\n\tEl expresidente Keita abandona Mal\u00ed rumbo a Emiratos \u00c1rabes Unidos\n<\/span><\/div>","aioseo_breadcrumb_json":[{"label":"Inicio","link":"https:\/\/eldigitaldeasturias.com\/radio"},{"label":"Noticias","link":"https:\/\/eldigitaldeasturias.com\/radio\/category\/noticias\/"},{"label":"El expresidente Keita abandona Mal\u00ed rumbo a Emiratos \u00c1rabes Unidos","link":"https:\/\/eldigitaldeasturias.com\/radio\/el-expresidente-keita-abandona-mali-rumbo-a-emiratos-arabes-unidos\/"}],"_links":{"self":[{"href":"https:\/\/eldigitaldeasturias.com\/radio\/wp-json\/wp\/v2\/posts\/5088","targetHints":{"allow":["GET"]}}],"collection":[{"href":"https:\/\/eldigitaldeasturias.com\/radio\/wp-json\/wp\/v2\/posts"}],"about":[{"href":"https:\/\/eldigitaldeasturias.com\/radio\/wp-json\/wp\/v2\/types\/post"}],"author":[{"embeddable":true,"href":"https:\/\/eldigitaldeasturias.com\/radio\/wp-json\/wp\/v2\/users\/1"}],"replies":[{"embeddable":true,"href":"https:\/\/eldigitaldeasturias.com\/radio\/wp-json\/wp\/v2\/comments?post=5088"}],"version-history":[{"count":0,"href":"https:\/\/eldigitaldeasturias.com\/radio\/wp-json\/wp\/v2\/posts\/5088\/revisions"}],"wp:featuredmedia":[{"embeddable":true,"href":"https:\/\/eldigitaldeasturias.com\/radio\/wp-json\/wp\/v2\/media\/1352"}],"wp:attachment":[{"href":"https:\/\/eldigitaldeasturias.com\/radio\/wp-json\/wp\/v2\/media?parent=5088"}],"wp:term":[{"taxonomy":"category","embeddable":true,"href":"https:\/\/eldigitaldeasturias.com\/radio\/wp-json\/wp\/v2\/categories?post=5088"},{"taxonomy":"post_tag","embeddable":true,"href":"https:\/\/eldigitaldeasturias.com\/radio\/wp-json\/wp\/v2\/tags?post=5088"}],"curies":[{"name":"wp","href":"https:\/\/api.w.org\/{rel}","templated":true}]}}