{"id":5084,"date":"2020-09-07T16:52:20","date_gmt":"2020-09-07T16:52:20","guid":{"rendered":"http:\/\/www.eldigitaldeasturias.com\/radio\/?p=5084"},"modified":"2020-09-07T16:52:20","modified_gmt":"2020-09-07T16:52:20","slug":"terremoto-en-la-costa-de-chile","status":"publish","type":"post","link":"https:\/\/eldigitaldeasturias.com\/radio\/terremoto-en-la-costa-de-chile\/","title":{"rendered":"Terremoto en la costa de Chile"},"content":{"rendered":"<p><img fetchpriority=\"high\" decoding=\"async\" class=\"alignleft size-medium wp-image-4972\" src=\"http:\/\/www.eldigitaldeasturias.com\/radio\/wp-content\/uploads\/2020\/08\/Noticias-Urgentes-360x225.jpg\" alt=\"\" width=\"360\" height=\"225\" srcset=\"https:\/\/eldigitaldeasturias.com\/radio\/wp-content\/uploads\/2020\/08\/Noticias-Urgentes-360x225.jpg 360w, https:\/\/eldigitaldeasturias.com\/radio\/wp-content\/uploads\/2020\/08\/Noticias-Urgentes.jpg 640w\" sizes=\"(max-width: 360px) 100vw, 360px\" \/>(Europa Press) &#8211;\u00a0Un terremoto de magnitud 6,3 en la escala de Richter ha sacudido este s\u00e1bado la costa de Chile, seg\u00fan ha informado el Centro Sismol\u00f3gico Nacional (CSN), sin que por el momento haya informaciones sobre v\u00edctimas o da\u00f1os.<\/p>\n<p>El organismo ha indicado que el sismo se ha registrado a las 21.16 horas, con una profundidad de 30 kil\u00f3metros y un epicentro de 12 kil\u00f3metros al sureste de Tongoy, en la regi\u00f3n chilena de Coquimbo.<\/p>\n<p>La Oficina Nacional de Emergencias del Ministerio del Interior ha catalogado el temblor de terremoto de intensidad media y ha asegurado que las caracter\u00edsticas indican que no se re\u00fanen las condiciones para que se genere un tsunami en las costas chilenas.<\/p>\n<p>Asimimo, ha trasladado que de momento no se han producido \u00abda\u00f1os a personas, alteraci\u00f3n a servicios o infraestructuras\u00bb.<\/p>\n","protected":false},"excerpt":{"rendered":"<p>(Europa Press) &#8211;\u00a0Un terremoto de magnitud 6,3 en la escala de Richter ha sacudido este s\u00e1bado la costa de Chile, seg\u00fan ha informado el Centro Sismol\u00f3gico Nacional (CSN), sin que por el momento haya informaciones sobre v\u00edctimas o da\u00f1os. El organismo ha indicado que el sismo se ha registrado a las 21.16 horas, con una<\/p>\n","protected":false},"author":1,"featured_media":4972,"comment_status":"closed","ping_status":"closed","sticky":false,"template":"","format":"standard","meta":{"footnotes":""},"categories":[1],"tags":[],"class_list":{"0":"post-5084","1":"post","2":"type-post","3":"status-publish","4":"format-standard","5":"has-post-thumbnail","7":"category-noticias"},"aioseo_notices":[],"aioseo_head":"\n\t\t<!-- All in One SEO Pro 4.9.6.2 - aioseo.com -->\n\t<meta name=\"description\" content=\"(Europa Press) - Un terremoto de magnitud 6,3 en la escala de Richter ha sacudido este s\u00e1bado la costa de Chile, seg\u00fan ha informado el Centro Sismol\u00f3gico Nacional (CSN), sin que por el momento haya informaciones sobre v\u00edctimas o da\u00f1os. El organismo ha indicado que el sismo se ha registrado a las 21.16 horas, con una\" \/>\n\t<meta name=\"robots\" content=\"max-image-preview:large\" \/>\n\t<meta name=\"author\" content=\"NBAsturias\"\/>\n\t<meta name=\"google-site-verification\" content=\"UA-38556648-1\" \/>\n\t<meta name=\"keywords\" content=\"noticias\" \/>\n\t<link rel=\"canonical\" href=\"https:\/\/eldigitaldeasturias.com\/radio\/terremoto-en-la-costa-de-chile\/\" \/>\n\t<meta name=\"generator\" content=\"All in One SEO Pro (AIOSEO) 4.9.6.2\" \/>\n\t\t<meta property=\"og:locale\" content=\"es_ES\" \/>\n\t\t<meta property=\"og:site_name\" content=\"El Digital de Asturias | Diario de informaci\u00f3n y noticias\" \/>\n\t\t<meta property=\"og:type\" content=\"article\" \/>\n\t\t<meta property=\"og:title\" content=\"Terremoto en la costa de Chile | El Digital de Asturias\" \/>\n\t\t<meta property=\"og:description\" content=\"(Europa Press) - Un terremoto de magnitud 6,3 en la escala de Richter ha sacudido este s\u00e1bado la costa de Chile, seg\u00fan ha informado el Centro Sismol\u00f3gico Nacional (CSN), sin que por el momento haya informaciones sobre v\u00edctimas o da\u00f1os. El organismo ha indicado que el sismo se ha registrado a las 21.16 horas, con una\" \/>\n\t\t<meta property=\"og:url\" content=\"https:\/\/eldigitaldeasturias.com\/radio\/terremoto-en-la-costa-de-chile\/\" \/>\n\t\t<meta property=\"og:image\" content=\"https:\/\/eldigitaldeasturias.com\/radio\/wp-content\/uploads\/2020\/08\/Noticias-Urgentes.jpg\" \/>\n\t\t<meta property=\"og:image:secure_url\" content=\"https:\/\/eldigitaldeasturias.com\/radio\/wp-content\/uploads\/2020\/08\/Noticias-Urgentes.jpg\" \/>\n\t\t<meta property=\"og:image:width\" content=\"640\" \/>\n\t\t<meta property=\"og:image:height\" content=\"400\" \/>\n\t\t<meta property=\"article:published_time\" content=\"2020-09-07T16:52:20+00:00\" \/>\n\t\t<meta property=\"article:modified_time\" content=\"2020-09-07T16:52:20+00:00\" \/>\n\t\t<meta name=\"twitter:card\" content=\"summary_large_image\" \/>\n\t\t<meta name=\"twitter:site\" content=\"@bercodi\" \/>\n\t\t<meta name=\"twitter:title\" content=\"Terremoto en la costa de Chile | El Digital de Asturias\" \/>\n\t\t<meta name=\"twitter:description\" content=\"(Europa Press) - Un terremoto de magnitud 6,3 en la escala de Richter ha sacudido este s\u00e1bado la costa de Chile, seg\u00fan ha informado el Centro Sismol\u00f3gico Nacional (CSN), sin que por el momento haya informaciones sobre v\u00edctimas o da\u00f1os. El organismo ha indicado que el sismo se ha registrado a las 21.16 horas, con una\" \/>\n\t\t<meta name=\"twitter:creator\" content=\"@bercodi\" \/>\n\t\t<meta name=\"twitter:image\" content=\"https:\/\/eldigitaldeasturias.com\/radio\/wp-content\/uploads\/2020\/08\/Noticias-Urgentes.jpg\" \/>\n\t\t<script type=\"application\/ld+json\" class=\"aioseo-schema\">\n\t\t\t{\"@context\":\"https:\\\/\\\/schema.org\",\"@graph\":[{\"@type\":\"BreadcrumbList\",\"@id\":\"https:\\\/\\\/eldigitaldeasturias.com\\\/radio\\\/terremoto-en-la-costa-de-chile\\\/#breadcrumblist\",\"itemListElement\":[{\"@type\":\"ListItem\",\"@id\":\"https:\\\/\\\/eldigitaldeasturias.com\\\/radio#listItem\",\"position\":1,\"name\":\"Inicio\",\"item\":\"https:\\\/\\\/eldigitaldeasturias.com\\\/radio\",\"nextItem\":{\"@type\":\"ListItem\",\"@id\":\"https:\\\/\\\/eldigitaldeasturias.com\\\/radio\\\/category\\\/noticias\\\/#listItem\",\"name\":\"Noticias\"}},{\"@type\":\"ListItem\",\"@id\":\"https:\\\/\\\/eldigitaldeasturias.com\\\/radio\\\/category\\\/noticias\\\/#listItem\",\"position\":2,\"name\":\"Noticias\",\"item\":\"https:\\\/\\\/eldigitaldeasturias.com\\\/radio\\\/category\\\/noticias\\\/\",\"nextItem\":{\"@type\":\"ListItem\",\"@id\":\"https:\\\/\\\/eldigitaldeasturias.com\\\/radio\\\/terremoto-en-la-costa-de-chile\\\/#listItem\",\"name\":\"Terremoto en la costa de Chile\"},\"previousItem\":{\"@type\":\"ListItem\",\"@id\":\"https:\\\/\\\/eldigitaldeasturias.com\\\/radio#listItem\",\"name\":\"Inicio\"}},{\"@type\":\"ListItem\",\"@id\":\"https:\\\/\\\/eldigitaldeasturias.com\\\/radio\\\/terremoto-en-la-costa-de-chile\\\/#listItem\",\"position\":3,\"name\":\"Terremoto en la costa de Chile\",\"previousItem\":{\"@type\":\"ListItem\",\"@id\":\"https:\\\/\\\/eldigitaldeasturias.com\\\/radio\\\/category\\\/noticias\\\/#listItem\",\"name\":\"Noticias\"}}]},{\"@type\":\"NewsArticle\",\"@id\":\"https:\\\/\\\/eldigitaldeasturias.com\\\/radio\\\/terremoto-en-la-costa-de-chile\\\/#newsarticle\",\"name\":\"Terremoto en la costa de Chile | El Digital de Asturias\",\"headline\":\"Terremoto en la costa de Chile\",\"author\":{\"@id\":\"https:\\\/\\\/eldigitaldeasturias.com\\\/radio\\\/author\\\/nbasturias\\\/#author\"},\"publisher\":{\"@id\":\"https:\\\/\\\/eldigitaldeasturias.com\\\/radio\\\/#organization\"},\"image\":{\"@type\":\"ImageObject\",\"url\":\"https:\\\/\\\/eldigitaldeasturias.com\\\/radio\\\/wp-content\\\/uploads\\\/2020\\\/08\\\/Noticias-Urgentes.jpg\",\"width\":640,\"height\":400},\"datePublished\":\"2020-09-07T16:52:20+02:00\",\"dateModified\":\"2020-09-07T16:52:20+02:00\",\"inLanguage\":\"es-ES\",\"mainEntityOfPage\":{\"@id\":\"https:\\\/\\\/eldigitaldeasturias.com\\\/radio\\\/terremoto-en-la-costa-de-chile\\\/#webpage\"},\"isPartOf\":{\"@id\":\"https:\\\/\\\/eldigitaldeasturias.com\\\/radio\\\/terremoto-en-la-costa-de-chile\\\/#webpage\"},\"articleSection\":\"Noticias\",\"dateline\":\"Publicado el septiembre 7, 2020.\"},{\"@type\":\"Organization\",\"@id\":\"https:\\\/\\\/eldigitaldeasturias.com\\\/radio\\\/#organization\",\"name\":\"El digital de Asturias Radio\",\"description\":\"Diario de informaci\\u00f3n y noticias\",\"url\":\"https:\\\/\\\/eldigitaldeasturias.com\\\/radio\\\/\",\"telephone\":\"+34652131393\",\"logo\":{\"@type\":\"ImageObject\",\"url\":\"https:\\\/\\\/www.eldigitaldeasturias.com\\\/radio\\\/wp-content\\\/uploads\\\/2021\\\/03\\\/EDA.jpg\",\"@id\":\"https:\\\/\\\/eldigitaldeasturias.com\\\/radio\\\/terremoto-en-la-costa-de-chile\\\/#organizationLogo\"},\"image\":{\"@id\":\"https:\\\/\\\/eldigitaldeasturias.com\\\/radio\\\/terremoto-en-la-costa-de-chile\\\/#organizationLogo\"},\"sameAs\":[\"https:\\\/\\\/www.facebook.com\\\/\",\"https:\\\/\\\/x.com\\\/bercodi\",\"https:\\\/\\\/www.instagram.com\\\/\",\"https:\\\/\\\/www.youtube.com\\\/channel\\\/UCZP-2wLEB9Rv6erhFmqVnvg\"]},{\"@type\":\"Person\",\"@id\":\"https:\\\/\\\/eldigitaldeasturias.com\\\/radio\\\/author\\\/nbasturias\\\/#author\",\"url\":\"https:\\\/\\\/eldigitaldeasturias.com\\\/radio\\\/author\\\/nbasturias\\\/\",\"name\":\"NBAsturias\",\"image\":{\"@type\":\"ImageObject\",\"@id\":\"https:\\\/\\\/eldigitaldeasturias.com\\\/radio\\\/terremoto-en-la-costa-de-chile\\\/#authorImage\",\"url\":\"https:\\\/\\\/secure.gravatar.com\\\/avatar\\\/df2aeffc32bcd13f8d26072ef8a91b623d677766deac7f97ca815868cd41bf5e?s=96&d=mm&r=g\",\"width\":96,\"height\":96,\"caption\":\"NBAsturias\"}},{\"@type\":\"WebPage\",\"@id\":\"https:\\\/\\\/eldigitaldeasturias.com\\\/radio\\\/terremoto-en-la-costa-de-chile\\\/#webpage\",\"url\":\"https:\\\/\\\/eldigitaldeasturias.com\\\/radio\\\/terremoto-en-la-costa-de-chile\\\/\",\"name\":\"Terremoto en la costa de Chile | El Digital de Asturias\",\"description\":\"(Europa Press) - Un terremoto de magnitud 6,3 en la escala de Richter ha sacudido este s\\u00e1bado la costa de Chile, seg\\u00fan ha informado el Centro Sismol\\u00f3gico Nacional (CSN), sin que por el momento haya informaciones sobre v\\u00edctimas o da\\u00f1os. El organismo ha indicado que el sismo se ha registrado a las 21.16 horas, con una\",\"inLanguage\":\"es-ES\",\"isPartOf\":{\"@id\":\"https:\\\/\\\/eldigitaldeasturias.com\\\/radio\\\/#website\"},\"breadcrumb\":{\"@id\":\"https:\\\/\\\/eldigitaldeasturias.com\\\/radio\\\/terremoto-en-la-costa-de-chile\\\/#breadcrumblist\"},\"author\":{\"@id\":\"https:\\\/\\\/eldigitaldeasturias.com\\\/radio\\\/author\\\/nbasturias\\\/#author\"},\"creator\":{\"@id\":\"https:\\\/\\\/eldigitaldeasturias.com\\\/radio\\\/author\\\/nbasturias\\\/#author\"},\"image\":{\"@type\":\"ImageObject\",\"url\":\"https:\\\/\\\/eldigitaldeasturias.com\\\/radio\\\/wp-content\\\/uploads\\\/2020\\\/08\\\/Noticias-Urgentes.jpg\",\"@id\":\"https:\\\/\\\/eldigitaldeasturias.com\\\/radio\\\/terremoto-en-la-costa-de-chile\\\/#mainImage\",\"width\":640,\"height\":400},\"primaryImageOfPage\":{\"@id\":\"https:\\\/\\\/eldigitaldeasturias.com\\\/radio\\\/terremoto-en-la-costa-de-chile\\\/#mainImage\"},\"datePublished\":\"2020-09-07T16:52:20+02:00\",\"dateModified\":\"2020-09-07T16:52:20+02:00\"},{\"@type\":\"WebSite\",\"@id\":\"https:\\\/\\\/eldigitaldeasturias.com\\\/radio\\\/#website\",\"url\":\"https:\\\/\\\/eldigitaldeasturias.com\\\/radio\\\/\",\"name\":\"El Digital de Asturias\",\"description\":\"Diario de informaci\\u00f3n y noticias\",\"inLanguage\":\"es-ES\",\"publisher\":{\"@id\":\"https:\\\/\\\/eldigitaldeasturias.com\\\/radio\\\/#organization\"}}]}\n\t\t<\/script>\n\t\t<!-- All in One SEO Pro -->\r\n\t\t<title>Terremoto en la costa de Chile | El Digital de Asturias<\/title>\n\n","aioseo_head_json":{"title":"Terremoto en la costa de Chile | El Digital de Asturias","description":"(Europa Press) - Un terremoto de magnitud 6,3 en la escala de Richter ha sacudido este s\u00e1bado la costa de Chile, seg\u00fan ha informado el Centro Sismol\u00f3gico Nacional (CSN), sin que por el momento haya informaciones sobre v\u00edctimas o da\u00f1os. El organismo ha indicado que el sismo se ha registrado a las 21.16 horas, con una","canonical_url":"https:\/\/eldigitaldeasturias.com\/radio\/terremoto-en-la-costa-de-chile\/","robots":"max-image-preview:large","keywords":"noticias","webmasterTools":{"google-site-verification":"UA-38556648-1","miscellaneous":""},"schema":{"@context":"https:\/\/schema.org","@graph":[{"@type":"BreadcrumbList","@id":"https:\/\/eldigitaldeasturias.com\/radio\/terremoto-en-la-costa-de-chile\/#breadcrumblist","itemListElement":[{"@type":"ListItem","@id":"https:\/\/eldigitaldeasturias.com\/radio#listItem","position":1,"name":"Inicio","item":"https:\/\/eldigitaldeasturias.com\/radio","nextItem":{"@type":"ListItem","@id":"https:\/\/eldigitaldeasturias.com\/radio\/category\/noticias\/#listItem","name":"Noticias"}},{"@type":"ListItem","@id":"https:\/\/eldigitaldeasturias.com\/radio\/category\/noticias\/#listItem","position":2,"name":"Noticias","item":"https:\/\/eldigitaldeasturias.com\/radio\/category\/noticias\/","nextItem":{"@type":"ListItem","@id":"https:\/\/eldigitaldeasturias.com\/radio\/terremoto-en-la-costa-de-chile\/#listItem","name":"Terremoto en la costa de Chile"},"previousItem":{"@type":"ListItem","@id":"https:\/\/eldigitaldeasturias.com\/radio#listItem","name":"Inicio"}},{"@type":"ListItem","@id":"https:\/\/eldigitaldeasturias.com\/radio\/terremoto-en-la-costa-de-chile\/#listItem","position":3,"name":"Terremoto en la costa de Chile","previousItem":{"@type":"ListItem","@id":"https:\/\/eldigitaldeasturias.com\/radio\/category\/noticias\/#listItem","name":"Noticias"}}]},{"@type":"NewsArticle","@id":"https:\/\/eldigitaldeasturias.com\/radio\/terremoto-en-la-costa-de-chile\/#newsarticle","name":"Terremoto en la costa de Chile | El Digital de Asturias","headline":"Terremoto en la costa de Chile","author":{"@id":"https:\/\/eldigitaldeasturias.com\/radio\/author\/nbasturias\/#author"},"publisher":{"@id":"https:\/\/eldigitaldeasturias.com\/radio\/#organization"},"image":{"@type":"ImageObject","url":"https:\/\/eldigitaldeasturias.com\/radio\/wp-content\/uploads\/2020\/08\/Noticias-Urgentes.jpg","width":640,"height":400},"datePublished":"2020-09-07T16:52:20+02:00","dateModified":"2020-09-07T16:52:20+02:00","inLanguage":"es-ES","mainEntityOfPage":{"@id":"https:\/\/eldigitaldeasturias.com\/radio\/terremoto-en-la-costa-de-chile\/#webpage"},"isPartOf":{"@id":"https:\/\/eldigitaldeasturias.com\/radio\/terremoto-en-la-costa-de-chile\/#webpage"},"articleSection":"Noticias","dateline":"Publicado el septiembre 7, 2020."},{"@type":"Organization","@id":"https:\/\/eldigitaldeasturias.com\/radio\/#organization","name":"El digital de Asturias Radio","description":"Diario de informaci\u00f3n y noticias","url":"https:\/\/eldigitaldeasturias.com\/radio\/","telephone":"+34652131393","logo":{"@type":"ImageObject","url":"https:\/\/www.eldigitaldeasturias.com\/radio\/wp-content\/uploads\/2021\/03\/EDA.jpg","@id":"https:\/\/eldigitaldeasturias.com\/radio\/terremoto-en-la-costa-de-chile\/#organizationLogo"},"image":{"@id":"https:\/\/eldigitaldeasturias.com\/radio\/terremoto-en-la-costa-de-chile\/#organizationLogo"},"sameAs":["https:\/\/www.facebook.com\/","https:\/\/x.com\/bercodi","https:\/\/www.instagram.com\/","https:\/\/www.youtube.com\/channel\/UCZP-2wLEB9Rv6erhFmqVnvg"]},{"@type":"Person","@id":"https:\/\/eldigitaldeasturias.com\/radio\/author\/nbasturias\/#author","url":"https:\/\/eldigitaldeasturias.com\/radio\/author\/nbasturias\/","name":"NBAsturias","image":{"@type":"ImageObject","@id":"https:\/\/eldigitaldeasturias.com\/radio\/terremoto-en-la-costa-de-chile\/#authorImage","url":"https:\/\/secure.gravatar.com\/avatar\/df2aeffc32bcd13f8d26072ef8a91b623d677766deac7f97ca815868cd41bf5e?s=96&d=mm&r=g","width":96,"height":96,"caption":"NBAsturias"}},{"@type":"WebPage","@id":"https:\/\/eldigitaldeasturias.com\/radio\/terremoto-en-la-costa-de-chile\/#webpage","url":"https:\/\/eldigitaldeasturias.com\/radio\/terremoto-en-la-costa-de-chile\/","name":"Terremoto en la costa de Chile | El Digital de Asturias","description":"(Europa Press) - Un terremoto de magnitud 6,3 en la escala de Richter ha sacudido este s\u00e1bado la costa de Chile, seg\u00fan ha informado el Centro Sismol\u00f3gico Nacional (CSN), sin que por el momento haya informaciones sobre v\u00edctimas o da\u00f1os. El organismo ha indicado que el sismo se ha registrado a las 21.16 horas, con una","inLanguage":"es-ES","isPartOf":{"@id":"https:\/\/eldigitaldeasturias.com\/radio\/#website"},"breadcrumb":{"@id":"https:\/\/eldigitaldeasturias.com\/radio\/terremoto-en-la-costa-de-chile\/#breadcrumblist"},"author":{"@id":"https:\/\/eldigitaldeasturias.com\/radio\/author\/nbasturias\/#author"},"creator":{"@id":"https:\/\/eldigitaldeasturias.com\/radio\/author\/nbasturias\/#author"},"image":{"@type":"ImageObject","url":"https:\/\/eldigitaldeasturias.com\/radio\/wp-content\/uploads\/2020\/08\/Noticias-Urgentes.jpg","@id":"https:\/\/eldigitaldeasturias.com\/radio\/terremoto-en-la-costa-de-chile\/#mainImage","width":640,"height":400},"primaryImageOfPage":{"@id":"https:\/\/eldigitaldeasturias.com\/radio\/terremoto-en-la-costa-de-chile\/#mainImage"},"datePublished":"2020-09-07T16:52:20+02:00","dateModified":"2020-09-07T16:52:20+02:00"},{"@type":"WebSite","@id":"https:\/\/eldigitaldeasturias.com\/radio\/#website","url":"https:\/\/eldigitaldeasturias.com\/radio\/","name":"El Digital de Asturias","description":"Diario de informaci\u00f3n y noticias","inLanguage":"es-ES","publisher":{"@id":"https:\/\/eldigitaldeasturias.com\/radio\/#organization"}}]},"og:locale":"es_ES","og:site_name":"El Digital de Asturias | Diario de informaci\u00f3n y noticias","og:type":"article","og:title":"Terremoto en la costa de Chile | El Digital de Asturias","og:description":"(Europa Press) - Un terremoto de magnitud 6,3 en la escala de Richter ha sacudido este s\u00e1bado la costa de Chile, seg\u00fan ha informado el Centro Sismol\u00f3gico Nacional (CSN), sin que por el momento haya informaciones sobre v\u00edctimas o da\u00f1os. El organismo ha indicado que el sismo se ha registrado a las 21.16 horas, con una","og:url":"https:\/\/eldigitaldeasturias.com\/radio\/terremoto-en-la-costa-de-chile\/","og:image":"https:\/\/eldigitaldeasturias.com\/radio\/wp-content\/uploads\/2020\/08\/Noticias-Urgentes.jpg","og:image:secure_url":"https:\/\/eldigitaldeasturias.com\/radio\/wp-content\/uploads\/2020\/08\/Noticias-Urgentes.jpg","og:image:width":640,"og:image:height":400,"article:published_time":"2020-09-07T16:52:20+00:00","article:modified_time":"2020-09-07T16:52:20+00:00","twitter:card":"summary_large_image","twitter:site":"@bercodi","twitter:title":"Terremoto en la costa de Chile | El Digital de Asturias","twitter:description":"(Europa Press) - Un terremoto de magnitud 6,3 en la escala de Richter ha sacudido este s\u00e1bado la costa de Chile, seg\u00fan ha informado el Centro Sismol\u00f3gico Nacional (CSN), sin que por el momento haya informaciones sobre v\u00edctimas o da\u00f1os. El organismo ha indicado que el sismo se ha registrado a las 21.16 horas, con una","twitter:creator":"@bercodi","twitter:image":"https:\/\/eldigitaldeasturias.com\/radio\/wp-content\/uploads\/2020\/08\/Noticias-Urgentes.jpg"},"aioseo_meta_data":{"post_id":"5084","title":null,"description":"","keywords":"","keyphrases":null,"primary_term":null,"canonical_url":"","og_title":null,"og_description":null,"og_object_type":"default","og_image_type":"default","og_image_url":null,"og_image_width":null,"og_image_height":null,"og_image_custom_url":null,"og_image_custom_fields":null,"og_video":null,"og_custom_url":null,"og_article_section":null,"og_article_tags":null,"twitter_use_og":false,"twitter_card":"default","twitter_image_type":"default","twitter_image_url":null,"twitter_image_custom_url":null,"twitter_image_custom_fields":null,"twitter_title":null,"twitter_description":null,"schema":{"blockGraphs":[],"customGraphs":[],"default":{"data":{"Article":[],"Course":[],"Dataset":[],"FAQPage":[],"Movie":[],"Person":[],"Product":[],"ProductReview":[],"Car":[],"Recipe":[],"Service":[],"SoftwareApplication":[],"WebPage":[]},"graphName":"","isEnabled":true},"graphs":[],"defaultGraph":"","defaultPostTypeGraph":""},"schema_type":null,"schema_type_options":null,"pillar_content":false,"robots_default":true,"robots_noindex":false,"robots_noarchive":false,"robots_nosnippet":false,"robots_nofollow":false,"robots_noimageindex":false,"robots_noodp":false,"robots_notranslate":false,"robots_max_snippet":null,"robots_max_videopreview":null,"robots_max_imagepreview":"large","priority":null,"frequency":null,"location":null,"local_seo":null,"seo_analyzer_scan_date":"2025-08-28 17:16:40","breadcrumb_settings":null,"limit_modified_date":false,"open_ai":null,"ai":null,"created":"2021-03-25 15:15:35","updated":"2025-08-28 17:16:40"},"aioseo_breadcrumb":"<div class=\"aioseo-breadcrumbs\"><span class=\"aioseo-breadcrumb\">\n\t<a href=\"https:\/\/eldigitaldeasturias.com\/radio\" title=\"Inicio\">Inicio<\/a>\n<\/span><span class=\"aioseo-breadcrumb-separator\">&ndash;<\/span><span class=\"aioseo-breadcrumb\">\n\t<a href=\"https:\/\/eldigitaldeasturias.com\/radio\/category\/noticias\/\" title=\"Noticias\">Noticias<\/a>\n<\/span><span class=\"aioseo-breadcrumb-separator\">&ndash;<\/span><span class=\"aioseo-breadcrumb\">\n\tTerremoto en la costa de Chile\n<\/span><\/div>","aioseo_breadcrumb_json":[{"label":"Inicio","link":"https:\/\/eldigitaldeasturias.com\/radio"},{"label":"Noticias","link":"https:\/\/eldigitaldeasturias.com\/radio\/category\/noticias\/"},{"label":"Terremoto en la costa de Chile","link":"https:\/\/eldigitaldeasturias.com\/radio\/terremoto-en-la-costa-de-chile\/"}],"_links":{"self":[{"href":"https:\/\/eldigitaldeasturias.com\/radio\/wp-json\/wp\/v2\/posts\/5084","targetHints":{"allow":["GET"]}}],"collection":[{"href":"https:\/\/eldigitaldeasturias.com\/radio\/wp-json\/wp\/v2\/posts"}],"about":[{"href":"https:\/\/eldigitaldeasturias.com\/radio\/wp-json\/wp\/v2\/types\/post"}],"author":[{"embeddable":true,"href":"https:\/\/eldigitaldeasturias.com\/radio\/wp-json\/wp\/v2\/users\/1"}],"replies":[{"embeddable":true,"href":"https:\/\/eldigitaldeasturias.com\/radio\/wp-json\/wp\/v2\/comments?post=5084"}],"version-history":[{"count":0,"href":"https:\/\/eldigitaldeasturias.com\/radio\/wp-json\/wp\/v2\/posts\/5084\/revisions"}],"wp:featuredmedia":[{"embeddable":true,"href":"https:\/\/eldigitaldeasturias.com\/radio\/wp-json\/wp\/v2\/media\/4972"}],"wp:attachment":[{"href":"https:\/\/eldigitaldeasturias.com\/radio\/wp-json\/wp\/v2\/media?parent=5084"}],"wp:term":[{"taxonomy":"category","embeddable":true,"href":"https:\/\/eldigitaldeasturias.com\/radio\/wp-json\/wp\/v2\/categories?post=5084"},{"taxonomy":"post_tag","embeddable":true,"href":"https:\/\/eldigitaldeasturias.com\/radio\/wp-json\/wp\/v2\/tags?post=5084"}],"curies":[{"name":"wp","href":"https:\/\/api.w.org\/{rel}","templated":true}]}}