{"id":5069,"date":"2020-09-05T09:03:39","date_gmt":"2020-09-05T09:03:39","guid":{"rendered":"http:\/\/www.eldigitaldeasturias.com\/radio\/?p=5069"},"modified":"2020-09-05T09:03:39","modified_gmt":"2020-09-05T09:03:39","slug":"aprobadas-indemnizaciones-para-las-victimas-del-conflicto-entre-las-fuerzas-armadas-y-sendero-luminoso","status":"publish","type":"post","link":"https:\/\/eldigitaldeasturias.com\/radio\/aprobadas-indemnizaciones-para-las-victimas-del-conflicto-entre-las-fuerzas-armadas-y-sendero-luminoso\/","title":{"rendered":"Aprobadas indemnizaciones para las v\u00edctimas del conflicto entre las Fuerzas Armadas y Sendero Luminoso"},"content":{"rendered":"<figure id=\"attachment_5070\" aria-describedby=\"caption-attachment-5070\" style=\"width: 198px\" class=\"wp-caption alignleft\"><img fetchpriority=\"high\" decoding=\"async\" class=\"size-medium wp-image-5070\" src=\"http:\/\/www.eldigitaldeasturias.com\/radio\/wp-content\/uploads\/2020\/09\/Peru-198x300.jpg\" alt=\"\" width=\"198\" height=\"300\" srcset=\"https:\/\/eldigitaldeasturias.com\/radio\/wp-content\/uploads\/2020\/09\/Peru-198x300.jpg 198w, https:\/\/eldigitaldeasturias.com\/radio\/wp-content\/uploads\/2020\/09\/Peru.jpg 441w\" sizes=\"(max-width: 198px) 100vw, 198px\" \/><figcaption id=\"caption-attachment-5070\" class=\"wp-caption-text\">Foto: EL COMERCIO \/ ZUMA PRESS \/ Europa Press<\/figcaption><\/figure>\n<p>(Europa Press) &#8211;\u00a0El Ministerio de Justicia de Per\u00fa ha autorizado este jueves el pago de indemnizaciones en favor de las v\u00edctimas del conflicto que protagonizaron las Fuerzas Armadas con el grupo terrorista Sendero Luminoso y la guerrilla del Movimiento Revolucionario T\u00fapac Amaru entre 1980 y 2000.<\/p>\n<p>Las autoridades peruanas han explicado que en caso de que las v\u00edctimas que lo soliciten no reciban una compensaci\u00f3n econ\u00f3mica, \u00e9sta ser\u00e1 sustituida por servicios de salud, o educaci\u00f3n.<\/p>\n<p>La regi\u00f3n que especialmente se beneficiar\u00e1 de esta medida ser\u00e1 el departamento de Pasco, en el centro de Per\u00fa, en donde la violencia se sufri\u00f3 con mayor intensidad durante esas dos d\u00e9cadas de conflicto armado, que dej\u00f3 un saldo de 70.000 fallecidos, as\u00ed como de miles de heridos, adem\u00e1s de numerosas violaciones.<\/p>\n<p>El Gobierno de Pasco ha explicado a sus habitantes que aquellas personas que cumplan los requisitos estipulados por el Ministerio de Justicia para acceder a las compensaciones, v\u00edctimas y familiares directos de desaparecidos y asesinados cuya situaci\u00f3n ser\u00e1 evaluada, podr\u00e1n recibir hasta 10.000 soles, unos 2.857 d\u00f3lares.<\/p>\n","protected":false},"excerpt":{"rendered":"<p>(Europa Press) &#8211;\u00a0El Ministerio de Justicia de Per\u00fa ha autorizado este jueves el pago de indemnizaciones en favor de las v\u00edctimas del conflicto que protagonizaron las Fuerzas Armadas con el grupo terrorista Sendero Luminoso y la guerrilla del Movimiento Revolucionario T\u00fapac Amaru entre 1980 y 2000. Las autoridades peruanas han explicado que en caso de<\/p>\n","protected":false},"author":1,"featured_media":5070,"comment_status":"closed","ping_status":"closed","sticky":false,"template":"","format":"standard","meta":{"footnotes":""},"categories":[1],"tags":[],"class_list":{"0":"post-5069","1":"post","2":"type-post","3":"status-publish","4":"format-standard","5":"has-post-thumbnail","7":"category-noticias"},"aioseo_notices":[],"aioseo_head":"\n\t\t<!-- All in One SEO Pro 4.9.6.2 - aioseo.com -->\n\t<meta name=\"description\" content=\"(Europa Press) - El Ministerio de Justicia de Per\u00fa ha autorizado este jueves el pago de indemnizaciones en favor de las v\u00edctimas del conflicto que protagonizaron las Fuerzas Armadas con el grupo terrorista Sendero Luminoso y la guerrilla del Movimiento Revolucionario T\u00fapac Amaru entre 1980 y 2000. Las autoridades peruanas han explicado que en caso de\" \/>\n\t<meta name=\"robots\" content=\"max-image-preview:large\" \/>\n\t<meta name=\"author\" content=\"NBAsturias\"\/>\n\t<meta name=\"google-site-verification\" content=\"UA-38556648-1\" \/>\n\t<meta name=\"keywords\" content=\"noticias\" \/>\n\t<link rel=\"canonical\" href=\"https:\/\/eldigitaldeasturias.com\/radio\/aprobadas-indemnizaciones-para-las-victimas-del-conflicto-entre-las-fuerzas-armadas-y-sendero-luminoso\/\" \/>\n\t<meta name=\"generator\" content=\"All in One SEO Pro (AIOSEO) 4.9.6.2\" \/>\n\t\t<meta property=\"og:locale\" content=\"es_ES\" \/>\n\t\t<meta property=\"og:site_name\" content=\"El Digital de Asturias | Diario de informaci\u00f3n y noticias\" \/>\n\t\t<meta property=\"og:type\" content=\"article\" \/>\n\t\t<meta property=\"og:title\" content=\"Aprobadas indemnizaciones para las v\u00edctimas del conflicto entre las Fuerzas Armadas y Sendero Luminoso | El Digital de Asturias\" \/>\n\t\t<meta property=\"og:description\" content=\"(Europa Press) - El Ministerio de Justicia de Per\u00fa ha autorizado este jueves el pago de indemnizaciones en favor de las v\u00edctimas del conflicto que protagonizaron las Fuerzas Armadas con el grupo terrorista Sendero Luminoso y la guerrilla del Movimiento Revolucionario T\u00fapac Amaru entre 1980 y 2000. Las autoridades peruanas han explicado que en caso de\" \/>\n\t\t<meta property=\"og:url\" content=\"https:\/\/eldigitaldeasturias.com\/radio\/aprobadas-indemnizaciones-para-las-victimas-del-conflicto-entre-las-fuerzas-armadas-y-sendero-luminoso\/\" \/>\n\t\t<meta property=\"og:image\" content=\"https:\/\/eldigitaldeasturias.com\/radio\/wp-content\/uploads\/2020\/09\/Peru.jpg\" \/>\n\t\t<meta property=\"og:image:secure_url\" content=\"https:\/\/eldigitaldeasturias.com\/radio\/wp-content\/uploads\/2020\/09\/Peru.jpg\" \/>\n\t\t<meta property=\"og:image:width\" content=\"441\" \/>\n\t\t<meta property=\"og:image:height\" content=\"669\" \/>\n\t\t<meta property=\"article:published_time\" content=\"2020-09-05T09:03:39+00:00\" \/>\n\t\t<meta property=\"article:modified_time\" content=\"2020-09-05T09:03:39+00:00\" \/>\n\t\t<meta name=\"twitter:card\" content=\"summary_large_image\" \/>\n\t\t<meta name=\"twitter:site\" content=\"@bercodi\" \/>\n\t\t<meta name=\"twitter:title\" content=\"Aprobadas indemnizaciones para las v\u00edctimas del conflicto entre las Fuerzas Armadas y Sendero Luminoso | El Digital de Asturias\" \/>\n\t\t<meta name=\"twitter:description\" content=\"(Europa Press) - El Ministerio de Justicia de Per\u00fa ha autorizado este jueves el pago de indemnizaciones en favor de las v\u00edctimas del conflicto que protagonizaron las Fuerzas Armadas con el grupo terrorista Sendero Luminoso y la guerrilla del Movimiento Revolucionario T\u00fapac Amaru entre 1980 y 2000. Las autoridades peruanas han explicado que en caso de\" \/>\n\t\t<meta name=\"twitter:creator\" content=\"@bercodi\" \/>\n\t\t<meta name=\"twitter:image\" content=\"https:\/\/eldigitaldeasturias.com\/radio\/wp-content\/uploads\/2020\/09\/Peru.jpg\" \/>\n\t\t<script type=\"application\/ld+json\" class=\"aioseo-schema\">\n\t\t\t{\"@context\":\"https:\\\/\\\/schema.org\",\"@graph\":[{\"@type\":\"BreadcrumbList\",\"@id\":\"https:\\\/\\\/eldigitaldeasturias.com\\\/radio\\\/aprobadas-indemnizaciones-para-las-victimas-del-conflicto-entre-las-fuerzas-armadas-y-sendero-luminoso\\\/#breadcrumblist\",\"itemListElement\":[{\"@type\":\"ListItem\",\"@id\":\"https:\\\/\\\/eldigitaldeasturias.com\\\/radio#listItem\",\"position\":1,\"name\":\"Inicio\",\"item\":\"https:\\\/\\\/eldigitaldeasturias.com\\\/radio\",\"nextItem\":{\"@type\":\"ListItem\",\"@id\":\"https:\\\/\\\/eldigitaldeasturias.com\\\/radio\\\/category\\\/noticias\\\/#listItem\",\"name\":\"Noticias\"}},{\"@type\":\"ListItem\",\"@id\":\"https:\\\/\\\/eldigitaldeasturias.com\\\/radio\\\/category\\\/noticias\\\/#listItem\",\"position\":2,\"name\":\"Noticias\",\"item\":\"https:\\\/\\\/eldigitaldeasturias.com\\\/radio\\\/category\\\/noticias\\\/\",\"nextItem\":{\"@type\":\"ListItem\",\"@id\":\"https:\\\/\\\/eldigitaldeasturias.com\\\/radio\\\/aprobadas-indemnizaciones-para-las-victimas-del-conflicto-entre-las-fuerzas-armadas-y-sendero-luminoso\\\/#listItem\",\"name\":\"Aprobadas indemnizaciones para las v\\u00edctimas del conflicto entre las Fuerzas Armadas y Sendero Luminoso\"},\"previousItem\":{\"@type\":\"ListItem\",\"@id\":\"https:\\\/\\\/eldigitaldeasturias.com\\\/radio#listItem\",\"name\":\"Inicio\"}},{\"@type\":\"ListItem\",\"@id\":\"https:\\\/\\\/eldigitaldeasturias.com\\\/radio\\\/aprobadas-indemnizaciones-para-las-victimas-del-conflicto-entre-las-fuerzas-armadas-y-sendero-luminoso\\\/#listItem\",\"position\":3,\"name\":\"Aprobadas indemnizaciones para las v\\u00edctimas del conflicto entre las Fuerzas Armadas y Sendero Luminoso\",\"previousItem\":{\"@type\":\"ListItem\",\"@id\":\"https:\\\/\\\/eldigitaldeasturias.com\\\/radio\\\/category\\\/noticias\\\/#listItem\",\"name\":\"Noticias\"}}]},{\"@type\":\"NewsArticle\",\"@id\":\"https:\\\/\\\/eldigitaldeasturias.com\\\/radio\\\/aprobadas-indemnizaciones-para-las-victimas-del-conflicto-entre-las-fuerzas-armadas-y-sendero-luminoso\\\/#newsarticle\",\"name\":\"Aprobadas indemnizaciones para las v\\u00edctimas del conflicto entre las Fuerzas Armadas y Sendero Luminoso | El Digital de Asturias\",\"headline\":\"Aprobadas indemnizaciones para las v\\u00edctimas del conflicto entre las Fuerzas Armadas y Sendero Luminoso\",\"author\":{\"@id\":\"https:\\\/\\\/eldigitaldeasturias.com\\\/radio\\\/author\\\/nbasturias\\\/#author\"},\"publisher\":{\"@id\":\"https:\\\/\\\/eldigitaldeasturias.com\\\/radio\\\/#organization\"},\"image\":{\"@type\":\"ImageObject\",\"url\":\"https:\\\/\\\/eldigitaldeasturias.com\\\/radio\\\/wp-content\\\/uploads\\\/2020\\\/09\\\/Peru.jpg\",\"width\":441,\"height\":669,\"caption\":\"Foto:  EL COMERCIO \\\/ ZUMA PRESS \\\/  Europa Press\"},\"datePublished\":\"2020-09-05T09:03:39+02:00\",\"dateModified\":\"2020-09-05T09:03:39+02:00\",\"inLanguage\":\"es-ES\",\"mainEntityOfPage\":{\"@id\":\"https:\\\/\\\/eldigitaldeasturias.com\\\/radio\\\/aprobadas-indemnizaciones-para-las-victimas-del-conflicto-entre-las-fuerzas-armadas-y-sendero-luminoso\\\/#webpage\"},\"isPartOf\":{\"@id\":\"https:\\\/\\\/eldigitaldeasturias.com\\\/radio\\\/aprobadas-indemnizaciones-para-las-victimas-del-conflicto-entre-las-fuerzas-armadas-y-sendero-luminoso\\\/#webpage\"},\"articleSection\":\"Noticias\",\"dateline\":\"Publicado el septiembre 5, 2020.\"},{\"@type\":\"Organization\",\"@id\":\"https:\\\/\\\/eldigitaldeasturias.com\\\/radio\\\/#organization\",\"name\":\"El digital de Asturias Radio\",\"description\":\"Diario de informaci\\u00f3n y noticias\",\"url\":\"https:\\\/\\\/eldigitaldeasturias.com\\\/radio\\\/\",\"telephone\":\"+34652131393\",\"logo\":{\"@type\":\"ImageObject\",\"url\":\"https:\\\/\\\/www.eldigitaldeasturias.com\\\/radio\\\/wp-content\\\/uploads\\\/2021\\\/03\\\/EDA.jpg\",\"@id\":\"https:\\\/\\\/eldigitaldeasturias.com\\\/radio\\\/aprobadas-indemnizaciones-para-las-victimas-del-conflicto-entre-las-fuerzas-armadas-y-sendero-luminoso\\\/#organizationLogo\"},\"image\":{\"@id\":\"https:\\\/\\\/eldigitaldeasturias.com\\\/radio\\\/aprobadas-indemnizaciones-para-las-victimas-del-conflicto-entre-las-fuerzas-armadas-y-sendero-luminoso\\\/#organizationLogo\"},\"sameAs\":[\"https:\\\/\\\/www.facebook.com\\\/\",\"https:\\\/\\\/x.com\\\/bercodi\",\"https:\\\/\\\/www.instagram.com\\\/\",\"https:\\\/\\\/www.youtube.com\\\/channel\\\/UCZP-2wLEB9Rv6erhFmqVnvg\"]},{\"@type\":\"Person\",\"@id\":\"https:\\\/\\\/eldigitaldeasturias.com\\\/radio\\\/author\\\/nbasturias\\\/#author\",\"url\":\"https:\\\/\\\/eldigitaldeasturias.com\\\/radio\\\/author\\\/nbasturias\\\/\",\"name\":\"NBAsturias\",\"image\":{\"@type\":\"ImageObject\",\"@id\":\"https:\\\/\\\/eldigitaldeasturias.com\\\/radio\\\/aprobadas-indemnizaciones-para-las-victimas-del-conflicto-entre-las-fuerzas-armadas-y-sendero-luminoso\\\/#authorImage\",\"url\":\"https:\\\/\\\/secure.gravatar.com\\\/avatar\\\/df2aeffc32bcd13f8d26072ef8a91b623d677766deac7f97ca815868cd41bf5e?s=96&d=mm&r=g\",\"width\":96,\"height\":96,\"caption\":\"NBAsturias\"}},{\"@type\":\"WebPage\",\"@id\":\"https:\\\/\\\/eldigitaldeasturias.com\\\/radio\\\/aprobadas-indemnizaciones-para-las-victimas-del-conflicto-entre-las-fuerzas-armadas-y-sendero-luminoso\\\/#webpage\",\"url\":\"https:\\\/\\\/eldigitaldeasturias.com\\\/radio\\\/aprobadas-indemnizaciones-para-las-victimas-del-conflicto-entre-las-fuerzas-armadas-y-sendero-luminoso\\\/\",\"name\":\"Aprobadas indemnizaciones para las v\\u00edctimas del conflicto entre las Fuerzas Armadas y Sendero Luminoso | El Digital de Asturias\",\"description\":\"(Europa Press) - El Ministerio de Justicia de Per\\u00fa ha autorizado este jueves el pago de indemnizaciones en favor de las v\\u00edctimas del conflicto que protagonizaron las Fuerzas Armadas con el grupo terrorista Sendero Luminoso y la guerrilla del Movimiento Revolucionario T\\u00fapac Amaru entre 1980 y 2000. Las autoridades peruanas han explicado que en caso de\",\"inLanguage\":\"es-ES\",\"isPartOf\":{\"@id\":\"https:\\\/\\\/eldigitaldeasturias.com\\\/radio\\\/#website\"},\"breadcrumb\":{\"@id\":\"https:\\\/\\\/eldigitaldeasturias.com\\\/radio\\\/aprobadas-indemnizaciones-para-las-victimas-del-conflicto-entre-las-fuerzas-armadas-y-sendero-luminoso\\\/#breadcrumblist\"},\"author\":{\"@id\":\"https:\\\/\\\/eldigitaldeasturias.com\\\/radio\\\/author\\\/nbasturias\\\/#author\"},\"creator\":{\"@id\":\"https:\\\/\\\/eldigitaldeasturias.com\\\/radio\\\/author\\\/nbasturias\\\/#author\"},\"image\":{\"@type\":\"ImageObject\",\"url\":\"https:\\\/\\\/eldigitaldeasturias.com\\\/radio\\\/wp-content\\\/uploads\\\/2020\\\/09\\\/Peru.jpg\",\"@id\":\"https:\\\/\\\/eldigitaldeasturias.com\\\/radio\\\/aprobadas-indemnizaciones-para-las-victimas-del-conflicto-entre-las-fuerzas-armadas-y-sendero-luminoso\\\/#mainImage\",\"width\":441,\"height\":669,\"caption\":\"Foto:  EL COMERCIO \\\/ ZUMA PRESS \\\/  Europa Press\"},\"primaryImageOfPage\":{\"@id\":\"https:\\\/\\\/eldigitaldeasturias.com\\\/radio\\\/aprobadas-indemnizaciones-para-las-victimas-del-conflicto-entre-las-fuerzas-armadas-y-sendero-luminoso\\\/#mainImage\"},\"datePublished\":\"2020-09-05T09:03:39+02:00\",\"dateModified\":\"2020-09-05T09:03:39+02:00\"},{\"@type\":\"WebSite\",\"@id\":\"https:\\\/\\\/eldigitaldeasturias.com\\\/radio\\\/#website\",\"url\":\"https:\\\/\\\/eldigitaldeasturias.com\\\/radio\\\/\",\"name\":\"El Digital de Asturias\",\"description\":\"Diario de informaci\\u00f3n y noticias\",\"inLanguage\":\"es-ES\",\"publisher\":{\"@id\":\"https:\\\/\\\/eldigitaldeasturias.com\\\/radio\\\/#organization\"}}]}\n\t\t<\/script>\n\t\t<!-- All in One SEO Pro -->\r\n\t\t<title>Aprobadas indemnizaciones para las v\u00edctimas del conflicto entre las Fuerzas Armadas y Sendero Luminoso | El Digital de Asturias<\/title>\n\n","aioseo_head_json":{"title":"Aprobadas indemnizaciones para las v\u00edctimas del conflicto entre las Fuerzas Armadas y Sendero Luminoso | El Digital de Asturias","description":"(Europa Press) - El Ministerio de Justicia de Per\u00fa ha autorizado este jueves el pago de indemnizaciones en favor de las v\u00edctimas del conflicto que protagonizaron las Fuerzas Armadas con el grupo terrorista Sendero Luminoso y la guerrilla del Movimiento Revolucionario T\u00fapac Amaru entre 1980 y 2000. Las autoridades peruanas han explicado que en caso de","canonical_url":"https:\/\/eldigitaldeasturias.com\/radio\/aprobadas-indemnizaciones-para-las-victimas-del-conflicto-entre-las-fuerzas-armadas-y-sendero-luminoso\/","robots":"max-image-preview:large","keywords":"noticias","webmasterTools":{"google-site-verification":"UA-38556648-1","miscellaneous":""},"schema":{"@context":"https:\/\/schema.org","@graph":[{"@type":"BreadcrumbList","@id":"https:\/\/eldigitaldeasturias.com\/radio\/aprobadas-indemnizaciones-para-las-victimas-del-conflicto-entre-las-fuerzas-armadas-y-sendero-luminoso\/#breadcrumblist","itemListElement":[{"@type":"ListItem","@id":"https:\/\/eldigitaldeasturias.com\/radio#listItem","position":1,"name":"Inicio","item":"https:\/\/eldigitaldeasturias.com\/radio","nextItem":{"@type":"ListItem","@id":"https:\/\/eldigitaldeasturias.com\/radio\/category\/noticias\/#listItem","name":"Noticias"}},{"@type":"ListItem","@id":"https:\/\/eldigitaldeasturias.com\/radio\/category\/noticias\/#listItem","position":2,"name":"Noticias","item":"https:\/\/eldigitaldeasturias.com\/radio\/category\/noticias\/","nextItem":{"@type":"ListItem","@id":"https:\/\/eldigitaldeasturias.com\/radio\/aprobadas-indemnizaciones-para-las-victimas-del-conflicto-entre-las-fuerzas-armadas-y-sendero-luminoso\/#listItem","name":"Aprobadas indemnizaciones para las v\u00edctimas del conflicto entre las Fuerzas Armadas y Sendero Luminoso"},"previousItem":{"@type":"ListItem","@id":"https:\/\/eldigitaldeasturias.com\/radio#listItem","name":"Inicio"}},{"@type":"ListItem","@id":"https:\/\/eldigitaldeasturias.com\/radio\/aprobadas-indemnizaciones-para-las-victimas-del-conflicto-entre-las-fuerzas-armadas-y-sendero-luminoso\/#listItem","position":3,"name":"Aprobadas indemnizaciones para las v\u00edctimas del conflicto entre las Fuerzas Armadas y Sendero Luminoso","previousItem":{"@type":"ListItem","@id":"https:\/\/eldigitaldeasturias.com\/radio\/category\/noticias\/#listItem","name":"Noticias"}}]},{"@type":"NewsArticle","@id":"https:\/\/eldigitaldeasturias.com\/radio\/aprobadas-indemnizaciones-para-las-victimas-del-conflicto-entre-las-fuerzas-armadas-y-sendero-luminoso\/#newsarticle","name":"Aprobadas indemnizaciones para las v\u00edctimas del conflicto entre las Fuerzas Armadas y Sendero Luminoso | El Digital de Asturias","headline":"Aprobadas indemnizaciones para las v\u00edctimas del conflicto entre las Fuerzas Armadas y Sendero Luminoso","author":{"@id":"https:\/\/eldigitaldeasturias.com\/radio\/author\/nbasturias\/#author"},"publisher":{"@id":"https:\/\/eldigitaldeasturias.com\/radio\/#organization"},"image":{"@type":"ImageObject","url":"https:\/\/eldigitaldeasturias.com\/radio\/wp-content\/uploads\/2020\/09\/Peru.jpg","width":441,"height":669,"caption":"Foto:  EL COMERCIO \/ ZUMA PRESS \/  Europa Press"},"datePublished":"2020-09-05T09:03:39+02:00","dateModified":"2020-09-05T09:03:39+02:00","inLanguage":"es-ES","mainEntityOfPage":{"@id":"https:\/\/eldigitaldeasturias.com\/radio\/aprobadas-indemnizaciones-para-las-victimas-del-conflicto-entre-las-fuerzas-armadas-y-sendero-luminoso\/#webpage"},"isPartOf":{"@id":"https:\/\/eldigitaldeasturias.com\/radio\/aprobadas-indemnizaciones-para-las-victimas-del-conflicto-entre-las-fuerzas-armadas-y-sendero-luminoso\/#webpage"},"articleSection":"Noticias","dateline":"Publicado el septiembre 5, 2020."},{"@type":"Organization","@id":"https:\/\/eldigitaldeasturias.com\/radio\/#organization","name":"El digital de Asturias Radio","description":"Diario de informaci\u00f3n y noticias","url":"https:\/\/eldigitaldeasturias.com\/radio\/","telephone":"+34652131393","logo":{"@type":"ImageObject","url":"https:\/\/www.eldigitaldeasturias.com\/radio\/wp-content\/uploads\/2021\/03\/EDA.jpg","@id":"https:\/\/eldigitaldeasturias.com\/radio\/aprobadas-indemnizaciones-para-las-victimas-del-conflicto-entre-las-fuerzas-armadas-y-sendero-luminoso\/#organizationLogo"},"image":{"@id":"https:\/\/eldigitaldeasturias.com\/radio\/aprobadas-indemnizaciones-para-las-victimas-del-conflicto-entre-las-fuerzas-armadas-y-sendero-luminoso\/#organizationLogo"},"sameAs":["https:\/\/www.facebook.com\/","https:\/\/x.com\/bercodi","https:\/\/www.instagram.com\/","https:\/\/www.youtube.com\/channel\/UCZP-2wLEB9Rv6erhFmqVnvg"]},{"@type":"Person","@id":"https:\/\/eldigitaldeasturias.com\/radio\/author\/nbasturias\/#author","url":"https:\/\/eldigitaldeasturias.com\/radio\/author\/nbasturias\/","name":"NBAsturias","image":{"@type":"ImageObject","@id":"https:\/\/eldigitaldeasturias.com\/radio\/aprobadas-indemnizaciones-para-las-victimas-del-conflicto-entre-las-fuerzas-armadas-y-sendero-luminoso\/#authorImage","url":"https:\/\/secure.gravatar.com\/avatar\/df2aeffc32bcd13f8d26072ef8a91b623d677766deac7f97ca815868cd41bf5e?s=96&d=mm&r=g","width":96,"height":96,"caption":"NBAsturias"}},{"@type":"WebPage","@id":"https:\/\/eldigitaldeasturias.com\/radio\/aprobadas-indemnizaciones-para-las-victimas-del-conflicto-entre-las-fuerzas-armadas-y-sendero-luminoso\/#webpage","url":"https:\/\/eldigitaldeasturias.com\/radio\/aprobadas-indemnizaciones-para-las-victimas-del-conflicto-entre-las-fuerzas-armadas-y-sendero-luminoso\/","name":"Aprobadas indemnizaciones para las v\u00edctimas del conflicto entre las Fuerzas Armadas y Sendero Luminoso | El Digital de Asturias","description":"(Europa Press) - El Ministerio de Justicia de Per\u00fa ha autorizado este jueves el pago de indemnizaciones en favor de las v\u00edctimas del conflicto que protagonizaron las Fuerzas Armadas con el grupo terrorista Sendero Luminoso y la guerrilla del Movimiento Revolucionario T\u00fapac Amaru entre 1980 y 2000. Las autoridades peruanas han explicado que en caso de","inLanguage":"es-ES","isPartOf":{"@id":"https:\/\/eldigitaldeasturias.com\/radio\/#website"},"breadcrumb":{"@id":"https:\/\/eldigitaldeasturias.com\/radio\/aprobadas-indemnizaciones-para-las-victimas-del-conflicto-entre-las-fuerzas-armadas-y-sendero-luminoso\/#breadcrumblist"},"author":{"@id":"https:\/\/eldigitaldeasturias.com\/radio\/author\/nbasturias\/#author"},"creator":{"@id":"https:\/\/eldigitaldeasturias.com\/radio\/author\/nbasturias\/#author"},"image":{"@type":"ImageObject","url":"https:\/\/eldigitaldeasturias.com\/radio\/wp-content\/uploads\/2020\/09\/Peru.jpg","@id":"https:\/\/eldigitaldeasturias.com\/radio\/aprobadas-indemnizaciones-para-las-victimas-del-conflicto-entre-las-fuerzas-armadas-y-sendero-luminoso\/#mainImage","width":441,"height":669,"caption":"Foto:  EL COMERCIO \/ ZUMA PRESS \/  Europa Press"},"primaryImageOfPage":{"@id":"https:\/\/eldigitaldeasturias.com\/radio\/aprobadas-indemnizaciones-para-las-victimas-del-conflicto-entre-las-fuerzas-armadas-y-sendero-luminoso\/#mainImage"},"datePublished":"2020-09-05T09:03:39+02:00","dateModified":"2020-09-05T09:03:39+02:00"},{"@type":"WebSite","@id":"https:\/\/eldigitaldeasturias.com\/radio\/#website","url":"https:\/\/eldigitaldeasturias.com\/radio\/","name":"El Digital de Asturias","description":"Diario de informaci\u00f3n y noticias","inLanguage":"es-ES","publisher":{"@id":"https:\/\/eldigitaldeasturias.com\/radio\/#organization"}}]},"og:locale":"es_ES","og:site_name":"El Digital de Asturias | Diario de informaci\u00f3n y noticias","og:type":"article","og:title":"Aprobadas indemnizaciones para las v\u00edctimas del conflicto entre las Fuerzas Armadas y Sendero Luminoso | El Digital de Asturias","og:description":"(Europa Press) - El Ministerio de Justicia de Per\u00fa ha autorizado este jueves el pago de indemnizaciones en favor de las v\u00edctimas del conflicto que protagonizaron las Fuerzas Armadas con el grupo terrorista Sendero Luminoso y la guerrilla del Movimiento Revolucionario T\u00fapac Amaru entre 1980 y 2000. Las autoridades peruanas han explicado que en caso de","og:url":"https:\/\/eldigitaldeasturias.com\/radio\/aprobadas-indemnizaciones-para-las-victimas-del-conflicto-entre-las-fuerzas-armadas-y-sendero-luminoso\/","og:image":"https:\/\/eldigitaldeasturias.com\/radio\/wp-content\/uploads\/2020\/09\/Peru.jpg","og:image:secure_url":"https:\/\/eldigitaldeasturias.com\/radio\/wp-content\/uploads\/2020\/09\/Peru.jpg","og:image:width":441,"og:image:height":669,"article:published_time":"2020-09-05T09:03:39+00:00","article:modified_time":"2020-09-05T09:03:39+00:00","twitter:card":"summary_large_image","twitter:site":"@bercodi","twitter:title":"Aprobadas indemnizaciones para las v\u00edctimas del conflicto entre las Fuerzas Armadas y Sendero Luminoso | El Digital de Asturias","twitter:description":"(Europa Press) - El Ministerio de Justicia de Per\u00fa ha autorizado este jueves el pago de indemnizaciones en favor de las v\u00edctimas del conflicto que protagonizaron las Fuerzas Armadas con el grupo terrorista Sendero Luminoso y la guerrilla del Movimiento Revolucionario T\u00fapac Amaru entre 1980 y 2000. Las autoridades peruanas han explicado que en caso de","twitter:creator":"@bercodi","twitter:image":"https:\/\/eldigitaldeasturias.com\/radio\/wp-content\/uploads\/2020\/09\/Peru.jpg"},"aioseo_meta_data":{"post_id":"5069","title":null,"description":"","keywords":"","keyphrases":null,"primary_term":null,"canonical_url":"","og_title":null,"og_description":null,"og_object_type":"default","og_image_type":"default","og_image_url":null,"og_image_width":null,"og_image_height":null,"og_image_custom_url":null,"og_image_custom_fields":null,"og_video":null,"og_custom_url":null,"og_article_section":null,"og_article_tags":null,"twitter_use_og":false,"twitter_card":"default","twitter_image_type":"default","twitter_image_url":null,"twitter_image_custom_url":null,"twitter_image_custom_fields":null,"twitter_title":null,"twitter_description":null,"schema":{"blockGraphs":[],"customGraphs":[],"default":{"data":{"Article":[],"Course":[],"Dataset":[],"FAQPage":[],"Movie":[],"Person":[],"Product":[],"ProductReview":[],"Car":[],"Recipe":[],"Service":[],"SoftwareApplication":[],"WebPage":[]},"graphName":"","isEnabled":true},"graphs":[],"defaultGraph":"","defaultPostTypeGraph":""},"schema_type":null,"schema_type_options":null,"pillar_content":false,"robots_default":true,"robots_noindex":false,"robots_noarchive":false,"robots_nosnippet":false,"robots_nofollow":false,"robots_noimageindex":false,"robots_noodp":false,"robots_notranslate":false,"robots_max_snippet":null,"robots_max_videopreview":null,"robots_max_imagepreview":"large","priority":null,"frequency":null,"location":null,"local_seo":null,"seo_analyzer_scan_date":"2025-08-28 17:16:38","breadcrumb_settings":null,"limit_modified_date":false,"open_ai":null,"ai":null,"created":"2021-03-25 10:37:41","updated":"2025-08-28 17:16:38"},"aioseo_breadcrumb":"<div class=\"aioseo-breadcrumbs\"><span class=\"aioseo-breadcrumb\">\n\t<a href=\"https:\/\/eldigitaldeasturias.com\/radio\" title=\"Inicio\">Inicio<\/a>\n<\/span><span class=\"aioseo-breadcrumb-separator\">&ndash;<\/span><span class=\"aioseo-breadcrumb\">\n\t<a href=\"https:\/\/eldigitaldeasturias.com\/radio\/category\/noticias\/\" title=\"Noticias\">Noticias<\/a>\n<\/span><span class=\"aioseo-breadcrumb-separator\">&ndash;<\/span><span class=\"aioseo-breadcrumb\">\n\tAprobadas indemnizaciones para las v\u00edctimas del conflicto entre las Fuerzas Armadas y Sendero Luminoso\n<\/span><\/div>","aioseo_breadcrumb_json":[{"label":"Inicio","link":"https:\/\/eldigitaldeasturias.com\/radio"},{"label":"Noticias","link":"https:\/\/eldigitaldeasturias.com\/radio\/category\/noticias\/"},{"label":"Aprobadas indemnizaciones para las v\u00edctimas del conflicto entre las Fuerzas Armadas y Sendero Luminoso","link":"https:\/\/eldigitaldeasturias.com\/radio\/aprobadas-indemnizaciones-para-las-victimas-del-conflicto-entre-las-fuerzas-armadas-y-sendero-luminoso\/"}],"_links":{"self":[{"href":"https:\/\/eldigitaldeasturias.com\/radio\/wp-json\/wp\/v2\/posts\/5069","targetHints":{"allow":["GET"]}}],"collection":[{"href":"https:\/\/eldigitaldeasturias.com\/radio\/wp-json\/wp\/v2\/posts"}],"about":[{"href":"https:\/\/eldigitaldeasturias.com\/radio\/wp-json\/wp\/v2\/types\/post"}],"author":[{"embeddable":true,"href":"https:\/\/eldigitaldeasturias.com\/radio\/wp-json\/wp\/v2\/users\/1"}],"replies":[{"embeddable":true,"href":"https:\/\/eldigitaldeasturias.com\/radio\/wp-json\/wp\/v2\/comments?post=5069"}],"version-history":[{"count":0,"href":"https:\/\/eldigitaldeasturias.com\/radio\/wp-json\/wp\/v2\/posts\/5069\/revisions"}],"wp:featuredmedia":[{"embeddable":true,"href":"https:\/\/eldigitaldeasturias.com\/radio\/wp-json\/wp\/v2\/media\/5070"}],"wp:attachment":[{"href":"https:\/\/eldigitaldeasturias.com\/radio\/wp-json\/wp\/v2\/media?parent=5069"}],"wp:term":[{"taxonomy":"category","embeddable":true,"href":"https:\/\/eldigitaldeasturias.com\/radio\/wp-json\/wp\/v2\/categories?post=5069"},{"taxonomy":"post_tag","embeddable":true,"href":"https:\/\/eldigitaldeasturias.com\/radio\/wp-json\/wp\/v2\/tags?post=5069"}],"curies":[{"name":"wp","href":"https:\/\/api.w.org\/{rel}","templated":true}]}}