{"id":5053,"date":"2020-09-02T14:11:20","date_gmt":"2020-09-02T14:11:20","guid":{"rendered":"http:\/\/www.eldigitaldeasturias.com\/radio\/?p=5053"},"modified":"2020-09-02T14:11:20","modified_gmt":"2020-09-02T14:11:20","slug":"el-paro-baja-en-335-personas-en-agosto-en-asturias","status":"publish","type":"post","link":"https:\/\/eldigitaldeasturias.com\/radio\/el-paro-baja-en-335-personas-en-agosto-en-asturias\/","title":{"rendered":"El paro baja en 335 personas en agosto en Asturias"},"content":{"rendered":"<p><img fetchpriority=\"high\" decoding=\"async\" class=\"alignleft size-medium wp-image-5043\" src=\"http:\/\/www.eldigitaldeasturias.com\/radio\/wp-content\/uploads\/2020\/09\/startup-593341_1280-360x240.jpg\" alt=\"\" width=\"360\" height=\"240\" srcset=\"https:\/\/eldigitaldeasturias.com\/radio\/wp-content\/uploads\/2020\/09\/startup-593341_1280-360x240.jpg 360w, https:\/\/eldigitaldeasturias.com\/radio\/wp-content\/uploads\/2020\/09\/startup-593341_1280-1024x682.jpg 1024w, https:\/\/eldigitaldeasturias.com\/radio\/wp-content\/uploads\/2020\/09\/startup-593341_1280-768x512.jpg 768w, https:\/\/eldigitaldeasturias.com\/radio\/wp-content\/uploads\/2020\/09\/startup-593341_1280.jpg 1280w\" sizes=\"(max-width: 360px) 100vw, 360px\" \/>(EUROPA PRESS) &#8211;\u00a0El n\u00famero de parados registrados en las oficinas de empleo en el Principado de Asturias baj\u00f3 en 335 personas en agosto, lo que supone un 0,43% menos que en julio, frente al incremento medio nacional del 0,78%, seg\u00fan datos del Ministerio de Trabajo y Econom\u00eda Social publicados este mi\u00e9rcoles.<\/p>\n<p>Sin embargo, en comparaci\u00f3n con agosto de 2019, el paro se dispar\u00f3 en Asturias un 18,03%, menos que en el conjunto del pa\u00eds (24%), correspondiente a 11.808 desempleados m\u00e1s que entonces.<\/p>\n<p>De este modo, el Principado cuenta con 77.753 personas sin empleo en el octavo mes del a\u00f1o.<\/p>\n<p>En Espa\u00f1a, el paro subi\u00f3 en 29.780 desempleados en agosto, su menor incremento en este mes desde 2016, cuando aument\u00f3 en 14.435 personas.<\/p>\n<p>Tras la subida de agosto, lastrado por el final de la escasa temporada tur\u00edstica debido al impacto de la pandemia del Covid-19, el volumen total de parados se situ\u00f3 en 3.802.814 desempleados, su nivel m\u00e1s alto en un mes de agosto desde 2015.<\/p>\n<p>En Asturias, en agosto, el paro baj\u00f3 en los sectores de Servicios, con 406 desempleados menos, Construcci\u00f3n (-150) e Industria (-67), seg\u00fan los datos correspondiente a agosto. Por el contrario, subi\u00f3 el desempleo en el colectivo sin empleo anterior, con 253 parados m\u00e1s y en agricultura (35).<\/p>\n<p>Con todo, el sector servicios es el aglutinador principal de demandantes de empleo en la comunidad aut\u00f3noma, al sumar esta actividad econ\u00f3mica 55.029 desempleados, seguido del colectivo sin empleo anterior (con 7.754 parados), la industria (6.612), construcci\u00f3n (6.449), y la agricultura (1.454).<\/p>\n<p>M\u00e1s de la mitad de las personas apuntadas al paro en Asturias en el octavo mes del a\u00f1o eran mujeres, 42.594, frente a 34.704 hombres, y el grueso del total ten\u00edan m\u00e1s de 25 a\u00f1os (71.855 respecto a 5.443 menores de dicha edad).<\/p>\n<p>Entre el primer grupo, los mayores de 25 a\u00f1os, eran m\u00e1s numerosas las mujeres (40.178 frente a 31.677 hombres), mientras que en el segundo (los menores de 25) eran mayor\u00eda los hombres (3.027 respecto a 2.416).<\/p>\n<h2>EXTRANJEROS<\/h2>\n<p>Del total de parados apuntados a las oficinas del antiguo Inem en agosto en Asturias 6.191 eran extranjeros, 29 menos que en julio, lo que supone un descenso del 0,47%, por debajo de la media nacional (-63%).<\/p>\n<p>Sin embargo, en comparaci\u00f3n con igual mes de 2019, el desempleo entre este colectivo aument\u00f3 en 1.300 personas, un 26,58%, por debajo del conjunto del pa\u00eds (45,7%).<\/p>\n<p>La mayor parte de los extranjeros que buscaban trabajo en Asturias son de pa\u00edses extracomunitarios, 9.188 frente a 2.361 que proceden de estados europeos.<\/p>\n<p>Y el grueso de todos ellos quiere encontrar empleo en el sector servicios (3.610), seguido de la construcci\u00f3n (456), la industria (252) y la agricultura (304). Adem\u00e1s, 1.569 de los inmigrantes parados en Asturiasno han tenido trabajo con anterioridad.<\/p>\n<h2>CONTRATOS<\/h2>\n<p>La bajada del paro en agosto no se vio acompa\u00f1ada de un incremento de la contrataci\u00f3n puesto que \u00e9sta cay\u00f3 un 24,2% en Asturias (-27,2% en Espa\u00f1a) ya que durante el mes pasado se rubricaron en la regi\u00f3n 21.675 contratos, lo que supone 6.921 menos que en julio.<\/p>\n<p>En cuanto al descenso interanual de la contrataci\u00f3n, fue del 28,92% en Asturias, correspondiente a 8.818 contratos menos que en agosto de 2019. En el conjunto nacional la ca\u00edda fue del 26,4%.<\/p>\n<p>De los 21.675 contratos rubricados en agosto, 1.669 fueron indefinidos mientras que el resto, 20.006, ten\u00edan car\u00e1cter temporal.<\/p>\n<h2>DATOS NACIONALES<\/h2>\n<p>En Espa\u00f1a, en t\u00e9rminos desestacionalizados, el paro se redujo en el octavo mes del a\u00f1o en 34.371 personas.<\/p>\n<p>Con los \u00faltimos coletazos del verano y el fin de la temporada tur\u00edstica de un verano marcado por el Covid-19 finalizan muchos contratos vinculados a la estaci\u00f3n veraniega por lo que agosto es tradicionalmente un mal mes para el empleo. En todos los meses de agosto desde 2001 ha aumentado el paro registrado, salvo en 2013, cuando se redujo en 31 personas.<\/p>\n<p>Seg\u00fan el Ministerio de Empleo, el aumento del paro en agosto es inferior al que se ha producido en este mismo mes en los \u00faltimos cuatro a\u00f1os. De hecho, supone un 45% menos del incremento registrado en agosto de 2019, en plena fase expansiva de la econom\u00eda, cuando el desempleo aument\u00f3 en 54.371 personas respecto al mes de julio de 2019.<\/p>\n<p>Por sectores, el paro registrado se redujo en el sector de la Agricultura en 13.523 personas (-6,61%).<\/p>\n<p>Subi\u00f3, sobre todo, en Servicios, con 20.216 personas m\u00e1s (+0,76%)debido, en gran medida a las restricciones de movilidad determinadas por los principales pa\u00edses emisores de turismo del mercado espa\u00f1ol.<\/p>\n<p>Seg\u00fan Trabajo, el aumento del paro en el sector Servicios no alcanza ni el 10% del que se produjo en los meses de marzo y abril.<\/p>\n<p>En la Construcci\u00f3n se produjo un incremento en 7.983 personas (+2,68%) y la Industria anot\u00f3 en agosto 2.981 inscritos m\u00e1s (+0,96%), al tiempo que el colectivo Sin Empleo Anterior se increment\u00f3 en 11.853 (+3,78%).<\/p>\n<p>Asimismo, el paro subi\u00f3 en agosto entre las mujeres en 20.327 (+0,93%), hasta un total de 2.197.913 trabajadoras inscritas.<\/p>\n<p>Trabajo ha explicado que el paro femenino solo se redujo durante el mes de julio desde el inicio de la pandemia y sigue manteniendo un saldo negativo para el empleo.<\/p>\n<p>Tras tres meses de ca\u00edda, el paro masculino aument\u00f3, por su parte, en 9.453 trabajadores (+0,59%), hasta un total de 1.604.901 inscritos.<\/p>\n<p>Asimismo, el desempleo entre los j\u00f3venes menores de 25 a\u00f1os se increment\u00f3 en agosto en 7.804 personas (+2,43%) respecto al mes anterior.<\/p>\n","protected":false},"excerpt":{"rendered":"<p>(EUROPA PRESS) &#8211;\u00a0El n\u00famero de parados registrados en las oficinas de empleo en el Principado de Asturias baj\u00f3 en 335 personas en agosto, lo que supone un 0,43% menos que en julio, frente al incremento medio nacional del 0,78%, seg\u00fan datos del Ministerio de Trabajo y Econom\u00eda Social publicados este mi\u00e9rcoles. Sin embargo, en comparaci\u00f3n<\/p>\n","protected":false},"author":1,"featured_media":5043,"comment_status":"closed","ping_status":"closed","sticky":false,"template":"","format":"standard","meta":{"footnotes":""},"categories":[1],"tags":[],"class_list":{"0":"post-5053","1":"post","2":"type-post","3":"status-publish","4":"format-standard","5":"has-post-thumbnail","7":"category-noticias"},"aioseo_notices":[],"aioseo_head":"\n\t\t<!-- All in One SEO Pro 4.9.6.2 - aioseo.com -->\n\t<meta name=\"description\" content=\"(EUROPA PRESS) - El n\u00famero de parados registrados en las oficinas de empleo en el Principado de Asturias baj\u00f3 en 335 personas en agosto, lo que supone un 0,43% menos que en julio, frente al incremento medio nacional del 0,78%, seg\u00fan datos del Ministerio de Trabajo y Econom\u00eda Social publicados este mi\u00e9rcoles. Sin embargo, en comparaci\u00f3n\" \/>\n\t<meta name=\"robots\" content=\"max-image-preview:large\" \/>\n\t<meta name=\"author\" content=\"NBAsturias\"\/>\n\t<meta name=\"google-site-verification\" content=\"UA-38556648-1\" \/>\n\t<meta name=\"keywords\" content=\"noticias\" \/>\n\t<link rel=\"canonical\" href=\"https:\/\/eldigitaldeasturias.com\/radio\/el-paro-baja-en-335-personas-en-agosto-en-asturias\/\" \/>\n\t<meta name=\"generator\" content=\"All in One SEO Pro (AIOSEO) 4.9.6.2\" \/>\n\t\t<meta property=\"og:locale\" content=\"es_ES\" \/>\n\t\t<meta property=\"og:site_name\" content=\"El Digital de Asturias | Diario de informaci\u00f3n y noticias\" \/>\n\t\t<meta property=\"og:type\" content=\"article\" \/>\n\t\t<meta property=\"og:title\" content=\"El paro baja en 335 personas en agosto en Asturias | El Digital de Asturias\" \/>\n\t\t<meta property=\"og:description\" content=\"(EUROPA PRESS) - El n\u00famero de parados registrados en las oficinas de empleo en el Principado de Asturias baj\u00f3 en 335 personas en agosto, lo que supone un 0,43% menos que en julio, frente al incremento medio nacional del 0,78%, seg\u00fan datos del Ministerio de Trabajo y Econom\u00eda Social publicados este mi\u00e9rcoles. Sin embargo, en comparaci\u00f3n\" \/>\n\t\t<meta property=\"og:url\" content=\"https:\/\/eldigitaldeasturias.com\/radio\/el-paro-baja-en-335-personas-en-agosto-en-asturias\/\" \/>\n\t\t<meta property=\"og:image\" content=\"https:\/\/eldigitaldeasturias.com\/radio\/wp-content\/uploads\/2020\/09\/startup-593341_1280.jpg\" \/>\n\t\t<meta property=\"og:image:secure_url\" content=\"https:\/\/eldigitaldeasturias.com\/radio\/wp-content\/uploads\/2020\/09\/startup-593341_1280.jpg\" \/>\n\t\t<meta property=\"og:image:width\" content=\"1280\" \/>\n\t\t<meta property=\"og:image:height\" content=\"853\" \/>\n\t\t<meta property=\"article:published_time\" content=\"2020-09-02T14:11:20+00:00\" \/>\n\t\t<meta property=\"article:modified_time\" content=\"2020-09-02T14:11:20+00:00\" \/>\n\t\t<meta name=\"twitter:card\" content=\"summary_large_image\" \/>\n\t\t<meta name=\"twitter:site\" content=\"@bercodi\" \/>\n\t\t<meta name=\"twitter:title\" content=\"El paro baja en 335 personas en agosto en Asturias | El Digital de Asturias\" \/>\n\t\t<meta name=\"twitter:description\" content=\"(EUROPA PRESS) - El n\u00famero de parados registrados en las oficinas de empleo en el Principado de Asturias baj\u00f3 en 335 personas en agosto, lo que supone un 0,43% menos que en julio, frente al incremento medio nacional del 0,78%, seg\u00fan datos del Ministerio de Trabajo y Econom\u00eda Social publicados este mi\u00e9rcoles. Sin embargo, en comparaci\u00f3n\" \/>\n\t\t<meta name=\"twitter:creator\" content=\"@bercodi\" \/>\n\t\t<meta name=\"twitter:image\" content=\"https:\/\/eldigitaldeasturias.com\/radio\/wp-content\/uploads\/2020\/09\/startup-593341_1280.jpg\" \/>\n\t\t<script type=\"application\/ld+json\" class=\"aioseo-schema\">\n\t\t\t{\"@context\":\"https:\\\/\\\/schema.org\",\"@graph\":[{\"@type\":\"BreadcrumbList\",\"@id\":\"https:\\\/\\\/eldigitaldeasturias.com\\\/radio\\\/el-paro-baja-en-335-personas-en-agosto-en-asturias\\\/#breadcrumblist\",\"itemListElement\":[{\"@type\":\"ListItem\",\"@id\":\"https:\\\/\\\/eldigitaldeasturias.com\\\/radio#listItem\",\"position\":1,\"name\":\"Inicio\",\"item\":\"https:\\\/\\\/eldigitaldeasturias.com\\\/radio\",\"nextItem\":{\"@type\":\"ListItem\",\"@id\":\"https:\\\/\\\/eldigitaldeasturias.com\\\/radio\\\/category\\\/noticias\\\/#listItem\",\"name\":\"Noticias\"}},{\"@type\":\"ListItem\",\"@id\":\"https:\\\/\\\/eldigitaldeasturias.com\\\/radio\\\/category\\\/noticias\\\/#listItem\",\"position\":2,\"name\":\"Noticias\",\"item\":\"https:\\\/\\\/eldigitaldeasturias.com\\\/radio\\\/category\\\/noticias\\\/\",\"nextItem\":{\"@type\":\"ListItem\",\"@id\":\"https:\\\/\\\/eldigitaldeasturias.com\\\/radio\\\/el-paro-baja-en-335-personas-en-agosto-en-asturias\\\/#listItem\",\"name\":\"El paro baja en 335 personas en agosto en Asturias\"},\"previousItem\":{\"@type\":\"ListItem\",\"@id\":\"https:\\\/\\\/eldigitaldeasturias.com\\\/radio#listItem\",\"name\":\"Inicio\"}},{\"@type\":\"ListItem\",\"@id\":\"https:\\\/\\\/eldigitaldeasturias.com\\\/radio\\\/el-paro-baja-en-335-personas-en-agosto-en-asturias\\\/#listItem\",\"position\":3,\"name\":\"El paro baja en 335 personas en agosto en Asturias\",\"previousItem\":{\"@type\":\"ListItem\",\"@id\":\"https:\\\/\\\/eldigitaldeasturias.com\\\/radio\\\/category\\\/noticias\\\/#listItem\",\"name\":\"Noticias\"}}]},{\"@type\":\"NewsArticle\",\"@id\":\"https:\\\/\\\/eldigitaldeasturias.com\\\/radio\\\/el-paro-baja-en-335-personas-en-agosto-en-asturias\\\/#newsarticle\",\"name\":\"El paro baja en 335 personas en agosto en Asturias | El Digital de Asturias\",\"headline\":\"El paro baja en 335 personas en agosto en Asturias\",\"author\":{\"@id\":\"https:\\\/\\\/eldigitaldeasturias.com\\\/radio\\\/author\\\/nbasturias\\\/#author\"},\"publisher\":{\"@id\":\"https:\\\/\\\/eldigitaldeasturias.com\\\/radio\\\/#organization\"},\"image\":{\"@type\":\"ImageObject\",\"url\":\"https:\\\/\\\/eldigitaldeasturias.com\\\/radio\\\/wp-content\\\/uploads\\\/2020\\\/09\\\/startup-593341_1280.jpg\",\"width\":1280,\"height\":853},\"datePublished\":\"2020-09-02T14:11:20+02:00\",\"dateModified\":\"2020-09-02T14:11:20+02:00\",\"inLanguage\":\"es-ES\",\"mainEntityOfPage\":{\"@id\":\"https:\\\/\\\/eldigitaldeasturias.com\\\/radio\\\/el-paro-baja-en-335-personas-en-agosto-en-asturias\\\/#webpage\"},\"isPartOf\":{\"@id\":\"https:\\\/\\\/eldigitaldeasturias.com\\\/radio\\\/el-paro-baja-en-335-personas-en-agosto-en-asturias\\\/#webpage\"},\"articleSection\":\"Noticias\",\"dateline\":\"Publicado el septiembre 2, 2020.\"},{\"@type\":\"Organization\",\"@id\":\"https:\\\/\\\/eldigitaldeasturias.com\\\/radio\\\/#organization\",\"name\":\"El digital de Asturias Radio\",\"description\":\"Diario de informaci\\u00f3n y noticias\",\"url\":\"https:\\\/\\\/eldigitaldeasturias.com\\\/radio\\\/\",\"telephone\":\"+34652131393\",\"logo\":{\"@type\":\"ImageObject\",\"url\":\"https:\\\/\\\/www.eldigitaldeasturias.com\\\/radio\\\/wp-content\\\/uploads\\\/2021\\\/03\\\/EDA.jpg\",\"@id\":\"https:\\\/\\\/eldigitaldeasturias.com\\\/radio\\\/el-paro-baja-en-335-personas-en-agosto-en-asturias\\\/#organizationLogo\"},\"image\":{\"@id\":\"https:\\\/\\\/eldigitaldeasturias.com\\\/radio\\\/el-paro-baja-en-335-personas-en-agosto-en-asturias\\\/#organizationLogo\"},\"sameAs\":[\"https:\\\/\\\/www.facebook.com\\\/\",\"https:\\\/\\\/x.com\\\/bercodi\",\"https:\\\/\\\/www.instagram.com\\\/\",\"https:\\\/\\\/www.youtube.com\\\/channel\\\/UCZP-2wLEB9Rv6erhFmqVnvg\"]},{\"@type\":\"Person\",\"@id\":\"https:\\\/\\\/eldigitaldeasturias.com\\\/radio\\\/author\\\/nbasturias\\\/#author\",\"url\":\"https:\\\/\\\/eldigitaldeasturias.com\\\/radio\\\/author\\\/nbasturias\\\/\",\"name\":\"NBAsturias\",\"image\":{\"@type\":\"ImageObject\",\"@id\":\"https:\\\/\\\/eldigitaldeasturias.com\\\/radio\\\/el-paro-baja-en-335-personas-en-agosto-en-asturias\\\/#authorImage\",\"url\":\"https:\\\/\\\/secure.gravatar.com\\\/avatar\\\/df2aeffc32bcd13f8d26072ef8a91b623d677766deac7f97ca815868cd41bf5e?s=96&d=mm&r=g\",\"width\":96,\"height\":96,\"caption\":\"NBAsturias\"}},{\"@type\":\"WebPage\",\"@id\":\"https:\\\/\\\/eldigitaldeasturias.com\\\/radio\\\/el-paro-baja-en-335-personas-en-agosto-en-asturias\\\/#webpage\",\"url\":\"https:\\\/\\\/eldigitaldeasturias.com\\\/radio\\\/el-paro-baja-en-335-personas-en-agosto-en-asturias\\\/\",\"name\":\"El paro baja en 335 personas en agosto en Asturias | El Digital de Asturias\",\"description\":\"(EUROPA PRESS) - El n\\u00famero de parados registrados en las oficinas de empleo en el Principado de Asturias baj\\u00f3 en 335 personas en agosto, lo que supone un 0,43% menos que en julio, frente al incremento medio nacional del 0,78%, seg\\u00fan datos del Ministerio de Trabajo y Econom\\u00eda Social publicados este mi\\u00e9rcoles. Sin embargo, en comparaci\\u00f3n\",\"inLanguage\":\"es-ES\",\"isPartOf\":{\"@id\":\"https:\\\/\\\/eldigitaldeasturias.com\\\/radio\\\/#website\"},\"breadcrumb\":{\"@id\":\"https:\\\/\\\/eldigitaldeasturias.com\\\/radio\\\/el-paro-baja-en-335-personas-en-agosto-en-asturias\\\/#breadcrumblist\"},\"author\":{\"@id\":\"https:\\\/\\\/eldigitaldeasturias.com\\\/radio\\\/author\\\/nbasturias\\\/#author\"},\"creator\":{\"@id\":\"https:\\\/\\\/eldigitaldeasturias.com\\\/radio\\\/author\\\/nbasturias\\\/#author\"},\"image\":{\"@type\":\"ImageObject\",\"url\":\"https:\\\/\\\/eldigitaldeasturias.com\\\/radio\\\/wp-content\\\/uploads\\\/2020\\\/09\\\/startup-593341_1280.jpg\",\"@id\":\"https:\\\/\\\/eldigitaldeasturias.com\\\/radio\\\/el-paro-baja-en-335-personas-en-agosto-en-asturias\\\/#mainImage\",\"width\":1280,\"height\":853},\"primaryImageOfPage\":{\"@id\":\"https:\\\/\\\/eldigitaldeasturias.com\\\/radio\\\/el-paro-baja-en-335-personas-en-agosto-en-asturias\\\/#mainImage\"},\"datePublished\":\"2020-09-02T14:11:20+02:00\",\"dateModified\":\"2020-09-02T14:11:20+02:00\"},{\"@type\":\"WebSite\",\"@id\":\"https:\\\/\\\/eldigitaldeasturias.com\\\/radio\\\/#website\",\"url\":\"https:\\\/\\\/eldigitaldeasturias.com\\\/radio\\\/\",\"name\":\"El Digital de Asturias\",\"description\":\"Diario de informaci\\u00f3n y noticias\",\"inLanguage\":\"es-ES\",\"publisher\":{\"@id\":\"https:\\\/\\\/eldigitaldeasturias.com\\\/radio\\\/#organization\"}}]}\n\t\t<\/script>\n\t\t<!-- All in One SEO Pro -->\r\n\t\t<title>El paro baja en 335 personas en agosto en Asturias | El Digital de Asturias<\/title>\n\n","aioseo_head_json":{"title":"El paro baja en 335 personas en agosto en Asturias | El Digital de Asturias","description":"(EUROPA PRESS) - El n\u00famero de parados registrados en las oficinas de empleo en el Principado de Asturias baj\u00f3 en 335 personas en agosto, lo que supone un 0,43% menos que en julio, frente al incremento medio nacional del 0,78%, seg\u00fan datos del Ministerio de Trabajo y Econom\u00eda Social publicados este mi\u00e9rcoles. Sin embargo, en comparaci\u00f3n","canonical_url":"https:\/\/eldigitaldeasturias.com\/radio\/el-paro-baja-en-335-personas-en-agosto-en-asturias\/","robots":"max-image-preview:large","keywords":"noticias","webmasterTools":{"google-site-verification":"UA-38556648-1","miscellaneous":""},"schema":{"@context":"https:\/\/schema.org","@graph":[{"@type":"BreadcrumbList","@id":"https:\/\/eldigitaldeasturias.com\/radio\/el-paro-baja-en-335-personas-en-agosto-en-asturias\/#breadcrumblist","itemListElement":[{"@type":"ListItem","@id":"https:\/\/eldigitaldeasturias.com\/radio#listItem","position":1,"name":"Inicio","item":"https:\/\/eldigitaldeasturias.com\/radio","nextItem":{"@type":"ListItem","@id":"https:\/\/eldigitaldeasturias.com\/radio\/category\/noticias\/#listItem","name":"Noticias"}},{"@type":"ListItem","@id":"https:\/\/eldigitaldeasturias.com\/radio\/category\/noticias\/#listItem","position":2,"name":"Noticias","item":"https:\/\/eldigitaldeasturias.com\/radio\/category\/noticias\/","nextItem":{"@type":"ListItem","@id":"https:\/\/eldigitaldeasturias.com\/radio\/el-paro-baja-en-335-personas-en-agosto-en-asturias\/#listItem","name":"El paro baja en 335 personas en agosto en Asturias"},"previousItem":{"@type":"ListItem","@id":"https:\/\/eldigitaldeasturias.com\/radio#listItem","name":"Inicio"}},{"@type":"ListItem","@id":"https:\/\/eldigitaldeasturias.com\/radio\/el-paro-baja-en-335-personas-en-agosto-en-asturias\/#listItem","position":3,"name":"El paro baja en 335 personas en agosto en Asturias","previousItem":{"@type":"ListItem","@id":"https:\/\/eldigitaldeasturias.com\/radio\/category\/noticias\/#listItem","name":"Noticias"}}]},{"@type":"NewsArticle","@id":"https:\/\/eldigitaldeasturias.com\/radio\/el-paro-baja-en-335-personas-en-agosto-en-asturias\/#newsarticle","name":"El paro baja en 335 personas en agosto en Asturias | El Digital de Asturias","headline":"El paro baja en 335 personas en agosto en Asturias","author":{"@id":"https:\/\/eldigitaldeasturias.com\/radio\/author\/nbasturias\/#author"},"publisher":{"@id":"https:\/\/eldigitaldeasturias.com\/radio\/#organization"},"image":{"@type":"ImageObject","url":"https:\/\/eldigitaldeasturias.com\/radio\/wp-content\/uploads\/2020\/09\/startup-593341_1280.jpg","width":1280,"height":853},"datePublished":"2020-09-02T14:11:20+02:00","dateModified":"2020-09-02T14:11:20+02:00","inLanguage":"es-ES","mainEntityOfPage":{"@id":"https:\/\/eldigitaldeasturias.com\/radio\/el-paro-baja-en-335-personas-en-agosto-en-asturias\/#webpage"},"isPartOf":{"@id":"https:\/\/eldigitaldeasturias.com\/radio\/el-paro-baja-en-335-personas-en-agosto-en-asturias\/#webpage"},"articleSection":"Noticias","dateline":"Publicado el septiembre 2, 2020."},{"@type":"Organization","@id":"https:\/\/eldigitaldeasturias.com\/radio\/#organization","name":"El digital de Asturias Radio","description":"Diario de informaci\u00f3n y noticias","url":"https:\/\/eldigitaldeasturias.com\/radio\/","telephone":"+34652131393","logo":{"@type":"ImageObject","url":"https:\/\/www.eldigitaldeasturias.com\/radio\/wp-content\/uploads\/2021\/03\/EDA.jpg","@id":"https:\/\/eldigitaldeasturias.com\/radio\/el-paro-baja-en-335-personas-en-agosto-en-asturias\/#organizationLogo"},"image":{"@id":"https:\/\/eldigitaldeasturias.com\/radio\/el-paro-baja-en-335-personas-en-agosto-en-asturias\/#organizationLogo"},"sameAs":["https:\/\/www.facebook.com\/","https:\/\/x.com\/bercodi","https:\/\/www.instagram.com\/","https:\/\/www.youtube.com\/channel\/UCZP-2wLEB9Rv6erhFmqVnvg"]},{"@type":"Person","@id":"https:\/\/eldigitaldeasturias.com\/radio\/author\/nbasturias\/#author","url":"https:\/\/eldigitaldeasturias.com\/radio\/author\/nbasturias\/","name":"NBAsturias","image":{"@type":"ImageObject","@id":"https:\/\/eldigitaldeasturias.com\/radio\/el-paro-baja-en-335-personas-en-agosto-en-asturias\/#authorImage","url":"https:\/\/secure.gravatar.com\/avatar\/df2aeffc32bcd13f8d26072ef8a91b623d677766deac7f97ca815868cd41bf5e?s=96&d=mm&r=g","width":96,"height":96,"caption":"NBAsturias"}},{"@type":"WebPage","@id":"https:\/\/eldigitaldeasturias.com\/radio\/el-paro-baja-en-335-personas-en-agosto-en-asturias\/#webpage","url":"https:\/\/eldigitaldeasturias.com\/radio\/el-paro-baja-en-335-personas-en-agosto-en-asturias\/","name":"El paro baja en 335 personas en agosto en Asturias | El Digital de Asturias","description":"(EUROPA PRESS) - El n\u00famero de parados registrados en las oficinas de empleo en el Principado de Asturias baj\u00f3 en 335 personas en agosto, lo que supone un 0,43% menos que en julio, frente al incremento medio nacional del 0,78%, seg\u00fan datos del Ministerio de Trabajo y Econom\u00eda Social publicados este mi\u00e9rcoles. Sin embargo, en comparaci\u00f3n","inLanguage":"es-ES","isPartOf":{"@id":"https:\/\/eldigitaldeasturias.com\/radio\/#website"},"breadcrumb":{"@id":"https:\/\/eldigitaldeasturias.com\/radio\/el-paro-baja-en-335-personas-en-agosto-en-asturias\/#breadcrumblist"},"author":{"@id":"https:\/\/eldigitaldeasturias.com\/radio\/author\/nbasturias\/#author"},"creator":{"@id":"https:\/\/eldigitaldeasturias.com\/radio\/author\/nbasturias\/#author"},"image":{"@type":"ImageObject","url":"https:\/\/eldigitaldeasturias.com\/radio\/wp-content\/uploads\/2020\/09\/startup-593341_1280.jpg","@id":"https:\/\/eldigitaldeasturias.com\/radio\/el-paro-baja-en-335-personas-en-agosto-en-asturias\/#mainImage","width":1280,"height":853},"primaryImageOfPage":{"@id":"https:\/\/eldigitaldeasturias.com\/radio\/el-paro-baja-en-335-personas-en-agosto-en-asturias\/#mainImage"},"datePublished":"2020-09-02T14:11:20+02:00","dateModified":"2020-09-02T14:11:20+02:00"},{"@type":"WebSite","@id":"https:\/\/eldigitaldeasturias.com\/radio\/#website","url":"https:\/\/eldigitaldeasturias.com\/radio\/","name":"El Digital de Asturias","description":"Diario de informaci\u00f3n y noticias","inLanguage":"es-ES","publisher":{"@id":"https:\/\/eldigitaldeasturias.com\/radio\/#organization"}}]},"og:locale":"es_ES","og:site_name":"El Digital de Asturias | Diario de informaci\u00f3n y noticias","og:type":"article","og:title":"El paro baja en 335 personas en agosto en Asturias | El Digital de Asturias","og:description":"(EUROPA PRESS) - El n\u00famero de parados registrados en las oficinas de empleo en el Principado de Asturias baj\u00f3 en 335 personas en agosto, lo que supone un 0,43% menos que en julio, frente al incremento medio nacional del 0,78%, seg\u00fan datos del Ministerio de Trabajo y Econom\u00eda Social publicados este mi\u00e9rcoles. Sin embargo, en comparaci\u00f3n","og:url":"https:\/\/eldigitaldeasturias.com\/radio\/el-paro-baja-en-335-personas-en-agosto-en-asturias\/","og:image":"https:\/\/eldigitaldeasturias.com\/radio\/wp-content\/uploads\/2020\/09\/startup-593341_1280.jpg","og:image:secure_url":"https:\/\/eldigitaldeasturias.com\/radio\/wp-content\/uploads\/2020\/09\/startup-593341_1280.jpg","og:image:width":1280,"og:image:height":853,"article:published_time":"2020-09-02T14:11:20+00:00","article:modified_time":"2020-09-02T14:11:20+00:00","twitter:card":"summary_large_image","twitter:site":"@bercodi","twitter:title":"El paro baja en 335 personas en agosto en Asturias | El Digital de Asturias","twitter:description":"(EUROPA PRESS) - El n\u00famero de parados registrados en las oficinas de empleo en el Principado de Asturias baj\u00f3 en 335 personas en agosto, lo que supone un 0,43% menos que en julio, frente al incremento medio nacional del 0,78%, seg\u00fan datos del Ministerio de Trabajo y Econom\u00eda Social publicados este mi\u00e9rcoles. Sin embargo, en comparaci\u00f3n","twitter:creator":"@bercodi","twitter:image":"https:\/\/eldigitaldeasturias.com\/radio\/wp-content\/uploads\/2020\/09\/startup-593341_1280.jpg"},"aioseo_meta_data":{"post_id":"5053","title":null,"description":"","keywords":"","keyphrases":null,"primary_term":null,"canonical_url":"","og_title":null,"og_description":null,"og_object_type":"default","og_image_type":"default","og_image_url":null,"og_image_width":null,"og_image_height":null,"og_image_custom_url":null,"og_image_custom_fields":null,"og_video":null,"og_custom_url":null,"og_article_section":null,"og_article_tags":null,"twitter_use_og":false,"twitter_card":"default","twitter_image_type":"default","twitter_image_url":null,"twitter_image_custom_url":null,"twitter_image_custom_fields":null,"twitter_title":null,"twitter_description":null,"schema":{"blockGraphs":[],"customGraphs":[],"default":{"data":{"Article":[],"Course":[],"Dataset":[],"FAQPage":[],"Movie":[],"Person":[],"Product":[],"ProductReview":[],"Car":[],"Recipe":[],"Service":[],"SoftwareApplication":[],"WebPage":[]},"graphName":"","isEnabled":true},"graphs":[],"defaultGraph":"","defaultPostTypeGraph":""},"schema_type":null,"schema_type_options":null,"pillar_content":false,"robots_default":true,"robots_noindex":false,"robots_noarchive":false,"robots_nosnippet":false,"robots_nofollow":false,"robots_noimageindex":false,"robots_noodp":false,"robots_notranslate":false,"robots_max_snippet":null,"robots_max_videopreview":null,"robots_max_imagepreview":"large","priority":null,"frequency":null,"location":null,"local_seo":null,"seo_analyzer_scan_date":"2025-08-28 17:12:39","breadcrumb_settings":null,"limit_modified_date":false,"open_ai":null,"ai":null,"created":"2021-03-25 10:37:41","updated":"2025-08-28 17:12:39"},"aioseo_breadcrumb":"<div class=\"aioseo-breadcrumbs\"><span class=\"aioseo-breadcrumb\">\n\t<a href=\"https:\/\/eldigitaldeasturias.com\/radio\" title=\"Inicio\">Inicio<\/a>\n<\/span><span class=\"aioseo-breadcrumb-separator\">&ndash;<\/span><span class=\"aioseo-breadcrumb\">\n\t<a href=\"https:\/\/eldigitaldeasturias.com\/radio\/category\/noticias\/\" title=\"Noticias\">Noticias<\/a>\n<\/span><span class=\"aioseo-breadcrumb-separator\">&ndash;<\/span><span class=\"aioseo-breadcrumb\">\n\tEl paro baja en 335 personas en agosto en Asturias\n<\/span><\/div>","aioseo_breadcrumb_json":[{"label":"Inicio","link":"https:\/\/eldigitaldeasturias.com\/radio"},{"label":"Noticias","link":"https:\/\/eldigitaldeasturias.com\/radio\/category\/noticias\/"},{"label":"El paro baja en 335 personas en agosto en Asturias","link":"https:\/\/eldigitaldeasturias.com\/radio\/el-paro-baja-en-335-personas-en-agosto-en-asturias\/"}],"_links":{"self":[{"href":"https:\/\/eldigitaldeasturias.com\/radio\/wp-json\/wp\/v2\/posts\/5053","targetHints":{"allow":["GET"]}}],"collection":[{"href":"https:\/\/eldigitaldeasturias.com\/radio\/wp-json\/wp\/v2\/posts"}],"about":[{"href":"https:\/\/eldigitaldeasturias.com\/radio\/wp-json\/wp\/v2\/types\/post"}],"author":[{"embeddable":true,"href":"https:\/\/eldigitaldeasturias.com\/radio\/wp-json\/wp\/v2\/users\/1"}],"replies":[{"embeddable":true,"href":"https:\/\/eldigitaldeasturias.com\/radio\/wp-json\/wp\/v2\/comments?post=5053"}],"version-history":[{"count":0,"href":"https:\/\/eldigitaldeasturias.com\/radio\/wp-json\/wp\/v2\/posts\/5053\/revisions"}],"wp:featuredmedia":[{"embeddable":true,"href":"https:\/\/eldigitaldeasturias.com\/radio\/wp-json\/wp\/v2\/media\/5043"}],"wp:attachment":[{"href":"https:\/\/eldigitaldeasturias.com\/radio\/wp-json\/wp\/v2\/media?parent=5053"}],"wp:term":[{"taxonomy":"category","embeddable":true,"href":"https:\/\/eldigitaldeasturias.com\/radio\/wp-json\/wp\/v2\/categories?post=5053"},{"taxonomy":"post_tag","embeddable":true,"href":"https:\/\/eldigitaldeasturias.com\/radio\/wp-json\/wp\/v2\/tags?post=5053"}],"curies":[{"name":"wp","href":"https:\/\/api.w.org\/{rel}","templated":true}]}}