{"id":5050,"date":"2020-09-02T14:09:32","date_gmt":"2020-09-02T14:09:32","guid":{"rendered":"http:\/\/www.eldigitaldeasturias.com\/radio\/?p=5050"},"modified":"2020-09-02T14:09:32","modified_gmt":"2020-09-02T14:09:32","slug":"vox-oviedo-pide-frenar-la-inmigracion-ilegal","status":"publish","type":"post","link":"https:\/\/eldigitaldeasturias.com\/radio\/vox-oviedo-pide-frenar-la-inmigracion-ilegal\/","title":{"rendered":"Vox Oviedo pide frenar la inmigraci\u00f3n ilegal"},"content":{"rendered":"<figure id=\"attachment_5051\" aria-describedby=\"caption-attachment-5051\" style=\"width: 360px\" class=\"wp-caption alignleft\"><img fetchpriority=\"high\" decoding=\"async\" class=\"size-medium wp-image-5051\" src=\"http:\/\/www.eldigitaldeasturias.com\/radio\/wp-content\/uploads\/2020\/09\/Coto-360x263.jpg\" alt=\"\" width=\"360\" height=\"263\" srcset=\"https:\/\/eldigitaldeasturias.com\/radio\/wp-content\/uploads\/2020\/09\/Coto-360x263.jpg 360w, https:\/\/eldigitaldeasturias.com\/radio\/wp-content\/uploads\/2020\/09\/Coto-768x561.jpg 768w, https:\/\/eldigitaldeasturias.com\/radio\/wp-content\/uploads\/2020\/09\/Coto.jpg 890w\" sizes=\"(max-width: 360px) 100vw, 360px\" \/><figcaption id=\"caption-attachment-5051\" class=\"wp-caption-text\">Portavoz de Vox en el Ayuntamiento de Oviedo, Cristina Coto. &#8211; EUROPA PRESS<\/figcaption><\/figure>\n<p>(EUROPA PRESS) &#8211;\u00a0La portavoz de Vox en el Ayuntamiento de Oviedo, Cristina Coto, ha registrado una moci\u00f3n para que el Consistorio tome las medidas necesarias para frenar la inmigraci\u00f3n ilegal.<\/p>\n<p>\u00abDebemos dar apoyo y colaborar con las Fuerzas y cuerpos de seguridad del Estado (FCSE) en las labores de detenci\u00f3n, retenci\u00f3n de inmigrantes ilegales y sujeci\u00f3n al r\u00e9gimen de estancia temporal que proceda antes de su ordenada repatriaci\u00f3n\u00bb, ha dicho Coto.<\/p>\n<p>Aunque ha admitido que \u00aben Oviedo no es tan grave el problema\u00bb como en otras ciudades de Espa\u00f1a, ha indicado que en las \u00faltimas semanas se ha detectado \u00abun aumento exponencial de las llegadas a costas espa\u00f1olas de inmigrantes ilegales tra\u00eddos con la intervenci\u00f3n de mafias de tr\u00e1fico ilegal que operan tanto en la costa africana como en territorio nacional\u00bb.<\/p>\n<p>Seg\u00fan ha comentado, la Polic\u00eda Nacional y Guardia Civil no disponen de los medios personales, materiales y jur\u00eddicos necesarios para afrontar esta \u00abaut\u00e9ntica invasi\u00f3n inmigratoria\u00bb. Adem\u00e1s, ha afirmado que una parte considerable de los inmigrantes ilegales resultan positivos en los test PCR sobre el coronavirus.<\/p>\n<p>Vox exige en la iniciativa que se eliminen las subvenciones a fundaciones, ONG o asociaciones que colaboren con las mafias de tr\u00e1fico de seres humanos y que, adem\u00e1s, no colaboren con las Fuerzas y Cuerpos de Seguridad del Estado.<\/p>\n","protected":false},"excerpt":{"rendered":"<p>(EUROPA PRESS) &#8211;\u00a0La portavoz de Vox en el Ayuntamiento de Oviedo, Cristina Coto, ha registrado una moci\u00f3n para que el Consistorio tome las medidas necesarias para frenar la inmigraci\u00f3n ilegal. \u00abDebemos dar apoyo y colaborar con las Fuerzas y cuerpos de seguridad del Estado (FCSE) en las labores de detenci\u00f3n, retenci\u00f3n de inmigrantes ilegales y<\/p>\n","protected":false},"author":1,"featured_media":5051,"comment_status":"closed","ping_status":"closed","sticky":false,"template":"","format":"standard","meta":{"footnotes":""},"categories":[1],"tags":[],"class_list":{"0":"post-5050","1":"post","2":"type-post","3":"status-publish","4":"format-standard","5":"has-post-thumbnail","7":"category-noticias"},"aioseo_notices":[],"aioseo_head":"\n\t\t<!-- All in One SEO Pro 4.9.6.2 - aioseo.com -->\n\t<meta name=\"description\" content=\"(EUROPA PRESS) - La portavoz de Vox en el Ayuntamiento de Oviedo, Cristina Coto, ha registrado una moci\u00f3n para que el Consistorio tome las medidas necesarias para frenar la inmigraci\u00f3n ilegal. &quot;Debemos dar apoyo y colaborar con las Fuerzas y cuerpos de seguridad del Estado (FCSE) en las labores de detenci\u00f3n, retenci\u00f3n de inmigrantes ilegales y\" \/>\n\t<meta name=\"robots\" content=\"max-image-preview:large\" \/>\n\t<meta name=\"author\" content=\"NBAsturias\"\/>\n\t<meta name=\"google-site-verification\" content=\"UA-38556648-1\" \/>\n\t<meta name=\"keywords\" content=\"noticias\" \/>\n\t<link rel=\"canonical\" href=\"https:\/\/eldigitaldeasturias.com\/radio\/vox-oviedo-pide-frenar-la-inmigracion-ilegal\/\" \/>\n\t<meta name=\"generator\" content=\"All in One SEO Pro (AIOSEO) 4.9.6.2\" \/>\n\t\t<meta property=\"og:locale\" content=\"es_ES\" \/>\n\t\t<meta property=\"og:site_name\" content=\"El Digital de Asturias | Diario de informaci\u00f3n y noticias\" \/>\n\t\t<meta property=\"og:type\" content=\"article\" \/>\n\t\t<meta property=\"og:title\" content=\"Vox Oviedo pide frenar la inmigraci\u00f3n ilegal | El Digital de Asturias\" \/>\n\t\t<meta property=\"og:description\" content=\"(EUROPA PRESS) - La portavoz de Vox en el Ayuntamiento de Oviedo, Cristina Coto, ha registrado una moci\u00f3n para que el Consistorio tome las medidas necesarias para frenar la inmigraci\u00f3n ilegal. &quot;Debemos dar apoyo y colaborar con las Fuerzas y cuerpos de seguridad del Estado (FCSE) en las labores de detenci\u00f3n, retenci\u00f3n de inmigrantes ilegales y\" \/>\n\t\t<meta property=\"og:url\" content=\"https:\/\/eldigitaldeasturias.com\/radio\/vox-oviedo-pide-frenar-la-inmigracion-ilegal\/\" \/>\n\t\t<meta property=\"og:image\" content=\"https:\/\/eldigitaldeasturias.com\/radio\/wp-content\/uploads\/2020\/09\/Coto.jpg\" \/>\n\t\t<meta property=\"og:image:secure_url\" content=\"https:\/\/eldigitaldeasturias.com\/radio\/wp-content\/uploads\/2020\/09\/Coto.jpg\" \/>\n\t\t<meta property=\"og:image:width\" content=\"890\" \/>\n\t\t<meta property=\"og:image:height\" content=\"650\" \/>\n\t\t<meta property=\"article:published_time\" content=\"2020-09-02T14:09:32+00:00\" \/>\n\t\t<meta property=\"article:modified_time\" content=\"2020-09-02T14:09:32+00:00\" \/>\n\t\t<meta name=\"twitter:card\" content=\"summary_large_image\" \/>\n\t\t<meta name=\"twitter:site\" content=\"@bercodi\" \/>\n\t\t<meta name=\"twitter:title\" content=\"Vox Oviedo pide frenar la inmigraci\u00f3n ilegal | El Digital de Asturias\" \/>\n\t\t<meta name=\"twitter:description\" content=\"(EUROPA PRESS) - La portavoz de Vox en el Ayuntamiento de Oviedo, Cristina Coto, ha registrado una moci\u00f3n para que el Consistorio tome las medidas necesarias para frenar la inmigraci\u00f3n ilegal. &quot;Debemos dar apoyo y colaborar con las Fuerzas y cuerpos de seguridad del Estado (FCSE) en las labores de detenci\u00f3n, retenci\u00f3n de inmigrantes ilegales y\" \/>\n\t\t<meta name=\"twitter:creator\" content=\"@bercodi\" \/>\n\t\t<meta name=\"twitter:image\" content=\"https:\/\/eldigitaldeasturias.com\/radio\/wp-content\/uploads\/2020\/09\/Coto.jpg\" \/>\n\t\t<script type=\"application\/ld+json\" class=\"aioseo-schema\">\n\t\t\t{\"@context\":\"https:\\\/\\\/schema.org\",\"@graph\":[{\"@type\":\"BreadcrumbList\",\"@id\":\"https:\\\/\\\/eldigitaldeasturias.com\\\/radio\\\/vox-oviedo-pide-frenar-la-inmigracion-ilegal\\\/#breadcrumblist\",\"itemListElement\":[{\"@type\":\"ListItem\",\"@id\":\"https:\\\/\\\/eldigitaldeasturias.com\\\/radio#listItem\",\"position\":1,\"name\":\"Inicio\",\"item\":\"https:\\\/\\\/eldigitaldeasturias.com\\\/radio\",\"nextItem\":{\"@type\":\"ListItem\",\"@id\":\"https:\\\/\\\/eldigitaldeasturias.com\\\/radio\\\/category\\\/noticias\\\/#listItem\",\"name\":\"Noticias\"}},{\"@type\":\"ListItem\",\"@id\":\"https:\\\/\\\/eldigitaldeasturias.com\\\/radio\\\/category\\\/noticias\\\/#listItem\",\"position\":2,\"name\":\"Noticias\",\"item\":\"https:\\\/\\\/eldigitaldeasturias.com\\\/radio\\\/category\\\/noticias\\\/\",\"nextItem\":{\"@type\":\"ListItem\",\"@id\":\"https:\\\/\\\/eldigitaldeasturias.com\\\/radio\\\/vox-oviedo-pide-frenar-la-inmigracion-ilegal\\\/#listItem\",\"name\":\"Vox Oviedo pide frenar la inmigraci\\u00f3n ilegal\"},\"previousItem\":{\"@type\":\"ListItem\",\"@id\":\"https:\\\/\\\/eldigitaldeasturias.com\\\/radio#listItem\",\"name\":\"Inicio\"}},{\"@type\":\"ListItem\",\"@id\":\"https:\\\/\\\/eldigitaldeasturias.com\\\/radio\\\/vox-oviedo-pide-frenar-la-inmigracion-ilegal\\\/#listItem\",\"position\":3,\"name\":\"Vox Oviedo pide frenar la inmigraci\\u00f3n ilegal\",\"previousItem\":{\"@type\":\"ListItem\",\"@id\":\"https:\\\/\\\/eldigitaldeasturias.com\\\/radio\\\/category\\\/noticias\\\/#listItem\",\"name\":\"Noticias\"}}]},{\"@type\":\"NewsArticle\",\"@id\":\"https:\\\/\\\/eldigitaldeasturias.com\\\/radio\\\/vox-oviedo-pide-frenar-la-inmigracion-ilegal\\\/#newsarticle\",\"name\":\"Vox Oviedo pide frenar la inmigraci\\u00f3n ilegal | El Digital de Asturias\",\"headline\":\"Vox Oviedo pide frenar la inmigraci\\u00f3n ilegal\",\"author\":{\"@id\":\"https:\\\/\\\/eldigitaldeasturias.com\\\/radio\\\/author\\\/nbasturias\\\/#author\"},\"publisher\":{\"@id\":\"https:\\\/\\\/eldigitaldeasturias.com\\\/radio\\\/#organization\"},\"image\":{\"@type\":\"ImageObject\",\"url\":\"https:\\\/\\\/eldigitaldeasturias.com\\\/radio\\\/wp-content\\\/uploads\\\/2020\\\/09\\\/Coto.jpg\",\"width\":890,\"height\":650,\"caption\":\"Portavoz de Vox en el Ayuntamiento de Oviedo, Cristina Coto. - EUROPA PRESS\"},\"datePublished\":\"2020-09-02T14:09:32+02:00\",\"dateModified\":\"2020-09-02T14:09:32+02:00\",\"inLanguage\":\"es-ES\",\"mainEntityOfPage\":{\"@id\":\"https:\\\/\\\/eldigitaldeasturias.com\\\/radio\\\/vox-oviedo-pide-frenar-la-inmigracion-ilegal\\\/#webpage\"},\"isPartOf\":{\"@id\":\"https:\\\/\\\/eldigitaldeasturias.com\\\/radio\\\/vox-oviedo-pide-frenar-la-inmigracion-ilegal\\\/#webpage\"},\"articleSection\":\"Noticias\",\"dateline\":\"Publicado el septiembre 2, 2020.\"},{\"@type\":\"Organization\",\"@id\":\"https:\\\/\\\/eldigitaldeasturias.com\\\/radio\\\/#organization\",\"name\":\"El digital de Asturias Radio\",\"description\":\"Diario de informaci\\u00f3n y noticias\",\"url\":\"https:\\\/\\\/eldigitaldeasturias.com\\\/radio\\\/\",\"telephone\":\"+34652131393\",\"logo\":{\"@type\":\"ImageObject\",\"url\":\"https:\\\/\\\/www.eldigitaldeasturias.com\\\/radio\\\/wp-content\\\/uploads\\\/2021\\\/03\\\/EDA.jpg\",\"@id\":\"https:\\\/\\\/eldigitaldeasturias.com\\\/radio\\\/vox-oviedo-pide-frenar-la-inmigracion-ilegal\\\/#organizationLogo\"},\"image\":{\"@id\":\"https:\\\/\\\/eldigitaldeasturias.com\\\/radio\\\/vox-oviedo-pide-frenar-la-inmigracion-ilegal\\\/#organizationLogo\"},\"sameAs\":[\"https:\\\/\\\/www.facebook.com\\\/\",\"https:\\\/\\\/x.com\\\/bercodi\",\"https:\\\/\\\/www.instagram.com\\\/\",\"https:\\\/\\\/www.youtube.com\\\/channel\\\/UCZP-2wLEB9Rv6erhFmqVnvg\"]},{\"@type\":\"Person\",\"@id\":\"https:\\\/\\\/eldigitaldeasturias.com\\\/radio\\\/author\\\/nbasturias\\\/#author\",\"url\":\"https:\\\/\\\/eldigitaldeasturias.com\\\/radio\\\/author\\\/nbasturias\\\/\",\"name\":\"NBAsturias\",\"image\":{\"@type\":\"ImageObject\",\"@id\":\"https:\\\/\\\/eldigitaldeasturias.com\\\/radio\\\/vox-oviedo-pide-frenar-la-inmigracion-ilegal\\\/#authorImage\",\"url\":\"https:\\\/\\\/secure.gravatar.com\\\/avatar\\\/df2aeffc32bcd13f8d26072ef8a91b623d677766deac7f97ca815868cd41bf5e?s=96&d=mm&r=g\",\"width\":96,\"height\":96,\"caption\":\"NBAsturias\"}},{\"@type\":\"WebPage\",\"@id\":\"https:\\\/\\\/eldigitaldeasturias.com\\\/radio\\\/vox-oviedo-pide-frenar-la-inmigracion-ilegal\\\/#webpage\",\"url\":\"https:\\\/\\\/eldigitaldeasturias.com\\\/radio\\\/vox-oviedo-pide-frenar-la-inmigracion-ilegal\\\/\",\"name\":\"Vox Oviedo pide frenar la inmigraci\\u00f3n ilegal | El Digital de Asturias\",\"description\":\"(EUROPA PRESS) - La portavoz de Vox en el Ayuntamiento de Oviedo, Cristina Coto, ha registrado una moci\\u00f3n para que el Consistorio tome las medidas necesarias para frenar la inmigraci\\u00f3n ilegal. \\\"Debemos dar apoyo y colaborar con las Fuerzas y cuerpos de seguridad del Estado (FCSE) en las labores de detenci\\u00f3n, retenci\\u00f3n de inmigrantes ilegales y\",\"inLanguage\":\"es-ES\",\"isPartOf\":{\"@id\":\"https:\\\/\\\/eldigitaldeasturias.com\\\/radio\\\/#website\"},\"breadcrumb\":{\"@id\":\"https:\\\/\\\/eldigitaldeasturias.com\\\/radio\\\/vox-oviedo-pide-frenar-la-inmigracion-ilegal\\\/#breadcrumblist\"},\"author\":{\"@id\":\"https:\\\/\\\/eldigitaldeasturias.com\\\/radio\\\/author\\\/nbasturias\\\/#author\"},\"creator\":{\"@id\":\"https:\\\/\\\/eldigitaldeasturias.com\\\/radio\\\/author\\\/nbasturias\\\/#author\"},\"image\":{\"@type\":\"ImageObject\",\"url\":\"https:\\\/\\\/eldigitaldeasturias.com\\\/radio\\\/wp-content\\\/uploads\\\/2020\\\/09\\\/Coto.jpg\",\"@id\":\"https:\\\/\\\/eldigitaldeasturias.com\\\/radio\\\/vox-oviedo-pide-frenar-la-inmigracion-ilegal\\\/#mainImage\",\"width\":890,\"height\":650,\"caption\":\"Portavoz de Vox en el Ayuntamiento de Oviedo, Cristina Coto. - EUROPA PRESS\"},\"primaryImageOfPage\":{\"@id\":\"https:\\\/\\\/eldigitaldeasturias.com\\\/radio\\\/vox-oviedo-pide-frenar-la-inmigracion-ilegal\\\/#mainImage\"},\"datePublished\":\"2020-09-02T14:09:32+02:00\",\"dateModified\":\"2020-09-02T14:09:32+02:00\"},{\"@type\":\"WebSite\",\"@id\":\"https:\\\/\\\/eldigitaldeasturias.com\\\/radio\\\/#website\",\"url\":\"https:\\\/\\\/eldigitaldeasturias.com\\\/radio\\\/\",\"name\":\"El Digital de Asturias\",\"description\":\"Diario de informaci\\u00f3n y noticias\",\"inLanguage\":\"es-ES\",\"publisher\":{\"@id\":\"https:\\\/\\\/eldigitaldeasturias.com\\\/radio\\\/#organization\"}}]}\n\t\t<\/script>\n\t\t<!-- All in One SEO Pro -->\r\n\t\t<title>Vox Oviedo pide frenar la inmigraci\u00f3n ilegal | El Digital de Asturias<\/title>\n\n","aioseo_head_json":{"title":"Vox Oviedo pide frenar la inmigraci\u00f3n ilegal | El Digital de Asturias","description":"(EUROPA PRESS) - La portavoz de Vox en el Ayuntamiento de Oviedo, Cristina Coto, ha registrado una moci\u00f3n para que el Consistorio tome las medidas necesarias para frenar la inmigraci\u00f3n ilegal. \"Debemos dar apoyo y colaborar con las Fuerzas y cuerpos de seguridad del Estado (FCSE) en las labores de detenci\u00f3n, retenci\u00f3n de inmigrantes ilegales y","canonical_url":"https:\/\/eldigitaldeasturias.com\/radio\/vox-oviedo-pide-frenar-la-inmigracion-ilegal\/","robots":"max-image-preview:large","keywords":"noticias","webmasterTools":{"google-site-verification":"UA-38556648-1","miscellaneous":""},"schema":{"@context":"https:\/\/schema.org","@graph":[{"@type":"BreadcrumbList","@id":"https:\/\/eldigitaldeasturias.com\/radio\/vox-oviedo-pide-frenar-la-inmigracion-ilegal\/#breadcrumblist","itemListElement":[{"@type":"ListItem","@id":"https:\/\/eldigitaldeasturias.com\/radio#listItem","position":1,"name":"Inicio","item":"https:\/\/eldigitaldeasturias.com\/radio","nextItem":{"@type":"ListItem","@id":"https:\/\/eldigitaldeasturias.com\/radio\/category\/noticias\/#listItem","name":"Noticias"}},{"@type":"ListItem","@id":"https:\/\/eldigitaldeasturias.com\/radio\/category\/noticias\/#listItem","position":2,"name":"Noticias","item":"https:\/\/eldigitaldeasturias.com\/radio\/category\/noticias\/","nextItem":{"@type":"ListItem","@id":"https:\/\/eldigitaldeasturias.com\/radio\/vox-oviedo-pide-frenar-la-inmigracion-ilegal\/#listItem","name":"Vox Oviedo pide frenar la inmigraci\u00f3n ilegal"},"previousItem":{"@type":"ListItem","@id":"https:\/\/eldigitaldeasturias.com\/radio#listItem","name":"Inicio"}},{"@type":"ListItem","@id":"https:\/\/eldigitaldeasturias.com\/radio\/vox-oviedo-pide-frenar-la-inmigracion-ilegal\/#listItem","position":3,"name":"Vox Oviedo pide frenar la inmigraci\u00f3n ilegal","previousItem":{"@type":"ListItem","@id":"https:\/\/eldigitaldeasturias.com\/radio\/category\/noticias\/#listItem","name":"Noticias"}}]},{"@type":"NewsArticle","@id":"https:\/\/eldigitaldeasturias.com\/radio\/vox-oviedo-pide-frenar-la-inmigracion-ilegal\/#newsarticle","name":"Vox Oviedo pide frenar la inmigraci\u00f3n ilegal | El Digital de Asturias","headline":"Vox Oviedo pide frenar la inmigraci\u00f3n ilegal","author":{"@id":"https:\/\/eldigitaldeasturias.com\/radio\/author\/nbasturias\/#author"},"publisher":{"@id":"https:\/\/eldigitaldeasturias.com\/radio\/#organization"},"image":{"@type":"ImageObject","url":"https:\/\/eldigitaldeasturias.com\/radio\/wp-content\/uploads\/2020\/09\/Coto.jpg","width":890,"height":650,"caption":"Portavoz de Vox en el Ayuntamiento de Oviedo, Cristina Coto. - EUROPA PRESS"},"datePublished":"2020-09-02T14:09:32+02:00","dateModified":"2020-09-02T14:09:32+02:00","inLanguage":"es-ES","mainEntityOfPage":{"@id":"https:\/\/eldigitaldeasturias.com\/radio\/vox-oviedo-pide-frenar-la-inmigracion-ilegal\/#webpage"},"isPartOf":{"@id":"https:\/\/eldigitaldeasturias.com\/radio\/vox-oviedo-pide-frenar-la-inmigracion-ilegal\/#webpage"},"articleSection":"Noticias","dateline":"Publicado el septiembre 2, 2020."},{"@type":"Organization","@id":"https:\/\/eldigitaldeasturias.com\/radio\/#organization","name":"El digital de Asturias Radio","description":"Diario de informaci\u00f3n y noticias","url":"https:\/\/eldigitaldeasturias.com\/radio\/","telephone":"+34652131393","logo":{"@type":"ImageObject","url":"https:\/\/www.eldigitaldeasturias.com\/radio\/wp-content\/uploads\/2021\/03\/EDA.jpg","@id":"https:\/\/eldigitaldeasturias.com\/radio\/vox-oviedo-pide-frenar-la-inmigracion-ilegal\/#organizationLogo"},"image":{"@id":"https:\/\/eldigitaldeasturias.com\/radio\/vox-oviedo-pide-frenar-la-inmigracion-ilegal\/#organizationLogo"},"sameAs":["https:\/\/www.facebook.com\/","https:\/\/x.com\/bercodi","https:\/\/www.instagram.com\/","https:\/\/www.youtube.com\/channel\/UCZP-2wLEB9Rv6erhFmqVnvg"]},{"@type":"Person","@id":"https:\/\/eldigitaldeasturias.com\/radio\/author\/nbasturias\/#author","url":"https:\/\/eldigitaldeasturias.com\/radio\/author\/nbasturias\/","name":"NBAsturias","image":{"@type":"ImageObject","@id":"https:\/\/eldigitaldeasturias.com\/radio\/vox-oviedo-pide-frenar-la-inmigracion-ilegal\/#authorImage","url":"https:\/\/secure.gravatar.com\/avatar\/df2aeffc32bcd13f8d26072ef8a91b623d677766deac7f97ca815868cd41bf5e?s=96&d=mm&r=g","width":96,"height":96,"caption":"NBAsturias"}},{"@type":"WebPage","@id":"https:\/\/eldigitaldeasturias.com\/radio\/vox-oviedo-pide-frenar-la-inmigracion-ilegal\/#webpage","url":"https:\/\/eldigitaldeasturias.com\/radio\/vox-oviedo-pide-frenar-la-inmigracion-ilegal\/","name":"Vox Oviedo pide frenar la inmigraci\u00f3n ilegal | El Digital de Asturias","description":"(EUROPA PRESS) - La portavoz de Vox en el Ayuntamiento de Oviedo, Cristina Coto, ha registrado una moci\u00f3n para que el Consistorio tome las medidas necesarias para frenar la inmigraci\u00f3n ilegal. \"Debemos dar apoyo y colaborar con las Fuerzas y cuerpos de seguridad del Estado (FCSE) en las labores de detenci\u00f3n, retenci\u00f3n de inmigrantes ilegales y","inLanguage":"es-ES","isPartOf":{"@id":"https:\/\/eldigitaldeasturias.com\/radio\/#website"},"breadcrumb":{"@id":"https:\/\/eldigitaldeasturias.com\/radio\/vox-oviedo-pide-frenar-la-inmigracion-ilegal\/#breadcrumblist"},"author":{"@id":"https:\/\/eldigitaldeasturias.com\/radio\/author\/nbasturias\/#author"},"creator":{"@id":"https:\/\/eldigitaldeasturias.com\/radio\/author\/nbasturias\/#author"},"image":{"@type":"ImageObject","url":"https:\/\/eldigitaldeasturias.com\/radio\/wp-content\/uploads\/2020\/09\/Coto.jpg","@id":"https:\/\/eldigitaldeasturias.com\/radio\/vox-oviedo-pide-frenar-la-inmigracion-ilegal\/#mainImage","width":890,"height":650,"caption":"Portavoz de Vox en el Ayuntamiento de Oviedo, Cristina Coto. - EUROPA PRESS"},"primaryImageOfPage":{"@id":"https:\/\/eldigitaldeasturias.com\/radio\/vox-oviedo-pide-frenar-la-inmigracion-ilegal\/#mainImage"},"datePublished":"2020-09-02T14:09:32+02:00","dateModified":"2020-09-02T14:09:32+02:00"},{"@type":"WebSite","@id":"https:\/\/eldigitaldeasturias.com\/radio\/#website","url":"https:\/\/eldigitaldeasturias.com\/radio\/","name":"El Digital de Asturias","description":"Diario de informaci\u00f3n y noticias","inLanguage":"es-ES","publisher":{"@id":"https:\/\/eldigitaldeasturias.com\/radio\/#organization"}}]},"og:locale":"es_ES","og:site_name":"El Digital de Asturias | Diario de informaci\u00f3n y noticias","og:type":"article","og:title":"Vox Oviedo pide frenar la inmigraci\u00f3n ilegal | El Digital de Asturias","og:description":"(EUROPA PRESS) - La portavoz de Vox en el Ayuntamiento de Oviedo, Cristina Coto, ha registrado una moci\u00f3n para que el Consistorio tome las medidas necesarias para frenar la inmigraci\u00f3n ilegal. &quot;Debemos dar apoyo y colaborar con las Fuerzas y cuerpos de seguridad del Estado (FCSE) en las labores de detenci\u00f3n, retenci\u00f3n de inmigrantes ilegales y","og:url":"https:\/\/eldigitaldeasturias.com\/radio\/vox-oviedo-pide-frenar-la-inmigracion-ilegal\/","og:image":"https:\/\/eldigitaldeasturias.com\/radio\/wp-content\/uploads\/2020\/09\/Coto.jpg","og:image:secure_url":"https:\/\/eldigitaldeasturias.com\/radio\/wp-content\/uploads\/2020\/09\/Coto.jpg","og:image:width":890,"og:image:height":650,"article:published_time":"2020-09-02T14:09:32+00:00","article:modified_time":"2020-09-02T14:09:32+00:00","twitter:card":"summary_large_image","twitter:site":"@bercodi","twitter:title":"Vox Oviedo pide frenar la inmigraci\u00f3n ilegal | El Digital de Asturias","twitter:description":"(EUROPA PRESS) - La portavoz de Vox en el Ayuntamiento de Oviedo, Cristina Coto, ha registrado una moci\u00f3n para que el Consistorio tome las medidas necesarias para frenar la inmigraci\u00f3n ilegal. &quot;Debemos dar apoyo y colaborar con las Fuerzas y cuerpos de seguridad del Estado (FCSE) en las labores de detenci\u00f3n, retenci\u00f3n de inmigrantes ilegales y","twitter:creator":"@bercodi","twitter:image":"https:\/\/eldigitaldeasturias.com\/radio\/wp-content\/uploads\/2020\/09\/Coto.jpg"},"aioseo_meta_data":{"post_id":"5050","title":null,"description":"","keywords":"","keyphrases":null,"primary_term":null,"canonical_url":"","og_title":null,"og_description":null,"og_object_type":"default","og_image_type":"default","og_image_url":null,"og_image_width":null,"og_image_height":null,"og_image_custom_url":null,"og_image_custom_fields":null,"og_video":null,"og_custom_url":null,"og_article_section":null,"og_article_tags":null,"twitter_use_og":false,"twitter_card":"default","twitter_image_type":"default","twitter_image_url":null,"twitter_image_custom_url":null,"twitter_image_custom_fields":null,"twitter_title":null,"twitter_description":null,"schema":{"blockGraphs":[],"customGraphs":[],"default":{"data":{"Article":[],"Course":[],"Dataset":[],"FAQPage":[],"Movie":[],"Person":[],"Product":[],"ProductReview":[],"Car":[],"Recipe":[],"Service":[],"SoftwareApplication":[],"WebPage":[]},"graphName":"","isEnabled":true},"graphs":[],"defaultGraph":"","defaultPostTypeGraph":""},"schema_type":null,"schema_type_options":null,"pillar_content":false,"robots_default":true,"robots_noindex":false,"robots_noarchive":false,"robots_nosnippet":false,"robots_nofollow":false,"robots_noimageindex":false,"robots_noodp":false,"robots_notranslate":false,"robots_max_snippet":null,"robots_max_videopreview":null,"robots_max_imagepreview":"large","priority":null,"frequency":null,"location":null,"local_seo":null,"seo_analyzer_scan_date":"2025-08-28 17:12:38","breadcrumb_settings":null,"limit_modified_date":false,"open_ai":null,"ai":null,"created":"2021-03-25 10:37:41","updated":"2025-08-28 17:12:38"},"aioseo_breadcrumb":"<div class=\"aioseo-breadcrumbs\"><span class=\"aioseo-breadcrumb\">\n\t<a href=\"https:\/\/eldigitaldeasturias.com\/radio\" title=\"Inicio\">Inicio<\/a>\n<\/span><span class=\"aioseo-breadcrumb-separator\">&ndash;<\/span><span class=\"aioseo-breadcrumb\">\n\t<a href=\"https:\/\/eldigitaldeasturias.com\/radio\/category\/noticias\/\" title=\"Noticias\">Noticias<\/a>\n<\/span><span class=\"aioseo-breadcrumb-separator\">&ndash;<\/span><span class=\"aioseo-breadcrumb\">\n\tVox Oviedo pide frenar la inmigraci\u00f3n ilegal\n<\/span><\/div>","aioseo_breadcrumb_json":[{"label":"Inicio","link":"https:\/\/eldigitaldeasturias.com\/radio"},{"label":"Noticias","link":"https:\/\/eldigitaldeasturias.com\/radio\/category\/noticias\/"},{"label":"Vox Oviedo pide frenar la inmigraci\u00f3n ilegal","link":"https:\/\/eldigitaldeasturias.com\/radio\/vox-oviedo-pide-frenar-la-inmigracion-ilegal\/"}],"_links":{"self":[{"href":"https:\/\/eldigitaldeasturias.com\/radio\/wp-json\/wp\/v2\/posts\/5050","targetHints":{"allow":["GET"]}}],"collection":[{"href":"https:\/\/eldigitaldeasturias.com\/radio\/wp-json\/wp\/v2\/posts"}],"about":[{"href":"https:\/\/eldigitaldeasturias.com\/radio\/wp-json\/wp\/v2\/types\/post"}],"author":[{"embeddable":true,"href":"https:\/\/eldigitaldeasturias.com\/radio\/wp-json\/wp\/v2\/users\/1"}],"replies":[{"embeddable":true,"href":"https:\/\/eldigitaldeasturias.com\/radio\/wp-json\/wp\/v2\/comments?post=5050"}],"version-history":[{"count":0,"href":"https:\/\/eldigitaldeasturias.com\/radio\/wp-json\/wp\/v2\/posts\/5050\/revisions"}],"wp:featuredmedia":[{"embeddable":true,"href":"https:\/\/eldigitaldeasturias.com\/radio\/wp-json\/wp\/v2\/media\/5051"}],"wp:attachment":[{"href":"https:\/\/eldigitaldeasturias.com\/radio\/wp-json\/wp\/v2\/media?parent=5050"}],"wp:term":[{"taxonomy":"category","embeddable":true,"href":"https:\/\/eldigitaldeasturias.com\/radio\/wp-json\/wp\/v2\/categories?post=5050"},{"taxonomy":"post_tag","embeddable":true,"href":"https:\/\/eldigitaldeasturias.com\/radio\/wp-json\/wp\/v2\/tags?post=5050"}],"curies":[{"name":"wp","href":"https:\/\/api.w.org\/{rel}","templated":true}]}}