{"id":5048,"date":"2020-09-02T14:07:20","date_gmt":"2020-09-02T14:07:20","guid":{"rendered":"http:\/\/www.eldigitaldeasturias.com\/radio\/?p=5048"},"modified":"2020-09-02T14:07:20","modified_gmt":"2020-09-02T14:07:20","slug":"el-psoe-de-gijon-condena-los-ataques-al-equipo-de-gobierno","status":"publish","type":"post","link":"https:\/\/eldigitaldeasturias.com\/radio\/el-psoe-de-gijon-condena-los-ataques-al-equipo-de-gobierno\/","title":{"rendered":"El PSOE de Gij\u00f3n condena los \u00abataques\u00bb al equipo de gobierno"},"content":{"rendered":"<p><img fetchpriority=\"high\" decoding=\"async\" class=\"alignleft size-medium wp-image-4972\" src=\"http:\/\/www.eldigitaldeasturias.com\/radio\/wp-content\/uploads\/2020\/08\/Noticias-Urgentes-360x225.jpg\" alt=\"\" width=\"360\" height=\"225\" srcset=\"https:\/\/eldigitaldeasturias.com\/radio\/wp-content\/uploads\/2020\/08\/Noticias-Urgentes-360x225.jpg 360w, https:\/\/eldigitaldeasturias.com\/radio\/wp-content\/uploads\/2020\/08\/Noticias-Urgentes.jpg 640w\" sizes=\"(max-width: 360px) 100vw, 360px\" \/>(EUROPA PRESS) &#8211;\u00a0La Agrupaci\u00f3n Municipal Socialista de Gij\u00f3n ha emitido un comunicado en el que condena los \u00abataques\u00bb recibidos por el actual equipo de gobierno en la ciudad, liderado por Ana Gonz\u00e1lez.<\/p>\n<p>De esta forma, han manifestado los socialistas su preocupaci\u00f3n por los comentarios \u00abcada vez m\u00e1s agresivos, insultos incluidos, que se est\u00e1n vertiendo contra el equipo de gobierno municipal debido a las actuaciones adoptadas para garantizar la distancia de seguridad de la ciudadan\u00eda en la v\u00eda p\u00fablica, como medida de protecci\u00f3n contra la COVID-19\u00bb.<\/p>\n<p>Desde el PSOE de Gij\u00f3n hablan de una actitud \u00abdeliberada\u00bb de quienes \u00abtratan de extender el uso del insulto, las mentiras y las insinuaciones falsas, con el objetivo de buscar un uso partidista a lo que deber\u00eda ser un sano debate por el bien de todos\u00bb.<\/p>\n<p>La alcaldesa de Gij\u00f3n, Ana Gonz\u00e1lez, ya hab\u00eda rechazado esta semana la \u00abviolencia verbal\u00bb que estaba sufriendo. La concejala socialista Marina Pineda tambi\u00e9n se refiri\u00f3 a este asunto, a preguntas de los periodistas este martes tras la reuni\u00f3n de la junta de gobierno.<\/p>\n<p>Pineda mostr\u00f3 su preocupaci\u00f3n ante la \u00abcrispaci\u00f3n\u00bb que se estaba generando desde el \u00e1mbito pol\u00edtico. \u00abNo son tolerables ni los insultos ni las amenazas ni ese intento alentado por alg\u00fan grupo de crispar los \u00e1nimos\u00bb, a\u00f1adi\u00f3, instando al resto de formaciones pol\u00edticas a condenar esa \u00abviolencia verbal\u00bb que incluye \u00abataques personales\u00bb a miembros del equipo de gobierno.<\/p>\n","protected":false},"excerpt":{"rendered":"<p>(EUROPA PRESS) &#8211;\u00a0La Agrupaci\u00f3n Municipal Socialista de Gij\u00f3n ha emitido un comunicado en el que condena los \u00abataques\u00bb recibidos por el actual equipo de gobierno en la ciudad, liderado por Ana Gonz\u00e1lez. De esta forma, han manifestado los socialistas su preocupaci\u00f3n por los comentarios \u00abcada vez m\u00e1s agresivos, insultos incluidos, que se est\u00e1n vertiendo contra<\/p>\n","protected":false},"author":1,"featured_media":4972,"comment_status":"closed","ping_status":"closed","sticky":false,"template":"","format":"standard","meta":{"footnotes":""},"categories":[1],"tags":[],"class_list":{"0":"post-5048","1":"post","2":"type-post","3":"status-publish","4":"format-standard","5":"has-post-thumbnail","7":"category-noticias"},"aioseo_notices":[],"aioseo_head":"\n\t\t<!-- All in One SEO Pro 4.9.6.2 - aioseo.com -->\n\t<meta name=\"description\" content=\"(EUROPA PRESS) - La Agrupaci\u00f3n Municipal Socialista de Gij\u00f3n ha emitido un comunicado en el que condena los &quot;ataques&quot; recibidos por el actual equipo de gobierno en la ciudad, liderado por Ana Gonz\u00e1lez. De esta forma, han manifestado los socialistas su preocupaci\u00f3n por los comentarios &quot;cada vez m\u00e1s agresivos, insultos incluidos, que se est\u00e1n vertiendo contra\" \/>\n\t<meta name=\"robots\" content=\"max-image-preview:large\" \/>\n\t<meta name=\"author\" content=\"NBAsturias\"\/>\n\t<meta name=\"google-site-verification\" content=\"UA-38556648-1\" \/>\n\t<meta name=\"keywords\" content=\"noticias\" \/>\n\t<link rel=\"canonical\" href=\"https:\/\/eldigitaldeasturias.com\/radio\/el-psoe-de-gijon-condena-los-ataques-al-equipo-de-gobierno\/\" \/>\n\t<meta name=\"generator\" content=\"All in One SEO Pro (AIOSEO) 4.9.6.2\" \/>\n\t\t<meta property=\"og:locale\" content=\"es_ES\" \/>\n\t\t<meta property=\"og:site_name\" content=\"El Digital de Asturias | Diario de informaci\u00f3n y noticias\" \/>\n\t\t<meta property=\"og:type\" content=\"article\" \/>\n\t\t<meta property=\"og:title\" content=\"El PSOE de Gij\u00f3n condena los \u00abataques\u00bb al equipo de gobierno | El Digital de Asturias\" \/>\n\t\t<meta property=\"og:description\" content=\"(EUROPA PRESS) - La Agrupaci\u00f3n Municipal Socialista de Gij\u00f3n ha emitido un comunicado en el que condena los &quot;ataques&quot; recibidos por el actual equipo de gobierno en la ciudad, liderado por Ana Gonz\u00e1lez. De esta forma, han manifestado los socialistas su preocupaci\u00f3n por los comentarios &quot;cada vez m\u00e1s agresivos, insultos incluidos, que se est\u00e1n vertiendo contra\" \/>\n\t\t<meta property=\"og:url\" content=\"https:\/\/eldigitaldeasturias.com\/radio\/el-psoe-de-gijon-condena-los-ataques-al-equipo-de-gobierno\/\" \/>\n\t\t<meta property=\"og:image\" content=\"https:\/\/eldigitaldeasturias.com\/radio\/wp-content\/uploads\/2020\/08\/Noticias-Urgentes.jpg\" \/>\n\t\t<meta property=\"og:image:secure_url\" content=\"https:\/\/eldigitaldeasturias.com\/radio\/wp-content\/uploads\/2020\/08\/Noticias-Urgentes.jpg\" \/>\n\t\t<meta property=\"og:image:width\" content=\"640\" \/>\n\t\t<meta property=\"og:image:height\" content=\"400\" \/>\n\t\t<meta property=\"article:published_time\" content=\"2020-09-02T14:07:20+00:00\" \/>\n\t\t<meta property=\"article:modified_time\" content=\"2020-09-02T14:07:20+00:00\" \/>\n\t\t<meta name=\"twitter:card\" content=\"summary_large_image\" \/>\n\t\t<meta name=\"twitter:site\" content=\"@bercodi\" \/>\n\t\t<meta name=\"twitter:title\" content=\"El PSOE de Gij\u00f3n condena los \u00abataques\u00bb al equipo de gobierno | El Digital de Asturias\" \/>\n\t\t<meta name=\"twitter:description\" content=\"(EUROPA PRESS) - La Agrupaci\u00f3n Municipal Socialista de Gij\u00f3n ha emitido un comunicado en el que condena los &quot;ataques&quot; recibidos por el actual equipo de gobierno en la ciudad, liderado por Ana Gonz\u00e1lez. De esta forma, han manifestado los socialistas su preocupaci\u00f3n por los comentarios &quot;cada vez m\u00e1s agresivos, insultos incluidos, que se est\u00e1n vertiendo contra\" \/>\n\t\t<meta name=\"twitter:creator\" content=\"@bercodi\" \/>\n\t\t<meta name=\"twitter:image\" content=\"https:\/\/eldigitaldeasturias.com\/radio\/wp-content\/uploads\/2020\/08\/Noticias-Urgentes.jpg\" \/>\n\t\t<script type=\"application\/ld+json\" class=\"aioseo-schema\">\n\t\t\t{\"@context\":\"https:\\\/\\\/schema.org\",\"@graph\":[{\"@type\":\"BreadcrumbList\",\"@id\":\"https:\\\/\\\/eldigitaldeasturias.com\\\/radio\\\/el-psoe-de-gijon-condena-los-ataques-al-equipo-de-gobierno\\\/#breadcrumblist\",\"itemListElement\":[{\"@type\":\"ListItem\",\"@id\":\"https:\\\/\\\/eldigitaldeasturias.com\\\/radio#listItem\",\"position\":1,\"name\":\"Inicio\",\"item\":\"https:\\\/\\\/eldigitaldeasturias.com\\\/radio\",\"nextItem\":{\"@type\":\"ListItem\",\"@id\":\"https:\\\/\\\/eldigitaldeasturias.com\\\/radio\\\/category\\\/noticias\\\/#listItem\",\"name\":\"Noticias\"}},{\"@type\":\"ListItem\",\"@id\":\"https:\\\/\\\/eldigitaldeasturias.com\\\/radio\\\/category\\\/noticias\\\/#listItem\",\"position\":2,\"name\":\"Noticias\",\"item\":\"https:\\\/\\\/eldigitaldeasturias.com\\\/radio\\\/category\\\/noticias\\\/\",\"nextItem\":{\"@type\":\"ListItem\",\"@id\":\"https:\\\/\\\/eldigitaldeasturias.com\\\/radio\\\/el-psoe-de-gijon-condena-los-ataques-al-equipo-de-gobierno\\\/#listItem\",\"name\":\"El PSOE de Gij\\u00f3n condena los \\u00abataques\\u00bb al equipo de gobierno\"},\"previousItem\":{\"@type\":\"ListItem\",\"@id\":\"https:\\\/\\\/eldigitaldeasturias.com\\\/radio#listItem\",\"name\":\"Inicio\"}},{\"@type\":\"ListItem\",\"@id\":\"https:\\\/\\\/eldigitaldeasturias.com\\\/radio\\\/el-psoe-de-gijon-condena-los-ataques-al-equipo-de-gobierno\\\/#listItem\",\"position\":3,\"name\":\"El PSOE de Gij\\u00f3n condena los \\u00abataques\\u00bb al equipo de gobierno\",\"previousItem\":{\"@type\":\"ListItem\",\"@id\":\"https:\\\/\\\/eldigitaldeasturias.com\\\/radio\\\/category\\\/noticias\\\/#listItem\",\"name\":\"Noticias\"}}]},{\"@type\":\"NewsArticle\",\"@id\":\"https:\\\/\\\/eldigitaldeasturias.com\\\/radio\\\/el-psoe-de-gijon-condena-los-ataques-al-equipo-de-gobierno\\\/#newsarticle\",\"name\":\"El PSOE de Gij\\u00f3n condena los \\u00abataques\\u00bb al equipo de gobierno | El Digital de Asturias\",\"headline\":\"El PSOE de Gij\\u00f3n condena los \\u00abataques\\u00bb al equipo de gobierno\",\"author\":{\"@id\":\"https:\\\/\\\/eldigitaldeasturias.com\\\/radio\\\/author\\\/nbasturias\\\/#author\"},\"publisher\":{\"@id\":\"https:\\\/\\\/eldigitaldeasturias.com\\\/radio\\\/#organization\"},\"image\":{\"@type\":\"ImageObject\",\"url\":\"https:\\\/\\\/eldigitaldeasturias.com\\\/radio\\\/wp-content\\\/uploads\\\/2020\\\/08\\\/Noticias-Urgentes.jpg\",\"width\":640,\"height\":400},\"datePublished\":\"2020-09-02T14:07:20+02:00\",\"dateModified\":\"2020-09-02T14:07:20+02:00\",\"inLanguage\":\"es-ES\",\"mainEntityOfPage\":{\"@id\":\"https:\\\/\\\/eldigitaldeasturias.com\\\/radio\\\/el-psoe-de-gijon-condena-los-ataques-al-equipo-de-gobierno\\\/#webpage\"},\"isPartOf\":{\"@id\":\"https:\\\/\\\/eldigitaldeasturias.com\\\/radio\\\/el-psoe-de-gijon-condena-los-ataques-al-equipo-de-gobierno\\\/#webpage\"},\"articleSection\":\"Noticias\",\"dateline\":\"Publicado el septiembre 2, 2020.\"},{\"@type\":\"Organization\",\"@id\":\"https:\\\/\\\/eldigitaldeasturias.com\\\/radio\\\/#organization\",\"name\":\"El digital de Asturias Radio\",\"description\":\"Diario de informaci\\u00f3n y noticias\",\"url\":\"https:\\\/\\\/eldigitaldeasturias.com\\\/radio\\\/\",\"telephone\":\"+34652131393\",\"logo\":{\"@type\":\"ImageObject\",\"url\":\"https:\\\/\\\/www.eldigitaldeasturias.com\\\/radio\\\/wp-content\\\/uploads\\\/2021\\\/03\\\/EDA.jpg\",\"@id\":\"https:\\\/\\\/eldigitaldeasturias.com\\\/radio\\\/el-psoe-de-gijon-condena-los-ataques-al-equipo-de-gobierno\\\/#organizationLogo\"},\"image\":{\"@id\":\"https:\\\/\\\/eldigitaldeasturias.com\\\/radio\\\/el-psoe-de-gijon-condena-los-ataques-al-equipo-de-gobierno\\\/#organizationLogo\"},\"sameAs\":[\"https:\\\/\\\/www.facebook.com\\\/\",\"https:\\\/\\\/x.com\\\/bercodi\",\"https:\\\/\\\/www.instagram.com\\\/\",\"https:\\\/\\\/www.youtube.com\\\/channel\\\/UCZP-2wLEB9Rv6erhFmqVnvg\"]},{\"@type\":\"Person\",\"@id\":\"https:\\\/\\\/eldigitaldeasturias.com\\\/radio\\\/author\\\/nbasturias\\\/#author\",\"url\":\"https:\\\/\\\/eldigitaldeasturias.com\\\/radio\\\/author\\\/nbasturias\\\/\",\"name\":\"NBAsturias\",\"image\":{\"@type\":\"ImageObject\",\"@id\":\"https:\\\/\\\/eldigitaldeasturias.com\\\/radio\\\/el-psoe-de-gijon-condena-los-ataques-al-equipo-de-gobierno\\\/#authorImage\",\"url\":\"https:\\\/\\\/secure.gravatar.com\\\/avatar\\\/df2aeffc32bcd13f8d26072ef8a91b623d677766deac7f97ca815868cd41bf5e?s=96&d=mm&r=g\",\"width\":96,\"height\":96,\"caption\":\"NBAsturias\"}},{\"@type\":\"WebPage\",\"@id\":\"https:\\\/\\\/eldigitaldeasturias.com\\\/radio\\\/el-psoe-de-gijon-condena-los-ataques-al-equipo-de-gobierno\\\/#webpage\",\"url\":\"https:\\\/\\\/eldigitaldeasturias.com\\\/radio\\\/el-psoe-de-gijon-condena-los-ataques-al-equipo-de-gobierno\\\/\",\"name\":\"El PSOE de Gij\\u00f3n condena los \\u00abataques\\u00bb al equipo de gobierno | El Digital de Asturias\",\"description\":\"(EUROPA PRESS) - La Agrupaci\\u00f3n Municipal Socialista de Gij\\u00f3n ha emitido un comunicado en el que condena los \\\"ataques\\\" recibidos por el actual equipo de gobierno en la ciudad, liderado por Ana Gonz\\u00e1lez. De esta forma, han manifestado los socialistas su preocupaci\\u00f3n por los comentarios \\\"cada vez m\\u00e1s agresivos, insultos incluidos, que se est\\u00e1n vertiendo contra\",\"inLanguage\":\"es-ES\",\"isPartOf\":{\"@id\":\"https:\\\/\\\/eldigitaldeasturias.com\\\/radio\\\/#website\"},\"breadcrumb\":{\"@id\":\"https:\\\/\\\/eldigitaldeasturias.com\\\/radio\\\/el-psoe-de-gijon-condena-los-ataques-al-equipo-de-gobierno\\\/#breadcrumblist\"},\"author\":{\"@id\":\"https:\\\/\\\/eldigitaldeasturias.com\\\/radio\\\/author\\\/nbasturias\\\/#author\"},\"creator\":{\"@id\":\"https:\\\/\\\/eldigitaldeasturias.com\\\/radio\\\/author\\\/nbasturias\\\/#author\"},\"image\":{\"@type\":\"ImageObject\",\"url\":\"https:\\\/\\\/eldigitaldeasturias.com\\\/radio\\\/wp-content\\\/uploads\\\/2020\\\/08\\\/Noticias-Urgentes.jpg\",\"@id\":\"https:\\\/\\\/eldigitaldeasturias.com\\\/radio\\\/el-psoe-de-gijon-condena-los-ataques-al-equipo-de-gobierno\\\/#mainImage\",\"width\":640,\"height\":400},\"primaryImageOfPage\":{\"@id\":\"https:\\\/\\\/eldigitaldeasturias.com\\\/radio\\\/el-psoe-de-gijon-condena-los-ataques-al-equipo-de-gobierno\\\/#mainImage\"},\"datePublished\":\"2020-09-02T14:07:20+02:00\",\"dateModified\":\"2020-09-02T14:07:20+02:00\"},{\"@type\":\"WebSite\",\"@id\":\"https:\\\/\\\/eldigitaldeasturias.com\\\/radio\\\/#website\",\"url\":\"https:\\\/\\\/eldigitaldeasturias.com\\\/radio\\\/\",\"name\":\"El Digital de Asturias\",\"description\":\"Diario de informaci\\u00f3n y noticias\",\"inLanguage\":\"es-ES\",\"publisher\":{\"@id\":\"https:\\\/\\\/eldigitaldeasturias.com\\\/radio\\\/#organization\"}}]}\n\t\t<\/script>\n\t\t<!-- All in One SEO Pro -->\r\n\t\t<title>El PSOE de Gij\u00f3n condena los \u00abataques\u00bb al equipo de gobierno | El Digital de Asturias<\/title>\n\n","aioseo_head_json":{"title":"El PSOE de Gij\u00f3n condena los \u00abataques\u00bb al equipo de gobierno | El Digital de Asturias","description":"(EUROPA PRESS) - La Agrupaci\u00f3n Municipal Socialista de Gij\u00f3n ha emitido un comunicado en el que condena los \"ataques\" recibidos por el actual equipo de gobierno en la ciudad, liderado por Ana Gonz\u00e1lez. De esta forma, han manifestado los socialistas su preocupaci\u00f3n por los comentarios \"cada vez m\u00e1s agresivos, insultos incluidos, que se est\u00e1n vertiendo contra","canonical_url":"https:\/\/eldigitaldeasturias.com\/radio\/el-psoe-de-gijon-condena-los-ataques-al-equipo-de-gobierno\/","robots":"max-image-preview:large","keywords":"noticias","webmasterTools":{"google-site-verification":"UA-38556648-1","miscellaneous":""},"schema":{"@context":"https:\/\/schema.org","@graph":[{"@type":"BreadcrumbList","@id":"https:\/\/eldigitaldeasturias.com\/radio\/el-psoe-de-gijon-condena-los-ataques-al-equipo-de-gobierno\/#breadcrumblist","itemListElement":[{"@type":"ListItem","@id":"https:\/\/eldigitaldeasturias.com\/radio#listItem","position":1,"name":"Inicio","item":"https:\/\/eldigitaldeasturias.com\/radio","nextItem":{"@type":"ListItem","@id":"https:\/\/eldigitaldeasturias.com\/radio\/category\/noticias\/#listItem","name":"Noticias"}},{"@type":"ListItem","@id":"https:\/\/eldigitaldeasturias.com\/radio\/category\/noticias\/#listItem","position":2,"name":"Noticias","item":"https:\/\/eldigitaldeasturias.com\/radio\/category\/noticias\/","nextItem":{"@type":"ListItem","@id":"https:\/\/eldigitaldeasturias.com\/radio\/el-psoe-de-gijon-condena-los-ataques-al-equipo-de-gobierno\/#listItem","name":"El PSOE de Gij\u00f3n condena los \u00abataques\u00bb al equipo de gobierno"},"previousItem":{"@type":"ListItem","@id":"https:\/\/eldigitaldeasturias.com\/radio#listItem","name":"Inicio"}},{"@type":"ListItem","@id":"https:\/\/eldigitaldeasturias.com\/radio\/el-psoe-de-gijon-condena-los-ataques-al-equipo-de-gobierno\/#listItem","position":3,"name":"El PSOE de Gij\u00f3n condena los \u00abataques\u00bb al equipo de gobierno","previousItem":{"@type":"ListItem","@id":"https:\/\/eldigitaldeasturias.com\/radio\/category\/noticias\/#listItem","name":"Noticias"}}]},{"@type":"NewsArticle","@id":"https:\/\/eldigitaldeasturias.com\/radio\/el-psoe-de-gijon-condena-los-ataques-al-equipo-de-gobierno\/#newsarticle","name":"El PSOE de Gij\u00f3n condena los \u00abataques\u00bb al equipo de gobierno | El Digital de Asturias","headline":"El PSOE de Gij\u00f3n condena los \u00abataques\u00bb al equipo de gobierno","author":{"@id":"https:\/\/eldigitaldeasturias.com\/radio\/author\/nbasturias\/#author"},"publisher":{"@id":"https:\/\/eldigitaldeasturias.com\/radio\/#organization"},"image":{"@type":"ImageObject","url":"https:\/\/eldigitaldeasturias.com\/radio\/wp-content\/uploads\/2020\/08\/Noticias-Urgentes.jpg","width":640,"height":400},"datePublished":"2020-09-02T14:07:20+02:00","dateModified":"2020-09-02T14:07:20+02:00","inLanguage":"es-ES","mainEntityOfPage":{"@id":"https:\/\/eldigitaldeasturias.com\/radio\/el-psoe-de-gijon-condena-los-ataques-al-equipo-de-gobierno\/#webpage"},"isPartOf":{"@id":"https:\/\/eldigitaldeasturias.com\/radio\/el-psoe-de-gijon-condena-los-ataques-al-equipo-de-gobierno\/#webpage"},"articleSection":"Noticias","dateline":"Publicado el septiembre 2, 2020."},{"@type":"Organization","@id":"https:\/\/eldigitaldeasturias.com\/radio\/#organization","name":"El digital de Asturias Radio","description":"Diario de informaci\u00f3n y noticias","url":"https:\/\/eldigitaldeasturias.com\/radio\/","telephone":"+34652131393","logo":{"@type":"ImageObject","url":"https:\/\/www.eldigitaldeasturias.com\/radio\/wp-content\/uploads\/2021\/03\/EDA.jpg","@id":"https:\/\/eldigitaldeasturias.com\/radio\/el-psoe-de-gijon-condena-los-ataques-al-equipo-de-gobierno\/#organizationLogo"},"image":{"@id":"https:\/\/eldigitaldeasturias.com\/radio\/el-psoe-de-gijon-condena-los-ataques-al-equipo-de-gobierno\/#organizationLogo"},"sameAs":["https:\/\/www.facebook.com\/","https:\/\/x.com\/bercodi","https:\/\/www.instagram.com\/","https:\/\/www.youtube.com\/channel\/UCZP-2wLEB9Rv6erhFmqVnvg"]},{"@type":"Person","@id":"https:\/\/eldigitaldeasturias.com\/radio\/author\/nbasturias\/#author","url":"https:\/\/eldigitaldeasturias.com\/radio\/author\/nbasturias\/","name":"NBAsturias","image":{"@type":"ImageObject","@id":"https:\/\/eldigitaldeasturias.com\/radio\/el-psoe-de-gijon-condena-los-ataques-al-equipo-de-gobierno\/#authorImage","url":"https:\/\/secure.gravatar.com\/avatar\/df2aeffc32bcd13f8d26072ef8a91b623d677766deac7f97ca815868cd41bf5e?s=96&d=mm&r=g","width":96,"height":96,"caption":"NBAsturias"}},{"@type":"WebPage","@id":"https:\/\/eldigitaldeasturias.com\/radio\/el-psoe-de-gijon-condena-los-ataques-al-equipo-de-gobierno\/#webpage","url":"https:\/\/eldigitaldeasturias.com\/radio\/el-psoe-de-gijon-condena-los-ataques-al-equipo-de-gobierno\/","name":"El PSOE de Gij\u00f3n condena los \u00abataques\u00bb al equipo de gobierno | El Digital de Asturias","description":"(EUROPA PRESS) - La Agrupaci\u00f3n Municipal Socialista de Gij\u00f3n ha emitido un comunicado en el que condena los \"ataques\" recibidos por el actual equipo de gobierno en la ciudad, liderado por Ana Gonz\u00e1lez. De esta forma, han manifestado los socialistas su preocupaci\u00f3n por los comentarios \"cada vez m\u00e1s agresivos, insultos incluidos, que se est\u00e1n vertiendo contra","inLanguage":"es-ES","isPartOf":{"@id":"https:\/\/eldigitaldeasturias.com\/radio\/#website"},"breadcrumb":{"@id":"https:\/\/eldigitaldeasturias.com\/radio\/el-psoe-de-gijon-condena-los-ataques-al-equipo-de-gobierno\/#breadcrumblist"},"author":{"@id":"https:\/\/eldigitaldeasturias.com\/radio\/author\/nbasturias\/#author"},"creator":{"@id":"https:\/\/eldigitaldeasturias.com\/radio\/author\/nbasturias\/#author"},"image":{"@type":"ImageObject","url":"https:\/\/eldigitaldeasturias.com\/radio\/wp-content\/uploads\/2020\/08\/Noticias-Urgentes.jpg","@id":"https:\/\/eldigitaldeasturias.com\/radio\/el-psoe-de-gijon-condena-los-ataques-al-equipo-de-gobierno\/#mainImage","width":640,"height":400},"primaryImageOfPage":{"@id":"https:\/\/eldigitaldeasturias.com\/radio\/el-psoe-de-gijon-condena-los-ataques-al-equipo-de-gobierno\/#mainImage"},"datePublished":"2020-09-02T14:07:20+02:00","dateModified":"2020-09-02T14:07:20+02:00"},{"@type":"WebSite","@id":"https:\/\/eldigitaldeasturias.com\/radio\/#website","url":"https:\/\/eldigitaldeasturias.com\/radio\/","name":"El Digital de Asturias","description":"Diario de informaci\u00f3n y noticias","inLanguage":"es-ES","publisher":{"@id":"https:\/\/eldigitaldeasturias.com\/radio\/#organization"}}]},"og:locale":"es_ES","og:site_name":"El Digital de Asturias | Diario de informaci\u00f3n y noticias","og:type":"article","og:title":"El PSOE de Gij\u00f3n condena los \u00abataques\u00bb al equipo de gobierno | El Digital de Asturias","og:description":"(EUROPA PRESS) - La Agrupaci\u00f3n Municipal Socialista de Gij\u00f3n ha emitido un comunicado en el que condena los &quot;ataques&quot; recibidos por el actual equipo de gobierno en la ciudad, liderado por Ana Gonz\u00e1lez. De esta forma, han manifestado los socialistas su preocupaci\u00f3n por los comentarios &quot;cada vez m\u00e1s agresivos, insultos incluidos, que se est\u00e1n vertiendo contra","og:url":"https:\/\/eldigitaldeasturias.com\/radio\/el-psoe-de-gijon-condena-los-ataques-al-equipo-de-gobierno\/","og:image":"https:\/\/eldigitaldeasturias.com\/radio\/wp-content\/uploads\/2020\/08\/Noticias-Urgentes.jpg","og:image:secure_url":"https:\/\/eldigitaldeasturias.com\/radio\/wp-content\/uploads\/2020\/08\/Noticias-Urgentes.jpg","og:image:width":640,"og:image:height":400,"article:published_time":"2020-09-02T14:07:20+00:00","article:modified_time":"2020-09-02T14:07:20+00:00","twitter:card":"summary_large_image","twitter:site":"@bercodi","twitter:title":"El PSOE de Gij\u00f3n condena los \u00abataques\u00bb al equipo de gobierno | El Digital de Asturias","twitter:description":"(EUROPA PRESS) - La Agrupaci\u00f3n Municipal Socialista de Gij\u00f3n ha emitido un comunicado en el que condena los &quot;ataques&quot; recibidos por el actual equipo de gobierno en la ciudad, liderado por Ana Gonz\u00e1lez. De esta forma, han manifestado los socialistas su preocupaci\u00f3n por los comentarios &quot;cada vez m\u00e1s agresivos, insultos incluidos, que se est\u00e1n vertiendo contra","twitter:creator":"@bercodi","twitter:image":"https:\/\/eldigitaldeasturias.com\/radio\/wp-content\/uploads\/2020\/08\/Noticias-Urgentes.jpg"},"aioseo_meta_data":{"post_id":"5048","title":null,"description":"","keywords":"","keyphrases":null,"primary_term":null,"canonical_url":"","og_title":null,"og_description":null,"og_object_type":"default","og_image_type":"default","og_image_url":null,"og_image_width":null,"og_image_height":null,"og_image_custom_url":null,"og_image_custom_fields":null,"og_video":null,"og_custom_url":null,"og_article_section":null,"og_article_tags":null,"twitter_use_og":false,"twitter_card":"default","twitter_image_type":"default","twitter_image_url":null,"twitter_image_custom_url":null,"twitter_image_custom_fields":null,"twitter_title":null,"twitter_description":null,"schema":{"blockGraphs":[],"customGraphs":[],"default":{"data":{"Article":[],"Course":[],"Dataset":[],"FAQPage":[],"Movie":[],"Person":[],"Product":[],"ProductReview":[],"Car":[],"Recipe":[],"Service":[],"SoftwareApplication":[],"WebPage":[]},"graphName":"","isEnabled":true},"graphs":[],"defaultGraph":"","defaultPostTypeGraph":""},"schema_type":null,"schema_type_options":null,"pillar_content":false,"robots_default":true,"robots_noindex":false,"robots_noarchive":false,"robots_nosnippet":false,"robots_nofollow":false,"robots_noimageindex":false,"robots_noodp":false,"robots_notranslate":false,"robots_max_snippet":null,"robots_max_videopreview":null,"robots_max_imagepreview":"large","priority":null,"frequency":null,"location":null,"local_seo":null,"seo_analyzer_scan_date":"2025-08-28 17:12:38","breadcrumb_settings":null,"limit_modified_date":false,"open_ai":null,"ai":null,"created":"2021-03-25 10:37:41","updated":"2025-08-28 17:12:38"},"aioseo_breadcrumb":"<div class=\"aioseo-breadcrumbs\"><span class=\"aioseo-breadcrumb\">\n\t<a href=\"https:\/\/eldigitaldeasturias.com\/radio\" title=\"Inicio\">Inicio<\/a>\n<\/span><span class=\"aioseo-breadcrumb-separator\">&ndash;<\/span><span class=\"aioseo-breadcrumb\">\n\t<a href=\"https:\/\/eldigitaldeasturias.com\/radio\/category\/noticias\/\" title=\"Noticias\">Noticias<\/a>\n<\/span><span class=\"aioseo-breadcrumb-separator\">&ndash;<\/span><span class=\"aioseo-breadcrumb\">\n\tEl PSOE de Gij\u00f3n condena los \u00abataques\u00bb al equipo de gobierno\n<\/span><\/div>","aioseo_breadcrumb_json":[{"label":"Inicio","link":"https:\/\/eldigitaldeasturias.com\/radio"},{"label":"Noticias","link":"https:\/\/eldigitaldeasturias.com\/radio\/category\/noticias\/"},{"label":"El PSOE de Gij\u00f3n condena los \u00abataques\u00bb al equipo de gobierno","link":"https:\/\/eldigitaldeasturias.com\/radio\/el-psoe-de-gijon-condena-los-ataques-al-equipo-de-gobierno\/"}],"_links":{"self":[{"href":"https:\/\/eldigitaldeasturias.com\/radio\/wp-json\/wp\/v2\/posts\/5048","targetHints":{"allow":["GET"]}}],"collection":[{"href":"https:\/\/eldigitaldeasturias.com\/radio\/wp-json\/wp\/v2\/posts"}],"about":[{"href":"https:\/\/eldigitaldeasturias.com\/radio\/wp-json\/wp\/v2\/types\/post"}],"author":[{"embeddable":true,"href":"https:\/\/eldigitaldeasturias.com\/radio\/wp-json\/wp\/v2\/users\/1"}],"replies":[{"embeddable":true,"href":"https:\/\/eldigitaldeasturias.com\/radio\/wp-json\/wp\/v2\/comments?post=5048"}],"version-history":[{"count":0,"href":"https:\/\/eldigitaldeasturias.com\/radio\/wp-json\/wp\/v2\/posts\/5048\/revisions"}],"wp:featuredmedia":[{"embeddable":true,"href":"https:\/\/eldigitaldeasturias.com\/radio\/wp-json\/wp\/v2\/media\/4972"}],"wp:attachment":[{"href":"https:\/\/eldigitaldeasturias.com\/radio\/wp-json\/wp\/v2\/media?parent=5048"}],"wp:term":[{"taxonomy":"category","embeddable":true,"href":"https:\/\/eldigitaldeasturias.com\/radio\/wp-json\/wp\/v2\/categories?post=5048"},{"taxonomy":"post_tag","embeddable":true,"href":"https:\/\/eldigitaldeasturias.com\/radio\/wp-json\/wp\/v2\/tags?post=5048"}],"curies":[{"name":"wp","href":"https:\/\/api.w.org\/{rel}","templated":true}]}}