{"id":5045,"date":"2020-09-02T14:03:23","date_gmt":"2020-09-02T14:03:23","guid":{"rendered":"http:\/\/www.eldigitaldeasturias.com\/radio\/?p=5045"},"modified":"2020-09-02T14:03:23","modified_gmt":"2020-09-02T14:03:23","slug":"fondo-covid-para-educacion-el-principado-recibira-325-millones","status":"publish","type":"post","link":"https:\/\/eldigitaldeasturias.com\/radio\/fondo-covid-para-educacion-el-principado-recibira-325-millones\/","title":{"rendered":"Fondo Covid para Educaci\u00f3n: El Principado recibir\u00e1 32,5 millones"},"content":{"rendered":"<figure id=\"attachment_5046\" aria-describedby=\"caption-attachment-5046\" style=\"width: 360px\" class=\"wp-caption alignleft\"><img fetchpriority=\"high\" decoding=\"async\" class=\"size-medium wp-image-5046\" src=\"http:\/\/www.eldigitaldeasturias.com\/radio\/wp-content\/uploads\/2020\/09\/Colegio-360x261.jpg\" alt=\"\" width=\"360\" height=\"261\" srcset=\"https:\/\/eldigitaldeasturias.com\/radio\/wp-content\/uploads\/2020\/09\/Colegio-360x261.jpg 360w, https:\/\/eldigitaldeasturias.com\/radio\/wp-content\/uploads\/2020\/09\/Colegio-768x556.jpg 768w, https:\/\/eldigitaldeasturias.com\/radio\/wp-content\/uploads\/2020\/09\/Colegio.jpg 893w\" sizes=\"(max-width: 360px) 100vw, 360px\" \/><figcaption id=\"caption-attachment-5046\" class=\"wp-caption-text\">Colegio en Oviedo &#8211; EUROPA PRESS<\/figcaption><\/figure>\n<p>(EUROPA PRESS) &#8211;\u00a0Andaluc\u00eda, Catalu\u00f1a y Madrid se repartir\u00e1n la mitad de los 2.000 millones del Fondo Covid que el Gobierno transferir\u00e1 a las comunidades aut\u00f3nomas para que inviertan en materia de Educaci\u00f3n, seg\u00fan la orden que publica el Bolet\u00edn Oficial del Estado (BOE) y que entra hoy en vigor. El Principado de Asturias recibir\u00e1 32,5 millones de euros.<\/p>\n<p>El libramiento de estos recursos se har\u00e1 efectivo antes de finalizar el mes de septiembre de 2020, seg\u00fan recoge el BOE. No obstante, la ministra de Hacienda, Mar\u00eda Jes\u00fas Montero, asegur\u00f3 ayer martes que el ministerio trabaja \u00abintensamente\u00bb para que los recursos lleguen a los gobiernos auton\u00f3micos la semana que viene.<\/p>\n<p>Para las comunidades del r\u00e9gimen com\u00fan, el 80 por ciento del dinero ha sido repartido en funci\u00f3n de la poblaci\u00f3n de 0 a 16 a\u00f1os seg\u00fan las cifras del padr\u00f3n a 1 de enero de 2019 y el otro 20 por ciento, teniendo en consideraci\u00f3n el gasto en educaci\u00f3n superior, se ha distribu\u00eddo en funci\u00f3n de la poblaci\u00f3n de 17 a 24 a\u00f1os. A Ceuta y Melilla ha sido asignado un importe de 7 millones de euros a cada ciudad aut\u00f3noma.<\/p>\n<p>As\u00ed, seg\u00fan la orden ministerial, Andaluc\u00eda recibir\u00e1 383,8 millones de euros, Catalu\u00f1a 337,4 y Madrid 291,6 millones. A la Comunidad Valenciana llegar\u00e1n 214,1 millones; a Galicia 92,9; a Castilla-La Mancha 89; Canarias recibir\u00e1 87,3 millones; Pa\u00eds Vasco 87,2 y Castilla y Le\u00f3n 84 millones.<\/p>\n<p>Asimismo, Murcia percibir\u00e1 73,1 millones; Arag\u00f3n 53,4 millones; Baleares 50,2 millones; Extremadura 43,2; Asturias 32,5; Navarra 29,2 Cantabria 22,1 y La Rioja 13 millones.<\/p>\n","protected":false},"excerpt":{"rendered":"<p>(EUROPA PRESS) &#8211;\u00a0Andaluc\u00eda, Catalu\u00f1a y Madrid se repartir\u00e1n la mitad de los 2.000 millones del Fondo Covid que el Gobierno transferir\u00e1 a las comunidades aut\u00f3nomas para que inviertan en materia de Educaci\u00f3n, seg\u00fan la orden que publica el Bolet\u00edn Oficial del Estado (BOE) y que entra hoy en vigor. El Principado de Asturias recibir\u00e1 32,5<\/p>\n","protected":false},"author":1,"featured_media":5046,"comment_status":"closed","ping_status":"closed","sticky":false,"template":"","format":"standard","meta":{"footnotes":""},"categories":[1],"tags":[],"class_list":{"0":"post-5045","1":"post","2":"type-post","3":"status-publish","4":"format-standard","5":"has-post-thumbnail","7":"category-noticias"},"aioseo_notices":[],"aioseo_head":"\n\t\t<!-- All in One SEO Pro 4.9.6.2 - aioseo.com -->\n\t<meta name=\"description\" content=\"(EUROPA PRESS) - Andaluc\u00eda, Catalu\u00f1a y Madrid se repartir\u00e1n la mitad de los 2.000 millones del Fondo Covid que el Gobierno transferir\u00e1 a las comunidades aut\u00f3nomas para que inviertan en materia de Educaci\u00f3n, seg\u00fan la orden que publica el Bolet\u00edn Oficial del Estado (BOE) y que entra hoy en vigor. El Principado de Asturias recibir\u00e1 32,5\" \/>\n\t<meta name=\"robots\" content=\"max-image-preview:large\" \/>\n\t<meta name=\"author\" content=\"NBAsturias\"\/>\n\t<meta name=\"google-site-verification\" content=\"UA-38556648-1\" \/>\n\t<meta name=\"keywords\" content=\"noticias\" \/>\n\t<link rel=\"canonical\" href=\"https:\/\/eldigitaldeasturias.com\/radio\/fondo-covid-para-educacion-el-principado-recibira-325-millones\/\" \/>\n\t<meta name=\"generator\" content=\"All in One SEO Pro (AIOSEO) 4.9.6.2\" \/>\n\t\t<meta property=\"og:locale\" content=\"es_ES\" \/>\n\t\t<meta property=\"og:site_name\" content=\"El Digital de Asturias | Diario de informaci\u00f3n y noticias\" \/>\n\t\t<meta property=\"og:type\" content=\"article\" \/>\n\t\t<meta property=\"og:title\" content=\"Fondo Covid para Educaci\u00f3n: El Principado recibir\u00e1 32,5 millones | El Digital de Asturias\" \/>\n\t\t<meta property=\"og:description\" content=\"(EUROPA PRESS) - Andaluc\u00eda, Catalu\u00f1a y Madrid se repartir\u00e1n la mitad de los 2.000 millones del Fondo Covid que el Gobierno transferir\u00e1 a las comunidades aut\u00f3nomas para que inviertan en materia de Educaci\u00f3n, seg\u00fan la orden que publica el Bolet\u00edn Oficial del Estado (BOE) y que entra hoy en vigor. El Principado de Asturias recibir\u00e1 32,5\" \/>\n\t\t<meta property=\"og:url\" content=\"https:\/\/eldigitaldeasturias.com\/radio\/fondo-covid-para-educacion-el-principado-recibira-325-millones\/\" \/>\n\t\t<meta property=\"og:image\" content=\"https:\/\/eldigitaldeasturias.com\/radio\/wp-content\/uploads\/2020\/09\/Colegio.jpg\" \/>\n\t\t<meta property=\"og:image:secure_url\" content=\"https:\/\/eldigitaldeasturias.com\/radio\/wp-content\/uploads\/2020\/09\/Colegio.jpg\" \/>\n\t\t<meta property=\"og:image:width\" content=\"893\" \/>\n\t\t<meta property=\"og:image:height\" content=\"647\" \/>\n\t\t<meta property=\"article:published_time\" content=\"2020-09-02T14:03:23+00:00\" \/>\n\t\t<meta property=\"article:modified_time\" content=\"2020-09-02T14:03:23+00:00\" \/>\n\t\t<meta name=\"twitter:card\" content=\"summary_large_image\" \/>\n\t\t<meta name=\"twitter:site\" content=\"@bercodi\" \/>\n\t\t<meta name=\"twitter:title\" content=\"Fondo Covid para Educaci\u00f3n: El Principado recibir\u00e1 32,5 millones | El Digital de Asturias\" \/>\n\t\t<meta name=\"twitter:description\" content=\"(EUROPA PRESS) - Andaluc\u00eda, Catalu\u00f1a y Madrid se repartir\u00e1n la mitad de los 2.000 millones del Fondo Covid que el Gobierno transferir\u00e1 a las comunidades aut\u00f3nomas para que inviertan en materia de Educaci\u00f3n, seg\u00fan la orden que publica el Bolet\u00edn Oficial del Estado (BOE) y que entra hoy en vigor. El Principado de Asturias recibir\u00e1 32,5\" \/>\n\t\t<meta name=\"twitter:creator\" content=\"@bercodi\" \/>\n\t\t<meta name=\"twitter:image\" content=\"https:\/\/eldigitaldeasturias.com\/radio\/wp-content\/uploads\/2020\/09\/Colegio.jpg\" \/>\n\t\t<script type=\"application\/ld+json\" class=\"aioseo-schema\">\n\t\t\t{\"@context\":\"https:\\\/\\\/schema.org\",\"@graph\":[{\"@type\":\"BreadcrumbList\",\"@id\":\"https:\\\/\\\/eldigitaldeasturias.com\\\/radio\\\/fondo-covid-para-educacion-el-principado-recibira-325-millones\\\/#breadcrumblist\",\"itemListElement\":[{\"@type\":\"ListItem\",\"@id\":\"https:\\\/\\\/eldigitaldeasturias.com\\\/radio#listItem\",\"position\":1,\"name\":\"Inicio\",\"item\":\"https:\\\/\\\/eldigitaldeasturias.com\\\/radio\",\"nextItem\":{\"@type\":\"ListItem\",\"@id\":\"https:\\\/\\\/eldigitaldeasturias.com\\\/radio\\\/category\\\/noticias\\\/#listItem\",\"name\":\"Noticias\"}},{\"@type\":\"ListItem\",\"@id\":\"https:\\\/\\\/eldigitaldeasturias.com\\\/radio\\\/category\\\/noticias\\\/#listItem\",\"position\":2,\"name\":\"Noticias\",\"item\":\"https:\\\/\\\/eldigitaldeasturias.com\\\/radio\\\/category\\\/noticias\\\/\",\"nextItem\":{\"@type\":\"ListItem\",\"@id\":\"https:\\\/\\\/eldigitaldeasturias.com\\\/radio\\\/fondo-covid-para-educacion-el-principado-recibira-325-millones\\\/#listItem\",\"name\":\"Fondo Covid para Educaci\\u00f3n: El Principado recibir\\u00e1 32,5 millones\"},\"previousItem\":{\"@type\":\"ListItem\",\"@id\":\"https:\\\/\\\/eldigitaldeasturias.com\\\/radio#listItem\",\"name\":\"Inicio\"}},{\"@type\":\"ListItem\",\"@id\":\"https:\\\/\\\/eldigitaldeasturias.com\\\/radio\\\/fondo-covid-para-educacion-el-principado-recibira-325-millones\\\/#listItem\",\"position\":3,\"name\":\"Fondo Covid para Educaci\\u00f3n: El Principado recibir\\u00e1 32,5 millones\",\"previousItem\":{\"@type\":\"ListItem\",\"@id\":\"https:\\\/\\\/eldigitaldeasturias.com\\\/radio\\\/category\\\/noticias\\\/#listItem\",\"name\":\"Noticias\"}}]},{\"@type\":\"NewsArticle\",\"@id\":\"https:\\\/\\\/eldigitaldeasturias.com\\\/radio\\\/fondo-covid-para-educacion-el-principado-recibira-325-millones\\\/#newsarticle\",\"name\":\"Fondo Covid para Educaci\\u00f3n: El Principado recibir\\u00e1 32,5 millones | El Digital de Asturias\",\"headline\":\"Fondo Covid para Educaci\\u00f3n: El Principado recibir\\u00e1 32,5 millones\",\"author\":{\"@id\":\"https:\\\/\\\/eldigitaldeasturias.com\\\/radio\\\/author\\\/nbasturias\\\/#author\"},\"publisher\":{\"@id\":\"https:\\\/\\\/eldigitaldeasturias.com\\\/radio\\\/#organization\"},\"image\":{\"@type\":\"ImageObject\",\"url\":\"https:\\\/\\\/eldigitaldeasturias.com\\\/radio\\\/wp-content\\\/uploads\\\/2020\\\/09\\\/Colegio.jpg\",\"width\":893,\"height\":647,\"caption\":\"Colegio en Oviedo - EUROPA PRESS\"},\"datePublished\":\"2020-09-02T14:03:23+02:00\",\"dateModified\":\"2020-09-02T14:03:23+02:00\",\"inLanguage\":\"es-ES\",\"mainEntityOfPage\":{\"@id\":\"https:\\\/\\\/eldigitaldeasturias.com\\\/radio\\\/fondo-covid-para-educacion-el-principado-recibira-325-millones\\\/#webpage\"},\"isPartOf\":{\"@id\":\"https:\\\/\\\/eldigitaldeasturias.com\\\/radio\\\/fondo-covid-para-educacion-el-principado-recibira-325-millones\\\/#webpage\"},\"articleSection\":\"Noticias\",\"dateline\":\"Publicado el septiembre 2, 2020.\"},{\"@type\":\"Organization\",\"@id\":\"https:\\\/\\\/eldigitaldeasturias.com\\\/radio\\\/#organization\",\"name\":\"El digital de Asturias Radio\",\"description\":\"Diario de informaci\\u00f3n y noticias\",\"url\":\"https:\\\/\\\/eldigitaldeasturias.com\\\/radio\\\/\",\"telephone\":\"+34652131393\",\"logo\":{\"@type\":\"ImageObject\",\"url\":\"https:\\\/\\\/www.eldigitaldeasturias.com\\\/radio\\\/wp-content\\\/uploads\\\/2021\\\/03\\\/EDA.jpg\",\"@id\":\"https:\\\/\\\/eldigitaldeasturias.com\\\/radio\\\/fondo-covid-para-educacion-el-principado-recibira-325-millones\\\/#organizationLogo\"},\"image\":{\"@id\":\"https:\\\/\\\/eldigitaldeasturias.com\\\/radio\\\/fondo-covid-para-educacion-el-principado-recibira-325-millones\\\/#organizationLogo\"},\"sameAs\":[\"https:\\\/\\\/www.facebook.com\\\/\",\"https:\\\/\\\/x.com\\\/bercodi\",\"https:\\\/\\\/www.instagram.com\\\/\",\"https:\\\/\\\/www.youtube.com\\\/channel\\\/UCZP-2wLEB9Rv6erhFmqVnvg\"]},{\"@type\":\"Person\",\"@id\":\"https:\\\/\\\/eldigitaldeasturias.com\\\/radio\\\/author\\\/nbasturias\\\/#author\",\"url\":\"https:\\\/\\\/eldigitaldeasturias.com\\\/radio\\\/author\\\/nbasturias\\\/\",\"name\":\"NBAsturias\",\"image\":{\"@type\":\"ImageObject\",\"@id\":\"https:\\\/\\\/eldigitaldeasturias.com\\\/radio\\\/fondo-covid-para-educacion-el-principado-recibira-325-millones\\\/#authorImage\",\"url\":\"https:\\\/\\\/secure.gravatar.com\\\/avatar\\\/df2aeffc32bcd13f8d26072ef8a91b623d677766deac7f97ca815868cd41bf5e?s=96&d=mm&r=g\",\"width\":96,\"height\":96,\"caption\":\"NBAsturias\"}},{\"@type\":\"WebPage\",\"@id\":\"https:\\\/\\\/eldigitaldeasturias.com\\\/radio\\\/fondo-covid-para-educacion-el-principado-recibira-325-millones\\\/#webpage\",\"url\":\"https:\\\/\\\/eldigitaldeasturias.com\\\/radio\\\/fondo-covid-para-educacion-el-principado-recibira-325-millones\\\/\",\"name\":\"Fondo Covid para Educaci\\u00f3n: El Principado recibir\\u00e1 32,5 millones | El Digital de Asturias\",\"description\":\"(EUROPA PRESS) - Andaluc\\u00eda, Catalu\\u00f1a y Madrid se repartir\\u00e1n la mitad de los 2.000 millones del Fondo Covid que el Gobierno transferir\\u00e1 a las comunidades aut\\u00f3nomas para que inviertan en materia de Educaci\\u00f3n, seg\\u00fan la orden que publica el Bolet\\u00edn Oficial del Estado (BOE) y que entra hoy en vigor. El Principado de Asturias recibir\\u00e1 32,5\",\"inLanguage\":\"es-ES\",\"isPartOf\":{\"@id\":\"https:\\\/\\\/eldigitaldeasturias.com\\\/radio\\\/#website\"},\"breadcrumb\":{\"@id\":\"https:\\\/\\\/eldigitaldeasturias.com\\\/radio\\\/fondo-covid-para-educacion-el-principado-recibira-325-millones\\\/#breadcrumblist\"},\"author\":{\"@id\":\"https:\\\/\\\/eldigitaldeasturias.com\\\/radio\\\/author\\\/nbasturias\\\/#author\"},\"creator\":{\"@id\":\"https:\\\/\\\/eldigitaldeasturias.com\\\/radio\\\/author\\\/nbasturias\\\/#author\"},\"image\":{\"@type\":\"ImageObject\",\"url\":\"https:\\\/\\\/eldigitaldeasturias.com\\\/radio\\\/wp-content\\\/uploads\\\/2020\\\/09\\\/Colegio.jpg\",\"@id\":\"https:\\\/\\\/eldigitaldeasturias.com\\\/radio\\\/fondo-covid-para-educacion-el-principado-recibira-325-millones\\\/#mainImage\",\"width\":893,\"height\":647,\"caption\":\"Colegio en Oviedo - EUROPA PRESS\"},\"primaryImageOfPage\":{\"@id\":\"https:\\\/\\\/eldigitaldeasturias.com\\\/radio\\\/fondo-covid-para-educacion-el-principado-recibira-325-millones\\\/#mainImage\"},\"datePublished\":\"2020-09-02T14:03:23+02:00\",\"dateModified\":\"2020-09-02T14:03:23+02:00\"},{\"@type\":\"WebSite\",\"@id\":\"https:\\\/\\\/eldigitaldeasturias.com\\\/radio\\\/#website\",\"url\":\"https:\\\/\\\/eldigitaldeasturias.com\\\/radio\\\/\",\"name\":\"El Digital de Asturias\",\"description\":\"Diario de informaci\\u00f3n y noticias\",\"inLanguage\":\"es-ES\",\"publisher\":{\"@id\":\"https:\\\/\\\/eldigitaldeasturias.com\\\/radio\\\/#organization\"}}]}\n\t\t<\/script>\n\t\t<!-- All in One SEO Pro -->\r\n\t\t<title>Fondo Covid para Educaci\u00f3n: El Principado recibir\u00e1 32,5 millones | El Digital de Asturias<\/title>\n\n","aioseo_head_json":{"title":"Fondo Covid para Educaci\u00f3n: El Principado recibir\u00e1 32,5 millones | El Digital de Asturias","description":"(EUROPA PRESS) - Andaluc\u00eda, Catalu\u00f1a y Madrid se repartir\u00e1n la mitad de los 2.000 millones del Fondo Covid que el Gobierno transferir\u00e1 a las comunidades aut\u00f3nomas para que inviertan en materia de Educaci\u00f3n, seg\u00fan la orden que publica el Bolet\u00edn Oficial del Estado (BOE) y que entra hoy en vigor. El Principado de Asturias recibir\u00e1 32,5","canonical_url":"https:\/\/eldigitaldeasturias.com\/radio\/fondo-covid-para-educacion-el-principado-recibira-325-millones\/","robots":"max-image-preview:large","keywords":"noticias","webmasterTools":{"google-site-verification":"UA-38556648-1","miscellaneous":""},"schema":{"@context":"https:\/\/schema.org","@graph":[{"@type":"BreadcrumbList","@id":"https:\/\/eldigitaldeasturias.com\/radio\/fondo-covid-para-educacion-el-principado-recibira-325-millones\/#breadcrumblist","itemListElement":[{"@type":"ListItem","@id":"https:\/\/eldigitaldeasturias.com\/radio#listItem","position":1,"name":"Inicio","item":"https:\/\/eldigitaldeasturias.com\/radio","nextItem":{"@type":"ListItem","@id":"https:\/\/eldigitaldeasturias.com\/radio\/category\/noticias\/#listItem","name":"Noticias"}},{"@type":"ListItem","@id":"https:\/\/eldigitaldeasturias.com\/radio\/category\/noticias\/#listItem","position":2,"name":"Noticias","item":"https:\/\/eldigitaldeasturias.com\/radio\/category\/noticias\/","nextItem":{"@type":"ListItem","@id":"https:\/\/eldigitaldeasturias.com\/radio\/fondo-covid-para-educacion-el-principado-recibira-325-millones\/#listItem","name":"Fondo Covid para Educaci\u00f3n: El Principado recibir\u00e1 32,5 millones"},"previousItem":{"@type":"ListItem","@id":"https:\/\/eldigitaldeasturias.com\/radio#listItem","name":"Inicio"}},{"@type":"ListItem","@id":"https:\/\/eldigitaldeasturias.com\/radio\/fondo-covid-para-educacion-el-principado-recibira-325-millones\/#listItem","position":3,"name":"Fondo Covid para Educaci\u00f3n: El Principado recibir\u00e1 32,5 millones","previousItem":{"@type":"ListItem","@id":"https:\/\/eldigitaldeasturias.com\/radio\/category\/noticias\/#listItem","name":"Noticias"}}]},{"@type":"NewsArticle","@id":"https:\/\/eldigitaldeasturias.com\/radio\/fondo-covid-para-educacion-el-principado-recibira-325-millones\/#newsarticle","name":"Fondo Covid para Educaci\u00f3n: El Principado recibir\u00e1 32,5 millones | El Digital de Asturias","headline":"Fondo Covid para Educaci\u00f3n: El Principado recibir\u00e1 32,5 millones","author":{"@id":"https:\/\/eldigitaldeasturias.com\/radio\/author\/nbasturias\/#author"},"publisher":{"@id":"https:\/\/eldigitaldeasturias.com\/radio\/#organization"},"image":{"@type":"ImageObject","url":"https:\/\/eldigitaldeasturias.com\/radio\/wp-content\/uploads\/2020\/09\/Colegio.jpg","width":893,"height":647,"caption":"Colegio en Oviedo - EUROPA PRESS"},"datePublished":"2020-09-02T14:03:23+02:00","dateModified":"2020-09-02T14:03:23+02:00","inLanguage":"es-ES","mainEntityOfPage":{"@id":"https:\/\/eldigitaldeasturias.com\/radio\/fondo-covid-para-educacion-el-principado-recibira-325-millones\/#webpage"},"isPartOf":{"@id":"https:\/\/eldigitaldeasturias.com\/radio\/fondo-covid-para-educacion-el-principado-recibira-325-millones\/#webpage"},"articleSection":"Noticias","dateline":"Publicado el septiembre 2, 2020."},{"@type":"Organization","@id":"https:\/\/eldigitaldeasturias.com\/radio\/#organization","name":"El digital de Asturias Radio","description":"Diario de informaci\u00f3n y noticias","url":"https:\/\/eldigitaldeasturias.com\/radio\/","telephone":"+34652131393","logo":{"@type":"ImageObject","url":"https:\/\/www.eldigitaldeasturias.com\/radio\/wp-content\/uploads\/2021\/03\/EDA.jpg","@id":"https:\/\/eldigitaldeasturias.com\/radio\/fondo-covid-para-educacion-el-principado-recibira-325-millones\/#organizationLogo"},"image":{"@id":"https:\/\/eldigitaldeasturias.com\/radio\/fondo-covid-para-educacion-el-principado-recibira-325-millones\/#organizationLogo"},"sameAs":["https:\/\/www.facebook.com\/","https:\/\/x.com\/bercodi","https:\/\/www.instagram.com\/","https:\/\/www.youtube.com\/channel\/UCZP-2wLEB9Rv6erhFmqVnvg"]},{"@type":"Person","@id":"https:\/\/eldigitaldeasturias.com\/radio\/author\/nbasturias\/#author","url":"https:\/\/eldigitaldeasturias.com\/radio\/author\/nbasturias\/","name":"NBAsturias","image":{"@type":"ImageObject","@id":"https:\/\/eldigitaldeasturias.com\/radio\/fondo-covid-para-educacion-el-principado-recibira-325-millones\/#authorImage","url":"https:\/\/secure.gravatar.com\/avatar\/df2aeffc32bcd13f8d26072ef8a91b623d677766deac7f97ca815868cd41bf5e?s=96&d=mm&r=g","width":96,"height":96,"caption":"NBAsturias"}},{"@type":"WebPage","@id":"https:\/\/eldigitaldeasturias.com\/radio\/fondo-covid-para-educacion-el-principado-recibira-325-millones\/#webpage","url":"https:\/\/eldigitaldeasturias.com\/radio\/fondo-covid-para-educacion-el-principado-recibira-325-millones\/","name":"Fondo Covid para Educaci\u00f3n: El Principado recibir\u00e1 32,5 millones | El Digital de Asturias","description":"(EUROPA PRESS) - Andaluc\u00eda, Catalu\u00f1a y Madrid se repartir\u00e1n la mitad de los 2.000 millones del Fondo Covid que el Gobierno transferir\u00e1 a las comunidades aut\u00f3nomas para que inviertan en materia de Educaci\u00f3n, seg\u00fan la orden que publica el Bolet\u00edn Oficial del Estado (BOE) y que entra hoy en vigor. El Principado de Asturias recibir\u00e1 32,5","inLanguage":"es-ES","isPartOf":{"@id":"https:\/\/eldigitaldeasturias.com\/radio\/#website"},"breadcrumb":{"@id":"https:\/\/eldigitaldeasturias.com\/radio\/fondo-covid-para-educacion-el-principado-recibira-325-millones\/#breadcrumblist"},"author":{"@id":"https:\/\/eldigitaldeasturias.com\/radio\/author\/nbasturias\/#author"},"creator":{"@id":"https:\/\/eldigitaldeasturias.com\/radio\/author\/nbasturias\/#author"},"image":{"@type":"ImageObject","url":"https:\/\/eldigitaldeasturias.com\/radio\/wp-content\/uploads\/2020\/09\/Colegio.jpg","@id":"https:\/\/eldigitaldeasturias.com\/radio\/fondo-covid-para-educacion-el-principado-recibira-325-millones\/#mainImage","width":893,"height":647,"caption":"Colegio en Oviedo - EUROPA PRESS"},"primaryImageOfPage":{"@id":"https:\/\/eldigitaldeasturias.com\/radio\/fondo-covid-para-educacion-el-principado-recibira-325-millones\/#mainImage"},"datePublished":"2020-09-02T14:03:23+02:00","dateModified":"2020-09-02T14:03:23+02:00"},{"@type":"WebSite","@id":"https:\/\/eldigitaldeasturias.com\/radio\/#website","url":"https:\/\/eldigitaldeasturias.com\/radio\/","name":"El Digital de Asturias","description":"Diario de informaci\u00f3n y noticias","inLanguage":"es-ES","publisher":{"@id":"https:\/\/eldigitaldeasturias.com\/radio\/#organization"}}]},"og:locale":"es_ES","og:site_name":"El Digital de Asturias | Diario de informaci\u00f3n y noticias","og:type":"article","og:title":"Fondo Covid para Educaci\u00f3n: El Principado recibir\u00e1 32,5 millones | El Digital de Asturias","og:description":"(EUROPA PRESS) - Andaluc\u00eda, Catalu\u00f1a y Madrid se repartir\u00e1n la mitad de los 2.000 millones del Fondo Covid que el Gobierno transferir\u00e1 a las comunidades aut\u00f3nomas para que inviertan en materia de Educaci\u00f3n, seg\u00fan la orden que publica el Bolet\u00edn Oficial del Estado (BOE) y que entra hoy en vigor. El Principado de Asturias recibir\u00e1 32,5","og:url":"https:\/\/eldigitaldeasturias.com\/radio\/fondo-covid-para-educacion-el-principado-recibira-325-millones\/","og:image":"https:\/\/eldigitaldeasturias.com\/radio\/wp-content\/uploads\/2020\/09\/Colegio.jpg","og:image:secure_url":"https:\/\/eldigitaldeasturias.com\/radio\/wp-content\/uploads\/2020\/09\/Colegio.jpg","og:image:width":893,"og:image:height":647,"article:published_time":"2020-09-02T14:03:23+00:00","article:modified_time":"2020-09-02T14:03:23+00:00","twitter:card":"summary_large_image","twitter:site":"@bercodi","twitter:title":"Fondo Covid para Educaci\u00f3n: El Principado recibir\u00e1 32,5 millones | El Digital de Asturias","twitter:description":"(EUROPA PRESS) - Andaluc\u00eda, Catalu\u00f1a y Madrid se repartir\u00e1n la mitad de los 2.000 millones del Fondo Covid que el Gobierno transferir\u00e1 a las comunidades aut\u00f3nomas para que inviertan en materia de Educaci\u00f3n, seg\u00fan la orden que publica el Bolet\u00edn Oficial del Estado (BOE) y que entra hoy en vigor. El Principado de Asturias recibir\u00e1 32,5","twitter:creator":"@bercodi","twitter:image":"https:\/\/eldigitaldeasturias.com\/radio\/wp-content\/uploads\/2020\/09\/Colegio.jpg"},"aioseo_meta_data":{"post_id":"5045","title":null,"description":"","keywords":"","keyphrases":null,"primary_term":null,"canonical_url":"","og_title":null,"og_description":null,"og_object_type":"default","og_image_type":"default","og_image_url":null,"og_image_width":null,"og_image_height":null,"og_image_custom_url":null,"og_image_custom_fields":null,"og_video":null,"og_custom_url":null,"og_article_section":null,"og_article_tags":null,"twitter_use_og":false,"twitter_card":"default","twitter_image_type":"default","twitter_image_url":null,"twitter_image_custom_url":null,"twitter_image_custom_fields":null,"twitter_title":null,"twitter_description":null,"schema":{"blockGraphs":[],"customGraphs":[],"default":{"data":{"Article":[],"Course":[],"Dataset":[],"FAQPage":[],"Movie":[],"Person":[],"Product":[],"ProductReview":[],"Car":[],"Recipe":[],"Service":[],"SoftwareApplication":[],"WebPage":[]},"graphName":"","isEnabled":true},"graphs":[],"defaultGraph":"","defaultPostTypeGraph":""},"schema_type":null,"schema_type_options":null,"pillar_content":false,"robots_default":true,"robots_noindex":false,"robots_noarchive":false,"robots_nosnippet":false,"robots_nofollow":false,"robots_noimageindex":false,"robots_noodp":false,"robots_notranslate":false,"robots_max_snippet":null,"robots_max_videopreview":null,"robots_max_imagepreview":"large","priority":null,"frequency":null,"location":null,"local_seo":null,"seo_analyzer_scan_date":"2025-08-28 17:12:36","breadcrumb_settings":null,"limit_modified_date":false,"open_ai":null,"ai":null,"created":"2021-03-25 10:37:41","updated":"2025-08-28 17:12:36"},"aioseo_breadcrumb":"<div class=\"aioseo-breadcrumbs\"><span class=\"aioseo-breadcrumb\">\n\t<a href=\"https:\/\/eldigitaldeasturias.com\/radio\" title=\"Inicio\">Inicio<\/a>\n<\/span><span class=\"aioseo-breadcrumb-separator\">&ndash;<\/span><span class=\"aioseo-breadcrumb\">\n\t<a href=\"https:\/\/eldigitaldeasturias.com\/radio\/category\/noticias\/\" title=\"Noticias\">Noticias<\/a>\n<\/span><span class=\"aioseo-breadcrumb-separator\">&ndash;<\/span><span class=\"aioseo-breadcrumb\">\n\tFondo Covid para Educaci\u00f3n: El Principado recibir\u00e1 32,5 millones\n<\/span><\/div>","aioseo_breadcrumb_json":[{"label":"Inicio","link":"https:\/\/eldigitaldeasturias.com\/radio"},{"label":"Noticias","link":"https:\/\/eldigitaldeasturias.com\/radio\/category\/noticias\/"},{"label":"Fondo Covid para Educaci\u00f3n: El Principado recibir\u00e1 32,5 millones","link":"https:\/\/eldigitaldeasturias.com\/radio\/fondo-covid-para-educacion-el-principado-recibira-325-millones\/"}],"_links":{"self":[{"href":"https:\/\/eldigitaldeasturias.com\/radio\/wp-json\/wp\/v2\/posts\/5045","targetHints":{"allow":["GET"]}}],"collection":[{"href":"https:\/\/eldigitaldeasturias.com\/radio\/wp-json\/wp\/v2\/posts"}],"about":[{"href":"https:\/\/eldigitaldeasturias.com\/radio\/wp-json\/wp\/v2\/types\/post"}],"author":[{"embeddable":true,"href":"https:\/\/eldigitaldeasturias.com\/radio\/wp-json\/wp\/v2\/users\/1"}],"replies":[{"embeddable":true,"href":"https:\/\/eldigitaldeasturias.com\/radio\/wp-json\/wp\/v2\/comments?post=5045"}],"version-history":[{"count":0,"href":"https:\/\/eldigitaldeasturias.com\/radio\/wp-json\/wp\/v2\/posts\/5045\/revisions"}],"wp:featuredmedia":[{"embeddable":true,"href":"https:\/\/eldigitaldeasturias.com\/radio\/wp-json\/wp\/v2\/media\/5046"}],"wp:attachment":[{"href":"https:\/\/eldigitaldeasturias.com\/radio\/wp-json\/wp\/v2\/media?parent=5045"}],"wp:term":[{"taxonomy":"category","embeddable":true,"href":"https:\/\/eldigitaldeasturias.com\/radio\/wp-json\/wp\/v2\/categories?post=5045"},{"taxonomy":"post_tag","embeddable":true,"href":"https:\/\/eldigitaldeasturias.com\/radio\/wp-json\/wp\/v2\/tags?post=5045"}],"curies":[{"name":"wp","href":"https:\/\/api.w.org\/{rel}","templated":true}]}}