{"id":5042,"date":"2020-09-02T13:46:39","date_gmt":"2020-09-02T13:46:39","guid":{"rendered":"http:\/\/www.eldigitaldeasturias.com\/radio\/?p=5042"},"modified":"2020-09-02T13:46:39","modified_gmt":"2020-09-02T13:46:39","slug":"aumenta-el-numero-de-afiliados-a-la-seguridad-social-en-asturias","status":"publish","type":"post","link":"https:\/\/eldigitaldeasturias.com\/radio\/aumenta-el-numero-de-afiliados-a-la-seguridad-social-en-asturias\/","title":{"rendered":"Aumenta el n\u00famero de afiliados a la Seguridad Social en Asturias"},"content":{"rendered":"<p><img fetchpriority=\"high\" decoding=\"async\" class=\"alignleft size-medium wp-image-5043\" src=\"http:\/\/www.eldigitaldeasturias.com\/radio\/wp-content\/uploads\/2020\/09\/startup-593341_1280-360x240.jpg\" alt=\"\" width=\"360\" height=\"240\" srcset=\"https:\/\/eldigitaldeasturias.com\/radio\/wp-content\/uploads\/2020\/09\/startup-593341_1280-360x240.jpg 360w, https:\/\/eldigitaldeasturias.com\/radio\/wp-content\/uploads\/2020\/09\/startup-593341_1280-1024x682.jpg 1024w, https:\/\/eldigitaldeasturias.com\/radio\/wp-content\/uploads\/2020\/09\/startup-593341_1280-768x512.jpg 768w, https:\/\/eldigitaldeasturias.com\/radio\/wp-content\/uploads\/2020\/09\/startup-593341_1280.jpg 1280w\" sizes=\"(max-width: 360px) 100vw, 360px\" \/>(EUROPA PRESS) &#8211;\u00a0El n\u00famero de afiliados a la Seguridad Social se ha incrementado en 3.505 personas en agosto en Asturias &#8211;un 0,97 por ciento&#8211; respecto a julio, hasta alcanzar los 363.791 cotizantes, seg\u00fan los datos del Ministerio de Inclusi\u00f3n, Seguridad Social y Migraciones publicados este mi\u00e9rcoles. En t\u00e9rminos anuales, ha descendido en 10.319 personas, un 2,76 por ciento menos que en agosto de 2019.<\/p>\n<p>Por reg\u00edmenes, en el General est\u00e1n dados de alta 288.451 &#8211;279.228 en el General, 1.250 en el Sistema Especial Agrario y 7.973 en el del Hogar&#8211;. Los aut\u00f3nomos dados de alta ascienden a 72.707, mientras que en el r\u00e9gimen del Mar est\u00e1n dados de alta 1.576 afiliados y en el del Carb\u00f3n 1.057.<\/p>\n<p>En cuanto a las personas en Expediente Temporal de Regulaci\u00f3n de Empleo (ERTE) en Asturias, fueron 10.866 en agosto, de los cuales, a 31 de agosto, permanec\u00edan 6.060 hombres y 5.929 mujeres. Del total de expedientes registrados en el octavo mes del a\u00f1o, 496 no fueron por fuerza mayor, afectando a 3.433 trabajadores; mientras que otros 3.362 fueron por fuerza mayor, implicando a 7.433 empleados.<\/p>\n<h2>DATOS NACIONALES<\/h2>\n<p>A nivel estatal, la Seguridad Social gan\u00f3 en agosto una media de 6.822 cotizantes respecto al mes de julio (+0,04%), lo que situ\u00f3 el n\u00famero total de ocupados en 18.792.376 cotizantes, seg\u00fan datos del Ministerio, que ha destacado que es el cuarto mes consecutivo en el que aumenta la afiliaci\u00f3n media.<\/p>\n<p>En t\u00e9rminos desestacionalizados, la afiliaci\u00f3n aument\u00f3 en agosto en 232.664 personas, lo que supone un incremento del 1,25%, \u00abel mayor aumento de la serie\u00bb.<\/p>\n<p>El Ministerio ha resaltado que el incremento de agosto es \u00abespecialmente relevante\u00bb si se tiene en cuenta que es la primera subida media de un mes de agosto en la serie que recoge estos datos (desde 2001). As\u00ed, ha recordado que en 2019, por ejemplo, se contabilizaron 212.984 afiliados menos.<\/p>\n<p>El n\u00famero de personas incluidas en ERTE al cierre del mes de agosto era de 812.438 millones, lo que supone una reducci\u00f3n de 306.104 trabajadores respecto al mes anterior. A cierre de agosto, tres de cada cuatro personas incluidas en un ERTE han salido de esta situaci\u00f3n.<\/p>\n","protected":false},"excerpt":{"rendered":"<p>(EUROPA PRESS) &#8211;\u00a0El n\u00famero de afiliados a la Seguridad Social se ha incrementado en 3.505 personas en agosto en Asturias &#8211;un 0,97 por ciento&#8211; respecto a julio, hasta alcanzar los 363.791 cotizantes, seg\u00fan los datos del Ministerio de Inclusi\u00f3n, Seguridad Social y Migraciones publicados este mi\u00e9rcoles. En t\u00e9rminos anuales, ha descendido en 10.319 personas, un<\/p>\n","protected":false},"author":1,"featured_media":5043,"comment_status":"closed","ping_status":"closed","sticky":false,"template":"","format":"standard","meta":{"footnotes":""},"categories":[1],"tags":[],"class_list":{"0":"post-5042","1":"post","2":"type-post","3":"status-publish","4":"format-standard","5":"has-post-thumbnail","7":"category-noticias"},"aioseo_notices":[],"aioseo_head":"\n\t\t<!-- All in One SEO Pro 4.9.6.2 - aioseo.com -->\n\t<meta name=\"description\" content=\"(EUROPA PRESS) - El n\u00famero de afiliados a la Seguridad Social se ha incrementado en 3.505 personas en agosto en Asturias --un 0,97 por ciento-- respecto a julio, hasta alcanzar los 363.791 cotizantes, seg\u00fan los datos del Ministerio de Inclusi\u00f3n, Seguridad Social y Migraciones publicados este mi\u00e9rcoles. En t\u00e9rminos anuales, ha descendido en 10.319 personas, un\" \/>\n\t<meta name=\"robots\" content=\"max-image-preview:large\" \/>\n\t<meta name=\"author\" content=\"NBAsturias\"\/>\n\t<meta name=\"google-site-verification\" content=\"UA-38556648-1\" \/>\n\t<meta name=\"keywords\" content=\"noticias\" \/>\n\t<link rel=\"canonical\" href=\"https:\/\/eldigitaldeasturias.com\/radio\/aumenta-el-numero-de-afiliados-a-la-seguridad-social-en-asturias\/\" \/>\n\t<meta name=\"generator\" content=\"All in One SEO Pro (AIOSEO) 4.9.6.2\" \/>\n\t\t<meta property=\"og:locale\" content=\"es_ES\" \/>\n\t\t<meta property=\"og:site_name\" content=\"El Digital de Asturias | Diario de informaci\u00f3n y noticias\" \/>\n\t\t<meta property=\"og:type\" content=\"article\" \/>\n\t\t<meta property=\"og:title\" content=\"Aumenta el n\u00famero de afiliados a la Seguridad Social en Asturias | El Digital de Asturias\" \/>\n\t\t<meta property=\"og:description\" content=\"(EUROPA PRESS) - El n\u00famero de afiliados a la Seguridad Social se ha incrementado en 3.505 personas en agosto en Asturias --un 0,97 por ciento-- respecto a julio, hasta alcanzar los 363.791 cotizantes, seg\u00fan los datos del Ministerio de Inclusi\u00f3n, Seguridad Social y Migraciones publicados este mi\u00e9rcoles. En t\u00e9rminos anuales, ha descendido en 10.319 personas, un\" \/>\n\t\t<meta property=\"og:url\" content=\"https:\/\/eldigitaldeasturias.com\/radio\/aumenta-el-numero-de-afiliados-a-la-seguridad-social-en-asturias\/\" \/>\n\t\t<meta property=\"og:image\" content=\"https:\/\/eldigitaldeasturias.com\/radio\/wp-content\/uploads\/2020\/09\/startup-593341_1280.jpg\" \/>\n\t\t<meta property=\"og:image:secure_url\" content=\"https:\/\/eldigitaldeasturias.com\/radio\/wp-content\/uploads\/2020\/09\/startup-593341_1280.jpg\" \/>\n\t\t<meta property=\"og:image:width\" content=\"1280\" \/>\n\t\t<meta property=\"og:image:height\" content=\"853\" \/>\n\t\t<meta property=\"article:published_time\" content=\"2020-09-02T13:46:39+00:00\" \/>\n\t\t<meta property=\"article:modified_time\" content=\"2020-09-02T13:46:39+00:00\" \/>\n\t\t<meta name=\"twitter:card\" content=\"summary_large_image\" \/>\n\t\t<meta name=\"twitter:site\" content=\"@bercodi\" \/>\n\t\t<meta name=\"twitter:title\" content=\"Aumenta el n\u00famero de afiliados a la Seguridad Social en Asturias | El Digital de Asturias\" \/>\n\t\t<meta name=\"twitter:description\" content=\"(EUROPA PRESS) - El n\u00famero de afiliados a la Seguridad Social se ha incrementado en 3.505 personas en agosto en Asturias --un 0,97 por ciento-- respecto a julio, hasta alcanzar los 363.791 cotizantes, seg\u00fan los datos del Ministerio de Inclusi\u00f3n, Seguridad Social y Migraciones publicados este mi\u00e9rcoles. En t\u00e9rminos anuales, ha descendido en 10.319 personas, un\" \/>\n\t\t<meta name=\"twitter:creator\" content=\"@bercodi\" \/>\n\t\t<meta name=\"twitter:image\" content=\"https:\/\/eldigitaldeasturias.com\/radio\/wp-content\/uploads\/2020\/09\/startup-593341_1280.jpg\" \/>\n\t\t<script type=\"application\/ld+json\" class=\"aioseo-schema\">\n\t\t\t{\"@context\":\"https:\\\/\\\/schema.org\",\"@graph\":[{\"@type\":\"BreadcrumbList\",\"@id\":\"https:\\\/\\\/eldigitaldeasturias.com\\\/radio\\\/aumenta-el-numero-de-afiliados-a-la-seguridad-social-en-asturias\\\/#breadcrumblist\",\"itemListElement\":[{\"@type\":\"ListItem\",\"@id\":\"https:\\\/\\\/eldigitaldeasturias.com\\\/radio#listItem\",\"position\":1,\"name\":\"Inicio\",\"item\":\"https:\\\/\\\/eldigitaldeasturias.com\\\/radio\",\"nextItem\":{\"@type\":\"ListItem\",\"@id\":\"https:\\\/\\\/eldigitaldeasturias.com\\\/radio\\\/category\\\/noticias\\\/#listItem\",\"name\":\"Noticias\"}},{\"@type\":\"ListItem\",\"@id\":\"https:\\\/\\\/eldigitaldeasturias.com\\\/radio\\\/category\\\/noticias\\\/#listItem\",\"position\":2,\"name\":\"Noticias\",\"item\":\"https:\\\/\\\/eldigitaldeasturias.com\\\/radio\\\/category\\\/noticias\\\/\",\"nextItem\":{\"@type\":\"ListItem\",\"@id\":\"https:\\\/\\\/eldigitaldeasturias.com\\\/radio\\\/aumenta-el-numero-de-afiliados-a-la-seguridad-social-en-asturias\\\/#listItem\",\"name\":\"Aumenta el n\\u00famero de afiliados a la Seguridad Social en Asturias\"},\"previousItem\":{\"@type\":\"ListItem\",\"@id\":\"https:\\\/\\\/eldigitaldeasturias.com\\\/radio#listItem\",\"name\":\"Inicio\"}},{\"@type\":\"ListItem\",\"@id\":\"https:\\\/\\\/eldigitaldeasturias.com\\\/radio\\\/aumenta-el-numero-de-afiliados-a-la-seguridad-social-en-asturias\\\/#listItem\",\"position\":3,\"name\":\"Aumenta el n\\u00famero de afiliados a la Seguridad Social en Asturias\",\"previousItem\":{\"@type\":\"ListItem\",\"@id\":\"https:\\\/\\\/eldigitaldeasturias.com\\\/radio\\\/category\\\/noticias\\\/#listItem\",\"name\":\"Noticias\"}}]},{\"@type\":\"NewsArticle\",\"@id\":\"https:\\\/\\\/eldigitaldeasturias.com\\\/radio\\\/aumenta-el-numero-de-afiliados-a-la-seguridad-social-en-asturias\\\/#newsarticle\",\"name\":\"Aumenta el n\\u00famero de afiliados a la Seguridad Social en Asturias | El Digital de Asturias\",\"headline\":\"Aumenta el n\\u00famero de afiliados a la Seguridad Social en Asturias\",\"author\":{\"@id\":\"https:\\\/\\\/eldigitaldeasturias.com\\\/radio\\\/author\\\/nbasturias\\\/#author\"},\"publisher\":{\"@id\":\"https:\\\/\\\/eldigitaldeasturias.com\\\/radio\\\/#organization\"},\"image\":{\"@type\":\"ImageObject\",\"url\":\"https:\\\/\\\/eldigitaldeasturias.com\\\/radio\\\/wp-content\\\/uploads\\\/2020\\\/09\\\/startup-593341_1280.jpg\",\"width\":1280,\"height\":853},\"datePublished\":\"2020-09-02T13:46:39+02:00\",\"dateModified\":\"2020-09-02T13:46:39+02:00\",\"inLanguage\":\"es-ES\",\"mainEntityOfPage\":{\"@id\":\"https:\\\/\\\/eldigitaldeasturias.com\\\/radio\\\/aumenta-el-numero-de-afiliados-a-la-seguridad-social-en-asturias\\\/#webpage\"},\"isPartOf\":{\"@id\":\"https:\\\/\\\/eldigitaldeasturias.com\\\/radio\\\/aumenta-el-numero-de-afiliados-a-la-seguridad-social-en-asturias\\\/#webpage\"},\"articleSection\":\"Noticias\",\"dateline\":\"Publicado el septiembre 2, 2020.\"},{\"@type\":\"Organization\",\"@id\":\"https:\\\/\\\/eldigitaldeasturias.com\\\/radio\\\/#organization\",\"name\":\"El digital de Asturias Radio\",\"description\":\"Diario de informaci\\u00f3n y noticias\",\"url\":\"https:\\\/\\\/eldigitaldeasturias.com\\\/radio\\\/\",\"telephone\":\"+34652131393\",\"logo\":{\"@type\":\"ImageObject\",\"url\":\"https:\\\/\\\/www.eldigitaldeasturias.com\\\/radio\\\/wp-content\\\/uploads\\\/2021\\\/03\\\/EDA.jpg\",\"@id\":\"https:\\\/\\\/eldigitaldeasturias.com\\\/radio\\\/aumenta-el-numero-de-afiliados-a-la-seguridad-social-en-asturias\\\/#organizationLogo\"},\"image\":{\"@id\":\"https:\\\/\\\/eldigitaldeasturias.com\\\/radio\\\/aumenta-el-numero-de-afiliados-a-la-seguridad-social-en-asturias\\\/#organizationLogo\"},\"sameAs\":[\"https:\\\/\\\/www.facebook.com\\\/\",\"https:\\\/\\\/x.com\\\/bercodi\",\"https:\\\/\\\/www.instagram.com\\\/\",\"https:\\\/\\\/www.youtube.com\\\/channel\\\/UCZP-2wLEB9Rv6erhFmqVnvg\"]},{\"@type\":\"Person\",\"@id\":\"https:\\\/\\\/eldigitaldeasturias.com\\\/radio\\\/author\\\/nbasturias\\\/#author\",\"url\":\"https:\\\/\\\/eldigitaldeasturias.com\\\/radio\\\/author\\\/nbasturias\\\/\",\"name\":\"NBAsturias\",\"image\":{\"@type\":\"ImageObject\",\"@id\":\"https:\\\/\\\/eldigitaldeasturias.com\\\/radio\\\/aumenta-el-numero-de-afiliados-a-la-seguridad-social-en-asturias\\\/#authorImage\",\"url\":\"https:\\\/\\\/secure.gravatar.com\\\/avatar\\\/df2aeffc32bcd13f8d26072ef8a91b623d677766deac7f97ca815868cd41bf5e?s=96&d=mm&r=g\",\"width\":96,\"height\":96,\"caption\":\"NBAsturias\"}},{\"@type\":\"WebPage\",\"@id\":\"https:\\\/\\\/eldigitaldeasturias.com\\\/radio\\\/aumenta-el-numero-de-afiliados-a-la-seguridad-social-en-asturias\\\/#webpage\",\"url\":\"https:\\\/\\\/eldigitaldeasturias.com\\\/radio\\\/aumenta-el-numero-de-afiliados-a-la-seguridad-social-en-asturias\\\/\",\"name\":\"Aumenta el n\\u00famero de afiliados a la Seguridad Social en Asturias | El Digital de Asturias\",\"description\":\"(EUROPA PRESS) - El n\\u00famero de afiliados a la Seguridad Social se ha incrementado en 3.505 personas en agosto en Asturias --un 0,97 por ciento-- respecto a julio, hasta alcanzar los 363.791 cotizantes, seg\\u00fan los datos del Ministerio de Inclusi\\u00f3n, Seguridad Social y Migraciones publicados este mi\\u00e9rcoles. En t\\u00e9rminos anuales, ha descendido en 10.319 personas, un\",\"inLanguage\":\"es-ES\",\"isPartOf\":{\"@id\":\"https:\\\/\\\/eldigitaldeasturias.com\\\/radio\\\/#website\"},\"breadcrumb\":{\"@id\":\"https:\\\/\\\/eldigitaldeasturias.com\\\/radio\\\/aumenta-el-numero-de-afiliados-a-la-seguridad-social-en-asturias\\\/#breadcrumblist\"},\"author\":{\"@id\":\"https:\\\/\\\/eldigitaldeasturias.com\\\/radio\\\/author\\\/nbasturias\\\/#author\"},\"creator\":{\"@id\":\"https:\\\/\\\/eldigitaldeasturias.com\\\/radio\\\/author\\\/nbasturias\\\/#author\"},\"image\":{\"@type\":\"ImageObject\",\"url\":\"https:\\\/\\\/eldigitaldeasturias.com\\\/radio\\\/wp-content\\\/uploads\\\/2020\\\/09\\\/startup-593341_1280.jpg\",\"@id\":\"https:\\\/\\\/eldigitaldeasturias.com\\\/radio\\\/aumenta-el-numero-de-afiliados-a-la-seguridad-social-en-asturias\\\/#mainImage\",\"width\":1280,\"height\":853},\"primaryImageOfPage\":{\"@id\":\"https:\\\/\\\/eldigitaldeasturias.com\\\/radio\\\/aumenta-el-numero-de-afiliados-a-la-seguridad-social-en-asturias\\\/#mainImage\"},\"datePublished\":\"2020-09-02T13:46:39+02:00\",\"dateModified\":\"2020-09-02T13:46:39+02:00\"},{\"@type\":\"WebSite\",\"@id\":\"https:\\\/\\\/eldigitaldeasturias.com\\\/radio\\\/#website\",\"url\":\"https:\\\/\\\/eldigitaldeasturias.com\\\/radio\\\/\",\"name\":\"El Digital de Asturias\",\"description\":\"Diario de informaci\\u00f3n y noticias\",\"inLanguage\":\"es-ES\",\"publisher\":{\"@id\":\"https:\\\/\\\/eldigitaldeasturias.com\\\/radio\\\/#organization\"}}]}\n\t\t<\/script>\n\t\t<!-- All in One SEO Pro -->\r\n\t\t<title>Aumenta el n\u00famero de afiliados a la Seguridad Social en Asturias | El Digital de Asturias<\/title>\n\n","aioseo_head_json":{"title":"Aumenta el n\u00famero de afiliados a la Seguridad Social en Asturias | El Digital de Asturias","description":"(EUROPA PRESS) - El n\u00famero de afiliados a la Seguridad Social se ha incrementado en 3.505 personas en agosto en Asturias --un 0,97 por ciento-- respecto a julio, hasta alcanzar los 363.791 cotizantes, seg\u00fan los datos del Ministerio de Inclusi\u00f3n, Seguridad Social y Migraciones publicados este mi\u00e9rcoles. En t\u00e9rminos anuales, ha descendido en 10.319 personas, un","canonical_url":"https:\/\/eldigitaldeasturias.com\/radio\/aumenta-el-numero-de-afiliados-a-la-seguridad-social-en-asturias\/","robots":"max-image-preview:large","keywords":"noticias","webmasterTools":{"google-site-verification":"UA-38556648-1","miscellaneous":""},"schema":{"@context":"https:\/\/schema.org","@graph":[{"@type":"BreadcrumbList","@id":"https:\/\/eldigitaldeasturias.com\/radio\/aumenta-el-numero-de-afiliados-a-la-seguridad-social-en-asturias\/#breadcrumblist","itemListElement":[{"@type":"ListItem","@id":"https:\/\/eldigitaldeasturias.com\/radio#listItem","position":1,"name":"Inicio","item":"https:\/\/eldigitaldeasturias.com\/radio","nextItem":{"@type":"ListItem","@id":"https:\/\/eldigitaldeasturias.com\/radio\/category\/noticias\/#listItem","name":"Noticias"}},{"@type":"ListItem","@id":"https:\/\/eldigitaldeasturias.com\/radio\/category\/noticias\/#listItem","position":2,"name":"Noticias","item":"https:\/\/eldigitaldeasturias.com\/radio\/category\/noticias\/","nextItem":{"@type":"ListItem","@id":"https:\/\/eldigitaldeasturias.com\/radio\/aumenta-el-numero-de-afiliados-a-la-seguridad-social-en-asturias\/#listItem","name":"Aumenta el n\u00famero de afiliados a la Seguridad Social en Asturias"},"previousItem":{"@type":"ListItem","@id":"https:\/\/eldigitaldeasturias.com\/radio#listItem","name":"Inicio"}},{"@type":"ListItem","@id":"https:\/\/eldigitaldeasturias.com\/radio\/aumenta-el-numero-de-afiliados-a-la-seguridad-social-en-asturias\/#listItem","position":3,"name":"Aumenta el n\u00famero de afiliados a la Seguridad Social en Asturias","previousItem":{"@type":"ListItem","@id":"https:\/\/eldigitaldeasturias.com\/radio\/category\/noticias\/#listItem","name":"Noticias"}}]},{"@type":"NewsArticle","@id":"https:\/\/eldigitaldeasturias.com\/radio\/aumenta-el-numero-de-afiliados-a-la-seguridad-social-en-asturias\/#newsarticle","name":"Aumenta el n\u00famero de afiliados a la Seguridad Social en Asturias | El Digital de Asturias","headline":"Aumenta el n\u00famero de afiliados a la Seguridad Social en Asturias","author":{"@id":"https:\/\/eldigitaldeasturias.com\/radio\/author\/nbasturias\/#author"},"publisher":{"@id":"https:\/\/eldigitaldeasturias.com\/radio\/#organization"},"image":{"@type":"ImageObject","url":"https:\/\/eldigitaldeasturias.com\/radio\/wp-content\/uploads\/2020\/09\/startup-593341_1280.jpg","width":1280,"height":853},"datePublished":"2020-09-02T13:46:39+02:00","dateModified":"2020-09-02T13:46:39+02:00","inLanguage":"es-ES","mainEntityOfPage":{"@id":"https:\/\/eldigitaldeasturias.com\/radio\/aumenta-el-numero-de-afiliados-a-la-seguridad-social-en-asturias\/#webpage"},"isPartOf":{"@id":"https:\/\/eldigitaldeasturias.com\/radio\/aumenta-el-numero-de-afiliados-a-la-seguridad-social-en-asturias\/#webpage"},"articleSection":"Noticias","dateline":"Publicado el septiembre 2, 2020."},{"@type":"Organization","@id":"https:\/\/eldigitaldeasturias.com\/radio\/#organization","name":"El digital de Asturias Radio","description":"Diario de informaci\u00f3n y noticias","url":"https:\/\/eldigitaldeasturias.com\/radio\/","telephone":"+34652131393","logo":{"@type":"ImageObject","url":"https:\/\/www.eldigitaldeasturias.com\/radio\/wp-content\/uploads\/2021\/03\/EDA.jpg","@id":"https:\/\/eldigitaldeasturias.com\/radio\/aumenta-el-numero-de-afiliados-a-la-seguridad-social-en-asturias\/#organizationLogo"},"image":{"@id":"https:\/\/eldigitaldeasturias.com\/radio\/aumenta-el-numero-de-afiliados-a-la-seguridad-social-en-asturias\/#organizationLogo"},"sameAs":["https:\/\/www.facebook.com\/","https:\/\/x.com\/bercodi","https:\/\/www.instagram.com\/","https:\/\/www.youtube.com\/channel\/UCZP-2wLEB9Rv6erhFmqVnvg"]},{"@type":"Person","@id":"https:\/\/eldigitaldeasturias.com\/radio\/author\/nbasturias\/#author","url":"https:\/\/eldigitaldeasturias.com\/radio\/author\/nbasturias\/","name":"NBAsturias","image":{"@type":"ImageObject","@id":"https:\/\/eldigitaldeasturias.com\/radio\/aumenta-el-numero-de-afiliados-a-la-seguridad-social-en-asturias\/#authorImage","url":"https:\/\/secure.gravatar.com\/avatar\/df2aeffc32bcd13f8d26072ef8a91b623d677766deac7f97ca815868cd41bf5e?s=96&d=mm&r=g","width":96,"height":96,"caption":"NBAsturias"}},{"@type":"WebPage","@id":"https:\/\/eldigitaldeasturias.com\/radio\/aumenta-el-numero-de-afiliados-a-la-seguridad-social-en-asturias\/#webpage","url":"https:\/\/eldigitaldeasturias.com\/radio\/aumenta-el-numero-de-afiliados-a-la-seguridad-social-en-asturias\/","name":"Aumenta el n\u00famero de afiliados a la Seguridad Social en Asturias | El Digital de Asturias","description":"(EUROPA PRESS) - El n\u00famero de afiliados a la Seguridad Social se ha incrementado en 3.505 personas en agosto en Asturias --un 0,97 por ciento-- respecto a julio, hasta alcanzar los 363.791 cotizantes, seg\u00fan los datos del Ministerio de Inclusi\u00f3n, Seguridad Social y Migraciones publicados este mi\u00e9rcoles. En t\u00e9rminos anuales, ha descendido en 10.319 personas, un","inLanguage":"es-ES","isPartOf":{"@id":"https:\/\/eldigitaldeasturias.com\/radio\/#website"},"breadcrumb":{"@id":"https:\/\/eldigitaldeasturias.com\/radio\/aumenta-el-numero-de-afiliados-a-la-seguridad-social-en-asturias\/#breadcrumblist"},"author":{"@id":"https:\/\/eldigitaldeasturias.com\/radio\/author\/nbasturias\/#author"},"creator":{"@id":"https:\/\/eldigitaldeasturias.com\/radio\/author\/nbasturias\/#author"},"image":{"@type":"ImageObject","url":"https:\/\/eldigitaldeasturias.com\/radio\/wp-content\/uploads\/2020\/09\/startup-593341_1280.jpg","@id":"https:\/\/eldigitaldeasturias.com\/radio\/aumenta-el-numero-de-afiliados-a-la-seguridad-social-en-asturias\/#mainImage","width":1280,"height":853},"primaryImageOfPage":{"@id":"https:\/\/eldigitaldeasturias.com\/radio\/aumenta-el-numero-de-afiliados-a-la-seguridad-social-en-asturias\/#mainImage"},"datePublished":"2020-09-02T13:46:39+02:00","dateModified":"2020-09-02T13:46:39+02:00"},{"@type":"WebSite","@id":"https:\/\/eldigitaldeasturias.com\/radio\/#website","url":"https:\/\/eldigitaldeasturias.com\/radio\/","name":"El Digital de Asturias","description":"Diario de informaci\u00f3n y noticias","inLanguage":"es-ES","publisher":{"@id":"https:\/\/eldigitaldeasturias.com\/radio\/#organization"}}]},"og:locale":"es_ES","og:site_name":"El Digital de Asturias | Diario de informaci\u00f3n y noticias","og:type":"article","og:title":"Aumenta el n\u00famero de afiliados a la Seguridad Social en Asturias | El Digital de Asturias","og:description":"(EUROPA PRESS) - El n\u00famero de afiliados a la Seguridad Social se ha incrementado en 3.505 personas en agosto en Asturias --un 0,97 por ciento-- respecto a julio, hasta alcanzar los 363.791 cotizantes, seg\u00fan los datos del Ministerio de Inclusi\u00f3n, Seguridad Social y Migraciones publicados este mi\u00e9rcoles. En t\u00e9rminos anuales, ha descendido en 10.319 personas, un","og:url":"https:\/\/eldigitaldeasturias.com\/radio\/aumenta-el-numero-de-afiliados-a-la-seguridad-social-en-asturias\/","og:image":"https:\/\/eldigitaldeasturias.com\/radio\/wp-content\/uploads\/2020\/09\/startup-593341_1280.jpg","og:image:secure_url":"https:\/\/eldigitaldeasturias.com\/radio\/wp-content\/uploads\/2020\/09\/startup-593341_1280.jpg","og:image:width":1280,"og:image:height":853,"article:published_time":"2020-09-02T13:46:39+00:00","article:modified_time":"2020-09-02T13:46:39+00:00","twitter:card":"summary_large_image","twitter:site":"@bercodi","twitter:title":"Aumenta el n\u00famero de afiliados a la Seguridad Social en Asturias | El Digital de Asturias","twitter:description":"(EUROPA PRESS) - El n\u00famero de afiliados a la Seguridad Social se ha incrementado en 3.505 personas en agosto en Asturias --un 0,97 por ciento-- respecto a julio, hasta alcanzar los 363.791 cotizantes, seg\u00fan los datos del Ministerio de Inclusi\u00f3n, Seguridad Social y Migraciones publicados este mi\u00e9rcoles. En t\u00e9rminos anuales, ha descendido en 10.319 personas, un","twitter:creator":"@bercodi","twitter:image":"https:\/\/eldigitaldeasturias.com\/radio\/wp-content\/uploads\/2020\/09\/startup-593341_1280.jpg"},"aioseo_meta_data":{"post_id":"5042","title":null,"description":"","keywords":"","keyphrases":null,"primary_term":null,"canonical_url":"","og_title":null,"og_description":null,"og_object_type":"default","og_image_type":"default","og_image_url":null,"og_image_width":null,"og_image_height":null,"og_image_custom_url":null,"og_image_custom_fields":null,"og_video":null,"og_custom_url":null,"og_article_section":null,"og_article_tags":null,"twitter_use_og":false,"twitter_card":"default","twitter_image_type":"default","twitter_image_url":null,"twitter_image_custom_url":null,"twitter_image_custom_fields":null,"twitter_title":null,"twitter_description":null,"schema":{"blockGraphs":[],"customGraphs":[],"default":{"data":{"Article":[],"Course":[],"Dataset":[],"FAQPage":[],"Movie":[],"Person":[],"Product":[],"ProductReview":[],"Car":[],"Recipe":[],"Service":[],"SoftwareApplication":[],"WebPage":[]},"graphName":"","isEnabled":true},"graphs":[],"defaultGraph":"","defaultPostTypeGraph":""},"schema_type":null,"schema_type_options":null,"pillar_content":false,"robots_default":true,"robots_noindex":false,"robots_noarchive":false,"robots_nosnippet":false,"robots_nofollow":false,"robots_noimageindex":false,"robots_noodp":false,"robots_notranslate":false,"robots_max_snippet":null,"robots_max_videopreview":null,"robots_max_imagepreview":"large","priority":null,"frequency":null,"location":null,"local_seo":null,"seo_analyzer_scan_date":"2025-08-28 17:12:35","breadcrumb_settings":null,"limit_modified_date":false,"open_ai":null,"ai":null,"created":"2021-03-25 20:31:54","updated":"2025-08-28 17:12:35"},"aioseo_breadcrumb":"<div class=\"aioseo-breadcrumbs\"><span class=\"aioseo-breadcrumb\">\n\t<a href=\"https:\/\/eldigitaldeasturias.com\/radio\" title=\"Inicio\">Inicio<\/a>\n<\/span><span class=\"aioseo-breadcrumb-separator\">&ndash;<\/span><span class=\"aioseo-breadcrumb\">\n\t<a href=\"https:\/\/eldigitaldeasturias.com\/radio\/category\/noticias\/\" title=\"Noticias\">Noticias<\/a>\n<\/span><span class=\"aioseo-breadcrumb-separator\">&ndash;<\/span><span class=\"aioseo-breadcrumb\">\n\tAumenta el n\u00famero de afiliados a la Seguridad Social en Asturias\n<\/span><\/div>","aioseo_breadcrumb_json":[{"label":"Inicio","link":"https:\/\/eldigitaldeasturias.com\/radio"},{"label":"Noticias","link":"https:\/\/eldigitaldeasturias.com\/radio\/category\/noticias\/"},{"label":"Aumenta el n\u00famero de afiliados a la Seguridad Social en Asturias","link":"https:\/\/eldigitaldeasturias.com\/radio\/aumenta-el-numero-de-afiliados-a-la-seguridad-social-en-asturias\/"}],"_links":{"self":[{"href":"https:\/\/eldigitaldeasturias.com\/radio\/wp-json\/wp\/v2\/posts\/5042","targetHints":{"allow":["GET"]}}],"collection":[{"href":"https:\/\/eldigitaldeasturias.com\/radio\/wp-json\/wp\/v2\/posts"}],"about":[{"href":"https:\/\/eldigitaldeasturias.com\/radio\/wp-json\/wp\/v2\/types\/post"}],"author":[{"embeddable":true,"href":"https:\/\/eldigitaldeasturias.com\/radio\/wp-json\/wp\/v2\/users\/1"}],"replies":[{"embeddable":true,"href":"https:\/\/eldigitaldeasturias.com\/radio\/wp-json\/wp\/v2\/comments?post=5042"}],"version-history":[{"count":0,"href":"https:\/\/eldigitaldeasturias.com\/radio\/wp-json\/wp\/v2\/posts\/5042\/revisions"}],"wp:featuredmedia":[{"embeddable":true,"href":"https:\/\/eldigitaldeasturias.com\/radio\/wp-json\/wp\/v2\/media\/5043"}],"wp:attachment":[{"href":"https:\/\/eldigitaldeasturias.com\/radio\/wp-json\/wp\/v2\/media?parent=5042"}],"wp:term":[{"taxonomy":"category","embeddable":true,"href":"https:\/\/eldigitaldeasturias.com\/radio\/wp-json\/wp\/v2\/categories?post=5042"},{"taxonomy":"post_tag","embeddable":true,"href":"https:\/\/eldigitaldeasturias.com\/radio\/wp-json\/wp\/v2\/tags?post=5042"}],"curies":[{"name":"wp","href":"https:\/\/api.w.org\/{rel}","templated":true}]}}