{"id":5037,"date":"2020-09-01T15:31:10","date_gmt":"2020-09-01T15:31:10","guid":{"rendered":"http:\/\/www.eldigitaldeasturias.com\/radio\/?p=5037"},"modified":"2020-09-01T15:31:10","modified_gmt":"2020-09-01T15:31:10","slug":"la-seleccion-alemana-se-prepara-para-partido-contra-espana","status":"publish","type":"post","link":"https:\/\/eldigitaldeasturias.com\/radio\/la-seleccion-alemana-se-prepara-para-partido-contra-espana\/","title":{"rendered":"La selecci\u00f3n alemana se prepara para partido contra Espa\u00f1a"},"content":{"rendered":"<figure id=\"attachment_5038\" aria-describedby=\"caption-attachment-5038\" style=\"width: 360px\" class=\"wp-caption alignleft\"><img fetchpriority=\"high\" decoding=\"async\" class=\"size-medium wp-image-5038\" src=\"http:\/\/www.eldigitaldeasturias.com\/radio\/wp-content\/uploads\/2020\/09\/Low-360x235.jpg\" alt=\"\" width=\"360\" height=\"235\" srcset=\"https:\/\/eldigitaldeasturias.com\/radio\/wp-content\/uploads\/2020\/09\/Low-360x235.jpg 360w, https:\/\/eldigitaldeasturias.com\/radio\/wp-content\/uploads\/2020\/09\/Low-768x501.jpg 768w, https:\/\/eldigitaldeasturias.com\/radio\/wp-content\/uploads\/2020\/09\/Low.jpg 1014w\" sizes=\"(max-width: 360px) 100vw, 360px\" \/><figcaption id=\"caption-attachment-5038\" class=\"wp-caption-text\">Foto: Christoph Schmidt\/dpa<\/figcaption><\/figure>\n<p>Stuttgart (Alemania), 31 ago (dpa) &#8211; El t\u00e9cnico de la selecci\u00f3n alemana de f\u00fatbol, Joachim L\u00f6w, inici\u00f3 hoy la preparaci\u00f3n de su equipo para los partidos de Liga de Naciones contra Espa\u00f1a y Suiza bajo estrictos protocolos de higiene.<\/p>\n<p>La Federaci\u00f3n Alemana de F\u00fatbol (DFB) inform\u00f3 que los 22 jugadores de la selecci\u00f3n llegaron hoy al hotel en el que se concentra el equipo en Stuttgart.<\/p>\n<p>Al igual que L\u00f6w, todos los jugadores tuvieron que someterse inmediatamente a un test de coronavirus. La participaci\u00f3n en la primera sesi\u00f3n de entrenamiento de esta tarde est\u00e1 condicionada a un resultado negativo en dicho test.<\/p>\n<p>Para la selecci\u00f3n germana, el partido del jueves en Stuttgart contra Espa\u00f1a pone fin a una pausa obligada de casi diez meses sin jugar un partido internacional. Tres d\u00edas despu\u00e9s, el domingo, disputar\u00e1 el segundo cotejo del grupo en Basilea contra Suiza.<\/p>\n<p>\u00abSe pueden imaginar que estamos incre\u00edblemente felices de poder volver a jugar\u00bb, dijo L\u00f6w.<\/p>\n<p>El \u00faltimo duelo del equipo germano fue contra Irlanda del Norte el 19 de noviembre de 2019 en el marco de la clasificaci\u00f3n para la Eurocopa, en el que se impuso por 6-1. Todos los partidos planeados para este a\u00f1o fueron cancelados debido a la pandemia de coronavirus. La Eurocopa se pospuso al verano de 2021.<\/p>\n","protected":false},"excerpt":{"rendered":"<p>Stuttgart (Alemania), 31 ago (dpa) &#8211; El t\u00e9cnico de la selecci\u00f3n alemana de f\u00fatbol, Joachim L\u00f6w, inici\u00f3 hoy la preparaci\u00f3n de su equipo para los partidos de Liga de Naciones contra Espa\u00f1a y Suiza bajo estrictos protocolos de higiene. La Federaci\u00f3n Alemana de F\u00fatbol (DFB) inform\u00f3 que los 22 jugadores de la selecci\u00f3n llegaron hoy<\/p>\n","protected":false},"author":1,"featured_media":5038,"comment_status":"closed","ping_status":"closed","sticky":false,"template":"","format":"standard","meta":{"footnotes":""},"categories":[1],"tags":[],"class_list":{"0":"post-5037","1":"post","2":"type-post","3":"status-publish","4":"format-standard","5":"has-post-thumbnail","7":"category-noticias"},"aioseo_notices":[],"aioseo_head":"\n\t\t<!-- All in One SEO Pro 4.9.6.2 - aioseo.com -->\n\t<meta name=\"description\" content=\"Stuttgart (Alemania), 31 ago (dpa) - El t\u00e9cnico de la selecci\u00f3n alemana de f\u00fatbol, Joachim L\u00f6w, inici\u00f3 hoy la preparaci\u00f3n de su equipo para los partidos de Liga de Naciones contra Espa\u00f1a y Suiza bajo estrictos protocolos de higiene. La Federaci\u00f3n Alemana de F\u00fatbol (DFB) inform\u00f3 que los 22 jugadores de la selecci\u00f3n llegaron hoy\" \/>\n\t<meta name=\"robots\" content=\"max-image-preview:large\" \/>\n\t<meta name=\"author\" content=\"NBAsturias\"\/>\n\t<meta name=\"google-site-verification\" content=\"UA-38556648-1\" \/>\n\t<meta name=\"keywords\" content=\"noticias\" \/>\n\t<link rel=\"canonical\" href=\"https:\/\/eldigitaldeasturias.com\/radio\/la-seleccion-alemana-se-prepara-para-partido-contra-espana\/\" \/>\n\t<meta name=\"generator\" content=\"All in One SEO Pro (AIOSEO) 4.9.6.2\" \/>\n\t\t<meta property=\"og:locale\" content=\"es_ES\" \/>\n\t\t<meta property=\"og:site_name\" content=\"El Digital de Asturias | Diario de informaci\u00f3n y noticias\" \/>\n\t\t<meta property=\"og:type\" content=\"article\" \/>\n\t\t<meta property=\"og:title\" content=\"La selecci\u00f3n alemana se prepara para partido contra Espa\u00f1a | El Digital de Asturias\" \/>\n\t\t<meta property=\"og:description\" content=\"Stuttgart (Alemania), 31 ago (dpa) - El t\u00e9cnico de la selecci\u00f3n alemana de f\u00fatbol, Joachim L\u00f6w, inici\u00f3 hoy la preparaci\u00f3n de su equipo para los partidos de Liga de Naciones contra Espa\u00f1a y Suiza bajo estrictos protocolos de higiene. La Federaci\u00f3n Alemana de F\u00fatbol (DFB) inform\u00f3 que los 22 jugadores de la selecci\u00f3n llegaron hoy\" \/>\n\t\t<meta property=\"og:url\" content=\"https:\/\/eldigitaldeasturias.com\/radio\/la-seleccion-alemana-se-prepara-para-partido-contra-espana\/\" \/>\n\t\t<meta property=\"og:image\" content=\"https:\/\/eldigitaldeasturias.com\/radio\/wp-content\/uploads\/2020\/09\/Low.jpg\" \/>\n\t\t<meta property=\"og:image:secure_url\" content=\"https:\/\/eldigitaldeasturias.com\/radio\/wp-content\/uploads\/2020\/09\/Low.jpg\" \/>\n\t\t<meta property=\"og:image:width\" content=\"1014\" \/>\n\t\t<meta property=\"og:image:height\" content=\"662\" \/>\n\t\t<meta property=\"article:published_time\" content=\"2020-09-01T15:31:10+00:00\" \/>\n\t\t<meta property=\"article:modified_time\" content=\"2020-09-01T15:31:10+00:00\" \/>\n\t\t<meta name=\"twitter:card\" content=\"summary_large_image\" \/>\n\t\t<meta name=\"twitter:site\" content=\"@bercodi\" \/>\n\t\t<meta name=\"twitter:title\" content=\"La selecci\u00f3n alemana se prepara para partido contra Espa\u00f1a | El Digital de Asturias\" \/>\n\t\t<meta name=\"twitter:description\" content=\"Stuttgart (Alemania), 31 ago (dpa) - El t\u00e9cnico de la selecci\u00f3n alemana de f\u00fatbol, Joachim L\u00f6w, inici\u00f3 hoy la preparaci\u00f3n de su equipo para los partidos de Liga de Naciones contra Espa\u00f1a y Suiza bajo estrictos protocolos de higiene. La Federaci\u00f3n Alemana de F\u00fatbol (DFB) inform\u00f3 que los 22 jugadores de la selecci\u00f3n llegaron hoy\" \/>\n\t\t<meta name=\"twitter:creator\" content=\"@bercodi\" \/>\n\t\t<meta name=\"twitter:image\" content=\"https:\/\/eldigitaldeasturias.com\/radio\/wp-content\/uploads\/2020\/09\/Low.jpg\" \/>\n\t\t<script type=\"application\/ld+json\" class=\"aioseo-schema\">\n\t\t\t{\"@context\":\"https:\\\/\\\/schema.org\",\"@graph\":[{\"@type\":\"BreadcrumbList\",\"@id\":\"https:\\\/\\\/eldigitaldeasturias.com\\\/radio\\\/la-seleccion-alemana-se-prepara-para-partido-contra-espana\\\/#breadcrumblist\",\"itemListElement\":[{\"@type\":\"ListItem\",\"@id\":\"https:\\\/\\\/eldigitaldeasturias.com\\\/radio#listItem\",\"position\":1,\"name\":\"Inicio\",\"item\":\"https:\\\/\\\/eldigitaldeasturias.com\\\/radio\",\"nextItem\":{\"@type\":\"ListItem\",\"@id\":\"https:\\\/\\\/eldigitaldeasturias.com\\\/radio\\\/category\\\/noticias\\\/#listItem\",\"name\":\"Noticias\"}},{\"@type\":\"ListItem\",\"@id\":\"https:\\\/\\\/eldigitaldeasturias.com\\\/radio\\\/category\\\/noticias\\\/#listItem\",\"position\":2,\"name\":\"Noticias\",\"item\":\"https:\\\/\\\/eldigitaldeasturias.com\\\/radio\\\/category\\\/noticias\\\/\",\"nextItem\":{\"@type\":\"ListItem\",\"@id\":\"https:\\\/\\\/eldigitaldeasturias.com\\\/radio\\\/la-seleccion-alemana-se-prepara-para-partido-contra-espana\\\/#listItem\",\"name\":\"La selecci\\u00f3n alemana se prepara para partido contra Espa\\u00f1a\"},\"previousItem\":{\"@type\":\"ListItem\",\"@id\":\"https:\\\/\\\/eldigitaldeasturias.com\\\/radio#listItem\",\"name\":\"Inicio\"}},{\"@type\":\"ListItem\",\"@id\":\"https:\\\/\\\/eldigitaldeasturias.com\\\/radio\\\/la-seleccion-alemana-se-prepara-para-partido-contra-espana\\\/#listItem\",\"position\":3,\"name\":\"La selecci\\u00f3n alemana se prepara para partido contra Espa\\u00f1a\",\"previousItem\":{\"@type\":\"ListItem\",\"@id\":\"https:\\\/\\\/eldigitaldeasturias.com\\\/radio\\\/category\\\/noticias\\\/#listItem\",\"name\":\"Noticias\"}}]},{\"@type\":\"NewsArticle\",\"@id\":\"https:\\\/\\\/eldigitaldeasturias.com\\\/radio\\\/la-seleccion-alemana-se-prepara-para-partido-contra-espana\\\/#newsarticle\",\"name\":\"La selecci\\u00f3n alemana se prepara para partido contra Espa\\u00f1a | El Digital de Asturias\",\"headline\":\"La selecci\\u00f3n alemana se prepara para partido contra Espa\\u00f1a\",\"author\":{\"@id\":\"https:\\\/\\\/eldigitaldeasturias.com\\\/radio\\\/author\\\/nbasturias\\\/#author\"},\"publisher\":{\"@id\":\"https:\\\/\\\/eldigitaldeasturias.com\\\/radio\\\/#organization\"},\"image\":{\"@type\":\"ImageObject\",\"url\":\"https:\\\/\\\/eldigitaldeasturias.com\\\/radio\\\/wp-content\\\/uploads\\\/2020\\\/09\\\/Low.jpg\",\"width\":1014,\"height\":662,\"caption\":\"Foto: Christoph Schmidt\\\/dpa\"},\"datePublished\":\"2020-09-01T15:31:10+02:00\",\"dateModified\":\"2020-09-01T15:31:10+02:00\",\"inLanguage\":\"es-ES\",\"mainEntityOfPage\":{\"@id\":\"https:\\\/\\\/eldigitaldeasturias.com\\\/radio\\\/la-seleccion-alemana-se-prepara-para-partido-contra-espana\\\/#webpage\"},\"isPartOf\":{\"@id\":\"https:\\\/\\\/eldigitaldeasturias.com\\\/radio\\\/la-seleccion-alemana-se-prepara-para-partido-contra-espana\\\/#webpage\"},\"articleSection\":\"Noticias\",\"dateline\":\"Publicado el septiembre 1, 2020.\"},{\"@type\":\"Organization\",\"@id\":\"https:\\\/\\\/eldigitaldeasturias.com\\\/radio\\\/#organization\",\"name\":\"El digital de Asturias Radio\",\"description\":\"Diario de informaci\\u00f3n y noticias\",\"url\":\"https:\\\/\\\/eldigitaldeasturias.com\\\/radio\\\/\",\"telephone\":\"+34652131393\",\"logo\":{\"@type\":\"ImageObject\",\"url\":\"https:\\\/\\\/www.eldigitaldeasturias.com\\\/radio\\\/wp-content\\\/uploads\\\/2021\\\/03\\\/EDA.jpg\",\"@id\":\"https:\\\/\\\/eldigitaldeasturias.com\\\/radio\\\/la-seleccion-alemana-se-prepara-para-partido-contra-espana\\\/#organizationLogo\"},\"image\":{\"@id\":\"https:\\\/\\\/eldigitaldeasturias.com\\\/radio\\\/la-seleccion-alemana-se-prepara-para-partido-contra-espana\\\/#organizationLogo\"},\"sameAs\":[\"https:\\\/\\\/www.facebook.com\\\/\",\"https:\\\/\\\/x.com\\\/bercodi\",\"https:\\\/\\\/www.instagram.com\\\/\",\"https:\\\/\\\/www.youtube.com\\\/channel\\\/UCZP-2wLEB9Rv6erhFmqVnvg\"]},{\"@type\":\"Person\",\"@id\":\"https:\\\/\\\/eldigitaldeasturias.com\\\/radio\\\/author\\\/nbasturias\\\/#author\",\"url\":\"https:\\\/\\\/eldigitaldeasturias.com\\\/radio\\\/author\\\/nbasturias\\\/\",\"name\":\"NBAsturias\",\"image\":{\"@type\":\"ImageObject\",\"@id\":\"https:\\\/\\\/eldigitaldeasturias.com\\\/radio\\\/la-seleccion-alemana-se-prepara-para-partido-contra-espana\\\/#authorImage\",\"url\":\"https:\\\/\\\/secure.gravatar.com\\\/avatar\\\/df2aeffc32bcd13f8d26072ef8a91b623d677766deac7f97ca815868cd41bf5e?s=96&d=mm&r=g\",\"width\":96,\"height\":96,\"caption\":\"NBAsturias\"}},{\"@type\":\"WebPage\",\"@id\":\"https:\\\/\\\/eldigitaldeasturias.com\\\/radio\\\/la-seleccion-alemana-se-prepara-para-partido-contra-espana\\\/#webpage\",\"url\":\"https:\\\/\\\/eldigitaldeasturias.com\\\/radio\\\/la-seleccion-alemana-se-prepara-para-partido-contra-espana\\\/\",\"name\":\"La selecci\\u00f3n alemana se prepara para partido contra Espa\\u00f1a | El Digital de Asturias\",\"description\":\"Stuttgart (Alemania), 31 ago (dpa) - El t\\u00e9cnico de la selecci\\u00f3n alemana de f\\u00fatbol, Joachim L\\u00f6w, inici\\u00f3 hoy la preparaci\\u00f3n de su equipo para los partidos de Liga de Naciones contra Espa\\u00f1a y Suiza bajo estrictos protocolos de higiene. La Federaci\\u00f3n Alemana de F\\u00fatbol (DFB) inform\\u00f3 que los 22 jugadores de la selecci\\u00f3n llegaron hoy\",\"inLanguage\":\"es-ES\",\"isPartOf\":{\"@id\":\"https:\\\/\\\/eldigitaldeasturias.com\\\/radio\\\/#website\"},\"breadcrumb\":{\"@id\":\"https:\\\/\\\/eldigitaldeasturias.com\\\/radio\\\/la-seleccion-alemana-se-prepara-para-partido-contra-espana\\\/#breadcrumblist\"},\"author\":{\"@id\":\"https:\\\/\\\/eldigitaldeasturias.com\\\/radio\\\/author\\\/nbasturias\\\/#author\"},\"creator\":{\"@id\":\"https:\\\/\\\/eldigitaldeasturias.com\\\/radio\\\/author\\\/nbasturias\\\/#author\"},\"image\":{\"@type\":\"ImageObject\",\"url\":\"https:\\\/\\\/eldigitaldeasturias.com\\\/radio\\\/wp-content\\\/uploads\\\/2020\\\/09\\\/Low.jpg\",\"@id\":\"https:\\\/\\\/eldigitaldeasturias.com\\\/radio\\\/la-seleccion-alemana-se-prepara-para-partido-contra-espana\\\/#mainImage\",\"width\":1014,\"height\":662,\"caption\":\"Foto: Christoph Schmidt\\\/dpa\"},\"primaryImageOfPage\":{\"@id\":\"https:\\\/\\\/eldigitaldeasturias.com\\\/radio\\\/la-seleccion-alemana-se-prepara-para-partido-contra-espana\\\/#mainImage\"},\"datePublished\":\"2020-09-01T15:31:10+02:00\",\"dateModified\":\"2020-09-01T15:31:10+02:00\"},{\"@type\":\"WebSite\",\"@id\":\"https:\\\/\\\/eldigitaldeasturias.com\\\/radio\\\/#website\",\"url\":\"https:\\\/\\\/eldigitaldeasturias.com\\\/radio\\\/\",\"name\":\"El Digital de Asturias\",\"description\":\"Diario de informaci\\u00f3n y noticias\",\"inLanguage\":\"es-ES\",\"publisher\":{\"@id\":\"https:\\\/\\\/eldigitaldeasturias.com\\\/radio\\\/#organization\"}}]}\n\t\t<\/script>\n\t\t<!-- All in One SEO Pro -->\r\n\t\t<title>La selecci\u00f3n alemana se prepara para partido contra Espa\u00f1a | El Digital de Asturias<\/title>\n\n","aioseo_head_json":{"title":"La selecci\u00f3n alemana se prepara para partido contra Espa\u00f1a | El Digital de Asturias","description":"Stuttgart (Alemania), 31 ago (dpa) - El t\u00e9cnico de la selecci\u00f3n alemana de f\u00fatbol, Joachim L\u00f6w, inici\u00f3 hoy la preparaci\u00f3n de su equipo para los partidos de Liga de Naciones contra Espa\u00f1a y Suiza bajo estrictos protocolos de higiene. La Federaci\u00f3n Alemana de F\u00fatbol (DFB) inform\u00f3 que los 22 jugadores de la selecci\u00f3n llegaron hoy","canonical_url":"https:\/\/eldigitaldeasturias.com\/radio\/la-seleccion-alemana-se-prepara-para-partido-contra-espana\/","robots":"max-image-preview:large","keywords":"noticias","webmasterTools":{"google-site-verification":"UA-38556648-1","miscellaneous":""},"schema":{"@context":"https:\/\/schema.org","@graph":[{"@type":"BreadcrumbList","@id":"https:\/\/eldigitaldeasturias.com\/radio\/la-seleccion-alemana-se-prepara-para-partido-contra-espana\/#breadcrumblist","itemListElement":[{"@type":"ListItem","@id":"https:\/\/eldigitaldeasturias.com\/radio#listItem","position":1,"name":"Inicio","item":"https:\/\/eldigitaldeasturias.com\/radio","nextItem":{"@type":"ListItem","@id":"https:\/\/eldigitaldeasturias.com\/radio\/category\/noticias\/#listItem","name":"Noticias"}},{"@type":"ListItem","@id":"https:\/\/eldigitaldeasturias.com\/radio\/category\/noticias\/#listItem","position":2,"name":"Noticias","item":"https:\/\/eldigitaldeasturias.com\/radio\/category\/noticias\/","nextItem":{"@type":"ListItem","@id":"https:\/\/eldigitaldeasturias.com\/radio\/la-seleccion-alemana-se-prepara-para-partido-contra-espana\/#listItem","name":"La selecci\u00f3n alemana se prepara para partido contra Espa\u00f1a"},"previousItem":{"@type":"ListItem","@id":"https:\/\/eldigitaldeasturias.com\/radio#listItem","name":"Inicio"}},{"@type":"ListItem","@id":"https:\/\/eldigitaldeasturias.com\/radio\/la-seleccion-alemana-se-prepara-para-partido-contra-espana\/#listItem","position":3,"name":"La selecci\u00f3n alemana se prepara para partido contra Espa\u00f1a","previousItem":{"@type":"ListItem","@id":"https:\/\/eldigitaldeasturias.com\/radio\/category\/noticias\/#listItem","name":"Noticias"}}]},{"@type":"NewsArticle","@id":"https:\/\/eldigitaldeasturias.com\/radio\/la-seleccion-alemana-se-prepara-para-partido-contra-espana\/#newsarticle","name":"La selecci\u00f3n alemana se prepara para partido contra Espa\u00f1a | El Digital de Asturias","headline":"La selecci\u00f3n alemana se prepara para partido contra Espa\u00f1a","author":{"@id":"https:\/\/eldigitaldeasturias.com\/radio\/author\/nbasturias\/#author"},"publisher":{"@id":"https:\/\/eldigitaldeasturias.com\/radio\/#organization"},"image":{"@type":"ImageObject","url":"https:\/\/eldigitaldeasturias.com\/radio\/wp-content\/uploads\/2020\/09\/Low.jpg","width":1014,"height":662,"caption":"Foto: Christoph Schmidt\/dpa"},"datePublished":"2020-09-01T15:31:10+02:00","dateModified":"2020-09-01T15:31:10+02:00","inLanguage":"es-ES","mainEntityOfPage":{"@id":"https:\/\/eldigitaldeasturias.com\/radio\/la-seleccion-alemana-se-prepara-para-partido-contra-espana\/#webpage"},"isPartOf":{"@id":"https:\/\/eldigitaldeasturias.com\/radio\/la-seleccion-alemana-se-prepara-para-partido-contra-espana\/#webpage"},"articleSection":"Noticias","dateline":"Publicado el septiembre 1, 2020."},{"@type":"Organization","@id":"https:\/\/eldigitaldeasturias.com\/radio\/#organization","name":"El digital de Asturias Radio","description":"Diario de informaci\u00f3n y noticias","url":"https:\/\/eldigitaldeasturias.com\/radio\/","telephone":"+34652131393","logo":{"@type":"ImageObject","url":"https:\/\/www.eldigitaldeasturias.com\/radio\/wp-content\/uploads\/2021\/03\/EDA.jpg","@id":"https:\/\/eldigitaldeasturias.com\/radio\/la-seleccion-alemana-se-prepara-para-partido-contra-espana\/#organizationLogo"},"image":{"@id":"https:\/\/eldigitaldeasturias.com\/radio\/la-seleccion-alemana-se-prepara-para-partido-contra-espana\/#organizationLogo"},"sameAs":["https:\/\/www.facebook.com\/","https:\/\/x.com\/bercodi","https:\/\/www.instagram.com\/","https:\/\/www.youtube.com\/channel\/UCZP-2wLEB9Rv6erhFmqVnvg"]},{"@type":"Person","@id":"https:\/\/eldigitaldeasturias.com\/radio\/author\/nbasturias\/#author","url":"https:\/\/eldigitaldeasturias.com\/radio\/author\/nbasturias\/","name":"NBAsturias","image":{"@type":"ImageObject","@id":"https:\/\/eldigitaldeasturias.com\/radio\/la-seleccion-alemana-se-prepara-para-partido-contra-espana\/#authorImage","url":"https:\/\/secure.gravatar.com\/avatar\/df2aeffc32bcd13f8d26072ef8a91b623d677766deac7f97ca815868cd41bf5e?s=96&d=mm&r=g","width":96,"height":96,"caption":"NBAsturias"}},{"@type":"WebPage","@id":"https:\/\/eldigitaldeasturias.com\/radio\/la-seleccion-alemana-se-prepara-para-partido-contra-espana\/#webpage","url":"https:\/\/eldigitaldeasturias.com\/radio\/la-seleccion-alemana-se-prepara-para-partido-contra-espana\/","name":"La selecci\u00f3n alemana se prepara para partido contra Espa\u00f1a | El Digital de Asturias","description":"Stuttgart (Alemania), 31 ago (dpa) - El t\u00e9cnico de la selecci\u00f3n alemana de f\u00fatbol, Joachim L\u00f6w, inici\u00f3 hoy la preparaci\u00f3n de su equipo para los partidos de Liga de Naciones contra Espa\u00f1a y Suiza bajo estrictos protocolos de higiene. La Federaci\u00f3n Alemana de F\u00fatbol (DFB) inform\u00f3 que los 22 jugadores de la selecci\u00f3n llegaron hoy","inLanguage":"es-ES","isPartOf":{"@id":"https:\/\/eldigitaldeasturias.com\/radio\/#website"},"breadcrumb":{"@id":"https:\/\/eldigitaldeasturias.com\/radio\/la-seleccion-alemana-se-prepara-para-partido-contra-espana\/#breadcrumblist"},"author":{"@id":"https:\/\/eldigitaldeasturias.com\/radio\/author\/nbasturias\/#author"},"creator":{"@id":"https:\/\/eldigitaldeasturias.com\/radio\/author\/nbasturias\/#author"},"image":{"@type":"ImageObject","url":"https:\/\/eldigitaldeasturias.com\/radio\/wp-content\/uploads\/2020\/09\/Low.jpg","@id":"https:\/\/eldigitaldeasturias.com\/radio\/la-seleccion-alemana-se-prepara-para-partido-contra-espana\/#mainImage","width":1014,"height":662,"caption":"Foto: Christoph Schmidt\/dpa"},"primaryImageOfPage":{"@id":"https:\/\/eldigitaldeasturias.com\/radio\/la-seleccion-alemana-se-prepara-para-partido-contra-espana\/#mainImage"},"datePublished":"2020-09-01T15:31:10+02:00","dateModified":"2020-09-01T15:31:10+02:00"},{"@type":"WebSite","@id":"https:\/\/eldigitaldeasturias.com\/radio\/#website","url":"https:\/\/eldigitaldeasturias.com\/radio\/","name":"El Digital de Asturias","description":"Diario de informaci\u00f3n y noticias","inLanguage":"es-ES","publisher":{"@id":"https:\/\/eldigitaldeasturias.com\/radio\/#organization"}}]},"og:locale":"es_ES","og:site_name":"El Digital de Asturias | Diario de informaci\u00f3n y noticias","og:type":"article","og:title":"La selecci\u00f3n alemana se prepara para partido contra Espa\u00f1a | El Digital de Asturias","og:description":"Stuttgart (Alemania), 31 ago (dpa) - El t\u00e9cnico de la selecci\u00f3n alemana de f\u00fatbol, Joachim L\u00f6w, inici\u00f3 hoy la preparaci\u00f3n de su equipo para los partidos de Liga de Naciones contra Espa\u00f1a y Suiza bajo estrictos protocolos de higiene. La Federaci\u00f3n Alemana de F\u00fatbol (DFB) inform\u00f3 que los 22 jugadores de la selecci\u00f3n llegaron hoy","og:url":"https:\/\/eldigitaldeasturias.com\/radio\/la-seleccion-alemana-se-prepara-para-partido-contra-espana\/","og:image":"https:\/\/eldigitaldeasturias.com\/radio\/wp-content\/uploads\/2020\/09\/Low.jpg","og:image:secure_url":"https:\/\/eldigitaldeasturias.com\/radio\/wp-content\/uploads\/2020\/09\/Low.jpg","og:image:width":1014,"og:image:height":662,"article:published_time":"2020-09-01T15:31:10+00:00","article:modified_time":"2020-09-01T15:31:10+00:00","twitter:card":"summary_large_image","twitter:site":"@bercodi","twitter:title":"La selecci\u00f3n alemana se prepara para partido contra Espa\u00f1a | El Digital de Asturias","twitter:description":"Stuttgart (Alemania), 31 ago (dpa) - El t\u00e9cnico de la selecci\u00f3n alemana de f\u00fatbol, Joachim L\u00f6w, inici\u00f3 hoy la preparaci\u00f3n de su equipo para los partidos de Liga de Naciones contra Espa\u00f1a y Suiza bajo estrictos protocolos de higiene. La Federaci\u00f3n Alemana de F\u00fatbol (DFB) inform\u00f3 que los 22 jugadores de la selecci\u00f3n llegaron hoy","twitter:creator":"@bercodi","twitter:image":"https:\/\/eldigitaldeasturias.com\/radio\/wp-content\/uploads\/2020\/09\/Low.jpg"},"aioseo_meta_data":{"post_id":"5037","title":null,"description":"","keywords":"","keyphrases":null,"primary_term":null,"canonical_url":"","og_title":null,"og_description":null,"og_object_type":"default","og_image_type":"default","og_image_url":null,"og_image_width":null,"og_image_height":null,"og_image_custom_url":null,"og_image_custom_fields":null,"og_video":null,"og_custom_url":null,"og_article_section":null,"og_article_tags":null,"twitter_use_og":false,"twitter_card":"default","twitter_image_type":"default","twitter_image_url":null,"twitter_image_custom_url":null,"twitter_image_custom_fields":null,"twitter_title":null,"twitter_description":null,"schema":{"blockGraphs":[],"customGraphs":[],"default":{"data":{"Article":[],"Course":[],"Dataset":[],"FAQPage":[],"Movie":[],"Person":[],"Product":[],"ProductReview":[],"Car":[],"Recipe":[],"Service":[],"SoftwareApplication":[],"WebPage":[]},"graphName":"","isEnabled":true},"graphs":[],"defaultGraph":"","defaultPostTypeGraph":""},"schema_type":null,"schema_type_options":null,"pillar_content":false,"robots_default":true,"robots_noindex":false,"robots_noarchive":false,"robots_nosnippet":false,"robots_nofollow":false,"robots_noimageindex":false,"robots_noodp":false,"robots_notranslate":false,"robots_max_snippet":null,"robots_max_videopreview":null,"robots_max_imagepreview":"large","priority":null,"frequency":null,"location":null,"local_seo":null,"seo_analyzer_scan_date":"2025-08-28 17:11:06","breadcrumb_settings":null,"limit_modified_date":false,"open_ai":null,"ai":null,"created":"2021-03-25 20:31:54","updated":"2025-08-28 17:11:06"},"aioseo_breadcrumb":"<div class=\"aioseo-breadcrumbs\"><span class=\"aioseo-breadcrumb\">\n\t<a href=\"https:\/\/eldigitaldeasturias.com\/radio\" title=\"Inicio\">Inicio<\/a>\n<\/span><span class=\"aioseo-breadcrumb-separator\">&ndash;<\/span><span class=\"aioseo-breadcrumb\">\n\t<a href=\"https:\/\/eldigitaldeasturias.com\/radio\/category\/noticias\/\" title=\"Noticias\">Noticias<\/a>\n<\/span><span class=\"aioseo-breadcrumb-separator\">&ndash;<\/span><span class=\"aioseo-breadcrumb\">\n\tLa selecci\u00f3n alemana se prepara para partido contra Espa\u00f1a\n<\/span><\/div>","aioseo_breadcrumb_json":[{"label":"Inicio","link":"https:\/\/eldigitaldeasturias.com\/radio"},{"label":"Noticias","link":"https:\/\/eldigitaldeasturias.com\/radio\/category\/noticias\/"},{"label":"La selecci\u00f3n alemana se prepara para partido contra Espa\u00f1a","link":"https:\/\/eldigitaldeasturias.com\/radio\/la-seleccion-alemana-se-prepara-para-partido-contra-espana\/"}],"_links":{"self":[{"href":"https:\/\/eldigitaldeasturias.com\/radio\/wp-json\/wp\/v2\/posts\/5037","targetHints":{"allow":["GET"]}}],"collection":[{"href":"https:\/\/eldigitaldeasturias.com\/radio\/wp-json\/wp\/v2\/posts"}],"about":[{"href":"https:\/\/eldigitaldeasturias.com\/radio\/wp-json\/wp\/v2\/types\/post"}],"author":[{"embeddable":true,"href":"https:\/\/eldigitaldeasturias.com\/radio\/wp-json\/wp\/v2\/users\/1"}],"replies":[{"embeddable":true,"href":"https:\/\/eldigitaldeasturias.com\/radio\/wp-json\/wp\/v2\/comments?post=5037"}],"version-history":[{"count":0,"href":"https:\/\/eldigitaldeasturias.com\/radio\/wp-json\/wp\/v2\/posts\/5037\/revisions"}],"wp:featuredmedia":[{"embeddable":true,"href":"https:\/\/eldigitaldeasturias.com\/radio\/wp-json\/wp\/v2\/media\/5038"}],"wp:attachment":[{"href":"https:\/\/eldigitaldeasturias.com\/radio\/wp-json\/wp\/v2\/media?parent=5037"}],"wp:term":[{"taxonomy":"category","embeddable":true,"href":"https:\/\/eldigitaldeasturias.com\/radio\/wp-json\/wp\/v2\/categories?post=5037"},{"taxonomy":"post_tag","embeddable":true,"href":"https:\/\/eldigitaldeasturias.com\/radio\/wp-json\/wp\/v2\/tags?post=5037"}],"curies":[{"name":"wp","href":"https:\/\/api.w.org\/{rel}","templated":true}]}}