{"id":5028,"date":"2020-08-30T11:51:19","date_gmt":"2020-08-30T11:51:19","guid":{"rendered":"http:\/\/www.eldigitaldeasturias.com\/radio\/?p=5028"},"modified":"2020-08-30T11:51:19","modified_gmt":"2020-08-30T11:51:19","slug":"merkel-honra-al-movimiento-polaco-solidarnosc-heroes-de-la-libertad","status":"publish","type":"post","link":"https:\/\/eldigitaldeasturias.com\/radio\/merkel-honra-al-movimiento-polaco-solidarnosc-heroes-de-la-libertad\/","title":{"rendered":"Merkel honra al movimiento polaco Solidarnosc: \u00abH\u00e9roes de la libertad\u00bb"},"content":{"rendered":"<figure id=\"attachment_5026\" aria-describedby=\"caption-attachment-5026\" style=\"width: 360px\" class=\"wp-caption alignleft\"><img fetchpriority=\"high\" decoding=\"async\" class=\"size-medium wp-image-5026\" src=\"http:\/\/www.eldigitaldeasturias.com\/radio\/wp-content\/uploads\/2020\/08\/Merkel-360x257.jpg\" alt=\"\" width=\"360\" height=\"257\" srcset=\"https:\/\/eldigitaldeasturias.com\/radio\/wp-content\/uploads\/2020\/08\/Merkel-360x257.jpg 360w, https:\/\/eldigitaldeasturias.com\/radio\/wp-content\/uploads\/2020\/08\/Merkel-768x548.jpg 768w, https:\/\/eldigitaldeasturias.com\/radio\/wp-content\/uploads\/2020\/08\/Merkel.jpg 877w\" sizes=\"(max-width: 360px) 100vw, 360px\" \/><figcaption id=\"caption-attachment-5026\" class=\"wp-caption-text\">Foto: Christoph Soeder\/dpa-Pool\/dpa<\/figcaption><\/figure>\n<p>Berl\u00edn, 29 ago (dpa) &#8211; La canciller alemana, Angela Merkel, record\u00f3 hoy en su videomensaje semanal el 40 aniversario de la autorizaci\u00f3n del sindicato Solidarnosc (Solidaridad) en Polonia y destac\u00f3 el papel de los trabajadores del puerto de Gdansk en la historia de Alemania.<\/p>\n<p>\u00abSolidarnosc desencaden\u00f3 una fuerza que tambi\u00e9n impuls\u00f3 a otras sociedades de Europa Central y Oriental, tambi\u00e9n en Alemania\u00bb, coment\u00f3 la mandataria.<\/p>\n<p>El 31 de agosto de 1980, los trabajadores de los astilleros del puerto de Gdansk, sobre el mar B\u00e1ltico, fundaron el sindicato Solidarnosc mediante un acuerdo con el gobierno socialista de Polonia.<\/p>\n<p>El movimiento se convirti\u00f3 en un s\u00edmbolo de la lucha por la libertad tambi\u00e9n para los ciudadanos de otros pa\u00edses del entonces bloque socialista, que en la d\u00e9cada de 1980 esperaban reformas democr\u00e1ticas.<\/p>\n<p>\u00abLas mujeres y los hombres de Solidarnosc son h\u00e9roes europeos de la libertad que tambi\u00e9n dejaron su huella en m\u00ed\u00bb, indic\u00f3 Merkel. \u00abCon su valiente protesta, en esa \u00e9poca lograron que las cosas cambiaran para mejor\u00bb.<\/p>\n<p>La jefa del Gobierno alem\u00e1n a\u00f1adi\u00f3 que en la conmemoraci\u00f3n de los 30 a\u00f1os de la ca\u00edda del Muro de Berl\u00edn tambi\u00e9n hay que recordar a aquellos manifestantes de Polonia, que ya se hab\u00edan puesto en marcha diez a\u00f1os antes en busca de reformas.<\/p>\n","protected":false},"excerpt":{"rendered":"<p>Berl\u00edn, 29 ago (dpa) &#8211; La canciller alemana, Angela Merkel, record\u00f3 hoy en su videomensaje semanal el 40 aniversario de la autorizaci\u00f3n del sindicato Solidarnosc (Solidaridad) en Polonia y destac\u00f3 el papel de los trabajadores del puerto de Gdansk en la historia de Alemania. \u00abSolidarnosc desencaden\u00f3 una fuerza que tambi\u00e9n impuls\u00f3 a otras sociedades de<\/p>\n","protected":false},"author":1,"featured_media":5026,"comment_status":"closed","ping_status":"closed","sticky":false,"template":"","format":"standard","meta":{"footnotes":""},"categories":[1],"tags":[],"class_list":{"0":"post-5028","1":"post","2":"type-post","3":"status-publish","4":"format-standard","5":"has-post-thumbnail","7":"category-noticias"},"aioseo_notices":[],"aioseo_head":"\n\t\t<!-- All in One SEO Pro 4.9.6.2 - aioseo.com -->\n\t<meta name=\"description\" content=\"Berl\u00edn, 29 ago (dpa) - La canciller alemana, Angela Merkel, record\u00f3 hoy en su videomensaje semanal el 40 aniversario de la autorizaci\u00f3n del sindicato Solidarnosc (Solidaridad) en Polonia y destac\u00f3 el papel de los trabajadores del puerto de Gdansk en la historia de Alemania. &quot;Solidarnosc desencaden\u00f3 una fuerza que tambi\u00e9n impuls\u00f3 a otras sociedades de\" \/>\n\t<meta name=\"robots\" content=\"max-image-preview:large\" \/>\n\t<meta name=\"author\" content=\"NBAsturias\"\/>\n\t<meta name=\"google-site-verification\" content=\"UA-38556648-1\" \/>\n\t<meta name=\"keywords\" content=\"noticias\" \/>\n\t<link rel=\"canonical\" href=\"https:\/\/eldigitaldeasturias.com\/radio\/merkel-honra-al-movimiento-polaco-solidarnosc-heroes-de-la-libertad\/\" \/>\n\t<meta name=\"generator\" content=\"All in One SEO Pro (AIOSEO) 4.9.6.2\" \/>\n\t\t<meta property=\"og:locale\" content=\"es_ES\" \/>\n\t\t<meta property=\"og:site_name\" content=\"El Digital de Asturias | Diario de informaci\u00f3n y noticias\" \/>\n\t\t<meta property=\"og:type\" content=\"article\" \/>\n\t\t<meta property=\"og:title\" content=\"Merkel honra al movimiento polaco Solidarnosc: \u00abH\u00e9roes de la libertad\u00bb | El Digital de Asturias\" \/>\n\t\t<meta property=\"og:description\" content=\"Berl\u00edn, 29 ago (dpa) - La canciller alemana, Angela Merkel, record\u00f3 hoy en su videomensaje semanal el 40 aniversario de la autorizaci\u00f3n del sindicato Solidarnosc (Solidaridad) en Polonia y destac\u00f3 el papel de los trabajadores del puerto de Gdansk en la historia de Alemania. &quot;Solidarnosc desencaden\u00f3 una fuerza que tambi\u00e9n impuls\u00f3 a otras sociedades de\" \/>\n\t\t<meta property=\"og:url\" content=\"https:\/\/eldigitaldeasturias.com\/radio\/merkel-honra-al-movimiento-polaco-solidarnosc-heroes-de-la-libertad\/\" \/>\n\t\t<meta property=\"og:image\" content=\"https:\/\/eldigitaldeasturias.com\/radio\/wp-content\/uploads\/2020\/08\/Merkel.jpg\" \/>\n\t\t<meta property=\"og:image:secure_url\" content=\"https:\/\/eldigitaldeasturias.com\/radio\/wp-content\/uploads\/2020\/08\/Merkel.jpg\" \/>\n\t\t<meta property=\"og:image:width\" content=\"877\" \/>\n\t\t<meta property=\"og:image:height\" content=\"626\" \/>\n\t\t<meta property=\"article:published_time\" content=\"2020-08-30T11:51:19+00:00\" \/>\n\t\t<meta property=\"article:modified_time\" content=\"2020-08-30T11:51:19+00:00\" \/>\n\t\t<meta name=\"twitter:card\" content=\"summary_large_image\" \/>\n\t\t<meta name=\"twitter:site\" content=\"@bercodi\" \/>\n\t\t<meta name=\"twitter:title\" content=\"Merkel honra al movimiento polaco Solidarnosc: \u00abH\u00e9roes de la libertad\u00bb | El Digital de Asturias\" \/>\n\t\t<meta name=\"twitter:description\" content=\"Berl\u00edn, 29 ago (dpa) - La canciller alemana, Angela Merkel, record\u00f3 hoy en su videomensaje semanal el 40 aniversario de la autorizaci\u00f3n del sindicato Solidarnosc (Solidaridad) en Polonia y destac\u00f3 el papel de los trabajadores del puerto de Gdansk en la historia de Alemania. &quot;Solidarnosc desencaden\u00f3 una fuerza que tambi\u00e9n impuls\u00f3 a otras sociedades de\" \/>\n\t\t<meta name=\"twitter:creator\" content=\"@bercodi\" \/>\n\t\t<meta name=\"twitter:image\" content=\"https:\/\/eldigitaldeasturias.com\/radio\/wp-content\/uploads\/2020\/08\/Merkel.jpg\" \/>\n\t\t<script type=\"application\/ld+json\" class=\"aioseo-schema\">\n\t\t\t{\"@context\":\"https:\\\/\\\/schema.org\",\"@graph\":[{\"@type\":\"BreadcrumbList\",\"@id\":\"https:\\\/\\\/eldigitaldeasturias.com\\\/radio\\\/merkel-honra-al-movimiento-polaco-solidarnosc-heroes-de-la-libertad\\\/#breadcrumblist\",\"itemListElement\":[{\"@type\":\"ListItem\",\"@id\":\"https:\\\/\\\/eldigitaldeasturias.com\\\/radio#listItem\",\"position\":1,\"name\":\"Inicio\",\"item\":\"https:\\\/\\\/eldigitaldeasturias.com\\\/radio\",\"nextItem\":{\"@type\":\"ListItem\",\"@id\":\"https:\\\/\\\/eldigitaldeasturias.com\\\/radio\\\/category\\\/noticias\\\/#listItem\",\"name\":\"Noticias\"}},{\"@type\":\"ListItem\",\"@id\":\"https:\\\/\\\/eldigitaldeasturias.com\\\/radio\\\/category\\\/noticias\\\/#listItem\",\"position\":2,\"name\":\"Noticias\",\"item\":\"https:\\\/\\\/eldigitaldeasturias.com\\\/radio\\\/category\\\/noticias\\\/\",\"nextItem\":{\"@type\":\"ListItem\",\"@id\":\"https:\\\/\\\/eldigitaldeasturias.com\\\/radio\\\/merkel-honra-al-movimiento-polaco-solidarnosc-heroes-de-la-libertad\\\/#listItem\",\"name\":\"Merkel honra al movimiento polaco Solidarnosc: \\u00abH\\u00e9roes de la libertad\\u00bb\"},\"previousItem\":{\"@type\":\"ListItem\",\"@id\":\"https:\\\/\\\/eldigitaldeasturias.com\\\/radio#listItem\",\"name\":\"Inicio\"}},{\"@type\":\"ListItem\",\"@id\":\"https:\\\/\\\/eldigitaldeasturias.com\\\/radio\\\/merkel-honra-al-movimiento-polaco-solidarnosc-heroes-de-la-libertad\\\/#listItem\",\"position\":3,\"name\":\"Merkel honra al movimiento polaco Solidarnosc: \\u00abH\\u00e9roes de la libertad\\u00bb\",\"previousItem\":{\"@type\":\"ListItem\",\"@id\":\"https:\\\/\\\/eldigitaldeasturias.com\\\/radio\\\/category\\\/noticias\\\/#listItem\",\"name\":\"Noticias\"}}]},{\"@type\":\"NewsArticle\",\"@id\":\"https:\\\/\\\/eldigitaldeasturias.com\\\/radio\\\/merkel-honra-al-movimiento-polaco-solidarnosc-heroes-de-la-libertad\\\/#newsarticle\",\"name\":\"Merkel honra al movimiento polaco Solidarnosc: \\u00abH\\u00e9roes de la libertad\\u00bb | El Digital de Asturias\",\"headline\":\"Merkel honra al movimiento polaco Solidarnosc: \\u00abH\\u00e9roes de la libertad\\u00bb\",\"author\":{\"@id\":\"https:\\\/\\\/eldigitaldeasturias.com\\\/radio\\\/author\\\/nbasturias\\\/#author\"},\"publisher\":{\"@id\":\"https:\\\/\\\/eldigitaldeasturias.com\\\/radio\\\/#organization\"},\"image\":{\"@type\":\"ImageObject\",\"url\":\"https:\\\/\\\/eldigitaldeasturias.com\\\/radio\\\/wp-content\\\/uploads\\\/2020\\\/08\\\/Merkel.jpg\",\"width\":877,\"height\":626,\"caption\":\"Foto: Christoph Soeder\\\/dpa-Pool\\\/dpa\"},\"datePublished\":\"2020-08-30T11:51:19+02:00\",\"dateModified\":\"2020-08-30T11:51:19+02:00\",\"inLanguage\":\"es-ES\",\"mainEntityOfPage\":{\"@id\":\"https:\\\/\\\/eldigitaldeasturias.com\\\/radio\\\/merkel-honra-al-movimiento-polaco-solidarnosc-heroes-de-la-libertad\\\/#webpage\"},\"isPartOf\":{\"@id\":\"https:\\\/\\\/eldigitaldeasturias.com\\\/radio\\\/merkel-honra-al-movimiento-polaco-solidarnosc-heroes-de-la-libertad\\\/#webpage\"},\"articleSection\":\"Noticias\",\"dateline\":\"Publicado el agosto 30, 2020.\"},{\"@type\":\"Organization\",\"@id\":\"https:\\\/\\\/eldigitaldeasturias.com\\\/radio\\\/#organization\",\"name\":\"El digital de Asturias Radio\",\"description\":\"Diario de informaci\\u00f3n y noticias\",\"url\":\"https:\\\/\\\/eldigitaldeasturias.com\\\/radio\\\/\",\"telephone\":\"+34652131393\",\"logo\":{\"@type\":\"ImageObject\",\"url\":\"https:\\\/\\\/www.eldigitaldeasturias.com\\\/radio\\\/wp-content\\\/uploads\\\/2021\\\/03\\\/EDA.jpg\",\"@id\":\"https:\\\/\\\/eldigitaldeasturias.com\\\/radio\\\/merkel-honra-al-movimiento-polaco-solidarnosc-heroes-de-la-libertad\\\/#organizationLogo\"},\"image\":{\"@id\":\"https:\\\/\\\/eldigitaldeasturias.com\\\/radio\\\/merkel-honra-al-movimiento-polaco-solidarnosc-heroes-de-la-libertad\\\/#organizationLogo\"},\"sameAs\":[\"https:\\\/\\\/www.facebook.com\\\/\",\"https:\\\/\\\/x.com\\\/bercodi\",\"https:\\\/\\\/www.instagram.com\\\/\",\"https:\\\/\\\/www.youtube.com\\\/channel\\\/UCZP-2wLEB9Rv6erhFmqVnvg\"]},{\"@type\":\"Person\",\"@id\":\"https:\\\/\\\/eldigitaldeasturias.com\\\/radio\\\/author\\\/nbasturias\\\/#author\",\"url\":\"https:\\\/\\\/eldigitaldeasturias.com\\\/radio\\\/author\\\/nbasturias\\\/\",\"name\":\"NBAsturias\",\"image\":{\"@type\":\"ImageObject\",\"@id\":\"https:\\\/\\\/eldigitaldeasturias.com\\\/radio\\\/merkel-honra-al-movimiento-polaco-solidarnosc-heroes-de-la-libertad\\\/#authorImage\",\"url\":\"https:\\\/\\\/secure.gravatar.com\\\/avatar\\\/df2aeffc32bcd13f8d26072ef8a91b623d677766deac7f97ca815868cd41bf5e?s=96&d=mm&r=g\",\"width\":96,\"height\":96,\"caption\":\"NBAsturias\"}},{\"@type\":\"WebPage\",\"@id\":\"https:\\\/\\\/eldigitaldeasturias.com\\\/radio\\\/merkel-honra-al-movimiento-polaco-solidarnosc-heroes-de-la-libertad\\\/#webpage\",\"url\":\"https:\\\/\\\/eldigitaldeasturias.com\\\/radio\\\/merkel-honra-al-movimiento-polaco-solidarnosc-heroes-de-la-libertad\\\/\",\"name\":\"Merkel honra al movimiento polaco Solidarnosc: \\u00abH\\u00e9roes de la libertad\\u00bb | El Digital de Asturias\",\"description\":\"Berl\\u00edn, 29 ago (dpa) - La canciller alemana, Angela Merkel, record\\u00f3 hoy en su videomensaje semanal el 40 aniversario de la autorizaci\\u00f3n del sindicato Solidarnosc (Solidaridad) en Polonia y destac\\u00f3 el papel de los trabajadores del puerto de Gdansk en la historia de Alemania. \\\"Solidarnosc desencaden\\u00f3 una fuerza que tambi\\u00e9n impuls\\u00f3 a otras sociedades de\",\"inLanguage\":\"es-ES\",\"isPartOf\":{\"@id\":\"https:\\\/\\\/eldigitaldeasturias.com\\\/radio\\\/#website\"},\"breadcrumb\":{\"@id\":\"https:\\\/\\\/eldigitaldeasturias.com\\\/radio\\\/merkel-honra-al-movimiento-polaco-solidarnosc-heroes-de-la-libertad\\\/#breadcrumblist\"},\"author\":{\"@id\":\"https:\\\/\\\/eldigitaldeasturias.com\\\/radio\\\/author\\\/nbasturias\\\/#author\"},\"creator\":{\"@id\":\"https:\\\/\\\/eldigitaldeasturias.com\\\/radio\\\/author\\\/nbasturias\\\/#author\"},\"image\":{\"@type\":\"ImageObject\",\"url\":\"https:\\\/\\\/eldigitaldeasturias.com\\\/radio\\\/wp-content\\\/uploads\\\/2020\\\/08\\\/Merkel.jpg\",\"@id\":\"https:\\\/\\\/eldigitaldeasturias.com\\\/radio\\\/merkel-honra-al-movimiento-polaco-solidarnosc-heroes-de-la-libertad\\\/#mainImage\",\"width\":877,\"height\":626,\"caption\":\"Foto: Christoph Soeder\\\/dpa-Pool\\\/dpa\"},\"primaryImageOfPage\":{\"@id\":\"https:\\\/\\\/eldigitaldeasturias.com\\\/radio\\\/merkel-honra-al-movimiento-polaco-solidarnosc-heroes-de-la-libertad\\\/#mainImage\"},\"datePublished\":\"2020-08-30T11:51:19+02:00\",\"dateModified\":\"2020-08-30T11:51:19+02:00\"},{\"@type\":\"WebSite\",\"@id\":\"https:\\\/\\\/eldigitaldeasturias.com\\\/radio\\\/#website\",\"url\":\"https:\\\/\\\/eldigitaldeasturias.com\\\/radio\\\/\",\"name\":\"El Digital de Asturias\",\"description\":\"Diario de informaci\\u00f3n y noticias\",\"inLanguage\":\"es-ES\",\"publisher\":{\"@id\":\"https:\\\/\\\/eldigitaldeasturias.com\\\/radio\\\/#organization\"}}]}\n\t\t<\/script>\n\t\t<!-- All in One SEO Pro -->\r\n\t\t<title>Merkel honra al movimiento polaco Solidarnosc: \u00abH\u00e9roes de la libertad\u00bb | El Digital de Asturias<\/title>\n\n","aioseo_head_json":{"title":"Merkel honra al movimiento polaco Solidarnosc: \u00abH\u00e9roes de la libertad\u00bb | El Digital de Asturias","description":"Berl\u00edn, 29 ago (dpa) - La canciller alemana, Angela Merkel, record\u00f3 hoy en su videomensaje semanal el 40 aniversario de la autorizaci\u00f3n del sindicato Solidarnosc (Solidaridad) en Polonia y destac\u00f3 el papel de los trabajadores del puerto de Gdansk en la historia de Alemania. \"Solidarnosc desencaden\u00f3 una fuerza que tambi\u00e9n impuls\u00f3 a otras sociedades de","canonical_url":"https:\/\/eldigitaldeasturias.com\/radio\/merkel-honra-al-movimiento-polaco-solidarnosc-heroes-de-la-libertad\/","robots":"max-image-preview:large","keywords":"noticias","webmasterTools":{"google-site-verification":"UA-38556648-1","miscellaneous":""},"schema":{"@context":"https:\/\/schema.org","@graph":[{"@type":"BreadcrumbList","@id":"https:\/\/eldigitaldeasturias.com\/radio\/merkel-honra-al-movimiento-polaco-solidarnosc-heroes-de-la-libertad\/#breadcrumblist","itemListElement":[{"@type":"ListItem","@id":"https:\/\/eldigitaldeasturias.com\/radio#listItem","position":1,"name":"Inicio","item":"https:\/\/eldigitaldeasturias.com\/radio","nextItem":{"@type":"ListItem","@id":"https:\/\/eldigitaldeasturias.com\/radio\/category\/noticias\/#listItem","name":"Noticias"}},{"@type":"ListItem","@id":"https:\/\/eldigitaldeasturias.com\/radio\/category\/noticias\/#listItem","position":2,"name":"Noticias","item":"https:\/\/eldigitaldeasturias.com\/radio\/category\/noticias\/","nextItem":{"@type":"ListItem","@id":"https:\/\/eldigitaldeasturias.com\/radio\/merkel-honra-al-movimiento-polaco-solidarnosc-heroes-de-la-libertad\/#listItem","name":"Merkel honra al movimiento polaco Solidarnosc: \u00abH\u00e9roes de la libertad\u00bb"},"previousItem":{"@type":"ListItem","@id":"https:\/\/eldigitaldeasturias.com\/radio#listItem","name":"Inicio"}},{"@type":"ListItem","@id":"https:\/\/eldigitaldeasturias.com\/radio\/merkel-honra-al-movimiento-polaco-solidarnosc-heroes-de-la-libertad\/#listItem","position":3,"name":"Merkel honra al movimiento polaco Solidarnosc: \u00abH\u00e9roes de la libertad\u00bb","previousItem":{"@type":"ListItem","@id":"https:\/\/eldigitaldeasturias.com\/radio\/category\/noticias\/#listItem","name":"Noticias"}}]},{"@type":"NewsArticle","@id":"https:\/\/eldigitaldeasturias.com\/radio\/merkel-honra-al-movimiento-polaco-solidarnosc-heroes-de-la-libertad\/#newsarticle","name":"Merkel honra al movimiento polaco Solidarnosc: \u00abH\u00e9roes de la libertad\u00bb | El Digital de Asturias","headline":"Merkel honra al movimiento polaco Solidarnosc: \u00abH\u00e9roes de la libertad\u00bb","author":{"@id":"https:\/\/eldigitaldeasturias.com\/radio\/author\/nbasturias\/#author"},"publisher":{"@id":"https:\/\/eldigitaldeasturias.com\/radio\/#organization"},"image":{"@type":"ImageObject","url":"https:\/\/eldigitaldeasturias.com\/radio\/wp-content\/uploads\/2020\/08\/Merkel.jpg","width":877,"height":626,"caption":"Foto: Christoph Soeder\/dpa-Pool\/dpa"},"datePublished":"2020-08-30T11:51:19+02:00","dateModified":"2020-08-30T11:51:19+02:00","inLanguage":"es-ES","mainEntityOfPage":{"@id":"https:\/\/eldigitaldeasturias.com\/radio\/merkel-honra-al-movimiento-polaco-solidarnosc-heroes-de-la-libertad\/#webpage"},"isPartOf":{"@id":"https:\/\/eldigitaldeasturias.com\/radio\/merkel-honra-al-movimiento-polaco-solidarnosc-heroes-de-la-libertad\/#webpage"},"articleSection":"Noticias","dateline":"Publicado el agosto 30, 2020."},{"@type":"Organization","@id":"https:\/\/eldigitaldeasturias.com\/radio\/#organization","name":"El digital de Asturias Radio","description":"Diario de informaci\u00f3n y noticias","url":"https:\/\/eldigitaldeasturias.com\/radio\/","telephone":"+34652131393","logo":{"@type":"ImageObject","url":"https:\/\/www.eldigitaldeasturias.com\/radio\/wp-content\/uploads\/2021\/03\/EDA.jpg","@id":"https:\/\/eldigitaldeasturias.com\/radio\/merkel-honra-al-movimiento-polaco-solidarnosc-heroes-de-la-libertad\/#organizationLogo"},"image":{"@id":"https:\/\/eldigitaldeasturias.com\/radio\/merkel-honra-al-movimiento-polaco-solidarnosc-heroes-de-la-libertad\/#organizationLogo"},"sameAs":["https:\/\/www.facebook.com\/","https:\/\/x.com\/bercodi","https:\/\/www.instagram.com\/","https:\/\/www.youtube.com\/channel\/UCZP-2wLEB9Rv6erhFmqVnvg"]},{"@type":"Person","@id":"https:\/\/eldigitaldeasturias.com\/radio\/author\/nbasturias\/#author","url":"https:\/\/eldigitaldeasturias.com\/radio\/author\/nbasturias\/","name":"NBAsturias","image":{"@type":"ImageObject","@id":"https:\/\/eldigitaldeasturias.com\/radio\/merkel-honra-al-movimiento-polaco-solidarnosc-heroes-de-la-libertad\/#authorImage","url":"https:\/\/secure.gravatar.com\/avatar\/df2aeffc32bcd13f8d26072ef8a91b623d677766deac7f97ca815868cd41bf5e?s=96&d=mm&r=g","width":96,"height":96,"caption":"NBAsturias"}},{"@type":"WebPage","@id":"https:\/\/eldigitaldeasturias.com\/radio\/merkel-honra-al-movimiento-polaco-solidarnosc-heroes-de-la-libertad\/#webpage","url":"https:\/\/eldigitaldeasturias.com\/radio\/merkel-honra-al-movimiento-polaco-solidarnosc-heroes-de-la-libertad\/","name":"Merkel honra al movimiento polaco Solidarnosc: \u00abH\u00e9roes de la libertad\u00bb | El Digital de Asturias","description":"Berl\u00edn, 29 ago (dpa) - La canciller alemana, Angela Merkel, record\u00f3 hoy en su videomensaje semanal el 40 aniversario de la autorizaci\u00f3n del sindicato Solidarnosc (Solidaridad) en Polonia y destac\u00f3 el papel de los trabajadores del puerto de Gdansk en la historia de Alemania. \"Solidarnosc desencaden\u00f3 una fuerza que tambi\u00e9n impuls\u00f3 a otras sociedades de","inLanguage":"es-ES","isPartOf":{"@id":"https:\/\/eldigitaldeasturias.com\/radio\/#website"},"breadcrumb":{"@id":"https:\/\/eldigitaldeasturias.com\/radio\/merkel-honra-al-movimiento-polaco-solidarnosc-heroes-de-la-libertad\/#breadcrumblist"},"author":{"@id":"https:\/\/eldigitaldeasturias.com\/radio\/author\/nbasturias\/#author"},"creator":{"@id":"https:\/\/eldigitaldeasturias.com\/radio\/author\/nbasturias\/#author"},"image":{"@type":"ImageObject","url":"https:\/\/eldigitaldeasturias.com\/radio\/wp-content\/uploads\/2020\/08\/Merkel.jpg","@id":"https:\/\/eldigitaldeasturias.com\/radio\/merkel-honra-al-movimiento-polaco-solidarnosc-heroes-de-la-libertad\/#mainImage","width":877,"height":626,"caption":"Foto: Christoph Soeder\/dpa-Pool\/dpa"},"primaryImageOfPage":{"@id":"https:\/\/eldigitaldeasturias.com\/radio\/merkel-honra-al-movimiento-polaco-solidarnosc-heroes-de-la-libertad\/#mainImage"},"datePublished":"2020-08-30T11:51:19+02:00","dateModified":"2020-08-30T11:51:19+02:00"},{"@type":"WebSite","@id":"https:\/\/eldigitaldeasturias.com\/radio\/#website","url":"https:\/\/eldigitaldeasturias.com\/radio\/","name":"El Digital de Asturias","description":"Diario de informaci\u00f3n y noticias","inLanguage":"es-ES","publisher":{"@id":"https:\/\/eldigitaldeasturias.com\/radio\/#organization"}}]},"og:locale":"es_ES","og:site_name":"El Digital de Asturias | Diario de informaci\u00f3n y noticias","og:type":"article","og:title":"Merkel honra al movimiento polaco Solidarnosc: \u00abH\u00e9roes de la libertad\u00bb | El Digital de Asturias","og:description":"Berl\u00edn, 29 ago (dpa) - La canciller alemana, Angela Merkel, record\u00f3 hoy en su videomensaje semanal el 40 aniversario de la autorizaci\u00f3n del sindicato Solidarnosc (Solidaridad) en Polonia y destac\u00f3 el papel de los trabajadores del puerto de Gdansk en la historia de Alemania. &quot;Solidarnosc desencaden\u00f3 una fuerza que tambi\u00e9n impuls\u00f3 a otras sociedades de","og:url":"https:\/\/eldigitaldeasturias.com\/radio\/merkel-honra-al-movimiento-polaco-solidarnosc-heroes-de-la-libertad\/","og:image":"https:\/\/eldigitaldeasturias.com\/radio\/wp-content\/uploads\/2020\/08\/Merkel.jpg","og:image:secure_url":"https:\/\/eldigitaldeasturias.com\/radio\/wp-content\/uploads\/2020\/08\/Merkel.jpg","og:image:width":877,"og:image:height":626,"article:published_time":"2020-08-30T11:51:19+00:00","article:modified_time":"2020-08-30T11:51:19+00:00","twitter:card":"summary_large_image","twitter:site":"@bercodi","twitter:title":"Merkel honra al movimiento polaco Solidarnosc: \u00abH\u00e9roes de la libertad\u00bb | El Digital de Asturias","twitter:description":"Berl\u00edn, 29 ago (dpa) - La canciller alemana, Angela Merkel, record\u00f3 hoy en su videomensaje semanal el 40 aniversario de la autorizaci\u00f3n del sindicato Solidarnosc (Solidaridad) en Polonia y destac\u00f3 el papel de los trabajadores del puerto de Gdansk en la historia de Alemania. &quot;Solidarnosc desencaden\u00f3 una fuerza que tambi\u00e9n impuls\u00f3 a otras sociedades de","twitter:creator":"@bercodi","twitter:image":"https:\/\/eldigitaldeasturias.com\/radio\/wp-content\/uploads\/2020\/08\/Merkel.jpg"},"aioseo_meta_data":{"post_id":"5028","title":null,"description":"","keywords":"","keyphrases":null,"primary_term":null,"canonical_url":"","og_title":null,"og_description":null,"og_object_type":"default","og_image_type":"default","og_image_url":null,"og_image_width":null,"og_image_height":null,"og_image_custom_url":null,"og_image_custom_fields":null,"og_video":null,"og_custom_url":null,"og_article_section":null,"og_article_tags":null,"twitter_use_og":false,"twitter_card":"default","twitter_image_type":"default","twitter_image_url":null,"twitter_image_custom_url":null,"twitter_image_custom_fields":null,"twitter_title":null,"twitter_description":null,"schema":{"blockGraphs":[],"customGraphs":[],"default":{"data":{"Article":[],"Course":[],"Dataset":[],"FAQPage":[],"Movie":[],"Person":[],"Product":[],"ProductReview":[],"Car":[],"Recipe":[],"Service":[],"SoftwareApplication":[],"WebPage":[]},"graphName":"","isEnabled":true},"graphs":[],"defaultGraph":"","defaultPostTypeGraph":""},"schema_type":null,"schema_type_options":null,"pillar_content":false,"robots_default":true,"robots_noindex":false,"robots_noarchive":false,"robots_nosnippet":false,"robots_nofollow":false,"robots_noimageindex":false,"robots_noodp":false,"robots_notranslate":false,"robots_max_snippet":null,"robots_max_videopreview":null,"robots_max_imagepreview":"large","priority":null,"frequency":null,"location":null,"local_seo":null,"seo_analyzer_scan_date":"2025-08-28 17:11:01","breadcrumb_settings":null,"limit_modified_date":false,"open_ai":null,"ai":null,"created":"2021-03-25 14:58:39","updated":"2025-08-28 17:11:01"},"aioseo_breadcrumb":"<div class=\"aioseo-breadcrumbs\"><span class=\"aioseo-breadcrumb\">\n\t<a href=\"https:\/\/eldigitaldeasturias.com\/radio\" title=\"Inicio\">Inicio<\/a>\n<\/span><span class=\"aioseo-breadcrumb-separator\">&ndash;<\/span><span class=\"aioseo-breadcrumb\">\n\t<a href=\"https:\/\/eldigitaldeasturias.com\/radio\/category\/noticias\/\" title=\"Noticias\">Noticias<\/a>\n<\/span><span class=\"aioseo-breadcrumb-separator\">&ndash;<\/span><span class=\"aioseo-breadcrumb\">\n\tMerkel honra al movimiento polaco Solidarnosc: \u00abH\u00e9roes de la libertad\u00bb\n<\/span><\/div>","aioseo_breadcrumb_json":[{"label":"Inicio","link":"https:\/\/eldigitaldeasturias.com\/radio"},{"label":"Noticias","link":"https:\/\/eldigitaldeasturias.com\/radio\/category\/noticias\/"},{"label":"Merkel honra al movimiento polaco Solidarnosc: \u00abH\u00e9roes de la libertad\u00bb","link":"https:\/\/eldigitaldeasturias.com\/radio\/merkel-honra-al-movimiento-polaco-solidarnosc-heroes-de-la-libertad\/"}],"_links":{"self":[{"href":"https:\/\/eldigitaldeasturias.com\/radio\/wp-json\/wp\/v2\/posts\/5028","targetHints":{"allow":["GET"]}}],"collection":[{"href":"https:\/\/eldigitaldeasturias.com\/radio\/wp-json\/wp\/v2\/posts"}],"about":[{"href":"https:\/\/eldigitaldeasturias.com\/radio\/wp-json\/wp\/v2\/types\/post"}],"author":[{"embeddable":true,"href":"https:\/\/eldigitaldeasturias.com\/radio\/wp-json\/wp\/v2\/users\/1"}],"replies":[{"embeddable":true,"href":"https:\/\/eldigitaldeasturias.com\/radio\/wp-json\/wp\/v2\/comments?post=5028"}],"version-history":[{"count":0,"href":"https:\/\/eldigitaldeasturias.com\/radio\/wp-json\/wp\/v2\/posts\/5028\/revisions"}],"wp:featuredmedia":[{"embeddable":true,"href":"https:\/\/eldigitaldeasturias.com\/radio\/wp-json\/wp\/v2\/media\/5026"}],"wp:attachment":[{"href":"https:\/\/eldigitaldeasturias.com\/radio\/wp-json\/wp\/v2\/media?parent=5028"}],"wp:term":[{"taxonomy":"category","embeddable":true,"href":"https:\/\/eldigitaldeasturias.com\/radio\/wp-json\/wp\/v2\/categories?post=5028"},{"taxonomy":"post_tag","embeddable":true,"href":"https:\/\/eldigitaldeasturias.com\/radio\/wp-json\/wp\/v2\/tags?post=5028"}],"curies":[{"name":"wp","href":"https:\/\/api.w.org\/{rel}","templated":true}]}}