{"id":5025,"date":"2020-08-30T11:36:51","date_gmt":"2020-08-30T11:36:51","guid":{"rendered":"http:\/\/www.eldigitaldeasturias.com\/radio\/?p=5025"},"modified":"2020-08-30T11:36:51","modified_gmt":"2020-08-30T11:36:51","slug":"merkel-prepara-a-los-ciudadanos-para-los-tiempos-dificiles-en-la-pandemia","status":"publish","type":"post","link":"https:\/\/eldigitaldeasturias.com\/radio\/merkel-prepara-a-los-ciudadanos-para-los-tiempos-dificiles-en-la-pandemia\/","title":{"rendered":"Merkel prepara a los ciudadanos para los tiempos d\u00edficiles en la pandemia"},"content":{"rendered":"<figure id=\"attachment_5026\" aria-describedby=\"caption-attachment-5026\" style=\"width: 360px\" class=\"wp-caption alignleft\"><img fetchpriority=\"high\" decoding=\"async\" class=\"size-medium wp-image-5026\" src=\"http:\/\/www.eldigitaldeasturias.com\/radio\/wp-content\/uploads\/2020\/08\/Merkel-360x257.jpg\" alt=\"\" width=\"360\" height=\"257\" srcset=\"https:\/\/eldigitaldeasturias.com\/radio\/wp-content\/uploads\/2020\/08\/Merkel-360x257.jpg 360w, https:\/\/eldigitaldeasturias.com\/radio\/wp-content\/uploads\/2020\/08\/Merkel-768x548.jpg 768w, https:\/\/eldigitaldeasturias.com\/radio\/wp-content\/uploads\/2020\/08\/Merkel.jpg 877w\" sizes=\"(max-width: 360px) 100vw, 360px\" \/><figcaption id=\"caption-attachment-5026\" class=\"wp-caption-text\">Foto: Christoph Soeder\/dpa-Pool\/dpa<\/figcaption><\/figure>\n<p>Berl\u00edn, 28 ago (dpa) &#8211; La canciller alemana, Angela Merkel, advirti\u00f3 hoy a los ciudadanos sobre tiempos dif\u00edciles que se avecinan debido a la pandemia de coronavirus, seg\u00fan se\u00f1al\u00f3 la mandataria en su tradicional conferencia veraniega en Berl\u00edn.<\/p>\n<p>\u00abHay que contar con que muchas cosas ser\u00e1n a\u00fan m\u00e1s dif\u00edciles que ahora, en el verano\u00bb, coment\u00f3 en relaci\u00f3n al pr\u00f3ximo fin de la temporada estival en el hemisferio norte.<\/p>\n<p>Merkel reiter\u00f3 su advertencia de marzo. \u00abEsto no ha cambiado: es serio, tan serio como entonces y t\u00f3menselo ustedes tambi\u00e9n en serio\u00bb, coment\u00f3 ante los periodistas, a\u00f1adiendo que el coronavirus es una gran exigencia para la democracia.<\/p>\n<p>La jefa del Gobierno alem\u00e1n agreg\u00f3 que, durante el verano, la \u00abvida fuera de casa\u00bb permiti\u00f3 gozar de libertades y tener una relativa protecci\u00f3n frente a aerosoles que podr\u00edan transmitir el virus.<\/p>\n<p>\u00abEn los pr\u00f3ximos meses, se tratar\u00e1 de mantener bajas las cifras de infecci\u00f3n mientras volvemos a pasar tiempo dentro, ya sea en los puestos de trabajo, en las escuelas o en las viviendas\u00bb, acot\u00f3, recordando que cient\u00edficos est\u00e1n trabajando en todo el mundo para elaborar medicamentos adecuados y una vacuna, pero que ni lo uno ni lo otro a\u00fan ha sido logrado.<\/p>\n<p>Mientras esto sea as\u00ed, \u00abtendremos que vivir con este virus a\u00fan m\u00e1s tiempo y por lo tanto mi actitud b\u00e1sica es de vigilancia, de atenci\u00f3n\u00bb, dijo Merkel.<\/p>\n<p>La mandataria mencion\u00f3 tres prioridades para los pr\u00f3ximos meses: en primer lugar, hacer todo lo posible para que los ni\u00f1os no se conviertan en v\u00edctimas de la pandemia. En segundo, mantener o volver a poner en marcha la econom\u00eda y, finalmente, \u00abpreservar la cohesi\u00f3n social en la medida de lo posible\u00bb.<\/p>\n<p>Merkel a\u00f1adi\u00f3 que la pandemia provoca \u00abgrandes dificultades\u00bb a algunos grupos de la poblaci\u00f3n, problemas que deben ser amortiguados. La canciller nombr\u00f3 a los ancianos, a las personas necesitadas de cuidados, a las familias con ni\u00f1os en condiciones de hacinamiento, a los estudiantes que pierden sus trabajos a tiempo parcial, a los buscadores de empleo, a las peque\u00f1as empresas y a los artistas. \u00abDebemos prestar especial atenci\u00f3n a todos ellos\u00bb, recalc\u00f3 la canciller.<\/p>\n<p>Asimismo, agradeci\u00f3 a los ciudadanos por su prudente comportamiento durante la crisis.<\/p>\n<p>En otro orden, Merkel se refiri\u00f3 al cambio clim\u00e1tico, enfatizando la importancia de que se apliquen los programas de protecci\u00f3n en Alemania y de que se llegue a una postura uniforme en la Uni\u00f3n Europea.<\/p>\n<p>En cuanto a pol\u00edtica exterior, la canciller abog\u00f3 por el di\u00e1logo entre Grecia y Turqu\u00eda en el conflicto por la prospecci\u00f3n de yacimientos de gas en el Mediterr\u00e1neo. Merkel record\u00f3 que se trata de una controversia entre dos miembros de la OTAN, algo que \u00abno puede dejarnos fr\u00edos\u00bb.<\/p>\n<p>La mandataria tambi\u00e9n advirti\u00f3 contra una injerencia externa en el conflicto en Bielorrusia. En referencia al anuncio del presidente ruso, Vladimir Putin, de que ya hay lista una fuerza de intervenci\u00f3n para apoyar al jefe de Estado bielorruso, Alexander Lukashenko, Merkel se\u00f1al\u00f3: \u00abEspero que esa tropa nunca llegue a desplegarse\u00bb.<\/p>\n<p>Merkel recalc\u00f3 que quienes salen con valent\u00eda a manifestarse en Bielorrusia deber\u00edan tener el derecho a protestar y a expresar sus ideas con libertad. \u00abDeber\u00edan poder hacerlo de forma independiente, sin intromisi\u00f3n desde afuera que responda a ninguna tendencia. Ese es nuestro deseo\u00bb.<\/p>\n","protected":false},"excerpt":{"rendered":"<p>Berl\u00edn, 28 ago (dpa) &#8211; La canciller alemana, Angela Merkel, advirti\u00f3 hoy a los ciudadanos sobre tiempos dif\u00edciles que se avecinan debido a la pandemia de coronavirus, seg\u00fan se\u00f1al\u00f3 la mandataria en su tradicional conferencia veraniega en Berl\u00edn. \u00abHay que contar con que muchas cosas ser\u00e1n a\u00fan m\u00e1s dif\u00edciles que ahora, en el verano\u00bb, coment\u00f3<\/p>\n","protected":false},"author":1,"featured_media":5026,"comment_status":"closed","ping_status":"closed","sticky":false,"template":"","format":"standard","meta":{"footnotes":""},"categories":[1],"tags":[],"class_list":{"0":"post-5025","1":"post","2":"type-post","3":"status-publish","4":"format-standard","5":"has-post-thumbnail","7":"category-noticias"},"aioseo_notices":[],"aioseo_head":"\n\t\t<!-- All in One SEO Pro 4.9.6.2 - aioseo.com -->\n\t<meta name=\"description\" content=\"Berl\u00edn, 28 ago (dpa) - La canciller alemana, Angela Merkel, advirti\u00f3 hoy a los ciudadanos sobre tiempos dif\u00edciles que se avecinan debido a la pandemia de coronavirus, seg\u00fan se\u00f1al\u00f3 la mandataria en su tradicional conferencia veraniega en Berl\u00edn. &quot;Hay que contar con que muchas cosas ser\u00e1n a\u00fan m\u00e1s dif\u00edciles que ahora, en el verano&quot;, coment\u00f3\" \/>\n\t<meta name=\"robots\" content=\"max-image-preview:large\" \/>\n\t<meta name=\"author\" content=\"NBAsturias\"\/>\n\t<meta name=\"google-site-verification\" content=\"UA-38556648-1\" \/>\n\t<meta name=\"keywords\" content=\"noticias\" \/>\n\t<link rel=\"canonical\" href=\"https:\/\/eldigitaldeasturias.com\/radio\/merkel-prepara-a-los-ciudadanos-para-los-tiempos-dificiles-en-la-pandemia\/\" \/>\n\t<meta name=\"generator\" content=\"All in One SEO Pro (AIOSEO) 4.9.6.2\" \/>\n\t\t<meta property=\"og:locale\" content=\"es_ES\" \/>\n\t\t<meta property=\"og:site_name\" content=\"El Digital de Asturias | Diario de informaci\u00f3n y noticias\" \/>\n\t\t<meta property=\"og:type\" content=\"article\" \/>\n\t\t<meta property=\"og:title\" content=\"Merkel prepara a los ciudadanos para los tiempos d\u00edficiles en la pandemia | El Digital de Asturias\" \/>\n\t\t<meta property=\"og:description\" content=\"Berl\u00edn, 28 ago (dpa) - La canciller alemana, Angela Merkel, advirti\u00f3 hoy a los ciudadanos sobre tiempos dif\u00edciles que se avecinan debido a la pandemia de coronavirus, seg\u00fan se\u00f1al\u00f3 la mandataria en su tradicional conferencia veraniega en Berl\u00edn. &quot;Hay que contar con que muchas cosas ser\u00e1n a\u00fan m\u00e1s dif\u00edciles que ahora, en el verano&quot;, coment\u00f3\" \/>\n\t\t<meta property=\"og:url\" content=\"https:\/\/eldigitaldeasturias.com\/radio\/merkel-prepara-a-los-ciudadanos-para-los-tiempos-dificiles-en-la-pandemia\/\" \/>\n\t\t<meta property=\"og:image\" content=\"https:\/\/eldigitaldeasturias.com\/radio\/wp-content\/uploads\/2020\/08\/Merkel.jpg\" \/>\n\t\t<meta property=\"og:image:secure_url\" content=\"https:\/\/eldigitaldeasturias.com\/radio\/wp-content\/uploads\/2020\/08\/Merkel.jpg\" \/>\n\t\t<meta property=\"og:image:width\" content=\"877\" \/>\n\t\t<meta property=\"og:image:height\" content=\"626\" \/>\n\t\t<meta property=\"article:published_time\" content=\"2020-08-30T11:36:51+00:00\" \/>\n\t\t<meta property=\"article:modified_time\" content=\"2020-08-30T11:36:51+00:00\" \/>\n\t\t<meta name=\"twitter:card\" content=\"summary_large_image\" \/>\n\t\t<meta name=\"twitter:site\" content=\"@bercodi\" \/>\n\t\t<meta name=\"twitter:title\" content=\"Merkel prepara a los ciudadanos para los tiempos d\u00edficiles en la pandemia | El Digital de Asturias\" \/>\n\t\t<meta name=\"twitter:description\" content=\"Berl\u00edn, 28 ago (dpa) - La canciller alemana, Angela Merkel, advirti\u00f3 hoy a los ciudadanos sobre tiempos dif\u00edciles que se avecinan debido a la pandemia de coronavirus, seg\u00fan se\u00f1al\u00f3 la mandataria en su tradicional conferencia veraniega en Berl\u00edn. &quot;Hay que contar con que muchas cosas ser\u00e1n a\u00fan m\u00e1s dif\u00edciles que ahora, en el verano&quot;, coment\u00f3\" \/>\n\t\t<meta name=\"twitter:creator\" content=\"@bercodi\" \/>\n\t\t<meta name=\"twitter:image\" content=\"https:\/\/eldigitaldeasturias.com\/radio\/wp-content\/uploads\/2020\/08\/Merkel.jpg\" \/>\n\t\t<script type=\"application\/ld+json\" class=\"aioseo-schema\">\n\t\t\t{\"@context\":\"https:\\\/\\\/schema.org\",\"@graph\":[{\"@type\":\"BreadcrumbList\",\"@id\":\"https:\\\/\\\/eldigitaldeasturias.com\\\/radio\\\/merkel-prepara-a-los-ciudadanos-para-los-tiempos-dificiles-en-la-pandemia\\\/#breadcrumblist\",\"itemListElement\":[{\"@type\":\"ListItem\",\"@id\":\"https:\\\/\\\/eldigitaldeasturias.com\\\/radio#listItem\",\"position\":1,\"name\":\"Inicio\",\"item\":\"https:\\\/\\\/eldigitaldeasturias.com\\\/radio\",\"nextItem\":{\"@type\":\"ListItem\",\"@id\":\"https:\\\/\\\/eldigitaldeasturias.com\\\/radio\\\/category\\\/noticias\\\/#listItem\",\"name\":\"Noticias\"}},{\"@type\":\"ListItem\",\"@id\":\"https:\\\/\\\/eldigitaldeasturias.com\\\/radio\\\/category\\\/noticias\\\/#listItem\",\"position\":2,\"name\":\"Noticias\",\"item\":\"https:\\\/\\\/eldigitaldeasturias.com\\\/radio\\\/category\\\/noticias\\\/\",\"nextItem\":{\"@type\":\"ListItem\",\"@id\":\"https:\\\/\\\/eldigitaldeasturias.com\\\/radio\\\/merkel-prepara-a-los-ciudadanos-para-los-tiempos-dificiles-en-la-pandemia\\\/#listItem\",\"name\":\"Merkel prepara a los ciudadanos para los tiempos d\\u00edficiles en la pandemia\"},\"previousItem\":{\"@type\":\"ListItem\",\"@id\":\"https:\\\/\\\/eldigitaldeasturias.com\\\/radio#listItem\",\"name\":\"Inicio\"}},{\"@type\":\"ListItem\",\"@id\":\"https:\\\/\\\/eldigitaldeasturias.com\\\/radio\\\/merkel-prepara-a-los-ciudadanos-para-los-tiempos-dificiles-en-la-pandemia\\\/#listItem\",\"position\":3,\"name\":\"Merkel prepara a los ciudadanos para los tiempos d\\u00edficiles en la pandemia\",\"previousItem\":{\"@type\":\"ListItem\",\"@id\":\"https:\\\/\\\/eldigitaldeasturias.com\\\/radio\\\/category\\\/noticias\\\/#listItem\",\"name\":\"Noticias\"}}]},{\"@type\":\"NewsArticle\",\"@id\":\"https:\\\/\\\/eldigitaldeasturias.com\\\/radio\\\/merkel-prepara-a-los-ciudadanos-para-los-tiempos-dificiles-en-la-pandemia\\\/#newsarticle\",\"name\":\"Merkel prepara a los ciudadanos para los tiempos d\\u00edficiles en la pandemia | El Digital de Asturias\",\"headline\":\"Merkel prepara a los ciudadanos para los tiempos d\\u00edficiles en la pandemia\",\"author\":{\"@id\":\"https:\\\/\\\/eldigitaldeasturias.com\\\/radio\\\/author\\\/nbasturias\\\/#author\"},\"publisher\":{\"@id\":\"https:\\\/\\\/eldigitaldeasturias.com\\\/radio\\\/#organization\"},\"image\":{\"@type\":\"ImageObject\",\"url\":\"https:\\\/\\\/eldigitaldeasturias.com\\\/radio\\\/wp-content\\\/uploads\\\/2020\\\/08\\\/Merkel.jpg\",\"width\":877,\"height\":626,\"caption\":\"Foto: Christoph Soeder\\\/dpa-Pool\\\/dpa\"},\"datePublished\":\"2020-08-30T11:36:51+02:00\",\"dateModified\":\"2020-08-30T11:36:51+02:00\",\"inLanguage\":\"es-ES\",\"mainEntityOfPage\":{\"@id\":\"https:\\\/\\\/eldigitaldeasturias.com\\\/radio\\\/merkel-prepara-a-los-ciudadanos-para-los-tiempos-dificiles-en-la-pandemia\\\/#webpage\"},\"isPartOf\":{\"@id\":\"https:\\\/\\\/eldigitaldeasturias.com\\\/radio\\\/merkel-prepara-a-los-ciudadanos-para-los-tiempos-dificiles-en-la-pandemia\\\/#webpage\"},\"articleSection\":\"Noticias\",\"dateline\":\"Publicado el agosto 30, 2020.\"},{\"@type\":\"Organization\",\"@id\":\"https:\\\/\\\/eldigitaldeasturias.com\\\/radio\\\/#organization\",\"name\":\"El digital de Asturias Radio\",\"description\":\"Diario de informaci\\u00f3n y noticias\",\"url\":\"https:\\\/\\\/eldigitaldeasturias.com\\\/radio\\\/\",\"telephone\":\"+34652131393\",\"logo\":{\"@type\":\"ImageObject\",\"url\":\"https:\\\/\\\/www.eldigitaldeasturias.com\\\/radio\\\/wp-content\\\/uploads\\\/2021\\\/03\\\/EDA.jpg\",\"@id\":\"https:\\\/\\\/eldigitaldeasturias.com\\\/radio\\\/merkel-prepara-a-los-ciudadanos-para-los-tiempos-dificiles-en-la-pandemia\\\/#organizationLogo\"},\"image\":{\"@id\":\"https:\\\/\\\/eldigitaldeasturias.com\\\/radio\\\/merkel-prepara-a-los-ciudadanos-para-los-tiempos-dificiles-en-la-pandemia\\\/#organizationLogo\"},\"sameAs\":[\"https:\\\/\\\/www.facebook.com\\\/\",\"https:\\\/\\\/x.com\\\/bercodi\",\"https:\\\/\\\/www.instagram.com\\\/\",\"https:\\\/\\\/www.youtube.com\\\/channel\\\/UCZP-2wLEB9Rv6erhFmqVnvg\"]},{\"@type\":\"Person\",\"@id\":\"https:\\\/\\\/eldigitaldeasturias.com\\\/radio\\\/author\\\/nbasturias\\\/#author\",\"url\":\"https:\\\/\\\/eldigitaldeasturias.com\\\/radio\\\/author\\\/nbasturias\\\/\",\"name\":\"NBAsturias\",\"image\":{\"@type\":\"ImageObject\",\"@id\":\"https:\\\/\\\/eldigitaldeasturias.com\\\/radio\\\/merkel-prepara-a-los-ciudadanos-para-los-tiempos-dificiles-en-la-pandemia\\\/#authorImage\",\"url\":\"https:\\\/\\\/secure.gravatar.com\\\/avatar\\\/df2aeffc32bcd13f8d26072ef8a91b623d677766deac7f97ca815868cd41bf5e?s=96&d=mm&r=g\",\"width\":96,\"height\":96,\"caption\":\"NBAsturias\"}},{\"@type\":\"WebPage\",\"@id\":\"https:\\\/\\\/eldigitaldeasturias.com\\\/radio\\\/merkel-prepara-a-los-ciudadanos-para-los-tiempos-dificiles-en-la-pandemia\\\/#webpage\",\"url\":\"https:\\\/\\\/eldigitaldeasturias.com\\\/radio\\\/merkel-prepara-a-los-ciudadanos-para-los-tiempos-dificiles-en-la-pandemia\\\/\",\"name\":\"Merkel prepara a los ciudadanos para los tiempos d\\u00edficiles en la pandemia | El Digital de Asturias\",\"description\":\"Berl\\u00edn, 28 ago (dpa) - La canciller alemana, Angela Merkel, advirti\\u00f3 hoy a los ciudadanos sobre tiempos dif\\u00edciles que se avecinan debido a la pandemia de coronavirus, seg\\u00fan se\\u00f1al\\u00f3 la mandataria en su tradicional conferencia veraniega en Berl\\u00edn. \\\"Hay que contar con que muchas cosas ser\\u00e1n a\\u00fan m\\u00e1s dif\\u00edciles que ahora, en el verano\\\", coment\\u00f3\",\"inLanguage\":\"es-ES\",\"isPartOf\":{\"@id\":\"https:\\\/\\\/eldigitaldeasturias.com\\\/radio\\\/#website\"},\"breadcrumb\":{\"@id\":\"https:\\\/\\\/eldigitaldeasturias.com\\\/radio\\\/merkel-prepara-a-los-ciudadanos-para-los-tiempos-dificiles-en-la-pandemia\\\/#breadcrumblist\"},\"author\":{\"@id\":\"https:\\\/\\\/eldigitaldeasturias.com\\\/radio\\\/author\\\/nbasturias\\\/#author\"},\"creator\":{\"@id\":\"https:\\\/\\\/eldigitaldeasturias.com\\\/radio\\\/author\\\/nbasturias\\\/#author\"},\"image\":{\"@type\":\"ImageObject\",\"url\":\"https:\\\/\\\/eldigitaldeasturias.com\\\/radio\\\/wp-content\\\/uploads\\\/2020\\\/08\\\/Merkel.jpg\",\"@id\":\"https:\\\/\\\/eldigitaldeasturias.com\\\/radio\\\/merkel-prepara-a-los-ciudadanos-para-los-tiempos-dificiles-en-la-pandemia\\\/#mainImage\",\"width\":877,\"height\":626,\"caption\":\"Foto: Christoph Soeder\\\/dpa-Pool\\\/dpa\"},\"primaryImageOfPage\":{\"@id\":\"https:\\\/\\\/eldigitaldeasturias.com\\\/radio\\\/merkel-prepara-a-los-ciudadanos-para-los-tiempos-dificiles-en-la-pandemia\\\/#mainImage\"},\"datePublished\":\"2020-08-30T11:36:51+02:00\",\"dateModified\":\"2020-08-30T11:36:51+02:00\"},{\"@type\":\"WebSite\",\"@id\":\"https:\\\/\\\/eldigitaldeasturias.com\\\/radio\\\/#website\",\"url\":\"https:\\\/\\\/eldigitaldeasturias.com\\\/radio\\\/\",\"name\":\"El Digital de Asturias\",\"description\":\"Diario de informaci\\u00f3n y noticias\",\"inLanguage\":\"es-ES\",\"publisher\":{\"@id\":\"https:\\\/\\\/eldigitaldeasturias.com\\\/radio\\\/#organization\"}}]}\n\t\t<\/script>\n\t\t<!-- All in One SEO Pro -->\r\n\t\t<title>Merkel prepara a los ciudadanos para los tiempos d\u00edficiles en la pandemia | El Digital de Asturias<\/title>\n\n","aioseo_head_json":{"title":"Merkel prepara a los ciudadanos para los tiempos d\u00edficiles en la pandemia | El Digital de Asturias","description":"Berl\u00edn, 28 ago (dpa) - La canciller alemana, Angela Merkel, advirti\u00f3 hoy a los ciudadanos sobre tiempos dif\u00edciles que se avecinan debido a la pandemia de coronavirus, seg\u00fan se\u00f1al\u00f3 la mandataria en su tradicional conferencia veraniega en Berl\u00edn. \"Hay que contar con que muchas cosas ser\u00e1n a\u00fan m\u00e1s dif\u00edciles que ahora, en el verano\", coment\u00f3","canonical_url":"https:\/\/eldigitaldeasturias.com\/radio\/merkel-prepara-a-los-ciudadanos-para-los-tiempos-dificiles-en-la-pandemia\/","robots":"max-image-preview:large","keywords":"noticias","webmasterTools":{"google-site-verification":"UA-38556648-1","miscellaneous":""},"schema":{"@context":"https:\/\/schema.org","@graph":[{"@type":"BreadcrumbList","@id":"https:\/\/eldigitaldeasturias.com\/radio\/merkel-prepara-a-los-ciudadanos-para-los-tiempos-dificiles-en-la-pandemia\/#breadcrumblist","itemListElement":[{"@type":"ListItem","@id":"https:\/\/eldigitaldeasturias.com\/radio#listItem","position":1,"name":"Inicio","item":"https:\/\/eldigitaldeasturias.com\/radio","nextItem":{"@type":"ListItem","@id":"https:\/\/eldigitaldeasturias.com\/radio\/category\/noticias\/#listItem","name":"Noticias"}},{"@type":"ListItem","@id":"https:\/\/eldigitaldeasturias.com\/radio\/category\/noticias\/#listItem","position":2,"name":"Noticias","item":"https:\/\/eldigitaldeasturias.com\/radio\/category\/noticias\/","nextItem":{"@type":"ListItem","@id":"https:\/\/eldigitaldeasturias.com\/radio\/merkel-prepara-a-los-ciudadanos-para-los-tiempos-dificiles-en-la-pandemia\/#listItem","name":"Merkel prepara a los ciudadanos para los tiempos d\u00edficiles en la pandemia"},"previousItem":{"@type":"ListItem","@id":"https:\/\/eldigitaldeasturias.com\/radio#listItem","name":"Inicio"}},{"@type":"ListItem","@id":"https:\/\/eldigitaldeasturias.com\/radio\/merkel-prepara-a-los-ciudadanos-para-los-tiempos-dificiles-en-la-pandemia\/#listItem","position":3,"name":"Merkel prepara a los ciudadanos para los tiempos d\u00edficiles en la pandemia","previousItem":{"@type":"ListItem","@id":"https:\/\/eldigitaldeasturias.com\/radio\/category\/noticias\/#listItem","name":"Noticias"}}]},{"@type":"NewsArticle","@id":"https:\/\/eldigitaldeasturias.com\/radio\/merkel-prepara-a-los-ciudadanos-para-los-tiempos-dificiles-en-la-pandemia\/#newsarticle","name":"Merkel prepara a los ciudadanos para los tiempos d\u00edficiles en la pandemia | El Digital de Asturias","headline":"Merkel prepara a los ciudadanos para los tiempos d\u00edficiles en la pandemia","author":{"@id":"https:\/\/eldigitaldeasturias.com\/radio\/author\/nbasturias\/#author"},"publisher":{"@id":"https:\/\/eldigitaldeasturias.com\/radio\/#organization"},"image":{"@type":"ImageObject","url":"https:\/\/eldigitaldeasturias.com\/radio\/wp-content\/uploads\/2020\/08\/Merkel.jpg","width":877,"height":626,"caption":"Foto: Christoph Soeder\/dpa-Pool\/dpa"},"datePublished":"2020-08-30T11:36:51+02:00","dateModified":"2020-08-30T11:36:51+02:00","inLanguage":"es-ES","mainEntityOfPage":{"@id":"https:\/\/eldigitaldeasturias.com\/radio\/merkel-prepara-a-los-ciudadanos-para-los-tiempos-dificiles-en-la-pandemia\/#webpage"},"isPartOf":{"@id":"https:\/\/eldigitaldeasturias.com\/radio\/merkel-prepara-a-los-ciudadanos-para-los-tiempos-dificiles-en-la-pandemia\/#webpage"},"articleSection":"Noticias","dateline":"Publicado el agosto 30, 2020."},{"@type":"Organization","@id":"https:\/\/eldigitaldeasturias.com\/radio\/#organization","name":"El digital de Asturias Radio","description":"Diario de informaci\u00f3n y noticias","url":"https:\/\/eldigitaldeasturias.com\/radio\/","telephone":"+34652131393","logo":{"@type":"ImageObject","url":"https:\/\/www.eldigitaldeasturias.com\/radio\/wp-content\/uploads\/2021\/03\/EDA.jpg","@id":"https:\/\/eldigitaldeasturias.com\/radio\/merkel-prepara-a-los-ciudadanos-para-los-tiempos-dificiles-en-la-pandemia\/#organizationLogo"},"image":{"@id":"https:\/\/eldigitaldeasturias.com\/radio\/merkel-prepara-a-los-ciudadanos-para-los-tiempos-dificiles-en-la-pandemia\/#organizationLogo"},"sameAs":["https:\/\/www.facebook.com\/","https:\/\/x.com\/bercodi","https:\/\/www.instagram.com\/","https:\/\/www.youtube.com\/channel\/UCZP-2wLEB9Rv6erhFmqVnvg"]},{"@type":"Person","@id":"https:\/\/eldigitaldeasturias.com\/radio\/author\/nbasturias\/#author","url":"https:\/\/eldigitaldeasturias.com\/radio\/author\/nbasturias\/","name":"NBAsturias","image":{"@type":"ImageObject","@id":"https:\/\/eldigitaldeasturias.com\/radio\/merkel-prepara-a-los-ciudadanos-para-los-tiempos-dificiles-en-la-pandemia\/#authorImage","url":"https:\/\/secure.gravatar.com\/avatar\/df2aeffc32bcd13f8d26072ef8a91b623d677766deac7f97ca815868cd41bf5e?s=96&d=mm&r=g","width":96,"height":96,"caption":"NBAsturias"}},{"@type":"WebPage","@id":"https:\/\/eldigitaldeasturias.com\/radio\/merkel-prepara-a-los-ciudadanos-para-los-tiempos-dificiles-en-la-pandemia\/#webpage","url":"https:\/\/eldigitaldeasturias.com\/radio\/merkel-prepara-a-los-ciudadanos-para-los-tiempos-dificiles-en-la-pandemia\/","name":"Merkel prepara a los ciudadanos para los tiempos d\u00edficiles en la pandemia | El Digital de Asturias","description":"Berl\u00edn, 28 ago (dpa) - La canciller alemana, Angela Merkel, advirti\u00f3 hoy a los ciudadanos sobre tiempos dif\u00edciles que se avecinan debido a la pandemia de coronavirus, seg\u00fan se\u00f1al\u00f3 la mandataria en su tradicional conferencia veraniega en Berl\u00edn. \"Hay que contar con que muchas cosas ser\u00e1n a\u00fan m\u00e1s dif\u00edciles que ahora, en el verano\", coment\u00f3","inLanguage":"es-ES","isPartOf":{"@id":"https:\/\/eldigitaldeasturias.com\/radio\/#website"},"breadcrumb":{"@id":"https:\/\/eldigitaldeasturias.com\/radio\/merkel-prepara-a-los-ciudadanos-para-los-tiempos-dificiles-en-la-pandemia\/#breadcrumblist"},"author":{"@id":"https:\/\/eldigitaldeasturias.com\/radio\/author\/nbasturias\/#author"},"creator":{"@id":"https:\/\/eldigitaldeasturias.com\/radio\/author\/nbasturias\/#author"},"image":{"@type":"ImageObject","url":"https:\/\/eldigitaldeasturias.com\/radio\/wp-content\/uploads\/2020\/08\/Merkel.jpg","@id":"https:\/\/eldigitaldeasturias.com\/radio\/merkel-prepara-a-los-ciudadanos-para-los-tiempos-dificiles-en-la-pandemia\/#mainImage","width":877,"height":626,"caption":"Foto: Christoph Soeder\/dpa-Pool\/dpa"},"primaryImageOfPage":{"@id":"https:\/\/eldigitaldeasturias.com\/radio\/merkel-prepara-a-los-ciudadanos-para-los-tiempos-dificiles-en-la-pandemia\/#mainImage"},"datePublished":"2020-08-30T11:36:51+02:00","dateModified":"2020-08-30T11:36:51+02:00"},{"@type":"WebSite","@id":"https:\/\/eldigitaldeasturias.com\/radio\/#website","url":"https:\/\/eldigitaldeasturias.com\/radio\/","name":"El Digital de Asturias","description":"Diario de informaci\u00f3n y noticias","inLanguage":"es-ES","publisher":{"@id":"https:\/\/eldigitaldeasturias.com\/radio\/#organization"}}]},"og:locale":"es_ES","og:site_name":"El Digital de Asturias | Diario de informaci\u00f3n y noticias","og:type":"article","og:title":"Merkel prepara a los ciudadanos para los tiempos d\u00edficiles en la pandemia | El Digital de Asturias","og:description":"Berl\u00edn, 28 ago (dpa) - La canciller alemana, Angela Merkel, advirti\u00f3 hoy a los ciudadanos sobre tiempos dif\u00edciles que se avecinan debido a la pandemia de coronavirus, seg\u00fan se\u00f1al\u00f3 la mandataria en su tradicional conferencia veraniega en Berl\u00edn. &quot;Hay que contar con que muchas cosas ser\u00e1n a\u00fan m\u00e1s dif\u00edciles que ahora, en el verano&quot;, coment\u00f3","og:url":"https:\/\/eldigitaldeasturias.com\/radio\/merkel-prepara-a-los-ciudadanos-para-los-tiempos-dificiles-en-la-pandemia\/","og:image":"https:\/\/eldigitaldeasturias.com\/radio\/wp-content\/uploads\/2020\/08\/Merkel.jpg","og:image:secure_url":"https:\/\/eldigitaldeasturias.com\/radio\/wp-content\/uploads\/2020\/08\/Merkel.jpg","og:image:width":877,"og:image:height":626,"article:published_time":"2020-08-30T11:36:51+00:00","article:modified_time":"2020-08-30T11:36:51+00:00","twitter:card":"summary_large_image","twitter:site":"@bercodi","twitter:title":"Merkel prepara a los ciudadanos para los tiempos d\u00edficiles en la pandemia | El Digital de Asturias","twitter:description":"Berl\u00edn, 28 ago (dpa) - La canciller alemana, Angela Merkel, advirti\u00f3 hoy a los ciudadanos sobre tiempos dif\u00edciles que se avecinan debido a la pandemia de coronavirus, seg\u00fan se\u00f1al\u00f3 la mandataria en su tradicional conferencia veraniega en Berl\u00edn. &quot;Hay que contar con que muchas cosas ser\u00e1n a\u00fan m\u00e1s dif\u00edciles que ahora, en el verano&quot;, coment\u00f3","twitter:creator":"@bercodi","twitter:image":"https:\/\/eldigitaldeasturias.com\/radio\/wp-content\/uploads\/2020\/08\/Merkel.jpg"},"aioseo_meta_data":{"post_id":"5025","title":null,"description":"","keywords":"","keyphrases":null,"primary_term":null,"canonical_url":"","og_title":null,"og_description":null,"og_object_type":"default","og_image_type":"default","og_image_url":null,"og_image_width":null,"og_image_height":null,"og_image_custom_url":null,"og_image_custom_fields":null,"og_video":null,"og_custom_url":null,"og_article_section":null,"og_article_tags":null,"twitter_use_og":false,"twitter_card":"default","twitter_image_type":"default","twitter_image_url":null,"twitter_image_custom_url":null,"twitter_image_custom_fields":null,"twitter_title":null,"twitter_description":null,"schema":{"blockGraphs":[],"customGraphs":[],"default":{"data":{"Article":[],"Course":[],"Dataset":[],"FAQPage":[],"Movie":[],"Person":[],"Product":[],"ProductReview":[],"Car":[],"Recipe":[],"Service":[],"SoftwareApplication":[],"WebPage":[]},"graphName":"","isEnabled":true},"graphs":[],"defaultGraph":"","defaultPostTypeGraph":""},"schema_type":null,"schema_type_options":null,"pillar_content":false,"robots_default":true,"robots_noindex":false,"robots_noarchive":false,"robots_nosnippet":false,"robots_nofollow":false,"robots_noimageindex":false,"robots_noodp":false,"robots_notranslate":false,"robots_max_snippet":null,"robots_max_videopreview":null,"robots_max_imagepreview":"large","priority":null,"frequency":null,"location":null,"local_seo":null,"seo_analyzer_scan_date":"2025-08-28 17:09:28","breadcrumb_settings":null,"limit_modified_date":false,"open_ai":null,"ai":null,"created":"2021-03-25 14:58:39","updated":"2025-08-28 17:09:28"},"aioseo_breadcrumb":"<div class=\"aioseo-breadcrumbs\"><span class=\"aioseo-breadcrumb\">\n\t<a href=\"https:\/\/eldigitaldeasturias.com\/radio\" title=\"Inicio\">Inicio<\/a>\n<\/span><span class=\"aioseo-breadcrumb-separator\">&ndash;<\/span><span class=\"aioseo-breadcrumb\">\n\t<a href=\"https:\/\/eldigitaldeasturias.com\/radio\/category\/noticias\/\" title=\"Noticias\">Noticias<\/a>\n<\/span><span class=\"aioseo-breadcrumb-separator\">&ndash;<\/span><span class=\"aioseo-breadcrumb\">\n\tMerkel prepara a los ciudadanos para los tiempos d\u00edficiles en la pandemia\n<\/span><\/div>","aioseo_breadcrumb_json":[{"label":"Inicio","link":"https:\/\/eldigitaldeasturias.com\/radio"},{"label":"Noticias","link":"https:\/\/eldigitaldeasturias.com\/radio\/category\/noticias\/"},{"label":"Merkel prepara a los ciudadanos para los tiempos d\u00edficiles en la pandemia","link":"https:\/\/eldigitaldeasturias.com\/radio\/merkel-prepara-a-los-ciudadanos-para-los-tiempos-dificiles-en-la-pandemia\/"}],"_links":{"self":[{"href":"https:\/\/eldigitaldeasturias.com\/radio\/wp-json\/wp\/v2\/posts\/5025","targetHints":{"allow":["GET"]}}],"collection":[{"href":"https:\/\/eldigitaldeasturias.com\/radio\/wp-json\/wp\/v2\/posts"}],"about":[{"href":"https:\/\/eldigitaldeasturias.com\/radio\/wp-json\/wp\/v2\/types\/post"}],"author":[{"embeddable":true,"href":"https:\/\/eldigitaldeasturias.com\/radio\/wp-json\/wp\/v2\/users\/1"}],"replies":[{"embeddable":true,"href":"https:\/\/eldigitaldeasturias.com\/radio\/wp-json\/wp\/v2\/comments?post=5025"}],"version-history":[{"count":0,"href":"https:\/\/eldigitaldeasturias.com\/radio\/wp-json\/wp\/v2\/posts\/5025\/revisions"}],"wp:featuredmedia":[{"embeddable":true,"href":"https:\/\/eldigitaldeasturias.com\/radio\/wp-json\/wp\/v2\/media\/5026"}],"wp:attachment":[{"href":"https:\/\/eldigitaldeasturias.com\/radio\/wp-json\/wp\/v2\/media?parent=5025"}],"wp:term":[{"taxonomy":"category","embeddable":true,"href":"https:\/\/eldigitaldeasturias.com\/radio\/wp-json\/wp\/v2\/categories?post=5025"},{"taxonomy":"post_tag","embeddable":true,"href":"https:\/\/eldigitaldeasturias.com\/radio\/wp-json\/wp\/v2\/tags?post=5025"}],"curies":[{"name":"wp","href":"https:\/\/api.w.org\/{rel}","templated":true}]}}