{"id":5023,"date":"2020-08-30T11:32:37","date_gmt":"2020-08-30T11:32:37","guid":{"rendered":"http:\/\/www.eldigitaldeasturias.com\/radio\/?p=5023"},"modified":"2020-08-30T11:32:37","modified_gmt":"2020-08-30T11:32:37","slug":"verstappen-marca-el-ritmo-en-los-libres-del-gp-de-belgica","status":"publish","type":"post","link":"https:\/\/eldigitaldeasturias.com\/radio\/verstappen-marca-el-ritmo-en-los-libres-del-gp-de-belgica\/","title":{"rendered":"Verstappen marca el ritmo en los libres del GP de B\u00e9lgica"},"content":{"rendered":"<p><img fetchpriority=\"high\" decoding=\"async\" class=\"alignleft size-medium wp-image-62\" src=\"http:\/\/www.eldigitaldeasturias.com\/radio\/wp-content\/uploads\/2018\/03\/macbook-577758_1280-360x239.jpg\" alt=\"\" width=\"360\" height=\"239\" srcset=\"https:\/\/eldigitaldeasturias.com\/radio\/wp-content\/uploads\/2018\/03\/macbook-577758_1280-360x239.jpg 360w, https:\/\/eldigitaldeasturias.com\/radio\/wp-content\/uploads\/2018\/03\/macbook-577758_1280-1024x680.jpg 1024w, https:\/\/eldigitaldeasturias.com\/radio\/wp-content\/uploads\/2018\/03\/macbook-577758_1280-768x510.jpg 768w, https:\/\/eldigitaldeasturias.com\/radio\/wp-content\/uploads\/2018\/03\/macbook-577758_1280.jpg 1280w\" sizes=\"(max-width: 360px) 100vw, 360px\" \/>Spa-Francorchamps (B\u00e9lgica), 28 ago (dpa) &#8211; El neerland\u00e9s Max Verstappen obtuvo hoy al volante de Red Bull el mejor tiempo en el segundo de los entrenamientos libres de cara al Gran Premio de B\u00e9lgica de la F\u00f3rmula 1 del domingo, mientras que el alem\u00e1n Sebastian Vettel termin\u00f3 en el decimos\u00e9ptimo puesto, otra vez con problemas en su Ferrari.<\/p>\n<p>Verstappen, de 22 a\u00f1os y nacido en la ciudad belga de Hasselt, releg\u00f3 al segundo puesto a Daniel Ricciardo en Renault por 48 mil\u00e9simas de segundo.<\/p>\n<p>El l\u00edder de la clasificaci\u00f3n general, el brit\u00e1nico Lewis Hamilton, acab\u00f3 en la tercera posici\u00f3n. Al ganador de cuatro de los seis Gran Premios disputados hasta ahora le faltaron 98 mil\u00e9simas de segundo para superar a Verstappen, a su vez segundo de la clasificaci\u00f3n con 37 puntos de desventaja con respecto a Hamilton.<\/p>\n<p>Por el contrario, la jornada no fue nada favorable para Vettel. A 48 horas de la carrera en el circuito de Spa-Francorchamps, el piloto de la escuder\u00eda italiana tuvo que lidiar una y otra vez con su coche y se permiti\u00f3 algunas frenadas hasta terminar casi dos segundos por detr\u00e1s del tiempo cronometrado por Verstappen.<\/p>\n","protected":false},"excerpt":{"rendered":"<p>Spa-Francorchamps (B\u00e9lgica), 28 ago (dpa) &#8211; El neerland\u00e9s Max Verstappen obtuvo hoy al volante de Red Bull el mejor tiempo en el segundo de los entrenamientos libres de cara al Gran Premio de B\u00e9lgica de la F\u00f3rmula 1 del domingo, mientras que el alem\u00e1n Sebastian Vettel termin\u00f3 en el decimos\u00e9ptimo puesto, otra vez con problemas<\/p>\n","protected":false},"author":1,"featured_media":62,"comment_status":"closed","ping_status":"closed","sticky":false,"template":"","format":"standard","meta":{"footnotes":""},"categories":[1],"tags":[],"class_list":{"0":"post-5023","1":"post","2":"type-post","3":"status-publish","4":"format-standard","5":"has-post-thumbnail","7":"category-noticias"},"aioseo_notices":[],"aioseo_head":"\n\t\t<!-- All in One SEO Pro 4.9.6.2 - aioseo.com -->\n\t<meta name=\"description\" content=\"Spa-Francorchamps (B\u00e9lgica), 28 ago (dpa) - El neerland\u00e9s Max Verstappen obtuvo hoy al volante de Red Bull el mejor tiempo en el segundo de los entrenamientos libres de cara al Gran Premio de B\u00e9lgica de la F\u00f3rmula 1 del domingo, mientras que el alem\u00e1n Sebastian Vettel termin\u00f3 en el decimos\u00e9ptimo puesto, otra vez con problemas\" \/>\n\t<meta name=\"robots\" content=\"max-image-preview:large\" \/>\n\t<meta name=\"author\" content=\"NBAsturias\"\/>\n\t<meta name=\"google-site-verification\" content=\"UA-38556648-1\" \/>\n\t<meta name=\"keywords\" content=\"noticias\" \/>\n\t<link rel=\"canonical\" href=\"https:\/\/eldigitaldeasturias.com\/radio\/verstappen-marca-el-ritmo-en-los-libres-del-gp-de-belgica\/\" \/>\n\t<meta name=\"generator\" content=\"All in One SEO Pro (AIOSEO) 4.9.6.2\" \/>\n\t\t<meta property=\"og:locale\" content=\"es_ES\" \/>\n\t\t<meta property=\"og:site_name\" content=\"El Digital de Asturias | Diario de informaci\u00f3n y noticias\" \/>\n\t\t<meta property=\"og:type\" content=\"article\" \/>\n\t\t<meta property=\"og:title\" content=\"Verstappen marca el ritmo en los libres del GP de B\u00e9lgica | El Digital de Asturias\" \/>\n\t\t<meta property=\"og:description\" content=\"Spa-Francorchamps (B\u00e9lgica), 28 ago (dpa) - El neerland\u00e9s Max Verstappen obtuvo hoy al volante de Red Bull el mejor tiempo en el segundo de los entrenamientos libres de cara al Gran Premio de B\u00e9lgica de la F\u00f3rmula 1 del domingo, mientras que el alem\u00e1n Sebastian Vettel termin\u00f3 en el decimos\u00e9ptimo puesto, otra vez con problemas\" \/>\n\t\t<meta property=\"og:url\" content=\"https:\/\/eldigitaldeasturias.com\/radio\/verstappen-marca-el-ritmo-en-los-libres-del-gp-de-belgica\/\" \/>\n\t\t<meta property=\"og:image\" content=\"https:\/\/eldigitaldeasturias.com\/radio\/wp-content\/uploads\/2018\/03\/macbook-577758_1280.jpg\" \/>\n\t\t<meta property=\"og:image:secure_url\" content=\"https:\/\/eldigitaldeasturias.com\/radio\/wp-content\/uploads\/2018\/03\/macbook-577758_1280.jpg\" \/>\n\t\t<meta property=\"og:image:width\" content=\"1280\" \/>\n\t\t<meta property=\"og:image:height\" content=\"850\" \/>\n\t\t<meta property=\"article:published_time\" content=\"2020-08-30T11:32:37+00:00\" \/>\n\t\t<meta property=\"article:modified_time\" content=\"2020-08-30T11:32:37+00:00\" \/>\n\t\t<meta name=\"twitter:card\" content=\"summary_large_image\" \/>\n\t\t<meta name=\"twitter:site\" content=\"@bercodi\" \/>\n\t\t<meta name=\"twitter:title\" content=\"Verstappen marca el ritmo en los libres del GP de B\u00e9lgica | El Digital de Asturias\" \/>\n\t\t<meta name=\"twitter:description\" content=\"Spa-Francorchamps (B\u00e9lgica), 28 ago (dpa) - El neerland\u00e9s Max Verstappen obtuvo hoy al volante de Red Bull el mejor tiempo en el segundo de los entrenamientos libres de cara al Gran Premio de B\u00e9lgica de la F\u00f3rmula 1 del domingo, mientras que el alem\u00e1n Sebastian Vettel termin\u00f3 en el decimos\u00e9ptimo puesto, otra vez con problemas\" \/>\n\t\t<meta name=\"twitter:creator\" content=\"@bercodi\" \/>\n\t\t<meta name=\"twitter:image\" content=\"https:\/\/eldigitaldeasturias.com\/radio\/wp-content\/uploads\/2018\/03\/macbook-577758_1280.jpg\" \/>\n\t\t<script type=\"application\/ld+json\" class=\"aioseo-schema\">\n\t\t\t{\"@context\":\"https:\\\/\\\/schema.org\",\"@graph\":[{\"@type\":\"BreadcrumbList\",\"@id\":\"https:\\\/\\\/eldigitaldeasturias.com\\\/radio\\\/verstappen-marca-el-ritmo-en-los-libres-del-gp-de-belgica\\\/#breadcrumblist\",\"itemListElement\":[{\"@type\":\"ListItem\",\"@id\":\"https:\\\/\\\/eldigitaldeasturias.com\\\/radio#listItem\",\"position\":1,\"name\":\"Inicio\",\"item\":\"https:\\\/\\\/eldigitaldeasturias.com\\\/radio\",\"nextItem\":{\"@type\":\"ListItem\",\"@id\":\"https:\\\/\\\/eldigitaldeasturias.com\\\/radio\\\/category\\\/noticias\\\/#listItem\",\"name\":\"Noticias\"}},{\"@type\":\"ListItem\",\"@id\":\"https:\\\/\\\/eldigitaldeasturias.com\\\/radio\\\/category\\\/noticias\\\/#listItem\",\"position\":2,\"name\":\"Noticias\",\"item\":\"https:\\\/\\\/eldigitaldeasturias.com\\\/radio\\\/category\\\/noticias\\\/\",\"nextItem\":{\"@type\":\"ListItem\",\"@id\":\"https:\\\/\\\/eldigitaldeasturias.com\\\/radio\\\/verstappen-marca-el-ritmo-en-los-libres-del-gp-de-belgica\\\/#listItem\",\"name\":\"Verstappen marca el ritmo en los libres del GP de B\\u00e9lgica\"},\"previousItem\":{\"@type\":\"ListItem\",\"@id\":\"https:\\\/\\\/eldigitaldeasturias.com\\\/radio#listItem\",\"name\":\"Inicio\"}},{\"@type\":\"ListItem\",\"@id\":\"https:\\\/\\\/eldigitaldeasturias.com\\\/radio\\\/verstappen-marca-el-ritmo-en-los-libres-del-gp-de-belgica\\\/#listItem\",\"position\":3,\"name\":\"Verstappen marca el ritmo en los libres del GP de B\\u00e9lgica\",\"previousItem\":{\"@type\":\"ListItem\",\"@id\":\"https:\\\/\\\/eldigitaldeasturias.com\\\/radio\\\/category\\\/noticias\\\/#listItem\",\"name\":\"Noticias\"}}]},{\"@type\":\"NewsArticle\",\"@id\":\"https:\\\/\\\/eldigitaldeasturias.com\\\/radio\\\/verstappen-marca-el-ritmo-en-los-libres-del-gp-de-belgica\\\/#newsarticle\",\"name\":\"Verstappen marca el ritmo en los libres del GP de B\\u00e9lgica | El Digital de Asturias\",\"headline\":\"Verstappen marca el ritmo en los libres del GP de B\\u00e9lgica\",\"author\":{\"@id\":\"https:\\\/\\\/eldigitaldeasturias.com\\\/radio\\\/author\\\/nbasturias\\\/#author\"},\"publisher\":{\"@id\":\"https:\\\/\\\/eldigitaldeasturias.com\\\/radio\\\/#organization\"},\"image\":{\"@type\":\"ImageObject\",\"url\":\"https:\\\/\\\/eldigitaldeasturias.com\\\/radio\\\/wp-content\\\/uploads\\\/2018\\\/03\\\/macbook-577758_1280.jpg\",\"width\":1280,\"height\":850},\"datePublished\":\"2020-08-30T11:32:37+02:00\",\"dateModified\":\"2020-08-30T11:32:37+02:00\",\"inLanguage\":\"es-ES\",\"mainEntityOfPage\":{\"@id\":\"https:\\\/\\\/eldigitaldeasturias.com\\\/radio\\\/verstappen-marca-el-ritmo-en-los-libres-del-gp-de-belgica\\\/#webpage\"},\"isPartOf\":{\"@id\":\"https:\\\/\\\/eldigitaldeasturias.com\\\/radio\\\/verstappen-marca-el-ritmo-en-los-libres-del-gp-de-belgica\\\/#webpage\"},\"articleSection\":\"Noticias\",\"dateline\":\"Publicado el agosto 30, 2020.\"},{\"@type\":\"Organization\",\"@id\":\"https:\\\/\\\/eldigitaldeasturias.com\\\/radio\\\/#organization\",\"name\":\"El digital de Asturias Radio\",\"description\":\"Diario de informaci\\u00f3n y noticias\",\"url\":\"https:\\\/\\\/eldigitaldeasturias.com\\\/radio\\\/\",\"telephone\":\"+34652131393\",\"logo\":{\"@type\":\"ImageObject\",\"url\":\"https:\\\/\\\/www.eldigitaldeasturias.com\\\/radio\\\/wp-content\\\/uploads\\\/2021\\\/03\\\/EDA.jpg\",\"@id\":\"https:\\\/\\\/eldigitaldeasturias.com\\\/radio\\\/verstappen-marca-el-ritmo-en-los-libres-del-gp-de-belgica\\\/#organizationLogo\"},\"image\":{\"@id\":\"https:\\\/\\\/eldigitaldeasturias.com\\\/radio\\\/verstappen-marca-el-ritmo-en-los-libres-del-gp-de-belgica\\\/#organizationLogo\"},\"sameAs\":[\"https:\\\/\\\/www.facebook.com\\\/\",\"https:\\\/\\\/x.com\\\/bercodi\",\"https:\\\/\\\/www.instagram.com\\\/\",\"https:\\\/\\\/www.youtube.com\\\/channel\\\/UCZP-2wLEB9Rv6erhFmqVnvg\"]},{\"@type\":\"Person\",\"@id\":\"https:\\\/\\\/eldigitaldeasturias.com\\\/radio\\\/author\\\/nbasturias\\\/#author\",\"url\":\"https:\\\/\\\/eldigitaldeasturias.com\\\/radio\\\/author\\\/nbasturias\\\/\",\"name\":\"NBAsturias\",\"image\":{\"@type\":\"ImageObject\",\"@id\":\"https:\\\/\\\/eldigitaldeasturias.com\\\/radio\\\/verstappen-marca-el-ritmo-en-los-libres-del-gp-de-belgica\\\/#authorImage\",\"url\":\"https:\\\/\\\/secure.gravatar.com\\\/avatar\\\/df2aeffc32bcd13f8d26072ef8a91b623d677766deac7f97ca815868cd41bf5e?s=96&d=mm&r=g\",\"width\":96,\"height\":96,\"caption\":\"NBAsturias\"}},{\"@type\":\"WebPage\",\"@id\":\"https:\\\/\\\/eldigitaldeasturias.com\\\/radio\\\/verstappen-marca-el-ritmo-en-los-libres-del-gp-de-belgica\\\/#webpage\",\"url\":\"https:\\\/\\\/eldigitaldeasturias.com\\\/radio\\\/verstappen-marca-el-ritmo-en-los-libres-del-gp-de-belgica\\\/\",\"name\":\"Verstappen marca el ritmo en los libres del GP de B\\u00e9lgica | El Digital de Asturias\",\"description\":\"Spa-Francorchamps (B\\u00e9lgica), 28 ago (dpa) - El neerland\\u00e9s Max Verstappen obtuvo hoy al volante de Red Bull el mejor tiempo en el segundo de los entrenamientos libres de cara al Gran Premio de B\\u00e9lgica de la F\\u00f3rmula 1 del domingo, mientras que el alem\\u00e1n Sebastian Vettel termin\\u00f3 en el decimos\\u00e9ptimo puesto, otra vez con problemas\",\"inLanguage\":\"es-ES\",\"isPartOf\":{\"@id\":\"https:\\\/\\\/eldigitaldeasturias.com\\\/radio\\\/#website\"},\"breadcrumb\":{\"@id\":\"https:\\\/\\\/eldigitaldeasturias.com\\\/radio\\\/verstappen-marca-el-ritmo-en-los-libres-del-gp-de-belgica\\\/#breadcrumblist\"},\"author\":{\"@id\":\"https:\\\/\\\/eldigitaldeasturias.com\\\/radio\\\/author\\\/nbasturias\\\/#author\"},\"creator\":{\"@id\":\"https:\\\/\\\/eldigitaldeasturias.com\\\/radio\\\/author\\\/nbasturias\\\/#author\"},\"image\":{\"@type\":\"ImageObject\",\"url\":\"https:\\\/\\\/eldigitaldeasturias.com\\\/radio\\\/wp-content\\\/uploads\\\/2018\\\/03\\\/macbook-577758_1280.jpg\",\"@id\":\"https:\\\/\\\/eldigitaldeasturias.com\\\/radio\\\/verstappen-marca-el-ritmo-en-los-libres-del-gp-de-belgica\\\/#mainImage\",\"width\":1280,\"height\":850},\"primaryImageOfPage\":{\"@id\":\"https:\\\/\\\/eldigitaldeasturias.com\\\/radio\\\/verstappen-marca-el-ritmo-en-los-libres-del-gp-de-belgica\\\/#mainImage\"},\"datePublished\":\"2020-08-30T11:32:37+02:00\",\"dateModified\":\"2020-08-30T11:32:37+02:00\"},{\"@type\":\"WebSite\",\"@id\":\"https:\\\/\\\/eldigitaldeasturias.com\\\/radio\\\/#website\",\"url\":\"https:\\\/\\\/eldigitaldeasturias.com\\\/radio\\\/\",\"name\":\"El Digital de Asturias\",\"description\":\"Diario de informaci\\u00f3n y noticias\",\"inLanguage\":\"es-ES\",\"publisher\":{\"@id\":\"https:\\\/\\\/eldigitaldeasturias.com\\\/radio\\\/#organization\"}}]}\n\t\t<\/script>\n\t\t<!-- All in One SEO Pro -->\r\n\t\t<title>Verstappen marca el ritmo en los libres del GP de B\u00e9lgica | El Digital de Asturias<\/title>\n\n","aioseo_head_json":{"title":"Verstappen marca el ritmo en los libres del GP de B\u00e9lgica | El Digital de Asturias","description":"Spa-Francorchamps (B\u00e9lgica), 28 ago (dpa) - El neerland\u00e9s Max Verstappen obtuvo hoy al volante de Red Bull el mejor tiempo en el segundo de los entrenamientos libres de cara al Gran Premio de B\u00e9lgica de la F\u00f3rmula 1 del domingo, mientras que el alem\u00e1n Sebastian Vettel termin\u00f3 en el decimos\u00e9ptimo puesto, otra vez con problemas","canonical_url":"https:\/\/eldigitaldeasturias.com\/radio\/verstappen-marca-el-ritmo-en-los-libres-del-gp-de-belgica\/","robots":"max-image-preview:large","keywords":"noticias","webmasterTools":{"google-site-verification":"UA-38556648-1","miscellaneous":""},"schema":{"@context":"https:\/\/schema.org","@graph":[{"@type":"BreadcrumbList","@id":"https:\/\/eldigitaldeasturias.com\/radio\/verstappen-marca-el-ritmo-en-los-libres-del-gp-de-belgica\/#breadcrumblist","itemListElement":[{"@type":"ListItem","@id":"https:\/\/eldigitaldeasturias.com\/radio#listItem","position":1,"name":"Inicio","item":"https:\/\/eldigitaldeasturias.com\/radio","nextItem":{"@type":"ListItem","@id":"https:\/\/eldigitaldeasturias.com\/radio\/category\/noticias\/#listItem","name":"Noticias"}},{"@type":"ListItem","@id":"https:\/\/eldigitaldeasturias.com\/radio\/category\/noticias\/#listItem","position":2,"name":"Noticias","item":"https:\/\/eldigitaldeasturias.com\/radio\/category\/noticias\/","nextItem":{"@type":"ListItem","@id":"https:\/\/eldigitaldeasturias.com\/radio\/verstappen-marca-el-ritmo-en-los-libres-del-gp-de-belgica\/#listItem","name":"Verstappen marca el ritmo en los libres del GP de B\u00e9lgica"},"previousItem":{"@type":"ListItem","@id":"https:\/\/eldigitaldeasturias.com\/radio#listItem","name":"Inicio"}},{"@type":"ListItem","@id":"https:\/\/eldigitaldeasturias.com\/radio\/verstappen-marca-el-ritmo-en-los-libres-del-gp-de-belgica\/#listItem","position":3,"name":"Verstappen marca el ritmo en los libres del GP de B\u00e9lgica","previousItem":{"@type":"ListItem","@id":"https:\/\/eldigitaldeasturias.com\/radio\/category\/noticias\/#listItem","name":"Noticias"}}]},{"@type":"NewsArticle","@id":"https:\/\/eldigitaldeasturias.com\/radio\/verstappen-marca-el-ritmo-en-los-libres-del-gp-de-belgica\/#newsarticle","name":"Verstappen marca el ritmo en los libres del GP de B\u00e9lgica | El Digital de Asturias","headline":"Verstappen marca el ritmo en los libres del GP de B\u00e9lgica","author":{"@id":"https:\/\/eldigitaldeasturias.com\/radio\/author\/nbasturias\/#author"},"publisher":{"@id":"https:\/\/eldigitaldeasturias.com\/radio\/#organization"},"image":{"@type":"ImageObject","url":"https:\/\/eldigitaldeasturias.com\/radio\/wp-content\/uploads\/2018\/03\/macbook-577758_1280.jpg","width":1280,"height":850},"datePublished":"2020-08-30T11:32:37+02:00","dateModified":"2020-08-30T11:32:37+02:00","inLanguage":"es-ES","mainEntityOfPage":{"@id":"https:\/\/eldigitaldeasturias.com\/radio\/verstappen-marca-el-ritmo-en-los-libres-del-gp-de-belgica\/#webpage"},"isPartOf":{"@id":"https:\/\/eldigitaldeasturias.com\/radio\/verstappen-marca-el-ritmo-en-los-libres-del-gp-de-belgica\/#webpage"},"articleSection":"Noticias","dateline":"Publicado el agosto 30, 2020."},{"@type":"Organization","@id":"https:\/\/eldigitaldeasturias.com\/radio\/#organization","name":"El digital de Asturias Radio","description":"Diario de informaci\u00f3n y noticias","url":"https:\/\/eldigitaldeasturias.com\/radio\/","telephone":"+34652131393","logo":{"@type":"ImageObject","url":"https:\/\/www.eldigitaldeasturias.com\/radio\/wp-content\/uploads\/2021\/03\/EDA.jpg","@id":"https:\/\/eldigitaldeasturias.com\/radio\/verstappen-marca-el-ritmo-en-los-libres-del-gp-de-belgica\/#organizationLogo"},"image":{"@id":"https:\/\/eldigitaldeasturias.com\/radio\/verstappen-marca-el-ritmo-en-los-libres-del-gp-de-belgica\/#organizationLogo"},"sameAs":["https:\/\/www.facebook.com\/","https:\/\/x.com\/bercodi","https:\/\/www.instagram.com\/","https:\/\/www.youtube.com\/channel\/UCZP-2wLEB9Rv6erhFmqVnvg"]},{"@type":"Person","@id":"https:\/\/eldigitaldeasturias.com\/radio\/author\/nbasturias\/#author","url":"https:\/\/eldigitaldeasturias.com\/radio\/author\/nbasturias\/","name":"NBAsturias","image":{"@type":"ImageObject","@id":"https:\/\/eldigitaldeasturias.com\/radio\/verstappen-marca-el-ritmo-en-los-libres-del-gp-de-belgica\/#authorImage","url":"https:\/\/secure.gravatar.com\/avatar\/df2aeffc32bcd13f8d26072ef8a91b623d677766deac7f97ca815868cd41bf5e?s=96&d=mm&r=g","width":96,"height":96,"caption":"NBAsturias"}},{"@type":"WebPage","@id":"https:\/\/eldigitaldeasturias.com\/radio\/verstappen-marca-el-ritmo-en-los-libres-del-gp-de-belgica\/#webpage","url":"https:\/\/eldigitaldeasturias.com\/radio\/verstappen-marca-el-ritmo-en-los-libres-del-gp-de-belgica\/","name":"Verstappen marca el ritmo en los libres del GP de B\u00e9lgica | El Digital de Asturias","description":"Spa-Francorchamps (B\u00e9lgica), 28 ago (dpa) - El neerland\u00e9s Max Verstappen obtuvo hoy al volante de Red Bull el mejor tiempo en el segundo de los entrenamientos libres de cara al Gran Premio de B\u00e9lgica de la F\u00f3rmula 1 del domingo, mientras que el alem\u00e1n Sebastian Vettel termin\u00f3 en el decimos\u00e9ptimo puesto, otra vez con problemas","inLanguage":"es-ES","isPartOf":{"@id":"https:\/\/eldigitaldeasturias.com\/radio\/#website"},"breadcrumb":{"@id":"https:\/\/eldigitaldeasturias.com\/radio\/verstappen-marca-el-ritmo-en-los-libres-del-gp-de-belgica\/#breadcrumblist"},"author":{"@id":"https:\/\/eldigitaldeasturias.com\/radio\/author\/nbasturias\/#author"},"creator":{"@id":"https:\/\/eldigitaldeasturias.com\/radio\/author\/nbasturias\/#author"},"image":{"@type":"ImageObject","url":"https:\/\/eldigitaldeasturias.com\/radio\/wp-content\/uploads\/2018\/03\/macbook-577758_1280.jpg","@id":"https:\/\/eldigitaldeasturias.com\/radio\/verstappen-marca-el-ritmo-en-los-libres-del-gp-de-belgica\/#mainImage","width":1280,"height":850},"primaryImageOfPage":{"@id":"https:\/\/eldigitaldeasturias.com\/radio\/verstappen-marca-el-ritmo-en-los-libres-del-gp-de-belgica\/#mainImage"},"datePublished":"2020-08-30T11:32:37+02:00","dateModified":"2020-08-30T11:32:37+02:00"},{"@type":"WebSite","@id":"https:\/\/eldigitaldeasturias.com\/radio\/#website","url":"https:\/\/eldigitaldeasturias.com\/radio\/","name":"El Digital de Asturias","description":"Diario de informaci\u00f3n y noticias","inLanguage":"es-ES","publisher":{"@id":"https:\/\/eldigitaldeasturias.com\/radio\/#organization"}}]},"og:locale":"es_ES","og:site_name":"El Digital de Asturias | Diario de informaci\u00f3n y noticias","og:type":"article","og:title":"Verstappen marca el ritmo en los libres del GP de B\u00e9lgica | El Digital de Asturias","og:description":"Spa-Francorchamps (B\u00e9lgica), 28 ago (dpa) - El neerland\u00e9s Max Verstappen obtuvo hoy al volante de Red Bull el mejor tiempo en el segundo de los entrenamientos libres de cara al Gran Premio de B\u00e9lgica de la F\u00f3rmula 1 del domingo, mientras que el alem\u00e1n Sebastian Vettel termin\u00f3 en el decimos\u00e9ptimo puesto, otra vez con problemas","og:url":"https:\/\/eldigitaldeasturias.com\/radio\/verstappen-marca-el-ritmo-en-los-libres-del-gp-de-belgica\/","og:image":"https:\/\/eldigitaldeasturias.com\/radio\/wp-content\/uploads\/2018\/03\/macbook-577758_1280.jpg","og:image:secure_url":"https:\/\/eldigitaldeasturias.com\/radio\/wp-content\/uploads\/2018\/03\/macbook-577758_1280.jpg","og:image:width":1280,"og:image:height":850,"article:published_time":"2020-08-30T11:32:37+00:00","article:modified_time":"2020-08-30T11:32:37+00:00","twitter:card":"summary_large_image","twitter:site":"@bercodi","twitter:title":"Verstappen marca el ritmo en los libres del GP de B\u00e9lgica | El Digital de Asturias","twitter:description":"Spa-Francorchamps (B\u00e9lgica), 28 ago (dpa) - El neerland\u00e9s Max Verstappen obtuvo hoy al volante de Red Bull el mejor tiempo en el segundo de los entrenamientos libres de cara al Gran Premio de B\u00e9lgica de la F\u00f3rmula 1 del domingo, mientras que el alem\u00e1n Sebastian Vettel termin\u00f3 en el decimos\u00e9ptimo puesto, otra vez con problemas","twitter:creator":"@bercodi","twitter:image":"https:\/\/eldigitaldeasturias.com\/radio\/wp-content\/uploads\/2018\/03\/macbook-577758_1280.jpg"},"aioseo_meta_data":{"post_id":"5023","title":null,"description":"","keywords":"","keyphrases":null,"primary_term":null,"canonical_url":"","og_title":null,"og_description":null,"og_object_type":"default","og_image_type":"default","og_image_url":null,"og_image_width":null,"og_image_height":null,"og_image_custom_url":null,"og_image_custom_fields":null,"og_video":null,"og_custom_url":null,"og_article_section":null,"og_article_tags":null,"twitter_use_og":false,"twitter_card":"default","twitter_image_type":"default","twitter_image_url":null,"twitter_image_custom_url":null,"twitter_image_custom_fields":null,"twitter_title":null,"twitter_description":null,"schema":{"blockGraphs":[],"customGraphs":[],"default":{"data":{"Article":[],"Course":[],"Dataset":[],"FAQPage":[],"Movie":[],"Person":[],"Product":[],"ProductReview":[],"Car":[],"Recipe":[],"Service":[],"SoftwareApplication":[],"WebPage":[]},"graphName":"","isEnabled":true},"graphs":[],"defaultGraph":"","defaultPostTypeGraph":""},"schema_type":null,"schema_type_options":null,"pillar_content":false,"robots_default":true,"robots_noindex":false,"robots_noarchive":false,"robots_nosnippet":false,"robots_nofollow":false,"robots_noimageindex":false,"robots_noodp":false,"robots_notranslate":false,"robots_max_snippet":null,"robots_max_videopreview":null,"robots_max_imagepreview":"large","priority":null,"frequency":null,"location":null,"local_seo":null,"seo_analyzer_scan_date":"2025-08-28 17:09:27","breadcrumb_settings":null,"limit_modified_date":false,"open_ai":null,"ai":null,"created":"2021-03-25 14:58:39","updated":"2025-08-28 17:09:27"},"aioseo_breadcrumb":"<div class=\"aioseo-breadcrumbs\"><span class=\"aioseo-breadcrumb\">\n\t<a href=\"https:\/\/eldigitaldeasturias.com\/radio\" title=\"Inicio\">Inicio<\/a>\n<\/span><span class=\"aioseo-breadcrumb-separator\">&ndash;<\/span><span class=\"aioseo-breadcrumb\">\n\t<a href=\"https:\/\/eldigitaldeasturias.com\/radio\/category\/noticias\/\" title=\"Noticias\">Noticias<\/a>\n<\/span><span class=\"aioseo-breadcrumb-separator\">&ndash;<\/span><span class=\"aioseo-breadcrumb\">\n\tVerstappen marca el ritmo en los libres del GP de B\u00e9lgica\n<\/span><\/div>","aioseo_breadcrumb_json":[{"label":"Inicio","link":"https:\/\/eldigitaldeasturias.com\/radio"},{"label":"Noticias","link":"https:\/\/eldigitaldeasturias.com\/radio\/category\/noticias\/"},{"label":"Verstappen marca el ritmo en los libres del GP de B\u00e9lgica","link":"https:\/\/eldigitaldeasturias.com\/radio\/verstappen-marca-el-ritmo-en-los-libres-del-gp-de-belgica\/"}],"_links":{"self":[{"href":"https:\/\/eldigitaldeasturias.com\/radio\/wp-json\/wp\/v2\/posts\/5023","targetHints":{"allow":["GET"]}}],"collection":[{"href":"https:\/\/eldigitaldeasturias.com\/radio\/wp-json\/wp\/v2\/posts"}],"about":[{"href":"https:\/\/eldigitaldeasturias.com\/radio\/wp-json\/wp\/v2\/types\/post"}],"author":[{"embeddable":true,"href":"https:\/\/eldigitaldeasturias.com\/radio\/wp-json\/wp\/v2\/users\/1"}],"replies":[{"embeddable":true,"href":"https:\/\/eldigitaldeasturias.com\/radio\/wp-json\/wp\/v2\/comments?post=5023"}],"version-history":[{"count":0,"href":"https:\/\/eldigitaldeasturias.com\/radio\/wp-json\/wp\/v2\/posts\/5023\/revisions"}],"wp:featuredmedia":[{"embeddable":true,"href":"https:\/\/eldigitaldeasturias.com\/radio\/wp-json\/wp\/v2\/media\/62"}],"wp:attachment":[{"href":"https:\/\/eldigitaldeasturias.com\/radio\/wp-json\/wp\/v2\/media?parent=5023"}],"wp:term":[{"taxonomy":"category","embeddable":true,"href":"https:\/\/eldigitaldeasturias.com\/radio\/wp-json\/wp\/v2\/categories?post=5023"},{"taxonomy":"post_tag","embeddable":true,"href":"https:\/\/eldigitaldeasturias.com\/radio\/wp-json\/wp\/v2\/tags?post=5023"}],"curies":[{"name":"wp","href":"https:\/\/api.w.org\/{rel}","templated":true}]}}