{"id":5019,"date":"2020-08-30T11:25:07","date_gmt":"2020-08-30T11:25:07","guid":{"rendered":"http:\/\/www.eldigitaldeasturias.com\/radio\/?p=5019"},"modified":"2020-08-30T11:25:07","modified_gmt":"2020-08-30T11:25:07","slug":"munich-prohibe-el-consumo-de-alcohol-tras-la-subida-de-casos-de-coronavirus","status":"publish","type":"post","link":"https:\/\/eldigitaldeasturias.com\/radio\/munich-prohibe-el-consumo-de-alcohol-tras-la-subida-de-casos-de-coronavirus\/","title":{"rendered":"M\u00fanich proh\u00edbe el consumo de alcohol tras la subida de casos de coronavirus"},"content":{"rendered":"<p><img fetchpriority=\"high\" decoding=\"async\" class=\"alignleft size-medium wp-image-4993\" src=\"http:\/\/www.eldigitaldeasturias.com\/radio\/wp-content\/uploads\/2020\/08\/coronavirus-4914026_640-360x203.jpg\" alt=\"\" width=\"360\" height=\"203\" srcset=\"https:\/\/eldigitaldeasturias.com\/radio\/wp-content\/uploads\/2020\/08\/coronavirus-4914026_640-360x203.jpg 360w, https:\/\/eldigitaldeasturias.com\/radio\/wp-content\/uploads\/2020\/08\/coronavirus-4914026_640-600x337.jpg 600w, https:\/\/eldigitaldeasturias.com\/radio\/wp-content\/uploads\/2020\/08\/coronavirus-4914026_640.jpg 640w\" sizes=\"(max-width: 360px) 100vw, 360px\" \/>M\u00fanich, 28 ago (dpa) &#8211; M\u00fanich prohibe a partir de hoy la venta de bebidas alcoh\u00f3licas en sitios p\u00fablicos entre las nueve de la noche y las seis de la ma\u00f1ana, luego de que el valor de alerta de contagios con coronavirus superara el l\u00edmite de 35 infecciones por cada 100.000 habitantes al cabo de siete d\u00edas, inform\u00f3 un portavoz de la capital del estado federado de Baviera.<\/p>\n<p>\u00abCon esto entra en vigencia el decreto general que emitimos\u00bb, explic\u00f3. Seg\u00fan las autoridades sanitarias de la ciudad, el valor lleg\u00f3 a 35,27 infectados por cada 100.000 habitantes.<\/p>\n<p>La prohibici\u00f3n incluye el consumo de alcohol en espacios p\u00fablicos en el citado lapso, pero existen excepciones para servir bebidas alcoh\u00f3licas en restaurantes y eventos autorizados.<\/p>\n<p>Otras ciudades de la regi\u00f3n tambi\u00e9n han aplicado esta medida. Por ejemplo, en Bamberg y N\u00faremberg est\u00e1 prohibido vender bebidas alcoh\u00f3licas para llevar en las horas de la noche durante el fin de semana.<\/p>\n<p>M\u00fanich alberga la tradicional fiesta de la cerveza, s\u00edmbolo de la ciudad y de Alemania en el extranjero, un evento que se celebra desde 1810 y que este a\u00f1o fue suspendido a causa de la pandemia.<\/p>\n","protected":false},"excerpt":{"rendered":"<p>M\u00fanich, 28 ago (dpa) &#8211; M\u00fanich prohibe a partir de hoy la venta de bebidas alcoh\u00f3licas en sitios p\u00fablicos entre las nueve de la noche y las seis de la ma\u00f1ana, luego de que el valor de alerta de contagios con coronavirus superara el l\u00edmite de 35 infecciones por cada 100.000 habitantes al cabo de<\/p>\n","protected":false},"author":1,"featured_media":4993,"comment_status":"closed","ping_status":"closed","sticky":false,"template":"","format":"standard","meta":{"footnotes":""},"categories":[1],"tags":[],"class_list":{"0":"post-5019","1":"post","2":"type-post","3":"status-publish","4":"format-standard","5":"has-post-thumbnail","7":"category-noticias"},"aioseo_notices":[],"aioseo_head":"\n\t\t<!-- All in One SEO Pro 4.9.6.2 - aioseo.com -->\n\t<meta name=\"description\" content=\"M\u00fanich, 28 ago (dpa) - M\u00fanich prohibe a partir de hoy la venta de bebidas alcoh\u00f3licas en sitios p\u00fablicos entre las nueve de la noche y las seis de la ma\u00f1ana, luego de que el valor de alerta de contagios con coronavirus superara el l\u00edmite de 35 infecciones por cada 100.000 habitantes al cabo de\" \/>\n\t<meta name=\"robots\" content=\"max-image-preview:large\" \/>\n\t<meta name=\"author\" content=\"NBAsturias\"\/>\n\t<meta name=\"google-site-verification\" content=\"UA-38556648-1\" \/>\n\t<meta name=\"keywords\" content=\"noticias\" \/>\n\t<link rel=\"canonical\" href=\"https:\/\/eldigitaldeasturias.com\/radio\/munich-prohibe-el-consumo-de-alcohol-tras-la-subida-de-casos-de-coronavirus\/\" \/>\n\t<meta name=\"generator\" content=\"All in One SEO Pro (AIOSEO) 4.9.6.2\" \/>\n\t\t<meta property=\"og:locale\" content=\"es_ES\" \/>\n\t\t<meta property=\"og:site_name\" content=\"El Digital de Asturias | Diario de informaci\u00f3n y noticias\" \/>\n\t\t<meta property=\"og:type\" content=\"article\" \/>\n\t\t<meta property=\"og:title\" content=\"M\u00fanich proh\u00edbe el consumo de alcohol tras la subida de casos de coronavirus | El Digital de Asturias\" \/>\n\t\t<meta property=\"og:description\" content=\"M\u00fanich, 28 ago (dpa) - M\u00fanich prohibe a partir de hoy la venta de bebidas alcoh\u00f3licas en sitios p\u00fablicos entre las nueve de la noche y las seis de la ma\u00f1ana, luego de que el valor de alerta de contagios con coronavirus superara el l\u00edmite de 35 infecciones por cada 100.000 habitantes al cabo de\" \/>\n\t\t<meta property=\"og:url\" content=\"https:\/\/eldigitaldeasturias.com\/radio\/munich-prohibe-el-consumo-de-alcohol-tras-la-subida-de-casos-de-coronavirus\/\" \/>\n\t\t<meta property=\"og:image\" content=\"https:\/\/eldigitaldeasturias.com\/radio\/wp-content\/uploads\/2020\/08\/coronavirus-4914026_640.jpg\" \/>\n\t\t<meta property=\"og:image:secure_url\" content=\"https:\/\/eldigitaldeasturias.com\/radio\/wp-content\/uploads\/2020\/08\/coronavirus-4914026_640.jpg\" \/>\n\t\t<meta property=\"og:image:width\" content=\"640\" \/>\n\t\t<meta property=\"og:image:height\" content=\"360\" \/>\n\t\t<meta property=\"article:published_time\" content=\"2020-08-30T11:25:07+00:00\" \/>\n\t\t<meta property=\"article:modified_time\" content=\"2020-08-30T11:25:07+00:00\" \/>\n\t\t<meta name=\"twitter:card\" content=\"summary_large_image\" \/>\n\t\t<meta name=\"twitter:site\" content=\"@bercodi\" \/>\n\t\t<meta name=\"twitter:title\" content=\"M\u00fanich proh\u00edbe el consumo de alcohol tras la subida de casos de coronavirus | El Digital de Asturias\" \/>\n\t\t<meta name=\"twitter:description\" content=\"M\u00fanich, 28 ago (dpa) - M\u00fanich prohibe a partir de hoy la venta de bebidas alcoh\u00f3licas en sitios p\u00fablicos entre las nueve de la noche y las seis de la ma\u00f1ana, luego de que el valor de alerta de contagios con coronavirus superara el l\u00edmite de 35 infecciones por cada 100.000 habitantes al cabo de\" \/>\n\t\t<meta name=\"twitter:creator\" content=\"@bercodi\" \/>\n\t\t<meta name=\"twitter:image\" content=\"https:\/\/eldigitaldeasturias.com\/radio\/wp-content\/uploads\/2020\/08\/coronavirus-4914026_640.jpg\" \/>\n\t\t<script type=\"application\/ld+json\" class=\"aioseo-schema\">\n\t\t\t{\"@context\":\"https:\\\/\\\/schema.org\",\"@graph\":[{\"@type\":\"BreadcrumbList\",\"@id\":\"https:\\\/\\\/eldigitaldeasturias.com\\\/radio\\\/munich-prohibe-el-consumo-de-alcohol-tras-la-subida-de-casos-de-coronavirus\\\/#breadcrumblist\",\"itemListElement\":[{\"@type\":\"ListItem\",\"@id\":\"https:\\\/\\\/eldigitaldeasturias.com\\\/radio#listItem\",\"position\":1,\"name\":\"Inicio\",\"item\":\"https:\\\/\\\/eldigitaldeasturias.com\\\/radio\",\"nextItem\":{\"@type\":\"ListItem\",\"@id\":\"https:\\\/\\\/eldigitaldeasturias.com\\\/radio\\\/category\\\/noticias\\\/#listItem\",\"name\":\"Noticias\"}},{\"@type\":\"ListItem\",\"@id\":\"https:\\\/\\\/eldigitaldeasturias.com\\\/radio\\\/category\\\/noticias\\\/#listItem\",\"position\":2,\"name\":\"Noticias\",\"item\":\"https:\\\/\\\/eldigitaldeasturias.com\\\/radio\\\/category\\\/noticias\\\/\",\"nextItem\":{\"@type\":\"ListItem\",\"@id\":\"https:\\\/\\\/eldigitaldeasturias.com\\\/radio\\\/munich-prohibe-el-consumo-de-alcohol-tras-la-subida-de-casos-de-coronavirus\\\/#listItem\",\"name\":\"M\\u00fanich proh\\u00edbe el consumo de alcohol tras la subida de casos de coronavirus\"},\"previousItem\":{\"@type\":\"ListItem\",\"@id\":\"https:\\\/\\\/eldigitaldeasturias.com\\\/radio#listItem\",\"name\":\"Inicio\"}},{\"@type\":\"ListItem\",\"@id\":\"https:\\\/\\\/eldigitaldeasturias.com\\\/radio\\\/munich-prohibe-el-consumo-de-alcohol-tras-la-subida-de-casos-de-coronavirus\\\/#listItem\",\"position\":3,\"name\":\"M\\u00fanich proh\\u00edbe el consumo de alcohol tras la subida de casos de coronavirus\",\"previousItem\":{\"@type\":\"ListItem\",\"@id\":\"https:\\\/\\\/eldigitaldeasturias.com\\\/radio\\\/category\\\/noticias\\\/#listItem\",\"name\":\"Noticias\"}}]},{\"@type\":\"NewsArticle\",\"@id\":\"https:\\\/\\\/eldigitaldeasturias.com\\\/radio\\\/munich-prohibe-el-consumo-de-alcohol-tras-la-subida-de-casos-de-coronavirus\\\/#newsarticle\",\"name\":\"M\\u00fanich proh\\u00edbe el consumo de alcohol tras la subida de casos de coronavirus | El Digital de Asturias\",\"headline\":\"M\\u00fanich proh\\u00edbe el consumo de alcohol tras la subida de casos de coronavirus\",\"author\":{\"@id\":\"https:\\\/\\\/eldigitaldeasturias.com\\\/radio\\\/author\\\/nbasturias\\\/#author\"},\"publisher\":{\"@id\":\"https:\\\/\\\/eldigitaldeasturias.com\\\/radio\\\/#organization\"},\"image\":{\"@type\":\"ImageObject\",\"url\":\"https:\\\/\\\/eldigitaldeasturias.com\\\/radio\\\/wp-content\\\/uploads\\\/2020\\\/08\\\/coronavirus-4914026_640.jpg\",\"width\":640,\"height\":360},\"datePublished\":\"2020-08-30T11:25:07+02:00\",\"dateModified\":\"2020-08-30T11:25:07+02:00\",\"inLanguage\":\"es-ES\",\"mainEntityOfPage\":{\"@id\":\"https:\\\/\\\/eldigitaldeasturias.com\\\/radio\\\/munich-prohibe-el-consumo-de-alcohol-tras-la-subida-de-casos-de-coronavirus\\\/#webpage\"},\"isPartOf\":{\"@id\":\"https:\\\/\\\/eldigitaldeasturias.com\\\/radio\\\/munich-prohibe-el-consumo-de-alcohol-tras-la-subida-de-casos-de-coronavirus\\\/#webpage\"},\"articleSection\":\"Noticias\",\"dateline\":\"Publicado el agosto 30, 2020.\"},{\"@type\":\"Organization\",\"@id\":\"https:\\\/\\\/eldigitaldeasturias.com\\\/radio\\\/#organization\",\"name\":\"El digital de Asturias Radio\",\"description\":\"Diario de informaci\\u00f3n y noticias\",\"url\":\"https:\\\/\\\/eldigitaldeasturias.com\\\/radio\\\/\",\"telephone\":\"+34652131393\",\"logo\":{\"@type\":\"ImageObject\",\"url\":\"https:\\\/\\\/www.eldigitaldeasturias.com\\\/radio\\\/wp-content\\\/uploads\\\/2021\\\/03\\\/EDA.jpg\",\"@id\":\"https:\\\/\\\/eldigitaldeasturias.com\\\/radio\\\/munich-prohibe-el-consumo-de-alcohol-tras-la-subida-de-casos-de-coronavirus\\\/#organizationLogo\"},\"image\":{\"@id\":\"https:\\\/\\\/eldigitaldeasturias.com\\\/radio\\\/munich-prohibe-el-consumo-de-alcohol-tras-la-subida-de-casos-de-coronavirus\\\/#organizationLogo\"},\"sameAs\":[\"https:\\\/\\\/www.facebook.com\\\/\",\"https:\\\/\\\/x.com\\\/bercodi\",\"https:\\\/\\\/www.instagram.com\\\/\",\"https:\\\/\\\/www.youtube.com\\\/channel\\\/UCZP-2wLEB9Rv6erhFmqVnvg\"]},{\"@type\":\"Person\",\"@id\":\"https:\\\/\\\/eldigitaldeasturias.com\\\/radio\\\/author\\\/nbasturias\\\/#author\",\"url\":\"https:\\\/\\\/eldigitaldeasturias.com\\\/radio\\\/author\\\/nbasturias\\\/\",\"name\":\"NBAsturias\",\"image\":{\"@type\":\"ImageObject\",\"@id\":\"https:\\\/\\\/eldigitaldeasturias.com\\\/radio\\\/munich-prohibe-el-consumo-de-alcohol-tras-la-subida-de-casos-de-coronavirus\\\/#authorImage\",\"url\":\"https:\\\/\\\/secure.gravatar.com\\\/avatar\\\/df2aeffc32bcd13f8d26072ef8a91b623d677766deac7f97ca815868cd41bf5e?s=96&d=mm&r=g\",\"width\":96,\"height\":96,\"caption\":\"NBAsturias\"}},{\"@type\":\"WebPage\",\"@id\":\"https:\\\/\\\/eldigitaldeasturias.com\\\/radio\\\/munich-prohibe-el-consumo-de-alcohol-tras-la-subida-de-casos-de-coronavirus\\\/#webpage\",\"url\":\"https:\\\/\\\/eldigitaldeasturias.com\\\/radio\\\/munich-prohibe-el-consumo-de-alcohol-tras-la-subida-de-casos-de-coronavirus\\\/\",\"name\":\"M\\u00fanich proh\\u00edbe el consumo de alcohol tras la subida de casos de coronavirus | El Digital de Asturias\",\"description\":\"M\\u00fanich, 28 ago (dpa) - M\\u00fanich prohibe a partir de hoy la venta de bebidas alcoh\\u00f3licas en sitios p\\u00fablicos entre las nueve de la noche y las seis de la ma\\u00f1ana, luego de que el valor de alerta de contagios con coronavirus superara el l\\u00edmite de 35 infecciones por cada 100.000 habitantes al cabo de\",\"inLanguage\":\"es-ES\",\"isPartOf\":{\"@id\":\"https:\\\/\\\/eldigitaldeasturias.com\\\/radio\\\/#website\"},\"breadcrumb\":{\"@id\":\"https:\\\/\\\/eldigitaldeasturias.com\\\/radio\\\/munich-prohibe-el-consumo-de-alcohol-tras-la-subida-de-casos-de-coronavirus\\\/#breadcrumblist\"},\"author\":{\"@id\":\"https:\\\/\\\/eldigitaldeasturias.com\\\/radio\\\/author\\\/nbasturias\\\/#author\"},\"creator\":{\"@id\":\"https:\\\/\\\/eldigitaldeasturias.com\\\/radio\\\/author\\\/nbasturias\\\/#author\"},\"image\":{\"@type\":\"ImageObject\",\"url\":\"https:\\\/\\\/eldigitaldeasturias.com\\\/radio\\\/wp-content\\\/uploads\\\/2020\\\/08\\\/coronavirus-4914026_640.jpg\",\"@id\":\"https:\\\/\\\/eldigitaldeasturias.com\\\/radio\\\/munich-prohibe-el-consumo-de-alcohol-tras-la-subida-de-casos-de-coronavirus\\\/#mainImage\",\"width\":640,\"height\":360},\"primaryImageOfPage\":{\"@id\":\"https:\\\/\\\/eldigitaldeasturias.com\\\/radio\\\/munich-prohibe-el-consumo-de-alcohol-tras-la-subida-de-casos-de-coronavirus\\\/#mainImage\"},\"datePublished\":\"2020-08-30T11:25:07+02:00\",\"dateModified\":\"2020-08-30T11:25:07+02:00\"},{\"@type\":\"WebSite\",\"@id\":\"https:\\\/\\\/eldigitaldeasturias.com\\\/radio\\\/#website\",\"url\":\"https:\\\/\\\/eldigitaldeasturias.com\\\/radio\\\/\",\"name\":\"El Digital de Asturias\",\"description\":\"Diario de informaci\\u00f3n y noticias\",\"inLanguage\":\"es-ES\",\"publisher\":{\"@id\":\"https:\\\/\\\/eldigitaldeasturias.com\\\/radio\\\/#organization\"}}]}\n\t\t<\/script>\n\t\t<!-- All in One SEO Pro -->\r\n\t\t<title>M\u00fanich proh\u00edbe el consumo de alcohol tras la subida de casos de coronavirus | El Digital de Asturias<\/title>\n\n","aioseo_head_json":{"title":"M\u00fanich proh\u00edbe el consumo de alcohol tras la subida de casos de coronavirus | El Digital de Asturias","description":"M\u00fanich, 28 ago (dpa) - M\u00fanich prohibe a partir de hoy la venta de bebidas alcoh\u00f3licas en sitios p\u00fablicos entre las nueve de la noche y las seis de la ma\u00f1ana, luego de que el valor de alerta de contagios con coronavirus superara el l\u00edmite de 35 infecciones por cada 100.000 habitantes al cabo de","canonical_url":"https:\/\/eldigitaldeasturias.com\/radio\/munich-prohibe-el-consumo-de-alcohol-tras-la-subida-de-casos-de-coronavirus\/","robots":"max-image-preview:large","keywords":"noticias","webmasterTools":{"google-site-verification":"UA-38556648-1","miscellaneous":""},"schema":{"@context":"https:\/\/schema.org","@graph":[{"@type":"BreadcrumbList","@id":"https:\/\/eldigitaldeasturias.com\/radio\/munich-prohibe-el-consumo-de-alcohol-tras-la-subida-de-casos-de-coronavirus\/#breadcrumblist","itemListElement":[{"@type":"ListItem","@id":"https:\/\/eldigitaldeasturias.com\/radio#listItem","position":1,"name":"Inicio","item":"https:\/\/eldigitaldeasturias.com\/radio","nextItem":{"@type":"ListItem","@id":"https:\/\/eldigitaldeasturias.com\/radio\/category\/noticias\/#listItem","name":"Noticias"}},{"@type":"ListItem","@id":"https:\/\/eldigitaldeasturias.com\/radio\/category\/noticias\/#listItem","position":2,"name":"Noticias","item":"https:\/\/eldigitaldeasturias.com\/radio\/category\/noticias\/","nextItem":{"@type":"ListItem","@id":"https:\/\/eldigitaldeasturias.com\/radio\/munich-prohibe-el-consumo-de-alcohol-tras-la-subida-de-casos-de-coronavirus\/#listItem","name":"M\u00fanich proh\u00edbe el consumo de alcohol tras la subida de casos de coronavirus"},"previousItem":{"@type":"ListItem","@id":"https:\/\/eldigitaldeasturias.com\/radio#listItem","name":"Inicio"}},{"@type":"ListItem","@id":"https:\/\/eldigitaldeasturias.com\/radio\/munich-prohibe-el-consumo-de-alcohol-tras-la-subida-de-casos-de-coronavirus\/#listItem","position":3,"name":"M\u00fanich proh\u00edbe el consumo de alcohol tras la subida de casos de coronavirus","previousItem":{"@type":"ListItem","@id":"https:\/\/eldigitaldeasturias.com\/radio\/category\/noticias\/#listItem","name":"Noticias"}}]},{"@type":"NewsArticle","@id":"https:\/\/eldigitaldeasturias.com\/radio\/munich-prohibe-el-consumo-de-alcohol-tras-la-subida-de-casos-de-coronavirus\/#newsarticle","name":"M\u00fanich proh\u00edbe el consumo de alcohol tras la subida de casos de coronavirus | El Digital de Asturias","headline":"M\u00fanich proh\u00edbe el consumo de alcohol tras la subida de casos de coronavirus","author":{"@id":"https:\/\/eldigitaldeasturias.com\/radio\/author\/nbasturias\/#author"},"publisher":{"@id":"https:\/\/eldigitaldeasturias.com\/radio\/#organization"},"image":{"@type":"ImageObject","url":"https:\/\/eldigitaldeasturias.com\/radio\/wp-content\/uploads\/2020\/08\/coronavirus-4914026_640.jpg","width":640,"height":360},"datePublished":"2020-08-30T11:25:07+02:00","dateModified":"2020-08-30T11:25:07+02:00","inLanguage":"es-ES","mainEntityOfPage":{"@id":"https:\/\/eldigitaldeasturias.com\/radio\/munich-prohibe-el-consumo-de-alcohol-tras-la-subida-de-casos-de-coronavirus\/#webpage"},"isPartOf":{"@id":"https:\/\/eldigitaldeasturias.com\/radio\/munich-prohibe-el-consumo-de-alcohol-tras-la-subida-de-casos-de-coronavirus\/#webpage"},"articleSection":"Noticias","dateline":"Publicado el agosto 30, 2020."},{"@type":"Organization","@id":"https:\/\/eldigitaldeasturias.com\/radio\/#organization","name":"El digital de Asturias Radio","description":"Diario de informaci\u00f3n y noticias","url":"https:\/\/eldigitaldeasturias.com\/radio\/","telephone":"+34652131393","logo":{"@type":"ImageObject","url":"https:\/\/www.eldigitaldeasturias.com\/radio\/wp-content\/uploads\/2021\/03\/EDA.jpg","@id":"https:\/\/eldigitaldeasturias.com\/radio\/munich-prohibe-el-consumo-de-alcohol-tras-la-subida-de-casos-de-coronavirus\/#organizationLogo"},"image":{"@id":"https:\/\/eldigitaldeasturias.com\/radio\/munich-prohibe-el-consumo-de-alcohol-tras-la-subida-de-casos-de-coronavirus\/#organizationLogo"},"sameAs":["https:\/\/www.facebook.com\/","https:\/\/x.com\/bercodi","https:\/\/www.instagram.com\/","https:\/\/www.youtube.com\/channel\/UCZP-2wLEB9Rv6erhFmqVnvg"]},{"@type":"Person","@id":"https:\/\/eldigitaldeasturias.com\/radio\/author\/nbasturias\/#author","url":"https:\/\/eldigitaldeasturias.com\/radio\/author\/nbasturias\/","name":"NBAsturias","image":{"@type":"ImageObject","@id":"https:\/\/eldigitaldeasturias.com\/radio\/munich-prohibe-el-consumo-de-alcohol-tras-la-subida-de-casos-de-coronavirus\/#authorImage","url":"https:\/\/secure.gravatar.com\/avatar\/df2aeffc32bcd13f8d26072ef8a91b623d677766deac7f97ca815868cd41bf5e?s=96&d=mm&r=g","width":96,"height":96,"caption":"NBAsturias"}},{"@type":"WebPage","@id":"https:\/\/eldigitaldeasturias.com\/radio\/munich-prohibe-el-consumo-de-alcohol-tras-la-subida-de-casos-de-coronavirus\/#webpage","url":"https:\/\/eldigitaldeasturias.com\/radio\/munich-prohibe-el-consumo-de-alcohol-tras-la-subida-de-casos-de-coronavirus\/","name":"M\u00fanich proh\u00edbe el consumo de alcohol tras la subida de casos de coronavirus | El Digital de Asturias","description":"M\u00fanich, 28 ago (dpa) - M\u00fanich prohibe a partir de hoy la venta de bebidas alcoh\u00f3licas en sitios p\u00fablicos entre las nueve de la noche y las seis de la ma\u00f1ana, luego de que el valor de alerta de contagios con coronavirus superara el l\u00edmite de 35 infecciones por cada 100.000 habitantes al cabo de","inLanguage":"es-ES","isPartOf":{"@id":"https:\/\/eldigitaldeasturias.com\/radio\/#website"},"breadcrumb":{"@id":"https:\/\/eldigitaldeasturias.com\/radio\/munich-prohibe-el-consumo-de-alcohol-tras-la-subida-de-casos-de-coronavirus\/#breadcrumblist"},"author":{"@id":"https:\/\/eldigitaldeasturias.com\/radio\/author\/nbasturias\/#author"},"creator":{"@id":"https:\/\/eldigitaldeasturias.com\/radio\/author\/nbasturias\/#author"},"image":{"@type":"ImageObject","url":"https:\/\/eldigitaldeasturias.com\/radio\/wp-content\/uploads\/2020\/08\/coronavirus-4914026_640.jpg","@id":"https:\/\/eldigitaldeasturias.com\/radio\/munich-prohibe-el-consumo-de-alcohol-tras-la-subida-de-casos-de-coronavirus\/#mainImage","width":640,"height":360},"primaryImageOfPage":{"@id":"https:\/\/eldigitaldeasturias.com\/radio\/munich-prohibe-el-consumo-de-alcohol-tras-la-subida-de-casos-de-coronavirus\/#mainImage"},"datePublished":"2020-08-30T11:25:07+02:00","dateModified":"2020-08-30T11:25:07+02:00"},{"@type":"WebSite","@id":"https:\/\/eldigitaldeasturias.com\/radio\/#website","url":"https:\/\/eldigitaldeasturias.com\/radio\/","name":"El Digital de Asturias","description":"Diario de informaci\u00f3n y noticias","inLanguage":"es-ES","publisher":{"@id":"https:\/\/eldigitaldeasturias.com\/radio\/#organization"}}]},"og:locale":"es_ES","og:site_name":"El Digital de Asturias | Diario de informaci\u00f3n y noticias","og:type":"article","og:title":"M\u00fanich proh\u00edbe el consumo de alcohol tras la subida de casos de coronavirus | El Digital de Asturias","og:description":"M\u00fanich, 28 ago (dpa) - M\u00fanich prohibe a partir de hoy la venta de bebidas alcoh\u00f3licas en sitios p\u00fablicos entre las nueve de la noche y las seis de la ma\u00f1ana, luego de que el valor de alerta de contagios con coronavirus superara el l\u00edmite de 35 infecciones por cada 100.000 habitantes al cabo de","og:url":"https:\/\/eldigitaldeasturias.com\/radio\/munich-prohibe-el-consumo-de-alcohol-tras-la-subida-de-casos-de-coronavirus\/","og:image":"https:\/\/eldigitaldeasturias.com\/radio\/wp-content\/uploads\/2020\/08\/coronavirus-4914026_640.jpg","og:image:secure_url":"https:\/\/eldigitaldeasturias.com\/radio\/wp-content\/uploads\/2020\/08\/coronavirus-4914026_640.jpg","og:image:width":640,"og:image:height":360,"article:published_time":"2020-08-30T11:25:07+00:00","article:modified_time":"2020-08-30T11:25:07+00:00","twitter:card":"summary_large_image","twitter:site":"@bercodi","twitter:title":"M\u00fanich proh\u00edbe el consumo de alcohol tras la subida de casos de coronavirus | El Digital de Asturias","twitter:description":"M\u00fanich, 28 ago (dpa) - M\u00fanich prohibe a partir de hoy la venta de bebidas alcoh\u00f3licas en sitios p\u00fablicos entre las nueve de la noche y las seis de la ma\u00f1ana, luego de que el valor de alerta de contagios con coronavirus superara el l\u00edmite de 35 infecciones por cada 100.000 habitantes al cabo de","twitter:creator":"@bercodi","twitter:image":"https:\/\/eldigitaldeasturias.com\/radio\/wp-content\/uploads\/2020\/08\/coronavirus-4914026_640.jpg"},"aioseo_meta_data":{"post_id":"5019","title":null,"description":"","keywords":"","keyphrases":null,"primary_term":null,"canonical_url":"","og_title":null,"og_description":null,"og_object_type":"default","og_image_type":"default","og_image_url":null,"og_image_width":null,"og_image_height":null,"og_image_custom_url":null,"og_image_custom_fields":null,"og_video":null,"og_custom_url":null,"og_article_section":null,"og_article_tags":null,"twitter_use_og":false,"twitter_card":"default","twitter_image_type":"default","twitter_image_url":null,"twitter_image_custom_url":null,"twitter_image_custom_fields":null,"twitter_title":null,"twitter_description":null,"schema":{"blockGraphs":[],"customGraphs":[],"default":{"data":{"Article":[],"Course":[],"Dataset":[],"FAQPage":[],"Movie":[],"Person":[],"Product":[],"ProductReview":[],"Car":[],"Recipe":[],"Service":[],"SoftwareApplication":[],"WebPage":[]},"graphName":"","isEnabled":true},"graphs":[],"defaultGraph":"","defaultPostTypeGraph":""},"schema_type":null,"schema_type_options":null,"pillar_content":false,"robots_default":true,"robots_noindex":false,"robots_noarchive":false,"robots_nosnippet":false,"robots_nofollow":false,"robots_noimageindex":false,"robots_noodp":false,"robots_notranslate":false,"robots_max_snippet":null,"robots_max_videopreview":null,"robots_max_imagepreview":"large","priority":null,"frequency":null,"location":null,"local_seo":null,"seo_analyzer_scan_date":"2025-08-28 17:09:25","breadcrumb_settings":null,"limit_modified_date":false,"open_ai":null,"ai":null,"created":"2021-03-25 14:58:39","updated":"2025-08-28 17:09:25"},"aioseo_breadcrumb":"<div class=\"aioseo-breadcrumbs\"><span class=\"aioseo-breadcrumb\">\n\t<a href=\"https:\/\/eldigitaldeasturias.com\/radio\" title=\"Inicio\">Inicio<\/a>\n<\/span><span class=\"aioseo-breadcrumb-separator\">&ndash;<\/span><span class=\"aioseo-breadcrumb\">\n\t<a href=\"https:\/\/eldigitaldeasturias.com\/radio\/category\/noticias\/\" title=\"Noticias\">Noticias<\/a>\n<\/span><span class=\"aioseo-breadcrumb-separator\">&ndash;<\/span><span class=\"aioseo-breadcrumb\">\n\tM\u00fanich proh\u00edbe el consumo de alcohol tras la subida de casos de coronavirus\n<\/span><\/div>","aioseo_breadcrumb_json":[{"label":"Inicio","link":"https:\/\/eldigitaldeasturias.com\/radio"},{"label":"Noticias","link":"https:\/\/eldigitaldeasturias.com\/radio\/category\/noticias\/"},{"label":"M\u00fanich proh\u00edbe el consumo de alcohol tras la subida de casos de coronavirus","link":"https:\/\/eldigitaldeasturias.com\/radio\/munich-prohibe-el-consumo-de-alcohol-tras-la-subida-de-casos-de-coronavirus\/"}],"_links":{"self":[{"href":"https:\/\/eldigitaldeasturias.com\/radio\/wp-json\/wp\/v2\/posts\/5019","targetHints":{"allow":["GET"]}}],"collection":[{"href":"https:\/\/eldigitaldeasturias.com\/radio\/wp-json\/wp\/v2\/posts"}],"about":[{"href":"https:\/\/eldigitaldeasturias.com\/radio\/wp-json\/wp\/v2\/types\/post"}],"author":[{"embeddable":true,"href":"https:\/\/eldigitaldeasturias.com\/radio\/wp-json\/wp\/v2\/users\/1"}],"replies":[{"embeddable":true,"href":"https:\/\/eldigitaldeasturias.com\/radio\/wp-json\/wp\/v2\/comments?post=5019"}],"version-history":[{"count":0,"href":"https:\/\/eldigitaldeasturias.com\/radio\/wp-json\/wp\/v2\/posts\/5019\/revisions"}],"wp:featuredmedia":[{"embeddable":true,"href":"https:\/\/eldigitaldeasturias.com\/radio\/wp-json\/wp\/v2\/media\/4993"}],"wp:attachment":[{"href":"https:\/\/eldigitaldeasturias.com\/radio\/wp-json\/wp\/v2\/media?parent=5019"}],"wp:term":[{"taxonomy":"category","embeddable":true,"href":"https:\/\/eldigitaldeasturias.com\/radio\/wp-json\/wp\/v2\/categories?post=5019"},{"taxonomy":"post_tag","embeddable":true,"href":"https:\/\/eldigitaldeasturias.com\/radio\/wp-json\/wp\/v2\/tags?post=5019"}],"curies":[{"name":"wp","href":"https:\/\/api.w.org\/{rel}","templated":true}]}}