{"id":5002,"date":"2020-08-29T18:07:33","date_gmt":"2020-08-29T18:07:33","guid":{"rendered":"http:\/\/www.eldigitaldeasturias.com\/radio\/?p=5002"},"modified":"2020-08-29T18:07:33","modified_gmt":"2020-08-29T18:07:33","slug":"los-medicos-alemanes-informan-de-alguna-mejoria-en-el-estado-de-navalni","status":"publish","type":"post","link":"https:\/\/eldigitaldeasturias.com\/radio\/los-medicos-alemanes-informan-de-alguna-mejoria-en-el-estado-de-navalni\/","title":{"rendered":"Los m\u00e9dicos alemanes informan de \u00abalguna mejor\u00eda\u00bb en el estado de Navalni"},"content":{"rendered":"<p><img fetchpriority=\"high\" decoding=\"async\" class=\"alignleft size-medium wp-image-4972\" src=\"http:\/\/www.eldigitaldeasturias.com\/radio\/wp-content\/uploads\/2020\/08\/Noticias-Urgentes-360x225.jpg\" alt=\"\" width=\"360\" height=\"225\" srcset=\"https:\/\/eldigitaldeasturias.com\/radio\/wp-content\/uploads\/2020\/08\/Noticias-Urgentes-360x225.jpg 360w, https:\/\/eldigitaldeasturias.com\/radio\/wp-content\/uploads\/2020\/08\/Noticias-Urgentes.jpg 640w\" sizes=\"(max-width: 360px) 100vw, 360px\" \/>(Europa Press) &#8211;\u00a0El estado de salud de Alexei Navalni ha experimentado en las \u00faltimas horas \u00abalguna mejor\u00eda\u00bb, aunque el opositor contin\u00faa ingresado en la unidad de cuidados intensivos del hospital Charit\u00e9 de Berl\u00edn, en coma inducido y conectado a un respirador, seg\u00fan el \u00faltimo parte m\u00e9dico.<\/p>\n<p>Su estado es \u00abestable\u00bb y, seg\u00fan los m\u00e9dicos, su vida no corre peligro. \u00abSin embargo, debido a la gravedad del envenenamiento del paciente, es demasiado pronto para evaluar los posibles efectos a largo plazo\u00bb, reza el documento difundido por la cl\u00ednica este viernes.<\/p>\n<p>Navalni permanece en estado grave desde el 20 de agosto, cuando se sinti\u00f3 indispuesto a bordo de un avi\u00f3n en el que viajaba de Siberia a Mosc\u00fa. La aeronave aterriz\u00f3 en Omsk, donde fue ingresado en un primer momento, y tras dos d\u00edas de incertidumbre, el opositor fue evacuado el 22 de agosto rumbo a Berl\u00edn.<\/p>\n<p>Los m\u00e9dicos que le trataron en un primer momento descartaron el envenamiento y atribuyeron los problemas de salud a un trastorno metab\u00f3lico provocado por una fuerte ca\u00edda del nivel de az\u00facar en la sangre. Los expertos alemanes, por su parte, han asegurado que fue envenenado con alg\u00fan inhibidor de la enzima colinesterasa.<\/p>\n<p>RESPUESTA EUROPEA<\/p>\n<p>El Kremlin ha puesto en duda la premura de las conclusiones llegadas desde Berl\u00edn, mientras que el Gobierno alem\u00e1n considera que la m\u00e1s probable sigue siendo la tesis de la intoxicaci\u00f3n intencionada, como apunta tambi\u00e9n el entorno de Navalni.<\/p>\n<p>La canciller de Alemania, Angela Merkel, ha advertido este viernes en rueda de prensa de que puede haber una respuesta europea conjunta a este caso. \u00abLo intentaremos, una vez que tengamos m\u00e1s claras las circunstancias\u00bb, ha explicado ante los periodistas, seg\u00fan la agencia de noticias DPA.<\/p>\n<p>Merkel ser\u00eda partidaria por tanto de alguna respuesta como la que se ha adopt\u00f3 con el envenamiento del exagente ruso Sergei Skripal en Reino Unido, cuando casi una treintena de paises decidieron en bloque expulsar a diplom\u00e1ticos rusos.<\/p>\n<p>La canciller, sin embargo, se ha mostrado cauta y ha asegurado que todav\u00eda no est\u00e1 claro al cien por cien que Navalni fuese envenenado y, de ser cierta esta hip\u00f3tesis, qui\u00e9n est\u00e1 detr\u00e1s. Londres s\u00ed se\u00f1al\u00f3 en 2018 directamente a Mosc\u00fa como responsable del caso de Skripal.<\/p>\n","protected":false},"excerpt":{"rendered":"<p>(Europa Press) &#8211;\u00a0El estado de salud de Alexei Navalni ha experimentado en las \u00faltimas horas \u00abalguna mejor\u00eda\u00bb, aunque el opositor contin\u00faa ingresado en la unidad de cuidados intensivos del hospital Charit\u00e9 de Berl\u00edn, en coma inducido y conectado a un respirador, seg\u00fan el \u00faltimo parte m\u00e9dico. Su estado es \u00abestable\u00bb y, seg\u00fan los m\u00e9dicos, su<\/p>\n","protected":false},"author":1,"featured_media":4972,"comment_status":"closed","ping_status":"closed","sticky":false,"template":"","format":"standard","meta":{"footnotes":""},"categories":[1],"tags":[],"class_list":{"0":"post-5002","1":"post","2":"type-post","3":"status-publish","4":"format-standard","5":"has-post-thumbnail","7":"category-noticias"},"aioseo_notices":[],"aioseo_head":"\n\t\t<!-- All in One SEO Pro 4.9.6.2 - aioseo.com -->\n\t<meta name=\"description\" content=\"(Europa Press) - El estado de salud de Alexei Navalni ha experimentado en las \u00faltimas horas &quot;alguna mejor\u00eda&quot;, aunque el opositor contin\u00faa ingresado en la unidad de cuidados intensivos del hospital Charit\u00e9 de Berl\u00edn, en coma inducido y conectado a un respirador, seg\u00fan el \u00faltimo parte m\u00e9dico. Su estado es &quot;estable&quot; y, seg\u00fan los m\u00e9dicos, su\" \/>\n\t<meta name=\"robots\" content=\"max-image-preview:large\" \/>\n\t<meta name=\"author\" content=\"NBAsturias\"\/>\n\t<meta name=\"google-site-verification\" content=\"UA-38556648-1\" \/>\n\t<meta name=\"keywords\" content=\"noticias\" \/>\n\t<link rel=\"canonical\" href=\"https:\/\/eldigitaldeasturias.com\/radio\/los-medicos-alemanes-informan-de-alguna-mejoria-en-el-estado-de-navalni\/\" \/>\n\t<meta name=\"generator\" content=\"All in One SEO Pro (AIOSEO) 4.9.6.2\" \/>\n\t\t<meta property=\"og:locale\" content=\"es_ES\" \/>\n\t\t<meta property=\"og:site_name\" content=\"El Digital de Asturias | Diario de informaci\u00f3n y noticias\" \/>\n\t\t<meta property=\"og:type\" content=\"article\" \/>\n\t\t<meta property=\"og:title\" content=\"Los m\u00e9dicos alemanes informan de \u00abalguna mejor\u00eda\u00bb en el estado de Navalni | El Digital de Asturias\" \/>\n\t\t<meta property=\"og:description\" content=\"(Europa Press) - El estado de salud de Alexei Navalni ha experimentado en las \u00faltimas horas &quot;alguna mejor\u00eda&quot;, aunque el opositor contin\u00faa ingresado en la unidad de cuidados intensivos del hospital Charit\u00e9 de Berl\u00edn, en coma inducido y conectado a un respirador, seg\u00fan el \u00faltimo parte m\u00e9dico. Su estado es &quot;estable&quot; y, seg\u00fan los m\u00e9dicos, su\" \/>\n\t\t<meta property=\"og:url\" content=\"https:\/\/eldigitaldeasturias.com\/radio\/los-medicos-alemanes-informan-de-alguna-mejoria-en-el-estado-de-navalni\/\" \/>\n\t\t<meta property=\"og:image\" content=\"https:\/\/eldigitaldeasturias.com\/radio\/wp-content\/uploads\/2020\/08\/Noticias-Urgentes.jpg\" \/>\n\t\t<meta property=\"og:image:secure_url\" content=\"https:\/\/eldigitaldeasturias.com\/radio\/wp-content\/uploads\/2020\/08\/Noticias-Urgentes.jpg\" \/>\n\t\t<meta property=\"og:image:width\" content=\"640\" \/>\n\t\t<meta property=\"og:image:height\" content=\"400\" \/>\n\t\t<meta property=\"article:published_time\" content=\"2020-08-29T18:07:33+00:00\" \/>\n\t\t<meta property=\"article:modified_time\" content=\"2020-08-29T18:07:33+00:00\" \/>\n\t\t<meta name=\"twitter:card\" content=\"summary_large_image\" \/>\n\t\t<meta name=\"twitter:site\" content=\"@bercodi\" \/>\n\t\t<meta name=\"twitter:title\" content=\"Los m\u00e9dicos alemanes informan de \u00abalguna mejor\u00eda\u00bb en el estado de Navalni | El Digital de Asturias\" \/>\n\t\t<meta name=\"twitter:description\" content=\"(Europa Press) - El estado de salud de Alexei Navalni ha experimentado en las \u00faltimas horas &quot;alguna mejor\u00eda&quot;, aunque el opositor contin\u00faa ingresado en la unidad de cuidados intensivos del hospital Charit\u00e9 de Berl\u00edn, en coma inducido y conectado a un respirador, seg\u00fan el \u00faltimo parte m\u00e9dico. Su estado es &quot;estable&quot; y, seg\u00fan los m\u00e9dicos, su\" \/>\n\t\t<meta name=\"twitter:creator\" content=\"@bercodi\" \/>\n\t\t<meta name=\"twitter:image\" content=\"https:\/\/eldigitaldeasturias.com\/radio\/wp-content\/uploads\/2020\/08\/Noticias-Urgentes.jpg\" \/>\n\t\t<script type=\"application\/ld+json\" class=\"aioseo-schema\">\n\t\t\t{\"@context\":\"https:\\\/\\\/schema.org\",\"@graph\":[{\"@type\":\"BreadcrumbList\",\"@id\":\"https:\\\/\\\/eldigitaldeasturias.com\\\/radio\\\/los-medicos-alemanes-informan-de-alguna-mejoria-en-el-estado-de-navalni\\\/#breadcrumblist\",\"itemListElement\":[{\"@type\":\"ListItem\",\"@id\":\"https:\\\/\\\/eldigitaldeasturias.com\\\/radio#listItem\",\"position\":1,\"name\":\"Inicio\",\"item\":\"https:\\\/\\\/eldigitaldeasturias.com\\\/radio\",\"nextItem\":{\"@type\":\"ListItem\",\"@id\":\"https:\\\/\\\/eldigitaldeasturias.com\\\/radio\\\/category\\\/noticias\\\/#listItem\",\"name\":\"Noticias\"}},{\"@type\":\"ListItem\",\"@id\":\"https:\\\/\\\/eldigitaldeasturias.com\\\/radio\\\/category\\\/noticias\\\/#listItem\",\"position\":2,\"name\":\"Noticias\",\"item\":\"https:\\\/\\\/eldigitaldeasturias.com\\\/radio\\\/category\\\/noticias\\\/\",\"nextItem\":{\"@type\":\"ListItem\",\"@id\":\"https:\\\/\\\/eldigitaldeasturias.com\\\/radio\\\/los-medicos-alemanes-informan-de-alguna-mejoria-en-el-estado-de-navalni\\\/#listItem\",\"name\":\"Los m\\u00e9dicos alemanes informan de \\u00abalguna mejor\\u00eda\\u00bb en el estado de Navalni\"},\"previousItem\":{\"@type\":\"ListItem\",\"@id\":\"https:\\\/\\\/eldigitaldeasturias.com\\\/radio#listItem\",\"name\":\"Inicio\"}},{\"@type\":\"ListItem\",\"@id\":\"https:\\\/\\\/eldigitaldeasturias.com\\\/radio\\\/los-medicos-alemanes-informan-de-alguna-mejoria-en-el-estado-de-navalni\\\/#listItem\",\"position\":3,\"name\":\"Los m\\u00e9dicos alemanes informan de \\u00abalguna mejor\\u00eda\\u00bb en el estado de Navalni\",\"previousItem\":{\"@type\":\"ListItem\",\"@id\":\"https:\\\/\\\/eldigitaldeasturias.com\\\/radio\\\/category\\\/noticias\\\/#listItem\",\"name\":\"Noticias\"}}]},{\"@type\":\"NewsArticle\",\"@id\":\"https:\\\/\\\/eldigitaldeasturias.com\\\/radio\\\/los-medicos-alemanes-informan-de-alguna-mejoria-en-el-estado-de-navalni\\\/#newsarticle\",\"name\":\"Los m\\u00e9dicos alemanes informan de \\u00abalguna mejor\\u00eda\\u00bb en el estado de Navalni | El Digital de Asturias\",\"headline\":\"Los m\\u00e9dicos alemanes informan de \\u00abalguna mejor\\u00eda\\u00bb en el estado de Navalni\",\"author\":{\"@id\":\"https:\\\/\\\/eldigitaldeasturias.com\\\/radio\\\/author\\\/nbasturias\\\/#author\"},\"publisher\":{\"@id\":\"https:\\\/\\\/eldigitaldeasturias.com\\\/radio\\\/#organization\"},\"image\":{\"@type\":\"ImageObject\",\"url\":\"https:\\\/\\\/eldigitaldeasturias.com\\\/radio\\\/wp-content\\\/uploads\\\/2020\\\/08\\\/Noticias-Urgentes.jpg\",\"width\":640,\"height\":400},\"datePublished\":\"2020-08-29T18:07:33+02:00\",\"dateModified\":\"2020-08-29T18:07:33+02:00\",\"inLanguage\":\"es-ES\",\"mainEntityOfPage\":{\"@id\":\"https:\\\/\\\/eldigitaldeasturias.com\\\/radio\\\/los-medicos-alemanes-informan-de-alguna-mejoria-en-el-estado-de-navalni\\\/#webpage\"},\"isPartOf\":{\"@id\":\"https:\\\/\\\/eldigitaldeasturias.com\\\/radio\\\/los-medicos-alemanes-informan-de-alguna-mejoria-en-el-estado-de-navalni\\\/#webpage\"},\"articleSection\":\"Noticias\",\"dateline\":\"Publicado el agosto 29, 2020.\"},{\"@type\":\"Organization\",\"@id\":\"https:\\\/\\\/eldigitaldeasturias.com\\\/radio\\\/#organization\",\"name\":\"El digital de Asturias Radio\",\"description\":\"Diario de informaci\\u00f3n y noticias\",\"url\":\"https:\\\/\\\/eldigitaldeasturias.com\\\/radio\\\/\",\"telephone\":\"+34652131393\",\"logo\":{\"@type\":\"ImageObject\",\"url\":\"https:\\\/\\\/www.eldigitaldeasturias.com\\\/radio\\\/wp-content\\\/uploads\\\/2021\\\/03\\\/EDA.jpg\",\"@id\":\"https:\\\/\\\/eldigitaldeasturias.com\\\/radio\\\/los-medicos-alemanes-informan-de-alguna-mejoria-en-el-estado-de-navalni\\\/#organizationLogo\"},\"image\":{\"@id\":\"https:\\\/\\\/eldigitaldeasturias.com\\\/radio\\\/los-medicos-alemanes-informan-de-alguna-mejoria-en-el-estado-de-navalni\\\/#organizationLogo\"},\"sameAs\":[\"https:\\\/\\\/www.facebook.com\\\/\",\"https:\\\/\\\/x.com\\\/bercodi\",\"https:\\\/\\\/www.instagram.com\\\/\",\"https:\\\/\\\/www.youtube.com\\\/channel\\\/UCZP-2wLEB9Rv6erhFmqVnvg\"]},{\"@type\":\"Person\",\"@id\":\"https:\\\/\\\/eldigitaldeasturias.com\\\/radio\\\/author\\\/nbasturias\\\/#author\",\"url\":\"https:\\\/\\\/eldigitaldeasturias.com\\\/radio\\\/author\\\/nbasturias\\\/\",\"name\":\"NBAsturias\",\"image\":{\"@type\":\"ImageObject\",\"@id\":\"https:\\\/\\\/eldigitaldeasturias.com\\\/radio\\\/los-medicos-alemanes-informan-de-alguna-mejoria-en-el-estado-de-navalni\\\/#authorImage\",\"url\":\"https:\\\/\\\/secure.gravatar.com\\\/avatar\\\/df2aeffc32bcd13f8d26072ef8a91b623d677766deac7f97ca815868cd41bf5e?s=96&d=mm&r=g\",\"width\":96,\"height\":96,\"caption\":\"NBAsturias\"}},{\"@type\":\"WebPage\",\"@id\":\"https:\\\/\\\/eldigitaldeasturias.com\\\/radio\\\/los-medicos-alemanes-informan-de-alguna-mejoria-en-el-estado-de-navalni\\\/#webpage\",\"url\":\"https:\\\/\\\/eldigitaldeasturias.com\\\/radio\\\/los-medicos-alemanes-informan-de-alguna-mejoria-en-el-estado-de-navalni\\\/\",\"name\":\"Los m\\u00e9dicos alemanes informan de \\u00abalguna mejor\\u00eda\\u00bb en el estado de Navalni | El Digital de Asturias\",\"description\":\"(Europa Press) - El estado de salud de Alexei Navalni ha experimentado en las \\u00faltimas horas \\\"alguna mejor\\u00eda\\\", aunque el opositor contin\\u00faa ingresado en la unidad de cuidados intensivos del hospital Charit\\u00e9 de Berl\\u00edn, en coma inducido y conectado a un respirador, seg\\u00fan el \\u00faltimo parte m\\u00e9dico. Su estado es \\\"estable\\\" y, seg\\u00fan los m\\u00e9dicos, su\",\"inLanguage\":\"es-ES\",\"isPartOf\":{\"@id\":\"https:\\\/\\\/eldigitaldeasturias.com\\\/radio\\\/#website\"},\"breadcrumb\":{\"@id\":\"https:\\\/\\\/eldigitaldeasturias.com\\\/radio\\\/los-medicos-alemanes-informan-de-alguna-mejoria-en-el-estado-de-navalni\\\/#breadcrumblist\"},\"author\":{\"@id\":\"https:\\\/\\\/eldigitaldeasturias.com\\\/radio\\\/author\\\/nbasturias\\\/#author\"},\"creator\":{\"@id\":\"https:\\\/\\\/eldigitaldeasturias.com\\\/radio\\\/author\\\/nbasturias\\\/#author\"},\"image\":{\"@type\":\"ImageObject\",\"url\":\"https:\\\/\\\/eldigitaldeasturias.com\\\/radio\\\/wp-content\\\/uploads\\\/2020\\\/08\\\/Noticias-Urgentes.jpg\",\"@id\":\"https:\\\/\\\/eldigitaldeasturias.com\\\/radio\\\/los-medicos-alemanes-informan-de-alguna-mejoria-en-el-estado-de-navalni\\\/#mainImage\",\"width\":640,\"height\":400},\"primaryImageOfPage\":{\"@id\":\"https:\\\/\\\/eldigitaldeasturias.com\\\/radio\\\/los-medicos-alemanes-informan-de-alguna-mejoria-en-el-estado-de-navalni\\\/#mainImage\"},\"datePublished\":\"2020-08-29T18:07:33+02:00\",\"dateModified\":\"2020-08-29T18:07:33+02:00\"},{\"@type\":\"WebSite\",\"@id\":\"https:\\\/\\\/eldigitaldeasturias.com\\\/radio\\\/#website\",\"url\":\"https:\\\/\\\/eldigitaldeasturias.com\\\/radio\\\/\",\"name\":\"El Digital de Asturias\",\"description\":\"Diario de informaci\\u00f3n y noticias\",\"inLanguage\":\"es-ES\",\"publisher\":{\"@id\":\"https:\\\/\\\/eldigitaldeasturias.com\\\/radio\\\/#organization\"}}]}\n\t\t<\/script>\n\t\t<!-- All in One SEO Pro -->\r\n\t\t<title>Los m\u00e9dicos alemanes informan de \u00abalguna mejor\u00eda\u00bb en el estado de Navalni | El Digital de Asturias<\/title>\n\n","aioseo_head_json":{"title":"Los m\u00e9dicos alemanes informan de \u00abalguna mejor\u00eda\u00bb en el estado de Navalni | El Digital de Asturias","description":"(Europa Press) - El estado de salud de Alexei Navalni ha experimentado en las \u00faltimas horas \"alguna mejor\u00eda\", aunque el opositor contin\u00faa ingresado en la unidad de cuidados intensivos del hospital Charit\u00e9 de Berl\u00edn, en coma inducido y conectado a un respirador, seg\u00fan el \u00faltimo parte m\u00e9dico. Su estado es \"estable\" y, seg\u00fan los m\u00e9dicos, su","canonical_url":"https:\/\/eldigitaldeasturias.com\/radio\/los-medicos-alemanes-informan-de-alguna-mejoria-en-el-estado-de-navalni\/","robots":"max-image-preview:large","keywords":"noticias","webmasterTools":{"google-site-verification":"UA-38556648-1","miscellaneous":""},"schema":{"@context":"https:\/\/schema.org","@graph":[{"@type":"BreadcrumbList","@id":"https:\/\/eldigitaldeasturias.com\/radio\/los-medicos-alemanes-informan-de-alguna-mejoria-en-el-estado-de-navalni\/#breadcrumblist","itemListElement":[{"@type":"ListItem","@id":"https:\/\/eldigitaldeasturias.com\/radio#listItem","position":1,"name":"Inicio","item":"https:\/\/eldigitaldeasturias.com\/radio","nextItem":{"@type":"ListItem","@id":"https:\/\/eldigitaldeasturias.com\/radio\/category\/noticias\/#listItem","name":"Noticias"}},{"@type":"ListItem","@id":"https:\/\/eldigitaldeasturias.com\/radio\/category\/noticias\/#listItem","position":2,"name":"Noticias","item":"https:\/\/eldigitaldeasturias.com\/radio\/category\/noticias\/","nextItem":{"@type":"ListItem","@id":"https:\/\/eldigitaldeasturias.com\/radio\/los-medicos-alemanes-informan-de-alguna-mejoria-en-el-estado-de-navalni\/#listItem","name":"Los m\u00e9dicos alemanes informan de \u00abalguna mejor\u00eda\u00bb en el estado de Navalni"},"previousItem":{"@type":"ListItem","@id":"https:\/\/eldigitaldeasturias.com\/radio#listItem","name":"Inicio"}},{"@type":"ListItem","@id":"https:\/\/eldigitaldeasturias.com\/radio\/los-medicos-alemanes-informan-de-alguna-mejoria-en-el-estado-de-navalni\/#listItem","position":3,"name":"Los m\u00e9dicos alemanes informan de \u00abalguna mejor\u00eda\u00bb en el estado de Navalni","previousItem":{"@type":"ListItem","@id":"https:\/\/eldigitaldeasturias.com\/radio\/category\/noticias\/#listItem","name":"Noticias"}}]},{"@type":"NewsArticle","@id":"https:\/\/eldigitaldeasturias.com\/radio\/los-medicos-alemanes-informan-de-alguna-mejoria-en-el-estado-de-navalni\/#newsarticle","name":"Los m\u00e9dicos alemanes informan de \u00abalguna mejor\u00eda\u00bb en el estado de Navalni | El Digital de Asturias","headline":"Los m\u00e9dicos alemanes informan de \u00abalguna mejor\u00eda\u00bb en el estado de Navalni","author":{"@id":"https:\/\/eldigitaldeasturias.com\/radio\/author\/nbasturias\/#author"},"publisher":{"@id":"https:\/\/eldigitaldeasturias.com\/radio\/#organization"},"image":{"@type":"ImageObject","url":"https:\/\/eldigitaldeasturias.com\/radio\/wp-content\/uploads\/2020\/08\/Noticias-Urgentes.jpg","width":640,"height":400},"datePublished":"2020-08-29T18:07:33+02:00","dateModified":"2020-08-29T18:07:33+02:00","inLanguage":"es-ES","mainEntityOfPage":{"@id":"https:\/\/eldigitaldeasturias.com\/radio\/los-medicos-alemanes-informan-de-alguna-mejoria-en-el-estado-de-navalni\/#webpage"},"isPartOf":{"@id":"https:\/\/eldigitaldeasturias.com\/radio\/los-medicos-alemanes-informan-de-alguna-mejoria-en-el-estado-de-navalni\/#webpage"},"articleSection":"Noticias","dateline":"Publicado el agosto 29, 2020."},{"@type":"Organization","@id":"https:\/\/eldigitaldeasturias.com\/radio\/#organization","name":"El digital de Asturias Radio","description":"Diario de informaci\u00f3n y noticias","url":"https:\/\/eldigitaldeasturias.com\/radio\/","telephone":"+34652131393","logo":{"@type":"ImageObject","url":"https:\/\/www.eldigitaldeasturias.com\/radio\/wp-content\/uploads\/2021\/03\/EDA.jpg","@id":"https:\/\/eldigitaldeasturias.com\/radio\/los-medicos-alemanes-informan-de-alguna-mejoria-en-el-estado-de-navalni\/#organizationLogo"},"image":{"@id":"https:\/\/eldigitaldeasturias.com\/radio\/los-medicos-alemanes-informan-de-alguna-mejoria-en-el-estado-de-navalni\/#organizationLogo"},"sameAs":["https:\/\/www.facebook.com\/","https:\/\/x.com\/bercodi","https:\/\/www.instagram.com\/","https:\/\/www.youtube.com\/channel\/UCZP-2wLEB9Rv6erhFmqVnvg"]},{"@type":"Person","@id":"https:\/\/eldigitaldeasturias.com\/radio\/author\/nbasturias\/#author","url":"https:\/\/eldigitaldeasturias.com\/radio\/author\/nbasturias\/","name":"NBAsturias","image":{"@type":"ImageObject","@id":"https:\/\/eldigitaldeasturias.com\/radio\/los-medicos-alemanes-informan-de-alguna-mejoria-en-el-estado-de-navalni\/#authorImage","url":"https:\/\/secure.gravatar.com\/avatar\/df2aeffc32bcd13f8d26072ef8a91b623d677766deac7f97ca815868cd41bf5e?s=96&d=mm&r=g","width":96,"height":96,"caption":"NBAsturias"}},{"@type":"WebPage","@id":"https:\/\/eldigitaldeasturias.com\/radio\/los-medicos-alemanes-informan-de-alguna-mejoria-en-el-estado-de-navalni\/#webpage","url":"https:\/\/eldigitaldeasturias.com\/radio\/los-medicos-alemanes-informan-de-alguna-mejoria-en-el-estado-de-navalni\/","name":"Los m\u00e9dicos alemanes informan de \u00abalguna mejor\u00eda\u00bb en el estado de Navalni | El Digital de Asturias","description":"(Europa Press) - El estado de salud de Alexei Navalni ha experimentado en las \u00faltimas horas \"alguna mejor\u00eda\", aunque el opositor contin\u00faa ingresado en la unidad de cuidados intensivos del hospital Charit\u00e9 de Berl\u00edn, en coma inducido y conectado a un respirador, seg\u00fan el \u00faltimo parte m\u00e9dico. Su estado es \"estable\" y, seg\u00fan los m\u00e9dicos, su","inLanguage":"es-ES","isPartOf":{"@id":"https:\/\/eldigitaldeasturias.com\/radio\/#website"},"breadcrumb":{"@id":"https:\/\/eldigitaldeasturias.com\/radio\/los-medicos-alemanes-informan-de-alguna-mejoria-en-el-estado-de-navalni\/#breadcrumblist"},"author":{"@id":"https:\/\/eldigitaldeasturias.com\/radio\/author\/nbasturias\/#author"},"creator":{"@id":"https:\/\/eldigitaldeasturias.com\/radio\/author\/nbasturias\/#author"},"image":{"@type":"ImageObject","url":"https:\/\/eldigitaldeasturias.com\/radio\/wp-content\/uploads\/2020\/08\/Noticias-Urgentes.jpg","@id":"https:\/\/eldigitaldeasturias.com\/radio\/los-medicos-alemanes-informan-de-alguna-mejoria-en-el-estado-de-navalni\/#mainImage","width":640,"height":400},"primaryImageOfPage":{"@id":"https:\/\/eldigitaldeasturias.com\/radio\/los-medicos-alemanes-informan-de-alguna-mejoria-en-el-estado-de-navalni\/#mainImage"},"datePublished":"2020-08-29T18:07:33+02:00","dateModified":"2020-08-29T18:07:33+02:00"},{"@type":"WebSite","@id":"https:\/\/eldigitaldeasturias.com\/radio\/#website","url":"https:\/\/eldigitaldeasturias.com\/radio\/","name":"El Digital de Asturias","description":"Diario de informaci\u00f3n y noticias","inLanguage":"es-ES","publisher":{"@id":"https:\/\/eldigitaldeasturias.com\/radio\/#organization"}}]},"og:locale":"es_ES","og:site_name":"El Digital de Asturias | Diario de informaci\u00f3n y noticias","og:type":"article","og:title":"Los m\u00e9dicos alemanes informan de \u00abalguna mejor\u00eda\u00bb en el estado de Navalni | El Digital de Asturias","og:description":"(Europa Press) - El estado de salud de Alexei Navalni ha experimentado en las \u00faltimas horas &quot;alguna mejor\u00eda&quot;, aunque el opositor contin\u00faa ingresado en la unidad de cuidados intensivos del hospital Charit\u00e9 de Berl\u00edn, en coma inducido y conectado a un respirador, seg\u00fan el \u00faltimo parte m\u00e9dico. Su estado es &quot;estable&quot; y, seg\u00fan los m\u00e9dicos, su","og:url":"https:\/\/eldigitaldeasturias.com\/radio\/los-medicos-alemanes-informan-de-alguna-mejoria-en-el-estado-de-navalni\/","og:image":"https:\/\/eldigitaldeasturias.com\/radio\/wp-content\/uploads\/2020\/08\/Noticias-Urgentes.jpg","og:image:secure_url":"https:\/\/eldigitaldeasturias.com\/radio\/wp-content\/uploads\/2020\/08\/Noticias-Urgentes.jpg","og:image:width":640,"og:image:height":400,"article:published_time":"2020-08-29T18:07:33+00:00","article:modified_time":"2020-08-29T18:07:33+00:00","twitter:card":"summary_large_image","twitter:site":"@bercodi","twitter:title":"Los m\u00e9dicos alemanes informan de \u00abalguna mejor\u00eda\u00bb en el estado de Navalni | El Digital de Asturias","twitter:description":"(Europa Press) - El estado de salud de Alexei Navalni ha experimentado en las \u00faltimas horas &quot;alguna mejor\u00eda&quot;, aunque el opositor contin\u00faa ingresado en la unidad de cuidados intensivos del hospital Charit\u00e9 de Berl\u00edn, en coma inducido y conectado a un respirador, seg\u00fan el \u00faltimo parte m\u00e9dico. Su estado es &quot;estable&quot; y, seg\u00fan los m\u00e9dicos, su","twitter:creator":"@bercodi","twitter:image":"https:\/\/eldigitaldeasturias.com\/radio\/wp-content\/uploads\/2020\/08\/Noticias-Urgentes.jpg"},"aioseo_meta_data":{"post_id":"5002","title":null,"description":"","keywords":"","keyphrases":null,"primary_term":null,"canonical_url":"","og_title":null,"og_description":null,"og_object_type":"default","og_image_type":"default","og_image_url":null,"og_image_width":null,"og_image_height":null,"og_image_custom_url":null,"og_image_custom_fields":null,"og_video":null,"og_custom_url":null,"og_article_section":null,"og_article_tags":null,"twitter_use_og":false,"twitter_card":"default","twitter_image_type":"default","twitter_image_url":null,"twitter_image_custom_url":null,"twitter_image_custom_fields":null,"twitter_title":null,"twitter_description":null,"schema":{"blockGraphs":[],"customGraphs":[],"default":{"data":{"Article":[],"Course":[],"Dataset":[],"FAQPage":[],"Movie":[],"Person":[],"Product":[],"ProductReview":[],"Car":[],"Recipe":[],"Service":[],"SoftwareApplication":[],"WebPage":[]},"graphName":"","isEnabled":true},"graphs":[],"defaultGraph":"","defaultPostTypeGraph":""},"schema_type":null,"schema_type_options":null,"pillar_content":false,"robots_default":true,"robots_noindex":false,"robots_noarchive":false,"robots_nosnippet":false,"robots_nofollow":false,"robots_noimageindex":false,"robots_noodp":false,"robots_notranslate":false,"robots_max_snippet":null,"robots_max_videopreview":null,"robots_max_imagepreview":"large","priority":null,"frequency":null,"location":null,"local_seo":null,"seo_analyzer_scan_date":"2025-08-28 17:07:52","breadcrumb_settings":null,"limit_modified_date":false,"open_ai":null,"ai":null,"created":"2021-03-25 14:58:39","updated":"2025-08-28 17:07:52"},"aioseo_breadcrumb":"<div class=\"aioseo-breadcrumbs\"><span class=\"aioseo-breadcrumb\">\n\t<a href=\"https:\/\/eldigitaldeasturias.com\/radio\" title=\"Inicio\">Inicio<\/a>\n<\/span><span class=\"aioseo-breadcrumb-separator\">&ndash;<\/span><span class=\"aioseo-breadcrumb\">\n\t<a href=\"https:\/\/eldigitaldeasturias.com\/radio\/category\/noticias\/\" title=\"Noticias\">Noticias<\/a>\n<\/span><span class=\"aioseo-breadcrumb-separator\">&ndash;<\/span><span class=\"aioseo-breadcrumb\">\n\tLos m\u00e9dicos alemanes informan de \u00abalguna mejor\u00eda\u00bb en el estado de Navalni\n<\/span><\/div>","aioseo_breadcrumb_json":[{"label":"Inicio","link":"https:\/\/eldigitaldeasturias.com\/radio"},{"label":"Noticias","link":"https:\/\/eldigitaldeasturias.com\/radio\/category\/noticias\/"},{"label":"Los m\u00e9dicos alemanes informan de \u00abalguna mejor\u00eda\u00bb en el estado de Navalni","link":"https:\/\/eldigitaldeasturias.com\/radio\/los-medicos-alemanes-informan-de-alguna-mejoria-en-el-estado-de-navalni\/"}],"_links":{"self":[{"href":"https:\/\/eldigitaldeasturias.com\/radio\/wp-json\/wp\/v2\/posts\/5002","targetHints":{"allow":["GET"]}}],"collection":[{"href":"https:\/\/eldigitaldeasturias.com\/radio\/wp-json\/wp\/v2\/posts"}],"about":[{"href":"https:\/\/eldigitaldeasturias.com\/radio\/wp-json\/wp\/v2\/types\/post"}],"author":[{"embeddable":true,"href":"https:\/\/eldigitaldeasturias.com\/radio\/wp-json\/wp\/v2\/users\/1"}],"replies":[{"embeddable":true,"href":"https:\/\/eldigitaldeasturias.com\/radio\/wp-json\/wp\/v2\/comments?post=5002"}],"version-history":[{"count":0,"href":"https:\/\/eldigitaldeasturias.com\/radio\/wp-json\/wp\/v2\/posts\/5002\/revisions"}],"wp:featuredmedia":[{"embeddable":true,"href":"https:\/\/eldigitaldeasturias.com\/radio\/wp-json\/wp\/v2\/media\/4972"}],"wp:attachment":[{"href":"https:\/\/eldigitaldeasturias.com\/radio\/wp-json\/wp\/v2\/media?parent=5002"}],"wp:term":[{"taxonomy":"category","embeddable":true,"href":"https:\/\/eldigitaldeasturias.com\/radio\/wp-json\/wp\/v2\/categories?post=5002"},{"taxonomy":"post_tag","embeddable":true,"href":"https:\/\/eldigitaldeasturias.com\/radio\/wp-json\/wp\/v2\/tags?post=5002"}],"curies":[{"name":"wp","href":"https:\/\/api.w.org\/{rel}","templated":true}]}}