{"id":4995,"date":"2020-08-28T14:32:59","date_gmt":"2020-08-28T14:32:59","guid":{"rendered":"http:\/\/www.eldigitaldeasturias.com\/radio\/?p=4995"},"modified":"2020-08-28T14:32:59","modified_gmt":"2020-08-28T14:32:59","slug":"el-cermi-considera-fallido-el-sistema-para-la-autonomia-y-atencion-a-la-dependencia","status":"publish","type":"post","link":"https:\/\/eldigitaldeasturias.com\/radio\/el-cermi-considera-fallido-el-sistema-para-la-autonomia-y-atencion-a-la-dependencia\/","title":{"rendered":"El CERMI considera \u00abfallido\u00bb el Sistema para la Autonom\u00eda y Atenci\u00f3n a la Dependencia"},"content":{"rendered":"<p><img fetchpriority=\"high\" decoding=\"async\" class=\"alignleft size-medium wp-image-4972\" src=\"http:\/\/www.eldigitaldeasturias.com\/radio\/wp-content\/uploads\/2020\/08\/Noticias-Urgentes-360x225.jpg\" alt=\"\" width=\"360\" height=\"225\" srcset=\"https:\/\/eldigitaldeasturias.com\/radio\/wp-content\/uploads\/2020\/08\/Noticias-Urgentes-360x225.jpg 360w, https:\/\/eldigitaldeasturias.com\/radio\/wp-content\/uploads\/2020\/08\/Noticias-Urgentes.jpg 640w\" sizes=\"(max-width: 360px) 100vw, 360px\" \/>(EUROPA PRESS) &#8211;\u00a0El Comit\u00e9 Espa\u00f1ol de Representantes de Personas con Discapacidad (CERMI) ha calificado como \u00abfallido\u00bb al Sistema para la Autonom\u00eda y Atenci\u00f3n a la Dependencia (SAAD), creado por la Ley 39\/2006, y urge a una refundaci\u00f3n \u00abambiciosa\u00bb a trav\u00e9s de un gran pacto pol\u00edtico, institucional y social.<\/p>\n<p>Seg\u00fan el Comit\u00e9, el SAAD, casi 14 a\u00f1os despu\u00e9s de su creaci\u00f3n, est\u00e1 muy lejos de haberse consolidado como nuevo dispositivo de protecci\u00f3n social de las situaciones de personas que, por edad o discapacidad, precisan de apoyos intensos para su autonom\u00eda personal y su inclusi\u00f3n en la comunidad.<\/p>\n<p>Tal y como ha relatado el movimiento asociativo de la discapacidad, la percepci\u00f3n generalizada entre sus destinarios &#8211;personas mayores y personas con discapacidad, y sus familias&#8211; es que \u00abel SAAD est\u00e1 constituyendo un fracaso colectivo, una promesa de mejora social no cumplida, por cuanto no responde a las elevadas expectativas que despert\u00f3 en los grupos c\u00edvicos m\u00e1s necesitados de protecci\u00f3n y apoyo\u00bb.<\/p>\n<p>As\u00ed, el CERMI ha instado al Gobierno de Espa\u00f1a, a trav\u00e9s de la Vicepresidencia Social, a que lidere un proceso pol\u00edtico y social de debate y acuerdo, entre todos los grupos de inter\u00e9s concernidos (partidos pol\u00edticos, administraciones, agentes y sectores sociales, profesionales, academia, entre otros) que permita la refundaci\u00f3n del SAAD, en clave de derechos, suficiencia y sostenibilidad econ\u00f3micas, participaci\u00f3n y orientaci\u00f3n a la autonom\u00eda personal y vida independiente.<\/p>\n","protected":false},"excerpt":{"rendered":"<p>(EUROPA PRESS) &#8211;\u00a0El Comit\u00e9 Espa\u00f1ol de Representantes de Personas con Discapacidad (CERMI) ha calificado como \u00abfallido\u00bb al Sistema para la Autonom\u00eda y Atenci\u00f3n a la Dependencia (SAAD), creado por la Ley 39\/2006, y urge a una refundaci\u00f3n \u00abambiciosa\u00bb a trav\u00e9s de un gran pacto pol\u00edtico, institucional y social. Seg\u00fan el Comit\u00e9, el SAAD, casi 14<\/p>\n","protected":false},"author":1,"featured_media":4972,"comment_status":"closed","ping_status":"closed","sticky":false,"template":"","format":"standard","meta":{"footnotes":""},"categories":[1],"tags":[],"class_list":{"0":"post-4995","1":"post","2":"type-post","3":"status-publish","4":"format-standard","5":"has-post-thumbnail","7":"category-noticias"},"aioseo_notices":[],"aioseo_head":"\n\t\t<!-- All in One SEO Pro 4.9.6.2 - aioseo.com -->\n\t<meta name=\"description\" content=\"(EUROPA PRESS) - El Comit\u00e9 Espa\u00f1ol de Representantes de Personas con Discapacidad (CERMI) ha calificado como &quot;fallido&quot; al Sistema para la Autonom\u00eda y Atenci\u00f3n a la Dependencia (SAAD), creado por la Ley 39\/2006, y urge a una refundaci\u00f3n &quot;ambiciosa&quot; a trav\u00e9s de un gran pacto pol\u00edtico, institucional y social. Seg\u00fan el Comit\u00e9, el SAAD, casi 14\" \/>\n\t<meta name=\"robots\" content=\"max-image-preview:large\" \/>\n\t<meta name=\"author\" content=\"NBAsturias\"\/>\n\t<meta name=\"google-site-verification\" content=\"UA-38556648-1\" \/>\n\t<meta name=\"keywords\" content=\"noticias\" \/>\n\t<link rel=\"canonical\" href=\"https:\/\/eldigitaldeasturias.com\/radio\/el-cermi-considera-fallido-el-sistema-para-la-autonomia-y-atencion-a-la-dependencia\/\" \/>\n\t<meta name=\"generator\" content=\"All in One SEO Pro (AIOSEO) 4.9.6.2\" \/>\n\t\t<meta property=\"og:locale\" content=\"es_ES\" \/>\n\t\t<meta property=\"og:site_name\" content=\"El Digital de Asturias | Diario de informaci\u00f3n y noticias\" \/>\n\t\t<meta property=\"og:type\" content=\"article\" \/>\n\t\t<meta property=\"og:title\" content=\"El CERMI considera \u00abfallido\u00bb el Sistema para la Autonom\u00eda y Atenci\u00f3n a la Dependencia | El Digital de Asturias\" \/>\n\t\t<meta property=\"og:description\" content=\"(EUROPA PRESS) - El Comit\u00e9 Espa\u00f1ol de Representantes de Personas con Discapacidad (CERMI) ha calificado como &quot;fallido&quot; al Sistema para la Autonom\u00eda y Atenci\u00f3n a la Dependencia (SAAD), creado por la Ley 39\/2006, y urge a una refundaci\u00f3n &quot;ambiciosa&quot; a trav\u00e9s de un gran pacto pol\u00edtico, institucional y social. Seg\u00fan el Comit\u00e9, el SAAD, casi 14\" \/>\n\t\t<meta property=\"og:url\" content=\"https:\/\/eldigitaldeasturias.com\/radio\/el-cermi-considera-fallido-el-sistema-para-la-autonomia-y-atencion-a-la-dependencia\/\" \/>\n\t\t<meta property=\"og:image\" content=\"https:\/\/eldigitaldeasturias.com\/radio\/wp-content\/uploads\/2020\/08\/Noticias-Urgentes.jpg\" \/>\n\t\t<meta property=\"og:image:secure_url\" content=\"https:\/\/eldigitaldeasturias.com\/radio\/wp-content\/uploads\/2020\/08\/Noticias-Urgentes.jpg\" \/>\n\t\t<meta property=\"og:image:width\" content=\"640\" \/>\n\t\t<meta property=\"og:image:height\" content=\"400\" \/>\n\t\t<meta property=\"article:published_time\" content=\"2020-08-28T14:32:59+00:00\" \/>\n\t\t<meta property=\"article:modified_time\" content=\"2020-08-28T14:32:59+00:00\" \/>\n\t\t<meta name=\"twitter:card\" content=\"summary_large_image\" \/>\n\t\t<meta name=\"twitter:site\" content=\"@bercodi\" \/>\n\t\t<meta name=\"twitter:title\" content=\"El CERMI considera \u00abfallido\u00bb el Sistema para la Autonom\u00eda y Atenci\u00f3n a la Dependencia | El Digital de Asturias\" \/>\n\t\t<meta name=\"twitter:description\" content=\"(EUROPA PRESS) - El Comit\u00e9 Espa\u00f1ol de Representantes de Personas con Discapacidad (CERMI) ha calificado como &quot;fallido&quot; al Sistema para la Autonom\u00eda y Atenci\u00f3n a la Dependencia (SAAD), creado por la Ley 39\/2006, y urge a una refundaci\u00f3n &quot;ambiciosa&quot; a trav\u00e9s de un gran pacto pol\u00edtico, institucional y social. Seg\u00fan el Comit\u00e9, el SAAD, casi 14\" \/>\n\t\t<meta name=\"twitter:creator\" content=\"@bercodi\" \/>\n\t\t<meta name=\"twitter:image\" content=\"https:\/\/eldigitaldeasturias.com\/radio\/wp-content\/uploads\/2020\/08\/Noticias-Urgentes.jpg\" \/>\n\t\t<script type=\"application\/ld+json\" class=\"aioseo-schema\">\n\t\t\t{\"@context\":\"https:\\\/\\\/schema.org\",\"@graph\":[{\"@type\":\"BreadcrumbList\",\"@id\":\"https:\\\/\\\/eldigitaldeasturias.com\\\/radio\\\/el-cermi-considera-fallido-el-sistema-para-la-autonomia-y-atencion-a-la-dependencia\\\/#breadcrumblist\",\"itemListElement\":[{\"@type\":\"ListItem\",\"@id\":\"https:\\\/\\\/eldigitaldeasturias.com\\\/radio#listItem\",\"position\":1,\"name\":\"Inicio\",\"item\":\"https:\\\/\\\/eldigitaldeasturias.com\\\/radio\",\"nextItem\":{\"@type\":\"ListItem\",\"@id\":\"https:\\\/\\\/eldigitaldeasturias.com\\\/radio\\\/category\\\/noticias\\\/#listItem\",\"name\":\"Noticias\"}},{\"@type\":\"ListItem\",\"@id\":\"https:\\\/\\\/eldigitaldeasturias.com\\\/radio\\\/category\\\/noticias\\\/#listItem\",\"position\":2,\"name\":\"Noticias\",\"item\":\"https:\\\/\\\/eldigitaldeasturias.com\\\/radio\\\/category\\\/noticias\\\/\",\"nextItem\":{\"@type\":\"ListItem\",\"@id\":\"https:\\\/\\\/eldigitaldeasturias.com\\\/radio\\\/el-cermi-considera-fallido-el-sistema-para-la-autonomia-y-atencion-a-la-dependencia\\\/#listItem\",\"name\":\"El CERMI considera \\u00abfallido\\u00bb el Sistema para la Autonom\\u00eda y Atenci\\u00f3n a la Dependencia\"},\"previousItem\":{\"@type\":\"ListItem\",\"@id\":\"https:\\\/\\\/eldigitaldeasturias.com\\\/radio#listItem\",\"name\":\"Inicio\"}},{\"@type\":\"ListItem\",\"@id\":\"https:\\\/\\\/eldigitaldeasturias.com\\\/radio\\\/el-cermi-considera-fallido-el-sistema-para-la-autonomia-y-atencion-a-la-dependencia\\\/#listItem\",\"position\":3,\"name\":\"El CERMI considera \\u00abfallido\\u00bb el Sistema para la Autonom\\u00eda y Atenci\\u00f3n a la Dependencia\",\"previousItem\":{\"@type\":\"ListItem\",\"@id\":\"https:\\\/\\\/eldigitaldeasturias.com\\\/radio\\\/category\\\/noticias\\\/#listItem\",\"name\":\"Noticias\"}}]},{\"@type\":\"NewsArticle\",\"@id\":\"https:\\\/\\\/eldigitaldeasturias.com\\\/radio\\\/el-cermi-considera-fallido-el-sistema-para-la-autonomia-y-atencion-a-la-dependencia\\\/#newsarticle\",\"name\":\"El CERMI considera \\u00abfallido\\u00bb el Sistema para la Autonom\\u00eda y Atenci\\u00f3n a la Dependencia | El Digital de Asturias\",\"headline\":\"El CERMI considera \\u00abfallido\\u00bb el Sistema para la Autonom\\u00eda y Atenci\\u00f3n a la Dependencia\",\"author\":{\"@id\":\"https:\\\/\\\/eldigitaldeasturias.com\\\/radio\\\/author\\\/nbasturias\\\/#author\"},\"publisher\":{\"@id\":\"https:\\\/\\\/eldigitaldeasturias.com\\\/radio\\\/#organization\"},\"image\":{\"@type\":\"ImageObject\",\"url\":\"https:\\\/\\\/eldigitaldeasturias.com\\\/radio\\\/wp-content\\\/uploads\\\/2020\\\/08\\\/Noticias-Urgentes.jpg\",\"width\":640,\"height\":400},\"datePublished\":\"2020-08-28T14:32:59+02:00\",\"dateModified\":\"2020-08-28T14:32:59+02:00\",\"inLanguage\":\"es-ES\",\"mainEntityOfPage\":{\"@id\":\"https:\\\/\\\/eldigitaldeasturias.com\\\/radio\\\/el-cermi-considera-fallido-el-sistema-para-la-autonomia-y-atencion-a-la-dependencia\\\/#webpage\"},\"isPartOf\":{\"@id\":\"https:\\\/\\\/eldigitaldeasturias.com\\\/radio\\\/el-cermi-considera-fallido-el-sistema-para-la-autonomia-y-atencion-a-la-dependencia\\\/#webpage\"},\"articleSection\":\"Noticias\",\"dateline\":\"Publicado el agosto 28, 2020.\"},{\"@type\":\"Organization\",\"@id\":\"https:\\\/\\\/eldigitaldeasturias.com\\\/radio\\\/#organization\",\"name\":\"El digital de Asturias Radio\",\"description\":\"Diario de informaci\\u00f3n y noticias\",\"url\":\"https:\\\/\\\/eldigitaldeasturias.com\\\/radio\\\/\",\"telephone\":\"+34652131393\",\"logo\":{\"@type\":\"ImageObject\",\"url\":\"https:\\\/\\\/www.eldigitaldeasturias.com\\\/radio\\\/wp-content\\\/uploads\\\/2021\\\/03\\\/EDA.jpg\",\"@id\":\"https:\\\/\\\/eldigitaldeasturias.com\\\/radio\\\/el-cermi-considera-fallido-el-sistema-para-la-autonomia-y-atencion-a-la-dependencia\\\/#organizationLogo\"},\"image\":{\"@id\":\"https:\\\/\\\/eldigitaldeasturias.com\\\/radio\\\/el-cermi-considera-fallido-el-sistema-para-la-autonomia-y-atencion-a-la-dependencia\\\/#organizationLogo\"},\"sameAs\":[\"https:\\\/\\\/www.facebook.com\\\/\",\"https:\\\/\\\/x.com\\\/bercodi\",\"https:\\\/\\\/www.instagram.com\\\/\",\"https:\\\/\\\/www.youtube.com\\\/channel\\\/UCZP-2wLEB9Rv6erhFmqVnvg\"]},{\"@type\":\"Person\",\"@id\":\"https:\\\/\\\/eldigitaldeasturias.com\\\/radio\\\/author\\\/nbasturias\\\/#author\",\"url\":\"https:\\\/\\\/eldigitaldeasturias.com\\\/radio\\\/author\\\/nbasturias\\\/\",\"name\":\"NBAsturias\",\"image\":{\"@type\":\"ImageObject\",\"@id\":\"https:\\\/\\\/eldigitaldeasturias.com\\\/radio\\\/el-cermi-considera-fallido-el-sistema-para-la-autonomia-y-atencion-a-la-dependencia\\\/#authorImage\",\"url\":\"https:\\\/\\\/secure.gravatar.com\\\/avatar\\\/df2aeffc32bcd13f8d26072ef8a91b623d677766deac7f97ca815868cd41bf5e?s=96&d=mm&r=g\",\"width\":96,\"height\":96,\"caption\":\"NBAsturias\"}},{\"@type\":\"WebPage\",\"@id\":\"https:\\\/\\\/eldigitaldeasturias.com\\\/radio\\\/el-cermi-considera-fallido-el-sistema-para-la-autonomia-y-atencion-a-la-dependencia\\\/#webpage\",\"url\":\"https:\\\/\\\/eldigitaldeasturias.com\\\/radio\\\/el-cermi-considera-fallido-el-sistema-para-la-autonomia-y-atencion-a-la-dependencia\\\/\",\"name\":\"El CERMI considera \\u00abfallido\\u00bb el Sistema para la Autonom\\u00eda y Atenci\\u00f3n a la Dependencia | El Digital de Asturias\",\"description\":\"(EUROPA PRESS) - El Comit\\u00e9 Espa\\u00f1ol de Representantes de Personas con Discapacidad (CERMI) ha calificado como \\\"fallido\\\" al Sistema para la Autonom\\u00eda y Atenci\\u00f3n a la Dependencia (SAAD), creado por la Ley 39\\\/2006, y urge a una refundaci\\u00f3n \\\"ambiciosa\\\" a trav\\u00e9s de un gran pacto pol\\u00edtico, institucional y social. Seg\\u00fan el Comit\\u00e9, el SAAD, casi 14\",\"inLanguage\":\"es-ES\",\"isPartOf\":{\"@id\":\"https:\\\/\\\/eldigitaldeasturias.com\\\/radio\\\/#website\"},\"breadcrumb\":{\"@id\":\"https:\\\/\\\/eldigitaldeasturias.com\\\/radio\\\/el-cermi-considera-fallido-el-sistema-para-la-autonomia-y-atencion-a-la-dependencia\\\/#breadcrumblist\"},\"author\":{\"@id\":\"https:\\\/\\\/eldigitaldeasturias.com\\\/radio\\\/author\\\/nbasturias\\\/#author\"},\"creator\":{\"@id\":\"https:\\\/\\\/eldigitaldeasturias.com\\\/radio\\\/author\\\/nbasturias\\\/#author\"},\"image\":{\"@type\":\"ImageObject\",\"url\":\"https:\\\/\\\/eldigitaldeasturias.com\\\/radio\\\/wp-content\\\/uploads\\\/2020\\\/08\\\/Noticias-Urgentes.jpg\",\"@id\":\"https:\\\/\\\/eldigitaldeasturias.com\\\/radio\\\/el-cermi-considera-fallido-el-sistema-para-la-autonomia-y-atencion-a-la-dependencia\\\/#mainImage\",\"width\":640,\"height\":400},\"primaryImageOfPage\":{\"@id\":\"https:\\\/\\\/eldigitaldeasturias.com\\\/radio\\\/el-cermi-considera-fallido-el-sistema-para-la-autonomia-y-atencion-a-la-dependencia\\\/#mainImage\"},\"datePublished\":\"2020-08-28T14:32:59+02:00\",\"dateModified\":\"2020-08-28T14:32:59+02:00\"},{\"@type\":\"WebSite\",\"@id\":\"https:\\\/\\\/eldigitaldeasturias.com\\\/radio\\\/#website\",\"url\":\"https:\\\/\\\/eldigitaldeasturias.com\\\/radio\\\/\",\"name\":\"El Digital de Asturias\",\"description\":\"Diario de informaci\\u00f3n y noticias\",\"inLanguage\":\"es-ES\",\"publisher\":{\"@id\":\"https:\\\/\\\/eldigitaldeasturias.com\\\/radio\\\/#organization\"}}]}\n\t\t<\/script>\n\t\t<!-- All in One SEO Pro -->\r\n\t\t<title>El CERMI considera \u00abfallido\u00bb el Sistema para la Autonom\u00eda y Atenci\u00f3n a la Dependencia | El Digital de Asturias<\/title>\n\n","aioseo_head_json":{"title":"El CERMI considera \u00abfallido\u00bb el Sistema para la Autonom\u00eda y Atenci\u00f3n a la Dependencia | El Digital de Asturias","description":"(EUROPA PRESS) - El Comit\u00e9 Espa\u00f1ol de Representantes de Personas con Discapacidad (CERMI) ha calificado como \"fallido\" al Sistema para la Autonom\u00eda y Atenci\u00f3n a la Dependencia (SAAD), creado por la Ley 39\/2006, y urge a una refundaci\u00f3n \"ambiciosa\" a trav\u00e9s de un gran pacto pol\u00edtico, institucional y social. Seg\u00fan el Comit\u00e9, el SAAD, casi 14","canonical_url":"https:\/\/eldigitaldeasturias.com\/radio\/el-cermi-considera-fallido-el-sistema-para-la-autonomia-y-atencion-a-la-dependencia\/","robots":"max-image-preview:large","keywords":"noticias","webmasterTools":{"google-site-verification":"UA-38556648-1","miscellaneous":""},"schema":{"@context":"https:\/\/schema.org","@graph":[{"@type":"BreadcrumbList","@id":"https:\/\/eldigitaldeasturias.com\/radio\/el-cermi-considera-fallido-el-sistema-para-la-autonomia-y-atencion-a-la-dependencia\/#breadcrumblist","itemListElement":[{"@type":"ListItem","@id":"https:\/\/eldigitaldeasturias.com\/radio#listItem","position":1,"name":"Inicio","item":"https:\/\/eldigitaldeasturias.com\/radio","nextItem":{"@type":"ListItem","@id":"https:\/\/eldigitaldeasturias.com\/radio\/category\/noticias\/#listItem","name":"Noticias"}},{"@type":"ListItem","@id":"https:\/\/eldigitaldeasturias.com\/radio\/category\/noticias\/#listItem","position":2,"name":"Noticias","item":"https:\/\/eldigitaldeasturias.com\/radio\/category\/noticias\/","nextItem":{"@type":"ListItem","@id":"https:\/\/eldigitaldeasturias.com\/radio\/el-cermi-considera-fallido-el-sistema-para-la-autonomia-y-atencion-a-la-dependencia\/#listItem","name":"El CERMI considera \u00abfallido\u00bb el Sistema para la Autonom\u00eda y Atenci\u00f3n a la Dependencia"},"previousItem":{"@type":"ListItem","@id":"https:\/\/eldigitaldeasturias.com\/radio#listItem","name":"Inicio"}},{"@type":"ListItem","@id":"https:\/\/eldigitaldeasturias.com\/radio\/el-cermi-considera-fallido-el-sistema-para-la-autonomia-y-atencion-a-la-dependencia\/#listItem","position":3,"name":"El CERMI considera \u00abfallido\u00bb el Sistema para la Autonom\u00eda y Atenci\u00f3n a la Dependencia","previousItem":{"@type":"ListItem","@id":"https:\/\/eldigitaldeasturias.com\/radio\/category\/noticias\/#listItem","name":"Noticias"}}]},{"@type":"NewsArticle","@id":"https:\/\/eldigitaldeasturias.com\/radio\/el-cermi-considera-fallido-el-sistema-para-la-autonomia-y-atencion-a-la-dependencia\/#newsarticle","name":"El CERMI considera \u00abfallido\u00bb el Sistema para la Autonom\u00eda y Atenci\u00f3n a la Dependencia | El Digital de Asturias","headline":"El CERMI considera \u00abfallido\u00bb el Sistema para la Autonom\u00eda y Atenci\u00f3n a la Dependencia","author":{"@id":"https:\/\/eldigitaldeasturias.com\/radio\/author\/nbasturias\/#author"},"publisher":{"@id":"https:\/\/eldigitaldeasturias.com\/radio\/#organization"},"image":{"@type":"ImageObject","url":"https:\/\/eldigitaldeasturias.com\/radio\/wp-content\/uploads\/2020\/08\/Noticias-Urgentes.jpg","width":640,"height":400},"datePublished":"2020-08-28T14:32:59+02:00","dateModified":"2020-08-28T14:32:59+02:00","inLanguage":"es-ES","mainEntityOfPage":{"@id":"https:\/\/eldigitaldeasturias.com\/radio\/el-cermi-considera-fallido-el-sistema-para-la-autonomia-y-atencion-a-la-dependencia\/#webpage"},"isPartOf":{"@id":"https:\/\/eldigitaldeasturias.com\/radio\/el-cermi-considera-fallido-el-sistema-para-la-autonomia-y-atencion-a-la-dependencia\/#webpage"},"articleSection":"Noticias","dateline":"Publicado el agosto 28, 2020."},{"@type":"Organization","@id":"https:\/\/eldigitaldeasturias.com\/radio\/#organization","name":"El digital de Asturias Radio","description":"Diario de informaci\u00f3n y noticias","url":"https:\/\/eldigitaldeasturias.com\/radio\/","telephone":"+34652131393","logo":{"@type":"ImageObject","url":"https:\/\/www.eldigitaldeasturias.com\/radio\/wp-content\/uploads\/2021\/03\/EDA.jpg","@id":"https:\/\/eldigitaldeasturias.com\/radio\/el-cermi-considera-fallido-el-sistema-para-la-autonomia-y-atencion-a-la-dependencia\/#organizationLogo"},"image":{"@id":"https:\/\/eldigitaldeasturias.com\/radio\/el-cermi-considera-fallido-el-sistema-para-la-autonomia-y-atencion-a-la-dependencia\/#organizationLogo"},"sameAs":["https:\/\/www.facebook.com\/","https:\/\/x.com\/bercodi","https:\/\/www.instagram.com\/","https:\/\/www.youtube.com\/channel\/UCZP-2wLEB9Rv6erhFmqVnvg"]},{"@type":"Person","@id":"https:\/\/eldigitaldeasturias.com\/radio\/author\/nbasturias\/#author","url":"https:\/\/eldigitaldeasturias.com\/radio\/author\/nbasturias\/","name":"NBAsturias","image":{"@type":"ImageObject","@id":"https:\/\/eldigitaldeasturias.com\/radio\/el-cermi-considera-fallido-el-sistema-para-la-autonomia-y-atencion-a-la-dependencia\/#authorImage","url":"https:\/\/secure.gravatar.com\/avatar\/df2aeffc32bcd13f8d26072ef8a91b623d677766deac7f97ca815868cd41bf5e?s=96&d=mm&r=g","width":96,"height":96,"caption":"NBAsturias"}},{"@type":"WebPage","@id":"https:\/\/eldigitaldeasturias.com\/radio\/el-cermi-considera-fallido-el-sistema-para-la-autonomia-y-atencion-a-la-dependencia\/#webpage","url":"https:\/\/eldigitaldeasturias.com\/radio\/el-cermi-considera-fallido-el-sistema-para-la-autonomia-y-atencion-a-la-dependencia\/","name":"El CERMI considera \u00abfallido\u00bb el Sistema para la Autonom\u00eda y Atenci\u00f3n a la Dependencia | El Digital de Asturias","description":"(EUROPA PRESS) - El Comit\u00e9 Espa\u00f1ol de Representantes de Personas con Discapacidad (CERMI) ha calificado como \"fallido\" al Sistema para la Autonom\u00eda y Atenci\u00f3n a la Dependencia (SAAD), creado por la Ley 39\/2006, y urge a una refundaci\u00f3n \"ambiciosa\" a trav\u00e9s de un gran pacto pol\u00edtico, institucional y social. Seg\u00fan el Comit\u00e9, el SAAD, casi 14","inLanguage":"es-ES","isPartOf":{"@id":"https:\/\/eldigitaldeasturias.com\/radio\/#website"},"breadcrumb":{"@id":"https:\/\/eldigitaldeasturias.com\/radio\/el-cermi-considera-fallido-el-sistema-para-la-autonomia-y-atencion-a-la-dependencia\/#breadcrumblist"},"author":{"@id":"https:\/\/eldigitaldeasturias.com\/radio\/author\/nbasturias\/#author"},"creator":{"@id":"https:\/\/eldigitaldeasturias.com\/radio\/author\/nbasturias\/#author"},"image":{"@type":"ImageObject","url":"https:\/\/eldigitaldeasturias.com\/radio\/wp-content\/uploads\/2020\/08\/Noticias-Urgentes.jpg","@id":"https:\/\/eldigitaldeasturias.com\/radio\/el-cermi-considera-fallido-el-sistema-para-la-autonomia-y-atencion-a-la-dependencia\/#mainImage","width":640,"height":400},"primaryImageOfPage":{"@id":"https:\/\/eldigitaldeasturias.com\/radio\/el-cermi-considera-fallido-el-sistema-para-la-autonomia-y-atencion-a-la-dependencia\/#mainImage"},"datePublished":"2020-08-28T14:32:59+02:00","dateModified":"2020-08-28T14:32:59+02:00"},{"@type":"WebSite","@id":"https:\/\/eldigitaldeasturias.com\/radio\/#website","url":"https:\/\/eldigitaldeasturias.com\/radio\/","name":"El Digital de Asturias","description":"Diario de informaci\u00f3n y noticias","inLanguage":"es-ES","publisher":{"@id":"https:\/\/eldigitaldeasturias.com\/radio\/#organization"}}]},"og:locale":"es_ES","og:site_name":"El Digital de Asturias | Diario de informaci\u00f3n y noticias","og:type":"article","og:title":"El CERMI considera \u00abfallido\u00bb el Sistema para la Autonom\u00eda y Atenci\u00f3n a la Dependencia | El Digital de Asturias","og:description":"(EUROPA PRESS) - El Comit\u00e9 Espa\u00f1ol de Representantes de Personas con Discapacidad (CERMI) ha calificado como &quot;fallido&quot; al Sistema para la Autonom\u00eda y Atenci\u00f3n a la Dependencia (SAAD), creado por la Ley 39\/2006, y urge a una refundaci\u00f3n &quot;ambiciosa&quot; a trav\u00e9s de un gran pacto pol\u00edtico, institucional y social. Seg\u00fan el Comit\u00e9, el SAAD, casi 14","og:url":"https:\/\/eldigitaldeasturias.com\/radio\/el-cermi-considera-fallido-el-sistema-para-la-autonomia-y-atencion-a-la-dependencia\/","og:image":"https:\/\/eldigitaldeasturias.com\/radio\/wp-content\/uploads\/2020\/08\/Noticias-Urgentes.jpg","og:image:secure_url":"https:\/\/eldigitaldeasturias.com\/radio\/wp-content\/uploads\/2020\/08\/Noticias-Urgentes.jpg","og:image:width":640,"og:image:height":400,"article:published_time":"2020-08-28T14:32:59+00:00","article:modified_time":"2020-08-28T14:32:59+00:00","twitter:card":"summary_large_image","twitter:site":"@bercodi","twitter:title":"El CERMI considera \u00abfallido\u00bb el Sistema para la Autonom\u00eda y Atenci\u00f3n a la Dependencia | El Digital de Asturias","twitter:description":"(EUROPA PRESS) - El Comit\u00e9 Espa\u00f1ol de Representantes de Personas con Discapacidad (CERMI) ha calificado como &quot;fallido&quot; al Sistema para la Autonom\u00eda y Atenci\u00f3n a la Dependencia (SAAD), creado por la Ley 39\/2006, y urge a una refundaci\u00f3n &quot;ambiciosa&quot; a trav\u00e9s de un gran pacto pol\u00edtico, institucional y social. Seg\u00fan el Comit\u00e9, el SAAD, casi 14","twitter:creator":"@bercodi","twitter:image":"https:\/\/eldigitaldeasturias.com\/radio\/wp-content\/uploads\/2020\/08\/Noticias-Urgentes.jpg"},"aioseo_meta_data":{"post_id":"4995","title":null,"description":"","keywords":"","keyphrases":null,"primary_term":null,"canonical_url":"","og_title":null,"og_description":null,"og_object_type":"default","og_image_type":"default","og_image_url":null,"og_image_width":null,"og_image_height":null,"og_image_custom_url":null,"og_image_custom_fields":null,"og_video":null,"og_custom_url":null,"og_article_section":null,"og_article_tags":null,"twitter_use_og":false,"twitter_card":"default","twitter_image_type":"default","twitter_image_url":null,"twitter_image_custom_url":null,"twitter_image_custom_fields":null,"twitter_title":null,"twitter_description":null,"schema":{"blockGraphs":[],"customGraphs":[],"default":{"data":{"Article":[],"Course":[],"Dataset":[],"FAQPage":[],"Movie":[],"Person":[],"Product":[],"ProductReview":[],"Car":[],"Recipe":[],"Service":[],"SoftwareApplication":[],"WebPage":[]},"graphName":"","isEnabled":true},"graphs":[],"defaultGraph":"","defaultPostTypeGraph":""},"schema_type":null,"schema_type_options":null,"pillar_content":false,"robots_default":true,"robots_noindex":false,"robots_noarchive":false,"robots_nosnippet":false,"robots_nofollow":false,"robots_noimageindex":false,"robots_noodp":false,"robots_notranslate":false,"robots_max_snippet":null,"robots_max_videopreview":null,"robots_max_imagepreview":"large","priority":null,"frequency":null,"location":null,"local_seo":null,"seo_analyzer_scan_date":"2025-08-28 17:05:50","breadcrumb_settings":null,"limit_modified_date":false,"open_ai":null,"ai":null,"created":"2021-03-25 14:58:39","updated":"2025-08-28 17:05:50"},"aioseo_breadcrumb":"<div class=\"aioseo-breadcrumbs\"><span class=\"aioseo-breadcrumb\">\n\t<a href=\"https:\/\/eldigitaldeasturias.com\/radio\" title=\"Inicio\">Inicio<\/a>\n<\/span><span class=\"aioseo-breadcrumb-separator\">&ndash;<\/span><span class=\"aioseo-breadcrumb\">\n\t<a href=\"https:\/\/eldigitaldeasturias.com\/radio\/category\/noticias\/\" title=\"Noticias\">Noticias<\/a>\n<\/span><span class=\"aioseo-breadcrumb-separator\">&ndash;<\/span><span class=\"aioseo-breadcrumb\">\n\tEl CERMI considera \u00abfallido\u00bb el Sistema para la Autonom\u00eda y Atenci\u00f3n a la Dependencia\n<\/span><\/div>","aioseo_breadcrumb_json":[{"label":"Inicio","link":"https:\/\/eldigitaldeasturias.com\/radio"},{"label":"Noticias","link":"https:\/\/eldigitaldeasturias.com\/radio\/category\/noticias\/"},{"label":"El CERMI considera \u00abfallido\u00bb el Sistema para la Autonom\u00eda y Atenci\u00f3n a la Dependencia","link":"https:\/\/eldigitaldeasturias.com\/radio\/el-cermi-considera-fallido-el-sistema-para-la-autonomia-y-atencion-a-la-dependencia\/"}],"_links":{"self":[{"href":"https:\/\/eldigitaldeasturias.com\/radio\/wp-json\/wp\/v2\/posts\/4995","targetHints":{"allow":["GET"]}}],"collection":[{"href":"https:\/\/eldigitaldeasturias.com\/radio\/wp-json\/wp\/v2\/posts"}],"about":[{"href":"https:\/\/eldigitaldeasturias.com\/radio\/wp-json\/wp\/v2\/types\/post"}],"author":[{"embeddable":true,"href":"https:\/\/eldigitaldeasturias.com\/radio\/wp-json\/wp\/v2\/users\/1"}],"replies":[{"embeddable":true,"href":"https:\/\/eldigitaldeasturias.com\/radio\/wp-json\/wp\/v2\/comments?post=4995"}],"version-history":[{"count":0,"href":"https:\/\/eldigitaldeasturias.com\/radio\/wp-json\/wp\/v2\/posts\/4995\/revisions"}],"wp:featuredmedia":[{"embeddable":true,"href":"https:\/\/eldigitaldeasturias.com\/radio\/wp-json\/wp\/v2\/media\/4972"}],"wp:attachment":[{"href":"https:\/\/eldigitaldeasturias.com\/radio\/wp-json\/wp\/v2\/media?parent=4995"}],"wp:term":[{"taxonomy":"category","embeddable":true,"href":"https:\/\/eldigitaldeasturias.com\/radio\/wp-json\/wp\/v2\/categories?post=4995"},{"taxonomy":"post_tag","embeddable":true,"href":"https:\/\/eldigitaldeasturias.com\/radio\/wp-json\/wp\/v2\/tags?post=4995"}],"curies":[{"name":"wp","href":"https:\/\/api.w.org\/{rel}","templated":true}]}}