{"id":4992,"date":"2020-08-28T14:32:02","date_gmt":"2020-08-28T14:32:02","guid":{"rendered":"http:\/\/www.eldigitaldeasturias.com\/radio\/?p=4992"},"modified":"2020-08-28T14:32:02","modified_gmt":"2020-08-28T14:32:02","slug":"el-70-de-los-espanoles-se-vacunaria-contra-el-covid-19-segun-una-encuesta-del-isciii","status":"publish","type":"post","link":"https:\/\/eldigitaldeasturias.com\/radio\/el-70-de-los-espanoles-se-vacunaria-contra-el-covid-19-segun-una-encuesta-del-isciii\/","title":{"rendered":"El 70% de los espa\u00f1oles se vacunar\u00eda contra el COVID-19, seg\u00fan una encuesta del ISCIII"},"content":{"rendered":"<p><img fetchpriority=\"high\" decoding=\"async\" class=\"alignleft size-medium wp-image-4993\" src=\"http:\/\/www.eldigitaldeasturias.com\/radio\/wp-content\/uploads\/2020\/08\/coronavirus-4914026_640-360x203.jpg\" alt=\"\" width=\"360\" height=\"203\" srcset=\"https:\/\/eldigitaldeasturias.com\/radio\/wp-content\/uploads\/2020\/08\/coronavirus-4914026_640-360x203.jpg 360w, https:\/\/eldigitaldeasturias.com\/radio\/wp-content\/uploads\/2020\/08\/coronavirus-4914026_640-600x337.jpg 600w, https:\/\/eldigitaldeasturias.com\/radio\/wp-content\/uploads\/2020\/08\/coronavirus-4914026_640.jpg 640w\" sizes=\"(max-width: 360px) 100vw, 360px\" \/>(EUROPA PRESS) &#8211;\u00a0El Instituto de Salud Carlos III (ISCIII) ha publicado los resultados de la primera ronda del estudio &#8216;COSMO-Spain&#8217;, que coordina el ISCIII desde el Centro Nacional de Epidemiolog\u00eda (CNE) y que est\u00e1 impulsado por la Organizaci\u00f3n Mundial de la Salud (OMS). Seg\u00fan estos resultados, el 70 por ciento de los encuestados se vacunar\u00eda contra el COVID-19.<\/p>\n<p>El trabajo, que busca contar con informaci\u00f3n sobre los conocimientos y la percepci\u00f3n el riesgo de la poblaci\u00f3n ante el COVID-19 y que ya present\u00f3 el mes pasado sus primeros resultados preliminares, se est\u00e1 llevando a cabo en otros 31 pa\u00edses. Con \u00e9l se espera que sus resultados, que se ir\u00e1n completando a lo largo del a\u00f1o con nuevas rondas, ayuden a hacer frente a la epidemia aportando informaci\u00f3n relevante y actualizada a la hora de dise\u00f1ar estrategias de salud y campa\u00f1as de sensibilizaci\u00f3n.<\/p>\n<p>Los resultados de esta primera ronda revelan nuevos datos sobre las preocupaciones, actividades, intereses y conocimientos de la poblaci\u00f3n espa\u00f1ola entorno a la pandemia, el virus y la enfermedad.<\/p>\n<p>En esta primera ronda, que refleja datos recabados entre el 27 de julio y el 3 de agosto, han participado 1.033 personas residentes en Espa\u00f1a, todas mayores de 18 a\u00f1os, con una distribuci\u00f3n casi id\u00e9ntica similar por sexos (50,1% hombres y 49,9% mujeres). El 30 por ciento de los participantes ten\u00edan entre 30 y 44 a\u00f1os y un tercio de la muestra, entre 45 y 60. El 45 por ciento ten\u00edan estudios universitarios o FP superior y la mayor parte (56%) de los participantes refirieron estar trabajando.<\/p>\n<p>Seg\u00fan muestran las respuestas, la preocupaci\u00f3n de la poblaci\u00f3n respecto a la pandemia sigue siendo elevada: un 64 por ciento dice que el coronavirus le preocupa &#8216;mucho o much\u00edsimo&#8217; (en los resultados preliminares el porcentaje fue del 62%) y solo un 11 por ciento de los encuestados se\u00f1ala que le preocupa &#8216;un poco o nada&#8217;. Las principales inquietudes de los encuestados con respecto al COVID-19 son perder a un ser querido, las personas que no utilizan mascarilla, la posible saturaci\u00f3n de los servicios sanitarios y un nuevo confinamiento.<\/p>\n<p>En general, la percepci\u00f3n del riesgo frente al virus y la enfermedad sigue siendo alta. Un 42 por ciento de los encuestados cree que lo peor de la pandemia est\u00e1 por venir; un 23 por ciento considera que ya se est\u00e1 viviendo lo peor y un 21 por ciento cree que es &#8216;dif\u00edcil o muy dif\u00edcil&#8217; poder evitar la infecci\u00f3n. Adem\u00e1s, un 43 por ciento cree que la infecci\u00f3n, de afectarles, ser\u00eda &#8216;grave o muy grave&#8217;.<\/p>\n<p>Ir a sitios concurridos y utilizar el transporte p\u00fablico son las circunstancias que se consideran m\u00e1s propicias para el contagio, mientras que reunirse en casas particulares, trabajar fuera de casa y hacer la compra se consideran, seg\u00fan las respuestas, actividades de menor riesgo.<\/p>\n<h2>CONOCIMIENTOS Y EDUCACI\u00d3N EN SALUD<\/h2>\n<p>Sobre el uso de la mascarilla, el 94 por ciento piensa que sirve para evitar contagiar a los dem\u00e1s, mientras que el 70 por ciento se\u00f1ala su utilidad para protegerse de ser infectado. El 86 por ciento apunta, de manera correcta, que las mascarillas tienen que tapar la nariz y la boca, pero todav\u00eda hay algunas lagunas de conocimiento: por ejemplo, un 10 por ciento que cree que hay que quitarse la mascarilla para toser o estornudar.<\/p>\n<p>La dificultad percibida por los encuestados a la hora de encontrar, comprender, evaluar y aplicar la informaci\u00f3n relativa al coronavirus es muy variable. M\u00e1s del 75 por ciento de los encuestados refiere que le es f\u00e1cil o muy f\u00e1cil encontrar informaci\u00f3n sobre los s\u00edntomas y las restricciones, averiguar qu\u00e9 hacer en el caso de sospechar que tiene la enfermedad, entender y seguir las restricciones y recomendaciones que dan las autoridades o decidir cu\u00e1ndo quedarse en casa (y no ir al trabajo\/colegio\/actividades sociales).<\/p>\n<p>La dificultad percibida aumenta, por ejemplo, cuando deben valorar si ir al m\u00e9dico por un problema sin relaci\u00f3n con el COVID-19 o cuando tratan de saber si la informaci\u00f3n que dan los medios de comunicaci\u00f3n es fiable.<\/p>\n<h2>COMPORTAMIENTO Y FUENTES DE INFORMACI\u00d3N<\/h2>\n<p>Teniendo en cuenta que la encuesta se realiz\u00f3 entre finales de julio y principios de agosto, las medidas m\u00e1s frecuentemente seguidas por los encuestados para evitar el contagio durante la \u00faltima semana fueron usar mascarillas (91%), lavarse las manos, usar gel hidroalcoh\u00f3lico y guardar distancia f\u00edsica (84%). Adem\u00e1s, un 32 por ciento refiri\u00f3 haberse quedado en casa al tener s\u00edntoma.<\/p>\n<p>Telediarios, prensa (en papel y &#8216;on line&#8217;) y ruedas de prensa oficiales son las fuentes de informaci\u00f3n m\u00e1s consultadas por la poblaci\u00f3n, mientras que la informaci\u00f3n procedente de los profesionales sanitarios, la OMS y el Ministerio de Sanidad son las que m\u00e1s confianza generan. Como ya se\u00f1alaban los datos preliminares de mayo, las redes sociales son bastante consultadas, pero se conf\u00eda poco en ellas. Por otro lado, la informaci\u00f3n ofrecida por los programas de debate de radio y televisi\u00f3n es la segunda que menos confianza genera.<\/p>\n<p>Preguntados sobre la confianza que se tiene en distintas instituciones o colectivos para abordar los desaf\u00edos que supone el COVID-19, los encuestados conf\u00edan en primer lugar en los cient\u00edficos, seguidos de hospitales, centros de salud, Ministerio de Sanidad y comunidades aut\u00f3nomas.<\/p>\n<p>Al consultar sobre la opini\u00f3n sobre las decisiones tomadas hasta la fecha en relaci\u00f3n al COVID-19, los participantes consideran, casi por igual (con respuestas del 1 al 5, en las que 5 es la m\u00e1xima confianza), que las decisiones tomadas en Espa\u00f1a para reducir la propagaci\u00f3n de la COVID19 han sido adecuadas (3,9) e improvisadas (3,8).<\/p>\n<p>Las decisiones que generan mayor acuerdo entre los participantes son el uso obligatorio de mascarilla, la apertura de comercios, la libertad de movimientos entre provincias y que sean las comunidades aut\u00f3nomas las que determinen las normativas. Las que mayor desacuerdo generan son la libertad de movimiento entre pa\u00edses, la apertura de gimnasios o instalaciones deportivas, la realizaci\u00f3n de eventos y espect\u00e1culos de masas y la apertura de los bares y restaurantes.<\/p>\n<h2>VACUNAS, &#8216;APP&#8217; DE RASTREO Y BROTES<\/h2>\n<p>Con respecto a las posibles vacunas que est\u00e1n en desarrollo, el 70 por ciento de las personas encuestadas se\u00f1alan que se la pondr\u00edan si estuviera disponible y fuera indicada por las autoridades sanitarias. Por otro lado, el 59 por ciento responden que se descargar\u00edan una aplicaci\u00f3n gratuita de rastreo para el tel\u00e9fono m\u00f3vil que le advirtiera si puede haber sido infectado con el COVID-19.<\/p>\n<p>Al preguntar, teniendo en cuenta que la encuesta se hizo hace ya casi un mes, sobre las medidas que deber\u00eda tomar el Gobierno en el caso de que se produjera un segundo brote generalizado del COVID-19, las medidas con m\u00e1s aceptaci\u00f3n son prohibir los eventos de masas de cualquier tipo y confinar los n\u00facleos urbanos o las provincias m\u00e1s afectadas. Las medidas que m\u00e1s desacuerdo generan ser\u00edan volver a cerrar la actividad empresarial no esencial, volver a los horarios de salida y reinstaurar un Estado de Alarma.<\/p>\n<p>La investigaci\u00f3n, est\u00e1 liderada por la investigadora M. Jo\u00e3o Forjaz, en colaboraci\u00f3n con Carmen Rodr\u00edguez Bl\u00e1zquez (ambas del CNE) y Mar\u00eda Romay-Barja (Centro Nacional de Medicina Tropical). Adem\u00e1s, participan Mar\u00eda Falc\u00f3n, de la Universidad de Murcia, un equipo de la universidad de C\u00e1diz, el Ministerio de Sanidad y la propia OMS.<\/p>\n<p>&nbsp;<\/p>\n","protected":false},"excerpt":{"rendered":"<p>(EUROPA PRESS) &#8211;\u00a0El Instituto de Salud Carlos III (ISCIII) ha publicado los resultados de la primera ronda del estudio &#8216;COSMO-Spain&#8217;, que coordina el ISCIII desde el Centro Nacional de Epidemiolog\u00eda (CNE) y que est\u00e1 impulsado por la Organizaci\u00f3n Mundial de la Salud (OMS). Seg\u00fan estos resultados, el 70 por ciento de los encuestados se vacunar\u00eda<\/p>\n","protected":false},"author":1,"featured_media":4993,"comment_status":"closed","ping_status":"closed","sticky":false,"template":"","format":"standard","meta":{"footnotes":""},"categories":[1],"tags":[],"class_list":{"0":"post-4992","1":"post","2":"type-post","3":"status-publish","4":"format-standard","5":"has-post-thumbnail","7":"category-noticias"},"aioseo_notices":[],"aioseo_head":"\n\t\t<!-- All in One SEO Pro 4.9.6.2 - aioseo.com -->\n\t<meta name=\"description\" content=\"(EUROPA PRESS) - El Instituto de Salud Carlos III (ISCIII) ha publicado los resultados de la primera ronda del estudio &#039;COSMO-Spain&#039;, que coordina el ISCIII desde el Centro Nacional de Epidemiolog\u00eda (CNE) y que est\u00e1 impulsado por la Organizaci\u00f3n Mundial de la Salud (OMS). Seg\u00fan estos resultados, el 70 por ciento de los encuestados se vacunar\u00eda\" \/>\n\t<meta name=\"robots\" content=\"max-image-preview:large\" \/>\n\t<meta name=\"author\" content=\"NBAsturias\"\/>\n\t<meta name=\"google-site-verification\" content=\"UA-38556648-1\" \/>\n\t<meta name=\"keywords\" content=\"noticias\" \/>\n\t<link rel=\"canonical\" href=\"https:\/\/eldigitaldeasturias.com\/radio\/el-70-de-los-espanoles-se-vacunaria-contra-el-covid-19-segun-una-encuesta-del-isciii\/\" \/>\n\t<meta name=\"generator\" content=\"All in One SEO Pro (AIOSEO) 4.9.6.2\" \/>\n\t\t<meta property=\"og:locale\" content=\"es_ES\" \/>\n\t\t<meta property=\"og:site_name\" content=\"El Digital de Asturias | Diario de informaci\u00f3n y noticias\" \/>\n\t\t<meta property=\"og:type\" content=\"article\" \/>\n\t\t<meta property=\"og:title\" content=\"El 70% de los espa\u00f1oles se vacunar\u00eda contra el COVID-19, seg\u00fan una encuesta del ISCIII | El Digital de Asturias\" \/>\n\t\t<meta property=\"og:description\" content=\"(EUROPA PRESS) - El Instituto de Salud Carlos III (ISCIII) ha publicado los resultados de la primera ronda del estudio &#039;COSMO-Spain&#039;, que coordina el ISCIII desde el Centro Nacional de Epidemiolog\u00eda (CNE) y que est\u00e1 impulsado por la Organizaci\u00f3n Mundial de la Salud (OMS). Seg\u00fan estos resultados, el 70 por ciento de los encuestados se vacunar\u00eda\" \/>\n\t\t<meta property=\"og:url\" content=\"https:\/\/eldigitaldeasturias.com\/radio\/el-70-de-los-espanoles-se-vacunaria-contra-el-covid-19-segun-una-encuesta-del-isciii\/\" \/>\n\t\t<meta property=\"og:image\" content=\"https:\/\/eldigitaldeasturias.com\/radio\/wp-content\/uploads\/2020\/08\/coronavirus-4914026_640.jpg\" \/>\n\t\t<meta property=\"og:image:secure_url\" content=\"https:\/\/eldigitaldeasturias.com\/radio\/wp-content\/uploads\/2020\/08\/coronavirus-4914026_640.jpg\" \/>\n\t\t<meta property=\"og:image:width\" content=\"640\" \/>\n\t\t<meta property=\"og:image:height\" content=\"360\" \/>\n\t\t<meta property=\"article:published_time\" content=\"2020-08-28T14:32:02+00:00\" \/>\n\t\t<meta property=\"article:modified_time\" content=\"2020-08-28T14:32:02+00:00\" \/>\n\t\t<meta name=\"twitter:card\" content=\"summary_large_image\" \/>\n\t\t<meta name=\"twitter:site\" content=\"@bercodi\" \/>\n\t\t<meta name=\"twitter:title\" content=\"El 70% de los espa\u00f1oles se vacunar\u00eda contra el COVID-19, seg\u00fan una encuesta del ISCIII | El Digital de Asturias\" \/>\n\t\t<meta name=\"twitter:description\" content=\"(EUROPA PRESS) - El Instituto de Salud Carlos III (ISCIII) ha publicado los resultados de la primera ronda del estudio &#039;COSMO-Spain&#039;, que coordina el ISCIII desde el Centro Nacional de Epidemiolog\u00eda (CNE) y que est\u00e1 impulsado por la Organizaci\u00f3n Mundial de la Salud (OMS). Seg\u00fan estos resultados, el 70 por ciento de los encuestados se vacunar\u00eda\" \/>\n\t\t<meta name=\"twitter:creator\" content=\"@bercodi\" \/>\n\t\t<meta name=\"twitter:image\" content=\"https:\/\/eldigitaldeasturias.com\/radio\/wp-content\/uploads\/2020\/08\/coronavirus-4914026_640.jpg\" \/>\n\t\t<script type=\"application\/ld+json\" class=\"aioseo-schema\">\n\t\t\t{\"@context\":\"https:\\\/\\\/schema.org\",\"@graph\":[{\"@type\":\"BreadcrumbList\",\"@id\":\"https:\\\/\\\/eldigitaldeasturias.com\\\/radio\\\/el-70-de-los-espanoles-se-vacunaria-contra-el-covid-19-segun-una-encuesta-del-isciii\\\/#breadcrumblist\",\"itemListElement\":[{\"@type\":\"ListItem\",\"@id\":\"https:\\\/\\\/eldigitaldeasturias.com\\\/radio#listItem\",\"position\":1,\"name\":\"Inicio\",\"item\":\"https:\\\/\\\/eldigitaldeasturias.com\\\/radio\",\"nextItem\":{\"@type\":\"ListItem\",\"@id\":\"https:\\\/\\\/eldigitaldeasturias.com\\\/radio\\\/category\\\/noticias\\\/#listItem\",\"name\":\"Noticias\"}},{\"@type\":\"ListItem\",\"@id\":\"https:\\\/\\\/eldigitaldeasturias.com\\\/radio\\\/category\\\/noticias\\\/#listItem\",\"position\":2,\"name\":\"Noticias\",\"item\":\"https:\\\/\\\/eldigitaldeasturias.com\\\/radio\\\/category\\\/noticias\\\/\",\"nextItem\":{\"@type\":\"ListItem\",\"@id\":\"https:\\\/\\\/eldigitaldeasturias.com\\\/radio\\\/el-70-de-los-espanoles-se-vacunaria-contra-el-covid-19-segun-una-encuesta-del-isciii\\\/#listItem\",\"name\":\"El 70% de los espa\\u00f1oles se vacunar\\u00eda contra el COVID-19, seg\\u00fan una encuesta del ISCIII\"},\"previousItem\":{\"@type\":\"ListItem\",\"@id\":\"https:\\\/\\\/eldigitaldeasturias.com\\\/radio#listItem\",\"name\":\"Inicio\"}},{\"@type\":\"ListItem\",\"@id\":\"https:\\\/\\\/eldigitaldeasturias.com\\\/radio\\\/el-70-de-los-espanoles-se-vacunaria-contra-el-covid-19-segun-una-encuesta-del-isciii\\\/#listItem\",\"position\":3,\"name\":\"El 70% de los espa\\u00f1oles se vacunar\\u00eda contra el COVID-19, seg\\u00fan una encuesta del ISCIII\",\"previousItem\":{\"@type\":\"ListItem\",\"@id\":\"https:\\\/\\\/eldigitaldeasturias.com\\\/radio\\\/category\\\/noticias\\\/#listItem\",\"name\":\"Noticias\"}}]},{\"@type\":\"NewsArticle\",\"@id\":\"https:\\\/\\\/eldigitaldeasturias.com\\\/radio\\\/el-70-de-los-espanoles-se-vacunaria-contra-el-covid-19-segun-una-encuesta-del-isciii\\\/#newsarticle\",\"name\":\"El 70% de los espa\\u00f1oles se vacunar\\u00eda contra el COVID-19, seg\\u00fan una encuesta del ISCIII | El Digital de Asturias\",\"headline\":\"El 70% de los espa\\u00f1oles se vacunar\\u00eda contra el COVID-19, seg\\u00fan una encuesta del ISCIII\",\"author\":{\"@id\":\"https:\\\/\\\/eldigitaldeasturias.com\\\/radio\\\/author\\\/nbasturias\\\/#author\"},\"publisher\":{\"@id\":\"https:\\\/\\\/eldigitaldeasturias.com\\\/radio\\\/#organization\"},\"image\":{\"@type\":\"ImageObject\",\"url\":\"https:\\\/\\\/eldigitaldeasturias.com\\\/radio\\\/wp-content\\\/uploads\\\/2020\\\/08\\\/coronavirus-4914026_640.jpg\",\"width\":640,\"height\":360},\"datePublished\":\"2020-08-28T14:32:02+02:00\",\"dateModified\":\"2020-08-28T14:32:02+02:00\",\"inLanguage\":\"es-ES\",\"mainEntityOfPage\":{\"@id\":\"https:\\\/\\\/eldigitaldeasturias.com\\\/radio\\\/el-70-de-los-espanoles-se-vacunaria-contra-el-covid-19-segun-una-encuesta-del-isciii\\\/#webpage\"},\"isPartOf\":{\"@id\":\"https:\\\/\\\/eldigitaldeasturias.com\\\/radio\\\/el-70-de-los-espanoles-se-vacunaria-contra-el-covid-19-segun-una-encuesta-del-isciii\\\/#webpage\"},\"articleSection\":\"Noticias\",\"dateline\":\"Publicado el agosto 28, 2020.\"},{\"@type\":\"Organization\",\"@id\":\"https:\\\/\\\/eldigitaldeasturias.com\\\/radio\\\/#organization\",\"name\":\"El digital de Asturias Radio\",\"description\":\"Diario de informaci\\u00f3n y noticias\",\"url\":\"https:\\\/\\\/eldigitaldeasturias.com\\\/radio\\\/\",\"telephone\":\"+34652131393\",\"logo\":{\"@type\":\"ImageObject\",\"url\":\"https:\\\/\\\/www.eldigitaldeasturias.com\\\/radio\\\/wp-content\\\/uploads\\\/2021\\\/03\\\/EDA.jpg\",\"@id\":\"https:\\\/\\\/eldigitaldeasturias.com\\\/radio\\\/el-70-de-los-espanoles-se-vacunaria-contra-el-covid-19-segun-una-encuesta-del-isciii\\\/#organizationLogo\"},\"image\":{\"@id\":\"https:\\\/\\\/eldigitaldeasturias.com\\\/radio\\\/el-70-de-los-espanoles-se-vacunaria-contra-el-covid-19-segun-una-encuesta-del-isciii\\\/#organizationLogo\"},\"sameAs\":[\"https:\\\/\\\/www.facebook.com\\\/\",\"https:\\\/\\\/x.com\\\/bercodi\",\"https:\\\/\\\/www.instagram.com\\\/\",\"https:\\\/\\\/www.youtube.com\\\/channel\\\/UCZP-2wLEB9Rv6erhFmqVnvg\"]},{\"@type\":\"Person\",\"@id\":\"https:\\\/\\\/eldigitaldeasturias.com\\\/radio\\\/author\\\/nbasturias\\\/#author\",\"url\":\"https:\\\/\\\/eldigitaldeasturias.com\\\/radio\\\/author\\\/nbasturias\\\/\",\"name\":\"NBAsturias\",\"image\":{\"@type\":\"ImageObject\",\"@id\":\"https:\\\/\\\/eldigitaldeasturias.com\\\/radio\\\/el-70-de-los-espanoles-se-vacunaria-contra-el-covid-19-segun-una-encuesta-del-isciii\\\/#authorImage\",\"url\":\"https:\\\/\\\/secure.gravatar.com\\\/avatar\\\/df2aeffc32bcd13f8d26072ef8a91b623d677766deac7f97ca815868cd41bf5e?s=96&d=mm&r=g\",\"width\":96,\"height\":96,\"caption\":\"NBAsturias\"}},{\"@type\":\"WebPage\",\"@id\":\"https:\\\/\\\/eldigitaldeasturias.com\\\/radio\\\/el-70-de-los-espanoles-se-vacunaria-contra-el-covid-19-segun-una-encuesta-del-isciii\\\/#webpage\",\"url\":\"https:\\\/\\\/eldigitaldeasturias.com\\\/radio\\\/el-70-de-los-espanoles-se-vacunaria-contra-el-covid-19-segun-una-encuesta-del-isciii\\\/\",\"name\":\"El 70% de los espa\\u00f1oles se vacunar\\u00eda contra el COVID-19, seg\\u00fan una encuesta del ISCIII | El Digital de Asturias\",\"description\":\"(EUROPA PRESS) - El Instituto de Salud Carlos III (ISCIII) ha publicado los resultados de la primera ronda del estudio 'COSMO-Spain', que coordina el ISCIII desde el Centro Nacional de Epidemiolog\\u00eda (CNE) y que est\\u00e1 impulsado por la Organizaci\\u00f3n Mundial de la Salud (OMS). Seg\\u00fan estos resultados, el 70 por ciento de los encuestados se vacunar\\u00eda\",\"inLanguage\":\"es-ES\",\"isPartOf\":{\"@id\":\"https:\\\/\\\/eldigitaldeasturias.com\\\/radio\\\/#website\"},\"breadcrumb\":{\"@id\":\"https:\\\/\\\/eldigitaldeasturias.com\\\/radio\\\/el-70-de-los-espanoles-se-vacunaria-contra-el-covid-19-segun-una-encuesta-del-isciii\\\/#breadcrumblist\"},\"author\":{\"@id\":\"https:\\\/\\\/eldigitaldeasturias.com\\\/radio\\\/author\\\/nbasturias\\\/#author\"},\"creator\":{\"@id\":\"https:\\\/\\\/eldigitaldeasturias.com\\\/radio\\\/author\\\/nbasturias\\\/#author\"},\"image\":{\"@type\":\"ImageObject\",\"url\":\"https:\\\/\\\/eldigitaldeasturias.com\\\/radio\\\/wp-content\\\/uploads\\\/2020\\\/08\\\/coronavirus-4914026_640.jpg\",\"@id\":\"https:\\\/\\\/eldigitaldeasturias.com\\\/radio\\\/el-70-de-los-espanoles-se-vacunaria-contra-el-covid-19-segun-una-encuesta-del-isciii\\\/#mainImage\",\"width\":640,\"height\":360},\"primaryImageOfPage\":{\"@id\":\"https:\\\/\\\/eldigitaldeasturias.com\\\/radio\\\/el-70-de-los-espanoles-se-vacunaria-contra-el-covid-19-segun-una-encuesta-del-isciii\\\/#mainImage\"},\"datePublished\":\"2020-08-28T14:32:02+02:00\",\"dateModified\":\"2020-08-28T14:32:02+02:00\"},{\"@type\":\"WebSite\",\"@id\":\"https:\\\/\\\/eldigitaldeasturias.com\\\/radio\\\/#website\",\"url\":\"https:\\\/\\\/eldigitaldeasturias.com\\\/radio\\\/\",\"name\":\"El Digital de Asturias\",\"description\":\"Diario de informaci\\u00f3n y noticias\",\"inLanguage\":\"es-ES\",\"publisher\":{\"@id\":\"https:\\\/\\\/eldigitaldeasturias.com\\\/radio\\\/#organization\"}}]}\n\t\t<\/script>\n\t\t<!-- All in One SEO Pro -->\r\n\t\t<title>El 70% de los espa\u00f1oles se vacunar\u00eda contra el COVID-19, seg\u00fan una encuesta del ISCIII | El Digital de Asturias<\/title>\n\n","aioseo_head_json":{"title":"El 70% de los espa\u00f1oles se vacunar\u00eda contra el COVID-19, seg\u00fan una encuesta del ISCIII | El Digital de Asturias","description":"(EUROPA PRESS) - El Instituto de Salud Carlos III (ISCIII) ha publicado los resultados de la primera ronda del estudio 'COSMO-Spain', que coordina el ISCIII desde el Centro Nacional de Epidemiolog\u00eda (CNE) y que est\u00e1 impulsado por la Organizaci\u00f3n Mundial de la Salud (OMS). Seg\u00fan estos resultados, el 70 por ciento de los encuestados se vacunar\u00eda","canonical_url":"https:\/\/eldigitaldeasturias.com\/radio\/el-70-de-los-espanoles-se-vacunaria-contra-el-covid-19-segun-una-encuesta-del-isciii\/","robots":"max-image-preview:large","keywords":"noticias","webmasterTools":{"google-site-verification":"UA-38556648-1","miscellaneous":""},"schema":{"@context":"https:\/\/schema.org","@graph":[{"@type":"BreadcrumbList","@id":"https:\/\/eldigitaldeasturias.com\/radio\/el-70-de-los-espanoles-se-vacunaria-contra-el-covid-19-segun-una-encuesta-del-isciii\/#breadcrumblist","itemListElement":[{"@type":"ListItem","@id":"https:\/\/eldigitaldeasturias.com\/radio#listItem","position":1,"name":"Inicio","item":"https:\/\/eldigitaldeasturias.com\/radio","nextItem":{"@type":"ListItem","@id":"https:\/\/eldigitaldeasturias.com\/radio\/category\/noticias\/#listItem","name":"Noticias"}},{"@type":"ListItem","@id":"https:\/\/eldigitaldeasturias.com\/radio\/category\/noticias\/#listItem","position":2,"name":"Noticias","item":"https:\/\/eldigitaldeasturias.com\/radio\/category\/noticias\/","nextItem":{"@type":"ListItem","@id":"https:\/\/eldigitaldeasturias.com\/radio\/el-70-de-los-espanoles-se-vacunaria-contra-el-covid-19-segun-una-encuesta-del-isciii\/#listItem","name":"El 70% de los espa\u00f1oles se vacunar\u00eda contra el COVID-19, seg\u00fan una encuesta del ISCIII"},"previousItem":{"@type":"ListItem","@id":"https:\/\/eldigitaldeasturias.com\/radio#listItem","name":"Inicio"}},{"@type":"ListItem","@id":"https:\/\/eldigitaldeasturias.com\/radio\/el-70-de-los-espanoles-se-vacunaria-contra-el-covid-19-segun-una-encuesta-del-isciii\/#listItem","position":3,"name":"El 70% de los espa\u00f1oles se vacunar\u00eda contra el COVID-19, seg\u00fan una encuesta del ISCIII","previousItem":{"@type":"ListItem","@id":"https:\/\/eldigitaldeasturias.com\/radio\/category\/noticias\/#listItem","name":"Noticias"}}]},{"@type":"NewsArticle","@id":"https:\/\/eldigitaldeasturias.com\/radio\/el-70-de-los-espanoles-se-vacunaria-contra-el-covid-19-segun-una-encuesta-del-isciii\/#newsarticle","name":"El 70% de los espa\u00f1oles se vacunar\u00eda contra el COVID-19, seg\u00fan una encuesta del ISCIII | El Digital de Asturias","headline":"El 70% de los espa\u00f1oles se vacunar\u00eda contra el COVID-19, seg\u00fan una encuesta del ISCIII","author":{"@id":"https:\/\/eldigitaldeasturias.com\/radio\/author\/nbasturias\/#author"},"publisher":{"@id":"https:\/\/eldigitaldeasturias.com\/radio\/#organization"},"image":{"@type":"ImageObject","url":"https:\/\/eldigitaldeasturias.com\/radio\/wp-content\/uploads\/2020\/08\/coronavirus-4914026_640.jpg","width":640,"height":360},"datePublished":"2020-08-28T14:32:02+02:00","dateModified":"2020-08-28T14:32:02+02:00","inLanguage":"es-ES","mainEntityOfPage":{"@id":"https:\/\/eldigitaldeasturias.com\/radio\/el-70-de-los-espanoles-se-vacunaria-contra-el-covid-19-segun-una-encuesta-del-isciii\/#webpage"},"isPartOf":{"@id":"https:\/\/eldigitaldeasturias.com\/radio\/el-70-de-los-espanoles-se-vacunaria-contra-el-covid-19-segun-una-encuesta-del-isciii\/#webpage"},"articleSection":"Noticias","dateline":"Publicado el agosto 28, 2020."},{"@type":"Organization","@id":"https:\/\/eldigitaldeasturias.com\/radio\/#organization","name":"El digital de Asturias Radio","description":"Diario de informaci\u00f3n y noticias","url":"https:\/\/eldigitaldeasturias.com\/radio\/","telephone":"+34652131393","logo":{"@type":"ImageObject","url":"https:\/\/www.eldigitaldeasturias.com\/radio\/wp-content\/uploads\/2021\/03\/EDA.jpg","@id":"https:\/\/eldigitaldeasturias.com\/radio\/el-70-de-los-espanoles-se-vacunaria-contra-el-covid-19-segun-una-encuesta-del-isciii\/#organizationLogo"},"image":{"@id":"https:\/\/eldigitaldeasturias.com\/radio\/el-70-de-los-espanoles-se-vacunaria-contra-el-covid-19-segun-una-encuesta-del-isciii\/#organizationLogo"},"sameAs":["https:\/\/www.facebook.com\/","https:\/\/x.com\/bercodi","https:\/\/www.instagram.com\/","https:\/\/www.youtube.com\/channel\/UCZP-2wLEB9Rv6erhFmqVnvg"]},{"@type":"Person","@id":"https:\/\/eldigitaldeasturias.com\/radio\/author\/nbasturias\/#author","url":"https:\/\/eldigitaldeasturias.com\/radio\/author\/nbasturias\/","name":"NBAsturias","image":{"@type":"ImageObject","@id":"https:\/\/eldigitaldeasturias.com\/radio\/el-70-de-los-espanoles-se-vacunaria-contra-el-covid-19-segun-una-encuesta-del-isciii\/#authorImage","url":"https:\/\/secure.gravatar.com\/avatar\/df2aeffc32bcd13f8d26072ef8a91b623d677766deac7f97ca815868cd41bf5e?s=96&d=mm&r=g","width":96,"height":96,"caption":"NBAsturias"}},{"@type":"WebPage","@id":"https:\/\/eldigitaldeasturias.com\/radio\/el-70-de-los-espanoles-se-vacunaria-contra-el-covid-19-segun-una-encuesta-del-isciii\/#webpage","url":"https:\/\/eldigitaldeasturias.com\/radio\/el-70-de-los-espanoles-se-vacunaria-contra-el-covid-19-segun-una-encuesta-del-isciii\/","name":"El 70% de los espa\u00f1oles se vacunar\u00eda contra el COVID-19, seg\u00fan una encuesta del ISCIII | El Digital de Asturias","description":"(EUROPA PRESS) - El Instituto de Salud Carlos III (ISCIII) ha publicado los resultados de la primera ronda del estudio 'COSMO-Spain', que coordina el ISCIII desde el Centro Nacional de Epidemiolog\u00eda (CNE) y que est\u00e1 impulsado por la Organizaci\u00f3n Mundial de la Salud (OMS). Seg\u00fan estos resultados, el 70 por ciento de los encuestados se vacunar\u00eda","inLanguage":"es-ES","isPartOf":{"@id":"https:\/\/eldigitaldeasturias.com\/radio\/#website"},"breadcrumb":{"@id":"https:\/\/eldigitaldeasturias.com\/radio\/el-70-de-los-espanoles-se-vacunaria-contra-el-covid-19-segun-una-encuesta-del-isciii\/#breadcrumblist"},"author":{"@id":"https:\/\/eldigitaldeasturias.com\/radio\/author\/nbasturias\/#author"},"creator":{"@id":"https:\/\/eldigitaldeasturias.com\/radio\/author\/nbasturias\/#author"},"image":{"@type":"ImageObject","url":"https:\/\/eldigitaldeasturias.com\/radio\/wp-content\/uploads\/2020\/08\/coronavirus-4914026_640.jpg","@id":"https:\/\/eldigitaldeasturias.com\/radio\/el-70-de-los-espanoles-se-vacunaria-contra-el-covid-19-segun-una-encuesta-del-isciii\/#mainImage","width":640,"height":360},"primaryImageOfPage":{"@id":"https:\/\/eldigitaldeasturias.com\/radio\/el-70-de-los-espanoles-se-vacunaria-contra-el-covid-19-segun-una-encuesta-del-isciii\/#mainImage"},"datePublished":"2020-08-28T14:32:02+02:00","dateModified":"2020-08-28T14:32:02+02:00"},{"@type":"WebSite","@id":"https:\/\/eldigitaldeasturias.com\/radio\/#website","url":"https:\/\/eldigitaldeasturias.com\/radio\/","name":"El Digital de Asturias","description":"Diario de informaci\u00f3n y noticias","inLanguage":"es-ES","publisher":{"@id":"https:\/\/eldigitaldeasturias.com\/radio\/#organization"}}]},"og:locale":"es_ES","og:site_name":"El Digital de Asturias | Diario de informaci\u00f3n y noticias","og:type":"article","og:title":"El 70% de los espa\u00f1oles se vacunar\u00eda contra el COVID-19, seg\u00fan una encuesta del ISCIII | El Digital de Asturias","og:description":"(EUROPA PRESS) - El Instituto de Salud Carlos III (ISCIII) ha publicado los resultados de la primera ronda del estudio 'COSMO-Spain', que coordina el ISCIII desde el Centro Nacional de Epidemiolog\u00eda (CNE) y que est\u00e1 impulsado por la Organizaci\u00f3n Mundial de la Salud (OMS). Seg\u00fan estos resultados, el 70 por ciento de los encuestados se vacunar\u00eda","og:url":"https:\/\/eldigitaldeasturias.com\/radio\/el-70-de-los-espanoles-se-vacunaria-contra-el-covid-19-segun-una-encuesta-del-isciii\/","og:image":"https:\/\/eldigitaldeasturias.com\/radio\/wp-content\/uploads\/2020\/08\/coronavirus-4914026_640.jpg","og:image:secure_url":"https:\/\/eldigitaldeasturias.com\/radio\/wp-content\/uploads\/2020\/08\/coronavirus-4914026_640.jpg","og:image:width":640,"og:image:height":360,"article:published_time":"2020-08-28T14:32:02+00:00","article:modified_time":"2020-08-28T14:32:02+00:00","twitter:card":"summary_large_image","twitter:site":"@bercodi","twitter:title":"El 70% de los espa\u00f1oles se vacunar\u00eda contra el COVID-19, seg\u00fan una encuesta del ISCIII | El Digital de Asturias","twitter:description":"(EUROPA PRESS) - El Instituto de Salud Carlos III (ISCIII) ha publicado los resultados de la primera ronda del estudio 'COSMO-Spain', que coordina el ISCIII desde el Centro Nacional de Epidemiolog\u00eda (CNE) y que est\u00e1 impulsado por la Organizaci\u00f3n Mundial de la Salud (OMS). Seg\u00fan estos resultados, el 70 por ciento de los encuestados se vacunar\u00eda","twitter:creator":"@bercodi","twitter:image":"https:\/\/eldigitaldeasturias.com\/radio\/wp-content\/uploads\/2020\/08\/coronavirus-4914026_640.jpg"},"aioseo_meta_data":{"post_id":"4992","title":null,"description":"","keywords":"","keyphrases":null,"primary_term":null,"canonical_url":"","og_title":null,"og_description":null,"og_object_type":"default","og_image_type":"default","og_image_url":null,"og_image_width":null,"og_image_height":null,"og_image_custom_url":null,"og_image_custom_fields":null,"og_video":null,"og_custom_url":null,"og_article_section":null,"og_article_tags":null,"twitter_use_og":false,"twitter_card":"default","twitter_image_type":"default","twitter_image_url":null,"twitter_image_custom_url":null,"twitter_image_custom_fields":null,"twitter_title":null,"twitter_description":null,"schema":{"blockGraphs":[],"customGraphs":[],"default":{"data":{"Article":[],"Course":[],"Dataset":[],"FAQPage":[],"Movie":[],"Person":[],"Product":[],"ProductReview":[],"Car":[],"Recipe":[],"Service":[],"SoftwareApplication":[],"WebPage":[]},"graphName":"","isEnabled":true},"graphs":[],"defaultGraph":"","defaultPostTypeGraph":""},"schema_type":null,"schema_type_options":null,"pillar_content":false,"robots_default":true,"robots_noindex":false,"robots_noarchive":false,"robots_nosnippet":false,"robots_nofollow":false,"robots_noimageindex":false,"robots_noodp":false,"robots_notranslate":false,"robots_max_snippet":null,"robots_max_videopreview":null,"robots_max_imagepreview":"large","priority":null,"frequency":null,"location":null,"local_seo":null,"seo_analyzer_scan_date":"2025-08-28 17:05:49","breadcrumb_settings":null,"limit_modified_date":false,"open_ai":null,"ai":null,"created":"2021-03-25 14:58:39","updated":"2025-08-28 17:05:49"},"aioseo_breadcrumb":"<div class=\"aioseo-breadcrumbs\"><span class=\"aioseo-breadcrumb\">\n\t<a href=\"https:\/\/eldigitaldeasturias.com\/radio\" title=\"Inicio\">Inicio<\/a>\n<\/span><span class=\"aioseo-breadcrumb-separator\">&ndash;<\/span><span class=\"aioseo-breadcrumb\">\n\t<a href=\"https:\/\/eldigitaldeasturias.com\/radio\/category\/noticias\/\" title=\"Noticias\">Noticias<\/a>\n<\/span><span class=\"aioseo-breadcrumb-separator\">&ndash;<\/span><span class=\"aioseo-breadcrumb\">\n\tEl 70% de los espa\u00f1oles se vacunar\u00eda contra el COVID-19, seg\u00fan una encuesta del ISCIII\n<\/span><\/div>","aioseo_breadcrumb_json":[{"label":"Inicio","link":"https:\/\/eldigitaldeasturias.com\/radio"},{"label":"Noticias","link":"https:\/\/eldigitaldeasturias.com\/radio\/category\/noticias\/"},{"label":"El 70% de los espa\u00f1oles se vacunar\u00eda contra el COVID-19, seg\u00fan una encuesta del ISCIII","link":"https:\/\/eldigitaldeasturias.com\/radio\/el-70-de-los-espanoles-se-vacunaria-contra-el-covid-19-segun-una-encuesta-del-isciii\/"}],"_links":{"self":[{"href":"https:\/\/eldigitaldeasturias.com\/radio\/wp-json\/wp\/v2\/posts\/4992","targetHints":{"allow":["GET"]}}],"collection":[{"href":"https:\/\/eldigitaldeasturias.com\/radio\/wp-json\/wp\/v2\/posts"}],"about":[{"href":"https:\/\/eldigitaldeasturias.com\/radio\/wp-json\/wp\/v2\/types\/post"}],"author":[{"embeddable":true,"href":"https:\/\/eldigitaldeasturias.com\/radio\/wp-json\/wp\/v2\/users\/1"}],"replies":[{"embeddable":true,"href":"https:\/\/eldigitaldeasturias.com\/radio\/wp-json\/wp\/v2\/comments?post=4992"}],"version-history":[{"count":0,"href":"https:\/\/eldigitaldeasturias.com\/radio\/wp-json\/wp\/v2\/posts\/4992\/revisions"}],"wp:featuredmedia":[{"embeddable":true,"href":"https:\/\/eldigitaldeasturias.com\/radio\/wp-json\/wp\/v2\/media\/4993"}],"wp:attachment":[{"href":"https:\/\/eldigitaldeasturias.com\/radio\/wp-json\/wp\/v2\/media?parent=4992"}],"wp:term":[{"taxonomy":"category","embeddable":true,"href":"https:\/\/eldigitaldeasturias.com\/radio\/wp-json\/wp\/v2\/categories?post=4992"},{"taxonomy":"post_tag","embeddable":true,"href":"https:\/\/eldigitaldeasturias.com\/radio\/wp-json\/wp\/v2\/tags?post=4992"}],"curies":[{"name":"wp","href":"https:\/\/api.w.org\/{rel}","templated":true}]}}