{"id":4989,"date":"2020-08-28T11:35:17","date_gmt":"2020-08-28T11:35:17","guid":{"rendered":"http:\/\/www.eldigitaldeasturias.com\/radio\/?p=4989"},"modified":"2020-08-28T11:35:17","modified_gmt":"2020-08-28T11:35:17","slug":"ikea-lanza-su-nuevo-catalogo-online","status":"publish","type":"post","link":"https:\/\/eldigitaldeasturias.com\/radio\/ikea-lanza-su-nuevo-catalogo-online\/","title":{"rendered":"Ikea lanza su nuevo catalogo &#8216;online&#8217;"},"content":{"rendered":"<figure id=\"attachment_4990\" aria-describedby=\"caption-attachment-4990\" style=\"width: 283px\" class=\"wp-caption alignleft\"><img fetchpriority=\"high\" decoding=\"async\" class=\"size-medium wp-image-4990\" src=\"http:\/\/www.eldigitaldeasturias.com\/radio\/wp-content\/uploads\/2020\/08\/Ikea-283x300.jpg\" alt=\"\" width=\"283\" height=\"300\" srcset=\"https:\/\/eldigitaldeasturias.com\/radio\/wp-content\/uploads\/2020\/08\/Ikea-283x300.jpg 283w, https:\/\/eldigitaldeasturias.com\/radio\/wp-content\/uploads\/2020\/08\/Ikea.jpg 632w\" sizes=\"(max-width: 283px) 100vw, 283px\" \/><figcaption id=\"caption-attachment-4990\" class=\"wp-caption-text\">Cat\u00e1logo de 2021 de Ikea &#8211; IKEA<\/figcaption><\/figure>\n<p>(EUROPA PRESS) &#8211;\u00a0Ikea ha lanzado el martes su cat\u00e1logo, coincidiendo con el 70 aniversario de esta publicaci\u00f3n, <strong>pero lo hace en formato digital<\/strong>, ya que en el contexto de la pandemia del coronavirus ha decidido no distribuirlo este a\u00f1o en los hogares espa\u00f1oles por seguridad, seg\u00fan ha informado la multinacional sueca en un comunicado.<\/p>\n<p>En concreto, <strong>el cat\u00e1logo de Ikea 2021 est\u00e1 disponible en formato digital en una plataforma que cuenta con una nueva interfaz m\u00e1s f\u00e1cil de utilizar y con nuevas funcionalidades para compartir<\/strong>.<\/p>\n<p>De esta forma, el usuario podr\u00e1 pasar las p\u00e1ginas en un PDF como con el cat\u00e1logo impreso o verlo p\u00e1gina por p\u00e1gina. Adem\u00e1s, tambi\u00e9n permite comprar directamente con menos &#8216;clics&#8217; en el proceso, ofreciendo una conexi\u00f3n m\u00e1s r\u00e1pida y directa, pensada para potenciar el comercio electr\u00f3nico.<\/p>\n<p>\u00abEn estos meses nos hemos dado a\u00fan m\u00e1s cuenta de la importancia del hogar como parte esencial de nuestras vidas y en Ikea trabajamos para ayudar a que todas las personas puedan disfrutar de un verdadero hogar, y en esta labor el cat\u00e1logo tiene un papel fundamental. Para nosotros, es un elemento emblem\u00e1tico que queremos que siga inspirando a la gente. La realidad que estamos viviendo durante la pandemia nos hace adaptarnos a otros formatos que tambi\u00e9n son cada vez m\u00e1s demandados por los clientes\u00bb, ha explicado la directora de Desarrollo de Negocio y Transformaci\u00f3n de Ikea en Espa\u00f1a, Mosiri Cabezas.<\/p>\n<p>Sin embargo, a partir de la primera semana de septiembre, la versi\u00f3n impresa del nuevo cat\u00e1logo estar\u00e1 disponible en todas las tiendas de Ikea de la Pen\u00ednsula, donde se entregar\u00e1 a los clientes teniendo en cuenta todas las medidas de seguridad.<\/p>\n<p>Este a\u00f1o el cat\u00e1logo prestar\u00e1 especial atenci\u00f3n a hogares con un bajo poder adquisitivo y espacios reducidos. \u00abLa vida en el hogar nunca ha sido tan importante como lo es hoy en d\u00eda, sabemos que la mayor\u00eda de las personas viven en espacios peque\u00f1os y no siempre es una elecci\u00f3n o algo temporal. Nos queremos asegurar de que la mayor\u00eda de las soluciones sean adaptables y asequibles para personas que tienen poco presupuesto y pocos metros\u00bb, ha explicado Cabezas.<\/p>\n<h3>70 A\u00d1OS DEL CAT\u00c1LOGO DE IKEA<\/h3>\n<p>El lanzamiento del cat\u00e1logo de 2021 coincide adem\u00e1s con la celebraci\u00f3n del 70 aniversario de esta ic\u00f3nica publicaci\u00f3n. El primer cat\u00e1logo de Ikea naci\u00f3 en 1951, de la mano del fundador de la multinacional sueca, Ingvar Kamprad.<\/p>\n<p>\u00c4lmhult, la ciudad de origen de la firma, se encuentra en un \u00e1rea remota del sur de Suecia, lo que complicaba el acceso de clientes potenciales de las grandes ciudades. As\u00ed, esta publicaci\u00f3n supon\u00eda una herramienta imprescindible para poder llegar a un mayor n\u00famero de consumidores.<\/p>\n<p>Por otro lado, Ikea refuerza su apuesta por la sostenibilidad y realizar\u00e1 en septiembre en diferentes tiendas de la Pen\u00ednsula acciones especiales para que los clientes reciclen los cat\u00e1logos antiguos.<\/p>\n<p>De esta forma, en Valencia, Barakaldo, M\u00e1laga o Barcelona, lo har\u00e1n a trav\u00e9s del intercambio por la nueva edici\u00f3n, incluyendo en algunos casos sorpresas adicionales para quienes entreguen la versi\u00f3n anterior de esta publicaci\u00f3n.<\/p>\n<p>Mientras que en las tiendas de Madrid se convertir\u00e1 la segunda vida de esos cat\u00e1logos en contribuci\u00f3n social, ya que el equivalente en kilogramos de comida del peso recogido en cat\u00e1logos antiguos ser\u00e1 donado al Banco de Alimentos de esta comunidad.<\/p>\n<p>&nbsp;<\/p>\n","protected":false},"excerpt":{"rendered":"<p>(EUROPA PRESS) &#8211;\u00a0Ikea ha lanzado el martes su cat\u00e1logo, coincidiendo con el 70 aniversario de esta publicaci\u00f3n, pero lo hace en formato digital, ya que en el contexto de la pandemia del coronavirus ha decidido no distribuirlo este a\u00f1o en los hogares espa\u00f1oles por seguridad, seg\u00fan ha informado la multinacional sueca en un comunicado. En<\/p>\n","protected":false},"author":1,"featured_media":4990,"comment_status":"closed","ping_status":"closed","sticky":false,"template":"","format":"standard","meta":{"footnotes":""},"categories":[35],"tags":[],"class_list":{"0":"post-4989","1":"post","2":"type-post","3":"status-publish","4":"format-standard","5":"has-post-thumbnail","7":"category-negocios"},"aioseo_notices":[],"aioseo_head":"\n\t\t<!-- All in One SEO Pro 4.9.6.2 - aioseo.com -->\n\t<meta name=\"description\" content=\"(EUROPA PRESS) - Ikea ha lanzado el martes su cat\u00e1logo, coincidiendo con el 70 aniversario de esta publicaci\u00f3n, pero lo hace en formato digital, ya que en el contexto de la pandemia del coronavirus ha decidido no distribuirlo este a\u00f1o en los hogares espa\u00f1oles por seguridad, seg\u00fan ha informado la multinacional sueca en un comunicado. En\" \/>\n\t<meta name=\"robots\" content=\"max-image-preview:large\" \/>\n\t<meta name=\"author\" content=\"NBAsturias\"\/>\n\t<meta name=\"google-site-verification\" content=\"UA-38556648-1\" \/>\n\t<meta name=\"keywords\" content=\"negocios\" \/>\n\t<link rel=\"canonical\" href=\"https:\/\/eldigitaldeasturias.com\/radio\/ikea-lanza-su-nuevo-catalogo-online\/\" \/>\n\t<meta name=\"generator\" content=\"All in One SEO Pro (AIOSEO) 4.9.6.2\" \/>\n\t\t<meta property=\"og:locale\" content=\"es_ES\" \/>\n\t\t<meta property=\"og:site_name\" content=\"El Digital de Asturias | Diario de informaci\u00f3n y noticias\" \/>\n\t\t<meta property=\"og:type\" content=\"article\" \/>\n\t\t<meta property=\"og:title\" content=\"Ikea lanza su nuevo catalogo \u2018online\u2019 | El Digital de Asturias\" \/>\n\t\t<meta property=\"og:description\" content=\"(EUROPA PRESS) - Ikea ha lanzado el martes su cat\u00e1logo, coincidiendo con el 70 aniversario de esta publicaci\u00f3n, pero lo hace en formato digital, ya que en el contexto de la pandemia del coronavirus ha decidido no distribuirlo este a\u00f1o en los hogares espa\u00f1oles por seguridad, seg\u00fan ha informado la multinacional sueca en un comunicado. En\" \/>\n\t\t<meta property=\"og:url\" content=\"https:\/\/eldigitaldeasturias.com\/radio\/ikea-lanza-su-nuevo-catalogo-online\/\" \/>\n\t\t<meta property=\"og:image\" content=\"https:\/\/eldigitaldeasturias.com\/radio\/wp-content\/uploads\/2020\/08\/Ikea.jpg\" \/>\n\t\t<meta property=\"og:image:secure_url\" content=\"https:\/\/eldigitaldeasturias.com\/radio\/wp-content\/uploads\/2020\/08\/Ikea.jpg\" \/>\n\t\t<meta property=\"og:image:width\" content=\"632\" \/>\n\t\t<meta property=\"og:image:height\" content=\"671\" \/>\n\t\t<meta property=\"article:published_time\" content=\"2020-08-28T11:35:17+00:00\" \/>\n\t\t<meta property=\"article:modified_time\" content=\"2020-08-28T11:35:17+00:00\" \/>\n\t\t<meta name=\"twitter:card\" content=\"summary_large_image\" \/>\n\t\t<meta name=\"twitter:site\" content=\"@bercodi\" \/>\n\t\t<meta name=\"twitter:title\" content=\"Ikea lanza su nuevo catalogo \u2018online\u2019 | El Digital de Asturias\" \/>\n\t\t<meta name=\"twitter:description\" content=\"(EUROPA PRESS) - Ikea ha lanzado el martes su cat\u00e1logo, coincidiendo con el 70 aniversario de esta publicaci\u00f3n, pero lo hace en formato digital, ya que en el contexto de la pandemia del coronavirus ha decidido no distribuirlo este a\u00f1o en los hogares espa\u00f1oles por seguridad, seg\u00fan ha informado la multinacional sueca en un comunicado. En\" \/>\n\t\t<meta name=\"twitter:creator\" content=\"@bercodi\" \/>\n\t\t<meta name=\"twitter:image\" content=\"https:\/\/eldigitaldeasturias.com\/radio\/wp-content\/uploads\/2020\/08\/Ikea.jpg\" \/>\n\t\t<script type=\"application\/ld+json\" class=\"aioseo-schema\">\n\t\t\t{\"@context\":\"https:\\\/\\\/schema.org\",\"@graph\":[{\"@type\":\"BreadcrumbList\",\"@id\":\"https:\\\/\\\/eldigitaldeasturias.com\\\/radio\\\/ikea-lanza-su-nuevo-catalogo-online\\\/#breadcrumblist\",\"itemListElement\":[{\"@type\":\"ListItem\",\"@id\":\"https:\\\/\\\/eldigitaldeasturias.com\\\/radio#listItem\",\"position\":1,\"name\":\"Inicio\",\"item\":\"https:\\\/\\\/eldigitaldeasturias.com\\\/radio\",\"nextItem\":{\"@type\":\"ListItem\",\"@id\":\"https:\\\/\\\/eldigitaldeasturias.com\\\/radio\\\/category\\\/negocios\\\/#listItem\",\"name\":\"Negocios\"}},{\"@type\":\"ListItem\",\"@id\":\"https:\\\/\\\/eldigitaldeasturias.com\\\/radio\\\/category\\\/negocios\\\/#listItem\",\"position\":2,\"name\":\"Negocios\",\"item\":\"https:\\\/\\\/eldigitaldeasturias.com\\\/radio\\\/category\\\/negocios\\\/\",\"nextItem\":{\"@type\":\"ListItem\",\"@id\":\"https:\\\/\\\/eldigitaldeasturias.com\\\/radio\\\/ikea-lanza-su-nuevo-catalogo-online\\\/#listItem\",\"name\":\"Ikea lanza su nuevo catalogo &#8216;online&#8217;\"},\"previousItem\":{\"@type\":\"ListItem\",\"@id\":\"https:\\\/\\\/eldigitaldeasturias.com\\\/radio#listItem\",\"name\":\"Inicio\"}},{\"@type\":\"ListItem\",\"@id\":\"https:\\\/\\\/eldigitaldeasturias.com\\\/radio\\\/ikea-lanza-su-nuevo-catalogo-online\\\/#listItem\",\"position\":3,\"name\":\"Ikea lanza su nuevo catalogo &#8216;online&#8217;\",\"previousItem\":{\"@type\":\"ListItem\",\"@id\":\"https:\\\/\\\/eldigitaldeasturias.com\\\/radio\\\/category\\\/negocios\\\/#listItem\",\"name\":\"Negocios\"}}]},{\"@type\":\"NewsArticle\",\"@id\":\"https:\\\/\\\/eldigitaldeasturias.com\\\/radio\\\/ikea-lanza-su-nuevo-catalogo-online\\\/#newsarticle\",\"name\":\"Ikea lanza su nuevo catalogo \\u2018online\\u2019 | El Digital de Asturias\",\"headline\":\"Ikea lanza su nuevo catalogo &#8216;online&#8217;\",\"author\":{\"@id\":\"https:\\\/\\\/eldigitaldeasturias.com\\\/radio\\\/author\\\/nbasturias\\\/#author\"},\"publisher\":{\"@id\":\"https:\\\/\\\/eldigitaldeasturias.com\\\/radio\\\/#organization\"},\"image\":{\"@type\":\"ImageObject\",\"url\":\"https:\\\/\\\/eldigitaldeasturias.com\\\/radio\\\/wp-content\\\/uploads\\\/2020\\\/08\\\/Ikea.jpg\",\"width\":632,\"height\":671,\"caption\":\"Cat\\u00e1logo de 2021 de Ikea - IKEA\"},\"datePublished\":\"2020-08-28T11:35:17+02:00\",\"dateModified\":\"2020-08-28T11:35:17+02:00\",\"inLanguage\":\"es-ES\",\"mainEntityOfPage\":{\"@id\":\"https:\\\/\\\/eldigitaldeasturias.com\\\/radio\\\/ikea-lanza-su-nuevo-catalogo-online\\\/#webpage\"},\"isPartOf\":{\"@id\":\"https:\\\/\\\/eldigitaldeasturias.com\\\/radio\\\/ikea-lanza-su-nuevo-catalogo-online\\\/#webpage\"},\"articleSection\":\"Negocios\",\"dateline\":\"Publicado el agosto 28, 2020.\"},{\"@type\":\"Organization\",\"@id\":\"https:\\\/\\\/eldigitaldeasturias.com\\\/radio\\\/#organization\",\"name\":\"El digital de Asturias Radio\",\"description\":\"Diario de informaci\\u00f3n y noticias\",\"url\":\"https:\\\/\\\/eldigitaldeasturias.com\\\/radio\\\/\",\"telephone\":\"+34652131393\",\"logo\":{\"@type\":\"ImageObject\",\"url\":\"https:\\\/\\\/www.eldigitaldeasturias.com\\\/radio\\\/wp-content\\\/uploads\\\/2021\\\/03\\\/EDA.jpg\",\"@id\":\"https:\\\/\\\/eldigitaldeasturias.com\\\/radio\\\/ikea-lanza-su-nuevo-catalogo-online\\\/#organizationLogo\"},\"image\":{\"@id\":\"https:\\\/\\\/eldigitaldeasturias.com\\\/radio\\\/ikea-lanza-su-nuevo-catalogo-online\\\/#organizationLogo\"},\"sameAs\":[\"https:\\\/\\\/www.facebook.com\\\/\",\"https:\\\/\\\/x.com\\\/bercodi\",\"https:\\\/\\\/www.instagram.com\\\/\",\"https:\\\/\\\/www.youtube.com\\\/channel\\\/UCZP-2wLEB9Rv6erhFmqVnvg\"]},{\"@type\":\"Person\",\"@id\":\"https:\\\/\\\/eldigitaldeasturias.com\\\/radio\\\/author\\\/nbasturias\\\/#author\",\"url\":\"https:\\\/\\\/eldigitaldeasturias.com\\\/radio\\\/author\\\/nbasturias\\\/\",\"name\":\"NBAsturias\",\"image\":{\"@type\":\"ImageObject\",\"@id\":\"https:\\\/\\\/eldigitaldeasturias.com\\\/radio\\\/ikea-lanza-su-nuevo-catalogo-online\\\/#authorImage\",\"url\":\"https:\\\/\\\/secure.gravatar.com\\\/avatar\\\/df2aeffc32bcd13f8d26072ef8a91b623d677766deac7f97ca815868cd41bf5e?s=96&d=mm&r=g\",\"width\":96,\"height\":96,\"caption\":\"NBAsturias\"}},{\"@type\":\"WebPage\",\"@id\":\"https:\\\/\\\/eldigitaldeasturias.com\\\/radio\\\/ikea-lanza-su-nuevo-catalogo-online\\\/#webpage\",\"url\":\"https:\\\/\\\/eldigitaldeasturias.com\\\/radio\\\/ikea-lanza-su-nuevo-catalogo-online\\\/\",\"name\":\"Ikea lanza su nuevo catalogo \\u2018online\\u2019 | El Digital de Asturias\",\"description\":\"(EUROPA PRESS) - Ikea ha lanzado el martes su cat\\u00e1logo, coincidiendo con el 70 aniversario de esta publicaci\\u00f3n, pero lo hace en formato digital, ya que en el contexto de la pandemia del coronavirus ha decidido no distribuirlo este a\\u00f1o en los hogares espa\\u00f1oles por seguridad, seg\\u00fan ha informado la multinacional sueca en un comunicado. En\",\"inLanguage\":\"es-ES\",\"isPartOf\":{\"@id\":\"https:\\\/\\\/eldigitaldeasturias.com\\\/radio\\\/#website\"},\"breadcrumb\":{\"@id\":\"https:\\\/\\\/eldigitaldeasturias.com\\\/radio\\\/ikea-lanza-su-nuevo-catalogo-online\\\/#breadcrumblist\"},\"author\":{\"@id\":\"https:\\\/\\\/eldigitaldeasturias.com\\\/radio\\\/author\\\/nbasturias\\\/#author\"},\"creator\":{\"@id\":\"https:\\\/\\\/eldigitaldeasturias.com\\\/radio\\\/author\\\/nbasturias\\\/#author\"},\"image\":{\"@type\":\"ImageObject\",\"url\":\"https:\\\/\\\/eldigitaldeasturias.com\\\/radio\\\/wp-content\\\/uploads\\\/2020\\\/08\\\/Ikea.jpg\",\"@id\":\"https:\\\/\\\/eldigitaldeasturias.com\\\/radio\\\/ikea-lanza-su-nuevo-catalogo-online\\\/#mainImage\",\"width\":632,\"height\":671,\"caption\":\"Cat\\u00e1logo de 2021 de Ikea - IKEA\"},\"primaryImageOfPage\":{\"@id\":\"https:\\\/\\\/eldigitaldeasturias.com\\\/radio\\\/ikea-lanza-su-nuevo-catalogo-online\\\/#mainImage\"},\"datePublished\":\"2020-08-28T11:35:17+02:00\",\"dateModified\":\"2020-08-28T11:35:17+02:00\"},{\"@type\":\"WebSite\",\"@id\":\"https:\\\/\\\/eldigitaldeasturias.com\\\/radio\\\/#website\",\"url\":\"https:\\\/\\\/eldigitaldeasturias.com\\\/radio\\\/\",\"name\":\"El Digital de Asturias\",\"description\":\"Diario de informaci\\u00f3n y noticias\",\"inLanguage\":\"es-ES\",\"publisher\":{\"@id\":\"https:\\\/\\\/eldigitaldeasturias.com\\\/radio\\\/#organization\"}}]}\n\t\t<\/script>\n\t\t<!-- All in One SEO Pro -->\r\n\t\t<title>Ikea lanza su nuevo catalogo \u2018online\u2019 | El Digital de Asturias<\/title>\n\n","aioseo_head_json":{"title":"Ikea lanza su nuevo catalogo \u2018online\u2019 | El Digital de Asturias","description":"(EUROPA PRESS) - Ikea ha lanzado el martes su cat\u00e1logo, coincidiendo con el 70 aniversario de esta publicaci\u00f3n, pero lo hace en formato digital, ya que en el contexto de la pandemia del coronavirus ha decidido no distribuirlo este a\u00f1o en los hogares espa\u00f1oles por seguridad, seg\u00fan ha informado la multinacional sueca en un comunicado. En","canonical_url":"https:\/\/eldigitaldeasturias.com\/radio\/ikea-lanza-su-nuevo-catalogo-online\/","robots":"max-image-preview:large","keywords":"negocios","webmasterTools":{"google-site-verification":"UA-38556648-1","miscellaneous":""},"schema":{"@context":"https:\/\/schema.org","@graph":[{"@type":"BreadcrumbList","@id":"https:\/\/eldigitaldeasturias.com\/radio\/ikea-lanza-su-nuevo-catalogo-online\/#breadcrumblist","itemListElement":[{"@type":"ListItem","@id":"https:\/\/eldigitaldeasturias.com\/radio#listItem","position":1,"name":"Inicio","item":"https:\/\/eldigitaldeasturias.com\/radio","nextItem":{"@type":"ListItem","@id":"https:\/\/eldigitaldeasturias.com\/radio\/category\/negocios\/#listItem","name":"Negocios"}},{"@type":"ListItem","@id":"https:\/\/eldigitaldeasturias.com\/radio\/category\/negocios\/#listItem","position":2,"name":"Negocios","item":"https:\/\/eldigitaldeasturias.com\/radio\/category\/negocios\/","nextItem":{"@type":"ListItem","@id":"https:\/\/eldigitaldeasturias.com\/radio\/ikea-lanza-su-nuevo-catalogo-online\/#listItem","name":"Ikea lanza su nuevo catalogo &#8216;online&#8217;"},"previousItem":{"@type":"ListItem","@id":"https:\/\/eldigitaldeasturias.com\/radio#listItem","name":"Inicio"}},{"@type":"ListItem","@id":"https:\/\/eldigitaldeasturias.com\/radio\/ikea-lanza-su-nuevo-catalogo-online\/#listItem","position":3,"name":"Ikea lanza su nuevo catalogo &#8216;online&#8217;","previousItem":{"@type":"ListItem","@id":"https:\/\/eldigitaldeasturias.com\/radio\/category\/negocios\/#listItem","name":"Negocios"}}]},{"@type":"NewsArticle","@id":"https:\/\/eldigitaldeasturias.com\/radio\/ikea-lanza-su-nuevo-catalogo-online\/#newsarticle","name":"Ikea lanza su nuevo catalogo \u2018online\u2019 | El Digital de Asturias","headline":"Ikea lanza su nuevo catalogo &#8216;online&#8217;","author":{"@id":"https:\/\/eldigitaldeasturias.com\/radio\/author\/nbasturias\/#author"},"publisher":{"@id":"https:\/\/eldigitaldeasturias.com\/radio\/#organization"},"image":{"@type":"ImageObject","url":"https:\/\/eldigitaldeasturias.com\/radio\/wp-content\/uploads\/2020\/08\/Ikea.jpg","width":632,"height":671,"caption":"Cat\u00e1logo de 2021 de Ikea - IKEA"},"datePublished":"2020-08-28T11:35:17+02:00","dateModified":"2020-08-28T11:35:17+02:00","inLanguage":"es-ES","mainEntityOfPage":{"@id":"https:\/\/eldigitaldeasturias.com\/radio\/ikea-lanza-su-nuevo-catalogo-online\/#webpage"},"isPartOf":{"@id":"https:\/\/eldigitaldeasturias.com\/radio\/ikea-lanza-su-nuevo-catalogo-online\/#webpage"},"articleSection":"Negocios","dateline":"Publicado el agosto 28, 2020."},{"@type":"Organization","@id":"https:\/\/eldigitaldeasturias.com\/radio\/#organization","name":"El digital de Asturias Radio","description":"Diario de informaci\u00f3n y noticias","url":"https:\/\/eldigitaldeasturias.com\/radio\/","telephone":"+34652131393","logo":{"@type":"ImageObject","url":"https:\/\/www.eldigitaldeasturias.com\/radio\/wp-content\/uploads\/2021\/03\/EDA.jpg","@id":"https:\/\/eldigitaldeasturias.com\/radio\/ikea-lanza-su-nuevo-catalogo-online\/#organizationLogo"},"image":{"@id":"https:\/\/eldigitaldeasturias.com\/radio\/ikea-lanza-su-nuevo-catalogo-online\/#organizationLogo"},"sameAs":["https:\/\/www.facebook.com\/","https:\/\/x.com\/bercodi","https:\/\/www.instagram.com\/","https:\/\/www.youtube.com\/channel\/UCZP-2wLEB9Rv6erhFmqVnvg"]},{"@type":"Person","@id":"https:\/\/eldigitaldeasturias.com\/radio\/author\/nbasturias\/#author","url":"https:\/\/eldigitaldeasturias.com\/radio\/author\/nbasturias\/","name":"NBAsturias","image":{"@type":"ImageObject","@id":"https:\/\/eldigitaldeasturias.com\/radio\/ikea-lanza-su-nuevo-catalogo-online\/#authorImage","url":"https:\/\/secure.gravatar.com\/avatar\/df2aeffc32bcd13f8d26072ef8a91b623d677766deac7f97ca815868cd41bf5e?s=96&d=mm&r=g","width":96,"height":96,"caption":"NBAsturias"}},{"@type":"WebPage","@id":"https:\/\/eldigitaldeasturias.com\/radio\/ikea-lanza-su-nuevo-catalogo-online\/#webpage","url":"https:\/\/eldigitaldeasturias.com\/radio\/ikea-lanza-su-nuevo-catalogo-online\/","name":"Ikea lanza su nuevo catalogo \u2018online\u2019 | El Digital de Asturias","description":"(EUROPA PRESS) - Ikea ha lanzado el martes su cat\u00e1logo, coincidiendo con el 70 aniversario de esta publicaci\u00f3n, pero lo hace en formato digital, ya que en el contexto de la pandemia del coronavirus ha decidido no distribuirlo este a\u00f1o en los hogares espa\u00f1oles por seguridad, seg\u00fan ha informado la multinacional sueca en un comunicado. En","inLanguage":"es-ES","isPartOf":{"@id":"https:\/\/eldigitaldeasturias.com\/radio\/#website"},"breadcrumb":{"@id":"https:\/\/eldigitaldeasturias.com\/radio\/ikea-lanza-su-nuevo-catalogo-online\/#breadcrumblist"},"author":{"@id":"https:\/\/eldigitaldeasturias.com\/radio\/author\/nbasturias\/#author"},"creator":{"@id":"https:\/\/eldigitaldeasturias.com\/radio\/author\/nbasturias\/#author"},"image":{"@type":"ImageObject","url":"https:\/\/eldigitaldeasturias.com\/radio\/wp-content\/uploads\/2020\/08\/Ikea.jpg","@id":"https:\/\/eldigitaldeasturias.com\/radio\/ikea-lanza-su-nuevo-catalogo-online\/#mainImage","width":632,"height":671,"caption":"Cat\u00e1logo de 2021 de Ikea - IKEA"},"primaryImageOfPage":{"@id":"https:\/\/eldigitaldeasturias.com\/radio\/ikea-lanza-su-nuevo-catalogo-online\/#mainImage"},"datePublished":"2020-08-28T11:35:17+02:00","dateModified":"2020-08-28T11:35:17+02:00"},{"@type":"WebSite","@id":"https:\/\/eldigitaldeasturias.com\/radio\/#website","url":"https:\/\/eldigitaldeasturias.com\/radio\/","name":"El Digital de Asturias","description":"Diario de informaci\u00f3n y noticias","inLanguage":"es-ES","publisher":{"@id":"https:\/\/eldigitaldeasturias.com\/radio\/#organization"}}]},"og:locale":"es_ES","og:site_name":"El Digital de Asturias | Diario de informaci\u00f3n y noticias","og:type":"article","og:title":"Ikea lanza su nuevo catalogo \u2018online\u2019 | El Digital de Asturias","og:description":"(EUROPA PRESS) - Ikea ha lanzado el martes su cat\u00e1logo, coincidiendo con el 70 aniversario de esta publicaci\u00f3n, pero lo hace en formato digital, ya que en el contexto de la pandemia del coronavirus ha decidido no distribuirlo este a\u00f1o en los hogares espa\u00f1oles por seguridad, seg\u00fan ha informado la multinacional sueca en un comunicado. En","og:url":"https:\/\/eldigitaldeasturias.com\/radio\/ikea-lanza-su-nuevo-catalogo-online\/","og:image":"https:\/\/eldigitaldeasturias.com\/radio\/wp-content\/uploads\/2020\/08\/Ikea.jpg","og:image:secure_url":"https:\/\/eldigitaldeasturias.com\/radio\/wp-content\/uploads\/2020\/08\/Ikea.jpg","og:image:width":632,"og:image:height":671,"article:published_time":"2020-08-28T11:35:17+00:00","article:modified_time":"2020-08-28T11:35:17+00:00","twitter:card":"summary_large_image","twitter:site":"@bercodi","twitter:title":"Ikea lanza su nuevo catalogo \u2018online\u2019 | El Digital de Asturias","twitter:description":"(EUROPA PRESS) - Ikea ha lanzado el martes su cat\u00e1logo, coincidiendo con el 70 aniversario de esta publicaci\u00f3n, pero lo hace en formato digital, ya que en el contexto de la pandemia del coronavirus ha decidido no distribuirlo este a\u00f1o en los hogares espa\u00f1oles por seguridad, seg\u00fan ha informado la multinacional sueca en un comunicado. En","twitter:creator":"@bercodi","twitter:image":"https:\/\/eldigitaldeasturias.com\/radio\/wp-content\/uploads\/2020\/08\/Ikea.jpg"},"aioseo_meta_data":{"post_id":"4989","title":null,"description":"","keywords":"","keyphrases":null,"primary_term":null,"canonical_url":"","og_title":null,"og_description":null,"og_object_type":"default","og_image_type":"default","og_image_url":null,"og_image_width":null,"og_image_height":null,"og_image_custom_url":null,"og_image_custom_fields":null,"og_video":null,"og_custom_url":null,"og_article_section":null,"og_article_tags":null,"twitter_use_og":false,"twitter_card":"default","twitter_image_type":"default","twitter_image_url":null,"twitter_image_custom_url":null,"twitter_image_custom_fields":null,"twitter_title":null,"twitter_description":null,"schema":{"blockGraphs":[],"customGraphs":[],"default":{"data":{"Article":[],"Course":[],"Dataset":[],"FAQPage":[],"Movie":[],"Person":[],"Product":[],"ProductReview":[],"Car":[],"Recipe":[],"Service":[],"SoftwareApplication":[],"WebPage":[]},"graphName":"","isEnabled":true},"graphs":[],"defaultGraph":"","defaultPostTypeGraph":""},"schema_type":null,"schema_type_options":null,"pillar_content":false,"robots_default":true,"robots_noindex":false,"robots_noarchive":false,"robots_nosnippet":false,"robots_nofollow":false,"robots_noimageindex":false,"robots_noodp":false,"robots_notranslate":false,"robots_max_snippet":null,"robots_max_videopreview":null,"robots_max_imagepreview":"large","priority":null,"frequency":null,"location":null,"local_seo":null,"seo_analyzer_scan_date":"2025-08-28 17:05:47","breadcrumb_settings":null,"limit_modified_date":false,"open_ai":null,"ai":null,"created":"2021-03-26 10:59:21","updated":"2025-08-28 17:05:47"},"aioseo_breadcrumb":"<div class=\"aioseo-breadcrumbs\"><span class=\"aioseo-breadcrumb\">\n\t<a href=\"https:\/\/eldigitaldeasturias.com\/radio\" title=\"Inicio\">Inicio<\/a>\n<\/span><span class=\"aioseo-breadcrumb-separator\">&ndash;<\/span><span class=\"aioseo-breadcrumb\">\n\t<a href=\"https:\/\/eldigitaldeasturias.com\/radio\/category\/negocios\/\" title=\"Negocios\">Negocios<\/a>\n<\/span><span class=\"aioseo-breadcrumb-separator\">&ndash;<\/span><span class=\"aioseo-breadcrumb\">\n\tIkea lanza su nuevo catalogo \u2018online\u2019\n<\/span><\/div>","aioseo_breadcrumb_json":[{"label":"Inicio","link":"https:\/\/eldigitaldeasturias.com\/radio"},{"label":"Negocios","link":"https:\/\/eldigitaldeasturias.com\/radio\/category\/negocios\/"},{"label":"Ikea lanza su nuevo catalogo &#8216;online&#8217;","link":"https:\/\/eldigitaldeasturias.com\/radio\/ikea-lanza-su-nuevo-catalogo-online\/"}],"_links":{"self":[{"href":"https:\/\/eldigitaldeasturias.com\/radio\/wp-json\/wp\/v2\/posts\/4989","targetHints":{"allow":["GET"]}}],"collection":[{"href":"https:\/\/eldigitaldeasturias.com\/radio\/wp-json\/wp\/v2\/posts"}],"about":[{"href":"https:\/\/eldigitaldeasturias.com\/radio\/wp-json\/wp\/v2\/types\/post"}],"author":[{"embeddable":true,"href":"https:\/\/eldigitaldeasturias.com\/radio\/wp-json\/wp\/v2\/users\/1"}],"replies":[{"embeddable":true,"href":"https:\/\/eldigitaldeasturias.com\/radio\/wp-json\/wp\/v2\/comments?post=4989"}],"version-history":[{"count":0,"href":"https:\/\/eldigitaldeasturias.com\/radio\/wp-json\/wp\/v2\/posts\/4989\/revisions"}],"wp:featuredmedia":[{"embeddable":true,"href":"https:\/\/eldigitaldeasturias.com\/radio\/wp-json\/wp\/v2\/media\/4990"}],"wp:attachment":[{"href":"https:\/\/eldigitaldeasturias.com\/radio\/wp-json\/wp\/v2\/media?parent=4989"}],"wp:term":[{"taxonomy":"category","embeddable":true,"href":"https:\/\/eldigitaldeasturias.com\/radio\/wp-json\/wp\/v2\/categories?post=4989"},{"taxonomy":"post_tag","embeddable":true,"href":"https:\/\/eldigitaldeasturias.com\/radio\/wp-json\/wp\/v2\/tags?post=4989"}],"curies":[{"name":"wp","href":"https:\/\/api.w.org\/{rel}","templated":true}]}}