{"id":4984,"date":"2020-08-27T12:49:49","date_gmt":"2020-08-27T12:49:49","guid":{"rendered":"http:\/\/www.eldigitaldeasturias.com\/radio\/?p=4984"},"modified":"2020-08-27T12:49:49","modified_gmt":"2020-08-27T12:49:49","slug":"adif-amplia-el-plazo-de-recepcion-de-ofertas-para-contratar-el-mantenimiento-de-sus-vias-hasta-2022","status":"publish","type":"post","link":"https:\/\/eldigitaldeasturias.com\/radio\/adif-amplia-el-plazo-de-recepcion-de-ofertas-para-contratar-el-mantenimiento-de-sus-vias-hasta-2022\/","title":{"rendered":"Adif ampl\u00eda el plazo de recepci\u00f3n de ofertas para contratar el mantenimiento de sus v\u00edas hasta 2022"},"content":{"rendered":"<p><img fetchpriority=\"high\" decoding=\"async\" class=\"alignleft size-medium wp-image-4972\" src=\"http:\/\/www.eldigitaldeasturias.com\/radio\/wp-content\/uploads\/2020\/08\/Noticias-Urgentes-360x225.jpg\" alt=\"\" width=\"360\" height=\"225\" srcset=\"https:\/\/eldigitaldeasturias.com\/radio\/wp-content\/uploads\/2020\/08\/Noticias-Urgentes-360x225.jpg 360w, https:\/\/eldigitaldeasturias.com\/radio\/wp-content\/uploads\/2020\/08\/Noticias-Urgentes.jpg 640w\" sizes=\"(max-width: 360px) 100vw, 360px\" \/>(EUROPA PRESS) &#8211;\u00a0Adif ha ampliado hasta el 28 de septiembre a las 13.30 horas el plazo de recepci\u00f3n de ofertas en el marco del procedimiento de contrataci\u00f3n para el mantenimiento de su infraestructura y de sus v\u00edas para l\u00edneas convencionales y de ancho m\u00e9trico en el periodo 2020-2022.<\/p>\n<p>Este contrato, dividido en seis lotes, tiene un valor estimado de 537,2 millones de euros.<\/p>\n<p>El plazo m\u00e1ximo para presentar ofertas por este contrato se fij\u00f3 inicialmente hasta el 14 de septiembre, pero Adif ha decidido ampliarlo ahora hasta el 28 de septiembre, seg\u00fan consta en el Bolet\u00edn Oficial del Estado (BOE) de este martes.<\/p>\n<p>Con este cambio de fechas, el d\u00eda fijado para la apertura de las ofertas presentadas tambi\u00e9n se ha modificado: pasa del 30 de septiembre al 15 de octubre.<\/p>\n<p>Adif anunci\u00f3 la licitaci\u00f3n del procedimiento de contrataci\u00f3n para el mantenimiento de sus v\u00edas en el BOE del pasado 18 de agosto. Dividido en seis lotes, el coste estimado para esta adjudicaci\u00f3n supera los 537 millones de euros.<\/p>\n<p>Recientemente, la compa\u00f1\u00eda tambi\u00e9n anunci\u00f3 la licitaci\u00f3n del contrato de servicios para el mantenimiento de los t\u00faneles de la Red Ferroviaria de Inter\u00e9s General (RFIG), que incluye la red convencional, la de alta velocidad y ancho m\u00e9trico, por un importe de 4,84 millones de euros (IVA incluido) y un plazo de 24 meses.<\/p>\n<p>Este \u00faltimo contrato consta de dos lotes, correspondientes, por un lado, a las \u00e1reas territoriales Noroeste y Norte, as\u00ed como los ejes de alta velocidad Norte y Este, y, por otro, a las zonas Noreste, Este, Centro y Sur, as\u00ed como los ejes de alta velocidad Noreste y Sur.<\/p>\n","protected":false},"excerpt":{"rendered":"<p>(EUROPA PRESS) &#8211;\u00a0Adif ha ampliado hasta el 28 de septiembre a las 13.30 horas el plazo de recepci\u00f3n de ofertas en el marco del procedimiento de contrataci\u00f3n para el mantenimiento de su infraestructura y de sus v\u00edas para l\u00edneas convencionales y de ancho m\u00e9trico en el periodo 2020-2022. Este contrato, dividido en seis lotes, tiene<\/p>\n","protected":false},"author":1,"featured_media":4972,"comment_status":"closed","ping_status":"closed","sticky":false,"template":"","format":"standard","meta":{"footnotes":""},"categories":[35],"tags":[],"class_list":{"0":"post-4984","1":"post","2":"type-post","3":"status-publish","4":"format-standard","5":"has-post-thumbnail","7":"category-negocios"},"aioseo_notices":[],"aioseo_head":"\n\t\t<!-- All in One SEO Pro 4.9.6.2 - aioseo.com -->\n\t<meta name=\"description\" content=\"(EUROPA PRESS) - Adif ha ampliado hasta el 28 de septiembre a las 13.30 horas el plazo de recepci\u00f3n de ofertas en el marco del procedimiento de contrataci\u00f3n para el mantenimiento de su infraestructura y de sus v\u00edas para l\u00edneas convencionales y de ancho m\u00e9trico en el periodo 2020-2022. Este contrato, dividido en seis lotes, tiene\" \/>\n\t<meta name=\"robots\" content=\"max-image-preview:large\" \/>\n\t<meta name=\"author\" content=\"NBAsturias\"\/>\n\t<meta name=\"google-site-verification\" content=\"UA-38556648-1\" \/>\n\t<meta name=\"keywords\" content=\"negocios\" \/>\n\t<link rel=\"canonical\" href=\"https:\/\/eldigitaldeasturias.com\/radio\/adif-amplia-el-plazo-de-recepcion-de-ofertas-para-contratar-el-mantenimiento-de-sus-vias-hasta-2022\/\" \/>\n\t<meta name=\"generator\" content=\"All in One SEO Pro (AIOSEO) 4.9.6.2\" \/>\n\t\t<meta property=\"og:locale\" content=\"es_ES\" \/>\n\t\t<meta property=\"og:site_name\" content=\"El Digital de Asturias | Diario de informaci\u00f3n y noticias\" \/>\n\t\t<meta property=\"og:type\" content=\"article\" \/>\n\t\t<meta property=\"og:title\" content=\"Adif ampl\u00eda el plazo de recepci\u00f3n de ofertas para contratar el mantenimiento de sus v\u00edas hasta 2022 | El Digital de Asturias\" \/>\n\t\t<meta property=\"og:description\" content=\"(EUROPA PRESS) - Adif ha ampliado hasta el 28 de septiembre a las 13.30 horas el plazo de recepci\u00f3n de ofertas en el marco del procedimiento de contrataci\u00f3n para el mantenimiento de su infraestructura y de sus v\u00edas para l\u00edneas convencionales y de ancho m\u00e9trico en el periodo 2020-2022. Este contrato, dividido en seis lotes, tiene\" \/>\n\t\t<meta property=\"og:url\" content=\"https:\/\/eldigitaldeasturias.com\/radio\/adif-amplia-el-plazo-de-recepcion-de-ofertas-para-contratar-el-mantenimiento-de-sus-vias-hasta-2022\/\" \/>\n\t\t<meta property=\"og:image\" content=\"https:\/\/eldigitaldeasturias.com\/radio\/wp-content\/uploads\/2020\/08\/Noticias-Urgentes.jpg\" \/>\n\t\t<meta property=\"og:image:secure_url\" content=\"https:\/\/eldigitaldeasturias.com\/radio\/wp-content\/uploads\/2020\/08\/Noticias-Urgentes.jpg\" \/>\n\t\t<meta property=\"og:image:width\" content=\"640\" \/>\n\t\t<meta property=\"og:image:height\" content=\"400\" \/>\n\t\t<meta property=\"article:published_time\" content=\"2020-08-27T12:49:49+00:00\" \/>\n\t\t<meta property=\"article:modified_time\" content=\"2020-08-27T12:49:49+00:00\" \/>\n\t\t<meta name=\"twitter:card\" content=\"summary_large_image\" \/>\n\t\t<meta name=\"twitter:site\" content=\"@bercodi\" \/>\n\t\t<meta name=\"twitter:title\" content=\"Adif ampl\u00eda el plazo de recepci\u00f3n de ofertas para contratar el mantenimiento de sus v\u00edas hasta 2022 | El Digital de Asturias\" \/>\n\t\t<meta name=\"twitter:description\" content=\"(EUROPA PRESS) - Adif ha ampliado hasta el 28 de septiembre a las 13.30 horas el plazo de recepci\u00f3n de ofertas en el marco del procedimiento de contrataci\u00f3n para el mantenimiento de su infraestructura y de sus v\u00edas para l\u00edneas convencionales y de ancho m\u00e9trico en el periodo 2020-2022. Este contrato, dividido en seis lotes, tiene\" \/>\n\t\t<meta name=\"twitter:creator\" content=\"@bercodi\" \/>\n\t\t<meta name=\"twitter:image\" content=\"https:\/\/eldigitaldeasturias.com\/radio\/wp-content\/uploads\/2020\/08\/Noticias-Urgentes.jpg\" \/>\n\t\t<script type=\"application\/ld+json\" class=\"aioseo-schema\">\n\t\t\t{\"@context\":\"https:\\\/\\\/schema.org\",\"@graph\":[{\"@type\":\"BreadcrumbList\",\"@id\":\"https:\\\/\\\/eldigitaldeasturias.com\\\/radio\\\/adif-amplia-el-plazo-de-recepcion-de-ofertas-para-contratar-el-mantenimiento-de-sus-vias-hasta-2022\\\/#breadcrumblist\",\"itemListElement\":[{\"@type\":\"ListItem\",\"@id\":\"https:\\\/\\\/eldigitaldeasturias.com\\\/radio#listItem\",\"position\":1,\"name\":\"Inicio\",\"item\":\"https:\\\/\\\/eldigitaldeasturias.com\\\/radio\",\"nextItem\":{\"@type\":\"ListItem\",\"@id\":\"https:\\\/\\\/eldigitaldeasturias.com\\\/radio\\\/category\\\/negocios\\\/#listItem\",\"name\":\"Negocios\"}},{\"@type\":\"ListItem\",\"@id\":\"https:\\\/\\\/eldigitaldeasturias.com\\\/radio\\\/category\\\/negocios\\\/#listItem\",\"position\":2,\"name\":\"Negocios\",\"item\":\"https:\\\/\\\/eldigitaldeasturias.com\\\/radio\\\/category\\\/negocios\\\/\",\"nextItem\":{\"@type\":\"ListItem\",\"@id\":\"https:\\\/\\\/eldigitaldeasturias.com\\\/radio\\\/adif-amplia-el-plazo-de-recepcion-de-ofertas-para-contratar-el-mantenimiento-de-sus-vias-hasta-2022\\\/#listItem\",\"name\":\"Adif ampl\\u00eda el plazo de recepci\\u00f3n de ofertas para contratar el mantenimiento de sus v\\u00edas hasta 2022\"},\"previousItem\":{\"@type\":\"ListItem\",\"@id\":\"https:\\\/\\\/eldigitaldeasturias.com\\\/radio#listItem\",\"name\":\"Inicio\"}},{\"@type\":\"ListItem\",\"@id\":\"https:\\\/\\\/eldigitaldeasturias.com\\\/radio\\\/adif-amplia-el-plazo-de-recepcion-de-ofertas-para-contratar-el-mantenimiento-de-sus-vias-hasta-2022\\\/#listItem\",\"position\":3,\"name\":\"Adif ampl\\u00eda el plazo de recepci\\u00f3n de ofertas para contratar el mantenimiento de sus v\\u00edas hasta 2022\",\"previousItem\":{\"@type\":\"ListItem\",\"@id\":\"https:\\\/\\\/eldigitaldeasturias.com\\\/radio\\\/category\\\/negocios\\\/#listItem\",\"name\":\"Negocios\"}}]},{\"@type\":\"NewsArticle\",\"@id\":\"https:\\\/\\\/eldigitaldeasturias.com\\\/radio\\\/adif-amplia-el-plazo-de-recepcion-de-ofertas-para-contratar-el-mantenimiento-de-sus-vias-hasta-2022\\\/#newsarticle\",\"name\":\"Adif ampl\\u00eda el plazo de recepci\\u00f3n de ofertas para contratar el mantenimiento de sus v\\u00edas hasta 2022 | El Digital de Asturias\",\"headline\":\"Adif ampl\\u00eda el plazo de recepci\\u00f3n de ofertas para contratar el mantenimiento de sus v\\u00edas hasta 2022\",\"author\":{\"@id\":\"https:\\\/\\\/eldigitaldeasturias.com\\\/radio\\\/author\\\/nbasturias\\\/#author\"},\"publisher\":{\"@id\":\"https:\\\/\\\/eldigitaldeasturias.com\\\/radio\\\/#organization\"},\"image\":{\"@type\":\"ImageObject\",\"url\":\"https:\\\/\\\/eldigitaldeasturias.com\\\/radio\\\/wp-content\\\/uploads\\\/2020\\\/08\\\/Noticias-Urgentes.jpg\",\"width\":640,\"height\":400},\"datePublished\":\"2020-08-27T12:49:49+02:00\",\"dateModified\":\"2020-08-27T12:49:49+02:00\",\"inLanguage\":\"es-ES\",\"mainEntityOfPage\":{\"@id\":\"https:\\\/\\\/eldigitaldeasturias.com\\\/radio\\\/adif-amplia-el-plazo-de-recepcion-de-ofertas-para-contratar-el-mantenimiento-de-sus-vias-hasta-2022\\\/#webpage\"},\"isPartOf\":{\"@id\":\"https:\\\/\\\/eldigitaldeasturias.com\\\/radio\\\/adif-amplia-el-plazo-de-recepcion-de-ofertas-para-contratar-el-mantenimiento-de-sus-vias-hasta-2022\\\/#webpage\"},\"articleSection\":\"Negocios\",\"dateline\":\"Publicado el agosto 27, 2020.\"},{\"@type\":\"Organization\",\"@id\":\"https:\\\/\\\/eldigitaldeasturias.com\\\/radio\\\/#organization\",\"name\":\"El digital de Asturias Radio\",\"description\":\"Diario de informaci\\u00f3n y noticias\",\"url\":\"https:\\\/\\\/eldigitaldeasturias.com\\\/radio\\\/\",\"telephone\":\"+34652131393\",\"logo\":{\"@type\":\"ImageObject\",\"url\":\"https:\\\/\\\/www.eldigitaldeasturias.com\\\/radio\\\/wp-content\\\/uploads\\\/2021\\\/03\\\/EDA.jpg\",\"@id\":\"https:\\\/\\\/eldigitaldeasturias.com\\\/radio\\\/adif-amplia-el-plazo-de-recepcion-de-ofertas-para-contratar-el-mantenimiento-de-sus-vias-hasta-2022\\\/#organizationLogo\"},\"image\":{\"@id\":\"https:\\\/\\\/eldigitaldeasturias.com\\\/radio\\\/adif-amplia-el-plazo-de-recepcion-de-ofertas-para-contratar-el-mantenimiento-de-sus-vias-hasta-2022\\\/#organizationLogo\"},\"sameAs\":[\"https:\\\/\\\/www.facebook.com\\\/\",\"https:\\\/\\\/x.com\\\/bercodi\",\"https:\\\/\\\/www.instagram.com\\\/\",\"https:\\\/\\\/www.youtube.com\\\/channel\\\/UCZP-2wLEB9Rv6erhFmqVnvg\"]},{\"@type\":\"Person\",\"@id\":\"https:\\\/\\\/eldigitaldeasturias.com\\\/radio\\\/author\\\/nbasturias\\\/#author\",\"url\":\"https:\\\/\\\/eldigitaldeasturias.com\\\/radio\\\/author\\\/nbasturias\\\/\",\"name\":\"NBAsturias\",\"image\":{\"@type\":\"ImageObject\",\"@id\":\"https:\\\/\\\/eldigitaldeasturias.com\\\/radio\\\/adif-amplia-el-plazo-de-recepcion-de-ofertas-para-contratar-el-mantenimiento-de-sus-vias-hasta-2022\\\/#authorImage\",\"url\":\"https:\\\/\\\/secure.gravatar.com\\\/avatar\\\/df2aeffc32bcd13f8d26072ef8a91b623d677766deac7f97ca815868cd41bf5e?s=96&d=mm&r=g\",\"width\":96,\"height\":96,\"caption\":\"NBAsturias\"}},{\"@type\":\"WebPage\",\"@id\":\"https:\\\/\\\/eldigitaldeasturias.com\\\/radio\\\/adif-amplia-el-plazo-de-recepcion-de-ofertas-para-contratar-el-mantenimiento-de-sus-vias-hasta-2022\\\/#webpage\",\"url\":\"https:\\\/\\\/eldigitaldeasturias.com\\\/radio\\\/adif-amplia-el-plazo-de-recepcion-de-ofertas-para-contratar-el-mantenimiento-de-sus-vias-hasta-2022\\\/\",\"name\":\"Adif ampl\\u00eda el plazo de recepci\\u00f3n de ofertas para contratar el mantenimiento de sus v\\u00edas hasta 2022 | El Digital de Asturias\",\"description\":\"(EUROPA PRESS) - Adif ha ampliado hasta el 28 de septiembre a las 13.30 horas el plazo de recepci\\u00f3n de ofertas en el marco del procedimiento de contrataci\\u00f3n para el mantenimiento de su infraestructura y de sus v\\u00edas para l\\u00edneas convencionales y de ancho m\\u00e9trico en el periodo 2020-2022. Este contrato, dividido en seis lotes, tiene\",\"inLanguage\":\"es-ES\",\"isPartOf\":{\"@id\":\"https:\\\/\\\/eldigitaldeasturias.com\\\/radio\\\/#website\"},\"breadcrumb\":{\"@id\":\"https:\\\/\\\/eldigitaldeasturias.com\\\/radio\\\/adif-amplia-el-plazo-de-recepcion-de-ofertas-para-contratar-el-mantenimiento-de-sus-vias-hasta-2022\\\/#breadcrumblist\"},\"author\":{\"@id\":\"https:\\\/\\\/eldigitaldeasturias.com\\\/radio\\\/author\\\/nbasturias\\\/#author\"},\"creator\":{\"@id\":\"https:\\\/\\\/eldigitaldeasturias.com\\\/radio\\\/author\\\/nbasturias\\\/#author\"},\"image\":{\"@type\":\"ImageObject\",\"url\":\"https:\\\/\\\/eldigitaldeasturias.com\\\/radio\\\/wp-content\\\/uploads\\\/2020\\\/08\\\/Noticias-Urgentes.jpg\",\"@id\":\"https:\\\/\\\/eldigitaldeasturias.com\\\/radio\\\/adif-amplia-el-plazo-de-recepcion-de-ofertas-para-contratar-el-mantenimiento-de-sus-vias-hasta-2022\\\/#mainImage\",\"width\":640,\"height\":400},\"primaryImageOfPage\":{\"@id\":\"https:\\\/\\\/eldigitaldeasturias.com\\\/radio\\\/adif-amplia-el-plazo-de-recepcion-de-ofertas-para-contratar-el-mantenimiento-de-sus-vias-hasta-2022\\\/#mainImage\"},\"datePublished\":\"2020-08-27T12:49:49+02:00\",\"dateModified\":\"2020-08-27T12:49:49+02:00\"},{\"@type\":\"WebSite\",\"@id\":\"https:\\\/\\\/eldigitaldeasturias.com\\\/radio\\\/#website\",\"url\":\"https:\\\/\\\/eldigitaldeasturias.com\\\/radio\\\/\",\"name\":\"El Digital de Asturias\",\"description\":\"Diario de informaci\\u00f3n y noticias\",\"inLanguage\":\"es-ES\",\"publisher\":{\"@id\":\"https:\\\/\\\/eldigitaldeasturias.com\\\/radio\\\/#organization\"}}]}\n\t\t<\/script>\n\t\t<!-- All in One SEO Pro -->\r\n\t\t<title>Adif ampl\u00eda el plazo de recepci\u00f3n de ofertas para contratar el mantenimiento de sus v\u00edas hasta 2022 | El Digital de Asturias<\/title>\n\n","aioseo_head_json":{"title":"Adif ampl\u00eda el plazo de recepci\u00f3n de ofertas para contratar el mantenimiento de sus v\u00edas hasta 2022 | El Digital de Asturias","description":"(EUROPA PRESS) - Adif ha ampliado hasta el 28 de septiembre a las 13.30 horas el plazo de recepci\u00f3n de ofertas en el marco del procedimiento de contrataci\u00f3n para el mantenimiento de su infraestructura y de sus v\u00edas para l\u00edneas convencionales y de ancho m\u00e9trico en el periodo 2020-2022. Este contrato, dividido en seis lotes, tiene","canonical_url":"https:\/\/eldigitaldeasturias.com\/radio\/adif-amplia-el-plazo-de-recepcion-de-ofertas-para-contratar-el-mantenimiento-de-sus-vias-hasta-2022\/","robots":"max-image-preview:large","keywords":"negocios","webmasterTools":{"google-site-verification":"UA-38556648-1","miscellaneous":""},"schema":{"@context":"https:\/\/schema.org","@graph":[{"@type":"BreadcrumbList","@id":"https:\/\/eldigitaldeasturias.com\/radio\/adif-amplia-el-plazo-de-recepcion-de-ofertas-para-contratar-el-mantenimiento-de-sus-vias-hasta-2022\/#breadcrumblist","itemListElement":[{"@type":"ListItem","@id":"https:\/\/eldigitaldeasturias.com\/radio#listItem","position":1,"name":"Inicio","item":"https:\/\/eldigitaldeasturias.com\/radio","nextItem":{"@type":"ListItem","@id":"https:\/\/eldigitaldeasturias.com\/radio\/category\/negocios\/#listItem","name":"Negocios"}},{"@type":"ListItem","@id":"https:\/\/eldigitaldeasturias.com\/radio\/category\/negocios\/#listItem","position":2,"name":"Negocios","item":"https:\/\/eldigitaldeasturias.com\/radio\/category\/negocios\/","nextItem":{"@type":"ListItem","@id":"https:\/\/eldigitaldeasturias.com\/radio\/adif-amplia-el-plazo-de-recepcion-de-ofertas-para-contratar-el-mantenimiento-de-sus-vias-hasta-2022\/#listItem","name":"Adif ampl\u00eda el plazo de recepci\u00f3n de ofertas para contratar el mantenimiento de sus v\u00edas hasta 2022"},"previousItem":{"@type":"ListItem","@id":"https:\/\/eldigitaldeasturias.com\/radio#listItem","name":"Inicio"}},{"@type":"ListItem","@id":"https:\/\/eldigitaldeasturias.com\/radio\/adif-amplia-el-plazo-de-recepcion-de-ofertas-para-contratar-el-mantenimiento-de-sus-vias-hasta-2022\/#listItem","position":3,"name":"Adif ampl\u00eda el plazo de recepci\u00f3n de ofertas para contratar el mantenimiento de sus v\u00edas hasta 2022","previousItem":{"@type":"ListItem","@id":"https:\/\/eldigitaldeasturias.com\/radio\/category\/negocios\/#listItem","name":"Negocios"}}]},{"@type":"NewsArticle","@id":"https:\/\/eldigitaldeasturias.com\/radio\/adif-amplia-el-plazo-de-recepcion-de-ofertas-para-contratar-el-mantenimiento-de-sus-vias-hasta-2022\/#newsarticle","name":"Adif ampl\u00eda el plazo de recepci\u00f3n de ofertas para contratar el mantenimiento de sus v\u00edas hasta 2022 | El Digital de Asturias","headline":"Adif ampl\u00eda el plazo de recepci\u00f3n de ofertas para contratar el mantenimiento de sus v\u00edas hasta 2022","author":{"@id":"https:\/\/eldigitaldeasturias.com\/radio\/author\/nbasturias\/#author"},"publisher":{"@id":"https:\/\/eldigitaldeasturias.com\/radio\/#organization"},"image":{"@type":"ImageObject","url":"https:\/\/eldigitaldeasturias.com\/radio\/wp-content\/uploads\/2020\/08\/Noticias-Urgentes.jpg","width":640,"height":400},"datePublished":"2020-08-27T12:49:49+02:00","dateModified":"2020-08-27T12:49:49+02:00","inLanguage":"es-ES","mainEntityOfPage":{"@id":"https:\/\/eldigitaldeasturias.com\/radio\/adif-amplia-el-plazo-de-recepcion-de-ofertas-para-contratar-el-mantenimiento-de-sus-vias-hasta-2022\/#webpage"},"isPartOf":{"@id":"https:\/\/eldigitaldeasturias.com\/radio\/adif-amplia-el-plazo-de-recepcion-de-ofertas-para-contratar-el-mantenimiento-de-sus-vias-hasta-2022\/#webpage"},"articleSection":"Negocios","dateline":"Publicado el agosto 27, 2020."},{"@type":"Organization","@id":"https:\/\/eldigitaldeasturias.com\/radio\/#organization","name":"El digital de Asturias Radio","description":"Diario de informaci\u00f3n y noticias","url":"https:\/\/eldigitaldeasturias.com\/radio\/","telephone":"+34652131393","logo":{"@type":"ImageObject","url":"https:\/\/www.eldigitaldeasturias.com\/radio\/wp-content\/uploads\/2021\/03\/EDA.jpg","@id":"https:\/\/eldigitaldeasturias.com\/radio\/adif-amplia-el-plazo-de-recepcion-de-ofertas-para-contratar-el-mantenimiento-de-sus-vias-hasta-2022\/#organizationLogo"},"image":{"@id":"https:\/\/eldigitaldeasturias.com\/radio\/adif-amplia-el-plazo-de-recepcion-de-ofertas-para-contratar-el-mantenimiento-de-sus-vias-hasta-2022\/#organizationLogo"},"sameAs":["https:\/\/www.facebook.com\/","https:\/\/x.com\/bercodi","https:\/\/www.instagram.com\/","https:\/\/www.youtube.com\/channel\/UCZP-2wLEB9Rv6erhFmqVnvg"]},{"@type":"Person","@id":"https:\/\/eldigitaldeasturias.com\/radio\/author\/nbasturias\/#author","url":"https:\/\/eldigitaldeasturias.com\/radio\/author\/nbasturias\/","name":"NBAsturias","image":{"@type":"ImageObject","@id":"https:\/\/eldigitaldeasturias.com\/radio\/adif-amplia-el-plazo-de-recepcion-de-ofertas-para-contratar-el-mantenimiento-de-sus-vias-hasta-2022\/#authorImage","url":"https:\/\/secure.gravatar.com\/avatar\/df2aeffc32bcd13f8d26072ef8a91b623d677766deac7f97ca815868cd41bf5e?s=96&d=mm&r=g","width":96,"height":96,"caption":"NBAsturias"}},{"@type":"WebPage","@id":"https:\/\/eldigitaldeasturias.com\/radio\/adif-amplia-el-plazo-de-recepcion-de-ofertas-para-contratar-el-mantenimiento-de-sus-vias-hasta-2022\/#webpage","url":"https:\/\/eldigitaldeasturias.com\/radio\/adif-amplia-el-plazo-de-recepcion-de-ofertas-para-contratar-el-mantenimiento-de-sus-vias-hasta-2022\/","name":"Adif ampl\u00eda el plazo de recepci\u00f3n de ofertas para contratar el mantenimiento de sus v\u00edas hasta 2022 | El Digital de Asturias","description":"(EUROPA PRESS) - Adif ha ampliado hasta el 28 de septiembre a las 13.30 horas el plazo de recepci\u00f3n de ofertas en el marco del procedimiento de contrataci\u00f3n para el mantenimiento de su infraestructura y de sus v\u00edas para l\u00edneas convencionales y de ancho m\u00e9trico en el periodo 2020-2022. Este contrato, dividido en seis lotes, tiene","inLanguage":"es-ES","isPartOf":{"@id":"https:\/\/eldigitaldeasturias.com\/radio\/#website"},"breadcrumb":{"@id":"https:\/\/eldigitaldeasturias.com\/radio\/adif-amplia-el-plazo-de-recepcion-de-ofertas-para-contratar-el-mantenimiento-de-sus-vias-hasta-2022\/#breadcrumblist"},"author":{"@id":"https:\/\/eldigitaldeasturias.com\/radio\/author\/nbasturias\/#author"},"creator":{"@id":"https:\/\/eldigitaldeasturias.com\/radio\/author\/nbasturias\/#author"},"image":{"@type":"ImageObject","url":"https:\/\/eldigitaldeasturias.com\/radio\/wp-content\/uploads\/2020\/08\/Noticias-Urgentes.jpg","@id":"https:\/\/eldigitaldeasturias.com\/radio\/adif-amplia-el-plazo-de-recepcion-de-ofertas-para-contratar-el-mantenimiento-de-sus-vias-hasta-2022\/#mainImage","width":640,"height":400},"primaryImageOfPage":{"@id":"https:\/\/eldigitaldeasturias.com\/radio\/adif-amplia-el-plazo-de-recepcion-de-ofertas-para-contratar-el-mantenimiento-de-sus-vias-hasta-2022\/#mainImage"},"datePublished":"2020-08-27T12:49:49+02:00","dateModified":"2020-08-27T12:49:49+02:00"},{"@type":"WebSite","@id":"https:\/\/eldigitaldeasturias.com\/radio\/#website","url":"https:\/\/eldigitaldeasturias.com\/radio\/","name":"El Digital de Asturias","description":"Diario de informaci\u00f3n y noticias","inLanguage":"es-ES","publisher":{"@id":"https:\/\/eldigitaldeasturias.com\/radio\/#organization"}}]},"og:locale":"es_ES","og:site_name":"El Digital de Asturias | Diario de informaci\u00f3n y noticias","og:type":"article","og:title":"Adif ampl\u00eda el plazo de recepci\u00f3n de ofertas para contratar el mantenimiento de sus v\u00edas hasta 2022 | El Digital de Asturias","og:description":"(EUROPA PRESS) - Adif ha ampliado hasta el 28 de septiembre a las 13.30 horas el plazo de recepci\u00f3n de ofertas en el marco del procedimiento de contrataci\u00f3n para el mantenimiento de su infraestructura y de sus v\u00edas para l\u00edneas convencionales y de ancho m\u00e9trico en el periodo 2020-2022. Este contrato, dividido en seis lotes, tiene","og:url":"https:\/\/eldigitaldeasturias.com\/radio\/adif-amplia-el-plazo-de-recepcion-de-ofertas-para-contratar-el-mantenimiento-de-sus-vias-hasta-2022\/","og:image":"https:\/\/eldigitaldeasturias.com\/radio\/wp-content\/uploads\/2020\/08\/Noticias-Urgentes.jpg","og:image:secure_url":"https:\/\/eldigitaldeasturias.com\/radio\/wp-content\/uploads\/2020\/08\/Noticias-Urgentes.jpg","og:image:width":640,"og:image:height":400,"article:published_time":"2020-08-27T12:49:49+00:00","article:modified_time":"2020-08-27T12:49:49+00:00","twitter:card":"summary_large_image","twitter:site":"@bercodi","twitter:title":"Adif ampl\u00eda el plazo de recepci\u00f3n de ofertas para contratar el mantenimiento de sus v\u00edas hasta 2022 | El Digital de Asturias","twitter:description":"(EUROPA PRESS) - Adif ha ampliado hasta el 28 de septiembre a las 13.30 horas el plazo de recepci\u00f3n de ofertas en el marco del procedimiento de contrataci\u00f3n para el mantenimiento de su infraestructura y de sus v\u00edas para l\u00edneas convencionales y de ancho m\u00e9trico en el periodo 2020-2022. Este contrato, dividido en seis lotes, tiene","twitter:creator":"@bercodi","twitter:image":"https:\/\/eldigitaldeasturias.com\/radio\/wp-content\/uploads\/2020\/08\/Noticias-Urgentes.jpg"},"aioseo_meta_data":{"post_id":"4984","title":null,"description":"","keywords":"","keyphrases":null,"primary_term":null,"canonical_url":"","og_title":null,"og_description":null,"og_object_type":"default","og_image_type":"default","og_image_url":null,"og_image_width":null,"og_image_height":null,"og_image_custom_url":null,"og_image_custom_fields":null,"og_video":null,"og_custom_url":null,"og_article_section":null,"og_article_tags":null,"twitter_use_og":false,"twitter_card":"default","twitter_image_type":"default","twitter_image_url":null,"twitter_image_custom_url":null,"twitter_image_custom_fields":null,"twitter_title":null,"twitter_description":null,"schema":{"blockGraphs":[],"customGraphs":[],"default":{"data":{"Article":[],"Course":[],"Dataset":[],"FAQPage":[],"Movie":[],"Person":[],"Product":[],"ProductReview":[],"Car":[],"Recipe":[],"Service":[],"SoftwareApplication":[],"WebPage":[]},"graphName":"","isEnabled":true},"graphs":[],"defaultGraph":"","defaultPostTypeGraph":""},"schema_type":null,"schema_type_options":null,"pillar_content":false,"robots_default":true,"robots_noindex":false,"robots_noarchive":false,"robots_nosnippet":false,"robots_nofollow":false,"robots_noimageindex":false,"robots_noodp":false,"robots_notranslate":false,"robots_max_snippet":null,"robots_max_videopreview":null,"robots_max_imagepreview":"large","priority":null,"frequency":null,"location":null,"local_seo":null,"seo_analyzer_scan_date":"2025-08-28 17:04:01","breadcrumb_settings":null,"limit_modified_date":false,"open_ai":null,"ai":null,"created":"2021-03-26 10:59:21","updated":"2025-08-28 17:04:01"},"aioseo_breadcrumb":"<div class=\"aioseo-breadcrumbs\"><span class=\"aioseo-breadcrumb\">\n\t<a href=\"https:\/\/eldigitaldeasturias.com\/radio\" title=\"Inicio\">Inicio<\/a>\n<\/span><span class=\"aioseo-breadcrumb-separator\">&ndash;<\/span><span class=\"aioseo-breadcrumb\">\n\t<a href=\"https:\/\/eldigitaldeasturias.com\/radio\/category\/negocios\/\" title=\"Negocios\">Negocios<\/a>\n<\/span><span class=\"aioseo-breadcrumb-separator\">&ndash;<\/span><span class=\"aioseo-breadcrumb\">\n\tAdif ampl\u00eda el plazo de recepci\u00f3n de ofertas para contratar el mantenimiento de sus v\u00edas hasta 2022\n<\/span><\/div>","aioseo_breadcrumb_json":[{"label":"Inicio","link":"https:\/\/eldigitaldeasturias.com\/radio"},{"label":"Negocios","link":"https:\/\/eldigitaldeasturias.com\/radio\/category\/negocios\/"},{"label":"Adif ampl\u00eda el plazo de recepci\u00f3n de ofertas para contratar el mantenimiento de sus v\u00edas hasta 2022","link":"https:\/\/eldigitaldeasturias.com\/radio\/adif-amplia-el-plazo-de-recepcion-de-ofertas-para-contratar-el-mantenimiento-de-sus-vias-hasta-2022\/"}],"_links":{"self":[{"href":"https:\/\/eldigitaldeasturias.com\/radio\/wp-json\/wp\/v2\/posts\/4984","targetHints":{"allow":["GET"]}}],"collection":[{"href":"https:\/\/eldigitaldeasturias.com\/radio\/wp-json\/wp\/v2\/posts"}],"about":[{"href":"https:\/\/eldigitaldeasturias.com\/radio\/wp-json\/wp\/v2\/types\/post"}],"author":[{"embeddable":true,"href":"https:\/\/eldigitaldeasturias.com\/radio\/wp-json\/wp\/v2\/users\/1"}],"replies":[{"embeddable":true,"href":"https:\/\/eldigitaldeasturias.com\/radio\/wp-json\/wp\/v2\/comments?post=4984"}],"version-history":[{"count":0,"href":"https:\/\/eldigitaldeasturias.com\/radio\/wp-json\/wp\/v2\/posts\/4984\/revisions"}],"wp:featuredmedia":[{"embeddable":true,"href":"https:\/\/eldigitaldeasturias.com\/radio\/wp-json\/wp\/v2\/media\/4972"}],"wp:attachment":[{"href":"https:\/\/eldigitaldeasturias.com\/radio\/wp-json\/wp\/v2\/media?parent=4984"}],"wp:term":[{"taxonomy":"category","embeddable":true,"href":"https:\/\/eldigitaldeasturias.com\/radio\/wp-json\/wp\/v2\/categories?post=4984"},{"taxonomy":"post_tag","embeddable":true,"href":"https:\/\/eldigitaldeasturias.com\/radio\/wp-json\/wp\/v2\/tags?post=4984"}],"curies":[{"name":"wp","href":"https:\/\/api.w.org\/{rel}","templated":true}]}}