{"id":4980,"date":"2020-08-27T12:46:08","date_gmt":"2020-08-27T12:46:08","guid":{"rendered":"http:\/\/www.eldigitaldeasturias.com\/radio\/?p=4980"},"modified":"2020-08-27T12:46:08","modified_gmt":"2020-08-27T12:46:08","slug":"duro-felguera-acuerda-formalizar-su-solicitud-para-acogerse-al-fondo-de-rescate-del-gobierno","status":"publish","type":"post","link":"https:\/\/eldigitaldeasturias.com\/radio\/duro-felguera-acuerda-formalizar-su-solicitud-para-acogerse-al-fondo-de-rescate-del-gobierno\/","title":{"rendered":"Duro Felguera acuerda formalizar su solicitud para acogerse al fondo de rescate del Gobierno"},"content":{"rendered":"<p>(EUROPA PRESS) &#8211;\u00a0El consejo de administraci\u00f3n de Duro Felguera ha decidido, por unanimidad, formalizar la solicitud para acogerse a las medidas contempladas en el fondo de rescate del Gobierno para empresas estrat\u00e9gicas, as\u00ed como el apoyo del Principado de Asturias, seg\u00fan ha indicado este martes la firma a la Comisi\u00f3n Nacional del Mercado de Valores (CNMV).<\/p>\n<p>El pasado 22 de julio la compa\u00f1\u00eda ya anunci\u00f3 su intenci\u00f3n de acogerse a ambas medidas con el objetivo de seguir desarrollando su actividad pese al impacto de la pandemia del Covid-19.<\/p>\n<p>As\u00ed, Duro Felguera tiene intenci\u00f3n de \u00abafianzar\u00bb las actividades \u00abtradicionales\u00bb de la empresa, \u00abreformular\u00bb las actividades internacionales hasta la fecha e \u00abimpulsar\u00bb nuevas l\u00edneas de negocio en las que encuentra potencial, como la digitalizaci\u00f3n y la econom\u00eda verde.<\/p>\n<p>\u00abEl consejo ha constatado que, como consecuencia del impacto econ\u00f3mico derivado de la pandemia, la compa\u00f1\u00eda est\u00e1 atravesando dificultades para mantener su normal actividad\u00bb, subray\u00f3 la firma el pasado 22 de julio.<\/p>\n<p>\u00abEl consejo de administraci\u00f3n, al dar este paso, tambi\u00e9n reafirma su convencimiento de que esta decisi\u00f3n no s\u00f3lo no contradice, sino que puede ayudar a la necesaria incorporaci\u00f3n de todo el capital privado que est\u00e9 dispuesto a comprometerse con el proyecto industrial a largo plazo de la compa\u00f1\u00eda\u00bb, agreg\u00f3.<\/p>\n<p>A principios de julio, el Gobierno central aprob\u00f3 la creaci\u00f3n del Fondo de Apoyo a la Solvencia de Empresas Estrat\u00e9gicas, dotado de 10.000 millones de euros y gestionado a trav\u00e9s de la Sociedad Estatal de Participaciones Industriales (SEPI).<\/p>\n<p>El fondo se articula a trav\u00e9s de distintos instrumentos como la concesi\u00f3n de pr\u00e9stamos participativos, la adquisici\u00f3n de deuda subordinada o la suscripci\u00f3n de acciones u otros instrumentos de capital. El importe de los dividendos, intereses y plusval\u00edas que resulten de las inversiones que se realicen se ingresar\u00e1n en el Tesoro P\u00fablico.<\/p>\n<p>Seg\u00fan explic\u00f3 el Gobierno, el fondo est\u00e1 dirigido a sociedades que atraviesen severas dificultades de car\u00e1cter temporal como consecuencia de la situaci\u00f3n generada por el Covid-19 y que sean consideradas estrat\u00e9gicas por diversos motivos, como su impacto social y econ\u00f3mico, su relevancia para la seguridad, la salud de las personas, las infraestructuras, las comunicaciones o su contribuci\u00f3n al buen funcionamiento de los mercados.<\/p>\n<p>La compa\u00f1\u00eda asturiana registr\u00f3 unas p\u00e9rdidas de 9 millones de euros hasta marzo tras anotar una provisi\u00f3n de 10 millones de euros en los resultados del primer trimestre del a\u00f1o por el escenario de incertidumbre generado por la crisis sanitaria del coronavirus. Por su parte, la facturaci\u00f3n se redujo casi a la mitad, hasta 45,5 millones de euros.<\/p>\n","protected":false},"excerpt":{"rendered":"<p>(EUROPA PRESS) &#8211;\u00a0El consejo de administraci\u00f3n de Duro Felguera ha decidido, por unanimidad, formalizar la solicitud para acogerse a las medidas contempladas en el fondo de rescate del Gobierno para empresas estrat\u00e9gicas, as\u00ed como el apoyo del Principado de Asturias, seg\u00fan ha indicado este martes la firma a la Comisi\u00f3n Nacional del Mercado de Valores<\/p>\n","protected":false},"author":1,"featured_media":4972,"comment_status":"closed","ping_status":"closed","sticky":false,"template":"","format":"standard","meta":{"footnotes":""},"categories":[35],"tags":[],"class_list":{"0":"post-4980","1":"post","2":"type-post","3":"status-publish","4":"format-standard","5":"has-post-thumbnail","7":"category-negocios"},"aioseo_notices":[],"aioseo_head":"\n\t\t<!-- All in One SEO Pro 4.9.6.2 - aioseo.com -->\n\t<meta name=\"description\" content=\"(EUROPA PRESS) - El consejo de administraci\u00f3n de Duro Felguera ha decidido, por unanimidad, formalizar la solicitud para acogerse a las medidas contempladas en el fondo de rescate del Gobierno para empresas estrat\u00e9gicas, as\u00ed como el apoyo del Principado de Asturias, seg\u00fan ha indicado este martes la firma a la Comisi\u00f3n Nacional del Mercado de Valores\" \/>\n\t<meta name=\"robots\" content=\"max-image-preview:large\" \/>\n\t<meta name=\"author\" content=\"NBAsturias\"\/>\n\t<meta name=\"google-site-verification\" content=\"UA-38556648-1\" \/>\n\t<meta name=\"keywords\" content=\"negocios\" \/>\n\t<link rel=\"canonical\" href=\"https:\/\/eldigitaldeasturias.com\/radio\/duro-felguera-acuerda-formalizar-su-solicitud-para-acogerse-al-fondo-de-rescate-del-gobierno\/\" \/>\n\t<meta name=\"generator\" content=\"All in One SEO Pro (AIOSEO) 4.9.6.2\" \/>\n\t\t<meta property=\"og:locale\" content=\"es_ES\" \/>\n\t\t<meta property=\"og:site_name\" content=\"El Digital de Asturias | Diario de informaci\u00f3n y noticias\" \/>\n\t\t<meta property=\"og:type\" content=\"article\" \/>\n\t\t<meta property=\"og:title\" content=\"Duro Felguera acuerda formalizar su solicitud para acogerse al fondo de rescate del Gobierno | El Digital de Asturias\" \/>\n\t\t<meta property=\"og:description\" content=\"(EUROPA PRESS) - El consejo de administraci\u00f3n de Duro Felguera ha decidido, por unanimidad, formalizar la solicitud para acogerse a las medidas contempladas en el fondo de rescate del Gobierno para empresas estrat\u00e9gicas, as\u00ed como el apoyo del Principado de Asturias, seg\u00fan ha indicado este martes la firma a la Comisi\u00f3n Nacional del Mercado de Valores\" \/>\n\t\t<meta property=\"og:url\" content=\"https:\/\/eldigitaldeasturias.com\/radio\/duro-felguera-acuerda-formalizar-su-solicitud-para-acogerse-al-fondo-de-rescate-del-gobierno\/\" \/>\n\t\t<meta property=\"og:image\" content=\"https:\/\/eldigitaldeasturias.com\/radio\/wp-content\/uploads\/2020\/08\/Noticias-Urgentes.jpg\" \/>\n\t\t<meta property=\"og:image:secure_url\" content=\"https:\/\/eldigitaldeasturias.com\/radio\/wp-content\/uploads\/2020\/08\/Noticias-Urgentes.jpg\" \/>\n\t\t<meta property=\"og:image:width\" content=\"640\" \/>\n\t\t<meta property=\"og:image:height\" content=\"400\" \/>\n\t\t<meta property=\"article:published_time\" content=\"2020-08-27T12:46:08+00:00\" \/>\n\t\t<meta property=\"article:modified_time\" content=\"2020-08-27T12:46:08+00:00\" \/>\n\t\t<meta name=\"twitter:card\" content=\"summary_large_image\" \/>\n\t\t<meta name=\"twitter:site\" content=\"@bercodi\" \/>\n\t\t<meta name=\"twitter:title\" content=\"Duro Felguera acuerda formalizar su solicitud para acogerse al fondo de rescate del Gobierno | El Digital de Asturias\" \/>\n\t\t<meta name=\"twitter:description\" content=\"(EUROPA PRESS) - El consejo de administraci\u00f3n de Duro Felguera ha decidido, por unanimidad, formalizar la solicitud para acogerse a las medidas contempladas en el fondo de rescate del Gobierno para empresas estrat\u00e9gicas, as\u00ed como el apoyo del Principado de Asturias, seg\u00fan ha indicado este martes la firma a la Comisi\u00f3n Nacional del Mercado de Valores\" \/>\n\t\t<meta name=\"twitter:creator\" content=\"@bercodi\" \/>\n\t\t<meta name=\"twitter:image\" content=\"https:\/\/eldigitaldeasturias.com\/radio\/wp-content\/uploads\/2020\/08\/Noticias-Urgentes.jpg\" \/>\n\t\t<script type=\"application\/ld+json\" class=\"aioseo-schema\">\n\t\t\t{\"@context\":\"https:\\\/\\\/schema.org\",\"@graph\":[{\"@type\":\"BreadcrumbList\",\"@id\":\"https:\\\/\\\/eldigitaldeasturias.com\\\/radio\\\/duro-felguera-acuerda-formalizar-su-solicitud-para-acogerse-al-fondo-de-rescate-del-gobierno\\\/#breadcrumblist\",\"itemListElement\":[{\"@type\":\"ListItem\",\"@id\":\"https:\\\/\\\/eldigitaldeasturias.com\\\/radio#listItem\",\"position\":1,\"name\":\"Inicio\",\"item\":\"https:\\\/\\\/eldigitaldeasturias.com\\\/radio\",\"nextItem\":{\"@type\":\"ListItem\",\"@id\":\"https:\\\/\\\/eldigitaldeasturias.com\\\/radio\\\/category\\\/negocios\\\/#listItem\",\"name\":\"Negocios\"}},{\"@type\":\"ListItem\",\"@id\":\"https:\\\/\\\/eldigitaldeasturias.com\\\/radio\\\/category\\\/negocios\\\/#listItem\",\"position\":2,\"name\":\"Negocios\",\"item\":\"https:\\\/\\\/eldigitaldeasturias.com\\\/radio\\\/category\\\/negocios\\\/\",\"nextItem\":{\"@type\":\"ListItem\",\"@id\":\"https:\\\/\\\/eldigitaldeasturias.com\\\/radio\\\/duro-felguera-acuerda-formalizar-su-solicitud-para-acogerse-al-fondo-de-rescate-del-gobierno\\\/#listItem\",\"name\":\"Duro Felguera acuerda formalizar su solicitud para acogerse al fondo de rescate del Gobierno\"},\"previousItem\":{\"@type\":\"ListItem\",\"@id\":\"https:\\\/\\\/eldigitaldeasturias.com\\\/radio#listItem\",\"name\":\"Inicio\"}},{\"@type\":\"ListItem\",\"@id\":\"https:\\\/\\\/eldigitaldeasturias.com\\\/radio\\\/duro-felguera-acuerda-formalizar-su-solicitud-para-acogerse-al-fondo-de-rescate-del-gobierno\\\/#listItem\",\"position\":3,\"name\":\"Duro Felguera acuerda formalizar su solicitud para acogerse al fondo de rescate del Gobierno\",\"previousItem\":{\"@type\":\"ListItem\",\"@id\":\"https:\\\/\\\/eldigitaldeasturias.com\\\/radio\\\/category\\\/negocios\\\/#listItem\",\"name\":\"Negocios\"}}]},{\"@type\":\"NewsArticle\",\"@id\":\"https:\\\/\\\/eldigitaldeasturias.com\\\/radio\\\/duro-felguera-acuerda-formalizar-su-solicitud-para-acogerse-al-fondo-de-rescate-del-gobierno\\\/#newsarticle\",\"name\":\"Duro Felguera acuerda formalizar su solicitud para acogerse al fondo de rescate del Gobierno | El Digital de Asturias\",\"headline\":\"Duro Felguera acuerda formalizar su solicitud para acogerse al fondo de rescate del Gobierno\",\"author\":{\"@id\":\"https:\\\/\\\/eldigitaldeasturias.com\\\/radio\\\/author\\\/nbasturias\\\/#author\"},\"publisher\":{\"@id\":\"https:\\\/\\\/eldigitaldeasturias.com\\\/radio\\\/#organization\"},\"image\":{\"@type\":\"ImageObject\",\"url\":\"https:\\\/\\\/eldigitaldeasturias.com\\\/radio\\\/wp-content\\\/uploads\\\/2020\\\/08\\\/Noticias-Urgentes.jpg\",\"width\":640,\"height\":400},\"datePublished\":\"2020-08-27T12:46:08+02:00\",\"dateModified\":\"2020-08-27T12:46:08+02:00\",\"inLanguage\":\"es-ES\",\"mainEntityOfPage\":{\"@id\":\"https:\\\/\\\/eldigitaldeasturias.com\\\/radio\\\/duro-felguera-acuerda-formalizar-su-solicitud-para-acogerse-al-fondo-de-rescate-del-gobierno\\\/#webpage\"},\"isPartOf\":{\"@id\":\"https:\\\/\\\/eldigitaldeasturias.com\\\/radio\\\/duro-felguera-acuerda-formalizar-su-solicitud-para-acogerse-al-fondo-de-rescate-del-gobierno\\\/#webpage\"},\"articleSection\":\"Negocios\",\"dateline\":\"Publicado el agosto 27, 2020.\"},{\"@type\":\"Organization\",\"@id\":\"https:\\\/\\\/eldigitaldeasturias.com\\\/radio\\\/#organization\",\"name\":\"El digital de Asturias Radio\",\"description\":\"Diario de informaci\\u00f3n y noticias\",\"url\":\"https:\\\/\\\/eldigitaldeasturias.com\\\/radio\\\/\",\"telephone\":\"+34652131393\",\"logo\":{\"@type\":\"ImageObject\",\"url\":\"https:\\\/\\\/www.eldigitaldeasturias.com\\\/radio\\\/wp-content\\\/uploads\\\/2021\\\/03\\\/EDA.jpg\",\"@id\":\"https:\\\/\\\/eldigitaldeasturias.com\\\/radio\\\/duro-felguera-acuerda-formalizar-su-solicitud-para-acogerse-al-fondo-de-rescate-del-gobierno\\\/#organizationLogo\"},\"image\":{\"@id\":\"https:\\\/\\\/eldigitaldeasturias.com\\\/radio\\\/duro-felguera-acuerda-formalizar-su-solicitud-para-acogerse-al-fondo-de-rescate-del-gobierno\\\/#organizationLogo\"},\"sameAs\":[\"https:\\\/\\\/www.facebook.com\\\/\",\"https:\\\/\\\/x.com\\\/bercodi\",\"https:\\\/\\\/www.instagram.com\\\/\",\"https:\\\/\\\/www.youtube.com\\\/channel\\\/UCZP-2wLEB9Rv6erhFmqVnvg\"]},{\"@type\":\"Person\",\"@id\":\"https:\\\/\\\/eldigitaldeasturias.com\\\/radio\\\/author\\\/nbasturias\\\/#author\",\"url\":\"https:\\\/\\\/eldigitaldeasturias.com\\\/radio\\\/author\\\/nbasturias\\\/\",\"name\":\"NBAsturias\",\"image\":{\"@type\":\"ImageObject\",\"@id\":\"https:\\\/\\\/eldigitaldeasturias.com\\\/radio\\\/duro-felguera-acuerda-formalizar-su-solicitud-para-acogerse-al-fondo-de-rescate-del-gobierno\\\/#authorImage\",\"url\":\"https:\\\/\\\/secure.gravatar.com\\\/avatar\\\/df2aeffc32bcd13f8d26072ef8a91b623d677766deac7f97ca815868cd41bf5e?s=96&d=mm&r=g\",\"width\":96,\"height\":96,\"caption\":\"NBAsturias\"}},{\"@type\":\"WebPage\",\"@id\":\"https:\\\/\\\/eldigitaldeasturias.com\\\/radio\\\/duro-felguera-acuerda-formalizar-su-solicitud-para-acogerse-al-fondo-de-rescate-del-gobierno\\\/#webpage\",\"url\":\"https:\\\/\\\/eldigitaldeasturias.com\\\/radio\\\/duro-felguera-acuerda-formalizar-su-solicitud-para-acogerse-al-fondo-de-rescate-del-gobierno\\\/\",\"name\":\"Duro Felguera acuerda formalizar su solicitud para acogerse al fondo de rescate del Gobierno | El Digital de Asturias\",\"description\":\"(EUROPA PRESS) - El consejo de administraci\\u00f3n de Duro Felguera ha decidido, por unanimidad, formalizar la solicitud para acogerse a las medidas contempladas en el fondo de rescate del Gobierno para empresas estrat\\u00e9gicas, as\\u00ed como el apoyo del Principado de Asturias, seg\\u00fan ha indicado este martes la firma a la Comisi\\u00f3n Nacional del Mercado de Valores\",\"inLanguage\":\"es-ES\",\"isPartOf\":{\"@id\":\"https:\\\/\\\/eldigitaldeasturias.com\\\/radio\\\/#website\"},\"breadcrumb\":{\"@id\":\"https:\\\/\\\/eldigitaldeasturias.com\\\/radio\\\/duro-felguera-acuerda-formalizar-su-solicitud-para-acogerse-al-fondo-de-rescate-del-gobierno\\\/#breadcrumblist\"},\"author\":{\"@id\":\"https:\\\/\\\/eldigitaldeasturias.com\\\/radio\\\/author\\\/nbasturias\\\/#author\"},\"creator\":{\"@id\":\"https:\\\/\\\/eldigitaldeasturias.com\\\/radio\\\/author\\\/nbasturias\\\/#author\"},\"image\":{\"@type\":\"ImageObject\",\"url\":\"https:\\\/\\\/eldigitaldeasturias.com\\\/radio\\\/wp-content\\\/uploads\\\/2020\\\/08\\\/Noticias-Urgentes.jpg\",\"@id\":\"https:\\\/\\\/eldigitaldeasturias.com\\\/radio\\\/duro-felguera-acuerda-formalizar-su-solicitud-para-acogerse-al-fondo-de-rescate-del-gobierno\\\/#mainImage\",\"width\":640,\"height\":400},\"primaryImageOfPage\":{\"@id\":\"https:\\\/\\\/eldigitaldeasturias.com\\\/radio\\\/duro-felguera-acuerda-formalizar-su-solicitud-para-acogerse-al-fondo-de-rescate-del-gobierno\\\/#mainImage\"},\"datePublished\":\"2020-08-27T12:46:08+02:00\",\"dateModified\":\"2020-08-27T12:46:08+02:00\"},{\"@type\":\"WebSite\",\"@id\":\"https:\\\/\\\/eldigitaldeasturias.com\\\/radio\\\/#website\",\"url\":\"https:\\\/\\\/eldigitaldeasturias.com\\\/radio\\\/\",\"name\":\"El Digital de Asturias\",\"description\":\"Diario de informaci\\u00f3n y noticias\",\"inLanguage\":\"es-ES\",\"publisher\":{\"@id\":\"https:\\\/\\\/eldigitaldeasturias.com\\\/radio\\\/#organization\"}}]}\n\t\t<\/script>\n\t\t<!-- All in One SEO Pro -->\r\n\t\t<title>Duro Felguera acuerda formalizar su solicitud para acogerse al fondo de rescate del Gobierno | El Digital de Asturias<\/title>\n\n","aioseo_head_json":{"title":"Duro Felguera acuerda formalizar su solicitud para acogerse al fondo de rescate del Gobierno | El Digital de Asturias","description":"(EUROPA PRESS) - El consejo de administraci\u00f3n de Duro Felguera ha decidido, por unanimidad, formalizar la solicitud para acogerse a las medidas contempladas en el fondo de rescate del Gobierno para empresas estrat\u00e9gicas, as\u00ed como el apoyo del Principado de Asturias, seg\u00fan ha indicado este martes la firma a la Comisi\u00f3n Nacional del Mercado de Valores","canonical_url":"https:\/\/eldigitaldeasturias.com\/radio\/duro-felguera-acuerda-formalizar-su-solicitud-para-acogerse-al-fondo-de-rescate-del-gobierno\/","robots":"max-image-preview:large","keywords":"negocios","webmasterTools":{"google-site-verification":"UA-38556648-1","miscellaneous":""},"schema":{"@context":"https:\/\/schema.org","@graph":[{"@type":"BreadcrumbList","@id":"https:\/\/eldigitaldeasturias.com\/radio\/duro-felguera-acuerda-formalizar-su-solicitud-para-acogerse-al-fondo-de-rescate-del-gobierno\/#breadcrumblist","itemListElement":[{"@type":"ListItem","@id":"https:\/\/eldigitaldeasturias.com\/radio#listItem","position":1,"name":"Inicio","item":"https:\/\/eldigitaldeasturias.com\/radio","nextItem":{"@type":"ListItem","@id":"https:\/\/eldigitaldeasturias.com\/radio\/category\/negocios\/#listItem","name":"Negocios"}},{"@type":"ListItem","@id":"https:\/\/eldigitaldeasturias.com\/radio\/category\/negocios\/#listItem","position":2,"name":"Negocios","item":"https:\/\/eldigitaldeasturias.com\/radio\/category\/negocios\/","nextItem":{"@type":"ListItem","@id":"https:\/\/eldigitaldeasturias.com\/radio\/duro-felguera-acuerda-formalizar-su-solicitud-para-acogerse-al-fondo-de-rescate-del-gobierno\/#listItem","name":"Duro Felguera acuerda formalizar su solicitud para acogerse al fondo de rescate del Gobierno"},"previousItem":{"@type":"ListItem","@id":"https:\/\/eldigitaldeasturias.com\/radio#listItem","name":"Inicio"}},{"@type":"ListItem","@id":"https:\/\/eldigitaldeasturias.com\/radio\/duro-felguera-acuerda-formalizar-su-solicitud-para-acogerse-al-fondo-de-rescate-del-gobierno\/#listItem","position":3,"name":"Duro Felguera acuerda formalizar su solicitud para acogerse al fondo de rescate del Gobierno","previousItem":{"@type":"ListItem","@id":"https:\/\/eldigitaldeasturias.com\/radio\/category\/negocios\/#listItem","name":"Negocios"}}]},{"@type":"NewsArticle","@id":"https:\/\/eldigitaldeasturias.com\/radio\/duro-felguera-acuerda-formalizar-su-solicitud-para-acogerse-al-fondo-de-rescate-del-gobierno\/#newsarticle","name":"Duro Felguera acuerda formalizar su solicitud para acogerse al fondo de rescate del Gobierno | El Digital de Asturias","headline":"Duro Felguera acuerda formalizar su solicitud para acogerse al fondo de rescate del Gobierno","author":{"@id":"https:\/\/eldigitaldeasturias.com\/radio\/author\/nbasturias\/#author"},"publisher":{"@id":"https:\/\/eldigitaldeasturias.com\/radio\/#organization"},"image":{"@type":"ImageObject","url":"https:\/\/eldigitaldeasturias.com\/radio\/wp-content\/uploads\/2020\/08\/Noticias-Urgentes.jpg","width":640,"height":400},"datePublished":"2020-08-27T12:46:08+02:00","dateModified":"2020-08-27T12:46:08+02:00","inLanguage":"es-ES","mainEntityOfPage":{"@id":"https:\/\/eldigitaldeasturias.com\/radio\/duro-felguera-acuerda-formalizar-su-solicitud-para-acogerse-al-fondo-de-rescate-del-gobierno\/#webpage"},"isPartOf":{"@id":"https:\/\/eldigitaldeasturias.com\/radio\/duro-felguera-acuerda-formalizar-su-solicitud-para-acogerse-al-fondo-de-rescate-del-gobierno\/#webpage"},"articleSection":"Negocios","dateline":"Publicado el agosto 27, 2020."},{"@type":"Organization","@id":"https:\/\/eldigitaldeasturias.com\/radio\/#organization","name":"El digital de Asturias Radio","description":"Diario de informaci\u00f3n y noticias","url":"https:\/\/eldigitaldeasturias.com\/radio\/","telephone":"+34652131393","logo":{"@type":"ImageObject","url":"https:\/\/www.eldigitaldeasturias.com\/radio\/wp-content\/uploads\/2021\/03\/EDA.jpg","@id":"https:\/\/eldigitaldeasturias.com\/radio\/duro-felguera-acuerda-formalizar-su-solicitud-para-acogerse-al-fondo-de-rescate-del-gobierno\/#organizationLogo"},"image":{"@id":"https:\/\/eldigitaldeasturias.com\/radio\/duro-felguera-acuerda-formalizar-su-solicitud-para-acogerse-al-fondo-de-rescate-del-gobierno\/#organizationLogo"},"sameAs":["https:\/\/www.facebook.com\/","https:\/\/x.com\/bercodi","https:\/\/www.instagram.com\/","https:\/\/www.youtube.com\/channel\/UCZP-2wLEB9Rv6erhFmqVnvg"]},{"@type":"Person","@id":"https:\/\/eldigitaldeasturias.com\/radio\/author\/nbasturias\/#author","url":"https:\/\/eldigitaldeasturias.com\/radio\/author\/nbasturias\/","name":"NBAsturias","image":{"@type":"ImageObject","@id":"https:\/\/eldigitaldeasturias.com\/radio\/duro-felguera-acuerda-formalizar-su-solicitud-para-acogerse-al-fondo-de-rescate-del-gobierno\/#authorImage","url":"https:\/\/secure.gravatar.com\/avatar\/df2aeffc32bcd13f8d26072ef8a91b623d677766deac7f97ca815868cd41bf5e?s=96&d=mm&r=g","width":96,"height":96,"caption":"NBAsturias"}},{"@type":"WebPage","@id":"https:\/\/eldigitaldeasturias.com\/radio\/duro-felguera-acuerda-formalizar-su-solicitud-para-acogerse-al-fondo-de-rescate-del-gobierno\/#webpage","url":"https:\/\/eldigitaldeasturias.com\/radio\/duro-felguera-acuerda-formalizar-su-solicitud-para-acogerse-al-fondo-de-rescate-del-gobierno\/","name":"Duro Felguera acuerda formalizar su solicitud para acogerse al fondo de rescate del Gobierno | El Digital de Asturias","description":"(EUROPA PRESS) - El consejo de administraci\u00f3n de Duro Felguera ha decidido, por unanimidad, formalizar la solicitud para acogerse a las medidas contempladas en el fondo de rescate del Gobierno para empresas estrat\u00e9gicas, as\u00ed como el apoyo del Principado de Asturias, seg\u00fan ha indicado este martes la firma a la Comisi\u00f3n Nacional del Mercado de Valores","inLanguage":"es-ES","isPartOf":{"@id":"https:\/\/eldigitaldeasturias.com\/radio\/#website"},"breadcrumb":{"@id":"https:\/\/eldigitaldeasturias.com\/radio\/duro-felguera-acuerda-formalizar-su-solicitud-para-acogerse-al-fondo-de-rescate-del-gobierno\/#breadcrumblist"},"author":{"@id":"https:\/\/eldigitaldeasturias.com\/radio\/author\/nbasturias\/#author"},"creator":{"@id":"https:\/\/eldigitaldeasturias.com\/radio\/author\/nbasturias\/#author"},"image":{"@type":"ImageObject","url":"https:\/\/eldigitaldeasturias.com\/radio\/wp-content\/uploads\/2020\/08\/Noticias-Urgentes.jpg","@id":"https:\/\/eldigitaldeasturias.com\/radio\/duro-felguera-acuerda-formalizar-su-solicitud-para-acogerse-al-fondo-de-rescate-del-gobierno\/#mainImage","width":640,"height":400},"primaryImageOfPage":{"@id":"https:\/\/eldigitaldeasturias.com\/radio\/duro-felguera-acuerda-formalizar-su-solicitud-para-acogerse-al-fondo-de-rescate-del-gobierno\/#mainImage"},"datePublished":"2020-08-27T12:46:08+02:00","dateModified":"2020-08-27T12:46:08+02:00"},{"@type":"WebSite","@id":"https:\/\/eldigitaldeasturias.com\/radio\/#website","url":"https:\/\/eldigitaldeasturias.com\/radio\/","name":"El Digital de Asturias","description":"Diario de informaci\u00f3n y noticias","inLanguage":"es-ES","publisher":{"@id":"https:\/\/eldigitaldeasturias.com\/radio\/#organization"}}]},"og:locale":"es_ES","og:site_name":"El Digital de Asturias | Diario de informaci\u00f3n y noticias","og:type":"article","og:title":"Duro Felguera acuerda formalizar su solicitud para acogerse al fondo de rescate del Gobierno | El Digital de Asturias","og:description":"(EUROPA PRESS) - El consejo de administraci\u00f3n de Duro Felguera ha decidido, por unanimidad, formalizar la solicitud para acogerse a las medidas contempladas en el fondo de rescate del Gobierno para empresas estrat\u00e9gicas, as\u00ed como el apoyo del Principado de Asturias, seg\u00fan ha indicado este martes la firma a la Comisi\u00f3n Nacional del Mercado de Valores","og:url":"https:\/\/eldigitaldeasturias.com\/radio\/duro-felguera-acuerda-formalizar-su-solicitud-para-acogerse-al-fondo-de-rescate-del-gobierno\/","og:image":"https:\/\/eldigitaldeasturias.com\/radio\/wp-content\/uploads\/2020\/08\/Noticias-Urgentes.jpg","og:image:secure_url":"https:\/\/eldigitaldeasturias.com\/radio\/wp-content\/uploads\/2020\/08\/Noticias-Urgentes.jpg","og:image:width":640,"og:image:height":400,"article:published_time":"2020-08-27T12:46:08+00:00","article:modified_time":"2020-08-27T12:46:08+00:00","twitter:card":"summary_large_image","twitter:site":"@bercodi","twitter:title":"Duro Felguera acuerda formalizar su solicitud para acogerse al fondo de rescate del Gobierno | El Digital de Asturias","twitter:description":"(EUROPA PRESS) - El consejo de administraci\u00f3n de Duro Felguera ha decidido, por unanimidad, formalizar la solicitud para acogerse a las medidas contempladas en el fondo de rescate del Gobierno para empresas estrat\u00e9gicas, as\u00ed como el apoyo del Principado de Asturias, seg\u00fan ha indicado este martes la firma a la Comisi\u00f3n Nacional del Mercado de Valores","twitter:creator":"@bercodi","twitter:image":"https:\/\/eldigitaldeasturias.com\/radio\/wp-content\/uploads\/2020\/08\/Noticias-Urgentes.jpg"},"aioseo_meta_data":{"post_id":"4980","title":null,"description":"","keywords":"","keyphrases":null,"primary_term":null,"canonical_url":"","og_title":null,"og_description":null,"og_object_type":"default","og_image_type":"default","og_image_url":null,"og_image_width":null,"og_image_height":null,"og_image_custom_url":null,"og_image_custom_fields":null,"og_video":null,"og_custom_url":null,"og_article_section":null,"og_article_tags":null,"twitter_use_og":false,"twitter_card":"default","twitter_image_type":"default","twitter_image_url":null,"twitter_image_custom_url":null,"twitter_image_custom_fields":null,"twitter_title":null,"twitter_description":null,"schema":{"blockGraphs":[],"customGraphs":[],"default":{"data":{"Article":[],"Course":[],"Dataset":[],"FAQPage":[],"Movie":[],"Person":[],"Product":[],"ProductReview":[],"Car":[],"Recipe":[],"Service":[],"SoftwareApplication":[],"WebPage":[]},"graphName":"","isEnabled":true},"graphs":[],"defaultGraph":"","defaultPostTypeGraph":""},"schema_type":null,"schema_type_options":null,"pillar_content":false,"robots_default":true,"robots_noindex":false,"robots_noarchive":false,"robots_nosnippet":false,"robots_nofollow":false,"robots_noimageindex":false,"robots_noodp":false,"robots_notranslate":false,"robots_max_snippet":null,"robots_max_videopreview":null,"robots_max_imagepreview":"large","priority":null,"frequency":null,"location":null,"local_seo":null,"seo_analyzer_scan_date":"2025-08-28 17:03:59","breadcrumb_settings":null,"limit_modified_date":false,"open_ai":null,"ai":null,"created":"2021-03-26 10:59:21","updated":"2025-08-28 17:03:59"},"aioseo_breadcrumb":"<div class=\"aioseo-breadcrumbs\"><span class=\"aioseo-breadcrumb\">\n\t<a href=\"https:\/\/eldigitaldeasturias.com\/radio\" title=\"Inicio\">Inicio<\/a>\n<\/span><span class=\"aioseo-breadcrumb-separator\">&ndash;<\/span><span class=\"aioseo-breadcrumb\">\n\t<a href=\"https:\/\/eldigitaldeasturias.com\/radio\/category\/negocios\/\" title=\"Negocios\">Negocios<\/a>\n<\/span><span class=\"aioseo-breadcrumb-separator\">&ndash;<\/span><span class=\"aioseo-breadcrumb\">\n\tDuro Felguera acuerda formalizar su solicitud para acogerse al fondo de rescate del Gobierno\n<\/span><\/div>","aioseo_breadcrumb_json":[{"label":"Inicio","link":"https:\/\/eldigitaldeasturias.com\/radio"},{"label":"Negocios","link":"https:\/\/eldigitaldeasturias.com\/radio\/category\/negocios\/"},{"label":"Duro Felguera acuerda formalizar su solicitud para acogerse al fondo de rescate del Gobierno","link":"https:\/\/eldigitaldeasturias.com\/radio\/duro-felguera-acuerda-formalizar-su-solicitud-para-acogerse-al-fondo-de-rescate-del-gobierno\/"}],"_links":{"self":[{"href":"https:\/\/eldigitaldeasturias.com\/radio\/wp-json\/wp\/v2\/posts\/4980","targetHints":{"allow":["GET"]}}],"collection":[{"href":"https:\/\/eldigitaldeasturias.com\/radio\/wp-json\/wp\/v2\/posts"}],"about":[{"href":"https:\/\/eldigitaldeasturias.com\/radio\/wp-json\/wp\/v2\/types\/post"}],"author":[{"embeddable":true,"href":"https:\/\/eldigitaldeasturias.com\/radio\/wp-json\/wp\/v2\/users\/1"}],"replies":[{"embeddable":true,"href":"https:\/\/eldigitaldeasturias.com\/radio\/wp-json\/wp\/v2\/comments?post=4980"}],"version-history":[{"count":0,"href":"https:\/\/eldigitaldeasturias.com\/radio\/wp-json\/wp\/v2\/posts\/4980\/revisions"}],"wp:featuredmedia":[{"embeddable":true,"href":"https:\/\/eldigitaldeasturias.com\/radio\/wp-json\/wp\/v2\/media\/4972"}],"wp:attachment":[{"href":"https:\/\/eldigitaldeasturias.com\/radio\/wp-json\/wp\/v2\/media?parent=4980"}],"wp:term":[{"taxonomy":"category","embeddable":true,"href":"https:\/\/eldigitaldeasturias.com\/radio\/wp-json\/wp\/v2\/categories?post=4980"},{"taxonomy":"post_tag","embeddable":true,"href":"https:\/\/eldigitaldeasturias.com\/radio\/wp-json\/wp\/v2\/tags?post=4980"}],"curies":[{"name":"wp","href":"https:\/\/api.w.org\/{rel}","templated":true}]}}