{"id":4978,"date":"2020-08-26T11:43:42","date_gmt":"2020-08-26T11:43:42","guid":{"rendered":"http:\/\/www.eldigitaldeasturias.com\/radio\/?p=4978"},"modified":"2020-08-26T11:43:42","modified_gmt":"2020-08-26T11:43:42","slug":"vuelta-a-las-aulas-dudas-y-desacuerdos","status":"publish","type":"post","link":"https:\/\/eldigitaldeasturias.com\/radio\/vuelta-a-las-aulas-dudas-y-desacuerdos\/","title":{"rendered":"Vuelta a las aulas: Dudas y desacuerdos"},"content":{"rendered":"<p><img fetchpriority=\"high\" decoding=\"async\" class=\"alignleft size-medium wp-image-4110\" src=\"http:\/\/www.eldigitaldeasturias.com\/radio\/wp-content\/uploads\/2020\/04\/covid-19-4960246_640-360x194.jpg\" alt=\"\" width=\"360\" height=\"194\" srcset=\"https:\/\/eldigitaldeasturias.com\/radio\/wp-content\/uploads\/2020\/04\/covid-19-4960246_640-360x194.jpg 360w, https:\/\/eldigitaldeasturias.com\/radio\/wp-content\/uploads\/2020\/04\/covid-19-4960246_640.jpg 640w\" sizes=\"(max-width: 360px) 100vw, 360px\" \/>(EUROPA PRESS) &#8211;\u00a0El Ministerio de Educaci\u00f3n y Formaci\u00f3n Profesional (MEFP) ha insistido este lunes 24 de agosto en que el acuerdo para la &#8216;vuelta al cole&#8217; suscrito el pasado mes de junio con las comunidades aut\u00f3nomas, a excepci\u00f3n de Madrid y Pa\u00eds Vasco, sigue vigente. Ello implica que el curso comenzar\u00e1 \u00aben las fechas habituales del mes de septiembre y con la presencialidad como principio general\u00bb, seg\u00fan han se\u00f1alado fuentes de este departamento.<\/p>\n<p>En este sentido, el MEFP se\u00f1ala que no est\u00e1 valorando ninguna modificaci\u00f3n del calendario escolar que, en funci\u00f3n de cada autonom\u00eda empieza entre el 4 y el 15 de septiembre, al tiempo que recalca que fijar la fecha concreta es competencia auton\u00f3mica.<\/p>\n<p>\u00abLas CC.AA., que tienen plenas competencias de gesti\u00f3n educativa, est\u00e1n trabajando en protocolos para la vuelta a la actividad presencial desde junio siguiendo las recomendaciones elaboradas por los Ministerios de Sanidad y Educaci\u00f3n\u00bb, recalca.<\/p>\n<p>Tambi\u00e9n recuerda que el Gobierno ha destinado 2.000 millones de euros del fondo Covid para Educaci\u00f3n y otros 40 millones para el programa PROA de refuerzo educativo, adem\u00e1s de los casi 260 para el Plan Educa en Digital, entre otras inversiones adicionales. Este fondo est\u00e1 previsto que se reparta a principios de septiembre y Podemos ha pedido que se destine a la contrataci\u00f3n de m\u00e1s personal docente.<\/p>\n<p>Antes del verano, tambi\u00e9n hubo pol\u00e9mica al pedir en el Congreso PSOE y Podemos que las ayudas educativas se destinen exclusivamente a los centros de titularidad p\u00fablica. Aunque finalmente, el PSOE pact\u00f3 con ERC que los fondos se destinar\u00edan a atender a la poblaci\u00f3n m\u00e1s vulnerable, esta redacci\u00f3n no convenci\u00f3 a la escuela concertada ni tampoco a partidos como Ciudadanos, PP y Vox y fue uno de los motivos por los que las medidas para la reconstrucci\u00f3n social no salieron adelante.<\/p>\n<p>El Gobierno re\u00fane esta semana a las comunidades aut\u00f3nomas para tratar la &#8216;vuelta al cole&#8217;, que en algunas regiones tiene previsto comenzar la pr\u00f3xima. Primero, este martes 25 de agosto, habr\u00e1 una reuni\u00f3n t\u00e9cnica entre el secretario de Estado, Alejandro Tiana, y los viceconsejeros de Educaci\u00f3n. El pr\u00f3ximo jueves 27 de agosto ser\u00e1 el turno de los consejeros y los ministros de Sanidad, Educaci\u00f3n y FP y Pol\u00edtica Territorial. A\u00fan est\u00e1 pendiente fijar la fecha de la Conferencia de Presidentes monogr\u00e1fica sobre este tema.<\/p>\n<p>La ministra de Educaci\u00f3n, Isabel Cela\u00e1 ha pedido comparecer en el Congreso tras la reuni\u00f3n del 27 de agosto, aunque antes ya lo hab\u00edan solicitado varios grupos parlamentarios. Mientras, la comunidad educativa ha mostrado preocupaci\u00f3n e incertidumbre ante la proximidad de la &#8216;vuelta al cole&#8217;. En este contexto, m\u00e1s de 10.000 personas han firmado una petici\u00f3n para dejar que sean los padres los que decidan si llevan o no a sus hijos a la escuela. Adem\u00e1s, la propia Organizaci\u00f3n Mundial de la Salud (OMS) ha convocado una reuni\u00f3n para tratar este asunto entre sus pa\u00edses miembro el pr\u00f3ximo 31 de agosto.<\/p>\n","protected":false},"excerpt":{"rendered":"<p>(EUROPA PRESS) &#8211;\u00a0El Ministerio de Educaci\u00f3n y Formaci\u00f3n Profesional (MEFP) ha insistido este lunes 24 de agosto en que el acuerdo para la &#8216;vuelta al cole&#8217; suscrito el pasado mes de junio con las comunidades aut\u00f3nomas, a excepci\u00f3n de Madrid y Pa\u00eds Vasco, sigue vigente. Ello implica que el curso comenzar\u00e1 \u00aben las fechas habituales<\/p>\n","protected":false},"author":1,"featured_media":4110,"comment_status":"closed","ping_status":"closed","sticky":false,"template":"","format":"standard","meta":{"footnotes":""},"categories":[1],"tags":[],"class_list":{"0":"post-4978","1":"post","2":"type-post","3":"status-publish","4":"format-standard","5":"has-post-thumbnail","7":"category-noticias"},"aioseo_notices":[],"aioseo_head":"\n\t\t<!-- All in One SEO Pro 4.9.6.2 - aioseo.com -->\n\t<meta name=\"description\" content=\"(EUROPA PRESS) - El Ministerio de Educaci\u00f3n y Formaci\u00f3n Profesional (MEFP) ha insistido este lunes 24 de agosto en que el acuerdo para la &#039;vuelta al cole&#039; suscrito el pasado mes de junio con las comunidades aut\u00f3nomas, a excepci\u00f3n de Madrid y Pa\u00eds Vasco, sigue vigente. Ello implica que el curso comenzar\u00e1 &quot;en las fechas habituales\" \/>\n\t<meta name=\"robots\" content=\"max-image-preview:large\" \/>\n\t<meta name=\"author\" content=\"NBAsturias\"\/>\n\t<meta name=\"google-site-verification\" content=\"UA-38556648-1\" \/>\n\t<meta name=\"keywords\" content=\"noticias\" \/>\n\t<link rel=\"canonical\" href=\"https:\/\/eldigitaldeasturias.com\/radio\/vuelta-a-las-aulas-dudas-y-desacuerdos\/\" \/>\n\t<meta name=\"generator\" content=\"All in One SEO Pro (AIOSEO) 4.9.6.2\" \/>\n\t\t<meta property=\"og:locale\" content=\"es_ES\" \/>\n\t\t<meta property=\"og:site_name\" content=\"El Digital de Asturias | Diario de informaci\u00f3n y noticias\" \/>\n\t\t<meta property=\"og:type\" content=\"article\" \/>\n\t\t<meta property=\"og:title\" content=\"Vuelta a las aulas: Dudas y desacuerdos | El Digital de Asturias\" \/>\n\t\t<meta property=\"og:description\" content=\"(EUROPA PRESS) - El Ministerio de Educaci\u00f3n y Formaci\u00f3n Profesional (MEFP) ha insistido este lunes 24 de agosto en que el acuerdo para la &#039;vuelta al cole&#039; suscrito el pasado mes de junio con las comunidades aut\u00f3nomas, a excepci\u00f3n de Madrid y Pa\u00eds Vasco, sigue vigente. Ello implica que el curso comenzar\u00e1 &quot;en las fechas habituales\" \/>\n\t\t<meta property=\"og:url\" content=\"https:\/\/eldigitaldeasturias.com\/radio\/vuelta-a-las-aulas-dudas-y-desacuerdos\/\" \/>\n\t\t<meta property=\"og:image\" content=\"https:\/\/eldigitaldeasturias.com\/radio\/wp-content\/uploads\/2020\/04\/covid-19-4960246_640.jpg\" \/>\n\t\t<meta property=\"og:image:secure_url\" content=\"https:\/\/eldigitaldeasturias.com\/radio\/wp-content\/uploads\/2020\/04\/covid-19-4960246_640.jpg\" \/>\n\t\t<meta property=\"og:image:width\" content=\"640\" \/>\n\t\t<meta property=\"og:image:height\" content=\"344\" \/>\n\t\t<meta property=\"article:published_time\" content=\"2020-08-26T11:43:42+00:00\" \/>\n\t\t<meta property=\"article:modified_time\" content=\"2020-08-26T11:43:42+00:00\" \/>\n\t\t<meta name=\"twitter:card\" content=\"summary_large_image\" \/>\n\t\t<meta name=\"twitter:site\" content=\"@bercodi\" \/>\n\t\t<meta name=\"twitter:title\" content=\"Vuelta a las aulas: Dudas y desacuerdos | El Digital de Asturias\" \/>\n\t\t<meta name=\"twitter:description\" content=\"(EUROPA PRESS) - El Ministerio de Educaci\u00f3n y Formaci\u00f3n Profesional (MEFP) ha insistido este lunes 24 de agosto en que el acuerdo para la &#039;vuelta al cole&#039; suscrito el pasado mes de junio con las comunidades aut\u00f3nomas, a excepci\u00f3n de Madrid y Pa\u00eds Vasco, sigue vigente. Ello implica que el curso comenzar\u00e1 &quot;en las fechas habituales\" \/>\n\t\t<meta name=\"twitter:creator\" content=\"@bercodi\" \/>\n\t\t<meta name=\"twitter:image\" content=\"https:\/\/eldigitaldeasturias.com\/radio\/wp-content\/uploads\/2020\/04\/covid-19-4960246_640.jpg\" \/>\n\t\t<script type=\"application\/ld+json\" class=\"aioseo-schema\">\n\t\t\t{\"@context\":\"https:\\\/\\\/schema.org\",\"@graph\":[{\"@type\":\"BreadcrumbList\",\"@id\":\"https:\\\/\\\/eldigitaldeasturias.com\\\/radio\\\/vuelta-a-las-aulas-dudas-y-desacuerdos\\\/#breadcrumblist\",\"itemListElement\":[{\"@type\":\"ListItem\",\"@id\":\"https:\\\/\\\/eldigitaldeasturias.com\\\/radio#listItem\",\"position\":1,\"name\":\"Inicio\",\"item\":\"https:\\\/\\\/eldigitaldeasturias.com\\\/radio\",\"nextItem\":{\"@type\":\"ListItem\",\"@id\":\"https:\\\/\\\/eldigitaldeasturias.com\\\/radio\\\/category\\\/noticias\\\/#listItem\",\"name\":\"Noticias\"}},{\"@type\":\"ListItem\",\"@id\":\"https:\\\/\\\/eldigitaldeasturias.com\\\/radio\\\/category\\\/noticias\\\/#listItem\",\"position\":2,\"name\":\"Noticias\",\"item\":\"https:\\\/\\\/eldigitaldeasturias.com\\\/radio\\\/category\\\/noticias\\\/\",\"nextItem\":{\"@type\":\"ListItem\",\"@id\":\"https:\\\/\\\/eldigitaldeasturias.com\\\/radio\\\/vuelta-a-las-aulas-dudas-y-desacuerdos\\\/#listItem\",\"name\":\"Vuelta a las aulas: Dudas y desacuerdos\"},\"previousItem\":{\"@type\":\"ListItem\",\"@id\":\"https:\\\/\\\/eldigitaldeasturias.com\\\/radio#listItem\",\"name\":\"Inicio\"}},{\"@type\":\"ListItem\",\"@id\":\"https:\\\/\\\/eldigitaldeasturias.com\\\/radio\\\/vuelta-a-las-aulas-dudas-y-desacuerdos\\\/#listItem\",\"position\":3,\"name\":\"Vuelta a las aulas: Dudas y desacuerdos\",\"previousItem\":{\"@type\":\"ListItem\",\"@id\":\"https:\\\/\\\/eldigitaldeasturias.com\\\/radio\\\/category\\\/noticias\\\/#listItem\",\"name\":\"Noticias\"}}]},{\"@type\":\"NewsArticle\",\"@id\":\"https:\\\/\\\/eldigitaldeasturias.com\\\/radio\\\/vuelta-a-las-aulas-dudas-y-desacuerdos\\\/#newsarticle\",\"name\":\"Vuelta a las aulas: Dudas y desacuerdos | El Digital de Asturias\",\"headline\":\"Vuelta a las aulas: Dudas y desacuerdos\",\"author\":{\"@id\":\"https:\\\/\\\/eldigitaldeasturias.com\\\/radio\\\/author\\\/nbasturias\\\/#author\"},\"publisher\":{\"@id\":\"https:\\\/\\\/eldigitaldeasturias.com\\\/radio\\\/#organization\"},\"image\":{\"@type\":\"ImageObject\",\"url\":\"https:\\\/\\\/eldigitaldeasturias.com\\\/radio\\\/wp-content\\\/uploads\\\/2020\\\/04\\\/covid-19-4960246_640.jpg\",\"width\":640,\"height\":344},\"datePublished\":\"2020-08-26T11:43:42+02:00\",\"dateModified\":\"2020-08-26T11:43:42+02:00\",\"inLanguage\":\"es-ES\",\"mainEntityOfPage\":{\"@id\":\"https:\\\/\\\/eldigitaldeasturias.com\\\/radio\\\/vuelta-a-las-aulas-dudas-y-desacuerdos\\\/#webpage\"},\"isPartOf\":{\"@id\":\"https:\\\/\\\/eldigitaldeasturias.com\\\/radio\\\/vuelta-a-las-aulas-dudas-y-desacuerdos\\\/#webpage\"},\"articleSection\":\"Noticias\",\"dateline\":\"Publicado el agosto 26, 2020.\"},{\"@type\":\"Organization\",\"@id\":\"https:\\\/\\\/eldigitaldeasturias.com\\\/radio\\\/#organization\",\"name\":\"El digital de Asturias Radio\",\"description\":\"Diario de informaci\\u00f3n y noticias\",\"url\":\"https:\\\/\\\/eldigitaldeasturias.com\\\/radio\\\/\",\"telephone\":\"+34652131393\",\"logo\":{\"@type\":\"ImageObject\",\"url\":\"https:\\\/\\\/www.eldigitaldeasturias.com\\\/radio\\\/wp-content\\\/uploads\\\/2021\\\/03\\\/EDA.jpg\",\"@id\":\"https:\\\/\\\/eldigitaldeasturias.com\\\/radio\\\/vuelta-a-las-aulas-dudas-y-desacuerdos\\\/#organizationLogo\"},\"image\":{\"@id\":\"https:\\\/\\\/eldigitaldeasturias.com\\\/radio\\\/vuelta-a-las-aulas-dudas-y-desacuerdos\\\/#organizationLogo\"},\"sameAs\":[\"https:\\\/\\\/www.facebook.com\\\/\",\"https:\\\/\\\/x.com\\\/bercodi\",\"https:\\\/\\\/www.instagram.com\\\/\",\"https:\\\/\\\/www.youtube.com\\\/channel\\\/UCZP-2wLEB9Rv6erhFmqVnvg\"]},{\"@type\":\"Person\",\"@id\":\"https:\\\/\\\/eldigitaldeasturias.com\\\/radio\\\/author\\\/nbasturias\\\/#author\",\"url\":\"https:\\\/\\\/eldigitaldeasturias.com\\\/radio\\\/author\\\/nbasturias\\\/\",\"name\":\"NBAsturias\",\"image\":{\"@type\":\"ImageObject\",\"@id\":\"https:\\\/\\\/eldigitaldeasturias.com\\\/radio\\\/vuelta-a-las-aulas-dudas-y-desacuerdos\\\/#authorImage\",\"url\":\"https:\\\/\\\/secure.gravatar.com\\\/avatar\\\/df2aeffc32bcd13f8d26072ef8a91b623d677766deac7f97ca815868cd41bf5e?s=96&d=mm&r=g\",\"width\":96,\"height\":96,\"caption\":\"NBAsturias\"}},{\"@type\":\"WebPage\",\"@id\":\"https:\\\/\\\/eldigitaldeasturias.com\\\/radio\\\/vuelta-a-las-aulas-dudas-y-desacuerdos\\\/#webpage\",\"url\":\"https:\\\/\\\/eldigitaldeasturias.com\\\/radio\\\/vuelta-a-las-aulas-dudas-y-desacuerdos\\\/\",\"name\":\"Vuelta a las aulas: Dudas y desacuerdos | El Digital de Asturias\",\"description\":\"(EUROPA PRESS) - El Ministerio de Educaci\\u00f3n y Formaci\\u00f3n Profesional (MEFP) ha insistido este lunes 24 de agosto en que el acuerdo para la 'vuelta al cole' suscrito el pasado mes de junio con las comunidades aut\\u00f3nomas, a excepci\\u00f3n de Madrid y Pa\\u00eds Vasco, sigue vigente. Ello implica que el curso comenzar\\u00e1 \\\"en las fechas habituales\",\"inLanguage\":\"es-ES\",\"isPartOf\":{\"@id\":\"https:\\\/\\\/eldigitaldeasturias.com\\\/radio\\\/#website\"},\"breadcrumb\":{\"@id\":\"https:\\\/\\\/eldigitaldeasturias.com\\\/radio\\\/vuelta-a-las-aulas-dudas-y-desacuerdos\\\/#breadcrumblist\"},\"author\":{\"@id\":\"https:\\\/\\\/eldigitaldeasturias.com\\\/radio\\\/author\\\/nbasturias\\\/#author\"},\"creator\":{\"@id\":\"https:\\\/\\\/eldigitaldeasturias.com\\\/radio\\\/author\\\/nbasturias\\\/#author\"},\"image\":{\"@type\":\"ImageObject\",\"url\":\"https:\\\/\\\/eldigitaldeasturias.com\\\/radio\\\/wp-content\\\/uploads\\\/2020\\\/04\\\/covid-19-4960246_640.jpg\",\"@id\":\"https:\\\/\\\/eldigitaldeasturias.com\\\/radio\\\/vuelta-a-las-aulas-dudas-y-desacuerdos\\\/#mainImage\",\"width\":640,\"height\":344},\"primaryImageOfPage\":{\"@id\":\"https:\\\/\\\/eldigitaldeasturias.com\\\/radio\\\/vuelta-a-las-aulas-dudas-y-desacuerdos\\\/#mainImage\"},\"datePublished\":\"2020-08-26T11:43:42+02:00\",\"dateModified\":\"2020-08-26T11:43:42+02:00\"},{\"@type\":\"WebSite\",\"@id\":\"https:\\\/\\\/eldigitaldeasturias.com\\\/radio\\\/#website\",\"url\":\"https:\\\/\\\/eldigitaldeasturias.com\\\/radio\\\/\",\"name\":\"El Digital de Asturias\",\"description\":\"Diario de informaci\\u00f3n y noticias\",\"inLanguage\":\"es-ES\",\"publisher\":{\"@id\":\"https:\\\/\\\/eldigitaldeasturias.com\\\/radio\\\/#organization\"}}]}\n\t\t<\/script>\n\t\t<!-- All in One SEO Pro -->\r\n\t\t<title>Vuelta a las aulas: Dudas y desacuerdos | El Digital de Asturias<\/title>\n\n","aioseo_head_json":{"title":"Vuelta a las aulas: Dudas y desacuerdos | El Digital de Asturias","description":"(EUROPA PRESS) - El Ministerio de Educaci\u00f3n y Formaci\u00f3n Profesional (MEFP) ha insistido este lunes 24 de agosto en que el acuerdo para la 'vuelta al cole' suscrito el pasado mes de junio con las comunidades aut\u00f3nomas, a excepci\u00f3n de Madrid y Pa\u00eds Vasco, sigue vigente. Ello implica que el curso comenzar\u00e1 \"en las fechas habituales","canonical_url":"https:\/\/eldigitaldeasturias.com\/radio\/vuelta-a-las-aulas-dudas-y-desacuerdos\/","robots":"max-image-preview:large","keywords":"noticias","webmasterTools":{"google-site-verification":"UA-38556648-1","miscellaneous":""},"schema":{"@context":"https:\/\/schema.org","@graph":[{"@type":"BreadcrumbList","@id":"https:\/\/eldigitaldeasturias.com\/radio\/vuelta-a-las-aulas-dudas-y-desacuerdos\/#breadcrumblist","itemListElement":[{"@type":"ListItem","@id":"https:\/\/eldigitaldeasturias.com\/radio#listItem","position":1,"name":"Inicio","item":"https:\/\/eldigitaldeasturias.com\/radio","nextItem":{"@type":"ListItem","@id":"https:\/\/eldigitaldeasturias.com\/radio\/category\/noticias\/#listItem","name":"Noticias"}},{"@type":"ListItem","@id":"https:\/\/eldigitaldeasturias.com\/radio\/category\/noticias\/#listItem","position":2,"name":"Noticias","item":"https:\/\/eldigitaldeasturias.com\/radio\/category\/noticias\/","nextItem":{"@type":"ListItem","@id":"https:\/\/eldigitaldeasturias.com\/radio\/vuelta-a-las-aulas-dudas-y-desacuerdos\/#listItem","name":"Vuelta a las aulas: Dudas y desacuerdos"},"previousItem":{"@type":"ListItem","@id":"https:\/\/eldigitaldeasturias.com\/radio#listItem","name":"Inicio"}},{"@type":"ListItem","@id":"https:\/\/eldigitaldeasturias.com\/radio\/vuelta-a-las-aulas-dudas-y-desacuerdos\/#listItem","position":3,"name":"Vuelta a las aulas: Dudas y desacuerdos","previousItem":{"@type":"ListItem","@id":"https:\/\/eldigitaldeasturias.com\/radio\/category\/noticias\/#listItem","name":"Noticias"}}]},{"@type":"NewsArticle","@id":"https:\/\/eldigitaldeasturias.com\/radio\/vuelta-a-las-aulas-dudas-y-desacuerdos\/#newsarticle","name":"Vuelta a las aulas: Dudas y desacuerdos | El Digital de Asturias","headline":"Vuelta a las aulas: Dudas y desacuerdos","author":{"@id":"https:\/\/eldigitaldeasturias.com\/radio\/author\/nbasturias\/#author"},"publisher":{"@id":"https:\/\/eldigitaldeasturias.com\/radio\/#organization"},"image":{"@type":"ImageObject","url":"https:\/\/eldigitaldeasturias.com\/radio\/wp-content\/uploads\/2020\/04\/covid-19-4960246_640.jpg","width":640,"height":344},"datePublished":"2020-08-26T11:43:42+02:00","dateModified":"2020-08-26T11:43:42+02:00","inLanguage":"es-ES","mainEntityOfPage":{"@id":"https:\/\/eldigitaldeasturias.com\/radio\/vuelta-a-las-aulas-dudas-y-desacuerdos\/#webpage"},"isPartOf":{"@id":"https:\/\/eldigitaldeasturias.com\/radio\/vuelta-a-las-aulas-dudas-y-desacuerdos\/#webpage"},"articleSection":"Noticias","dateline":"Publicado el agosto 26, 2020."},{"@type":"Organization","@id":"https:\/\/eldigitaldeasturias.com\/radio\/#organization","name":"El digital de Asturias Radio","description":"Diario de informaci\u00f3n y noticias","url":"https:\/\/eldigitaldeasturias.com\/radio\/","telephone":"+34652131393","logo":{"@type":"ImageObject","url":"https:\/\/www.eldigitaldeasturias.com\/radio\/wp-content\/uploads\/2021\/03\/EDA.jpg","@id":"https:\/\/eldigitaldeasturias.com\/radio\/vuelta-a-las-aulas-dudas-y-desacuerdos\/#organizationLogo"},"image":{"@id":"https:\/\/eldigitaldeasturias.com\/radio\/vuelta-a-las-aulas-dudas-y-desacuerdos\/#organizationLogo"},"sameAs":["https:\/\/www.facebook.com\/","https:\/\/x.com\/bercodi","https:\/\/www.instagram.com\/","https:\/\/www.youtube.com\/channel\/UCZP-2wLEB9Rv6erhFmqVnvg"]},{"@type":"Person","@id":"https:\/\/eldigitaldeasturias.com\/radio\/author\/nbasturias\/#author","url":"https:\/\/eldigitaldeasturias.com\/radio\/author\/nbasturias\/","name":"NBAsturias","image":{"@type":"ImageObject","@id":"https:\/\/eldigitaldeasturias.com\/radio\/vuelta-a-las-aulas-dudas-y-desacuerdos\/#authorImage","url":"https:\/\/secure.gravatar.com\/avatar\/df2aeffc32bcd13f8d26072ef8a91b623d677766deac7f97ca815868cd41bf5e?s=96&d=mm&r=g","width":96,"height":96,"caption":"NBAsturias"}},{"@type":"WebPage","@id":"https:\/\/eldigitaldeasturias.com\/radio\/vuelta-a-las-aulas-dudas-y-desacuerdos\/#webpage","url":"https:\/\/eldigitaldeasturias.com\/radio\/vuelta-a-las-aulas-dudas-y-desacuerdos\/","name":"Vuelta a las aulas: Dudas y desacuerdos | El Digital de Asturias","description":"(EUROPA PRESS) - El Ministerio de Educaci\u00f3n y Formaci\u00f3n Profesional (MEFP) ha insistido este lunes 24 de agosto en que el acuerdo para la 'vuelta al cole' suscrito el pasado mes de junio con las comunidades aut\u00f3nomas, a excepci\u00f3n de Madrid y Pa\u00eds Vasco, sigue vigente. Ello implica que el curso comenzar\u00e1 \"en las fechas habituales","inLanguage":"es-ES","isPartOf":{"@id":"https:\/\/eldigitaldeasturias.com\/radio\/#website"},"breadcrumb":{"@id":"https:\/\/eldigitaldeasturias.com\/radio\/vuelta-a-las-aulas-dudas-y-desacuerdos\/#breadcrumblist"},"author":{"@id":"https:\/\/eldigitaldeasturias.com\/radio\/author\/nbasturias\/#author"},"creator":{"@id":"https:\/\/eldigitaldeasturias.com\/radio\/author\/nbasturias\/#author"},"image":{"@type":"ImageObject","url":"https:\/\/eldigitaldeasturias.com\/radio\/wp-content\/uploads\/2020\/04\/covid-19-4960246_640.jpg","@id":"https:\/\/eldigitaldeasturias.com\/radio\/vuelta-a-las-aulas-dudas-y-desacuerdos\/#mainImage","width":640,"height":344},"primaryImageOfPage":{"@id":"https:\/\/eldigitaldeasturias.com\/radio\/vuelta-a-las-aulas-dudas-y-desacuerdos\/#mainImage"},"datePublished":"2020-08-26T11:43:42+02:00","dateModified":"2020-08-26T11:43:42+02:00"},{"@type":"WebSite","@id":"https:\/\/eldigitaldeasturias.com\/radio\/#website","url":"https:\/\/eldigitaldeasturias.com\/radio\/","name":"El Digital de Asturias","description":"Diario de informaci\u00f3n y noticias","inLanguage":"es-ES","publisher":{"@id":"https:\/\/eldigitaldeasturias.com\/radio\/#organization"}}]},"og:locale":"es_ES","og:site_name":"El Digital de Asturias | Diario de informaci\u00f3n y noticias","og:type":"article","og:title":"Vuelta a las aulas: Dudas y desacuerdos | El Digital de Asturias","og:description":"(EUROPA PRESS) - El Ministerio de Educaci\u00f3n y Formaci\u00f3n Profesional (MEFP) ha insistido este lunes 24 de agosto en que el acuerdo para la 'vuelta al cole' suscrito el pasado mes de junio con las comunidades aut\u00f3nomas, a excepci\u00f3n de Madrid y Pa\u00eds Vasco, sigue vigente. Ello implica que el curso comenzar\u00e1 &quot;en las fechas habituales","og:url":"https:\/\/eldigitaldeasturias.com\/radio\/vuelta-a-las-aulas-dudas-y-desacuerdos\/","og:image":"https:\/\/eldigitaldeasturias.com\/radio\/wp-content\/uploads\/2020\/04\/covid-19-4960246_640.jpg","og:image:secure_url":"https:\/\/eldigitaldeasturias.com\/radio\/wp-content\/uploads\/2020\/04\/covid-19-4960246_640.jpg","og:image:width":640,"og:image:height":344,"article:published_time":"2020-08-26T11:43:42+00:00","article:modified_time":"2020-08-26T11:43:42+00:00","twitter:card":"summary_large_image","twitter:site":"@bercodi","twitter:title":"Vuelta a las aulas: Dudas y desacuerdos | El Digital de Asturias","twitter:description":"(EUROPA PRESS) - El Ministerio de Educaci\u00f3n y Formaci\u00f3n Profesional (MEFP) ha insistido este lunes 24 de agosto en que el acuerdo para la 'vuelta al cole' suscrito el pasado mes de junio con las comunidades aut\u00f3nomas, a excepci\u00f3n de Madrid y Pa\u00eds Vasco, sigue vigente. Ello implica que el curso comenzar\u00e1 &quot;en las fechas habituales","twitter:creator":"@bercodi","twitter:image":"https:\/\/eldigitaldeasturias.com\/radio\/wp-content\/uploads\/2020\/04\/covid-19-4960246_640.jpg"},"aioseo_meta_data":{"post_id":"4978","title":null,"description":"","keywords":"","keyphrases":null,"primary_term":null,"canonical_url":"","og_title":null,"og_description":null,"og_object_type":"default","og_image_type":"default","og_image_url":null,"og_image_width":null,"og_image_height":null,"og_image_custom_url":null,"og_image_custom_fields":null,"og_video":null,"og_custom_url":null,"og_article_section":null,"og_article_tags":null,"twitter_use_og":false,"twitter_card":"default","twitter_image_type":"default","twitter_image_url":null,"twitter_image_custom_url":null,"twitter_image_custom_fields":null,"twitter_title":null,"twitter_description":null,"schema":{"blockGraphs":[],"customGraphs":[],"default":{"data":{"Article":[],"Course":[],"Dataset":[],"FAQPage":[],"Movie":[],"Person":[],"Product":[],"ProductReview":[],"Car":[],"Recipe":[],"Service":[],"SoftwareApplication":[],"WebPage":[]},"graphName":"","isEnabled":true},"graphs":[],"defaultGraph":"","defaultPostTypeGraph":""},"schema_type":null,"schema_type_options":null,"pillar_content":false,"robots_default":true,"robots_noindex":false,"robots_noarchive":false,"robots_nosnippet":false,"robots_nofollow":false,"robots_noimageindex":false,"robots_noodp":false,"robots_notranslate":false,"robots_max_snippet":null,"robots_max_videopreview":null,"robots_max_imagepreview":"large","priority":null,"frequency":null,"location":null,"local_seo":null,"seo_analyzer_scan_date":"2025-08-28 17:03:58","breadcrumb_settings":null,"limit_modified_date":false,"open_ai":null,"ai":null,"created":"2021-03-25 20:13:11","updated":"2025-08-28 17:03:58"},"aioseo_breadcrumb":"<div class=\"aioseo-breadcrumbs\"><span class=\"aioseo-breadcrumb\">\n\t<a href=\"https:\/\/eldigitaldeasturias.com\/radio\" title=\"Inicio\">Inicio<\/a>\n<\/span><span class=\"aioseo-breadcrumb-separator\">&ndash;<\/span><span class=\"aioseo-breadcrumb\">\n\t<a href=\"https:\/\/eldigitaldeasturias.com\/radio\/category\/noticias\/\" title=\"Noticias\">Noticias<\/a>\n<\/span><span class=\"aioseo-breadcrumb-separator\">&ndash;<\/span><span class=\"aioseo-breadcrumb\">\n\tVuelta a las aulas: Dudas y desacuerdos\n<\/span><\/div>","aioseo_breadcrumb_json":[{"label":"Inicio","link":"https:\/\/eldigitaldeasturias.com\/radio"},{"label":"Noticias","link":"https:\/\/eldigitaldeasturias.com\/radio\/category\/noticias\/"},{"label":"Vuelta a las aulas: Dudas y desacuerdos","link":"https:\/\/eldigitaldeasturias.com\/radio\/vuelta-a-las-aulas-dudas-y-desacuerdos\/"}],"_links":{"self":[{"href":"https:\/\/eldigitaldeasturias.com\/radio\/wp-json\/wp\/v2\/posts\/4978","targetHints":{"allow":["GET"]}}],"collection":[{"href":"https:\/\/eldigitaldeasturias.com\/radio\/wp-json\/wp\/v2\/posts"}],"about":[{"href":"https:\/\/eldigitaldeasturias.com\/radio\/wp-json\/wp\/v2\/types\/post"}],"author":[{"embeddable":true,"href":"https:\/\/eldigitaldeasturias.com\/radio\/wp-json\/wp\/v2\/users\/1"}],"replies":[{"embeddable":true,"href":"https:\/\/eldigitaldeasturias.com\/radio\/wp-json\/wp\/v2\/comments?post=4978"}],"version-history":[{"count":0,"href":"https:\/\/eldigitaldeasturias.com\/radio\/wp-json\/wp\/v2\/posts\/4978\/revisions"}],"wp:featuredmedia":[{"embeddable":true,"href":"https:\/\/eldigitaldeasturias.com\/radio\/wp-json\/wp\/v2\/media\/4110"}],"wp:attachment":[{"href":"https:\/\/eldigitaldeasturias.com\/radio\/wp-json\/wp\/v2\/media?parent=4978"}],"wp:term":[{"taxonomy":"category","embeddable":true,"href":"https:\/\/eldigitaldeasturias.com\/radio\/wp-json\/wp\/v2\/categories?post=4978"},{"taxonomy":"post_tag","embeddable":true,"href":"https:\/\/eldigitaldeasturias.com\/radio\/wp-json\/wp\/v2\/tags?post=4978"}],"curies":[{"name":"wp","href":"https:\/\/api.w.org\/{rel}","templated":true}]}}