{"id":4976,"date":"2020-08-26T11:12:34","date_gmt":"2020-08-26T11:12:34","guid":{"rendered":"http:\/\/www.eldigitaldeasturias.com\/radio\/?p=4976"},"modified":"2020-08-26T11:12:34","modified_gmt":"2020-08-26T11:12:34","slug":"covid-19-se-disparan-los-nuevos-casos-en-espana","status":"publish","type":"post","link":"https:\/\/eldigitaldeasturias.com\/radio\/covid-19-se-disparan-los-nuevos-casos-en-espana\/","title":{"rendered":"Covid-19: Se disparan los nuevos casos en Espa\u00f1a"},"content":{"rendered":"<p><img fetchpriority=\"high\" decoding=\"async\" class=\"alignleft size-medium wp-image-4972\" src=\"http:\/\/www.eldigitaldeasturias.com\/radio\/wp-content\/uploads\/2020\/08\/Noticias-Urgentes-360x225.jpg\" alt=\"\" width=\"360\" height=\"225\" srcset=\"https:\/\/eldigitaldeasturias.com\/radio\/wp-content\/uploads\/2020\/08\/Noticias-Urgentes-360x225.jpg 360w, https:\/\/eldigitaldeasturias.com\/radio\/wp-content\/uploads\/2020\/08\/Noticias-Urgentes.jpg 640w\" sizes=\"(max-width: 360px) 100vw, 360px\" \/>(EUROPA PRESS) &#8211;\u00a0El Ministerio de Sanidad ha informado este lunes de 2.060 nuevos casos de COVID-19 diagnosticados en las \u00faltimas 24 horas, en comparaci\u00f3n con los 3.650 del viernes, pero ha a\u00f1adido 19.382 a la cifra total de positivos desde el inicio de la pandemia frente al \u00faltimo informe (405.436 este lunes y 386.054 el viernes). En las \u00faltimas dos semanas se han diagnosticado 20.969 positivos, 5.051 en los pasados siete d\u00edas.<\/p>\n<p>De los 2.060 nuevos casos con fecha de diagn\u00f3stico de este domingo, 292 se han localizado en Andaluc\u00eda, 216 en Arag\u00f3n, 19 en Asturias, seis en Baleares, 115 en Canarias, 37 en Cantabria, 38 en Castilla-La Mancha, 33 en Castilla y Le\u00f3n, 84 en Catalu\u00f1a, uno en Ceuta, dos en Comunidad Valenciana, 42 en Extremadura, 150 en Galicia, 409 en Madrid, 25 en Melilla, cinco en Murcia, 95 en Navarra, 413 en Pa\u00eds Vasco y 78 en La Rioja.<\/p>\n<p>Por otra parte, se ha producido un ligero descenso en el n\u00famero de muertes en la \u00faltima semana, pasando de las 125 registradas el viernes a las 96 de hoy. Un total de 28.872 personas han fallecido con COVID-19 en Espa\u00f1a con prueba positiva confirmada.<\/p>\n<p>De los 96 fallecidos en los \u00faltimos siete d\u00edas, nueve muertes se han dado en Andaluc\u00eda, 19 en Arag\u00f3n, una en Asturias, dos en Baleares, una en Canarias, una en Castilla-La Mancha, tres en Castilla y Le\u00f3n, seis en Catalu\u00f1a, siete en Comunidad Valenciana, tres en Extremadura, siete en Galicia, 32 en Madrid, una en Murcia, una en Navarra y dos en La Rioja.<\/p>\n<p>Adem\u00e1s, en los pasados siete d\u00edas se han registrado 1.294 ingresos hospitalarios (131.673 desde que el virus lleg\u00f3 a Espa\u00f1a): 180 en Andaluc\u00eda, 127 en Arag\u00f3n, uno en Asturias, 12 en Baleares, 100 en Canarias, 27 en Cantabria, doce en Castilla-La Mancha, 92 en Castilla y Le\u00f3n, 60 en Catalu\u00f1a, uno en Ceuta, 103 en Comunidad Valenciana, 23 en Extremadura, 86 en Galicia, 350 en Madrid, seis en Melilla, 55 en Murcia, 39 en Navarra, uno en Pa\u00eds Vasco y 19 en La Rioja.<\/p>\n<p>Junto con 74 ingresos en Unidad de Cuidados Intensivos (UCI), para un c\u00f3mputo global de 12.098: seis en Andaluc\u00eda, dos en Arag\u00f3n, tres en Baleares, 16 en Canarias, dos en Cantabria, seis en Castilla y Le\u00f3n, cinco en Catalu\u00f1a, cuatro en Comunidad Valenciana, dos en Extremadura, siete en Galicia, trece en Madrid, dos en Murcia, cinco en Navarra y uno en La Rioja.<\/p>\n<p>&nbsp;<\/p>\n","protected":false},"excerpt":{"rendered":"<p>(EUROPA PRESS) &#8211;\u00a0El Ministerio de Sanidad ha informado este lunes de 2.060 nuevos casos de COVID-19 diagnosticados en las \u00faltimas 24 horas, en comparaci\u00f3n con los 3.650 del viernes, pero ha a\u00f1adido 19.382 a la cifra total de positivos desde el inicio de la pandemia frente al \u00faltimo informe (405.436 este lunes y 386.054 el<\/p>\n","protected":false},"author":1,"featured_media":4972,"comment_status":"closed","ping_status":"closed","sticky":false,"template":"","format":"standard","meta":{"footnotes":""},"categories":[1],"tags":[],"class_list":{"0":"post-4976","1":"post","2":"type-post","3":"status-publish","4":"format-standard","5":"has-post-thumbnail","7":"category-noticias"},"aioseo_notices":[],"aioseo_head":"\n\t\t<!-- All in One SEO Pro 4.9.6.2 - aioseo.com -->\n\t<meta name=\"description\" content=\"(EUROPA PRESS) - El Ministerio de Sanidad ha informado este lunes de 2.060 nuevos casos de COVID-19 diagnosticados en las \u00faltimas 24 horas, en comparaci\u00f3n con los 3.650 del viernes, pero ha a\u00f1adido 19.382 a la cifra total de positivos desde el inicio de la pandemia frente al \u00faltimo informe (405.436 este lunes y 386.054 el\" \/>\n\t<meta name=\"robots\" content=\"max-image-preview:large\" \/>\n\t<meta name=\"author\" content=\"NBAsturias\"\/>\n\t<meta name=\"google-site-verification\" content=\"UA-38556648-1\" \/>\n\t<meta name=\"keywords\" content=\"noticias\" \/>\n\t<link rel=\"canonical\" href=\"https:\/\/eldigitaldeasturias.com\/radio\/covid-19-se-disparan-los-nuevos-casos-en-espana\/\" \/>\n\t<meta name=\"generator\" content=\"All in One SEO Pro (AIOSEO) 4.9.6.2\" \/>\n\t\t<meta property=\"og:locale\" content=\"es_ES\" \/>\n\t\t<meta property=\"og:site_name\" content=\"El Digital de Asturias | Diario de informaci\u00f3n y noticias\" \/>\n\t\t<meta property=\"og:type\" content=\"article\" \/>\n\t\t<meta property=\"og:title\" content=\"Covid-19: Se disparan los nuevos casos en Espa\u00f1a | El Digital de Asturias\" \/>\n\t\t<meta property=\"og:description\" content=\"(EUROPA PRESS) - El Ministerio de Sanidad ha informado este lunes de 2.060 nuevos casos de COVID-19 diagnosticados en las \u00faltimas 24 horas, en comparaci\u00f3n con los 3.650 del viernes, pero ha a\u00f1adido 19.382 a la cifra total de positivos desde el inicio de la pandemia frente al \u00faltimo informe (405.436 este lunes y 386.054 el\" \/>\n\t\t<meta property=\"og:url\" content=\"https:\/\/eldigitaldeasturias.com\/radio\/covid-19-se-disparan-los-nuevos-casos-en-espana\/\" \/>\n\t\t<meta property=\"og:image\" content=\"https:\/\/eldigitaldeasturias.com\/radio\/wp-content\/uploads\/2020\/08\/Noticias-Urgentes.jpg\" \/>\n\t\t<meta property=\"og:image:secure_url\" content=\"https:\/\/eldigitaldeasturias.com\/radio\/wp-content\/uploads\/2020\/08\/Noticias-Urgentes.jpg\" \/>\n\t\t<meta property=\"og:image:width\" content=\"640\" \/>\n\t\t<meta property=\"og:image:height\" content=\"400\" \/>\n\t\t<meta property=\"article:published_time\" content=\"2020-08-26T11:12:34+00:00\" \/>\n\t\t<meta property=\"article:modified_time\" content=\"2020-08-26T11:12:34+00:00\" \/>\n\t\t<meta name=\"twitter:card\" content=\"summary_large_image\" \/>\n\t\t<meta name=\"twitter:site\" content=\"@bercodi\" \/>\n\t\t<meta name=\"twitter:title\" content=\"Covid-19: Se disparan los nuevos casos en Espa\u00f1a | El Digital de Asturias\" \/>\n\t\t<meta name=\"twitter:description\" content=\"(EUROPA PRESS) - El Ministerio de Sanidad ha informado este lunes de 2.060 nuevos casos de COVID-19 diagnosticados en las \u00faltimas 24 horas, en comparaci\u00f3n con los 3.650 del viernes, pero ha a\u00f1adido 19.382 a la cifra total de positivos desde el inicio de la pandemia frente al \u00faltimo informe (405.436 este lunes y 386.054 el\" \/>\n\t\t<meta name=\"twitter:creator\" content=\"@bercodi\" \/>\n\t\t<meta name=\"twitter:image\" content=\"https:\/\/eldigitaldeasturias.com\/radio\/wp-content\/uploads\/2020\/08\/Noticias-Urgentes.jpg\" \/>\n\t\t<script type=\"application\/ld+json\" class=\"aioseo-schema\">\n\t\t\t{\"@context\":\"https:\\\/\\\/schema.org\",\"@graph\":[{\"@type\":\"BreadcrumbList\",\"@id\":\"https:\\\/\\\/eldigitaldeasturias.com\\\/radio\\\/covid-19-se-disparan-los-nuevos-casos-en-espana\\\/#breadcrumblist\",\"itemListElement\":[{\"@type\":\"ListItem\",\"@id\":\"https:\\\/\\\/eldigitaldeasturias.com\\\/radio#listItem\",\"position\":1,\"name\":\"Inicio\",\"item\":\"https:\\\/\\\/eldigitaldeasturias.com\\\/radio\",\"nextItem\":{\"@type\":\"ListItem\",\"@id\":\"https:\\\/\\\/eldigitaldeasturias.com\\\/radio\\\/category\\\/noticias\\\/#listItem\",\"name\":\"Noticias\"}},{\"@type\":\"ListItem\",\"@id\":\"https:\\\/\\\/eldigitaldeasturias.com\\\/radio\\\/category\\\/noticias\\\/#listItem\",\"position\":2,\"name\":\"Noticias\",\"item\":\"https:\\\/\\\/eldigitaldeasturias.com\\\/radio\\\/category\\\/noticias\\\/\",\"nextItem\":{\"@type\":\"ListItem\",\"@id\":\"https:\\\/\\\/eldigitaldeasturias.com\\\/radio\\\/covid-19-se-disparan-los-nuevos-casos-en-espana\\\/#listItem\",\"name\":\"Covid-19: Se disparan los nuevos casos en Espa\\u00f1a\"},\"previousItem\":{\"@type\":\"ListItem\",\"@id\":\"https:\\\/\\\/eldigitaldeasturias.com\\\/radio#listItem\",\"name\":\"Inicio\"}},{\"@type\":\"ListItem\",\"@id\":\"https:\\\/\\\/eldigitaldeasturias.com\\\/radio\\\/covid-19-se-disparan-los-nuevos-casos-en-espana\\\/#listItem\",\"position\":3,\"name\":\"Covid-19: Se disparan los nuevos casos en Espa\\u00f1a\",\"previousItem\":{\"@type\":\"ListItem\",\"@id\":\"https:\\\/\\\/eldigitaldeasturias.com\\\/radio\\\/category\\\/noticias\\\/#listItem\",\"name\":\"Noticias\"}}]},{\"@type\":\"NewsArticle\",\"@id\":\"https:\\\/\\\/eldigitaldeasturias.com\\\/radio\\\/covid-19-se-disparan-los-nuevos-casos-en-espana\\\/#newsarticle\",\"name\":\"Covid-19: Se disparan los nuevos casos en Espa\\u00f1a | El Digital de Asturias\",\"headline\":\"Covid-19: Se disparan los nuevos casos en Espa\\u00f1a\",\"author\":{\"@id\":\"https:\\\/\\\/eldigitaldeasturias.com\\\/radio\\\/author\\\/nbasturias\\\/#author\"},\"publisher\":{\"@id\":\"https:\\\/\\\/eldigitaldeasturias.com\\\/radio\\\/#organization\"},\"image\":{\"@type\":\"ImageObject\",\"url\":\"https:\\\/\\\/eldigitaldeasturias.com\\\/radio\\\/wp-content\\\/uploads\\\/2020\\\/08\\\/Noticias-Urgentes.jpg\",\"width\":640,\"height\":400},\"datePublished\":\"2020-08-26T11:12:34+02:00\",\"dateModified\":\"2020-08-26T11:12:34+02:00\",\"inLanguage\":\"es-ES\",\"mainEntityOfPage\":{\"@id\":\"https:\\\/\\\/eldigitaldeasturias.com\\\/radio\\\/covid-19-se-disparan-los-nuevos-casos-en-espana\\\/#webpage\"},\"isPartOf\":{\"@id\":\"https:\\\/\\\/eldigitaldeasturias.com\\\/radio\\\/covid-19-se-disparan-los-nuevos-casos-en-espana\\\/#webpage\"},\"articleSection\":\"Noticias\",\"dateline\":\"Publicado el agosto 26, 2020.\"},{\"@type\":\"Organization\",\"@id\":\"https:\\\/\\\/eldigitaldeasturias.com\\\/radio\\\/#organization\",\"name\":\"El digital de Asturias Radio\",\"description\":\"Diario de informaci\\u00f3n y noticias\",\"url\":\"https:\\\/\\\/eldigitaldeasturias.com\\\/radio\\\/\",\"telephone\":\"+34652131393\",\"logo\":{\"@type\":\"ImageObject\",\"url\":\"https:\\\/\\\/www.eldigitaldeasturias.com\\\/radio\\\/wp-content\\\/uploads\\\/2021\\\/03\\\/EDA.jpg\",\"@id\":\"https:\\\/\\\/eldigitaldeasturias.com\\\/radio\\\/covid-19-se-disparan-los-nuevos-casos-en-espana\\\/#organizationLogo\"},\"image\":{\"@id\":\"https:\\\/\\\/eldigitaldeasturias.com\\\/radio\\\/covid-19-se-disparan-los-nuevos-casos-en-espana\\\/#organizationLogo\"},\"sameAs\":[\"https:\\\/\\\/www.facebook.com\\\/\",\"https:\\\/\\\/x.com\\\/bercodi\",\"https:\\\/\\\/www.instagram.com\\\/\",\"https:\\\/\\\/www.youtube.com\\\/channel\\\/UCZP-2wLEB9Rv6erhFmqVnvg\"]},{\"@type\":\"Person\",\"@id\":\"https:\\\/\\\/eldigitaldeasturias.com\\\/radio\\\/author\\\/nbasturias\\\/#author\",\"url\":\"https:\\\/\\\/eldigitaldeasturias.com\\\/radio\\\/author\\\/nbasturias\\\/\",\"name\":\"NBAsturias\",\"image\":{\"@type\":\"ImageObject\",\"@id\":\"https:\\\/\\\/eldigitaldeasturias.com\\\/radio\\\/covid-19-se-disparan-los-nuevos-casos-en-espana\\\/#authorImage\",\"url\":\"https:\\\/\\\/secure.gravatar.com\\\/avatar\\\/df2aeffc32bcd13f8d26072ef8a91b623d677766deac7f97ca815868cd41bf5e?s=96&d=mm&r=g\",\"width\":96,\"height\":96,\"caption\":\"NBAsturias\"}},{\"@type\":\"WebPage\",\"@id\":\"https:\\\/\\\/eldigitaldeasturias.com\\\/radio\\\/covid-19-se-disparan-los-nuevos-casos-en-espana\\\/#webpage\",\"url\":\"https:\\\/\\\/eldigitaldeasturias.com\\\/radio\\\/covid-19-se-disparan-los-nuevos-casos-en-espana\\\/\",\"name\":\"Covid-19: Se disparan los nuevos casos en Espa\\u00f1a | El Digital de Asturias\",\"description\":\"(EUROPA PRESS) - El Ministerio de Sanidad ha informado este lunes de 2.060 nuevos casos de COVID-19 diagnosticados en las \\u00faltimas 24 horas, en comparaci\\u00f3n con los 3.650 del viernes, pero ha a\\u00f1adido 19.382 a la cifra total de positivos desde el inicio de la pandemia frente al \\u00faltimo informe (405.436 este lunes y 386.054 el\",\"inLanguage\":\"es-ES\",\"isPartOf\":{\"@id\":\"https:\\\/\\\/eldigitaldeasturias.com\\\/radio\\\/#website\"},\"breadcrumb\":{\"@id\":\"https:\\\/\\\/eldigitaldeasturias.com\\\/radio\\\/covid-19-se-disparan-los-nuevos-casos-en-espana\\\/#breadcrumblist\"},\"author\":{\"@id\":\"https:\\\/\\\/eldigitaldeasturias.com\\\/radio\\\/author\\\/nbasturias\\\/#author\"},\"creator\":{\"@id\":\"https:\\\/\\\/eldigitaldeasturias.com\\\/radio\\\/author\\\/nbasturias\\\/#author\"},\"image\":{\"@type\":\"ImageObject\",\"url\":\"https:\\\/\\\/eldigitaldeasturias.com\\\/radio\\\/wp-content\\\/uploads\\\/2020\\\/08\\\/Noticias-Urgentes.jpg\",\"@id\":\"https:\\\/\\\/eldigitaldeasturias.com\\\/radio\\\/covid-19-se-disparan-los-nuevos-casos-en-espana\\\/#mainImage\",\"width\":640,\"height\":400},\"primaryImageOfPage\":{\"@id\":\"https:\\\/\\\/eldigitaldeasturias.com\\\/radio\\\/covid-19-se-disparan-los-nuevos-casos-en-espana\\\/#mainImage\"},\"datePublished\":\"2020-08-26T11:12:34+02:00\",\"dateModified\":\"2020-08-26T11:12:34+02:00\"},{\"@type\":\"WebSite\",\"@id\":\"https:\\\/\\\/eldigitaldeasturias.com\\\/radio\\\/#website\",\"url\":\"https:\\\/\\\/eldigitaldeasturias.com\\\/radio\\\/\",\"name\":\"El Digital de Asturias\",\"description\":\"Diario de informaci\\u00f3n y noticias\",\"inLanguage\":\"es-ES\",\"publisher\":{\"@id\":\"https:\\\/\\\/eldigitaldeasturias.com\\\/radio\\\/#organization\"}}]}\n\t\t<\/script>\n\t\t<!-- All in One SEO Pro -->\r\n\t\t<title>Covid-19: Se disparan los nuevos casos en Espa\u00f1a | El Digital de Asturias<\/title>\n\n","aioseo_head_json":{"title":"Covid-19: Se disparan los nuevos casos en Espa\u00f1a | El Digital de Asturias","description":"(EUROPA PRESS) - El Ministerio de Sanidad ha informado este lunes de 2.060 nuevos casos de COVID-19 diagnosticados en las \u00faltimas 24 horas, en comparaci\u00f3n con los 3.650 del viernes, pero ha a\u00f1adido 19.382 a la cifra total de positivos desde el inicio de la pandemia frente al \u00faltimo informe (405.436 este lunes y 386.054 el","canonical_url":"https:\/\/eldigitaldeasturias.com\/radio\/covid-19-se-disparan-los-nuevos-casos-en-espana\/","robots":"max-image-preview:large","keywords":"noticias","webmasterTools":{"google-site-verification":"UA-38556648-1","miscellaneous":""},"schema":{"@context":"https:\/\/schema.org","@graph":[{"@type":"BreadcrumbList","@id":"https:\/\/eldigitaldeasturias.com\/radio\/covid-19-se-disparan-los-nuevos-casos-en-espana\/#breadcrumblist","itemListElement":[{"@type":"ListItem","@id":"https:\/\/eldigitaldeasturias.com\/radio#listItem","position":1,"name":"Inicio","item":"https:\/\/eldigitaldeasturias.com\/radio","nextItem":{"@type":"ListItem","@id":"https:\/\/eldigitaldeasturias.com\/radio\/category\/noticias\/#listItem","name":"Noticias"}},{"@type":"ListItem","@id":"https:\/\/eldigitaldeasturias.com\/radio\/category\/noticias\/#listItem","position":2,"name":"Noticias","item":"https:\/\/eldigitaldeasturias.com\/radio\/category\/noticias\/","nextItem":{"@type":"ListItem","@id":"https:\/\/eldigitaldeasturias.com\/radio\/covid-19-se-disparan-los-nuevos-casos-en-espana\/#listItem","name":"Covid-19: Se disparan los nuevos casos en Espa\u00f1a"},"previousItem":{"@type":"ListItem","@id":"https:\/\/eldigitaldeasturias.com\/radio#listItem","name":"Inicio"}},{"@type":"ListItem","@id":"https:\/\/eldigitaldeasturias.com\/radio\/covid-19-se-disparan-los-nuevos-casos-en-espana\/#listItem","position":3,"name":"Covid-19: Se disparan los nuevos casos en Espa\u00f1a","previousItem":{"@type":"ListItem","@id":"https:\/\/eldigitaldeasturias.com\/radio\/category\/noticias\/#listItem","name":"Noticias"}}]},{"@type":"NewsArticle","@id":"https:\/\/eldigitaldeasturias.com\/radio\/covid-19-se-disparan-los-nuevos-casos-en-espana\/#newsarticle","name":"Covid-19: Se disparan los nuevos casos en Espa\u00f1a | El Digital de Asturias","headline":"Covid-19: Se disparan los nuevos casos en Espa\u00f1a","author":{"@id":"https:\/\/eldigitaldeasturias.com\/radio\/author\/nbasturias\/#author"},"publisher":{"@id":"https:\/\/eldigitaldeasturias.com\/radio\/#organization"},"image":{"@type":"ImageObject","url":"https:\/\/eldigitaldeasturias.com\/radio\/wp-content\/uploads\/2020\/08\/Noticias-Urgentes.jpg","width":640,"height":400},"datePublished":"2020-08-26T11:12:34+02:00","dateModified":"2020-08-26T11:12:34+02:00","inLanguage":"es-ES","mainEntityOfPage":{"@id":"https:\/\/eldigitaldeasturias.com\/radio\/covid-19-se-disparan-los-nuevos-casos-en-espana\/#webpage"},"isPartOf":{"@id":"https:\/\/eldigitaldeasturias.com\/radio\/covid-19-se-disparan-los-nuevos-casos-en-espana\/#webpage"},"articleSection":"Noticias","dateline":"Publicado el agosto 26, 2020."},{"@type":"Organization","@id":"https:\/\/eldigitaldeasturias.com\/radio\/#organization","name":"El digital de Asturias Radio","description":"Diario de informaci\u00f3n y noticias","url":"https:\/\/eldigitaldeasturias.com\/radio\/","telephone":"+34652131393","logo":{"@type":"ImageObject","url":"https:\/\/www.eldigitaldeasturias.com\/radio\/wp-content\/uploads\/2021\/03\/EDA.jpg","@id":"https:\/\/eldigitaldeasturias.com\/radio\/covid-19-se-disparan-los-nuevos-casos-en-espana\/#organizationLogo"},"image":{"@id":"https:\/\/eldigitaldeasturias.com\/radio\/covid-19-se-disparan-los-nuevos-casos-en-espana\/#organizationLogo"},"sameAs":["https:\/\/www.facebook.com\/","https:\/\/x.com\/bercodi","https:\/\/www.instagram.com\/","https:\/\/www.youtube.com\/channel\/UCZP-2wLEB9Rv6erhFmqVnvg"]},{"@type":"Person","@id":"https:\/\/eldigitaldeasturias.com\/radio\/author\/nbasturias\/#author","url":"https:\/\/eldigitaldeasturias.com\/radio\/author\/nbasturias\/","name":"NBAsturias","image":{"@type":"ImageObject","@id":"https:\/\/eldigitaldeasturias.com\/radio\/covid-19-se-disparan-los-nuevos-casos-en-espana\/#authorImage","url":"https:\/\/secure.gravatar.com\/avatar\/df2aeffc32bcd13f8d26072ef8a91b623d677766deac7f97ca815868cd41bf5e?s=96&d=mm&r=g","width":96,"height":96,"caption":"NBAsturias"}},{"@type":"WebPage","@id":"https:\/\/eldigitaldeasturias.com\/radio\/covid-19-se-disparan-los-nuevos-casos-en-espana\/#webpage","url":"https:\/\/eldigitaldeasturias.com\/radio\/covid-19-se-disparan-los-nuevos-casos-en-espana\/","name":"Covid-19: Se disparan los nuevos casos en Espa\u00f1a | El Digital de Asturias","description":"(EUROPA PRESS) - El Ministerio de Sanidad ha informado este lunes de 2.060 nuevos casos de COVID-19 diagnosticados en las \u00faltimas 24 horas, en comparaci\u00f3n con los 3.650 del viernes, pero ha a\u00f1adido 19.382 a la cifra total de positivos desde el inicio de la pandemia frente al \u00faltimo informe (405.436 este lunes y 386.054 el","inLanguage":"es-ES","isPartOf":{"@id":"https:\/\/eldigitaldeasturias.com\/radio\/#website"},"breadcrumb":{"@id":"https:\/\/eldigitaldeasturias.com\/radio\/covid-19-se-disparan-los-nuevos-casos-en-espana\/#breadcrumblist"},"author":{"@id":"https:\/\/eldigitaldeasturias.com\/radio\/author\/nbasturias\/#author"},"creator":{"@id":"https:\/\/eldigitaldeasturias.com\/radio\/author\/nbasturias\/#author"},"image":{"@type":"ImageObject","url":"https:\/\/eldigitaldeasturias.com\/radio\/wp-content\/uploads\/2020\/08\/Noticias-Urgentes.jpg","@id":"https:\/\/eldigitaldeasturias.com\/radio\/covid-19-se-disparan-los-nuevos-casos-en-espana\/#mainImage","width":640,"height":400},"primaryImageOfPage":{"@id":"https:\/\/eldigitaldeasturias.com\/radio\/covid-19-se-disparan-los-nuevos-casos-en-espana\/#mainImage"},"datePublished":"2020-08-26T11:12:34+02:00","dateModified":"2020-08-26T11:12:34+02:00"},{"@type":"WebSite","@id":"https:\/\/eldigitaldeasturias.com\/radio\/#website","url":"https:\/\/eldigitaldeasturias.com\/radio\/","name":"El Digital de Asturias","description":"Diario de informaci\u00f3n y noticias","inLanguage":"es-ES","publisher":{"@id":"https:\/\/eldigitaldeasturias.com\/radio\/#organization"}}]},"og:locale":"es_ES","og:site_name":"El Digital de Asturias | Diario de informaci\u00f3n y noticias","og:type":"article","og:title":"Covid-19: Se disparan los nuevos casos en Espa\u00f1a | El Digital de Asturias","og:description":"(EUROPA PRESS) - El Ministerio de Sanidad ha informado este lunes de 2.060 nuevos casos de COVID-19 diagnosticados en las \u00faltimas 24 horas, en comparaci\u00f3n con los 3.650 del viernes, pero ha a\u00f1adido 19.382 a la cifra total de positivos desde el inicio de la pandemia frente al \u00faltimo informe (405.436 este lunes y 386.054 el","og:url":"https:\/\/eldigitaldeasturias.com\/radio\/covid-19-se-disparan-los-nuevos-casos-en-espana\/","og:image":"https:\/\/eldigitaldeasturias.com\/radio\/wp-content\/uploads\/2020\/08\/Noticias-Urgentes.jpg","og:image:secure_url":"https:\/\/eldigitaldeasturias.com\/radio\/wp-content\/uploads\/2020\/08\/Noticias-Urgentes.jpg","og:image:width":640,"og:image:height":400,"article:published_time":"2020-08-26T11:12:34+00:00","article:modified_time":"2020-08-26T11:12:34+00:00","twitter:card":"summary_large_image","twitter:site":"@bercodi","twitter:title":"Covid-19: Se disparan los nuevos casos en Espa\u00f1a | El Digital de Asturias","twitter:description":"(EUROPA PRESS) - El Ministerio de Sanidad ha informado este lunes de 2.060 nuevos casos de COVID-19 diagnosticados en las \u00faltimas 24 horas, en comparaci\u00f3n con los 3.650 del viernes, pero ha a\u00f1adido 19.382 a la cifra total de positivos desde el inicio de la pandemia frente al \u00faltimo informe (405.436 este lunes y 386.054 el","twitter:creator":"@bercodi","twitter:image":"https:\/\/eldigitaldeasturias.com\/radio\/wp-content\/uploads\/2020\/08\/Noticias-Urgentes.jpg"},"aioseo_meta_data":{"post_id":"4976","title":null,"description":"","keywords":"","keyphrases":null,"primary_term":null,"canonical_url":"","og_title":null,"og_description":null,"og_object_type":"default","og_image_type":"default","og_image_url":null,"og_image_width":null,"og_image_height":null,"og_image_custom_url":null,"og_image_custom_fields":null,"og_video":null,"og_custom_url":null,"og_article_section":null,"og_article_tags":null,"twitter_use_og":false,"twitter_card":"default","twitter_image_type":"default","twitter_image_url":null,"twitter_image_custom_url":null,"twitter_image_custom_fields":null,"twitter_title":null,"twitter_description":null,"schema":{"blockGraphs":[],"customGraphs":[],"default":{"data":{"Article":[],"Course":[],"Dataset":[],"FAQPage":[],"Movie":[],"Person":[],"Product":[],"ProductReview":[],"Car":[],"Recipe":[],"Service":[],"SoftwareApplication":[],"WebPage":[]},"graphName":"","isEnabled":true},"graphs":[],"defaultGraph":"","defaultPostTypeGraph":""},"schema_type":null,"schema_type_options":null,"pillar_content":false,"robots_default":true,"robots_noindex":false,"robots_noarchive":false,"robots_nosnippet":false,"robots_nofollow":false,"robots_noimageindex":false,"robots_noodp":false,"robots_notranslate":false,"robots_max_snippet":null,"robots_max_videopreview":null,"robots_max_imagepreview":"large","priority":null,"frequency":null,"location":null,"local_seo":null,"seo_analyzer_scan_date":"2025-08-28 17:01:28","breadcrumb_settings":null,"limit_modified_date":false,"open_ai":null,"ai":null,"created":"2021-03-25 10:23:09","updated":"2025-08-28 17:01:28"},"aioseo_breadcrumb":"<div class=\"aioseo-breadcrumbs\"><span class=\"aioseo-breadcrumb\">\n\t<a href=\"https:\/\/eldigitaldeasturias.com\/radio\" title=\"Inicio\">Inicio<\/a>\n<\/span><span class=\"aioseo-breadcrumb-separator\">&ndash;<\/span><span class=\"aioseo-breadcrumb\">\n\t<a href=\"https:\/\/eldigitaldeasturias.com\/radio\/category\/noticias\/\" title=\"Noticias\">Noticias<\/a>\n<\/span><span class=\"aioseo-breadcrumb-separator\">&ndash;<\/span><span class=\"aioseo-breadcrumb\">\n\tCovid-19: Se disparan los nuevos casos en Espa\u00f1a\n<\/span><\/div>","aioseo_breadcrumb_json":[{"label":"Inicio","link":"https:\/\/eldigitaldeasturias.com\/radio"},{"label":"Noticias","link":"https:\/\/eldigitaldeasturias.com\/radio\/category\/noticias\/"},{"label":"Covid-19: Se disparan los nuevos casos en Espa\u00f1a","link":"https:\/\/eldigitaldeasturias.com\/radio\/covid-19-se-disparan-los-nuevos-casos-en-espana\/"}],"_links":{"self":[{"href":"https:\/\/eldigitaldeasturias.com\/radio\/wp-json\/wp\/v2\/posts\/4976","targetHints":{"allow":["GET"]}}],"collection":[{"href":"https:\/\/eldigitaldeasturias.com\/radio\/wp-json\/wp\/v2\/posts"}],"about":[{"href":"https:\/\/eldigitaldeasturias.com\/radio\/wp-json\/wp\/v2\/types\/post"}],"author":[{"embeddable":true,"href":"https:\/\/eldigitaldeasturias.com\/radio\/wp-json\/wp\/v2\/users\/1"}],"replies":[{"embeddable":true,"href":"https:\/\/eldigitaldeasturias.com\/radio\/wp-json\/wp\/v2\/comments?post=4976"}],"version-history":[{"count":0,"href":"https:\/\/eldigitaldeasturias.com\/radio\/wp-json\/wp\/v2\/posts\/4976\/revisions"}],"wp:featuredmedia":[{"embeddable":true,"href":"https:\/\/eldigitaldeasturias.com\/radio\/wp-json\/wp\/v2\/media\/4972"}],"wp:attachment":[{"href":"https:\/\/eldigitaldeasturias.com\/radio\/wp-json\/wp\/v2\/media?parent=4976"}],"wp:term":[{"taxonomy":"category","embeddable":true,"href":"https:\/\/eldigitaldeasturias.com\/radio\/wp-json\/wp\/v2\/categories?post=4976"},{"taxonomy":"post_tag","embeddable":true,"href":"https:\/\/eldigitaldeasturias.com\/radio\/wp-json\/wp\/v2\/tags?post=4976"}],"curies":[{"name":"wp","href":"https:\/\/api.w.org\/{rel}","templated":true}]}}