{"id":4974,"date":"2020-08-26T09:09:00","date_gmt":"2020-08-26T09:09:00","guid":{"rendered":"http:\/\/www.eldigitaldeasturias.com\/radio\/?p=4974"},"modified":"2020-08-26T09:09:00","modified_gmt":"2020-08-26T09:09:00","slug":"el-boe-publica-el-contrato-del-gobierno-con-indra-para-la-app-de-rastreo-de-contagios","status":"publish","type":"post","link":"https:\/\/eldigitaldeasturias.com\/radio\/el-boe-publica-el-contrato-del-gobierno-con-indra-para-la-app-de-rastreo-de-contagios\/","title":{"rendered":"El BOE publica el contrato del Gobierno con Indra para la &#8216;app&#8217; de rastreo de contagios"},"content":{"rendered":"<p><img fetchpriority=\"high\" decoding=\"async\" class=\"alignleft size-medium wp-image-4972\" src=\"http:\/\/www.eldigitaldeasturias.com\/radio\/wp-content\/uploads\/2020\/08\/Noticias-Urgentes-360x225.jpg\" alt=\"\" width=\"360\" height=\"225\" srcset=\"https:\/\/eldigitaldeasturias.com\/radio\/wp-content\/uploads\/2020\/08\/Noticias-Urgentes-360x225.jpg 360w, https:\/\/eldigitaldeasturias.com\/radio\/wp-content\/uploads\/2020\/08\/Noticias-Urgentes.jpg 640w\" sizes=\"(max-width: 360px) 100vw, 360px\" \/>(EUROPA PRESS) -El Bolet\u00edn Oficial del Estado (BOE) publica este lunes el contrato que la Secretar\u00eda General de Administraci\u00f3n Digital, dependiente del Ministerio de Asuntos Econ\u00f3micos, formaliz\u00f3 el pasado mes de junio con Indra para el dise\u00f1o, desarrollo, piloto y evaluaci\u00f3n de un sistema de rastreo de contactos en relaci\u00f3n con la pandemia del coronavirus por un importe de 330.537 euros, IVA incluido.<\/p>\n<p>El contrato se adjudic\u00f3 por procedimiento negociado sin publicidad y tramitaci\u00f3n de emergencia. El Gobierno justific\u00f3 esta emergencia en la necesidad de avanzar \u00abde forma inmediata\u00bb en la puesta en marcha de este sistema de rastreo para una mejor gesti\u00f3n de la crisis sanitaria.<\/p>\n<p>Para ello, recuerda en la memoria justificativa del contrato que la Ley de Contratos del Sector P\u00fablico permite, en caso de acontecimientos catastr\u00f3ficos, de situaciones que supongan un grave peligro o de necesidades que afecten a la defensa nacional, que el \u00f3rgano de contrataci\u00f3n, sin obligaci\u00f3n de tramitar expediente, pueda ordenar la ejecuci\u00f3n de lo necesario para remediar el acontecimiento producido o safistacer la necesidad sobrevenida o contratar libremente su objeto, en todo o en parte, sin sujetarse a los requisitos formales.<\/p>\n<p>El pliego de condiciones del contrato fue remitido por el Gobierno a Indra para su aceptaci\u00f3n el pasado 12 de junio, fecha en la que la compa\u00f1\u00eda tecnol\u00f3gica dio el visto bueno al mismo. La adjudicaci\u00f3n del contrato se formaliz\u00f3 el pasado 15 de junio, con una duraci\u00f3n m\u00e1xima de cinco meses.<\/p>\n<p>El pasado mes de mayo la vicepresidenta de Asuntos Econ\u00f3micos y Transformaci\u00f3n Digital, Nadia Calvi\u00f1o, anunci\u00f3 que el Gobierno estaba trabajando en el desarrollo de una &#8216;app&#8217; para el rastreo de contactos, que permitiera controlar los posibles rebrotes de la pandemia y se\u00f1alaba que Canarias iba a utilizarse previsiblemente como &#8216;piloto&#8217; de esta aplicaci\u00f3n.<\/p>\n<p>Calvi\u00f1o defendi\u00f3 entonces que esta &#8216;app&#8217; deb\u00eda ser \u00abrespetuosa\u00bb con los derechos individuales de cada persona y que tener el \u00abvalor a\u00f1adido\u00bb de apoyar a la red y seguimiento del sistema sanitario. Seg\u00fan dijo entonces, el archipi\u00e9lago canario era \u00abid\u00f3neo\u00bb para este piloto por la importancia del turismo en las islas.<\/p>\n<p>El pasado 23 de junio el Consejo de Ministros dio luz verde al contrato con Indra para dise\u00f1ar, desarrollar y evaluar una prueba piloto en La Gomera para una aplicaci\u00f3n m\u00f3vil que permita notificar a los contactos de un usuario el posible riesgo de contagio por Covid-19.<\/p>\n","protected":false},"excerpt":{"rendered":"<p>(EUROPA PRESS) -El Bolet\u00edn Oficial del Estado (BOE) publica este lunes el contrato que la Secretar\u00eda General de Administraci\u00f3n Digital, dependiente del Ministerio de Asuntos Econ\u00f3micos, formaliz\u00f3 el pasado mes de junio con Indra para el dise\u00f1o, desarrollo, piloto y evaluaci\u00f3n de un sistema de rastreo de contactos en relaci\u00f3n con la pandemia del coronavirus<\/p>\n","protected":false},"author":1,"featured_media":4110,"comment_status":"closed","ping_status":"closed","sticky":false,"template":"","format":"standard","meta":{"footnotes":""},"categories":[1],"tags":[],"class_list":{"0":"post-4974","1":"post","2":"type-post","3":"status-publish","4":"format-standard","5":"has-post-thumbnail","7":"category-noticias"},"aioseo_notices":[],"aioseo_head":"\n\t\t<!-- All in One SEO Pro 4.9.6.2 - aioseo.com -->\n\t<meta name=\"description\" content=\"(EUROPA PRESS) -El Bolet\u00edn Oficial del Estado (BOE) publica este lunes el contrato que la Secretar\u00eda General de Administraci\u00f3n Digital, dependiente del Ministerio de Asuntos Econ\u00f3micos, formaliz\u00f3 el pasado mes de junio con Indra para el dise\u00f1o, desarrollo, piloto y evaluaci\u00f3n de un sistema de rastreo de contactos en relaci\u00f3n con la pandemia del coronavirus\" \/>\n\t<meta name=\"robots\" content=\"max-image-preview:large\" \/>\n\t<meta name=\"author\" content=\"NBAsturias\"\/>\n\t<meta name=\"google-site-verification\" content=\"UA-38556648-1\" \/>\n\t<meta name=\"keywords\" content=\"noticias\" \/>\n\t<link rel=\"canonical\" href=\"https:\/\/eldigitaldeasturias.com\/radio\/el-boe-publica-el-contrato-del-gobierno-con-indra-para-la-app-de-rastreo-de-contagios\/\" \/>\n\t<meta name=\"generator\" content=\"All in One SEO Pro (AIOSEO) 4.9.6.2\" \/>\n\t\t<meta property=\"og:locale\" content=\"es_ES\" \/>\n\t\t<meta property=\"og:site_name\" content=\"El Digital de Asturias | Diario de informaci\u00f3n y noticias\" \/>\n\t\t<meta property=\"og:type\" content=\"article\" \/>\n\t\t<meta property=\"og:title\" content=\"El BOE publica el contrato del Gobierno con Indra para la \u2018app\u2019 de rastreo de contagios | El Digital de Asturias\" \/>\n\t\t<meta property=\"og:description\" content=\"(EUROPA PRESS) -El Bolet\u00edn Oficial del Estado (BOE) publica este lunes el contrato que la Secretar\u00eda General de Administraci\u00f3n Digital, dependiente del Ministerio de Asuntos Econ\u00f3micos, formaliz\u00f3 el pasado mes de junio con Indra para el dise\u00f1o, desarrollo, piloto y evaluaci\u00f3n de un sistema de rastreo de contactos en relaci\u00f3n con la pandemia del coronavirus\" \/>\n\t\t<meta property=\"og:url\" content=\"https:\/\/eldigitaldeasturias.com\/radio\/el-boe-publica-el-contrato-del-gobierno-con-indra-para-la-app-de-rastreo-de-contagios\/\" \/>\n\t\t<meta property=\"og:image\" content=\"https:\/\/eldigitaldeasturias.com\/radio\/wp-content\/uploads\/2020\/04\/covid-19-4960246_640.jpg\" \/>\n\t\t<meta property=\"og:image:secure_url\" content=\"https:\/\/eldigitaldeasturias.com\/radio\/wp-content\/uploads\/2020\/04\/covid-19-4960246_640.jpg\" \/>\n\t\t<meta property=\"og:image:width\" content=\"640\" \/>\n\t\t<meta property=\"og:image:height\" content=\"344\" \/>\n\t\t<meta property=\"article:published_time\" content=\"2020-08-26T09:09:00+00:00\" \/>\n\t\t<meta property=\"article:modified_time\" content=\"2020-08-26T09:09:00+00:00\" \/>\n\t\t<meta name=\"twitter:card\" content=\"summary_large_image\" \/>\n\t\t<meta name=\"twitter:site\" content=\"@bercodi\" \/>\n\t\t<meta name=\"twitter:title\" content=\"El BOE publica el contrato del Gobierno con Indra para la \u2018app\u2019 de rastreo de contagios | El Digital de Asturias\" \/>\n\t\t<meta name=\"twitter:description\" content=\"(EUROPA PRESS) -El Bolet\u00edn Oficial del Estado (BOE) publica este lunes el contrato que la Secretar\u00eda General de Administraci\u00f3n Digital, dependiente del Ministerio de Asuntos Econ\u00f3micos, formaliz\u00f3 el pasado mes de junio con Indra para el dise\u00f1o, desarrollo, piloto y evaluaci\u00f3n de un sistema de rastreo de contactos en relaci\u00f3n con la pandemia del coronavirus\" \/>\n\t\t<meta name=\"twitter:creator\" content=\"@bercodi\" \/>\n\t\t<meta name=\"twitter:image\" content=\"https:\/\/eldigitaldeasturias.com\/radio\/wp-content\/uploads\/2020\/04\/covid-19-4960246_640.jpg\" \/>\n\t\t<script type=\"application\/ld+json\" class=\"aioseo-schema\">\n\t\t\t{\"@context\":\"https:\\\/\\\/schema.org\",\"@graph\":[{\"@type\":\"BreadcrumbList\",\"@id\":\"https:\\\/\\\/eldigitaldeasturias.com\\\/radio\\\/el-boe-publica-el-contrato-del-gobierno-con-indra-para-la-app-de-rastreo-de-contagios\\\/#breadcrumblist\",\"itemListElement\":[{\"@type\":\"ListItem\",\"@id\":\"https:\\\/\\\/eldigitaldeasturias.com\\\/radio#listItem\",\"position\":1,\"name\":\"Inicio\",\"item\":\"https:\\\/\\\/eldigitaldeasturias.com\\\/radio\",\"nextItem\":{\"@type\":\"ListItem\",\"@id\":\"https:\\\/\\\/eldigitaldeasturias.com\\\/radio\\\/category\\\/noticias\\\/#listItem\",\"name\":\"Noticias\"}},{\"@type\":\"ListItem\",\"@id\":\"https:\\\/\\\/eldigitaldeasturias.com\\\/radio\\\/category\\\/noticias\\\/#listItem\",\"position\":2,\"name\":\"Noticias\",\"item\":\"https:\\\/\\\/eldigitaldeasturias.com\\\/radio\\\/category\\\/noticias\\\/\",\"nextItem\":{\"@type\":\"ListItem\",\"@id\":\"https:\\\/\\\/eldigitaldeasturias.com\\\/radio\\\/el-boe-publica-el-contrato-del-gobierno-con-indra-para-la-app-de-rastreo-de-contagios\\\/#listItem\",\"name\":\"El BOE publica el contrato del Gobierno con Indra para la &#8216;app&#8217; de rastreo de contagios\"},\"previousItem\":{\"@type\":\"ListItem\",\"@id\":\"https:\\\/\\\/eldigitaldeasturias.com\\\/radio#listItem\",\"name\":\"Inicio\"}},{\"@type\":\"ListItem\",\"@id\":\"https:\\\/\\\/eldigitaldeasturias.com\\\/radio\\\/el-boe-publica-el-contrato-del-gobierno-con-indra-para-la-app-de-rastreo-de-contagios\\\/#listItem\",\"position\":3,\"name\":\"El BOE publica el contrato del Gobierno con Indra para la &#8216;app&#8217; de rastreo de contagios\",\"previousItem\":{\"@type\":\"ListItem\",\"@id\":\"https:\\\/\\\/eldigitaldeasturias.com\\\/radio\\\/category\\\/noticias\\\/#listItem\",\"name\":\"Noticias\"}}]},{\"@type\":\"NewsArticle\",\"@id\":\"https:\\\/\\\/eldigitaldeasturias.com\\\/radio\\\/el-boe-publica-el-contrato-del-gobierno-con-indra-para-la-app-de-rastreo-de-contagios\\\/#newsarticle\",\"name\":\"El BOE publica el contrato del Gobierno con Indra para la \\u2018app\\u2019 de rastreo de contagios | El Digital de Asturias\",\"headline\":\"El BOE publica el contrato del Gobierno con Indra para la &#8216;app&#8217; de rastreo de contagios\",\"author\":{\"@id\":\"https:\\\/\\\/eldigitaldeasturias.com\\\/radio\\\/author\\\/nbasturias\\\/#author\"},\"publisher\":{\"@id\":\"https:\\\/\\\/eldigitaldeasturias.com\\\/radio\\\/#organization\"},\"image\":{\"@type\":\"ImageObject\",\"url\":\"https:\\\/\\\/eldigitaldeasturias.com\\\/radio\\\/wp-content\\\/uploads\\\/2020\\\/04\\\/covid-19-4960246_640.jpg\",\"width\":640,\"height\":344},\"datePublished\":\"2020-08-26T09:09:00+02:00\",\"dateModified\":\"2020-08-26T09:09:00+02:00\",\"inLanguage\":\"es-ES\",\"mainEntityOfPage\":{\"@id\":\"https:\\\/\\\/eldigitaldeasturias.com\\\/radio\\\/el-boe-publica-el-contrato-del-gobierno-con-indra-para-la-app-de-rastreo-de-contagios\\\/#webpage\"},\"isPartOf\":{\"@id\":\"https:\\\/\\\/eldigitaldeasturias.com\\\/radio\\\/el-boe-publica-el-contrato-del-gobierno-con-indra-para-la-app-de-rastreo-de-contagios\\\/#webpage\"},\"articleSection\":\"Noticias\",\"dateline\":\"Publicado el agosto 26, 2020.\"},{\"@type\":\"Organization\",\"@id\":\"https:\\\/\\\/eldigitaldeasturias.com\\\/radio\\\/#organization\",\"name\":\"El digital de Asturias Radio\",\"description\":\"Diario de informaci\\u00f3n y noticias\",\"url\":\"https:\\\/\\\/eldigitaldeasturias.com\\\/radio\\\/\",\"telephone\":\"+34652131393\",\"logo\":{\"@type\":\"ImageObject\",\"url\":\"https:\\\/\\\/www.eldigitaldeasturias.com\\\/radio\\\/wp-content\\\/uploads\\\/2021\\\/03\\\/EDA.jpg\",\"@id\":\"https:\\\/\\\/eldigitaldeasturias.com\\\/radio\\\/el-boe-publica-el-contrato-del-gobierno-con-indra-para-la-app-de-rastreo-de-contagios\\\/#organizationLogo\"},\"image\":{\"@id\":\"https:\\\/\\\/eldigitaldeasturias.com\\\/radio\\\/el-boe-publica-el-contrato-del-gobierno-con-indra-para-la-app-de-rastreo-de-contagios\\\/#organizationLogo\"},\"sameAs\":[\"https:\\\/\\\/www.facebook.com\\\/\",\"https:\\\/\\\/x.com\\\/bercodi\",\"https:\\\/\\\/www.instagram.com\\\/\",\"https:\\\/\\\/www.youtube.com\\\/channel\\\/UCZP-2wLEB9Rv6erhFmqVnvg\"]},{\"@type\":\"Person\",\"@id\":\"https:\\\/\\\/eldigitaldeasturias.com\\\/radio\\\/author\\\/nbasturias\\\/#author\",\"url\":\"https:\\\/\\\/eldigitaldeasturias.com\\\/radio\\\/author\\\/nbasturias\\\/\",\"name\":\"NBAsturias\",\"image\":{\"@type\":\"ImageObject\",\"@id\":\"https:\\\/\\\/eldigitaldeasturias.com\\\/radio\\\/el-boe-publica-el-contrato-del-gobierno-con-indra-para-la-app-de-rastreo-de-contagios\\\/#authorImage\",\"url\":\"https:\\\/\\\/secure.gravatar.com\\\/avatar\\\/df2aeffc32bcd13f8d26072ef8a91b623d677766deac7f97ca815868cd41bf5e?s=96&d=mm&r=g\",\"width\":96,\"height\":96,\"caption\":\"NBAsturias\"}},{\"@type\":\"WebPage\",\"@id\":\"https:\\\/\\\/eldigitaldeasturias.com\\\/radio\\\/el-boe-publica-el-contrato-del-gobierno-con-indra-para-la-app-de-rastreo-de-contagios\\\/#webpage\",\"url\":\"https:\\\/\\\/eldigitaldeasturias.com\\\/radio\\\/el-boe-publica-el-contrato-del-gobierno-con-indra-para-la-app-de-rastreo-de-contagios\\\/\",\"name\":\"El BOE publica el contrato del Gobierno con Indra para la \\u2018app\\u2019 de rastreo de contagios | El Digital de Asturias\",\"description\":\"(EUROPA PRESS) -El Bolet\\u00edn Oficial del Estado (BOE) publica este lunes el contrato que la Secretar\\u00eda General de Administraci\\u00f3n Digital, dependiente del Ministerio de Asuntos Econ\\u00f3micos, formaliz\\u00f3 el pasado mes de junio con Indra para el dise\\u00f1o, desarrollo, piloto y evaluaci\\u00f3n de un sistema de rastreo de contactos en relaci\\u00f3n con la pandemia del coronavirus\",\"inLanguage\":\"es-ES\",\"isPartOf\":{\"@id\":\"https:\\\/\\\/eldigitaldeasturias.com\\\/radio\\\/#website\"},\"breadcrumb\":{\"@id\":\"https:\\\/\\\/eldigitaldeasturias.com\\\/radio\\\/el-boe-publica-el-contrato-del-gobierno-con-indra-para-la-app-de-rastreo-de-contagios\\\/#breadcrumblist\"},\"author\":{\"@id\":\"https:\\\/\\\/eldigitaldeasturias.com\\\/radio\\\/author\\\/nbasturias\\\/#author\"},\"creator\":{\"@id\":\"https:\\\/\\\/eldigitaldeasturias.com\\\/radio\\\/author\\\/nbasturias\\\/#author\"},\"image\":{\"@type\":\"ImageObject\",\"url\":\"https:\\\/\\\/eldigitaldeasturias.com\\\/radio\\\/wp-content\\\/uploads\\\/2020\\\/04\\\/covid-19-4960246_640.jpg\",\"@id\":\"https:\\\/\\\/eldigitaldeasturias.com\\\/radio\\\/el-boe-publica-el-contrato-del-gobierno-con-indra-para-la-app-de-rastreo-de-contagios\\\/#mainImage\",\"width\":640,\"height\":344},\"primaryImageOfPage\":{\"@id\":\"https:\\\/\\\/eldigitaldeasturias.com\\\/radio\\\/el-boe-publica-el-contrato-del-gobierno-con-indra-para-la-app-de-rastreo-de-contagios\\\/#mainImage\"},\"datePublished\":\"2020-08-26T09:09:00+02:00\",\"dateModified\":\"2020-08-26T09:09:00+02:00\"},{\"@type\":\"WebSite\",\"@id\":\"https:\\\/\\\/eldigitaldeasturias.com\\\/radio\\\/#website\",\"url\":\"https:\\\/\\\/eldigitaldeasturias.com\\\/radio\\\/\",\"name\":\"El Digital de Asturias\",\"description\":\"Diario de informaci\\u00f3n y noticias\",\"inLanguage\":\"es-ES\",\"publisher\":{\"@id\":\"https:\\\/\\\/eldigitaldeasturias.com\\\/radio\\\/#organization\"}}]}\n\t\t<\/script>\n\t\t<!-- All in One SEO Pro -->\r\n\t\t<title>El BOE publica el contrato del Gobierno con Indra para la \u2018app\u2019 de rastreo de contagios | El Digital de Asturias<\/title>\n\n","aioseo_head_json":{"title":"El BOE publica el contrato del Gobierno con Indra para la \u2018app\u2019 de rastreo de contagios | El Digital de Asturias","description":"(EUROPA PRESS) -El Bolet\u00edn Oficial del Estado (BOE) publica este lunes el contrato que la Secretar\u00eda General de Administraci\u00f3n Digital, dependiente del Ministerio de Asuntos Econ\u00f3micos, formaliz\u00f3 el pasado mes de junio con Indra para el dise\u00f1o, desarrollo, piloto y evaluaci\u00f3n de un sistema de rastreo de contactos en relaci\u00f3n con la pandemia del coronavirus","canonical_url":"https:\/\/eldigitaldeasturias.com\/radio\/el-boe-publica-el-contrato-del-gobierno-con-indra-para-la-app-de-rastreo-de-contagios\/","robots":"max-image-preview:large","keywords":"noticias","webmasterTools":{"google-site-verification":"UA-38556648-1","miscellaneous":""},"schema":{"@context":"https:\/\/schema.org","@graph":[{"@type":"BreadcrumbList","@id":"https:\/\/eldigitaldeasturias.com\/radio\/el-boe-publica-el-contrato-del-gobierno-con-indra-para-la-app-de-rastreo-de-contagios\/#breadcrumblist","itemListElement":[{"@type":"ListItem","@id":"https:\/\/eldigitaldeasturias.com\/radio#listItem","position":1,"name":"Inicio","item":"https:\/\/eldigitaldeasturias.com\/radio","nextItem":{"@type":"ListItem","@id":"https:\/\/eldigitaldeasturias.com\/radio\/category\/noticias\/#listItem","name":"Noticias"}},{"@type":"ListItem","@id":"https:\/\/eldigitaldeasturias.com\/radio\/category\/noticias\/#listItem","position":2,"name":"Noticias","item":"https:\/\/eldigitaldeasturias.com\/radio\/category\/noticias\/","nextItem":{"@type":"ListItem","@id":"https:\/\/eldigitaldeasturias.com\/radio\/el-boe-publica-el-contrato-del-gobierno-con-indra-para-la-app-de-rastreo-de-contagios\/#listItem","name":"El BOE publica el contrato del Gobierno con Indra para la &#8216;app&#8217; de rastreo de contagios"},"previousItem":{"@type":"ListItem","@id":"https:\/\/eldigitaldeasturias.com\/radio#listItem","name":"Inicio"}},{"@type":"ListItem","@id":"https:\/\/eldigitaldeasturias.com\/radio\/el-boe-publica-el-contrato-del-gobierno-con-indra-para-la-app-de-rastreo-de-contagios\/#listItem","position":3,"name":"El BOE publica el contrato del Gobierno con Indra para la &#8216;app&#8217; de rastreo de contagios","previousItem":{"@type":"ListItem","@id":"https:\/\/eldigitaldeasturias.com\/radio\/category\/noticias\/#listItem","name":"Noticias"}}]},{"@type":"NewsArticle","@id":"https:\/\/eldigitaldeasturias.com\/radio\/el-boe-publica-el-contrato-del-gobierno-con-indra-para-la-app-de-rastreo-de-contagios\/#newsarticle","name":"El BOE publica el contrato del Gobierno con Indra para la \u2018app\u2019 de rastreo de contagios | El Digital de Asturias","headline":"El BOE publica el contrato del Gobierno con Indra para la &#8216;app&#8217; de rastreo de contagios","author":{"@id":"https:\/\/eldigitaldeasturias.com\/radio\/author\/nbasturias\/#author"},"publisher":{"@id":"https:\/\/eldigitaldeasturias.com\/radio\/#organization"},"image":{"@type":"ImageObject","url":"https:\/\/eldigitaldeasturias.com\/radio\/wp-content\/uploads\/2020\/04\/covid-19-4960246_640.jpg","width":640,"height":344},"datePublished":"2020-08-26T09:09:00+02:00","dateModified":"2020-08-26T09:09:00+02:00","inLanguage":"es-ES","mainEntityOfPage":{"@id":"https:\/\/eldigitaldeasturias.com\/radio\/el-boe-publica-el-contrato-del-gobierno-con-indra-para-la-app-de-rastreo-de-contagios\/#webpage"},"isPartOf":{"@id":"https:\/\/eldigitaldeasturias.com\/radio\/el-boe-publica-el-contrato-del-gobierno-con-indra-para-la-app-de-rastreo-de-contagios\/#webpage"},"articleSection":"Noticias","dateline":"Publicado el agosto 26, 2020."},{"@type":"Organization","@id":"https:\/\/eldigitaldeasturias.com\/radio\/#organization","name":"El digital de Asturias Radio","description":"Diario de informaci\u00f3n y noticias","url":"https:\/\/eldigitaldeasturias.com\/radio\/","telephone":"+34652131393","logo":{"@type":"ImageObject","url":"https:\/\/www.eldigitaldeasturias.com\/radio\/wp-content\/uploads\/2021\/03\/EDA.jpg","@id":"https:\/\/eldigitaldeasturias.com\/radio\/el-boe-publica-el-contrato-del-gobierno-con-indra-para-la-app-de-rastreo-de-contagios\/#organizationLogo"},"image":{"@id":"https:\/\/eldigitaldeasturias.com\/radio\/el-boe-publica-el-contrato-del-gobierno-con-indra-para-la-app-de-rastreo-de-contagios\/#organizationLogo"},"sameAs":["https:\/\/www.facebook.com\/","https:\/\/x.com\/bercodi","https:\/\/www.instagram.com\/","https:\/\/www.youtube.com\/channel\/UCZP-2wLEB9Rv6erhFmqVnvg"]},{"@type":"Person","@id":"https:\/\/eldigitaldeasturias.com\/radio\/author\/nbasturias\/#author","url":"https:\/\/eldigitaldeasturias.com\/radio\/author\/nbasturias\/","name":"NBAsturias","image":{"@type":"ImageObject","@id":"https:\/\/eldigitaldeasturias.com\/radio\/el-boe-publica-el-contrato-del-gobierno-con-indra-para-la-app-de-rastreo-de-contagios\/#authorImage","url":"https:\/\/secure.gravatar.com\/avatar\/df2aeffc32bcd13f8d26072ef8a91b623d677766deac7f97ca815868cd41bf5e?s=96&d=mm&r=g","width":96,"height":96,"caption":"NBAsturias"}},{"@type":"WebPage","@id":"https:\/\/eldigitaldeasturias.com\/radio\/el-boe-publica-el-contrato-del-gobierno-con-indra-para-la-app-de-rastreo-de-contagios\/#webpage","url":"https:\/\/eldigitaldeasturias.com\/radio\/el-boe-publica-el-contrato-del-gobierno-con-indra-para-la-app-de-rastreo-de-contagios\/","name":"El BOE publica el contrato del Gobierno con Indra para la \u2018app\u2019 de rastreo de contagios | El Digital de Asturias","description":"(EUROPA PRESS) -El Bolet\u00edn Oficial del Estado (BOE) publica este lunes el contrato que la Secretar\u00eda General de Administraci\u00f3n Digital, dependiente del Ministerio de Asuntos Econ\u00f3micos, formaliz\u00f3 el pasado mes de junio con Indra para el dise\u00f1o, desarrollo, piloto y evaluaci\u00f3n de un sistema de rastreo de contactos en relaci\u00f3n con la pandemia del coronavirus","inLanguage":"es-ES","isPartOf":{"@id":"https:\/\/eldigitaldeasturias.com\/radio\/#website"},"breadcrumb":{"@id":"https:\/\/eldigitaldeasturias.com\/radio\/el-boe-publica-el-contrato-del-gobierno-con-indra-para-la-app-de-rastreo-de-contagios\/#breadcrumblist"},"author":{"@id":"https:\/\/eldigitaldeasturias.com\/radio\/author\/nbasturias\/#author"},"creator":{"@id":"https:\/\/eldigitaldeasturias.com\/radio\/author\/nbasturias\/#author"},"image":{"@type":"ImageObject","url":"https:\/\/eldigitaldeasturias.com\/radio\/wp-content\/uploads\/2020\/04\/covid-19-4960246_640.jpg","@id":"https:\/\/eldigitaldeasturias.com\/radio\/el-boe-publica-el-contrato-del-gobierno-con-indra-para-la-app-de-rastreo-de-contagios\/#mainImage","width":640,"height":344},"primaryImageOfPage":{"@id":"https:\/\/eldigitaldeasturias.com\/radio\/el-boe-publica-el-contrato-del-gobierno-con-indra-para-la-app-de-rastreo-de-contagios\/#mainImage"},"datePublished":"2020-08-26T09:09:00+02:00","dateModified":"2020-08-26T09:09:00+02:00"},{"@type":"WebSite","@id":"https:\/\/eldigitaldeasturias.com\/radio\/#website","url":"https:\/\/eldigitaldeasturias.com\/radio\/","name":"El Digital de Asturias","description":"Diario de informaci\u00f3n y noticias","inLanguage":"es-ES","publisher":{"@id":"https:\/\/eldigitaldeasturias.com\/radio\/#organization"}}]},"og:locale":"es_ES","og:site_name":"El Digital de Asturias | Diario de informaci\u00f3n y noticias","og:type":"article","og:title":"El BOE publica el contrato del Gobierno con Indra para la \u2018app\u2019 de rastreo de contagios | El Digital de Asturias","og:description":"(EUROPA PRESS) -El Bolet\u00edn Oficial del Estado (BOE) publica este lunes el contrato que la Secretar\u00eda General de Administraci\u00f3n Digital, dependiente del Ministerio de Asuntos Econ\u00f3micos, formaliz\u00f3 el pasado mes de junio con Indra para el dise\u00f1o, desarrollo, piloto y evaluaci\u00f3n de un sistema de rastreo de contactos en relaci\u00f3n con la pandemia del coronavirus","og:url":"https:\/\/eldigitaldeasturias.com\/radio\/el-boe-publica-el-contrato-del-gobierno-con-indra-para-la-app-de-rastreo-de-contagios\/","og:image":"https:\/\/eldigitaldeasturias.com\/radio\/wp-content\/uploads\/2020\/04\/covid-19-4960246_640.jpg","og:image:secure_url":"https:\/\/eldigitaldeasturias.com\/radio\/wp-content\/uploads\/2020\/04\/covid-19-4960246_640.jpg","og:image:width":640,"og:image:height":344,"article:published_time":"2020-08-26T09:09:00+00:00","article:modified_time":"2020-08-26T09:09:00+00:00","twitter:card":"summary_large_image","twitter:site":"@bercodi","twitter:title":"El BOE publica el contrato del Gobierno con Indra para la \u2018app\u2019 de rastreo de contagios | El Digital de Asturias","twitter:description":"(EUROPA PRESS) -El Bolet\u00edn Oficial del Estado (BOE) publica este lunes el contrato que la Secretar\u00eda General de Administraci\u00f3n Digital, dependiente del Ministerio de Asuntos Econ\u00f3micos, formaliz\u00f3 el pasado mes de junio con Indra para el dise\u00f1o, desarrollo, piloto y evaluaci\u00f3n de un sistema de rastreo de contactos en relaci\u00f3n con la pandemia del coronavirus","twitter:creator":"@bercodi","twitter:image":"https:\/\/eldigitaldeasturias.com\/radio\/wp-content\/uploads\/2020\/04\/covid-19-4960246_640.jpg"},"aioseo_meta_data":{"post_id":"4974","title":null,"description":"","keywords":"","keyphrases":null,"primary_term":null,"canonical_url":"","og_title":null,"og_description":null,"og_object_type":"default","og_image_type":"default","og_image_url":null,"og_image_width":null,"og_image_height":null,"og_image_custom_url":null,"og_image_custom_fields":null,"og_video":null,"og_custom_url":null,"og_article_section":null,"og_article_tags":null,"twitter_use_og":false,"twitter_card":"default","twitter_image_type":"default","twitter_image_url":null,"twitter_image_custom_url":null,"twitter_image_custom_fields":null,"twitter_title":null,"twitter_description":null,"schema":{"blockGraphs":[],"customGraphs":[],"default":{"data":{"Article":[],"Course":[],"Dataset":[],"FAQPage":[],"Movie":[],"Person":[],"Product":[],"ProductReview":[],"Car":[],"Recipe":[],"Service":[],"SoftwareApplication":[],"WebPage":[]},"graphName":"","isEnabled":true},"graphs":[],"defaultGraph":"","defaultPostTypeGraph":""},"schema_type":null,"schema_type_options":null,"pillar_content":false,"robots_default":true,"robots_noindex":false,"robots_noarchive":false,"robots_nosnippet":false,"robots_nofollow":false,"robots_noimageindex":false,"robots_noodp":false,"robots_notranslate":false,"robots_max_snippet":null,"robots_max_videopreview":null,"robots_max_imagepreview":"large","priority":null,"frequency":null,"location":null,"local_seo":null,"seo_analyzer_scan_date":"2025-08-28 17:01:27","breadcrumb_settings":null,"limit_modified_date":false,"open_ai":null,"ai":null,"created":"2021-03-25 15:14:48","updated":"2025-08-28 17:01:27"},"aioseo_breadcrumb":"<div class=\"aioseo-breadcrumbs\"><span class=\"aioseo-breadcrumb\">\n\t<a href=\"https:\/\/eldigitaldeasturias.com\/radio\" title=\"Inicio\">Inicio<\/a>\n<\/span><span class=\"aioseo-breadcrumb-separator\">&ndash;<\/span><span class=\"aioseo-breadcrumb\">\n\t<a href=\"https:\/\/eldigitaldeasturias.com\/radio\/category\/noticias\/\" title=\"Noticias\">Noticias<\/a>\n<\/span><span class=\"aioseo-breadcrumb-separator\">&ndash;<\/span><span class=\"aioseo-breadcrumb\">\n\tEl BOE publica el contrato del Gobierno con Indra para la \u2018app\u2019 de rastreo de contagios\n<\/span><\/div>","aioseo_breadcrumb_json":[{"label":"Inicio","link":"https:\/\/eldigitaldeasturias.com\/radio"},{"label":"Noticias","link":"https:\/\/eldigitaldeasturias.com\/radio\/category\/noticias\/"},{"label":"El BOE publica el contrato del Gobierno con Indra para la &#8216;app&#8217; de rastreo de contagios","link":"https:\/\/eldigitaldeasturias.com\/radio\/el-boe-publica-el-contrato-del-gobierno-con-indra-para-la-app-de-rastreo-de-contagios\/"}],"_links":{"self":[{"href":"https:\/\/eldigitaldeasturias.com\/radio\/wp-json\/wp\/v2\/posts\/4974","targetHints":{"allow":["GET"]}}],"collection":[{"href":"https:\/\/eldigitaldeasturias.com\/radio\/wp-json\/wp\/v2\/posts"}],"about":[{"href":"https:\/\/eldigitaldeasturias.com\/radio\/wp-json\/wp\/v2\/types\/post"}],"author":[{"embeddable":true,"href":"https:\/\/eldigitaldeasturias.com\/radio\/wp-json\/wp\/v2\/users\/1"}],"replies":[{"embeddable":true,"href":"https:\/\/eldigitaldeasturias.com\/radio\/wp-json\/wp\/v2\/comments?post=4974"}],"version-history":[{"count":0,"href":"https:\/\/eldigitaldeasturias.com\/radio\/wp-json\/wp\/v2\/posts\/4974\/revisions"}],"wp:featuredmedia":[{"embeddable":true,"href":"https:\/\/eldigitaldeasturias.com\/radio\/wp-json\/wp\/v2\/media\/4110"}],"wp:attachment":[{"href":"https:\/\/eldigitaldeasturias.com\/radio\/wp-json\/wp\/v2\/media?parent=4974"}],"wp:term":[{"taxonomy":"category","embeddable":true,"href":"https:\/\/eldigitaldeasturias.com\/radio\/wp-json\/wp\/v2\/categories?post=4974"},{"taxonomy":"post_tag","embeddable":true,"href":"https:\/\/eldigitaldeasturias.com\/radio\/wp-json\/wp\/v2\/tags?post=4974"}],"curies":[{"name":"wp","href":"https:\/\/api.w.org\/{rel}","templated":true}]}}