{"id":4971,"date":"2020-08-25T19:47:25","date_gmt":"2020-08-25T19:47:25","guid":{"rendered":"http:\/\/www.eldigitaldeasturias.com\/radio\/?p=4971"},"modified":"2020-08-25T19:47:25","modified_gmt":"2020-08-25T19:47:25","slug":"satse-pide-al-defensor-del-pueblo-que-medie-para-proteger-a-los-menores-en-centros-escolares","status":"publish","type":"post","link":"https:\/\/eldigitaldeasturias.com\/radio\/satse-pide-al-defensor-del-pueblo-que-medie-para-proteger-a-los-menores-en-centros-escolares\/","title":{"rendered":"Satse pide al Defensor del Pueblo que medie para proteger a los menores en centros escolares"},"content":{"rendered":"<p><img fetchpriority=\"high\" decoding=\"async\" class=\"alignleft size-medium wp-image-4972\" src=\"http:\/\/www.eldigitaldeasturias.com\/radio\/wp-content\/uploads\/2020\/08\/Noticias-Urgentes-360x225.jpg\" alt=\"\" width=\"360\" height=\"225\" srcset=\"https:\/\/eldigitaldeasturias.com\/radio\/wp-content\/uploads\/2020\/08\/Noticias-Urgentes-360x225.jpg 360w, https:\/\/eldigitaldeasturias.com\/radio\/wp-content\/uploads\/2020\/08\/Noticias-Urgentes.jpg 640w\" sizes=\"(max-width: 360px) 100vw, 360px\" \/>(EUROPA PRESS) &#8211;\u00a0El Sindicato de Enfermer\u00eda (Satse) ha solicitado al Defensor del Pueblo, Francisco Fern\u00e1ndez Marug\u00e1n, que ejerza una labor de mediaci\u00f3n ante el Gobierno y las consejer\u00edas de Sanidad y de Educaci\u00f3n de las comunidades aut\u00f3nomas para proteger la salud de los menores en el pr\u00f3ximo curso 2020-2021, a trav\u00e9s de la implantaci\u00f3n generalizada del enfermero escolar, ya que \u00absupone una figura imprescindible para la prevenci\u00f3n, vigilancia y control de la transmisi\u00f3n del coronavirus en los centros educativos\u00bb.<\/p>\n<p>De cara a la reuni\u00f3n del Consejo Interterritorial conjunto entre los responsables nacionales y auton\u00f3micos de Sanidad y Educaci\u00f3n el pr\u00f3ximo 27 de agosto, el presidente de Satse, Manuel Cascos, se ha dirigido por carta al Defensor del Pueblo para trasladarle la necesidad de que, entre las decisiones que se adopten en este encuentro y en d\u00edas posteriores, se priorice la protecci\u00f3n de la salud de los menores, a trav\u00e9s de la dotaci\u00f3n necesaria de enfermeros escolares, que \u00abdeben tener una adscripci\u00f3n y dependencia directa y exclusiva del centro de atenci\u00f3n primaria de referencia, pero con presencia continua en el centro escolar que corresponda y en plena coordinaci\u00f3n y colaboraci\u00f3n con el resto de la comunidad educativa\u00bb.<\/p>\n<p>Saste lleva a\u00f1os trabajando y reclamando en solitario y tambi\u00e9n como miembro de la Plataforma de Enfermera Escolar, integrada adem\u00e1s por el sindicato de Educaci\u00f3n ANPE y por el Foro Espa\u00f1ol de Pacientes (FEP), la presencia de enfermeros en los centros educativos. Tras la expansi\u00f3n del COVID-19 en Espa\u00f1a ha reforzado sus acciones ante las administraciones competentes al considerar que estos profesionales sanitarios \u00abson los m\u00e1s id\u00f3neos para realizar la detecci\u00f3n precoz de casos y la gesti\u00f3n adecuada de los mismos con arreglo a los protocolos establecidos\u00bb.<\/p>\n<p>La organizaci\u00f3n sindical recuerda que la Organizaci\u00f3n Mundial de la Salud (OMS) ha recomendado la presencia de enfermeros escolares en los centros educativos como uno de los ejes para el control de la epidemia en los mismos, minimizando as\u00ed el riesgo de extensi\u00f3n de los contagios desde el \u00e1mbito educativo al n\u00facleo familiar y de ah\u00ed al resto de la sociedad.<\/p>\n<p>De igual manera, la Comisi\u00f3n para la Reconstrucci\u00f3n social y econ\u00f3mica en el Congreso de los Diputados, que recientemente finaliz\u00f3 sus trabajos, recomend\u00f3 garantizar la idoneidad de las condiciones materiales y de personal en los centros educativos que esta nueva situaci\u00f3n requiere con equipos de Enfermer\u00eda.<\/p>\n<p>El presidente de Satse tambi\u00e9n subraya al Defensor del Pueblo que el enfermero escolar libera al personal docente de las responsabilidades sanitarias que se le pretende asignar en los equipos COVID-19 que el Gobierno ha sugerido crear en cada centro escolar, sin que ello merme las otras responsabilidades no sanitarias que el personal del centro deber\u00e1 asumir como miembro de dichos equipos.<\/p>\n<p>Adem\u00e1s, reivindican que el enfermero escolar \u00abposibilitar\u00eda una mejor planificaci\u00f3n de las actuaciones y una respuesta m\u00e1s r\u00e1pida ante los posibles casos de COVID-19 que se puedan presentar, coordin\u00e1ndose de manera directa con Atenci\u00f3n Primaria, Salud P\u00fablica y los servicios sociales\u00bb.<\/p>\n<p>&nbsp;<\/p>\n","protected":false},"excerpt":{"rendered":"<p>(EUROPA PRESS) &#8211;\u00a0El Sindicato de Enfermer\u00eda (Satse) ha solicitado al Defensor del Pueblo, Francisco Fern\u00e1ndez Marug\u00e1n, que ejerza una labor de mediaci\u00f3n ante el Gobierno y las consejer\u00edas de Sanidad y de Educaci\u00f3n de las comunidades aut\u00f3nomas para proteger la salud de los menores en el pr\u00f3ximo curso 2020-2021, a trav\u00e9s de la implantaci\u00f3n generalizada<\/p>\n","protected":false},"author":1,"featured_media":4972,"comment_status":"closed","ping_status":"closed","sticky":false,"template":"","format":"standard","meta":{"footnotes":""},"categories":[1],"tags":[],"class_list":{"0":"post-4971","1":"post","2":"type-post","3":"status-publish","4":"format-standard","5":"has-post-thumbnail","7":"category-noticias"},"aioseo_notices":[],"aioseo_head":"\n\t\t<!-- All in One SEO Pro 4.9.6.2 - aioseo.com -->\n\t<meta name=\"description\" content=\"(EUROPA PRESS) - El Sindicato de Enfermer\u00eda (Satse) ha solicitado al Defensor del Pueblo, Francisco Fern\u00e1ndez Marug\u00e1n, que ejerza una labor de mediaci\u00f3n ante el Gobierno y las consejer\u00edas de Sanidad y de Educaci\u00f3n de las comunidades aut\u00f3nomas para proteger la salud de los menores en el pr\u00f3ximo curso 2020-2021, a trav\u00e9s de la implantaci\u00f3n generalizada\" \/>\n\t<meta name=\"robots\" content=\"max-image-preview:large\" \/>\n\t<meta name=\"author\" content=\"NBAsturias\"\/>\n\t<meta name=\"google-site-verification\" content=\"UA-38556648-1\" \/>\n\t<meta name=\"keywords\" content=\"noticias\" \/>\n\t<link rel=\"canonical\" href=\"https:\/\/eldigitaldeasturias.com\/radio\/satse-pide-al-defensor-del-pueblo-que-medie-para-proteger-a-los-menores-en-centros-escolares\/\" \/>\n\t<meta name=\"generator\" content=\"All in One SEO Pro (AIOSEO) 4.9.6.2\" \/>\n\t\t<meta property=\"og:locale\" content=\"es_ES\" \/>\n\t\t<meta property=\"og:site_name\" content=\"El Digital de Asturias | Diario de informaci\u00f3n y noticias\" \/>\n\t\t<meta property=\"og:type\" content=\"article\" \/>\n\t\t<meta property=\"og:title\" content=\"Satse pide al Defensor del Pueblo que medie para proteger a los menores en centros escolares | El Digital de Asturias\" \/>\n\t\t<meta property=\"og:description\" content=\"(EUROPA PRESS) - El Sindicato de Enfermer\u00eda (Satse) ha solicitado al Defensor del Pueblo, Francisco Fern\u00e1ndez Marug\u00e1n, que ejerza una labor de mediaci\u00f3n ante el Gobierno y las consejer\u00edas de Sanidad y de Educaci\u00f3n de las comunidades aut\u00f3nomas para proteger la salud de los menores en el pr\u00f3ximo curso 2020-2021, a trav\u00e9s de la implantaci\u00f3n generalizada\" \/>\n\t\t<meta property=\"og:url\" content=\"https:\/\/eldigitaldeasturias.com\/radio\/satse-pide-al-defensor-del-pueblo-que-medie-para-proteger-a-los-menores-en-centros-escolares\/\" \/>\n\t\t<meta property=\"og:image\" content=\"https:\/\/eldigitaldeasturias.com\/radio\/wp-content\/uploads\/2020\/08\/Noticias-Urgentes.jpg\" \/>\n\t\t<meta property=\"og:image:secure_url\" content=\"https:\/\/eldigitaldeasturias.com\/radio\/wp-content\/uploads\/2020\/08\/Noticias-Urgentes.jpg\" \/>\n\t\t<meta property=\"og:image:width\" content=\"640\" \/>\n\t\t<meta property=\"og:image:height\" content=\"400\" \/>\n\t\t<meta property=\"article:published_time\" content=\"2020-08-25T19:47:25+00:00\" \/>\n\t\t<meta property=\"article:modified_time\" content=\"2020-08-25T19:47:25+00:00\" \/>\n\t\t<meta name=\"twitter:card\" content=\"summary_large_image\" \/>\n\t\t<meta name=\"twitter:site\" content=\"@bercodi\" \/>\n\t\t<meta name=\"twitter:title\" content=\"Satse pide al Defensor del Pueblo que medie para proteger a los menores en centros escolares | El Digital de Asturias\" \/>\n\t\t<meta name=\"twitter:description\" content=\"(EUROPA PRESS) - El Sindicato de Enfermer\u00eda (Satse) ha solicitado al Defensor del Pueblo, Francisco Fern\u00e1ndez Marug\u00e1n, que ejerza una labor de mediaci\u00f3n ante el Gobierno y las consejer\u00edas de Sanidad y de Educaci\u00f3n de las comunidades aut\u00f3nomas para proteger la salud de los menores en el pr\u00f3ximo curso 2020-2021, a trav\u00e9s de la implantaci\u00f3n generalizada\" \/>\n\t\t<meta name=\"twitter:creator\" content=\"@bercodi\" \/>\n\t\t<meta name=\"twitter:image\" content=\"https:\/\/eldigitaldeasturias.com\/radio\/wp-content\/uploads\/2020\/08\/Noticias-Urgentes.jpg\" \/>\n\t\t<script type=\"application\/ld+json\" class=\"aioseo-schema\">\n\t\t\t{\"@context\":\"https:\\\/\\\/schema.org\",\"@graph\":[{\"@type\":\"BreadcrumbList\",\"@id\":\"https:\\\/\\\/eldigitaldeasturias.com\\\/radio\\\/satse-pide-al-defensor-del-pueblo-que-medie-para-proteger-a-los-menores-en-centros-escolares\\\/#breadcrumblist\",\"itemListElement\":[{\"@type\":\"ListItem\",\"@id\":\"https:\\\/\\\/eldigitaldeasturias.com\\\/radio#listItem\",\"position\":1,\"name\":\"Inicio\",\"item\":\"https:\\\/\\\/eldigitaldeasturias.com\\\/radio\",\"nextItem\":{\"@type\":\"ListItem\",\"@id\":\"https:\\\/\\\/eldigitaldeasturias.com\\\/radio\\\/category\\\/noticias\\\/#listItem\",\"name\":\"Noticias\"}},{\"@type\":\"ListItem\",\"@id\":\"https:\\\/\\\/eldigitaldeasturias.com\\\/radio\\\/category\\\/noticias\\\/#listItem\",\"position\":2,\"name\":\"Noticias\",\"item\":\"https:\\\/\\\/eldigitaldeasturias.com\\\/radio\\\/category\\\/noticias\\\/\",\"nextItem\":{\"@type\":\"ListItem\",\"@id\":\"https:\\\/\\\/eldigitaldeasturias.com\\\/radio\\\/satse-pide-al-defensor-del-pueblo-que-medie-para-proteger-a-los-menores-en-centros-escolares\\\/#listItem\",\"name\":\"Satse pide al Defensor del Pueblo que medie para proteger a los menores en centros escolares\"},\"previousItem\":{\"@type\":\"ListItem\",\"@id\":\"https:\\\/\\\/eldigitaldeasturias.com\\\/radio#listItem\",\"name\":\"Inicio\"}},{\"@type\":\"ListItem\",\"@id\":\"https:\\\/\\\/eldigitaldeasturias.com\\\/radio\\\/satse-pide-al-defensor-del-pueblo-que-medie-para-proteger-a-los-menores-en-centros-escolares\\\/#listItem\",\"position\":3,\"name\":\"Satse pide al Defensor del Pueblo que medie para proteger a los menores en centros escolares\",\"previousItem\":{\"@type\":\"ListItem\",\"@id\":\"https:\\\/\\\/eldigitaldeasturias.com\\\/radio\\\/category\\\/noticias\\\/#listItem\",\"name\":\"Noticias\"}}]},{\"@type\":\"NewsArticle\",\"@id\":\"https:\\\/\\\/eldigitaldeasturias.com\\\/radio\\\/satse-pide-al-defensor-del-pueblo-que-medie-para-proteger-a-los-menores-en-centros-escolares\\\/#newsarticle\",\"name\":\"Satse pide al Defensor del Pueblo que medie para proteger a los menores en centros escolares | El Digital de Asturias\",\"headline\":\"Satse pide al Defensor del Pueblo que medie para proteger a los menores en centros escolares\",\"author\":{\"@id\":\"https:\\\/\\\/eldigitaldeasturias.com\\\/radio\\\/author\\\/nbasturias\\\/#author\"},\"publisher\":{\"@id\":\"https:\\\/\\\/eldigitaldeasturias.com\\\/radio\\\/#organization\"},\"image\":{\"@type\":\"ImageObject\",\"url\":\"https:\\\/\\\/eldigitaldeasturias.com\\\/radio\\\/wp-content\\\/uploads\\\/2020\\\/08\\\/Noticias-Urgentes.jpg\",\"width\":640,\"height\":400},\"datePublished\":\"2020-08-25T19:47:25+02:00\",\"dateModified\":\"2020-08-25T19:47:25+02:00\",\"inLanguage\":\"es-ES\",\"mainEntityOfPage\":{\"@id\":\"https:\\\/\\\/eldigitaldeasturias.com\\\/radio\\\/satse-pide-al-defensor-del-pueblo-que-medie-para-proteger-a-los-menores-en-centros-escolares\\\/#webpage\"},\"isPartOf\":{\"@id\":\"https:\\\/\\\/eldigitaldeasturias.com\\\/radio\\\/satse-pide-al-defensor-del-pueblo-que-medie-para-proteger-a-los-menores-en-centros-escolares\\\/#webpage\"},\"articleSection\":\"Noticias\",\"dateline\":\"Publicado el agosto 25, 2020.\"},{\"@type\":\"Organization\",\"@id\":\"https:\\\/\\\/eldigitaldeasturias.com\\\/radio\\\/#organization\",\"name\":\"El digital de Asturias Radio\",\"description\":\"Diario de informaci\\u00f3n y noticias\",\"url\":\"https:\\\/\\\/eldigitaldeasturias.com\\\/radio\\\/\",\"telephone\":\"+34652131393\",\"logo\":{\"@type\":\"ImageObject\",\"url\":\"https:\\\/\\\/www.eldigitaldeasturias.com\\\/radio\\\/wp-content\\\/uploads\\\/2021\\\/03\\\/EDA.jpg\",\"@id\":\"https:\\\/\\\/eldigitaldeasturias.com\\\/radio\\\/satse-pide-al-defensor-del-pueblo-que-medie-para-proteger-a-los-menores-en-centros-escolares\\\/#organizationLogo\"},\"image\":{\"@id\":\"https:\\\/\\\/eldigitaldeasturias.com\\\/radio\\\/satse-pide-al-defensor-del-pueblo-que-medie-para-proteger-a-los-menores-en-centros-escolares\\\/#organizationLogo\"},\"sameAs\":[\"https:\\\/\\\/www.facebook.com\\\/\",\"https:\\\/\\\/x.com\\\/bercodi\",\"https:\\\/\\\/www.instagram.com\\\/\",\"https:\\\/\\\/www.youtube.com\\\/channel\\\/UCZP-2wLEB9Rv6erhFmqVnvg\"]},{\"@type\":\"Person\",\"@id\":\"https:\\\/\\\/eldigitaldeasturias.com\\\/radio\\\/author\\\/nbasturias\\\/#author\",\"url\":\"https:\\\/\\\/eldigitaldeasturias.com\\\/radio\\\/author\\\/nbasturias\\\/\",\"name\":\"NBAsturias\",\"image\":{\"@type\":\"ImageObject\",\"@id\":\"https:\\\/\\\/eldigitaldeasturias.com\\\/radio\\\/satse-pide-al-defensor-del-pueblo-que-medie-para-proteger-a-los-menores-en-centros-escolares\\\/#authorImage\",\"url\":\"https:\\\/\\\/secure.gravatar.com\\\/avatar\\\/df2aeffc32bcd13f8d26072ef8a91b623d677766deac7f97ca815868cd41bf5e?s=96&d=mm&r=g\",\"width\":96,\"height\":96,\"caption\":\"NBAsturias\"}},{\"@type\":\"WebPage\",\"@id\":\"https:\\\/\\\/eldigitaldeasturias.com\\\/radio\\\/satse-pide-al-defensor-del-pueblo-que-medie-para-proteger-a-los-menores-en-centros-escolares\\\/#webpage\",\"url\":\"https:\\\/\\\/eldigitaldeasturias.com\\\/radio\\\/satse-pide-al-defensor-del-pueblo-que-medie-para-proteger-a-los-menores-en-centros-escolares\\\/\",\"name\":\"Satse pide al Defensor del Pueblo que medie para proteger a los menores en centros escolares | El Digital de Asturias\",\"description\":\"(EUROPA PRESS) - El Sindicato de Enfermer\\u00eda (Satse) ha solicitado al Defensor del Pueblo, Francisco Fern\\u00e1ndez Marug\\u00e1n, que ejerza una labor de mediaci\\u00f3n ante el Gobierno y las consejer\\u00edas de Sanidad y de Educaci\\u00f3n de las comunidades aut\\u00f3nomas para proteger la salud de los menores en el pr\\u00f3ximo curso 2020-2021, a trav\\u00e9s de la implantaci\\u00f3n generalizada\",\"inLanguage\":\"es-ES\",\"isPartOf\":{\"@id\":\"https:\\\/\\\/eldigitaldeasturias.com\\\/radio\\\/#website\"},\"breadcrumb\":{\"@id\":\"https:\\\/\\\/eldigitaldeasturias.com\\\/radio\\\/satse-pide-al-defensor-del-pueblo-que-medie-para-proteger-a-los-menores-en-centros-escolares\\\/#breadcrumblist\"},\"author\":{\"@id\":\"https:\\\/\\\/eldigitaldeasturias.com\\\/radio\\\/author\\\/nbasturias\\\/#author\"},\"creator\":{\"@id\":\"https:\\\/\\\/eldigitaldeasturias.com\\\/radio\\\/author\\\/nbasturias\\\/#author\"},\"image\":{\"@type\":\"ImageObject\",\"url\":\"https:\\\/\\\/eldigitaldeasturias.com\\\/radio\\\/wp-content\\\/uploads\\\/2020\\\/08\\\/Noticias-Urgentes.jpg\",\"@id\":\"https:\\\/\\\/eldigitaldeasturias.com\\\/radio\\\/satse-pide-al-defensor-del-pueblo-que-medie-para-proteger-a-los-menores-en-centros-escolares\\\/#mainImage\",\"width\":640,\"height\":400},\"primaryImageOfPage\":{\"@id\":\"https:\\\/\\\/eldigitaldeasturias.com\\\/radio\\\/satse-pide-al-defensor-del-pueblo-que-medie-para-proteger-a-los-menores-en-centros-escolares\\\/#mainImage\"},\"datePublished\":\"2020-08-25T19:47:25+02:00\",\"dateModified\":\"2020-08-25T19:47:25+02:00\"},{\"@type\":\"WebSite\",\"@id\":\"https:\\\/\\\/eldigitaldeasturias.com\\\/radio\\\/#website\",\"url\":\"https:\\\/\\\/eldigitaldeasturias.com\\\/radio\\\/\",\"name\":\"El Digital de Asturias\",\"description\":\"Diario de informaci\\u00f3n y noticias\",\"inLanguage\":\"es-ES\",\"publisher\":{\"@id\":\"https:\\\/\\\/eldigitaldeasturias.com\\\/radio\\\/#organization\"}}]}\n\t\t<\/script>\n\t\t<!-- All in One SEO Pro -->\r\n\t\t<title>Satse pide al Defensor del Pueblo que medie para proteger a los menores en centros escolares | El Digital de Asturias<\/title>\n\n","aioseo_head_json":{"title":"Satse pide al Defensor del Pueblo que medie para proteger a los menores en centros escolares | El Digital de Asturias","description":"(EUROPA PRESS) - El Sindicato de Enfermer\u00eda (Satse) ha solicitado al Defensor del Pueblo, Francisco Fern\u00e1ndez Marug\u00e1n, que ejerza una labor de mediaci\u00f3n ante el Gobierno y las consejer\u00edas de Sanidad y de Educaci\u00f3n de las comunidades aut\u00f3nomas para proteger la salud de los menores en el pr\u00f3ximo curso 2020-2021, a trav\u00e9s de la implantaci\u00f3n generalizada","canonical_url":"https:\/\/eldigitaldeasturias.com\/radio\/satse-pide-al-defensor-del-pueblo-que-medie-para-proteger-a-los-menores-en-centros-escolares\/","robots":"max-image-preview:large","keywords":"noticias","webmasterTools":{"google-site-verification":"UA-38556648-1","miscellaneous":""},"schema":{"@context":"https:\/\/schema.org","@graph":[{"@type":"BreadcrumbList","@id":"https:\/\/eldigitaldeasturias.com\/radio\/satse-pide-al-defensor-del-pueblo-que-medie-para-proteger-a-los-menores-en-centros-escolares\/#breadcrumblist","itemListElement":[{"@type":"ListItem","@id":"https:\/\/eldigitaldeasturias.com\/radio#listItem","position":1,"name":"Inicio","item":"https:\/\/eldigitaldeasturias.com\/radio","nextItem":{"@type":"ListItem","@id":"https:\/\/eldigitaldeasturias.com\/radio\/category\/noticias\/#listItem","name":"Noticias"}},{"@type":"ListItem","@id":"https:\/\/eldigitaldeasturias.com\/radio\/category\/noticias\/#listItem","position":2,"name":"Noticias","item":"https:\/\/eldigitaldeasturias.com\/radio\/category\/noticias\/","nextItem":{"@type":"ListItem","@id":"https:\/\/eldigitaldeasturias.com\/radio\/satse-pide-al-defensor-del-pueblo-que-medie-para-proteger-a-los-menores-en-centros-escolares\/#listItem","name":"Satse pide al Defensor del Pueblo que medie para proteger a los menores en centros escolares"},"previousItem":{"@type":"ListItem","@id":"https:\/\/eldigitaldeasturias.com\/radio#listItem","name":"Inicio"}},{"@type":"ListItem","@id":"https:\/\/eldigitaldeasturias.com\/radio\/satse-pide-al-defensor-del-pueblo-que-medie-para-proteger-a-los-menores-en-centros-escolares\/#listItem","position":3,"name":"Satse pide al Defensor del Pueblo que medie para proteger a los menores en centros escolares","previousItem":{"@type":"ListItem","@id":"https:\/\/eldigitaldeasturias.com\/radio\/category\/noticias\/#listItem","name":"Noticias"}}]},{"@type":"NewsArticle","@id":"https:\/\/eldigitaldeasturias.com\/radio\/satse-pide-al-defensor-del-pueblo-que-medie-para-proteger-a-los-menores-en-centros-escolares\/#newsarticle","name":"Satse pide al Defensor del Pueblo que medie para proteger a los menores en centros escolares | El Digital de Asturias","headline":"Satse pide al Defensor del Pueblo que medie para proteger a los menores en centros escolares","author":{"@id":"https:\/\/eldigitaldeasturias.com\/radio\/author\/nbasturias\/#author"},"publisher":{"@id":"https:\/\/eldigitaldeasturias.com\/radio\/#organization"},"image":{"@type":"ImageObject","url":"https:\/\/eldigitaldeasturias.com\/radio\/wp-content\/uploads\/2020\/08\/Noticias-Urgentes.jpg","width":640,"height":400},"datePublished":"2020-08-25T19:47:25+02:00","dateModified":"2020-08-25T19:47:25+02:00","inLanguage":"es-ES","mainEntityOfPage":{"@id":"https:\/\/eldigitaldeasturias.com\/radio\/satse-pide-al-defensor-del-pueblo-que-medie-para-proteger-a-los-menores-en-centros-escolares\/#webpage"},"isPartOf":{"@id":"https:\/\/eldigitaldeasturias.com\/radio\/satse-pide-al-defensor-del-pueblo-que-medie-para-proteger-a-los-menores-en-centros-escolares\/#webpage"},"articleSection":"Noticias","dateline":"Publicado el agosto 25, 2020."},{"@type":"Organization","@id":"https:\/\/eldigitaldeasturias.com\/radio\/#organization","name":"El digital de Asturias Radio","description":"Diario de informaci\u00f3n y noticias","url":"https:\/\/eldigitaldeasturias.com\/radio\/","telephone":"+34652131393","logo":{"@type":"ImageObject","url":"https:\/\/www.eldigitaldeasturias.com\/radio\/wp-content\/uploads\/2021\/03\/EDA.jpg","@id":"https:\/\/eldigitaldeasturias.com\/radio\/satse-pide-al-defensor-del-pueblo-que-medie-para-proteger-a-los-menores-en-centros-escolares\/#organizationLogo"},"image":{"@id":"https:\/\/eldigitaldeasturias.com\/radio\/satse-pide-al-defensor-del-pueblo-que-medie-para-proteger-a-los-menores-en-centros-escolares\/#organizationLogo"},"sameAs":["https:\/\/www.facebook.com\/","https:\/\/x.com\/bercodi","https:\/\/www.instagram.com\/","https:\/\/www.youtube.com\/channel\/UCZP-2wLEB9Rv6erhFmqVnvg"]},{"@type":"Person","@id":"https:\/\/eldigitaldeasturias.com\/radio\/author\/nbasturias\/#author","url":"https:\/\/eldigitaldeasturias.com\/radio\/author\/nbasturias\/","name":"NBAsturias","image":{"@type":"ImageObject","@id":"https:\/\/eldigitaldeasturias.com\/radio\/satse-pide-al-defensor-del-pueblo-que-medie-para-proteger-a-los-menores-en-centros-escolares\/#authorImage","url":"https:\/\/secure.gravatar.com\/avatar\/df2aeffc32bcd13f8d26072ef8a91b623d677766deac7f97ca815868cd41bf5e?s=96&d=mm&r=g","width":96,"height":96,"caption":"NBAsturias"}},{"@type":"WebPage","@id":"https:\/\/eldigitaldeasturias.com\/radio\/satse-pide-al-defensor-del-pueblo-que-medie-para-proteger-a-los-menores-en-centros-escolares\/#webpage","url":"https:\/\/eldigitaldeasturias.com\/radio\/satse-pide-al-defensor-del-pueblo-que-medie-para-proteger-a-los-menores-en-centros-escolares\/","name":"Satse pide al Defensor del Pueblo que medie para proteger a los menores en centros escolares | El Digital de Asturias","description":"(EUROPA PRESS) - El Sindicato de Enfermer\u00eda (Satse) ha solicitado al Defensor del Pueblo, Francisco Fern\u00e1ndez Marug\u00e1n, que ejerza una labor de mediaci\u00f3n ante el Gobierno y las consejer\u00edas de Sanidad y de Educaci\u00f3n de las comunidades aut\u00f3nomas para proteger la salud de los menores en el pr\u00f3ximo curso 2020-2021, a trav\u00e9s de la implantaci\u00f3n generalizada","inLanguage":"es-ES","isPartOf":{"@id":"https:\/\/eldigitaldeasturias.com\/radio\/#website"},"breadcrumb":{"@id":"https:\/\/eldigitaldeasturias.com\/radio\/satse-pide-al-defensor-del-pueblo-que-medie-para-proteger-a-los-menores-en-centros-escolares\/#breadcrumblist"},"author":{"@id":"https:\/\/eldigitaldeasturias.com\/radio\/author\/nbasturias\/#author"},"creator":{"@id":"https:\/\/eldigitaldeasturias.com\/radio\/author\/nbasturias\/#author"},"image":{"@type":"ImageObject","url":"https:\/\/eldigitaldeasturias.com\/radio\/wp-content\/uploads\/2020\/08\/Noticias-Urgentes.jpg","@id":"https:\/\/eldigitaldeasturias.com\/radio\/satse-pide-al-defensor-del-pueblo-que-medie-para-proteger-a-los-menores-en-centros-escolares\/#mainImage","width":640,"height":400},"primaryImageOfPage":{"@id":"https:\/\/eldigitaldeasturias.com\/radio\/satse-pide-al-defensor-del-pueblo-que-medie-para-proteger-a-los-menores-en-centros-escolares\/#mainImage"},"datePublished":"2020-08-25T19:47:25+02:00","dateModified":"2020-08-25T19:47:25+02:00"},{"@type":"WebSite","@id":"https:\/\/eldigitaldeasturias.com\/radio\/#website","url":"https:\/\/eldigitaldeasturias.com\/radio\/","name":"El Digital de Asturias","description":"Diario de informaci\u00f3n y noticias","inLanguage":"es-ES","publisher":{"@id":"https:\/\/eldigitaldeasturias.com\/radio\/#organization"}}]},"og:locale":"es_ES","og:site_name":"El Digital de Asturias | Diario de informaci\u00f3n y noticias","og:type":"article","og:title":"Satse pide al Defensor del Pueblo que medie para proteger a los menores en centros escolares | El Digital de Asturias","og:description":"(EUROPA PRESS) - El Sindicato de Enfermer\u00eda (Satse) ha solicitado al Defensor del Pueblo, Francisco Fern\u00e1ndez Marug\u00e1n, que ejerza una labor de mediaci\u00f3n ante el Gobierno y las consejer\u00edas de Sanidad y de Educaci\u00f3n de las comunidades aut\u00f3nomas para proteger la salud de los menores en el pr\u00f3ximo curso 2020-2021, a trav\u00e9s de la implantaci\u00f3n generalizada","og:url":"https:\/\/eldigitaldeasturias.com\/radio\/satse-pide-al-defensor-del-pueblo-que-medie-para-proteger-a-los-menores-en-centros-escolares\/","og:image":"https:\/\/eldigitaldeasturias.com\/radio\/wp-content\/uploads\/2020\/08\/Noticias-Urgentes.jpg","og:image:secure_url":"https:\/\/eldigitaldeasturias.com\/radio\/wp-content\/uploads\/2020\/08\/Noticias-Urgentes.jpg","og:image:width":640,"og:image:height":400,"article:published_time":"2020-08-25T19:47:25+00:00","article:modified_time":"2020-08-25T19:47:25+00:00","twitter:card":"summary_large_image","twitter:site":"@bercodi","twitter:title":"Satse pide al Defensor del Pueblo que medie para proteger a los menores en centros escolares | El Digital de Asturias","twitter:description":"(EUROPA PRESS) - El Sindicato de Enfermer\u00eda (Satse) ha solicitado al Defensor del Pueblo, Francisco Fern\u00e1ndez Marug\u00e1n, que ejerza una labor de mediaci\u00f3n ante el Gobierno y las consejer\u00edas de Sanidad y de Educaci\u00f3n de las comunidades aut\u00f3nomas para proteger la salud de los menores en el pr\u00f3ximo curso 2020-2021, a trav\u00e9s de la implantaci\u00f3n generalizada","twitter:creator":"@bercodi","twitter:image":"https:\/\/eldigitaldeasturias.com\/radio\/wp-content\/uploads\/2020\/08\/Noticias-Urgentes.jpg"},"aioseo_meta_data":{"post_id":"4971","title":null,"description":"","keywords":"","keyphrases":null,"primary_term":null,"canonical_url":"","og_title":null,"og_description":null,"og_object_type":"default","og_image_type":"default","og_image_url":null,"og_image_width":null,"og_image_height":null,"og_image_custom_url":null,"og_image_custom_fields":null,"og_video":null,"og_custom_url":null,"og_article_section":null,"og_article_tags":null,"twitter_use_og":false,"twitter_card":"default","twitter_image_type":"default","twitter_image_url":null,"twitter_image_custom_url":null,"twitter_image_custom_fields":null,"twitter_title":null,"twitter_description":null,"schema":{"blockGraphs":[],"customGraphs":[],"default":{"data":{"Article":[],"Course":[],"Dataset":[],"FAQPage":[],"Movie":[],"Person":[],"Product":[],"ProductReview":[],"Car":[],"Recipe":[],"Service":[],"SoftwareApplication":[],"WebPage":[]},"graphName":"","isEnabled":true},"graphs":[],"defaultGraph":"","defaultPostTypeGraph":""},"schema_type":null,"schema_type_options":null,"pillar_content":false,"robots_default":true,"robots_noindex":false,"robots_noarchive":false,"robots_nosnippet":false,"robots_nofollow":false,"robots_noimageindex":false,"robots_noodp":false,"robots_notranslate":false,"robots_max_snippet":null,"robots_max_videopreview":null,"robots_max_imagepreview":"large","priority":null,"frequency":null,"location":null,"local_seo":null,"seo_analyzer_scan_date":"2025-08-28 17:01:26","breadcrumb_settings":null,"limit_modified_date":false,"open_ai":null,"ai":null,"created":"2021-03-25 20:31:59","updated":"2025-08-28 17:01:26"},"aioseo_breadcrumb":"<div class=\"aioseo-breadcrumbs\"><span class=\"aioseo-breadcrumb\">\n\t<a href=\"https:\/\/eldigitaldeasturias.com\/radio\" title=\"Inicio\">Inicio<\/a>\n<\/span><span class=\"aioseo-breadcrumb-separator\">&ndash;<\/span><span class=\"aioseo-breadcrumb\">\n\t<a href=\"https:\/\/eldigitaldeasturias.com\/radio\/category\/noticias\/\" title=\"Noticias\">Noticias<\/a>\n<\/span><span class=\"aioseo-breadcrumb-separator\">&ndash;<\/span><span class=\"aioseo-breadcrumb\">\n\tSatse pide al Defensor del Pueblo que medie para proteger a los menores en centros escolares\n<\/span><\/div>","aioseo_breadcrumb_json":[{"label":"Inicio","link":"https:\/\/eldigitaldeasturias.com\/radio"},{"label":"Noticias","link":"https:\/\/eldigitaldeasturias.com\/radio\/category\/noticias\/"},{"label":"Satse pide al Defensor del Pueblo que medie para proteger a los menores en centros escolares","link":"https:\/\/eldigitaldeasturias.com\/radio\/satse-pide-al-defensor-del-pueblo-que-medie-para-proteger-a-los-menores-en-centros-escolares\/"}],"_links":{"self":[{"href":"https:\/\/eldigitaldeasturias.com\/radio\/wp-json\/wp\/v2\/posts\/4971","targetHints":{"allow":["GET"]}}],"collection":[{"href":"https:\/\/eldigitaldeasturias.com\/radio\/wp-json\/wp\/v2\/posts"}],"about":[{"href":"https:\/\/eldigitaldeasturias.com\/radio\/wp-json\/wp\/v2\/types\/post"}],"author":[{"embeddable":true,"href":"https:\/\/eldigitaldeasturias.com\/radio\/wp-json\/wp\/v2\/users\/1"}],"replies":[{"embeddable":true,"href":"https:\/\/eldigitaldeasturias.com\/radio\/wp-json\/wp\/v2\/comments?post=4971"}],"version-history":[{"count":0,"href":"https:\/\/eldigitaldeasturias.com\/radio\/wp-json\/wp\/v2\/posts\/4971\/revisions"}],"wp:featuredmedia":[{"embeddable":true,"href":"https:\/\/eldigitaldeasturias.com\/radio\/wp-json\/wp\/v2\/media\/4972"}],"wp:attachment":[{"href":"https:\/\/eldigitaldeasturias.com\/radio\/wp-json\/wp\/v2\/media?parent=4971"}],"wp:term":[{"taxonomy":"category","embeddable":true,"href":"https:\/\/eldigitaldeasturias.com\/radio\/wp-json\/wp\/v2\/categories?post=4971"},{"taxonomy":"post_tag","embeddable":true,"href":"https:\/\/eldigitaldeasturias.com\/radio\/wp-json\/wp\/v2\/tags?post=4971"}],"curies":[{"name":"wp","href":"https:\/\/api.w.org\/{rel}","templated":true}]}}