{"id":4965,"date":"2020-08-24T09:06:28","date_gmt":"2020-08-24T09:06:28","guid":{"rendered":"http:\/\/www.eldigitaldeasturias.com\/radio\/?p=4965"},"modified":"2020-08-24T09:06:28","modified_gmt":"2020-08-24T09:06:28","slug":"segunda-edicion-de-factoria-sound-summer","status":"publish","type":"post","link":"https:\/\/eldigitaldeasturias.com\/radio\/segunda-edicion-de-factoria-sound-summer\/","title":{"rendered":"Segunda edici\u00f3n de &#8216;Factor\u00eda Sound Summer&#8217;"},"content":{"rendered":"<figure id=\"attachment_4966\" aria-describedby=\"caption-attachment-4966\" style=\"width: 360px\" class=\"wp-caption alignleft\"><img fetchpriority=\"high\" decoding=\"async\" class=\"size-medium wp-image-4966\" src=\"http:\/\/www.eldigitaldeasturias.com\/radio\/wp-content\/uploads\/2020\/08\/Voodo-Grass-360x291.jpg\" alt=\"\" width=\"360\" height=\"291\" srcset=\"https:\/\/eldigitaldeasturias.com\/radio\/wp-content\/uploads\/2020\/08\/Voodo-Grass-360x291.jpg 360w, https:\/\/eldigitaldeasturias.com\/radio\/wp-content\/uploads\/2020\/08\/Voodo-Grass-768x622.jpg 768w, https:\/\/eldigitaldeasturias.com\/radio\/wp-content\/uploads\/2020\/08\/Voodo-Grass.jpg 804w\" sizes=\"(max-width: 360px) 100vw, 360px\" \/><figcaption id=\"caption-attachment-4966\" class=\"wp-caption-text\">Concierto de Vodoo grass. &#8211; AYUNTAMIENTO DE AVIL\u00c9S<\/figcaption><\/figure>\n<p>(EUROPA PRESS) &#8211; El ciclo <strong>&#8216;Factor\u00eda Sound Summer&#8217;<\/strong> comienza este lunes su segunda semana de conciertos con la actuaci\u00f3n de <strong>Bantastic Fand, a las 20.00 horas en el patio del Colegio Palacio Vald\u00e9s, y de Voodoo Grass, a la misma hora en la Plaza de Domingo \u00c1lvarez Acebal<\/strong>.<\/p>\n<p>Adem\u00e1s, la compa\u00f1\u00eda castellonense <strong>La Troupe Malabo amenizar\u00e1 la plaza de Camposagrado<\/strong> (20.00 horas) con su espect\u00e1culo &#8216;Klez 80 Circus&#8217;; y la pel\u00edcula<strong> &#8216;Mascotas 2&#8217; inaugura las Noches de Cine de San Agust\u00edn<\/strong>, a las 22:15 horas en la pista de La Exposici\u00f3n.<\/p>\n<p>Para asistir a cualquiera de estos eventos gratuitos es necesario solicitar invitaciones a trav\u00e9s de la p\u00e1gina web invitacionesavilescultural.es o, en caso de tener dificultad de acceso a Internet, en la Casa de Cultura, en horario de lunes a viernes de 09.00 a 14.30 y de 15.30 a 21.00 horas.<\/p>\n","protected":false},"excerpt":{"rendered":"<p>(EUROPA PRESS) &#8211; El ciclo &#8216;Factor\u00eda Sound Summer&#8217; comienza este lunes su segunda semana de conciertos con la actuaci\u00f3n de Bantastic Fand, a las 20.00 horas en el patio del Colegio Palacio Vald\u00e9s, y de Voodoo Grass, a la misma hora en la Plaza de Domingo \u00c1lvarez Acebal. Adem\u00e1s, la compa\u00f1\u00eda castellonense La Troupe Malabo<\/p>\n","protected":false},"author":1,"featured_media":4966,"comment_status":"closed","ping_status":"closed","sticky":false,"template":"","format":"standard","meta":{"footnotes":""},"categories":[1],"tags":[],"class_list":{"0":"post-4965","1":"post","2":"type-post","3":"status-publish","4":"format-standard","5":"has-post-thumbnail","7":"category-noticias"},"aioseo_notices":[],"aioseo_head":"\n\t\t<!-- All in One SEO Pro 4.9.6.2 - aioseo.com -->\n\t<meta name=\"description\" content=\"(EUROPA PRESS) - El ciclo &#039;Factor\u00eda Sound Summer&#039; comienza este lunes su segunda semana de conciertos con la actuaci\u00f3n de Bantastic Fand, a las 20.00 horas en el patio del Colegio Palacio Vald\u00e9s, y de Voodoo Grass, a la misma hora en la Plaza de Domingo \u00c1lvarez Acebal. Adem\u00e1s, la compa\u00f1\u00eda castellonense La Troupe Malabo\" \/>\n\t<meta name=\"robots\" content=\"max-image-preview:large\" \/>\n\t<meta name=\"author\" content=\"NBAsturias\"\/>\n\t<meta name=\"google-site-verification\" content=\"UA-38556648-1\" \/>\n\t<meta name=\"keywords\" content=\"noticias\" \/>\n\t<link rel=\"canonical\" href=\"https:\/\/eldigitaldeasturias.com\/radio\/segunda-edicion-de-factoria-sound-summer\/\" \/>\n\t<meta name=\"generator\" content=\"All in One SEO Pro (AIOSEO) 4.9.6.2\" \/>\n\t\t<meta property=\"og:locale\" content=\"es_ES\" \/>\n\t\t<meta property=\"og:site_name\" content=\"El Digital de Asturias | Diario de informaci\u00f3n y noticias\" \/>\n\t\t<meta property=\"og:type\" content=\"article\" \/>\n\t\t<meta property=\"og:title\" content=\"Segunda edici\u00f3n de \u2018Factor\u00eda Sound Summer\u2019 | El Digital de Asturias\" \/>\n\t\t<meta property=\"og:description\" content=\"(EUROPA PRESS) - El ciclo &#039;Factor\u00eda Sound Summer&#039; comienza este lunes su segunda semana de conciertos con la actuaci\u00f3n de Bantastic Fand, a las 20.00 horas en el patio del Colegio Palacio Vald\u00e9s, y de Voodoo Grass, a la misma hora en la Plaza de Domingo \u00c1lvarez Acebal. Adem\u00e1s, la compa\u00f1\u00eda castellonense La Troupe Malabo\" \/>\n\t\t<meta property=\"og:url\" content=\"https:\/\/eldigitaldeasturias.com\/radio\/segunda-edicion-de-factoria-sound-summer\/\" \/>\n\t\t<meta property=\"og:image\" content=\"https:\/\/eldigitaldeasturias.com\/radio\/wp-content\/uploads\/2020\/08\/Voodo-Grass.jpg\" \/>\n\t\t<meta property=\"og:image:secure_url\" content=\"https:\/\/eldigitaldeasturias.com\/radio\/wp-content\/uploads\/2020\/08\/Voodo-Grass.jpg\" \/>\n\t\t<meta property=\"og:image:width\" content=\"804\" \/>\n\t\t<meta property=\"og:image:height\" content=\"651\" \/>\n\t\t<meta property=\"article:published_time\" content=\"2020-08-24T09:06:28+00:00\" \/>\n\t\t<meta property=\"article:modified_time\" content=\"2020-08-24T09:06:28+00:00\" \/>\n\t\t<meta name=\"twitter:card\" content=\"summary_large_image\" \/>\n\t\t<meta name=\"twitter:site\" content=\"@bercodi\" \/>\n\t\t<meta name=\"twitter:title\" content=\"Segunda edici\u00f3n de \u2018Factor\u00eda Sound Summer\u2019 | El Digital de Asturias\" \/>\n\t\t<meta name=\"twitter:description\" content=\"(EUROPA PRESS) - El ciclo &#039;Factor\u00eda Sound Summer&#039; comienza este lunes su segunda semana de conciertos con la actuaci\u00f3n de Bantastic Fand, a las 20.00 horas en el patio del Colegio Palacio Vald\u00e9s, y de Voodoo Grass, a la misma hora en la Plaza de Domingo \u00c1lvarez Acebal. Adem\u00e1s, la compa\u00f1\u00eda castellonense La Troupe Malabo\" \/>\n\t\t<meta name=\"twitter:creator\" content=\"@bercodi\" \/>\n\t\t<meta name=\"twitter:image\" content=\"https:\/\/eldigitaldeasturias.com\/radio\/wp-content\/uploads\/2020\/08\/Voodo-Grass.jpg\" \/>\n\t\t<script type=\"application\/ld+json\" class=\"aioseo-schema\">\n\t\t\t{\"@context\":\"https:\\\/\\\/schema.org\",\"@graph\":[{\"@type\":\"BreadcrumbList\",\"@id\":\"https:\\\/\\\/eldigitaldeasturias.com\\\/radio\\\/segunda-edicion-de-factoria-sound-summer\\\/#breadcrumblist\",\"itemListElement\":[{\"@type\":\"ListItem\",\"@id\":\"https:\\\/\\\/eldigitaldeasturias.com\\\/radio#listItem\",\"position\":1,\"name\":\"Inicio\",\"item\":\"https:\\\/\\\/eldigitaldeasturias.com\\\/radio\",\"nextItem\":{\"@type\":\"ListItem\",\"@id\":\"https:\\\/\\\/eldigitaldeasturias.com\\\/radio\\\/category\\\/noticias\\\/#listItem\",\"name\":\"Noticias\"}},{\"@type\":\"ListItem\",\"@id\":\"https:\\\/\\\/eldigitaldeasturias.com\\\/radio\\\/category\\\/noticias\\\/#listItem\",\"position\":2,\"name\":\"Noticias\",\"item\":\"https:\\\/\\\/eldigitaldeasturias.com\\\/radio\\\/category\\\/noticias\\\/\",\"nextItem\":{\"@type\":\"ListItem\",\"@id\":\"https:\\\/\\\/eldigitaldeasturias.com\\\/radio\\\/segunda-edicion-de-factoria-sound-summer\\\/#listItem\",\"name\":\"Segunda edici\\u00f3n de &#8216;Factor\\u00eda Sound Summer&#8217;\"},\"previousItem\":{\"@type\":\"ListItem\",\"@id\":\"https:\\\/\\\/eldigitaldeasturias.com\\\/radio#listItem\",\"name\":\"Inicio\"}},{\"@type\":\"ListItem\",\"@id\":\"https:\\\/\\\/eldigitaldeasturias.com\\\/radio\\\/segunda-edicion-de-factoria-sound-summer\\\/#listItem\",\"position\":3,\"name\":\"Segunda edici\\u00f3n de &#8216;Factor\\u00eda Sound Summer&#8217;\",\"previousItem\":{\"@type\":\"ListItem\",\"@id\":\"https:\\\/\\\/eldigitaldeasturias.com\\\/radio\\\/category\\\/noticias\\\/#listItem\",\"name\":\"Noticias\"}}]},{\"@type\":\"NewsArticle\",\"@id\":\"https:\\\/\\\/eldigitaldeasturias.com\\\/radio\\\/segunda-edicion-de-factoria-sound-summer\\\/#newsarticle\",\"name\":\"Segunda edici\\u00f3n de \\u2018Factor\\u00eda Sound Summer\\u2019 | El Digital de Asturias\",\"headline\":\"Segunda edici\\u00f3n de &#8216;Factor\\u00eda Sound Summer&#8217;\",\"author\":{\"@id\":\"https:\\\/\\\/eldigitaldeasturias.com\\\/radio\\\/author\\\/nbasturias\\\/#author\"},\"publisher\":{\"@id\":\"https:\\\/\\\/eldigitaldeasturias.com\\\/radio\\\/#organization\"},\"image\":{\"@type\":\"ImageObject\",\"url\":\"https:\\\/\\\/eldigitaldeasturias.com\\\/radio\\\/wp-content\\\/uploads\\\/2020\\\/08\\\/Voodo-Grass.jpg\",\"width\":804,\"height\":651,\"caption\":\"Concierto de Vodoo grass. - AYUNTAMIENTO DE AVIL\\u00c9S\"},\"datePublished\":\"2020-08-24T09:06:28+02:00\",\"dateModified\":\"2020-08-24T09:06:28+02:00\",\"inLanguage\":\"es-ES\",\"mainEntityOfPage\":{\"@id\":\"https:\\\/\\\/eldigitaldeasturias.com\\\/radio\\\/segunda-edicion-de-factoria-sound-summer\\\/#webpage\"},\"isPartOf\":{\"@id\":\"https:\\\/\\\/eldigitaldeasturias.com\\\/radio\\\/segunda-edicion-de-factoria-sound-summer\\\/#webpage\"},\"articleSection\":\"Noticias\",\"dateline\":\"Publicado el agosto 24, 2020.\"},{\"@type\":\"Organization\",\"@id\":\"https:\\\/\\\/eldigitaldeasturias.com\\\/radio\\\/#organization\",\"name\":\"El digital de Asturias Radio\",\"description\":\"Diario de informaci\\u00f3n y noticias\",\"url\":\"https:\\\/\\\/eldigitaldeasturias.com\\\/radio\\\/\",\"telephone\":\"+34652131393\",\"logo\":{\"@type\":\"ImageObject\",\"url\":\"https:\\\/\\\/www.eldigitaldeasturias.com\\\/radio\\\/wp-content\\\/uploads\\\/2021\\\/03\\\/EDA.jpg\",\"@id\":\"https:\\\/\\\/eldigitaldeasturias.com\\\/radio\\\/segunda-edicion-de-factoria-sound-summer\\\/#organizationLogo\"},\"image\":{\"@id\":\"https:\\\/\\\/eldigitaldeasturias.com\\\/radio\\\/segunda-edicion-de-factoria-sound-summer\\\/#organizationLogo\"},\"sameAs\":[\"https:\\\/\\\/www.facebook.com\\\/\",\"https:\\\/\\\/x.com\\\/bercodi\",\"https:\\\/\\\/www.instagram.com\\\/\",\"https:\\\/\\\/www.youtube.com\\\/channel\\\/UCZP-2wLEB9Rv6erhFmqVnvg\"]},{\"@type\":\"Person\",\"@id\":\"https:\\\/\\\/eldigitaldeasturias.com\\\/radio\\\/author\\\/nbasturias\\\/#author\",\"url\":\"https:\\\/\\\/eldigitaldeasturias.com\\\/radio\\\/author\\\/nbasturias\\\/\",\"name\":\"NBAsturias\",\"image\":{\"@type\":\"ImageObject\",\"@id\":\"https:\\\/\\\/eldigitaldeasturias.com\\\/radio\\\/segunda-edicion-de-factoria-sound-summer\\\/#authorImage\",\"url\":\"https:\\\/\\\/secure.gravatar.com\\\/avatar\\\/df2aeffc32bcd13f8d26072ef8a91b623d677766deac7f97ca815868cd41bf5e?s=96&d=mm&r=g\",\"width\":96,\"height\":96,\"caption\":\"NBAsturias\"}},{\"@type\":\"WebPage\",\"@id\":\"https:\\\/\\\/eldigitaldeasturias.com\\\/radio\\\/segunda-edicion-de-factoria-sound-summer\\\/#webpage\",\"url\":\"https:\\\/\\\/eldigitaldeasturias.com\\\/radio\\\/segunda-edicion-de-factoria-sound-summer\\\/\",\"name\":\"Segunda edici\\u00f3n de \\u2018Factor\\u00eda Sound Summer\\u2019 | El Digital de Asturias\",\"description\":\"(EUROPA PRESS) - El ciclo 'Factor\\u00eda Sound Summer' comienza este lunes su segunda semana de conciertos con la actuaci\\u00f3n de Bantastic Fand, a las 20.00 horas en el patio del Colegio Palacio Vald\\u00e9s, y de Voodoo Grass, a la misma hora en la Plaza de Domingo \\u00c1lvarez Acebal. Adem\\u00e1s, la compa\\u00f1\\u00eda castellonense La Troupe Malabo\",\"inLanguage\":\"es-ES\",\"isPartOf\":{\"@id\":\"https:\\\/\\\/eldigitaldeasturias.com\\\/radio\\\/#website\"},\"breadcrumb\":{\"@id\":\"https:\\\/\\\/eldigitaldeasturias.com\\\/radio\\\/segunda-edicion-de-factoria-sound-summer\\\/#breadcrumblist\"},\"author\":{\"@id\":\"https:\\\/\\\/eldigitaldeasturias.com\\\/radio\\\/author\\\/nbasturias\\\/#author\"},\"creator\":{\"@id\":\"https:\\\/\\\/eldigitaldeasturias.com\\\/radio\\\/author\\\/nbasturias\\\/#author\"},\"image\":{\"@type\":\"ImageObject\",\"url\":\"https:\\\/\\\/eldigitaldeasturias.com\\\/radio\\\/wp-content\\\/uploads\\\/2020\\\/08\\\/Voodo-Grass.jpg\",\"@id\":\"https:\\\/\\\/eldigitaldeasturias.com\\\/radio\\\/segunda-edicion-de-factoria-sound-summer\\\/#mainImage\",\"width\":804,\"height\":651,\"caption\":\"Concierto de Vodoo grass. - AYUNTAMIENTO DE AVIL\\u00c9S\"},\"primaryImageOfPage\":{\"@id\":\"https:\\\/\\\/eldigitaldeasturias.com\\\/radio\\\/segunda-edicion-de-factoria-sound-summer\\\/#mainImage\"},\"datePublished\":\"2020-08-24T09:06:28+02:00\",\"dateModified\":\"2020-08-24T09:06:28+02:00\"},{\"@type\":\"WebSite\",\"@id\":\"https:\\\/\\\/eldigitaldeasturias.com\\\/radio\\\/#website\",\"url\":\"https:\\\/\\\/eldigitaldeasturias.com\\\/radio\\\/\",\"name\":\"El Digital de Asturias\",\"description\":\"Diario de informaci\\u00f3n y noticias\",\"inLanguage\":\"es-ES\",\"publisher\":{\"@id\":\"https:\\\/\\\/eldigitaldeasturias.com\\\/radio\\\/#organization\"}}]}\n\t\t<\/script>\n\t\t<!-- All in One SEO Pro -->\r\n\t\t<title>Segunda edici\u00f3n de \u2018Factor\u00eda Sound Summer\u2019 | El Digital de Asturias<\/title>\n\n","aioseo_head_json":{"title":"Segunda edici\u00f3n de \u2018Factor\u00eda Sound Summer\u2019 | El Digital de Asturias","description":"(EUROPA PRESS) - El ciclo 'Factor\u00eda Sound Summer' comienza este lunes su segunda semana de conciertos con la actuaci\u00f3n de Bantastic Fand, a las 20.00 horas en el patio del Colegio Palacio Vald\u00e9s, y de Voodoo Grass, a la misma hora en la Plaza de Domingo \u00c1lvarez Acebal. Adem\u00e1s, la compa\u00f1\u00eda castellonense La Troupe Malabo","canonical_url":"https:\/\/eldigitaldeasturias.com\/radio\/segunda-edicion-de-factoria-sound-summer\/","robots":"max-image-preview:large","keywords":"noticias","webmasterTools":{"google-site-verification":"UA-38556648-1","miscellaneous":""},"schema":{"@context":"https:\/\/schema.org","@graph":[{"@type":"BreadcrumbList","@id":"https:\/\/eldigitaldeasturias.com\/radio\/segunda-edicion-de-factoria-sound-summer\/#breadcrumblist","itemListElement":[{"@type":"ListItem","@id":"https:\/\/eldigitaldeasturias.com\/radio#listItem","position":1,"name":"Inicio","item":"https:\/\/eldigitaldeasturias.com\/radio","nextItem":{"@type":"ListItem","@id":"https:\/\/eldigitaldeasturias.com\/radio\/category\/noticias\/#listItem","name":"Noticias"}},{"@type":"ListItem","@id":"https:\/\/eldigitaldeasturias.com\/radio\/category\/noticias\/#listItem","position":2,"name":"Noticias","item":"https:\/\/eldigitaldeasturias.com\/radio\/category\/noticias\/","nextItem":{"@type":"ListItem","@id":"https:\/\/eldigitaldeasturias.com\/radio\/segunda-edicion-de-factoria-sound-summer\/#listItem","name":"Segunda edici\u00f3n de &#8216;Factor\u00eda Sound Summer&#8217;"},"previousItem":{"@type":"ListItem","@id":"https:\/\/eldigitaldeasturias.com\/radio#listItem","name":"Inicio"}},{"@type":"ListItem","@id":"https:\/\/eldigitaldeasturias.com\/radio\/segunda-edicion-de-factoria-sound-summer\/#listItem","position":3,"name":"Segunda edici\u00f3n de &#8216;Factor\u00eda Sound Summer&#8217;","previousItem":{"@type":"ListItem","@id":"https:\/\/eldigitaldeasturias.com\/radio\/category\/noticias\/#listItem","name":"Noticias"}}]},{"@type":"NewsArticle","@id":"https:\/\/eldigitaldeasturias.com\/radio\/segunda-edicion-de-factoria-sound-summer\/#newsarticle","name":"Segunda edici\u00f3n de \u2018Factor\u00eda Sound Summer\u2019 | El Digital de Asturias","headline":"Segunda edici\u00f3n de &#8216;Factor\u00eda Sound Summer&#8217;","author":{"@id":"https:\/\/eldigitaldeasturias.com\/radio\/author\/nbasturias\/#author"},"publisher":{"@id":"https:\/\/eldigitaldeasturias.com\/radio\/#organization"},"image":{"@type":"ImageObject","url":"https:\/\/eldigitaldeasturias.com\/radio\/wp-content\/uploads\/2020\/08\/Voodo-Grass.jpg","width":804,"height":651,"caption":"Concierto de Vodoo grass. - AYUNTAMIENTO DE AVIL\u00c9S"},"datePublished":"2020-08-24T09:06:28+02:00","dateModified":"2020-08-24T09:06:28+02:00","inLanguage":"es-ES","mainEntityOfPage":{"@id":"https:\/\/eldigitaldeasturias.com\/radio\/segunda-edicion-de-factoria-sound-summer\/#webpage"},"isPartOf":{"@id":"https:\/\/eldigitaldeasturias.com\/radio\/segunda-edicion-de-factoria-sound-summer\/#webpage"},"articleSection":"Noticias","dateline":"Publicado el agosto 24, 2020."},{"@type":"Organization","@id":"https:\/\/eldigitaldeasturias.com\/radio\/#organization","name":"El digital de Asturias Radio","description":"Diario de informaci\u00f3n y noticias","url":"https:\/\/eldigitaldeasturias.com\/radio\/","telephone":"+34652131393","logo":{"@type":"ImageObject","url":"https:\/\/www.eldigitaldeasturias.com\/radio\/wp-content\/uploads\/2021\/03\/EDA.jpg","@id":"https:\/\/eldigitaldeasturias.com\/radio\/segunda-edicion-de-factoria-sound-summer\/#organizationLogo"},"image":{"@id":"https:\/\/eldigitaldeasturias.com\/radio\/segunda-edicion-de-factoria-sound-summer\/#organizationLogo"},"sameAs":["https:\/\/www.facebook.com\/","https:\/\/x.com\/bercodi","https:\/\/www.instagram.com\/","https:\/\/www.youtube.com\/channel\/UCZP-2wLEB9Rv6erhFmqVnvg"]},{"@type":"Person","@id":"https:\/\/eldigitaldeasturias.com\/radio\/author\/nbasturias\/#author","url":"https:\/\/eldigitaldeasturias.com\/radio\/author\/nbasturias\/","name":"NBAsturias","image":{"@type":"ImageObject","@id":"https:\/\/eldigitaldeasturias.com\/radio\/segunda-edicion-de-factoria-sound-summer\/#authorImage","url":"https:\/\/secure.gravatar.com\/avatar\/df2aeffc32bcd13f8d26072ef8a91b623d677766deac7f97ca815868cd41bf5e?s=96&d=mm&r=g","width":96,"height":96,"caption":"NBAsturias"}},{"@type":"WebPage","@id":"https:\/\/eldigitaldeasturias.com\/radio\/segunda-edicion-de-factoria-sound-summer\/#webpage","url":"https:\/\/eldigitaldeasturias.com\/radio\/segunda-edicion-de-factoria-sound-summer\/","name":"Segunda edici\u00f3n de \u2018Factor\u00eda Sound Summer\u2019 | El Digital de Asturias","description":"(EUROPA PRESS) - El ciclo 'Factor\u00eda Sound Summer' comienza este lunes su segunda semana de conciertos con la actuaci\u00f3n de Bantastic Fand, a las 20.00 horas en el patio del Colegio Palacio Vald\u00e9s, y de Voodoo Grass, a la misma hora en la Plaza de Domingo \u00c1lvarez Acebal. Adem\u00e1s, la compa\u00f1\u00eda castellonense La Troupe Malabo","inLanguage":"es-ES","isPartOf":{"@id":"https:\/\/eldigitaldeasturias.com\/radio\/#website"},"breadcrumb":{"@id":"https:\/\/eldigitaldeasturias.com\/radio\/segunda-edicion-de-factoria-sound-summer\/#breadcrumblist"},"author":{"@id":"https:\/\/eldigitaldeasturias.com\/radio\/author\/nbasturias\/#author"},"creator":{"@id":"https:\/\/eldigitaldeasturias.com\/radio\/author\/nbasturias\/#author"},"image":{"@type":"ImageObject","url":"https:\/\/eldigitaldeasturias.com\/radio\/wp-content\/uploads\/2020\/08\/Voodo-Grass.jpg","@id":"https:\/\/eldigitaldeasturias.com\/radio\/segunda-edicion-de-factoria-sound-summer\/#mainImage","width":804,"height":651,"caption":"Concierto de Vodoo grass. - AYUNTAMIENTO DE AVIL\u00c9S"},"primaryImageOfPage":{"@id":"https:\/\/eldigitaldeasturias.com\/radio\/segunda-edicion-de-factoria-sound-summer\/#mainImage"},"datePublished":"2020-08-24T09:06:28+02:00","dateModified":"2020-08-24T09:06:28+02:00"},{"@type":"WebSite","@id":"https:\/\/eldigitaldeasturias.com\/radio\/#website","url":"https:\/\/eldigitaldeasturias.com\/radio\/","name":"El Digital de Asturias","description":"Diario de informaci\u00f3n y noticias","inLanguage":"es-ES","publisher":{"@id":"https:\/\/eldigitaldeasturias.com\/radio\/#organization"}}]},"og:locale":"es_ES","og:site_name":"El Digital de Asturias | Diario de informaci\u00f3n y noticias","og:type":"article","og:title":"Segunda edici\u00f3n de \u2018Factor\u00eda Sound Summer\u2019 | El Digital de Asturias","og:description":"(EUROPA PRESS) - El ciclo 'Factor\u00eda Sound Summer' comienza este lunes su segunda semana de conciertos con la actuaci\u00f3n de Bantastic Fand, a las 20.00 horas en el patio del Colegio Palacio Vald\u00e9s, y de Voodoo Grass, a la misma hora en la Plaza de Domingo \u00c1lvarez Acebal. Adem\u00e1s, la compa\u00f1\u00eda castellonense La Troupe Malabo","og:url":"https:\/\/eldigitaldeasturias.com\/radio\/segunda-edicion-de-factoria-sound-summer\/","og:image":"https:\/\/eldigitaldeasturias.com\/radio\/wp-content\/uploads\/2020\/08\/Voodo-Grass.jpg","og:image:secure_url":"https:\/\/eldigitaldeasturias.com\/radio\/wp-content\/uploads\/2020\/08\/Voodo-Grass.jpg","og:image:width":804,"og:image:height":651,"article:published_time":"2020-08-24T09:06:28+00:00","article:modified_time":"2020-08-24T09:06:28+00:00","twitter:card":"summary_large_image","twitter:site":"@bercodi","twitter:title":"Segunda edici\u00f3n de \u2018Factor\u00eda Sound Summer\u2019 | El Digital de Asturias","twitter:description":"(EUROPA PRESS) - El ciclo 'Factor\u00eda Sound Summer' comienza este lunes su segunda semana de conciertos con la actuaci\u00f3n de Bantastic Fand, a las 20.00 horas en el patio del Colegio Palacio Vald\u00e9s, y de Voodoo Grass, a la misma hora en la Plaza de Domingo \u00c1lvarez Acebal. Adem\u00e1s, la compa\u00f1\u00eda castellonense La Troupe Malabo","twitter:creator":"@bercodi","twitter:image":"https:\/\/eldigitaldeasturias.com\/radio\/wp-content\/uploads\/2020\/08\/Voodo-Grass.jpg"},"aioseo_meta_data":{"post_id":"4965","title":null,"description":"","keywords":"","keyphrases":null,"primary_term":null,"canonical_url":"","og_title":null,"og_description":null,"og_object_type":"default","og_image_type":"default","og_image_url":null,"og_image_width":null,"og_image_height":null,"og_image_custom_url":null,"og_image_custom_fields":null,"og_video":null,"og_custom_url":null,"og_article_section":null,"og_article_tags":null,"twitter_use_og":false,"twitter_card":"default","twitter_image_type":"default","twitter_image_url":null,"twitter_image_custom_url":null,"twitter_image_custom_fields":null,"twitter_title":null,"twitter_description":null,"schema":{"blockGraphs":[],"customGraphs":[],"default":{"data":{"Article":[],"Course":[],"Dataset":[],"FAQPage":[],"Movie":[],"Person":[],"Product":[],"ProductReview":[],"Car":[],"Recipe":[],"Service":[],"SoftwareApplication":[],"WebPage":[]},"graphName":"","isEnabled":true},"graphs":[],"defaultGraph":"","defaultPostTypeGraph":""},"schema_type":null,"schema_type_options":null,"pillar_content":false,"robots_default":true,"robots_noindex":false,"robots_noarchive":false,"robots_nosnippet":false,"robots_nofollow":false,"robots_noimageindex":false,"robots_noodp":false,"robots_notranslate":false,"robots_max_snippet":null,"robots_max_videopreview":null,"robots_max_imagepreview":"large","priority":null,"frequency":null,"location":null,"local_seo":null,"seo_analyzer_scan_date":"2025-08-28 17:01:24","breadcrumb_settings":null,"limit_modified_date":false,"open_ai":null,"ai":null,"created":"2021-03-25 20:31:59","updated":"2025-08-28 17:01:24"},"aioseo_breadcrumb":"<div class=\"aioseo-breadcrumbs\"><span class=\"aioseo-breadcrumb\">\n\t<a href=\"https:\/\/eldigitaldeasturias.com\/radio\" title=\"Inicio\">Inicio<\/a>\n<\/span><span class=\"aioseo-breadcrumb-separator\">&ndash;<\/span><span class=\"aioseo-breadcrumb\">\n\t<a href=\"https:\/\/eldigitaldeasturias.com\/radio\/category\/noticias\/\" title=\"Noticias\">Noticias<\/a>\n<\/span><span class=\"aioseo-breadcrumb-separator\">&ndash;<\/span><span class=\"aioseo-breadcrumb\">\n\tSegunda edici\u00f3n de \u2018Factor\u00eda Sound Summer\u2019\n<\/span><\/div>","aioseo_breadcrumb_json":[{"label":"Inicio","link":"https:\/\/eldigitaldeasturias.com\/radio"},{"label":"Noticias","link":"https:\/\/eldigitaldeasturias.com\/radio\/category\/noticias\/"},{"label":"Segunda edici\u00f3n de &#8216;Factor\u00eda Sound Summer&#8217;","link":"https:\/\/eldigitaldeasturias.com\/radio\/segunda-edicion-de-factoria-sound-summer\/"}],"_links":{"self":[{"href":"https:\/\/eldigitaldeasturias.com\/radio\/wp-json\/wp\/v2\/posts\/4965","targetHints":{"allow":["GET"]}}],"collection":[{"href":"https:\/\/eldigitaldeasturias.com\/radio\/wp-json\/wp\/v2\/posts"}],"about":[{"href":"https:\/\/eldigitaldeasturias.com\/radio\/wp-json\/wp\/v2\/types\/post"}],"author":[{"embeddable":true,"href":"https:\/\/eldigitaldeasturias.com\/radio\/wp-json\/wp\/v2\/users\/1"}],"replies":[{"embeddable":true,"href":"https:\/\/eldigitaldeasturias.com\/radio\/wp-json\/wp\/v2\/comments?post=4965"}],"version-history":[{"count":0,"href":"https:\/\/eldigitaldeasturias.com\/radio\/wp-json\/wp\/v2\/posts\/4965\/revisions"}],"wp:featuredmedia":[{"embeddable":true,"href":"https:\/\/eldigitaldeasturias.com\/radio\/wp-json\/wp\/v2\/media\/4966"}],"wp:attachment":[{"href":"https:\/\/eldigitaldeasturias.com\/radio\/wp-json\/wp\/v2\/media?parent=4965"}],"wp:term":[{"taxonomy":"category","embeddable":true,"href":"https:\/\/eldigitaldeasturias.com\/radio\/wp-json\/wp\/v2\/categories?post=4965"},{"taxonomy":"post_tag","embeddable":true,"href":"https:\/\/eldigitaldeasturias.com\/radio\/wp-json\/wp\/v2\/tags?post=4965"}],"curies":[{"name":"wp","href":"https:\/\/api.w.org\/{rel}","templated":true}]}}