{"id":4962,"date":"2020-08-24T02:36:26","date_gmt":"2020-08-24T02:36:26","guid":{"rendered":"http:\/\/www.eldigitaldeasturias.com\/radio\/?p=4962"},"modified":"2020-08-24T02:36:26","modified_gmt":"2020-08-24T02:36:26","slug":"incertidumbre-y-preocupacion-por-la-vuelta-al-cole","status":"publish","type":"post","link":"https:\/\/eldigitaldeasturias.com\/radio\/incertidumbre-y-preocupacion-por-la-vuelta-al-cole\/","title":{"rendered":"Incertidumbre y preocupaci\u00f3n por la &#8216;vuelta al cole&#8217;"},"content":{"rendered":"<figure id=\"attachment_4963\" aria-describedby=\"caption-attachment-4963\" style=\"width: 360px\" class=\"wp-caption alignleft\"><img fetchpriority=\"high\" decoding=\"async\" class=\"size-medium wp-image-4963\" src=\"http:\/\/www.eldigitaldeasturias.com\/radio\/wp-content\/uploads\/2020\/08\/vuelta-al-cole-360x264.jpg\" alt=\"\" width=\"360\" height=\"264\" srcset=\"https:\/\/eldigitaldeasturias.com\/radio\/wp-content\/uploads\/2020\/08\/vuelta-al-cole-360x264.jpg 360w, https:\/\/eldigitaldeasturias.com\/radio\/wp-content\/uploads\/2020\/08\/vuelta-al-cole-768x562.jpg 768w, https:\/\/eldigitaldeasturias.com\/radio\/wp-content\/uploads\/2020\/08\/vuelta-al-cole.jpg 896w\" sizes=\"(max-width: 360px) 100vw, 360px\" \/><figcaption id=\"caption-attachment-4963\" class=\"wp-caption-text\">Colegio La Gesta en Oviedo. &#8211; EUROPA PRESS<\/figcaption><\/figure>\n<p>(EUROPA PRESS) &#8211;\u00a0Padres, estudiantes, profesores y patronales han mostrado su \u00abpreocupaci\u00f3n\u00bb ante la vuelta a las aulas en septiembre, con el inicio del nuevo curso 2020\/2021, y reclaman que se garanticen las medidas de seguridad para evitar posibles contagios de coronavirus.<\/p>\n<p>El Gobierno y las CC.AA. celebrar\u00e1n este 27 de agosto una conferencia sectorial para abordar el tema, mientras est\u00e1 pendiente una Conferencia de Presidentes monogr\u00e1fica, a la que todav\u00eda no se ha puesto fecha. Algunos gobiernos regionales, como el murciano, ya han alzado la voz para que se celebre cuanto antes.<\/p>\n<p>Mientras tanto, la ministra de Educaci\u00f3n y Formaci\u00f3n Profesional, Isabel Cela\u00e1, se\u00f1al\u00f3 el pasado domingo 16 de agosto a trav\u00e9s de su cuenta de Twitter que durante estas semanas, el di\u00e1logo ha sido constante. \u00abEst\u00e1n haciendo un incesante trabajo para dise\u00f1ar una vuelta segura a las aulas. Los centros han preparado planes siguiendo las recomendaciones sanitarias porque la escuela es insustituible\u00bb, insisti\u00f3.<\/p>\n<p>Frente a ello, la Confederaci\u00f3n Estatal de Asociaciones de Estudiantes (Canae) solicita al Gobierno y las autonom\u00edas que este tema sea una \u00abprioridad pol\u00edtica\u00bb. \u00abNos jugamos mucho y existe demasiada incertidumbre\u00bb, asegura en declaraciones a Europa Press su presidenta, Andrea Henry, que opina que \u00abhay que apostar por la educaci\u00f3n presencial, y semipresencial, en caso de que esta primera opci\u00f3n no sea sanitariamente viable\u00bb.<\/p>\n<p>En su caso, el Frente de Estudiantes avisa de que las medidas sanitarias a aplicar \u00abno son suficientes, pero son m\u00e1s insuficientes todav\u00eda\u00bb si se tiene en cuenta la situaci\u00f3n \u00abde precariedad y falta de medios en que se encuentra la escuela p\u00fablica\u00bb.<\/p>\n<p>La Confederaci\u00f3n Espa\u00f1ola de Asociaciones de Padres y Madres del Alumnado (Ceapa) tambi\u00e9n pide \u00abuna vuelta 100% presencial y segura\u00bb, as\u00ed como instrucciones \u00abclaras que contemplen los distintos escenarios posibles\u00bb.<\/p>\n<p>Igualmente, en declaraciones a Europa Press, el presidente de la Confederaci\u00f3n Cat\u00f3lica Nacional de Padres de Familia y Padres de Alumnos (Concapa), Pedro Caballero, reclama medidas sanitarias y de conciliaci\u00f3n para que el regreso se realice con todas las garant\u00edas de seguridad. Hace hincapi\u00e9 en la \u00abincertidumbre\u00bb que tienen ahora mismo las familias.<\/p>\n<p>En este sentido, alrededor de 12.000 personas han apoyado la iniciativa puesta en marcha por el Instituto andaluz contra el Acoso Escolar en Change.org en la que piden al Defensor del Pueblo y al Ministerio de Educaci\u00f3n una vuelta \u00abvoluntaria\u00bb de sus hijos al colegio, ante la situaci\u00f3n sanitaria provocada por el Covid-19. \u00abSi vuelve al colegio o estudia en casa. Lo decidimos los padres\u00bb, expone la petici\u00f3n.<\/p>\n<p>Tambi\u00e9n los principales sindicatos docentes trasladan su \u00abpreocupaci\u00f3n\u00bb y solicitan un incremento sustancial de las plantillas de profesores para reducir las ratios y garantizar un regreso seguro.<\/p>\n<p>As\u00ed, el secretario general Federaci\u00f3n Ense\u00f1anza CCOO, Francisco Garc\u00eda, considera urgente implementar planes y \u00abrecursos\u00bb que garanticen una asistencia presencial \u00absegura\u00bb. Para ello, pedir ampliaci\u00f3n de plantillas y evitar que se cierren grupos de alumnos.<\/p>\n<p>Asimismo, dice que, en aquellas comunidades d\u00f3nde la situaci\u00f3n \u00absea m\u00e1s aguda\u00bb, habr\u00e1 movilizaciones. De hecho, CCOO, UGT, CGT y STEM han convocado para septiembre una huelga de profesorado en Madrid ante la \u00abinacci\u00f3n\u00bb del Gobierno regional y la Consejer\u00eda de Educaci\u00f3n. En todo caso, Maribel Loranca, responsable del sector de ense\u00f1anza FeSP-UGT, no prev\u00e9 una huelga estatal.<\/p>\n<h3>\u00abABSOLUTA PREOCUPACI\u00d3N\u00bb<\/h3>\n<p>El presidente del Sindicato Independiente de profesores de la Ense\u00f1anza P\u00fablica (ANPE), Nicol\u00e1s Fern\u00e1ndez, asegura a Europa Press que el profesorado y las familias ven la situaci\u00f3n \u00abcon absoluta preocupaci\u00f3n, cada vez m\u00e1s\u00bb, por los rebrotes de coronavirus. Fern\u00e1ndez apuesta por una &#8216;vuelta al cole&#8217; de forma presencial.<\/p>\n<p>Como &#8216;Plan A&#8217;, Fern\u00e1ndez exige la remodelaci\u00f3n de los centros escolares; desdoble de grupos y ampliaci\u00f3n de plantillas; planes generales y espec\u00edficos; regular las entradas y las salidas; espacios comunes, comedor, etc.; y una persona con competencias sanitarias en los colegios. Adem\u00e1s, si la situaci\u00f3n sanitaria se \u00abcomplica\u00bb, apuesta por la educaci\u00f3n semipresencial, con menos horario y complementos formativos en casa.<\/p>\n<p>Por su parte, el responsable educaci\u00f3n CSIF, Mario Guti\u00e9rrez, sostiene que en la escuela es necesario adoptar las mismas medidas que para el resto de la poblaci\u00f3n (distanciamiento interpersonal, material de protecci\u00f3n, detecci\u00f3n precoz de casos y actuaci\u00f3n r\u00e1pida ante los mismos).<\/p>\n<p>Apuesta por que los centros dispongan de material sanitario, m\u00e1s docentes para reducir las ratios, y asistencia sanitaria por parte de profesionales para poder detectar casos y aplicar los protocolos.<\/p>\n<p>Jos\u00e9 Ram\u00f3n Merino, responsable de Pol\u00edtica Educativa de STEs-i, tambi\u00e9n muestra \u00abpreocupaci\u00f3n\u00bb porque \u00abfaltan aproximadamente tres semanas y no hay pautas definidas\u00bb. As\u00ed, exige \u00abdistancia de seguridad que implica reducir las ratios\u00bb, contratar m\u00e1s profesores para poder desdoblar grupos.<\/p>\n<p>El sindicato de la ense\u00f1anza concertada FSIE reclama \u00abunidad\u00bb de criterios para el conjunto del sistema, al considerar \u00abimprescindible\u00bb que Gobierno y CC.AA. alcancen \u00abacuerdos un\u00e1nimes\u00bb.<\/p>\n<h3>CENTROS EDUCATIVOS<\/h3>\n<p>Las principales patronales de centros educativos concertados y privados apuestan por una &#8216;vuelta al cole&#8217; presencial si la situaci\u00f3n sanitaria lo permite.<\/p>\n<p>En declaraciones a Europa Press, el secretario general de Escuelas Cat\u00f3licas, Jos\u00e9 Mar\u00eda Alvira, sostiene que su \u00abdeseo\u00bb es que los ni\u00f1os se puedan incorporar presencialmente porque \u00abes bueno para los chicos volver a su h\u00e1bitat normal, pero, evidentemente, siempre condicionado a que la situaci\u00f3n sanitaria lo permita\u00bb. Cree necesario adoptar medidas como guardar la distancia de seguridad, as\u00ed como las de limpieza e higiene.<\/p>\n<p>El presidente de la Confederaci\u00f3n Espa\u00f1ola de Centros de Ense\u00f1anza (CECE), Alfonso Aguil\u00f3, tambi\u00e9n ve \u00abnecesario que se retomen las clases presenciales a tiempo completo\u00bb. Se\u00f1ala a Europa Press que \u00abhay que ser rigurosos en respetar los grupos burbuja, el uso de la mascarilla, la desinfecci\u00f3n, ventilaci\u00f3n, limpieza, escalonar horarios, etc.\u00bb.<\/p>\n<p>Aguil\u00f3 opina que si algunos padres prefieren que su hijo se quede en casa unas semanas, \u00abno hay que ponerles objeciones\u00bb, y considera \u00abimportante especificar mejor los protocolos\u00bb en caso de positivos.<\/p>\n<p>Tambi\u00e9n la directora general de la Asociaci\u00f3n de Colegios Privados e Independientes (CICAE), Elena Cid, apuesta \u00abpor la reapertura y la vuelta a las aulas siempre que la situaci\u00f3n sanitaria lo permita\u00bb. \u00abHay que evitar desconcierto y la incertidumbre\u00bb, remarca.<\/p>\n<p>La responsable de CICAE pide a las autoridades sanitarias un sistema de respuesta r\u00e1pido ante cualquier incidencia en un centro, \u00abque tome las riendas desde el primer momento y marque las acciones que sean necesarias\u00bb.<\/p>\n<p>En cambio, la asociaci\u00f3n estatal de directores de instituto Fedadi defiende un regreso a las aulas semipresencial de los alumnos de Educaci\u00f3n Secundaria, \u00absi los datos sanitarios no empeoran\u00bb en las pr\u00f3ximas semanas.<\/p>\n<p>As\u00ed lo ha explicado a Europa Press el presidente de Fedadi, Raimundo de los Reyes, que afirma que ven la vuelta a las aulas \u00abllena de incertidumbre\u00bb debido a que la situaci\u00f3n epidemiol\u00f3gica del pa\u00eds \u00abva evolucionando y no a mejor\u00bb.<\/p>\n<p>La Asociaci\u00f3n Espa\u00f1ola de Pediatr\u00eda de Atenci\u00f3n Primaria (AEPap) ha realizado recomendaciones para la asistencia presencial y para la coordinaci\u00f3n entre los colegios y los centros de salud. Medidas de higiene, distanciamiento y aislamiento, refuerzo en Atenci\u00f3n Primaria y de los servicios de rastreo son algunas de sus propuestas.<\/p>\n","protected":false},"excerpt":{"rendered":"<p>(EUROPA PRESS) &#8211;\u00a0Padres, estudiantes, profesores y patronales han mostrado su \u00abpreocupaci\u00f3n\u00bb ante la vuelta a las aulas en septiembre, con el inicio del nuevo curso 2020\/2021, y reclaman que se garanticen las medidas de seguridad para evitar posibles contagios de coronavirus. El Gobierno y las CC.AA. celebrar\u00e1n este 27 de agosto una conferencia sectorial para<\/p>\n","protected":false},"author":1,"featured_media":4963,"comment_status":"closed","ping_status":"closed","sticky":false,"template":"","format":"standard","meta":{"footnotes":""},"categories":[1],"tags":[],"class_list":{"0":"post-4962","1":"post","2":"type-post","3":"status-publish","4":"format-standard","5":"has-post-thumbnail","7":"category-noticias"},"aioseo_notices":[],"aioseo_head":"\n\t\t<!-- All in One SEO Pro 4.9.6.2 - aioseo.com -->\n\t<meta name=\"description\" content=\"(EUROPA PRESS) - Padres, estudiantes, profesores y patronales han mostrado su &quot;preocupaci\u00f3n&quot; ante la vuelta a las aulas en septiembre, con el inicio del nuevo curso 2020\/2021, y reclaman que se garanticen las medidas de seguridad para evitar posibles contagios de coronavirus. El Gobierno y las CC.AA. celebrar\u00e1n este 27 de agosto una conferencia sectorial para\" \/>\n\t<meta name=\"robots\" content=\"max-image-preview:large\" \/>\n\t<meta name=\"author\" content=\"NBAsturias\"\/>\n\t<meta name=\"google-site-verification\" content=\"UA-38556648-1\" \/>\n\t<meta name=\"keywords\" content=\"noticias\" \/>\n\t<link rel=\"canonical\" href=\"https:\/\/eldigitaldeasturias.com\/radio\/incertidumbre-y-preocupacion-por-la-vuelta-al-cole\/\" \/>\n\t<meta name=\"generator\" content=\"All in One SEO Pro (AIOSEO) 4.9.6.2\" \/>\n\t\t<meta property=\"og:locale\" content=\"es_ES\" \/>\n\t\t<meta property=\"og:site_name\" content=\"El Digital de Asturias | Diario de informaci\u00f3n y noticias\" \/>\n\t\t<meta property=\"og:type\" content=\"article\" \/>\n\t\t<meta property=\"og:title\" content=\"Incertidumbre y preocupaci\u00f3n por la \u2018vuelta al cole\u2019 | El Digital de Asturias\" \/>\n\t\t<meta property=\"og:description\" content=\"(EUROPA PRESS) - Padres, estudiantes, profesores y patronales han mostrado su &quot;preocupaci\u00f3n&quot; ante la vuelta a las aulas en septiembre, con el inicio del nuevo curso 2020\/2021, y reclaman que se garanticen las medidas de seguridad para evitar posibles contagios de coronavirus. El Gobierno y las CC.AA. celebrar\u00e1n este 27 de agosto una conferencia sectorial para\" \/>\n\t\t<meta property=\"og:url\" content=\"https:\/\/eldigitaldeasturias.com\/radio\/incertidumbre-y-preocupacion-por-la-vuelta-al-cole\/\" \/>\n\t\t<meta property=\"og:image\" content=\"https:\/\/eldigitaldeasturias.com\/radio\/wp-content\/uploads\/2020\/08\/vuelta-al-cole.jpg\" \/>\n\t\t<meta property=\"og:image:secure_url\" content=\"https:\/\/eldigitaldeasturias.com\/radio\/wp-content\/uploads\/2020\/08\/vuelta-al-cole.jpg\" \/>\n\t\t<meta property=\"og:image:width\" content=\"896\" \/>\n\t\t<meta property=\"og:image:height\" content=\"656\" \/>\n\t\t<meta property=\"article:published_time\" content=\"2020-08-24T02:36:26+00:00\" \/>\n\t\t<meta property=\"article:modified_time\" content=\"2020-08-24T02:36:26+00:00\" \/>\n\t\t<meta name=\"twitter:card\" content=\"summary_large_image\" \/>\n\t\t<meta name=\"twitter:site\" content=\"@bercodi\" \/>\n\t\t<meta name=\"twitter:title\" content=\"Incertidumbre y preocupaci\u00f3n por la \u2018vuelta al cole\u2019 | El Digital de Asturias\" \/>\n\t\t<meta name=\"twitter:description\" content=\"(EUROPA PRESS) - Padres, estudiantes, profesores y patronales han mostrado su &quot;preocupaci\u00f3n&quot; ante la vuelta a las aulas en septiembre, con el inicio del nuevo curso 2020\/2021, y reclaman que se garanticen las medidas de seguridad para evitar posibles contagios de coronavirus. El Gobierno y las CC.AA. celebrar\u00e1n este 27 de agosto una conferencia sectorial para\" \/>\n\t\t<meta name=\"twitter:creator\" content=\"@bercodi\" \/>\n\t\t<meta name=\"twitter:image\" content=\"https:\/\/eldigitaldeasturias.com\/radio\/wp-content\/uploads\/2020\/08\/vuelta-al-cole.jpg\" \/>\n\t\t<script type=\"application\/ld+json\" class=\"aioseo-schema\">\n\t\t\t{\"@context\":\"https:\\\/\\\/schema.org\",\"@graph\":[{\"@type\":\"BreadcrumbList\",\"@id\":\"https:\\\/\\\/eldigitaldeasturias.com\\\/radio\\\/incertidumbre-y-preocupacion-por-la-vuelta-al-cole\\\/#breadcrumblist\",\"itemListElement\":[{\"@type\":\"ListItem\",\"@id\":\"https:\\\/\\\/eldigitaldeasturias.com\\\/radio#listItem\",\"position\":1,\"name\":\"Inicio\",\"item\":\"https:\\\/\\\/eldigitaldeasturias.com\\\/radio\",\"nextItem\":{\"@type\":\"ListItem\",\"@id\":\"https:\\\/\\\/eldigitaldeasturias.com\\\/radio\\\/category\\\/noticias\\\/#listItem\",\"name\":\"Noticias\"}},{\"@type\":\"ListItem\",\"@id\":\"https:\\\/\\\/eldigitaldeasturias.com\\\/radio\\\/category\\\/noticias\\\/#listItem\",\"position\":2,\"name\":\"Noticias\",\"item\":\"https:\\\/\\\/eldigitaldeasturias.com\\\/radio\\\/category\\\/noticias\\\/\",\"nextItem\":{\"@type\":\"ListItem\",\"@id\":\"https:\\\/\\\/eldigitaldeasturias.com\\\/radio\\\/incertidumbre-y-preocupacion-por-la-vuelta-al-cole\\\/#listItem\",\"name\":\"Incertidumbre y preocupaci\\u00f3n por la &#8216;vuelta al cole&#8217;\"},\"previousItem\":{\"@type\":\"ListItem\",\"@id\":\"https:\\\/\\\/eldigitaldeasturias.com\\\/radio#listItem\",\"name\":\"Inicio\"}},{\"@type\":\"ListItem\",\"@id\":\"https:\\\/\\\/eldigitaldeasturias.com\\\/radio\\\/incertidumbre-y-preocupacion-por-la-vuelta-al-cole\\\/#listItem\",\"position\":3,\"name\":\"Incertidumbre y preocupaci\\u00f3n por la &#8216;vuelta al cole&#8217;\",\"previousItem\":{\"@type\":\"ListItem\",\"@id\":\"https:\\\/\\\/eldigitaldeasturias.com\\\/radio\\\/category\\\/noticias\\\/#listItem\",\"name\":\"Noticias\"}}]},{\"@type\":\"NewsArticle\",\"@id\":\"https:\\\/\\\/eldigitaldeasturias.com\\\/radio\\\/incertidumbre-y-preocupacion-por-la-vuelta-al-cole\\\/#newsarticle\",\"name\":\"Incertidumbre y preocupaci\\u00f3n por la \\u2018vuelta al cole\\u2019 | El Digital de Asturias\",\"headline\":\"Incertidumbre y preocupaci\\u00f3n por la &#8216;vuelta al cole&#8217;\",\"author\":{\"@id\":\"https:\\\/\\\/eldigitaldeasturias.com\\\/radio\\\/author\\\/nbasturias\\\/#author\"},\"publisher\":{\"@id\":\"https:\\\/\\\/eldigitaldeasturias.com\\\/radio\\\/#organization\"},\"image\":{\"@type\":\"ImageObject\",\"url\":\"https:\\\/\\\/eldigitaldeasturias.com\\\/radio\\\/wp-content\\\/uploads\\\/2020\\\/08\\\/vuelta-al-cole.jpg\",\"width\":896,\"height\":656,\"caption\":\"Colegio La Gesta en Oviedo. - EUROPA PRESS\"},\"datePublished\":\"2020-08-24T02:36:26+02:00\",\"dateModified\":\"2020-08-24T02:36:26+02:00\",\"inLanguage\":\"es-ES\",\"mainEntityOfPage\":{\"@id\":\"https:\\\/\\\/eldigitaldeasturias.com\\\/radio\\\/incertidumbre-y-preocupacion-por-la-vuelta-al-cole\\\/#webpage\"},\"isPartOf\":{\"@id\":\"https:\\\/\\\/eldigitaldeasturias.com\\\/radio\\\/incertidumbre-y-preocupacion-por-la-vuelta-al-cole\\\/#webpage\"},\"articleSection\":\"Noticias\",\"dateline\":\"Publicado el agosto 24, 2020.\"},{\"@type\":\"Organization\",\"@id\":\"https:\\\/\\\/eldigitaldeasturias.com\\\/radio\\\/#organization\",\"name\":\"El digital de Asturias Radio\",\"description\":\"Diario de informaci\\u00f3n y noticias\",\"url\":\"https:\\\/\\\/eldigitaldeasturias.com\\\/radio\\\/\",\"telephone\":\"+34652131393\",\"logo\":{\"@type\":\"ImageObject\",\"url\":\"https:\\\/\\\/www.eldigitaldeasturias.com\\\/radio\\\/wp-content\\\/uploads\\\/2021\\\/03\\\/EDA.jpg\",\"@id\":\"https:\\\/\\\/eldigitaldeasturias.com\\\/radio\\\/incertidumbre-y-preocupacion-por-la-vuelta-al-cole\\\/#organizationLogo\"},\"image\":{\"@id\":\"https:\\\/\\\/eldigitaldeasturias.com\\\/radio\\\/incertidumbre-y-preocupacion-por-la-vuelta-al-cole\\\/#organizationLogo\"},\"sameAs\":[\"https:\\\/\\\/www.facebook.com\\\/\",\"https:\\\/\\\/x.com\\\/bercodi\",\"https:\\\/\\\/www.instagram.com\\\/\",\"https:\\\/\\\/www.youtube.com\\\/channel\\\/UCZP-2wLEB9Rv6erhFmqVnvg\"]},{\"@type\":\"Person\",\"@id\":\"https:\\\/\\\/eldigitaldeasturias.com\\\/radio\\\/author\\\/nbasturias\\\/#author\",\"url\":\"https:\\\/\\\/eldigitaldeasturias.com\\\/radio\\\/author\\\/nbasturias\\\/\",\"name\":\"NBAsturias\",\"image\":{\"@type\":\"ImageObject\",\"@id\":\"https:\\\/\\\/eldigitaldeasturias.com\\\/radio\\\/incertidumbre-y-preocupacion-por-la-vuelta-al-cole\\\/#authorImage\",\"url\":\"https:\\\/\\\/secure.gravatar.com\\\/avatar\\\/df2aeffc32bcd13f8d26072ef8a91b623d677766deac7f97ca815868cd41bf5e?s=96&d=mm&r=g\",\"width\":96,\"height\":96,\"caption\":\"NBAsturias\"}},{\"@type\":\"WebPage\",\"@id\":\"https:\\\/\\\/eldigitaldeasturias.com\\\/radio\\\/incertidumbre-y-preocupacion-por-la-vuelta-al-cole\\\/#webpage\",\"url\":\"https:\\\/\\\/eldigitaldeasturias.com\\\/radio\\\/incertidumbre-y-preocupacion-por-la-vuelta-al-cole\\\/\",\"name\":\"Incertidumbre y preocupaci\\u00f3n por la \\u2018vuelta al cole\\u2019 | El Digital de Asturias\",\"description\":\"(EUROPA PRESS) - Padres, estudiantes, profesores y patronales han mostrado su \\\"preocupaci\\u00f3n\\\" ante la vuelta a las aulas en septiembre, con el inicio del nuevo curso 2020\\\/2021, y reclaman que se garanticen las medidas de seguridad para evitar posibles contagios de coronavirus. El Gobierno y las CC.AA. celebrar\\u00e1n este 27 de agosto una conferencia sectorial para\",\"inLanguage\":\"es-ES\",\"isPartOf\":{\"@id\":\"https:\\\/\\\/eldigitaldeasturias.com\\\/radio\\\/#website\"},\"breadcrumb\":{\"@id\":\"https:\\\/\\\/eldigitaldeasturias.com\\\/radio\\\/incertidumbre-y-preocupacion-por-la-vuelta-al-cole\\\/#breadcrumblist\"},\"author\":{\"@id\":\"https:\\\/\\\/eldigitaldeasturias.com\\\/radio\\\/author\\\/nbasturias\\\/#author\"},\"creator\":{\"@id\":\"https:\\\/\\\/eldigitaldeasturias.com\\\/radio\\\/author\\\/nbasturias\\\/#author\"},\"image\":{\"@type\":\"ImageObject\",\"url\":\"https:\\\/\\\/eldigitaldeasturias.com\\\/radio\\\/wp-content\\\/uploads\\\/2020\\\/08\\\/vuelta-al-cole.jpg\",\"@id\":\"https:\\\/\\\/eldigitaldeasturias.com\\\/radio\\\/incertidumbre-y-preocupacion-por-la-vuelta-al-cole\\\/#mainImage\",\"width\":896,\"height\":656,\"caption\":\"Colegio La Gesta en Oviedo. - EUROPA PRESS\"},\"primaryImageOfPage\":{\"@id\":\"https:\\\/\\\/eldigitaldeasturias.com\\\/radio\\\/incertidumbre-y-preocupacion-por-la-vuelta-al-cole\\\/#mainImage\"},\"datePublished\":\"2020-08-24T02:36:26+02:00\",\"dateModified\":\"2020-08-24T02:36:26+02:00\"},{\"@type\":\"WebSite\",\"@id\":\"https:\\\/\\\/eldigitaldeasturias.com\\\/radio\\\/#website\",\"url\":\"https:\\\/\\\/eldigitaldeasturias.com\\\/radio\\\/\",\"name\":\"El Digital de Asturias\",\"description\":\"Diario de informaci\\u00f3n y noticias\",\"inLanguage\":\"es-ES\",\"publisher\":{\"@id\":\"https:\\\/\\\/eldigitaldeasturias.com\\\/radio\\\/#organization\"}}]}\n\t\t<\/script>\n\t\t<!-- All in One SEO Pro -->\r\n\t\t<title>Incertidumbre y preocupaci\u00f3n por la \u2018vuelta al cole\u2019 | El Digital de Asturias<\/title>\n\n","aioseo_head_json":{"title":"Incertidumbre y preocupaci\u00f3n por la \u2018vuelta al cole\u2019 | El Digital de Asturias","description":"(EUROPA PRESS) - Padres, estudiantes, profesores y patronales han mostrado su \"preocupaci\u00f3n\" ante la vuelta a las aulas en septiembre, con el inicio del nuevo curso 2020\/2021, y reclaman que se garanticen las medidas de seguridad para evitar posibles contagios de coronavirus. El Gobierno y las CC.AA. celebrar\u00e1n este 27 de agosto una conferencia sectorial para","canonical_url":"https:\/\/eldigitaldeasturias.com\/radio\/incertidumbre-y-preocupacion-por-la-vuelta-al-cole\/","robots":"max-image-preview:large","keywords":"noticias","webmasterTools":{"google-site-verification":"UA-38556648-1","miscellaneous":""},"schema":{"@context":"https:\/\/schema.org","@graph":[{"@type":"BreadcrumbList","@id":"https:\/\/eldigitaldeasturias.com\/radio\/incertidumbre-y-preocupacion-por-la-vuelta-al-cole\/#breadcrumblist","itemListElement":[{"@type":"ListItem","@id":"https:\/\/eldigitaldeasturias.com\/radio#listItem","position":1,"name":"Inicio","item":"https:\/\/eldigitaldeasturias.com\/radio","nextItem":{"@type":"ListItem","@id":"https:\/\/eldigitaldeasturias.com\/radio\/category\/noticias\/#listItem","name":"Noticias"}},{"@type":"ListItem","@id":"https:\/\/eldigitaldeasturias.com\/radio\/category\/noticias\/#listItem","position":2,"name":"Noticias","item":"https:\/\/eldigitaldeasturias.com\/radio\/category\/noticias\/","nextItem":{"@type":"ListItem","@id":"https:\/\/eldigitaldeasturias.com\/radio\/incertidumbre-y-preocupacion-por-la-vuelta-al-cole\/#listItem","name":"Incertidumbre y preocupaci\u00f3n por la &#8216;vuelta al cole&#8217;"},"previousItem":{"@type":"ListItem","@id":"https:\/\/eldigitaldeasturias.com\/radio#listItem","name":"Inicio"}},{"@type":"ListItem","@id":"https:\/\/eldigitaldeasturias.com\/radio\/incertidumbre-y-preocupacion-por-la-vuelta-al-cole\/#listItem","position":3,"name":"Incertidumbre y preocupaci\u00f3n por la &#8216;vuelta al cole&#8217;","previousItem":{"@type":"ListItem","@id":"https:\/\/eldigitaldeasturias.com\/radio\/category\/noticias\/#listItem","name":"Noticias"}}]},{"@type":"NewsArticle","@id":"https:\/\/eldigitaldeasturias.com\/radio\/incertidumbre-y-preocupacion-por-la-vuelta-al-cole\/#newsarticle","name":"Incertidumbre y preocupaci\u00f3n por la \u2018vuelta al cole\u2019 | El Digital de Asturias","headline":"Incertidumbre y preocupaci\u00f3n por la &#8216;vuelta al cole&#8217;","author":{"@id":"https:\/\/eldigitaldeasturias.com\/radio\/author\/nbasturias\/#author"},"publisher":{"@id":"https:\/\/eldigitaldeasturias.com\/radio\/#organization"},"image":{"@type":"ImageObject","url":"https:\/\/eldigitaldeasturias.com\/radio\/wp-content\/uploads\/2020\/08\/vuelta-al-cole.jpg","width":896,"height":656,"caption":"Colegio La Gesta en Oviedo. - EUROPA PRESS"},"datePublished":"2020-08-24T02:36:26+02:00","dateModified":"2020-08-24T02:36:26+02:00","inLanguage":"es-ES","mainEntityOfPage":{"@id":"https:\/\/eldigitaldeasturias.com\/radio\/incertidumbre-y-preocupacion-por-la-vuelta-al-cole\/#webpage"},"isPartOf":{"@id":"https:\/\/eldigitaldeasturias.com\/radio\/incertidumbre-y-preocupacion-por-la-vuelta-al-cole\/#webpage"},"articleSection":"Noticias","dateline":"Publicado el agosto 24, 2020."},{"@type":"Organization","@id":"https:\/\/eldigitaldeasturias.com\/radio\/#organization","name":"El digital de Asturias Radio","description":"Diario de informaci\u00f3n y noticias","url":"https:\/\/eldigitaldeasturias.com\/radio\/","telephone":"+34652131393","logo":{"@type":"ImageObject","url":"https:\/\/www.eldigitaldeasturias.com\/radio\/wp-content\/uploads\/2021\/03\/EDA.jpg","@id":"https:\/\/eldigitaldeasturias.com\/radio\/incertidumbre-y-preocupacion-por-la-vuelta-al-cole\/#organizationLogo"},"image":{"@id":"https:\/\/eldigitaldeasturias.com\/radio\/incertidumbre-y-preocupacion-por-la-vuelta-al-cole\/#organizationLogo"},"sameAs":["https:\/\/www.facebook.com\/","https:\/\/x.com\/bercodi","https:\/\/www.instagram.com\/","https:\/\/www.youtube.com\/channel\/UCZP-2wLEB9Rv6erhFmqVnvg"]},{"@type":"Person","@id":"https:\/\/eldigitaldeasturias.com\/radio\/author\/nbasturias\/#author","url":"https:\/\/eldigitaldeasturias.com\/radio\/author\/nbasturias\/","name":"NBAsturias","image":{"@type":"ImageObject","@id":"https:\/\/eldigitaldeasturias.com\/radio\/incertidumbre-y-preocupacion-por-la-vuelta-al-cole\/#authorImage","url":"https:\/\/secure.gravatar.com\/avatar\/df2aeffc32bcd13f8d26072ef8a91b623d677766deac7f97ca815868cd41bf5e?s=96&d=mm&r=g","width":96,"height":96,"caption":"NBAsturias"}},{"@type":"WebPage","@id":"https:\/\/eldigitaldeasturias.com\/radio\/incertidumbre-y-preocupacion-por-la-vuelta-al-cole\/#webpage","url":"https:\/\/eldigitaldeasturias.com\/radio\/incertidumbre-y-preocupacion-por-la-vuelta-al-cole\/","name":"Incertidumbre y preocupaci\u00f3n por la \u2018vuelta al cole\u2019 | El Digital de Asturias","description":"(EUROPA PRESS) - Padres, estudiantes, profesores y patronales han mostrado su \"preocupaci\u00f3n\" ante la vuelta a las aulas en septiembre, con el inicio del nuevo curso 2020\/2021, y reclaman que se garanticen las medidas de seguridad para evitar posibles contagios de coronavirus. El Gobierno y las CC.AA. celebrar\u00e1n este 27 de agosto una conferencia sectorial para","inLanguage":"es-ES","isPartOf":{"@id":"https:\/\/eldigitaldeasturias.com\/radio\/#website"},"breadcrumb":{"@id":"https:\/\/eldigitaldeasturias.com\/radio\/incertidumbre-y-preocupacion-por-la-vuelta-al-cole\/#breadcrumblist"},"author":{"@id":"https:\/\/eldigitaldeasturias.com\/radio\/author\/nbasturias\/#author"},"creator":{"@id":"https:\/\/eldigitaldeasturias.com\/radio\/author\/nbasturias\/#author"},"image":{"@type":"ImageObject","url":"https:\/\/eldigitaldeasturias.com\/radio\/wp-content\/uploads\/2020\/08\/vuelta-al-cole.jpg","@id":"https:\/\/eldigitaldeasturias.com\/radio\/incertidumbre-y-preocupacion-por-la-vuelta-al-cole\/#mainImage","width":896,"height":656,"caption":"Colegio La Gesta en Oviedo. - EUROPA PRESS"},"primaryImageOfPage":{"@id":"https:\/\/eldigitaldeasturias.com\/radio\/incertidumbre-y-preocupacion-por-la-vuelta-al-cole\/#mainImage"},"datePublished":"2020-08-24T02:36:26+02:00","dateModified":"2020-08-24T02:36:26+02:00"},{"@type":"WebSite","@id":"https:\/\/eldigitaldeasturias.com\/radio\/#website","url":"https:\/\/eldigitaldeasturias.com\/radio\/","name":"El Digital de Asturias","description":"Diario de informaci\u00f3n y noticias","inLanguage":"es-ES","publisher":{"@id":"https:\/\/eldigitaldeasturias.com\/radio\/#organization"}}]},"og:locale":"es_ES","og:site_name":"El Digital de Asturias | Diario de informaci\u00f3n y noticias","og:type":"article","og:title":"Incertidumbre y preocupaci\u00f3n por la \u2018vuelta al cole\u2019 | El Digital de Asturias","og:description":"(EUROPA PRESS) - Padres, estudiantes, profesores y patronales han mostrado su &quot;preocupaci\u00f3n&quot; ante la vuelta a las aulas en septiembre, con el inicio del nuevo curso 2020\/2021, y reclaman que se garanticen las medidas de seguridad para evitar posibles contagios de coronavirus. El Gobierno y las CC.AA. celebrar\u00e1n este 27 de agosto una conferencia sectorial para","og:url":"https:\/\/eldigitaldeasturias.com\/radio\/incertidumbre-y-preocupacion-por-la-vuelta-al-cole\/","og:image":"https:\/\/eldigitaldeasturias.com\/radio\/wp-content\/uploads\/2020\/08\/vuelta-al-cole.jpg","og:image:secure_url":"https:\/\/eldigitaldeasturias.com\/radio\/wp-content\/uploads\/2020\/08\/vuelta-al-cole.jpg","og:image:width":896,"og:image:height":656,"article:published_time":"2020-08-24T02:36:26+00:00","article:modified_time":"2020-08-24T02:36:26+00:00","twitter:card":"summary_large_image","twitter:site":"@bercodi","twitter:title":"Incertidumbre y preocupaci\u00f3n por la \u2018vuelta al cole\u2019 | El Digital de Asturias","twitter:description":"(EUROPA PRESS) - Padres, estudiantes, profesores y patronales han mostrado su &quot;preocupaci\u00f3n&quot; ante la vuelta a las aulas en septiembre, con el inicio del nuevo curso 2020\/2021, y reclaman que se garanticen las medidas de seguridad para evitar posibles contagios de coronavirus. El Gobierno y las CC.AA. celebrar\u00e1n este 27 de agosto una conferencia sectorial para","twitter:creator":"@bercodi","twitter:image":"https:\/\/eldigitaldeasturias.com\/radio\/wp-content\/uploads\/2020\/08\/vuelta-al-cole.jpg"},"aioseo_meta_data":{"post_id":"4962","title":null,"description":"","keywords":"","keyphrases":null,"primary_term":null,"canonical_url":"","og_title":null,"og_description":null,"og_object_type":"default","og_image_type":"default","og_image_url":null,"og_image_width":null,"og_image_height":null,"og_image_custom_url":null,"og_image_custom_fields":null,"og_video":null,"og_custom_url":null,"og_article_section":null,"og_article_tags":null,"twitter_use_og":false,"twitter_card":"default","twitter_image_type":"default","twitter_image_url":null,"twitter_image_custom_url":null,"twitter_image_custom_fields":null,"twitter_title":null,"twitter_description":null,"schema":{"blockGraphs":[],"customGraphs":[],"default":{"data":{"Article":[],"Course":[],"Dataset":[],"FAQPage":[],"Movie":[],"Person":[],"Product":[],"ProductReview":[],"Car":[],"Recipe":[],"Service":[],"SoftwareApplication":[],"WebPage":[]},"graphName":"","isEnabled":true},"graphs":[],"defaultGraph":"","defaultPostTypeGraph":""},"schema_type":null,"schema_type_options":null,"pillar_content":false,"robots_default":true,"robots_noindex":false,"robots_noarchive":false,"robots_nosnippet":false,"robots_nofollow":false,"robots_noimageindex":false,"robots_noodp":false,"robots_notranslate":false,"robots_max_snippet":null,"robots_max_videopreview":null,"robots_max_imagepreview":"large","priority":null,"frequency":null,"location":null,"local_seo":null,"seo_analyzer_scan_date":"2025-08-28 16:59:34","breadcrumb_settings":null,"limit_modified_date":false,"open_ai":null,"ai":null,"created":"2021-03-25 20:31:59","updated":"2025-08-28 16:59:34"},"aioseo_breadcrumb":"<div class=\"aioseo-breadcrumbs\"><span class=\"aioseo-breadcrumb\">\n\t<a href=\"https:\/\/eldigitaldeasturias.com\/radio\" title=\"Inicio\">Inicio<\/a>\n<\/span><span class=\"aioseo-breadcrumb-separator\">&ndash;<\/span><span class=\"aioseo-breadcrumb\">\n\t<a href=\"https:\/\/eldigitaldeasturias.com\/radio\/category\/noticias\/\" title=\"Noticias\">Noticias<\/a>\n<\/span><span class=\"aioseo-breadcrumb-separator\">&ndash;<\/span><span class=\"aioseo-breadcrumb\">\n\tIncertidumbre y preocupaci\u00f3n por la \u2018vuelta al cole\u2019\n<\/span><\/div>","aioseo_breadcrumb_json":[{"label":"Inicio","link":"https:\/\/eldigitaldeasturias.com\/radio"},{"label":"Noticias","link":"https:\/\/eldigitaldeasturias.com\/radio\/category\/noticias\/"},{"label":"Incertidumbre y preocupaci\u00f3n por la &#8216;vuelta al cole&#8217;","link":"https:\/\/eldigitaldeasturias.com\/radio\/incertidumbre-y-preocupacion-por-la-vuelta-al-cole\/"}],"_links":{"self":[{"href":"https:\/\/eldigitaldeasturias.com\/radio\/wp-json\/wp\/v2\/posts\/4962","targetHints":{"allow":["GET"]}}],"collection":[{"href":"https:\/\/eldigitaldeasturias.com\/radio\/wp-json\/wp\/v2\/posts"}],"about":[{"href":"https:\/\/eldigitaldeasturias.com\/radio\/wp-json\/wp\/v2\/types\/post"}],"author":[{"embeddable":true,"href":"https:\/\/eldigitaldeasturias.com\/radio\/wp-json\/wp\/v2\/users\/1"}],"replies":[{"embeddable":true,"href":"https:\/\/eldigitaldeasturias.com\/radio\/wp-json\/wp\/v2\/comments?post=4962"}],"version-history":[{"count":0,"href":"https:\/\/eldigitaldeasturias.com\/radio\/wp-json\/wp\/v2\/posts\/4962\/revisions"}],"wp:featuredmedia":[{"embeddable":true,"href":"https:\/\/eldigitaldeasturias.com\/radio\/wp-json\/wp\/v2\/media\/4963"}],"wp:attachment":[{"href":"https:\/\/eldigitaldeasturias.com\/radio\/wp-json\/wp\/v2\/media?parent=4962"}],"wp:term":[{"taxonomy":"category","embeddable":true,"href":"https:\/\/eldigitaldeasturias.com\/radio\/wp-json\/wp\/v2\/categories?post=4962"},{"taxonomy":"post_tag","embeddable":true,"href":"https:\/\/eldigitaldeasturias.com\/radio\/wp-json\/wp\/v2\/tags?post=4962"}],"curies":[{"name":"wp","href":"https:\/\/api.w.org\/{rel}","templated":true}]}}