{"id":4959,"date":"2020-08-24T02:32:21","date_gmt":"2020-08-24T02:32:21","guid":{"rendered":"http:\/\/www.eldigitaldeasturias.com\/radio\/?p=4959"},"modified":"2020-08-24T02:32:21","modified_gmt":"2020-08-24T02:32:21","slug":"la-oficina-de-turismo-de-aviles-recibe-el-certificado-de-turismo-seguro","status":"publish","type":"post","link":"https:\/\/eldigitaldeasturias.com\/radio\/la-oficina-de-turismo-de-aviles-recibe-el-certificado-de-turismo-seguro\/","title":{"rendered":"La Oficina de turismo de Avil\u00e9s recibe el &#8216;Certificado de Turismo Seguro&#8217;"},"content":{"rendered":"<p><img fetchpriority=\"high\" decoding=\"async\" class=\"alignleft size-medium wp-image-4960\" src=\"http:\/\/www.eldigitaldeasturias.com\/radio\/wp-content\/uploads\/2020\/08\/holiday-2880261_640-360x240.jpg\" alt=\"\" width=\"360\" height=\"240\" srcset=\"https:\/\/eldigitaldeasturias.com\/radio\/wp-content\/uploads\/2020\/08\/holiday-2880261_640-360x240.jpg 360w, https:\/\/eldigitaldeasturias.com\/radio\/wp-content\/uploads\/2020\/08\/holiday-2880261_640.jpg 640w\" sizes=\"(max-width: 360px) 100vw, 360px\" \/>(EUROPA PRESS) &#8211;\u00a0La Oficina de Turismo de Avil\u00e9s ha recibido el &#8216;Certificado de Turismo Seguro&#8217;, otorgado por la Secretar\u00eda de Estado de Turismo y el Instituto para la Calidad Tur\u00edstica Espa\u00f1ola (ICTE) para la promoci\u00f3n tur\u00edstica de espacios seguros frente al COVID-19.<\/p>\n<p>Seg\u00fan ha informado el Ayuntamiento de la ciudad asturiana en nota de prensa, la concesi\u00f3n de este sello a la Oficina de Turismo de Avil\u00e9s fue acordada en la \u00faltima reuni\u00f3n del comit\u00e9 de acreditaciones del ICTE, celebrada el pasado 11 de agosto. Para ello, previamente, las instalaciones municipales fueron objeto de una evaluaci\u00f3n t\u00e9cnica por parte de empresas independientes.<\/p>\n<p>Por otro lado la Oficina tambi\u00e9n ha renovado la marca &#8216;Q de Calidad&#8217;, concedida en 2007 y sujeta a la realizaci\u00f3n de auditor\u00edas anuales. Esta acreditaci\u00f3n avala la adecuaci\u00f3n del equipamiento y el sistema de trabajo de la oficina a las normas y exigencias establecidas para las entidades p\u00fablicas y privadas del sector, en destinos tur\u00edsticos consolidados.<\/p>\n","protected":false},"excerpt":{"rendered":"<p>(EUROPA PRESS) &#8211;\u00a0La Oficina de Turismo de Avil\u00e9s ha recibido el &#8216;Certificado de Turismo Seguro&#8217;, otorgado por la Secretar\u00eda de Estado de Turismo y el Instituto para la Calidad Tur\u00edstica Espa\u00f1ola (ICTE) para la promoci\u00f3n tur\u00edstica de espacios seguros frente al COVID-19. Seg\u00fan ha informado el Ayuntamiento de la ciudad asturiana en nota de prensa,<\/p>\n","protected":false},"author":1,"featured_media":4960,"comment_status":"closed","ping_status":"closed","sticky":false,"template":"","format":"standard","meta":{"footnotes":""},"categories":[34],"tags":[],"class_list":{"0":"post-4959","1":"post","2":"type-post","3":"status-publish","4":"format-standard","5":"has-post-thumbnail","7":"category-turismo"},"aioseo_notices":[],"aioseo_head":"\n\t\t<!-- All in One SEO Pro 4.9.6.2 - aioseo.com -->\n\t<meta name=\"description\" content=\"(EUROPA PRESS) - La Oficina de Turismo de Avil\u00e9s ha recibido el &#039;Certificado de Turismo Seguro&#039;, otorgado por la Secretar\u00eda de Estado de Turismo y el Instituto para la Calidad Tur\u00edstica Espa\u00f1ola (ICTE) para la promoci\u00f3n tur\u00edstica de espacios seguros frente al COVID-19. Seg\u00fan ha informado el Ayuntamiento de la ciudad asturiana en nota de prensa,\" \/>\n\t<meta name=\"robots\" content=\"max-image-preview:large\" \/>\n\t<meta name=\"author\" content=\"NBAsturias\"\/>\n\t<meta name=\"google-site-verification\" content=\"UA-38556648-1\" \/>\n\t<meta name=\"keywords\" content=\"turismo\" \/>\n\t<link rel=\"canonical\" href=\"https:\/\/eldigitaldeasturias.com\/radio\/la-oficina-de-turismo-de-aviles-recibe-el-certificado-de-turismo-seguro\/\" \/>\n\t<meta name=\"generator\" content=\"All in One SEO Pro (AIOSEO) 4.9.6.2\" \/>\n\t\t<meta property=\"og:locale\" content=\"es_ES\" \/>\n\t\t<meta property=\"og:site_name\" content=\"El Digital de Asturias | Diario de informaci\u00f3n y noticias\" \/>\n\t\t<meta property=\"og:type\" content=\"article\" \/>\n\t\t<meta property=\"og:title\" content=\"La Oficina de turismo de Avil\u00e9s recibe el \u2018Certificado de Turismo Seguro\u2019 | El Digital de Asturias\" \/>\n\t\t<meta property=\"og:description\" content=\"(EUROPA PRESS) - La Oficina de Turismo de Avil\u00e9s ha recibido el &#039;Certificado de Turismo Seguro&#039;, otorgado por la Secretar\u00eda de Estado de Turismo y el Instituto para la Calidad Tur\u00edstica Espa\u00f1ola (ICTE) para la promoci\u00f3n tur\u00edstica de espacios seguros frente al COVID-19. Seg\u00fan ha informado el Ayuntamiento de la ciudad asturiana en nota de prensa,\" \/>\n\t\t<meta property=\"og:url\" content=\"https:\/\/eldigitaldeasturias.com\/radio\/la-oficina-de-turismo-de-aviles-recibe-el-certificado-de-turismo-seguro\/\" \/>\n\t\t<meta property=\"og:image\" content=\"https:\/\/eldigitaldeasturias.com\/radio\/wp-content\/uploads\/2020\/08\/holiday-2880261_640.jpg\" \/>\n\t\t<meta property=\"og:image:secure_url\" content=\"https:\/\/eldigitaldeasturias.com\/radio\/wp-content\/uploads\/2020\/08\/holiday-2880261_640.jpg\" \/>\n\t\t<meta property=\"og:image:width\" content=\"640\" \/>\n\t\t<meta property=\"og:image:height\" content=\"426\" \/>\n\t\t<meta property=\"article:published_time\" content=\"2020-08-24T02:32:21+00:00\" \/>\n\t\t<meta property=\"article:modified_time\" content=\"2020-08-24T02:32:21+00:00\" \/>\n\t\t<meta name=\"twitter:card\" content=\"summary_large_image\" \/>\n\t\t<meta name=\"twitter:site\" content=\"@bercodi\" \/>\n\t\t<meta name=\"twitter:title\" content=\"La Oficina de turismo de Avil\u00e9s recibe el \u2018Certificado de Turismo Seguro\u2019 | El Digital de Asturias\" \/>\n\t\t<meta name=\"twitter:description\" content=\"(EUROPA PRESS) - La Oficina de Turismo de Avil\u00e9s ha recibido el &#039;Certificado de Turismo Seguro&#039;, otorgado por la Secretar\u00eda de Estado de Turismo y el Instituto para la Calidad Tur\u00edstica Espa\u00f1ola (ICTE) para la promoci\u00f3n tur\u00edstica de espacios seguros frente al COVID-19. Seg\u00fan ha informado el Ayuntamiento de la ciudad asturiana en nota de prensa,\" \/>\n\t\t<meta name=\"twitter:creator\" content=\"@bercodi\" \/>\n\t\t<meta name=\"twitter:image\" content=\"https:\/\/eldigitaldeasturias.com\/radio\/wp-content\/uploads\/2020\/08\/holiday-2880261_640.jpg\" \/>\n\t\t<script type=\"application\/ld+json\" class=\"aioseo-schema\">\n\t\t\t{\"@context\":\"https:\\\/\\\/schema.org\",\"@graph\":[{\"@type\":\"BreadcrumbList\",\"@id\":\"https:\\\/\\\/eldigitaldeasturias.com\\\/radio\\\/la-oficina-de-turismo-de-aviles-recibe-el-certificado-de-turismo-seguro\\\/#breadcrumblist\",\"itemListElement\":[{\"@type\":\"ListItem\",\"@id\":\"https:\\\/\\\/eldigitaldeasturias.com\\\/radio#listItem\",\"position\":1,\"name\":\"Inicio\",\"item\":\"https:\\\/\\\/eldigitaldeasturias.com\\\/radio\",\"nextItem\":{\"@type\":\"ListItem\",\"@id\":\"https:\\\/\\\/eldigitaldeasturias.com\\\/radio\\\/category\\\/turismo\\\/#listItem\",\"name\":\"Turismo\"}},{\"@type\":\"ListItem\",\"@id\":\"https:\\\/\\\/eldigitaldeasturias.com\\\/radio\\\/category\\\/turismo\\\/#listItem\",\"position\":2,\"name\":\"Turismo\",\"item\":\"https:\\\/\\\/eldigitaldeasturias.com\\\/radio\\\/category\\\/turismo\\\/\",\"nextItem\":{\"@type\":\"ListItem\",\"@id\":\"https:\\\/\\\/eldigitaldeasturias.com\\\/radio\\\/la-oficina-de-turismo-de-aviles-recibe-el-certificado-de-turismo-seguro\\\/#listItem\",\"name\":\"La Oficina de turismo de Avil\\u00e9s recibe el &#8216;Certificado de Turismo Seguro&#8217;\"},\"previousItem\":{\"@type\":\"ListItem\",\"@id\":\"https:\\\/\\\/eldigitaldeasturias.com\\\/radio#listItem\",\"name\":\"Inicio\"}},{\"@type\":\"ListItem\",\"@id\":\"https:\\\/\\\/eldigitaldeasturias.com\\\/radio\\\/la-oficina-de-turismo-de-aviles-recibe-el-certificado-de-turismo-seguro\\\/#listItem\",\"position\":3,\"name\":\"La Oficina de turismo de Avil\\u00e9s recibe el &#8216;Certificado de Turismo Seguro&#8217;\",\"previousItem\":{\"@type\":\"ListItem\",\"@id\":\"https:\\\/\\\/eldigitaldeasturias.com\\\/radio\\\/category\\\/turismo\\\/#listItem\",\"name\":\"Turismo\"}}]},{\"@type\":\"NewsArticle\",\"@id\":\"https:\\\/\\\/eldigitaldeasturias.com\\\/radio\\\/la-oficina-de-turismo-de-aviles-recibe-el-certificado-de-turismo-seguro\\\/#newsarticle\",\"name\":\"La Oficina de turismo de Avil\\u00e9s recibe el \\u2018Certificado de Turismo Seguro\\u2019 | El Digital de Asturias\",\"headline\":\"La Oficina de turismo de Avil\\u00e9s recibe el &#8216;Certificado de Turismo Seguro&#8217;\",\"author\":{\"@id\":\"https:\\\/\\\/eldigitaldeasturias.com\\\/radio\\\/author\\\/nbasturias\\\/#author\"},\"publisher\":{\"@id\":\"https:\\\/\\\/eldigitaldeasturias.com\\\/radio\\\/#organization\"},\"image\":{\"@type\":\"ImageObject\",\"url\":\"https:\\\/\\\/eldigitaldeasturias.com\\\/radio\\\/wp-content\\\/uploads\\\/2020\\\/08\\\/holiday-2880261_640.jpg\",\"width\":640,\"height\":426},\"datePublished\":\"2020-08-24T02:32:21+02:00\",\"dateModified\":\"2020-08-24T02:32:21+02:00\",\"inLanguage\":\"es-ES\",\"mainEntityOfPage\":{\"@id\":\"https:\\\/\\\/eldigitaldeasturias.com\\\/radio\\\/la-oficina-de-turismo-de-aviles-recibe-el-certificado-de-turismo-seguro\\\/#webpage\"},\"isPartOf\":{\"@id\":\"https:\\\/\\\/eldigitaldeasturias.com\\\/radio\\\/la-oficina-de-turismo-de-aviles-recibe-el-certificado-de-turismo-seguro\\\/#webpage\"},\"articleSection\":\"Turismo\",\"dateline\":\"Publicado el agosto 24, 2020.\"},{\"@type\":\"Organization\",\"@id\":\"https:\\\/\\\/eldigitaldeasturias.com\\\/radio\\\/#organization\",\"name\":\"El digital de Asturias Radio\",\"description\":\"Diario de informaci\\u00f3n y noticias\",\"url\":\"https:\\\/\\\/eldigitaldeasturias.com\\\/radio\\\/\",\"telephone\":\"+34652131393\",\"logo\":{\"@type\":\"ImageObject\",\"url\":\"https:\\\/\\\/www.eldigitaldeasturias.com\\\/radio\\\/wp-content\\\/uploads\\\/2021\\\/03\\\/EDA.jpg\",\"@id\":\"https:\\\/\\\/eldigitaldeasturias.com\\\/radio\\\/la-oficina-de-turismo-de-aviles-recibe-el-certificado-de-turismo-seguro\\\/#organizationLogo\"},\"image\":{\"@id\":\"https:\\\/\\\/eldigitaldeasturias.com\\\/radio\\\/la-oficina-de-turismo-de-aviles-recibe-el-certificado-de-turismo-seguro\\\/#organizationLogo\"},\"sameAs\":[\"https:\\\/\\\/www.facebook.com\\\/\",\"https:\\\/\\\/x.com\\\/bercodi\",\"https:\\\/\\\/www.instagram.com\\\/\",\"https:\\\/\\\/www.youtube.com\\\/channel\\\/UCZP-2wLEB9Rv6erhFmqVnvg\"]},{\"@type\":\"Person\",\"@id\":\"https:\\\/\\\/eldigitaldeasturias.com\\\/radio\\\/author\\\/nbasturias\\\/#author\",\"url\":\"https:\\\/\\\/eldigitaldeasturias.com\\\/radio\\\/author\\\/nbasturias\\\/\",\"name\":\"NBAsturias\",\"image\":{\"@type\":\"ImageObject\",\"@id\":\"https:\\\/\\\/eldigitaldeasturias.com\\\/radio\\\/la-oficina-de-turismo-de-aviles-recibe-el-certificado-de-turismo-seguro\\\/#authorImage\",\"url\":\"https:\\\/\\\/secure.gravatar.com\\\/avatar\\\/df2aeffc32bcd13f8d26072ef8a91b623d677766deac7f97ca815868cd41bf5e?s=96&d=mm&r=g\",\"width\":96,\"height\":96,\"caption\":\"NBAsturias\"}},{\"@type\":\"WebPage\",\"@id\":\"https:\\\/\\\/eldigitaldeasturias.com\\\/radio\\\/la-oficina-de-turismo-de-aviles-recibe-el-certificado-de-turismo-seguro\\\/#webpage\",\"url\":\"https:\\\/\\\/eldigitaldeasturias.com\\\/radio\\\/la-oficina-de-turismo-de-aviles-recibe-el-certificado-de-turismo-seguro\\\/\",\"name\":\"La Oficina de turismo de Avil\\u00e9s recibe el \\u2018Certificado de Turismo Seguro\\u2019 | El Digital de Asturias\",\"description\":\"(EUROPA PRESS) - La Oficina de Turismo de Avil\\u00e9s ha recibido el 'Certificado de Turismo Seguro', otorgado por la Secretar\\u00eda de Estado de Turismo y el Instituto para la Calidad Tur\\u00edstica Espa\\u00f1ola (ICTE) para la promoci\\u00f3n tur\\u00edstica de espacios seguros frente al COVID-19. Seg\\u00fan ha informado el Ayuntamiento de la ciudad asturiana en nota de prensa,\",\"inLanguage\":\"es-ES\",\"isPartOf\":{\"@id\":\"https:\\\/\\\/eldigitaldeasturias.com\\\/radio\\\/#website\"},\"breadcrumb\":{\"@id\":\"https:\\\/\\\/eldigitaldeasturias.com\\\/radio\\\/la-oficina-de-turismo-de-aviles-recibe-el-certificado-de-turismo-seguro\\\/#breadcrumblist\"},\"author\":{\"@id\":\"https:\\\/\\\/eldigitaldeasturias.com\\\/radio\\\/author\\\/nbasturias\\\/#author\"},\"creator\":{\"@id\":\"https:\\\/\\\/eldigitaldeasturias.com\\\/radio\\\/author\\\/nbasturias\\\/#author\"},\"image\":{\"@type\":\"ImageObject\",\"url\":\"https:\\\/\\\/eldigitaldeasturias.com\\\/radio\\\/wp-content\\\/uploads\\\/2020\\\/08\\\/holiday-2880261_640.jpg\",\"@id\":\"https:\\\/\\\/eldigitaldeasturias.com\\\/radio\\\/la-oficina-de-turismo-de-aviles-recibe-el-certificado-de-turismo-seguro\\\/#mainImage\",\"width\":640,\"height\":426},\"primaryImageOfPage\":{\"@id\":\"https:\\\/\\\/eldigitaldeasturias.com\\\/radio\\\/la-oficina-de-turismo-de-aviles-recibe-el-certificado-de-turismo-seguro\\\/#mainImage\"},\"datePublished\":\"2020-08-24T02:32:21+02:00\",\"dateModified\":\"2020-08-24T02:32:21+02:00\"},{\"@type\":\"WebSite\",\"@id\":\"https:\\\/\\\/eldigitaldeasturias.com\\\/radio\\\/#website\",\"url\":\"https:\\\/\\\/eldigitaldeasturias.com\\\/radio\\\/\",\"name\":\"El Digital de Asturias\",\"description\":\"Diario de informaci\\u00f3n y noticias\",\"inLanguage\":\"es-ES\",\"publisher\":{\"@id\":\"https:\\\/\\\/eldigitaldeasturias.com\\\/radio\\\/#organization\"}}]}\n\t\t<\/script>\n\t\t<!-- All in One SEO Pro -->\r\n\t\t<title>La Oficina de turismo de Avil\u00e9s recibe el \u2018Certificado de Turismo Seguro\u2019 | El Digital de Asturias<\/title>\n\n","aioseo_head_json":{"title":"La Oficina de turismo de Avil\u00e9s recibe el \u2018Certificado de Turismo Seguro\u2019 | El Digital de Asturias","description":"(EUROPA PRESS) - La Oficina de Turismo de Avil\u00e9s ha recibido el 'Certificado de Turismo Seguro', otorgado por la Secretar\u00eda de Estado de Turismo y el Instituto para la Calidad Tur\u00edstica Espa\u00f1ola (ICTE) para la promoci\u00f3n tur\u00edstica de espacios seguros frente al COVID-19. Seg\u00fan ha informado el Ayuntamiento de la ciudad asturiana en nota de prensa,","canonical_url":"https:\/\/eldigitaldeasturias.com\/radio\/la-oficina-de-turismo-de-aviles-recibe-el-certificado-de-turismo-seguro\/","robots":"max-image-preview:large","keywords":"turismo","webmasterTools":{"google-site-verification":"UA-38556648-1","miscellaneous":""},"schema":{"@context":"https:\/\/schema.org","@graph":[{"@type":"BreadcrumbList","@id":"https:\/\/eldigitaldeasturias.com\/radio\/la-oficina-de-turismo-de-aviles-recibe-el-certificado-de-turismo-seguro\/#breadcrumblist","itemListElement":[{"@type":"ListItem","@id":"https:\/\/eldigitaldeasturias.com\/radio#listItem","position":1,"name":"Inicio","item":"https:\/\/eldigitaldeasturias.com\/radio","nextItem":{"@type":"ListItem","@id":"https:\/\/eldigitaldeasturias.com\/radio\/category\/turismo\/#listItem","name":"Turismo"}},{"@type":"ListItem","@id":"https:\/\/eldigitaldeasturias.com\/radio\/category\/turismo\/#listItem","position":2,"name":"Turismo","item":"https:\/\/eldigitaldeasturias.com\/radio\/category\/turismo\/","nextItem":{"@type":"ListItem","@id":"https:\/\/eldigitaldeasturias.com\/radio\/la-oficina-de-turismo-de-aviles-recibe-el-certificado-de-turismo-seguro\/#listItem","name":"La Oficina de turismo de Avil\u00e9s recibe el &#8216;Certificado de Turismo Seguro&#8217;"},"previousItem":{"@type":"ListItem","@id":"https:\/\/eldigitaldeasturias.com\/radio#listItem","name":"Inicio"}},{"@type":"ListItem","@id":"https:\/\/eldigitaldeasturias.com\/radio\/la-oficina-de-turismo-de-aviles-recibe-el-certificado-de-turismo-seguro\/#listItem","position":3,"name":"La Oficina de turismo de Avil\u00e9s recibe el &#8216;Certificado de Turismo Seguro&#8217;","previousItem":{"@type":"ListItem","@id":"https:\/\/eldigitaldeasturias.com\/radio\/category\/turismo\/#listItem","name":"Turismo"}}]},{"@type":"NewsArticle","@id":"https:\/\/eldigitaldeasturias.com\/radio\/la-oficina-de-turismo-de-aviles-recibe-el-certificado-de-turismo-seguro\/#newsarticle","name":"La Oficina de turismo de Avil\u00e9s recibe el \u2018Certificado de Turismo Seguro\u2019 | El Digital de Asturias","headline":"La Oficina de turismo de Avil\u00e9s recibe el &#8216;Certificado de Turismo Seguro&#8217;","author":{"@id":"https:\/\/eldigitaldeasturias.com\/radio\/author\/nbasturias\/#author"},"publisher":{"@id":"https:\/\/eldigitaldeasturias.com\/radio\/#organization"},"image":{"@type":"ImageObject","url":"https:\/\/eldigitaldeasturias.com\/radio\/wp-content\/uploads\/2020\/08\/holiday-2880261_640.jpg","width":640,"height":426},"datePublished":"2020-08-24T02:32:21+02:00","dateModified":"2020-08-24T02:32:21+02:00","inLanguage":"es-ES","mainEntityOfPage":{"@id":"https:\/\/eldigitaldeasturias.com\/radio\/la-oficina-de-turismo-de-aviles-recibe-el-certificado-de-turismo-seguro\/#webpage"},"isPartOf":{"@id":"https:\/\/eldigitaldeasturias.com\/radio\/la-oficina-de-turismo-de-aviles-recibe-el-certificado-de-turismo-seguro\/#webpage"},"articleSection":"Turismo","dateline":"Publicado el agosto 24, 2020."},{"@type":"Organization","@id":"https:\/\/eldigitaldeasturias.com\/radio\/#organization","name":"El digital de Asturias Radio","description":"Diario de informaci\u00f3n y noticias","url":"https:\/\/eldigitaldeasturias.com\/radio\/","telephone":"+34652131393","logo":{"@type":"ImageObject","url":"https:\/\/www.eldigitaldeasturias.com\/radio\/wp-content\/uploads\/2021\/03\/EDA.jpg","@id":"https:\/\/eldigitaldeasturias.com\/radio\/la-oficina-de-turismo-de-aviles-recibe-el-certificado-de-turismo-seguro\/#organizationLogo"},"image":{"@id":"https:\/\/eldigitaldeasturias.com\/radio\/la-oficina-de-turismo-de-aviles-recibe-el-certificado-de-turismo-seguro\/#organizationLogo"},"sameAs":["https:\/\/www.facebook.com\/","https:\/\/x.com\/bercodi","https:\/\/www.instagram.com\/","https:\/\/www.youtube.com\/channel\/UCZP-2wLEB9Rv6erhFmqVnvg"]},{"@type":"Person","@id":"https:\/\/eldigitaldeasturias.com\/radio\/author\/nbasturias\/#author","url":"https:\/\/eldigitaldeasturias.com\/radio\/author\/nbasturias\/","name":"NBAsturias","image":{"@type":"ImageObject","@id":"https:\/\/eldigitaldeasturias.com\/radio\/la-oficina-de-turismo-de-aviles-recibe-el-certificado-de-turismo-seguro\/#authorImage","url":"https:\/\/secure.gravatar.com\/avatar\/df2aeffc32bcd13f8d26072ef8a91b623d677766deac7f97ca815868cd41bf5e?s=96&d=mm&r=g","width":96,"height":96,"caption":"NBAsturias"}},{"@type":"WebPage","@id":"https:\/\/eldigitaldeasturias.com\/radio\/la-oficina-de-turismo-de-aviles-recibe-el-certificado-de-turismo-seguro\/#webpage","url":"https:\/\/eldigitaldeasturias.com\/radio\/la-oficina-de-turismo-de-aviles-recibe-el-certificado-de-turismo-seguro\/","name":"La Oficina de turismo de Avil\u00e9s recibe el \u2018Certificado de Turismo Seguro\u2019 | El Digital de Asturias","description":"(EUROPA PRESS) - La Oficina de Turismo de Avil\u00e9s ha recibido el 'Certificado de Turismo Seguro', otorgado por la Secretar\u00eda de Estado de Turismo y el Instituto para la Calidad Tur\u00edstica Espa\u00f1ola (ICTE) para la promoci\u00f3n tur\u00edstica de espacios seguros frente al COVID-19. Seg\u00fan ha informado el Ayuntamiento de la ciudad asturiana en nota de prensa,","inLanguage":"es-ES","isPartOf":{"@id":"https:\/\/eldigitaldeasturias.com\/radio\/#website"},"breadcrumb":{"@id":"https:\/\/eldigitaldeasturias.com\/radio\/la-oficina-de-turismo-de-aviles-recibe-el-certificado-de-turismo-seguro\/#breadcrumblist"},"author":{"@id":"https:\/\/eldigitaldeasturias.com\/radio\/author\/nbasturias\/#author"},"creator":{"@id":"https:\/\/eldigitaldeasturias.com\/radio\/author\/nbasturias\/#author"},"image":{"@type":"ImageObject","url":"https:\/\/eldigitaldeasturias.com\/radio\/wp-content\/uploads\/2020\/08\/holiday-2880261_640.jpg","@id":"https:\/\/eldigitaldeasturias.com\/radio\/la-oficina-de-turismo-de-aviles-recibe-el-certificado-de-turismo-seguro\/#mainImage","width":640,"height":426},"primaryImageOfPage":{"@id":"https:\/\/eldigitaldeasturias.com\/radio\/la-oficina-de-turismo-de-aviles-recibe-el-certificado-de-turismo-seguro\/#mainImage"},"datePublished":"2020-08-24T02:32:21+02:00","dateModified":"2020-08-24T02:32:21+02:00"},{"@type":"WebSite","@id":"https:\/\/eldigitaldeasturias.com\/radio\/#website","url":"https:\/\/eldigitaldeasturias.com\/radio\/","name":"El Digital de Asturias","description":"Diario de informaci\u00f3n y noticias","inLanguage":"es-ES","publisher":{"@id":"https:\/\/eldigitaldeasturias.com\/radio\/#organization"}}]},"og:locale":"es_ES","og:site_name":"El Digital de Asturias | Diario de informaci\u00f3n y noticias","og:type":"article","og:title":"La Oficina de turismo de Avil\u00e9s recibe el \u2018Certificado de Turismo Seguro\u2019 | El Digital de Asturias","og:description":"(EUROPA PRESS) - La Oficina de Turismo de Avil\u00e9s ha recibido el 'Certificado de Turismo Seguro', otorgado por la Secretar\u00eda de Estado de Turismo y el Instituto para la Calidad Tur\u00edstica Espa\u00f1ola (ICTE) para la promoci\u00f3n tur\u00edstica de espacios seguros frente al COVID-19. Seg\u00fan ha informado el Ayuntamiento de la ciudad asturiana en nota de prensa,","og:url":"https:\/\/eldigitaldeasturias.com\/radio\/la-oficina-de-turismo-de-aviles-recibe-el-certificado-de-turismo-seguro\/","og:image":"https:\/\/eldigitaldeasturias.com\/radio\/wp-content\/uploads\/2020\/08\/holiday-2880261_640.jpg","og:image:secure_url":"https:\/\/eldigitaldeasturias.com\/radio\/wp-content\/uploads\/2020\/08\/holiday-2880261_640.jpg","og:image:width":640,"og:image:height":426,"article:published_time":"2020-08-24T02:32:21+00:00","article:modified_time":"2020-08-24T02:32:21+00:00","twitter:card":"summary_large_image","twitter:site":"@bercodi","twitter:title":"La Oficina de turismo de Avil\u00e9s recibe el \u2018Certificado de Turismo Seguro\u2019 | El Digital de Asturias","twitter:description":"(EUROPA PRESS) - La Oficina de Turismo de Avil\u00e9s ha recibido el 'Certificado de Turismo Seguro', otorgado por la Secretar\u00eda de Estado de Turismo y el Instituto para la Calidad Tur\u00edstica Espa\u00f1ola (ICTE) para la promoci\u00f3n tur\u00edstica de espacios seguros frente al COVID-19. Seg\u00fan ha informado el Ayuntamiento de la ciudad asturiana en nota de prensa,","twitter:creator":"@bercodi","twitter:image":"https:\/\/eldigitaldeasturias.com\/radio\/wp-content\/uploads\/2020\/08\/holiday-2880261_640.jpg"},"aioseo_meta_data":{"post_id":"4959","title":null,"description":"","keywords":"","keyphrases":null,"primary_term":null,"canonical_url":"","og_title":null,"og_description":null,"og_object_type":"default","og_image_type":"default","og_image_url":null,"og_image_width":null,"og_image_height":null,"og_image_custom_url":null,"og_image_custom_fields":null,"og_video":null,"og_custom_url":null,"og_article_section":null,"og_article_tags":null,"twitter_use_og":false,"twitter_card":"default","twitter_image_type":"default","twitter_image_url":null,"twitter_image_custom_url":null,"twitter_image_custom_fields":null,"twitter_title":null,"twitter_description":null,"schema":{"blockGraphs":[],"customGraphs":[],"default":{"data":{"Article":[],"Course":[],"Dataset":[],"FAQPage":[],"Movie":[],"Person":[],"Product":[],"ProductReview":[],"Car":[],"Recipe":[],"Service":[],"SoftwareApplication":[],"WebPage":[]},"graphName":"","isEnabled":true},"graphs":[],"defaultGraph":"","defaultPostTypeGraph":""},"schema_type":null,"schema_type_options":null,"pillar_content":false,"robots_default":true,"robots_noindex":false,"robots_noarchive":false,"robots_nosnippet":false,"robots_nofollow":false,"robots_noimageindex":false,"robots_noodp":false,"robots_notranslate":false,"robots_max_snippet":null,"robots_max_videopreview":null,"robots_max_imagepreview":"large","priority":null,"frequency":null,"location":null,"local_seo":null,"seo_analyzer_scan_date":"2025-08-28 16:59:33","breadcrumb_settings":null,"limit_modified_date":false,"open_ai":null,"ai":null,"created":"2021-03-25 11:08:57","updated":"2025-08-28 16:59:33"},"aioseo_breadcrumb":"<div class=\"aioseo-breadcrumbs\"><span class=\"aioseo-breadcrumb\">\n\t<a href=\"https:\/\/eldigitaldeasturias.com\/radio\" title=\"Inicio\">Inicio<\/a>\n<\/span><span class=\"aioseo-breadcrumb-separator\">&ndash;<\/span><span class=\"aioseo-breadcrumb\">\n\t<a href=\"https:\/\/eldigitaldeasturias.com\/radio\/category\/turismo\/\" title=\"Turismo\">Turismo<\/a>\n<\/span><span class=\"aioseo-breadcrumb-separator\">&ndash;<\/span><span class=\"aioseo-breadcrumb\">\n\tLa Oficina de turismo de Avil\u00e9s recibe el \u2018Certificado de Turismo Seguro\u2019\n<\/span><\/div>","aioseo_breadcrumb_json":[{"label":"Inicio","link":"https:\/\/eldigitaldeasturias.com\/radio"},{"label":"Turismo","link":"https:\/\/eldigitaldeasturias.com\/radio\/category\/turismo\/"},{"label":"La Oficina de turismo de Avil\u00e9s recibe el &#8216;Certificado de Turismo Seguro&#8217;","link":"https:\/\/eldigitaldeasturias.com\/radio\/la-oficina-de-turismo-de-aviles-recibe-el-certificado-de-turismo-seguro\/"}],"_links":{"self":[{"href":"https:\/\/eldigitaldeasturias.com\/radio\/wp-json\/wp\/v2\/posts\/4959","targetHints":{"allow":["GET"]}}],"collection":[{"href":"https:\/\/eldigitaldeasturias.com\/radio\/wp-json\/wp\/v2\/posts"}],"about":[{"href":"https:\/\/eldigitaldeasturias.com\/radio\/wp-json\/wp\/v2\/types\/post"}],"author":[{"embeddable":true,"href":"https:\/\/eldigitaldeasturias.com\/radio\/wp-json\/wp\/v2\/users\/1"}],"replies":[{"embeddable":true,"href":"https:\/\/eldigitaldeasturias.com\/radio\/wp-json\/wp\/v2\/comments?post=4959"}],"version-history":[{"count":0,"href":"https:\/\/eldigitaldeasturias.com\/radio\/wp-json\/wp\/v2\/posts\/4959\/revisions"}],"wp:featuredmedia":[{"embeddable":true,"href":"https:\/\/eldigitaldeasturias.com\/radio\/wp-json\/wp\/v2\/media\/4960"}],"wp:attachment":[{"href":"https:\/\/eldigitaldeasturias.com\/radio\/wp-json\/wp\/v2\/media?parent=4959"}],"wp:term":[{"taxonomy":"category","embeddable":true,"href":"https:\/\/eldigitaldeasturias.com\/radio\/wp-json\/wp\/v2\/categories?post=4959"},{"taxonomy":"post_tag","embeddable":true,"href":"https:\/\/eldigitaldeasturias.com\/radio\/wp-json\/wp\/v2\/tags?post=4959"}],"curies":[{"name":"wp","href":"https:\/\/api.w.org\/{rel}","templated":true}]}}