{"id":4956,"date":"2020-08-24T02:23:48","date_gmt":"2020-08-24T02:23:48","guid":{"rendered":"http:\/\/www.eldigitaldeasturias.com\/radio\/?p=4956"},"modified":"2020-08-24T02:23:48","modified_gmt":"2020-08-24T02:23:48","slug":"ultima-semana-para-reclamar-las-principales-acciones-de-banco-popular","status":"publish","type":"post","link":"https:\/\/eldigitaldeasturias.com\/radio\/ultima-semana-para-reclamar-las-principales-acciones-de-banco-popular\/","title":{"rendered":"\u00daltima semana para reclamar las principales acciones de Banco Popular"},"content":{"rendered":"<figure id=\"attachment_4957\" aria-describedby=\"caption-attachment-4957\" style=\"width: 360px\" class=\"wp-caption alignleft\"><img fetchpriority=\"high\" decoding=\"async\" class=\"size-medium wp-image-4957\" src=\"http:\/\/www.eldigitaldeasturias.com\/radio\/wp-content\/uploads\/2020\/08\/Popular-360x271.jpg\" alt=\"\" width=\"360\" height=\"271\" srcset=\"https:\/\/eldigitaldeasturias.com\/radio\/wp-content\/uploads\/2020\/08\/Popular-360x271.jpg 360w, https:\/\/eldigitaldeasturias.com\/radio\/wp-content\/uploads\/2020\/08\/Popular-768x578.jpg 768w, https:\/\/eldigitaldeasturias.com\/radio\/wp-content\/uploads\/2020\/08\/Popular.jpg 887w\" sizes=\"(max-width: 360px) 100vw, 360px\" \/><figcaption id=\"caption-attachment-4957\" class=\"wp-caption-text\">Banco Popular. &#8211; EUROPA PRESS<\/figcaption><\/figure>\n<p>(EUROPA PRESS) &#8211;\u00a0El plazo para reclamar los da\u00f1os y perjuicios sufridos por la amortizaci\u00f3n de los t\u00edtulos de Banco Popular tras la resoluci\u00f3n del banco y posterior venta a Banco Santander el 7 de junio de 2017 finalizar\u00e1 este viernes, 28 de agosto, tras haber sido extendido por la suspensi\u00f3n de plazos de prescripci\u00f3n y caducidad que supuso el decreto del estado de alarma por la pandemia del coronavirus en Espa\u00f1a.<\/p>\n<p>La ca\u00edda de Banco Popular provoc\u00f3 que los accionistas perdiesen todo el valor de sus inversiones. Las principales medidas para reclamar, como la acci\u00f3n indemnizatoria por responsabilidad del emisor y responsabilidad del folleto, prescriben a los tres a\u00f1os, es decir, que el plazo acababa el 7 de junio de 2020.<\/p>\n<p>Sin embargo, el real decreto por el que se declar\u00f3 el estado de alarma por la situaci\u00f3n excepcional como consecuencia del coronavirus confirm\u00f3 la suspensi\u00f3n de todos los plazos de prescripci\u00f3n y caducidad hasta el 4 de junio, por lo que todos los plazos de prescripci\u00f3n y caducidad se ampliaron en 82 d\u00edas.<\/p>\n<p>Por todo ello, esta es la \u00faltima semana que tienen aquellos afectados por la resoluci\u00f3n de Banco Popular que todav\u00eda no han iniciado acciones para reclamar sus inversiones.<\/p>\n<p>Desde R\u00faa Abogados, despacho que asesora a m\u00e1s de 9.000 afectados de Banco Popular, han se\u00f1alado que hay una diferencia entre las acciones adquiridas en la ampliaci\u00f3n de capital de 2012 y 2016 y los t\u00edtulos adquiridos fuera de las mismas, es decir, en el mercado secundario.<\/p>\n<p>El plazo para reclamar es diferente en ambos casos. En el primero, los afectados pueden ejercitar una acci\u00f3n de anulabilidad por error como vicio del consentimiento, cuyo plazo es de cuatro a\u00f1os, por lo que vence el 28 de agosto de 2021.<\/p>\n<p>Sin embargo, quienes adquirieron acciones en el mercado secundario pueden ejercitar una acci\u00f3n de responsabilidad, que prescribe a los tres a\u00f1os (este 28 de agosto de 2020). De no interrumpir el plazo de prescripci\u00f3n antes de que acabe la semana, no tendr\u00e1n otra acci\u00f3n que les asista.<\/p>\n<p>En este sentido, el despacho Unive Abogados ha llamado a los afectados a \u00abponer el contador a cero\u00bb con una reclamaci\u00f3n extrajudicial, que dar\u00eda tres a\u00f1os de plazo adicional para decidir si iniciar la v\u00eda judicial.<\/p>\n<p>Adem\u00e1s, el letrado de Unive Abogados Adri\u00e1n L\u00f3pez ha recordado a quienes adquirieron los t\u00edtulos directamente en las ampliaciones de capital de Banco Popular que pueden ejercitar ambas acciones: la de indemnizaci\u00f3n de los da\u00f1os y perjuicios (que prescribe este viernes) y la de anulabilidad por error como vicio del consentimiento (que caduca el pr\u00f3ximo a\u00f1o 2021).<\/p>\n<p>\u00abSi bien es cierto que hasta agosto del a\u00f1o pr\u00f3ximo podr\u00e1n ejercitar la acci\u00f3n anulatoria, si no se interrumpe la prescripci\u00f3n de la acci\u00f3n indemnizatoria perder\u00e1n esta acci\u00f3n\u00bb, ha advertido el abogado. Desde el despacho han apuntado que los afectados que cuentan con las dos acciones \u00abno deber\u00edan cerrarse puertas\u00bb, por lo que les recomiendan interrumpir la prescripci\u00f3n del plazo de tres a\u00f1os que marca la ley antes de que finalice esta semana.<\/p>\n","protected":false},"excerpt":{"rendered":"<p>(EUROPA PRESS) &#8211;\u00a0El plazo para reclamar los da\u00f1os y perjuicios sufridos por la amortizaci\u00f3n de los t\u00edtulos de Banco Popular tras la resoluci\u00f3n del banco y posterior venta a Banco Santander el 7 de junio de 2017 finalizar\u00e1 este viernes, 28 de agosto, tras haber sido extendido por la suspensi\u00f3n de plazos de prescripci\u00f3n y<\/p>\n","protected":false},"author":1,"featured_media":4957,"comment_status":"closed","ping_status":"closed","sticky":false,"template":"","format":"standard","meta":{"footnotes":""},"categories":[35],"tags":[],"class_list":{"0":"post-4956","1":"post","2":"type-post","3":"status-publish","4":"format-standard","5":"has-post-thumbnail","7":"category-negocios"},"aioseo_notices":[],"aioseo_head":"\n\t\t<!-- All in One SEO Pro 4.9.6.2 - aioseo.com -->\n\t<meta name=\"description\" content=\"(EUROPA PRESS) - El plazo para reclamar los da\u00f1os y perjuicios sufridos por la amortizaci\u00f3n de los t\u00edtulos de Banco Popular tras la resoluci\u00f3n del banco y posterior venta a Banco Santander el 7 de junio de 2017 finalizar\u00e1 este viernes, 28 de agosto, tras haber sido extendido por la suspensi\u00f3n de plazos de prescripci\u00f3n y\" \/>\n\t<meta name=\"robots\" content=\"max-image-preview:large\" \/>\n\t<meta name=\"author\" content=\"NBAsturias\"\/>\n\t<meta name=\"google-site-verification\" content=\"UA-38556648-1\" \/>\n\t<meta name=\"keywords\" content=\"negocios\" \/>\n\t<link rel=\"canonical\" href=\"https:\/\/eldigitaldeasturias.com\/radio\/ultima-semana-para-reclamar-las-principales-acciones-de-banco-popular\/\" \/>\n\t<meta name=\"generator\" content=\"All in One SEO Pro (AIOSEO) 4.9.6.2\" \/>\n\t\t<meta property=\"og:locale\" content=\"es_ES\" \/>\n\t\t<meta property=\"og:site_name\" content=\"El Digital de Asturias | Diario de informaci\u00f3n y noticias\" \/>\n\t\t<meta property=\"og:type\" content=\"article\" \/>\n\t\t<meta property=\"og:title\" content=\"\u00daltima semana para reclamar las principales acciones de Banco Popular | El Digital de Asturias\" \/>\n\t\t<meta property=\"og:description\" content=\"(EUROPA PRESS) - El plazo para reclamar los da\u00f1os y perjuicios sufridos por la amortizaci\u00f3n de los t\u00edtulos de Banco Popular tras la resoluci\u00f3n del banco y posterior venta a Banco Santander el 7 de junio de 2017 finalizar\u00e1 este viernes, 28 de agosto, tras haber sido extendido por la suspensi\u00f3n de plazos de prescripci\u00f3n y\" \/>\n\t\t<meta property=\"og:url\" content=\"https:\/\/eldigitaldeasturias.com\/radio\/ultima-semana-para-reclamar-las-principales-acciones-de-banco-popular\/\" \/>\n\t\t<meta property=\"og:image\" content=\"https:\/\/eldigitaldeasturias.com\/radio\/wp-content\/uploads\/2020\/08\/Popular.jpg\" \/>\n\t\t<meta property=\"og:image:secure_url\" content=\"https:\/\/eldigitaldeasturias.com\/radio\/wp-content\/uploads\/2020\/08\/Popular.jpg\" \/>\n\t\t<meta property=\"og:image:width\" content=\"887\" \/>\n\t\t<meta property=\"og:image:height\" content=\"668\" \/>\n\t\t<meta property=\"article:published_time\" content=\"2020-08-24T02:23:48+00:00\" \/>\n\t\t<meta property=\"article:modified_time\" content=\"2020-08-24T02:23:48+00:00\" \/>\n\t\t<meta name=\"twitter:card\" content=\"summary_large_image\" \/>\n\t\t<meta name=\"twitter:site\" content=\"@bercodi\" \/>\n\t\t<meta name=\"twitter:title\" content=\"\u00daltima semana para reclamar las principales acciones de Banco Popular | El Digital de Asturias\" \/>\n\t\t<meta name=\"twitter:description\" content=\"(EUROPA PRESS) - El plazo para reclamar los da\u00f1os y perjuicios sufridos por la amortizaci\u00f3n de los t\u00edtulos de Banco Popular tras la resoluci\u00f3n del banco y posterior venta a Banco Santander el 7 de junio de 2017 finalizar\u00e1 este viernes, 28 de agosto, tras haber sido extendido por la suspensi\u00f3n de plazos de prescripci\u00f3n y\" \/>\n\t\t<meta name=\"twitter:creator\" content=\"@bercodi\" \/>\n\t\t<meta name=\"twitter:image\" content=\"https:\/\/eldigitaldeasturias.com\/radio\/wp-content\/uploads\/2020\/08\/Popular.jpg\" \/>\n\t\t<script type=\"application\/ld+json\" class=\"aioseo-schema\">\n\t\t\t{\"@context\":\"https:\\\/\\\/schema.org\",\"@graph\":[{\"@type\":\"BreadcrumbList\",\"@id\":\"https:\\\/\\\/eldigitaldeasturias.com\\\/radio\\\/ultima-semana-para-reclamar-las-principales-acciones-de-banco-popular\\\/#breadcrumblist\",\"itemListElement\":[{\"@type\":\"ListItem\",\"@id\":\"https:\\\/\\\/eldigitaldeasturias.com\\\/radio#listItem\",\"position\":1,\"name\":\"Inicio\",\"item\":\"https:\\\/\\\/eldigitaldeasturias.com\\\/radio\",\"nextItem\":{\"@type\":\"ListItem\",\"@id\":\"https:\\\/\\\/eldigitaldeasturias.com\\\/radio\\\/category\\\/negocios\\\/#listItem\",\"name\":\"Negocios\"}},{\"@type\":\"ListItem\",\"@id\":\"https:\\\/\\\/eldigitaldeasturias.com\\\/radio\\\/category\\\/negocios\\\/#listItem\",\"position\":2,\"name\":\"Negocios\",\"item\":\"https:\\\/\\\/eldigitaldeasturias.com\\\/radio\\\/category\\\/negocios\\\/\",\"nextItem\":{\"@type\":\"ListItem\",\"@id\":\"https:\\\/\\\/eldigitaldeasturias.com\\\/radio\\\/ultima-semana-para-reclamar-las-principales-acciones-de-banco-popular\\\/#listItem\",\"name\":\"\\u00daltima semana para reclamar las principales acciones de Banco Popular\"},\"previousItem\":{\"@type\":\"ListItem\",\"@id\":\"https:\\\/\\\/eldigitaldeasturias.com\\\/radio#listItem\",\"name\":\"Inicio\"}},{\"@type\":\"ListItem\",\"@id\":\"https:\\\/\\\/eldigitaldeasturias.com\\\/radio\\\/ultima-semana-para-reclamar-las-principales-acciones-de-banco-popular\\\/#listItem\",\"position\":3,\"name\":\"\\u00daltima semana para reclamar las principales acciones de Banco Popular\",\"previousItem\":{\"@type\":\"ListItem\",\"@id\":\"https:\\\/\\\/eldigitaldeasturias.com\\\/radio\\\/category\\\/negocios\\\/#listItem\",\"name\":\"Negocios\"}}]},{\"@type\":\"NewsArticle\",\"@id\":\"https:\\\/\\\/eldigitaldeasturias.com\\\/radio\\\/ultima-semana-para-reclamar-las-principales-acciones-de-banco-popular\\\/#newsarticle\",\"name\":\"\\u00daltima semana para reclamar las principales acciones de Banco Popular | El Digital de Asturias\",\"headline\":\"\\u00daltima semana para reclamar las principales acciones de Banco Popular\",\"author\":{\"@id\":\"https:\\\/\\\/eldigitaldeasturias.com\\\/radio\\\/author\\\/nbasturias\\\/#author\"},\"publisher\":{\"@id\":\"https:\\\/\\\/eldigitaldeasturias.com\\\/radio\\\/#organization\"},\"image\":{\"@type\":\"ImageObject\",\"url\":\"https:\\\/\\\/eldigitaldeasturias.com\\\/radio\\\/wp-content\\\/uploads\\\/2020\\\/08\\\/Popular.jpg\",\"width\":887,\"height\":668,\"caption\":\"Banco Popular. - EUROPA PRESS\"},\"datePublished\":\"2020-08-24T02:23:48+02:00\",\"dateModified\":\"2020-08-24T02:23:48+02:00\",\"inLanguage\":\"es-ES\",\"mainEntityOfPage\":{\"@id\":\"https:\\\/\\\/eldigitaldeasturias.com\\\/radio\\\/ultima-semana-para-reclamar-las-principales-acciones-de-banco-popular\\\/#webpage\"},\"isPartOf\":{\"@id\":\"https:\\\/\\\/eldigitaldeasturias.com\\\/radio\\\/ultima-semana-para-reclamar-las-principales-acciones-de-banco-popular\\\/#webpage\"},\"articleSection\":\"Negocios\",\"dateline\":\"Publicado el agosto 24, 2020.\"},{\"@type\":\"Organization\",\"@id\":\"https:\\\/\\\/eldigitaldeasturias.com\\\/radio\\\/#organization\",\"name\":\"El digital de Asturias Radio\",\"description\":\"Diario de informaci\\u00f3n y noticias\",\"url\":\"https:\\\/\\\/eldigitaldeasturias.com\\\/radio\\\/\",\"telephone\":\"+34652131393\",\"logo\":{\"@type\":\"ImageObject\",\"url\":\"https:\\\/\\\/www.eldigitaldeasturias.com\\\/radio\\\/wp-content\\\/uploads\\\/2021\\\/03\\\/EDA.jpg\",\"@id\":\"https:\\\/\\\/eldigitaldeasturias.com\\\/radio\\\/ultima-semana-para-reclamar-las-principales-acciones-de-banco-popular\\\/#organizationLogo\"},\"image\":{\"@id\":\"https:\\\/\\\/eldigitaldeasturias.com\\\/radio\\\/ultima-semana-para-reclamar-las-principales-acciones-de-banco-popular\\\/#organizationLogo\"},\"sameAs\":[\"https:\\\/\\\/www.facebook.com\\\/\",\"https:\\\/\\\/x.com\\\/bercodi\",\"https:\\\/\\\/www.instagram.com\\\/\",\"https:\\\/\\\/www.youtube.com\\\/channel\\\/UCZP-2wLEB9Rv6erhFmqVnvg\"]},{\"@type\":\"Person\",\"@id\":\"https:\\\/\\\/eldigitaldeasturias.com\\\/radio\\\/author\\\/nbasturias\\\/#author\",\"url\":\"https:\\\/\\\/eldigitaldeasturias.com\\\/radio\\\/author\\\/nbasturias\\\/\",\"name\":\"NBAsturias\",\"image\":{\"@type\":\"ImageObject\",\"@id\":\"https:\\\/\\\/eldigitaldeasturias.com\\\/radio\\\/ultima-semana-para-reclamar-las-principales-acciones-de-banco-popular\\\/#authorImage\",\"url\":\"https:\\\/\\\/secure.gravatar.com\\\/avatar\\\/df2aeffc32bcd13f8d26072ef8a91b623d677766deac7f97ca815868cd41bf5e?s=96&d=mm&r=g\",\"width\":96,\"height\":96,\"caption\":\"NBAsturias\"}},{\"@type\":\"WebPage\",\"@id\":\"https:\\\/\\\/eldigitaldeasturias.com\\\/radio\\\/ultima-semana-para-reclamar-las-principales-acciones-de-banco-popular\\\/#webpage\",\"url\":\"https:\\\/\\\/eldigitaldeasturias.com\\\/radio\\\/ultima-semana-para-reclamar-las-principales-acciones-de-banco-popular\\\/\",\"name\":\"\\u00daltima semana para reclamar las principales acciones de Banco Popular | El Digital de Asturias\",\"description\":\"(EUROPA PRESS) - El plazo para reclamar los da\\u00f1os y perjuicios sufridos por la amortizaci\\u00f3n de los t\\u00edtulos de Banco Popular tras la resoluci\\u00f3n del banco y posterior venta a Banco Santander el 7 de junio de 2017 finalizar\\u00e1 este viernes, 28 de agosto, tras haber sido extendido por la suspensi\\u00f3n de plazos de prescripci\\u00f3n y\",\"inLanguage\":\"es-ES\",\"isPartOf\":{\"@id\":\"https:\\\/\\\/eldigitaldeasturias.com\\\/radio\\\/#website\"},\"breadcrumb\":{\"@id\":\"https:\\\/\\\/eldigitaldeasturias.com\\\/radio\\\/ultima-semana-para-reclamar-las-principales-acciones-de-banco-popular\\\/#breadcrumblist\"},\"author\":{\"@id\":\"https:\\\/\\\/eldigitaldeasturias.com\\\/radio\\\/author\\\/nbasturias\\\/#author\"},\"creator\":{\"@id\":\"https:\\\/\\\/eldigitaldeasturias.com\\\/radio\\\/author\\\/nbasturias\\\/#author\"},\"image\":{\"@type\":\"ImageObject\",\"url\":\"https:\\\/\\\/eldigitaldeasturias.com\\\/radio\\\/wp-content\\\/uploads\\\/2020\\\/08\\\/Popular.jpg\",\"@id\":\"https:\\\/\\\/eldigitaldeasturias.com\\\/radio\\\/ultima-semana-para-reclamar-las-principales-acciones-de-banco-popular\\\/#mainImage\",\"width\":887,\"height\":668,\"caption\":\"Banco Popular. - EUROPA PRESS\"},\"primaryImageOfPage\":{\"@id\":\"https:\\\/\\\/eldigitaldeasturias.com\\\/radio\\\/ultima-semana-para-reclamar-las-principales-acciones-de-banco-popular\\\/#mainImage\"},\"datePublished\":\"2020-08-24T02:23:48+02:00\",\"dateModified\":\"2020-08-24T02:23:48+02:00\"},{\"@type\":\"WebSite\",\"@id\":\"https:\\\/\\\/eldigitaldeasturias.com\\\/radio\\\/#website\",\"url\":\"https:\\\/\\\/eldigitaldeasturias.com\\\/radio\\\/\",\"name\":\"El Digital de Asturias\",\"description\":\"Diario de informaci\\u00f3n y noticias\",\"inLanguage\":\"es-ES\",\"publisher\":{\"@id\":\"https:\\\/\\\/eldigitaldeasturias.com\\\/radio\\\/#organization\"}}]}\n\t\t<\/script>\n\t\t<!-- All in One SEO Pro -->\r\n\t\t<title>\u00daltima semana para reclamar las principales acciones de Banco Popular | El Digital de Asturias<\/title>\n\n","aioseo_head_json":{"title":"\u00daltima semana para reclamar las principales acciones de Banco Popular | El Digital de Asturias","description":"(EUROPA PRESS) - El plazo para reclamar los da\u00f1os y perjuicios sufridos por la amortizaci\u00f3n de los t\u00edtulos de Banco Popular tras la resoluci\u00f3n del banco y posterior venta a Banco Santander el 7 de junio de 2017 finalizar\u00e1 este viernes, 28 de agosto, tras haber sido extendido por la suspensi\u00f3n de plazos de prescripci\u00f3n y","canonical_url":"https:\/\/eldigitaldeasturias.com\/radio\/ultima-semana-para-reclamar-las-principales-acciones-de-banco-popular\/","robots":"max-image-preview:large","keywords":"negocios","webmasterTools":{"google-site-verification":"UA-38556648-1","miscellaneous":""},"schema":{"@context":"https:\/\/schema.org","@graph":[{"@type":"BreadcrumbList","@id":"https:\/\/eldigitaldeasturias.com\/radio\/ultima-semana-para-reclamar-las-principales-acciones-de-banco-popular\/#breadcrumblist","itemListElement":[{"@type":"ListItem","@id":"https:\/\/eldigitaldeasturias.com\/radio#listItem","position":1,"name":"Inicio","item":"https:\/\/eldigitaldeasturias.com\/radio","nextItem":{"@type":"ListItem","@id":"https:\/\/eldigitaldeasturias.com\/radio\/category\/negocios\/#listItem","name":"Negocios"}},{"@type":"ListItem","@id":"https:\/\/eldigitaldeasturias.com\/radio\/category\/negocios\/#listItem","position":2,"name":"Negocios","item":"https:\/\/eldigitaldeasturias.com\/radio\/category\/negocios\/","nextItem":{"@type":"ListItem","@id":"https:\/\/eldigitaldeasturias.com\/radio\/ultima-semana-para-reclamar-las-principales-acciones-de-banco-popular\/#listItem","name":"\u00daltima semana para reclamar las principales acciones de Banco Popular"},"previousItem":{"@type":"ListItem","@id":"https:\/\/eldigitaldeasturias.com\/radio#listItem","name":"Inicio"}},{"@type":"ListItem","@id":"https:\/\/eldigitaldeasturias.com\/radio\/ultima-semana-para-reclamar-las-principales-acciones-de-banco-popular\/#listItem","position":3,"name":"\u00daltima semana para reclamar las principales acciones de Banco Popular","previousItem":{"@type":"ListItem","@id":"https:\/\/eldigitaldeasturias.com\/radio\/category\/negocios\/#listItem","name":"Negocios"}}]},{"@type":"NewsArticle","@id":"https:\/\/eldigitaldeasturias.com\/radio\/ultima-semana-para-reclamar-las-principales-acciones-de-banco-popular\/#newsarticle","name":"\u00daltima semana para reclamar las principales acciones de Banco Popular | El Digital de Asturias","headline":"\u00daltima semana para reclamar las principales acciones de Banco Popular","author":{"@id":"https:\/\/eldigitaldeasturias.com\/radio\/author\/nbasturias\/#author"},"publisher":{"@id":"https:\/\/eldigitaldeasturias.com\/radio\/#organization"},"image":{"@type":"ImageObject","url":"https:\/\/eldigitaldeasturias.com\/radio\/wp-content\/uploads\/2020\/08\/Popular.jpg","width":887,"height":668,"caption":"Banco Popular. - EUROPA PRESS"},"datePublished":"2020-08-24T02:23:48+02:00","dateModified":"2020-08-24T02:23:48+02:00","inLanguage":"es-ES","mainEntityOfPage":{"@id":"https:\/\/eldigitaldeasturias.com\/radio\/ultima-semana-para-reclamar-las-principales-acciones-de-banco-popular\/#webpage"},"isPartOf":{"@id":"https:\/\/eldigitaldeasturias.com\/radio\/ultima-semana-para-reclamar-las-principales-acciones-de-banco-popular\/#webpage"},"articleSection":"Negocios","dateline":"Publicado el agosto 24, 2020."},{"@type":"Organization","@id":"https:\/\/eldigitaldeasturias.com\/radio\/#organization","name":"El digital de Asturias Radio","description":"Diario de informaci\u00f3n y noticias","url":"https:\/\/eldigitaldeasturias.com\/radio\/","telephone":"+34652131393","logo":{"@type":"ImageObject","url":"https:\/\/www.eldigitaldeasturias.com\/radio\/wp-content\/uploads\/2021\/03\/EDA.jpg","@id":"https:\/\/eldigitaldeasturias.com\/radio\/ultima-semana-para-reclamar-las-principales-acciones-de-banco-popular\/#organizationLogo"},"image":{"@id":"https:\/\/eldigitaldeasturias.com\/radio\/ultima-semana-para-reclamar-las-principales-acciones-de-banco-popular\/#organizationLogo"},"sameAs":["https:\/\/www.facebook.com\/","https:\/\/x.com\/bercodi","https:\/\/www.instagram.com\/","https:\/\/www.youtube.com\/channel\/UCZP-2wLEB9Rv6erhFmqVnvg"]},{"@type":"Person","@id":"https:\/\/eldigitaldeasturias.com\/radio\/author\/nbasturias\/#author","url":"https:\/\/eldigitaldeasturias.com\/radio\/author\/nbasturias\/","name":"NBAsturias","image":{"@type":"ImageObject","@id":"https:\/\/eldigitaldeasturias.com\/radio\/ultima-semana-para-reclamar-las-principales-acciones-de-banco-popular\/#authorImage","url":"https:\/\/secure.gravatar.com\/avatar\/df2aeffc32bcd13f8d26072ef8a91b623d677766deac7f97ca815868cd41bf5e?s=96&d=mm&r=g","width":96,"height":96,"caption":"NBAsturias"}},{"@type":"WebPage","@id":"https:\/\/eldigitaldeasturias.com\/radio\/ultima-semana-para-reclamar-las-principales-acciones-de-banco-popular\/#webpage","url":"https:\/\/eldigitaldeasturias.com\/radio\/ultima-semana-para-reclamar-las-principales-acciones-de-banco-popular\/","name":"\u00daltima semana para reclamar las principales acciones de Banco Popular | El Digital de Asturias","description":"(EUROPA PRESS) - El plazo para reclamar los da\u00f1os y perjuicios sufridos por la amortizaci\u00f3n de los t\u00edtulos de Banco Popular tras la resoluci\u00f3n del banco y posterior venta a Banco Santander el 7 de junio de 2017 finalizar\u00e1 este viernes, 28 de agosto, tras haber sido extendido por la suspensi\u00f3n de plazos de prescripci\u00f3n y","inLanguage":"es-ES","isPartOf":{"@id":"https:\/\/eldigitaldeasturias.com\/radio\/#website"},"breadcrumb":{"@id":"https:\/\/eldigitaldeasturias.com\/radio\/ultima-semana-para-reclamar-las-principales-acciones-de-banco-popular\/#breadcrumblist"},"author":{"@id":"https:\/\/eldigitaldeasturias.com\/radio\/author\/nbasturias\/#author"},"creator":{"@id":"https:\/\/eldigitaldeasturias.com\/radio\/author\/nbasturias\/#author"},"image":{"@type":"ImageObject","url":"https:\/\/eldigitaldeasturias.com\/radio\/wp-content\/uploads\/2020\/08\/Popular.jpg","@id":"https:\/\/eldigitaldeasturias.com\/radio\/ultima-semana-para-reclamar-las-principales-acciones-de-banco-popular\/#mainImage","width":887,"height":668,"caption":"Banco Popular. - EUROPA PRESS"},"primaryImageOfPage":{"@id":"https:\/\/eldigitaldeasturias.com\/radio\/ultima-semana-para-reclamar-las-principales-acciones-de-banco-popular\/#mainImage"},"datePublished":"2020-08-24T02:23:48+02:00","dateModified":"2020-08-24T02:23:48+02:00"},{"@type":"WebSite","@id":"https:\/\/eldigitaldeasturias.com\/radio\/#website","url":"https:\/\/eldigitaldeasturias.com\/radio\/","name":"El Digital de Asturias","description":"Diario de informaci\u00f3n y noticias","inLanguage":"es-ES","publisher":{"@id":"https:\/\/eldigitaldeasturias.com\/radio\/#organization"}}]},"og:locale":"es_ES","og:site_name":"El Digital de Asturias | Diario de informaci\u00f3n y noticias","og:type":"article","og:title":"\u00daltima semana para reclamar las principales acciones de Banco Popular | El Digital de Asturias","og:description":"(EUROPA PRESS) - El plazo para reclamar los da\u00f1os y perjuicios sufridos por la amortizaci\u00f3n de los t\u00edtulos de Banco Popular tras la resoluci\u00f3n del banco y posterior venta a Banco Santander el 7 de junio de 2017 finalizar\u00e1 este viernes, 28 de agosto, tras haber sido extendido por la suspensi\u00f3n de plazos de prescripci\u00f3n y","og:url":"https:\/\/eldigitaldeasturias.com\/radio\/ultima-semana-para-reclamar-las-principales-acciones-de-banco-popular\/","og:image":"https:\/\/eldigitaldeasturias.com\/radio\/wp-content\/uploads\/2020\/08\/Popular.jpg","og:image:secure_url":"https:\/\/eldigitaldeasturias.com\/radio\/wp-content\/uploads\/2020\/08\/Popular.jpg","og:image:width":887,"og:image:height":668,"article:published_time":"2020-08-24T02:23:48+00:00","article:modified_time":"2020-08-24T02:23:48+00:00","twitter:card":"summary_large_image","twitter:site":"@bercodi","twitter:title":"\u00daltima semana para reclamar las principales acciones de Banco Popular | El Digital de Asturias","twitter:description":"(EUROPA PRESS) - El plazo para reclamar los da\u00f1os y perjuicios sufridos por la amortizaci\u00f3n de los t\u00edtulos de Banco Popular tras la resoluci\u00f3n del banco y posterior venta a Banco Santander el 7 de junio de 2017 finalizar\u00e1 este viernes, 28 de agosto, tras haber sido extendido por la suspensi\u00f3n de plazos de prescripci\u00f3n y","twitter:creator":"@bercodi","twitter:image":"https:\/\/eldigitaldeasturias.com\/radio\/wp-content\/uploads\/2020\/08\/Popular.jpg"},"aioseo_meta_data":{"post_id":"4956","title":null,"description":"","keywords":"","keyphrases":null,"primary_term":null,"canonical_url":"","og_title":null,"og_description":null,"og_object_type":"default","og_image_type":"default","og_image_url":null,"og_image_width":null,"og_image_height":null,"og_image_custom_url":null,"og_image_custom_fields":null,"og_video":null,"og_custom_url":null,"og_article_section":null,"og_article_tags":null,"twitter_use_og":false,"twitter_card":"default","twitter_image_type":"default","twitter_image_url":null,"twitter_image_custom_url":null,"twitter_image_custom_fields":null,"twitter_title":null,"twitter_description":null,"schema":{"blockGraphs":[],"customGraphs":[],"default":{"data":{"Article":[],"Course":[],"Dataset":[],"FAQPage":[],"Movie":[],"Person":[],"Product":[],"ProductReview":[],"Car":[],"Recipe":[],"Service":[],"SoftwareApplication":[],"WebPage":[]},"graphName":"","isEnabled":true},"graphs":[],"defaultGraph":"","defaultPostTypeGraph":""},"schema_type":null,"schema_type_options":null,"pillar_content":false,"robots_default":true,"robots_noindex":false,"robots_noarchive":false,"robots_nosnippet":false,"robots_nofollow":false,"robots_noimageindex":false,"robots_noodp":false,"robots_notranslate":false,"robots_max_snippet":null,"robots_max_videopreview":null,"robots_max_imagepreview":"large","priority":null,"frequency":null,"location":null,"local_seo":null,"seo_analyzer_scan_date":"2025-08-28 16:59:33","breadcrumb_settings":null,"limit_modified_date":false,"open_ai":null,"ai":null,"created":"2021-03-28 07:54:21","updated":"2025-08-28 16:59:33"},"aioseo_breadcrumb":"<div class=\"aioseo-breadcrumbs\"><span class=\"aioseo-breadcrumb\">\n\t<a href=\"https:\/\/eldigitaldeasturias.com\/radio\" title=\"Inicio\">Inicio<\/a>\n<\/span><span class=\"aioseo-breadcrumb-separator\">&ndash;<\/span><span class=\"aioseo-breadcrumb\">\n\t<a href=\"https:\/\/eldigitaldeasturias.com\/radio\/category\/negocios\/\" title=\"Negocios\">Negocios<\/a>\n<\/span><span class=\"aioseo-breadcrumb-separator\">&ndash;<\/span><span class=\"aioseo-breadcrumb\">\n\t\u00daltima semana para reclamar las principales acciones de Banco Popular\n<\/span><\/div>","aioseo_breadcrumb_json":[{"label":"Inicio","link":"https:\/\/eldigitaldeasturias.com\/radio"},{"label":"Negocios","link":"https:\/\/eldigitaldeasturias.com\/radio\/category\/negocios\/"},{"label":"\u00daltima semana para reclamar las principales acciones de Banco Popular","link":"https:\/\/eldigitaldeasturias.com\/radio\/ultima-semana-para-reclamar-las-principales-acciones-de-banco-popular\/"}],"_links":{"self":[{"href":"https:\/\/eldigitaldeasturias.com\/radio\/wp-json\/wp\/v2\/posts\/4956","targetHints":{"allow":["GET"]}}],"collection":[{"href":"https:\/\/eldigitaldeasturias.com\/radio\/wp-json\/wp\/v2\/posts"}],"about":[{"href":"https:\/\/eldigitaldeasturias.com\/radio\/wp-json\/wp\/v2\/types\/post"}],"author":[{"embeddable":true,"href":"https:\/\/eldigitaldeasturias.com\/radio\/wp-json\/wp\/v2\/users\/1"}],"replies":[{"embeddable":true,"href":"https:\/\/eldigitaldeasturias.com\/radio\/wp-json\/wp\/v2\/comments?post=4956"}],"version-history":[{"count":0,"href":"https:\/\/eldigitaldeasturias.com\/radio\/wp-json\/wp\/v2\/posts\/4956\/revisions"}],"wp:featuredmedia":[{"embeddable":true,"href":"https:\/\/eldigitaldeasturias.com\/radio\/wp-json\/wp\/v2\/media\/4957"}],"wp:attachment":[{"href":"https:\/\/eldigitaldeasturias.com\/radio\/wp-json\/wp\/v2\/media?parent=4956"}],"wp:term":[{"taxonomy":"category","embeddable":true,"href":"https:\/\/eldigitaldeasturias.com\/radio\/wp-json\/wp\/v2\/categories?post=4956"},{"taxonomy":"post_tag","embeddable":true,"href":"https:\/\/eldigitaldeasturias.com\/radio\/wp-json\/wp\/v2\/tags?post=4956"}],"curies":[{"name":"wp","href":"https:\/\/api.w.org\/{rel}","templated":true}]}}