{"id":4950,"date":"2020-08-24T02:15:15","date_gmt":"2020-08-24T02:15:15","guid":{"rendered":"http:\/\/www.eldigitaldeasturias.com\/radio\/?p=4950"},"modified":"2020-08-24T02:15:15","modified_gmt":"2020-08-24T02:15:15","slug":"cermi-reclama-primar-la-asistencia-fisica-de-alumnos-con-discapacidad-en-caso-de-una-vuelta-al-cole-semipresencial","status":"publish","type":"post","link":"https:\/\/eldigitaldeasturias.com\/radio\/cermi-reclama-primar-la-asistencia-fisica-de-alumnos-con-discapacidad-en-caso-de-una-vuelta-al-cole-semipresencial\/","title":{"rendered":"CERMI reclama primar la asistencia f\u00edsica de alumnos con discapacidad, en caso de una &#8216;vuelta al cole&#8217; semipresencial"},"content":{"rendered":"<figure id=\"attachment_4951\" aria-describedby=\"caption-attachment-4951\" style=\"width: 360px\" class=\"wp-caption alignleft\"><img fetchpriority=\"high\" decoding=\"async\" class=\"size-medium wp-image-4951\" src=\"http:\/\/www.eldigitaldeasturias.com\/radio\/wp-content\/uploads\/2020\/08\/colegio-Oviedo-360x270.jpg\" alt=\"\" width=\"360\" height=\"270\" srcset=\"https:\/\/eldigitaldeasturias.com\/radio\/wp-content\/uploads\/2020\/08\/colegio-Oviedo-360x270.jpg 360w, https:\/\/eldigitaldeasturias.com\/radio\/wp-content\/uploads\/2020\/08\/colegio-Oviedo-768x576.jpg 768w, https:\/\/eldigitaldeasturias.com\/radio\/wp-content\/uploads\/2020\/08\/colegio-Oviedo.jpg 882w\" sizes=\"(max-width: 360px) 100vw, 360px\" \/><figcaption id=\"caption-attachment-4951\" class=\"wp-caption-text\">Colegio en Oviedo &#8211; EUROPA PRESS<\/figcaption><\/figure>\n<p>(EUROPA PRESS) &#8211;\u00a0El Comit\u00e9 Espa\u00f1ol de Representantes de Personas con Discapacidad (CERMI) plantea que, en un escenario de &#8216;vuelta al cole&#8217; semipresencial, se prime la asistencia f\u00edsica de los menores con discapacidad \u00absiempre que la familia est\u00e9 de acuerdo\u00bb.<\/p>\n<p>Tanto en este caso, como en un hipot\u00e9tico nuevo cierre total de los centros, el CERMI cree que urge a garantizar el uso de dispositivos tecnol\u00f3gicos accesibles, incluyendo la creaci\u00f3n de bancos de pr\u00e9stamos; asegurar la accesibilidad de los canales, materiales y m\u00e9todos de evaluaci\u00f3n; e impulsar actividades de ocio online que favorezcan la interacci\u00f3n del alumnado con discapacidad con el resto de estudiantes.<\/p>\n<p>Estas son algunas de las propuestas que realiza la plataforma de cara al pr\u00f3ximo curso 2020-2021. \u00abEstamos en la duda, en la casi total incertidumbre de c\u00f3mo ser\u00e1 la vuelta al curso escolar. Si ser\u00e1 presencial, semipresencial o se mantendr\u00e1 la educaci\u00f3n, forzosamente, a distancia\u00bb, explica a Europa Press el presidente del CERMI, Luis Cayo P\u00e9rez.<\/p>\n<p>En este contexto, la Comisi\u00f3n de Educaci\u00f3n Inclusiva del CERMI ha elaborado un documento en el que formula una serie de propuestas para que, en el nuevo curso, \u00abse corrija esta situaci\u00f3n\u00bb que vivi\u00f3 el alumnado con discapacidad en los meses m\u00e1s duros de la pandemia del coronavirus.<\/p>\n<p>Seg\u00fan declara su presidente, el CERMI denuncia el \u00ababandono\u00bb que han sufrido los alumnos con discapacidad durante la pandemia, como consecuencia de la suspensi\u00f3n de las clases presenciales, de forma generalizada.<\/p>\n<p>\u00abEn estos meses de suspensi\u00f3n de actividades escolares y lectivas, hemos comprobado que el alumnado con discapacidad ha sufrido m\u00e1s intensamente esta anomal\u00eda, esta patolog\u00eda\u00bb, sostiene Luis Cayo P\u00e9rez, que recuerda que estos estudiantes \u00abnecesitan, en muchos casos, m\u00e1s apoyos docentes, psicol\u00f3gicos, psico-educativos y sociales, de los que se han visto privados\u00bb.<\/p>\n<p>Asimismo, el presidente de la plataforma hace hincapi\u00e9 en que esta situaci\u00f3n \u00abha supuesto un sobresfuerzo para las familias que ha tenido que atender y suplir, hasta donde han podido, la ausencia de apoyo educativo que se les ven\u00eda dando en las aulas\u00bb.<\/p>\n<p>En relaci\u00f3n con el inicio del nuevo curso, P\u00e9rez asegura que \u00abla desorientaci\u00f3n, la falta de informaci\u00f3n y de seguridad sobre lo que va a ocurrir en apenas unas semanas es absoluta\u00bb.<\/p>\n<p>Tambi\u00e9n opina que \u00abno hay un criterios uniformes\u00bb, sino unas directrices \u00ababsolutamente b\u00e1sicas\u00bb del Ministerio de Educaci\u00f3n, acordadas con las comunidades aut\u00f3nomas. \u00abSer\u00e1 cada CC.AA. la que decida, con la consiguiente incertidumbre de las familias, que no saben la situaci\u00f3n que tendr\u00e1n que afrontar, los recursos, si trastocar\u00e1 la situaci\u00f3n laboral familiar, si requerir\u00e1n apoyos que tendr\u00e1n que sufragar ellas mismas\u00bb, detalla el presidente del CERMI.<\/p>\n<p>EVITAR QUE EL ABANDONO \u00abNO SE RECRUDEZCA\u00bb<\/p>\n<p>Ante este escenario, Luis Cayo P\u00e9rez reclama que las propuestas de la plataforma sean tenidas en cuenta, para evitar que el abandono \u00abno se recrudezca\u00bb.<\/p>\n<p>En la modalidad presencial, la entidad pide que a comienzos del curso acad\u00e9mico se realice una evaluaci\u00f3n de la situaci\u00f3n de cada estudiante con discapacidad y que se atiendan los \u00abefectos perniciosos\u00bb que hayan podido producirse en los \u00faltimos meses de forma multidisciplinar (profesorado ordinario y personal especializado), atendiendo tambi\u00e9n a las familias.<\/p>\n<p>Por otro lado, insta a crear un cuerpo de profesores itinerantes para que ayuden presencialmente al alumnado con discapacidad que lo precise en su hogar en caso de un nuevo confinamiento, y reforzar la coordinaci\u00f3n entre profesorado, personal de apoyo, estudiante y familia.<\/p>\n<p>La sustituci\u00f3n inmediata del profesorado en caso de ausencia; mantener la implicaci\u00f3n del profesorado ordinario, sin que supla su papel el personal especializado de apoyo; ofrecer en formatos accesibles y comprensibles la informaci\u00f3n de lucha contra la pandemia y para evitar contagio de COVID-19; dar continuidad a la atenci\u00f3n individualizada, ya sea en ense\u00f1anza presencial u online, y atender las necesidades emocionales y de salud mental del alumnado y familias son otras demandas de la entidad.<\/p>\n<p>En materia de violencia, solicita reforzar los programas contra el acoso escolar; tener en cuenta la situaci\u00f3n de mayor vulnerabilidad de las ni\u00f1as y adolescentes; impulsar planes de lucha contra el suicidio; fortalecer las acciones para detectar y sensibilizar acerca de casos de violencia y abusos, ya sea en el entorno escolar, familiar y otros.<\/p>\n<p>Finalmente, pide la publicaci\u00f3n de gu\u00edas para la atenci\u00f3n a familias en situaci\u00f3n de vulnerabilidad, as\u00ed como planes de apoyo para el alumnado con discapacidad en todo el territorio espa\u00f1ol, teniendo en cuenta la coordinaci\u00f3n entre Estado, comunidades aut\u00f3nomas, profesorado, familias, alumnado y organizaciones de la discapacidad.<\/p>\n","protected":false},"excerpt":{"rendered":"<p>(EUROPA PRESS) &#8211;\u00a0El Comit\u00e9 Espa\u00f1ol de Representantes de Personas con Discapacidad (CERMI) plantea que, en un escenario de &#8216;vuelta al cole&#8217; semipresencial, se prime la asistencia f\u00edsica de los menores con discapacidad \u00absiempre que la familia est\u00e9 de acuerdo\u00bb. Tanto en este caso, como en un hipot\u00e9tico nuevo cierre total de los centros, el CERMI<\/p>\n","protected":false},"author":1,"featured_media":4951,"comment_status":"closed","ping_status":"closed","sticky":false,"template":"","format":"standard","meta":{"footnotes":""},"categories":[1],"tags":[],"class_list":{"0":"post-4950","1":"post","2":"type-post","3":"status-publish","4":"format-standard","5":"has-post-thumbnail","7":"category-noticias"},"aioseo_notices":[],"aioseo_head":"\n\t\t<!-- All in One SEO Pro 4.9.6.2 - aioseo.com -->\n\t<meta name=\"description\" content=\"(EUROPA PRESS) - El Comit\u00e9 Espa\u00f1ol de Representantes de Personas con Discapacidad (CERMI) plantea que, en un escenario de &#039;vuelta al cole&#039; semipresencial, se prime la asistencia f\u00edsica de los menores con discapacidad &quot;siempre que la familia est\u00e9 de acuerdo&quot;. Tanto en este caso, como en un hipot\u00e9tico nuevo cierre total de los centros, el CERMI\" \/>\n\t<meta name=\"robots\" content=\"max-image-preview:large\" \/>\n\t<meta name=\"author\" content=\"NBAsturias\"\/>\n\t<meta name=\"google-site-verification\" content=\"UA-38556648-1\" \/>\n\t<meta name=\"keywords\" content=\"noticias\" \/>\n\t<link rel=\"canonical\" href=\"https:\/\/eldigitaldeasturias.com\/radio\/cermi-reclama-primar-la-asistencia-fisica-de-alumnos-con-discapacidad-en-caso-de-una-vuelta-al-cole-semipresencial\/\" \/>\n\t<meta name=\"generator\" content=\"All in One SEO Pro (AIOSEO) 4.9.6.2\" \/>\n\t\t<meta property=\"og:locale\" content=\"es_ES\" \/>\n\t\t<meta property=\"og:site_name\" content=\"El Digital de Asturias | Diario de informaci\u00f3n y noticias\" \/>\n\t\t<meta property=\"og:type\" content=\"article\" \/>\n\t\t<meta property=\"og:title\" content=\"CERMI reclama primar la asistencia f\u00edsica de alumnos con discapacidad, en caso de una \u2018vuelta al cole\u2019 semipresencial | El Digital de Asturias\" \/>\n\t\t<meta property=\"og:description\" content=\"(EUROPA PRESS) - El Comit\u00e9 Espa\u00f1ol de Representantes de Personas con Discapacidad (CERMI) plantea que, en un escenario de &#039;vuelta al cole&#039; semipresencial, se prime la asistencia f\u00edsica de los menores con discapacidad &quot;siempre que la familia est\u00e9 de acuerdo&quot;. Tanto en este caso, como en un hipot\u00e9tico nuevo cierre total de los centros, el CERMI\" \/>\n\t\t<meta property=\"og:url\" content=\"https:\/\/eldigitaldeasturias.com\/radio\/cermi-reclama-primar-la-asistencia-fisica-de-alumnos-con-discapacidad-en-caso-de-una-vuelta-al-cole-semipresencial\/\" \/>\n\t\t<meta property=\"og:image\" content=\"https:\/\/eldigitaldeasturias.com\/radio\/wp-content\/uploads\/2020\/08\/colegio-Oviedo.jpg\" \/>\n\t\t<meta property=\"og:image:secure_url\" content=\"https:\/\/eldigitaldeasturias.com\/radio\/wp-content\/uploads\/2020\/08\/colegio-Oviedo.jpg\" \/>\n\t\t<meta property=\"og:image:width\" content=\"882\" \/>\n\t\t<meta property=\"og:image:height\" content=\"662\" \/>\n\t\t<meta property=\"article:published_time\" content=\"2020-08-24T02:15:15+00:00\" \/>\n\t\t<meta property=\"article:modified_time\" content=\"2020-08-24T02:15:15+00:00\" \/>\n\t\t<meta name=\"twitter:card\" content=\"summary_large_image\" \/>\n\t\t<meta name=\"twitter:site\" content=\"@bercodi\" \/>\n\t\t<meta name=\"twitter:title\" content=\"CERMI reclama primar la asistencia f\u00edsica de alumnos con discapacidad, en caso de una \u2018vuelta al cole\u2019 semipresencial | El Digital de Asturias\" \/>\n\t\t<meta name=\"twitter:description\" content=\"(EUROPA PRESS) - El Comit\u00e9 Espa\u00f1ol de Representantes de Personas con Discapacidad (CERMI) plantea que, en un escenario de &#039;vuelta al cole&#039; semipresencial, se prime la asistencia f\u00edsica de los menores con discapacidad &quot;siempre que la familia est\u00e9 de acuerdo&quot;. Tanto en este caso, como en un hipot\u00e9tico nuevo cierre total de los centros, el CERMI\" \/>\n\t\t<meta name=\"twitter:creator\" content=\"@bercodi\" \/>\n\t\t<meta name=\"twitter:image\" content=\"https:\/\/eldigitaldeasturias.com\/radio\/wp-content\/uploads\/2020\/08\/colegio-Oviedo.jpg\" \/>\n\t\t<script type=\"application\/ld+json\" class=\"aioseo-schema\">\n\t\t\t{\"@context\":\"https:\\\/\\\/schema.org\",\"@graph\":[{\"@type\":\"BreadcrumbList\",\"@id\":\"https:\\\/\\\/eldigitaldeasturias.com\\\/radio\\\/cermi-reclama-primar-la-asistencia-fisica-de-alumnos-con-discapacidad-en-caso-de-una-vuelta-al-cole-semipresencial\\\/#breadcrumblist\",\"itemListElement\":[{\"@type\":\"ListItem\",\"@id\":\"https:\\\/\\\/eldigitaldeasturias.com\\\/radio#listItem\",\"position\":1,\"name\":\"Inicio\",\"item\":\"https:\\\/\\\/eldigitaldeasturias.com\\\/radio\",\"nextItem\":{\"@type\":\"ListItem\",\"@id\":\"https:\\\/\\\/eldigitaldeasturias.com\\\/radio\\\/category\\\/noticias\\\/#listItem\",\"name\":\"Noticias\"}},{\"@type\":\"ListItem\",\"@id\":\"https:\\\/\\\/eldigitaldeasturias.com\\\/radio\\\/category\\\/noticias\\\/#listItem\",\"position\":2,\"name\":\"Noticias\",\"item\":\"https:\\\/\\\/eldigitaldeasturias.com\\\/radio\\\/category\\\/noticias\\\/\",\"nextItem\":{\"@type\":\"ListItem\",\"@id\":\"https:\\\/\\\/eldigitaldeasturias.com\\\/radio\\\/cermi-reclama-primar-la-asistencia-fisica-de-alumnos-con-discapacidad-en-caso-de-una-vuelta-al-cole-semipresencial\\\/#listItem\",\"name\":\"CERMI reclama primar la asistencia f\\u00edsica de alumnos con discapacidad, en caso de una &#8216;vuelta al cole&#8217; semipresencial\"},\"previousItem\":{\"@type\":\"ListItem\",\"@id\":\"https:\\\/\\\/eldigitaldeasturias.com\\\/radio#listItem\",\"name\":\"Inicio\"}},{\"@type\":\"ListItem\",\"@id\":\"https:\\\/\\\/eldigitaldeasturias.com\\\/radio\\\/cermi-reclama-primar-la-asistencia-fisica-de-alumnos-con-discapacidad-en-caso-de-una-vuelta-al-cole-semipresencial\\\/#listItem\",\"position\":3,\"name\":\"CERMI reclama primar la asistencia f\\u00edsica de alumnos con discapacidad, en caso de una &#8216;vuelta al cole&#8217; semipresencial\",\"previousItem\":{\"@type\":\"ListItem\",\"@id\":\"https:\\\/\\\/eldigitaldeasturias.com\\\/radio\\\/category\\\/noticias\\\/#listItem\",\"name\":\"Noticias\"}}]},{\"@type\":\"NewsArticle\",\"@id\":\"https:\\\/\\\/eldigitaldeasturias.com\\\/radio\\\/cermi-reclama-primar-la-asistencia-fisica-de-alumnos-con-discapacidad-en-caso-de-una-vuelta-al-cole-semipresencial\\\/#newsarticle\",\"name\":\"CERMI reclama primar la asistencia f\\u00edsica de alumnos con discapacidad, en caso de una \\u2018vuelta al cole\\u2019 semipresencial | El Digital de Asturias\",\"headline\":\"CERMI reclama primar la asistencia f\\u00edsica de alumnos con discapacidad, en caso de una &#8216;vuelta al cole&#8217; semipresencial\",\"author\":{\"@id\":\"https:\\\/\\\/eldigitaldeasturias.com\\\/radio\\\/author\\\/nbasturias\\\/#author\"},\"publisher\":{\"@id\":\"https:\\\/\\\/eldigitaldeasturias.com\\\/radio\\\/#organization\"},\"image\":{\"@type\":\"ImageObject\",\"url\":\"https:\\\/\\\/eldigitaldeasturias.com\\\/radio\\\/wp-content\\\/uploads\\\/2020\\\/08\\\/colegio-Oviedo.jpg\",\"width\":882,\"height\":662,\"caption\":\"Colegio en Oviedo - EUROPA PRESS\"},\"datePublished\":\"2020-08-24T02:15:15+02:00\",\"dateModified\":\"2020-08-24T02:15:15+02:00\",\"inLanguage\":\"es-ES\",\"mainEntityOfPage\":{\"@id\":\"https:\\\/\\\/eldigitaldeasturias.com\\\/radio\\\/cermi-reclama-primar-la-asistencia-fisica-de-alumnos-con-discapacidad-en-caso-de-una-vuelta-al-cole-semipresencial\\\/#webpage\"},\"isPartOf\":{\"@id\":\"https:\\\/\\\/eldigitaldeasturias.com\\\/radio\\\/cermi-reclama-primar-la-asistencia-fisica-de-alumnos-con-discapacidad-en-caso-de-una-vuelta-al-cole-semipresencial\\\/#webpage\"},\"articleSection\":\"Noticias\",\"dateline\":\"Publicado el agosto 24, 2020.\"},{\"@type\":\"Organization\",\"@id\":\"https:\\\/\\\/eldigitaldeasturias.com\\\/radio\\\/#organization\",\"name\":\"El digital de Asturias Radio\",\"description\":\"Diario de informaci\\u00f3n y noticias\",\"url\":\"https:\\\/\\\/eldigitaldeasturias.com\\\/radio\\\/\",\"telephone\":\"+34652131393\",\"logo\":{\"@type\":\"ImageObject\",\"url\":\"https:\\\/\\\/www.eldigitaldeasturias.com\\\/radio\\\/wp-content\\\/uploads\\\/2021\\\/03\\\/EDA.jpg\",\"@id\":\"https:\\\/\\\/eldigitaldeasturias.com\\\/radio\\\/cermi-reclama-primar-la-asistencia-fisica-de-alumnos-con-discapacidad-en-caso-de-una-vuelta-al-cole-semipresencial\\\/#organizationLogo\"},\"image\":{\"@id\":\"https:\\\/\\\/eldigitaldeasturias.com\\\/radio\\\/cermi-reclama-primar-la-asistencia-fisica-de-alumnos-con-discapacidad-en-caso-de-una-vuelta-al-cole-semipresencial\\\/#organizationLogo\"},\"sameAs\":[\"https:\\\/\\\/www.facebook.com\\\/\",\"https:\\\/\\\/x.com\\\/bercodi\",\"https:\\\/\\\/www.instagram.com\\\/\",\"https:\\\/\\\/www.youtube.com\\\/channel\\\/UCZP-2wLEB9Rv6erhFmqVnvg\"]},{\"@type\":\"Person\",\"@id\":\"https:\\\/\\\/eldigitaldeasturias.com\\\/radio\\\/author\\\/nbasturias\\\/#author\",\"url\":\"https:\\\/\\\/eldigitaldeasturias.com\\\/radio\\\/author\\\/nbasturias\\\/\",\"name\":\"NBAsturias\",\"image\":{\"@type\":\"ImageObject\",\"@id\":\"https:\\\/\\\/eldigitaldeasturias.com\\\/radio\\\/cermi-reclama-primar-la-asistencia-fisica-de-alumnos-con-discapacidad-en-caso-de-una-vuelta-al-cole-semipresencial\\\/#authorImage\",\"url\":\"https:\\\/\\\/secure.gravatar.com\\\/avatar\\\/df2aeffc32bcd13f8d26072ef8a91b623d677766deac7f97ca815868cd41bf5e?s=96&d=mm&r=g\",\"width\":96,\"height\":96,\"caption\":\"NBAsturias\"}},{\"@type\":\"WebPage\",\"@id\":\"https:\\\/\\\/eldigitaldeasturias.com\\\/radio\\\/cermi-reclama-primar-la-asistencia-fisica-de-alumnos-con-discapacidad-en-caso-de-una-vuelta-al-cole-semipresencial\\\/#webpage\",\"url\":\"https:\\\/\\\/eldigitaldeasturias.com\\\/radio\\\/cermi-reclama-primar-la-asistencia-fisica-de-alumnos-con-discapacidad-en-caso-de-una-vuelta-al-cole-semipresencial\\\/\",\"name\":\"CERMI reclama primar la asistencia f\\u00edsica de alumnos con discapacidad, en caso de una \\u2018vuelta al cole\\u2019 semipresencial | El Digital de Asturias\",\"description\":\"(EUROPA PRESS) - El Comit\\u00e9 Espa\\u00f1ol de Representantes de Personas con Discapacidad (CERMI) plantea que, en un escenario de 'vuelta al cole' semipresencial, se prime la asistencia f\\u00edsica de los menores con discapacidad \\\"siempre que la familia est\\u00e9 de acuerdo\\\". Tanto en este caso, como en un hipot\\u00e9tico nuevo cierre total de los centros, el CERMI\",\"inLanguage\":\"es-ES\",\"isPartOf\":{\"@id\":\"https:\\\/\\\/eldigitaldeasturias.com\\\/radio\\\/#website\"},\"breadcrumb\":{\"@id\":\"https:\\\/\\\/eldigitaldeasturias.com\\\/radio\\\/cermi-reclama-primar-la-asistencia-fisica-de-alumnos-con-discapacidad-en-caso-de-una-vuelta-al-cole-semipresencial\\\/#breadcrumblist\"},\"author\":{\"@id\":\"https:\\\/\\\/eldigitaldeasturias.com\\\/radio\\\/author\\\/nbasturias\\\/#author\"},\"creator\":{\"@id\":\"https:\\\/\\\/eldigitaldeasturias.com\\\/radio\\\/author\\\/nbasturias\\\/#author\"},\"image\":{\"@type\":\"ImageObject\",\"url\":\"https:\\\/\\\/eldigitaldeasturias.com\\\/radio\\\/wp-content\\\/uploads\\\/2020\\\/08\\\/colegio-Oviedo.jpg\",\"@id\":\"https:\\\/\\\/eldigitaldeasturias.com\\\/radio\\\/cermi-reclama-primar-la-asistencia-fisica-de-alumnos-con-discapacidad-en-caso-de-una-vuelta-al-cole-semipresencial\\\/#mainImage\",\"width\":882,\"height\":662,\"caption\":\"Colegio en Oviedo - EUROPA PRESS\"},\"primaryImageOfPage\":{\"@id\":\"https:\\\/\\\/eldigitaldeasturias.com\\\/radio\\\/cermi-reclama-primar-la-asistencia-fisica-de-alumnos-con-discapacidad-en-caso-de-una-vuelta-al-cole-semipresencial\\\/#mainImage\"},\"datePublished\":\"2020-08-24T02:15:15+02:00\",\"dateModified\":\"2020-08-24T02:15:15+02:00\"},{\"@type\":\"WebSite\",\"@id\":\"https:\\\/\\\/eldigitaldeasturias.com\\\/radio\\\/#website\",\"url\":\"https:\\\/\\\/eldigitaldeasturias.com\\\/radio\\\/\",\"name\":\"El Digital de Asturias\",\"description\":\"Diario de informaci\\u00f3n y noticias\",\"inLanguage\":\"es-ES\",\"publisher\":{\"@id\":\"https:\\\/\\\/eldigitaldeasturias.com\\\/radio\\\/#organization\"}}]}\n\t\t<\/script>\n\t\t<!-- All in One SEO Pro -->\r\n\t\t<title>CERMI reclama primar la asistencia f\u00edsica de alumnos con discapacidad, en caso de una \u2018vuelta al cole\u2019 semipresencial | El Digital de Asturias<\/title>\n\n","aioseo_head_json":{"title":"CERMI reclama primar la asistencia f\u00edsica de alumnos con discapacidad, en caso de una \u2018vuelta al cole\u2019 semipresencial | El Digital de Asturias","description":"(EUROPA PRESS) - El Comit\u00e9 Espa\u00f1ol de Representantes de Personas con Discapacidad (CERMI) plantea que, en un escenario de 'vuelta al cole' semipresencial, se prime la asistencia f\u00edsica de los menores con discapacidad \"siempre que la familia est\u00e9 de acuerdo\". Tanto en este caso, como en un hipot\u00e9tico nuevo cierre total de los centros, el CERMI","canonical_url":"https:\/\/eldigitaldeasturias.com\/radio\/cermi-reclama-primar-la-asistencia-fisica-de-alumnos-con-discapacidad-en-caso-de-una-vuelta-al-cole-semipresencial\/","robots":"max-image-preview:large","keywords":"noticias","webmasterTools":{"google-site-verification":"UA-38556648-1","miscellaneous":""},"schema":{"@context":"https:\/\/schema.org","@graph":[{"@type":"BreadcrumbList","@id":"https:\/\/eldigitaldeasturias.com\/radio\/cermi-reclama-primar-la-asistencia-fisica-de-alumnos-con-discapacidad-en-caso-de-una-vuelta-al-cole-semipresencial\/#breadcrumblist","itemListElement":[{"@type":"ListItem","@id":"https:\/\/eldigitaldeasturias.com\/radio#listItem","position":1,"name":"Inicio","item":"https:\/\/eldigitaldeasturias.com\/radio","nextItem":{"@type":"ListItem","@id":"https:\/\/eldigitaldeasturias.com\/radio\/category\/noticias\/#listItem","name":"Noticias"}},{"@type":"ListItem","@id":"https:\/\/eldigitaldeasturias.com\/radio\/category\/noticias\/#listItem","position":2,"name":"Noticias","item":"https:\/\/eldigitaldeasturias.com\/radio\/category\/noticias\/","nextItem":{"@type":"ListItem","@id":"https:\/\/eldigitaldeasturias.com\/radio\/cermi-reclama-primar-la-asistencia-fisica-de-alumnos-con-discapacidad-en-caso-de-una-vuelta-al-cole-semipresencial\/#listItem","name":"CERMI reclama primar la asistencia f\u00edsica de alumnos con discapacidad, en caso de una &#8216;vuelta al cole&#8217; semipresencial"},"previousItem":{"@type":"ListItem","@id":"https:\/\/eldigitaldeasturias.com\/radio#listItem","name":"Inicio"}},{"@type":"ListItem","@id":"https:\/\/eldigitaldeasturias.com\/radio\/cermi-reclama-primar-la-asistencia-fisica-de-alumnos-con-discapacidad-en-caso-de-una-vuelta-al-cole-semipresencial\/#listItem","position":3,"name":"CERMI reclama primar la asistencia f\u00edsica de alumnos con discapacidad, en caso de una &#8216;vuelta al cole&#8217; semipresencial","previousItem":{"@type":"ListItem","@id":"https:\/\/eldigitaldeasturias.com\/radio\/category\/noticias\/#listItem","name":"Noticias"}}]},{"@type":"NewsArticle","@id":"https:\/\/eldigitaldeasturias.com\/radio\/cermi-reclama-primar-la-asistencia-fisica-de-alumnos-con-discapacidad-en-caso-de-una-vuelta-al-cole-semipresencial\/#newsarticle","name":"CERMI reclama primar la asistencia f\u00edsica de alumnos con discapacidad, en caso de una \u2018vuelta al cole\u2019 semipresencial | El Digital de Asturias","headline":"CERMI reclama primar la asistencia f\u00edsica de alumnos con discapacidad, en caso de una &#8216;vuelta al cole&#8217; semipresencial","author":{"@id":"https:\/\/eldigitaldeasturias.com\/radio\/author\/nbasturias\/#author"},"publisher":{"@id":"https:\/\/eldigitaldeasturias.com\/radio\/#organization"},"image":{"@type":"ImageObject","url":"https:\/\/eldigitaldeasturias.com\/radio\/wp-content\/uploads\/2020\/08\/colegio-Oviedo.jpg","width":882,"height":662,"caption":"Colegio en Oviedo - EUROPA PRESS"},"datePublished":"2020-08-24T02:15:15+02:00","dateModified":"2020-08-24T02:15:15+02:00","inLanguage":"es-ES","mainEntityOfPage":{"@id":"https:\/\/eldigitaldeasturias.com\/radio\/cermi-reclama-primar-la-asistencia-fisica-de-alumnos-con-discapacidad-en-caso-de-una-vuelta-al-cole-semipresencial\/#webpage"},"isPartOf":{"@id":"https:\/\/eldigitaldeasturias.com\/radio\/cermi-reclama-primar-la-asistencia-fisica-de-alumnos-con-discapacidad-en-caso-de-una-vuelta-al-cole-semipresencial\/#webpage"},"articleSection":"Noticias","dateline":"Publicado el agosto 24, 2020."},{"@type":"Organization","@id":"https:\/\/eldigitaldeasturias.com\/radio\/#organization","name":"El digital de Asturias Radio","description":"Diario de informaci\u00f3n y noticias","url":"https:\/\/eldigitaldeasturias.com\/radio\/","telephone":"+34652131393","logo":{"@type":"ImageObject","url":"https:\/\/www.eldigitaldeasturias.com\/radio\/wp-content\/uploads\/2021\/03\/EDA.jpg","@id":"https:\/\/eldigitaldeasturias.com\/radio\/cermi-reclama-primar-la-asistencia-fisica-de-alumnos-con-discapacidad-en-caso-de-una-vuelta-al-cole-semipresencial\/#organizationLogo"},"image":{"@id":"https:\/\/eldigitaldeasturias.com\/radio\/cermi-reclama-primar-la-asistencia-fisica-de-alumnos-con-discapacidad-en-caso-de-una-vuelta-al-cole-semipresencial\/#organizationLogo"},"sameAs":["https:\/\/www.facebook.com\/","https:\/\/x.com\/bercodi","https:\/\/www.instagram.com\/","https:\/\/www.youtube.com\/channel\/UCZP-2wLEB9Rv6erhFmqVnvg"]},{"@type":"Person","@id":"https:\/\/eldigitaldeasturias.com\/radio\/author\/nbasturias\/#author","url":"https:\/\/eldigitaldeasturias.com\/radio\/author\/nbasturias\/","name":"NBAsturias","image":{"@type":"ImageObject","@id":"https:\/\/eldigitaldeasturias.com\/radio\/cermi-reclama-primar-la-asistencia-fisica-de-alumnos-con-discapacidad-en-caso-de-una-vuelta-al-cole-semipresencial\/#authorImage","url":"https:\/\/secure.gravatar.com\/avatar\/df2aeffc32bcd13f8d26072ef8a91b623d677766deac7f97ca815868cd41bf5e?s=96&d=mm&r=g","width":96,"height":96,"caption":"NBAsturias"}},{"@type":"WebPage","@id":"https:\/\/eldigitaldeasturias.com\/radio\/cermi-reclama-primar-la-asistencia-fisica-de-alumnos-con-discapacidad-en-caso-de-una-vuelta-al-cole-semipresencial\/#webpage","url":"https:\/\/eldigitaldeasturias.com\/radio\/cermi-reclama-primar-la-asistencia-fisica-de-alumnos-con-discapacidad-en-caso-de-una-vuelta-al-cole-semipresencial\/","name":"CERMI reclama primar la asistencia f\u00edsica de alumnos con discapacidad, en caso de una \u2018vuelta al cole\u2019 semipresencial | El Digital de Asturias","description":"(EUROPA PRESS) - El Comit\u00e9 Espa\u00f1ol de Representantes de Personas con Discapacidad (CERMI) plantea que, en un escenario de 'vuelta al cole' semipresencial, se prime la asistencia f\u00edsica de los menores con discapacidad \"siempre que la familia est\u00e9 de acuerdo\". Tanto en este caso, como en un hipot\u00e9tico nuevo cierre total de los centros, el CERMI","inLanguage":"es-ES","isPartOf":{"@id":"https:\/\/eldigitaldeasturias.com\/radio\/#website"},"breadcrumb":{"@id":"https:\/\/eldigitaldeasturias.com\/radio\/cermi-reclama-primar-la-asistencia-fisica-de-alumnos-con-discapacidad-en-caso-de-una-vuelta-al-cole-semipresencial\/#breadcrumblist"},"author":{"@id":"https:\/\/eldigitaldeasturias.com\/radio\/author\/nbasturias\/#author"},"creator":{"@id":"https:\/\/eldigitaldeasturias.com\/radio\/author\/nbasturias\/#author"},"image":{"@type":"ImageObject","url":"https:\/\/eldigitaldeasturias.com\/radio\/wp-content\/uploads\/2020\/08\/colegio-Oviedo.jpg","@id":"https:\/\/eldigitaldeasturias.com\/radio\/cermi-reclama-primar-la-asistencia-fisica-de-alumnos-con-discapacidad-en-caso-de-una-vuelta-al-cole-semipresencial\/#mainImage","width":882,"height":662,"caption":"Colegio en Oviedo - EUROPA PRESS"},"primaryImageOfPage":{"@id":"https:\/\/eldigitaldeasturias.com\/radio\/cermi-reclama-primar-la-asistencia-fisica-de-alumnos-con-discapacidad-en-caso-de-una-vuelta-al-cole-semipresencial\/#mainImage"},"datePublished":"2020-08-24T02:15:15+02:00","dateModified":"2020-08-24T02:15:15+02:00"},{"@type":"WebSite","@id":"https:\/\/eldigitaldeasturias.com\/radio\/#website","url":"https:\/\/eldigitaldeasturias.com\/radio\/","name":"El Digital de Asturias","description":"Diario de informaci\u00f3n y noticias","inLanguage":"es-ES","publisher":{"@id":"https:\/\/eldigitaldeasturias.com\/radio\/#organization"}}]},"og:locale":"es_ES","og:site_name":"El Digital de Asturias | Diario de informaci\u00f3n y noticias","og:type":"article","og:title":"CERMI reclama primar la asistencia f\u00edsica de alumnos con discapacidad, en caso de una \u2018vuelta al cole\u2019 semipresencial | El Digital de Asturias","og:description":"(EUROPA PRESS) - El Comit\u00e9 Espa\u00f1ol de Representantes de Personas con Discapacidad (CERMI) plantea que, en un escenario de 'vuelta al cole' semipresencial, se prime la asistencia f\u00edsica de los menores con discapacidad &quot;siempre que la familia est\u00e9 de acuerdo&quot;. Tanto en este caso, como en un hipot\u00e9tico nuevo cierre total de los centros, el CERMI","og:url":"https:\/\/eldigitaldeasturias.com\/radio\/cermi-reclama-primar-la-asistencia-fisica-de-alumnos-con-discapacidad-en-caso-de-una-vuelta-al-cole-semipresencial\/","og:image":"https:\/\/eldigitaldeasturias.com\/radio\/wp-content\/uploads\/2020\/08\/colegio-Oviedo.jpg","og:image:secure_url":"https:\/\/eldigitaldeasturias.com\/radio\/wp-content\/uploads\/2020\/08\/colegio-Oviedo.jpg","og:image:width":882,"og:image:height":662,"article:published_time":"2020-08-24T02:15:15+00:00","article:modified_time":"2020-08-24T02:15:15+00:00","twitter:card":"summary_large_image","twitter:site":"@bercodi","twitter:title":"CERMI reclama primar la asistencia f\u00edsica de alumnos con discapacidad, en caso de una \u2018vuelta al cole\u2019 semipresencial | El Digital de Asturias","twitter:description":"(EUROPA PRESS) - El Comit\u00e9 Espa\u00f1ol de Representantes de Personas con Discapacidad (CERMI) plantea que, en un escenario de 'vuelta al cole' semipresencial, se prime la asistencia f\u00edsica de los menores con discapacidad &quot;siempre que la familia est\u00e9 de acuerdo&quot;. Tanto en este caso, como en un hipot\u00e9tico nuevo cierre total de los centros, el CERMI","twitter:creator":"@bercodi","twitter:image":"https:\/\/eldigitaldeasturias.com\/radio\/wp-content\/uploads\/2020\/08\/colegio-Oviedo.jpg"},"aioseo_meta_data":{"post_id":"4950","title":null,"description":"","keywords":"","keyphrases":null,"primary_term":null,"canonical_url":"","og_title":null,"og_description":null,"og_object_type":"default","og_image_type":"default","og_image_url":null,"og_image_width":null,"og_image_height":null,"og_image_custom_url":null,"og_image_custom_fields":null,"og_video":null,"og_custom_url":null,"og_article_section":null,"og_article_tags":null,"twitter_use_og":false,"twitter_card":"default","twitter_image_type":"default","twitter_image_url":null,"twitter_image_custom_url":null,"twitter_image_custom_fields":null,"twitter_title":null,"twitter_description":null,"schema":{"blockGraphs":[],"customGraphs":[],"default":{"data":{"Article":[],"Course":[],"Dataset":[],"FAQPage":[],"Movie":[],"Person":[],"Product":[],"ProductReview":[],"Car":[],"Recipe":[],"Service":[],"SoftwareApplication":[],"WebPage":[]},"graphName":"","isEnabled":true},"graphs":[],"defaultGraph":"","defaultPostTypeGraph":""},"schema_type":null,"schema_type_options":null,"pillar_content":false,"robots_default":true,"robots_noindex":false,"robots_noarchive":false,"robots_nosnippet":false,"robots_nofollow":false,"robots_noimageindex":false,"robots_noodp":false,"robots_notranslate":false,"robots_max_snippet":null,"robots_max_videopreview":null,"robots_max_imagepreview":"large","priority":null,"frequency":null,"location":null,"local_seo":null,"seo_analyzer_scan_date":"2025-08-28 16:59:31","breadcrumb_settings":null,"limit_modified_date":false,"open_ai":null,"ai":null,"created":"2021-03-25 20:31:59","updated":"2025-08-28 16:59:31"},"aioseo_breadcrumb":"<div class=\"aioseo-breadcrumbs\"><span class=\"aioseo-breadcrumb\">\n\t<a href=\"https:\/\/eldigitaldeasturias.com\/radio\" title=\"Inicio\">Inicio<\/a>\n<\/span><span class=\"aioseo-breadcrumb-separator\">&ndash;<\/span><span class=\"aioseo-breadcrumb\">\n\t<a href=\"https:\/\/eldigitaldeasturias.com\/radio\/category\/noticias\/\" title=\"Noticias\">Noticias<\/a>\n<\/span><span class=\"aioseo-breadcrumb-separator\">&ndash;<\/span><span class=\"aioseo-breadcrumb\">\n\tCERMI reclama primar la asistencia f\u00edsica de alumnos con discapacidad, en caso de una \u2018vuelta al cole\u2019 semipresencial\n<\/span><\/div>","aioseo_breadcrumb_json":[{"label":"Inicio","link":"https:\/\/eldigitaldeasturias.com\/radio"},{"label":"Noticias","link":"https:\/\/eldigitaldeasturias.com\/radio\/category\/noticias\/"},{"label":"CERMI reclama primar la asistencia f\u00edsica de alumnos con discapacidad, en caso de una &#8216;vuelta al cole&#8217; semipresencial","link":"https:\/\/eldigitaldeasturias.com\/radio\/cermi-reclama-primar-la-asistencia-fisica-de-alumnos-con-discapacidad-en-caso-de-una-vuelta-al-cole-semipresencial\/"}],"_links":{"self":[{"href":"https:\/\/eldigitaldeasturias.com\/radio\/wp-json\/wp\/v2\/posts\/4950","targetHints":{"allow":["GET"]}}],"collection":[{"href":"https:\/\/eldigitaldeasturias.com\/radio\/wp-json\/wp\/v2\/posts"}],"about":[{"href":"https:\/\/eldigitaldeasturias.com\/radio\/wp-json\/wp\/v2\/types\/post"}],"author":[{"embeddable":true,"href":"https:\/\/eldigitaldeasturias.com\/radio\/wp-json\/wp\/v2\/users\/1"}],"replies":[{"embeddable":true,"href":"https:\/\/eldigitaldeasturias.com\/radio\/wp-json\/wp\/v2\/comments?post=4950"}],"version-history":[{"count":0,"href":"https:\/\/eldigitaldeasturias.com\/radio\/wp-json\/wp\/v2\/posts\/4950\/revisions"}],"wp:featuredmedia":[{"embeddable":true,"href":"https:\/\/eldigitaldeasturias.com\/radio\/wp-json\/wp\/v2\/media\/4951"}],"wp:attachment":[{"href":"https:\/\/eldigitaldeasturias.com\/radio\/wp-json\/wp\/v2\/media?parent=4950"}],"wp:term":[{"taxonomy":"category","embeddable":true,"href":"https:\/\/eldigitaldeasturias.com\/radio\/wp-json\/wp\/v2\/categories?post=4950"},{"taxonomy":"post_tag","embeddable":true,"href":"https:\/\/eldigitaldeasturias.com\/radio\/wp-json\/wp\/v2\/tags?post=4950"}],"curies":[{"name":"wp","href":"https:\/\/api.w.org\/{rel}","templated":true}]}}