{"id":4940,"date":"2020-08-24T01:07:34","date_gmt":"2020-08-24T01:07:34","guid":{"rendered":"http:\/\/www.eldigitaldeasturias.com\/radio\/?p=4940"},"modified":"2020-08-24T01:07:34","modified_gmt":"2020-08-24T01:07:34","slug":"finalizan-las-visitas-guiadas-al-museo-evaristo-valle","status":"publish","type":"post","link":"https:\/\/eldigitaldeasturias.com\/radio\/finalizan-las-visitas-guiadas-al-museo-evaristo-valle\/","title":{"rendered":"Finalizan las visitas guiadas al Museo Evaristo Valle"},"content":{"rendered":"<figure id=\"attachment_4941\" aria-describedby=\"caption-attachment-4941\" style=\"width: 360px\" class=\"wp-caption alignleft\"><img fetchpriority=\"high\" decoding=\"async\" class=\"size-medium wp-image-4941\" src=\"http:\/\/www.eldigitaldeasturias.com\/radio\/wp-content\/uploads\/2020\/08\/Museo-Evaristo-Valle-360x257.jpg\" alt=\"\" width=\"360\" height=\"257\" srcset=\"https:\/\/eldigitaldeasturias.com\/radio\/wp-content\/uploads\/2020\/08\/Museo-Evaristo-Valle-360x257.jpg 360w, https:\/\/eldigitaldeasturias.com\/radio\/wp-content\/uploads\/2020\/08\/Museo-Evaristo-Valle.jpg 733w\" sizes=\"(max-width: 360px) 100vw, 360px\" \/><figcaption id=\"caption-attachment-4941\" class=\"wp-caption-text\">Jardines del Museo Evaristo Valle. &#8211; MUSEO EVARISTO VALLE<\/figcaption><\/figure>\n<p>(EUROPA PRESS) &#8211;\u00a0Las visitas guiadas al Museo Evaristo Valle de Gij\u00f3n finalizar\u00e1n este fin de semana tras dos meses de actividad. Bajo el t\u00edtulo de &#8216;Descubre&#8230;&#8217;, se abrieron las puertas de los jardines hist\u00f3ricos y se acerc\u00f3 al p\u00fablico a la obra de Evaristo Valle de la mano de Jorge Mola, educador del Museo.<\/p>\n<p>Seg\u00fan ha informado en nota de prensa el Museo, las visitas han tenido \u00abgran acogida\u00bb por parte del p\u00fablico y para este fin de semana ya solo hay plazas disponibles para la visita de este s\u00e1bado.<\/p>\n<p>La actividad de este s\u00e1bado, que comienza a las 18.30 horas, contempla el recorrido de los 16.000 metros cuadrados de los jardines hist\u00f3ricos en el que se dar\u00e1n a conocer algunas de sus m\u00e1s de cien especies de \u00e1rboles y arbustos. El aforo est\u00e1 limitado a un m\u00e1ximo de 15 personas.<\/p>\n<p>Este domingo, a las 12.30 horas, se realizar\u00e1 una visita en la que se acercar\u00e1 al p\u00fablico a la vida y obra del pintor asturiano, as\u00ed como las etapas de su trayectoria o su relaci\u00f3n con otros artistas.<\/p>\n<p>Durante las visitas se cumplir\u00e1n \u00abestrictamente\u00bb todos los protocolos que garanticen la seguridad y protecci\u00f3n tanto de los visitantes como del personal del Museo, siendo imprescindible el uso de mascarilla y aforos limitados a 10 o 15 personas dependiendo de la visita.<\/p>\n","protected":false},"excerpt":{"rendered":"<p>(EUROPA PRESS) &#8211;\u00a0Las visitas guiadas al Museo Evaristo Valle de Gij\u00f3n finalizar\u00e1n este fin de semana tras dos meses de actividad. Bajo el t\u00edtulo de &#8216;Descubre&#8230;&#8217;, se abrieron las puertas de los jardines hist\u00f3ricos y se acerc\u00f3 al p\u00fablico a la obra de Evaristo Valle de la mano de Jorge Mola, educador del Museo. Seg\u00fan<\/p>\n","protected":false},"author":1,"featured_media":4941,"comment_status":"closed","ping_status":"closed","sticky":false,"template":"","format":"standard","meta":{"footnotes":""},"categories":[1],"tags":[],"class_list":{"0":"post-4940","1":"post","2":"type-post","3":"status-publish","4":"format-standard","5":"has-post-thumbnail","7":"category-noticias"},"aioseo_notices":[],"aioseo_head":"\n\t\t<!-- All in One SEO Pro 4.9.6.2 - aioseo.com -->\n\t<meta name=\"description\" content=\"(EUROPA PRESS) - Las visitas guiadas al Museo Evaristo Valle de Gij\u00f3n finalizar\u00e1n este fin de semana tras dos meses de actividad. Bajo el t\u00edtulo de &#039;Descubre...&#039;, se abrieron las puertas de los jardines hist\u00f3ricos y se acerc\u00f3 al p\u00fablico a la obra de Evaristo Valle de la mano de Jorge Mola, educador del Museo. Seg\u00fan\" \/>\n\t<meta name=\"robots\" content=\"max-image-preview:large\" \/>\n\t<meta name=\"author\" content=\"NBAsturias\"\/>\n\t<meta name=\"google-site-verification\" content=\"UA-38556648-1\" \/>\n\t<meta name=\"keywords\" content=\"noticias\" \/>\n\t<link rel=\"canonical\" href=\"https:\/\/eldigitaldeasturias.com\/radio\/finalizan-las-visitas-guiadas-al-museo-evaristo-valle\/\" \/>\n\t<meta name=\"generator\" content=\"All in One SEO Pro (AIOSEO) 4.9.6.2\" \/>\n\t\t<meta property=\"og:locale\" content=\"es_ES\" \/>\n\t\t<meta property=\"og:site_name\" content=\"El Digital de Asturias | Diario de informaci\u00f3n y noticias\" \/>\n\t\t<meta property=\"og:type\" content=\"article\" \/>\n\t\t<meta property=\"og:title\" content=\"Finalizan las visitas guiadas al Museo Evaristo Valle | El Digital de Asturias\" \/>\n\t\t<meta property=\"og:description\" content=\"(EUROPA PRESS) - Las visitas guiadas al Museo Evaristo Valle de Gij\u00f3n finalizar\u00e1n este fin de semana tras dos meses de actividad. Bajo el t\u00edtulo de &#039;Descubre...&#039;, se abrieron las puertas de los jardines hist\u00f3ricos y se acerc\u00f3 al p\u00fablico a la obra de Evaristo Valle de la mano de Jorge Mola, educador del Museo. Seg\u00fan\" \/>\n\t\t<meta property=\"og:url\" content=\"https:\/\/eldigitaldeasturias.com\/radio\/finalizan-las-visitas-guiadas-al-museo-evaristo-valle\/\" \/>\n\t\t<meta property=\"og:image\" content=\"https:\/\/eldigitaldeasturias.com\/radio\/wp-content\/uploads\/2020\/08\/Museo-Evaristo-Valle.jpg\" \/>\n\t\t<meta property=\"og:image:secure_url\" content=\"https:\/\/eldigitaldeasturias.com\/radio\/wp-content\/uploads\/2020\/08\/Museo-Evaristo-Valle.jpg\" \/>\n\t\t<meta property=\"og:image:width\" content=\"733\" \/>\n\t\t<meta property=\"og:image:height\" content=\"523\" \/>\n\t\t<meta property=\"article:published_time\" content=\"2020-08-24T01:07:34+00:00\" \/>\n\t\t<meta property=\"article:modified_time\" content=\"2020-08-24T01:07:34+00:00\" \/>\n\t\t<meta name=\"twitter:card\" content=\"summary_large_image\" \/>\n\t\t<meta name=\"twitter:site\" content=\"@bercodi\" \/>\n\t\t<meta name=\"twitter:title\" content=\"Finalizan las visitas guiadas al Museo Evaristo Valle | El Digital de Asturias\" \/>\n\t\t<meta name=\"twitter:description\" content=\"(EUROPA PRESS) - Las visitas guiadas al Museo Evaristo Valle de Gij\u00f3n finalizar\u00e1n este fin de semana tras dos meses de actividad. Bajo el t\u00edtulo de &#039;Descubre...&#039;, se abrieron las puertas de los jardines hist\u00f3ricos y se acerc\u00f3 al p\u00fablico a la obra de Evaristo Valle de la mano de Jorge Mola, educador del Museo. Seg\u00fan\" \/>\n\t\t<meta name=\"twitter:creator\" content=\"@bercodi\" \/>\n\t\t<meta name=\"twitter:image\" content=\"https:\/\/eldigitaldeasturias.com\/radio\/wp-content\/uploads\/2020\/08\/Museo-Evaristo-Valle.jpg\" \/>\n\t\t<script type=\"application\/ld+json\" class=\"aioseo-schema\">\n\t\t\t{\"@context\":\"https:\\\/\\\/schema.org\",\"@graph\":[{\"@type\":\"BreadcrumbList\",\"@id\":\"https:\\\/\\\/eldigitaldeasturias.com\\\/radio\\\/finalizan-las-visitas-guiadas-al-museo-evaristo-valle\\\/#breadcrumblist\",\"itemListElement\":[{\"@type\":\"ListItem\",\"@id\":\"https:\\\/\\\/eldigitaldeasturias.com\\\/radio#listItem\",\"position\":1,\"name\":\"Inicio\",\"item\":\"https:\\\/\\\/eldigitaldeasturias.com\\\/radio\",\"nextItem\":{\"@type\":\"ListItem\",\"@id\":\"https:\\\/\\\/eldigitaldeasturias.com\\\/radio\\\/category\\\/noticias\\\/#listItem\",\"name\":\"Noticias\"}},{\"@type\":\"ListItem\",\"@id\":\"https:\\\/\\\/eldigitaldeasturias.com\\\/radio\\\/category\\\/noticias\\\/#listItem\",\"position\":2,\"name\":\"Noticias\",\"item\":\"https:\\\/\\\/eldigitaldeasturias.com\\\/radio\\\/category\\\/noticias\\\/\",\"nextItem\":{\"@type\":\"ListItem\",\"@id\":\"https:\\\/\\\/eldigitaldeasturias.com\\\/radio\\\/finalizan-las-visitas-guiadas-al-museo-evaristo-valle\\\/#listItem\",\"name\":\"Finalizan las visitas guiadas al Museo Evaristo Valle\"},\"previousItem\":{\"@type\":\"ListItem\",\"@id\":\"https:\\\/\\\/eldigitaldeasturias.com\\\/radio#listItem\",\"name\":\"Inicio\"}},{\"@type\":\"ListItem\",\"@id\":\"https:\\\/\\\/eldigitaldeasturias.com\\\/radio\\\/finalizan-las-visitas-guiadas-al-museo-evaristo-valle\\\/#listItem\",\"position\":3,\"name\":\"Finalizan las visitas guiadas al Museo Evaristo Valle\",\"previousItem\":{\"@type\":\"ListItem\",\"@id\":\"https:\\\/\\\/eldigitaldeasturias.com\\\/radio\\\/category\\\/noticias\\\/#listItem\",\"name\":\"Noticias\"}}]},{\"@type\":\"NewsArticle\",\"@id\":\"https:\\\/\\\/eldigitaldeasturias.com\\\/radio\\\/finalizan-las-visitas-guiadas-al-museo-evaristo-valle\\\/#newsarticle\",\"name\":\"Finalizan las visitas guiadas al Museo Evaristo Valle | El Digital de Asturias\",\"headline\":\"Finalizan las visitas guiadas al Museo Evaristo Valle\",\"author\":{\"@id\":\"https:\\\/\\\/eldigitaldeasturias.com\\\/radio\\\/author\\\/nbasturias\\\/#author\"},\"publisher\":{\"@id\":\"https:\\\/\\\/eldigitaldeasturias.com\\\/radio\\\/#organization\"},\"image\":{\"@type\":\"ImageObject\",\"url\":\"https:\\\/\\\/eldigitaldeasturias.com\\\/radio\\\/wp-content\\\/uploads\\\/2020\\\/08\\\/Museo-Evaristo-Valle.jpg\",\"width\":733,\"height\":523,\"caption\":\"Jardines del Museo Evaristo Valle. - MUSEO EVARISTO VALLE\"},\"datePublished\":\"2020-08-24T01:07:34+02:00\",\"dateModified\":\"2020-08-24T01:07:34+02:00\",\"inLanguage\":\"es-ES\",\"mainEntityOfPage\":{\"@id\":\"https:\\\/\\\/eldigitaldeasturias.com\\\/radio\\\/finalizan-las-visitas-guiadas-al-museo-evaristo-valle\\\/#webpage\"},\"isPartOf\":{\"@id\":\"https:\\\/\\\/eldigitaldeasturias.com\\\/radio\\\/finalizan-las-visitas-guiadas-al-museo-evaristo-valle\\\/#webpage\"},\"articleSection\":\"Noticias\",\"dateline\":\"Publicado el agosto 24, 2020.\"},{\"@type\":\"Organization\",\"@id\":\"https:\\\/\\\/eldigitaldeasturias.com\\\/radio\\\/#organization\",\"name\":\"El digital de Asturias Radio\",\"description\":\"Diario de informaci\\u00f3n y noticias\",\"url\":\"https:\\\/\\\/eldigitaldeasturias.com\\\/radio\\\/\",\"telephone\":\"+34652131393\",\"logo\":{\"@type\":\"ImageObject\",\"url\":\"https:\\\/\\\/www.eldigitaldeasturias.com\\\/radio\\\/wp-content\\\/uploads\\\/2021\\\/03\\\/EDA.jpg\",\"@id\":\"https:\\\/\\\/eldigitaldeasturias.com\\\/radio\\\/finalizan-las-visitas-guiadas-al-museo-evaristo-valle\\\/#organizationLogo\"},\"image\":{\"@id\":\"https:\\\/\\\/eldigitaldeasturias.com\\\/radio\\\/finalizan-las-visitas-guiadas-al-museo-evaristo-valle\\\/#organizationLogo\"},\"sameAs\":[\"https:\\\/\\\/www.facebook.com\\\/\",\"https:\\\/\\\/x.com\\\/bercodi\",\"https:\\\/\\\/www.instagram.com\\\/\",\"https:\\\/\\\/www.youtube.com\\\/channel\\\/UCZP-2wLEB9Rv6erhFmqVnvg\"]},{\"@type\":\"Person\",\"@id\":\"https:\\\/\\\/eldigitaldeasturias.com\\\/radio\\\/author\\\/nbasturias\\\/#author\",\"url\":\"https:\\\/\\\/eldigitaldeasturias.com\\\/radio\\\/author\\\/nbasturias\\\/\",\"name\":\"NBAsturias\",\"image\":{\"@type\":\"ImageObject\",\"@id\":\"https:\\\/\\\/eldigitaldeasturias.com\\\/radio\\\/finalizan-las-visitas-guiadas-al-museo-evaristo-valle\\\/#authorImage\",\"url\":\"https:\\\/\\\/secure.gravatar.com\\\/avatar\\\/df2aeffc32bcd13f8d26072ef8a91b623d677766deac7f97ca815868cd41bf5e?s=96&d=mm&r=g\",\"width\":96,\"height\":96,\"caption\":\"NBAsturias\"}},{\"@type\":\"WebPage\",\"@id\":\"https:\\\/\\\/eldigitaldeasturias.com\\\/radio\\\/finalizan-las-visitas-guiadas-al-museo-evaristo-valle\\\/#webpage\",\"url\":\"https:\\\/\\\/eldigitaldeasturias.com\\\/radio\\\/finalizan-las-visitas-guiadas-al-museo-evaristo-valle\\\/\",\"name\":\"Finalizan las visitas guiadas al Museo Evaristo Valle | El Digital de Asturias\",\"description\":\"(EUROPA PRESS) - Las visitas guiadas al Museo Evaristo Valle de Gij\\u00f3n finalizar\\u00e1n este fin de semana tras dos meses de actividad. Bajo el t\\u00edtulo de 'Descubre...', se abrieron las puertas de los jardines hist\\u00f3ricos y se acerc\\u00f3 al p\\u00fablico a la obra de Evaristo Valle de la mano de Jorge Mola, educador del Museo. Seg\\u00fan\",\"inLanguage\":\"es-ES\",\"isPartOf\":{\"@id\":\"https:\\\/\\\/eldigitaldeasturias.com\\\/radio\\\/#website\"},\"breadcrumb\":{\"@id\":\"https:\\\/\\\/eldigitaldeasturias.com\\\/radio\\\/finalizan-las-visitas-guiadas-al-museo-evaristo-valle\\\/#breadcrumblist\"},\"author\":{\"@id\":\"https:\\\/\\\/eldigitaldeasturias.com\\\/radio\\\/author\\\/nbasturias\\\/#author\"},\"creator\":{\"@id\":\"https:\\\/\\\/eldigitaldeasturias.com\\\/radio\\\/author\\\/nbasturias\\\/#author\"},\"image\":{\"@type\":\"ImageObject\",\"url\":\"https:\\\/\\\/eldigitaldeasturias.com\\\/radio\\\/wp-content\\\/uploads\\\/2020\\\/08\\\/Museo-Evaristo-Valle.jpg\",\"@id\":\"https:\\\/\\\/eldigitaldeasturias.com\\\/radio\\\/finalizan-las-visitas-guiadas-al-museo-evaristo-valle\\\/#mainImage\",\"width\":733,\"height\":523,\"caption\":\"Jardines del Museo Evaristo Valle. - MUSEO EVARISTO VALLE\"},\"primaryImageOfPage\":{\"@id\":\"https:\\\/\\\/eldigitaldeasturias.com\\\/radio\\\/finalizan-las-visitas-guiadas-al-museo-evaristo-valle\\\/#mainImage\"},\"datePublished\":\"2020-08-24T01:07:34+02:00\",\"dateModified\":\"2020-08-24T01:07:34+02:00\"},{\"@type\":\"WebSite\",\"@id\":\"https:\\\/\\\/eldigitaldeasturias.com\\\/radio\\\/#website\",\"url\":\"https:\\\/\\\/eldigitaldeasturias.com\\\/radio\\\/\",\"name\":\"El Digital de Asturias\",\"description\":\"Diario de informaci\\u00f3n y noticias\",\"inLanguage\":\"es-ES\",\"publisher\":{\"@id\":\"https:\\\/\\\/eldigitaldeasturias.com\\\/radio\\\/#organization\"}}]}\n\t\t<\/script>\n\t\t<!-- All in One SEO Pro -->\r\n\t\t<title>Finalizan las visitas guiadas al Museo Evaristo Valle | El Digital de Asturias<\/title>\n\n","aioseo_head_json":{"title":"Finalizan las visitas guiadas al Museo Evaristo Valle | El Digital de Asturias","description":"(EUROPA PRESS) - Las visitas guiadas al Museo Evaristo Valle de Gij\u00f3n finalizar\u00e1n este fin de semana tras dos meses de actividad. Bajo el t\u00edtulo de 'Descubre...', se abrieron las puertas de los jardines hist\u00f3ricos y se acerc\u00f3 al p\u00fablico a la obra de Evaristo Valle de la mano de Jorge Mola, educador del Museo. Seg\u00fan","canonical_url":"https:\/\/eldigitaldeasturias.com\/radio\/finalizan-las-visitas-guiadas-al-museo-evaristo-valle\/","robots":"max-image-preview:large","keywords":"noticias","webmasterTools":{"google-site-verification":"UA-38556648-1","miscellaneous":""},"schema":{"@context":"https:\/\/schema.org","@graph":[{"@type":"BreadcrumbList","@id":"https:\/\/eldigitaldeasturias.com\/radio\/finalizan-las-visitas-guiadas-al-museo-evaristo-valle\/#breadcrumblist","itemListElement":[{"@type":"ListItem","@id":"https:\/\/eldigitaldeasturias.com\/radio#listItem","position":1,"name":"Inicio","item":"https:\/\/eldigitaldeasturias.com\/radio","nextItem":{"@type":"ListItem","@id":"https:\/\/eldigitaldeasturias.com\/radio\/category\/noticias\/#listItem","name":"Noticias"}},{"@type":"ListItem","@id":"https:\/\/eldigitaldeasturias.com\/radio\/category\/noticias\/#listItem","position":2,"name":"Noticias","item":"https:\/\/eldigitaldeasturias.com\/radio\/category\/noticias\/","nextItem":{"@type":"ListItem","@id":"https:\/\/eldigitaldeasturias.com\/radio\/finalizan-las-visitas-guiadas-al-museo-evaristo-valle\/#listItem","name":"Finalizan las visitas guiadas al Museo Evaristo Valle"},"previousItem":{"@type":"ListItem","@id":"https:\/\/eldigitaldeasturias.com\/radio#listItem","name":"Inicio"}},{"@type":"ListItem","@id":"https:\/\/eldigitaldeasturias.com\/radio\/finalizan-las-visitas-guiadas-al-museo-evaristo-valle\/#listItem","position":3,"name":"Finalizan las visitas guiadas al Museo Evaristo Valle","previousItem":{"@type":"ListItem","@id":"https:\/\/eldigitaldeasturias.com\/radio\/category\/noticias\/#listItem","name":"Noticias"}}]},{"@type":"NewsArticle","@id":"https:\/\/eldigitaldeasturias.com\/radio\/finalizan-las-visitas-guiadas-al-museo-evaristo-valle\/#newsarticle","name":"Finalizan las visitas guiadas al Museo Evaristo Valle | El Digital de Asturias","headline":"Finalizan las visitas guiadas al Museo Evaristo Valle","author":{"@id":"https:\/\/eldigitaldeasturias.com\/radio\/author\/nbasturias\/#author"},"publisher":{"@id":"https:\/\/eldigitaldeasturias.com\/radio\/#organization"},"image":{"@type":"ImageObject","url":"https:\/\/eldigitaldeasturias.com\/radio\/wp-content\/uploads\/2020\/08\/Museo-Evaristo-Valle.jpg","width":733,"height":523,"caption":"Jardines del Museo Evaristo Valle. - MUSEO EVARISTO VALLE"},"datePublished":"2020-08-24T01:07:34+02:00","dateModified":"2020-08-24T01:07:34+02:00","inLanguage":"es-ES","mainEntityOfPage":{"@id":"https:\/\/eldigitaldeasturias.com\/radio\/finalizan-las-visitas-guiadas-al-museo-evaristo-valle\/#webpage"},"isPartOf":{"@id":"https:\/\/eldigitaldeasturias.com\/radio\/finalizan-las-visitas-guiadas-al-museo-evaristo-valle\/#webpage"},"articleSection":"Noticias","dateline":"Publicado el agosto 24, 2020."},{"@type":"Organization","@id":"https:\/\/eldigitaldeasturias.com\/radio\/#organization","name":"El digital de Asturias Radio","description":"Diario de informaci\u00f3n y noticias","url":"https:\/\/eldigitaldeasturias.com\/radio\/","telephone":"+34652131393","logo":{"@type":"ImageObject","url":"https:\/\/www.eldigitaldeasturias.com\/radio\/wp-content\/uploads\/2021\/03\/EDA.jpg","@id":"https:\/\/eldigitaldeasturias.com\/radio\/finalizan-las-visitas-guiadas-al-museo-evaristo-valle\/#organizationLogo"},"image":{"@id":"https:\/\/eldigitaldeasturias.com\/radio\/finalizan-las-visitas-guiadas-al-museo-evaristo-valle\/#organizationLogo"},"sameAs":["https:\/\/www.facebook.com\/","https:\/\/x.com\/bercodi","https:\/\/www.instagram.com\/","https:\/\/www.youtube.com\/channel\/UCZP-2wLEB9Rv6erhFmqVnvg"]},{"@type":"Person","@id":"https:\/\/eldigitaldeasturias.com\/radio\/author\/nbasturias\/#author","url":"https:\/\/eldigitaldeasturias.com\/radio\/author\/nbasturias\/","name":"NBAsturias","image":{"@type":"ImageObject","@id":"https:\/\/eldigitaldeasturias.com\/radio\/finalizan-las-visitas-guiadas-al-museo-evaristo-valle\/#authorImage","url":"https:\/\/secure.gravatar.com\/avatar\/df2aeffc32bcd13f8d26072ef8a91b623d677766deac7f97ca815868cd41bf5e?s=96&d=mm&r=g","width":96,"height":96,"caption":"NBAsturias"}},{"@type":"WebPage","@id":"https:\/\/eldigitaldeasturias.com\/radio\/finalizan-las-visitas-guiadas-al-museo-evaristo-valle\/#webpage","url":"https:\/\/eldigitaldeasturias.com\/radio\/finalizan-las-visitas-guiadas-al-museo-evaristo-valle\/","name":"Finalizan las visitas guiadas al Museo Evaristo Valle | El Digital de Asturias","description":"(EUROPA PRESS) - Las visitas guiadas al Museo Evaristo Valle de Gij\u00f3n finalizar\u00e1n este fin de semana tras dos meses de actividad. Bajo el t\u00edtulo de 'Descubre...', se abrieron las puertas de los jardines hist\u00f3ricos y se acerc\u00f3 al p\u00fablico a la obra de Evaristo Valle de la mano de Jorge Mola, educador del Museo. Seg\u00fan","inLanguage":"es-ES","isPartOf":{"@id":"https:\/\/eldigitaldeasturias.com\/radio\/#website"},"breadcrumb":{"@id":"https:\/\/eldigitaldeasturias.com\/radio\/finalizan-las-visitas-guiadas-al-museo-evaristo-valle\/#breadcrumblist"},"author":{"@id":"https:\/\/eldigitaldeasturias.com\/radio\/author\/nbasturias\/#author"},"creator":{"@id":"https:\/\/eldigitaldeasturias.com\/radio\/author\/nbasturias\/#author"},"image":{"@type":"ImageObject","url":"https:\/\/eldigitaldeasturias.com\/radio\/wp-content\/uploads\/2020\/08\/Museo-Evaristo-Valle.jpg","@id":"https:\/\/eldigitaldeasturias.com\/radio\/finalizan-las-visitas-guiadas-al-museo-evaristo-valle\/#mainImage","width":733,"height":523,"caption":"Jardines del Museo Evaristo Valle. - MUSEO EVARISTO VALLE"},"primaryImageOfPage":{"@id":"https:\/\/eldigitaldeasturias.com\/radio\/finalizan-las-visitas-guiadas-al-museo-evaristo-valle\/#mainImage"},"datePublished":"2020-08-24T01:07:34+02:00","dateModified":"2020-08-24T01:07:34+02:00"},{"@type":"WebSite","@id":"https:\/\/eldigitaldeasturias.com\/radio\/#website","url":"https:\/\/eldigitaldeasturias.com\/radio\/","name":"El Digital de Asturias","description":"Diario de informaci\u00f3n y noticias","inLanguage":"es-ES","publisher":{"@id":"https:\/\/eldigitaldeasturias.com\/radio\/#organization"}}]},"og:locale":"es_ES","og:site_name":"El Digital de Asturias | Diario de informaci\u00f3n y noticias","og:type":"article","og:title":"Finalizan las visitas guiadas al Museo Evaristo Valle | El Digital de Asturias","og:description":"(EUROPA PRESS) - Las visitas guiadas al Museo Evaristo Valle de Gij\u00f3n finalizar\u00e1n este fin de semana tras dos meses de actividad. Bajo el t\u00edtulo de 'Descubre...', se abrieron las puertas de los jardines hist\u00f3ricos y se acerc\u00f3 al p\u00fablico a la obra de Evaristo Valle de la mano de Jorge Mola, educador del Museo. Seg\u00fan","og:url":"https:\/\/eldigitaldeasturias.com\/radio\/finalizan-las-visitas-guiadas-al-museo-evaristo-valle\/","og:image":"https:\/\/eldigitaldeasturias.com\/radio\/wp-content\/uploads\/2020\/08\/Museo-Evaristo-Valle.jpg","og:image:secure_url":"https:\/\/eldigitaldeasturias.com\/radio\/wp-content\/uploads\/2020\/08\/Museo-Evaristo-Valle.jpg","og:image:width":733,"og:image:height":523,"article:published_time":"2020-08-24T01:07:34+00:00","article:modified_time":"2020-08-24T01:07:34+00:00","twitter:card":"summary_large_image","twitter:site":"@bercodi","twitter:title":"Finalizan las visitas guiadas al Museo Evaristo Valle | El Digital de Asturias","twitter:description":"(EUROPA PRESS) - Las visitas guiadas al Museo Evaristo Valle de Gij\u00f3n finalizar\u00e1n este fin de semana tras dos meses de actividad. Bajo el t\u00edtulo de 'Descubre...', se abrieron las puertas de los jardines hist\u00f3ricos y se acerc\u00f3 al p\u00fablico a la obra de Evaristo Valle de la mano de Jorge Mola, educador del Museo. Seg\u00fan","twitter:creator":"@bercodi","twitter:image":"https:\/\/eldigitaldeasturias.com\/radio\/wp-content\/uploads\/2020\/08\/Museo-Evaristo-Valle.jpg"},"aioseo_meta_data":{"post_id":"4940","title":null,"description":"","keywords":"","keyphrases":null,"primary_term":null,"canonical_url":"","og_title":null,"og_description":null,"og_object_type":"default","og_image_type":"default","og_image_url":null,"og_image_width":null,"og_image_height":null,"og_image_custom_url":null,"og_image_custom_fields":null,"og_video":null,"og_custom_url":null,"og_article_section":null,"og_article_tags":null,"twitter_use_og":false,"twitter_card":"default","twitter_image_type":"default","twitter_image_url":null,"twitter_image_custom_url":null,"twitter_image_custom_fields":null,"twitter_title":null,"twitter_description":null,"schema":{"blockGraphs":[],"customGraphs":[],"default":{"data":{"Article":[],"Course":[],"Dataset":[],"FAQPage":[],"Movie":[],"Person":[],"Product":[],"ProductReview":[],"Car":[],"Recipe":[],"Service":[],"SoftwareApplication":[],"WebPage":[]},"graphName":"","isEnabled":true},"graphs":[],"defaultGraph":"","defaultPostTypeGraph":""},"schema_type":null,"schema_type_options":null,"pillar_content":false,"robots_default":true,"robots_noindex":false,"robots_noarchive":false,"robots_nosnippet":false,"robots_nofollow":false,"robots_noimageindex":false,"robots_noodp":false,"robots_notranslate":false,"robots_max_snippet":null,"robots_max_videopreview":null,"robots_max_imagepreview":"large","priority":null,"frequency":null,"location":null,"local_seo":null,"seo_analyzer_scan_date":"2025-08-28 16:57:47","breadcrumb_settings":null,"limit_modified_date":false,"open_ai":null,"ai":null,"created":"2021-03-25 13:47:38","updated":"2025-08-28 16:57:47"},"aioseo_breadcrumb":"<div class=\"aioseo-breadcrumbs\"><span class=\"aioseo-breadcrumb\">\n\t<a href=\"https:\/\/eldigitaldeasturias.com\/radio\" title=\"Inicio\">Inicio<\/a>\n<\/span><span class=\"aioseo-breadcrumb-separator\">&ndash;<\/span><span class=\"aioseo-breadcrumb\">\n\t<a href=\"https:\/\/eldigitaldeasturias.com\/radio\/category\/noticias\/\" title=\"Noticias\">Noticias<\/a>\n<\/span><span class=\"aioseo-breadcrumb-separator\">&ndash;<\/span><span class=\"aioseo-breadcrumb\">\n\tFinalizan las visitas guiadas al Museo Evaristo Valle\n<\/span><\/div>","aioseo_breadcrumb_json":[{"label":"Inicio","link":"https:\/\/eldigitaldeasturias.com\/radio"},{"label":"Noticias","link":"https:\/\/eldigitaldeasturias.com\/radio\/category\/noticias\/"},{"label":"Finalizan las visitas guiadas al Museo Evaristo Valle","link":"https:\/\/eldigitaldeasturias.com\/radio\/finalizan-las-visitas-guiadas-al-museo-evaristo-valle\/"}],"_links":{"self":[{"href":"https:\/\/eldigitaldeasturias.com\/radio\/wp-json\/wp\/v2\/posts\/4940","targetHints":{"allow":["GET"]}}],"collection":[{"href":"https:\/\/eldigitaldeasturias.com\/radio\/wp-json\/wp\/v2\/posts"}],"about":[{"href":"https:\/\/eldigitaldeasturias.com\/radio\/wp-json\/wp\/v2\/types\/post"}],"author":[{"embeddable":true,"href":"https:\/\/eldigitaldeasturias.com\/radio\/wp-json\/wp\/v2\/users\/1"}],"replies":[{"embeddable":true,"href":"https:\/\/eldigitaldeasturias.com\/radio\/wp-json\/wp\/v2\/comments?post=4940"}],"version-history":[{"count":0,"href":"https:\/\/eldigitaldeasturias.com\/radio\/wp-json\/wp\/v2\/posts\/4940\/revisions"}],"wp:featuredmedia":[{"embeddable":true,"href":"https:\/\/eldigitaldeasturias.com\/radio\/wp-json\/wp\/v2\/media\/4941"}],"wp:attachment":[{"href":"https:\/\/eldigitaldeasturias.com\/radio\/wp-json\/wp\/v2\/media?parent=4940"}],"wp:term":[{"taxonomy":"category","embeddable":true,"href":"https:\/\/eldigitaldeasturias.com\/radio\/wp-json\/wp\/v2\/categories?post=4940"},{"taxonomy":"post_tag","embeddable":true,"href":"https:\/\/eldigitaldeasturias.com\/radio\/wp-json\/wp\/v2\/tags?post=4940"}],"curies":[{"name":"wp","href":"https:\/\/api.w.org\/{rel}","templated":true}]}}