{"id":4937,"date":"2020-08-24T01:05:03","date_gmt":"2020-08-24T01:05:03","guid":{"rendered":"http:\/\/www.eldigitaldeasturias.com\/radio\/?p=4937"},"modified":"2020-08-24T01:05:03","modified_gmt":"2020-08-24T01:05:03","slug":"instalado-un-punto-lila-en-la-playa-de-borizo","status":"publish","type":"post","link":"https:\/\/eldigitaldeasturias.com\/radio\/instalado-un-punto-lila-en-la-playa-de-borizo\/","title":{"rendered":"Instalado un Punto Lila en la playa de Borizo"},"content":{"rendered":"<figure id=\"attachment_4938\" aria-describedby=\"caption-attachment-4938\" style=\"width: 360px\" class=\"wp-caption alignleft\"><img fetchpriority=\"high\" decoding=\"async\" class=\"size-medium wp-image-4938\" src=\"http:\/\/www.eldigitaldeasturias.com\/radio\/wp-content\/uploads\/2020\/08\/fotonoticia_20200822164436_1920-360x228.jpg\" alt=\"\" width=\"360\" height=\"228\" srcset=\"https:\/\/eldigitaldeasturias.com\/radio\/wp-content\/uploads\/2020\/08\/fotonoticia_20200822164436_1920-360x228.jpg 360w, https:\/\/eldigitaldeasturias.com\/radio\/wp-content\/uploads\/2020\/08\/fotonoticia_20200822164436_1920.jpg 530w\" sizes=\"(max-width: 360px) 100vw, 360px\" \/><figcaption id=\"caption-attachment-4938\" class=\"wp-caption-text\">Punto lila en la playa de Borizo, en Llanes. &#8211; AYUNTAMIENTO DE LLANES<\/figcaption><\/figure>\n<p>(EUROPA PRESS) &#8211;\u00a0El Ayuntamiento de Llanes ha instalado este s\u00e1bado un Punto Lila contra las agresiones sexuales en la playa de Borizo. La carpa funcionar\u00e1 como espacio de informaci\u00f3n, sensibilizaci\u00f3n y prevenci\u00f3n para la igualdad de g\u00e9nero.<\/p>\n<p>Este verano se programaron tres fechas para el desarrollo de la actividad: puente de Llanes el 15 de agosto y 7 de septiembre, de 20.00 a 24.00 horas; y playa de Borizo el 22 de agosto en horario de 18.00 a 22.00 horas.<\/p>\n<p>El s\u00e1bado pasado 94 mujeres y 56 hombres se acercaron al Punto Lila situado en el puente de Llanes, seg\u00fan ha informado el Ayuntamiento en nota de prensa. En el Punto Lila se aplican las medidas sanitarias por la COVID-19.<\/p>\n","protected":false},"excerpt":{"rendered":"<p>(EUROPA PRESS) &#8211;\u00a0El Ayuntamiento de Llanes ha instalado este s\u00e1bado un Punto Lila contra las agresiones sexuales en la playa de Borizo. La carpa funcionar\u00e1 como espacio de informaci\u00f3n, sensibilizaci\u00f3n y prevenci\u00f3n para la igualdad de g\u00e9nero. Este verano se programaron tres fechas para el desarrollo de la actividad: puente de Llanes el 15 de<\/p>\n","protected":false},"author":1,"featured_media":4938,"comment_status":"closed","ping_status":"closed","sticky":false,"template":"","format":"standard","meta":{"footnotes":""},"categories":[1],"tags":[],"class_list":{"0":"post-4937","1":"post","2":"type-post","3":"status-publish","4":"format-standard","5":"has-post-thumbnail","7":"category-noticias"},"aioseo_notices":[],"aioseo_head":"\n\t\t<!-- All in One SEO Pro 4.9.6.2 - aioseo.com -->\n\t<meta name=\"description\" content=\"(EUROPA PRESS) - El Ayuntamiento de Llanes ha instalado este s\u00e1bado un Punto Lila contra las agresiones sexuales en la playa de Borizo. La carpa funcionar\u00e1 como espacio de informaci\u00f3n, sensibilizaci\u00f3n y prevenci\u00f3n para la igualdad de g\u00e9nero. Este verano se programaron tres fechas para el desarrollo de la actividad: puente de Llanes el 15 de\" \/>\n\t<meta name=\"robots\" content=\"max-image-preview:large\" \/>\n\t<meta name=\"author\" content=\"NBAsturias\"\/>\n\t<meta name=\"google-site-verification\" content=\"UA-38556648-1\" \/>\n\t<meta name=\"keywords\" content=\"noticias\" \/>\n\t<link rel=\"canonical\" href=\"https:\/\/eldigitaldeasturias.com\/radio\/instalado-un-punto-lila-en-la-playa-de-borizo\/\" \/>\n\t<meta name=\"generator\" content=\"All in One SEO Pro (AIOSEO) 4.9.6.2\" \/>\n\t\t<meta property=\"og:locale\" content=\"es_ES\" \/>\n\t\t<meta property=\"og:site_name\" content=\"El Digital de Asturias | Diario de informaci\u00f3n y noticias\" \/>\n\t\t<meta property=\"og:type\" content=\"article\" \/>\n\t\t<meta property=\"og:title\" content=\"Instalado un Punto Lila en la playa de Borizo | El Digital de Asturias\" \/>\n\t\t<meta property=\"og:description\" content=\"(EUROPA PRESS) - El Ayuntamiento de Llanes ha instalado este s\u00e1bado un Punto Lila contra las agresiones sexuales en la playa de Borizo. La carpa funcionar\u00e1 como espacio de informaci\u00f3n, sensibilizaci\u00f3n y prevenci\u00f3n para la igualdad de g\u00e9nero. Este verano se programaron tres fechas para el desarrollo de la actividad: puente de Llanes el 15 de\" \/>\n\t\t<meta property=\"og:url\" content=\"https:\/\/eldigitaldeasturias.com\/radio\/instalado-un-punto-lila-en-la-playa-de-borizo\/\" \/>\n\t\t<meta property=\"og:image\" content=\"https:\/\/eldigitaldeasturias.com\/radio\/wp-content\/uploads\/2020\/08\/fotonoticia_20200822164436_1920.jpg\" \/>\n\t\t<meta property=\"og:image:secure_url\" content=\"https:\/\/eldigitaldeasturias.com\/radio\/wp-content\/uploads\/2020\/08\/fotonoticia_20200822164436_1920.jpg\" \/>\n\t\t<meta property=\"og:image:width\" content=\"530\" \/>\n\t\t<meta property=\"og:image:height\" content=\"336\" \/>\n\t\t<meta property=\"article:published_time\" content=\"2020-08-24T01:05:03+00:00\" \/>\n\t\t<meta property=\"article:modified_time\" content=\"2020-08-24T01:05:03+00:00\" \/>\n\t\t<meta name=\"twitter:card\" content=\"summary_large_image\" \/>\n\t\t<meta name=\"twitter:site\" content=\"@bercodi\" \/>\n\t\t<meta name=\"twitter:title\" content=\"Instalado un Punto Lila en la playa de Borizo | El Digital de Asturias\" \/>\n\t\t<meta name=\"twitter:description\" content=\"(EUROPA PRESS) - El Ayuntamiento de Llanes ha instalado este s\u00e1bado un Punto Lila contra las agresiones sexuales en la playa de Borizo. La carpa funcionar\u00e1 como espacio de informaci\u00f3n, sensibilizaci\u00f3n y prevenci\u00f3n para la igualdad de g\u00e9nero. Este verano se programaron tres fechas para el desarrollo de la actividad: puente de Llanes el 15 de\" \/>\n\t\t<meta name=\"twitter:creator\" content=\"@bercodi\" \/>\n\t\t<meta name=\"twitter:image\" content=\"https:\/\/eldigitaldeasturias.com\/radio\/wp-content\/uploads\/2020\/08\/fotonoticia_20200822164436_1920.jpg\" \/>\n\t\t<script type=\"application\/ld+json\" class=\"aioseo-schema\">\n\t\t\t{\"@context\":\"https:\\\/\\\/schema.org\",\"@graph\":[{\"@type\":\"BreadcrumbList\",\"@id\":\"https:\\\/\\\/eldigitaldeasturias.com\\\/radio\\\/instalado-un-punto-lila-en-la-playa-de-borizo\\\/#breadcrumblist\",\"itemListElement\":[{\"@type\":\"ListItem\",\"@id\":\"https:\\\/\\\/eldigitaldeasturias.com\\\/radio#listItem\",\"position\":1,\"name\":\"Inicio\",\"item\":\"https:\\\/\\\/eldigitaldeasturias.com\\\/radio\",\"nextItem\":{\"@type\":\"ListItem\",\"@id\":\"https:\\\/\\\/eldigitaldeasturias.com\\\/radio\\\/category\\\/noticias\\\/#listItem\",\"name\":\"Noticias\"}},{\"@type\":\"ListItem\",\"@id\":\"https:\\\/\\\/eldigitaldeasturias.com\\\/radio\\\/category\\\/noticias\\\/#listItem\",\"position\":2,\"name\":\"Noticias\",\"item\":\"https:\\\/\\\/eldigitaldeasturias.com\\\/radio\\\/category\\\/noticias\\\/\",\"nextItem\":{\"@type\":\"ListItem\",\"@id\":\"https:\\\/\\\/eldigitaldeasturias.com\\\/radio\\\/instalado-un-punto-lila-en-la-playa-de-borizo\\\/#listItem\",\"name\":\"Instalado un Punto Lila en la playa de Borizo\"},\"previousItem\":{\"@type\":\"ListItem\",\"@id\":\"https:\\\/\\\/eldigitaldeasturias.com\\\/radio#listItem\",\"name\":\"Inicio\"}},{\"@type\":\"ListItem\",\"@id\":\"https:\\\/\\\/eldigitaldeasturias.com\\\/radio\\\/instalado-un-punto-lila-en-la-playa-de-borizo\\\/#listItem\",\"position\":3,\"name\":\"Instalado un Punto Lila en la playa de Borizo\",\"previousItem\":{\"@type\":\"ListItem\",\"@id\":\"https:\\\/\\\/eldigitaldeasturias.com\\\/radio\\\/category\\\/noticias\\\/#listItem\",\"name\":\"Noticias\"}}]},{\"@type\":\"NewsArticle\",\"@id\":\"https:\\\/\\\/eldigitaldeasturias.com\\\/radio\\\/instalado-un-punto-lila-en-la-playa-de-borizo\\\/#newsarticle\",\"name\":\"Instalado un Punto Lila en la playa de Borizo | El Digital de Asturias\",\"headline\":\"Instalado un Punto Lila en la playa de Borizo\",\"author\":{\"@id\":\"https:\\\/\\\/eldigitaldeasturias.com\\\/radio\\\/author\\\/nbasturias\\\/#author\"},\"publisher\":{\"@id\":\"https:\\\/\\\/eldigitaldeasturias.com\\\/radio\\\/#organization\"},\"image\":{\"@type\":\"ImageObject\",\"url\":\"https:\\\/\\\/eldigitaldeasturias.com\\\/radio\\\/wp-content\\\/uploads\\\/2020\\\/08\\\/fotonoticia_20200822164436_1920.jpg\",\"width\":530,\"height\":336,\"caption\":\"Punto lila en la playa de Borizo, en Llanes. - AYUNTAMIENTO DE LLANES\"},\"datePublished\":\"2020-08-24T01:05:03+02:00\",\"dateModified\":\"2020-08-24T01:05:03+02:00\",\"inLanguage\":\"es-ES\",\"mainEntityOfPage\":{\"@id\":\"https:\\\/\\\/eldigitaldeasturias.com\\\/radio\\\/instalado-un-punto-lila-en-la-playa-de-borizo\\\/#webpage\"},\"isPartOf\":{\"@id\":\"https:\\\/\\\/eldigitaldeasturias.com\\\/radio\\\/instalado-un-punto-lila-en-la-playa-de-borizo\\\/#webpage\"},\"articleSection\":\"Noticias\",\"dateline\":\"Publicado el agosto 24, 2020.\"},{\"@type\":\"Organization\",\"@id\":\"https:\\\/\\\/eldigitaldeasturias.com\\\/radio\\\/#organization\",\"name\":\"El digital de Asturias Radio\",\"description\":\"Diario de informaci\\u00f3n y noticias\",\"url\":\"https:\\\/\\\/eldigitaldeasturias.com\\\/radio\\\/\",\"telephone\":\"+34652131393\",\"logo\":{\"@type\":\"ImageObject\",\"url\":\"https:\\\/\\\/www.eldigitaldeasturias.com\\\/radio\\\/wp-content\\\/uploads\\\/2021\\\/03\\\/EDA.jpg\",\"@id\":\"https:\\\/\\\/eldigitaldeasturias.com\\\/radio\\\/instalado-un-punto-lila-en-la-playa-de-borizo\\\/#organizationLogo\"},\"image\":{\"@id\":\"https:\\\/\\\/eldigitaldeasturias.com\\\/radio\\\/instalado-un-punto-lila-en-la-playa-de-borizo\\\/#organizationLogo\"},\"sameAs\":[\"https:\\\/\\\/www.facebook.com\\\/\",\"https:\\\/\\\/x.com\\\/bercodi\",\"https:\\\/\\\/www.instagram.com\\\/\",\"https:\\\/\\\/www.youtube.com\\\/channel\\\/UCZP-2wLEB9Rv6erhFmqVnvg\"]},{\"@type\":\"Person\",\"@id\":\"https:\\\/\\\/eldigitaldeasturias.com\\\/radio\\\/author\\\/nbasturias\\\/#author\",\"url\":\"https:\\\/\\\/eldigitaldeasturias.com\\\/radio\\\/author\\\/nbasturias\\\/\",\"name\":\"NBAsturias\",\"image\":{\"@type\":\"ImageObject\",\"@id\":\"https:\\\/\\\/eldigitaldeasturias.com\\\/radio\\\/instalado-un-punto-lila-en-la-playa-de-borizo\\\/#authorImage\",\"url\":\"https:\\\/\\\/secure.gravatar.com\\\/avatar\\\/df2aeffc32bcd13f8d26072ef8a91b623d677766deac7f97ca815868cd41bf5e?s=96&d=mm&r=g\",\"width\":96,\"height\":96,\"caption\":\"NBAsturias\"}},{\"@type\":\"WebPage\",\"@id\":\"https:\\\/\\\/eldigitaldeasturias.com\\\/radio\\\/instalado-un-punto-lila-en-la-playa-de-borizo\\\/#webpage\",\"url\":\"https:\\\/\\\/eldigitaldeasturias.com\\\/radio\\\/instalado-un-punto-lila-en-la-playa-de-borizo\\\/\",\"name\":\"Instalado un Punto Lila en la playa de Borizo | El Digital de Asturias\",\"description\":\"(EUROPA PRESS) - El Ayuntamiento de Llanes ha instalado este s\\u00e1bado un Punto Lila contra las agresiones sexuales en la playa de Borizo. La carpa funcionar\\u00e1 como espacio de informaci\\u00f3n, sensibilizaci\\u00f3n y prevenci\\u00f3n para la igualdad de g\\u00e9nero. Este verano se programaron tres fechas para el desarrollo de la actividad: puente de Llanes el 15 de\",\"inLanguage\":\"es-ES\",\"isPartOf\":{\"@id\":\"https:\\\/\\\/eldigitaldeasturias.com\\\/radio\\\/#website\"},\"breadcrumb\":{\"@id\":\"https:\\\/\\\/eldigitaldeasturias.com\\\/radio\\\/instalado-un-punto-lila-en-la-playa-de-borizo\\\/#breadcrumblist\"},\"author\":{\"@id\":\"https:\\\/\\\/eldigitaldeasturias.com\\\/radio\\\/author\\\/nbasturias\\\/#author\"},\"creator\":{\"@id\":\"https:\\\/\\\/eldigitaldeasturias.com\\\/radio\\\/author\\\/nbasturias\\\/#author\"},\"image\":{\"@type\":\"ImageObject\",\"url\":\"https:\\\/\\\/eldigitaldeasturias.com\\\/radio\\\/wp-content\\\/uploads\\\/2020\\\/08\\\/fotonoticia_20200822164436_1920.jpg\",\"@id\":\"https:\\\/\\\/eldigitaldeasturias.com\\\/radio\\\/instalado-un-punto-lila-en-la-playa-de-borizo\\\/#mainImage\",\"width\":530,\"height\":336,\"caption\":\"Punto lila en la playa de Borizo, en Llanes. - AYUNTAMIENTO DE LLANES\"},\"primaryImageOfPage\":{\"@id\":\"https:\\\/\\\/eldigitaldeasturias.com\\\/radio\\\/instalado-un-punto-lila-en-la-playa-de-borizo\\\/#mainImage\"},\"datePublished\":\"2020-08-24T01:05:03+02:00\",\"dateModified\":\"2020-08-24T01:05:03+02:00\"},{\"@type\":\"WebSite\",\"@id\":\"https:\\\/\\\/eldigitaldeasturias.com\\\/radio\\\/#website\",\"url\":\"https:\\\/\\\/eldigitaldeasturias.com\\\/radio\\\/\",\"name\":\"El Digital de Asturias\",\"description\":\"Diario de informaci\\u00f3n y noticias\",\"inLanguage\":\"es-ES\",\"publisher\":{\"@id\":\"https:\\\/\\\/eldigitaldeasturias.com\\\/radio\\\/#organization\"}}]}\n\t\t<\/script>\n\t\t<!-- All in One SEO Pro -->\r\n\t\t<title>Instalado un Punto Lila en la playa de Borizo | El Digital de Asturias<\/title>\n\n","aioseo_head_json":{"title":"Instalado un Punto Lila en la playa de Borizo | El Digital de Asturias","description":"(EUROPA PRESS) - El Ayuntamiento de Llanes ha instalado este s\u00e1bado un Punto Lila contra las agresiones sexuales en la playa de Borizo. La carpa funcionar\u00e1 como espacio de informaci\u00f3n, sensibilizaci\u00f3n y prevenci\u00f3n para la igualdad de g\u00e9nero. Este verano se programaron tres fechas para el desarrollo de la actividad: puente de Llanes el 15 de","canonical_url":"https:\/\/eldigitaldeasturias.com\/radio\/instalado-un-punto-lila-en-la-playa-de-borizo\/","robots":"max-image-preview:large","keywords":"noticias","webmasterTools":{"google-site-verification":"UA-38556648-1","miscellaneous":""},"schema":{"@context":"https:\/\/schema.org","@graph":[{"@type":"BreadcrumbList","@id":"https:\/\/eldigitaldeasturias.com\/radio\/instalado-un-punto-lila-en-la-playa-de-borizo\/#breadcrumblist","itemListElement":[{"@type":"ListItem","@id":"https:\/\/eldigitaldeasturias.com\/radio#listItem","position":1,"name":"Inicio","item":"https:\/\/eldigitaldeasturias.com\/radio","nextItem":{"@type":"ListItem","@id":"https:\/\/eldigitaldeasturias.com\/radio\/category\/noticias\/#listItem","name":"Noticias"}},{"@type":"ListItem","@id":"https:\/\/eldigitaldeasturias.com\/radio\/category\/noticias\/#listItem","position":2,"name":"Noticias","item":"https:\/\/eldigitaldeasturias.com\/radio\/category\/noticias\/","nextItem":{"@type":"ListItem","@id":"https:\/\/eldigitaldeasturias.com\/radio\/instalado-un-punto-lila-en-la-playa-de-borizo\/#listItem","name":"Instalado un Punto Lila en la playa de Borizo"},"previousItem":{"@type":"ListItem","@id":"https:\/\/eldigitaldeasturias.com\/radio#listItem","name":"Inicio"}},{"@type":"ListItem","@id":"https:\/\/eldigitaldeasturias.com\/radio\/instalado-un-punto-lila-en-la-playa-de-borizo\/#listItem","position":3,"name":"Instalado un Punto Lila en la playa de Borizo","previousItem":{"@type":"ListItem","@id":"https:\/\/eldigitaldeasturias.com\/radio\/category\/noticias\/#listItem","name":"Noticias"}}]},{"@type":"NewsArticle","@id":"https:\/\/eldigitaldeasturias.com\/radio\/instalado-un-punto-lila-en-la-playa-de-borizo\/#newsarticle","name":"Instalado un Punto Lila en la playa de Borizo | El Digital de Asturias","headline":"Instalado un Punto Lila en la playa de Borizo","author":{"@id":"https:\/\/eldigitaldeasturias.com\/radio\/author\/nbasturias\/#author"},"publisher":{"@id":"https:\/\/eldigitaldeasturias.com\/radio\/#organization"},"image":{"@type":"ImageObject","url":"https:\/\/eldigitaldeasturias.com\/radio\/wp-content\/uploads\/2020\/08\/fotonoticia_20200822164436_1920.jpg","width":530,"height":336,"caption":"Punto lila en la playa de Borizo, en Llanes. - AYUNTAMIENTO DE LLANES"},"datePublished":"2020-08-24T01:05:03+02:00","dateModified":"2020-08-24T01:05:03+02:00","inLanguage":"es-ES","mainEntityOfPage":{"@id":"https:\/\/eldigitaldeasturias.com\/radio\/instalado-un-punto-lila-en-la-playa-de-borizo\/#webpage"},"isPartOf":{"@id":"https:\/\/eldigitaldeasturias.com\/radio\/instalado-un-punto-lila-en-la-playa-de-borizo\/#webpage"},"articleSection":"Noticias","dateline":"Publicado el agosto 24, 2020."},{"@type":"Organization","@id":"https:\/\/eldigitaldeasturias.com\/radio\/#organization","name":"El digital de Asturias Radio","description":"Diario de informaci\u00f3n y noticias","url":"https:\/\/eldigitaldeasturias.com\/radio\/","telephone":"+34652131393","logo":{"@type":"ImageObject","url":"https:\/\/www.eldigitaldeasturias.com\/radio\/wp-content\/uploads\/2021\/03\/EDA.jpg","@id":"https:\/\/eldigitaldeasturias.com\/radio\/instalado-un-punto-lila-en-la-playa-de-borizo\/#organizationLogo"},"image":{"@id":"https:\/\/eldigitaldeasturias.com\/radio\/instalado-un-punto-lila-en-la-playa-de-borizo\/#organizationLogo"},"sameAs":["https:\/\/www.facebook.com\/","https:\/\/x.com\/bercodi","https:\/\/www.instagram.com\/","https:\/\/www.youtube.com\/channel\/UCZP-2wLEB9Rv6erhFmqVnvg"]},{"@type":"Person","@id":"https:\/\/eldigitaldeasturias.com\/radio\/author\/nbasturias\/#author","url":"https:\/\/eldigitaldeasturias.com\/radio\/author\/nbasturias\/","name":"NBAsturias","image":{"@type":"ImageObject","@id":"https:\/\/eldigitaldeasturias.com\/radio\/instalado-un-punto-lila-en-la-playa-de-borizo\/#authorImage","url":"https:\/\/secure.gravatar.com\/avatar\/df2aeffc32bcd13f8d26072ef8a91b623d677766deac7f97ca815868cd41bf5e?s=96&d=mm&r=g","width":96,"height":96,"caption":"NBAsturias"}},{"@type":"WebPage","@id":"https:\/\/eldigitaldeasturias.com\/radio\/instalado-un-punto-lila-en-la-playa-de-borizo\/#webpage","url":"https:\/\/eldigitaldeasturias.com\/radio\/instalado-un-punto-lila-en-la-playa-de-borizo\/","name":"Instalado un Punto Lila en la playa de Borizo | El Digital de Asturias","description":"(EUROPA PRESS) - El Ayuntamiento de Llanes ha instalado este s\u00e1bado un Punto Lila contra las agresiones sexuales en la playa de Borizo. La carpa funcionar\u00e1 como espacio de informaci\u00f3n, sensibilizaci\u00f3n y prevenci\u00f3n para la igualdad de g\u00e9nero. Este verano se programaron tres fechas para el desarrollo de la actividad: puente de Llanes el 15 de","inLanguage":"es-ES","isPartOf":{"@id":"https:\/\/eldigitaldeasturias.com\/radio\/#website"},"breadcrumb":{"@id":"https:\/\/eldigitaldeasturias.com\/radio\/instalado-un-punto-lila-en-la-playa-de-borizo\/#breadcrumblist"},"author":{"@id":"https:\/\/eldigitaldeasturias.com\/radio\/author\/nbasturias\/#author"},"creator":{"@id":"https:\/\/eldigitaldeasturias.com\/radio\/author\/nbasturias\/#author"},"image":{"@type":"ImageObject","url":"https:\/\/eldigitaldeasturias.com\/radio\/wp-content\/uploads\/2020\/08\/fotonoticia_20200822164436_1920.jpg","@id":"https:\/\/eldigitaldeasturias.com\/radio\/instalado-un-punto-lila-en-la-playa-de-borizo\/#mainImage","width":530,"height":336,"caption":"Punto lila en la playa de Borizo, en Llanes. - AYUNTAMIENTO DE LLANES"},"primaryImageOfPage":{"@id":"https:\/\/eldigitaldeasturias.com\/radio\/instalado-un-punto-lila-en-la-playa-de-borizo\/#mainImage"},"datePublished":"2020-08-24T01:05:03+02:00","dateModified":"2020-08-24T01:05:03+02:00"},{"@type":"WebSite","@id":"https:\/\/eldigitaldeasturias.com\/radio\/#website","url":"https:\/\/eldigitaldeasturias.com\/radio\/","name":"El Digital de Asturias","description":"Diario de informaci\u00f3n y noticias","inLanguage":"es-ES","publisher":{"@id":"https:\/\/eldigitaldeasturias.com\/radio\/#organization"}}]},"og:locale":"es_ES","og:site_name":"El Digital de Asturias | Diario de informaci\u00f3n y noticias","og:type":"article","og:title":"Instalado un Punto Lila en la playa de Borizo | El Digital de Asturias","og:description":"(EUROPA PRESS) - El Ayuntamiento de Llanes ha instalado este s\u00e1bado un Punto Lila contra las agresiones sexuales en la playa de Borizo. La carpa funcionar\u00e1 como espacio de informaci\u00f3n, sensibilizaci\u00f3n y prevenci\u00f3n para la igualdad de g\u00e9nero. Este verano se programaron tres fechas para el desarrollo de la actividad: puente de Llanes el 15 de","og:url":"https:\/\/eldigitaldeasturias.com\/radio\/instalado-un-punto-lila-en-la-playa-de-borizo\/","og:image":"https:\/\/eldigitaldeasturias.com\/radio\/wp-content\/uploads\/2020\/08\/fotonoticia_20200822164436_1920.jpg","og:image:secure_url":"https:\/\/eldigitaldeasturias.com\/radio\/wp-content\/uploads\/2020\/08\/fotonoticia_20200822164436_1920.jpg","og:image:width":530,"og:image:height":336,"article:published_time":"2020-08-24T01:05:03+00:00","article:modified_time":"2020-08-24T01:05:03+00:00","twitter:card":"summary_large_image","twitter:site":"@bercodi","twitter:title":"Instalado un Punto Lila en la playa de Borizo | El Digital de Asturias","twitter:description":"(EUROPA PRESS) - El Ayuntamiento de Llanes ha instalado este s\u00e1bado un Punto Lila contra las agresiones sexuales en la playa de Borizo. La carpa funcionar\u00e1 como espacio de informaci\u00f3n, sensibilizaci\u00f3n y prevenci\u00f3n para la igualdad de g\u00e9nero. Este verano se programaron tres fechas para el desarrollo de la actividad: puente de Llanes el 15 de","twitter:creator":"@bercodi","twitter:image":"https:\/\/eldigitaldeasturias.com\/radio\/wp-content\/uploads\/2020\/08\/fotonoticia_20200822164436_1920.jpg"},"aioseo_meta_data":{"post_id":"4937","title":null,"description":"","keywords":"","keyphrases":null,"primary_term":null,"canonical_url":"","og_title":null,"og_description":null,"og_object_type":"default","og_image_type":"default","og_image_url":null,"og_image_width":null,"og_image_height":null,"og_image_custom_url":null,"og_image_custom_fields":null,"og_video":null,"og_custom_url":null,"og_article_section":null,"og_article_tags":null,"twitter_use_og":false,"twitter_card":"default","twitter_image_type":"default","twitter_image_url":null,"twitter_image_custom_url":null,"twitter_image_custom_fields":null,"twitter_title":null,"twitter_description":null,"schema":{"blockGraphs":[],"customGraphs":[],"default":{"data":{"Article":[],"Course":[],"Dataset":[],"FAQPage":[],"Movie":[],"Person":[],"Product":[],"ProductReview":[],"Car":[],"Recipe":[],"Service":[],"SoftwareApplication":[],"WebPage":[]},"graphName":"","isEnabled":true},"graphs":[],"defaultGraph":"","defaultPostTypeGraph":""},"schema_type":null,"schema_type_options":null,"pillar_content":false,"robots_default":true,"robots_noindex":false,"robots_noarchive":false,"robots_nosnippet":false,"robots_nofollow":false,"robots_noimageindex":false,"robots_noodp":false,"robots_notranslate":false,"robots_max_snippet":null,"robots_max_videopreview":null,"robots_max_imagepreview":"large","priority":null,"frequency":null,"location":null,"local_seo":null,"seo_analyzer_scan_date":"2025-08-28 16:57:46","breadcrumb_settings":null,"limit_modified_date":false,"open_ai":null,"ai":null,"created":"2021-03-25 13:47:38","updated":"2025-08-28 16:57:46"},"aioseo_breadcrumb":"<div class=\"aioseo-breadcrumbs\"><span class=\"aioseo-breadcrumb\">\n\t<a href=\"https:\/\/eldigitaldeasturias.com\/radio\" title=\"Inicio\">Inicio<\/a>\n<\/span><span class=\"aioseo-breadcrumb-separator\">&ndash;<\/span><span class=\"aioseo-breadcrumb\">\n\t<a href=\"https:\/\/eldigitaldeasturias.com\/radio\/category\/noticias\/\" title=\"Noticias\">Noticias<\/a>\n<\/span><span class=\"aioseo-breadcrumb-separator\">&ndash;<\/span><span class=\"aioseo-breadcrumb\">\n\tInstalado un Punto Lila en la playa de Borizo\n<\/span><\/div>","aioseo_breadcrumb_json":[{"label":"Inicio","link":"https:\/\/eldigitaldeasturias.com\/radio"},{"label":"Noticias","link":"https:\/\/eldigitaldeasturias.com\/radio\/category\/noticias\/"},{"label":"Instalado un Punto Lila en la playa de Borizo","link":"https:\/\/eldigitaldeasturias.com\/radio\/instalado-un-punto-lila-en-la-playa-de-borizo\/"}],"_links":{"self":[{"href":"https:\/\/eldigitaldeasturias.com\/radio\/wp-json\/wp\/v2\/posts\/4937","targetHints":{"allow":["GET"]}}],"collection":[{"href":"https:\/\/eldigitaldeasturias.com\/radio\/wp-json\/wp\/v2\/posts"}],"about":[{"href":"https:\/\/eldigitaldeasturias.com\/radio\/wp-json\/wp\/v2\/types\/post"}],"author":[{"embeddable":true,"href":"https:\/\/eldigitaldeasturias.com\/radio\/wp-json\/wp\/v2\/users\/1"}],"replies":[{"embeddable":true,"href":"https:\/\/eldigitaldeasturias.com\/radio\/wp-json\/wp\/v2\/comments?post=4937"}],"version-history":[{"count":0,"href":"https:\/\/eldigitaldeasturias.com\/radio\/wp-json\/wp\/v2\/posts\/4937\/revisions"}],"wp:featuredmedia":[{"embeddable":true,"href":"https:\/\/eldigitaldeasturias.com\/radio\/wp-json\/wp\/v2\/media\/4938"}],"wp:attachment":[{"href":"https:\/\/eldigitaldeasturias.com\/radio\/wp-json\/wp\/v2\/media?parent=4937"}],"wp:term":[{"taxonomy":"category","embeddable":true,"href":"https:\/\/eldigitaldeasturias.com\/radio\/wp-json\/wp\/v2\/categories?post=4937"},{"taxonomy":"post_tag","embeddable":true,"href":"https:\/\/eldigitaldeasturias.com\/radio\/wp-json\/wp\/v2\/tags?post=4937"}],"curies":[{"name":"wp","href":"https:\/\/api.w.org\/{rel}","templated":true}]}}