{"id":4934,"date":"2020-08-23T23:45:37","date_gmt":"2020-08-23T23:45:37","guid":{"rendered":"http:\/\/www.eldigitaldeasturias.com\/radio\/?p=4934"},"modified":"2020-08-23T23:45:37","modified_gmt":"2020-08-23T23:45:37","slug":"xxix-edicion-de-la-fiesta-de-la-sidra-natural-con-la-apertura-del-mercadin","status":"publish","type":"post","link":"https:\/\/eldigitaldeasturias.com\/radio\/xxix-edicion-de-la-fiesta-de-la-sidra-natural-con-la-apertura-del-mercadin\/","title":{"rendered":"XXIX edici\u00f3n de la Fiesta de la sidra natural con la apertura del Mercad\u00edn"},"content":{"rendered":"<figure id=\"attachment_4935\" aria-describedby=\"caption-attachment-4935\" style=\"width: 360px\" class=\"wp-caption alignleft\"><img fetchpriority=\"high\" decoding=\"async\" class=\"size-medium wp-image-4935\" src=\"http:\/\/www.eldigitaldeasturias.com\/radio\/wp-content\/uploads\/2020\/08\/Fiesta-de-la-sidra-natural-360x281.jpg\" alt=\"\" width=\"360\" height=\"281\" srcset=\"https:\/\/eldigitaldeasturias.com\/radio\/wp-content\/uploads\/2020\/08\/Fiesta-de-la-sidra-natural-360x281.jpg 360w, https:\/\/eldigitaldeasturias.com\/radio\/wp-content\/uploads\/2020\/08\/Fiesta-de-la-sidra-natural.jpg 701w\" sizes=\"(max-width: 360px) 100vw, 360px\" \/><figcaption id=\"caption-attachment-4935\" class=\"wp-caption-text\">Cartel de la Fiesta de la sidra natural de Gij\u00f3n. &#8211; DIVERTIA \/ EP<\/figcaption><\/figure>\n<p>(EUROPA PRESS) &#8211;\u00a0La XXIX edici\u00f3n de la Fiesta de la sidra natural de Gij\u00f3n se est\u00e1 celebrando este fin de semana. La Fiesta, de Inter\u00e9s Tur\u00edstico Regional, comenz\u00f3 con la apertura del Mercad\u00edn de la Sidra y la Manzana.<\/p>\n<p>Divertia ha informado en nota de prensa de que no se celebrar\u00e1n las actividades que congregaban a miles de personas, pero s\u00ed el Mercad\u00edn, las charlas, el Concurso de Escanciadores o el Premio Elogio de Oro.<\/p>\n<p>El Mercad\u00edn contar\u00e1 con 20 artesanos y ocupa este a\u00f1o m\u00e1s espacio que en ediciones anteriores, para facilitar el tr\u00e1nsito de p\u00fablico y favorecer las distancias de seguridad. Adem\u00e1s de en los Jardines de la Reina, su ubicaci\u00f3n habitual, tambi\u00e9n ocupar\u00e1 la Plaza Mayor y la Plaza de Revillagigedo.<\/p>\n<p>Asimismo, las charlas se desarrollar\u00e1n en espacios aforados, para controlar el acceso del p\u00fablico y su trazabilidad y tanto el Concurso de Escanciadores, como las catas del Premio Elogio de Oro, se celebrar\u00e1n, a puerta cerrada, en el Jard\u00edn Bot\u00e1nico Atl\u00e1ntico.<\/p>\n","protected":false},"excerpt":{"rendered":"<p>(EUROPA PRESS) &#8211;\u00a0La XXIX edici\u00f3n de la Fiesta de la sidra natural de Gij\u00f3n se est\u00e1 celebrando este fin de semana. La Fiesta, de Inter\u00e9s Tur\u00edstico Regional, comenz\u00f3 con la apertura del Mercad\u00edn de la Sidra y la Manzana. Divertia ha informado en nota de prensa de que no se celebrar\u00e1n las actividades que congregaban<\/p>\n","protected":false},"author":1,"featured_media":4935,"comment_status":"closed","ping_status":"closed","sticky":false,"template":"","format":"standard","meta":{"footnotes":""},"categories":[1],"tags":[],"class_list":{"0":"post-4934","1":"post","2":"type-post","3":"status-publish","4":"format-standard","5":"has-post-thumbnail","7":"category-noticias"},"aioseo_notices":[],"aioseo_head":"\n\t\t<!-- All in One SEO Pro 4.9.6.2 - aioseo.com -->\n\t<meta name=\"description\" content=\"(EUROPA PRESS) - La XXIX edici\u00f3n de la Fiesta de la sidra natural de Gij\u00f3n se est\u00e1 celebrando este fin de semana. La Fiesta, de Inter\u00e9s Tur\u00edstico Regional, comenz\u00f3 con la apertura del Mercad\u00edn de la Sidra y la Manzana. Divertia ha informado en nota de prensa de que no se celebrar\u00e1n las actividades que congregaban\" \/>\n\t<meta name=\"robots\" content=\"max-image-preview:large\" \/>\n\t<meta name=\"author\" content=\"NBAsturias\"\/>\n\t<meta name=\"google-site-verification\" content=\"UA-38556648-1\" \/>\n\t<meta name=\"keywords\" content=\"noticias\" \/>\n\t<link rel=\"canonical\" href=\"https:\/\/eldigitaldeasturias.com\/radio\/xxix-edicion-de-la-fiesta-de-la-sidra-natural-con-la-apertura-del-mercadin\/\" \/>\n\t<meta name=\"generator\" content=\"All in One SEO Pro (AIOSEO) 4.9.6.2\" \/>\n\t\t<meta property=\"og:locale\" content=\"es_ES\" \/>\n\t\t<meta property=\"og:site_name\" content=\"El Digital de Asturias | Diario de informaci\u00f3n y noticias\" \/>\n\t\t<meta property=\"og:type\" content=\"article\" \/>\n\t\t<meta property=\"og:title\" content=\"XXIX edici\u00f3n de la Fiesta de la sidra natural con la apertura del Mercad\u00edn | El Digital de Asturias\" \/>\n\t\t<meta property=\"og:description\" content=\"(EUROPA PRESS) - La XXIX edici\u00f3n de la Fiesta de la sidra natural de Gij\u00f3n se est\u00e1 celebrando este fin de semana. La Fiesta, de Inter\u00e9s Tur\u00edstico Regional, comenz\u00f3 con la apertura del Mercad\u00edn de la Sidra y la Manzana. Divertia ha informado en nota de prensa de que no se celebrar\u00e1n las actividades que congregaban\" \/>\n\t\t<meta property=\"og:url\" content=\"https:\/\/eldigitaldeasturias.com\/radio\/xxix-edicion-de-la-fiesta-de-la-sidra-natural-con-la-apertura-del-mercadin\/\" \/>\n\t\t<meta property=\"og:image\" content=\"https:\/\/eldigitaldeasturias.com\/radio\/wp-content\/uploads\/2020\/08\/Fiesta-de-la-sidra-natural.jpg\" \/>\n\t\t<meta property=\"og:image:secure_url\" content=\"https:\/\/eldigitaldeasturias.com\/radio\/wp-content\/uploads\/2020\/08\/Fiesta-de-la-sidra-natural.jpg\" \/>\n\t\t<meta property=\"og:image:width\" content=\"701\" \/>\n\t\t<meta property=\"og:image:height\" content=\"548\" \/>\n\t\t<meta property=\"article:published_time\" content=\"2020-08-23T23:45:37+00:00\" \/>\n\t\t<meta property=\"article:modified_time\" content=\"2020-08-23T23:45:37+00:00\" \/>\n\t\t<meta name=\"twitter:card\" content=\"summary_large_image\" \/>\n\t\t<meta name=\"twitter:site\" content=\"@bercodi\" \/>\n\t\t<meta name=\"twitter:title\" content=\"XXIX edici\u00f3n de la Fiesta de la sidra natural con la apertura del Mercad\u00edn | El Digital de Asturias\" \/>\n\t\t<meta name=\"twitter:description\" content=\"(EUROPA PRESS) - La XXIX edici\u00f3n de la Fiesta de la sidra natural de Gij\u00f3n se est\u00e1 celebrando este fin de semana. La Fiesta, de Inter\u00e9s Tur\u00edstico Regional, comenz\u00f3 con la apertura del Mercad\u00edn de la Sidra y la Manzana. Divertia ha informado en nota de prensa de que no se celebrar\u00e1n las actividades que congregaban\" \/>\n\t\t<meta name=\"twitter:creator\" content=\"@bercodi\" \/>\n\t\t<meta name=\"twitter:image\" content=\"https:\/\/eldigitaldeasturias.com\/radio\/wp-content\/uploads\/2020\/08\/Fiesta-de-la-sidra-natural.jpg\" \/>\n\t\t<script type=\"application\/ld+json\" class=\"aioseo-schema\">\n\t\t\t{\"@context\":\"https:\\\/\\\/schema.org\",\"@graph\":[{\"@type\":\"BreadcrumbList\",\"@id\":\"https:\\\/\\\/eldigitaldeasturias.com\\\/radio\\\/xxix-edicion-de-la-fiesta-de-la-sidra-natural-con-la-apertura-del-mercadin\\\/#breadcrumblist\",\"itemListElement\":[{\"@type\":\"ListItem\",\"@id\":\"https:\\\/\\\/eldigitaldeasturias.com\\\/radio#listItem\",\"position\":1,\"name\":\"Inicio\",\"item\":\"https:\\\/\\\/eldigitaldeasturias.com\\\/radio\",\"nextItem\":{\"@type\":\"ListItem\",\"@id\":\"https:\\\/\\\/eldigitaldeasturias.com\\\/radio\\\/category\\\/noticias\\\/#listItem\",\"name\":\"Noticias\"}},{\"@type\":\"ListItem\",\"@id\":\"https:\\\/\\\/eldigitaldeasturias.com\\\/radio\\\/category\\\/noticias\\\/#listItem\",\"position\":2,\"name\":\"Noticias\",\"item\":\"https:\\\/\\\/eldigitaldeasturias.com\\\/radio\\\/category\\\/noticias\\\/\",\"nextItem\":{\"@type\":\"ListItem\",\"@id\":\"https:\\\/\\\/eldigitaldeasturias.com\\\/radio\\\/xxix-edicion-de-la-fiesta-de-la-sidra-natural-con-la-apertura-del-mercadin\\\/#listItem\",\"name\":\"XXIX edici\\u00f3n de la Fiesta de la sidra natural con la apertura del Mercad\\u00edn\"},\"previousItem\":{\"@type\":\"ListItem\",\"@id\":\"https:\\\/\\\/eldigitaldeasturias.com\\\/radio#listItem\",\"name\":\"Inicio\"}},{\"@type\":\"ListItem\",\"@id\":\"https:\\\/\\\/eldigitaldeasturias.com\\\/radio\\\/xxix-edicion-de-la-fiesta-de-la-sidra-natural-con-la-apertura-del-mercadin\\\/#listItem\",\"position\":3,\"name\":\"XXIX edici\\u00f3n de la Fiesta de la sidra natural con la apertura del Mercad\\u00edn\",\"previousItem\":{\"@type\":\"ListItem\",\"@id\":\"https:\\\/\\\/eldigitaldeasturias.com\\\/radio\\\/category\\\/noticias\\\/#listItem\",\"name\":\"Noticias\"}}]},{\"@type\":\"NewsArticle\",\"@id\":\"https:\\\/\\\/eldigitaldeasturias.com\\\/radio\\\/xxix-edicion-de-la-fiesta-de-la-sidra-natural-con-la-apertura-del-mercadin\\\/#newsarticle\",\"name\":\"XXIX edici\\u00f3n de la Fiesta de la sidra natural con la apertura del Mercad\\u00edn | El Digital de Asturias\",\"headline\":\"XXIX edici\\u00f3n de la Fiesta de la sidra natural con la apertura del Mercad\\u00edn\",\"author\":{\"@id\":\"https:\\\/\\\/eldigitaldeasturias.com\\\/radio\\\/author\\\/nbasturias\\\/#author\"},\"publisher\":{\"@id\":\"https:\\\/\\\/eldigitaldeasturias.com\\\/radio\\\/#organization\"},\"image\":{\"@type\":\"ImageObject\",\"url\":\"https:\\\/\\\/eldigitaldeasturias.com\\\/radio\\\/wp-content\\\/uploads\\\/2020\\\/08\\\/Fiesta-de-la-sidra-natural.jpg\",\"width\":701,\"height\":548,\"caption\":\"Cartel de la Fiesta de la sidra natural de Gij\\u00f3n. - DIVERTIA \\\/ EP\"},\"datePublished\":\"2020-08-23T23:45:37+02:00\",\"dateModified\":\"2020-08-23T23:45:37+02:00\",\"inLanguage\":\"es-ES\",\"mainEntityOfPage\":{\"@id\":\"https:\\\/\\\/eldigitaldeasturias.com\\\/radio\\\/xxix-edicion-de-la-fiesta-de-la-sidra-natural-con-la-apertura-del-mercadin\\\/#webpage\"},\"isPartOf\":{\"@id\":\"https:\\\/\\\/eldigitaldeasturias.com\\\/radio\\\/xxix-edicion-de-la-fiesta-de-la-sidra-natural-con-la-apertura-del-mercadin\\\/#webpage\"},\"articleSection\":\"Noticias\",\"dateline\":\"Publicado el agosto 23, 2020.\"},{\"@type\":\"Organization\",\"@id\":\"https:\\\/\\\/eldigitaldeasturias.com\\\/radio\\\/#organization\",\"name\":\"El digital de Asturias Radio\",\"description\":\"Diario de informaci\\u00f3n y noticias\",\"url\":\"https:\\\/\\\/eldigitaldeasturias.com\\\/radio\\\/\",\"telephone\":\"+34652131393\",\"logo\":{\"@type\":\"ImageObject\",\"url\":\"https:\\\/\\\/www.eldigitaldeasturias.com\\\/radio\\\/wp-content\\\/uploads\\\/2021\\\/03\\\/EDA.jpg\",\"@id\":\"https:\\\/\\\/eldigitaldeasturias.com\\\/radio\\\/xxix-edicion-de-la-fiesta-de-la-sidra-natural-con-la-apertura-del-mercadin\\\/#organizationLogo\"},\"image\":{\"@id\":\"https:\\\/\\\/eldigitaldeasturias.com\\\/radio\\\/xxix-edicion-de-la-fiesta-de-la-sidra-natural-con-la-apertura-del-mercadin\\\/#organizationLogo\"},\"sameAs\":[\"https:\\\/\\\/www.facebook.com\\\/\",\"https:\\\/\\\/x.com\\\/bercodi\",\"https:\\\/\\\/www.instagram.com\\\/\",\"https:\\\/\\\/www.youtube.com\\\/channel\\\/UCZP-2wLEB9Rv6erhFmqVnvg\"]},{\"@type\":\"Person\",\"@id\":\"https:\\\/\\\/eldigitaldeasturias.com\\\/radio\\\/author\\\/nbasturias\\\/#author\",\"url\":\"https:\\\/\\\/eldigitaldeasturias.com\\\/radio\\\/author\\\/nbasturias\\\/\",\"name\":\"NBAsturias\",\"image\":{\"@type\":\"ImageObject\",\"@id\":\"https:\\\/\\\/eldigitaldeasturias.com\\\/radio\\\/xxix-edicion-de-la-fiesta-de-la-sidra-natural-con-la-apertura-del-mercadin\\\/#authorImage\",\"url\":\"https:\\\/\\\/secure.gravatar.com\\\/avatar\\\/df2aeffc32bcd13f8d26072ef8a91b623d677766deac7f97ca815868cd41bf5e?s=96&d=mm&r=g\",\"width\":96,\"height\":96,\"caption\":\"NBAsturias\"}},{\"@type\":\"WebPage\",\"@id\":\"https:\\\/\\\/eldigitaldeasturias.com\\\/radio\\\/xxix-edicion-de-la-fiesta-de-la-sidra-natural-con-la-apertura-del-mercadin\\\/#webpage\",\"url\":\"https:\\\/\\\/eldigitaldeasturias.com\\\/radio\\\/xxix-edicion-de-la-fiesta-de-la-sidra-natural-con-la-apertura-del-mercadin\\\/\",\"name\":\"XXIX edici\\u00f3n de la Fiesta de la sidra natural con la apertura del Mercad\\u00edn | El Digital de Asturias\",\"description\":\"(EUROPA PRESS) - La XXIX edici\\u00f3n de la Fiesta de la sidra natural de Gij\\u00f3n se est\\u00e1 celebrando este fin de semana. La Fiesta, de Inter\\u00e9s Tur\\u00edstico Regional, comenz\\u00f3 con la apertura del Mercad\\u00edn de la Sidra y la Manzana. Divertia ha informado en nota de prensa de que no se celebrar\\u00e1n las actividades que congregaban\",\"inLanguage\":\"es-ES\",\"isPartOf\":{\"@id\":\"https:\\\/\\\/eldigitaldeasturias.com\\\/radio\\\/#website\"},\"breadcrumb\":{\"@id\":\"https:\\\/\\\/eldigitaldeasturias.com\\\/radio\\\/xxix-edicion-de-la-fiesta-de-la-sidra-natural-con-la-apertura-del-mercadin\\\/#breadcrumblist\"},\"author\":{\"@id\":\"https:\\\/\\\/eldigitaldeasturias.com\\\/radio\\\/author\\\/nbasturias\\\/#author\"},\"creator\":{\"@id\":\"https:\\\/\\\/eldigitaldeasturias.com\\\/radio\\\/author\\\/nbasturias\\\/#author\"},\"image\":{\"@type\":\"ImageObject\",\"url\":\"https:\\\/\\\/eldigitaldeasturias.com\\\/radio\\\/wp-content\\\/uploads\\\/2020\\\/08\\\/Fiesta-de-la-sidra-natural.jpg\",\"@id\":\"https:\\\/\\\/eldigitaldeasturias.com\\\/radio\\\/xxix-edicion-de-la-fiesta-de-la-sidra-natural-con-la-apertura-del-mercadin\\\/#mainImage\",\"width\":701,\"height\":548,\"caption\":\"Cartel de la Fiesta de la sidra natural de Gij\\u00f3n. - DIVERTIA \\\/ EP\"},\"primaryImageOfPage\":{\"@id\":\"https:\\\/\\\/eldigitaldeasturias.com\\\/radio\\\/xxix-edicion-de-la-fiesta-de-la-sidra-natural-con-la-apertura-del-mercadin\\\/#mainImage\"},\"datePublished\":\"2020-08-23T23:45:37+02:00\",\"dateModified\":\"2020-08-23T23:45:37+02:00\"},{\"@type\":\"WebSite\",\"@id\":\"https:\\\/\\\/eldigitaldeasturias.com\\\/radio\\\/#website\",\"url\":\"https:\\\/\\\/eldigitaldeasturias.com\\\/radio\\\/\",\"name\":\"El Digital de Asturias\",\"description\":\"Diario de informaci\\u00f3n y noticias\",\"inLanguage\":\"es-ES\",\"publisher\":{\"@id\":\"https:\\\/\\\/eldigitaldeasturias.com\\\/radio\\\/#organization\"}}]}\n\t\t<\/script>\n\t\t<!-- All in One SEO Pro -->\r\n\t\t<title>XXIX edici\u00f3n de la Fiesta de la sidra natural con la apertura del Mercad\u00edn | El Digital de Asturias<\/title>\n\n","aioseo_head_json":{"title":"XXIX edici\u00f3n de la Fiesta de la sidra natural con la apertura del Mercad\u00edn | El Digital de Asturias","description":"(EUROPA PRESS) - La XXIX edici\u00f3n de la Fiesta de la sidra natural de Gij\u00f3n se est\u00e1 celebrando este fin de semana. La Fiesta, de Inter\u00e9s Tur\u00edstico Regional, comenz\u00f3 con la apertura del Mercad\u00edn de la Sidra y la Manzana. Divertia ha informado en nota de prensa de que no se celebrar\u00e1n las actividades que congregaban","canonical_url":"https:\/\/eldigitaldeasturias.com\/radio\/xxix-edicion-de-la-fiesta-de-la-sidra-natural-con-la-apertura-del-mercadin\/","robots":"max-image-preview:large","keywords":"noticias","webmasterTools":{"google-site-verification":"UA-38556648-1","miscellaneous":""},"schema":{"@context":"https:\/\/schema.org","@graph":[{"@type":"BreadcrumbList","@id":"https:\/\/eldigitaldeasturias.com\/radio\/xxix-edicion-de-la-fiesta-de-la-sidra-natural-con-la-apertura-del-mercadin\/#breadcrumblist","itemListElement":[{"@type":"ListItem","@id":"https:\/\/eldigitaldeasturias.com\/radio#listItem","position":1,"name":"Inicio","item":"https:\/\/eldigitaldeasturias.com\/radio","nextItem":{"@type":"ListItem","@id":"https:\/\/eldigitaldeasturias.com\/radio\/category\/noticias\/#listItem","name":"Noticias"}},{"@type":"ListItem","@id":"https:\/\/eldigitaldeasturias.com\/radio\/category\/noticias\/#listItem","position":2,"name":"Noticias","item":"https:\/\/eldigitaldeasturias.com\/radio\/category\/noticias\/","nextItem":{"@type":"ListItem","@id":"https:\/\/eldigitaldeasturias.com\/radio\/xxix-edicion-de-la-fiesta-de-la-sidra-natural-con-la-apertura-del-mercadin\/#listItem","name":"XXIX edici\u00f3n de la Fiesta de la sidra natural con la apertura del Mercad\u00edn"},"previousItem":{"@type":"ListItem","@id":"https:\/\/eldigitaldeasturias.com\/radio#listItem","name":"Inicio"}},{"@type":"ListItem","@id":"https:\/\/eldigitaldeasturias.com\/radio\/xxix-edicion-de-la-fiesta-de-la-sidra-natural-con-la-apertura-del-mercadin\/#listItem","position":3,"name":"XXIX edici\u00f3n de la Fiesta de la sidra natural con la apertura del Mercad\u00edn","previousItem":{"@type":"ListItem","@id":"https:\/\/eldigitaldeasturias.com\/radio\/category\/noticias\/#listItem","name":"Noticias"}}]},{"@type":"NewsArticle","@id":"https:\/\/eldigitaldeasturias.com\/radio\/xxix-edicion-de-la-fiesta-de-la-sidra-natural-con-la-apertura-del-mercadin\/#newsarticle","name":"XXIX edici\u00f3n de la Fiesta de la sidra natural con la apertura del Mercad\u00edn | El Digital de Asturias","headline":"XXIX edici\u00f3n de la Fiesta de la sidra natural con la apertura del Mercad\u00edn","author":{"@id":"https:\/\/eldigitaldeasturias.com\/radio\/author\/nbasturias\/#author"},"publisher":{"@id":"https:\/\/eldigitaldeasturias.com\/radio\/#organization"},"image":{"@type":"ImageObject","url":"https:\/\/eldigitaldeasturias.com\/radio\/wp-content\/uploads\/2020\/08\/Fiesta-de-la-sidra-natural.jpg","width":701,"height":548,"caption":"Cartel de la Fiesta de la sidra natural de Gij\u00f3n. - DIVERTIA \/ EP"},"datePublished":"2020-08-23T23:45:37+02:00","dateModified":"2020-08-23T23:45:37+02:00","inLanguage":"es-ES","mainEntityOfPage":{"@id":"https:\/\/eldigitaldeasturias.com\/radio\/xxix-edicion-de-la-fiesta-de-la-sidra-natural-con-la-apertura-del-mercadin\/#webpage"},"isPartOf":{"@id":"https:\/\/eldigitaldeasturias.com\/radio\/xxix-edicion-de-la-fiesta-de-la-sidra-natural-con-la-apertura-del-mercadin\/#webpage"},"articleSection":"Noticias","dateline":"Publicado el agosto 23, 2020."},{"@type":"Organization","@id":"https:\/\/eldigitaldeasturias.com\/radio\/#organization","name":"El digital de Asturias Radio","description":"Diario de informaci\u00f3n y noticias","url":"https:\/\/eldigitaldeasturias.com\/radio\/","telephone":"+34652131393","logo":{"@type":"ImageObject","url":"https:\/\/www.eldigitaldeasturias.com\/radio\/wp-content\/uploads\/2021\/03\/EDA.jpg","@id":"https:\/\/eldigitaldeasturias.com\/radio\/xxix-edicion-de-la-fiesta-de-la-sidra-natural-con-la-apertura-del-mercadin\/#organizationLogo"},"image":{"@id":"https:\/\/eldigitaldeasturias.com\/radio\/xxix-edicion-de-la-fiesta-de-la-sidra-natural-con-la-apertura-del-mercadin\/#organizationLogo"},"sameAs":["https:\/\/www.facebook.com\/","https:\/\/x.com\/bercodi","https:\/\/www.instagram.com\/","https:\/\/www.youtube.com\/channel\/UCZP-2wLEB9Rv6erhFmqVnvg"]},{"@type":"Person","@id":"https:\/\/eldigitaldeasturias.com\/radio\/author\/nbasturias\/#author","url":"https:\/\/eldigitaldeasturias.com\/radio\/author\/nbasturias\/","name":"NBAsturias","image":{"@type":"ImageObject","@id":"https:\/\/eldigitaldeasturias.com\/radio\/xxix-edicion-de-la-fiesta-de-la-sidra-natural-con-la-apertura-del-mercadin\/#authorImage","url":"https:\/\/secure.gravatar.com\/avatar\/df2aeffc32bcd13f8d26072ef8a91b623d677766deac7f97ca815868cd41bf5e?s=96&d=mm&r=g","width":96,"height":96,"caption":"NBAsturias"}},{"@type":"WebPage","@id":"https:\/\/eldigitaldeasturias.com\/radio\/xxix-edicion-de-la-fiesta-de-la-sidra-natural-con-la-apertura-del-mercadin\/#webpage","url":"https:\/\/eldigitaldeasturias.com\/radio\/xxix-edicion-de-la-fiesta-de-la-sidra-natural-con-la-apertura-del-mercadin\/","name":"XXIX edici\u00f3n de la Fiesta de la sidra natural con la apertura del Mercad\u00edn | El Digital de Asturias","description":"(EUROPA PRESS) - La XXIX edici\u00f3n de la Fiesta de la sidra natural de Gij\u00f3n se est\u00e1 celebrando este fin de semana. La Fiesta, de Inter\u00e9s Tur\u00edstico Regional, comenz\u00f3 con la apertura del Mercad\u00edn de la Sidra y la Manzana. Divertia ha informado en nota de prensa de que no se celebrar\u00e1n las actividades que congregaban","inLanguage":"es-ES","isPartOf":{"@id":"https:\/\/eldigitaldeasturias.com\/radio\/#website"},"breadcrumb":{"@id":"https:\/\/eldigitaldeasturias.com\/radio\/xxix-edicion-de-la-fiesta-de-la-sidra-natural-con-la-apertura-del-mercadin\/#breadcrumblist"},"author":{"@id":"https:\/\/eldigitaldeasturias.com\/radio\/author\/nbasturias\/#author"},"creator":{"@id":"https:\/\/eldigitaldeasturias.com\/radio\/author\/nbasturias\/#author"},"image":{"@type":"ImageObject","url":"https:\/\/eldigitaldeasturias.com\/radio\/wp-content\/uploads\/2020\/08\/Fiesta-de-la-sidra-natural.jpg","@id":"https:\/\/eldigitaldeasturias.com\/radio\/xxix-edicion-de-la-fiesta-de-la-sidra-natural-con-la-apertura-del-mercadin\/#mainImage","width":701,"height":548,"caption":"Cartel de la Fiesta de la sidra natural de Gij\u00f3n. - DIVERTIA \/ EP"},"primaryImageOfPage":{"@id":"https:\/\/eldigitaldeasturias.com\/radio\/xxix-edicion-de-la-fiesta-de-la-sidra-natural-con-la-apertura-del-mercadin\/#mainImage"},"datePublished":"2020-08-23T23:45:37+02:00","dateModified":"2020-08-23T23:45:37+02:00"},{"@type":"WebSite","@id":"https:\/\/eldigitaldeasturias.com\/radio\/#website","url":"https:\/\/eldigitaldeasturias.com\/radio\/","name":"El Digital de Asturias","description":"Diario de informaci\u00f3n y noticias","inLanguage":"es-ES","publisher":{"@id":"https:\/\/eldigitaldeasturias.com\/radio\/#organization"}}]},"og:locale":"es_ES","og:site_name":"El Digital de Asturias | Diario de informaci\u00f3n y noticias","og:type":"article","og:title":"XXIX edici\u00f3n de la Fiesta de la sidra natural con la apertura del Mercad\u00edn | El Digital de Asturias","og:description":"(EUROPA PRESS) - La XXIX edici\u00f3n de la Fiesta de la sidra natural de Gij\u00f3n se est\u00e1 celebrando este fin de semana. La Fiesta, de Inter\u00e9s Tur\u00edstico Regional, comenz\u00f3 con la apertura del Mercad\u00edn de la Sidra y la Manzana. Divertia ha informado en nota de prensa de que no se celebrar\u00e1n las actividades que congregaban","og:url":"https:\/\/eldigitaldeasturias.com\/radio\/xxix-edicion-de-la-fiesta-de-la-sidra-natural-con-la-apertura-del-mercadin\/","og:image":"https:\/\/eldigitaldeasturias.com\/radio\/wp-content\/uploads\/2020\/08\/Fiesta-de-la-sidra-natural.jpg","og:image:secure_url":"https:\/\/eldigitaldeasturias.com\/radio\/wp-content\/uploads\/2020\/08\/Fiesta-de-la-sidra-natural.jpg","og:image:width":701,"og:image:height":548,"article:published_time":"2020-08-23T23:45:37+00:00","article:modified_time":"2020-08-23T23:45:37+00:00","twitter:card":"summary_large_image","twitter:site":"@bercodi","twitter:title":"XXIX edici\u00f3n de la Fiesta de la sidra natural con la apertura del Mercad\u00edn | El Digital de Asturias","twitter:description":"(EUROPA PRESS) - La XXIX edici\u00f3n de la Fiesta de la sidra natural de Gij\u00f3n se est\u00e1 celebrando este fin de semana. La Fiesta, de Inter\u00e9s Tur\u00edstico Regional, comenz\u00f3 con la apertura del Mercad\u00edn de la Sidra y la Manzana. Divertia ha informado en nota de prensa de que no se celebrar\u00e1n las actividades que congregaban","twitter:creator":"@bercodi","twitter:image":"https:\/\/eldigitaldeasturias.com\/radio\/wp-content\/uploads\/2020\/08\/Fiesta-de-la-sidra-natural.jpg"},"aioseo_meta_data":{"post_id":"4934","title":null,"description":"","keywords":"","keyphrases":null,"primary_term":null,"canonical_url":"","og_title":null,"og_description":null,"og_object_type":"default","og_image_type":"default","og_image_url":null,"og_image_width":null,"og_image_height":null,"og_image_custom_url":null,"og_image_custom_fields":null,"og_video":null,"og_custom_url":null,"og_article_section":null,"og_article_tags":null,"twitter_use_og":false,"twitter_card":"default","twitter_image_type":"default","twitter_image_url":null,"twitter_image_custom_url":null,"twitter_image_custom_fields":null,"twitter_title":null,"twitter_description":null,"schema":{"blockGraphs":[],"customGraphs":[],"default":{"data":{"Article":[],"Course":[],"Dataset":[],"FAQPage":[],"Movie":[],"Person":[],"Product":[],"ProductReview":[],"Car":[],"Recipe":[],"Service":[],"SoftwareApplication":[],"WebPage":[]},"graphName":"","isEnabled":true},"graphs":[],"defaultGraph":"","defaultPostTypeGraph":""},"schema_type":null,"schema_type_options":null,"pillar_content":false,"robots_default":true,"robots_noindex":false,"robots_noarchive":false,"robots_nosnippet":false,"robots_nofollow":false,"robots_noimageindex":false,"robots_noodp":false,"robots_notranslate":false,"robots_max_snippet":null,"robots_max_videopreview":null,"robots_max_imagepreview":"large","priority":null,"frequency":null,"location":null,"local_seo":null,"seo_analyzer_scan_date":"2025-08-28 16:57:45","breadcrumb_settings":null,"limit_modified_date":false,"open_ai":null,"ai":null,"created":"2021-03-25 13:47:38","updated":"2025-08-28 16:57:45"},"aioseo_breadcrumb":"<div class=\"aioseo-breadcrumbs\"><span class=\"aioseo-breadcrumb\">\n\t<a href=\"https:\/\/eldigitaldeasturias.com\/radio\" title=\"Inicio\">Inicio<\/a>\n<\/span><span class=\"aioseo-breadcrumb-separator\">&ndash;<\/span><span class=\"aioseo-breadcrumb\">\n\t<a href=\"https:\/\/eldigitaldeasturias.com\/radio\/category\/noticias\/\" title=\"Noticias\">Noticias<\/a>\n<\/span><span class=\"aioseo-breadcrumb-separator\">&ndash;<\/span><span class=\"aioseo-breadcrumb\">\n\tXXIX edici\u00f3n de la Fiesta de la sidra natural con la apertura del Mercad\u00edn\n<\/span><\/div>","aioseo_breadcrumb_json":[{"label":"Inicio","link":"https:\/\/eldigitaldeasturias.com\/radio"},{"label":"Noticias","link":"https:\/\/eldigitaldeasturias.com\/radio\/category\/noticias\/"},{"label":"XXIX edici\u00f3n de la Fiesta de la sidra natural con la apertura del Mercad\u00edn","link":"https:\/\/eldigitaldeasturias.com\/radio\/xxix-edicion-de-la-fiesta-de-la-sidra-natural-con-la-apertura-del-mercadin\/"}],"_links":{"self":[{"href":"https:\/\/eldigitaldeasturias.com\/radio\/wp-json\/wp\/v2\/posts\/4934","targetHints":{"allow":["GET"]}}],"collection":[{"href":"https:\/\/eldigitaldeasturias.com\/radio\/wp-json\/wp\/v2\/posts"}],"about":[{"href":"https:\/\/eldigitaldeasturias.com\/radio\/wp-json\/wp\/v2\/types\/post"}],"author":[{"embeddable":true,"href":"https:\/\/eldigitaldeasturias.com\/radio\/wp-json\/wp\/v2\/users\/1"}],"replies":[{"embeddable":true,"href":"https:\/\/eldigitaldeasturias.com\/radio\/wp-json\/wp\/v2\/comments?post=4934"}],"version-history":[{"count":0,"href":"https:\/\/eldigitaldeasturias.com\/radio\/wp-json\/wp\/v2\/posts\/4934\/revisions"}],"wp:featuredmedia":[{"embeddable":true,"href":"https:\/\/eldigitaldeasturias.com\/radio\/wp-json\/wp\/v2\/media\/4935"}],"wp:attachment":[{"href":"https:\/\/eldigitaldeasturias.com\/radio\/wp-json\/wp\/v2\/media?parent=4934"}],"wp:term":[{"taxonomy":"category","embeddable":true,"href":"https:\/\/eldigitaldeasturias.com\/radio\/wp-json\/wp\/v2\/categories?post=4934"},{"taxonomy":"post_tag","embeddable":true,"href":"https:\/\/eldigitaldeasturias.com\/radio\/wp-json\/wp\/v2\/tags?post=4934"}],"curies":[{"name":"wp","href":"https:\/\/api.w.org\/{rel}","templated":true}]}}