{"id":4928,"date":"2020-08-23T23:35:55","date_gmt":"2020-08-23T23:35:55","guid":{"rendered":"http:\/\/www.eldigitaldeasturias.com\/radio\/?p=4928"},"modified":"2020-08-23T23:35:55","modified_gmt":"2020-08-23T23:35:55","slug":"la-pandemia-de-coronavirus-roza-ya-los-23-millones-de-contagios","status":"publish","type":"post","link":"https:\/\/eldigitaldeasturias.com\/radio\/la-pandemia-de-coronavirus-roza-ya-los-23-millones-de-contagios\/","title":{"rendered":"La pandemia de coronavirus roza ya los 23 millones de contagios"},"content":{"rendered":"<figure id=\"attachment_4929\" aria-describedby=\"caption-attachment-4929\" style=\"width: 360px\" class=\"wp-caption alignleft\"><img fetchpriority=\"high\" decoding=\"async\" class=\"size-medium wp-image-4929\" src=\"http:\/\/www.eldigitaldeasturias.com\/radio\/wp-content\/uploads\/2020\/08\/Tokyo-360x239.jpg\" alt=\"\" width=\"360\" height=\"239\" srcset=\"https:\/\/eldigitaldeasturias.com\/radio\/wp-content\/uploads\/2020\/08\/Tokyo-360x239.jpg 360w, https:\/\/eldigitaldeasturias.com\/radio\/wp-content\/uploads\/2020\/08\/Tokyo-768x510.jpg 768w, https:\/\/eldigitaldeasturias.com\/radio\/wp-content\/uploads\/2020\/08\/Tokyo.jpg 817w\" sizes=\"(max-width: 360px) 100vw, 360px\" \/><figcaption id=\"caption-attachment-4929\" class=\"wp-caption-text\">Foto: Rodrigo Reyes Marin\/ZUMA Wire\/dpa<\/figcaption><\/figure>\n<p>(EUROPA PRESS) &#8211;\u00a0La pandemia de coronavirus que comenz\u00f3 en China deja ya m\u00e1s de 22,95 millones de casos a nivel mundial y roza los 800.000 fallecicos, tras sumar en las \u00faltimas 24 horas 270.000 contagios, seg\u00fan el balance ofrecido este jueves por la Universidad Johns Hopkins de los 188 pa\u00edses y territorios afectados.<\/p>\n<p>En total, 22.954.220 personas han contra\u00eddo el virus, que deja ya 799.350 v\u00edctimas mortales. Adem\u00e1s, m\u00e1s de 14,71 millones de personas han conseguido superar la enfermedad, con Brasil como el pa\u00eds con m\u00e1s pacientes recuperados &#8211;2,85 millones&#8211;, seguido por India, que ha superado los 2,2 millones.<\/p>\n<p>Estados Unidos se mantiene como el pa\u00eds m\u00e1s afectado, con 5,62 millones de casos, mientras que los m\u00e1s de 175.409 muertos que se ha cobrado hasta la fecha la COVID-19 le sit\u00faan igualmente a la cabeza en este apartado.<\/p>\n<p>Brasil, con m\u00e1s 3,5 millones de casos y 113.358 v\u00edctimas mortales, ocupa el segundo lugar tanto en contagiados como en fallecidos. En el tercer lugar se encuentra India, con m\u00e1s de 2,9 millones de casos registrados y 55.794 fallecidos tras registrar un nuevo r\u00e9cord diario de contagios, con casi 70.000.<\/p>\n<p>En el listado le sigue Rusia, con 944.671 contagios y que 16.148 v\u00edctimas mortales. Sud\u00e1frica se consolida como el pa\u00eds africano m\u00e1s afectado &#8211;y el quinto de la lista&#8211;, con 603.338 casos y 12.843 muertos.<\/p>\n<p>A continuaci\u00f3n se sit\u00faan varios pa\u00edses de Am\u00e9rica Latina, que se ha convertido en uno de los principales epicentros de la pandemia. As\u00ed, Per\u00fa ocupa la sexta posici\u00f3n, con 567.059 contagios y 27.034 muertos.<\/p>\n<p>M\u00e9xico es el siguiente pa\u00eds con m\u00e1s contagios, con 549.734 y 59.610, lo que le convierte en el tercer pa\u00eds con m\u00e1s v\u00edctimas mortales a nivel mundial.<\/p>\n<p>La octava plaza la ocupa Colombia, con 522.138 positivos y 16.568 fallecidos, mientras que Chile se sit\u00faa en novena posici\u00f3n, con casi 393.769 contagios confirmados y 10.723 decesos.<\/p>\n<p>El &#8216;top 10&#8217; de la lista lo cierra Espa\u00f1a, con 386.054 casos y 28.838 fallecidos &#8211;el octavo pa\u00eds a nivel mundial&#8211;, alej\u00e1ndose de Ir\u00e1n, que durante semanas estuvo por delante. El pa\u00eds persa ha registrado 354.764 contagios y 20.376 fallecidos.<\/p>\n<p>Argentina ha superado en las \u00faltimas horas a Reino Unido. El pa\u00eds latinoamericano registra 329.043 contagios y 6.730 fallecidos, mientras que el Gobierno brit\u00e1nico ha confirmado 325.263 contagios y 41.491 fallecidos. Arabia Saud\u00ed cierra la lista de los 300.000 contagios, con 305.186 afectados.<\/p>\n<p>Por encima de los 200.000 figuran Pakist\u00e1n (292.174), Bangladesh (290.360), Francia (271.790), Italia (257.065), Turqu\u00eda (255.723) y Alemania (233.029).<\/p>\n<p>Entre los pa\u00edses con m\u00e1s de 100.000 contagiados figuran Irak (197.085), Filipinas (182.365), Indonesia (149.408), Canad\u00e1 (126.319), Qatar (116.481), Bolivia (107.435), Ecuador (106.481), Kazajist\u00e1n (104.313) y Ucrania (102.948). El \u00faltimo en sumarse a esta lista ha sido Israel, que tiene ya 100.716 positivos.<\/p>\n<p>Mientras, Egipto ya ha sumado los 97.148 contagios, mientras que Rep\u00fablica Dominicana, con 89.867 casos, ya ha superado a China, el pa\u00eds que vio nacer la pandemia, sigue a las puertas, con 89.616. Tambi\u00e9n est\u00e1n por encima de los 80.000 Suecia, Panam\u00e1 y Om\u00e1n, as\u00ed como B\u00e9lgica, que se ha unido este grupo el pasado jueves.<\/p>\n<p>Por su parte, Kuwait, Ruman\u00eda y Bielorrusia figuran en el siguiente tramo al haber sobrepasado los 70.000 casos. Pa\u00edses Bajos, Guatemala, Emiratos \u00c1rabes Unidos, Jap\u00f3n y Polonia han registrado m\u00e1s de 60.000 pacientes de COVID-19.<\/p>\n<p>La barrera de los 50.000 casos la superan ya Singapur, Portugal, Honduras y Nigeria, pa\u00eds este \u00faltimo que es el segundo m\u00e1s afectado de \u00c1frica y el m\u00e1s poblado del continente.<\/p>\n","protected":false},"excerpt":{"rendered":"<p>(EUROPA PRESS) &#8211;\u00a0La pandemia de coronavirus que comenz\u00f3 en China deja ya m\u00e1s de 22,95 millones de casos a nivel mundial y roza los 800.000 fallecicos, tras sumar en las \u00faltimas 24 horas 270.000 contagios, seg\u00fan el balance ofrecido este jueves por la Universidad Johns Hopkins de los 188 pa\u00edses y territorios afectados. En total,<\/p>\n","protected":false},"author":1,"featured_media":4929,"comment_status":"closed","ping_status":"closed","sticky":false,"template":"","format":"standard","meta":{"footnotes":""},"categories":[1],"tags":[],"class_list":{"0":"post-4928","1":"post","2":"type-post","3":"status-publish","4":"format-standard","5":"has-post-thumbnail","7":"category-noticias"},"aioseo_notices":[],"aioseo_head":"\n\t\t<!-- All in One SEO Pro 4.9.6.2 - aioseo.com -->\n\t<meta name=\"description\" content=\"(EUROPA PRESS) - La pandemia de coronavirus que comenz\u00f3 en China deja ya m\u00e1s de 22,95 millones de casos a nivel mundial y roza los 800.000 fallecicos, tras sumar en las \u00faltimas 24 horas 270.000 contagios, seg\u00fan el balance ofrecido este jueves por la Universidad Johns Hopkins de los 188 pa\u00edses y territorios afectados. En total,\" \/>\n\t<meta name=\"robots\" content=\"max-image-preview:large\" \/>\n\t<meta name=\"author\" content=\"NBAsturias\"\/>\n\t<meta name=\"google-site-verification\" content=\"UA-38556648-1\" \/>\n\t<meta name=\"keywords\" content=\"noticias\" \/>\n\t<link rel=\"canonical\" href=\"https:\/\/eldigitaldeasturias.com\/radio\/la-pandemia-de-coronavirus-roza-ya-los-23-millones-de-contagios\/\" \/>\n\t<meta name=\"generator\" content=\"All in One SEO Pro (AIOSEO) 4.9.6.2\" \/>\n\t\t<meta property=\"og:locale\" content=\"es_ES\" \/>\n\t\t<meta property=\"og:site_name\" content=\"El Digital de Asturias | Diario de informaci\u00f3n y noticias\" \/>\n\t\t<meta property=\"og:type\" content=\"article\" \/>\n\t\t<meta property=\"og:title\" content=\"La pandemia de coronavirus roza ya los 23 millones de contagios | El Digital de Asturias\" \/>\n\t\t<meta property=\"og:description\" content=\"(EUROPA PRESS) - La pandemia de coronavirus que comenz\u00f3 en China deja ya m\u00e1s de 22,95 millones de casos a nivel mundial y roza los 800.000 fallecicos, tras sumar en las \u00faltimas 24 horas 270.000 contagios, seg\u00fan el balance ofrecido este jueves por la Universidad Johns Hopkins de los 188 pa\u00edses y territorios afectados. En total,\" \/>\n\t\t<meta property=\"og:url\" content=\"https:\/\/eldigitaldeasturias.com\/radio\/la-pandemia-de-coronavirus-roza-ya-los-23-millones-de-contagios\/\" \/>\n\t\t<meta property=\"og:image\" content=\"https:\/\/eldigitaldeasturias.com\/radio\/wp-content\/uploads\/2020\/08\/Tokyo.jpg\" \/>\n\t\t<meta property=\"og:image:secure_url\" content=\"https:\/\/eldigitaldeasturias.com\/radio\/wp-content\/uploads\/2020\/08\/Tokyo.jpg\" \/>\n\t\t<meta property=\"og:image:width\" content=\"817\" \/>\n\t\t<meta property=\"og:image:height\" content=\"543\" \/>\n\t\t<meta property=\"article:published_time\" content=\"2020-08-23T23:35:55+00:00\" \/>\n\t\t<meta property=\"article:modified_time\" content=\"2020-08-23T23:35:55+00:00\" \/>\n\t\t<meta name=\"twitter:card\" content=\"summary_large_image\" \/>\n\t\t<meta name=\"twitter:site\" content=\"@bercodi\" \/>\n\t\t<meta name=\"twitter:title\" content=\"La pandemia de coronavirus roza ya los 23 millones de contagios | El Digital de Asturias\" \/>\n\t\t<meta name=\"twitter:description\" content=\"(EUROPA PRESS) - La pandemia de coronavirus que comenz\u00f3 en China deja ya m\u00e1s de 22,95 millones de casos a nivel mundial y roza los 800.000 fallecicos, tras sumar en las \u00faltimas 24 horas 270.000 contagios, seg\u00fan el balance ofrecido este jueves por la Universidad Johns Hopkins de los 188 pa\u00edses y territorios afectados. En total,\" \/>\n\t\t<meta name=\"twitter:creator\" content=\"@bercodi\" \/>\n\t\t<meta name=\"twitter:image\" content=\"https:\/\/eldigitaldeasturias.com\/radio\/wp-content\/uploads\/2020\/08\/Tokyo.jpg\" \/>\n\t\t<script type=\"application\/ld+json\" class=\"aioseo-schema\">\n\t\t\t{\"@context\":\"https:\\\/\\\/schema.org\",\"@graph\":[{\"@type\":\"BreadcrumbList\",\"@id\":\"https:\\\/\\\/eldigitaldeasturias.com\\\/radio\\\/la-pandemia-de-coronavirus-roza-ya-los-23-millones-de-contagios\\\/#breadcrumblist\",\"itemListElement\":[{\"@type\":\"ListItem\",\"@id\":\"https:\\\/\\\/eldigitaldeasturias.com\\\/radio#listItem\",\"position\":1,\"name\":\"Inicio\",\"item\":\"https:\\\/\\\/eldigitaldeasturias.com\\\/radio\",\"nextItem\":{\"@type\":\"ListItem\",\"@id\":\"https:\\\/\\\/eldigitaldeasturias.com\\\/radio\\\/category\\\/noticias\\\/#listItem\",\"name\":\"Noticias\"}},{\"@type\":\"ListItem\",\"@id\":\"https:\\\/\\\/eldigitaldeasturias.com\\\/radio\\\/category\\\/noticias\\\/#listItem\",\"position\":2,\"name\":\"Noticias\",\"item\":\"https:\\\/\\\/eldigitaldeasturias.com\\\/radio\\\/category\\\/noticias\\\/\",\"nextItem\":{\"@type\":\"ListItem\",\"@id\":\"https:\\\/\\\/eldigitaldeasturias.com\\\/radio\\\/la-pandemia-de-coronavirus-roza-ya-los-23-millones-de-contagios\\\/#listItem\",\"name\":\"La pandemia de coronavirus roza ya los 23 millones de contagios\"},\"previousItem\":{\"@type\":\"ListItem\",\"@id\":\"https:\\\/\\\/eldigitaldeasturias.com\\\/radio#listItem\",\"name\":\"Inicio\"}},{\"@type\":\"ListItem\",\"@id\":\"https:\\\/\\\/eldigitaldeasturias.com\\\/radio\\\/la-pandemia-de-coronavirus-roza-ya-los-23-millones-de-contagios\\\/#listItem\",\"position\":3,\"name\":\"La pandemia de coronavirus roza ya los 23 millones de contagios\",\"previousItem\":{\"@type\":\"ListItem\",\"@id\":\"https:\\\/\\\/eldigitaldeasturias.com\\\/radio\\\/category\\\/noticias\\\/#listItem\",\"name\":\"Noticias\"}}]},{\"@type\":\"NewsArticle\",\"@id\":\"https:\\\/\\\/eldigitaldeasturias.com\\\/radio\\\/la-pandemia-de-coronavirus-roza-ya-los-23-millones-de-contagios\\\/#newsarticle\",\"name\":\"La pandemia de coronavirus roza ya los 23 millones de contagios | El Digital de Asturias\",\"headline\":\"La pandemia de coronavirus roza ya los 23 millones de contagios\",\"author\":{\"@id\":\"https:\\\/\\\/eldigitaldeasturias.com\\\/radio\\\/author\\\/nbasturias\\\/#author\"},\"publisher\":{\"@id\":\"https:\\\/\\\/eldigitaldeasturias.com\\\/radio\\\/#organization\"},\"image\":{\"@type\":\"ImageObject\",\"url\":\"https:\\\/\\\/eldigitaldeasturias.com\\\/radio\\\/wp-content\\\/uploads\\\/2020\\\/08\\\/Tokyo.jpg\",\"width\":817,\"height\":543,\"caption\":\"Foto: Rodrigo Reyes Marin\\\/ZUMA Wire\\\/dpa\"},\"datePublished\":\"2020-08-23T23:35:55+02:00\",\"dateModified\":\"2020-08-23T23:35:55+02:00\",\"inLanguage\":\"es-ES\",\"mainEntityOfPage\":{\"@id\":\"https:\\\/\\\/eldigitaldeasturias.com\\\/radio\\\/la-pandemia-de-coronavirus-roza-ya-los-23-millones-de-contagios\\\/#webpage\"},\"isPartOf\":{\"@id\":\"https:\\\/\\\/eldigitaldeasturias.com\\\/radio\\\/la-pandemia-de-coronavirus-roza-ya-los-23-millones-de-contagios\\\/#webpage\"},\"articleSection\":\"Noticias\",\"dateline\":\"Publicado el agosto 23, 2020.\"},{\"@type\":\"Organization\",\"@id\":\"https:\\\/\\\/eldigitaldeasturias.com\\\/radio\\\/#organization\",\"name\":\"El digital de Asturias Radio\",\"description\":\"Diario de informaci\\u00f3n y noticias\",\"url\":\"https:\\\/\\\/eldigitaldeasturias.com\\\/radio\\\/\",\"telephone\":\"+34652131393\",\"logo\":{\"@type\":\"ImageObject\",\"url\":\"https:\\\/\\\/www.eldigitaldeasturias.com\\\/radio\\\/wp-content\\\/uploads\\\/2021\\\/03\\\/EDA.jpg\",\"@id\":\"https:\\\/\\\/eldigitaldeasturias.com\\\/radio\\\/la-pandemia-de-coronavirus-roza-ya-los-23-millones-de-contagios\\\/#organizationLogo\"},\"image\":{\"@id\":\"https:\\\/\\\/eldigitaldeasturias.com\\\/radio\\\/la-pandemia-de-coronavirus-roza-ya-los-23-millones-de-contagios\\\/#organizationLogo\"},\"sameAs\":[\"https:\\\/\\\/www.facebook.com\\\/\",\"https:\\\/\\\/x.com\\\/bercodi\",\"https:\\\/\\\/www.instagram.com\\\/\",\"https:\\\/\\\/www.youtube.com\\\/channel\\\/UCZP-2wLEB9Rv6erhFmqVnvg\"]},{\"@type\":\"Person\",\"@id\":\"https:\\\/\\\/eldigitaldeasturias.com\\\/radio\\\/author\\\/nbasturias\\\/#author\",\"url\":\"https:\\\/\\\/eldigitaldeasturias.com\\\/radio\\\/author\\\/nbasturias\\\/\",\"name\":\"NBAsturias\",\"image\":{\"@type\":\"ImageObject\",\"@id\":\"https:\\\/\\\/eldigitaldeasturias.com\\\/radio\\\/la-pandemia-de-coronavirus-roza-ya-los-23-millones-de-contagios\\\/#authorImage\",\"url\":\"https:\\\/\\\/secure.gravatar.com\\\/avatar\\\/df2aeffc32bcd13f8d26072ef8a91b623d677766deac7f97ca815868cd41bf5e?s=96&d=mm&r=g\",\"width\":96,\"height\":96,\"caption\":\"NBAsturias\"}},{\"@type\":\"WebPage\",\"@id\":\"https:\\\/\\\/eldigitaldeasturias.com\\\/radio\\\/la-pandemia-de-coronavirus-roza-ya-los-23-millones-de-contagios\\\/#webpage\",\"url\":\"https:\\\/\\\/eldigitaldeasturias.com\\\/radio\\\/la-pandemia-de-coronavirus-roza-ya-los-23-millones-de-contagios\\\/\",\"name\":\"La pandemia de coronavirus roza ya los 23 millones de contagios | El Digital de Asturias\",\"description\":\"(EUROPA PRESS) - La pandemia de coronavirus que comenz\\u00f3 en China deja ya m\\u00e1s de 22,95 millones de casos a nivel mundial y roza los 800.000 fallecicos, tras sumar en las \\u00faltimas 24 horas 270.000 contagios, seg\\u00fan el balance ofrecido este jueves por la Universidad Johns Hopkins de los 188 pa\\u00edses y territorios afectados. En total,\",\"inLanguage\":\"es-ES\",\"isPartOf\":{\"@id\":\"https:\\\/\\\/eldigitaldeasturias.com\\\/radio\\\/#website\"},\"breadcrumb\":{\"@id\":\"https:\\\/\\\/eldigitaldeasturias.com\\\/radio\\\/la-pandemia-de-coronavirus-roza-ya-los-23-millones-de-contagios\\\/#breadcrumblist\"},\"author\":{\"@id\":\"https:\\\/\\\/eldigitaldeasturias.com\\\/radio\\\/author\\\/nbasturias\\\/#author\"},\"creator\":{\"@id\":\"https:\\\/\\\/eldigitaldeasturias.com\\\/radio\\\/author\\\/nbasturias\\\/#author\"},\"image\":{\"@type\":\"ImageObject\",\"url\":\"https:\\\/\\\/eldigitaldeasturias.com\\\/radio\\\/wp-content\\\/uploads\\\/2020\\\/08\\\/Tokyo.jpg\",\"@id\":\"https:\\\/\\\/eldigitaldeasturias.com\\\/radio\\\/la-pandemia-de-coronavirus-roza-ya-los-23-millones-de-contagios\\\/#mainImage\",\"width\":817,\"height\":543,\"caption\":\"Foto: Rodrigo Reyes Marin\\\/ZUMA Wire\\\/dpa\"},\"primaryImageOfPage\":{\"@id\":\"https:\\\/\\\/eldigitaldeasturias.com\\\/radio\\\/la-pandemia-de-coronavirus-roza-ya-los-23-millones-de-contagios\\\/#mainImage\"},\"datePublished\":\"2020-08-23T23:35:55+02:00\",\"dateModified\":\"2020-08-23T23:35:55+02:00\"},{\"@type\":\"WebSite\",\"@id\":\"https:\\\/\\\/eldigitaldeasturias.com\\\/radio\\\/#website\",\"url\":\"https:\\\/\\\/eldigitaldeasturias.com\\\/radio\\\/\",\"name\":\"El Digital de Asturias\",\"description\":\"Diario de informaci\\u00f3n y noticias\",\"inLanguage\":\"es-ES\",\"publisher\":{\"@id\":\"https:\\\/\\\/eldigitaldeasturias.com\\\/radio\\\/#organization\"}}]}\n\t\t<\/script>\n\t\t<!-- All in One SEO Pro -->\r\n\t\t<title>La pandemia de coronavirus roza ya los 23 millones de contagios | El Digital de Asturias<\/title>\n\n","aioseo_head_json":{"title":"La pandemia de coronavirus roza ya los 23 millones de contagios | El Digital de Asturias","description":"(EUROPA PRESS) - La pandemia de coronavirus que comenz\u00f3 en China deja ya m\u00e1s de 22,95 millones de casos a nivel mundial y roza los 800.000 fallecicos, tras sumar en las \u00faltimas 24 horas 270.000 contagios, seg\u00fan el balance ofrecido este jueves por la Universidad Johns Hopkins de los 188 pa\u00edses y territorios afectados. En total,","canonical_url":"https:\/\/eldigitaldeasturias.com\/radio\/la-pandemia-de-coronavirus-roza-ya-los-23-millones-de-contagios\/","robots":"max-image-preview:large","keywords":"noticias","webmasterTools":{"google-site-verification":"UA-38556648-1","miscellaneous":""},"schema":{"@context":"https:\/\/schema.org","@graph":[{"@type":"BreadcrumbList","@id":"https:\/\/eldigitaldeasturias.com\/radio\/la-pandemia-de-coronavirus-roza-ya-los-23-millones-de-contagios\/#breadcrumblist","itemListElement":[{"@type":"ListItem","@id":"https:\/\/eldigitaldeasturias.com\/radio#listItem","position":1,"name":"Inicio","item":"https:\/\/eldigitaldeasturias.com\/radio","nextItem":{"@type":"ListItem","@id":"https:\/\/eldigitaldeasturias.com\/radio\/category\/noticias\/#listItem","name":"Noticias"}},{"@type":"ListItem","@id":"https:\/\/eldigitaldeasturias.com\/radio\/category\/noticias\/#listItem","position":2,"name":"Noticias","item":"https:\/\/eldigitaldeasturias.com\/radio\/category\/noticias\/","nextItem":{"@type":"ListItem","@id":"https:\/\/eldigitaldeasturias.com\/radio\/la-pandemia-de-coronavirus-roza-ya-los-23-millones-de-contagios\/#listItem","name":"La pandemia de coronavirus roza ya los 23 millones de contagios"},"previousItem":{"@type":"ListItem","@id":"https:\/\/eldigitaldeasturias.com\/radio#listItem","name":"Inicio"}},{"@type":"ListItem","@id":"https:\/\/eldigitaldeasturias.com\/radio\/la-pandemia-de-coronavirus-roza-ya-los-23-millones-de-contagios\/#listItem","position":3,"name":"La pandemia de coronavirus roza ya los 23 millones de contagios","previousItem":{"@type":"ListItem","@id":"https:\/\/eldigitaldeasturias.com\/radio\/category\/noticias\/#listItem","name":"Noticias"}}]},{"@type":"NewsArticle","@id":"https:\/\/eldigitaldeasturias.com\/radio\/la-pandemia-de-coronavirus-roza-ya-los-23-millones-de-contagios\/#newsarticle","name":"La pandemia de coronavirus roza ya los 23 millones de contagios | El Digital de Asturias","headline":"La pandemia de coronavirus roza ya los 23 millones de contagios","author":{"@id":"https:\/\/eldigitaldeasturias.com\/radio\/author\/nbasturias\/#author"},"publisher":{"@id":"https:\/\/eldigitaldeasturias.com\/radio\/#organization"},"image":{"@type":"ImageObject","url":"https:\/\/eldigitaldeasturias.com\/radio\/wp-content\/uploads\/2020\/08\/Tokyo.jpg","width":817,"height":543,"caption":"Foto: Rodrigo Reyes Marin\/ZUMA Wire\/dpa"},"datePublished":"2020-08-23T23:35:55+02:00","dateModified":"2020-08-23T23:35:55+02:00","inLanguage":"es-ES","mainEntityOfPage":{"@id":"https:\/\/eldigitaldeasturias.com\/radio\/la-pandemia-de-coronavirus-roza-ya-los-23-millones-de-contagios\/#webpage"},"isPartOf":{"@id":"https:\/\/eldigitaldeasturias.com\/radio\/la-pandemia-de-coronavirus-roza-ya-los-23-millones-de-contagios\/#webpage"},"articleSection":"Noticias","dateline":"Publicado el agosto 23, 2020."},{"@type":"Organization","@id":"https:\/\/eldigitaldeasturias.com\/radio\/#organization","name":"El digital de Asturias Radio","description":"Diario de informaci\u00f3n y noticias","url":"https:\/\/eldigitaldeasturias.com\/radio\/","telephone":"+34652131393","logo":{"@type":"ImageObject","url":"https:\/\/www.eldigitaldeasturias.com\/radio\/wp-content\/uploads\/2021\/03\/EDA.jpg","@id":"https:\/\/eldigitaldeasturias.com\/radio\/la-pandemia-de-coronavirus-roza-ya-los-23-millones-de-contagios\/#organizationLogo"},"image":{"@id":"https:\/\/eldigitaldeasturias.com\/radio\/la-pandemia-de-coronavirus-roza-ya-los-23-millones-de-contagios\/#organizationLogo"},"sameAs":["https:\/\/www.facebook.com\/","https:\/\/x.com\/bercodi","https:\/\/www.instagram.com\/","https:\/\/www.youtube.com\/channel\/UCZP-2wLEB9Rv6erhFmqVnvg"]},{"@type":"Person","@id":"https:\/\/eldigitaldeasturias.com\/radio\/author\/nbasturias\/#author","url":"https:\/\/eldigitaldeasturias.com\/radio\/author\/nbasturias\/","name":"NBAsturias","image":{"@type":"ImageObject","@id":"https:\/\/eldigitaldeasturias.com\/radio\/la-pandemia-de-coronavirus-roza-ya-los-23-millones-de-contagios\/#authorImage","url":"https:\/\/secure.gravatar.com\/avatar\/df2aeffc32bcd13f8d26072ef8a91b623d677766deac7f97ca815868cd41bf5e?s=96&d=mm&r=g","width":96,"height":96,"caption":"NBAsturias"}},{"@type":"WebPage","@id":"https:\/\/eldigitaldeasturias.com\/radio\/la-pandemia-de-coronavirus-roza-ya-los-23-millones-de-contagios\/#webpage","url":"https:\/\/eldigitaldeasturias.com\/radio\/la-pandemia-de-coronavirus-roza-ya-los-23-millones-de-contagios\/","name":"La pandemia de coronavirus roza ya los 23 millones de contagios | El Digital de Asturias","description":"(EUROPA PRESS) - La pandemia de coronavirus que comenz\u00f3 en China deja ya m\u00e1s de 22,95 millones de casos a nivel mundial y roza los 800.000 fallecicos, tras sumar en las \u00faltimas 24 horas 270.000 contagios, seg\u00fan el balance ofrecido este jueves por la Universidad Johns Hopkins de los 188 pa\u00edses y territorios afectados. En total,","inLanguage":"es-ES","isPartOf":{"@id":"https:\/\/eldigitaldeasturias.com\/radio\/#website"},"breadcrumb":{"@id":"https:\/\/eldigitaldeasturias.com\/radio\/la-pandemia-de-coronavirus-roza-ya-los-23-millones-de-contagios\/#breadcrumblist"},"author":{"@id":"https:\/\/eldigitaldeasturias.com\/radio\/author\/nbasturias\/#author"},"creator":{"@id":"https:\/\/eldigitaldeasturias.com\/radio\/author\/nbasturias\/#author"},"image":{"@type":"ImageObject","url":"https:\/\/eldigitaldeasturias.com\/radio\/wp-content\/uploads\/2020\/08\/Tokyo.jpg","@id":"https:\/\/eldigitaldeasturias.com\/radio\/la-pandemia-de-coronavirus-roza-ya-los-23-millones-de-contagios\/#mainImage","width":817,"height":543,"caption":"Foto: Rodrigo Reyes Marin\/ZUMA Wire\/dpa"},"primaryImageOfPage":{"@id":"https:\/\/eldigitaldeasturias.com\/radio\/la-pandemia-de-coronavirus-roza-ya-los-23-millones-de-contagios\/#mainImage"},"datePublished":"2020-08-23T23:35:55+02:00","dateModified":"2020-08-23T23:35:55+02:00"},{"@type":"WebSite","@id":"https:\/\/eldigitaldeasturias.com\/radio\/#website","url":"https:\/\/eldigitaldeasturias.com\/radio\/","name":"El Digital de Asturias","description":"Diario de informaci\u00f3n y noticias","inLanguage":"es-ES","publisher":{"@id":"https:\/\/eldigitaldeasturias.com\/radio\/#organization"}}]},"og:locale":"es_ES","og:site_name":"El Digital de Asturias | Diario de informaci\u00f3n y noticias","og:type":"article","og:title":"La pandemia de coronavirus roza ya los 23 millones de contagios | El Digital de Asturias","og:description":"(EUROPA PRESS) - La pandemia de coronavirus que comenz\u00f3 en China deja ya m\u00e1s de 22,95 millones de casos a nivel mundial y roza los 800.000 fallecicos, tras sumar en las \u00faltimas 24 horas 270.000 contagios, seg\u00fan el balance ofrecido este jueves por la Universidad Johns Hopkins de los 188 pa\u00edses y territorios afectados. En total,","og:url":"https:\/\/eldigitaldeasturias.com\/radio\/la-pandemia-de-coronavirus-roza-ya-los-23-millones-de-contagios\/","og:image":"https:\/\/eldigitaldeasturias.com\/radio\/wp-content\/uploads\/2020\/08\/Tokyo.jpg","og:image:secure_url":"https:\/\/eldigitaldeasturias.com\/radio\/wp-content\/uploads\/2020\/08\/Tokyo.jpg","og:image:width":817,"og:image:height":543,"article:published_time":"2020-08-23T23:35:55+00:00","article:modified_time":"2020-08-23T23:35:55+00:00","twitter:card":"summary_large_image","twitter:site":"@bercodi","twitter:title":"La pandemia de coronavirus roza ya los 23 millones de contagios | El Digital de Asturias","twitter:description":"(EUROPA PRESS) - La pandemia de coronavirus que comenz\u00f3 en China deja ya m\u00e1s de 22,95 millones de casos a nivel mundial y roza los 800.000 fallecicos, tras sumar en las \u00faltimas 24 horas 270.000 contagios, seg\u00fan el balance ofrecido este jueves por la Universidad Johns Hopkins de los 188 pa\u00edses y territorios afectados. En total,","twitter:creator":"@bercodi","twitter:image":"https:\/\/eldigitaldeasturias.com\/radio\/wp-content\/uploads\/2020\/08\/Tokyo.jpg"},"aioseo_meta_data":{"post_id":"4928","title":null,"description":"","keywords":"","keyphrases":null,"primary_term":null,"canonical_url":"","og_title":null,"og_description":null,"og_object_type":"default","og_image_type":"default","og_image_url":null,"og_image_width":null,"og_image_height":null,"og_image_custom_url":null,"og_image_custom_fields":null,"og_video":null,"og_custom_url":null,"og_article_section":null,"og_article_tags":null,"twitter_use_og":false,"twitter_card":"default","twitter_image_type":"default","twitter_image_url":null,"twitter_image_custom_url":null,"twitter_image_custom_fields":null,"twitter_title":null,"twitter_description":null,"schema":{"blockGraphs":[],"customGraphs":[],"default":{"data":{"Article":[],"Course":[],"Dataset":[],"FAQPage":[],"Movie":[],"Person":[],"Product":[],"ProductReview":[],"Car":[],"Recipe":[],"Service":[],"SoftwareApplication":[],"WebPage":[]},"graphName":"","isEnabled":true},"graphs":[],"defaultGraph":"","defaultPostTypeGraph":""},"schema_type":null,"schema_type_options":null,"pillar_content":false,"robots_default":true,"robots_noindex":false,"robots_noarchive":false,"robots_nosnippet":false,"robots_nofollow":false,"robots_noimageindex":false,"robots_noodp":false,"robots_notranslate":false,"robots_max_snippet":null,"robots_max_videopreview":null,"robots_max_imagepreview":"large","priority":null,"frequency":null,"location":null,"local_seo":null,"seo_analyzer_scan_date":"2025-08-28 16:56:06","breadcrumb_settings":null,"limit_modified_date":false,"open_ai":null,"ai":null,"created":"2021-03-25 13:47:38","updated":"2025-08-28 16:56:06"},"aioseo_breadcrumb":"<div class=\"aioseo-breadcrumbs\"><span class=\"aioseo-breadcrumb\">\n\t<a href=\"https:\/\/eldigitaldeasturias.com\/radio\" title=\"Inicio\">Inicio<\/a>\n<\/span><span class=\"aioseo-breadcrumb-separator\">&ndash;<\/span><span class=\"aioseo-breadcrumb\">\n\t<a href=\"https:\/\/eldigitaldeasturias.com\/radio\/category\/noticias\/\" title=\"Noticias\">Noticias<\/a>\n<\/span><span class=\"aioseo-breadcrumb-separator\">&ndash;<\/span><span class=\"aioseo-breadcrumb\">\n\tLa pandemia de coronavirus roza ya los 23 millones de contagios\n<\/span><\/div>","aioseo_breadcrumb_json":[{"label":"Inicio","link":"https:\/\/eldigitaldeasturias.com\/radio"},{"label":"Noticias","link":"https:\/\/eldigitaldeasturias.com\/radio\/category\/noticias\/"},{"label":"La pandemia de coronavirus roza ya los 23 millones de contagios","link":"https:\/\/eldigitaldeasturias.com\/radio\/la-pandemia-de-coronavirus-roza-ya-los-23-millones-de-contagios\/"}],"_links":{"self":[{"href":"https:\/\/eldigitaldeasturias.com\/radio\/wp-json\/wp\/v2\/posts\/4928","targetHints":{"allow":["GET"]}}],"collection":[{"href":"https:\/\/eldigitaldeasturias.com\/radio\/wp-json\/wp\/v2\/posts"}],"about":[{"href":"https:\/\/eldigitaldeasturias.com\/radio\/wp-json\/wp\/v2\/types\/post"}],"author":[{"embeddable":true,"href":"https:\/\/eldigitaldeasturias.com\/radio\/wp-json\/wp\/v2\/users\/1"}],"replies":[{"embeddable":true,"href":"https:\/\/eldigitaldeasturias.com\/radio\/wp-json\/wp\/v2\/comments?post=4928"}],"version-history":[{"count":0,"href":"https:\/\/eldigitaldeasturias.com\/radio\/wp-json\/wp\/v2\/posts\/4928\/revisions"}],"wp:featuredmedia":[{"embeddable":true,"href":"https:\/\/eldigitaldeasturias.com\/radio\/wp-json\/wp\/v2\/media\/4929"}],"wp:attachment":[{"href":"https:\/\/eldigitaldeasturias.com\/radio\/wp-json\/wp\/v2\/media?parent=4928"}],"wp:term":[{"taxonomy":"category","embeddable":true,"href":"https:\/\/eldigitaldeasturias.com\/radio\/wp-json\/wp\/v2\/categories?post=4928"},{"taxonomy":"post_tag","embeddable":true,"href":"https:\/\/eldigitaldeasturias.com\/radio\/wp-json\/wp\/v2\/tags?post=4928"}],"curies":[{"name":"wp","href":"https:\/\/api.w.org\/{rel}","templated":true}]}}