{"id":4925,"date":"2020-08-23T23:33:40","date_gmt":"2020-08-23T23:33:40","guid":{"rendered":"http:\/\/www.eldigitaldeasturias.com\/radio\/?p=4925"},"modified":"2020-08-23T23:33:40","modified_gmt":"2020-08-23T23:33:40","slug":"el-instituto-de-astrofisica-de-canarias-acerca-la-astronomia-a-nucleos-rurales-de-allande","status":"publish","type":"post","link":"https:\/\/eldigitaldeasturias.com\/radio\/el-instituto-de-astrofisica-de-canarias-acerca-la-astronomia-a-nucleos-rurales-de-allande\/","title":{"rendered":"El Instituto de Astrof\u00edsica de Canarias acerca la astronom\u00eda a n\u00facleos rurales de Allande"},"content":{"rendered":"<figure id=\"attachment_4926\" aria-describedby=\"caption-attachment-4926\" style=\"width: 208px\" class=\"wp-caption alignleft\"><img fetchpriority=\"high\" decoding=\"async\" class=\"wp-image-4926 size-medium\" src=\"http:\/\/www.eldigitaldeasturias.com\/radio\/wp-content\/uploads\/2020\/08\/Allande-208x300.jpg\" alt=\"\" width=\"208\" height=\"300\" srcset=\"https:\/\/eldigitaldeasturias.com\/radio\/wp-content\/uploads\/2020\/08\/Allande-208x300.jpg 208w, https:\/\/eldigitaldeasturias.com\/radio\/wp-content\/uploads\/2020\/08\/Allande.jpg 473w\" sizes=\"(max-width: 208px) 100vw, 208px\" \/><figcaption id=\"caption-attachment-4926\" class=\"wp-caption-text\">Cartel de las jornadas divulgativas &#8216;Allande Stars&#8217;, organizadas por el IAC. &#8211; ALLADE STARS<\/figcaption><\/figure>\n<p>(EUROPA PRESS) &#8211;\u00a0El Instituto de Astrof\u00edsica de Canarias ha organizado este fin de semana una serie de actividades en el concejo asturiano de Allande para acercar a la poblaci\u00f3n rural asturiana la astronom\u00eda y la investigaci\u00f3n astrof\u00edsica que se realiza en el pa\u00eds.<\/p>\n<p>Lo hace a trav\u00e9s del proyecto itinerante &#8216;Allande Stars&#8217;, por el cual el equipo del proyecto, liderado por la investigadora predoctoral asturiana del IAC Luc\u00eda Gonz\u00e1lez Cuesta, recorrer\u00e1 el concejo de Allande visitando sus pueblos para hablar sobre temas como los planetas del Sistema Solar, el origen c\u00f3smico de los elementos qu\u00edmicos, o de la importancia de la investigaci\u00f3n en Astrof\u00edsica que se realiza en Espa\u00f1a.<\/p>\n<p>El IAC informa en su p\u00e1gina de Facebook de que esta iniciativa forma parte de su compromiso de \u00abcompartir el conocimiento cient\u00edfico a la sociedad y contribuir al fomento de las vocaciones cient\u00edficas, especialmente entre los m\u00e1s j\u00f3venes\u00bb.<\/p>\n<p>El proyecto tambi\u00e9n pretende poner en valor la cultura y el patrimonio local y animar a los participantes a \u00abno dejar de contemplar el cielo\u00bb.<\/p>\n<p>En las actividades organizadas, los participantes podr\u00e1n aprender sobre el Sol, los planetas del Sistema Solar, sus tama\u00f1os, distancias y las misiones espaciales que los han visitado as\u00ed como descubrir el origen c\u00f3smico del oro, muy presente en la zona.<\/p>\n<p>\u00abSe busca tambi\u00e9n usar la Astronom\u00eda, y la observaci\u00f3n del cielo, como herramienta para compartir y poner en valor la cultura y el patrimonio local\u00bb, agrega el IAC.<\/p>\n<p>La iniciativa ha sido concebida por Luc\u00eda Gonz\u00e1lez Cuesta, investigadora predoctoral del Instituto de Astrof\u00edsica de Canarias y ganadora de la \u00faltima edici\u00f3n del concurso de divulgaci\u00f3n cient\u00edfica \u00abSomos Cient\u00edficos y Cient\u00edficas\u00bb, organizado con la colaboraci\u00f3n de Fecyt, el Marine Stewardship Council en Espa\u00f1a y el CSIC.<\/p>\n<p>Adem\u00e1s, cuenta con la participaci\u00f3n de la astrof\u00edsica divulgadora madrile\u00f1a del IAC, Sandra Benitez Herrera, coordinadora de los proyectos Cosmolab &#8211; El Sistema Solar como Laboratorio en el Aula y Amanar y con experiencia en proyectos educativos itinerantes en zonas remotas a trav\u00e9s del programa &#8216;GalileoMobile&#8217; (www.galileomobile.org).<\/p>\n","protected":false},"excerpt":{"rendered":"<p>(EUROPA PRESS) &#8211;\u00a0El Instituto de Astrof\u00edsica de Canarias ha organizado este fin de semana una serie de actividades en el concejo asturiano de Allande para acercar a la poblaci\u00f3n rural asturiana la astronom\u00eda y la investigaci\u00f3n astrof\u00edsica que se realiza en el pa\u00eds. Lo hace a trav\u00e9s del proyecto itinerante &#8216;Allande Stars&#8217;, por el cual<\/p>\n","protected":false},"author":1,"featured_media":4926,"comment_status":"closed","ping_status":"closed","sticky":false,"template":"","format":"standard","meta":{"footnotes":""},"categories":[1],"tags":[],"class_list":{"0":"post-4925","1":"post","2":"type-post","3":"status-publish","4":"format-standard","5":"has-post-thumbnail","7":"category-noticias"},"aioseo_notices":[],"aioseo_head":"\n\t\t<!-- All in One SEO Pro 4.9.6.2 - aioseo.com -->\n\t<meta name=\"description\" content=\"(EUROPA PRESS) - El Instituto de Astrof\u00edsica de Canarias ha organizado este fin de semana una serie de actividades en el concejo asturiano de Allande para acercar a la poblaci\u00f3n rural asturiana la astronom\u00eda y la investigaci\u00f3n astrof\u00edsica que se realiza en el pa\u00eds. Lo hace a trav\u00e9s del proyecto itinerante &#039;Allande Stars&#039;, por el cual\" \/>\n\t<meta name=\"robots\" content=\"max-image-preview:large\" \/>\n\t<meta name=\"author\" content=\"NBAsturias\"\/>\n\t<meta name=\"google-site-verification\" content=\"UA-38556648-1\" \/>\n\t<meta name=\"keywords\" content=\"noticias\" \/>\n\t<link rel=\"canonical\" href=\"https:\/\/eldigitaldeasturias.com\/radio\/el-instituto-de-astrofisica-de-canarias-acerca-la-astronomia-a-nucleos-rurales-de-allande\/\" \/>\n\t<meta name=\"generator\" content=\"All in One SEO Pro (AIOSEO) 4.9.6.2\" \/>\n\t\t<meta property=\"og:locale\" content=\"es_ES\" \/>\n\t\t<meta property=\"og:site_name\" content=\"El Digital de Asturias | Diario de informaci\u00f3n y noticias\" \/>\n\t\t<meta property=\"og:type\" content=\"article\" \/>\n\t\t<meta property=\"og:title\" content=\"El Instituto de Astrof\u00edsica de Canarias acerca la astronom\u00eda a n\u00facleos rurales de Allande | El Digital de Asturias\" \/>\n\t\t<meta property=\"og:description\" content=\"(EUROPA PRESS) - El Instituto de Astrof\u00edsica de Canarias ha organizado este fin de semana una serie de actividades en el concejo asturiano de Allande para acercar a la poblaci\u00f3n rural asturiana la astronom\u00eda y la investigaci\u00f3n astrof\u00edsica que se realiza en el pa\u00eds. Lo hace a trav\u00e9s del proyecto itinerante &#039;Allande Stars&#039;, por el cual\" \/>\n\t\t<meta property=\"og:url\" content=\"https:\/\/eldigitaldeasturias.com\/radio\/el-instituto-de-astrofisica-de-canarias-acerca-la-astronomia-a-nucleos-rurales-de-allande\/\" \/>\n\t\t<meta property=\"og:image\" content=\"https:\/\/eldigitaldeasturias.com\/radio\/wp-content\/uploads\/2020\/08\/Allande.jpg\" \/>\n\t\t<meta property=\"og:image:secure_url\" content=\"https:\/\/eldigitaldeasturias.com\/radio\/wp-content\/uploads\/2020\/08\/Allande.jpg\" \/>\n\t\t<meta property=\"og:image:width\" content=\"473\" \/>\n\t\t<meta property=\"og:image:height\" content=\"681\" \/>\n\t\t<meta property=\"article:published_time\" content=\"2020-08-23T23:33:40+00:00\" \/>\n\t\t<meta property=\"article:modified_time\" content=\"2020-08-23T23:33:40+00:00\" \/>\n\t\t<meta name=\"twitter:card\" content=\"summary_large_image\" \/>\n\t\t<meta name=\"twitter:site\" content=\"@bercodi\" \/>\n\t\t<meta name=\"twitter:title\" content=\"El Instituto de Astrof\u00edsica de Canarias acerca la astronom\u00eda a n\u00facleos rurales de Allande | El Digital de Asturias\" \/>\n\t\t<meta name=\"twitter:description\" content=\"(EUROPA PRESS) - El Instituto de Astrof\u00edsica de Canarias ha organizado este fin de semana una serie de actividades en el concejo asturiano de Allande para acercar a la poblaci\u00f3n rural asturiana la astronom\u00eda y la investigaci\u00f3n astrof\u00edsica que se realiza en el pa\u00eds. Lo hace a trav\u00e9s del proyecto itinerante &#039;Allande Stars&#039;, por el cual\" \/>\n\t\t<meta name=\"twitter:creator\" content=\"@bercodi\" \/>\n\t\t<meta name=\"twitter:image\" content=\"https:\/\/eldigitaldeasturias.com\/radio\/wp-content\/uploads\/2020\/08\/Allande.jpg\" \/>\n\t\t<script type=\"application\/ld+json\" class=\"aioseo-schema\">\n\t\t\t{\"@context\":\"https:\\\/\\\/schema.org\",\"@graph\":[{\"@type\":\"BreadcrumbList\",\"@id\":\"https:\\\/\\\/eldigitaldeasturias.com\\\/radio\\\/el-instituto-de-astrofisica-de-canarias-acerca-la-astronomia-a-nucleos-rurales-de-allande\\\/#breadcrumblist\",\"itemListElement\":[{\"@type\":\"ListItem\",\"@id\":\"https:\\\/\\\/eldigitaldeasturias.com\\\/radio#listItem\",\"position\":1,\"name\":\"Inicio\",\"item\":\"https:\\\/\\\/eldigitaldeasturias.com\\\/radio\",\"nextItem\":{\"@type\":\"ListItem\",\"@id\":\"https:\\\/\\\/eldigitaldeasturias.com\\\/radio\\\/category\\\/noticias\\\/#listItem\",\"name\":\"Noticias\"}},{\"@type\":\"ListItem\",\"@id\":\"https:\\\/\\\/eldigitaldeasturias.com\\\/radio\\\/category\\\/noticias\\\/#listItem\",\"position\":2,\"name\":\"Noticias\",\"item\":\"https:\\\/\\\/eldigitaldeasturias.com\\\/radio\\\/category\\\/noticias\\\/\",\"nextItem\":{\"@type\":\"ListItem\",\"@id\":\"https:\\\/\\\/eldigitaldeasturias.com\\\/radio\\\/el-instituto-de-astrofisica-de-canarias-acerca-la-astronomia-a-nucleos-rurales-de-allande\\\/#listItem\",\"name\":\"El Instituto de Astrof\\u00edsica de Canarias acerca la astronom\\u00eda a n\\u00facleos rurales de Allande\"},\"previousItem\":{\"@type\":\"ListItem\",\"@id\":\"https:\\\/\\\/eldigitaldeasturias.com\\\/radio#listItem\",\"name\":\"Inicio\"}},{\"@type\":\"ListItem\",\"@id\":\"https:\\\/\\\/eldigitaldeasturias.com\\\/radio\\\/el-instituto-de-astrofisica-de-canarias-acerca-la-astronomia-a-nucleos-rurales-de-allande\\\/#listItem\",\"position\":3,\"name\":\"El Instituto de Astrof\\u00edsica de Canarias acerca la astronom\\u00eda a n\\u00facleos rurales de Allande\",\"previousItem\":{\"@type\":\"ListItem\",\"@id\":\"https:\\\/\\\/eldigitaldeasturias.com\\\/radio\\\/category\\\/noticias\\\/#listItem\",\"name\":\"Noticias\"}}]},{\"@type\":\"NewsArticle\",\"@id\":\"https:\\\/\\\/eldigitaldeasturias.com\\\/radio\\\/el-instituto-de-astrofisica-de-canarias-acerca-la-astronomia-a-nucleos-rurales-de-allande\\\/#newsarticle\",\"name\":\"El Instituto de Astrof\\u00edsica de Canarias acerca la astronom\\u00eda a n\\u00facleos rurales de Allande | El Digital de Asturias\",\"headline\":\"El Instituto de Astrof\\u00edsica de Canarias acerca la astronom\\u00eda a n\\u00facleos rurales de Allande\",\"author\":{\"@id\":\"https:\\\/\\\/eldigitaldeasturias.com\\\/radio\\\/author\\\/nbasturias\\\/#author\"},\"publisher\":{\"@id\":\"https:\\\/\\\/eldigitaldeasturias.com\\\/radio\\\/#organization\"},\"image\":{\"@type\":\"ImageObject\",\"url\":\"https:\\\/\\\/eldigitaldeasturias.com\\\/radio\\\/wp-content\\\/uploads\\\/2020\\\/08\\\/Allande.jpg\",\"width\":473,\"height\":681},\"datePublished\":\"2020-08-23T23:33:40+02:00\",\"dateModified\":\"2020-08-23T23:33:40+02:00\",\"inLanguage\":\"es-ES\",\"mainEntityOfPage\":{\"@id\":\"https:\\\/\\\/eldigitaldeasturias.com\\\/radio\\\/el-instituto-de-astrofisica-de-canarias-acerca-la-astronomia-a-nucleos-rurales-de-allande\\\/#webpage\"},\"isPartOf\":{\"@id\":\"https:\\\/\\\/eldigitaldeasturias.com\\\/radio\\\/el-instituto-de-astrofisica-de-canarias-acerca-la-astronomia-a-nucleos-rurales-de-allande\\\/#webpage\"},\"articleSection\":\"Noticias\",\"dateline\":\"Publicado el agosto 23, 2020.\"},{\"@type\":\"Organization\",\"@id\":\"https:\\\/\\\/eldigitaldeasturias.com\\\/radio\\\/#organization\",\"name\":\"El digital de Asturias Radio\",\"description\":\"Diario de informaci\\u00f3n y noticias\",\"url\":\"https:\\\/\\\/eldigitaldeasturias.com\\\/radio\\\/\",\"telephone\":\"+34652131393\",\"logo\":{\"@type\":\"ImageObject\",\"url\":\"https:\\\/\\\/www.eldigitaldeasturias.com\\\/radio\\\/wp-content\\\/uploads\\\/2021\\\/03\\\/EDA.jpg\",\"@id\":\"https:\\\/\\\/eldigitaldeasturias.com\\\/radio\\\/el-instituto-de-astrofisica-de-canarias-acerca-la-astronomia-a-nucleos-rurales-de-allande\\\/#organizationLogo\"},\"image\":{\"@id\":\"https:\\\/\\\/eldigitaldeasturias.com\\\/radio\\\/el-instituto-de-astrofisica-de-canarias-acerca-la-astronomia-a-nucleos-rurales-de-allande\\\/#organizationLogo\"},\"sameAs\":[\"https:\\\/\\\/www.facebook.com\\\/\",\"https:\\\/\\\/x.com\\\/bercodi\",\"https:\\\/\\\/www.instagram.com\\\/\",\"https:\\\/\\\/www.youtube.com\\\/channel\\\/UCZP-2wLEB9Rv6erhFmqVnvg\"]},{\"@type\":\"Person\",\"@id\":\"https:\\\/\\\/eldigitaldeasturias.com\\\/radio\\\/author\\\/nbasturias\\\/#author\",\"url\":\"https:\\\/\\\/eldigitaldeasturias.com\\\/radio\\\/author\\\/nbasturias\\\/\",\"name\":\"NBAsturias\",\"image\":{\"@type\":\"ImageObject\",\"@id\":\"https:\\\/\\\/eldigitaldeasturias.com\\\/radio\\\/el-instituto-de-astrofisica-de-canarias-acerca-la-astronomia-a-nucleos-rurales-de-allande\\\/#authorImage\",\"url\":\"https:\\\/\\\/secure.gravatar.com\\\/avatar\\\/df2aeffc32bcd13f8d26072ef8a91b623d677766deac7f97ca815868cd41bf5e?s=96&d=mm&r=g\",\"width\":96,\"height\":96,\"caption\":\"NBAsturias\"}},{\"@type\":\"WebPage\",\"@id\":\"https:\\\/\\\/eldigitaldeasturias.com\\\/radio\\\/el-instituto-de-astrofisica-de-canarias-acerca-la-astronomia-a-nucleos-rurales-de-allande\\\/#webpage\",\"url\":\"https:\\\/\\\/eldigitaldeasturias.com\\\/radio\\\/el-instituto-de-astrofisica-de-canarias-acerca-la-astronomia-a-nucleos-rurales-de-allande\\\/\",\"name\":\"El Instituto de Astrof\\u00edsica de Canarias acerca la astronom\\u00eda a n\\u00facleos rurales de Allande | El Digital de Asturias\",\"description\":\"(EUROPA PRESS) - El Instituto de Astrof\\u00edsica de Canarias ha organizado este fin de semana una serie de actividades en el concejo asturiano de Allande para acercar a la poblaci\\u00f3n rural asturiana la astronom\\u00eda y la investigaci\\u00f3n astrof\\u00edsica que se realiza en el pa\\u00eds. Lo hace a trav\\u00e9s del proyecto itinerante 'Allande Stars', por el cual\",\"inLanguage\":\"es-ES\",\"isPartOf\":{\"@id\":\"https:\\\/\\\/eldigitaldeasturias.com\\\/radio\\\/#website\"},\"breadcrumb\":{\"@id\":\"https:\\\/\\\/eldigitaldeasturias.com\\\/radio\\\/el-instituto-de-astrofisica-de-canarias-acerca-la-astronomia-a-nucleos-rurales-de-allande\\\/#breadcrumblist\"},\"author\":{\"@id\":\"https:\\\/\\\/eldigitaldeasturias.com\\\/radio\\\/author\\\/nbasturias\\\/#author\"},\"creator\":{\"@id\":\"https:\\\/\\\/eldigitaldeasturias.com\\\/radio\\\/author\\\/nbasturias\\\/#author\"},\"image\":{\"@type\":\"ImageObject\",\"url\":\"https:\\\/\\\/eldigitaldeasturias.com\\\/radio\\\/wp-content\\\/uploads\\\/2020\\\/08\\\/Allande.jpg\",\"@id\":\"https:\\\/\\\/eldigitaldeasturias.com\\\/radio\\\/el-instituto-de-astrofisica-de-canarias-acerca-la-astronomia-a-nucleos-rurales-de-allande\\\/#mainImage\",\"width\":473,\"height\":681},\"primaryImageOfPage\":{\"@id\":\"https:\\\/\\\/eldigitaldeasturias.com\\\/radio\\\/el-instituto-de-astrofisica-de-canarias-acerca-la-astronomia-a-nucleos-rurales-de-allande\\\/#mainImage\"},\"datePublished\":\"2020-08-23T23:33:40+02:00\",\"dateModified\":\"2020-08-23T23:33:40+02:00\"},{\"@type\":\"WebSite\",\"@id\":\"https:\\\/\\\/eldigitaldeasturias.com\\\/radio\\\/#website\",\"url\":\"https:\\\/\\\/eldigitaldeasturias.com\\\/radio\\\/\",\"name\":\"El Digital de Asturias\",\"description\":\"Diario de informaci\\u00f3n y noticias\",\"inLanguage\":\"es-ES\",\"publisher\":{\"@id\":\"https:\\\/\\\/eldigitaldeasturias.com\\\/radio\\\/#organization\"}}]}\n\t\t<\/script>\n\t\t<!-- All in One SEO Pro -->\r\n\t\t<title>El Instituto de Astrof\u00edsica de Canarias acerca la astronom\u00eda a n\u00facleos rurales de Allande | El Digital de Asturias<\/title>\n\n","aioseo_head_json":{"title":"El Instituto de Astrof\u00edsica de Canarias acerca la astronom\u00eda a n\u00facleos rurales de Allande | El Digital de Asturias","description":"(EUROPA PRESS) - El Instituto de Astrof\u00edsica de Canarias ha organizado este fin de semana una serie de actividades en el concejo asturiano de Allande para acercar a la poblaci\u00f3n rural asturiana la astronom\u00eda y la investigaci\u00f3n astrof\u00edsica que se realiza en el pa\u00eds. Lo hace a trav\u00e9s del proyecto itinerante 'Allande Stars', por el cual","canonical_url":"https:\/\/eldigitaldeasturias.com\/radio\/el-instituto-de-astrofisica-de-canarias-acerca-la-astronomia-a-nucleos-rurales-de-allande\/","robots":"max-image-preview:large","keywords":"noticias","webmasterTools":{"google-site-verification":"UA-38556648-1","miscellaneous":""},"schema":{"@context":"https:\/\/schema.org","@graph":[{"@type":"BreadcrumbList","@id":"https:\/\/eldigitaldeasturias.com\/radio\/el-instituto-de-astrofisica-de-canarias-acerca-la-astronomia-a-nucleos-rurales-de-allande\/#breadcrumblist","itemListElement":[{"@type":"ListItem","@id":"https:\/\/eldigitaldeasturias.com\/radio#listItem","position":1,"name":"Inicio","item":"https:\/\/eldigitaldeasturias.com\/radio","nextItem":{"@type":"ListItem","@id":"https:\/\/eldigitaldeasturias.com\/radio\/category\/noticias\/#listItem","name":"Noticias"}},{"@type":"ListItem","@id":"https:\/\/eldigitaldeasturias.com\/radio\/category\/noticias\/#listItem","position":2,"name":"Noticias","item":"https:\/\/eldigitaldeasturias.com\/radio\/category\/noticias\/","nextItem":{"@type":"ListItem","@id":"https:\/\/eldigitaldeasturias.com\/radio\/el-instituto-de-astrofisica-de-canarias-acerca-la-astronomia-a-nucleos-rurales-de-allande\/#listItem","name":"El Instituto de Astrof\u00edsica de Canarias acerca la astronom\u00eda a n\u00facleos rurales de Allande"},"previousItem":{"@type":"ListItem","@id":"https:\/\/eldigitaldeasturias.com\/radio#listItem","name":"Inicio"}},{"@type":"ListItem","@id":"https:\/\/eldigitaldeasturias.com\/radio\/el-instituto-de-astrofisica-de-canarias-acerca-la-astronomia-a-nucleos-rurales-de-allande\/#listItem","position":3,"name":"El Instituto de Astrof\u00edsica de Canarias acerca la astronom\u00eda a n\u00facleos rurales de Allande","previousItem":{"@type":"ListItem","@id":"https:\/\/eldigitaldeasturias.com\/radio\/category\/noticias\/#listItem","name":"Noticias"}}]},{"@type":"NewsArticle","@id":"https:\/\/eldigitaldeasturias.com\/radio\/el-instituto-de-astrofisica-de-canarias-acerca-la-astronomia-a-nucleos-rurales-de-allande\/#newsarticle","name":"El Instituto de Astrof\u00edsica de Canarias acerca la astronom\u00eda a n\u00facleos rurales de Allande | El Digital de Asturias","headline":"El Instituto de Astrof\u00edsica de Canarias acerca la astronom\u00eda a n\u00facleos rurales de Allande","author":{"@id":"https:\/\/eldigitaldeasturias.com\/radio\/author\/nbasturias\/#author"},"publisher":{"@id":"https:\/\/eldigitaldeasturias.com\/radio\/#organization"},"image":{"@type":"ImageObject","url":"https:\/\/eldigitaldeasturias.com\/radio\/wp-content\/uploads\/2020\/08\/Allande.jpg","width":473,"height":681},"datePublished":"2020-08-23T23:33:40+02:00","dateModified":"2020-08-23T23:33:40+02:00","inLanguage":"es-ES","mainEntityOfPage":{"@id":"https:\/\/eldigitaldeasturias.com\/radio\/el-instituto-de-astrofisica-de-canarias-acerca-la-astronomia-a-nucleos-rurales-de-allande\/#webpage"},"isPartOf":{"@id":"https:\/\/eldigitaldeasturias.com\/radio\/el-instituto-de-astrofisica-de-canarias-acerca-la-astronomia-a-nucleos-rurales-de-allande\/#webpage"},"articleSection":"Noticias","dateline":"Publicado el agosto 23, 2020."},{"@type":"Organization","@id":"https:\/\/eldigitaldeasturias.com\/radio\/#organization","name":"El digital de Asturias Radio","description":"Diario de informaci\u00f3n y noticias","url":"https:\/\/eldigitaldeasturias.com\/radio\/","telephone":"+34652131393","logo":{"@type":"ImageObject","url":"https:\/\/www.eldigitaldeasturias.com\/radio\/wp-content\/uploads\/2021\/03\/EDA.jpg","@id":"https:\/\/eldigitaldeasturias.com\/radio\/el-instituto-de-astrofisica-de-canarias-acerca-la-astronomia-a-nucleos-rurales-de-allande\/#organizationLogo"},"image":{"@id":"https:\/\/eldigitaldeasturias.com\/radio\/el-instituto-de-astrofisica-de-canarias-acerca-la-astronomia-a-nucleos-rurales-de-allande\/#organizationLogo"},"sameAs":["https:\/\/www.facebook.com\/","https:\/\/x.com\/bercodi","https:\/\/www.instagram.com\/","https:\/\/www.youtube.com\/channel\/UCZP-2wLEB9Rv6erhFmqVnvg"]},{"@type":"Person","@id":"https:\/\/eldigitaldeasturias.com\/radio\/author\/nbasturias\/#author","url":"https:\/\/eldigitaldeasturias.com\/radio\/author\/nbasturias\/","name":"NBAsturias","image":{"@type":"ImageObject","@id":"https:\/\/eldigitaldeasturias.com\/radio\/el-instituto-de-astrofisica-de-canarias-acerca-la-astronomia-a-nucleos-rurales-de-allande\/#authorImage","url":"https:\/\/secure.gravatar.com\/avatar\/df2aeffc32bcd13f8d26072ef8a91b623d677766deac7f97ca815868cd41bf5e?s=96&d=mm&r=g","width":96,"height":96,"caption":"NBAsturias"}},{"@type":"WebPage","@id":"https:\/\/eldigitaldeasturias.com\/radio\/el-instituto-de-astrofisica-de-canarias-acerca-la-astronomia-a-nucleos-rurales-de-allande\/#webpage","url":"https:\/\/eldigitaldeasturias.com\/radio\/el-instituto-de-astrofisica-de-canarias-acerca-la-astronomia-a-nucleos-rurales-de-allande\/","name":"El Instituto de Astrof\u00edsica de Canarias acerca la astronom\u00eda a n\u00facleos rurales de Allande | El Digital de Asturias","description":"(EUROPA PRESS) - El Instituto de Astrof\u00edsica de Canarias ha organizado este fin de semana una serie de actividades en el concejo asturiano de Allande para acercar a la poblaci\u00f3n rural asturiana la astronom\u00eda y la investigaci\u00f3n astrof\u00edsica que se realiza en el pa\u00eds. Lo hace a trav\u00e9s del proyecto itinerante 'Allande Stars', por el cual","inLanguage":"es-ES","isPartOf":{"@id":"https:\/\/eldigitaldeasturias.com\/radio\/#website"},"breadcrumb":{"@id":"https:\/\/eldigitaldeasturias.com\/radio\/el-instituto-de-astrofisica-de-canarias-acerca-la-astronomia-a-nucleos-rurales-de-allande\/#breadcrumblist"},"author":{"@id":"https:\/\/eldigitaldeasturias.com\/radio\/author\/nbasturias\/#author"},"creator":{"@id":"https:\/\/eldigitaldeasturias.com\/radio\/author\/nbasturias\/#author"},"image":{"@type":"ImageObject","url":"https:\/\/eldigitaldeasturias.com\/radio\/wp-content\/uploads\/2020\/08\/Allande.jpg","@id":"https:\/\/eldigitaldeasturias.com\/radio\/el-instituto-de-astrofisica-de-canarias-acerca-la-astronomia-a-nucleos-rurales-de-allande\/#mainImage","width":473,"height":681},"primaryImageOfPage":{"@id":"https:\/\/eldigitaldeasturias.com\/radio\/el-instituto-de-astrofisica-de-canarias-acerca-la-astronomia-a-nucleos-rurales-de-allande\/#mainImage"},"datePublished":"2020-08-23T23:33:40+02:00","dateModified":"2020-08-23T23:33:40+02:00"},{"@type":"WebSite","@id":"https:\/\/eldigitaldeasturias.com\/radio\/#website","url":"https:\/\/eldigitaldeasturias.com\/radio\/","name":"El Digital de Asturias","description":"Diario de informaci\u00f3n y noticias","inLanguage":"es-ES","publisher":{"@id":"https:\/\/eldigitaldeasturias.com\/radio\/#organization"}}]},"og:locale":"es_ES","og:site_name":"El Digital de Asturias | Diario de informaci\u00f3n y noticias","og:type":"article","og:title":"El Instituto de Astrof\u00edsica de Canarias acerca la astronom\u00eda a n\u00facleos rurales de Allande | El Digital de Asturias","og:description":"(EUROPA PRESS) - El Instituto de Astrof\u00edsica de Canarias ha organizado este fin de semana una serie de actividades en el concejo asturiano de Allande para acercar a la poblaci\u00f3n rural asturiana la astronom\u00eda y la investigaci\u00f3n astrof\u00edsica que se realiza en el pa\u00eds. Lo hace a trav\u00e9s del proyecto itinerante 'Allande Stars', por el cual","og:url":"https:\/\/eldigitaldeasturias.com\/radio\/el-instituto-de-astrofisica-de-canarias-acerca-la-astronomia-a-nucleos-rurales-de-allande\/","og:image":"https:\/\/eldigitaldeasturias.com\/radio\/wp-content\/uploads\/2020\/08\/Allande.jpg","og:image:secure_url":"https:\/\/eldigitaldeasturias.com\/radio\/wp-content\/uploads\/2020\/08\/Allande.jpg","og:image:width":473,"og:image:height":681,"article:published_time":"2020-08-23T23:33:40+00:00","article:modified_time":"2020-08-23T23:33:40+00:00","twitter:card":"summary_large_image","twitter:site":"@bercodi","twitter:title":"El Instituto de Astrof\u00edsica de Canarias acerca la astronom\u00eda a n\u00facleos rurales de Allande | El Digital de Asturias","twitter:description":"(EUROPA PRESS) - El Instituto de Astrof\u00edsica de Canarias ha organizado este fin de semana una serie de actividades en el concejo asturiano de Allande para acercar a la poblaci\u00f3n rural asturiana la astronom\u00eda y la investigaci\u00f3n astrof\u00edsica que se realiza en el pa\u00eds. Lo hace a trav\u00e9s del proyecto itinerante 'Allande Stars', por el cual","twitter:creator":"@bercodi","twitter:image":"https:\/\/eldigitaldeasturias.com\/radio\/wp-content\/uploads\/2020\/08\/Allande.jpg"},"aioseo_meta_data":{"post_id":"4925","title":null,"description":"","keywords":"","keyphrases":null,"primary_term":null,"canonical_url":"","og_title":null,"og_description":null,"og_object_type":"default","og_image_type":"default","og_image_url":null,"og_image_width":null,"og_image_height":null,"og_image_custom_url":null,"og_image_custom_fields":null,"og_video":null,"og_custom_url":null,"og_article_section":null,"og_article_tags":null,"twitter_use_og":false,"twitter_card":"default","twitter_image_type":"default","twitter_image_url":null,"twitter_image_custom_url":null,"twitter_image_custom_fields":null,"twitter_title":null,"twitter_description":null,"schema":{"blockGraphs":[],"customGraphs":[],"default":{"data":{"Article":[],"Course":[],"Dataset":[],"FAQPage":[],"Movie":[],"Person":[],"Product":[],"ProductReview":[],"Car":[],"Recipe":[],"Service":[],"SoftwareApplication":[],"WebPage":[]},"graphName":"","isEnabled":true},"graphs":[],"defaultGraph":"","defaultPostTypeGraph":""},"schema_type":null,"schema_type_options":null,"pillar_content":false,"robots_default":true,"robots_noindex":false,"robots_noarchive":false,"robots_nosnippet":false,"robots_nofollow":false,"robots_noimageindex":false,"robots_noodp":false,"robots_notranslate":false,"robots_max_snippet":null,"robots_max_videopreview":null,"robots_max_imagepreview":"large","priority":null,"frequency":null,"location":null,"local_seo":null,"seo_analyzer_scan_date":"2025-08-28 16:56:05","breadcrumb_settings":null,"limit_modified_date":false,"open_ai":null,"ai":null,"created":"2021-03-25 13:47:38","updated":"2025-08-28 16:56:05"},"aioseo_breadcrumb":"<div class=\"aioseo-breadcrumbs\"><span class=\"aioseo-breadcrumb\">\n\t<a href=\"https:\/\/eldigitaldeasturias.com\/radio\" title=\"Inicio\">Inicio<\/a>\n<\/span><span class=\"aioseo-breadcrumb-separator\">&ndash;<\/span><span class=\"aioseo-breadcrumb\">\n\t<a href=\"https:\/\/eldigitaldeasturias.com\/radio\/category\/noticias\/\" title=\"Noticias\">Noticias<\/a>\n<\/span><span class=\"aioseo-breadcrumb-separator\">&ndash;<\/span><span class=\"aioseo-breadcrumb\">\n\tEl Instituto de Astrof\u00edsica de Canarias acerca la astronom\u00eda a n\u00facleos rurales de Allande\n<\/span><\/div>","aioseo_breadcrumb_json":[{"label":"Inicio","link":"https:\/\/eldigitaldeasturias.com\/radio"},{"label":"Noticias","link":"https:\/\/eldigitaldeasturias.com\/radio\/category\/noticias\/"},{"label":"El Instituto de Astrof\u00edsica de Canarias acerca la astronom\u00eda a n\u00facleos rurales de Allande","link":"https:\/\/eldigitaldeasturias.com\/radio\/el-instituto-de-astrofisica-de-canarias-acerca-la-astronomia-a-nucleos-rurales-de-allande\/"}],"_links":{"self":[{"href":"https:\/\/eldigitaldeasturias.com\/radio\/wp-json\/wp\/v2\/posts\/4925","targetHints":{"allow":["GET"]}}],"collection":[{"href":"https:\/\/eldigitaldeasturias.com\/radio\/wp-json\/wp\/v2\/posts"}],"about":[{"href":"https:\/\/eldigitaldeasturias.com\/radio\/wp-json\/wp\/v2\/types\/post"}],"author":[{"embeddable":true,"href":"https:\/\/eldigitaldeasturias.com\/radio\/wp-json\/wp\/v2\/users\/1"}],"replies":[{"embeddable":true,"href":"https:\/\/eldigitaldeasturias.com\/radio\/wp-json\/wp\/v2\/comments?post=4925"}],"version-history":[{"count":0,"href":"https:\/\/eldigitaldeasturias.com\/radio\/wp-json\/wp\/v2\/posts\/4925\/revisions"}],"wp:featuredmedia":[{"embeddable":true,"href":"https:\/\/eldigitaldeasturias.com\/radio\/wp-json\/wp\/v2\/media\/4926"}],"wp:attachment":[{"href":"https:\/\/eldigitaldeasturias.com\/radio\/wp-json\/wp\/v2\/media?parent=4925"}],"wp:term":[{"taxonomy":"category","embeddable":true,"href":"https:\/\/eldigitaldeasturias.com\/radio\/wp-json\/wp\/v2\/categories?post=4925"},{"taxonomy":"post_tag","embeddable":true,"href":"https:\/\/eldigitaldeasturias.com\/radio\/wp-json\/wp\/v2\/tags?post=4925"}],"curies":[{"name":"wp","href":"https:\/\/api.w.org\/{rel}","templated":true}]}}