{"id":4922,"date":"2020-08-23T23:30:49","date_gmt":"2020-08-23T23:30:49","guid":{"rendered":"http:\/\/www.eldigitaldeasturias.com\/radio\/?p=4922"},"modified":"2020-08-23T23:30:49","modified_gmt":"2020-08-23T23:30:49","slug":"una-exposicion-sustituye-la-recreacion-del-desembarco-de-carlos-v-en-tazones","status":"publish","type":"post","link":"https:\/\/eldigitaldeasturias.com\/radio\/una-exposicion-sustituye-la-recreacion-del-desembarco-de-carlos-v-en-tazones\/","title":{"rendered":"Una exposici\u00f3n sustituye la recreaci\u00f3n del desembarco de Carlos V en Tazones"},"content":{"rendered":"<figure id=\"attachment_4923\" aria-describedby=\"caption-attachment-4923\" style=\"width: 224px\" class=\"wp-caption alignleft\"><img fetchpriority=\"high\" decoding=\"async\" class=\"size-medium wp-image-4923\" src=\"http:\/\/www.eldigitaldeasturias.com\/radio\/wp-content\/uploads\/2020\/08\/Tazones-224x300.jpg\" alt=\"\" width=\"224\" height=\"300\" srcset=\"https:\/\/eldigitaldeasturias.com\/radio\/wp-content\/uploads\/2020\/08\/Tazones-224x300.jpg 224w, https:\/\/eldigitaldeasturias.com\/radio\/wp-content\/uploads\/2020\/08\/Tazones.jpg 499w\" sizes=\"(max-width: 224px) 100vw, 224px\" \/><figcaption id=\"caption-attachment-4923\" class=\"wp-caption-text\">Exposici\u00f3n fotogr\u00e1fica del Desembarco de Carlos V en Tazones. &#8211; AYUNTAMIENTO DE VILLAVICIOSA<\/figcaption><\/figure>\n<p>(EUROPA PRESS) &#8211;\u00a0Una exposici\u00f3n de 15 paneles con fotograf\u00edas recordar\u00e1n por las calles de Tazones (Villaviciosa) los actos de la Recreaci\u00f3n del Desembarco de Carlos V en 1517, <strong>que tendr\u00edan que celebrarse este fin de semana y fueron suspendidos por la pandemia del coronavirus<\/strong>.<\/p>\n<p>El Ayuntamiento de Villaviciosa, con la Asociaci\u00f3n Primer Desembarco Carlos V, quiere con esta muestra \u00abevocar y reconocer el esfuerzo de todas las personas y entidades que durante casi cuatro d\u00e9cadas han hecho posible la hist\u00f3rica celebraci\u00f3n\u00bb, seg\u00fan ha indicado el consistorio en nota de prensa.<\/p>\n<p><strong>La exposici\u00f3n &#8216;Memoria del Desembarco&#8217; recopila instant\u00e1neas de la Recreaci\u00f3n hist\u00f3rica del Desembarco<\/strong>, autor\u00eda de Raimundo Paraj\u00f3n &#8216;Cholo&#8217; y de David Garc\u00eda Torrado. Aurelio Nava, &#8216;Lelo&#8217;, ya fallecido, fue precursor de la Recreaci\u00f3n en Tazones en el a\u00f1o 1981. Nava se encargaba de la organizaci\u00f3n junto a vecinos del pueblo.<\/p>\n<p>La recreaci\u00f3n del Desembarco ha ido creciendo desde el punto de vista esc\u00e9nico y teatral, llegando en los \u00faltimos a\u00f1os, bajo la direcci\u00f3n art\u00edstica del grupo Teatro Contraste, a reunir a decenas de figurantes y grupos colaboradores \u00aben un programa cultural de amplia base social que atrae a miles de espectadores\u00bb.<\/p>\n","protected":false},"excerpt":{"rendered":"<p>(EUROPA PRESS) &#8211;\u00a0Una exposici\u00f3n de 15 paneles con fotograf\u00edas recordar\u00e1n por las calles de Tazones (Villaviciosa) los actos de la Recreaci\u00f3n del Desembarco de Carlos V en 1517, que tendr\u00edan que celebrarse este fin de semana y fueron suspendidos por la pandemia del coronavirus. El Ayuntamiento de Villaviciosa, con la Asociaci\u00f3n Primer Desembarco Carlos V,<\/p>\n","protected":false},"author":1,"featured_media":4923,"comment_status":"closed","ping_status":"closed","sticky":false,"template":"","format":"standard","meta":{"footnotes":""},"categories":[1],"tags":[],"class_list":{"0":"post-4922","1":"post","2":"type-post","3":"status-publish","4":"format-standard","5":"has-post-thumbnail","7":"category-noticias"},"aioseo_notices":[],"aioseo_head":"\n\t\t<!-- All in One SEO Pro 4.9.6.2 - aioseo.com -->\n\t<meta name=\"description\" content=\"(EUROPA PRESS) - Una exposici\u00f3n de 15 paneles con fotograf\u00edas recordar\u00e1n por las calles de Tazones (Villaviciosa) los actos de la Recreaci\u00f3n del Desembarco de Carlos V en 1517, que tendr\u00edan que celebrarse este fin de semana y fueron suspendidos por la pandemia del coronavirus. El Ayuntamiento de Villaviciosa, con la Asociaci\u00f3n Primer Desembarco Carlos V,\" \/>\n\t<meta name=\"robots\" content=\"max-image-preview:large\" \/>\n\t<meta name=\"author\" content=\"NBAsturias\"\/>\n\t<meta name=\"google-site-verification\" content=\"UA-38556648-1\" \/>\n\t<meta name=\"keywords\" content=\"noticias\" \/>\n\t<link rel=\"canonical\" href=\"https:\/\/eldigitaldeasturias.com\/radio\/una-exposicion-sustituye-la-recreacion-del-desembarco-de-carlos-v-en-tazones\/\" \/>\n\t<meta name=\"generator\" content=\"All in One SEO Pro (AIOSEO) 4.9.6.2\" \/>\n\t\t<meta property=\"og:locale\" content=\"es_ES\" \/>\n\t\t<meta property=\"og:site_name\" content=\"El Digital de Asturias | Diario de informaci\u00f3n y noticias\" \/>\n\t\t<meta property=\"og:type\" content=\"article\" \/>\n\t\t<meta property=\"og:title\" content=\"Una exposici\u00f3n sustituye la recreaci\u00f3n del desembarco de Carlos V en Tazones | El Digital de Asturias\" \/>\n\t\t<meta property=\"og:description\" content=\"(EUROPA PRESS) - Una exposici\u00f3n de 15 paneles con fotograf\u00edas recordar\u00e1n por las calles de Tazones (Villaviciosa) los actos de la Recreaci\u00f3n del Desembarco de Carlos V en 1517, que tendr\u00edan que celebrarse este fin de semana y fueron suspendidos por la pandemia del coronavirus. El Ayuntamiento de Villaviciosa, con la Asociaci\u00f3n Primer Desembarco Carlos V,\" \/>\n\t\t<meta property=\"og:url\" content=\"https:\/\/eldigitaldeasturias.com\/radio\/una-exposicion-sustituye-la-recreacion-del-desembarco-de-carlos-v-en-tazones\/\" \/>\n\t\t<meta property=\"og:image\" content=\"https:\/\/eldigitaldeasturias.com\/radio\/wp-content\/uploads\/2020\/08\/Tazones.jpg\" \/>\n\t\t<meta property=\"og:image:secure_url\" content=\"https:\/\/eldigitaldeasturias.com\/radio\/wp-content\/uploads\/2020\/08\/Tazones.jpg\" \/>\n\t\t<meta property=\"og:image:width\" content=\"499\" \/>\n\t\t<meta property=\"og:image:height\" content=\"669\" \/>\n\t\t<meta property=\"article:published_time\" content=\"2020-08-23T23:30:49+00:00\" \/>\n\t\t<meta property=\"article:modified_time\" content=\"2020-08-23T23:30:49+00:00\" \/>\n\t\t<meta name=\"twitter:card\" content=\"summary_large_image\" \/>\n\t\t<meta name=\"twitter:site\" content=\"@bercodi\" \/>\n\t\t<meta name=\"twitter:title\" content=\"Una exposici\u00f3n sustituye la recreaci\u00f3n del desembarco de Carlos V en Tazones | El Digital de Asturias\" \/>\n\t\t<meta name=\"twitter:description\" content=\"(EUROPA PRESS) - Una exposici\u00f3n de 15 paneles con fotograf\u00edas recordar\u00e1n por las calles de Tazones (Villaviciosa) los actos de la Recreaci\u00f3n del Desembarco de Carlos V en 1517, que tendr\u00edan que celebrarse este fin de semana y fueron suspendidos por la pandemia del coronavirus. El Ayuntamiento de Villaviciosa, con la Asociaci\u00f3n Primer Desembarco Carlos V,\" \/>\n\t\t<meta name=\"twitter:creator\" content=\"@bercodi\" \/>\n\t\t<meta name=\"twitter:image\" content=\"https:\/\/eldigitaldeasturias.com\/radio\/wp-content\/uploads\/2020\/08\/Tazones.jpg\" \/>\n\t\t<script type=\"application\/ld+json\" class=\"aioseo-schema\">\n\t\t\t{\"@context\":\"https:\\\/\\\/schema.org\",\"@graph\":[{\"@type\":\"BreadcrumbList\",\"@id\":\"https:\\\/\\\/eldigitaldeasturias.com\\\/radio\\\/una-exposicion-sustituye-la-recreacion-del-desembarco-de-carlos-v-en-tazones\\\/#breadcrumblist\",\"itemListElement\":[{\"@type\":\"ListItem\",\"@id\":\"https:\\\/\\\/eldigitaldeasturias.com\\\/radio#listItem\",\"position\":1,\"name\":\"Inicio\",\"item\":\"https:\\\/\\\/eldigitaldeasturias.com\\\/radio\",\"nextItem\":{\"@type\":\"ListItem\",\"@id\":\"https:\\\/\\\/eldigitaldeasturias.com\\\/radio\\\/category\\\/noticias\\\/#listItem\",\"name\":\"Noticias\"}},{\"@type\":\"ListItem\",\"@id\":\"https:\\\/\\\/eldigitaldeasturias.com\\\/radio\\\/category\\\/noticias\\\/#listItem\",\"position\":2,\"name\":\"Noticias\",\"item\":\"https:\\\/\\\/eldigitaldeasturias.com\\\/radio\\\/category\\\/noticias\\\/\",\"nextItem\":{\"@type\":\"ListItem\",\"@id\":\"https:\\\/\\\/eldigitaldeasturias.com\\\/radio\\\/una-exposicion-sustituye-la-recreacion-del-desembarco-de-carlos-v-en-tazones\\\/#listItem\",\"name\":\"Una exposici\\u00f3n sustituye la recreaci\\u00f3n del desembarco de Carlos V en Tazones\"},\"previousItem\":{\"@type\":\"ListItem\",\"@id\":\"https:\\\/\\\/eldigitaldeasturias.com\\\/radio#listItem\",\"name\":\"Inicio\"}},{\"@type\":\"ListItem\",\"@id\":\"https:\\\/\\\/eldigitaldeasturias.com\\\/radio\\\/una-exposicion-sustituye-la-recreacion-del-desembarco-de-carlos-v-en-tazones\\\/#listItem\",\"position\":3,\"name\":\"Una exposici\\u00f3n sustituye la recreaci\\u00f3n del desembarco de Carlos V en Tazones\",\"previousItem\":{\"@type\":\"ListItem\",\"@id\":\"https:\\\/\\\/eldigitaldeasturias.com\\\/radio\\\/category\\\/noticias\\\/#listItem\",\"name\":\"Noticias\"}}]},{\"@type\":\"NewsArticle\",\"@id\":\"https:\\\/\\\/eldigitaldeasturias.com\\\/radio\\\/una-exposicion-sustituye-la-recreacion-del-desembarco-de-carlos-v-en-tazones\\\/#newsarticle\",\"name\":\"Una exposici\\u00f3n sustituye la recreaci\\u00f3n del desembarco de Carlos V en Tazones | El Digital de Asturias\",\"headline\":\"Una exposici\\u00f3n sustituye la recreaci\\u00f3n del desembarco de Carlos V en Tazones\",\"author\":{\"@id\":\"https:\\\/\\\/eldigitaldeasturias.com\\\/radio\\\/author\\\/nbasturias\\\/#author\"},\"publisher\":{\"@id\":\"https:\\\/\\\/eldigitaldeasturias.com\\\/radio\\\/#organization\"},\"image\":{\"@type\":\"ImageObject\",\"url\":\"https:\\\/\\\/eldigitaldeasturias.com\\\/radio\\\/wp-content\\\/uploads\\\/2020\\\/08\\\/Tazones.jpg\",\"width\":499,\"height\":669,\"caption\":\"Exposici\\u00f3n fotogr\\u00e1fica del Desembarco de Carlos V en Tazones. - AYUNTAMIENTO DE VILLAVICIOSA\"},\"datePublished\":\"2020-08-23T23:30:49+02:00\",\"dateModified\":\"2020-08-23T23:30:49+02:00\",\"inLanguage\":\"es-ES\",\"mainEntityOfPage\":{\"@id\":\"https:\\\/\\\/eldigitaldeasturias.com\\\/radio\\\/una-exposicion-sustituye-la-recreacion-del-desembarco-de-carlos-v-en-tazones\\\/#webpage\"},\"isPartOf\":{\"@id\":\"https:\\\/\\\/eldigitaldeasturias.com\\\/radio\\\/una-exposicion-sustituye-la-recreacion-del-desembarco-de-carlos-v-en-tazones\\\/#webpage\"},\"articleSection\":\"Noticias\",\"dateline\":\"Publicado el agosto 23, 2020.\"},{\"@type\":\"Organization\",\"@id\":\"https:\\\/\\\/eldigitaldeasturias.com\\\/radio\\\/#organization\",\"name\":\"El digital de Asturias Radio\",\"description\":\"Diario de informaci\\u00f3n y noticias\",\"url\":\"https:\\\/\\\/eldigitaldeasturias.com\\\/radio\\\/\",\"telephone\":\"+34652131393\",\"logo\":{\"@type\":\"ImageObject\",\"url\":\"https:\\\/\\\/www.eldigitaldeasturias.com\\\/radio\\\/wp-content\\\/uploads\\\/2021\\\/03\\\/EDA.jpg\",\"@id\":\"https:\\\/\\\/eldigitaldeasturias.com\\\/radio\\\/una-exposicion-sustituye-la-recreacion-del-desembarco-de-carlos-v-en-tazones\\\/#organizationLogo\"},\"image\":{\"@id\":\"https:\\\/\\\/eldigitaldeasturias.com\\\/radio\\\/una-exposicion-sustituye-la-recreacion-del-desembarco-de-carlos-v-en-tazones\\\/#organizationLogo\"},\"sameAs\":[\"https:\\\/\\\/www.facebook.com\\\/\",\"https:\\\/\\\/x.com\\\/bercodi\",\"https:\\\/\\\/www.instagram.com\\\/\",\"https:\\\/\\\/www.youtube.com\\\/channel\\\/UCZP-2wLEB9Rv6erhFmqVnvg\"]},{\"@type\":\"Person\",\"@id\":\"https:\\\/\\\/eldigitaldeasturias.com\\\/radio\\\/author\\\/nbasturias\\\/#author\",\"url\":\"https:\\\/\\\/eldigitaldeasturias.com\\\/radio\\\/author\\\/nbasturias\\\/\",\"name\":\"NBAsturias\",\"image\":{\"@type\":\"ImageObject\",\"@id\":\"https:\\\/\\\/eldigitaldeasturias.com\\\/radio\\\/una-exposicion-sustituye-la-recreacion-del-desembarco-de-carlos-v-en-tazones\\\/#authorImage\",\"url\":\"https:\\\/\\\/secure.gravatar.com\\\/avatar\\\/df2aeffc32bcd13f8d26072ef8a91b623d677766deac7f97ca815868cd41bf5e?s=96&d=mm&r=g\",\"width\":96,\"height\":96,\"caption\":\"NBAsturias\"}},{\"@type\":\"WebPage\",\"@id\":\"https:\\\/\\\/eldigitaldeasturias.com\\\/radio\\\/una-exposicion-sustituye-la-recreacion-del-desembarco-de-carlos-v-en-tazones\\\/#webpage\",\"url\":\"https:\\\/\\\/eldigitaldeasturias.com\\\/radio\\\/una-exposicion-sustituye-la-recreacion-del-desembarco-de-carlos-v-en-tazones\\\/\",\"name\":\"Una exposici\\u00f3n sustituye la recreaci\\u00f3n del desembarco de Carlos V en Tazones | El Digital de Asturias\",\"description\":\"(EUROPA PRESS) - Una exposici\\u00f3n de 15 paneles con fotograf\\u00edas recordar\\u00e1n por las calles de Tazones (Villaviciosa) los actos de la Recreaci\\u00f3n del Desembarco de Carlos V en 1517, que tendr\\u00edan que celebrarse este fin de semana y fueron suspendidos por la pandemia del coronavirus. El Ayuntamiento de Villaviciosa, con la Asociaci\\u00f3n Primer Desembarco Carlos V,\",\"inLanguage\":\"es-ES\",\"isPartOf\":{\"@id\":\"https:\\\/\\\/eldigitaldeasturias.com\\\/radio\\\/#website\"},\"breadcrumb\":{\"@id\":\"https:\\\/\\\/eldigitaldeasturias.com\\\/radio\\\/una-exposicion-sustituye-la-recreacion-del-desembarco-de-carlos-v-en-tazones\\\/#breadcrumblist\"},\"author\":{\"@id\":\"https:\\\/\\\/eldigitaldeasturias.com\\\/radio\\\/author\\\/nbasturias\\\/#author\"},\"creator\":{\"@id\":\"https:\\\/\\\/eldigitaldeasturias.com\\\/radio\\\/author\\\/nbasturias\\\/#author\"},\"image\":{\"@type\":\"ImageObject\",\"url\":\"https:\\\/\\\/eldigitaldeasturias.com\\\/radio\\\/wp-content\\\/uploads\\\/2020\\\/08\\\/Tazones.jpg\",\"@id\":\"https:\\\/\\\/eldigitaldeasturias.com\\\/radio\\\/una-exposicion-sustituye-la-recreacion-del-desembarco-de-carlos-v-en-tazones\\\/#mainImage\",\"width\":499,\"height\":669,\"caption\":\"Exposici\\u00f3n fotogr\\u00e1fica del Desembarco de Carlos V en Tazones. - AYUNTAMIENTO DE VILLAVICIOSA\"},\"primaryImageOfPage\":{\"@id\":\"https:\\\/\\\/eldigitaldeasturias.com\\\/radio\\\/una-exposicion-sustituye-la-recreacion-del-desembarco-de-carlos-v-en-tazones\\\/#mainImage\"},\"datePublished\":\"2020-08-23T23:30:49+02:00\",\"dateModified\":\"2020-08-23T23:30:49+02:00\"},{\"@type\":\"WebSite\",\"@id\":\"https:\\\/\\\/eldigitaldeasturias.com\\\/radio\\\/#website\",\"url\":\"https:\\\/\\\/eldigitaldeasturias.com\\\/radio\\\/\",\"name\":\"El Digital de Asturias\",\"description\":\"Diario de informaci\\u00f3n y noticias\",\"inLanguage\":\"es-ES\",\"publisher\":{\"@id\":\"https:\\\/\\\/eldigitaldeasturias.com\\\/radio\\\/#organization\"}}]}\n\t\t<\/script>\n\t\t<!-- All in One SEO Pro -->\r\n\t\t<title>Una exposici\u00f3n sustituye la recreaci\u00f3n del desembarco de Carlos V en Tazones | El Digital de Asturias<\/title>\n\n","aioseo_head_json":{"title":"Una exposici\u00f3n sustituye la recreaci\u00f3n del desembarco de Carlos V en Tazones | El Digital de Asturias","description":"(EUROPA PRESS) - Una exposici\u00f3n de 15 paneles con fotograf\u00edas recordar\u00e1n por las calles de Tazones (Villaviciosa) los actos de la Recreaci\u00f3n del Desembarco de Carlos V en 1517, que tendr\u00edan que celebrarse este fin de semana y fueron suspendidos por la pandemia del coronavirus. El Ayuntamiento de Villaviciosa, con la Asociaci\u00f3n Primer Desembarco Carlos V,","canonical_url":"https:\/\/eldigitaldeasturias.com\/radio\/una-exposicion-sustituye-la-recreacion-del-desembarco-de-carlos-v-en-tazones\/","robots":"max-image-preview:large","keywords":"noticias","webmasterTools":{"google-site-verification":"UA-38556648-1","miscellaneous":""},"schema":{"@context":"https:\/\/schema.org","@graph":[{"@type":"BreadcrumbList","@id":"https:\/\/eldigitaldeasturias.com\/radio\/una-exposicion-sustituye-la-recreacion-del-desembarco-de-carlos-v-en-tazones\/#breadcrumblist","itemListElement":[{"@type":"ListItem","@id":"https:\/\/eldigitaldeasturias.com\/radio#listItem","position":1,"name":"Inicio","item":"https:\/\/eldigitaldeasturias.com\/radio","nextItem":{"@type":"ListItem","@id":"https:\/\/eldigitaldeasturias.com\/radio\/category\/noticias\/#listItem","name":"Noticias"}},{"@type":"ListItem","@id":"https:\/\/eldigitaldeasturias.com\/radio\/category\/noticias\/#listItem","position":2,"name":"Noticias","item":"https:\/\/eldigitaldeasturias.com\/radio\/category\/noticias\/","nextItem":{"@type":"ListItem","@id":"https:\/\/eldigitaldeasturias.com\/radio\/una-exposicion-sustituye-la-recreacion-del-desembarco-de-carlos-v-en-tazones\/#listItem","name":"Una exposici\u00f3n sustituye la recreaci\u00f3n del desembarco de Carlos V en Tazones"},"previousItem":{"@type":"ListItem","@id":"https:\/\/eldigitaldeasturias.com\/radio#listItem","name":"Inicio"}},{"@type":"ListItem","@id":"https:\/\/eldigitaldeasturias.com\/radio\/una-exposicion-sustituye-la-recreacion-del-desembarco-de-carlos-v-en-tazones\/#listItem","position":3,"name":"Una exposici\u00f3n sustituye la recreaci\u00f3n del desembarco de Carlos V en Tazones","previousItem":{"@type":"ListItem","@id":"https:\/\/eldigitaldeasturias.com\/radio\/category\/noticias\/#listItem","name":"Noticias"}}]},{"@type":"NewsArticle","@id":"https:\/\/eldigitaldeasturias.com\/radio\/una-exposicion-sustituye-la-recreacion-del-desembarco-de-carlos-v-en-tazones\/#newsarticle","name":"Una exposici\u00f3n sustituye la recreaci\u00f3n del desembarco de Carlos V en Tazones | El Digital de Asturias","headline":"Una exposici\u00f3n sustituye la recreaci\u00f3n del desembarco de Carlos V en Tazones","author":{"@id":"https:\/\/eldigitaldeasturias.com\/radio\/author\/nbasturias\/#author"},"publisher":{"@id":"https:\/\/eldigitaldeasturias.com\/radio\/#organization"},"image":{"@type":"ImageObject","url":"https:\/\/eldigitaldeasturias.com\/radio\/wp-content\/uploads\/2020\/08\/Tazones.jpg","width":499,"height":669,"caption":"Exposici\u00f3n fotogr\u00e1fica del Desembarco de Carlos V en Tazones. - AYUNTAMIENTO DE VILLAVICIOSA"},"datePublished":"2020-08-23T23:30:49+02:00","dateModified":"2020-08-23T23:30:49+02:00","inLanguage":"es-ES","mainEntityOfPage":{"@id":"https:\/\/eldigitaldeasturias.com\/radio\/una-exposicion-sustituye-la-recreacion-del-desembarco-de-carlos-v-en-tazones\/#webpage"},"isPartOf":{"@id":"https:\/\/eldigitaldeasturias.com\/radio\/una-exposicion-sustituye-la-recreacion-del-desembarco-de-carlos-v-en-tazones\/#webpage"},"articleSection":"Noticias","dateline":"Publicado el agosto 23, 2020."},{"@type":"Organization","@id":"https:\/\/eldigitaldeasturias.com\/radio\/#organization","name":"El digital de Asturias Radio","description":"Diario de informaci\u00f3n y noticias","url":"https:\/\/eldigitaldeasturias.com\/radio\/","telephone":"+34652131393","logo":{"@type":"ImageObject","url":"https:\/\/www.eldigitaldeasturias.com\/radio\/wp-content\/uploads\/2021\/03\/EDA.jpg","@id":"https:\/\/eldigitaldeasturias.com\/radio\/una-exposicion-sustituye-la-recreacion-del-desembarco-de-carlos-v-en-tazones\/#organizationLogo"},"image":{"@id":"https:\/\/eldigitaldeasturias.com\/radio\/una-exposicion-sustituye-la-recreacion-del-desembarco-de-carlos-v-en-tazones\/#organizationLogo"},"sameAs":["https:\/\/www.facebook.com\/","https:\/\/x.com\/bercodi","https:\/\/www.instagram.com\/","https:\/\/www.youtube.com\/channel\/UCZP-2wLEB9Rv6erhFmqVnvg"]},{"@type":"Person","@id":"https:\/\/eldigitaldeasturias.com\/radio\/author\/nbasturias\/#author","url":"https:\/\/eldigitaldeasturias.com\/radio\/author\/nbasturias\/","name":"NBAsturias","image":{"@type":"ImageObject","@id":"https:\/\/eldigitaldeasturias.com\/radio\/una-exposicion-sustituye-la-recreacion-del-desembarco-de-carlos-v-en-tazones\/#authorImage","url":"https:\/\/secure.gravatar.com\/avatar\/df2aeffc32bcd13f8d26072ef8a91b623d677766deac7f97ca815868cd41bf5e?s=96&d=mm&r=g","width":96,"height":96,"caption":"NBAsturias"}},{"@type":"WebPage","@id":"https:\/\/eldigitaldeasturias.com\/radio\/una-exposicion-sustituye-la-recreacion-del-desembarco-de-carlos-v-en-tazones\/#webpage","url":"https:\/\/eldigitaldeasturias.com\/radio\/una-exposicion-sustituye-la-recreacion-del-desembarco-de-carlos-v-en-tazones\/","name":"Una exposici\u00f3n sustituye la recreaci\u00f3n del desembarco de Carlos V en Tazones | El Digital de Asturias","description":"(EUROPA PRESS) - Una exposici\u00f3n de 15 paneles con fotograf\u00edas recordar\u00e1n por las calles de Tazones (Villaviciosa) los actos de la Recreaci\u00f3n del Desembarco de Carlos V en 1517, que tendr\u00edan que celebrarse este fin de semana y fueron suspendidos por la pandemia del coronavirus. El Ayuntamiento de Villaviciosa, con la Asociaci\u00f3n Primer Desembarco Carlos V,","inLanguage":"es-ES","isPartOf":{"@id":"https:\/\/eldigitaldeasturias.com\/radio\/#website"},"breadcrumb":{"@id":"https:\/\/eldigitaldeasturias.com\/radio\/una-exposicion-sustituye-la-recreacion-del-desembarco-de-carlos-v-en-tazones\/#breadcrumblist"},"author":{"@id":"https:\/\/eldigitaldeasturias.com\/radio\/author\/nbasturias\/#author"},"creator":{"@id":"https:\/\/eldigitaldeasturias.com\/radio\/author\/nbasturias\/#author"},"image":{"@type":"ImageObject","url":"https:\/\/eldigitaldeasturias.com\/radio\/wp-content\/uploads\/2020\/08\/Tazones.jpg","@id":"https:\/\/eldigitaldeasturias.com\/radio\/una-exposicion-sustituye-la-recreacion-del-desembarco-de-carlos-v-en-tazones\/#mainImage","width":499,"height":669,"caption":"Exposici\u00f3n fotogr\u00e1fica del Desembarco de Carlos V en Tazones. - AYUNTAMIENTO DE VILLAVICIOSA"},"primaryImageOfPage":{"@id":"https:\/\/eldigitaldeasturias.com\/radio\/una-exposicion-sustituye-la-recreacion-del-desembarco-de-carlos-v-en-tazones\/#mainImage"},"datePublished":"2020-08-23T23:30:49+02:00","dateModified":"2020-08-23T23:30:49+02:00"},{"@type":"WebSite","@id":"https:\/\/eldigitaldeasturias.com\/radio\/#website","url":"https:\/\/eldigitaldeasturias.com\/radio\/","name":"El Digital de Asturias","description":"Diario de informaci\u00f3n y noticias","inLanguage":"es-ES","publisher":{"@id":"https:\/\/eldigitaldeasturias.com\/radio\/#organization"}}]},"og:locale":"es_ES","og:site_name":"El Digital de Asturias | Diario de informaci\u00f3n y noticias","og:type":"article","og:title":"Una exposici\u00f3n sustituye la recreaci\u00f3n del desembarco de Carlos V en Tazones | El Digital de Asturias","og:description":"(EUROPA PRESS) - Una exposici\u00f3n de 15 paneles con fotograf\u00edas recordar\u00e1n por las calles de Tazones (Villaviciosa) los actos de la Recreaci\u00f3n del Desembarco de Carlos V en 1517, que tendr\u00edan que celebrarse este fin de semana y fueron suspendidos por la pandemia del coronavirus. El Ayuntamiento de Villaviciosa, con la Asociaci\u00f3n Primer Desembarco Carlos V,","og:url":"https:\/\/eldigitaldeasturias.com\/radio\/una-exposicion-sustituye-la-recreacion-del-desembarco-de-carlos-v-en-tazones\/","og:image":"https:\/\/eldigitaldeasturias.com\/radio\/wp-content\/uploads\/2020\/08\/Tazones.jpg","og:image:secure_url":"https:\/\/eldigitaldeasturias.com\/radio\/wp-content\/uploads\/2020\/08\/Tazones.jpg","og:image:width":499,"og:image:height":669,"article:published_time":"2020-08-23T23:30:49+00:00","article:modified_time":"2020-08-23T23:30:49+00:00","twitter:card":"summary_large_image","twitter:site":"@bercodi","twitter:title":"Una exposici\u00f3n sustituye la recreaci\u00f3n del desembarco de Carlos V en Tazones | El Digital de Asturias","twitter:description":"(EUROPA PRESS) - Una exposici\u00f3n de 15 paneles con fotograf\u00edas recordar\u00e1n por las calles de Tazones (Villaviciosa) los actos de la Recreaci\u00f3n del Desembarco de Carlos V en 1517, que tendr\u00edan que celebrarse este fin de semana y fueron suspendidos por la pandemia del coronavirus. El Ayuntamiento de Villaviciosa, con la Asociaci\u00f3n Primer Desembarco Carlos V,","twitter:creator":"@bercodi","twitter:image":"https:\/\/eldigitaldeasturias.com\/radio\/wp-content\/uploads\/2020\/08\/Tazones.jpg"},"aioseo_meta_data":{"post_id":"4922","title":null,"description":"","keywords":"","keyphrases":null,"primary_term":null,"canonical_url":"","og_title":null,"og_description":null,"og_object_type":"default","og_image_type":"default","og_image_url":null,"og_image_width":null,"og_image_height":null,"og_image_custom_url":null,"og_image_custom_fields":null,"og_video":null,"og_custom_url":null,"og_article_section":null,"og_article_tags":null,"twitter_use_og":false,"twitter_card":"default","twitter_image_type":"default","twitter_image_url":null,"twitter_image_custom_url":null,"twitter_image_custom_fields":null,"twitter_title":null,"twitter_description":null,"schema":{"blockGraphs":[],"customGraphs":[],"default":{"data":{"Article":[],"Course":[],"Dataset":[],"FAQPage":[],"Movie":[],"Person":[],"Product":[],"ProductReview":[],"Car":[],"Recipe":[],"Service":[],"SoftwareApplication":[],"WebPage":[]},"graphName":"","isEnabled":true},"graphs":[],"defaultGraph":"","defaultPostTypeGraph":""},"schema_type":null,"schema_type_options":null,"pillar_content":false,"robots_default":true,"robots_noindex":false,"robots_noarchive":false,"robots_nosnippet":false,"robots_nofollow":false,"robots_noimageindex":false,"robots_noodp":false,"robots_notranslate":false,"robots_max_snippet":null,"robots_max_videopreview":null,"robots_max_imagepreview":"large","priority":null,"frequency":null,"location":null,"local_seo":null,"seo_analyzer_scan_date":"2025-08-28 16:56:04","breadcrumb_settings":null,"limit_modified_date":false,"open_ai":null,"ai":null,"created":"2021-03-25 13:47:38","updated":"2025-08-28 16:56:04"},"aioseo_breadcrumb":"<div class=\"aioseo-breadcrumbs\"><span class=\"aioseo-breadcrumb\">\n\t<a href=\"https:\/\/eldigitaldeasturias.com\/radio\" title=\"Inicio\">Inicio<\/a>\n<\/span><span class=\"aioseo-breadcrumb-separator\">&ndash;<\/span><span class=\"aioseo-breadcrumb\">\n\t<a href=\"https:\/\/eldigitaldeasturias.com\/radio\/category\/noticias\/\" title=\"Noticias\">Noticias<\/a>\n<\/span><span class=\"aioseo-breadcrumb-separator\">&ndash;<\/span><span class=\"aioseo-breadcrumb\">\n\tUna exposici\u00f3n sustituye la recreaci\u00f3n del desembarco de Carlos V en Tazones\n<\/span><\/div>","aioseo_breadcrumb_json":[{"label":"Inicio","link":"https:\/\/eldigitaldeasturias.com\/radio"},{"label":"Noticias","link":"https:\/\/eldigitaldeasturias.com\/radio\/category\/noticias\/"},{"label":"Una exposici\u00f3n sustituye la recreaci\u00f3n del desembarco de Carlos V en Tazones","link":"https:\/\/eldigitaldeasturias.com\/radio\/una-exposicion-sustituye-la-recreacion-del-desembarco-de-carlos-v-en-tazones\/"}],"_links":{"self":[{"href":"https:\/\/eldigitaldeasturias.com\/radio\/wp-json\/wp\/v2\/posts\/4922","targetHints":{"allow":["GET"]}}],"collection":[{"href":"https:\/\/eldigitaldeasturias.com\/radio\/wp-json\/wp\/v2\/posts"}],"about":[{"href":"https:\/\/eldigitaldeasturias.com\/radio\/wp-json\/wp\/v2\/types\/post"}],"author":[{"embeddable":true,"href":"https:\/\/eldigitaldeasturias.com\/radio\/wp-json\/wp\/v2\/users\/1"}],"replies":[{"embeddable":true,"href":"https:\/\/eldigitaldeasturias.com\/radio\/wp-json\/wp\/v2\/comments?post=4922"}],"version-history":[{"count":0,"href":"https:\/\/eldigitaldeasturias.com\/radio\/wp-json\/wp\/v2\/posts\/4922\/revisions"}],"wp:featuredmedia":[{"embeddable":true,"href":"https:\/\/eldigitaldeasturias.com\/radio\/wp-json\/wp\/v2\/media\/4923"}],"wp:attachment":[{"href":"https:\/\/eldigitaldeasturias.com\/radio\/wp-json\/wp\/v2\/media?parent=4922"}],"wp:term":[{"taxonomy":"category","embeddable":true,"href":"https:\/\/eldigitaldeasturias.com\/radio\/wp-json\/wp\/v2\/categories?post=4922"},{"taxonomy":"post_tag","embeddable":true,"href":"https:\/\/eldigitaldeasturias.com\/radio\/wp-json\/wp\/v2\/tags?post=4922"}],"curies":[{"name":"wp","href":"https:\/\/api.w.org\/{rel}","templated":true}]}}