{"id":4901,"date":"2020-08-15T01:32:07","date_gmt":"2020-08-15T01:32:07","guid":{"rendered":"http:\/\/www.eldigitaldeasturias.com\/radio\/?p=4901"},"modified":"2020-08-15T10:50:18","modified_gmt":"2020-08-15T10:50:18","slug":"bruselas-acuerda-con-dos-farmaceuticas-la-compra-de-500-millones-de-futuras-vacunas-contra-el-coronavirus","status":"publish","type":"post","link":"https:\/\/eldigitaldeasturias.com\/radio\/bruselas-acuerda-con-dos-farmaceuticas-la-compra-de-500-millones-de-futuras-vacunas-contra-el-coronavirus\/","title":{"rendered":"Bruselas acuerda con dos farmac\u00e9uticas la compra de 500 millones de futuras vacunas contra el coronavirus"},"content":{"rendered":"<p><img fetchpriority=\"high\" decoding=\"async\" class=\"alignleft size-medium wp-image-3274\" src=\"http:\/\/www.eldigitaldeasturias.com\/radio\/wp-content\/uploads\/2019\/10\/blue-1283011_960_720-360x252.jpg\" alt=\"\" width=\"360\" height=\"252\" srcset=\"https:\/\/eldigitaldeasturias.com\/radio\/wp-content\/uploads\/2019\/10\/blue-1283011_960_720-360x252.jpg 360w, https:\/\/eldigitaldeasturias.com\/radio\/wp-content\/uploads\/2019\/10\/blue-1283011_960_720-768x537.jpg 768w, https:\/\/eldigitaldeasturias.com\/radio\/wp-content\/uploads\/2019\/10\/blue-1283011_960_720.jpg 960w\" sizes=\"(max-width: 360px) 100vw, 360px\" \/>(Europa Press) &#8211;\u00a0La Comisi\u00f3n Europea ha anunciado este viernes que ha cerrado dos contratos con las farmac\u00e9uticas AstraZeneca y Johnson&amp;Johnson para adquirir un total de 500 millones de dosis de la futura vacuna contra el coronavirus.<\/p>\n<p>Seg\u00fan ha informado Bruselas, el acuerdo con AstraZeneca incluye 300 millones de dosis, con la opci\u00f3n de adquirir otros 100 millones, en nombre de los pa\u00edses del bloque europeo. Mientras que el contrato con Johnson&amp;Johnson comprende 200 millones de dosis y la opci\u00f3n de compra de otras 200. Parte de estas vacunas ser\u00e1n donadas a pa\u00edses de renta media y baja y se redistribuir\u00e1n a trav\u00e9s del Servicio de Acci\u00f3n Exterior.<\/p>\n<p>En rueda de prensa, una portavoz del Ejecutivo europeo ha evitado ofrecer detalles sobre el coste del contrato, aunque ha asegurado que respeta las obligaciones financieras que marca la normativa comunitaria.<\/p>\n<p>Para la presidenta de la Comisi\u00f3n, Ursula von der Leyen, este acuerdo es el fruto de las intensas negociaciones y ha valorado que es \u00abla primera piedra para poner en marcha la estrategia de la Comisi\u00f3n en materia de vacunas\u00bb, que permitir\u00e1 proveer de futuras vacunas a los ciudadanos europeos, al igual que a los socios de la Uni\u00f3n.<\/p>\n<p>De su lado, la comisaria de Sanidad, Stella Kyriakides, ha agradecido la actitud constructiva de los laboratorios, que ha permitido cerrar los contratos, a la vez que ha insistido en que trabajar\u00e1 para cerrar m\u00e1s acuerdos de este tipo con m\u00e1s candidatos.<\/p>\n<p>\u00abUna vacuna segura y eficaz sigue siendo la estrategia de salida m\u00e1s segura para proteger a nuestros ciudadanos y al resto del mundo del coronavirus\u00bb, ha se\u00f1alado la comisaria europea.<\/p>\n","protected":false},"excerpt":{"rendered":"<p>(Europa Press) &#8211;\u00a0La Comisi\u00f3n Europea ha anunciado este viernes que ha cerrado dos contratos con las farmac\u00e9uticas AstraZeneca y Johnson&amp;Johnson para adquirir un total de 500 millones de dosis de la futura vacuna contra el coronavirus. Seg\u00fan ha informado Bruselas, el acuerdo con AstraZeneca incluye 300 millones de dosis, con la opci\u00f3n de adquirir otros<\/p>\n","protected":false},"author":1,"featured_media":3274,"comment_status":"closed","ping_status":"closed","sticky":false,"template":"","format":"standard","meta":{"footnotes":""},"categories":[1],"tags":[],"class_list":{"0":"post-4901","1":"post","2":"type-post","3":"status-publish","4":"format-standard","5":"has-post-thumbnail","7":"category-noticias"},"aioseo_notices":[],"aioseo_head":"\n\t\t<!-- All in One SEO Pro 4.9.6.2 - aioseo.com -->\n\t<meta name=\"description\" content=\"(Europa Press) - La Comisi\u00f3n Europea ha anunciado este viernes que ha cerrado dos contratos con las farmac\u00e9uticas AstraZeneca y Johnson&amp;Johnson para adquirir un total de 500 millones de dosis de la futura vacuna contra el coronavirus. Seg\u00fan ha informado Bruselas, el acuerdo con AstraZeneca incluye 300 millones de dosis, con la opci\u00f3n de adquirir otros\" \/>\n\t<meta name=\"robots\" content=\"max-image-preview:large\" \/>\n\t<meta name=\"author\" content=\"NBAsturias\"\/>\n\t<meta name=\"google-site-verification\" content=\"UA-38556648-1\" \/>\n\t<meta name=\"keywords\" content=\"noticias\" \/>\n\t<link rel=\"canonical\" href=\"https:\/\/eldigitaldeasturias.com\/radio\/bruselas-acuerda-con-dos-farmaceuticas-la-compra-de-500-millones-de-futuras-vacunas-contra-el-coronavirus\/\" \/>\n\t<meta name=\"generator\" content=\"All in One SEO Pro (AIOSEO) 4.9.6.2\" \/>\n\t\t<meta property=\"og:locale\" content=\"es_ES\" \/>\n\t\t<meta property=\"og:site_name\" content=\"El Digital de Asturias | Diario de informaci\u00f3n y noticias\" \/>\n\t\t<meta property=\"og:type\" content=\"article\" \/>\n\t\t<meta property=\"og:title\" content=\"Bruselas acuerda con dos farmac\u00e9uticas la compra de 500 millones de futuras vacunas contra el coronavirus | El Digital de Asturias\" \/>\n\t\t<meta property=\"og:description\" content=\"(Europa Press) - La Comisi\u00f3n Europea ha anunciado este viernes que ha cerrado dos contratos con las farmac\u00e9uticas AstraZeneca y Johnson&amp;Johnson para adquirir un total de 500 millones de dosis de la futura vacuna contra el coronavirus. Seg\u00fan ha informado Bruselas, el acuerdo con AstraZeneca incluye 300 millones de dosis, con la opci\u00f3n de adquirir otros\" \/>\n\t\t<meta property=\"og:url\" content=\"https:\/\/eldigitaldeasturias.com\/radio\/bruselas-acuerda-con-dos-farmaceuticas-la-compra-de-500-millones-de-futuras-vacunas-contra-el-coronavirus\/\" \/>\n\t\t<meta property=\"og:image\" content=\"https:\/\/eldigitaldeasturias.com\/radio\/wp-content\/uploads\/2019\/10\/blue-1283011_960_720.jpg\" \/>\n\t\t<meta property=\"og:image:secure_url\" content=\"https:\/\/eldigitaldeasturias.com\/radio\/wp-content\/uploads\/2019\/10\/blue-1283011_960_720.jpg\" \/>\n\t\t<meta property=\"og:image:width\" content=\"960\" \/>\n\t\t<meta property=\"og:image:height\" content=\"671\" \/>\n\t\t<meta property=\"article:published_time\" content=\"2020-08-15T01:32:07+00:00\" \/>\n\t\t<meta property=\"article:modified_time\" content=\"2020-08-15T10:50:18+00:00\" \/>\n\t\t<meta name=\"twitter:card\" content=\"summary_large_image\" \/>\n\t\t<meta name=\"twitter:site\" content=\"@bercodi\" \/>\n\t\t<meta name=\"twitter:title\" content=\"Bruselas acuerda con dos farmac\u00e9uticas la compra de 500 millones de futuras vacunas contra el coronavirus | El Digital de Asturias\" \/>\n\t\t<meta name=\"twitter:description\" content=\"(Europa Press) - La Comisi\u00f3n Europea ha anunciado este viernes que ha cerrado dos contratos con las farmac\u00e9uticas AstraZeneca y Johnson&amp;Johnson para adquirir un total de 500 millones de dosis de la futura vacuna contra el coronavirus. Seg\u00fan ha informado Bruselas, el acuerdo con AstraZeneca incluye 300 millones de dosis, con la opci\u00f3n de adquirir otros\" \/>\n\t\t<meta name=\"twitter:creator\" content=\"@bercodi\" \/>\n\t\t<meta name=\"twitter:image\" content=\"https:\/\/eldigitaldeasturias.com\/radio\/wp-content\/uploads\/2019\/10\/blue-1283011_960_720.jpg\" \/>\n\t\t<script type=\"application\/ld+json\" class=\"aioseo-schema\">\n\t\t\t{\"@context\":\"https:\\\/\\\/schema.org\",\"@graph\":[{\"@type\":\"BreadcrumbList\",\"@id\":\"https:\\\/\\\/eldigitaldeasturias.com\\\/radio\\\/bruselas-acuerda-con-dos-farmaceuticas-la-compra-de-500-millones-de-futuras-vacunas-contra-el-coronavirus\\\/#breadcrumblist\",\"itemListElement\":[{\"@type\":\"ListItem\",\"@id\":\"https:\\\/\\\/eldigitaldeasturias.com\\\/radio#listItem\",\"position\":1,\"name\":\"Inicio\",\"item\":\"https:\\\/\\\/eldigitaldeasturias.com\\\/radio\",\"nextItem\":{\"@type\":\"ListItem\",\"@id\":\"https:\\\/\\\/eldigitaldeasturias.com\\\/radio\\\/category\\\/noticias\\\/#listItem\",\"name\":\"Noticias\"}},{\"@type\":\"ListItem\",\"@id\":\"https:\\\/\\\/eldigitaldeasturias.com\\\/radio\\\/category\\\/noticias\\\/#listItem\",\"position\":2,\"name\":\"Noticias\",\"item\":\"https:\\\/\\\/eldigitaldeasturias.com\\\/radio\\\/category\\\/noticias\\\/\",\"nextItem\":{\"@type\":\"ListItem\",\"@id\":\"https:\\\/\\\/eldigitaldeasturias.com\\\/radio\\\/bruselas-acuerda-con-dos-farmaceuticas-la-compra-de-500-millones-de-futuras-vacunas-contra-el-coronavirus\\\/#listItem\",\"name\":\"Bruselas acuerda con dos farmac\\u00e9uticas la compra de 500 millones de futuras vacunas contra el coronavirus\"},\"previousItem\":{\"@type\":\"ListItem\",\"@id\":\"https:\\\/\\\/eldigitaldeasturias.com\\\/radio#listItem\",\"name\":\"Inicio\"}},{\"@type\":\"ListItem\",\"@id\":\"https:\\\/\\\/eldigitaldeasturias.com\\\/radio\\\/bruselas-acuerda-con-dos-farmaceuticas-la-compra-de-500-millones-de-futuras-vacunas-contra-el-coronavirus\\\/#listItem\",\"position\":3,\"name\":\"Bruselas acuerda con dos farmac\\u00e9uticas la compra de 500 millones de futuras vacunas contra el coronavirus\",\"previousItem\":{\"@type\":\"ListItem\",\"@id\":\"https:\\\/\\\/eldigitaldeasturias.com\\\/radio\\\/category\\\/noticias\\\/#listItem\",\"name\":\"Noticias\"}}]},{\"@type\":\"NewsArticle\",\"@id\":\"https:\\\/\\\/eldigitaldeasturias.com\\\/radio\\\/bruselas-acuerda-con-dos-farmaceuticas-la-compra-de-500-millones-de-futuras-vacunas-contra-el-coronavirus\\\/#newsarticle\",\"name\":\"Bruselas acuerda con dos farmac\\u00e9uticas la compra de 500 millones de futuras vacunas contra el coronavirus | El Digital de Asturias\",\"headline\":\"Bruselas acuerda con dos farmac\\u00e9uticas la compra de 500 millones de futuras vacunas contra el coronavirus\",\"author\":{\"@id\":\"https:\\\/\\\/eldigitaldeasturias.com\\\/radio\\\/author\\\/nbasturias\\\/#author\"},\"publisher\":{\"@id\":\"https:\\\/\\\/eldigitaldeasturias.com\\\/radio\\\/#organization\"},\"image\":{\"@type\":\"ImageObject\",\"url\":\"https:\\\/\\\/eldigitaldeasturias.com\\\/radio\\\/wp-content\\\/uploads\\\/2019\\\/10\\\/blue-1283011_960_720.jpg\",\"width\":960,\"height\":671,\"caption\":\"UE\"},\"datePublished\":\"2020-08-15T01:32:07+02:00\",\"dateModified\":\"2020-08-15T10:50:18+02:00\",\"inLanguage\":\"es-ES\",\"mainEntityOfPage\":{\"@id\":\"https:\\\/\\\/eldigitaldeasturias.com\\\/radio\\\/bruselas-acuerda-con-dos-farmaceuticas-la-compra-de-500-millones-de-futuras-vacunas-contra-el-coronavirus\\\/#webpage\"},\"isPartOf\":{\"@id\":\"https:\\\/\\\/eldigitaldeasturias.com\\\/radio\\\/bruselas-acuerda-con-dos-farmaceuticas-la-compra-de-500-millones-de-futuras-vacunas-contra-el-coronavirus\\\/#webpage\"},\"articleSection\":\"Noticias\",\"dateline\":\"Publicado el agosto 15, 2020.\"},{\"@type\":\"Organization\",\"@id\":\"https:\\\/\\\/eldigitaldeasturias.com\\\/radio\\\/#organization\",\"name\":\"El digital de Asturias Radio\",\"description\":\"Diario de informaci\\u00f3n y noticias\",\"url\":\"https:\\\/\\\/eldigitaldeasturias.com\\\/radio\\\/\",\"telephone\":\"+34652131393\",\"logo\":{\"@type\":\"ImageObject\",\"url\":\"https:\\\/\\\/www.eldigitaldeasturias.com\\\/radio\\\/wp-content\\\/uploads\\\/2021\\\/03\\\/EDA.jpg\",\"@id\":\"https:\\\/\\\/eldigitaldeasturias.com\\\/radio\\\/bruselas-acuerda-con-dos-farmaceuticas-la-compra-de-500-millones-de-futuras-vacunas-contra-el-coronavirus\\\/#organizationLogo\"},\"image\":{\"@id\":\"https:\\\/\\\/eldigitaldeasturias.com\\\/radio\\\/bruselas-acuerda-con-dos-farmaceuticas-la-compra-de-500-millones-de-futuras-vacunas-contra-el-coronavirus\\\/#organizationLogo\"},\"sameAs\":[\"https:\\\/\\\/www.facebook.com\\\/\",\"https:\\\/\\\/x.com\\\/bercodi\",\"https:\\\/\\\/www.instagram.com\\\/\",\"https:\\\/\\\/www.youtube.com\\\/channel\\\/UCZP-2wLEB9Rv6erhFmqVnvg\"]},{\"@type\":\"Person\",\"@id\":\"https:\\\/\\\/eldigitaldeasturias.com\\\/radio\\\/author\\\/nbasturias\\\/#author\",\"url\":\"https:\\\/\\\/eldigitaldeasturias.com\\\/radio\\\/author\\\/nbasturias\\\/\",\"name\":\"NBAsturias\",\"image\":{\"@type\":\"ImageObject\",\"@id\":\"https:\\\/\\\/eldigitaldeasturias.com\\\/radio\\\/bruselas-acuerda-con-dos-farmaceuticas-la-compra-de-500-millones-de-futuras-vacunas-contra-el-coronavirus\\\/#authorImage\",\"url\":\"https:\\\/\\\/secure.gravatar.com\\\/avatar\\\/df2aeffc32bcd13f8d26072ef8a91b623d677766deac7f97ca815868cd41bf5e?s=96&d=mm&r=g\",\"width\":96,\"height\":96,\"caption\":\"NBAsturias\"}},{\"@type\":\"WebPage\",\"@id\":\"https:\\\/\\\/eldigitaldeasturias.com\\\/radio\\\/bruselas-acuerda-con-dos-farmaceuticas-la-compra-de-500-millones-de-futuras-vacunas-contra-el-coronavirus\\\/#webpage\",\"url\":\"https:\\\/\\\/eldigitaldeasturias.com\\\/radio\\\/bruselas-acuerda-con-dos-farmaceuticas-la-compra-de-500-millones-de-futuras-vacunas-contra-el-coronavirus\\\/\",\"name\":\"Bruselas acuerda con dos farmac\\u00e9uticas la compra de 500 millones de futuras vacunas contra el coronavirus | El Digital de Asturias\",\"description\":\"(Europa Press) - La Comisi\\u00f3n Europea ha anunciado este viernes que ha cerrado dos contratos con las farmac\\u00e9uticas AstraZeneca y Johnson&Johnson para adquirir un total de 500 millones de dosis de la futura vacuna contra el coronavirus. Seg\\u00fan ha informado Bruselas, el acuerdo con AstraZeneca incluye 300 millones de dosis, con la opci\\u00f3n de adquirir otros\",\"inLanguage\":\"es-ES\",\"isPartOf\":{\"@id\":\"https:\\\/\\\/eldigitaldeasturias.com\\\/radio\\\/#website\"},\"breadcrumb\":{\"@id\":\"https:\\\/\\\/eldigitaldeasturias.com\\\/radio\\\/bruselas-acuerda-con-dos-farmaceuticas-la-compra-de-500-millones-de-futuras-vacunas-contra-el-coronavirus\\\/#breadcrumblist\"},\"author\":{\"@id\":\"https:\\\/\\\/eldigitaldeasturias.com\\\/radio\\\/author\\\/nbasturias\\\/#author\"},\"creator\":{\"@id\":\"https:\\\/\\\/eldigitaldeasturias.com\\\/radio\\\/author\\\/nbasturias\\\/#author\"},\"image\":{\"@type\":\"ImageObject\",\"url\":\"https:\\\/\\\/eldigitaldeasturias.com\\\/radio\\\/wp-content\\\/uploads\\\/2019\\\/10\\\/blue-1283011_960_720.jpg\",\"@id\":\"https:\\\/\\\/eldigitaldeasturias.com\\\/radio\\\/bruselas-acuerda-con-dos-farmaceuticas-la-compra-de-500-millones-de-futuras-vacunas-contra-el-coronavirus\\\/#mainImage\",\"width\":960,\"height\":671,\"caption\":\"UE\"},\"primaryImageOfPage\":{\"@id\":\"https:\\\/\\\/eldigitaldeasturias.com\\\/radio\\\/bruselas-acuerda-con-dos-farmaceuticas-la-compra-de-500-millones-de-futuras-vacunas-contra-el-coronavirus\\\/#mainImage\"},\"datePublished\":\"2020-08-15T01:32:07+02:00\",\"dateModified\":\"2020-08-15T10:50:18+02:00\"},{\"@type\":\"WebSite\",\"@id\":\"https:\\\/\\\/eldigitaldeasturias.com\\\/radio\\\/#website\",\"url\":\"https:\\\/\\\/eldigitaldeasturias.com\\\/radio\\\/\",\"name\":\"El Digital de Asturias\",\"description\":\"Diario de informaci\\u00f3n y noticias\",\"inLanguage\":\"es-ES\",\"publisher\":{\"@id\":\"https:\\\/\\\/eldigitaldeasturias.com\\\/radio\\\/#organization\"}}]}\n\t\t<\/script>\n\t\t<!-- All in One SEO Pro -->\r\n\t\t<title>Bruselas acuerda con dos farmac\u00e9uticas la compra de 500 millones de futuras vacunas contra el coronavirus | El Digital de Asturias<\/title>\n\n","aioseo_head_json":{"title":"Bruselas acuerda con dos farmac\u00e9uticas la compra de 500 millones de futuras vacunas contra el coronavirus | El Digital de Asturias","description":"(Europa Press) - La Comisi\u00f3n Europea ha anunciado este viernes que ha cerrado dos contratos con las farmac\u00e9uticas AstraZeneca y Johnson&Johnson para adquirir un total de 500 millones de dosis de la futura vacuna contra el coronavirus. Seg\u00fan ha informado Bruselas, el acuerdo con AstraZeneca incluye 300 millones de dosis, con la opci\u00f3n de adquirir otros","canonical_url":"https:\/\/eldigitaldeasturias.com\/radio\/bruselas-acuerda-con-dos-farmaceuticas-la-compra-de-500-millones-de-futuras-vacunas-contra-el-coronavirus\/","robots":"max-image-preview:large","keywords":"noticias","webmasterTools":{"google-site-verification":"UA-38556648-1","miscellaneous":""},"schema":{"@context":"https:\/\/schema.org","@graph":[{"@type":"BreadcrumbList","@id":"https:\/\/eldigitaldeasturias.com\/radio\/bruselas-acuerda-con-dos-farmaceuticas-la-compra-de-500-millones-de-futuras-vacunas-contra-el-coronavirus\/#breadcrumblist","itemListElement":[{"@type":"ListItem","@id":"https:\/\/eldigitaldeasturias.com\/radio#listItem","position":1,"name":"Inicio","item":"https:\/\/eldigitaldeasturias.com\/radio","nextItem":{"@type":"ListItem","@id":"https:\/\/eldigitaldeasturias.com\/radio\/category\/noticias\/#listItem","name":"Noticias"}},{"@type":"ListItem","@id":"https:\/\/eldigitaldeasturias.com\/radio\/category\/noticias\/#listItem","position":2,"name":"Noticias","item":"https:\/\/eldigitaldeasturias.com\/radio\/category\/noticias\/","nextItem":{"@type":"ListItem","@id":"https:\/\/eldigitaldeasturias.com\/radio\/bruselas-acuerda-con-dos-farmaceuticas-la-compra-de-500-millones-de-futuras-vacunas-contra-el-coronavirus\/#listItem","name":"Bruselas acuerda con dos farmac\u00e9uticas la compra de 500 millones de futuras vacunas contra el coronavirus"},"previousItem":{"@type":"ListItem","@id":"https:\/\/eldigitaldeasturias.com\/radio#listItem","name":"Inicio"}},{"@type":"ListItem","@id":"https:\/\/eldigitaldeasturias.com\/radio\/bruselas-acuerda-con-dos-farmaceuticas-la-compra-de-500-millones-de-futuras-vacunas-contra-el-coronavirus\/#listItem","position":3,"name":"Bruselas acuerda con dos farmac\u00e9uticas la compra de 500 millones de futuras vacunas contra el coronavirus","previousItem":{"@type":"ListItem","@id":"https:\/\/eldigitaldeasturias.com\/radio\/category\/noticias\/#listItem","name":"Noticias"}}]},{"@type":"NewsArticle","@id":"https:\/\/eldigitaldeasturias.com\/radio\/bruselas-acuerda-con-dos-farmaceuticas-la-compra-de-500-millones-de-futuras-vacunas-contra-el-coronavirus\/#newsarticle","name":"Bruselas acuerda con dos farmac\u00e9uticas la compra de 500 millones de futuras vacunas contra el coronavirus | El Digital de Asturias","headline":"Bruselas acuerda con dos farmac\u00e9uticas la compra de 500 millones de futuras vacunas contra el coronavirus","author":{"@id":"https:\/\/eldigitaldeasturias.com\/radio\/author\/nbasturias\/#author"},"publisher":{"@id":"https:\/\/eldigitaldeasturias.com\/radio\/#organization"},"image":{"@type":"ImageObject","url":"https:\/\/eldigitaldeasturias.com\/radio\/wp-content\/uploads\/2019\/10\/blue-1283011_960_720.jpg","width":960,"height":671,"caption":"UE"},"datePublished":"2020-08-15T01:32:07+02:00","dateModified":"2020-08-15T10:50:18+02:00","inLanguage":"es-ES","mainEntityOfPage":{"@id":"https:\/\/eldigitaldeasturias.com\/radio\/bruselas-acuerda-con-dos-farmaceuticas-la-compra-de-500-millones-de-futuras-vacunas-contra-el-coronavirus\/#webpage"},"isPartOf":{"@id":"https:\/\/eldigitaldeasturias.com\/radio\/bruselas-acuerda-con-dos-farmaceuticas-la-compra-de-500-millones-de-futuras-vacunas-contra-el-coronavirus\/#webpage"},"articleSection":"Noticias","dateline":"Publicado el agosto 15, 2020."},{"@type":"Organization","@id":"https:\/\/eldigitaldeasturias.com\/radio\/#organization","name":"El digital de Asturias Radio","description":"Diario de informaci\u00f3n y noticias","url":"https:\/\/eldigitaldeasturias.com\/radio\/","telephone":"+34652131393","logo":{"@type":"ImageObject","url":"https:\/\/www.eldigitaldeasturias.com\/radio\/wp-content\/uploads\/2021\/03\/EDA.jpg","@id":"https:\/\/eldigitaldeasturias.com\/radio\/bruselas-acuerda-con-dos-farmaceuticas-la-compra-de-500-millones-de-futuras-vacunas-contra-el-coronavirus\/#organizationLogo"},"image":{"@id":"https:\/\/eldigitaldeasturias.com\/radio\/bruselas-acuerda-con-dos-farmaceuticas-la-compra-de-500-millones-de-futuras-vacunas-contra-el-coronavirus\/#organizationLogo"},"sameAs":["https:\/\/www.facebook.com\/","https:\/\/x.com\/bercodi","https:\/\/www.instagram.com\/","https:\/\/www.youtube.com\/channel\/UCZP-2wLEB9Rv6erhFmqVnvg"]},{"@type":"Person","@id":"https:\/\/eldigitaldeasturias.com\/radio\/author\/nbasturias\/#author","url":"https:\/\/eldigitaldeasturias.com\/radio\/author\/nbasturias\/","name":"NBAsturias","image":{"@type":"ImageObject","@id":"https:\/\/eldigitaldeasturias.com\/radio\/bruselas-acuerda-con-dos-farmaceuticas-la-compra-de-500-millones-de-futuras-vacunas-contra-el-coronavirus\/#authorImage","url":"https:\/\/secure.gravatar.com\/avatar\/df2aeffc32bcd13f8d26072ef8a91b623d677766deac7f97ca815868cd41bf5e?s=96&d=mm&r=g","width":96,"height":96,"caption":"NBAsturias"}},{"@type":"WebPage","@id":"https:\/\/eldigitaldeasturias.com\/radio\/bruselas-acuerda-con-dos-farmaceuticas-la-compra-de-500-millones-de-futuras-vacunas-contra-el-coronavirus\/#webpage","url":"https:\/\/eldigitaldeasturias.com\/radio\/bruselas-acuerda-con-dos-farmaceuticas-la-compra-de-500-millones-de-futuras-vacunas-contra-el-coronavirus\/","name":"Bruselas acuerda con dos farmac\u00e9uticas la compra de 500 millones de futuras vacunas contra el coronavirus | El Digital de Asturias","description":"(Europa Press) - La Comisi\u00f3n Europea ha anunciado este viernes que ha cerrado dos contratos con las farmac\u00e9uticas AstraZeneca y Johnson&Johnson para adquirir un total de 500 millones de dosis de la futura vacuna contra el coronavirus. Seg\u00fan ha informado Bruselas, el acuerdo con AstraZeneca incluye 300 millones de dosis, con la opci\u00f3n de adquirir otros","inLanguage":"es-ES","isPartOf":{"@id":"https:\/\/eldigitaldeasturias.com\/radio\/#website"},"breadcrumb":{"@id":"https:\/\/eldigitaldeasturias.com\/radio\/bruselas-acuerda-con-dos-farmaceuticas-la-compra-de-500-millones-de-futuras-vacunas-contra-el-coronavirus\/#breadcrumblist"},"author":{"@id":"https:\/\/eldigitaldeasturias.com\/radio\/author\/nbasturias\/#author"},"creator":{"@id":"https:\/\/eldigitaldeasturias.com\/radio\/author\/nbasturias\/#author"},"image":{"@type":"ImageObject","url":"https:\/\/eldigitaldeasturias.com\/radio\/wp-content\/uploads\/2019\/10\/blue-1283011_960_720.jpg","@id":"https:\/\/eldigitaldeasturias.com\/radio\/bruselas-acuerda-con-dos-farmaceuticas-la-compra-de-500-millones-de-futuras-vacunas-contra-el-coronavirus\/#mainImage","width":960,"height":671,"caption":"UE"},"primaryImageOfPage":{"@id":"https:\/\/eldigitaldeasturias.com\/radio\/bruselas-acuerda-con-dos-farmaceuticas-la-compra-de-500-millones-de-futuras-vacunas-contra-el-coronavirus\/#mainImage"},"datePublished":"2020-08-15T01:32:07+02:00","dateModified":"2020-08-15T10:50:18+02:00"},{"@type":"WebSite","@id":"https:\/\/eldigitaldeasturias.com\/radio\/#website","url":"https:\/\/eldigitaldeasturias.com\/radio\/","name":"El Digital de Asturias","description":"Diario de informaci\u00f3n y noticias","inLanguage":"es-ES","publisher":{"@id":"https:\/\/eldigitaldeasturias.com\/radio\/#organization"}}]},"og:locale":"es_ES","og:site_name":"El Digital de Asturias | Diario de informaci\u00f3n y noticias","og:type":"article","og:title":"Bruselas acuerda con dos farmac\u00e9uticas la compra de 500 millones de futuras vacunas contra el coronavirus | El Digital de Asturias","og:description":"(Europa Press) - La Comisi\u00f3n Europea ha anunciado este viernes que ha cerrado dos contratos con las farmac\u00e9uticas AstraZeneca y Johnson&amp;Johnson para adquirir un total de 500 millones de dosis de la futura vacuna contra el coronavirus. Seg\u00fan ha informado Bruselas, el acuerdo con AstraZeneca incluye 300 millones de dosis, con la opci\u00f3n de adquirir otros","og:url":"https:\/\/eldigitaldeasturias.com\/radio\/bruselas-acuerda-con-dos-farmaceuticas-la-compra-de-500-millones-de-futuras-vacunas-contra-el-coronavirus\/","og:image":"https:\/\/eldigitaldeasturias.com\/radio\/wp-content\/uploads\/2019\/10\/blue-1283011_960_720.jpg","og:image:secure_url":"https:\/\/eldigitaldeasturias.com\/radio\/wp-content\/uploads\/2019\/10\/blue-1283011_960_720.jpg","og:image:width":960,"og:image:height":671,"article:published_time":"2020-08-15T01:32:07+00:00","article:modified_time":"2020-08-15T10:50:18+00:00","twitter:card":"summary_large_image","twitter:site":"@bercodi","twitter:title":"Bruselas acuerda con dos farmac\u00e9uticas la compra de 500 millones de futuras vacunas contra el coronavirus | El Digital de Asturias","twitter:description":"(Europa Press) - La Comisi\u00f3n Europea ha anunciado este viernes que ha cerrado dos contratos con las farmac\u00e9uticas AstraZeneca y Johnson&amp;Johnson para adquirir un total de 500 millones de dosis de la futura vacuna contra el coronavirus. Seg\u00fan ha informado Bruselas, el acuerdo con AstraZeneca incluye 300 millones de dosis, con la opci\u00f3n de adquirir otros","twitter:creator":"@bercodi","twitter:image":"https:\/\/eldigitaldeasturias.com\/radio\/wp-content\/uploads\/2019\/10\/blue-1283011_960_720.jpg"},"aioseo_meta_data":{"post_id":"4901","title":null,"description":"","keywords":"","keyphrases":null,"primary_term":null,"canonical_url":"","og_title":null,"og_description":null,"og_object_type":"default","og_image_type":"default","og_image_url":null,"og_image_width":null,"og_image_height":null,"og_image_custom_url":null,"og_image_custom_fields":null,"og_video":null,"og_custom_url":null,"og_article_section":null,"og_article_tags":null,"twitter_use_og":false,"twitter_card":"default","twitter_image_type":"default","twitter_image_url":null,"twitter_image_custom_url":null,"twitter_image_custom_fields":null,"twitter_title":null,"twitter_description":null,"schema":{"blockGraphs":[],"customGraphs":[],"default":{"data":{"Article":[],"Course":[],"Dataset":[],"FAQPage":[],"Movie":[],"Person":[],"Product":[],"ProductReview":[],"Car":[],"Recipe":[],"Service":[],"SoftwareApplication":[],"WebPage":[]},"graphName":"","isEnabled":true},"graphs":[],"defaultGraph":"","defaultPostTypeGraph":""},"schema_type":null,"schema_type_options":null,"pillar_content":false,"robots_default":true,"robots_noindex":false,"robots_noarchive":false,"robots_nosnippet":false,"robots_nofollow":false,"robots_noimageindex":false,"robots_noodp":false,"robots_notranslate":false,"robots_max_snippet":null,"robots_max_videopreview":null,"robots_max_imagepreview":"large","priority":null,"frequency":null,"location":null,"local_seo":null,"seo_analyzer_scan_date":"2025-08-28 16:53:36","breadcrumb_settings":null,"limit_modified_date":false,"open_ai":null,"ai":null,"created":"2021-03-25 13:47:38","updated":"2025-08-28 16:53:36"},"aioseo_breadcrumb":"<div class=\"aioseo-breadcrumbs\"><span class=\"aioseo-breadcrumb\">\n\t<a href=\"https:\/\/eldigitaldeasturias.com\/radio\" title=\"Inicio\">Inicio<\/a>\n<\/span><span class=\"aioseo-breadcrumb-separator\">&ndash;<\/span><span class=\"aioseo-breadcrumb\">\n\t<a href=\"https:\/\/eldigitaldeasturias.com\/radio\/category\/noticias\/\" title=\"Noticias\">Noticias<\/a>\n<\/span><span class=\"aioseo-breadcrumb-separator\">&ndash;<\/span><span class=\"aioseo-breadcrumb\">\n\tBruselas acuerda con dos farmac\u00e9uticas la compra de 500 millones de futuras vacunas contra el coronavirus\n<\/span><\/div>","aioseo_breadcrumb_json":[{"label":"Inicio","link":"https:\/\/eldigitaldeasturias.com\/radio"},{"label":"Noticias","link":"https:\/\/eldigitaldeasturias.com\/radio\/category\/noticias\/"},{"label":"Bruselas acuerda con dos farmac\u00e9uticas la compra de 500 millones de futuras vacunas contra el coronavirus","link":"https:\/\/eldigitaldeasturias.com\/radio\/bruselas-acuerda-con-dos-farmaceuticas-la-compra-de-500-millones-de-futuras-vacunas-contra-el-coronavirus\/"}],"_links":{"self":[{"href":"https:\/\/eldigitaldeasturias.com\/radio\/wp-json\/wp\/v2\/posts\/4901","targetHints":{"allow":["GET"]}}],"collection":[{"href":"https:\/\/eldigitaldeasturias.com\/radio\/wp-json\/wp\/v2\/posts"}],"about":[{"href":"https:\/\/eldigitaldeasturias.com\/radio\/wp-json\/wp\/v2\/types\/post"}],"author":[{"embeddable":true,"href":"https:\/\/eldigitaldeasturias.com\/radio\/wp-json\/wp\/v2\/users\/1"}],"replies":[{"embeddable":true,"href":"https:\/\/eldigitaldeasturias.com\/radio\/wp-json\/wp\/v2\/comments?post=4901"}],"version-history":[{"count":0,"href":"https:\/\/eldigitaldeasturias.com\/radio\/wp-json\/wp\/v2\/posts\/4901\/revisions"}],"wp:featuredmedia":[{"embeddable":true,"href":"https:\/\/eldigitaldeasturias.com\/radio\/wp-json\/wp\/v2\/media\/3274"}],"wp:attachment":[{"href":"https:\/\/eldigitaldeasturias.com\/radio\/wp-json\/wp\/v2\/media?parent=4901"}],"wp:term":[{"taxonomy":"category","embeddable":true,"href":"https:\/\/eldigitaldeasturias.com\/radio\/wp-json\/wp\/v2\/categories?post=4901"},{"taxonomy":"post_tag","embeddable":true,"href":"https:\/\/eldigitaldeasturias.com\/radio\/wp-json\/wp\/v2\/tags?post=4901"}],"curies":[{"name":"wp","href":"https:\/\/api.w.org\/{rel}","templated":true}]}}