{"id":4897,"date":"2020-08-14T19:26:20","date_gmt":"2020-08-14T19:26:20","guid":{"rendered":"http:\/\/www.eldigitaldeasturias.com\/radio\/?p=4897"},"modified":"2020-08-14T19:26:20","modified_gmt":"2020-08-14T19:26:20","slug":"estudio-danes-gana-el-concurso-para-disenar-el-museo-del-exilio-en-berlin","status":"publish","type":"post","link":"https:\/\/eldigitaldeasturias.com\/radio\/estudio-danes-gana-el-concurso-para-disenar-el-museo-del-exilio-en-berlin\/","title":{"rendered":"Estudio dan\u00e9s gana el concurso para dise\u00f1ar el Museo del Exilio en Berl\u00edn"},"content":{"rendered":"<p>Berl\u00edn, 14 ago (dpa) &#8211; El estudio dan\u00e9s Dorte Mandrup fue anunciado como el ganador del concurso internacional de arquitectura para dise\u00f1ar el proyectado Museo del Exilio en Berl\u00edn, anunci\u00f3 hoy la fundaci\u00f3n patrocinadora.<\/p>\n<figure id=\"attachment_4898\" aria-describedby=\"caption-attachment-4898\" style=\"width: 650px\" class=\"wp-caption aligncenter\"><img fetchpriority=\"high\" decoding=\"async\" class=\"wp-image-4898\" src=\"http:\/\/www.eldigitaldeasturias.com\/radio\/wp-content\/uploads\/2020\/08\/Joachim-Gauck-360x246.jpg\" alt=\"\" width=\"650\" height=\"444\" srcset=\"https:\/\/eldigitaldeasturias.com\/radio\/wp-content\/uploads\/2020\/08\/Joachim-Gauck-360x246.jpg 360w, https:\/\/eldigitaldeasturias.com\/radio\/wp-content\/uploads\/2020\/08\/Joachim-Gauck-768x525.jpg 768w, https:\/\/eldigitaldeasturias.com\/radio\/wp-content\/uploads\/2020\/08\/Joachim-Gauck.jpg 958w\" sizes=\"(max-width: 650px) 100vw, 650px\" \/><figcaption id=\"caption-attachment-4898\" class=\"wp-caption-text\">El ex canciller alem\u00e1n Joachim Gauck es uno de los patrocinadores del proyecto para el Museo del Exilio en Berl\u00edn. Foto: Wolfgang Kumm\/dpa<\/figcaption><\/figure>\n<p>Seg\u00fan los deseos de la iniciativa privada que impulsa el proyecto, el museo abrir\u00e1 sus puertas en 2025.<\/p>\n<p>El centro de exposiciones previsto en la antigua estaci\u00f3n de tren Anhalter Bahnhof servir\u00e1 para conmemorar a las aproximadamente 500.000 personas que tuvieron que abandonar Alemania bajo la presi\u00f3n de los nacionalsocialistas. Muchos no volvieron a sus hogares despu\u00e9s de la Segunda Guerra Mundial.<\/p>\n<p>El proyecto est\u00e1 patrocinado por la escritora rumano-alemana Herta M\u00fcller, distinguida en 2009 con el Premio Nobel de Literatura, y el ex presidente alem\u00e1n Joachim Gauck. Los costos de construcci\u00f3n se estiman en 27 millones de euros (unos 32 millones de d\u00f3lares) que ser\u00e1n financiados con donaciones y fondos privados.<\/p>\n<p>\u00abEs el primer paso para cerrar por fin un espacio en blanco en nuestra memoria\u00bb, dijo M\u00fcller, a la vez que explic\u00f3 que, hasta el d\u00eda de hoy, no hay un lugar central en Alemania donde sea visible la expulsi\u00f3n de cientos de miles de personas al exilio por los nazis.<\/p>\n","protected":false},"excerpt":{"rendered":"<p>Berl\u00edn, 14 ago (dpa) &#8211; El estudio dan\u00e9s Dorte Mandrup fue anunciado como el ganador del concurso internacional de arquitectura para dise\u00f1ar el proyectado Museo del Exilio en Berl\u00edn, anunci\u00f3 hoy la fundaci\u00f3n patrocinadora. Seg\u00fan los deseos de la iniciativa privada que impulsa el proyecto, el museo abrir\u00e1 sus puertas en 2025. El centro de<\/p>\n","protected":false},"author":1,"featured_media":4898,"comment_status":"closed","ping_status":"closed","sticky":false,"template":"","format":"standard","meta":{"footnotes":""},"categories":[1],"tags":[],"class_list":{"0":"post-4897","1":"post","2":"type-post","3":"status-publish","4":"format-standard","5":"has-post-thumbnail","7":"category-noticias"},"aioseo_notices":[],"aioseo_head":"\n\t\t<!-- All in One SEO Pro 4.9.6.2 - aioseo.com -->\n\t<meta name=\"description\" content=\"Berl\u00edn, 14 ago (dpa) - El estudio dan\u00e9s Dorte Mandrup fue anunciado como el ganador del concurso internacional de arquitectura para dise\u00f1ar el proyectado Museo del Exilio en Berl\u00edn, anunci\u00f3 hoy la fundaci\u00f3n patrocinadora. Seg\u00fan los deseos de la iniciativa privada que impulsa el proyecto, el museo abrir\u00e1 sus puertas en 2025. El centro de\" \/>\n\t<meta name=\"robots\" content=\"max-image-preview:large\" \/>\n\t<meta name=\"author\" content=\"NBAsturias\"\/>\n\t<meta name=\"google-site-verification\" content=\"UA-38556648-1\" \/>\n\t<meta name=\"keywords\" content=\"noticias\" \/>\n\t<link rel=\"canonical\" href=\"https:\/\/eldigitaldeasturias.com\/radio\/estudio-danes-gana-el-concurso-para-disenar-el-museo-del-exilio-en-berlin\/\" \/>\n\t<meta name=\"generator\" content=\"All in One SEO Pro (AIOSEO) 4.9.6.2\" \/>\n\t\t<meta property=\"og:locale\" content=\"es_ES\" \/>\n\t\t<meta property=\"og:site_name\" content=\"El Digital de Asturias | Diario de informaci\u00f3n y noticias\" \/>\n\t\t<meta property=\"og:type\" content=\"article\" \/>\n\t\t<meta property=\"og:title\" content=\"Estudio dan\u00e9s gana el concurso para dise\u00f1ar el Museo del Exilio en Berl\u00edn | El Digital de Asturias\" \/>\n\t\t<meta property=\"og:description\" content=\"Berl\u00edn, 14 ago (dpa) - El estudio dan\u00e9s Dorte Mandrup fue anunciado como el ganador del concurso internacional de arquitectura para dise\u00f1ar el proyectado Museo del Exilio en Berl\u00edn, anunci\u00f3 hoy la fundaci\u00f3n patrocinadora. Seg\u00fan los deseos de la iniciativa privada que impulsa el proyecto, el museo abrir\u00e1 sus puertas en 2025. El centro de\" \/>\n\t\t<meta property=\"og:url\" content=\"https:\/\/eldigitaldeasturias.com\/radio\/estudio-danes-gana-el-concurso-para-disenar-el-museo-del-exilio-en-berlin\/\" \/>\n\t\t<meta property=\"og:image\" content=\"https:\/\/eldigitaldeasturias.com\/radio\/wp-content\/uploads\/2020\/08\/Joachim-Gauck.jpg\" \/>\n\t\t<meta property=\"og:image:secure_url\" content=\"https:\/\/eldigitaldeasturias.com\/radio\/wp-content\/uploads\/2020\/08\/Joachim-Gauck.jpg\" \/>\n\t\t<meta property=\"og:image:width\" content=\"958\" \/>\n\t\t<meta property=\"og:image:height\" content=\"655\" \/>\n\t\t<meta property=\"article:published_time\" content=\"2020-08-14T19:26:20+00:00\" \/>\n\t\t<meta property=\"article:modified_time\" content=\"2020-08-14T19:26:20+00:00\" \/>\n\t\t<meta name=\"twitter:card\" content=\"summary_large_image\" \/>\n\t\t<meta name=\"twitter:site\" content=\"@bercodi\" \/>\n\t\t<meta name=\"twitter:title\" content=\"Estudio dan\u00e9s gana el concurso para dise\u00f1ar el Museo del Exilio en Berl\u00edn | El Digital de Asturias\" \/>\n\t\t<meta name=\"twitter:description\" content=\"Berl\u00edn, 14 ago (dpa) - El estudio dan\u00e9s Dorte Mandrup fue anunciado como el ganador del concurso internacional de arquitectura para dise\u00f1ar el proyectado Museo del Exilio en Berl\u00edn, anunci\u00f3 hoy la fundaci\u00f3n patrocinadora. Seg\u00fan los deseos de la iniciativa privada que impulsa el proyecto, el museo abrir\u00e1 sus puertas en 2025. El centro de\" \/>\n\t\t<meta name=\"twitter:creator\" content=\"@bercodi\" \/>\n\t\t<meta name=\"twitter:image\" content=\"https:\/\/eldigitaldeasturias.com\/radio\/wp-content\/uploads\/2020\/08\/Joachim-Gauck.jpg\" \/>\n\t\t<script type=\"application\/ld+json\" class=\"aioseo-schema\">\n\t\t\t{\"@context\":\"https:\\\/\\\/schema.org\",\"@graph\":[{\"@type\":\"BreadcrumbList\",\"@id\":\"https:\\\/\\\/eldigitaldeasturias.com\\\/radio\\\/estudio-danes-gana-el-concurso-para-disenar-el-museo-del-exilio-en-berlin\\\/#breadcrumblist\",\"itemListElement\":[{\"@type\":\"ListItem\",\"@id\":\"https:\\\/\\\/eldigitaldeasturias.com\\\/radio#listItem\",\"position\":1,\"name\":\"Inicio\",\"item\":\"https:\\\/\\\/eldigitaldeasturias.com\\\/radio\",\"nextItem\":{\"@type\":\"ListItem\",\"@id\":\"https:\\\/\\\/eldigitaldeasturias.com\\\/radio\\\/category\\\/noticias\\\/#listItem\",\"name\":\"Noticias\"}},{\"@type\":\"ListItem\",\"@id\":\"https:\\\/\\\/eldigitaldeasturias.com\\\/radio\\\/category\\\/noticias\\\/#listItem\",\"position\":2,\"name\":\"Noticias\",\"item\":\"https:\\\/\\\/eldigitaldeasturias.com\\\/radio\\\/category\\\/noticias\\\/\",\"nextItem\":{\"@type\":\"ListItem\",\"@id\":\"https:\\\/\\\/eldigitaldeasturias.com\\\/radio\\\/estudio-danes-gana-el-concurso-para-disenar-el-museo-del-exilio-en-berlin\\\/#listItem\",\"name\":\"Estudio dan\\u00e9s gana el concurso para dise\\u00f1ar el Museo del Exilio en Berl\\u00edn\"},\"previousItem\":{\"@type\":\"ListItem\",\"@id\":\"https:\\\/\\\/eldigitaldeasturias.com\\\/radio#listItem\",\"name\":\"Inicio\"}},{\"@type\":\"ListItem\",\"@id\":\"https:\\\/\\\/eldigitaldeasturias.com\\\/radio\\\/estudio-danes-gana-el-concurso-para-disenar-el-museo-del-exilio-en-berlin\\\/#listItem\",\"position\":3,\"name\":\"Estudio dan\\u00e9s gana el concurso para dise\\u00f1ar el Museo del Exilio en Berl\\u00edn\",\"previousItem\":{\"@type\":\"ListItem\",\"@id\":\"https:\\\/\\\/eldigitaldeasturias.com\\\/radio\\\/category\\\/noticias\\\/#listItem\",\"name\":\"Noticias\"}}]},{\"@type\":\"NewsArticle\",\"@id\":\"https:\\\/\\\/eldigitaldeasturias.com\\\/radio\\\/estudio-danes-gana-el-concurso-para-disenar-el-museo-del-exilio-en-berlin\\\/#newsarticle\",\"name\":\"Estudio dan\\u00e9s gana el concurso para dise\\u00f1ar el Museo del Exilio en Berl\\u00edn | El Digital de Asturias\",\"headline\":\"Estudio dan\\u00e9s gana el concurso para dise\\u00f1ar el Museo del Exilio en Berl\\u00edn\",\"author\":{\"@id\":\"https:\\\/\\\/eldigitaldeasturias.com\\\/radio\\\/author\\\/nbasturias\\\/#author\"},\"publisher\":{\"@id\":\"https:\\\/\\\/eldigitaldeasturias.com\\\/radio\\\/#organization\"},\"image\":{\"@type\":\"ImageObject\",\"url\":\"https:\\\/\\\/eldigitaldeasturias.com\\\/radio\\\/wp-content\\\/uploads\\\/2020\\\/08\\\/Joachim-Gauck.jpg\",\"width\":958,\"height\":655,\"caption\":\"El ex canciller alem\\u00e1n Joachim Gauck es uno de los patrocinadores del proyecto para el Museo del Exilio en Berl\\u00edn. Foto: Wolfgang Kumm\\\/dpa\"},\"datePublished\":\"2020-08-14T19:26:20+02:00\",\"dateModified\":\"2020-08-14T19:26:20+02:00\",\"inLanguage\":\"es-ES\",\"mainEntityOfPage\":{\"@id\":\"https:\\\/\\\/eldigitaldeasturias.com\\\/radio\\\/estudio-danes-gana-el-concurso-para-disenar-el-museo-del-exilio-en-berlin\\\/#webpage\"},\"isPartOf\":{\"@id\":\"https:\\\/\\\/eldigitaldeasturias.com\\\/radio\\\/estudio-danes-gana-el-concurso-para-disenar-el-museo-del-exilio-en-berlin\\\/#webpage\"},\"articleSection\":\"Noticias\",\"dateline\":\"Publicado el agosto 14, 2020.\"},{\"@type\":\"Organization\",\"@id\":\"https:\\\/\\\/eldigitaldeasturias.com\\\/radio\\\/#organization\",\"name\":\"El digital de Asturias Radio\",\"description\":\"Diario de informaci\\u00f3n y noticias\",\"url\":\"https:\\\/\\\/eldigitaldeasturias.com\\\/radio\\\/\",\"telephone\":\"+34652131393\",\"logo\":{\"@type\":\"ImageObject\",\"url\":\"https:\\\/\\\/www.eldigitaldeasturias.com\\\/radio\\\/wp-content\\\/uploads\\\/2021\\\/03\\\/EDA.jpg\",\"@id\":\"https:\\\/\\\/eldigitaldeasturias.com\\\/radio\\\/estudio-danes-gana-el-concurso-para-disenar-el-museo-del-exilio-en-berlin\\\/#organizationLogo\"},\"image\":{\"@id\":\"https:\\\/\\\/eldigitaldeasturias.com\\\/radio\\\/estudio-danes-gana-el-concurso-para-disenar-el-museo-del-exilio-en-berlin\\\/#organizationLogo\"},\"sameAs\":[\"https:\\\/\\\/www.facebook.com\\\/\",\"https:\\\/\\\/x.com\\\/bercodi\",\"https:\\\/\\\/www.instagram.com\\\/\",\"https:\\\/\\\/www.youtube.com\\\/channel\\\/UCZP-2wLEB9Rv6erhFmqVnvg\"]},{\"@type\":\"Person\",\"@id\":\"https:\\\/\\\/eldigitaldeasturias.com\\\/radio\\\/author\\\/nbasturias\\\/#author\",\"url\":\"https:\\\/\\\/eldigitaldeasturias.com\\\/radio\\\/author\\\/nbasturias\\\/\",\"name\":\"NBAsturias\",\"image\":{\"@type\":\"ImageObject\",\"@id\":\"https:\\\/\\\/eldigitaldeasturias.com\\\/radio\\\/estudio-danes-gana-el-concurso-para-disenar-el-museo-del-exilio-en-berlin\\\/#authorImage\",\"url\":\"https:\\\/\\\/secure.gravatar.com\\\/avatar\\\/df2aeffc32bcd13f8d26072ef8a91b623d677766deac7f97ca815868cd41bf5e?s=96&d=mm&r=g\",\"width\":96,\"height\":96,\"caption\":\"NBAsturias\"}},{\"@type\":\"WebPage\",\"@id\":\"https:\\\/\\\/eldigitaldeasturias.com\\\/radio\\\/estudio-danes-gana-el-concurso-para-disenar-el-museo-del-exilio-en-berlin\\\/#webpage\",\"url\":\"https:\\\/\\\/eldigitaldeasturias.com\\\/radio\\\/estudio-danes-gana-el-concurso-para-disenar-el-museo-del-exilio-en-berlin\\\/\",\"name\":\"Estudio dan\\u00e9s gana el concurso para dise\\u00f1ar el Museo del Exilio en Berl\\u00edn | El Digital de Asturias\",\"description\":\"Berl\\u00edn, 14 ago (dpa) - El estudio dan\\u00e9s Dorte Mandrup fue anunciado como el ganador del concurso internacional de arquitectura para dise\\u00f1ar el proyectado Museo del Exilio en Berl\\u00edn, anunci\\u00f3 hoy la fundaci\\u00f3n patrocinadora. Seg\\u00fan los deseos de la iniciativa privada que impulsa el proyecto, el museo abrir\\u00e1 sus puertas en 2025. El centro de\",\"inLanguage\":\"es-ES\",\"isPartOf\":{\"@id\":\"https:\\\/\\\/eldigitaldeasturias.com\\\/radio\\\/#website\"},\"breadcrumb\":{\"@id\":\"https:\\\/\\\/eldigitaldeasturias.com\\\/radio\\\/estudio-danes-gana-el-concurso-para-disenar-el-museo-del-exilio-en-berlin\\\/#breadcrumblist\"},\"author\":{\"@id\":\"https:\\\/\\\/eldigitaldeasturias.com\\\/radio\\\/author\\\/nbasturias\\\/#author\"},\"creator\":{\"@id\":\"https:\\\/\\\/eldigitaldeasturias.com\\\/radio\\\/author\\\/nbasturias\\\/#author\"},\"image\":{\"@type\":\"ImageObject\",\"url\":\"https:\\\/\\\/eldigitaldeasturias.com\\\/radio\\\/wp-content\\\/uploads\\\/2020\\\/08\\\/Joachim-Gauck.jpg\",\"@id\":\"https:\\\/\\\/eldigitaldeasturias.com\\\/radio\\\/estudio-danes-gana-el-concurso-para-disenar-el-museo-del-exilio-en-berlin\\\/#mainImage\",\"width\":958,\"height\":655,\"caption\":\"El ex canciller alem\\u00e1n Joachim Gauck es uno de los patrocinadores del proyecto para el Museo del Exilio en Berl\\u00edn. Foto: Wolfgang Kumm\\\/dpa\"},\"primaryImageOfPage\":{\"@id\":\"https:\\\/\\\/eldigitaldeasturias.com\\\/radio\\\/estudio-danes-gana-el-concurso-para-disenar-el-museo-del-exilio-en-berlin\\\/#mainImage\"},\"datePublished\":\"2020-08-14T19:26:20+02:00\",\"dateModified\":\"2020-08-14T19:26:20+02:00\"},{\"@type\":\"WebSite\",\"@id\":\"https:\\\/\\\/eldigitaldeasturias.com\\\/radio\\\/#website\",\"url\":\"https:\\\/\\\/eldigitaldeasturias.com\\\/radio\\\/\",\"name\":\"El Digital de Asturias\",\"description\":\"Diario de informaci\\u00f3n y noticias\",\"inLanguage\":\"es-ES\",\"publisher\":{\"@id\":\"https:\\\/\\\/eldigitaldeasturias.com\\\/radio\\\/#organization\"}}]}\n\t\t<\/script>\n\t\t<!-- All in One SEO Pro -->\r\n\t\t<title>Estudio dan\u00e9s gana el concurso para dise\u00f1ar el Museo del Exilio en Berl\u00edn | El Digital de Asturias<\/title>\n\n","aioseo_head_json":{"title":"Estudio dan\u00e9s gana el concurso para dise\u00f1ar el Museo del Exilio en Berl\u00edn | El Digital de Asturias","description":"Berl\u00edn, 14 ago (dpa) - El estudio dan\u00e9s Dorte Mandrup fue anunciado como el ganador del concurso internacional de arquitectura para dise\u00f1ar el proyectado Museo del Exilio en Berl\u00edn, anunci\u00f3 hoy la fundaci\u00f3n patrocinadora. Seg\u00fan los deseos de la iniciativa privada que impulsa el proyecto, el museo abrir\u00e1 sus puertas en 2025. El centro de","canonical_url":"https:\/\/eldigitaldeasturias.com\/radio\/estudio-danes-gana-el-concurso-para-disenar-el-museo-del-exilio-en-berlin\/","robots":"max-image-preview:large","keywords":"noticias","webmasterTools":{"google-site-verification":"UA-38556648-1","miscellaneous":""},"schema":{"@context":"https:\/\/schema.org","@graph":[{"@type":"BreadcrumbList","@id":"https:\/\/eldigitaldeasturias.com\/radio\/estudio-danes-gana-el-concurso-para-disenar-el-museo-del-exilio-en-berlin\/#breadcrumblist","itemListElement":[{"@type":"ListItem","@id":"https:\/\/eldigitaldeasturias.com\/radio#listItem","position":1,"name":"Inicio","item":"https:\/\/eldigitaldeasturias.com\/radio","nextItem":{"@type":"ListItem","@id":"https:\/\/eldigitaldeasturias.com\/radio\/category\/noticias\/#listItem","name":"Noticias"}},{"@type":"ListItem","@id":"https:\/\/eldigitaldeasturias.com\/radio\/category\/noticias\/#listItem","position":2,"name":"Noticias","item":"https:\/\/eldigitaldeasturias.com\/radio\/category\/noticias\/","nextItem":{"@type":"ListItem","@id":"https:\/\/eldigitaldeasturias.com\/radio\/estudio-danes-gana-el-concurso-para-disenar-el-museo-del-exilio-en-berlin\/#listItem","name":"Estudio dan\u00e9s gana el concurso para dise\u00f1ar el Museo del Exilio en Berl\u00edn"},"previousItem":{"@type":"ListItem","@id":"https:\/\/eldigitaldeasturias.com\/radio#listItem","name":"Inicio"}},{"@type":"ListItem","@id":"https:\/\/eldigitaldeasturias.com\/radio\/estudio-danes-gana-el-concurso-para-disenar-el-museo-del-exilio-en-berlin\/#listItem","position":3,"name":"Estudio dan\u00e9s gana el concurso para dise\u00f1ar el Museo del Exilio en Berl\u00edn","previousItem":{"@type":"ListItem","@id":"https:\/\/eldigitaldeasturias.com\/radio\/category\/noticias\/#listItem","name":"Noticias"}}]},{"@type":"NewsArticle","@id":"https:\/\/eldigitaldeasturias.com\/radio\/estudio-danes-gana-el-concurso-para-disenar-el-museo-del-exilio-en-berlin\/#newsarticle","name":"Estudio dan\u00e9s gana el concurso para dise\u00f1ar el Museo del Exilio en Berl\u00edn | El Digital de Asturias","headline":"Estudio dan\u00e9s gana el concurso para dise\u00f1ar el Museo del Exilio en Berl\u00edn","author":{"@id":"https:\/\/eldigitaldeasturias.com\/radio\/author\/nbasturias\/#author"},"publisher":{"@id":"https:\/\/eldigitaldeasturias.com\/radio\/#organization"},"image":{"@type":"ImageObject","url":"https:\/\/eldigitaldeasturias.com\/radio\/wp-content\/uploads\/2020\/08\/Joachim-Gauck.jpg","width":958,"height":655,"caption":"El ex canciller alem\u00e1n Joachim Gauck es uno de los patrocinadores del proyecto para el Museo del Exilio en Berl\u00edn. Foto: Wolfgang Kumm\/dpa"},"datePublished":"2020-08-14T19:26:20+02:00","dateModified":"2020-08-14T19:26:20+02:00","inLanguage":"es-ES","mainEntityOfPage":{"@id":"https:\/\/eldigitaldeasturias.com\/radio\/estudio-danes-gana-el-concurso-para-disenar-el-museo-del-exilio-en-berlin\/#webpage"},"isPartOf":{"@id":"https:\/\/eldigitaldeasturias.com\/radio\/estudio-danes-gana-el-concurso-para-disenar-el-museo-del-exilio-en-berlin\/#webpage"},"articleSection":"Noticias","dateline":"Publicado el agosto 14, 2020."},{"@type":"Organization","@id":"https:\/\/eldigitaldeasturias.com\/radio\/#organization","name":"El digital de Asturias Radio","description":"Diario de informaci\u00f3n y noticias","url":"https:\/\/eldigitaldeasturias.com\/radio\/","telephone":"+34652131393","logo":{"@type":"ImageObject","url":"https:\/\/www.eldigitaldeasturias.com\/radio\/wp-content\/uploads\/2021\/03\/EDA.jpg","@id":"https:\/\/eldigitaldeasturias.com\/radio\/estudio-danes-gana-el-concurso-para-disenar-el-museo-del-exilio-en-berlin\/#organizationLogo"},"image":{"@id":"https:\/\/eldigitaldeasturias.com\/radio\/estudio-danes-gana-el-concurso-para-disenar-el-museo-del-exilio-en-berlin\/#organizationLogo"},"sameAs":["https:\/\/www.facebook.com\/","https:\/\/x.com\/bercodi","https:\/\/www.instagram.com\/","https:\/\/www.youtube.com\/channel\/UCZP-2wLEB9Rv6erhFmqVnvg"]},{"@type":"Person","@id":"https:\/\/eldigitaldeasturias.com\/radio\/author\/nbasturias\/#author","url":"https:\/\/eldigitaldeasturias.com\/radio\/author\/nbasturias\/","name":"NBAsturias","image":{"@type":"ImageObject","@id":"https:\/\/eldigitaldeasturias.com\/radio\/estudio-danes-gana-el-concurso-para-disenar-el-museo-del-exilio-en-berlin\/#authorImage","url":"https:\/\/secure.gravatar.com\/avatar\/df2aeffc32bcd13f8d26072ef8a91b623d677766deac7f97ca815868cd41bf5e?s=96&d=mm&r=g","width":96,"height":96,"caption":"NBAsturias"}},{"@type":"WebPage","@id":"https:\/\/eldigitaldeasturias.com\/radio\/estudio-danes-gana-el-concurso-para-disenar-el-museo-del-exilio-en-berlin\/#webpage","url":"https:\/\/eldigitaldeasturias.com\/radio\/estudio-danes-gana-el-concurso-para-disenar-el-museo-del-exilio-en-berlin\/","name":"Estudio dan\u00e9s gana el concurso para dise\u00f1ar el Museo del Exilio en Berl\u00edn | El Digital de Asturias","description":"Berl\u00edn, 14 ago (dpa) - El estudio dan\u00e9s Dorte Mandrup fue anunciado como el ganador del concurso internacional de arquitectura para dise\u00f1ar el proyectado Museo del Exilio en Berl\u00edn, anunci\u00f3 hoy la fundaci\u00f3n patrocinadora. Seg\u00fan los deseos de la iniciativa privada que impulsa el proyecto, el museo abrir\u00e1 sus puertas en 2025. El centro de","inLanguage":"es-ES","isPartOf":{"@id":"https:\/\/eldigitaldeasturias.com\/radio\/#website"},"breadcrumb":{"@id":"https:\/\/eldigitaldeasturias.com\/radio\/estudio-danes-gana-el-concurso-para-disenar-el-museo-del-exilio-en-berlin\/#breadcrumblist"},"author":{"@id":"https:\/\/eldigitaldeasturias.com\/radio\/author\/nbasturias\/#author"},"creator":{"@id":"https:\/\/eldigitaldeasturias.com\/radio\/author\/nbasturias\/#author"},"image":{"@type":"ImageObject","url":"https:\/\/eldigitaldeasturias.com\/radio\/wp-content\/uploads\/2020\/08\/Joachim-Gauck.jpg","@id":"https:\/\/eldigitaldeasturias.com\/radio\/estudio-danes-gana-el-concurso-para-disenar-el-museo-del-exilio-en-berlin\/#mainImage","width":958,"height":655,"caption":"El ex canciller alem\u00e1n Joachim Gauck es uno de los patrocinadores del proyecto para el Museo del Exilio en Berl\u00edn. Foto: Wolfgang Kumm\/dpa"},"primaryImageOfPage":{"@id":"https:\/\/eldigitaldeasturias.com\/radio\/estudio-danes-gana-el-concurso-para-disenar-el-museo-del-exilio-en-berlin\/#mainImage"},"datePublished":"2020-08-14T19:26:20+02:00","dateModified":"2020-08-14T19:26:20+02:00"},{"@type":"WebSite","@id":"https:\/\/eldigitaldeasturias.com\/radio\/#website","url":"https:\/\/eldigitaldeasturias.com\/radio\/","name":"El Digital de Asturias","description":"Diario de informaci\u00f3n y noticias","inLanguage":"es-ES","publisher":{"@id":"https:\/\/eldigitaldeasturias.com\/radio\/#organization"}}]},"og:locale":"es_ES","og:site_name":"El Digital de Asturias | Diario de informaci\u00f3n y noticias","og:type":"article","og:title":"Estudio dan\u00e9s gana el concurso para dise\u00f1ar el Museo del Exilio en Berl\u00edn | El Digital de Asturias","og:description":"Berl\u00edn, 14 ago (dpa) - El estudio dan\u00e9s Dorte Mandrup fue anunciado como el ganador del concurso internacional de arquitectura para dise\u00f1ar el proyectado Museo del Exilio en Berl\u00edn, anunci\u00f3 hoy la fundaci\u00f3n patrocinadora. Seg\u00fan los deseos de la iniciativa privada que impulsa el proyecto, el museo abrir\u00e1 sus puertas en 2025. El centro de","og:url":"https:\/\/eldigitaldeasturias.com\/radio\/estudio-danes-gana-el-concurso-para-disenar-el-museo-del-exilio-en-berlin\/","og:image":"https:\/\/eldigitaldeasturias.com\/radio\/wp-content\/uploads\/2020\/08\/Joachim-Gauck.jpg","og:image:secure_url":"https:\/\/eldigitaldeasturias.com\/radio\/wp-content\/uploads\/2020\/08\/Joachim-Gauck.jpg","og:image:width":958,"og:image:height":655,"article:published_time":"2020-08-14T19:26:20+00:00","article:modified_time":"2020-08-14T19:26:20+00:00","twitter:card":"summary_large_image","twitter:site":"@bercodi","twitter:title":"Estudio dan\u00e9s gana el concurso para dise\u00f1ar el Museo del Exilio en Berl\u00edn | El Digital de Asturias","twitter:description":"Berl\u00edn, 14 ago (dpa) - El estudio dan\u00e9s Dorte Mandrup fue anunciado como el ganador del concurso internacional de arquitectura para dise\u00f1ar el proyectado Museo del Exilio en Berl\u00edn, anunci\u00f3 hoy la fundaci\u00f3n patrocinadora. Seg\u00fan los deseos de la iniciativa privada que impulsa el proyecto, el museo abrir\u00e1 sus puertas en 2025. El centro de","twitter:creator":"@bercodi","twitter:image":"https:\/\/eldigitaldeasturias.com\/radio\/wp-content\/uploads\/2020\/08\/Joachim-Gauck.jpg"},"aioseo_meta_data":{"post_id":"4897","title":null,"description":"","keywords":"","keyphrases":null,"primary_term":null,"canonical_url":"","og_title":null,"og_description":null,"og_object_type":"default","og_image_type":"default","og_image_url":null,"og_image_width":null,"og_image_height":null,"og_image_custom_url":null,"og_image_custom_fields":null,"og_video":null,"og_custom_url":null,"og_article_section":null,"og_article_tags":null,"twitter_use_og":false,"twitter_card":"default","twitter_image_type":"default","twitter_image_url":null,"twitter_image_custom_url":null,"twitter_image_custom_fields":null,"twitter_title":null,"twitter_description":null,"schema":{"blockGraphs":[],"customGraphs":[],"default":{"data":{"Article":[],"Course":[],"Dataset":[],"FAQPage":[],"Movie":[],"Person":[],"Product":[],"ProductReview":[],"Car":[],"Recipe":[],"Service":[],"SoftwareApplication":[],"WebPage":[]},"graphName":"","isEnabled":true},"graphs":[],"defaultGraph":"","defaultPostTypeGraph":""},"schema_type":null,"schema_type_options":null,"pillar_content":false,"robots_default":true,"robots_noindex":false,"robots_noarchive":false,"robots_nosnippet":false,"robots_nofollow":false,"robots_noimageindex":false,"robots_noodp":false,"robots_notranslate":false,"robots_max_snippet":null,"robots_max_videopreview":null,"robots_max_imagepreview":"large","priority":null,"frequency":null,"location":null,"local_seo":null,"seo_analyzer_scan_date":"2025-08-28 16:53:35","breadcrumb_settings":null,"limit_modified_date":false,"open_ai":null,"ai":null,"created":"2021-03-25 13:47:38","updated":"2025-08-28 16:53:35"},"aioseo_breadcrumb":"<div class=\"aioseo-breadcrumbs\"><span class=\"aioseo-breadcrumb\">\n\t<a href=\"https:\/\/eldigitaldeasturias.com\/radio\" title=\"Inicio\">Inicio<\/a>\n<\/span><span class=\"aioseo-breadcrumb-separator\">&ndash;<\/span><span class=\"aioseo-breadcrumb\">\n\t<a href=\"https:\/\/eldigitaldeasturias.com\/radio\/category\/noticias\/\" title=\"Noticias\">Noticias<\/a>\n<\/span><span class=\"aioseo-breadcrumb-separator\">&ndash;<\/span><span class=\"aioseo-breadcrumb\">\n\tEstudio dan\u00e9s gana el concurso para dise\u00f1ar el Museo del Exilio en Berl\u00edn\n<\/span><\/div>","aioseo_breadcrumb_json":[{"label":"Inicio","link":"https:\/\/eldigitaldeasturias.com\/radio"},{"label":"Noticias","link":"https:\/\/eldigitaldeasturias.com\/radio\/category\/noticias\/"},{"label":"Estudio dan\u00e9s gana el concurso para dise\u00f1ar el Museo del Exilio en Berl\u00edn","link":"https:\/\/eldigitaldeasturias.com\/radio\/estudio-danes-gana-el-concurso-para-disenar-el-museo-del-exilio-en-berlin\/"}],"_links":{"self":[{"href":"https:\/\/eldigitaldeasturias.com\/radio\/wp-json\/wp\/v2\/posts\/4897","targetHints":{"allow":["GET"]}}],"collection":[{"href":"https:\/\/eldigitaldeasturias.com\/radio\/wp-json\/wp\/v2\/posts"}],"about":[{"href":"https:\/\/eldigitaldeasturias.com\/radio\/wp-json\/wp\/v2\/types\/post"}],"author":[{"embeddable":true,"href":"https:\/\/eldigitaldeasturias.com\/radio\/wp-json\/wp\/v2\/users\/1"}],"replies":[{"embeddable":true,"href":"https:\/\/eldigitaldeasturias.com\/radio\/wp-json\/wp\/v2\/comments?post=4897"}],"version-history":[{"count":0,"href":"https:\/\/eldigitaldeasturias.com\/radio\/wp-json\/wp\/v2\/posts\/4897\/revisions"}],"wp:featuredmedia":[{"embeddable":true,"href":"https:\/\/eldigitaldeasturias.com\/radio\/wp-json\/wp\/v2\/media\/4898"}],"wp:attachment":[{"href":"https:\/\/eldigitaldeasturias.com\/radio\/wp-json\/wp\/v2\/media?parent=4897"}],"wp:term":[{"taxonomy":"category","embeddable":true,"href":"https:\/\/eldigitaldeasturias.com\/radio\/wp-json\/wp\/v2\/categories?post=4897"},{"taxonomy":"post_tag","embeddable":true,"href":"https:\/\/eldigitaldeasturias.com\/radio\/wp-json\/wp\/v2\/tags?post=4897"}],"curies":[{"name":"wp","href":"https:\/\/api.w.org\/{rel}","templated":true}]}}