{"id":4893,"date":"2020-08-13T13:25:47","date_gmt":"2020-08-13T13:25:47","guid":{"rendered":"http:\/\/www.eldigitaldeasturias.com\/radio\/?p=4893"},"modified":"2020-08-13T13:25:47","modified_gmt":"2020-08-13T13:25:47","slug":"al-khelaifi-neymar-y-mbappe-no-se-iran-nunca-del-psg","status":"publish","type":"post","link":"https:\/\/eldigitaldeasturias.com\/radio\/al-khelaifi-neymar-y-mbappe-no-se-iran-nunca-del-psg\/","title":{"rendered":"Al-Khelaifi: \u00abNeymar y Mbapp\u00e9 no se ir\u00e1n nunca del PSG\u00bb"},"content":{"rendered":"<p><img fetchpriority=\"high\" decoding=\"async\" class=\"alignleft size-medium wp-image-72\" src=\"http:\/\/www.eldigitaldeasturias.com\/radio\/wp-content\/uploads\/2018\/03\/football-1406106_1280-360x241.jpg\" alt=\"\" width=\"360\" height=\"241\" srcset=\"https:\/\/eldigitaldeasturias.com\/radio\/wp-content\/uploads\/2018\/03\/football-1406106_1280-360x241.jpg 360w, https:\/\/eldigitaldeasturias.com\/radio\/wp-content\/uploads\/2018\/03\/football-1406106_1280-1024x686.jpg 1024w, https:\/\/eldigitaldeasturias.com\/radio\/wp-content\/uploads\/2018\/03\/football-1406106_1280-768x514.jpg 768w, https:\/\/eldigitaldeasturias.com\/radio\/wp-content\/uploads\/2018\/03\/football-1406106_1280.jpg 1280w\" sizes=\"(max-width: 360px) 100vw, 360px\" \/>(Europa Press) &#8211;\u00a0El presidente del Paris Saint-Germain, Nasser Al-Khelaifi, se mostr\u00f3 euf\u00f3rico tras la remontada en el descuento ante el Atalanta este mi\u00e9rcoles para avanzar a semifinales de la Liga de Campeones, con gran participaci\u00f3n de Neymar y Mbapp\u00e9, a quienes ve con un largo futuro en el equipo parisino.<\/p>\n<p>\u00abNey, con Kylian (Mbapp\u00e9) es uno de los mejores jugadores del mundo, est\u00e1 entre los tres primeros. Ney fue el hombre del partido, tuvo un gran partido. \u00c9l y Kylian nunca se ir\u00e1n, se quedar\u00e1n (en el PSG)\u00bb, dijo despu\u00e9s del encuentro de cuartos de final en Lisboa.<\/p>\n<p>El PSG estaba ya casi eliminado cuando en el minuto 90 y en el 93 lleg\u00f3 la remontada, salvando finalmente el proyecto millonario tras casi una d\u00e9cada de inversi\u00f3n catar\u00ed. \u00abEs un d\u00eda muy especial para nosotros, es magn\u00edfico. Es algo especial, lo necesitamos para cambiar mentalidades. Estoy muy orgulloso, agradezco a los jugadores, al personal\u00bb, afirm\u00f3 a RMC Sport.<\/p>\n<p>\u00abNo fue f\u00e1cil despu\u00e9s de detener el Campeonato. Mostramos una gran mentalidad, grandes jugadores. Estoy muy feliz. Esta es la primera vez que llegamos a semifinales, es hist\u00f3rica\u00bb, a\u00f1adi\u00f3.<\/p>\n<p>Pese a celebrarse ya como un \u00e9xito, el presidente del PSG apunt\u00f3 a que desde ma\u00f1ana estar\u00e1n pensando en la semifinal que jugar\u00e1n contra el Atl\u00e9tico de Madrid o el Leipzig. \u00abNuestro objetivo es llegar muy lejos. Hoy no pensamos en la final. Es muy importante cambiar la mentalidad de los jugadores, del equipo y de los medios tambi\u00e9n porque todos dudan del PSG todo el tiempo. Hicimos un gui\u00f3n maravilloso hoy\u00bb, termin\u00f3.<\/p>\n","protected":false},"excerpt":{"rendered":"<p>(Europa Press) &#8211;\u00a0El presidente del Paris Saint-Germain, Nasser Al-Khelaifi, se mostr\u00f3 euf\u00f3rico tras la remontada en el descuento ante el Atalanta este mi\u00e9rcoles para avanzar a semifinales de la Liga de Campeones, con gran participaci\u00f3n de Neymar y Mbapp\u00e9, a quienes ve con un largo futuro en el equipo parisino. \u00abNey, con Kylian (Mbapp\u00e9) es<\/p>\n","protected":false},"author":1,"featured_media":72,"comment_status":"closed","ping_status":"closed","sticky":false,"template":"","format":"standard","meta":{"footnotes":""},"categories":[1],"tags":[],"class_list":{"0":"post-4893","1":"post","2":"type-post","3":"status-publish","4":"format-standard","5":"has-post-thumbnail","7":"category-noticias"},"aioseo_notices":[],"aioseo_head":"\n\t\t<!-- All in One SEO Pro 4.9.6.2 - aioseo.com -->\n\t<meta name=\"description\" content=\"(Europa Press) - El presidente del Paris Saint-Germain, Nasser Al-Khelaifi, se mostr\u00f3 euf\u00f3rico tras la remontada en el descuento ante el Atalanta este mi\u00e9rcoles para avanzar a semifinales de la Liga de Campeones, con gran participaci\u00f3n de Neymar y Mbapp\u00e9, a quienes ve con un largo futuro en el equipo parisino. &quot;Ney, con Kylian (Mbapp\u00e9) es\" \/>\n\t<meta name=\"robots\" content=\"max-image-preview:large\" \/>\n\t<meta name=\"author\" content=\"NBAsturias\"\/>\n\t<meta name=\"google-site-verification\" content=\"UA-38556648-1\" \/>\n\t<meta name=\"keywords\" content=\"noticias\" \/>\n\t<link rel=\"canonical\" href=\"https:\/\/eldigitaldeasturias.com\/radio\/al-khelaifi-neymar-y-mbappe-no-se-iran-nunca-del-psg\/\" \/>\n\t<meta name=\"generator\" content=\"All in One SEO Pro (AIOSEO) 4.9.6.2\" \/>\n\t\t<meta property=\"og:locale\" content=\"es_ES\" \/>\n\t\t<meta property=\"og:site_name\" content=\"El Digital de Asturias | Diario de informaci\u00f3n y noticias\" \/>\n\t\t<meta property=\"og:type\" content=\"article\" \/>\n\t\t<meta property=\"og:title\" content=\"Al-Khelaifi: \u00abNeymar y Mbapp\u00e9 no se ir\u00e1n nunca del PSG\u00bb | El Digital de Asturias\" \/>\n\t\t<meta property=\"og:description\" content=\"(Europa Press) - El presidente del Paris Saint-Germain, Nasser Al-Khelaifi, se mostr\u00f3 euf\u00f3rico tras la remontada en el descuento ante el Atalanta este mi\u00e9rcoles para avanzar a semifinales de la Liga de Campeones, con gran participaci\u00f3n de Neymar y Mbapp\u00e9, a quienes ve con un largo futuro en el equipo parisino. &quot;Ney, con Kylian (Mbapp\u00e9) es\" \/>\n\t\t<meta property=\"og:url\" content=\"https:\/\/eldigitaldeasturias.com\/radio\/al-khelaifi-neymar-y-mbappe-no-se-iran-nunca-del-psg\/\" \/>\n\t\t<meta property=\"og:image\" content=\"https:\/\/eldigitaldeasturias.com\/radio\/wp-content\/uploads\/2018\/03\/football-1406106_1280.jpg\" \/>\n\t\t<meta property=\"og:image:secure_url\" content=\"https:\/\/eldigitaldeasturias.com\/radio\/wp-content\/uploads\/2018\/03\/football-1406106_1280.jpg\" \/>\n\t\t<meta property=\"og:image:width\" content=\"1280\" \/>\n\t\t<meta property=\"og:image:height\" content=\"857\" \/>\n\t\t<meta property=\"article:published_time\" content=\"2020-08-13T13:25:47+00:00\" \/>\n\t\t<meta property=\"article:modified_time\" content=\"2020-08-13T13:25:47+00:00\" \/>\n\t\t<meta name=\"twitter:card\" content=\"summary_large_image\" \/>\n\t\t<meta name=\"twitter:site\" content=\"@bercodi\" \/>\n\t\t<meta name=\"twitter:title\" content=\"Al-Khelaifi: \u00abNeymar y Mbapp\u00e9 no se ir\u00e1n nunca del PSG\u00bb | El Digital de Asturias\" \/>\n\t\t<meta name=\"twitter:description\" content=\"(Europa Press) - El presidente del Paris Saint-Germain, Nasser Al-Khelaifi, se mostr\u00f3 euf\u00f3rico tras la remontada en el descuento ante el Atalanta este mi\u00e9rcoles para avanzar a semifinales de la Liga de Campeones, con gran participaci\u00f3n de Neymar y Mbapp\u00e9, a quienes ve con un largo futuro en el equipo parisino. &quot;Ney, con Kylian (Mbapp\u00e9) es\" \/>\n\t\t<meta name=\"twitter:creator\" content=\"@bercodi\" \/>\n\t\t<meta name=\"twitter:image\" content=\"https:\/\/eldigitaldeasturias.com\/radio\/wp-content\/uploads\/2018\/03\/football-1406106_1280.jpg\" \/>\n\t\t<script type=\"application\/ld+json\" class=\"aioseo-schema\">\n\t\t\t{\"@context\":\"https:\\\/\\\/schema.org\",\"@graph\":[{\"@type\":\"BreadcrumbList\",\"@id\":\"https:\\\/\\\/eldigitaldeasturias.com\\\/radio\\\/al-khelaifi-neymar-y-mbappe-no-se-iran-nunca-del-psg\\\/#breadcrumblist\",\"itemListElement\":[{\"@type\":\"ListItem\",\"@id\":\"https:\\\/\\\/eldigitaldeasturias.com\\\/radio#listItem\",\"position\":1,\"name\":\"Inicio\",\"item\":\"https:\\\/\\\/eldigitaldeasturias.com\\\/radio\",\"nextItem\":{\"@type\":\"ListItem\",\"@id\":\"https:\\\/\\\/eldigitaldeasturias.com\\\/radio\\\/category\\\/noticias\\\/#listItem\",\"name\":\"Noticias\"}},{\"@type\":\"ListItem\",\"@id\":\"https:\\\/\\\/eldigitaldeasturias.com\\\/radio\\\/category\\\/noticias\\\/#listItem\",\"position\":2,\"name\":\"Noticias\",\"item\":\"https:\\\/\\\/eldigitaldeasturias.com\\\/radio\\\/category\\\/noticias\\\/\",\"nextItem\":{\"@type\":\"ListItem\",\"@id\":\"https:\\\/\\\/eldigitaldeasturias.com\\\/radio\\\/al-khelaifi-neymar-y-mbappe-no-se-iran-nunca-del-psg\\\/#listItem\",\"name\":\"Al-Khelaifi: \\u00abNeymar y Mbapp\\u00e9 no se ir\\u00e1n nunca del PSG\\u00bb\"},\"previousItem\":{\"@type\":\"ListItem\",\"@id\":\"https:\\\/\\\/eldigitaldeasturias.com\\\/radio#listItem\",\"name\":\"Inicio\"}},{\"@type\":\"ListItem\",\"@id\":\"https:\\\/\\\/eldigitaldeasturias.com\\\/radio\\\/al-khelaifi-neymar-y-mbappe-no-se-iran-nunca-del-psg\\\/#listItem\",\"position\":3,\"name\":\"Al-Khelaifi: \\u00abNeymar y Mbapp\\u00e9 no se ir\\u00e1n nunca del PSG\\u00bb\",\"previousItem\":{\"@type\":\"ListItem\",\"@id\":\"https:\\\/\\\/eldigitaldeasturias.com\\\/radio\\\/category\\\/noticias\\\/#listItem\",\"name\":\"Noticias\"}}]},{\"@type\":\"NewsArticle\",\"@id\":\"https:\\\/\\\/eldigitaldeasturias.com\\\/radio\\\/al-khelaifi-neymar-y-mbappe-no-se-iran-nunca-del-psg\\\/#newsarticle\",\"name\":\"Al-Khelaifi: \\u00abNeymar y Mbapp\\u00e9 no se ir\\u00e1n nunca del PSG\\u00bb | El Digital de Asturias\",\"headline\":\"Al-Khelaifi: \\u00abNeymar y Mbapp\\u00e9 no se ir\\u00e1n nunca del PSG\\u00bb\",\"author\":{\"@id\":\"https:\\\/\\\/eldigitaldeasturias.com\\\/radio\\\/author\\\/nbasturias\\\/#author\"},\"publisher\":{\"@id\":\"https:\\\/\\\/eldigitaldeasturias.com\\\/radio\\\/#organization\"},\"image\":{\"@type\":\"ImageObject\",\"url\":\"https:\\\/\\\/eldigitaldeasturias.com\\\/radio\\\/wp-content\\\/uploads\\\/2018\\\/03\\\/football-1406106_1280.jpg\",\"width\":1280,\"height\":857},\"datePublished\":\"2020-08-13T13:25:47+02:00\",\"dateModified\":\"2020-08-13T13:25:47+02:00\",\"inLanguage\":\"es-ES\",\"mainEntityOfPage\":{\"@id\":\"https:\\\/\\\/eldigitaldeasturias.com\\\/radio\\\/al-khelaifi-neymar-y-mbappe-no-se-iran-nunca-del-psg\\\/#webpage\"},\"isPartOf\":{\"@id\":\"https:\\\/\\\/eldigitaldeasturias.com\\\/radio\\\/al-khelaifi-neymar-y-mbappe-no-se-iran-nunca-del-psg\\\/#webpage\"},\"articleSection\":\"Noticias\",\"dateline\":\"Publicado el agosto 13, 2020.\"},{\"@type\":\"Organization\",\"@id\":\"https:\\\/\\\/eldigitaldeasturias.com\\\/radio\\\/#organization\",\"name\":\"El digital de Asturias Radio\",\"description\":\"Diario de informaci\\u00f3n y noticias\",\"url\":\"https:\\\/\\\/eldigitaldeasturias.com\\\/radio\\\/\",\"telephone\":\"+34652131393\",\"logo\":{\"@type\":\"ImageObject\",\"url\":\"https:\\\/\\\/www.eldigitaldeasturias.com\\\/radio\\\/wp-content\\\/uploads\\\/2021\\\/03\\\/EDA.jpg\",\"@id\":\"https:\\\/\\\/eldigitaldeasturias.com\\\/radio\\\/al-khelaifi-neymar-y-mbappe-no-se-iran-nunca-del-psg\\\/#organizationLogo\"},\"image\":{\"@id\":\"https:\\\/\\\/eldigitaldeasturias.com\\\/radio\\\/al-khelaifi-neymar-y-mbappe-no-se-iran-nunca-del-psg\\\/#organizationLogo\"},\"sameAs\":[\"https:\\\/\\\/www.facebook.com\\\/\",\"https:\\\/\\\/x.com\\\/bercodi\",\"https:\\\/\\\/www.instagram.com\\\/\",\"https:\\\/\\\/www.youtube.com\\\/channel\\\/UCZP-2wLEB9Rv6erhFmqVnvg\"]},{\"@type\":\"Person\",\"@id\":\"https:\\\/\\\/eldigitaldeasturias.com\\\/radio\\\/author\\\/nbasturias\\\/#author\",\"url\":\"https:\\\/\\\/eldigitaldeasturias.com\\\/radio\\\/author\\\/nbasturias\\\/\",\"name\":\"NBAsturias\",\"image\":{\"@type\":\"ImageObject\",\"@id\":\"https:\\\/\\\/eldigitaldeasturias.com\\\/radio\\\/al-khelaifi-neymar-y-mbappe-no-se-iran-nunca-del-psg\\\/#authorImage\",\"url\":\"https:\\\/\\\/secure.gravatar.com\\\/avatar\\\/df2aeffc32bcd13f8d26072ef8a91b623d677766deac7f97ca815868cd41bf5e?s=96&d=mm&r=g\",\"width\":96,\"height\":96,\"caption\":\"NBAsturias\"}},{\"@type\":\"WebPage\",\"@id\":\"https:\\\/\\\/eldigitaldeasturias.com\\\/radio\\\/al-khelaifi-neymar-y-mbappe-no-se-iran-nunca-del-psg\\\/#webpage\",\"url\":\"https:\\\/\\\/eldigitaldeasturias.com\\\/radio\\\/al-khelaifi-neymar-y-mbappe-no-se-iran-nunca-del-psg\\\/\",\"name\":\"Al-Khelaifi: \\u00abNeymar y Mbapp\\u00e9 no se ir\\u00e1n nunca del PSG\\u00bb | El Digital de Asturias\",\"description\":\"(Europa Press) - El presidente del Paris Saint-Germain, Nasser Al-Khelaifi, se mostr\\u00f3 euf\\u00f3rico tras la remontada en el descuento ante el Atalanta este mi\\u00e9rcoles para avanzar a semifinales de la Liga de Campeones, con gran participaci\\u00f3n de Neymar y Mbapp\\u00e9, a quienes ve con un largo futuro en el equipo parisino. \\\"Ney, con Kylian (Mbapp\\u00e9) es\",\"inLanguage\":\"es-ES\",\"isPartOf\":{\"@id\":\"https:\\\/\\\/eldigitaldeasturias.com\\\/radio\\\/#website\"},\"breadcrumb\":{\"@id\":\"https:\\\/\\\/eldigitaldeasturias.com\\\/radio\\\/al-khelaifi-neymar-y-mbappe-no-se-iran-nunca-del-psg\\\/#breadcrumblist\"},\"author\":{\"@id\":\"https:\\\/\\\/eldigitaldeasturias.com\\\/radio\\\/author\\\/nbasturias\\\/#author\"},\"creator\":{\"@id\":\"https:\\\/\\\/eldigitaldeasturias.com\\\/radio\\\/author\\\/nbasturias\\\/#author\"},\"image\":{\"@type\":\"ImageObject\",\"url\":\"https:\\\/\\\/eldigitaldeasturias.com\\\/radio\\\/wp-content\\\/uploads\\\/2018\\\/03\\\/football-1406106_1280.jpg\",\"@id\":\"https:\\\/\\\/eldigitaldeasturias.com\\\/radio\\\/al-khelaifi-neymar-y-mbappe-no-se-iran-nunca-del-psg\\\/#mainImage\",\"width\":1280,\"height\":857},\"primaryImageOfPage\":{\"@id\":\"https:\\\/\\\/eldigitaldeasturias.com\\\/radio\\\/al-khelaifi-neymar-y-mbappe-no-se-iran-nunca-del-psg\\\/#mainImage\"},\"datePublished\":\"2020-08-13T13:25:47+02:00\",\"dateModified\":\"2020-08-13T13:25:47+02:00\"},{\"@type\":\"WebSite\",\"@id\":\"https:\\\/\\\/eldigitaldeasturias.com\\\/radio\\\/#website\",\"url\":\"https:\\\/\\\/eldigitaldeasturias.com\\\/radio\\\/\",\"name\":\"El Digital de Asturias\",\"description\":\"Diario de informaci\\u00f3n y noticias\",\"inLanguage\":\"es-ES\",\"publisher\":{\"@id\":\"https:\\\/\\\/eldigitaldeasturias.com\\\/radio\\\/#organization\"}}]}\n\t\t<\/script>\n\t\t<!-- All in One SEO Pro -->\r\n\t\t<title>Al-Khelaifi: \u00abNeymar y Mbapp\u00e9 no se ir\u00e1n nunca del PSG\u00bb | El Digital de Asturias<\/title>\n\n","aioseo_head_json":{"title":"Al-Khelaifi: \u00abNeymar y Mbapp\u00e9 no se ir\u00e1n nunca del PSG\u00bb | El Digital de Asturias","description":"(Europa Press) - El presidente del Paris Saint-Germain, Nasser Al-Khelaifi, se mostr\u00f3 euf\u00f3rico tras la remontada en el descuento ante el Atalanta este mi\u00e9rcoles para avanzar a semifinales de la Liga de Campeones, con gran participaci\u00f3n de Neymar y Mbapp\u00e9, a quienes ve con un largo futuro en el equipo parisino. \"Ney, con Kylian (Mbapp\u00e9) es","canonical_url":"https:\/\/eldigitaldeasturias.com\/radio\/al-khelaifi-neymar-y-mbappe-no-se-iran-nunca-del-psg\/","robots":"max-image-preview:large","keywords":"noticias","webmasterTools":{"google-site-verification":"UA-38556648-1","miscellaneous":""},"schema":{"@context":"https:\/\/schema.org","@graph":[{"@type":"BreadcrumbList","@id":"https:\/\/eldigitaldeasturias.com\/radio\/al-khelaifi-neymar-y-mbappe-no-se-iran-nunca-del-psg\/#breadcrumblist","itemListElement":[{"@type":"ListItem","@id":"https:\/\/eldigitaldeasturias.com\/radio#listItem","position":1,"name":"Inicio","item":"https:\/\/eldigitaldeasturias.com\/radio","nextItem":{"@type":"ListItem","@id":"https:\/\/eldigitaldeasturias.com\/radio\/category\/noticias\/#listItem","name":"Noticias"}},{"@type":"ListItem","@id":"https:\/\/eldigitaldeasturias.com\/radio\/category\/noticias\/#listItem","position":2,"name":"Noticias","item":"https:\/\/eldigitaldeasturias.com\/radio\/category\/noticias\/","nextItem":{"@type":"ListItem","@id":"https:\/\/eldigitaldeasturias.com\/radio\/al-khelaifi-neymar-y-mbappe-no-se-iran-nunca-del-psg\/#listItem","name":"Al-Khelaifi: \u00abNeymar y Mbapp\u00e9 no se ir\u00e1n nunca del PSG\u00bb"},"previousItem":{"@type":"ListItem","@id":"https:\/\/eldigitaldeasturias.com\/radio#listItem","name":"Inicio"}},{"@type":"ListItem","@id":"https:\/\/eldigitaldeasturias.com\/radio\/al-khelaifi-neymar-y-mbappe-no-se-iran-nunca-del-psg\/#listItem","position":3,"name":"Al-Khelaifi: \u00abNeymar y Mbapp\u00e9 no se ir\u00e1n nunca del PSG\u00bb","previousItem":{"@type":"ListItem","@id":"https:\/\/eldigitaldeasturias.com\/radio\/category\/noticias\/#listItem","name":"Noticias"}}]},{"@type":"NewsArticle","@id":"https:\/\/eldigitaldeasturias.com\/radio\/al-khelaifi-neymar-y-mbappe-no-se-iran-nunca-del-psg\/#newsarticle","name":"Al-Khelaifi: \u00abNeymar y Mbapp\u00e9 no se ir\u00e1n nunca del PSG\u00bb | El Digital de Asturias","headline":"Al-Khelaifi: \u00abNeymar y Mbapp\u00e9 no se ir\u00e1n nunca del PSG\u00bb","author":{"@id":"https:\/\/eldigitaldeasturias.com\/radio\/author\/nbasturias\/#author"},"publisher":{"@id":"https:\/\/eldigitaldeasturias.com\/radio\/#organization"},"image":{"@type":"ImageObject","url":"https:\/\/eldigitaldeasturias.com\/radio\/wp-content\/uploads\/2018\/03\/football-1406106_1280.jpg","width":1280,"height":857},"datePublished":"2020-08-13T13:25:47+02:00","dateModified":"2020-08-13T13:25:47+02:00","inLanguage":"es-ES","mainEntityOfPage":{"@id":"https:\/\/eldigitaldeasturias.com\/radio\/al-khelaifi-neymar-y-mbappe-no-se-iran-nunca-del-psg\/#webpage"},"isPartOf":{"@id":"https:\/\/eldigitaldeasturias.com\/radio\/al-khelaifi-neymar-y-mbappe-no-se-iran-nunca-del-psg\/#webpage"},"articleSection":"Noticias","dateline":"Publicado el agosto 13, 2020."},{"@type":"Organization","@id":"https:\/\/eldigitaldeasturias.com\/radio\/#organization","name":"El digital de Asturias Radio","description":"Diario de informaci\u00f3n y noticias","url":"https:\/\/eldigitaldeasturias.com\/radio\/","telephone":"+34652131393","logo":{"@type":"ImageObject","url":"https:\/\/www.eldigitaldeasturias.com\/radio\/wp-content\/uploads\/2021\/03\/EDA.jpg","@id":"https:\/\/eldigitaldeasturias.com\/radio\/al-khelaifi-neymar-y-mbappe-no-se-iran-nunca-del-psg\/#organizationLogo"},"image":{"@id":"https:\/\/eldigitaldeasturias.com\/radio\/al-khelaifi-neymar-y-mbappe-no-se-iran-nunca-del-psg\/#organizationLogo"},"sameAs":["https:\/\/www.facebook.com\/","https:\/\/x.com\/bercodi","https:\/\/www.instagram.com\/","https:\/\/www.youtube.com\/channel\/UCZP-2wLEB9Rv6erhFmqVnvg"]},{"@type":"Person","@id":"https:\/\/eldigitaldeasturias.com\/radio\/author\/nbasturias\/#author","url":"https:\/\/eldigitaldeasturias.com\/radio\/author\/nbasturias\/","name":"NBAsturias","image":{"@type":"ImageObject","@id":"https:\/\/eldigitaldeasturias.com\/radio\/al-khelaifi-neymar-y-mbappe-no-se-iran-nunca-del-psg\/#authorImage","url":"https:\/\/secure.gravatar.com\/avatar\/df2aeffc32bcd13f8d26072ef8a91b623d677766deac7f97ca815868cd41bf5e?s=96&d=mm&r=g","width":96,"height":96,"caption":"NBAsturias"}},{"@type":"WebPage","@id":"https:\/\/eldigitaldeasturias.com\/radio\/al-khelaifi-neymar-y-mbappe-no-se-iran-nunca-del-psg\/#webpage","url":"https:\/\/eldigitaldeasturias.com\/radio\/al-khelaifi-neymar-y-mbappe-no-se-iran-nunca-del-psg\/","name":"Al-Khelaifi: \u00abNeymar y Mbapp\u00e9 no se ir\u00e1n nunca del PSG\u00bb | El Digital de Asturias","description":"(Europa Press) - El presidente del Paris Saint-Germain, Nasser Al-Khelaifi, se mostr\u00f3 euf\u00f3rico tras la remontada en el descuento ante el Atalanta este mi\u00e9rcoles para avanzar a semifinales de la Liga de Campeones, con gran participaci\u00f3n de Neymar y Mbapp\u00e9, a quienes ve con un largo futuro en el equipo parisino. \"Ney, con Kylian (Mbapp\u00e9) es","inLanguage":"es-ES","isPartOf":{"@id":"https:\/\/eldigitaldeasturias.com\/radio\/#website"},"breadcrumb":{"@id":"https:\/\/eldigitaldeasturias.com\/radio\/al-khelaifi-neymar-y-mbappe-no-se-iran-nunca-del-psg\/#breadcrumblist"},"author":{"@id":"https:\/\/eldigitaldeasturias.com\/radio\/author\/nbasturias\/#author"},"creator":{"@id":"https:\/\/eldigitaldeasturias.com\/radio\/author\/nbasturias\/#author"},"image":{"@type":"ImageObject","url":"https:\/\/eldigitaldeasturias.com\/radio\/wp-content\/uploads\/2018\/03\/football-1406106_1280.jpg","@id":"https:\/\/eldigitaldeasturias.com\/radio\/al-khelaifi-neymar-y-mbappe-no-se-iran-nunca-del-psg\/#mainImage","width":1280,"height":857},"primaryImageOfPage":{"@id":"https:\/\/eldigitaldeasturias.com\/radio\/al-khelaifi-neymar-y-mbappe-no-se-iran-nunca-del-psg\/#mainImage"},"datePublished":"2020-08-13T13:25:47+02:00","dateModified":"2020-08-13T13:25:47+02:00"},{"@type":"WebSite","@id":"https:\/\/eldigitaldeasturias.com\/radio\/#website","url":"https:\/\/eldigitaldeasturias.com\/radio\/","name":"El Digital de Asturias","description":"Diario de informaci\u00f3n y noticias","inLanguage":"es-ES","publisher":{"@id":"https:\/\/eldigitaldeasturias.com\/radio\/#organization"}}]},"og:locale":"es_ES","og:site_name":"El Digital de Asturias | Diario de informaci\u00f3n y noticias","og:type":"article","og:title":"Al-Khelaifi: \u00abNeymar y Mbapp\u00e9 no se ir\u00e1n nunca del PSG\u00bb | El Digital de Asturias","og:description":"(Europa Press) - El presidente del Paris Saint-Germain, Nasser Al-Khelaifi, se mostr\u00f3 euf\u00f3rico tras la remontada en el descuento ante el Atalanta este mi\u00e9rcoles para avanzar a semifinales de la Liga de Campeones, con gran participaci\u00f3n de Neymar y Mbapp\u00e9, a quienes ve con un largo futuro en el equipo parisino. &quot;Ney, con Kylian (Mbapp\u00e9) es","og:url":"https:\/\/eldigitaldeasturias.com\/radio\/al-khelaifi-neymar-y-mbappe-no-se-iran-nunca-del-psg\/","og:image":"https:\/\/eldigitaldeasturias.com\/radio\/wp-content\/uploads\/2018\/03\/football-1406106_1280.jpg","og:image:secure_url":"https:\/\/eldigitaldeasturias.com\/radio\/wp-content\/uploads\/2018\/03\/football-1406106_1280.jpg","og:image:width":1280,"og:image:height":857,"article:published_time":"2020-08-13T13:25:47+00:00","article:modified_time":"2020-08-13T13:25:47+00:00","twitter:card":"summary_large_image","twitter:site":"@bercodi","twitter:title":"Al-Khelaifi: \u00abNeymar y Mbapp\u00e9 no se ir\u00e1n nunca del PSG\u00bb | El Digital de Asturias","twitter:description":"(Europa Press) - El presidente del Paris Saint-Germain, Nasser Al-Khelaifi, se mostr\u00f3 euf\u00f3rico tras la remontada en el descuento ante el Atalanta este mi\u00e9rcoles para avanzar a semifinales de la Liga de Campeones, con gran participaci\u00f3n de Neymar y Mbapp\u00e9, a quienes ve con un largo futuro en el equipo parisino. &quot;Ney, con Kylian (Mbapp\u00e9) es","twitter:creator":"@bercodi","twitter:image":"https:\/\/eldigitaldeasturias.com\/radio\/wp-content\/uploads\/2018\/03\/football-1406106_1280.jpg"},"aioseo_meta_data":{"post_id":"4893","title":null,"description":"","keywords":"","keyphrases":null,"primary_term":null,"canonical_url":"","og_title":null,"og_description":null,"og_object_type":"default","og_image_type":"default","og_image_url":null,"og_image_width":null,"og_image_height":null,"og_image_custom_url":null,"og_image_custom_fields":null,"og_video":null,"og_custom_url":null,"og_article_section":null,"og_article_tags":null,"twitter_use_og":false,"twitter_card":"default","twitter_image_type":"default","twitter_image_url":null,"twitter_image_custom_url":null,"twitter_image_custom_fields":null,"twitter_title":null,"twitter_description":null,"schema":{"blockGraphs":[],"customGraphs":[],"default":{"data":{"Article":[],"Course":[],"Dataset":[],"FAQPage":[],"Movie":[],"Person":[],"Product":[],"ProductReview":[],"Car":[],"Recipe":[],"Service":[],"SoftwareApplication":[],"WebPage":[]},"graphName":"","isEnabled":true},"graphs":[],"defaultGraph":"","defaultPostTypeGraph":""},"schema_type":null,"schema_type_options":null,"pillar_content":false,"robots_default":true,"robots_noindex":false,"robots_noarchive":false,"robots_nosnippet":false,"robots_nofollow":false,"robots_noimageindex":false,"robots_noodp":false,"robots_notranslate":false,"robots_max_snippet":null,"robots_max_videopreview":null,"robots_max_imagepreview":"large","priority":null,"frequency":null,"location":null,"local_seo":null,"seo_analyzer_scan_date":"2025-08-28 16:52:02","breadcrumb_settings":null,"limit_modified_date":false,"open_ai":null,"ai":null,"created":"2021-03-25 13:47:38","updated":"2025-08-28 16:52:02"},"aioseo_breadcrumb":"<div class=\"aioseo-breadcrumbs\"><span class=\"aioseo-breadcrumb\">\n\t<a href=\"https:\/\/eldigitaldeasturias.com\/radio\" title=\"Inicio\">Inicio<\/a>\n<\/span><span class=\"aioseo-breadcrumb-separator\">&ndash;<\/span><span class=\"aioseo-breadcrumb\">\n\t<a href=\"https:\/\/eldigitaldeasturias.com\/radio\/category\/noticias\/\" title=\"Noticias\">Noticias<\/a>\n<\/span><span class=\"aioseo-breadcrumb-separator\">&ndash;<\/span><span class=\"aioseo-breadcrumb\">\n\tAl-Khelaifi: \u00abNeymar y Mbapp\u00e9 no se ir\u00e1n nunca del PSG\u00bb\n<\/span><\/div>","aioseo_breadcrumb_json":[{"label":"Inicio","link":"https:\/\/eldigitaldeasturias.com\/radio"},{"label":"Noticias","link":"https:\/\/eldigitaldeasturias.com\/radio\/category\/noticias\/"},{"label":"Al-Khelaifi: \u00abNeymar y Mbapp\u00e9 no se ir\u00e1n nunca del PSG\u00bb","link":"https:\/\/eldigitaldeasturias.com\/radio\/al-khelaifi-neymar-y-mbappe-no-se-iran-nunca-del-psg\/"}],"_links":{"self":[{"href":"https:\/\/eldigitaldeasturias.com\/radio\/wp-json\/wp\/v2\/posts\/4893","targetHints":{"allow":["GET"]}}],"collection":[{"href":"https:\/\/eldigitaldeasturias.com\/radio\/wp-json\/wp\/v2\/posts"}],"about":[{"href":"https:\/\/eldigitaldeasturias.com\/radio\/wp-json\/wp\/v2\/types\/post"}],"author":[{"embeddable":true,"href":"https:\/\/eldigitaldeasturias.com\/radio\/wp-json\/wp\/v2\/users\/1"}],"replies":[{"embeddable":true,"href":"https:\/\/eldigitaldeasturias.com\/radio\/wp-json\/wp\/v2\/comments?post=4893"}],"version-history":[{"count":0,"href":"https:\/\/eldigitaldeasturias.com\/radio\/wp-json\/wp\/v2\/posts\/4893\/revisions"}],"wp:featuredmedia":[{"embeddable":true,"href":"https:\/\/eldigitaldeasturias.com\/radio\/wp-json\/wp\/v2\/media\/72"}],"wp:attachment":[{"href":"https:\/\/eldigitaldeasturias.com\/radio\/wp-json\/wp\/v2\/media?parent=4893"}],"wp:term":[{"taxonomy":"category","embeddable":true,"href":"https:\/\/eldigitaldeasturias.com\/radio\/wp-json\/wp\/v2\/categories?post=4893"},{"taxonomy":"post_tag","embeddable":true,"href":"https:\/\/eldigitaldeasturias.com\/radio\/wp-json\/wp\/v2\/tags?post=4893"}],"curies":[{"name":"wp","href":"https:\/\/api.w.org\/{rel}","templated":true}]}}