{"id":4885,"date":"2020-08-12T16:14:54","date_gmt":"2020-08-12T16:14:54","guid":{"rendered":"http:\/\/www.eldigitaldeasturias.com\/radio\/?p=4885"},"modified":"2020-08-12T16:14:54","modified_gmt":"2020-08-12T16:14:54","slug":"covid-19-en-ninos-cuales-son-los-datos","status":"publish","type":"post","link":"https:\/\/eldigitaldeasturias.com\/radio\/covid-19-en-ninos-cuales-son-los-datos\/","title":{"rendered":"Covid-19 en ni\u00f1os: \u00bfcu\u00e1les son los datos?"},"content":{"rendered":"<p><img fetchpriority=\"high\" decoding=\"async\" class=\"alignleft size-medium wp-image-4405\" src=\"http:\/\/www.eldigitaldeasturias.com\/radio\/wp-content\/uploads\/2020\/06\/connection-4884862_640-360x245.jpg\" alt=\"\" width=\"360\" height=\"245\" srcset=\"https:\/\/eldigitaldeasturias.com\/radio\/wp-content\/uploads\/2020\/06\/connection-4884862_640-360x245.jpg 360w, https:\/\/eldigitaldeasturias.com\/radio\/wp-content\/uploads\/2020\/06\/connection-4884862_640.jpg 640w\" sizes=\"(max-width: 360px) 100vw, 360px\" \/>Cuando comenz\u00f3 a circular la informaci\u00f3n que hablaba de las personas m\u00e1s propensas a poder sufrir el peor escenario de contraer el <strong><span style=\"color: #ff6600;\"><a style=\"color: #ff6600;\" href=\"https:\/\/www.patologias.me\/sars-cov19\/\" target=\"_blank\" rel=\"noopener noreferrer\">SARS-Cov-19<\/a><\/span><\/strong>,<strong>\u00a0<\/strong>en todo momento se descart\u00f3 que los m\u00e1s peque\u00f1os fueran a formar parte de las listas.<\/p>\n<p>De hecho, la primera informaci\u00f3n que circulaba, entre febrero y marzo, es que los ni\u00f1os, si no inmunes, eran asintom\u00e1ticos, siendo uno de los mayores portadores v\u00edricos que podr\u00edan contagiar sin saberlo. Tanto es as\u00ed que los centros escolares, en el caso de nuestro pa\u00eds, fueron de los primeros lugares que vivieron el cierre.<\/p>\n<p>Sin embargo, seg\u00fan ha ido avanzando el estudio y la informaci\u00f3n de contagios, las cosas han ido cambiando, el posible impacto del <span style=\"color: #ff6600;\"><strong><a style=\"color: #ff6600;\" title=\"COVID-19 en ni\u00f1os\" href=\"https:\/\/www.patologias.me\/covid-19-en-ninos\/\" target=\"_blank\" rel=\"noopener noreferrer\">Covid-19 en los ni\u00f1os<\/a><\/strong><\/span> ha comenzado a preocupar a padres y autoridades sanitarias.<\/p>\n<p>De hecho, recientemente ha fallecido una ni\u00f1a en Tarragona, con 11 a\u00f1os y que era Covid-19 positiva.<\/p>\n<h3><strong>\u00bfCu\u00e1l est\u00e1 siendo la evoluci\u00f3n del Covid-19 en los ni\u00f1os?<\/strong><\/h3>\n<p>Si es cierto que, atendiendo a los datos, durante la primavera eran uno de los colectivos que menor \u00edndice de contagio parec\u00edan estar sufriendo. Esto tiene tambi\u00e9n respuesta en que los m\u00e1s peque\u00f1os estuvieron en casa, sin salir, desde mediados de marzo hasta entrado mayo, cuando podr\u00edan acompa\u00f1ar a adultos en los paseos y compras y dependiendo de las fases de cada provincia.<\/p>\n<p>Sin embargo, la OMS ya est\u00e1 avisando de un claro repunte e incremento de casos en esta segunda oleada \u2013 aunque muchos a\u00fan no quieren o se atreven a llamarla as\u00ed -, multiplicando por siete el n\u00famero de casos entre los m\u00e1s peque\u00f1os y hasta por seis en los j\u00f3venes adolescentes.<\/p>\n<p>Es m\u00e1s, cada vez son m\u00e1s los d\u00edas que aparecen entre los recuentos de positivos alg\u00fan menor, achacando ahora a la falta en el cumplimiento de las medidas los brotes y contagios que se est\u00e1n viviendo en Espa\u00f1a.<\/p>\n<h3><strong>\u00bfQu\u00e9 pron\u00f3stico tienen los m\u00e1s peque\u00f1os contra el nuevo coronavirus?<\/strong><\/h3>\n<p>A\u00fan con todos estos hallazgos, la incidencia entre los m\u00e1s peque\u00f1os de casos graves es m\u00ednima si se compara con la poblaci\u00f3n m\u00e1s mayor \u2013 quienes han sufrido la parte m\u00e1s dura de esta pandemia \u2013 y adulta.<\/p>\n<p>Seg\u00fan los \u00faltimos estudios realizados a nivel europeo, los ni\u00f1os apenas presentan, cuando se detectan a trav\u00e9s de las pruebas diagn\u00f3sticas como positivos, sintomatolog\u00eda leve. Pese a ello, si es cierto que es frecuente que tengan que quedarse hospitalizados cuando presentan algunos s\u00edntomas m\u00e1s visibles, aunque apenas hay casos en la UCI a d\u00eda de hoy.<\/p>\n<p>Fiebre, infecci\u00f3n en la parte superior del aparato respirativo y algunos casos de gastrointeritis han sido las muestras m\u00e1s frecuentes entre los menores que han sufrido el virus, aunque lo que ha llamado la atenci\u00f3n de los investigadores es que, a la vez que el nuevo coronavirus, tambi\u00e9n han presentado a la vez otro tipo de infecciones provocadas por otros virus respiratorios, lo que complicaba su cuadro hasta, en algunos casos, necesitar respiraci\u00f3n mec\u00e1nica.<\/p>\n<p>A la luz de toda esta informaci\u00f3n, est\u00e1n trabajando ya los hospitales espa\u00f1oles, en concreto las secciones de pediatr\u00eda, para dar respuesta a casos que pudieran complicarse en menores, sobre todo de cara al pr\u00f3ximo oto\u00f1o\/invierno, cuando se espera que esta segunda oleada pueda tener las consecuencias m\u00e1s graves.<\/p>\n<p>&nbsp;<\/p>\n","protected":false},"excerpt":{"rendered":"<p>Cuando comenz\u00f3 a circular la informaci\u00f3n que hablaba de las personas m\u00e1s propensas a poder sufrir el peor escenario de contraer el SARS-Cov-19,\u00a0en todo momento se descart\u00f3 que los m\u00e1s peque\u00f1os fueran a formar parte de las listas. De hecho, la primera informaci\u00f3n que circulaba, entre febrero y marzo, es que los ni\u00f1os, si no<\/p>\n","protected":false},"author":1,"featured_media":4405,"comment_status":"closed","ping_status":"closed","sticky":false,"template":"","format":"standard","meta":{"footnotes":""},"categories":[1],"tags":[],"class_list":{"0":"post-4885","1":"post","2":"type-post","3":"status-publish","4":"format-standard","5":"has-post-thumbnail","7":"category-noticias"},"aioseo_notices":[],"aioseo_head":"\n\t\t<!-- All in One SEO Pro 4.9.6.2 - aioseo.com -->\n\t<meta name=\"description\" content=\"Cuando comenz\u00f3 a circular la informaci\u00f3n que hablaba de las personas m\u00e1s propensas a poder sufrir el peor escenario de contraer el SARS-Cov-19, en todo momento se descart\u00f3 que los m\u00e1s peque\u00f1os fueran a formar parte de las listas. De hecho, la primera informaci\u00f3n que circulaba, entre febrero y marzo, es que los ni\u00f1os, si no\" \/>\n\t<meta name=\"robots\" content=\"max-image-preview:large\" \/>\n\t<meta name=\"author\" content=\"NBAsturias\"\/>\n\t<meta name=\"google-site-verification\" content=\"UA-38556648-1\" \/>\n\t<meta name=\"keywords\" content=\"noticias\" \/>\n\t<link rel=\"canonical\" href=\"https:\/\/eldigitaldeasturias.com\/radio\/covid-19-en-ninos-cuales-son-los-datos\/\" \/>\n\t<meta name=\"generator\" content=\"All in One SEO Pro (AIOSEO) 4.9.6.2\" \/>\n\t\t<meta property=\"og:locale\" content=\"es_ES\" \/>\n\t\t<meta property=\"og:site_name\" content=\"El Digital de Asturias | Diario de informaci\u00f3n y noticias\" \/>\n\t\t<meta property=\"og:type\" content=\"article\" \/>\n\t\t<meta property=\"og:title\" content=\"Covid-19 en ni\u00f1os: \u00bfcu\u00e1les son los datos? | El Digital de Asturias\" \/>\n\t\t<meta property=\"og:description\" content=\"Cuando comenz\u00f3 a circular la informaci\u00f3n que hablaba de las personas m\u00e1s propensas a poder sufrir el peor escenario de contraer el SARS-Cov-19, en todo momento se descart\u00f3 que los m\u00e1s peque\u00f1os fueran a formar parte de las listas. De hecho, la primera informaci\u00f3n que circulaba, entre febrero y marzo, es que los ni\u00f1os, si no\" \/>\n\t\t<meta property=\"og:url\" content=\"https:\/\/eldigitaldeasturias.com\/radio\/covid-19-en-ninos-cuales-son-los-datos\/\" \/>\n\t\t<meta property=\"og:image\" content=\"https:\/\/eldigitaldeasturias.com\/radio\/wp-content\/uploads\/2020\/06\/connection-4884862_640.jpg\" \/>\n\t\t<meta property=\"og:image:secure_url\" content=\"https:\/\/eldigitaldeasturias.com\/radio\/wp-content\/uploads\/2020\/06\/connection-4884862_640.jpg\" \/>\n\t\t<meta property=\"og:image:width\" content=\"640\" \/>\n\t\t<meta property=\"og:image:height\" content=\"436\" \/>\n\t\t<meta property=\"article:published_time\" content=\"2020-08-12T16:14:54+00:00\" \/>\n\t\t<meta property=\"article:modified_time\" content=\"2020-08-12T16:14:54+00:00\" \/>\n\t\t<meta name=\"twitter:card\" content=\"summary_large_image\" \/>\n\t\t<meta name=\"twitter:site\" content=\"@bercodi\" \/>\n\t\t<meta name=\"twitter:title\" content=\"Covid-19 en ni\u00f1os: \u00bfcu\u00e1les son los datos? | El Digital de Asturias\" \/>\n\t\t<meta name=\"twitter:description\" content=\"Cuando comenz\u00f3 a circular la informaci\u00f3n que hablaba de las personas m\u00e1s propensas a poder sufrir el peor escenario de contraer el SARS-Cov-19, en todo momento se descart\u00f3 que los m\u00e1s peque\u00f1os fueran a formar parte de las listas. De hecho, la primera informaci\u00f3n que circulaba, entre febrero y marzo, es que los ni\u00f1os, si no\" \/>\n\t\t<meta name=\"twitter:creator\" content=\"@bercodi\" \/>\n\t\t<meta name=\"twitter:image\" content=\"https:\/\/eldigitaldeasturias.com\/radio\/wp-content\/uploads\/2020\/06\/connection-4884862_640.jpg\" \/>\n\t\t<script type=\"application\/ld+json\" class=\"aioseo-schema\">\n\t\t\t{\"@context\":\"https:\\\/\\\/schema.org\",\"@graph\":[{\"@type\":\"BreadcrumbList\",\"@id\":\"https:\\\/\\\/eldigitaldeasturias.com\\\/radio\\\/covid-19-en-ninos-cuales-son-los-datos\\\/#breadcrumblist\",\"itemListElement\":[{\"@type\":\"ListItem\",\"@id\":\"https:\\\/\\\/eldigitaldeasturias.com\\\/radio#listItem\",\"position\":1,\"name\":\"Inicio\",\"item\":\"https:\\\/\\\/eldigitaldeasturias.com\\\/radio\",\"nextItem\":{\"@type\":\"ListItem\",\"@id\":\"https:\\\/\\\/eldigitaldeasturias.com\\\/radio\\\/category\\\/noticias\\\/#listItem\",\"name\":\"Noticias\"}},{\"@type\":\"ListItem\",\"@id\":\"https:\\\/\\\/eldigitaldeasturias.com\\\/radio\\\/category\\\/noticias\\\/#listItem\",\"position\":2,\"name\":\"Noticias\",\"item\":\"https:\\\/\\\/eldigitaldeasturias.com\\\/radio\\\/category\\\/noticias\\\/\",\"nextItem\":{\"@type\":\"ListItem\",\"@id\":\"https:\\\/\\\/eldigitaldeasturias.com\\\/radio\\\/covid-19-en-ninos-cuales-son-los-datos\\\/#listItem\",\"name\":\"Covid-19 en ni\\u00f1os: \\u00bfcu\\u00e1les son los datos?\"},\"previousItem\":{\"@type\":\"ListItem\",\"@id\":\"https:\\\/\\\/eldigitaldeasturias.com\\\/radio#listItem\",\"name\":\"Inicio\"}},{\"@type\":\"ListItem\",\"@id\":\"https:\\\/\\\/eldigitaldeasturias.com\\\/radio\\\/covid-19-en-ninos-cuales-son-los-datos\\\/#listItem\",\"position\":3,\"name\":\"Covid-19 en ni\\u00f1os: \\u00bfcu\\u00e1les son los datos?\",\"previousItem\":{\"@type\":\"ListItem\",\"@id\":\"https:\\\/\\\/eldigitaldeasturias.com\\\/radio\\\/category\\\/noticias\\\/#listItem\",\"name\":\"Noticias\"}}]},{\"@type\":\"NewsArticle\",\"@id\":\"https:\\\/\\\/eldigitaldeasturias.com\\\/radio\\\/covid-19-en-ninos-cuales-son-los-datos\\\/#newsarticle\",\"name\":\"Covid-19 en ni\\u00f1os: \\u00bfcu\\u00e1les son los datos? | El Digital de Asturias\",\"headline\":\"Covid-19 en ni\\u00f1os: \\u00bfcu\\u00e1les son los datos?\",\"author\":{\"@id\":\"https:\\\/\\\/eldigitaldeasturias.com\\\/radio\\\/author\\\/nbasturias\\\/#author\"},\"publisher\":{\"@id\":\"https:\\\/\\\/eldigitaldeasturias.com\\\/radio\\\/#organization\"},\"image\":{\"@type\":\"ImageObject\",\"url\":\"https:\\\/\\\/eldigitaldeasturias.com\\\/radio\\\/wp-content\\\/uploads\\\/2020\\\/06\\\/connection-4884862_640.jpg\",\"width\":640,\"height\":436},\"datePublished\":\"2020-08-12T16:14:54+02:00\",\"dateModified\":\"2020-08-12T16:14:54+02:00\",\"inLanguage\":\"es-ES\",\"mainEntityOfPage\":{\"@id\":\"https:\\\/\\\/eldigitaldeasturias.com\\\/radio\\\/covid-19-en-ninos-cuales-son-los-datos\\\/#webpage\"},\"isPartOf\":{\"@id\":\"https:\\\/\\\/eldigitaldeasturias.com\\\/radio\\\/covid-19-en-ninos-cuales-son-los-datos\\\/#webpage\"},\"articleSection\":\"Noticias\",\"dateline\":\"Publicado el agosto 12, 2020.\"},{\"@type\":\"Organization\",\"@id\":\"https:\\\/\\\/eldigitaldeasturias.com\\\/radio\\\/#organization\",\"name\":\"El digital de Asturias Radio\",\"description\":\"Diario de informaci\\u00f3n y noticias\",\"url\":\"https:\\\/\\\/eldigitaldeasturias.com\\\/radio\\\/\",\"telephone\":\"+34652131393\",\"logo\":{\"@type\":\"ImageObject\",\"url\":\"https:\\\/\\\/www.eldigitaldeasturias.com\\\/radio\\\/wp-content\\\/uploads\\\/2021\\\/03\\\/EDA.jpg\",\"@id\":\"https:\\\/\\\/eldigitaldeasturias.com\\\/radio\\\/covid-19-en-ninos-cuales-son-los-datos\\\/#organizationLogo\"},\"image\":{\"@id\":\"https:\\\/\\\/eldigitaldeasturias.com\\\/radio\\\/covid-19-en-ninos-cuales-son-los-datos\\\/#organizationLogo\"},\"sameAs\":[\"https:\\\/\\\/www.facebook.com\\\/\",\"https:\\\/\\\/x.com\\\/bercodi\",\"https:\\\/\\\/www.instagram.com\\\/\",\"https:\\\/\\\/www.youtube.com\\\/channel\\\/UCZP-2wLEB9Rv6erhFmqVnvg\"]},{\"@type\":\"Person\",\"@id\":\"https:\\\/\\\/eldigitaldeasturias.com\\\/radio\\\/author\\\/nbasturias\\\/#author\",\"url\":\"https:\\\/\\\/eldigitaldeasturias.com\\\/radio\\\/author\\\/nbasturias\\\/\",\"name\":\"NBAsturias\",\"image\":{\"@type\":\"ImageObject\",\"@id\":\"https:\\\/\\\/eldigitaldeasturias.com\\\/radio\\\/covid-19-en-ninos-cuales-son-los-datos\\\/#authorImage\",\"url\":\"https:\\\/\\\/secure.gravatar.com\\\/avatar\\\/df2aeffc32bcd13f8d26072ef8a91b623d677766deac7f97ca815868cd41bf5e?s=96&d=mm&r=g\",\"width\":96,\"height\":96,\"caption\":\"NBAsturias\"}},{\"@type\":\"WebPage\",\"@id\":\"https:\\\/\\\/eldigitaldeasturias.com\\\/radio\\\/covid-19-en-ninos-cuales-son-los-datos\\\/#webpage\",\"url\":\"https:\\\/\\\/eldigitaldeasturias.com\\\/radio\\\/covid-19-en-ninos-cuales-son-los-datos\\\/\",\"name\":\"Covid-19 en ni\\u00f1os: \\u00bfcu\\u00e1les son los datos? | El Digital de Asturias\",\"description\":\"Cuando comenz\\u00f3 a circular la informaci\\u00f3n que hablaba de las personas m\\u00e1s propensas a poder sufrir el peor escenario de contraer el SARS-Cov-19, en todo momento se descart\\u00f3 que los m\\u00e1s peque\\u00f1os fueran a formar parte de las listas. De hecho, la primera informaci\\u00f3n que circulaba, entre febrero y marzo, es que los ni\\u00f1os, si no\",\"inLanguage\":\"es-ES\",\"isPartOf\":{\"@id\":\"https:\\\/\\\/eldigitaldeasturias.com\\\/radio\\\/#website\"},\"breadcrumb\":{\"@id\":\"https:\\\/\\\/eldigitaldeasturias.com\\\/radio\\\/covid-19-en-ninos-cuales-son-los-datos\\\/#breadcrumblist\"},\"author\":{\"@id\":\"https:\\\/\\\/eldigitaldeasturias.com\\\/radio\\\/author\\\/nbasturias\\\/#author\"},\"creator\":{\"@id\":\"https:\\\/\\\/eldigitaldeasturias.com\\\/radio\\\/author\\\/nbasturias\\\/#author\"},\"image\":{\"@type\":\"ImageObject\",\"url\":\"https:\\\/\\\/eldigitaldeasturias.com\\\/radio\\\/wp-content\\\/uploads\\\/2020\\\/06\\\/connection-4884862_640.jpg\",\"@id\":\"https:\\\/\\\/eldigitaldeasturias.com\\\/radio\\\/covid-19-en-ninos-cuales-son-los-datos\\\/#mainImage\",\"width\":640,\"height\":436},\"primaryImageOfPage\":{\"@id\":\"https:\\\/\\\/eldigitaldeasturias.com\\\/radio\\\/covid-19-en-ninos-cuales-son-los-datos\\\/#mainImage\"},\"datePublished\":\"2020-08-12T16:14:54+02:00\",\"dateModified\":\"2020-08-12T16:14:54+02:00\"},{\"@type\":\"WebSite\",\"@id\":\"https:\\\/\\\/eldigitaldeasturias.com\\\/radio\\\/#website\",\"url\":\"https:\\\/\\\/eldigitaldeasturias.com\\\/radio\\\/\",\"name\":\"El Digital de Asturias\",\"description\":\"Diario de informaci\\u00f3n y noticias\",\"inLanguage\":\"es-ES\",\"publisher\":{\"@id\":\"https:\\\/\\\/eldigitaldeasturias.com\\\/radio\\\/#organization\"}}]}\n\t\t<\/script>\n\t\t<!-- All in One SEO Pro -->\r\n\t\t<title>Covid-19 en ni\u00f1os: \u00bfcu\u00e1les son los datos? | El Digital de Asturias<\/title>\n\n","aioseo_head_json":{"title":"Covid-19 en ni\u00f1os: \u00bfcu\u00e1les son los datos? | El Digital de Asturias","description":"Cuando comenz\u00f3 a circular la informaci\u00f3n que hablaba de las personas m\u00e1s propensas a poder sufrir el peor escenario de contraer el SARS-Cov-19, en todo momento se descart\u00f3 que los m\u00e1s peque\u00f1os fueran a formar parte de las listas. De hecho, la primera informaci\u00f3n que circulaba, entre febrero y marzo, es que los ni\u00f1os, si no","canonical_url":"https:\/\/eldigitaldeasturias.com\/radio\/covid-19-en-ninos-cuales-son-los-datos\/","robots":"max-image-preview:large","keywords":"noticias","webmasterTools":{"google-site-verification":"UA-38556648-1","miscellaneous":""},"schema":{"@context":"https:\/\/schema.org","@graph":[{"@type":"BreadcrumbList","@id":"https:\/\/eldigitaldeasturias.com\/radio\/covid-19-en-ninos-cuales-son-los-datos\/#breadcrumblist","itemListElement":[{"@type":"ListItem","@id":"https:\/\/eldigitaldeasturias.com\/radio#listItem","position":1,"name":"Inicio","item":"https:\/\/eldigitaldeasturias.com\/radio","nextItem":{"@type":"ListItem","@id":"https:\/\/eldigitaldeasturias.com\/radio\/category\/noticias\/#listItem","name":"Noticias"}},{"@type":"ListItem","@id":"https:\/\/eldigitaldeasturias.com\/radio\/category\/noticias\/#listItem","position":2,"name":"Noticias","item":"https:\/\/eldigitaldeasturias.com\/radio\/category\/noticias\/","nextItem":{"@type":"ListItem","@id":"https:\/\/eldigitaldeasturias.com\/radio\/covid-19-en-ninos-cuales-son-los-datos\/#listItem","name":"Covid-19 en ni\u00f1os: \u00bfcu\u00e1les son los datos?"},"previousItem":{"@type":"ListItem","@id":"https:\/\/eldigitaldeasturias.com\/radio#listItem","name":"Inicio"}},{"@type":"ListItem","@id":"https:\/\/eldigitaldeasturias.com\/radio\/covid-19-en-ninos-cuales-son-los-datos\/#listItem","position":3,"name":"Covid-19 en ni\u00f1os: \u00bfcu\u00e1les son los datos?","previousItem":{"@type":"ListItem","@id":"https:\/\/eldigitaldeasturias.com\/radio\/category\/noticias\/#listItem","name":"Noticias"}}]},{"@type":"NewsArticle","@id":"https:\/\/eldigitaldeasturias.com\/radio\/covid-19-en-ninos-cuales-son-los-datos\/#newsarticle","name":"Covid-19 en ni\u00f1os: \u00bfcu\u00e1les son los datos? | El Digital de Asturias","headline":"Covid-19 en ni\u00f1os: \u00bfcu\u00e1les son los datos?","author":{"@id":"https:\/\/eldigitaldeasturias.com\/radio\/author\/nbasturias\/#author"},"publisher":{"@id":"https:\/\/eldigitaldeasturias.com\/radio\/#organization"},"image":{"@type":"ImageObject","url":"https:\/\/eldigitaldeasturias.com\/radio\/wp-content\/uploads\/2020\/06\/connection-4884862_640.jpg","width":640,"height":436},"datePublished":"2020-08-12T16:14:54+02:00","dateModified":"2020-08-12T16:14:54+02:00","inLanguage":"es-ES","mainEntityOfPage":{"@id":"https:\/\/eldigitaldeasturias.com\/radio\/covid-19-en-ninos-cuales-son-los-datos\/#webpage"},"isPartOf":{"@id":"https:\/\/eldigitaldeasturias.com\/radio\/covid-19-en-ninos-cuales-son-los-datos\/#webpage"},"articleSection":"Noticias","dateline":"Publicado el agosto 12, 2020."},{"@type":"Organization","@id":"https:\/\/eldigitaldeasturias.com\/radio\/#organization","name":"El digital de Asturias Radio","description":"Diario de informaci\u00f3n y noticias","url":"https:\/\/eldigitaldeasturias.com\/radio\/","telephone":"+34652131393","logo":{"@type":"ImageObject","url":"https:\/\/www.eldigitaldeasturias.com\/radio\/wp-content\/uploads\/2021\/03\/EDA.jpg","@id":"https:\/\/eldigitaldeasturias.com\/radio\/covid-19-en-ninos-cuales-son-los-datos\/#organizationLogo"},"image":{"@id":"https:\/\/eldigitaldeasturias.com\/radio\/covid-19-en-ninos-cuales-son-los-datos\/#organizationLogo"},"sameAs":["https:\/\/www.facebook.com\/","https:\/\/x.com\/bercodi","https:\/\/www.instagram.com\/","https:\/\/www.youtube.com\/channel\/UCZP-2wLEB9Rv6erhFmqVnvg"]},{"@type":"Person","@id":"https:\/\/eldigitaldeasturias.com\/radio\/author\/nbasturias\/#author","url":"https:\/\/eldigitaldeasturias.com\/radio\/author\/nbasturias\/","name":"NBAsturias","image":{"@type":"ImageObject","@id":"https:\/\/eldigitaldeasturias.com\/radio\/covid-19-en-ninos-cuales-son-los-datos\/#authorImage","url":"https:\/\/secure.gravatar.com\/avatar\/df2aeffc32bcd13f8d26072ef8a91b623d677766deac7f97ca815868cd41bf5e?s=96&d=mm&r=g","width":96,"height":96,"caption":"NBAsturias"}},{"@type":"WebPage","@id":"https:\/\/eldigitaldeasturias.com\/radio\/covid-19-en-ninos-cuales-son-los-datos\/#webpage","url":"https:\/\/eldigitaldeasturias.com\/radio\/covid-19-en-ninos-cuales-son-los-datos\/","name":"Covid-19 en ni\u00f1os: \u00bfcu\u00e1les son los datos? | El Digital de Asturias","description":"Cuando comenz\u00f3 a circular la informaci\u00f3n que hablaba de las personas m\u00e1s propensas a poder sufrir el peor escenario de contraer el SARS-Cov-19, en todo momento se descart\u00f3 que los m\u00e1s peque\u00f1os fueran a formar parte de las listas. De hecho, la primera informaci\u00f3n que circulaba, entre febrero y marzo, es que los ni\u00f1os, si no","inLanguage":"es-ES","isPartOf":{"@id":"https:\/\/eldigitaldeasturias.com\/radio\/#website"},"breadcrumb":{"@id":"https:\/\/eldigitaldeasturias.com\/radio\/covid-19-en-ninos-cuales-son-los-datos\/#breadcrumblist"},"author":{"@id":"https:\/\/eldigitaldeasturias.com\/radio\/author\/nbasturias\/#author"},"creator":{"@id":"https:\/\/eldigitaldeasturias.com\/radio\/author\/nbasturias\/#author"},"image":{"@type":"ImageObject","url":"https:\/\/eldigitaldeasturias.com\/radio\/wp-content\/uploads\/2020\/06\/connection-4884862_640.jpg","@id":"https:\/\/eldigitaldeasturias.com\/radio\/covid-19-en-ninos-cuales-son-los-datos\/#mainImage","width":640,"height":436},"primaryImageOfPage":{"@id":"https:\/\/eldigitaldeasturias.com\/radio\/covid-19-en-ninos-cuales-son-los-datos\/#mainImage"},"datePublished":"2020-08-12T16:14:54+02:00","dateModified":"2020-08-12T16:14:54+02:00"},{"@type":"WebSite","@id":"https:\/\/eldigitaldeasturias.com\/radio\/#website","url":"https:\/\/eldigitaldeasturias.com\/radio\/","name":"El Digital de Asturias","description":"Diario de informaci\u00f3n y noticias","inLanguage":"es-ES","publisher":{"@id":"https:\/\/eldigitaldeasturias.com\/radio\/#organization"}}]},"og:locale":"es_ES","og:site_name":"El Digital de Asturias | Diario de informaci\u00f3n y noticias","og:type":"article","og:title":"Covid-19 en ni\u00f1os: \u00bfcu\u00e1les son los datos? | El Digital de Asturias","og:description":"Cuando comenz\u00f3 a circular la informaci\u00f3n que hablaba de las personas m\u00e1s propensas a poder sufrir el peor escenario de contraer el SARS-Cov-19, en todo momento se descart\u00f3 que los m\u00e1s peque\u00f1os fueran a formar parte de las listas. De hecho, la primera informaci\u00f3n que circulaba, entre febrero y marzo, es que los ni\u00f1os, si no","og:url":"https:\/\/eldigitaldeasturias.com\/radio\/covid-19-en-ninos-cuales-son-los-datos\/","og:image":"https:\/\/eldigitaldeasturias.com\/radio\/wp-content\/uploads\/2020\/06\/connection-4884862_640.jpg","og:image:secure_url":"https:\/\/eldigitaldeasturias.com\/radio\/wp-content\/uploads\/2020\/06\/connection-4884862_640.jpg","og:image:width":640,"og:image:height":436,"article:published_time":"2020-08-12T16:14:54+00:00","article:modified_time":"2020-08-12T16:14:54+00:00","twitter:card":"summary_large_image","twitter:site":"@bercodi","twitter:title":"Covid-19 en ni\u00f1os: \u00bfcu\u00e1les son los datos? | El Digital de Asturias","twitter:description":"Cuando comenz\u00f3 a circular la informaci\u00f3n que hablaba de las personas m\u00e1s propensas a poder sufrir el peor escenario de contraer el SARS-Cov-19, en todo momento se descart\u00f3 que los m\u00e1s peque\u00f1os fueran a formar parte de las listas. De hecho, la primera informaci\u00f3n que circulaba, entre febrero y marzo, es que los ni\u00f1os, si no","twitter:creator":"@bercodi","twitter:image":"https:\/\/eldigitaldeasturias.com\/radio\/wp-content\/uploads\/2020\/06\/connection-4884862_640.jpg"},"aioseo_meta_data":{"post_id":"4885","title":null,"description":"","keywords":"","keyphrases":null,"primary_term":null,"canonical_url":"","og_title":null,"og_description":null,"og_object_type":"default","og_image_type":"default","og_image_url":null,"og_image_width":null,"og_image_height":null,"og_image_custom_url":null,"og_image_custom_fields":null,"og_video":null,"og_custom_url":null,"og_article_section":null,"og_article_tags":null,"twitter_use_og":false,"twitter_card":"default","twitter_image_type":"default","twitter_image_url":null,"twitter_image_custom_url":null,"twitter_image_custom_fields":null,"twitter_title":null,"twitter_description":null,"schema":{"blockGraphs":[],"customGraphs":[],"default":{"data":{"Article":[],"Course":[],"Dataset":[],"FAQPage":[],"Movie":[],"Person":[],"Product":[],"ProductReview":[],"Car":[],"Recipe":[],"Service":[],"SoftwareApplication":[],"WebPage":[]},"graphName":"","isEnabled":true},"graphs":[],"defaultGraph":"","defaultPostTypeGraph":""},"schema_type":null,"schema_type_options":null,"pillar_content":false,"robots_default":true,"robots_noindex":false,"robots_noarchive":false,"robots_nosnippet":false,"robots_nofollow":false,"robots_noimageindex":false,"robots_noodp":false,"robots_notranslate":false,"robots_max_snippet":null,"robots_max_videopreview":null,"robots_max_imagepreview":"large","priority":null,"frequency":null,"location":null,"local_seo":null,"seo_analyzer_scan_date":"2025-08-28 16:51:59","breadcrumb_settings":null,"limit_modified_date":false,"open_ai":null,"ai":null,"created":"2021-03-25 16:30:04","updated":"2025-08-28 16:51:59"},"aioseo_breadcrumb":"<div class=\"aioseo-breadcrumbs\"><span class=\"aioseo-breadcrumb\">\n\t<a href=\"https:\/\/eldigitaldeasturias.com\/radio\" title=\"Inicio\">Inicio<\/a>\n<\/span><span class=\"aioseo-breadcrumb-separator\">&ndash;<\/span><span class=\"aioseo-breadcrumb\">\n\t<a href=\"https:\/\/eldigitaldeasturias.com\/radio\/category\/noticias\/\" title=\"Noticias\">Noticias<\/a>\n<\/span><span class=\"aioseo-breadcrumb-separator\">&ndash;<\/span><span class=\"aioseo-breadcrumb\">\n\tCovid-19 en ni\u00f1os: \u00bfcu\u00e1les son los datos?\n<\/span><\/div>","aioseo_breadcrumb_json":[{"label":"Inicio","link":"https:\/\/eldigitaldeasturias.com\/radio"},{"label":"Noticias","link":"https:\/\/eldigitaldeasturias.com\/radio\/category\/noticias\/"},{"label":"Covid-19 en ni\u00f1os: \u00bfcu\u00e1les son los datos?","link":"https:\/\/eldigitaldeasturias.com\/radio\/covid-19-en-ninos-cuales-son-los-datos\/"}],"_links":{"self":[{"href":"https:\/\/eldigitaldeasturias.com\/radio\/wp-json\/wp\/v2\/posts\/4885","targetHints":{"allow":["GET"]}}],"collection":[{"href":"https:\/\/eldigitaldeasturias.com\/radio\/wp-json\/wp\/v2\/posts"}],"about":[{"href":"https:\/\/eldigitaldeasturias.com\/radio\/wp-json\/wp\/v2\/types\/post"}],"author":[{"embeddable":true,"href":"https:\/\/eldigitaldeasturias.com\/radio\/wp-json\/wp\/v2\/users\/1"}],"replies":[{"embeddable":true,"href":"https:\/\/eldigitaldeasturias.com\/radio\/wp-json\/wp\/v2\/comments?post=4885"}],"version-history":[{"count":0,"href":"https:\/\/eldigitaldeasturias.com\/radio\/wp-json\/wp\/v2\/posts\/4885\/revisions"}],"wp:featuredmedia":[{"embeddable":true,"href":"https:\/\/eldigitaldeasturias.com\/radio\/wp-json\/wp\/v2\/media\/4405"}],"wp:attachment":[{"href":"https:\/\/eldigitaldeasturias.com\/radio\/wp-json\/wp\/v2\/media?parent=4885"}],"wp:term":[{"taxonomy":"category","embeddable":true,"href":"https:\/\/eldigitaldeasturias.com\/radio\/wp-json\/wp\/v2\/categories?post=4885"},{"taxonomy":"post_tag","embeddable":true,"href":"https:\/\/eldigitaldeasturias.com\/radio\/wp-json\/wp\/v2\/tags?post=4885"}],"curies":[{"name":"wp","href":"https:\/\/api.w.org\/{rel}","templated":true}]}}