{"id":4876,"date":"2020-08-09T12:44:20","date_gmt":"2020-08-09T12:44:20","guid":{"rendered":"http:\/\/www.eldigitaldeasturias.com\/radio\/?p=4876"},"modified":"2020-08-09T12:44:20","modified_gmt":"2020-08-09T12:44:20","slug":"concurso-escolar-consumopolis-15","status":"publish","type":"post","link":"https:\/\/eldigitaldeasturias.com\/radio\/concurso-escolar-consumopolis-15\/","title":{"rendered":"Concurso escolar Consum\u00f3polis 15"},"content":{"rendered":"<p><img fetchpriority=\"high\" decoding=\"async\" class=\"alignleft size-medium wp-image-4877\" src=\"http:\/\/www.eldigitaldeasturias.com\/radio\/wp-content\/uploads\/2020\/08\/classroom-824120_640-360x203.jpg\" alt=\"\" width=\"360\" height=\"203\" srcset=\"https:\/\/eldigitaldeasturias.com\/radio\/wp-content\/uploads\/2020\/08\/classroom-824120_640-360x203.jpg 360w, https:\/\/eldigitaldeasturias.com\/radio\/wp-content\/uploads\/2020\/08\/classroom-824120_640-600x337.jpg 600w, https:\/\/eldigitaldeasturias.com\/radio\/wp-content\/uploads\/2020\/08\/classroom-824120_640.jpg 640w\" sizes=\"(max-width: 360px) 100vw, 360px\" \/>Los c\u00f3mics del Centro de Educaci\u00f3n Infantil y Primaria (CEIP) Jos\u00e9 Luis Garc\u00eda Rodr\u00edguez, de Piedras Blancas, y de los Institutos de Educaci\u00f3n Secundaria (IES) de Infiesto y Nore\u00f1a han ganado el primer premio de la fase auton\u00f3mica del concurso escolar Consum\u00f3polis 15. Tus actos de consumo pueden cambiar el mundo, \u00bfc\u00f3mo lo har\u00edas t\u00fa?, una iniciativa del Ministerio de Consumo y las comunidades aut\u00f3nomas.<\/p>\n<p>En esta edici\u00f3n, han competido 65 equipos correspondientes a 15 centros educativos, once m\u00e1s que en la convocatoria del a\u00f1o pasado.<\/p>\n<p>El grupo Los Rebecos, del CEIP de Castrill\u00f3n, se ha impuesto en la categor\u00eda de quinto y sexto de Primaria por su proyecto Mejor ahorrar que derrochar.<\/p>\n<p>En las categor\u00edas de Secundaria, los componentes de Game fight, del IES de Infiesto, han ganado en la categor\u00eda de primero y segundo de la ESO con su trabajo S\u00e1lva-lo y el equipo Asturlittle del IES de Nore\u00f1a, con su c\u00f3mic Vidas paralelas, ha vencido en el nivel de tercero y cuarto de la ESO.<\/p>\n<p>Los segundos clasificados han sido el equipo Contaminaci\u00f3n 0, del Colegio Coraz\u00f3n de Mar\u00eda de Gij\u00f3n; Justinianos, del IES de Nore\u00f1a, y Netsurfers, del instituto de Infiesto.<\/p>\n<p>Para participar en la fase auton\u00f3mica, cada equipo deb\u00eda de completar el recorrido virtual por la ciudad de Consum\u00f3polis y, posteriormente, dise\u00f1ar un c\u00f3mic sobre el consumo responsable.<\/p>\n<p>&nbsp;<\/p>\n","protected":false},"excerpt":{"rendered":"<p>Los c\u00f3mics del Centro de Educaci\u00f3n Infantil y Primaria (CEIP) Jos\u00e9 Luis Garc\u00eda Rodr\u00edguez, de Piedras Blancas, y de los Institutos de Educaci\u00f3n Secundaria (IES) de Infiesto y Nore\u00f1a han ganado el primer premio de la fase auton\u00f3mica del concurso escolar Consum\u00f3polis 15. Tus actos de consumo pueden cambiar el mundo, \u00bfc\u00f3mo lo har\u00edas t\u00fa?,<\/p>\n","protected":false},"author":1,"featured_media":4877,"comment_status":"closed","ping_status":"closed","sticky":false,"template":"","format":"standard","meta":{"footnotes":""},"categories":[1],"tags":[],"class_list":{"0":"post-4876","1":"post","2":"type-post","3":"status-publish","4":"format-standard","5":"has-post-thumbnail","7":"category-noticias"},"aioseo_notices":[],"aioseo_head":"\n\t\t<!-- All in One SEO Pro 4.9.6.2 - aioseo.com -->\n\t<meta name=\"description\" content=\"Los c\u00f3mics del Centro de Educaci\u00f3n Infantil y Primaria (CEIP) Jos\u00e9 Luis Garc\u00eda Rodr\u00edguez, de Piedras Blancas, y de los Institutos de Educaci\u00f3n Secundaria (IES) de Infiesto y Nore\u00f1a han ganado el primer premio de la fase auton\u00f3mica del concurso escolar Consum\u00f3polis 15. Tus actos de consumo pueden cambiar el mundo, \u00bfc\u00f3mo lo har\u00edas t\u00fa?,\" \/>\n\t<meta name=\"robots\" content=\"max-image-preview:large\" \/>\n\t<meta name=\"author\" content=\"NBAsturias\"\/>\n\t<meta name=\"google-site-verification\" content=\"UA-38556648-1\" \/>\n\t<meta name=\"keywords\" content=\"noticias\" \/>\n\t<link rel=\"canonical\" href=\"https:\/\/eldigitaldeasturias.com\/radio\/concurso-escolar-consumopolis-15\/\" \/>\n\t<meta name=\"generator\" content=\"All in One SEO Pro (AIOSEO) 4.9.6.2\" \/>\n\t\t<meta property=\"og:locale\" content=\"es_ES\" \/>\n\t\t<meta property=\"og:site_name\" content=\"El Digital de Asturias | Diario de informaci\u00f3n y noticias\" \/>\n\t\t<meta property=\"og:type\" content=\"article\" \/>\n\t\t<meta property=\"og:title\" content=\"Concurso escolar Consum\u00f3polis 15 | El Digital de Asturias\" \/>\n\t\t<meta property=\"og:description\" content=\"Los c\u00f3mics del Centro de Educaci\u00f3n Infantil y Primaria (CEIP) Jos\u00e9 Luis Garc\u00eda Rodr\u00edguez, de Piedras Blancas, y de los Institutos de Educaci\u00f3n Secundaria (IES) de Infiesto y Nore\u00f1a han ganado el primer premio de la fase auton\u00f3mica del concurso escolar Consum\u00f3polis 15. Tus actos de consumo pueden cambiar el mundo, \u00bfc\u00f3mo lo har\u00edas t\u00fa?,\" \/>\n\t\t<meta property=\"og:url\" content=\"https:\/\/eldigitaldeasturias.com\/radio\/concurso-escolar-consumopolis-15\/\" \/>\n\t\t<meta property=\"og:image\" content=\"https:\/\/eldigitaldeasturias.com\/radio\/wp-content\/uploads\/2020\/08\/classroom-824120_640.jpg\" \/>\n\t\t<meta property=\"og:image:secure_url\" content=\"https:\/\/eldigitaldeasturias.com\/radio\/wp-content\/uploads\/2020\/08\/classroom-824120_640.jpg\" \/>\n\t\t<meta property=\"og:image:width\" content=\"640\" \/>\n\t\t<meta property=\"og:image:height\" content=\"360\" \/>\n\t\t<meta property=\"article:published_time\" content=\"2020-08-09T12:44:20+00:00\" \/>\n\t\t<meta property=\"article:modified_time\" content=\"2020-08-09T12:44:20+00:00\" \/>\n\t\t<meta name=\"twitter:card\" content=\"summary_large_image\" \/>\n\t\t<meta name=\"twitter:site\" content=\"@bercodi\" \/>\n\t\t<meta name=\"twitter:title\" content=\"Concurso escolar Consum\u00f3polis 15 | El Digital de Asturias\" \/>\n\t\t<meta name=\"twitter:description\" content=\"Los c\u00f3mics del Centro de Educaci\u00f3n Infantil y Primaria (CEIP) Jos\u00e9 Luis Garc\u00eda Rodr\u00edguez, de Piedras Blancas, y de los Institutos de Educaci\u00f3n Secundaria (IES) de Infiesto y Nore\u00f1a han ganado el primer premio de la fase auton\u00f3mica del concurso escolar Consum\u00f3polis 15. Tus actos de consumo pueden cambiar el mundo, \u00bfc\u00f3mo lo har\u00edas t\u00fa?,\" \/>\n\t\t<meta name=\"twitter:creator\" content=\"@bercodi\" \/>\n\t\t<meta name=\"twitter:image\" content=\"https:\/\/eldigitaldeasturias.com\/radio\/wp-content\/uploads\/2020\/08\/classroom-824120_640.jpg\" \/>\n\t\t<script type=\"application\/ld+json\" class=\"aioseo-schema\">\n\t\t\t{\"@context\":\"https:\\\/\\\/schema.org\",\"@graph\":[{\"@type\":\"BreadcrumbList\",\"@id\":\"https:\\\/\\\/eldigitaldeasturias.com\\\/radio\\\/concurso-escolar-consumopolis-15\\\/#breadcrumblist\",\"itemListElement\":[{\"@type\":\"ListItem\",\"@id\":\"https:\\\/\\\/eldigitaldeasturias.com\\\/radio#listItem\",\"position\":1,\"name\":\"Inicio\",\"item\":\"https:\\\/\\\/eldigitaldeasturias.com\\\/radio\",\"nextItem\":{\"@type\":\"ListItem\",\"@id\":\"https:\\\/\\\/eldigitaldeasturias.com\\\/radio\\\/category\\\/noticias\\\/#listItem\",\"name\":\"Noticias\"}},{\"@type\":\"ListItem\",\"@id\":\"https:\\\/\\\/eldigitaldeasturias.com\\\/radio\\\/category\\\/noticias\\\/#listItem\",\"position\":2,\"name\":\"Noticias\",\"item\":\"https:\\\/\\\/eldigitaldeasturias.com\\\/radio\\\/category\\\/noticias\\\/\",\"nextItem\":{\"@type\":\"ListItem\",\"@id\":\"https:\\\/\\\/eldigitaldeasturias.com\\\/radio\\\/concurso-escolar-consumopolis-15\\\/#listItem\",\"name\":\"Concurso escolar Consum\\u00f3polis 15\"},\"previousItem\":{\"@type\":\"ListItem\",\"@id\":\"https:\\\/\\\/eldigitaldeasturias.com\\\/radio#listItem\",\"name\":\"Inicio\"}},{\"@type\":\"ListItem\",\"@id\":\"https:\\\/\\\/eldigitaldeasturias.com\\\/radio\\\/concurso-escolar-consumopolis-15\\\/#listItem\",\"position\":3,\"name\":\"Concurso escolar Consum\\u00f3polis 15\",\"previousItem\":{\"@type\":\"ListItem\",\"@id\":\"https:\\\/\\\/eldigitaldeasturias.com\\\/radio\\\/category\\\/noticias\\\/#listItem\",\"name\":\"Noticias\"}}]},{\"@type\":\"NewsArticle\",\"@id\":\"https:\\\/\\\/eldigitaldeasturias.com\\\/radio\\\/concurso-escolar-consumopolis-15\\\/#newsarticle\",\"name\":\"Concurso escolar Consum\\u00f3polis 15 | El Digital de Asturias\",\"headline\":\"Concurso escolar Consum\\u00f3polis 15\",\"author\":{\"@id\":\"https:\\\/\\\/eldigitaldeasturias.com\\\/radio\\\/author\\\/nbasturias\\\/#author\"},\"publisher\":{\"@id\":\"https:\\\/\\\/eldigitaldeasturias.com\\\/radio\\\/#organization\"},\"image\":{\"@type\":\"ImageObject\",\"url\":\"https:\\\/\\\/eldigitaldeasturias.com\\\/radio\\\/wp-content\\\/uploads\\\/2020\\\/08\\\/classroom-824120_640.jpg\",\"width\":640,\"height\":360},\"datePublished\":\"2020-08-09T12:44:20+02:00\",\"dateModified\":\"2020-08-09T12:44:20+02:00\",\"inLanguage\":\"es-ES\",\"mainEntityOfPage\":{\"@id\":\"https:\\\/\\\/eldigitaldeasturias.com\\\/radio\\\/concurso-escolar-consumopolis-15\\\/#webpage\"},\"isPartOf\":{\"@id\":\"https:\\\/\\\/eldigitaldeasturias.com\\\/radio\\\/concurso-escolar-consumopolis-15\\\/#webpage\"},\"articleSection\":\"Noticias\",\"dateline\":\"Publicado el agosto 9, 2020.\"},{\"@type\":\"Organization\",\"@id\":\"https:\\\/\\\/eldigitaldeasturias.com\\\/radio\\\/#organization\",\"name\":\"El digital de Asturias Radio\",\"description\":\"Diario de informaci\\u00f3n y noticias\",\"url\":\"https:\\\/\\\/eldigitaldeasturias.com\\\/radio\\\/\",\"telephone\":\"+34652131393\",\"logo\":{\"@type\":\"ImageObject\",\"url\":\"https:\\\/\\\/www.eldigitaldeasturias.com\\\/radio\\\/wp-content\\\/uploads\\\/2021\\\/03\\\/EDA.jpg\",\"@id\":\"https:\\\/\\\/eldigitaldeasturias.com\\\/radio\\\/concurso-escolar-consumopolis-15\\\/#organizationLogo\"},\"image\":{\"@id\":\"https:\\\/\\\/eldigitaldeasturias.com\\\/radio\\\/concurso-escolar-consumopolis-15\\\/#organizationLogo\"},\"sameAs\":[\"https:\\\/\\\/www.facebook.com\\\/\",\"https:\\\/\\\/x.com\\\/bercodi\",\"https:\\\/\\\/www.instagram.com\\\/\",\"https:\\\/\\\/www.youtube.com\\\/channel\\\/UCZP-2wLEB9Rv6erhFmqVnvg\"]},{\"@type\":\"Person\",\"@id\":\"https:\\\/\\\/eldigitaldeasturias.com\\\/radio\\\/author\\\/nbasturias\\\/#author\",\"url\":\"https:\\\/\\\/eldigitaldeasturias.com\\\/radio\\\/author\\\/nbasturias\\\/\",\"name\":\"NBAsturias\",\"image\":{\"@type\":\"ImageObject\",\"@id\":\"https:\\\/\\\/eldigitaldeasturias.com\\\/radio\\\/concurso-escolar-consumopolis-15\\\/#authorImage\",\"url\":\"https:\\\/\\\/secure.gravatar.com\\\/avatar\\\/df2aeffc32bcd13f8d26072ef8a91b623d677766deac7f97ca815868cd41bf5e?s=96&d=mm&r=g\",\"width\":96,\"height\":96,\"caption\":\"NBAsturias\"}},{\"@type\":\"WebPage\",\"@id\":\"https:\\\/\\\/eldigitaldeasturias.com\\\/radio\\\/concurso-escolar-consumopolis-15\\\/#webpage\",\"url\":\"https:\\\/\\\/eldigitaldeasturias.com\\\/radio\\\/concurso-escolar-consumopolis-15\\\/\",\"name\":\"Concurso escolar Consum\\u00f3polis 15 | El Digital de Asturias\",\"description\":\"Los c\\u00f3mics del Centro de Educaci\\u00f3n Infantil y Primaria (CEIP) Jos\\u00e9 Luis Garc\\u00eda Rodr\\u00edguez, de Piedras Blancas, y de los Institutos de Educaci\\u00f3n Secundaria (IES) de Infiesto y Nore\\u00f1a han ganado el primer premio de la fase auton\\u00f3mica del concurso escolar Consum\\u00f3polis 15. Tus actos de consumo pueden cambiar el mundo, \\u00bfc\\u00f3mo lo har\\u00edas t\\u00fa?,\",\"inLanguage\":\"es-ES\",\"isPartOf\":{\"@id\":\"https:\\\/\\\/eldigitaldeasturias.com\\\/radio\\\/#website\"},\"breadcrumb\":{\"@id\":\"https:\\\/\\\/eldigitaldeasturias.com\\\/radio\\\/concurso-escolar-consumopolis-15\\\/#breadcrumblist\"},\"author\":{\"@id\":\"https:\\\/\\\/eldigitaldeasturias.com\\\/radio\\\/author\\\/nbasturias\\\/#author\"},\"creator\":{\"@id\":\"https:\\\/\\\/eldigitaldeasturias.com\\\/radio\\\/author\\\/nbasturias\\\/#author\"},\"image\":{\"@type\":\"ImageObject\",\"url\":\"https:\\\/\\\/eldigitaldeasturias.com\\\/radio\\\/wp-content\\\/uploads\\\/2020\\\/08\\\/classroom-824120_640.jpg\",\"@id\":\"https:\\\/\\\/eldigitaldeasturias.com\\\/radio\\\/concurso-escolar-consumopolis-15\\\/#mainImage\",\"width\":640,\"height\":360},\"primaryImageOfPage\":{\"@id\":\"https:\\\/\\\/eldigitaldeasturias.com\\\/radio\\\/concurso-escolar-consumopolis-15\\\/#mainImage\"},\"datePublished\":\"2020-08-09T12:44:20+02:00\",\"dateModified\":\"2020-08-09T12:44:20+02:00\"},{\"@type\":\"WebSite\",\"@id\":\"https:\\\/\\\/eldigitaldeasturias.com\\\/radio\\\/#website\",\"url\":\"https:\\\/\\\/eldigitaldeasturias.com\\\/radio\\\/\",\"name\":\"El Digital de Asturias\",\"description\":\"Diario de informaci\\u00f3n y noticias\",\"inLanguage\":\"es-ES\",\"publisher\":{\"@id\":\"https:\\\/\\\/eldigitaldeasturias.com\\\/radio\\\/#organization\"}}]}\n\t\t<\/script>\n\t\t<!-- All in One SEO Pro -->\r\n\t\t<title>Concurso escolar Consum\u00f3polis 15 | El Digital de Asturias<\/title>\n\n","aioseo_head_json":{"title":"Concurso escolar Consum\u00f3polis 15 | El Digital de Asturias","description":"Los c\u00f3mics del Centro de Educaci\u00f3n Infantil y Primaria (CEIP) Jos\u00e9 Luis Garc\u00eda Rodr\u00edguez, de Piedras Blancas, y de los Institutos de Educaci\u00f3n Secundaria (IES) de Infiesto y Nore\u00f1a han ganado el primer premio de la fase auton\u00f3mica del concurso escolar Consum\u00f3polis 15. Tus actos de consumo pueden cambiar el mundo, \u00bfc\u00f3mo lo har\u00edas t\u00fa?,","canonical_url":"https:\/\/eldigitaldeasturias.com\/radio\/concurso-escolar-consumopolis-15\/","robots":"max-image-preview:large","keywords":"noticias","webmasterTools":{"google-site-verification":"UA-38556648-1","miscellaneous":""},"schema":{"@context":"https:\/\/schema.org","@graph":[{"@type":"BreadcrumbList","@id":"https:\/\/eldigitaldeasturias.com\/radio\/concurso-escolar-consumopolis-15\/#breadcrumblist","itemListElement":[{"@type":"ListItem","@id":"https:\/\/eldigitaldeasturias.com\/radio#listItem","position":1,"name":"Inicio","item":"https:\/\/eldigitaldeasturias.com\/radio","nextItem":{"@type":"ListItem","@id":"https:\/\/eldigitaldeasturias.com\/radio\/category\/noticias\/#listItem","name":"Noticias"}},{"@type":"ListItem","@id":"https:\/\/eldigitaldeasturias.com\/radio\/category\/noticias\/#listItem","position":2,"name":"Noticias","item":"https:\/\/eldigitaldeasturias.com\/radio\/category\/noticias\/","nextItem":{"@type":"ListItem","@id":"https:\/\/eldigitaldeasturias.com\/radio\/concurso-escolar-consumopolis-15\/#listItem","name":"Concurso escolar Consum\u00f3polis 15"},"previousItem":{"@type":"ListItem","@id":"https:\/\/eldigitaldeasturias.com\/radio#listItem","name":"Inicio"}},{"@type":"ListItem","@id":"https:\/\/eldigitaldeasturias.com\/radio\/concurso-escolar-consumopolis-15\/#listItem","position":3,"name":"Concurso escolar Consum\u00f3polis 15","previousItem":{"@type":"ListItem","@id":"https:\/\/eldigitaldeasturias.com\/radio\/category\/noticias\/#listItem","name":"Noticias"}}]},{"@type":"NewsArticle","@id":"https:\/\/eldigitaldeasturias.com\/radio\/concurso-escolar-consumopolis-15\/#newsarticle","name":"Concurso escolar Consum\u00f3polis 15 | El Digital de Asturias","headline":"Concurso escolar Consum\u00f3polis 15","author":{"@id":"https:\/\/eldigitaldeasturias.com\/radio\/author\/nbasturias\/#author"},"publisher":{"@id":"https:\/\/eldigitaldeasturias.com\/radio\/#organization"},"image":{"@type":"ImageObject","url":"https:\/\/eldigitaldeasturias.com\/radio\/wp-content\/uploads\/2020\/08\/classroom-824120_640.jpg","width":640,"height":360},"datePublished":"2020-08-09T12:44:20+02:00","dateModified":"2020-08-09T12:44:20+02:00","inLanguage":"es-ES","mainEntityOfPage":{"@id":"https:\/\/eldigitaldeasturias.com\/radio\/concurso-escolar-consumopolis-15\/#webpage"},"isPartOf":{"@id":"https:\/\/eldigitaldeasturias.com\/radio\/concurso-escolar-consumopolis-15\/#webpage"},"articleSection":"Noticias","dateline":"Publicado el agosto 9, 2020."},{"@type":"Organization","@id":"https:\/\/eldigitaldeasturias.com\/radio\/#organization","name":"El digital de Asturias Radio","description":"Diario de informaci\u00f3n y noticias","url":"https:\/\/eldigitaldeasturias.com\/radio\/","telephone":"+34652131393","logo":{"@type":"ImageObject","url":"https:\/\/www.eldigitaldeasturias.com\/radio\/wp-content\/uploads\/2021\/03\/EDA.jpg","@id":"https:\/\/eldigitaldeasturias.com\/radio\/concurso-escolar-consumopolis-15\/#organizationLogo"},"image":{"@id":"https:\/\/eldigitaldeasturias.com\/radio\/concurso-escolar-consumopolis-15\/#organizationLogo"},"sameAs":["https:\/\/www.facebook.com\/","https:\/\/x.com\/bercodi","https:\/\/www.instagram.com\/","https:\/\/www.youtube.com\/channel\/UCZP-2wLEB9Rv6erhFmqVnvg"]},{"@type":"Person","@id":"https:\/\/eldigitaldeasturias.com\/radio\/author\/nbasturias\/#author","url":"https:\/\/eldigitaldeasturias.com\/radio\/author\/nbasturias\/","name":"NBAsturias","image":{"@type":"ImageObject","@id":"https:\/\/eldigitaldeasturias.com\/radio\/concurso-escolar-consumopolis-15\/#authorImage","url":"https:\/\/secure.gravatar.com\/avatar\/df2aeffc32bcd13f8d26072ef8a91b623d677766deac7f97ca815868cd41bf5e?s=96&d=mm&r=g","width":96,"height":96,"caption":"NBAsturias"}},{"@type":"WebPage","@id":"https:\/\/eldigitaldeasturias.com\/radio\/concurso-escolar-consumopolis-15\/#webpage","url":"https:\/\/eldigitaldeasturias.com\/radio\/concurso-escolar-consumopolis-15\/","name":"Concurso escolar Consum\u00f3polis 15 | El Digital de Asturias","description":"Los c\u00f3mics del Centro de Educaci\u00f3n Infantil y Primaria (CEIP) Jos\u00e9 Luis Garc\u00eda Rodr\u00edguez, de Piedras Blancas, y de los Institutos de Educaci\u00f3n Secundaria (IES) de Infiesto y Nore\u00f1a han ganado el primer premio de la fase auton\u00f3mica del concurso escolar Consum\u00f3polis 15. Tus actos de consumo pueden cambiar el mundo, \u00bfc\u00f3mo lo har\u00edas t\u00fa?,","inLanguage":"es-ES","isPartOf":{"@id":"https:\/\/eldigitaldeasturias.com\/radio\/#website"},"breadcrumb":{"@id":"https:\/\/eldigitaldeasturias.com\/radio\/concurso-escolar-consumopolis-15\/#breadcrumblist"},"author":{"@id":"https:\/\/eldigitaldeasturias.com\/radio\/author\/nbasturias\/#author"},"creator":{"@id":"https:\/\/eldigitaldeasturias.com\/radio\/author\/nbasturias\/#author"},"image":{"@type":"ImageObject","url":"https:\/\/eldigitaldeasturias.com\/radio\/wp-content\/uploads\/2020\/08\/classroom-824120_640.jpg","@id":"https:\/\/eldigitaldeasturias.com\/radio\/concurso-escolar-consumopolis-15\/#mainImage","width":640,"height":360},"primaryImageOfPage":{"@id":"https:\/\/eldigitaldeasturias.com\/radio\/concurso-escolar-consumopolis-15\/#mainImage"},"datePublished":"2020-08-09T12:44:20+02:00","dateModified":"2020-08-09T12:44:20+02:00"},{"@type":"WebSite","@id":"https:\/\/eldigitaldeasturias.com\/radio\/#website","url":"https:\/\/eldigitaldeasturias.com\/radio\/","name":"El Digital de Asturias","description":"Diario de informaci\u00f3n y noticias","inLanguage":"es-ES","publisher":{"@id":"https:\/\/eldigitaldeasturias.com\/radio\/#organization"}}]},"og:locale":"es_ES","og:site_name":"El Digital de Asturias | Diario de informaci\u00f3n y noticias","og:type":"article","og:title":"Concurso escolar Consum\u00f3polis 15 | El Digital de Asturias","og:description":"Los c\u00f3mics del Centro de Educaci\u00f3n Infantil y Primaria (CEIP) Jos\u00e9 Luis Garc\u00eda Rodr\u00edguez, de Piedras Blancas, y de los Institutos de Educaci\u00f3n Secundaria (IES) de Infiesto y Nore\u00f1a han ganado el primer premio de la fase auton\u00f3mica del concurso escolar Consum\u00f3polis 15. Tus actos de consumo pueden cambiar el mundo, \u00bfc\u00f3mo lo har\u00edas t\u00fa?,","og:url":"https:\/\/eldigitaldeasturias.com\/radio\/concurso-escolar-consumopolis-15\/","og:image":"https:\/\/eldigitaldeasturias.com\/radio\/wp-content\/uploads\/2020\/08\/classroom-824120_640.jpg","og:image:secure_url":"https:\/\/eldigitaldeasturias.com\/radio\/wp-content\/uploads\/2020\/08\/classroom-824120_640.jpg","og:image:width":640,"og:image:height":360,"article:published_time":"2020-08-09T12:44:20+00:00","article:modified_time":"2020-08-09T12:44:20+00:00","twitter:card":"summary_large_image","twitter:site":"@bercodi","twitter:title":"Concurso escolar Consum\u00f3polis 15 | El Digital de Asturias","twitter:description":"Los c\u00f3mics del Centro de Educaci\u00f3n Infantil y Primaria (CEIP) Jos\u00e9 Luis Garc\u00eda Rodr\u00edguez, de Piedras Blancas, y de los Institutos de Educaci\u00f3n Secundaria (IES) de Infiesto y Nore\u00f1a han ganado el primer premio de la fase auton\u00f3mica del concurso escolar Consum\u00f3polis 15. Tus actos de consumo pueden cambiar el mundo, \u00bfc\u00f3mo lo har\u00edas t\u00fa?,","twitter:creator":"@bercodi","twitter:image":"https:\/\/eldigitaldeasturias.com\/radio\/wp-content\/uploads\/2020\/08\/classroom-824120_640.jpg"},"aioseo_meta_data":{"post_id":"4876","title":null,"description":"","keywords":"","keyphrases":null,"primary_term":null,"canonical_url":"","og_title":null,"og_description":null,"og_object_type":"default","og_image_type":"default","og_image_url":null,"og_image_width":null,"og_image_height":null,"og_image_custom_url":null,"og_image_custom_fields":null,"og_video":null,"og_custom_url":null,"og_article_section":null,"og_article_tags":null,"twitter_use_og":false,"twitter_card":"default","twitter_image_type":"default","twitter_image_url":null,"twitter_image_custom_url":null,"twitter_image_custom_fields":null,"twitter_title":null,"twitter_description":null,"schema":{"blockGraphs":[],"customGraphs":[],"default":{"data":{"Article":[],"Course":[],"Dataset":[],"FAQPage":[],"Movie":[],"Person":[],"Product":[],"ProductReview":[],"Car":[],"Recipe":[],"Service":[],"SoftwareApplication":[],"WebPage":[]},"graphName":"","isEnabled":true},"graphs":[],"defaultGraph":"","defaultPostTypeGraph":""},"schema_type":null,"schema_type_options":null,"pillar_content":false,"robots_default":true,"robots_noindex":false,"robots_noarchive":false,"robots_nosnippet":false,"robots_nofollow":false,"robots_noimageindex":false,"robots_noodp":false,"robots_notranslate":false,"robots_max_snippet":null,"robots_max_videopreview":null,"robots_max_imagepreview":"large","priority":null,"frequency":null,"location":null,"local_seo":null,"seo_analyzer_scan_date":"2025-08-28 16:50:51","breadcrumb_settings":null,"limit_modified_date":false,"open_ai":null,"ai":null,"created":"2021-03-25 22:48:24","updated":"2025-08-28 16:50:51"},"aioseo_breadcrumb":"<div class=\"aioseo-breadcrumbs\"><span class=\"aioseo-breadcrumb\">\n\t<a href=\"https:\/\/eldigitaldeasturias.com\/radio\" title=\"Inicio\">Inicio<\/a>\n<\/span><span class=\"aioseo-breadcrumb-separator\">&ndash;<\/span><span class=\"aioseo-breadcrumb\">\n\t<a href=\"https:\/\/eldigitaldeasturias.com\/radio\/category\/noticias\/\" title=\"Noticias\">Noticias<\/a>\n<\/span><span class=\"aioseo-breadcrumb-separator\">&ndash;<\/span><span class=\"aioseo-breadcrumb\">\n\tConcurso escolar Consum\u00f3polis 15\n<\/span><\/div>","aioseo_breadcrumb_json":[{"label":"Inicio","link":"https:\/\/eldigitaldeasturias.com\/radio"},{"label":"Noticias","link":"https:\/\/eldigitaldeasturias.com\/radio\/category\/noticias\/"},{"label":"Concurso escolar Consum\u00f3polis 15","link":"https:\/\/eldigitaldeasturias.com\/radio\/concurso-escolar-consumopolis-15\/"}],"_links":{"self":[{"href":"https:\/\/eldigitaldeasturias.com\/radio\/wp-json\/wp\/v2\/posts\/4876","targetHints":{"allow":["GET"]}}],"collection":[{"href":"https:\/\/eldigitaldeasturias.com\/radio\/wp-json\/wp\/v2\/posts"}],"about":[{"href":"https:\/\/eldigitaldeasturias.com\/radio\/wp-json\/wp\/v2\/types\/post"}],"author":[{"embeddable":true,"href":"https:\/\/eldigitaldeasturias.com\/radio\/wp-json\/wp\/v2\/users\/1"}],"replies":[{"embeddable":true,"href":"https:\/\/eldigitaldeasturias.com\/radio\/wp-json\/wp\/v2\/comments?post=4876"}],"version-history":[{"count":0,"href":"https:\/\/eldigitaldeasturias.com\/radio\/wp-json\/wp\/v2\/posts\/4876\/revisions"}],"wp:featuredmedia":[{"embeddable":true,"href":"https:\/\/eldigitaldeasturias.com\/radio\/wp-json\/wp\/v2\/media\/4877"}],"wp:attachment":[{"href":"https:\/\/eldigitaldeasturias.com\/radio\/wp-json\/wp\/v2\/media?parent=4876"}],"wp:term":[{"taxonomy":"category","embeddable":true,"href":"https:\/\/eldigitaldeasturias.com\/radio\/wp-json\/wp\/v2\/categories?post=4876"},{"taxonomy":"post_tag","embeddable":true,"href":"https:\/\/eldigitaldeasturias.com\/radio\/wp-json\/wp\/v2\/tags?post=4876"}],"curies":[{"name":"wp","href":"https:\/\/api.w.org\/{rel}","templated":true}]}}