{"id":4865,"date":"2020-08-08T23:34:41","date_gmt":"2020-08-08T23:34:41","guid":{"rendered":"http:\/\/www.eldigitaldeasturias.com\/radio\/?p=4865"},"modified":"2020-08-08T23:34:41","modified_gmt":"2020-08-08T23:34:41","slug":"abre-gran-retrospectiva-del-escultor-ernst-barlach-en-alemania","status":"publish","type":"post","link":"https:\/\/eldigitaldeasturias.com\/radio\/abre-gran-retrospectiva-del-escultor-ernst-barlach-en-alemania\/","title":{"rendered":"Abre gran retrospectiva del escultor Ernst Barlach en Alemania"},"content":{"rendered":"<figure id=\"attachment_4866\" aria-describedby=\"caption-attachment-4866\" style=\"width: 360px\" class=\"wp-caption alignleft\"><img fetchpriority=\"high\" decoding=\"async\" class=\"size-medium wp-image-4866\" src=\"http:\/\/www.eldigitaldeasturias.com\/radio\/wp-content\/uploads\/2020\/08\/Expo-360x254.jpg\" alt=\"\" width=\"360\" height=\"254\" srcset=\"https:\/\/eldigitaldeasturias.com\/radio\/wp-content\/uploads\/2020\/08\/Expo-360x254.jpg 360w, https:\/\/eldigitaldeasturias.com\/radio\/wp-content\/uploads\/2020\/08\/Expo-768x542.jpg 768w, https:\/\/eldigitaldeasturias.com\/radio\/wp-content\/uploads\/2020\/08\/Expo.jpg 949w\" sizes=\"(max-width: 360px) 100vw, 360px\" \/><figcaption id=\"caption-attachment-4866\" class=\"wp-caption-text\">Foto: Robert Michael\/dpa-Zentralbild\/dpa<\/figcaption><\/figure>\n<p>Dresde (Alemania), 7 ago (dpa) &#8211; M\u00e1s de 230 obras de Ernst Barlach (1870-1938), desde bocetos en l\u00e1piz hasta esculturas en tama\u00f1o real, podr\u00e1n verse hasta enero de 2021 en la ciudad germana de Dresde, donde se form\u00f3 el escultor expresionista alem\u00e1n.<\/p>\n<p>Se trata de la primera retrospectiva en d\u00e9cadas, destac\u00f3 hoy Karsten M\u00fcller, director de la Casa de Ernst Barlach en Hamburgo, una de las instituciones que hicieron posible la muestra, antes de su apertura en el Museo Albertinum de Dresde.<\/p>\n<p>La directora del Albertinum, Hilke Wagner, explic\u00f3 por su parte que la exhibici\u00f3n se celebra con motivo del 150 aniversario de uno de los escultores y dise\u00f1adores m\u00e1s destacados del siglo XX, que tambi\u00e9n fue un artista multidisciplinario.<\/p>\n<p>En el foco de la exposici\u00f3n estar\u00e1n 25 de las esculturas de madera de los fondos de Hamburgo, a las que Barlach les debe su fama como escultor.<\/p>\n<p>En el caso de una de estas piezas, representar\u00e1 el regreso a su museo de origen luego de nada menos que 83 a\u00f1os: \u00abFrierendes M\u00e4dchen\u00bb (\u00abMuchacha que se congela\u00bb) fue confiscada por los nazis de la Colecci\u00f3n de Dresde en 1937 como \u00abarte degenerado\u00bb.<\/p>\n<p>La muestra \u00abErnst Barlach en su 150 aniversario. Una retrospectiva\u00bb abrir\u00e1 ma\u00f1ana sus puertas al p\u00fablico y podr\u00e1 ser visitada hasta el 10 de enero del pr\u00f3ximo a\u00f1o en el Albertinum.<\/p>\n","protected":false},"excerpt":{"rendered":"<p>Dresde (Alemania), 7 ago (dpa) &#8211; M\u00e1s de 230 obras de Ernst Barlach (1870-1938), desde bocetos en l\u00e1piz hasta esculturas en tama\u00f1o real, podr\u00e1n verse hasta enero de 2021 en la ciudad germana de Dresde, donde se form\u00f3 el escultor expresionista alem\u00e1n. Se trata de la primera retrospectiva en d\u00e9cadas, destac\u00f3 hoy Karsten M\u00fcller, director<\/p>\n","protected":false},"author":1,"featured_media":4866,"comment_status":"closed","ping_status":"closed","sticky":false,"template":"","format":"standard","meta":{"footnotes":""},"categories":[28],"tags":[],"class_list":{"0":"post-4865","1":"post","2":"type-post","3":"status-publish","4":"format-standard","5":"has-post-thumbnail","7":"category-variedades"},"aioseo_notices":[],"aioseo_head":"\n\t\t<!-- All in One SEO Pro 4.9.6.2 - aioseo.com -->\n\t<meta name=\"description\" content=\"Dresde (Alemania), 7 ago (dpa) - M\u00e1s de 230 obras de Ernst Barlach (1870-1938), desde bocetos en l\u00e1piz hasta esculturas en tama\u00f1o real, podr\u00e1n verse hasta enero de 2021 en la ciudad germana de Dresde, donde se form\u00f3 el escultor expresionista alem\u00e1n. Se trata de la primera retrospectiva en d\u00e9cadas, destac\u00f3 hoy Karsten M\u00fcller, director\" \/>\n\t<meta name=\"robots\" content=\"max-image-preview:large\" \/>\n\t<meta name=\"author\" content=\"NBAsturias\"\/>\n\t<meta name=\"google-site-verification\" content=\"UA-38556648-1\" \/>\n\t<meta name=\"keywords\" content=\"variedades\" \/>\n\t<link rel=\"canonical\" href=\"https:\/\/eldigitaldeasturias.com\/radio\/abre-gran-retrospectiva-del-escultor-ernst-barlach-en-alemania\/\" \/>\n\t<meta name=\"generator\" content=\"All in One SEO Pro (AIOSEO) 4.9.6.2\" \/>\n\t\t<meta property=\"og:locale\" content=\"es_ES\" \/>\n\t\t<meta property=\"og:site_name\" content=\"El Digital de Asturias | Diario de informaci\u00f3n y noticias\" \/>\n\t\t<meta property=\"og:type\" content=\"article\" \/>\n\t\t<meta property=\"og:title\" content=\"Abre gran retrospectiva del escultor Ernst Barlach en Alemania | El Digital de Asturias\" \/>\n\t\t<meta property=\"og:description\" content=\"Dresde (Alemania), 7 ago (dpa) - M\u00e1s de 230 obras de Ernst Barlach (1870-1938), desde bocetos en l\u00e1piz hasta esculturas en tama\u00f1o real, podr\u00e1n verse hasta enero de 2021 en la ciudad germana de Dresde, donde se form\u00f3 el escultor expresionista alem\u00e1n. Se trata de la primera retrospectiva en d\u00e9cadas, destac\u00f3 hoy Karsten M\u00fcller, director\" \/>\n\t\t<meta property=\"og:url\" content=\"https:\/\/eldigitaldeasturias.com\/radio\/abre-gran-retrospectiva-del-escultor-ernst-barlach-en-alemania\/\" \/>\n\t\t<meta property=\"og:image\" content=\"https:\/\/eldigitaldeasturias.com\/radio\/wp-content\/uploads\/2020\/08\/Expo.jpg\" \/>\n\t\t<meta property=\"og:image:secure_url\" content=\"https:\/\/eldigitaldeasturias.com\/radio\/wp-content\/uploads\/2020\/08\/Expo.jpg\" \/>\n\t\t<meta property=\"og:image:width\" content=\"949\" \/>\n\t\t<meta property=\"og:image:height\" content=\"670\" \/>\n\t\t<meta property=\"article:published_time\" content=\"2020-08-08T23:34:41+00:00\" \/>\n\t\t<meta property=\"article:modified_time\" content=\"2020-08-08T23:34:41+00:00\" \/>\n\t\t<meta name=\"twitter:card\" content=\"summary_large_image\" \/>\n\t\t<meta name=\"twitter:site\" content=\"@bercodi\" \/>\n\t\t<meta name=\"twitter:title\" content=\"Abre gran retrospectiva del escultor Ernst Barlach en Alemania | El Digital de Asturias\" \/>\n\t\t<meta name=\"twitter:description\" content=\"Dresde (Alemania), 7 ago (dpa) - M\u00e1s de 230 obras de Ernst Barlach (1870-1938), desde bocetos en l\u00e1piz hasta esculturas en tama\u00f1o real, podr\u00e1n verse hasta enero de 2021 en la ciudad germana de Dresde, donde se form\u00f3 el escultor expresionista alem\u00e1n. Se trata de la primera retrospectiva en d\u00e9cadas, destac\u00f3 hoy Karsten M\u00fcller, director\" \/>\n\t\t<meta name=\"twitter:creator\" content=\"@bercodi\" \/>\n\t\t<meta name=\"twitter:image\" content=\"https:\/\/eldigitaldeasturias.com\/radio\/wp-content\/uploads\/2020\/08\/Expo.jpg\" \/>\n\t\t<script type=\"application\/ld+json\" class=\"aioseo-schema\">\n\t\t\t{\"@context\":\"https:\\\/\\\/schema.org\",\"@graph\":[{\"@type\":\"BreadcrumbList\",\"@id\":\"https:\\\/\\\/eldigitaldeasturias.com\\\/radio\\\/abre-gran-retrospectiva-del-escultor-ernst-barlach-en-alemania\\\/#breadcrumblist\",\"itemListElement\":[{\"@type\":\"ListItem\",\"@id\":\"https:\\\/\\\/eldigitaldeasturias.com\\\/radio#listItem\",\"position\":1,\"name\":\"Inicio\",\"item\":\"https:\\\/\\\/eldigitaldeasturias.com\\\/radio\",\"nextItem\":{\"@type\":\"ListItem\",\"@id\":\"https:\\\/\\\/eldigitaldeasturias.com\\\/radio\\\/category\\\/variedades\\\/#listItem\",\"name\":\"Variedades\"}},{\"@type\":\"ListItem\",\"@id\":\"https:\\\/\\\/eldigitaldeasturias.com\\\/radio\\\/category\\\/variedades\\\/#listItem\",\"position\":2,\"name\":\"Variedades\",\"item\":\"https:\\\/\\\/eldigitaldeasturias.com\\\/radio\\\/category\\\/variedades\\\/\",\"nextItem\":{\"@type\":\"ListItem\",\"@id\":\"https:\\\/\\\/eldigitaldeasturias.com\\\/radio\\\/abre-gran-retrospectiva-del-escultor-ernst-barlach-en-alemania\\\/#listItem\",\"name\":\"Abre gran retrospectiva del escultor Ernst Barlach en Alemania\"},\"previousItem\":{\"@type\":\"ListItem\",\"@id\":\"https:\\\/\\\/eldigitaldeasturias.com\\\/radio#listItem\",\"name\":\"Inicio\"}},{\"@type\":\"ListItem\",\"@id\":\"https:\\\/\\\/eldigitaldeasturias.com\\\/radio\\\/abre-gran-retrospectiva-del-escultor-ernst-barlach-en-alemania\\\/#listItem\",\"position\":3,\"name\":\"Abre gran retrospectiva del escultor Ernst Barlach en Alemania\",\"previousItem\":{\"@type\":\"ListItem\",\"@id\":\"https:\\\/\\\/eldigitaldeasturias.com\\\/radio\\\/category\\\/variedades\\\/#listItem\",\"name\":\"Variedades\"}}]},{\"@type\":\"NewsArticle\",\"@id\":\"https:\\\/\\\/eldigitaldeasturias.com\\\/radio\\\/abre-gran-retrospectiva-del-escultor-ernst-barlach-en-alemania\\\/#newsarticle\",\"name\":\"Abre gran retrospectiva del escultor Ernst Barlach en Alemania | El Digital de Asturias\",\"headline\":\"Abre gran retrospectiva del escultor Ernst Barlach en Alemania\",\"author\":{\"@id\":\"https:\\\/\\\/eldigitaldeasturias.com\\\/radio\\\/author\\\/nbasturias\\\/#author\"},\"publisher\":{\"@id\":\"https:\\\/\\\/eldigitaldeasturias.com\\\/radio\\\/#organization\"},\"image\":{\"@type\":\"ImageObject\",\"url\":\"https:\\\/\\\/eldigitaldeasturias.com\\\/radio\\\/wp-content\\\/uploads\\\/2020\\\/08\\\/Expo.jpg\",\"width\":949,\"height\":670,\"caption\":\"Foto: Robert Michael\\\/dpa-Zentralbild\\\/dpa\"},\"datePublished\":\"2020-08-08T23:34:41+02:00\",\"dateModified\":\"2020-08-08T23:34:41+02:00\",\"inLanguage\":\"es-ES\",\"mainEntityOfPage\":{\"@id\":\"https:\\\/\\\/eldigitaldeasturias.com\\\/radio\\\/abre-gran-retrospectiva-del-escultor-ernst-barlach-en-alemania\\\/#webpage\"},\"isPartOf\":{\"@id\":\"https:\\\/\\\/eldigitaldeasturias.com\\\/radio\\\/abre-gran-retrospectiva-del-escultor-ernst-barlach-en-alemania\\\/#webpage\"},\"articleSection\":\"Variedades\",\"dateline\":\"Publicado el agosto 8, 2020.\"},{\"@type\":\"Organization\",\"@id\":\"https:\\\/\\\/eldigitaldeasturias.com\\\/radio\\\/#organization\",\"name\":\"El digital de Asturias Radio\",\"description\":\"Diario de informaci\\u00f3n y noticias\",\"url\":\"https:\\\/\\\/eldigitaldeasturias.com\\\/radio\\\/\",\"telephone\":\"+34652131393\",\"logo\":{\"@type\":\"ImageObject\",\"url\":\"https:\\\/\\\/www.eldigitaldeasturias.com\\\/radio\\\/wp-content\\\/uploads\\\/2021\\\/03\\\/EDA.jpg\",\"@id\":\"https:\\\/\\\/eldigitaldeasturias.com\\\/radio\\\/abre-gran-retrospectiva-del-escultor-ernst-barlach-en-alemania\\\/#organizationLogo\"},\"image\":{\"@id\":\"https:\\\/\\\/eldigitaldeasturias.com\\\/radio\\\/abre-gran-retrospectiva-del-escultor-ernst-barlach-en-alemania\\\/#organizationLogo\"},\"sameAs\":[\"https:\\\/\\\/www.facebook.com\\\/\",\"https:\\\/\\\/x.com\\\/bercodi\",\"https:\\\/\\\/www.instagram.com\\\/\",\"https:\\\/\\\/www.youtube.com\\\/channel\\\/UCZP-2wLEB9Rv6erhFmqVnvg\"]},{\"@type\":\"Person\",\"@id\":\"https:\\\/\\\/eldigitaldeasturias.com\\\/radio\\\/author\\\/nbasturias\\\/#author\",\"url\":\"https:\\\/\\\/eldigitaldeasturias.com\\\/radio\\\/author\\\/nbasturias\\\/\",\"name\":\"NBAsturias\",\"image\":{\"@type\":\"ImageObject\",\"@id\":\"https:\\\/\\\/eldigitaldeasturias.com\\\/radio\\\/abre-gran-retrospectiva-del-escultor-ernst-barlach-en-alemania\\\/#authorImage\",\"url\":\"https:\\\/\\\/secure.gravatar.com\\\/avatar\\\/df2aeffc32bcd13f8d26072ef8a91b623d677766deac7f97ca815868cd41bf5e?s=96&d=mm&r=g\",\"width\":96,\"height\":96,\"caption\":\"NBAsturias\"}},{\"@type\":\"WebPage\",\"@id\":\"https:\\\/\\\/eldigitaldeasturias.com\\\/radio\\\/abre-gran-retrospectiva-del-escultor-ernst-barlach-en-alemania\\\/#webpage\",\"url\":\"https:\\\/\\\/eldigitaldeasturias.com\\\/radio\\\/abre-gran-retrospectiva-del-escultor-ernst-barlach-en-alemania\\\/\",\"name\":\"Abre gran retrospectiva del escultor Ernst Barlach en Alemania | El Digital de Asturias\",\"description\":\"Dresde (Alemania), 7 ago (dpa) - M\\u00e1s de 230 obras de Ernst Barlach (1870-1938), desde bocetos en l\\u00e1piz hasta esculturas en tama\\u00f1o real, podr\\u00e1n verse hasta enero de 2021 en la ciudad germana de Dresde, donde se form\\u00f3 el escultor expresionista alem\\u00e1n. Se trata de la primera retrospectiva en d\\u00e9cadas, destac\\u00f3 hoy Karsten M\\u00fcller, director\",\"inLanguage\":\"es-ES\",\"isPartOf\":{\"@id\":\"https:\\\/\\\/eldigitaldeasturias.com\\\/radio\\\/#website\"},\"breadcrumb\":{\"@id\":\"https:\\\/\\\/eldigitaldeasturias.com\\\/radio\\\/abre-gran-retrospectiva-del-escultor-ernst-barlach-en-alemania\\\/#breadcrumblist\"},\"author\":{\"@id\":\"https:\\\/\\\/eldigitaldeasturias.com\\\/radio\\\/author\\\/nbasturias\\\/#author\"},\"creator\":{\"@id\":\"https:\\\/\\\/eldigitaldeasturias.com\\\/radio\\\/author\\\/nbasturias\\\/#author\"},\"image\":{\"@type\":\"ImageObject\",\"url\":\"https:\\\/\\\/eldigitaldeasturias.com\\\/radio\\\/wp-content\\\/uploads\\\/2020\\\/08\\\/Expo.jpg\",\"@id\":\"https:\\\/\\\/eldigitaldeasturias.com\\\/radio\\\/abre-gran-retrospectiva-del-escultor-ernst-barlach-en-alemania\\\/#mainImage\",\"width\":949,\"height\":670,\"caption\":\"Foto: Robert Michael\\\/dpa-Zentralbild\\\/dpa\"},\"primaryImageOfPage\":{\"@id\":\"https:\\\/\\\/eldigitaldeasturias.com\\\/radio\\\/abre-gran-retrospectiva-del-escultor-ernst-barlach-en-alemania\\\/#mainImage\"},\"datePublished\":\"2020-08-08T23:34:41+02:00\",\"dateModified\":\"2020-08-08T23:34:41+02:00\"},{\"@type\":\"WebSite\",\"@id\":\"https:\\\/\\\/eldigitaldeasturias.com\\\/radio\\\/#website\",\"url\":\"https:\\\/\\\/eldigitaldeasturias.com\\\/radio\\\/\",\"name\":\"El Digital de Asturias\",\"description\":\"Diario de informaci\\u00f3n y noticias\",\"inLanguage\":\"es-ES\",\"publisher\":{\"@id\":\"https:\\\/\\\/eldigitaldeasturias.com\\\/radio\\\/#organization\"}}]}\n\t\t<\/script>\n\t\t<!-- All in One SEO Pro -->\r\n\t\t<title>Abre gran retrospectiva del escultor Ernst Barlach en Alemania | El Digital de Asturias<\/title>\n\n","aioseo_head_json":{"title":"Abre gran retrospectiva del escultor Ernst Barlach en Alemania | El Digital de Asturias","description":"Dresde (Alemania), 7 ago (dpa) - M\u00e1s de 230 obras de Ernst Barlach (1870-1938), desde bocetos en l\u00e1piz hasta esculturas en tama\u00f1o real, podr\u00e1n verse hasta enero de 2021 en la ciudad germana de Dresde, donde se form\u00f3 el escultor expresionista alem\u00e1n. Se trata de la primera retrospectiva en d\u00e9cadas, destac\u00f3 hoy Karsten M\u00fcller, director","canonical_url":"https:\/\/eldigitaldeasturias.com\/radio\/abre-gran-retrospectiva-del-escultor-ernst-barlach-en-alemania\/","robots":"max-image-preview:large","keywords":"variedades","webmasterTools":{"google-site-verification":"UA-38556648-1","miscellaneous":""},"schema":{"@context":"https:\/\/schema.org","@graph":[{"@type":"BreadcrumbList","@id":"https:\/\/eldigitaldeasturias.com\/radio\/abre-gran-retrospectiva-del-escultor-ernst-barlach-en-alemania\/#breadcrumblist","itemListElement":[{"@type":"ListItem","@id":"https:\/\/eldigitaldeasturias.com\/radio#listItem","position":1,"name":"Inicio","item":"https:\/\/eldigitaldeasturias.com\/radio","nextItem":{"@type":"ListItem","@id":"https:\/\/eldigitaldeasturias.com\/radio\/category\/variedades\/#listItem","name":"Variedades"}},{"@type":"ListItem","@id":"https:\/\/eldigitaldeasturias.com\/radio\/category\/variedades\/#listItem","position":2,"name":"Variedades","item":"https:\/\/eldigitaldeasturias.com\/radio\/category\/variedades\/","nextItem":{"@type":"ListItem","@id":"https:\/\/eldigitaldeasturias.com\/radio\/abre-gran-retrospectiva-del-escultor-ernst-barlach-en-alemania\/#listItem","name":"Abre gran retrospectiva del escultor Ernst Barlach en Alemania"},"previousItem":{"@type":"ListItem","@id":"https:\/\/eldigitaldeasturias.com\/radio#listItem","name":"Inicio"}},{"@type":"ListItem","@id":"https:\/\/eldigitaldeasturias.com\/radio\/abre-gran-retrospectiva-del-escultor-ernst-barlach-en-alemania\/#listItem","position":3,"name":"Abre gran retrospectiva del escultor Ernst Barlach en Alemania","previousItem":{"@type":"ListItem","@id":"https:\/\/eldigitaldeasturias.com\/radio\/category\/variedades\/#listItem","name":"Variedades"}}]},{"@type":"NewsArticle","@id":"https:\/\/eldigitaldeasturias.com\/radio\/abre-gran-retrospectiva-del-escultor-ernst-barlach-en-alemania\/#newsarticle","name":"Abre gran retrospectiva del escultor Ernst Barlach en Alemania | El Digital de Asturias","headline":"Abre gran retrospectiva del escultor Ernst Barlach en Alemania","author":{"@id":"https:\/\/eldigitaldeasturias.com\/radio\/author\/nbasturias\/#author"},"publisher":{"@id":"https:\/\/eldigitaldeasturias.com\/radio\/#organization"},"image":{"@type":"ImageObject","url":"https:\/\/eldigitaldeasturias.com\/radio\/wp-content\/uploads\/2020\/08\/Expo.jpg","width":949,"height":670,"caption":"Foto: Robert Michael\/dpa-Zentralbild\/dpa"},"datePublished":"2020-08-08T23:34:41+02:00","dateModified":"2020-08-08T23:34:41+02:00","inLanguage":"es-ES","mainEntityOfPage":{"@id":"https:\/\/eldigitaldeasturias.com\/radio\/abre-gran-retrospectiva-del-escultor-ernst-barlach-en-alemania\/#webpage"},"isPartOf":{"@id":"https:\/\/eldigitaldeasturias.com\/radio\/abre-gran-retrospectiva-del-escultor-ernst-barlach-en-alemania\/#webpage"},"articleSection":"Variedades","dateline":"Publicado el agosto 8, 2020."},{"@type":"Organization","@id":"https:\/\/eldigitaldeasturias.com\/radio\/#organization","name":"El digital de Asturias Radio","description":"Diario de informaci\u00f3n y noticias","url":"https:\/\/eldigitaldeasturias.com\/radio\/","telephone":"+34652131393","logo":{"@type":"ImageObject","url":"https:\/\/www.eldigitaldeasturias.com\/radio\/wp-content\/uploads\/2021\/03\/EDA.jpg","@id":"https:\/\/eldigitaldeasturias.com\/radio\/abre-gran-retrospectiva-del-escultor-ernst-barlach-en-alemania\/#organizationLogo"},"image":{"@id":"https:\/\/eldigitaldeasturias.com\/radio\/abre-gran-retrospectiva-del-escultor-ernst-barlach-en-alemania\/#organizationLogo"},"sameAs":["https:\/\/www.facebook.com\/","https:\/\/x.com\/bercodi","https:\/\/www.instagram.com\/","https:\/\/www.youtube.com\/channel\/UCZP-2wLEB9Rv6erhFmqVnvg"]},{"@type":"Person","@id":"https:\/\/eldigitaldeasturias.com\/radio\/author\/nbasturias\/#author","url":"https:\/\/eldigitaldeasturias.com\/radio\/author\/nbasturias\/","name":"NBAsturias","image":{"@type":"ImageObject","@id":"https:\/\/eldigitaldeasturias.com\/radio\/abre-gran-retrospectiva-del-escultor-ernst-barlach-en-alemania\/#authorImage","url":"https:\/\/secure.gravatar.com\/avatar\/df2aeffc32bcd13f8d26072ef8a91b623d677766deac7f97ca815868cd41bf5e?s=96&d=mm&r=g","width":96,"height":96,"caption":"NBAsturias"}},{"@type":"WebPage","@id":"https:\/\/eldigitaldeasturias.com\/radio\/abre-gran-retrospectiva-del-escultor-ernst-barlach-en-alemania\/#webpage","url":"https:\/\/eldigitaldeasturias.com\/radio\/abre-gran-retrospectiva-del-escultor-ernst-barlach-en-alemania\/","name":"Abre gran retrospectiva del escultor Ernst Barlach en Alemania | El Digital de Asturias","description":"Dresde (Alemania), 7 ago (dpa) - M\u00e1s de 230 obras de Ernst Barlach (1870-1938), desde bocetos en l\u00e1piz hasta esculturas en tama\u00f1o real, podr\u00e1n verse hasta enero de 2021 en la ciudad germana de Dresde, donde se form\u00f3 el escultor expresionista alem\u00e1n. Se trata de la primera retrospectiva en d\u00e9cadas, destac\u00f3 hoy Karsten M\u00fcller, director","inLanguage":"es-ES","isPartOf":{"@id":"https:\/\/eldigitaldeasturias.com\/radio\/#website"},"breadcrumb":{"@id":"https:\/\/eldigitaldeasturias.com\/radio\/abre-gran-retrospectiva-del-escultor-ernst-barlach-en-alemania\/#breadcrumblist"},"author":{"@id":"https:\/\/eldigitaldeasturias.com\/radio\/author\/nbasturias\/#author"},"creator":{"@id":"https:\/\/eldigitaldeasturias.com\/radio\/author\/nbasturias\/#author"},"image":{"@type":"ImageObject","url":"https:\/\/eldigitaldeasturias.com\/radio\/wp-content\/uploads\/2020\/08\/Expo.jpg","@id":"https:\/\/eldigitaldeasturias.com\/radio\/abre-gran-retrospectiva-del-escultor-ernst-barlach-en-alemania\/#mainImage","width":949,"height":670,"caption":"Foto: Robert Michael\/dpa-Zentralbild\/dpa"},"primaryImageOfPage":{"@id":"https:\/\/eldigitaldeasturias.com\/radio\/abre-gran-retrospectiva-del-escultor-ernst-barlach-en-alemania\/#mainImage"},"datePublished":"2020-08-08T23:34:41+02:00","dateModified":"2020-08-08T23:34:41+02:00"},{"@type":"WebSite","@id":"https:\/\/eldigitaldeasturias.com\/radio\/#website","url":"https:\/\/eldigitaldeasturias.com\/radio\/","name":"El Digital de Asturias","description":"Diario de informaci\u00f3n y noticias","inLanguage":"es-ES","publisher":{"@id":"https:\/\/eldigitaldeasturias.com\/radio\/#organization"}}]},"og:locale":"es_ES","og:site_name":"El Digital de Asturias | Diario de informaci\u00f3n y noticias","og:type":"article","og:title":"Abre gran retrospectiva del escultor Ernst Barlach en Alemania | El Digital de Asturias","og:description":"Dresde (Alemania), 7 ago (dpa) - M\u00e1s de 230 obras de Ernst Barlach (1870-1938), desde bocetos en l\u00e1piz hasta esculturas en tama\u00f1o real, podr\u00e1n verse hasta enero de 2021 en la ciudad germana de Dresde, donde se form\u00f3 el escultor expresionista alem\u00e1n. Se trata de la primera retrospectiva en d\u00e9cadas, destac\u00f3 hoy Karsten M\u00fcller, director","og:url":"https:\/\/eldigitaldeasturias.com\/radio\/abre-gran-retrospectiva-del-escultor-ernst-barlach-en-alemania\/","og:image":"https:\/\/eldigitaldeasturias.com\/radio\/wp-content\/uploads\/2020\/08\/Expo.jpg","og:image:secure_url":"https:\/\/eldigitaldeasturias.com\/radio\/wp-content\/uploads\/2020\/08\/Expo.jpg","og:image:width":949,"og:image:height":670,"article:published_time":"2020-08-08T23:34:41+00:00","article:modified_time":"2020-08-08T23:34:41+00:00","twitter:card":"summary_large_image","twitter:site":"@bercodi","twitter:title":"Abre gran retrospectiva del escultor Ernst Barlach en Alemania | El Digital de Asturias","twitter:description":"Dresde (Alemania), 7 ago (dpa) - M\u00e1s de 230 obras de Ernst Barlach (1870-1938), desde bocetos en l\u00e1piz hasta esculturas en tama\u00f1o real, podr\u00e1n verse hasta enero de 2021 en la ciudad germana de Dresde, donde se form\u00f3 el escultor expresionista alem\u00e1n. Se trata de la primera retrospectiva en d\u00e9cadas, destac\u00f3 hoy Karsten M\u00fcller, director","twitter:creator":"@bercodi","twitter:image":"https:\/\/eldigitaldeasturias.com\/radio\/wp-content\/uploads\/2020\/08\/Expo.jpg"},"aioseo_meta_data":{"post_id":"4865","title":null,"description":"","keywords":"","keyphrases":null,"primary_term":null,"canonical_url":"","og_title":null,"og_description":null,"og_object_type":"default","og_image_type":"default","og_image_url":null,"og_image_width":null,"og_image_height":null,"og_image_custom_url":null,"og_image_custom_fields":null,"og_video":null,"og_custom_url":null,"og_article_section":null,"og_article_tags":null,"twitter_use_og":false,"twitter_card":"default","twitter_image_type":"default","twitter_image_url":null,"twitter_image_custom_url":null,"twitter_image_custom_fields":null,"twitter_title":null,"twitter_description":null,"schema":{"blockGraphs":[],"customGraphs":[],"default":{"data":{"Article":[],"Course":[],"Dataset":[],"FAQPage":[],"Movie":[],"Person":[],"Product":[],"ProductReview":[],"Car":[],"Recipe":[],"Service":[],"SoftwareApplication":[],"WebPage":[]},"graphName":"","isEnabled":true},"graphs":[],"defaultGraph":"","defaultPostTypeGraph":""},"schema_type":null,"schema_type_options":null,"pillar_content":false,"robots_default":true,"robots_noindex":false,"robots_noarchive":false,"robots_nosnippet":false,"robots_nofollow":false,"robots_noimageindex":false,"robots_noodp":false,"robots_notranslate":false,"robots_max_snippet":null,"robots_max_videopreview":null,"robots_max_imagepreview":"large","priority":null,"frequency":null,"location":null,"local_seo":null,"seo_analyzer_scan_date":"2025-08-28 16:49:26","breadcrumb_settings":null,"limit_modified_date":false,"open_ai":null,"ai":null,"created":"2021-03-25 20:15:56","updated":"2025-08-28 16:49:26"},"aioseo_breadcrumb":"<div class=\"aioseo-breadcrumbs\"><span class=\"aioseo-breadcrumb\">\n\t<a href=\"https:\/\/eldigitaldeasturias.com\/radio\" title=\"Inicio\">Inicio<\/a>\n<\/span><span class=\"aioseo-breadcrumb-separator\">&ndash;<\/span><span class=\"aioseo-breadcrumb\">\n\t<a href=\"https:\/\/eldigitaldeasturias.com\/radio\/category\/variedades\/\" title=\"Variedades\">Variedades<\/a>\n<\/span><span class=\"aioseo-breadcrumb-separator\">&ndash;<\/span><span class=\"aioseo-breadcrumb\">\n\tAbre gran retrospectiva del escultor Ernst Barlach en Alemania\n<\/span><\/div>","aioseo_breadcrumb_json":[{"label":"Inicio","link":"https:\/\/eldigitaldeasturias.com\/radio"},{"label":"Variedades","link":"https:\/\/eldigitaldeasturias.com\/radio\/category\/variedades\/"},{"label":"Abre gran retrospectiva del escultor Ernst Barlach en Alemania","link":"https:\/\/eldigitaldeasturias.com\/radio\/abre-gran-retrospectiva-del-escultor-ernst-barlach-en-alemania\/"}],"_links":{"self":[{"href":"https:\/\/eldigitaldeasturias.com\/radio\/wp-json\/wp\/v2\/posts\/4865","targetHints":{"allow":["GET"]}}],"collection":[{"href":"https:\/\/eldigitaldeasturias.com\/radio\/wp-json\/wp\/v2\/posts"}],"about":[{"href":"https:\/\/eldigitaldeasturias.com\/radio\/wp-json\/wp\/v2\/types\/post"}],"author":[{"embeddable":true,"href":"https:\/\/eldigitaldeasturias.com\/radio\/wp-json\/wp\/v2\/users\/1"}],"replies":[{"embeddable":true,"href":"https:\/\/eldigitaldeasturias.com\/radio\/wp-json\/wp\/v2\/comments?post=4865"}],"version-history":[{"count":0,"href":"https:\/\/eldigitaldeasturias.com\/radio\/wp-json\/wp\/v2\/posts\/4865\/revisions"}],"wp:featuredmedia":[{"embeddable":true,"href":"https:\/\/eldigitaldeasturias.com\/radio\/wp-json\/wp\/v2\/media\/4866"}],"wp:attachment":[{"href":"https:\/\/eldigitaldeasturias.com\/radio\/wp-json\/wp\/v2\/media?parent=4865"}],"wp:term":[{"taxonomy":"category","embeddable":true,"href":"https:\/\/eldigitaldeasturias.com\/radio\/wp-json\/wp\/v2\/categories?post=4865"},{"taxonomy":"post_tag","embeddable":true,"href":"https:\/\/eldigitaldeasturias.com\/radio\/wp-json\/wp\/v2\/tags?post=4865"}],"curies":[{"name":"wp","href":"https:\/\/api.w.org\/{rel}","templated":true}]}}