{"id":4863,"date":"2020-08-08T23:32:32","date_gmt":"2020-08-08T23:32:32","guid":{"rendered":"http:\/\/www.eldigitaldeasturias.com\/radio\/?p=4863"},"modified":"2020-08-08T23:32:32","modified_gmt":"2020-08-08T23:32:32","slug":"alemania-relaja-restricciones-de-ingreso-para-parejas-no-formalizadas","status":"publish","type":"post","link":"https:\/\/eldigitaldeasturias.com\/radio\/alemania-relaja-restricciones-de-ingreso-para-parejas-no-formalizadas\/","title":{"rendered":"Alemania relaja restricciones de ingreso para parejas no formalizadas"},"content":{"rendered":"<p><img fetchpriority=\"high\" decoding=\"async\" class=\"alignleft size-medium wp-image-2992\" src=\"http:\/\/www.eldigitaldeasturias.com\/radio\/wp-content\/uploads\/2019\/08\/pedestrians-400811_960_720-360x238.jpg\" alt=\"\" width=\"360\" height=\"238\" srcset=\"https:\/\/eldigitaldeasturias.com\/radio\/wp-content\/uploads\/2019\/08\/pedestrians-400811_960_720-360x238.jpg 360w, https:\/\/eldigitaldeasturias.com\/radio\/wp-content\/uploads\/2019\/08\/pedestrians-400811_960_720-768x508.jpg 768w, https:\/\/eldigitaldeasturias.com\/radio\/wp-content\/uploads\/2019\/08\/pedestrians-400811_960_720.jpg 960w\" sizes=\"(max-width: 360px) 100vw, 360px\" \/>Berl\u00edn, 7 ago (dpa) &#8211; El Gobierno alem\u00e1n levanta las restricciones de viaje para parejas no formalizadas, inform\u00f3 hoy el Ministerio del Interior en Berl\u00edn.<\/p>\n<p>A partir de la semana pr\u00f3xima podr\u00e1n ingresar a Alemania tambi\u00e9n los integrantes de parejas no casadas de pa\u00edses que no son miembros de la Uni\u00f3n Europea.<\/p>\n<p>El ministro germano del Interior, Horst Seehofer, estaba desde hace un tiempo bajo presi\u00f3n porque las personas afectadas estaban reclamando un levantamiento de las limitaciones de viaje para poder reunirse con sus parejas.<\/p>\n<p>Muchas de ellas no pudieron verse en persona desde hace meses debido a las restricciones para frenar la pandemia de coronavirus.<\/p>\n<p>Por su parte, el ministro alem\u00e1n de Relaciones Exteriores, Heiko Maas, hab\u00eda instado hace unos d\u00edas a buscar soluciones nacionales para parejas no casadas, al margen de la b\u00fasqueda de una soluci\u00f3n com\u00fan para este asunto en el plano europeo.<\/p>\n<p>Sin embargo, el Ministerio del Interior aclar\u00f3 que un requisito previo para acogerse a la flexibilizaci\u00f3n anunciada es presentar una prueba de que se trata de personas que est\u00e1n unidas desde largo tiempo.<\/p>\n<p>Esto debe certificarse, por ejemplo, con una constancia de residencia conjunta previa en el extranjero o un comprobante de que hubo un encuentro personal previo en Alemania.<\/p>\n","protected":false},"excerpt":{"rendered":"<p>Berl\u00edn, 7 ago (dpa) &#8211; El Gobierno alem\u00e1n levanta las restricciones de viaje para parejas no formalizadas, inform\u00f3 hoy el Ministerio del Interior en Berl\u00edn. A partir de la semana pr\u00f3xima podr\u00e1n ingresar a Alemania tambi\u00e9n los integrantes de parejas no casadas de pa\u00edses que no son miembros de la Uni\u00f3n Europea. El ministro germano<\/p>\n","protected":false},"author":1,"featured_media":2992,"comment_status":"closed","ping_status":"closed","sticky":false,"template":"","format":"standard","meta":{"footnotes":""},"categories":[1],"tags":[],"class_list":{"0":"post-4863","1":"post","2":"type-post","3":"status-publish","4":"format-standard","5":"has-post-thumbnail","7":"category-noticias"},"aioseo_notices":[],"aioseo_head":"\n\t\t<!-- All in One SEO Pro 4.9.6.2 - aioseo.com -->\n\t<meta name=\"description\" content=\"Berl\u00edn, 7 ago (dpa) - El Gobierno alem\u00e1n levanta las restricciones de viaje para parejas no formalizadas, inform\u00f3 hoy el Ministerio del Interior en Berl\u00edn. A partir de la semana pr\u00f3xima podr\u00e1n ingresar a Alemania tambi\u00e9n los integrantes de parejas no casadas de pa\u00edses que no son miembros de la Uni\u00f3n Europea. El ministro germano\" \/>\n\t<meta name=\"robots\" content=\"max-image-preview:large\" \/>\n\t<meta name=\"author\" content=\"NBAsturias\"\/>\n\t<meta name=\"google-site-verification\" content=\"UA-38556648-1\" \/>\n\t<meta name=\"keywords\" content=\"noticias\" \/>\n\t<link rel=\"canonical\" href=\"https:\/\/eldigitaldeasturias.com\/radio\/alemania-relaja-restricciones-de-ingreso-para-parejas-no-formalizadas\/\" \/>\n\t<meta name=\"generator\" content=\"All in One SEO Pro (AIOSEO) 4.9.6.2\" \/>\n\t\t<meta property=\"og:locale\" content=\"es_ES\" \/>\n\t\t<meta property=\"og:site_name\" content=\"El Digital de Asturias | Diario de informaci\u00f3n y noticias\" \/>\n\t\t<meta property=\"og:type\" content=\"article\" \/>\n\t\t<meta property=\"og:title\" content=\"Alemania relaja restricciones de ingreso para parejas no formalizadas | El Digital de Asturias\" \/>\n\t\t<meta property=\"og:description\" content=\"Berl\u00edn, 7 ago (dpa) - El Gobierno alem\u00e1n levanta las restricciones de viaje para parejas no formalizadas, inform\u00f3 hoy el Ministerio del Interior en Berl\u00edn. A partir de la semana pr\u00f3xima podr\u00e1n ingresar a Alemania tambi\u00e9n los integrantes de parejas no casadas de pa\u00edses que no son miembros de la Uni\u00f3n Europea. El ministro germano\" \/>\n\t\t<meta property=\"og:url\" content=\"https:\/\/eldigitaldeasturias.com\/radio\/alemania-relaja-restricciones-de-ingreso-para-parejas-no-formalizadas\/\" \/>\n\t\t<meta property=\"og:image\" content=\"https:\/\/eldigitaldeasturias.com\/radio\/wp-content\/uploads\/2019\/08\/pedestrians-400811_960_720.jpg\" \/>\n\t\t<meta property=\"og:image:secure_url\" content=\"https:\/\/eldigitaldeasturias.com\/radio\/wp-content\/uploads\/2019\/08\/pedestrians-400811_960_720.jpg\" \/>\n\t\t<meta property=\"og:image:width\" content=\"960\" \/>\n\t\t<meta property=\"og:image:height\" content=\"635\" \/>\n\t\t<meta property=\"article:published_time\" content=\"2020-08-08T23:32:32+00:00\" \/>\n\t\t<meta property=\"article:modified_time\" content=\"2020-08-08T23:32:32+00:00\" \/>\n\t\t<meta name=\"twitter:card\" content=\"summary_large_image\" \/>\n\t\t<meta name=\"twitter:site\" content=\"@bercodi\" \/>\n\t\t<meta name=\"twitter:title\" content=\"Alemania relaja restricciones de ingreso para parejas no formalizadas | El Digital de Asturias\" \/>\n\t\t<meta name=\"twitter:description\" content=\"Berl\u00edn, 7 ago (dpa) - El Gobierno alem\u00e1n levanta las restricciones de viaje para parejas no formalizadas, inform\u00f3 hoy el Ministerio del Interior en Berl\u00edn. A partir de la semana pr\u00f3xima podr\u00e1n ingresar a Alemania tambi\u00e9n los integrantes de parejas no casadas de pa\u00edses que no son miembros de la Uni\u00f3n Europea. El ministro germano\" \/>\n\t\t<meta name=\"twitter:creator\" content=\"@bercodi\" \/>\n\t\t<meta name=\"twitter:image\" content=\"https:\/\/eldigitaldeasturias.com\/radio\/wp-content\/uploads\/2019\/08\/pedestrians-400811_960_720.jpg\" \/>\n\t\t<script type=\"application\/ld+json\" class=\"aioseo-schema\">\n\t\t\t{\"@context\":\"https:\\\/\\\/schema.org\",\"@graph\":[{\"@type\":\"BreadcrumbList\",\"@id\":\"https:\\\/\\\/eldigitaldeasturias.com\\\/radio\\\/alemania-relaja-restricciones-de-ingreso-para-parejas-no-formalizadas\\\/#breadcrumblist\",\"itemListElement\":[{\"@type\":\"ListItem\",\"@id\":\"https:\\\/\\\/eldigitaldeasturias.com\\\/radio#listItem\",\"position\":1,\"name\":\"Inicio\",\"item\":\"https:\\\/\\\/eldigitaldeasturias.com\\\/radio\",\"nextItem\":{\"@type\":\"ListItem\",\"@id\":\"https:\\\/\\\/eldigitaldeasturias.com\\\/radio\\\/category\\\/noticias\\\/#listItem\",\"name\":\"Noticias\"}},{\"@type\":\"ListItem\",\"@id\":\"https:\\\/\\\/eldigitaldeasturias.com\\\/radio\\\/category\\\/noticias\\\/#listItem\",\"position\":2,\"name\":\"Noticias\",\"item\":\"https:\\\/\\\/eldigitaldeasturias.com\\\/radio\\\/category\\\/noticias\\\/\",\"nextItem\":{\"@type\":\"ListItem\",\"@id\":\"https:\\\/\\\/eldigitaldeasturias.com\\\/radio\\\/alemania-relaja-restricciones-de-ingreso-para-parejas-no-formalizadas\\\/#listItem\",\"name\":\"Alemania relaja restricciones de ingreso para parejas no formalizadas\"},\"previousItem\":{\"@type\":\"ListItem\",\"@id\":\"https:\\\/\\\/eldigitaldeasturias.com\\\/radio#listItem\",\"name\":\"Inicio\"}},{\"@type\":\"ListItem\",\"@id\":\"https:\\\/\\\/eldigitaldeasturias.com\\\/radio\\\/alemania-relaja-restricciones-de-ingreso-para-parejas-no-formalizadas\\\/#listItem\",\"position\":3,\"name\":\"Alemania relaja restricciones de ingreso para parejas no formalizadas\",\"previousItem\":{\"@type\":\"ListItem\",\"@id\":\"https:\\\/\\\/eldigitaldeasturias.com\\\/radio\\\/category\\\/noticias\\\/#listItem\",\"name\":\"Noticias\"}}]},{\"@type\":\"NewsArticle\",\"@id\":\"https:\\\/\\\/eldigitaldeasturias.com\\\/radio\\\/alemania-relaja-restricciones-de-ingreso-para-parejas-no-formalizadas\\\/#newsarticle\",\"name\":\"Alemania relaja restricciones de ingreso para parejas no formalizadas | El Digital de Asturias\",\"headline\":\"Alemania relaja restricciones de ingreso para parejas no formalizadas\",\"author\":{\"@id\":\"https:\\\/\\\/eldigitaldeasturias.com\\\/radio\\\/author\\\/nbasturias\\\/#author\"},\"publisher\":{\"@id\":\"https:\\\/\\\/eldigitaldeasturias.com\\\/radio\\\/#organization\"},\"image\":{\"@type\":\"ImageObject\",\"url\":\"https:\\\/\\\/eldigitaldeasturias.com\\\/radio\\\/wp-content\\\/uploads\\\/2019\\\/08\\\/pedestrians-400811_960_720.jpg\",\"width\":960,\"height\":635},\"datePublished\":\"2020-08-08T23:32:32+02:00\",\"dateModified\":\"2020-08-08T23:32:32+02:00\",\"inLanguage\":\"es-ES\",\"mainEntityOfPage\":{\"@id\":\"https:\\\/\\\/eldigitaldeasturias.com\\\/radio\\\/alemania-relaja-restricciones-de-ingreso-para-parejas-no-formalizadas\\\/#webpage\"},\"isPartOf\":{\"@id\":\"https:\\\/\\\/eldigitaldeasturias.com\\\/radio\\\/alemania-relaja-restricciones-de-ingreso-para-parejas-no-formalizadas\\\/#webpage\"},\"articleSection\":\"Noticias\",\"dateline\":\"Publicado el agosto 8, 2020.\"},{\"@type\":\"Organization\",\"@id\":\"https:\\\/\\\/eldigitaldeasturias.com\\\/radio\\\/#organization\",\"name\":\"El digital de Asturias Radio\",\"description\":\"Diario de informaci\\u00f3n y noticias\",\"url\":\"https:\\\/\\\/eldigitaldeasturias.com\\\/radio\\\/\",\"telephone\":\"+34652131393\",\"logo\":{\"@type\":\"ImageObject\",\"url\":\"https:\\\/\\\/www.eldigitaldeasturias.com\\\/radio\\\/wp-content\\\/uploads\\\/2021\\\/03\\\/EDA.jpg\",\"@id\":\"https:\\\/\\\/eldigitaldeasturias.com\\\/radio\\\/alemania-relaja-restricciones-de-ingreso-para-parejas-no-formalizadas\\\/#organizationLogo\"},\"image\":{\"@id\":\"https:\\\/\\\/eldigitaldeasturias.com\\\/radio\\\/alemania-relaja-restricciones-de-ingreso-para-parejas-no-formalizadas\\\/#organizationLogo\"},\"sameAs\":[\"https:\\\/\\\/www.facebook.com\\\/\",\"https:\\\/\\\/x.com\\\/bercodi\",\"https:\\\/\\\/www.instagram.com\\\/\",\"https:\\\/\\\/www.youtube.com\\\/channel\\\/UCZP-2wLEB9Rv6erhFmqVnvg\"]},{\"@type\":\"Person\",\"@id\":\"https:\\\/\\\/eldigitaldeasturias.com\\\/radio\\\/author\\\/nbasturias\\\/#author\",\"url\":\"https:\\\/\\\/eldigitaldeasturias.com\\\/radio\\\/author\\\/nbasturias\\\/\",\"name\":\"NBAsturias\",\"image\":{\"@type\":\"ImageObject\",\"@id\":\"https:\\\/\\\/eldigitaldeasturias.com\\\/radio\\\/alemania-relaja-restricciones-de-ingreso-para-parejas-no-formalizadas\\\/#authorImage\",\"url\":\"https:\\\/\\\/secure.gravatar.com\\\/avatar\\\/df2aeffc32bcd13f8d26072ef8a91b623d677766deac7f97ca815868cd41bf5e?s=96&d=mm&r=g\",\"width\":96,\"height\":96,\"caption\":\"NBAsturias\"}},{\"@type\":\"WebPage\",\"@id\":\"https:\\\/\\\/eldigitaldeasturias.com\\\/radio\\\/alemania-relaja-restricciones-de-ingreso-para-parejas-no-formalizadas\\\/#webpage\",\"url\":\"https:\\\/\\\/eldigitaldeasturias.com\\\/radio\\\/alemania-relaja-restricciones-de-ingreso-para-parejas-no-formalizadas\\\/\",\"name\":\"Alemania relaja restricciones de ingreso para parejas no formalizadas | El Digital de Asturias\",\"description\":\"Berl\\u00edn, 7 ago (dpa) - El Gobierno alem\\u00e1n levanta las restricciones de viaje para parejas no formalizadas, inform\\u00f3 hoy el Ministerio del Interior en Berl\\u00edn. A partir de la semana pr\\u00f3xima podr\\u00e1n ingresar a Alemania tambi\\u00e9n los integrantes de parejas no casadas de pa\\u00edses que no son miembros de la Uni\\u00f3n Europea. El ministro germano\",\"inLanguage\":\"es-ES\",\"isPartOf\":{\"@id\":\"https:\\\/\\\/eldigitaldeasturias.com\\\/radio\\\/#website\"},\"breadcrumb\":{\"@id\":\"https:\\\/\\\/eldigitaldeasturias.com\\\/radio\\\/alemania-relaja-restricciones-de-ingreso-para-parejas-no-formalizadas\\\/#breadcrumblist\"},\"author\":{\"@id\":\"https:\\\/\\\/eldigitaldeasturias.com\\\/radio\\\/author\\\/nbasturias\\\/#author\"},\"creator\":{\"@id\":\"https:\\\/\\\/eldigitaldeasturias.com\\\/radio\\\/author\\\/nbasturias\\\/#author\"},\"image\":{\"@type\":\"ImageObject\",\"url\":\"https:\\\/\\\/eldigitaldeasturias.com\\\/radio\\\/wp-content\\\/uploads\\\/2019\\\/08\\\/pedestrians-400811_960_720.jpg\",\"@id\":\"https:\\\/\\\/eldigitaldeasturias.com\\\/radio\\\/alemania-relaja-restricciones-de-ingreso-para-parejas-no-formalizadas\\\/#mainImage\",\"width\":960,\"height\":635},\"primaryImageOfPage\":{\"@id\":\"https:\\\/\\\/eldigitaldeasturias.com\\\/radio\\\/alemania-relaja-restricciones-de-ingreso-para-parejas-no-formalizadas\\\/#mainImage\"},\"datePublished\":\"2020-08-08T23:32:32+02:00\",\"dateModified\":\"2020-08-08T23:32:32+02:00\"},{\"@type\":\"WebSite\",\"@id\":\"https:\\\/\\\/eldigitaldeasturias.com\\\/radio\\\/#website\",\"url\":\"https:\\\/\\\/eldigitaldeasturias.com\\\/radio\\\/\",\"name\":\"El Digital de Asturias\",\"description\":\"Diario de informaci\\u00f3n y noticias\",\"inLanguage\":\"es-ES\",\"publisher\":{\"@id\":\"https:\\\/\\\/eldigitaldeasturias.com\\\/radio\\\/#organization\"}}]}\n\t\t<\/script>\n\t\t<!-- All in One SEO Pro -->\r\n\t\t<title>Alemania relaja restricciones de ingreso para parejas no formalizadas | El Digital de Asturias<\/title>\n\n","aioseo_head_json":{"title":"Alemania relaja restricciones de ingreso para parejas no formalizadas | El Digital de Asturias","description":"Berl\u00edn, 7 ago (dpa) - El Gobierno alem\u00e1n levanta las restricciones de viaje para parejas no formalizadas, inform\u00f3 hoy el Ministerio del Interior en Berl\u00edn. A partir de la semana pr\u00f3xima podr\u00e1n ingresar a Alemania tambi\u00e9n los integrantes de parejas no casadas de pa\u00edses que no son miembros de la Uni\u00f3n Europea. El ministro germano","canonical_url":"https:\/\/eldigitaldeasturias.com\/radio\/alemania-relaja-restricciones-de-ingreso-para-parejas-no-formalizadas\/","robots":"max-image-preview:large","keywords":"noticias","webmasterTools":{"google-site-verification":"UA-38556648-1","miscellaneous":""},"schema":{"@context":"https:\/\/schema.org","@graph":[{"@type":"BreadcrumbList","@id":"https:\/\/eldigitaldeasturias.com\/radio\/alemania-relaja-restricciones-de-ingreso-para-parejas-no-formalizadas\/#breadcrumblist","itemListElement":[{"@type":"ListItem","@id":"https:\/\/eldigitaldeasturias.com\/radio#listItem","position":1,"name":"Inicio","item":"https:\/\/eldigitaldeasturias.com\/radio","nextItem":{"@type":"ListItem","@id":"https:\/\/eldigitaldeasturias.com\/radio\/category\/noticias\/#listItem","name":"Noticias"}},{"@type":"ListItem","@id":"https:\/\/eldigitaldeasturias.com\/radio\/category\/noticias\/#listItem","position":2,"name":"Noticias","item":"https:\/\/eldigitaldeasturias.com\/radio\/category\/noticias\/","nextItem":{"@type":"ListItem","@id":"https:\/\/eldigitaldeasturias.com\/radio\/alemania-relaja-restricciones-de-ingreso-para-parejas-no-formalizadas\/#listItem","name":"Alemania relaja restricciones de ingreso para parejas no formalizadas"},"previousItem":{"@type":"ListItem","@id":"https:\/\/eldigitaldeasturias.com\/radio#listItem","name":"Inicio"}},{"@type":"ListItem","@id":"https:\/\/eldigitaldeasturias.com\/radio\/alemania-relaja-restricciones-de-ingreso-para-parejas-no-formalizadas\/#listItem","position":3,"name":"Alemania relaja restricciones de ingreso para parejas no formalizadas","previousItem":{"@type":"ListItem","@id":"https:\/\/eldigitaldeasturias.com\/radio\/category\/noticias\/#listItem","name":"Noticias"}}]},{"@type":"NewsArticle","@id":"https:\/\/eldigitaldeasturias.com\/radio\/alemania-relaja-restricciones-de-ingreso-para-parejas-no-formalizadas\/#newsarticle","name":"Alemania relaja restricciones de ingreso para parejas no formalizadas | El Digital de Asturias","headline":"Alemania relaja restricciones de ingreso para parejas no formalizadas","author":{"@id":"https:\/\/eldigitaldeasturias.com\/radio\/author\/nbasturias\/#author"},"publisher":{"@id":"https:\/\/eldigitaldeasturias.com\/radio\/#organization"},"image":{"@type":"ImageObject","url":"https:\/\/eldigitaldeasturias.com\/radio\/wp-content\/uploads\/2019\/08\/pedestrians-400811_960_720.jpg","width":960,"height":635},"datePublished":"2020-08-08T23:32:32+02:00","dateModified":"2020-08-08T23:32:32+02:00","inLanguage":"es-ES","mainEntityOfPage":{"@id":"https:\/\/eldigitaldeasturias.com\/radio\/alemania-relaja-restricciones-de-ingreso-para-parejas-no-formalizadas\/#webpage"},"isPartOf":{"@id":"https:\/\/eldigitaldeasturias.com\/radio\/alemania-relaja-restricciones-de-ingreso-para-parejas-no-formalizadas\/#webpage"},"articleSection":"Noticias","dateline":"Publicado el agosto 8, 2020."},{"@type":"Organization","@id":"https:\/\/eldigitaldeasturias.com\/radio\/#organization","name":"El digital de Asturias Radio","description":"Diario de informaci\u00f3n y noticias","url":"https:\/\/eldigitaldeasturias.com\/radio\/","telephone":"+34652131393","logo":{"@type":"ImageObject","url":"https:\/\/www.eldigitaldeasturias.com\/radio\/wp-content\/uploads\/2021\/03\/EDA.jpg","@id":"https:\/\/eldigitaldeasturias.com\/radio\/alemania-relaja-restricciones-de-ingreso-para-parejas-no-formalizadas\/#organizationLogo"},"image":{"@id":"https:\/\/eldigitaldeasturias.com\/radio\/alemania-relaja-restricciones-de-ingreso-para-parejas-no-formalizadas\/#organizationLogo"},"sameAs":["https:\/\/www.facebook.com\/","https:\/\/x.com\/bercodi","https:\/\/www.instagram.com\/","https:\/\/www.youtube.com\/channel\/UCZP-2wLEB9Rv6erhFmqVnvg"]},{"@type":"Person","@id":"https:\/\/eldigitaldeasturias.com\/radio\/author\/nbasturias\/#author","url":"https:\/\/eldigitaldeasturias.com\/radio\/author\/nbasturias\/","name":"NBAsturias","image":{"@type":"ImageObject","@id":"https:\/\/eldigitaldeasturias.com\/radio\/alemania-relaja-restricciones-de-ingreso-para-parejas-no-formalizadas\/#authorImage","url":"https:\/\/secure.gravatar.com\/avatar\/df2aeffc32bcd13f8d26072ef8a91b623d677766deac7f97ca815868cd41bf5e?s=96&d=mm&r=g","width":96,"height":96,"caption":"NBAsturias"}},{"@type":"WebPage","@id":"https:\/\/eldigitaldeasturias.com\/radio\/alemania-relaja-restricciones-de-ingreso-para-parejas-no-formalizadas\/#webpage","url":"https:\/\/eldigitaldeasturias.com\/radio\/alemania-relaja-restricciones-de-ingreso-para-parejas-no-formalizadas\/","name":"Alemania relaja restricciones de ingreso para parejas no formalizadas | El Digital de Asturias","description":"Berl\u00edn, 7 ago (dpa) - El Gobierno alem\u00e1n levanta las restricciones de viaje para parejas no formalizadas, inform\u00f3 hoy el Ministerio del Interior en Berl\u00edn. A partir de la semana pr\u00f3xima podr\u00e1n ingresar a Alemania tambi\u00e9n los integrantes de parejas no casadas de pa\u00edses que no son miembros de la Uni\u00f3n Europea. El ministro germano","inLanguage":"es-ES","isPartOf":{"@id":"https:\/\/eldigitaldeasturias.com\/radio\/#website"},"breadcrumb":{"@id":"https:\/\/eldigitaldeasturias.com\/radio\/alemania-relaja-restricciones-de-ingreso-para-parejas-no-formalizadas\/#breadcrumblist"},"author":{"@id":"https:\/\/eldigitaldeasturias.com\/radio\/author\/nbasturias\/#author"},"creator":{"@id":"https:\/\/eldigitaldeasturias.com\/radio\/author\/nbasturias\/#author"},"image":{"@type":"ImageObject","url":"https:\/\/eldigitaldeasturias.com\/radio\/wp-content\/uploads\/2019\/08\/pedestrians-400811_960_720.jpg","@id":"https:\/\/eldigitaldeasturias.com\/radio\/alemania-relaja-restricciones-de-ingreso-para-parejas-no-formalizadas\/#mainImage","width":960,"height":635},"primaryImageOfPage":{"@id":"https:\/\/eldigitaldeasturias.com\/radio\/alemania-relaja-restricciones-de-ingreso-para-parejas-no-formalizadas\/#mainImage"},"datePublished":"2020-08-08T23:32:32+02:00","dateModified":"2020-08-08T23:32:32+02:00"},{"@type":"WebSite","@id":"https:\/\/eldigitaldeasturias.com\/radio\/#website","url":"https:\/\/eldigitaldeasturias.com\/radio\/","name":"El Digital de Asturias","description":"Diario de informaci\u00f3n y noticias","inLanguage":"es-ES","publisher":{"@id":"https:\/\/eldigitaldeasturias.com\/radio\/#organization"}}]},"og:locale":"es_ES","og:site_name":"El Digital de Asturias | Diario de informaci\u00f3n y noticias","og:type":"article","og:title":"Alemania relaja restricciones de ingreso para parejas no formalizadas | El Digital de Asturias","og:description":"Berl\u00edn, 7 ago (dpa) - El Gobierno alem\u00e1n levanta las restricciones de viaje para parejas no formalizadas, inform\u00f3 hoy el Ministerio del Interior en Berl\u00edn. A partir de la semana pr\u00f3xima podr\u00e1n ingresar a Alemania tambi\u00e9n los integrantes de parejas no casadas de pa\u00edses que no son miembros de la Uni\u00f3n Europea. El ministro germano","og:url":"https:\/\/eldigitaldeasturias.com\/radio\/alemania-relaja-restricciones-de-ingreso-para-parejas-no-formalizadas\/","og:image":"https:\/\/eldigitaldeasturias.com\/radio\/wp-content\/uploads\/2019\/08\/pedestrians-400811_960_720.jpg","og:image:secure_url":"https:\/\/eldigitaldeasturias.com\/radio\/wp-content\/uploads\/2019\/08\/pedestrians-400811_960_720.jpg","og:image:width":960,"og:image:height":635,"article:published_time":"2020-08-08T23:32:32+00:00","article:modified_time":"2020-08-08T23:32:32+00:00","twitter:card":"summary_large_image","twitter:site":"@bercodi","twitter:title":"Alemania relaja restricciones de ingreso para parejas no formalizadas | El Digital de Asturias","twitter:description":"Berl\u00edn, 7 ago (dpa) - El Gobierno alem\u00e1n levanta las restricciones de viaje para parejas no formalizadas, inform\u00f3 hoy el Ministerio del Interior en Berl\u00edn. A partir de la semana pr\u00f3xima podr\u00e1n ingresar a Alemania tambi\u00e9n los integrantes de parejas no casadas de pa\u00edses que no son miembros de la Uni\u00f3n Europea. El ministro germano","twitter:creator":"@bercodi","twitter:image":"https:\/\/eldigitaldeasturias.com\/radio\/wp-content\/uploads\/2019\/08\/pedestrians-400811_960_720.jpg"},"aioseo_meta_data":{"post_id":"4863","title":null,"description":"","keywords":"","keyphrases":null,"primary_term":null,"canonical_url":"","og_title":null,"og_description":null,"og_object_type":"default","og_image_type":"default","og_image_url":null,"og_image_width":null,"og_image_height":null,"og_image_custom_url":null,"og_image_custom_fields":null,"og_video":null,"og_custom_url":null,"og_article_section":null,"og_article_tags":null,"twitter_use_og":false,"twitter_card":"default","twitter_image_type":"default","twitter_image_url":null,"twitter_image_custom_url":null,"twitter_image_custom_fields":null,"twitter_title":null,"twitter_description":null,"schema":{"blockGraphs":[],"customGraphs":[],"default":{"data":{"Article":[],"Course":[],"Dataset":[],"FAQPage":[],"Movie":[],"Person":[],"Product":[],"ProductReview":[],"Car":[],"Recipe":[],"Service":[],"SoftwareApplication":[],"WebPage":[]},"graphName":"","isEnabled":true},"graphs":[],"defaultGraph":"","defaultPostTypeGraph":""},"schema_type":null,"schema_type_options":null,"pillar_content":false,"robots_default":true,"robots_noindex":false,"robots_noarchive":false,"robots_nosnippet":false,"robots_nofollow":false,"robots_noimageindex":false,"robots_noodp":false,"robots_notranslate":false,"robots_max_snippet":null,"robots_max_videopreview":null,"robots_max_imagepreview":"large","priority":null,"frequency":null,"location":null,"local_seo":null,"seo_analyzer_scan_date":"2025-08-28 16:49:25","breadcrumb_settings":null,"limit_modified_date":false,"open_ai":null,"ai":null,"created":"2021-03-25 14:39:26","updated":"2025-08-28 16:49:25"},"aioseo_breadcrumb":"<div class=\"aioseo-breadcrumbs\"><span class=\"aioseo-breadcrumb\">\n\t<a href=\"https:\/\/eldigitaldeasturias.com\/radio\" title=\"Inicio\">Inicio<\/a>\n<\/span><span class=\"aioseo-breadcrumb-separator\">&ndash;<\/span><span class=\"aioseo-breadcrumb\">\n\t<a href=\"https:\/\/eldigitaldeasturias.com\/radio\/category\/noticias\/\" title=\"Noticias\">Noticias<\/a>\n<\/span><span class=\"aioseo-breadcrumb-separator\">&ndash;<\/span><span class=\"aioseo-breadcrumb\">\n\tAlemania relaja restricciones de ingreso para parejas no formalizadas\n<\/span><\/div>","aioseo_breadcrumb_json":[{"label":"Inicio","link":"https:\/\/eldigitaldeasturias.com\/radio"},{"label":"Noticias","link":"https:\/\/eldigitaldeasturias.com\/radio\/category\/noticias\/"},{"label":"Alemania relaja restricciones de ingreso para parejas no formalizadas","link":"https:\/\/eldigitaldeasturias.com\/radio\/alemania-relaja-restricciones-de-ingreso-para-parejas-no-formalizadas\/"}],"_links":{"self":[{"href":"https:\/\/eldigitaldeasturias.com\/radio\/wp-json\/wp\/v2\/posts\/4863","targetHints":{"allow":["GET"]}}],"collection":[{"href":"https:\/\/eldigitaldeasturias.com\/radio\/wp-json\/wp\/v2\/posts"}],"about":[{"href":"https:\/\/eldigitaldeasturias.com\/radio\/wp-json\/wp\/v2\/types\/post"}],"author":[{"embeddable":true,"href":"https:\/\/eldigitaldeasturias.com\/radio\/wp-json\/wp\/v2\/users\/1"}],"replies":[{"embeddable":true,"href":"https:\/\/eldigitaldeasturias.com\/radio\/wp-json\/wp\/v2\/comments?post=4863"}],"version-history":[{"count":0,"href":"https:\/\/eldigitaldeasturias.com\/radio\/wp-json\/wp\/v2\/posts\/4863\/revisions"}],"wp:featuredmedia":[{"embeddable":true,"href":"https:\/\/eldigitaldeasturias.com\/radio\/wp-json\/wp\/v2\/media\/2992"}],"wp:attachment":[{"href":"https:\/\/eldigitaldeasturias.com\/radio\/wp-json\/wp\/v2\/media?parent=4863"}],"wp:term":[{"taxonomy":"category","embeddable":true,"href":"https:\/\/eldigitaldeasturias.com\/radio\/wp-json\/wp\/v2\/categories?post=4863"},{"taxonomy":"post_tag","embeddable":true,"href":"https:\/\/eldigitaldeasturias.com\/radio\/wp-json\/wp\/v2\/tags?post=4863"}],"curies":[{"name":"wp","href":"https:\/\/api.w.org\/{rel}","templated":true}]}}