{"id":4861,"date":"2020-08-08T23:31:36","date_gmt":"2020-08-08T23:31:36","guid":{"rendered":"http:\/\/www.eldigitaldeasturias.com\/radio\/?p=4861"},"modified":"2020-08-08T23:31:36","modified_gmt":"2020-08-08T23:31:36","slug":"ministro-aleman-de-salud-se-puede-lidiar-con-1-000-contagios-diarios","status":"publish","type":"post","link":"https:\/\/eldigitaldeasturias.com\/radio\/ministro-aleman-de-salud-se-puede-lidiar-con-1-000-contagios-diarios\/","title":{"rendered":"Ministro alem\u00e1n de Salud: Se puede lidiar con 1.000 contagios diarios"},"content":{"rendered":"<p><img fetchpriority=\"high\" decoding=\"async\" class=\"alignleft size-medium wp-image-4110\" src=\"http:\/\/www.eldigitaldeasturias.com\/radio\/wp-content\/uploads\/2020\/04\/covid-19-4960246_640-360x194.jpg\" alt=\"\" width=\"360\" height=\"194\" srcset=\"https:\/\/eldigitaldeasturias.com\/radio\/wp-content\/uploads\/2020\/04\/covid-19-4960246_640-360x194.jpg 360w, https:\/\/eldigitaldeasturias.com\/radio\/wp-content\/uploads\/2020\/04\/covid-19-4960246_640.jpg 640w\" sizes=\"(max-width: 360px) 100vw, 360px\" \/>Berl\u00edn, 7 ago (dpa) &#8211; El ministro de Salud de Alemania, Jens Spahn, dej\u00f3 hoy en claro que no cree que actualmente se haya superado un umbral cr\u00edtico con el \u00faltimo aumento de nuevas infecciones de coronavirus en el pa\u00eds.<\/p>\n<p>\u00abActualmente en todo caso estamos todav\u00eda en una dimensi\u00f3n con la cual pueden lidiar el sistema de salud y el servicio de salud p\u00fablica\u00bb, afirm\u00f3 el pol\u00edtico de la Uni\u00f3n Dem\u00f3crata Cristiana (CDU) a la emisora germana ZDF.<\/p>\n<p>\u00abSi ahora nos estabilizamos en un determinado nivel, entonces podremos manejarlo. Si las cifras contin\u00faan subiendo, entonces depende de todos nosotros cuidarnos los unos a los otros en la vida diaria y no convertir en necesarias nuevas medidas\u00bb, manifest\u00f3 Spahn.<\/p>\n<p>El Instituto Robert Koch (RKI), ente gubernamental encargado del control de enfermedades infecciosas, registr\u00f3 esta semana por primera vez en tres meses m\u00e1s de 1.000 nuevas infecciones en el lapso de un d\u00eda.<\/p>\n<p>Ya el jueves, con 1.045 nuevas infecciones, se hab\u00eda estado por encima de la barrera de los 1.000 casos. Las autoridades de salud p\u00fablica de Alemania detectaron 1.147 nuevas infecciones de coronavirus en las \u00faltimas 24 horas, comunic\u00f3 esta ma\u00f1ana el RKI.<\/p>\n<p>De esta manera, las cifras de nuevas infecciones en Alemania llegaron a su nivel m\u00e1s elevado desde comienzos de mayo. El umbral de los 1.000 nuevos casos de covid-19 hab\u00eda sido superado en el pa\u00eds anteriormente por \u00faltima vez el 7 de mayo. Posteriormente se fue registrando una tendencia decreciente, aunque desde fines de julio los casos comenzaron a subir otra vez.<\/p>\n<p>El pico m\u00e1ximo de nuevos contagios se hab\u00eda medido a inicios de abril, con m\u00e1s de 6.000.<\/p>\n<p>Spahn hizo un nuevo llamamiento a los ciudadanos germanos a mantener las reglas de higiene. Al ser consultado acerca de si podr\u00eda ser necesaria una nueva paralizaci\u00f3n de actividades, Spahn subray\u00f3 su posici\u00f3n de que, llegado el caso, se apunte sobre todo a la implementaci\u00f3n de medidas regionales.<\/p>\n<p>El titular de la cartera de Salud subray\u00f3 que \u00abno existe un \u00fanico n\u00famero al que pueda reducirse todo\u00bb. \u00abExiste el factor de incremento, es decir, \u00bfcu\u00e1nto m\u00e1s din\u00e1mico se vuelve el proceso de infecci\u00f3n? Existe la cifra absoluta de infecciones. El sistema de salud puede lidiar con aproximadamente 1.000 nuevas infecciones por d\u00eda\u00bb, recalc\u00f3.<\/p>\n<p>Asimismo Spahn se mostr\u00f3 reacio a imponer en general sanciones m\u00e1s duras a aquellos que infrinjan las normas para evitar la propagaci\u00f3n del coronavirus.<\/p>\n<p>\u00abLas autoridades locales determinan en el caso concreto qu\u00e9 multa deben pagar esos pocos que no se cuidan suficientemente a s\u00ed mismos y a los dem\u00e1s. All\u00ed hay suficiente margen de maniobra\u00bb, declar\u00f3 el ministro al diario \u00abNeue Osnabr\u00fccker Zeitung\u00bb. Spahn apunt\u00f3 que muchas encuestas demostraron que la mayor\u00eda de los ciudadanos y ciudadanas consideran sensatas las medidas.<\/p>\n<p>Hasta ahora fallecieron en Alemania 9.183 personas infectadas con el virus. El RKI estima que alrededor de 195.900 personas se han restablecido de la infecci\u00f3n.<\/p>\n","protected":false},"excerpt":{"rendered":"<p>Berl\u00edn, 7 ago (dpa) &#8211; El ministro de Salud de Alemania, Jens Spahn, dej\u00f3 hoy en claro que no cree que actualmente se haya superado un umbral cr\u00edtico con el \u00faltimo aumento de nuevas infecciones de coronavirus en el pa\u00eds. \u00abActualmente en todo caso estamos todav\u00eda en una dimensi\u00f3n con la cual pueden lidiar el<\/p>\n","protected":false},"author":1,"featured_media":4110,"comment_status":"closed","ping_status":"closed","sticky":false,"template":"","format":"standard","meta":{"footnotes":""},"categories":[1],"tags":[],"class_list":{"0":"post-4861","1":"post","2":"type-post","3":"status-publish","4":"format-standard","5":"has-post-thumbnail","7":"category-noticias"},"aioseo_notices":[],"aioseo_head":"\n\t\t<!-- All in One SEO Pro 4.9.6.2 - aioseo.com -->\n\t<meta name=\"description\" content=\"Berl\u00edn, 7 ago (dpa) - El ministro de Salud de Alemania, Jens Spahn, dej\u00f3 hoy en claro que no cree que actualmente se haya superado un umbral cr\u00edtico con el \u00faltimo aumento de nuevas infecciones de coronavirus en el pa\u00eds. &quot;Actualmente en todo caso estamos todav\u00eda en una dimensi\u00f3n con la cual pueden lidiar el\" \/>\n\t<meta name=\"robots\" content=\"max-image-preview:large\" \/>\n\t<meta name=\"author\" content=\"NBAsturias\"\/>\n\t<meta name=\"google-site-verification\" content=\"UA-38556648-1\" \/>\n\t<meta name=\"keywords\" content=\"noticias\" \/>\n\t<link rel=\"canonical\" href=\"https:\/\/eldigitaldeasturias.com\/radio\/ministro-aleman-de-salud-se-puede-lidiar-con-1-000-contagios-diarios\/\" \/>\n\t<meta name=\"generator\" content=\"All in One SEO Pro (AIOSEO) 4.9.6.2\" \/>\n\t\t<meta property=\"og:locale\" content=\"es_ES\" \/>\n\t\t<meta property=\"og:site_name\" content=\"El Digital de Asturias | Diario de informaci\u00f3n y noticias\" \/>\n\t\t<meta property=\"og:type\" content=\"article\" \/>\n\t\t<meta property=\"og:title\" content=\"Ministro alem\u00e1n de Salud: Se puede lidiar con 1.000 contagios diarios | El Digital de Asturias\" \/>\n\t\t<meta property=\"og:description\" content=\"Berl\u00edn, 7 ago (dpa) - El ministro de Salud de Alemania, Jens Spahn, dej\u00f3 hoy en claro que no cree que actualmente se haya superado un umbral cr\u00edtico con el \u00faltimo aumento de nuevas infecciones de coronavirus en el pa\u00eds. &quot;Actualmente en todo caso estamos todav\u00eda en una dimensi\u00f3n con la cual pueden lidiar el\" \/>\n\t\t<meta property=\"og:url\" content=\"https:\/\/eldigitaldeasturias.com\/radio\/ministro-aleman-de-salud-se-puede-lidiar-con-1-000-contagios-diarios\/\" \/>\n\t\t<meta property=\"og:image\" content=\"https:\/\/eldigitaldeasturias.com\/radio\/wp-content\/uploads\/2020\/04\/covid-19-4960246_640.jpg\" \/>\n\t\t<meta property=\"og:image:secure_url\" content=\"https:\/\/eldigitaldeasturias.com\/radio\/wp-content\/uploads\/2020\/04\/covid-19-4960246_640.jpg\" \/>\n\t\t<meta property=\"og:image:width\" content=\"640\" \/>\n\t\t<meta property=\"og:image:height\" content=\"344\" \/>\n\t\t<meta property=\"article:published_time\" content=\"2020-08-08T23:31:36+00:00\" \/>\n\t\t<meta property=\"article:modified_time\" content=\"2020-08-08T23:31:36+00:00\" \/>\n\t\t<meta name=\"twitter:card\" content=\"summary_large_image\" \/>\n\t\t<meta name=\"twitter:site\" content=\"@bercodi\" \/>\n\t\t<meta name=\"twitter:title\" content=\"Ministro alem\u00e1n de Salud: Se puede lidiar con 1.000 contagios diarios | El Digital de Asturias\" \/>\n\t\t<meta name=\"twitter:description\" content=\"Berl\u00edn, 7 ago (dpa) - El ministro de Salud de Alemania, Jens Spahn, dej\u00f3 hoy en claro que no cree que actualmente se haya superado un umbral cr\u00edtico con el \u00faltimo aumento de nuevas infecciones de coronavirus en el pa\u00eds. &quot;Actualmente en todo caso estamos todav\u00eda en una dimensi\u00f3n con la cual pueden lidiar el\" \/>\n\t\t<meta name=\"twitter:creator\" content=\"@bercodi\" \/>\n\t\t<meta name=\"twitter:image\" content=\"https:\/\/eldigitaldeasturias.com\/radio\/wp-content\/uploads\/2020\/04\/covid-19-4960246_640.jpg\" \/>\n\t\t<script type=\"application\/ld+json\" class=\"aioseo-schema\">\n\t\t\t{\"@context\":\"https:\\\/\\\/schema.org\",\"@graph\":[{\"@type\":\"BreadcrumbList\",\"@id\":\"https:\\\/\\\/eldigitaldeasturias.com\\\/radio\\\/ministro-aleman-de-salud-se-puede-lidiar-con-1-000-contagios-diarios\\\/#breadcrumblist\",\"itemListElement\":[{\"@type\":\"ListItem\",\"@id\":\"https:\\\/\\\/eldigitaldeasturias.com\\\/radio#listItem\",\"position\":1,\"name\":\"Inicio\",\"item\":\"https:\\\/\\\/eldigitaldeasturias.com\\\/radio\",\"nextItem\":{\"@type\":\"ListItem\",\"@id\":\"https:\\\/\\\/eldigitaldeasturias.com\\\/radio\\\/category\\\/noticias\\\/#listItem\",\"name\":\"Noticias\"}},{\"@type\":\"ListItem\",\"@id\":\"https:\\\/\\\/eldigitaldeasturias.com\\\/radio\\\/category\\\/noticias\\\/#listItem\",\"position\":2,\"name\":\"Noticias\",\"item\":\"https:\\\/\\\/eldigitaldeasturias.com\\\/radio\\\/category\\\/noticias\\\/\",\"nextItem\":{\"@type\":\"ListItem\",\"@id\":\"https:\\\/\\\/eldigitaldeasturias.com\\\/radio\\\/ministro-aleman-de-salud-se-puede-lidiar-con-1-000-contagios-diarios\\\/#listItem\",\"name\":\"Ministro alem\\u00e1n de Salud: Se puede lidiar con 1.000 contagios diarios\"},\"previousItem\":{\"@type\":\"ListItem\",\"@id\":\"https:\\\/\\\/eldigitaldeasturias.com\\\/radio#listItem\",\"name\":\"Inicio\"}},{\"@type\":\"ListItem\",\"@id\":\"https:\\\/\\\/eldigitaldeasturias.com\\\/radio\\\/ministro-aleman-de-salud-se-puede-lidiar-con-1-000-contagios-diarios\\\/#listItem\",\"position\":3,\"name\":\"Ministro alem\\u00e1n de Salud: Se puede lidiar con 1.000 contagios diarios\",\"previousItem\":{\"@type\":\"ListItem\",\"@id\":\"https:\\\/\\\/eldigitaldeasturias.com\\\/radio\\\/category\\\/noticias\\\/#listItem\",\"name\":\"Noticias\"}}]},{\"@type\":\"NewsArticle\",\"@id\":\"https:\\\/\\\/eldigitaldeasturias.com\\\/radio\\\/ministro-aleman-de-salud-se-puede-lidiar-con-1-000-contagios-diarios\\\/#newsarticle\",\"name\":\"Ministro alem\\u00e1n de Salud: Se puede lidiar con 1.000 contagios diarios | El Digital de Asturias\",\"headline\":\"Ministro alem\\u00e1n de Salud: Se puede lidiar con 1.000 contagios diarios\",\"author\":{\"@id\":\"https:\\\/\\\/eldigitaldeasturias.com\\\/radio\\\/author\\\/nbasturias\\\/#author\"},\"publisher\":{\"@id\":\"https:\\\/\\\/eldigitaldeasturias.com\\\/radio\\\/#organization\"},\"image\":{\"@type\":\"ImageObject\",\"url\":\"https:\\\/\\\/eldigitaldeasturias.com\\\/radio\\\/wp-content\\\/uploads\\\/2020\\\/04\\\/covid-19-4960246_640.jpg\",\"width\":640,\"height\":344},\"datePublished\":\"2020-08-08T23:31:36+02:00\",\"dateModified\":\"2020-08-08T23:31:36+02:00\",\"inLanguage\":\"es-ES\",\"mainEntityOfPage\":{\"@id\":\"https:\\\/\\\/eldigitaldeasturias.com\\\/radio\\\/ministro-aleman-de-salud-se-puede-lidiar-con-1-000-contagios-diarios\\\/#webpage\"},\"isPartOf\":{\"@id\":\"https:\\\/\\\/eldigitaldeasturias.com\\\/radio\\\/ministro-aleman-de-salud-se-puede-lidiar-con-1-000-contagios-diarios\\\/#webpage\"},\"articleSection\":\"Noticias\",\"dateline\":\"Publicado el agosto 8, 2020.\"},{\"@type\":\"Organization\",\"@id\":\"https:\\\/\\\/eldigitaldeasturias.com\\\/radio\\\/#organization\",\"name\":\"El digital de Asturias Radio\",\"description\":\"Diario de informaci\\u00f3n y noticias\",\"url\":\"https:\\\/\\\/eldigitaldeasturias.com\\\/radio\\\/\",\"telephone\":\"+34652131393\",\"logo\":{\"@type\":\"ImageObject\",\"url\":\"https:\\\/\\\/www.eldigitaldeasturias.com\\\/radio\\\/wp-content\\\/uploads\\\/2021\\\/03\\\/EDA.jpg\",\"@id\":\"https:\\\/\\\/eldigitaldeasturias.com\\\/radio\\\/ministro-aleman-de-salud-se-puede-lidiar-con-1-000-contagios-diarios\\\/#organizationLogo\"},\"image\":{\"@id\":\"https:\\\/\\\/eldigitaldeasturias.com\\\/radio\\\/ministro-aleman-de-salud-se-puede-lidiar-con-1-000-contagios-diarios\\\/#organizationLogo\"},\"sameAs\":[\"https:\\\/\\\/www.facebook.com\\\/\",\"https:\\\/\\\/x.com\\\/bercodi\",\"https:\\\/\\\/www.instagram.com\\\/\",\"https:\\\/\\\/www.youtube.com\\\/channel\\\/UCZP-2wLEB9Rv6erhFmqVnvg\"]},{\"@type\":\"Person\",\"@id\":\"https:\\\/\\\/eldigitaldeasturias.com\\\/radio\\\/author\\\/nbasturias\\\/#author\",\"url\":\"https:\\\/\\\/eldigitaldeasturias.com\\\/radio\\\/author\\\/nbasturias\\\/\",\"name\":\"NBAsturias\",\"image\":{\"@type\":\"ImageObject\",\"@id\":\"https:\\\/\\\/eldigitaldeasturias.com\\\/radio\\\/ministro-aleman-de-salud-se-puede-lidiar-con-1-000-contagios-diarios\\\/#authorImage\",\"url\":\"https:\\\/\\\/secure.gravatar.com\\\/avatar\\\/df2aeffc32bcd13f8d26072ef8a91b623d677766deac7f97ca815868cd41bf5e?s=96&d=mm&r=g\",\"width\":96,\"height\":96,\"caption\":\"NBAsturias\"}},{\"@type\":\"WebPage\",\"@id\":\"https:\\\/\\\/eldigitaldeasturias.com\\\/radio\\\/ministro-aleman-de-salud-se-puede-lidiar-con-1-000-contagios-diarios\\\/#webpage\",\"url\":\"https:\\\/\\\/eldigitaldeasturias.com\\\/radio\\\/ministro-aleman-de-salud-se-puede-lidiar-con-1-000-contagios-diarios\\\/\",\"name\":\"Ministro alem\\u00e1n de Salud: Se puede lidiar con 1.000 contagios diarios | El Digital de Asturias\",\"description\":\"Berl\\u00edn, 7 ago (dpa) - El ministro de Salud de Alemania, Jens Spahn, dej\\u00f3 hoy en claro que no cree que actualmente se haya superado un umbral cr\\u00edtico con el \\u00faltimo aumento de nuevas infecciones de coronavirus en el pa\\u00eds. \\\"Actualmente en todo caso estamos todav\\u00eda en una dimensi\\u00f3n con la cual pueden lidiar el\",\"inLanguage\":\"es-ES\",\"isPartOf\":{\"@id\":\"https:\\\/\\\/eldigitaldeasturias.com\\\/radio\\\/#website\"},\"breadcrumb\":{\"@id\":\"https:\\\/\\\/eldigitaldeasturias.com\\\/radio\\\/ministro-aleman-de-salud-se-puede-lidiar-con-1-000-contagios-diarios\\\/#breadcrumblist\"},\"author\":{\"@id\":\"https:\\\/\\\/eldigitaldeasturias.com\\\/radio\\\/author\\\/nbasturias\\\/#author\"},\"creator\":{\"@id\":\"https:\\\/\\\/eldigitaldeasturias.com\\\/radio\\\/author\\\/nbasturias\\\/#author\"},\"image\":{\"@type\":\"ImageObject\",\"url\":\"https:\\\/\\\/eldigitaldeasturias.com\\\/radio\\\/wp-content\\\/uploads\\\/2020\\\/04\\\/covid-19-4960246_640.jpg\",\"@id\":\"https:\\\/\\\/eldigitaldeasturias.com\\\/radio\\\/ministro-aleman-de-salud-se-puede-lidiar-con-1-000-contagios-diarios\\\/#mainImage\",\"width\":640,\"height\":344},\"primaryImageOfPage\":{\"@id\":\"https:\\\/\\\/eldigitaldeasturias.com\\\/radio\\\/ministro-aleman-de-salud-se-puede-lidiar-con-1-000-contagios-diarios\\\/#mainImage\"},\"datePublished\":\"2020-08-08T23:31:36+02:00\",\"dateModified\":\"2020-08-08T23:31:36+02:00\"},{\"@type\":\"WebSite\",\"@id\":\"https:\\\/\\\/eldigitaldeasturias.com\\\/radio\\\/#website\",\"url\":\"https:\\\/\\\/eldigitaldeasturias.com\\\/radio\\\/\",\"name\":\"El Digital de Asturias\",\"description\":\"Diario de informaci\\u00f3n y noticias\",\"inLanguage\":\"es-ES\",\"publisher\":{\"@id\":\"https:\\\/\\\/eldigitaldeasturias.com\\\/radio\\\/#organization\"}}]}\n\t\t<\/script>\n\t\t<!-- All in One SEO Pro -->\r\n\t\t<title>Ministro alem\u00e1n de Salud: Se puede lidiar con 1.000 contagios diarios | El Digital de Asturias<\/title>\n\n","aioseo_head_json":{"title":"Ministro alem\u00e1n de Salud: Se puede lidiar con 1.000 contagios diarios | El Digital de Asturias","description":"Berl\u00edn, 7 ago (dpa) - El ministro de Salud de Alemania, Jens Spahn, dej\u00f3 hoy en claro que no cree que actualmente se haya superado un umbral cr\u00edtico con el \u00faltimo aumento de nuevas infecciones de coronavirus en el pa\u00eds. \"Actualmente en todo caso estamos todav\u00eda en una dimensi\u00f3n con la cual pueden lidiar el","canonical_url":"https:\/\/eldigitaldeasturias.com\/radio\/ministro-aleman-de-salud-se-puede-lidiar-con-1-000-contagios-diarios\/","robots":"max-image-preview:large","keywords":"noticias","webmasterTools":{"google-site-verification":"UA-38556648-1","miscellaneous":""},"schema":{"@context":"https:\/\/schema.org","@graph":[{"@type":"BreadcrumbList","@id":"https:\/\/eldigitaldeasturias.com\/radio\/ministro-aleman-de-salud-se-puede-lidiar-con-1-000-contagios-diarios\/#breadcrumblist","itemListElement":[{"@type":"ListItem","@id":"https:\/\/eldigitaldeasturias.com\/radio#listItem","position":1,"name":"Inicio","item":"https:\/\/eldigitaldeasturias.com\/radio","nextItem":{"@type":"ListItem","@id":"https:\/\/eldigitaldeasturias.com\/radio\/category\/noticias\/#listItem","name":"Noticias"}},{"@type":"ListItem","@id":"https:\/\/eldigitaldeasturias.com\/radio\/category\/noticias\/#listItem","position":2,"name":"Noticias","item":"https:\/\/eldigitaldeasturias.com\/radio\/category\/noticias\/","nextItem":{"@type":"ListItem","@id":"https:\/\/eldigitaldeasturias.com\/radio\/ministro-aleman-de-salud-se-puede-lidiar-con-1-000-contagios-diarios\/#listItem","name":"Ministro alem\u00e1n de Salud: Se puede lidiar con 1.000 contagios diarios"},"previousItem":{"@type":"ListItem","@id":"https:\/\/eldigitaldeasturias.com\/radio#listItem","name":"Inicio"}},{"@type":"ListItem","@id":"https:\/\/eldigitaldeasturias.com\/radio\/ministro-aleman-de-salud-se-puede-lidiar-con-1-000-contagios-diarios\/#listItem","position":3,"name":"Ministro alem\u00e1n de Salud: Se puede lidiar con 1.000 contagios diarios","previousItem":{"@type":"ListItem","@id":"https:\/\/eldigitaldeasturias.com\/radio\/category\/noticias\/#listItem","name":"Noticias"}}]},{"@type":"NewsArticle","@id":"https:\/\/eldigitaldeasturias.com\/radio\/ministro-aleman-de-salud-se-puede-lidiar-con-1-000-contagios-diarios\/#newsarticle","name":"Ministro alem\u00e1n de Salud: Se puede lidiar con 1.000 contagios diarios | El Digital de Asturias","headline":"Ministro alem\u00e1n de Salud: Se puede lidiar con 1.000 contagios diarios","author":{"@id":"https:\/\/eldigitaldeasturias.com\/radio\/author\/nbasturias\/#author"},"publisher":{"@id":"https:\/\/eldigitaldeasturias.com\/radio\/#organization"},"image":{"@type":"ImageObject","url":"https:\/\/eldigitaldeasturias.com\/radio\/wp-content\/uploads\/2020\/04\/covid-19-4960246_640.jpg","width":640,"height":344},"datePublished":"2020-08-08T23:31:36+02:00","dateModified":"2020-08-08T23:31:36+02:00","inLanguage":"es-ES","mainEntityOfPage":{"@id":"https:\/\/eldigitaldeasturias.com\/radio\/ministro-aleman-de-salud-se-puede-lidiar-con-1-000-contagios-diarios\/#webpage"},"isPartOf":{"@id":"https:\/\/eldigitaldeasturias.com\/radio\/ministro-aleman-de-salud-se-puede-lidiar-con-1-000-contagios-diarios\/#webpage"},"articleSection":"Noticias","dateline":"Publicado el agosto 8, 2020."},{"@type":"Organization","@id":"https:\/\/eldigitaldeasturias.com\/radio\/#organization","name":"El digital de Asturias Radio","description":"Diario de informaci\u00f3n y noticias","url":"https:\/\/eldigitaldeasturias.com\/radio\/","telephone":"+34652131393","logo":{"@type":"ImageObject","url":"https:\/\/www.eldigitaldeasturias.com\/radio\/wp-content\/uploads\/2021\/03\/EDA.jpg","@id":"https:\/\/eldigitaldeasturias.com\/radio\/ministro-aleman-de-salud-se-puede-lidiar-con-1-000-contagios-diarios\/#organizationLogo"},"image":{"@id":"https:\/\/eldigitaldeasturias.com\/radio\/ministro-aleman-de-salud-se-puede-lidiar-con-1-000-contagios-diarios\/#organizationLogo"},"sameAs":["https:\/\/www.facebook.com\/","https:\/\/x.com\/bercodi","https:\/\/www.instagram.com\/","https:\/\/www.youtube.com\/channel\/UCZP-2wLEB9Rv6erhFmqVnvg"]},{"@type":"Person","@id":"https:\/\/eldigitaldeasturias.com\/radio\/author\/nbasturias\/#author","url":"https:\/\/eldigitaldeasturias.com\/radio\/author\/nbasturias\/","name":"NBAsturias","image":{"@type":"ImageObject","@id":"https:\/\/eldigitaldeasturias.com\/radio\/ministro-aleman-de-salud-se-puede-lidiar-con-1-000-contagios-diarios\/#authorImage","url":"https:\/\/secure.gravatar.com\/avatar\/df2aeffc32bcd13f8d26072ef8a91b623d677766deac7f97ca815868cd41bf5e?s=96&d=mm&r=g","width":96,"height":96,"caption":"NBAsturias"}},{"@type":"WebPage","@id":"https:\/\/eldigitaldeasturias.com\/radio\/ministro-aleman-de-salud-se-puede-lidiar-con-1-000-contagios-diarios\/#webpage","url":"https:\/\/eldigitaldeasturias.com\/radio\/ministro-aleman-de-salud-se-puede-lidiar-con-1-000-contagios-diarios\/","name":"Ministro alem\u00e1n de Salud: Se puede lidiar con 1.000 contagios diarios | El Digital de Asturias","description":"Berl\u00edn, 7 ago (dpa) - El ministro de Salud de Alemania, Jens Spahn, dej\u00f3 hoy en claro que no cree que actualmente se haya superado un umbral cr\u00edtico con el \u00faltimo aumento de nuevas infecciones de coronavirus en el pa\u00eds. \"Actualmente en todo caso estamos todav\u00eda en una dimensi\u00f3n con la cual pueden lidiar el","inLanguage":"es-ES","isPartOf":{"@id":"https:\/\/eldigitaldeasturias.com\/radio\/#website"},"breadcrumb":{"@id":"https:\/\/eldigitaldeasturias.com\/radio\/ministro-aleman-de-salud-se-puede-lidiar-con-1-000-contagios-diarios\/#breadcrumblist"},"author":{"@id":"https:\/\/eldigitaldeasturias.com\/radio\/author\/nbasturias\/#author"},"creator":{"@id":"https:\/\/eldigitaldeasturias.com\/radio\/author\/nbasturias\/#author"},"image":{"@type":"ImageObject","url":"https:\/\/eldigitaldeasturias.com\/radio\/wp-content\/uploads\/2020\/04\/covid-19-4960246_640.jpg","@id":"https:\/\/eldigitaldeasturias.com\/radio\/ministro-aleman-de-salud-se-puede-lidiar-con-1-000-contagios-diarios\/#mainImage","width":640,"height":344},"primaryImageOfPage":{"@id":"https:\/\/eldigitaldeasturias.com\/radio\/ministro-aleman-de-salud-se-puede-lidiar-con-1-000-contagios-diarios\/#mainImage"},"datePublished":"2020-08-08T23:31:36+02:00","dateModified":"2020-08-08T23:31:36+02:00"},{"@type":"WebSite","@id":"https:\/\/eldigitaldeasturias.com\/radio\/#website","url":"https:\/\/eldigitaldeasturias.com\/radio\/","name":"El Digital de Asturias","description":"Diario de informaci\u00f3n y noticias","inLanguage":"es-ES","publisher":{"@id":"https:\/\/eldigitaldeasturias.com\/radio\/#organization"}}]},"og:locale":"es_ES","og:site_name":"El Digital de Asturias | Diario de informaci\u00f3n y noticias","og:type":"article","og:title":"Ministro alem\u00e1n de Salud: Se puede lidiar con 1.000 contagios diarios | El Digital de Asturias","og:description":"Berl\u00edn, 7 ago (dpa) - El ministro de Salud de Alemania, Jens Spahn, dej\u00f3 hoy en claro que no cree que actualmente se haya superado un umbral cr\u00edtico con el \u00faltimo aumento de nuevas infecciones de coronavirus en el pa\u00eds. &quot;Actualmente en todo caso estamos todav\u00eda en una dimensi\u00f3n con la cual pueden lidiar el","og:url":"https:\/\/eldigitaldeasturias.com\/radio\/ministro-aleman-de-salud-se-puede-lidiar-con-1-000-contagios-diarios\/","og:image":"https:\/\/eldigitaldeasturias.com\/radio\/wp-content\/uploads\/2020\/04\/covid-19-4960246_640.jpg","og:image:secure_url":"https:\/\/eldigitaldeasturias.com\/radio\/wp-content\/uploads\/2020\/04\/covid-19-4960246_640.jpg","og:image:width":640,"og:image:height":344,"article:published_time":"2020-08-08T23:31:36+00:00","article:modified_time":"2020-08-08T23:31:36+00:00","twitter:card":"summary_large_image","twitter:site":"@bercodi","twitter:title":"Ministro alem\u00e1n de Salud: Se puede lidiar con 1.000 contagios diarios | El Digital de Asturias","twitter:description":"Berl\u00edn, 7 ago (dpa) - El ministro de Salud de Alemania, Jens Spahn, dej\u00f3 hoy en claro que no cree que actualmente se haya superado un umbral cr\u00edtico con el \u00faltimo aumento de nuevas infecciones de coronavirus en el pa\u00eds. &quot;Actualmente en todo caso estamos todav\u00eda en una dimensi\u00f3n con la cual pueden lidiar el","twitter:creator":"@bercodi","twitter:image":"https:\/\/eldigitaldeasturias.com\/radio\/wp-content\/uploads\/2020\/04\/covid-19-4960246_640.jpg"},"aioseo_meta_data":{"post_id":"4861","title":null,"description":"","keywords":"","keyphrases":null,"primary_term":null,"canonical_url":"","og_title":null,"og_description":null,"og_object_type":"default","og_image_type":"default","og_image_url":null,"og_image_width":null,"og_image_height":null,"og_image_custom_url":null,"og_image_custom_fields":null,"og_video":null,"og_custom_url":null,"og_article_section":null,"og_article_tags":null,"twitter_use_og":false,"twitter_card":"default","twitter_image_type":"default","twitter_image_url":null,"twitter_image_custom_url":null,"twitter_image_custom_fields":null,"twitter_title":null,"twitter_description":null,"schema":{"blockGraphs":[],"customGraphs":[],"default":{"data":{"Article":[],"Course":[],"Dataset":[],"FAQPage":[],"Movie":[],"Person":[],"Product":[],"ProductReview":[],"Car":[],"Recipe":[],"Service":[],"SoftwareApplication":[],"WebPage":[]},"graphName":"","isEnabled":true},"graphs":[],"defaultGraph":"","defaultPostTypeGraph":""},"schema_type":null,"schema_type_options":null,"pillar_content":false,"robots_default":true,"robots_noindex":false,"robots_noarchive":false,"robots_nosnippet":false,"robots_nofollow":false,"robots_noimageindex":false,"robots_noodp":false,"robots_notranslate":false,"robots_max_snippet":null,"robots_max_videopreview":null,"robots_max_imagepreview":"large","priority":null,"frequency":null,"location":null,"local_seo":null,"seo_analyzer_scan_date":"2025-08-28 16:49:25","breadcrumb_settings":null,"limit_modified_date":false,"open_ai":null,"ai":null,"created":"2021-03-25 22:48:24","updated":"2025-08-28 16:49:25"},"aioseo_breadcrumb":"<div class=\"aioseo-breadcrumbs\"><span class=\"aioseo-breadcrumb\">\n\t<a href=\"https:\/\/eldigitaldeasturias.com\/radio\" title=\"Inicio\">Inicio<\/a>\n<\/span><span class=\"aioseo-breadcrumb-separator\">&ndash;<\/span><span class=\"aioseo-breadcrumb\">\n\t<a href=\"https:\/\/eldigitaldeasturias.com\/radio\/category\/noticias\/\" title=\"Noticias\">Noticias<\/a>\n<\/span><span class=\"aioseo-breadcrumb-separator\">&ndash;<\/span><span class=\"aioseo-breadcrumb\">\n\tMinistro alem\u00e1n de Salud: Se puede lidiar con 1.000 contagios diarios\n<\/span><\/div>","aioseo_breadcrumb_json":[{"label":"Inicio","link":"https:\/\/eldigitaldeasturias.com\/radio"},{"label":"Noticias","link":"https:\/\/eldigitaldeasturias.com\/radio\/category\/noticias\/"},{"label":"Ministro alem\u00e1n de Salud: Se puede lidiar con 1.000 contagios diarios","link":"https:\/\/eldigitaldeasturias.com\/radio\/ministro-aleman-de-salud-se-puede-lidiar-con-1-000-contagios-diarios\/"}],"_links":{"self":[{"href":"https:\/\/eldigitaldeasturias.com\/radio\/wp-json\/wp\/v2\/posts\/4861","targetHints":{"allow":["GET"]}}],"collection":[{"href":"https:\/\/eldigitaldeasturias.com\/radio\/wp-json\/wp\/v2\/posts"}],"about":[{"href":"https:\/\/eldigitaldeasturias.com\/radio\/wp-json\/wp\/v2\/types\/post"}],"author":[{"embeddable":true,"href":"https:\/\/eldigitaldeasturias.com\/radio\/wp-json\/wp\/v2\/users\/1"}],"replies":[{"embeddable":true,"href":"https:\/\/eldigitaldeasturias.com\/radio\/wp-json\/wp\/v2\/comments?post=4861"}],"version-history":[{"count":0,"href":"https:\/\/eldigitaldeasturias.com\/radio\/wp-json\/wp\/v2\/posts\/4861\/revisions"}],"wp:featuredmedia":[{"embeddable":true,"href":"https:\/\/eldigitaldeasturias.com\/radio\/wp-json\/wp\/v2\/media\/4110"}],"wp:attachment":[{"href":"https:\/\/eldigitaldeasturias.com\/radio\/wp-json\/wp\/v2\/media?parent=4861"}],"wp:term":[{"taxonomy":"category","embeddable":true,"href":"https:\/\/eldigitaldeasturias.com\/radio\/wp-json\/wp\/v2\/categories?post=4861"},{"taxonomy":"post_tag","embeddable":true,"href":"https:\/\/eldigitaldeasturias.com\/radio\/wp-json\/wp\/v2\/tags?post=4861"}],"curies":[{"name":"wp","href":"https:\/\/api.w.org\/{rel}","templated":true}]}}