{"id":4855,"date":"2020-08-08T23:28:35","date_gmt":"2020-08-08T23:28:35","guid":{"rendered":"http:\/\/www.eldigitaldeasturias.com\/radio\/?p=4855"},"modified":"2020-08-08T23:28:35","modified_gmt":"2020-08-08T23:28:35","slug":"bundesliga-arranca-temporada-con-partido-entre-el-bayern-y-el-schalke","status":"publish","type":"post","link":"https:\/\/eldigitaldeasturias.com\/radio\/bundesliga-arranca-temporada-con-partido-entre-el-bayern-y-el-schalke\/","title":{"rendered":"Bundesliga arranca temporada con partido entre el Bayern y el Schalke"},"content":{"rendered":"<p><img fetchpriority=\"high\" decoding=\"async\" class=\"alignleft size-medium wp-image-812\" src=\"http:\/\/www.eldigitaldeasturias.com\/radio\/wp-content\/uploads\/2018\/04\/arena-1181668_960_720-360x240.jpg\" alt=\"\" width=\"360\" height=\"240\" srcset=\"https:\/\/eldigitaldeasturias.com\/radio\/wp-content\/uploads\/2018\/04\/arena-1181668_960_720-360x240.jpg 360w, https:\/\/eldigitaldeasturias.com\/radio\/wp-content\/uploads\/2018\/04\/arena-1181668_960_720-768x512.jpg 768w, https:\/\/eldigitaldeasturias.com\/radio\/wp-content\/uploads\/2018\/04\/arena-1181668_960_720.jpg 960w\" sizes=\"(max-width: 360px) 100vw, 360px\" \/>Fr\u00e1ncfort, 7 ago (dpa) &#8211; El Bayern M\u00fanich, campe\u00f3n de la Bundesliga, abrir\u00e1 la temporada 2020\/21 el 18 de septiembre con un partido contra el Schalke, pero s\u00f3lo si no llega a la final de la Liga de Campeones en Lisboa el 23 de agosto, seg\u00fan se desprende del plan publicado hoy por la Liga Alemana de F\u00fatbol (DFL).<\/p>\n<p>Si el Bayern disputara la final de la Liga de Campeones, entonces jugar\u00eda su primer partido de la temporada alemana no el viernes de la primera jornada, sino el lunes, debido al tiempo de preparaci\u00f3n entre las dos competiciones, explica el comunicado.<\/p>\n<p>En ese caso, la temporada comenzar\u00eda el viernes con el partido entre el Borussia Dortmund y el M\u00f6nchengladbach.<\/p>\n<p>La temporada concluye el 22 de mayo de 2021, despu\u00e9s de la final de la Copa Alemana.<\/p>\n<p>La DFL aclar\u00f3 que el cronograma podr\u00eda llegar a ser modificado seg\u00fan posibles cambios en el calendario del f\u00fatbol internacional o por consideraciones de seguridad en lo que respecta a la evoluci\u00f3n de la pandemia de coronavirus.<\/p>\n","protected":false},"excerpt":{"rendered":"<p>Fr\u00e1ncfort, 7 ago (dpa) &#8211; El Bayern M\u00fanich, campe\u00f3n de la Bundesliga, abrir\u00e1 la temporada 2020\/21 el 18 de septiembre con un partido contra el Schalke, pero s\u00f3lo si no llega a la final de la Liga de Campeones en Lisboa el 23 de agosto, seg\u00fan se desprende del plan publicado hoy por la Liga<\/p>\n","protected":false},"author":1,"featured_media":812,"comment_status":"closed","ping_status":"closed","sticky":false,"template":"","format":"standard","meta":{"footnotes":""},"categories":[1],"tags":[],"class_list":{"0":"post-4855","1":"post","2":"type-post","3":"status-publish","4":"format-standard","5":"has-post-thumbnail","7":"category-noticias"},"aioseo_notices":[],"aioseo_head":"\n\t\t<!-- All in One SEO Pro 4.9.6.2 - aioseo.com -->\n\t<meta name=\"description\" content=\"Fr\u00e1ncfort, 7 ago (dpa) - El Bayern M\u00fanich, campe\u00f3n de la Bundesliga, abrir\u00e1 la temporada 2020\/21 el 18 de septiembre con un partido contra el Schalke, pero s\u00f3lo si no llega a la final de la Liga de Campeones en Lisboa el 23 de agosto, seg\u00fan se desprende del plan publicado hoy por la Liga\" \/>\n\t<meta name=\"robots\" content=\"max-image-preview:large\" \/>\n\t<meta name=\"author\" content=\"NBAsturias\"\/>\n\t<meta name=\"google-site-verification\" content=\"UA-38556648-1\" \/>\n\t<meta name=\"keywords\" content=\"noticias\" \/>\n\t<link rel=\"canonical\" href=\"https:\/\/eldigitaldeasturias.com\/radio\/bundesliga-arranca-temporada-con-partido-entre-el-bayern-y-el-schalke\/\" \/>\n\t<meta name=\"generator\" content=\"All in One SEO Pro (AIOSEO) 4.9.6.2\" \/>\n\t\t<meta property=\"og:locale\" content=\"es_ES\" \/>\n\t\t<meta property=\"og:site_name\" content=\"El Digital de Asturias | Diario de informaci\u00f3n y noticias\" \/>\n\t\t<meta property=\"og:type\" content=\"article\" \/>\n\t\t<meta property=\"og:title\" content=\"Bundesliga arranca temporada con partido entre el Bayern y el Schalke | El Digital de Asturias\" \/>\n\t\t<meta property=\"og:description\" content=\"Fr\u00e1ncfort, 7 ago (dpa) - El Bayern M\u00fanich, campe\u00f3n de la Bundesliga, abrir\u00e1 la temporada 2020\/21 el 18 de septiembre con un partido contra el Schalke, pero s\u00f3lo si no llega a la final de la Liga de Campeones en Lisboa el 23 de agosto, seg\u00fan se desprende del plan publicado hoy por la Liga\" \/>\n\t\t<meta property=\"og:url\" content=\"https:\/\/eldigitaldeasturias.com\/radio\/bundesliga-arranca-temporada-con-partido-entre-el-bayern-y-el-schalke\/\" \/>\n\t\t<meta property=\"og:image\" content=\"https:\/\/eldigitaldeasturias.com\/radio\/wp-content\/uploads\/2018\/04\/arena-1181668_960_720.jpg\" \/>\n\t\t<meta property=\"og:image:secure_url\" content=\"https:\/\/eldigitaldeasturias.com\/radio\/wp-content\/uploads\/2018\/04\/arena-1181668_960_720.jpg\" \/>\n\t\t<meta property=\"og:image:width\" content=\"960\" \/>\n\t\t<meta property=\"og:image:height\" content=\"640\" \/>\n\t\t<meta property=\"article:published_time\" content=\"2020-08-08T23:28:35+00:00\" \/>\n\t\t<meta property=\"article:modified_time\" content=\"2020-08-08T23:28:35+00:00\" \/>\n\t\t<meta name=\"twitter:card\" content=\"summary_large_image\" \/>\n\t\t<meta name=\"twitter:site\" content=\"@bercodi\" \/>\n\t\t<meta name=\"twitter:title\" content=\"Bundesliga arranca temporada con partido entre el Bayern y el Schalke | El Digital de Asturias\" \/>\n\t\t<meta name=\"twitter:description\" content=\"Fr\u00e1ncfort, 7 ago (dpa) - El Bayern M\u00fanich, campe\u00f3n de la Bundesliga, abrir\u00e1 la temporada 2020\/21 el 18 de septiembre con un partido contra el Schalke, pero s\u00f3lo si no llega a la final de la Liga de Campeones en Lisboa el 23 de agosto, seg\u00fan se desprende del plan publicado hoy por la Liga\" \/>\n\t\t<meta name=\"twitter:creator\" content=\"@bercodi\" \/>\n\t\t<meta name=\"twitter:image\" content=\"https:\/\/eldigitaldeasturias.com\/radio\/wp-content\/uploads\/2018\/04\/arena-1181668_960_720.jpg\" \/>\n\t\t<script type=\"application\/ld+json\" class=\"aioseo-schema\">\n\t\t\t{\"@context\":\"https:\\\/\\\/schema.org\",\"@graph\":[{\"@type\":\"BreadcrumbList\",\"@id\":\"https:\\\/\\\/eldigitaldeasturias.com\\\/radio\\\/bundesliga-arranca-temporada-con-partido-entre-el-bayern-y-el-schalke\\\/#breadcrumblist\",\"itemListElement\":[{\"@type\":\"ListItem\",\"@id\":\"https:\\\/\\\/eldigitaldeasturias.com\\\/radio#listItem\",\"position\":1,\"name\":\"Inicio\",\"item\":\"https:\\\/\\\/eldigitaldeasturias.com\\\/radio\",\"nextItem\":{\"@type\":\"ListItem\",\"@id\":\"https:\\\/\\\/eldigitaldeasturias.com\\\/radio\\\/category\\\/noticias\\\/#listItem\",\"name\":\"Noticias\"}},{\"@type\":\"ListItem\",\"@id\":\"https:\\\/\\\/eldigitaldeasturias.com\\\/radio\\\/category\\\/noticias\\\/#listItem\",\"position\":2,\"name\":\"Noticias\",\"item\":\"https:\\\/\\\/eldigitaldeasturias.com\\\/radio\\\/category\\\/noticias\\\/\",\"nextItem\":{\"@type\":\"ListItem\",\"@id\":\"https:\\\/\\\/eldigitaldeasturias.com\\\/radio\\\/bundesliga-arranca-temporada-con-partido-entre-el-bayern-y-el-schalke\\\/#listItem\",\"name\":\"Bundesliga arranca temporada con partido entre el Bayern y el Schalke\"},\"previousItem\":{\"@type\":\"ListItem\",\"@id\":\"https:\\\/\\\/eldigitaldeasturias.com\\\/radio#listItem\",\"name\":\"Inicio\"}},{\"@type\":\"ListItem\",\"@id\":\"https:\\\/\\\/eldigitaldeasturias.com\\\/radio\\\/bundesliga-arranca-temporada-con-partido-entre-el-bayern-y-el-schalke\\\/#listItem\",\"position\":3,\"name\":\"Bundesliga arranca temporada con partido entre el Bayern y el Schalke\",\"previousItem\":{\"@type\":\"ListItem\",\"@id\":\"https:\\\/\\\/eldigitaldeasturias.com\\\/radio\\\/category\\\/noticias\\\/#listItem\",\"name\":\"Noticias\"}}]},{\"@type\":\"NewsArticle\",\"@id\":\"https:\\\/\\\/eldigitaldeasturias.com\\\/radio\\\/bundesliga-arranca-temporada-con-partido-entre-el-bayern-y-el-schalke\\\/#newsarticle\",\"name\":\"Bundesliga arranca temporada con partido entre el Bayern y el Schalke | El Digital de Asturias\",\"headline\":\"Bundesliga arranca temporada con partido entre el Bayern y el Schalke\",\"author\":{\"@id\":\"https:\\\/\\\/eldigitaldeasturias.com\\\/radio\\\/author\\\/nbasturias\\\/#author\"},\"publisher\":{\"@id\":\"https:\\\/\\\/eldigitaldeasturias.com\\\/radio\\\/#organization\"},\"image\":{\"@type\":\"ImageObject\",\"url\":\"https:\\\/\\\/eldigitaldeasturias.com\\\/radio\\\/wp-content\\\/uploads\\\/2018\\\/04\\\/arena-1181668_960_720.jpg\",\"width\":960,\"height\":640},\"datePublished\":\"2020-08-08T23:28:35+02:00\",\"dateModified\":\"2020-08-08T23:28:35+02:00\",\"inLanguage\":\"es-ES\",\"mainEntityOfPage\":{\"@id\":\"https:\\\/\\\/eldigitaldeasturias.com\\\/radio\\\/bundesliga-arranca-temporada-con-partido-entre-el-bayern-y-el-schalke\\\/#webpage\"},\"isPartOf\":{\"@id\":\"https:\\\/\\\/eldigitaldeasturias.com\\\/radio\\\/bundesliga-arranca-temporada-con-partido-entre-el-bayern-y-el-schalke\\\/#webpage\"},\"articleSection\":\"Noticias\",\"dateline\":\"Publicado el agosto 8, 2020.\"},{\"@type\":\"Organization\",\"@id\":\"https:\\\/\\\/eldigitaldeasturias.com\\\/radio\\\/#organization\",\"name\":\"El digital de Asturias Radio\",\"description\":\"Diario de informaci\\u00f3n y noticias\",\"url\":\"https:\\\/\\\/eldigitaldeasturias.com\\\/radio\\\/\",\"telephone\":\"+34652131393\",\"logo\":{\"@type\":\"ImageObject\",\"url\":\"https:\\\/\\\/www.eldigitaldeasturias.com\\\/radio\\\/wp-content\\\/uploads\\\/2021\\\/03\\\/EDA.jpg\",\"@id\":\"https:\\\/\\\/eldigitaldeasturias.com\\\/radio\\\/bundesliga-arranca-temporada-con-partido-entre-el-bayern-y-el-schalke\\\/#organizationLogo\"},\"image\":{\"@id\":\"https:\\\/\\\/eldigitaldeasturias.com\\\/radio\\\/bundesliga-arranca-temporada-con-partido-entre-el-bayern-y-el-schalke\\\/#organizationLogo\"},\"sameAs\":[\"https:\\\/\\\/www.facebook.com\\\/\",\"https:\\\/\\\/x.com\\\/bercodi\",\"https:\\\/\\\/www.instagram.com\\\/\",\"https:\\\/\\\/www.youtube.com\\\/channel\\\/UCZP-2wLEB9Rv6erhFmqVnvg\"]},{\"@type\":\"Person\",\"@id\":\"https:\\\/\\\/eldigitaldeasturias.com\\\/radio\\\/author\\\/nbasturias\\\/#author\",\"url\":\"https:\\\/\\\/eldigitaldeasturias.com\\\/radio\\\/author\\\/nbasturias\\\/\",\"name\":\"NBAsturias\",\"image\":{\"@type\":\"ImageObject\",\"@id\":\"https:\\\/\\\/eldigitaldeasturias.com\\\/radio\\\/bundesliga-arranca-temporada-con-partido-entre-el-bayern-y-el-schalke\\\/#authorImage\",\"url\":\"https:\\\/\\\/secure.gravatar.com\\\/avatar\\\/df2aeffc32bcd13f8d26072ef8a91b623d677766deac7f97ca815868cd41bf5e?s=96&d=mm&r=g\",\"width\":96,\"height\":96,\"caption\":\"NBAsturias\"}},{\"@type\":\"WebPage\",\"@id\":\"https:\\\/\\\/eldigitaldeasturias.com\\\/radio\\\/bundesliga-arranca-temporada-con-partido-entre-el-bayern-y-el-schalke\\\/#webpage\",\"url\":\"https:\\\/\\\/eldigitaldeasturias.com\\\/radio\\\/bundesliga-arranca-temporada-con-partido-entre-el-bayern-y-el-schalke\\\/\",\"name\":\"Bundesliga arranca temporada con partido entre el Bayern y el Schalke | El Digital de Asturias\",\"description\":\"Fr\\u00e1ncfort, 7 ago (dpa) - El Bayern M\\u00fanich, campe\\u00f3n de la Bundesliga, abrir\\u00e1 la temporada 2020\\\/21 el 18 de septiembre con un partido contra el Schalke, pero s\\u00f3lo si no llega a la final de la Liga de Campeones en Lisboa el 23 de agosto, seg\\u00fan se desprende del plan publicado hoy por la Liga\",\"inLanguage\":\"es-ES\",\"isPartOf\":{\"@id\":\"https:\\\/\\\/eldigitaldeasturias.com\\\/radio\\\/#website\"},\"breadcrumb\":{\"@id\":\"https:\\\/\\\/eldigitaldeasturias.com\\\/radio\\\/bundesliga-arranca-temporada-con-partido-entre-el-bayern-y-el-schalke\\\/#breadcrumblist\"},\"author\":{\"@id\":\"https:\\\/\\\/eldigitaldeasturias.com\\\/radio\\\/author\\\/nbasturias\\\/#author\"},\"creator\":{\"@id\":\"https:\\\/\\\/eldigitaldeasturias.com\\\/radio\\\/author\\\/nbasturias\\\/#author\"},\"image\":{\"@type\":\"ImageObject\",\"url\":\"https:\\\/\\\/eldigitaldeasturias.com\\\/radio\\\/wp-content\\\/uploads\\\/2018\\\/04\\\/arena-1181668_960_720.jpg\",\"@id\":\"https:\\\/\\\/eldigitaldeasturias.com\\\/radio\\\/bundesliga-arranca-temporada-con-partido-entre-el-bayern-y-el-schalke\\\/#mainImage\",\"width\":960,\"height\":640},\"primaryImageOfPage\":{\"@id\":\"https:\\\/\\\/eldigitaldeasturias.com\\\/radio\\\/bundesliga-arranca-temporada-con-partido-entre-el-bayern-y-el-schalke\\\/#mainImage\"},\"datePublished\":\"2020-08-08T23:28:35+02:00\",\"dateModified\":\"2020-08-08T23:28:35+02:00\"},{\"@type\":\"WebSite\",\"@id\":\"https:\\\/\\\/eldigitaldeasturias.com\\\/radio\\\/#website\",\"url\":\"https:\\\/\\\/eldigitaldeasturias.com\\\/radio\\\/\",\"name\":\"El Digital de Asturias\",\"description\":\"Diario de informaci\\u00f3n y noticias\",\"inLanguage\":\"es-ES\",\"publisher\":{\"@id\":\"https:\\\/\\\/eldigitaldeasturias.com\\\/radio\\\/#organization\"}}]}\n\t\t<\/script>\n\t\t<!-- All in One SEO Pro -->\r\n\t\t<title>Bundesliga arranca temporada con partido entre el Bayern y el Schalke | El Digital de Asturias<\/title>\n\n","aioseo_head_json":{"title":"Bundesliga arranca temporada con partido entre el Bayern y el Schalke | El Digital de Asturias","description":"Fr\u00e1ncfort, 7 ago (dpa) - El Bayern M\u00fanich, campe\u00f3n de la Bundesliga, abrir\u00e1 la temporada 2020\/21 el 18 de septiembre con un partido contra el Schalke, pero s\u00f3lo si no llega a la final de la Liga de Campeones en Lisboa el 23 de agosto, seg\u00fan se desprende del plan publicado hoy por la Liga","canonical_url":"https:\/\/eldigitaldeasturias.com\/radio\/bundesliga-arranca-temporada-con-partido-entre-el-bayern-y-el-schalke\/","robots":"max-image-preview:large","keywords":"noticias","webmasterTools":{"google-site-verification":"UA-38556648-1","miscellaneous":""},"schema":{"@context":"https:\/\/schema.org","@graph":[{"@type":"BreadcrumbList","@id":"https:\/\/eldigitaldeasturias.com\/radio\/bundesliga-arranca-temporada-con-partido-entre-el-bayern-y-el-schalke\/#breadcrumblist","itemListElement":[{"@type":"ListItem","@id":"https:\/\/eldigitaldeasturias.com\/radio#listItem","position":1,"name":"Inicio","item":"https:\/\/eldigitaldeasturias.com\/radio","nextItem":{"@type":"ListItem","@id":"https:\/\/eldigitaldeasturias.com\/radio\/category\/noticias\/#listItem","name":"Noticias"}},{"@type":"ListItem","@id":"https:\/\/eldigitaldeasturias.com\/radio\/category\/noticias\/#listItem","position":2,"name":"Noticias","item":"https:\/\/eldigitaldeasturias.com\/radio\/category\/noticias\/","nextItem":{"@type":"ListItem","@id":"https:\/\/eldigitaldeasturias.com\/radio\/bundesliga-arranca-temporada-con-partido-entre-el-bayern-y-el-schalke\/#listItem","name":"Bundesliga arranca temporada con partido entre el Bayern y el Schalke"},"previousItem":{"@type":"ListItem","@id":"https:\/\/eldigitaldeasturias.com\/radio#listItem","name":"Inicio"}},{"@type":"ListItem","@id":"https:\/\/eldigitaldeasturias.com\/radio\/bundesliga-arranca-temporada-con-partido-entre-el-bayern-y-el-schalke\/#listItem","position":3,"name":"Bundesliga arranca temporada con partido entre el Bayern y el Schalke","previousItem":{"@type":"ListItem","@id":"https:\/\/eldigitaldeasturias.com\/radio\/category\/noticias\/#listItem","name":"Noticias"}}]},{"@type":"NewsArticle","@id":"https:\/\/eldigitaldeasturias.com\/radio\/bundesliga-arranca-temporada-con-partido-entre-el-bayern-y-el-schalke\/#newsarticle","name":"Bundesliga arranca temporada con partido entre el Bayern y el Schalke | El Digital de Asturias","headline":"Bundesliga arranca temporada con partido entre el Bayern y el Schalke","author":{"@id":"https:\/\/eldigitaldeasturias.com\/radio\/author\/nbasturias\/#author"},"publisher":{"@id":"https:\/\/eldigitaldeasturias.com\/radio\/#organization"},"image":{"@type":"ImageObject","url":"https:\/\/eldigitaldeasturias.com\/radio\/wp-content\/uploads\/2018\/04\/arena-1181668_960_720.jpg","width":960,"height":640},"datePublished":"2020-08-08T23:28:35+02:00","dateModified":"2020-08-08T23:28:35+02:00","inLanguage":"es-ES","mainEntityOfPage":{"@id":"https:\/\/eldigitaldeasturias.com\/radio\/bundesliga-arranca-temporada-con-partido-entre-el-bayern-y-el-schalke\/#webpage"},"isPartOf":{"@id":"https:\/\/eldigitaldeasturias.com\/radio\/bundesliga-arranca-temporada-con-partido-entre-el-bayern-y-el-schalke\/#webpage"},"articleSection":"Noticias","dateline":"Publicado el agosto 8, 2020."},{"@type":"Organization","@id":"https:\/\/eldigitaldeasturias.com\/radio\/#organization","name":"El digital de Asturias Radio","description":"Diario de informaci\u00f3n y noticias","url":"https:\/\/eldigitaldeasturias.com\/radio\/","telephone":"+34652131393","logo":{"@type":"ImageObject","url":"https:\/\/www.eldigitaldeasturias.com\/radio\/wp-content\/uploads\/2021\/03\/EDA.jpg","@id":"https:\/\/eldigitaldeasturias.com\/radio\/bundesliga-arranca-temporada-con-partido-entre-el-bayern-y-el-schalke\/#organizationLogo"},"image":{"@id":"https:\/\/eldigitaldeasturias.com\/radio\/bundesliga-arranca-temporada-con-partido-entre-el-bayern-y-el-schalke\/#organizationLogo"},"sameAs":["https:\/\/www.facebook.com\/","https:\/\/x.com\/bercodi","https:\/\/www.instagram.com\/","https:\/\/www.youtube.com\/channel\/UCZP-2wLEB9Rv6erhFmqVnvg"]},{"@type":"Person","@id":"https:\/\/eldigitaldeasturias.com\/radio\/author\/nbasturias\/#author","url":"https:\/\/eldigitaldeasturias.com\/radio\/author\/nbasturias\/","name":"NBAsturias","image":{"@type":"ImageObject","@id":"https:\/\/eldigitaldeasturias.com\/radio\/bundesliga-arranca-temporada-con-partido-entre-el-bayern-y-el-schalke\/#authorImage","url":"https:\/\/secure.gravatar.com\/avatar\/df2aeffc32bcd13f8d26072ef8a91b623d677766deac7f97ca815868cd41bf5e?s=96&d=mm&r=g","width":96,"height":96,"caption":"NBAsturias"}},{"@type":"WebPage","@id":"https:\/\/eldigitaldeasturias.com\/radio\/bundesliga-arranca-temporada-con-partido-entre-el-bayern-y-el-schalke\/#webpage","url":"https:\/\/eldigitaldeasturias.com\/radio\/bundesliga-arranca-temporada-con-partido-entre-el-bayern-y-el-schalke\/","name":"Bundesliga arranca temporada con partido entre el Bayern y el Schalke | El Digital de Asturias","description":"Fr\u00e1ncfort, 7 ago (dpa) - El Bayern M\u00fanich, campe\u00f3n de la Bundesliga, abrir\u00e1 la temporada 2020\/21 el 18 de septiembre con un partido contra el Schalke, pero s\u00f3lo si no llega a la final de la Liga de Campeones en Lisboa el 23 de agosto, seg\u00fan se desprende del plan publicado hoy por la Liga","inLanguage":"es-ES","isPartOf":{"@id":"https:\/\/eldigitaldeasturias.com\/radio\/#website"},"breadcrumb":{"@id":"https:\/\/eldigitaldeasturias.com\/radio\/bundesliga-arranca-temporada-con-partido-entre-el-bayern-y-el-schalke\/#breadcrumblist"},"author":{"@id":"https:\/\/eldigitaldeasturias.com\/radio\/author\/nbasturias\/#author"},"creator":{"@id":"https:\/\/eldigitaldeasturias.com\/radio\/author\/nbasturias\/#author"},"image":{"@type":"ImageObject","url":"https:\/\/eldigitaldeasturias.com\/radio\/wp-content\/uploads\/2018\/04\/arena-1181668_960_720.jpg","@id":"https:\/\/eldigitaldeasturias.com\/radio\/bundesliga-arranca-temporada-con-partido-entre-el-bayern-y-el-schalke\/#mainImage","width":960,"height":640},"primaryImageOfPage":{"@id":"https:\/\/eldigitaldeasturias.com\/radio\/bundesliga-arranca-temporada-con-partido-entre-el-bayern-y-el-schalke\/#mainImage"},"datePublished":"2020-08-08T23:28:35+02:00","dateModified":"2020-08-08T23:28:35+02:00"},{"@type":"WebSite","@id":"https:\/\/eldigitaldeasturias.com\/radio\/#website","url":"https:\/\/eldigitaldeasturias.com\/radio\/","name":"El Digital de Asturias","description":"Diario de informaci\u00f3n y noticias","inLanguage":"es-ES","publisher":{"@id":"https:\/\/eldigitaldeasturias.com\/radio\/#organization"}}]},"og:locale":"es_ES","og:site_name":"El Digital de Asturias | Diario de informaci\u00f3n y noticias","og:type":"article","og:title":"Bundesliga arranca temporada con partido entre el Bayern y el Schalke | El Digital de Asturias","og:description":"Fr\u00e1ncfort, 7 ago (dpa) - El Bayern M\u00fanich, campe\u00f3n de la Bundesliga, abrir\u00e1 la temporada 2020\/21 el 18 de septiembre con un partido contra el Schalke, pero s\u00f3lo si no llega a la final de la Liga de Campeones en Lisboa el 23 de agosto, seg\u00fan se desprende del plan publicado hoy por la Liga","og:url":"https:\/\/eldigitaldeasturias.com\/radio\/bundesliga-arranca-temporada-con-partido-entre-el-bayern-y-el-schalke\/","og:image":"https:\/\/eldigitaldeasturias.com\/radio\/wp-content\/uploads\/2018\/04\/arena-1181668_960_720.jpg","og:image:secure_url":"https:\/\/eldigitaldeasturias.com\/radio\/wp-content\/uploads\/2018\/04\/arena-1181668_960_720.jpg","og:image:width":960,"og:image:height":640,"article:published_time":"2020-08-08T23:28:35+00:00","article:modified_time":"2020-08-08T23:28:35+00:00","twitter:card":"summary_large_image","twitter:site":"@bercodi","twitter:title":"Bundesliga arranca temporada con partido entre el Bayern y el Schalke | El Digital de Asturias","twitter:description":"Fr\u00e1ncfort, 7 ago (dpa) - El Bayern M\u00fanich, campe\u00f3n de la Bundesliga, abrir\u00e1 la temporada 2020\/21 el 18 de septiembre con un partido contra el Schalke, pero s\u00f3lo si no llega a la final de la Liga de Campeones en Lisboa el 23 de agosto, seg\u00fan se desprende del plan publicado hoy por la Liga","twitter:creator":"@bercodi","twitter:image":"https:\/\/eldigitaldeasturias.com\/radio\/wp-content\/uploads\/2018\/04\/arena-1181668_960_720.jpg"},"aioseo_meta_data":{"post_id":"4855","title":null,"description":"","keywords":"","keyphrases":null,"primary_term":null,"canonical_url":"","og_title":null,"og_description":null,"og_object_type":"default","og_image_type":"default","og_image_url":null,"og_image_width":null,"og_image_height":null,"og_image_custom_url":null,"og_image_custom_fields":null,"og_video":null,"og_custom_url":null,"og_article_section":null,"og_article_tags":null,"twitter_use_og":false,"twitter_card":"default","twitter_image_type":"default","twitter_image_url":null,"twitter_image_custom_url":null,"twitter_image_custom_fields":null,"twitter_title":null,"twitter_description":null,"schema":{"blockGraphs":[],"customGraphs":[],"default":{"data":{"Article":[],"Course":[],"Dataset":[],"FAQPage":[],"Movie":[],"Person":[],"Product":[],"ProductReview":[],"Car":[],"Recipe":[],"Service":[],"SoftwareApplication":[],"WebPage":[]},"graphName":"","isEnabled":true},"graphs":[],"defaultGraph":"","defaultPostTypeGraph":""},"schema_type":null,"schema_type_options":null,"pillar_content":false,"robots_default":true,"robots_noindex":false,"robots_noarchive":false,"robots_nosnippet":false,"robots_nofollow":false,"robots_noimageindex":false,"robots_noodp":false,"robots_notranslate":false,"robots_max_snippet":null,"robots_max_videopreview":null,"robots_max_imagepreview":"large","priority":null,"frequency":null,"location":null,"local_seo":null,"seo_analyzer_scan_date":"2025-08-28 16:47:59","breadcrumb_settings":null,"limit_modified_date":false,"open_ai":null,"ai":null,"created":"2021-03-25 22:48:24","updated":"2025-08-28 16:47:59"},"aioseo_breadcrumb":"<div class=\"aioseo-breadcrumbs\"><span class=\"aioseo-breadcrumb\">\n\t<a href=\"https:\/\/eldigitaldeasturias.com\/radio\" title=\"Inicio\">Inicio<\/a>\n<\/span><span class=\"aioseo-breadcrumb-separator\">&ndash;<\/span><span class=\"aioseo-breadcrumb\">\n\t<a href=\"https:\/\/eldigitaldeasturias.com\/radio\/category\/noticias\/\" title=\"Noticias\">Noticias<\/a>\n<\/span><span class=\"aioseo-breadcrumb-separator\">&ndash;<\/span><span class=\"aioseo-breadcrumb\">\n\tBundesliga arranca temporada con partido entre el Bayern y el Schalke\n<\/span><\/div>","aioseo_breadcrumb_json":[{"label":"Inicio","link":"https:\/\/eldigitaldeasturias.com\/radio"},{"label":"Noticias","link":"https:\/\/eldigitaldeasturias.com\/radio\/category\/noticias\/"},{"label":"Bundesliga arranca temporada con partido entre el Bayern y el Schalke","link":"https:\/\/eldigitaldeasturias.com\/radio\/bundesliga-arranca-temporada-con-partido-entre-el-bayern-y-el-schalke\/"}],"_links":{"self":[{"href":"https:\/\/eldigitaldeasturias.com\/radio\/wp-json\/wp\/v2\/posts\/4855","targetHints":{"allow":["GET"]}}],"collection":[{"href":"https:\/\/eldigitaldeasturias.com\/radio\/wp-json\/wp\/v2\/posts"}],"about":[{"href":"https:\/\/eldigitaldeasturias.com\/radio\/wp-json\/wp\/v2\/types\/post"}],"author":[{"embeddable":true,"href":"https:\/\/eldigitaldeasturias.com\/radio\/wp-json\/wp\/v2\/users\/1"}],"replies":[{"embeddable":true,"href":"https:\/\/eldigitaldeasturias.com\/radio\/wp-json\/wp\/v2\/comments?post=4855"}],"version-history":[{"count":0,"href":"https:\/\/eldigitaldeasturias.com\/radio\/wp-json\/wp\/v2\/posts\/4855\/revisions"}],"wp:featuredmedia":[{"embeddable":true,"href":"https:\/\/eldigitaldeasturias.com\/radio\/wp-json\/wp\/v2\/media\/812"}],"wp:attachment":[{"href":"https:\/\/eldigitaldeasturias.com\/radio\/wp-json\/wp\/v2\/media?parent=4855"}],"wp:term":[{"taxonomy":"category","embeddable":true,"href":"https:\/\/eldigitaldeasturias.com\/radio\/wp-json\/wp\/v2\/categories?post=4855"},{"taxonomy":"post_tag","embeddable":true,"href":"https:\/\/eldigitaldeasturias.com\/radio\/wp-json\/wp\/v2\/tags?post=4855"}],"curies":[{"name":"wp","href":"https:\/\/api.w.org\/{rel}","templated":true}]}}