{"id":4853,"date":"2020-08-08T23:10:58","date_gmt":"2020-08-08T23:10:58","guid":{"rendered":"http:\/\/www.eldigitaldeasturias.com\/radio\/?p=4853"},"modified":"2020-08-08T23:10:58","modified_gmt":"2020-08-08T23:10:58","slug":"ministro-aleman-de-rree-pide-voluntad-de-reforma-a-gobierno-libanes","status":"publish","type":"post","link":"https:\/\/eldigitaldeasturias.com\/radio\/ministro-aleman-de-rree-pide-voluntad-de-reforma-a-gobierno-libanes\/","title":{"rendered":"Ministro alem\u00e1n de RREE pide \u00abvoluntad de reforma\u00bb a gobierno liban\u00e9s"},"content":{"rendered":"<p><img fetchpriority=\"high\" decoding=\"async\" class=\"alignleft size-medium wp-image-1352\" src=\"http:\/\/www.eldigitaldeasturias.com\/radio\/wp-content\/uploads\/2018\/10\/technology-785742_960_720-360x240.jpg\" alt=\"\" width=\"360\" height=\"240\" srcset=\"https:\/\/eldigitaldeasturias.com\/radio\/wp-content\/uploads\/2018\/10\/technology-785742_960_720-360x240.jpg 360w, https:\/\/eldigitaldeasturias.com\/radio\/wp-content\/uploads\/2018\/10\/technology-785742_960_720-768x512.jpg 768w, https:\/\/eldigitaldeasturias.com\/radio\/wp-content\/uploads\/2018\/10\/technology-785742_960_720.jpg 960w\" sizes=\"(max-width: 360px) 100vw, 360px\" \/>Berl\u00edn, 7 ago (dpa) &#8211; El ministro de Relaciones Exteriores de Alemania, Heiko Maas, exigi\u00f3 \u00abuna aut\u00e9ntica voluntad de reforma\u00bb al gobierno liban\u00e9s tras la explosi\u00f3n ocurrida el martes en el puerto de Beirut, en declaraciones que publica hoy el diario \u00abSaarbr\u00fccker Zeitung\u00bb.<\/p>\n<p>\u00abEn el L\u00edbano, los dirigentes pol\u00edticos no han logrado hasta ahora abordar de manera contundente las reformas urgentes que se necesitan en el sector econ\u00f3mico y financiero\u00bb, se\u00f1al\u00f3 Maas.<\/p>\n<p>Al mismo tiempo, asegur\u00f3 el apoyo alem\u00e1n en las negociaciones del L\u00edbano con el Fondo Monetario Internacional (FMI) para un programa de rescate financiero como medio para paliar la crisis econ\u00f3mica que incluye ayuda para la cat\u00e1strofe causada por la explosi\u00f3n.<\/p>\n<p>Maas agreg\u00f3 que muchos libaneses tienen ahora miedos existenciales, tras la detonaci\u00f3n que caus\u00f3 la muerte de al menos 149 personas y heridas a otras 5.000. El ministro a\u00f1adi\u00f3 que, por lo tanto, la primera prioridad es aliviar las necesidades m\u00e1s urgentes. \u00abCada segundo cuenta\u00bb, dijo, acotando que un equipo de la Agencia Alemana de Asistencia T\u00e9cnica ya hab\u00eda viajado a Beirut el mi\u00e9rcoles por la noche para prestar asistencia en la cat\u00e1strofe.<\/p>\n","protected":false},"excerpt":{"rendered":"<p>Berl\u00edn, 7 ago (dpa) &#8211; El ministro de Relaciones Exteriores de Alemania, Heiko Maas, exigi\u00f3 \u00abuna aut\u00e9ntica voluntad de reforma\u00bb al gobierno liban\u00e9s tras la explosi\u00f3n ocurrida el martes en el puerto de Beirut, en declaraciones que publica hoy el diario \u00abSaarbr\u00fccker Zeitung\u00bb. \u00abEn el L\u00edbano, los dirigentes pol\u00edticos no han logrado hasta ahora abordar<\/p>\n","protected":false},"author":1,"featured_media":1352,"comment_status":"closed","ping_status":"closed","sticky":false,"template":"","format":"standard","meta":{"footnotes":""},"categories":[1],"tags":[],"class_list":{"0":"post-4853","1":"post","2":"type-post","3":"status-publish","4":"format-standard","5":"has-post-thumbnail","7":"category-noticias"},"aioseo_notices":[],"aioseo_head":"\n\t\t<!-- All in One SEO Pro 4.9.6.2 - aioseo.com -->\n\t<meta name=\"description\" content=\"Berl\u00edn, 7 ago (dpa) - El ministro de Relaciones Exteriores de Alemania, Heiko Maas, exigi\u00f3 &quot;una aut\u00e9ntica voluntad de reforma&quot; al gobierno liban\u00e9s tras la explosi\u00f3n ocurrida el martes en el puerto de Beirut, en declaraciones que publica hoy el diario &quot;Saarbr\u00fccker Zeitung&quot;. &quot;En el L\u00edbano, los dirigentes pol\u00edticos no han logrado hasta ahora abordar\" \/>\n\t<meta name=\"robots\" content=\"max-image-preview:large\" \/>\n\t<meta name=\"author\" content=\"NBAsturias\"\/>\n\t<meta name=\"google-site-verification\" content=\"UA-38556648-1\" \/>\n\t<meta name=\"keywords\" content=\"noticias\" \/>\n\t<link rel=\"canonical\" href=\"https:\/\/eldigitaldeasturias.com\/radio\/ministro-aleman-de-rree-pide-voluntad-de-reforma-a-gobierno-libanes\/\" \/>\n\t<meta name=\"generator\" content=\"All in One SEO Pro (AIOSEO) 4.9.6.2\" \/>\n\t\t<meta property=\"og:locale\" content=\"es_ES\" \/>\n\t\t<meta property=\"og:site_name\" content=\"El Digital de Asturias | Diario de informaci\u00f3n y noticias\" \/>\n\t\t<meta property=\"og:type\" content=\"article\" \/>\n\t\t<meta property=\"og:title\" content=\"Ministro alem\u00e1n de RREE pide \u00abvoluntad de reforma\u00bb a gobierno liban\u00e9s | El Digital de Asturias\" \/>\n\t\t<meta property=\"og:description\" content=\"Berl\u00edn, 7 ago (dpa) - El ministro de Relaciones Exteriores de Alemania, Heiko Maas, exigi\u00f3 &quot;una aut\u00e9ntica voluntad de reforma&quot; al gobierno liban\u00e9s tras la explosi\u00f3n ocurrida el martes en el puerto de Beirut, en declaraciones que publica hoy el diario &quot;Saarbr\u00fccker Zeitung&quot;. &quot;En el L\u00edbano, los dirigentes pol\u00edticos no han logrado hasta ahora abordar\" \/>\n\t\t<meta property=\"og:url\" content=\"https:\/\/eldigitaldeasturias.com\/radio\/ministro-aleman-de-rree-pide-voluntad-de-reforma-a-gobierno-libanes\/\" \/>\n\t\t<meta property=\"og:image\" content=\"https:\/\/eldigitaldeasturias.com\/radio\/wp-content\/uploads\/2018\/10\/technology-785742_960_720.jpg\" \/>\n\t\t<meta property=\"og:image:secure_url\" content=\"https:\/\/eldigitaldeasturias.com\/radio\/wp-content\/uploads\/2018\/10\/technology-785742_960_720.jpg\" \/>\n\t\t<meta property=\"og:image:width\" content=\"960\" \/>\n\t\t<meta property=\"og:image:height\" content=\"640\" \/>\n\t\t<meta property=\"article:published_time\" content=\"2020-08-08T23:10:58+00:00\" \/>\n\t\t<meta property=\"article:modified_time\" content=\"2020-08-08T23:10:58+00:00\" \/>\n\t\t<meta name=\"twitter:card\" content=\"summary_large_image\" \/>\n\t\t<meta name=\"twitter:site\" content=\"@bercodi\" \/>\n\t\t<meta name=\"twitter:title\" content=\"Ministro alem\u00e1n de RREE pide \u00abvoluntad de reforma\u00bb a gobierno liban\u00e9s | El Digital de Asturias\" \/>\n\t\t<meta name=\"twitter:description\" content=\"Berl\u00edn, 7 ago (dpa) - El ministro de Relaciones Exteriores de Alemania, Heiko Maas, exigi\u00f3 &quot;una aut\u00e9ntica voluntad de reforma&quot; al gobierno liban\u00e9s tras la explosi\u00f3n ocurrida el martes en el puerto de Beirut, en declaraciones que publica hoy el diario &quot;Saarbr\u00fccker Zeitung&quot;. &quot;En el L\u00edbano, los dirigentes pol\u00edticos no han logrado hasta ahora abordar\" \/>\n\t\t<meta name=\"twitter:creator\" content=\"@bercodi\" \/>\n\t\t<meta name=\"twitter:image\" content=\"https:\/\/eldigitaldeasturias.com\/radio\/wp-content\/uploads\/2018\/10\/technology-785742_960_720.jpg\" \/>\n\t\t<script type=\"application\/ld+json\" class=\"aioseo-schema\">\n\t\t\t{\"@context\":\"https:\\\/\\\/schema.org\",\"@graph\":[{\"@type\":\"BreadcrumbList\",\"@id\":\"https:\\\/\\\/eldigitaldeasturias.com\\\/radio\\\/ministro-aleman-de-rree-pide-voluntad-de-reforma-a-gobierno-libanes\\\/#breadcrumblist\",\"itemListElement\":[{\"@type\":\"ListItem\",\"@id\":\"https:\\\/\\\/eldigitaldeasturias.com\\\/radio#listItem\",\"position\":1,\"name\":\"Inicio\",\"item\":\"https:\\\/\\\/eldigitaldeasturias.com\\\/radio\",\"nextItem\":{\"@type\":\"ListItem\",\"@id\":\"https:\\\/\\\/eldigitaldeasturias.com\\\/radio\\\/category\\\/noticias\\\/#listItem\",\"name\":\"Noticias\"}},{\"@type\":\"ListItem\",\"@id\":\"https:\\\/\\\/eldigitaldeasturias.com\\\/radio\\\/category\\\/noticias\\\/#listItem\",\"position\":2,\"name\":\"Noticias\",\"item\":\"https:\\\/\\\/eldigitaldeasturias.com\\\/radio\\\/category\\\/noticias\\\/\",\"nextItem\":{\"@type\":\"ListItem\",\"@id\":\"https:\\\/\\\/eldigitaldeasturias.com\\\/radio\\\/ministro-aleman-de-rree-pide-voluntad-de-reforma-a-gobierno-libanes\\\/#listItem\",\"name\":\"Ministro alem\\u00e1n de RREE pide \\u00abvoluntad de reforma\\u00bb a gobierno liban\\u00e9s\"},\"previousItem\":{\"@type\":\"ListItem\",\"@id\":\"https:\\\/\\\/eldigitaldeasturias.com\\\/radio#listItem\",\"name\":\"Inicio\"}},{\"@type\":\"ListItem\",\"@id\":\"https:\\\/\\\/eldigitaldeasturias.com\\\/radio\\\/ministro-aleman-de-rree-pide-voluntad-de-reforma-a-gobierno-libanes\\\/#listItem\",\"position\":3,\"name\":\"Ministro alem\\u00e1n de RREE pide \\u00abvoluntad de reforma\\u00bb a gobierno liban\\u00e9s\",\"previousItem\":{\"@type\":\"ListItem\",\"@id\":\"https:\\\/\\\/eldigitaldeasturias.com\\\/radio\\\/category\\\/noticias\\\/#listItem\",\"name\":\"Noticias\"}}]},{\"@type\":\"NewsArticle\",\"@id\":\"https:\\\/\\\/eldigitaldeasturias.com\\\/radio\\\/ministro-aleman-de-rree-pide-voluntad-de-reforma-a-gobierno-libanes\\\/#newsarticle\",\"name\":\"Ministro alem\\u00e1n de RREE pide \\u00abvoluntad de reforma\\u00bb a gobierno liban\\u00e9s | El Digital de Asturias\",\"headline\":\"Ministro alem\\u00e1n de RREE pide \\u00abvoluntad de reforma\\u00bb a gobierno liban\\u00e9s\",\"author\":{\"@id\":\"https:\\\/\\\/eldigitaldeasturias.com\\\/radio\\\/author\\\/nbasturias\\\/#author\"},\"publisher\":{\"@id\":\"https:\\\/\\\/eldigitaldeasturias.com\\\/radio\\\/#organization\"},\"image\":{\"@type\":\"ImageObject\",\"url\":\"https:\\\/\\\/eldigitaldeasturias.com\\\/radio\\\/wp-content\\\/uploads\\\/2018\\\/10\\\/technology-785742_960_720.jpg\",\"width\":960,\"height\":640},\"datePublished\":\"2020-08-08T23:10:58+02:00\",\"dateModified\":\"2020-08-08T23:10:58+02:00\",\"inLanguage\":\"es-ES\",\"mainEntityOfPage\":{\"@id\":\"https:\\\/\\\/eldigitaldeasturias.com\\\/radio\\\/ministro-aleman-de-rree-pide-voluntad-de-reforma-a-gobierno-libanes\\\/#webpage\"},\"isPartOf\":{\"@id\":\"https:\\\/\\\/eldigitaldeasturias.com\\\/radio\\\/ministro-aleman-de-rree-pide-voluntad-de-reforma-a-gobierno-libanes\\\/#webpage\"},\"articleSection\":\"Noticias\",\"dateline\":\"Publicado el agosto 8, 2020.\"},{\"@type\":\"Organization\",\"@id\":\"https:\\\/\\\/eldigitaldeasturias.com\\\/radio\\\/#organization\",\"name\":\"El digital de Asturias Radio\",\"description\":\"Diario de informaci\\u00f3n y noticias\",\"url\":\"https:\\\/\\\/eldigitaldeasturias.com\\\/radio\\\/\",\"telephone\":\"+34652131393\",\"logo\":{\"@type\":\"ImageObject\",\"url\":\"https:\\\/\\\/www.eldigitaldeasturias.com\\\/radio\\\/wp-content\\\/uploads\\\/2021\\\/03\\\/EDA.jpg\",\"@id\":\"https:\\\/\\\/eldigitaldeasturias.com\\\/radio\\\/ministro-aleman-de-rree-pide-voluntad-de-reforma-a-gobierno-libanes\\\/#organizationLogo\"},\"image\":{\"@id\":\"https:\\\/\\\/eldigitaldeasturias.com\\\/radio\\\/ministro-aleman-de-rree-pide-voluntad-de-reforma-a-gobierno-libanes\\\/#organizationLogo\"},\"sameAs\":[\"https:\\\/\\\/www.facebook.com\\\/\",\"https:\\\/\\\/x.com\\\/bercodi\",\"https:\\\/\\\/www.instagram.com\\\/\",\"https:\\\/\\\/www.youtube.com\\\/channel\\\/UCZP-2wLEB9Rv6erhFmqVnvg\"]},{\"@type\":\"Person\",\"@id\":\"https:\\\/\\\/eldigitaldeasturias.com\\\/radio\\\/author\\\/nbasturias\\\/#author\",\"url\":\"https:\\\/\\\/eldigitaldeasturias.com\\\/radio\\\/author\\\/nbasturias\\\/\",\"name\":\"NBAsturias\",\"image\":{\"@type\":\"ImageObject\",\"@id\":\"https:\\\/\\\/eldigitaldeasturias.com\\\/radio\\\/ministro-aleman-de-rree-pide-voluntad-de-reforma-a-gobierno-libanes\\\/#authorImage\",\"url\":\"https:\\\/\\\/secure.gravatar.com\\\/avatar\\\/df2aeffc32bcd13f8d26072ef8a91b623d677766deac7f97ca815868cd41bf5e?s=96&d=mm&r=g\",\"width\":96,\"height\":96,\"caption\":\"NBAsturias\"}},{\"@type\":\"WebPage\",\"@id\":\"https:\\\/\\\/eldigitaldeasturias.com\\\/radio\\\/ministro-aleman-de-rree-pide-voluntad-de-reforma-a-gobierno-libanes\\\/#webpage\",\"url\":\"https:\\\/\\\/eldigitaldeasturias.com\\\/radio\\\/ministro-aleman-de-rree-pide-voluntad-de-reforma-a-gobierno-libanes\\\/\",\"name\":\"Ministro alem\\u00e1n de RREE pide \\u00abvoluntad de reforma\\u00bb a gobierno liban\\u00e9s | El Digital de Asturias\",\"description\":\"Berl\\u00edn, 7 ago (dpa) - El ministro de Relaciones Exteriores de Alemania, Heiko Maas, exigi\\u00f3 \\\"una aut\\u00e9ntica voluntad de reforma\\\" al gobierno liban\\u00e9s tras la explosi\\u00f3n ocurrida el martes en el puerto de Beirut, en declaraciones que publica hoy el diario \\\"Saarbr\\u00fccker Zeitung\\\". \\\"En el L\\u00edbano, los dirigentes pol\\u00edticos no han logrado hasta ahora abordar\",\"inLanguage\":\"es-ES\",\"isPartOf\":{\"@id\":\"https:\\\/\\\/eldigitaldeasturias.com\\\/radio\\\/#website\"},\"breadcrumb\":{\"@id\":\"https:\\\/\\\/eldigitaldeasturias.com\\\/radio\\\/ministro-aleman-de-rree-pide-voluntad-de-reforma-a-gobierno-libanes\\\/#breadcrumblist\"},\"author\":{\"@id\":\"https:\\\/\\\/eldigitaldeasturias.com\\\/radio\\\/author\\\/nbasturias\\\/#author\"},\"creator\":{\"@id\":\"https:\\\/\\\/eldigitaldeasturias.com\\\/radio\\\/author\\\/nbasturias\\\/#author\"},\"image\":{\"@type\":\"ImageObject\",\"url\":\"https:\\\/\\\/eldigitaldeasturias.com\\\/radio\\\/wp-content\\\/uploads\\\/2018\\\/10\\\/technology-785742_960_720.jpg\",\"@id\":\"https:\\\/\\\/eldigitaldeasturias.com\\\/radio\\\/ministro-aleman-de-rree-pide-voluntad-de-reforma-a-gobierno-libanes\\\/#mainImage\",\"width\":960,\"height\":640},\"primaryImageOfPage\":{\"@id\":\"https:\\\/\\\/eldigitaldeasturias.com\\\/radio\\\/ministro-aleman-de-rree-pide-voluntad-de-reforma-a-gobierno-libanes\\\/#mainImage\"},\"datePublished\":\"2020-08-08T23:10:58+02:00\",\"dateModified\":\"2020-08-08T23:10:58+02:00\"},{\"@type\":\"WebSite\",\"@id\":\"https:\\\/\\\/eldigitaldeasturias.com\\\/radio\\\/#website\",\"url\":\"https:\\\/\\\/eldigitaldeasturias.com\\\/radio\\\/\",\"name\":\"El Digital de Asturias\",\"description\":\"Diario de informaci\\u00f3n y noticias\",\"inLanguage\":\"es-ES\",\"publisher\":{\"@id\":\"https:\\\/\\\/eldigitaldeasturias.com\\\/radio\\\/#organization\"}}]}\n\t\t<\/script>\n\t\t<!-- All in One SEO Pro -->\r\n\t\t<title>Ministro alem\u00e1n de RREE pide \u00abvoluntad de reforma\u00bb a gobierno liban\u00e9s | El Digital de Asturias<\/title>\n\n","aioseo_head_json":{"title":"Ministro alem\u00e1n de RREE pide \u00abvoluntad de reforma\u00bb a gobierno liban\u00e9s | El Digital de Asturias","description":"Berl\u00edn, 7 ago (dpa) - El ministro de Relaciones Exteriores de Alemania, Heiko Maas, exigi\u00f3 \"una aut\u00e9ntica voluntad de reforma\" al gobierno liban\u00e9s tras la explosi\u00f3n ocurrida el martes en el puerto de Beirut, en declaraciones que publica hoy el diario \"Saarbr\u00fccker Zeitung\". \"En el L\u00edbano, los dirigentes pol\u00edticos no han logrado hasta ahora abordar","canonical_url":"https:\/\/eldigitaldeasturias.com\/radio\/ministro-aleman-de-rree-pide-voluntad-de-reforma-a-gobierno-libanes\/","robots":"max-image-preview:large","keywords":"noticias","webmasterTools":{"google-site-verification":"UA-38556648-1","miscellaneous":""},"schema":{"@context":"https:\/\/schema.org","@graph":[{"@type":"BreadcrumbList","@id":"https:\/\/eldigitaldeasturias.com\/radio\/ministro-aleman-de-rree-pide-voluntad-de-reforma-a-gobierno-libanes\/#breadcrumblist","itemListElement":[{"@type":"ListItem","@id":"https:\/\/eldigitaldeasturias.com\/radio#listItem","position":1,"name":"Inicio","item":"https:\/\/eldigitaldeasturias.com\/radio","nextItem":{"@type":"ListItem","@id":"https:\/\/eldigitaldeasturias.com\/radio\/category\/noticias\/#listItem","name":"Noticias"}},{"@type":"ListItem","@id":"https:\/\/eldigitaldeasturias.com\/radio\/category\/noticias\/#listItem","position":2,"name":"Noticias","item":"https:\/\/eldigitaldeasturias.com\/radio\/category\/noticias\/","nextItem":{"@type":"ListItem","@id":"https:\/\/eldigitaldeasturias.com\/radio\/ministro-aleman-de-rree-pide-voluntad-de-reforma-a-gobierno-libanes\/#listItem","name":"Ministro alem\u00e1n de RREE pide \u00abvoluntad de reforma\u00bb a gobierno liban\u00e9s"},"previousItem":{"@type":"ListItem","@id":"https:\/\/eldigitaldeasturias.com\/radio#listItem","name":"Inicio"}},{"@type":"ListItem","@id":"https:\/\/eldigitaldeasturias.com\/radio\/ministro-aleman-de-rree-pide-voluntad-de-reforma-a-gobierno-libanes\/#listItem","position":3,"name":"Ministro alem\u00e1n de RREE pide \u00abvoluntad de reforma\u00bb a gobierno liban\u00e9s","previousItem":{"@type":"ListItem","@id":"https:\/\/eldigitaldeasturias.com\/radio\/category\/noticias\/#listItem","name":"Noticias"}}]},{"@type":"NewsArticle","@id":"https:\/\/eldigitaldeasturias.com\/radio\/ministro-aleman-de-rree-pide-voluntad-de-reforma-a-gobierno-libanes\/#newsarticle","name":"Ministro alem\u00e1n de RREE pide \u00abvoluntad de reforma\u00bb a gobierno liban\u00e9s | El Digital de Asturias","headline":"Ministro alem\u00e1n de RREE pide \u00abvoluntad de reforma\u00bb a gobierno liban\u00e9s","author":{"@id":"https:\/\/eldigitaldeasturias.com\/radio\/author\/nbasturias\/#author"},"publisher":{"@id":"https:\/\/eldigitaldeasturias.com\/radio\/#organization"},"image":{"@type":"ImageObject","url":"https:\/\/eldigitaldeasturias.com\/radio\/wp-content\/uploads\/2018\/10\/technology-785742_960_720.jpg","width":960,"height":640},"datePublished":"2020-08-08T23:10:58+02:00","dateModified":"2020-08-08T23:10:58+02:00","inLanguage":"es-ES","mainEntityOfPage":{"@id":"https:\/\/eldigitaldeasturias.com\/radio\/ministro-aleman-de-rree-pide-voluntad-de-reforma-a-gobierno-libanes\/#webpage"},"isPartOf":{"@id":"https:\/\/eldigitaldeasturias.com\/radio\/ministro-aleman-de-rree-pide-voluntad-de-reforma-a-gobierno-libanes\/#webpage"},"articleSection":"Noticias","dateline":"Publicado el agosto 8, 2020."},{"@type":"Organization","@id":"https:\/\/eldigitaldeasturias.com\/radio\/#organization","name":"El digital de Asturias Radio","description":"Diario de informaci\u00f3n y noticias","url":"https:\/\/eldigitaldeasturias.com\/radio\/","telephone":"+34652131393","logo":{"@type":"ImageObject","url":"https:\/\/www.eldigitaldeasturias.com\/radio\/wp-content\/uploads\/2021\/03\/EDA.jpg","@id":"https:\/\/eldigitaldeasturias.com\/radio\/ministro-aleman-de-rree-pide-voluntad-de-reforma-a-gobierno-libanes\/#organizationLogo"},"image":{"@id":"https:\/\/eldigitaldeasturias.com\/radio\/ministro-aleman-de-rree-pide-voluntad-de-reforma-a-gobierno-libanes\/#organizationLogo"},"sameAs":["https:\/\/www.facebook.com\/","https:\/\/x.com\/bercodi","https:\/\/www.instagram.com\/","https:\/\/www.youtube.com\/channel\/UCZP-2wLEB9Rv6erhFmqVnvg"]},{"@type":"Person","@id":"https:\/\/eldigitaldeasturias.com\/radio\/author\/nbasturias\/#author","url":"https:\/\/eldigitaldeasturias.com\/radio\/author\/nbasturias\/","name":"NBAsturias","image":{"@type":"ImageObject","@id":"https:\/\/eldigitaldeasturias.com\/radio\/ministro-aleman-de-rree-pide-voluntad-de-reforma-a-gobierno-libanes\/#authorImage","url":"https:\/\/secure.gravatar.com\/avatar\/df2aeffc32bcd13f8d26072ef8a91b623d677766deac7f97ca815868cd41bf5e?s=96&d=mm&r=g","width":96,"height":96,"caption":"NBAsturias"}},{"@type":"WebPage","@id":"https:\/\/eldigitaldeasturias.com\/radio\/ministro-aleman-de-rree-pide-voluntad-de-reforma-a-gobierno-libanes\/#webpage","url":"https:\/\/eldigitaldeasturias.com\/radio\/ministro-aleman-de-rree-pide-voluntad-de-reforma-a-gobierno-libanes\/","name":"Ministro alem\u00e1n de RREE pide \u00abvoluntad de reforma\u00bb a gobierno liban\u00e9s | El Digital de Asturias","description":"Berl\u00edn, 7 ago (dpa) - El ministro de Relaciones Exteriores de Alemania, Heiko Maas, exigi\u00f3 \"una aut\u00e9ntica voluntad de reforma\" al gobierno liban\u00e9s tras la explosi\u00f3n ocurrida el martes en el puerto de Beirut, en declaraciones que publica hoy el diario \"Saarbr\u00fccker Zeitung\". \"En el L\u00edbano, los dirigentes pol\u00edticos no han logrado hasta ahora abordar","inLanguage":"es-ES","isPartOf":{"@id":"https:\/\/eldigitaldeasturias.com\/radio\/#website"},"breadcrumb":{"@id":"https:\/\/eldigitaldeasturias.com\/radio\/ministro-aleman-de-rree-pide-voluntad-de-reforma-a-gobierno-libanes\/#breadcrumblist"},"author":{"@id":"https:\/\/eldigitaldeasturias.com\/radio\/author\/nbasturias\/#author"},"creator":{"@id":"https:\/\/eldigitaldeasturias.com\/radio\/author\/nbasturias\/#author"},"image":{"@type":"ImageObject","url":"https:\/\/eldigitaldeasturias.com\/radio\/wp-content\/uploads\/2018\/10\/technology-785742_960_720.jpg","@id":"https:\/\/eldigitaldeasturias.com\/radio\/ministro-aleman-de-rree-pide-voluntad-de-reforma-a-gobierno-libanes\/#mainImage","width":960,"height":640},"primaryImageOfPage":{"@id":"https:\/\/eldigitaldeasturias.com\/radio\/ministro-aleman-de-rree-pide-voluntad-de-reforma-a-gobierno-libanes\/#mainImage"},"datePublished":"2020-08-08T23:10:58+02:00","dateModified":"2020-08-08T23:10:58+02:00"},{"@type":"WebSite","@id":"https:\/\/eldigitaldeasturias.com\/radio\/#website","url":"https:\/\/eldigitaldeasturias.com\/radio\/","name":"El Digital de Asturias","description":"Diario de informaci\u00f3n y noticias","inLanguage":"es-ES","publisher":{"@id":"https:\/\/eldigitaldeasturias.com\/radio\/#organization"}}]},"og:locale":"es_ES","og:site_name":"El Digital de Asturias | Diario de informaci\u00f3n y noticias","og:type":"article","og:title":"Ministro alem\u00e1n de RREE pide \u00abvoluntad de reforma\u00bb a gobierno liban\u00e9s | El Digital de Asturias","og:description":"Berl\u00edn, 7 ago (dpa) - El ministro de Relaciones Exteriores de Alemania, Heiko Maas, exigi\u00f3 &quot;una aut\u00e9ntica voluntad de reforma&quot; al gobierno liban\u00e9s tras la explosi\u00f3n ocurrida el martes en el puerto de Beirut, en declaraciones que publica hoy el diario &quot;Saarbr\u00fccker Zeitung&quot;. &quot;En el L\u00edbano, los dirigentes pol\u00edticos no han logrado hasta ahora abordar","og:url":"https:\/\/eldigitaldeasturias.com\/radio\/ministro-aleman-de-rree-pide-voluntad-de-reforma-a-gobierno-libanes\/","og:image":"https:\/\/eldigitaldeasturias.com\/radio\/wp-content\/uploads\/2018\/10\/technology-785742_960_720.jpg","og:image:secure_url":"https:\/\/eldigitaldeasturias.com\/radio\/wp-content\/uploads\/2018\/10\/technology-785742_960_720.jpg","og:image:width":960,"og:image:height":640,"article:published_time":"2020-08-08T23:10:58+00:00","article:modified_time":"2020-08-08T23:10:58+00:00","twitter:card":"summary_large_image","twitter:site":"@bercodi","twitter:title":"Ministro alem\u00e1n de RREE pide \u00abvoluntad de reforma\u00bb a gobierno liban\u00e9s | El Digital de Asturias","twitter:description":"Berl\u00edn, 7 ago (dpa) - El ministro de Relaciones Exteriores de Alemania, Heiko Maas, exigi\u00f3 &quot;una aut\u00e9ntica voluntad de reforma&quot; al gobierno liban\u00e9s tras la explosi\u00f3n ocurrida el martes en el puerto de Beirut, en declaraciones que publica hoy el diario &quot;Saarbr\u00fccker Zeitung&quot;. &quot;En el L\u00edbano, los dirigentes pol\u00edticos no han logrado hasta ahora abordar","twitter:creator":"@bercodi","twitter:image":"https:\/\/eldigitaldeasturias.com\/radio\/wp-content\/uploads\/2018\/10\/technology-785742_960_720.jpg"},"aioseo_meta_data":{"post_id":"4853","title":null,"description":"","keywords":"","keyphrases":null,"primary_term":null,"canonical_url":"","og_title":null,"og_description":null,"og_object_type":"default","og_image_type":"default","og_image_url":null,"og_image_width":null,"og_image_height":null,"og_image_custom_url":null,"og_image_custom_fields":null,"og_video":null,"og_custom_url":null,"og_article_section":null,"og_article_tags":null,"twitter_use_og":false,"twitter_card":"default","twitter_image_type":"default","twitter_image_url":null,"twitter_image_custom_url":null,"twitter_image_custom_fields":null,"twitter_title":null,"twitter_description":null,"schema":{"blockGraphs":[],"customGraphs":[],"default":{"data":{"Article":[],"Course":[],"Dataset":[],"FAQPage":[],"Movie":[],"Person":[],"Product":[],"ProductReview":[],"Car":[],"Recipe":[],"Service":[],"SoftwareApplication":[],"WebPage":[]},"graphName":"","isEnabled":true},"graphs":[],"defaultGraph":"","defaultPostTypeGraph":""},"schema_type":null,"schema_type_options":null,"pillar_content":false,"robots_default":true,"robots_noindex":false,"robots_noarchive":false,"robots_nosnippet":false,"robots_nofollow":false,"robots_noimageindex":false,"robots_noodp":false,"robots_notranslate":false,"robots_max_snippet":null,"robots_max_videopreview":null,"robots_max_imagepreview":"large","priority":null,"frequency":null,"location":null,"local_seo":null,"seo_analyzer_scan_date":"2025-08-28 16:47:57","breadcrumb_settings":null,"limit_modified_date":false,"open_ai":null,"ai":null,"created":"2021-03-25 11:14:37","updated":"2025-08-28 16:47:57"},"aioseo_breadcrumb":"<div class=\"aioseo-breadcrumbs\"><span class=\"aioseo-breadcrumb\">\n\t<a href=\"https:\/\/eldigitaldeasturias.com\/radio\" title=\"Inicio\">Inicio<\/a>\n<\/span><span class=\"aioseo-breadcrumb-separator\">&ndash;<\/span><span class=\"aioseo-breadcrumb\">\n\t<a href=\"https:\/\/eldigitaldeasturias.com\/radio\/category\/noticias\/\" title=\"Noticias\">Noticias<\/a>\n<\/span><span class=\"aioseo-breadcrumb-separator\">&ndash;<\/span><span class=\"aioseo-breadcrumb\">\n\tMinistro alem\u00e1n de RREE pide \u00abvoluntad de reforma\u00bb a gobierno liban\u00e9s\n<\/span><\/div>","aioseo_breadcrumb_json":[{"label":"Inicio","link":"https:\/\/eldigitaldeasturias.com\/radio"},{"label":"Noticias","link":"https:\/\/eldigitaldeasturias.com\/radio\/category\/noticias\/"},{"label":"Ministro alem\u00e1n de RREE pide \u00abvoluntad de reforma\u00bb a gobierno liban\u00e9s","link":"https:\/\/eldigitaldeasturias.com\/radio\/ministro-aleman-de-rree-pide-voluntad-de-reforma-a-gobierno-libanes\/"}],"_links":{"self":[{"href":"https:\/\/eldigitaldeasturias.com\/radio\/wp-json\/wp\/v2\/posts\/4853","targetHints":{"allow":["GET"]}}],"collection":[{"href":"https:\/\/eldigitaldeasturias.com\/radio\/wp-json\/wp\/v2\/posts"}],"about":[{"href":"https:\/\/eldigitaldeasturias.com\/radio\/wp-json\/wp\/v2\/types\/post"}],"author":[{"embeddable":true,"href":"https:\/\/eldigitaldeasturias.com\/radio\/wp-json\/wp\/v2\/users\/1"}],"replies":[{"embeddable":true,"href":"https:\/\/eldigitaldeasturias.com\/radio\/wp-json\/wp\/v2\/comments?post=4853"}],"version-history":[{"count":0,"href":"https:\/\/eldigitaldeasturias.com\/radio\/wp-json\/wp\/v2\/posts\/4853\/revisions"}],"wp:featuredmedia":[{"embeddable":true,"href":"https:\/\/eldigitaldeasturias.com\/radio\/wp-json\/wp\/v2\/media\/1352"}],"wp:attachment":[{"href":"https:\/\/eldigitaldeasturias.com\/radio\/wp-json\/wp\/v2\/media?parent=4853"}],"wp:term":[{"taxonomy":"category","embeddable":true,"href":"https:\/\/eldigitaldeasturias.com\/radio\/wp-json\/wp\/v2\/categories?post=4853"},{"taxonomy":"post_tag","embeddable":true,"href":"https:\/\/eldigitaldeasturias.com\/radio\/wp-json\/wp\/v2\/tags?post=4853"}],"curies":[{"name":"wp","href":"https:\/\/api.w.org\/{rel}","templated":true}]}}