{"id":4831,"date":"2020-07-29T17:56:16","date_gmt":"2020-07-29T17:56:16","guid":{"rendered":"http:\/\/www.eldigitaldeasturias.com\/radio\/?p=4831"},"modified":"2020-07-29T17:56:16","modified_gmt":"2020-07-29T17:56:16","slug":"instalan-nueva-puerta-en-sinagoga-objeto-de-atentado-en-halle","status":"publish","type":"post","link":"https:\/\/eldigitaldeasturias.com\/radio\/instalan-nueva-puerta-en-sinagoga-objeto-de-atentado-en-halle\/","title":{"rendered":"Instalan nueva puerta en sinagoga objeto de atentado en Halle"},"content":{"rendered":"<figure id=\"attachment_4832\" aria-describedby=\"caption-attachment-4832\" style=\"width: 360px\" class=\"wp-caption alignleft\"><img fetchpriority=\"high\" decoding=\"async\" class=\"size-medium wp-image-4832\" src=\"http:\/\/www.eldigitaldeasturias.com\/radio\/wp-content\/uploads\/2020\/07\/sinagoga-objeto-de-atentado-en-Halle-360x234.jpg\" alt=\"\" width=\"360\" height=\"234\" srcset=\"https:\/\/eldigitaldeasturias.com\/radio\/wp-content\/uploads\/2020\/07\/sinagoga-objeto-de-atentado-en-Halle-360x234.jpg 360w, https:\/\/eldigitaldeasturias.com\/radio\/wp-content\/uploads\/2020\/07\/sinagoga-objeto-de-atentado-en-Halle-1024x667.jpg 1024w, https:\/\/eldigitaldeasturias.com\/radio\/wp-content\/uploads\/2020\/07\/sinagoga-objeto-de-atentado-en-Halle-768x500.jpg 768w, https:\/\/eldigitaldeasturias.com\/radio\/wp-content\/uploads\/2020\/07\/sinagoga-objeto-de-atentado-en-Halle.jpg 1026w\" sizes=\"(max-width: 360px) 100vw, 360px\" \/><figcaption id=\"caption-attachment-4832\" class=\"wp-caption-text\">Foto: Hendrik Schmidt\/dpa-Zentralbild\/dpa<\/figcaption><\/figure>\n<p>Halle (Alemania), 28 jul (dpa) \u2013 La puerta de la sinagoga de la ciudad alemana de Halle objeto del atentado antisemita perpetrado hace nueve meses fue reemplazada hoy por una nueva de la mano del maestro carpintero Thomas Thiele, en medio de un gran inter\u00e9s medi\u00e1tico.<\/p>\n<p>El 9 de octubre de 2019, Stephan Balliet, fuertemente armado, dispar\u00f3, lanz\u00f3 artefactos explosivos y trat\u00f3 de derribar la puerta del templo jud\u00edo con el objetivo de causar un ba\u00f1o de sangre, seg\u00fan la Fiscal\u00eda General.<\/p>\n<p>En ese momento, unas 50 personas celebraban el D\u00eda del Perd\u00f3n (Yom Kipur), la mayor fiesta jud\u00eda. La puerta resisti\u00f3 el ataque.<\/p>\n<p>Al no conseguir irrumpir en la sinagoga, Balliet, frustrado, dispar\u00f3 y mat\u00f3 primero a una transe\u00fante de 40 a\u00f1os y luego a un cliente de 20 a\u00f1os de un establecimiento de comida turca cercano.<\/p>\n<p>Adem\u00e1s, hiri\u00f3 gravemente al menos a dos personas durante su fuga antes de que la Polic\u00eda lo arrestara una hora y media despu\u00e9s del comienzo del hecho, a unos 50 kil\u00f3metros al sur de Halle.<\/p>\n<p>El agresor film\u00f3 el atentado con una c\u00e1mara que previamente instal\u00f3 en su caso y retransmiti\u00f3 el ataque en directo por Internet.<\/p>\n<p>El presidente de la comunidad jud\u00eda de la ciudad de Halle, Max Privorozki, explic\u00f3 que la antigua puerta formar\u00e1 parte de un monumento en memoria al atentado que previsiblemente estar\u00e1 listo al cumplirse el primer aniversario del ataque.<\/p>\n<p>Para hoy est\u00e1 previsto que se celebre el tercer d\u00eda de juicio en el proceso contra Balliet en el Tribunal Regional de Magdeburgo (Sajonia-Anhalt).<\/p>\n<p>El joven de 28 a\u00f1os est\u00e1 acusado de 13 cr\u00edmenes, incluyendo asesinato e intento de asesinato. En los dos primeros d\u00edas del juicio, el acusado no mostr\u00f3 ning\u00fan tipo de remordimiento.<\/p>\n","protected":false},"excerpt":{"rendered":"<p>Halle (Alemania), 28 jul (dpa) \u2013 La puerta de la sinagoga de la ciudad alemana de Halle objeto del atentado antisemita perpetrado hace nueve meses fue reemplazada hoy por una nueva de la mano del maestro carpintero Thomas Thiele, en medio de un gran inter\u00e9s medi\u00e1tico. El 9 de octubre de 2019, Stephan Balliet, fuertemente<\/p>\n","protected":false},"author":1,"featured_media":4832,"comment_status":"closed","ping_status":"closed","sticky":false,"template":"","format":"standard","meta":{"footnotes":""},"categories":[1],"tags":[],"class_list":{"0":"post-4831","1":"post","2":"type-post","3":"status-publish","4":"format-standard","5":"has-post-thumbnail","7":"category-noticias"},"aioseo_notices":[],"aioseo_head":"\n\t\t<!-- All in One SEO Pro 4.9.6.2 - aioseo.com -->\n\t<meta name=\"description\" content=\"Halle (Alemania), 28 jul (dpa) \u2013 La puerta de la sinagoga de la ciudad alemana de Halle objeto del atentado antisemita perpetrado hace nueve meses fue reemplazada hoy por una nueva de la mano del maestro carpintero Thomas Thiele, en medio de un gran inter\u00e9s medi\u00e1tico. El 9 de octubre de 2019, Stephan Balliet, fuertemente\" \/>\n\t<meta name=\"robots\" content=\"max-image-preview:large\" \/>\n\t<meta name=\"author\" content=\"NBAsturias\"\/>\n\t<meta name=\"google-site-verification\" content=\"UA-38556648-1\" \/>\n\t<meta name=\"keywords\" content=\"noticias\" \/>\n\t<link rel=\"canonical\" href=\"https:\/\/eldigitaldeasturias.com\/radio\/instalan-nueva-puerta-en-sinagoga-objeto-de-atentado-en-halle\/\" \/>\n\t<meta name=\"generator\" content=\"All in One SEO Pro (AIOSEO) 4.9.6.2\" \/>\n\t\t<meta property=\"og:locale\" content=\"es_ES\" \/>\n\t\t<meta property=\"og:site_name\" content=\"El Digital de Asturias | Diario de informaci\u00f3n y noticias\" \/>\n\t\t<meta property=\"og:type\" content=\"article\" \/>\n\t\t<meta property=\"og:title\" content=\"Instalan nueva puerta en sinagoga objeto de atentado en Halle | El Digital de Asturias\" \/>\n\t\t<meta property=\"og:description\" content=\"Halle (Alemania), 28 jul (dpa) \u2013 La puerta de la sinagoga de la ciudad alemana de Halle objeto del atentado antisemita perpetrado hace nueve meses fue reemplazada hoy por una nueva de la mano del maestro carpintero Thomas Thiele, en medio de un gran inter\u00e9s medi\u00e1tico. El 9 de octubre de 2019, Stephan Balliet, fuertemente\" \/>\n\t\t<meta property=\"og:url\" content=\"https:\/\/eldigitaldeasturias.com\/radio\/instalan-nueva-puerta-en-sinagoga-objeto-de-atentado-en-halle\/\" \/>\n\t\t<meta property=\"og:image\" content=\"https:\/\/eldigitaldeasturias.com\/radio\/wp-content\/uploads\/2020\/07\/sinagoga-objeto-de-atentado-en-Halle.jpg\" \/>\n\t\t<meta property=\"og:image:secure_url\" content=\"https:\/\/eldigitaldeasturias.com\/radio\/wp-content\/uploads\/2020\/07\/sinagoga-objeto-de-atentado-en-Halle.jpg\" \/>\n\t\t<meta property=\"og:image:width\" content=\"1026\" \/>\n\t\t<meta property=\"og:image:height\" content=\"668\" \/>\n\t\t<meta property=\"article:published_time\" content=\"2020-07-29T17:56:16+00:00\" \/>\n\t\t<meta property=\"article:modified_time\" content=\"2020-07-29T17:56:16+00:00\" \/>\n\t\t<meta name=\"twitter:card\" content=\"summary_large_image\" \/>\n\t\t<meta name=\"twitter:site\" content=\"@bercodi\" \/>\n\t\t<meta name=\"twitter:title\" content=\"Instalan nueva puerta en sinagoga objeto de atentado en Halle | El Digital de Asturias\" \/>\n\t\t<meta name=\"twitter:description\" content=\"Halle (Alemania), 28 jul (dpa) \u2013 La puerta de la sinagoga de la ciudad alemana de Halle objeto del atentado antisemita perpetrado hace nueve meses fue reemplazada hoy por una nueva de la mano del maestro carpintero Thomas Thiele, en medio de un gran inter\u00e9s medi\u00e1tico. El 9 de octubre de 2019, Stephan Balliet, fuertemente\" \/>\n\t\t<meta name=\"twitter:creator\" content=\"@bercodi\" \/>\n\t\t<meta name=\"twitter:image\" content=\"https:\/\/eldigitaldeasturias.com\/radio\/wp-content\/uploads\/2020\/07\/sinagoga-objeto-de-atentado-en-Halle.jpg\" \/>\n\t\t<script type=\"application\/ld+json\" class=\"aioseo-schema\">\n\t\t\t{\"@context\":\"https:\\\/\\\/schema.org\",\"@graph\":[{\"@type\":\"BreadcrumbList\",\"@id\":\"https:\\\/\\\/eldigitaldeasturias.com\\\/radio\\\/instalan-nueva-puerta-en-sinagoga-objeto-de-atentado-en-halle\\\/#breadcrumblist\",\"itemListElement\":[{\"@type\":\"ListItem\",\"@id\":\"https:\\\/\\\/eldigitaldeasturias.com\\\/radio#listItem\",\"position\":1,\"name\":\"Inicio\",\"item\":\"https:\\\/\\\/eldigitaldeasturias.com\\\/radio\",\"nextItem\":{\"@type\":\"ListItem\",\"@id\":\"https:\\\/\\\/eldigitaldeasturias.com\\\/radio\\\/category\\\/noticias\\\/#listItem\",\"name\":\"Noticias\"}},{\"@type\":\"ListItem\",\"@id\":\"https:\\\/\\\/eldigitaldeasturias.com\\\/radio\\\/category\\\/noticias\\\/#listItem\",\"position\":2,\"name\":\"Noticias\",\"item\":\"https:\\\/\\\/eldigitaldeasturias.com\\\/radio\\\/category\\\/noticias\\\/\",\"nextItem\":{\"@type\":\"ListItem\",\"@id\":\"https:\\\/\\\/eldigitaldeasturias.com\\\/radio\\\/instalan-nueva-puerta-en-sinagoga-objeto-de-atentado-en-halle\\\/#listItem\",\"name\":\"Instalan nueva puerta en sinagoga objeto de atentado en Halle\"},\"previousItem\":{\"@type\":\"ListItem\",\"@id\":\"https:\\\/\\\/eldigitaldeasturias.com\\\/radio#listItem\",\"name\":\"Inicio\"}},{\"@type\":\"ListItem\",\"@id\":\"https:\\\/\\\/eldigitaldeasturias.com\\\/radio\\\/instalan-nueva-puerta-en-sinagoga-objeto-de-atentado-en-halle\\\/#listItem\",\"position\":3,\"name\":\"Instalan nueva puerta en sinagoga objeto de atentado en Halle\",\"previousItem\":{\"@type\":\"ListItem\",\"@id\":\"https:\\\/\\\/eldigitaldeasturias.com\\\/radio\\\/category\\\/noticias\\\/#listItem\",\"name\":\"Noticias\"}}]},{\"@type\":\"NewsArticle\",\"@id\":\"https:\\\/\\\/eldigitaldeasturias.com\\\/radio\\\/instalan-nueva-puerta-en-sinagoga-objeto-de-atentado-en-halle\\\/#newsarticle\",\"name\":\"Instalan nueva puerta en sinagoga objeto de atentado en Halle | El Digital de Asturias\",\"headline\":\"Instalan nueva puerta en sinagoga objeto de atentado en Halle\",\"author\":{\"@id\":\"https:\\\/\\\/eldigitaldeasturias.com\\\/radio\\\/author\\\/nbasturias\\\/#author\"},\"publisher\":{\"@id\":\"https:\\\/\\\/eldigitaldeasturias.com\\\/radio\\\/#organization\"},\"image\":{\"@type\":\"ImageObject\",\"url\":\"https:\\\/\\\/eldigitaldeasturias.com\\\/radio\\\/wp-content\\\/uploads\\\/2020\\\/07\\\/sinagoga-objeto-de-atentado-en-Halle.jpg\",\"width\":1026,\"height\":668,\"caption\":\"Foto: Hendrik Schmidt\\\/dpa-Zentralbild\\\/dpa\"},\"datePublished\":\"2020-07-29T17:56:16+02:00\",\"dateModified\":\"2020-07-29T17:56:16+02:00\",\"inLanguage\":\"es-ES\",\"mainEntityOfPage\":{\"@id\":\"https:\\\/\\\/eldigitaldeasturias.com\\\/radio\\\/instalan-nueva-puerta-en-sinagoga-objeto-de-atentado-en-halle\\\/#webpage\"},\"isPartOf\":{\"@id\":\"https:\\\/\\\/eldigitaldeasturias.com\\\/radio\\\/instalan-nueva-puerta-en-sinagoga-objeto-de-atentado-en-halle\\\/#webpage\"},\"articleSection\":\"Noticias\",\"dateline\":\"Publicado el julio 29, 2020.\"},{\"@type\":\"Organization\",\"@id\":\"https:\\\/\\\/eldigitaldeasturias.com\\\/radio\\\/#organization\",\"name\":\"El digital de Asturias Radio\",\"description\":\"Diario de informaci\\u00f3n y noticias\",\"url\":\"https:\\\/\\\/eldigitaldeasturias.com\\\/radio\\\/\",\"telephone\":\"+34652131393\",\"logo\":{\"@type\":\"ImageObject\",\"url\":\"https:\\\/\\\/www.eldigitaldeasturias.com\\\/radio\\\/wp-content\\\/uploads\\\/2021\\\/03\\\/EDA.jpg\",\"@id\":\"https:\\\/\\\/eldigitaldeasturias.com\\\/radio\\\/instalan-nueva-puerta-en-sinagoga-objeto-de-atentado-en-halle\\\/#organizationLogo\"},\"image\":{\"@id\":\"https:\\\/\\\/eldigitaldeasturias.com\\\/radio\\\/instalan-nueva-puerta-en-sinagoga-objeto-de-atentado-en-halle\\\/#organizationLogo\"},\"sameAs\":[\"https:\\\/\\\/www.facebook.com\\\/\",\"https:\\\/\\\/x.com\\\/bercodi\",\"https:\\\/\\\/www.instagram.com\\\/\",\"https:\\\/\\\/www.youtube.com\\\/channel\\\/UCZP-2wLEB9Rv6erhFmqVnvg\"]},{\"@type\":\"Person\",\"@id\":\"https:\\\/\\\/eldigitaldeasturias.com\\\/radio\\\/author\\\/nbasturias\\\/#author\",\"url\":\"https:\\\/\\\/eldigitaldeasturias.com\\\/radio\\\/author\\\/nbasturias\\\/\",\"name\":\"NBAsturias\",\"image\":{\"@type\":\"ImageObject\",\"@id\":\"https:\\\/\\\/eldigitaldeasturias.com\\\/radio\\\/instalan-nueva-puerta-en-sinagoga-objeto-de-atentado-en-halle\\\/#authorImage\",\"url\":\"https:\\\/\\\/secure.gravatar.com\\\/avatar\\\/df2aeffc32bcd13f8d26072ef8a91b623d677766deac7f97ca815868cd41bf5e?s=96&d=mm&r=g\",\"width\":96,\"height\":96,\"caption\":\"NBAsturias\"}},{\"@type\":\"WebPage\",\"@id\":\"https:\\\/\\\/eldigitaldeasturias.com\\\/radio\\\/instalan-nueva-puerta-en-sinagoga-objeto-de-atentado-en-halle\\\/#webpage\",\"url\":\"https:\\\/\\\/eldigitaldeasturias.com\\\/radio\\\/instalan-nueva-puerta-en-sinagoga-objeto-de-atentado-en-halle\\\/\",\"name\":\"Instalan nueva puerta en sinagoga objeto de atentado en Halle | El Digital de Asturias\",\"description\":\"Halle (Alemania), 28 jul (dpa) \\u2013 La puerta de la sinagoga de la ciudad alemana de Halle objeto del atentado antisemita perpetrado hace nueve meses fue reemplazada hoy por una nueva de la mano del maestro carpintero Thomas Thiele, en medio de un gran inter\\u00e9s medi\\u00e1tico. El 9 de octubre de 2019, Stephan Balliet, fuertemente\",\"inLanguage\":\"es-ES\",\"isPartOf\":{\"@id\":\"https:\\\/\\\/eldigitaldeasturias.com\\\/radio\\\/#website\"},\"breadcrumb\":{\"@id\":\"https:\\\/\\\/eldigitaldeasturias.com\\\/radio\\\/instalan-nueva-puerta-en-sinagoga-objeto-de-atentado-en-halle\\\/#breadcrumblist\"},\"author\":{\"@id\":\"https:\\\/\\\/eldigitaldeasturias.com\\\/radio\\\/author\\\/nbasturias\\\/#author\"},\"creator\":{\"@id\":\"https:\\\/\\\/eldigitaldeasturias.com\\\/radio\\\/author\\\/nbasturias\\\/#author\"},\"image\":{\"@type\":\"ImageObject\",\"url\":\"https:\\\/\\\/eldigitaldeasturias.com\\\/radio\\\/wp-content\\\/uploads\\\/2020\\\/07\\\/sinagoga-objeto-de-atentado-en-Halle.jpg\",\"@id\":\"https:\\\/\\\/eldigitaldeasturias.com\\\/radio\\\/instalan-nueva-puerta-en-sinagoga-objeto-de-atentado-en-halle\\\/#mainImage\",\"width\":1026,\"height\":668,\"caption\":\"Foto: Hendrik Schmidt\\\/dpa-Zentralbild\\\/dpa\"},\"primaryImageOfPage\":{\"@id\":\"https:\\\/\\\/eldigitaldeasturias.com\\\/radio\\\/instalan-nueva-puerta-en-sinagoga-objeto-de-atentado-en-halle\\\/#mainImage\"},\"datePublished\":\"2020-07-29T17:56:16+02:00\",\"dateModified\":\"2020-07-29T17:56:16+02:00\"},{\"@type\":\"WebSite\",\"@id\":\"https:\\\/\\\/eldigitaldeasturias.com\\\/radio\\\/#website\",\"url\":\"https:\\\/\\\/eldigitaldeasturias.com\\\/radio\\\/\",\"name\":\"El Digital de Asturias\",\"description\":\"Diario de informaci\\u00f3n y noticias\",\"inLanguage\":\"es-ES\",\"publisher\":{\"@id\":\"https:\\\/\\\/eldigitaldeasturias.com\\\/radio\\\/#organization\"}}]}\n\t\t<\/script>\n\t\t<!-- All in One SEO Pro -->\r\n\t\t<title>Instalan nueva puerta en sinagoga objeto de atentado en Halle | El Digital de Asturias<\/title>\n\n","aioseo_head_json":{"title":"Instalan nueva puerta en sinagoga objeto de atentado en Halle | El Digital de Asturias","description":"Halle (Alemania), 28 jul (dpa) \u2013 La puerta de la sinagoga de la ciudad alemana de Halle objeto del atentado antisemita perpetrado hace nueve meses fue reemplazada hoy por una nueva de la mano del maestro carpintero Thomas Thiele, en medio de un gran inter\u00e9s medi\u00e1tico. El 9 de octubre de 2019, Stephan Balliet, fuertemente","canonical_url":"https:\/\/eldigitaldeasturias.com\/radio\/instalan-nueva-puerta-en-sinagoga-objeto-de-atentado-en-halle\/","robots":"max-image-preview:large","keywords":"noticias","webmasterTools":{"google-site-verification":"UA-38556648-1","miscellaneous":""},"schema":{"@context":"https:\/\/schema.org","@graph":[{"@type":"BreadcrumbList","@id":"https:\/\/eldigitaldeasturias.com\/radio\/instalan-nueva-puerta-en-sinagoga-objeto-de-atentado-en-halle\/#breadcrumblist","itemListElement":[{"@type":"ListItem","@id":"https:\/\/eldigitaldeasturias.com\/radio#listItem","position":1,"name":"Inicio","item":"https:\/\/eldigitaldeasturias.com\/radio","nextItem":{"@type":"ListItem","@id":"https:\/\/eldigitaldeasturias.com\/radio\/category\/noticias\/#listItem","name":"Noticias"}},{"@type":"ListItem","@id":"https:\/\/eldigitaldeasturias.com\/radio\/category\/noticias\/#listItem","position":2,"name":"Noticias","item":"https:\/\/eldigitaldeasturias.com\/radio\/category\/noticias\/","nextItem":{"@type":"ListItem","@id":"https:\/\/eldigitaldeasturias.com\/radio\/instalan-nueva-puerta-en-sinagoga-objeto-de-atentado-en-halle\/#listItem","name":"Instalan nueva puerta en sinagoga objeto de atentado en Halle"},"previousItem":{"@type":"ListItem","@id":"https:\/\/eldigitaldeasturias.com\/radio#listItem","name":"Inicio"}},{"@type":"ListItem","@id":"https:\/\/eldigitaldeasturias.com\/radio\/instalan-nueva-puerta-en-sinagoga-objeto-de-atentado-en-halle\/#listItem","position":3,"name":"Instalan nueva puerta en sinagoga objeto de atentado en Halle","previousItem":{"@type":"ListItem","@id":"https:\/\/eldigitaldeasturias.com\/radio\/category\/noticias\/#listItem","name":"Noticias"}}]},{"@type":"NewsArticle","@id":"https:\/\/eldigitaldeasturias.com\/radio\/instalan-nueva-puerta-en-sinagoga-objeto-de-atentado-en-halle\/#newsarticle","name":"Instalan nueva puerta en sinagoga objeto de atentado en Halle | El Digital de Asturias","headline":"Instalan nueva puerta en sinagoga objeto de atentado en Halle","author":{"@id":"https:\/\/eldigitaldeasturias.com\/radio\/author\/nbasturias\/#author"},"publisher":{"@id":"https:\/\/eldigitaldeasturias.com\/radio\/#organization"},"image":{"@type":"ImageObject","url":"https:\/\/eldigitaldeasturias.com\/radio\/wp-content\/uploads\/2020\/07\/sinagoga-objeto-de-atentado-en-Halle.jpg","width":1026,"height":668,"caption":"Foto: Hendrik Schmidt\/dpa-Zentralbild\/dpa"},"datePublished":"2020-07-29T17:56:16+02:00","dateModified":"2020-07-29T17:56:16+02:00","inLanguage":"es-ES","mainEntityOfPage":{"@id":"https:\/\/eldigitaldeasturias.com\/radio\/instalan-nueva-puerta-en-sinagoga-objeto-de-atentado-en-halle\/#webpage"},"isPartOf":{"@id":"https:\/\/eldigitaldeasturias.com\/radio\/instalan-nueva-puerta-en-sinagoga-objeto-de-atentado-en-halle\/#webpage"},"articleSection":"Noticias","dateline":"Publicado el julio 29, 2020."},{"@type":"Organization","@id":"https:\/\/eldigitaldeasturias.com\/radio\/#organization","name":"El digital de Asturias Radio","description":"Diario de informaci\u00f3n y noticias","url":"https:\/\/eldigitaldeasturias.com\/radio\/","telephone":"+34652131393","logo":{"@type":"ImageObject","url":"https:\/\/www.eldigitaldeasturias.com\/radio\/wp-content\/uploads\/2021\/03\/EDA.jpg","@id":"https:\/\/eldigitaldeasturias.com\/radio\/instalan-nueva-puerta-en-sinagoga-objeto-de-atentado-en-halle\/#organizationLogo"},"image":{"@id":"https:\/\/eldigitaldeasturias.com\/radio\/instalan-nueva-puerta-en-sinagoga-objeto-de-atentado-en-halle\/#organizationLogo"},"sameAs":["https:\/\/www.facebook.com\/","https:\/\/x.com\/bercodi","https:\/\/www.instagram.com\/","https:\/\/www.youtube.com\/channel\/UCZP-2wLEB9Rv6erhFmqVnvg"]},{"@type":"Person","@id":"https:\/\/eldigitaldeasturias.com\/radio\/author\/nbasturias\/#author","url":"https:\/\/eldigitaldeasturias.com\/radio\/author\/nbasturias\/","name":"NBAsturias","image":{"@type":"ImageObject","@id":"https:\/\/eldigitaldeasturias.com\/radio\/instalan-nueva-puerta-en-sinagoga-objeto-de-atentado-en-halle\/#authorImage","url":"https:\/\/secure.gravatar.com\/avatar\/df2aeffc32bcd13f8d26072ef8a91b623d677766deac7f97ca815868cd41bf5e?s=96&d=mm&r=g","width":96,"height":96,"caption":"NBAsturias"}},{"@type":"WebPage","@id":"https:\/\/eldigitaldeasturias.com\/radio\/instalan-nueva-puerta-en-sinagoga-objeto-de-atentado-en-halle\/#webpage","url":"https:\/\/eldigitaldeasturias.com\/radio\/instalan-nueva-puerta-en-sinagoga-objeto-de-atentado-en-halle\/","name":"Instalan nueva puerta en sinagoga objeto de atentado en Halle | El Digital de Asturias","description":"Halle (Alemania), 28 jul (dpa) \u2013 La puerta de la sinagoga de la ciudad alemana de Halle objeto del atentado antisemita perpetrado hace nueve meses fue reemplazada hoy por una nueva de la mano del maestro carpintero Thomas Thiele, en medio de un gran inter\u00e9s medi\u00e1tico. El 9 de octubre de 2019, Stephan Balliet, fuertemente","inLanguage":"es-ES","isPartOf":{"@id":"https:\/\/eldigitaldeasturias.com\/radio\/#website"},"breadcrumb":{"@id":"https:\/\/eldigitaldeasturias.com\/radio\/instalan-nueva-puerta-en-sinagoga-objeto-de-atentado-en-halle\/#breadcrumblist"},"author":{"@id":"https:\/\/eldigitaldeasturias.com\/radio\/author\/nbasturias\/#author"},"creator":{"@id":"https:\/\/eldigitaldeasturias.com\/radio\/author\/nbasturias\/#author"},"image":{"@type":"ImageObject","url":"https:\/\/eldigitaldeasturias.com\/radio\/wp-content\/uploads\/2020\/07\/sinagoga-objeto-de-atentado-en-Halle.jpg","@id":"https:\/\/eldigitaldeasturias.com\/radio\/instalan-nueva-puerta-en-sinagoga-objeto-de-atentado-en-halle\/#mainImage","width":1026,"height":668,"caption":"Foto: Hendrik Schmidt\/dpa-Zentralbild\/dpa"},"primaryImageOfPage":{"@id":"https:\/\/eldigitaldeasturias.com\/radio\/instalan-nueva-puerta-en-sinagoga-objeto-de-atentado-en-halle\/#mainImage"},"datePublished":"2020-07-29T17:56:16+02:00","dateModified":"2020-07-29T17:56:16+02:00"},{"@type":"WebSite","@id":"https:\/\/eldigitaldeasturias.com\/radio\/#website","url":"https:\/\/eldigitaldeasturias.com\/radio\/","name":"El Digital de Asturias","description":"Diario de informaci\u00f3n y noticias","inLanguage":"es-ES","publisher":{"@id":"https:\/\/eldigitaldeasturias.com\/radio\/#organization"}}]},"og:locale":"es_ES","og:site_name":"El Digital de Asturias | Diario de informaci\u00f3n y noticias","og:type":"article","og:title":"Instalan nueva puerta en sinagoga objeto de atentado en Halle | El Digital de Asturias","og:description":"Halle (Alemania), 28 jul (dpa) \u2013 La puerta de la sinagoga de la ciudad alemana de Halle objeto del atentado antisemita perpetrado hace nueve meses fue reemplazada hoy por una nueva de la mano del maestro carpintero Thomas Thiele, en medio de un gran inter\u00e9s medi\u00e1tico. El 9 de octubre de 2019, Stephan Balliet, fuertemente","og:url":"https:\/\/eldigitaldeasturias.com\/radio\/instalan-nueva-puerta-en-sinagoga-objeto-de-atentado-en-halle\/","og:image":"https:\/\/eldigitaldeasturias.com\/radio\/wp-content\/uploads\/2020\/07\/sinagoga-objeto-de-atentado-en-Halle.jpg","og:image:secure_url":"https:\/\/eldigitaldeasturias.com\/radio\/wp-content\/uploads\/2020\/07\/sinagoga-objeto-de-atentado-en-Halle.jpg","og:image:width":1026,"og:image:height":668,"article:published_time":"2020-07-29T17:56:16+00:00","article:modified_time":"2020-07-29T17:56:16+00:00","twitter:card":"summary_large_image","twitter:site":"@bercodi","twitter:title":"Instalan nueva puerta en sinagoga objeto de atentado en Halle | El Digital de Asturias","twitter:description":"Halle (Alemania), 28 jul (dpa) \u2013 La puerta de la sinagoga de la ciudad alemana de Halle objeto del atentado antisemita perpetrado hace nueve meses fue reemplazada hoy por una nueva de la mano del maestro carpintero Thomas Thiele, en medio de un gran inter\u00e9s medi\u00e1tico. El 9 de octubre de 2019, Stephan Balliet, fuertemente","twitter:creator":"@bercodi","twitter:image":"https:\/\/eldigitaldeasturias.com\/radio\/wp-content\/uploads\/2020\/07\/sinagoga-objeto-de-atentado-en-Halle.jpg"},"aioseo_meta_data":{"post_id":"4831","title":null,"description":"","keywords":"","keyphrases":null,"primary_term":null,"canonical_url":"","og_title":null,"og_description":null,"og_object_type":"default","og_image_type":"default","og_image_url":null,"og_image_width":null,"og_image_height":null,"og_image_custom_url":null,"og_image_custom_fields":null,"og_video":null,"og_custom_url":null,"og_article_section":null,"og_article_tags":null,"twitter_use_og":false,"twitter_card":"default","twitter_image_type":"default","twitter_image_url":null,"twitter_image_custom_url":null,"twitter_image_custom_fields":null,"twitter_title":null,"twitter_description":null,"schema":{"blockGraphs":[],"customGraphs":[],"default":{"data":{"Article":[],"Course":[],"Dataset":[],"FAQPage":[],"Movie":[],"Person":[],"Product":[],"ProductReview":[],"Car":[],"Recipe":[],"Service":[],"SoftwareApplication":[],"WebPage":[]},"graphName":"","isEnabled":true},"graphs":[],"defaultGraph":"","defaultPostTypeGraph":""},"schema_type":null,"schema_type_options":null,"pillar_content":false,"robots_default":true,"robots_noindex":false,"robots_noarchive":false,"robots_nosnippet":false,"robots_nofollow":false,"robots_noimageindex":false,"robots_noodp":false,"robots_notranslate":false,"robots_max_snippet":null,"robots_max_videopreview":null,"robots_max_imagepreview":"large","priority":null,"frequency":null,"location":null,"local_seo":null,"seo_analyzer_scan_date":"2025-08-28 16:45:39","breadcrumb_settings":null,"limit_modified_date":false,"open_ai":null,"ai":null,"created":"2021-03-27 04:34:53","updated":"2025-08-28 16:45:39"},"aioseo_breadcrumb":"<div class=\"aioseo-breadcrumbs\"><span class=\"aioseo-breadcrumb\">\n\t<a href=\"https:\/\/eldigitaldeasturias.com\/radio\" title=\"Inicio\">Inicio<\/a>\n<\/span><span class=\"aioseo-breadcrumb-separator\">&ndash;<\/span><span class=\"aioseo-breadcrumb\">\n\t<a href=\"https:\/\/eldigitaldeasturias.com\/radio\/category\/noticias\/\" title=\"Noticias\">Noticias<\/a>\n<\/span><span class=\"aioseo-breadcrumb-separator\">&ndash;<\/span><span class=\"aioseo-breadcrumb\">\n\tInstalan nueva puerta en sinagoga objeto de atentado en Halle\n<\/span><\/div>","aioseo_breadcrumb_json":[{"label":"Inicio","link":"https:\/\/eldigitaldeasturias.com\/radio"},{"label":"Noticias","link":"https:\/\/eldigitaldeasturias.com\/radio\/category\/noticias\/"},{"label":"Instalan nueva puerta en sinagoga objeto de atentado en Halle","link":"https:\/\/eldigitaldeasturias.com\/radio\/instalan-nueva-puerta-en-sinagoga-objeto-de-atentado-en-halle\/"}],"_links":{"self":[{"href":"https:\/\/eldigitaldeasturias.com\/radio\/wp-json\/wp\/v2\/posts\/4831","targetHints":{"allow":["GET"]}}],"collection":[{"href":"https:\/\/eldigitaldeasturias.com\/radio\/wp-json\/wp\/v2\/posts"}],"about":[{"href":"https:\/\/eldigitaldeasturias.com\/radio\/wp-json\/wp\/v2\/types\/post"}],"author":[{"embeddable":true,"href":"https:\/\/eldigitaldeasturias.com\/radio\/wp-json\/wp\/v2\/users\/1"}],"replies":[{"embeddable":true,"href":"https:\/\/eldigitaldeasturias.com\/radio\/wp-json\/wp\/v2\/comments?post=4831"}],"version-history":[{"count":0,"href":"https:\/\/eldigitaldeasturias.com\/radio\/wp-json\/wp\/v2\/posts\/4831\/revisions"}],"wp:featuredmedia":[{"embeddable":true,"href":"https:\/\/eldigitaldeasturias.com\/radio\/wp-json\/wp\/v2\/media\/4832"}],"wp:attachment":[{"href":"https:\/\/eldigitaldeasturias.com\/radio\/wp-json\/wp\/v2\/media?parent=4831"}],"wp:term":[{"taxonomy":"category","embeddable":true,"href":"https:\/\/eldigitaldeasturias.com\/radio\/wp-json\/wp\/v2\/categories?post=4831"},{"taxonomy":"post_tag","embeddable":true,"href":"https:\/\/eldigitaldeasturias.com\/radio\/wp-json\/wp\/v2\/tags?post=4831"}],"curies":[{"name":"wp","href":"https:\/\/api.w.org\/{rel}","templated":true}]}}