{"id":4823,"date":"2020-07-23T12:19:08","date_gmt":"2020-07-23T12:19:08","guid":{"rendered":"http:\/\/www.eldigitaldeasturias.com\/radio\/?p=4823"},"modified":"2020-07-23T12:19:08","modified_gmt":"2020-07-23T12:19:08","slug":"finalizan-los-trabajos-del-mural-en-la-calle-antonio-machado-en-lugones","status":"publish","type":"post","link":"https:\/\/eldigitaldeasturias.com\/radio\/finalizan-los-trabajos-del-mural-en-la-calle-antonio-machado-en-lugones\/","title":{"rendered":"Finalizan los trabajos del mural en la Calle Antonio Machado en Lugones"},"content":{"rendered":"<p><img fetchpriority=\"high\" decoding=\"async\" class=\"alignleft size-medium wp-image-1352\" src=\"http:\/\/www.eldigitaldeasturias.com\/radio\/wp-content\/uploads\/2018\/10\/technology-785742_960_720-360x240.jpg\" alt=\"\" width=\"360\" height=\"240\" srcset=\"https:\/\/eldigitaldeasturias.com\/radio\/wp-content\/uploads\/2018\/10\/technology-785742_960_720-360x240.jpg 360w, https:\/\/eldigitaldeasturias.com\/radio\/wp-content\/uploads\/2018\/10\/technology-785742_960_720-768x512.jpg 768w, https:\/\/eldigitaldeasturias.com\/radio\/wp-content\/uploads\/2018\/10\/technology-785742_960_720.jpg 960w\" sizes=\"(max-width: 360px) 100vw, 360px\" \/>(EUROPA PRESS) &#8211;\u00a0El alcalde de Siero, \u00c1ngel Garc\u00eda, ha inaugurado este mi\u00e9rcoles el mural de la Calle Antonio Machado en Lugones, obra del artista leon\u00e9s, David Esteban &#8216;Dados punto cero&#8217;. El mural de 15 metros de altura por 10 de ancho resalta la importancia de reciclar y de reutilizar los residuos.<\/p>\n<p>La imagen representa a una ni\u00f1a, en este caso la hija del artista, que reutiliza un brick de leche y lo convierte en un avi\u00f3n de juguete. El pintor tard\u00f3 tres semanas en completar su trabajo.<\/p>\n<p>El Ayuntamiento de Siero busca ya otras localizaciones para pintar nuevas obras. \u00abLo que buscamos con esto es buscar la est\u00e9tica de nuestras localidades, lo que es un objetivo lo suficientemente s\u00f3lido para continuar, pero, tambi\u00e9n transmitir un mensaje de localidades modernas que miran al futuro y van en la l\u00ednea del cuidado al medioambiente\u00bb, afirma Garc\u00eda.<\/p>\n","protected":false},"excerpt":{"rendered":"<p>(EUROPA PRESS) &#8211;\u00a0El alcalde de Siero, \u00c1ngel Garc\u00eda, ha inaugurado este mi\u00e9rcoles el mural de la Calle Antonio Machado en Lugones, obra del artista leon\u00e9s, David Esteban &#8216;Dados punto cero&#8217;. El mural de 15 metros de altura por 10 de ancho resalta la importancia de reciclar y de reutilizar los residuos. La imagen representa a<\/p>\n","protected":false},"author":1,"featured_media":242,"comment_status":"closed","ping_status":"closed","sticky":false,"template":"","format":"standard","meta":{"footnotes":""},"categories":[1],"tags":[],"class_list":{"0":"post-4823","1":"post","2":"type-post","3":"status-publish","4":"format-standard","5":"has-post-thumbnail","7":"category-noticias"},"aioseo_notices":[],"aioseo_head":"\n\t\t<!-- All in One SEO Pro 4.9.6.2 - aioseo.com -->\n\t<meta name=\"description\" content=\"(EUROPA PRESS) - El alcalde de Siero, \u00c1ngel Garc\u00eda, ha inaugurado este mi\u00e9rcoles el mural de la Calle Antonio Machado en Lugones, obra del artista leon\u00e9s, David Esteban &#039;Dados punto cero&#039;. El mural de 15 metros de altura por 10 de ancho resalta la importancia de reciclar y de reutilizar los residuos. La imagen representa a\" \/>\n\t<meta name=\"robots\" content=\"max-image-preview:large\" \/>\n\t<meta name=\"author\" content=\"NBAsturias\"\/>\n\t<meta name=\"google-site-verification\" content=\"UA-38556648-1\" \/>\n\t<meta name=\"keywords\" content=\"noticias\" \/>\n\t<link rel=\"canonical\" href=\"https:\/\/eldigitaldeasturias.com\/radio\/finalizan-los-trabajos-del-mural-en-la-calle-antonio-machado-en-lugones\/\" \/>\n\t<meta name=\"generator\" content=\"All in One SEO Pro (AIOSEO) 4.9.6.2\" \/>\n\t\t<meta property=\"og:locale\" content=\"es_ES\" \/>\n\t\t<meta property=\"og:site_name\" content=\"El Digital de Asturias | Diario de informaci\u00f3n y noticias\" \/>\n\t\t<meta property=\"og:type\" content=\"article\" \/>\n\t\t<meta property=\"og:title\" content=\"Finalizan los trabajos del mural en la Calle Antonio Machado en Lugones | El Digital de Asturias\" \/>\n\t\t<meta property=\"og:description\" content=\"(EUROPA PRESS) - El alcalde de Siero, \u00c1ngel Garc\u00eda, ha inaugurado este mi\u00e9rcoles el mural de la Calle Antonio Machado en Lugones, obra del artista leon\u00e9s, David Esteban &#039;Dados punto cero&#039;. El mural de 15 metros de altura por 10 de ancho resalta la importancia de reciclar y de reutilizar los residuos. La imagen representa a\" \/>\n\t\t<meta property=\"og:url\" content=\"https:\/\/eldigitaldeasturias.com\/radio\/finalizan-los-trabajos-del-mural-en-la-calle-antonio-machado-en-lugones\/\" \/>\n\t\t<meta property=\"og:image\" content=\"https:\/\/eldigitaldeasturias.com\/radio\/wp-content\/uploads\/2018\/03\/technology-785742_1280.jpg\" \/>\n\t\t<meta property=\"og:image:secure_url\" content=\"https:\/\/eldigitaldeasturias.com\/radio\/wp-content\/uploads\/2018\/03\/technology-785742_1280.jpg\" \/>\n\t\t<meta property=\"og:image:width\" content=\"1280\" \/>\n\t\t<meta property=\"og:image:height\" content=\"853\" \/>\n\t\t<meta property=\"article:published_time\" content=\"2020-07-23T12:19:08+00:00\" \/>\n\t\t<meta property=\"article:modified_time\" content=\"2020-07-23T12:19:08+00:00\" \/>\n\t\t<meta name=\"twitter:card\" content=\"summary_large_image\" \/>\n\t\t<meta name=\"twitter:site\" content=\"@bercodi\" \/>\n\t\t<meta name=\"twitter:title\" content=\"Finalizan los trabajos del mural en la Calle Antonio Machado en Lugones | El Digital de Asturias\" \/>\n\t\t<meta name=\"twitter:description\" content=\"(EUROPA PRESS) - El alcalde de Siero, \u00c1ngel Garc\u00eda, ha inaugurado este mi\u00e9rcoles el mural de la Calle Antonio Machado en Lugones, obra del artista leon\u00e9s, David Esteban &#039;Dados punto cero&#039;. El mural de 15 metros de altura por 10 de ancho resalta la importancia de reciclar y de reutilizar los residuos. La imagen representa a\" \/>\n\t\t<meta name=\"twitter:creator\" content=\"@bercodi\" \/>\n\t\t<meta name=\"twitter:image\" content=\"https:\/\/eldigitaldeasturias.com\/radio\/wp-content\/uploads\/2018\/03\/technology-785742_1280.jpg\" \/>\n\t\t<script type=\"application\/ld+json\" class=\"aioseo-schema\">\n\t\t\t{\"@context\":\"https:\\\/\\\/schema.org\",\"@graph\":[{\"@type\":\"BreadcrumbList\",\"@id\":\"https:\\\/\\\/eldigitaldeasturias.com\\\/radio\\\/finalizan-los-trabajos-del-mural-en-la-calle-antonio-machado-en-lugones\\\/#breadcrumblist\",\"itemListElement\":[{\"@type\":\"ListItem\",\"@id\":\"https:\\\/\\\/eldigitaldeasturias.com\\\/radio#listItem\",\"position\":1,\"name\":\"Inicio\",\"item\":\"https:\\\/\\\/eldigitaldeasturias.com\\\/radio\",\"nextItem\":{\"@type\":\"ListItem\",\"@id\":\"https:\\\/\\\/eldigitaldeasturias.com\\\/radio\\\/category\\\/noticias\\\/#listItem\",\"name\":\"Noticias\"}},{\"@type\":\"ListItem\",\"@id\":\"https:\\\/\\\/eldigitaldeasturias.com\\\/radio\\\/category\\\/noticias\\\/#listItem\",\"position\":2,\"name\":\"Noticias\",\"item\":\"https:\\\/\\\/eldigitaldeasturias.com\\\/radio\\\/category\\\/noticias\\\/\",\"nextItem\":{\"@type\":\"ListItem\",\"@id\":\"https:\\\/\\\/eldigitaldeasturias.com\\\/radio\\\/finalizan-los-trabajos-del-mural-en-la-calle-antonio-machado-en-lugones\\\/#listItem\",\"name\":\"Finalizan los trabajos del mural en la Calle Antonio Machado en Lugones\"},\"previousItem\":{\"@type\":\"ListItem\",\"@id\":\"https:\\\/\\\/eldigitaldeasturias.com\\\/radio#listItem\",\"name\":\"Inicio\"}},{\"@type\":\"ListItem\",\"@id\":\"https:\\\/\\\/eldigitaldeasturias.com\\\/radio\\\/finalizan-los-trabajos-del-mural-en-la-calle-antonio-machado-en-lugones\\\/#listItem\",\"position\":3,\"name\":\"Finalizan los trabajos del mural en la Calle Antonio Machado en Lugones\",\"previousItem\":{\"@type\":\"ListItem\",\"@id\":\"https:\\\/\\\/eldigitaldeasturias.com\\\/radio\\\/category\\\/noticias\\\/#listItem\",\"name\":\"Noticias\"}}]},{\"@type\":\"NewsArticle\",\"@id\":\"https:\\\/\\\/eldigitaldeasturias.com\\\/radio\\\/finalizan-los-trabajos-del-mural-en-la-calle-antonio-machado-en-lugones\\\/#newsarticle\",\"name\":\"Finalizan los trabajos del mural en la Calle Antonio Machado en Lugones | El Digital de Asturias\",\"headline\":\"Finalizan los trabajos del mural en la Calle Antonio Machado en Lugones\",\"author\":{\"@id\":\"https:\\\/\\\/eldigitaldeasturias.com\\\/radio\\\/author\\\/nbasturias\\\/#author\"},\"publisher\":{\"@id\":\"https:\\\/\\\/eldigitaldeasturias.com\\\/radio\\\/#organization\"},\"image\":{\"@type\":\"ImageObject\",\"url\":\"https:\\\/\\\/eldigitaldeasturias.com\\\/radio\\\/wp-content\\\/uploads\\\/2018\\\/03\\\/technology-785742_1280.jpg\",\"width\":1280,\"height\":853},\"datePublished\":\"2020-07-23T12:19:08+02:00\",\"dateModified\":\"2020-07-23T12:19:08+02:00\",\"inLanguage\":\"es-ES\",\"mainEntityOfPage\":{\"@id\":\"https:\\\/\\\/eldigitaldeasturias.com\\\/radio\\\/finalizan-los-trabajos-del-mural-en-la-calle-antonio-machado-en-lugones\\\/#webpage\"},\"isPartOf\":{\"@id\":\"https:\\\/\\\/eldigitaldeasturias.com\\\/radio\\\/finalizan-los-trabajos-del-mural-en-la-calle-antonio-machado-en-lugones\\\/#webpage\"},\"articleSection\":\"Noticias\",\"dateline\":\"Publicado el julio 23, 2020.\"},{\"@type\":\"Organization\",\"@id\":\"https:\\\/\\\/eldigitaldeasturias.com\\\/radio\\\/#organization\",\"name\":\"El digital de Asturias Radio\",\"description\":\"Diario de informaci\\u00f3n y noticias\",\"url\":\"https:\\\/\\\/eldigitaldeasturias.com\\\/radio\\\/\",\"telephone\":\"+34652131393\",\"logo\":{\"@type\":\"ImageObject\",\"url\":\"https:\\\/\\\/www.eldigitaldeasturias.com\\\/radio\\\/wp-content\\\/uploads\\\/2021\\\/03\\\/EDA.jpg\",\"@id\":\"https:\\\/\\\/eldigitaldeasturias.com\\\/radio\\\/finalizan-los-trabajos-del-mural-en-la-calle-antonio-machado-en-lugones\\\/#organizationLogo\"},\"image\":{\"@id\":\"https:\\\/\\\/eldigitaldeasturias.com\\\/radio\\\/finalizan-los-trabajos-del-mural-en-la-calle-antonio-machado-en-lugones\\\/#organizationLogo\"},\"sameAs\":[\"https:\\\/\\\/www.facebook.com\\\/\",\"https:\\\/\\\/x.com\\\/bercodi\",\"https:\\\/\\\/www.instagram.com\\\/\",\"https:\\\/\\\/www.youtube.com\\\/channel\\\/UCZP-2wLEB9Rv6erhFmqVnvg\"]},{\"@type\":\"Person\",\"@id\":\"https:\\\/\\\/eldigitaldeasturias.com\\\/radio\\\/author\\\/nbasturias\\\/#author\",\"url\":\"https:\\\/\\\/eldigitaldeasturias.com\\\/radio\\\/author\\\/nbasturias\\\/\",\"name\":\"NBAsturias\",\"image\":{\"@type\":\"ImageObject\",\"@id\":\"https:\\\/\\\/eldigitaldeasturias.com\\\/radio\\\/finalizan-los-trabajos-del-mural-en-la-calle-antonio-machado-en-lugones\\\/#authorImage\",\"url\":\"https:\\\/\\\/secure.gravatar.com\\\/avatar\\\/df2aeffc32bcd13f8d26072ef8a91b623d677766deac7f97ca815868cd41bf5e?s=96&d=mm&r=g\",\"width\":96,\"height\":96,\"caption\":\"NBAsturias\"}},{\"@type\":\"WebPage\",\"@id\":\"https:\\\/\\\/eldigitaldeasturias.com\\\/radio\\\/finalizan-los-trabajos-del-mural-en-la-calle-antonio-machado-en-lugones\\\/#webpage\",\"url\":\"https:\\\/\\\/eldigitaldeasturias.com\\\/radio\\\/finalizan-los-trabajos-del-mural-en-la-calle-antonio-machado-en-lugones\\\/\",\"name\":\"Finalizan los trabajos del mural en la Calle Antonio Machado en Lugones | El Digital de Asturias\",\"description\":\"(EUROPA PRESS) - El alcalde de Siero, \\u00c1ngel Garc\\u00eda, ha inaugurado este mi\\u00e9rcoles el mural de la Calle Antonio Machado en Lugones, obra del artista leon\\u00e9s, David Esteban 'Dados punto cero'. El mural de 15 metros de altura por 10 de ancho resalta la importancia de reciclar y de reutilizar los residuos. La imagen representa a\",\"inLanguage\":\"es-ES\",\"isPartOf\":{\"@id\":\"https:\\\/\\\/eldigitaldeasturias.com\\\/radio\\\/#website\"},\"breadcrumb\":{\"@id\":\"https:\\\/\\\/eldigitaldeasturias.com\\\/radio\\\/finalizan-los-trabajos-del-mural-en-la-calle-antonio-machado-en-lugones\\\/#breadcrumblist\"},\"author\":{\"@id\":\"https:\\\/\\\/eldigitaldeasturias.com\\\/radio\\\/author\\\/nbasturias\\\/#author\"},\"creator\":{\"@id\":\"https:\\\/\\\/eldigitaldeasturias.com\\\/radio\\\/author\\\/nbasturias\\\/#author\"},\"image\":{\"@type\":\"ImageObject\",\"url\":\"https:\\\/\\\/eldigitaldeasturias.com\\\/radio\\\/wp-content\\\/uploads\\\/2018\\\/03\\\/technology-785742_1280.jpg\",\"@id\":\"https:\\\/\\\/eldigitaldeasturias.com\\\/radio\\\/finalizan-los-trabajos-del-mural-en-la-calle-antonio-machado-en-lugones\\\/#mainImage\",\"width\":1280,\"height\":853},\"primaryImageOfPage\":{\"@id\":\"https:\\\/\\\/eldigitaldeasturias.com\\\/radio\\\/finalizan-los-trabajos-del-mural-en-la-calle-antonio-machado-en-lugones\\\/#mainImage\"},\"datePublished\":\"2020-07-23T12:19:08+02:00\",\"dateModified\":\"2020-07-23T12:19:08+02:00\"},{\"@type\":\"WebSite\",\"@id\":\"https:\\\/\\\/eldigitaldeasturias.com\\\/radio\\\/#website\",\"url\":\"https:\\\/\\\/eldigitaldeasturias.com\\\/radio\\\/\",\"name\":\"El Digital de Asturias\",\"description\":\"Diario de informaci\\u00f3n y noticias\",\"inLanguage\":\"es-ES\",\"publisher\":{\"@id\":\"https:\\\/\\\/eldigitaldeasturias.com\\\/radio\\\/#organization\"}}]}\n\t\t<\/script>\n\t\t<!-- All in One SEO Pro -->\r\n\t\t<title>Finalizan los trabajos del mural en la Calle Antonio Machado en Lugones | El Digital de Asturias<\/title>\n\n","aioseo_head_json":{"title":"Finalizan los trabajos del mural en la Calle Antonio Machado en Lugones | El Digital de Asturias","description":"(EUROPA PRESS) - El alcalde de Siero, \u00c1ngel Garc\u00eda, ha inaugurado este mi\u00e9rcoles el mural de la Calle Antonio Machado en Lugones, obra del artista leon\u00e9s, David Esteban 'Dados punto cero'. El mural de 15 metros de altura por 10 de ancho resalta la importancia de reciclar y de reutilizar los residuos. La imagen representa a","canonical_url":"https:\/\/eldigitaldeasturias.com\/radio\/finalizan-los-trabajos-del-mural-en-la-calle-antonio-machado-en-lugones\/","robots":"max-image-preview:large","keywords":"noticias","webmasterTools":{"google-site-verification":"UA-38556648-1","miscellaneous":""},"schema":{"@context":"https:\/\/schema.org","@graph":[{"@type":"BreadcrumbList","@id":"https:\/\/eldigitaldeasturias.com\/radio\/finalizan-los-trabajos-del-mural-en-la-calle-antonio-machado-en-lugones\/#breadcrumblist","itemListElement":[{"@type":"ListItem","@id":"https:\/\/eldigitaldeasturias.com\/radio#listItem","position":1,"name":"Inicio","item":"https:\/\/eldigitaldeasturias.com\/radio","nextItem":{"@type":"ListItem","@id":"https:\/\/eldigitaldeasturias.com\/radio\/category\/noticias\/#listItem","name":"Noticias"}},{"@type":"ListItem","@id":"https:\/\/eldigitaldeasturias.com\/radio\/category\/noticias\/#listItem","position":2,"name":"Noticias","item":"https:\/\/eldigitaldeasturias.com\/radio\/category\/noticias\/","nextItem":{"@type":"ListItem","@id":"https:\/\/eldigitaldeasturias.com\/radio\/finalizan-los-trabajos-del-mural-en-la-calle-antonio-machado-en-lugones\/#listItem","name":"Finalizan los trabajos del mural en la Calle Antonio Machado en Lugones"},"previousItem":{"@type":"ListItem","@id":"https:\/\/eldigitaldeasturias.com\/radio#listItem","name":"Inicio"}},{"@type":"ListItem","@id":"https:\/\/eldigitaldeasturias.com\/radio\/finalizan-los-trabajos-del-mural-en-la-calle-antonio-machado-en-lugones\/#listItem","position":3,"name":"Finalizan los trabajos del mural en la Calle Antonio Machado en Lugones","previousItem":{"@type":"ListItem","@id":"https:\/\/eldigitaldeasturias.com\/radio\/category\/noticias\/#listItem","name":"Noticias"}}]},{"@type":"NewsArticle","@id":"https:\/\/eldigitaldeasturias.com\/radio\/finalizan-los-trabajos-del-mural-en-la-calle-antonio-machado-en-lugones\/#newsarticle","name":"Finalizan los trabajos del mural en la Calle Antonio Machado en Lugones | El Digital de Asturias","headline":"Finalizan los trabajos del mural en la Calle Antonio Machado en Lugones","author":{"@id":"https:\/\/eldigitaldeasturias.com\/radio\/author\/nbasturias\/#author"},"publisher":{"@id":"https:\/\/eldigitaldeasturias.com\/radio\/#organization"},"image":{"@type":"ImageObject","url":"https:\/\/eldigitaldeasturias.com\/radio\/wp-content\/uploads\/2018\/03\/technology-785742_1280.jpg","width":1280,"height":853},"datePublished":"2020-07-23T12:19:08+02:00","dateModified":"2020-07-23T12:19:08+02:00","inLanguage":"es-ES","mainEntityOfPage":{"@id":"https:\/\/eldigitaldeasturias.com\/radio\/finalizan-los-trabajos-del-mural-en-la-calle-antonio-machado-en-lugones\/#webpage"},"isPartOf":{"@id":"https:\/\/eldigitaldeasturias.com\/radio\/finalizan-los-trabajos-del-mural-en-la-calle-antonio-machado-en-lugones\/#webpage"},"articleSection":"Noticias","dateline":"Publicado el julio 23, 2020."},{"@type":"Organization","@id":"https:\/\/eldigitaldeasturias.com\/radio\/#organization","name":"El digital de Asturias Radio","description":"Diario de informaci\u00f3n y noticias","url":"https:\/\/eldigitaldeasturias.com\/radio\/","telephone":"+34652131393","logo":{"@type":"ImageObject","url":"https:\/\/www.eldigitaldeasturias.com\/radio\/wp-content\/uploads\/2021\/03\/EDA.jpg","@id":"https:\/\/eldigitaldeasturias.com\/radio\/finalizan-los-trabajos-del-mural-en-la-calle-antonio-machado-en-lugones\/#organizationLogo"},"image":{"@id":"https:\/\/eldigitaldeasturias.com\/radio\/finalizan-los-trabajos-del-mural-en-la-calle-antonio-machado-en-lugones\/#organizationLogo"},"sameAs":["https:\/\/www.facebook.com\/","https:\/\/x.com\/bercodi","https:\/\/www.instagram.com\/","https:\/\/www.youtube.com\/channel\/UCZP-2wLEB9Rv6erhFmqVnvg"]},{"@type":"Person","@id":"https:\/\/eldigitaldeasturias.com\/radio\/author\/nbasturias\/#author","url":"https:\/\/eldigitaldeasturias.com\/radio\/author\/nbasturias\/","name":"NBAsturias","image":{"@type":"ImageObject","@id":"https:\/\/eldigitaldeasturias.com\/radio\/finalizan-los-trabajos-del-mural-en-la-calle-antonio-machado-en-lugones\/#authorImage","url":"https:\/\/secure.gravatar.com\/avatar\/df2aeffc32bcd13f8d26072ef8a91b623d677766deac7f97ca815868cd41bf5e?s=96&d=mm&r=g","width":96,"height":96,"caption":"NBAsturias"}},{"@type":"WebPage","@id":"https:\/\/eldigitaldeasturias.com\/radio\/finalizan-los-trabajos-del-mural-en-la-calle-antonio-machado-en-lugones\/#webpage","url":"https:\/\/eldigitaldeasturias.com\/radio\/finalizan-los-trabajos-del-mural-en-la-calle-antonio-machado-en-lugones\/","name":"Finalizan los trabajos del mural en la Calle Antonio Machado en Lugones | El Digital de Asturias","description":"(EUROPA PRESS) - El alcalde de Siero, \u00c1ngel Garc\u00eda, ha inaugurado este mi\u00e9rcoles el mural de la Calle Antonio Machado en Lugones, obra del artista leon\u00e9s, David Esteban 'Dados punto cero'. El mural de 15 metros de altura por 10 de ancho resalta la importancia de reciclar y de reutilizar los residuos. La imagen representa a","inLanguage":"es-ES","isPartOf":{"@id":"https:\/\/eldigitaldeasturias.com\/radio\/#website"},"breadcrumb":{"@id":"https:\/\/eldigitaldeasturias.com\/radio\/finalizan-los-trabajos-del-mural-en-la-calle-antonio-machado-en-lugones\/#breadcrumblist"},"author":{"@id":"https:\/\/eldigitaldeasturias.com\/radio\/author\/nbasturias\/#author"},"creator":{"@id":"https:\/\/eldigitaldeasturias.com\/radio\/author\/nbasturias\/#author"},"image":{"@type":"ImageObject","url":"https:\/\/eldigitaldeasturias.com\/radio\/wp-content\/uploads\/2018\/03\/technology-785742_1280.jpg","@id":"https:\/\/eldigitaldeasturias.com\/radio\/finalizan-los-trabajos-del-mural-en-la-calle-antonio-machado-en-lugones\/#mainImage","width":1280,"height":853},"primaryImageOfPage":{"@id":"https:\/\/eldigitaldeasturias.com\/radio\/finalizan-los-trabajos-del-mural-en-la-calle-antonio-machado-en-lugones\/#mainImage"},"datePublished":"2020-07-23T12:19:08+02:00","dateModified":"2020-07-23T12:19:08+02:00"},{"@type":"WebSite","@id":"https:\/\/eldigitaldeasturias.com\/radio\/#website","url":"https:\/\/eldigitaldeasturias.com\/radio\/","name":"El Digital de Asturias","description":"Diario de informaci\u00f3n y noticias","inLanguage":"es-ES","publisher":{"@id":"https:\/\/eldigitaldeasturias.com\/radio\/#organization"}}]},"og:locale":"es_ES","og:site_name":"El Digital de Asturias | Diario de informaci\u00f3n y noticias","og:type":"article","og:title":"Finalizan los trabajos del mural en la Calle Antonio Machado en Lugones | El Digital de Asturias","og:description":"(EUROPA PRESS) - El alcalde de Siero, \u00c1ngel Garc\u00eda, ha inaugurado este mi\u00e9rcoles el mural de la Calle Antonio Machado en Lugones, obra del artista leon\u00e9s, David Esteban 'Dados punto cero'. El mural de 15 metros de altura por 10 de ancho resalta la importancia de reciclar y de reutilizar los residuos. La imagen representa a","og:url":"https:\/\/eldigitaldeasturias.com\/radio\/finalizan-los-trabajos-del-mural-en-la-calle-antonio-machado-en-lugones\/","og:image":"https:\/\/eldigitaldeasturias.com\/radio\/wp-content\/uploads\/2018\/03\/technology-785742_1280.jpg","og:image:secure_url":"https:\/\/eldigitaldeasturias.com\/radio\/wp-content\/uploads\/2018\/03\/technology-785742_1280.jpg","og:image:width":1280,"og:image:height":853,"article:published_time":"2020-07-23T12:19:08+00:00","article:modified_time":"2020-07-23T12:19:08+00:00","twitter:card":"summary_large_image","twitter:site":"@bercodi","twitter:title":"Finalizan los trabajos del mural en la Calle Antonio Machado en Lugones | El Digital de Asturias","twitter:description":"(EUROPA PRESS) - El alcalde de Siero, \u00c1ngel Garc\u00eda, ha inaugurado este mi\u00e9rcoles el mural de la Calle Antonio Machado en Lugones, obra del artista leon\u00e9s, David Esteban 'Dados punto cero'. El mural de 15 metros de altura por 10 de ancho resalta la importancia de reciclar y de reutilizar los residuos. La imagen representa a","twitter:creator":"@bercodi","twitter:image":"https:\/\/eldigitaldeasturias.com\/radio\/wp-content\/uploads\/2018\/03\/technology-785742_1280.jpg"},"aioseo_meta_data":{"post_id":"4823","title":null,"description":"","keywords":"","keyphrases":null,"primary_term":null,"canonical_url":"","og_title":null,"og_description":null,"og_object_type":"default","og_image_type":"default","og_image_url":null,"og_image_width":null,"og_image_height":null,"og_image_custom_url":null,"og_image_custom_fields":null,"og_video":null,"og_custom_url":null,"og_article_section":null,"og_article_tags":null,"twitter_use_og":false,"twitter_card":"default","twitter_image_type":"default","twitter_image_url":null,"twitter_image_custom_url":null,"twitter_image_custom_fields":null,"twitter_title":null,"twitter_description":null,"schema":{"blockGraphs":[],"customGraphs":[],"default":{"data":{"Article":[],"Course":[],"Dataset":[],"FAQPage":[],"Movie":[],"Person":[],"Product":[],"ProductReview":[],"Car":[],"Recipe":[],"Service":[],"SoftwareApplication":[],"WebPage":[]},"graphName":"","isEnabled":true},"graphs":[],"defaultGraph":"","defaultPostTypeGraph":""},"schema_type":null,"schema_type_options":null,"pillar_content":false,"robots_default":true,"robots_noindex":false,"robots_noarchive":false,"robots_nosnippet":false,"robots_nofollow":false,"robots_noimageindex":false,"robots_noodp":false,"robots_notranslate":false,"robots_max_snippet":null,"robots_max_videopreview":null,"robots_max_imagepreview":"large","priority":null,"frequency":null,"location":null,"local_seo":null,"seo_analyzer_scan_date":"2025-08-28 16:45:37","breadcrumb_settings":null,"limit_modified_date":false,"open_ai":null,"ai":null,"created":"2021-03-27 04:31:27","updated":"2025-08-28 16:45:37"},"aioseo_breadcrumb":"<div class=\"aioseo-breadcrumbs\"><span class=\"aioseo-breadcrumb\">\n\t<a href=\"https:\/\/eldigitaldeasturias.com\/radio\" title=\"Inicio\">Inicio<\/a>\n<\/span><span class=\"aioseo-breadcrumb-separator\">&ndash;<\/span><span class=\"aioseo-breadcrumb\">\n\t<a href=\"https:\/\/eldigitaldeasturias.com\/radio\/category\/noticias\/\" title=\"Noticias\">Noticias<\/a>\n<\/span><span class=\"aioseo-breadcrumb-separator\">&ndash;<\/span><span class=\"aioseo-breadcrumb\">\n\tFinalizan los trabajos del mural en la Calle Antonio Machado en Lugones\n<\/span><\/div>","aioseo_breadcrumb_json":[{"label":"Inicio","link":"https:\/\/eldigitaldeasturias.com\/radio"},{"label":"Noticias","link":"https:\/\/eldigitaldeasturias.com\/radio\/category\/noticias\/"},{"label":"Finalizan los trabajos del mural en la Calle Antonio Machado en Lugones","link":"https:\/\/eldigitaldeasturias.com\/radio\/finalizan-los-trabajos-del-mural-en-la-calle-antonio-machado-en-lugones\/"}],"_links":{"self":[{"href":"https:\/\/eldigitaldeasturias.com\/radio\/wp-json\/wp\/v2\/posts\/4823","targetHints":{"allow":["GET"]}}],"collection":[{"href":"https:\/\/eldigitaldeasturias.com\/radio\/wp-json\/wp\/v2\/posts"}],"about":[{"href":"https:\/\/eldigitaldeasturias.com\/radio\/wp-json\/wp\/v2\/types\/post"}],"author":[{"embeddable":true,"href":"https:\/\/eldigitaldeasturias.com\/radio\/wp-json\/wp\/v2\/users\/1"}],"replies":[{"embeddable":true,"href":"https:\/\/eldigitaldeasturias.com\/radio\/wp-json\/wp\/v2\/comments?post=4823"}],"version-history":[{"count":0,"href":"https:\/\/eldigitaldeasturias.com\/radio\/wp-json\/wp\/v2\/posts\/4823\/revisions"}],"wp:featuredmedia":[{"embeddable":true,"href":"https:\/\/eldigitaldeasturias.com\/radio\/wp-json\/wp\/v2\/media\/242"}],"wp:attachment":[{"href":"https:\/\/eldigitaldeasturias.com\/radio\/wp-json\/wp\/v2\/media?parent=4823"}],"wp:term":[{"taxonomy":"category","embeddable":true,"href":"https:\/\/eldigitaldeasturias.com\/radio\/wp-json\/wp\/v2\/categories?post=4823"},{"taxonomy":"post_tag","embeddable":true,"href":"https:\/\/eldigitaldeasturias.com\/radio\/wp-json\/wp\/v2\/tags?post=4823"}],"curies":[{"name":"wp","href":"https:\/\/api.w.org\/{rel}","templated":true}]}}