{"id":4820,"date":"2020-07-22T21:50:37","date_gmt":"2020-07-22T21:50:37","guid":{"rendered":"http:\/\/www.eldigitaldeasturias.com\/radio\/?p=4820"},"modified":"2020-07-22T21:50:37","modified_gmt":"2020-07-22T21:50:37","slug":"el-principado-abordara-la-celebracion-de-la-rosaleda-de-los-artesanos-con-el-sector","status":"publish","type":"post","link":"https:\/\/eldigitaldeasturias.com\/radio\/el-principado-abordara-la-celebracion-de-la-rosaleda-de-los-artesanos-con-el-sector\/","title":{"rendered":"El Principado abordar\u00e1 la celebraci\u00f3n de la Rosaleda de los Artesanos con el sector"},"content":{"rendered":"<figure id=\"attachment_4821\" aria-describedby=\"caption-attachment-4821\" style=\"width: 360px\" class=\"wp-caption alignleft\"><img fetchpriority=\"high\" decoding=\"async\" class=\"wp-image-4821 size-medium\" src=\"http:\/\/www.eldigitaldeasturias.com\/radio\/wp-content\/uploads\/2020\/07\/zapico-360x173.jpg\" alt=\"\" width=\"360\" height=\"173\" srcset=\"https:\/\/eldigitaldeasturias.com\/radio\/wp-content\/uploads\/2020\/07\/zapico-360x173.jpg 360w, https:\/\/eldigitaldeasturias.com\/radio\/wp-content\/uploads\/2020\/07\/zapico-768x368.jpg 768w, https:\/\/eldigitaldeasturias.com\/radio\/wp-content\/uploads\/2020\/07\/zapico.jpg 905w\" sizes=\"(max-width: 360px) 100vw, 360px\" \/><figcaption id=\"caption-attachment-4821\" class=\"wp-caption-text\">El DG de Comercio, Julio Gonz\u00e1lez Zapico, en videoconferencia con artesanos asturianos. &#8211; GOBIERNO DE ASTURIAS<\/figcaption><\/figure>\n<p>(EUROPA PRESS) &#8211;\u00a0El director general de Comercio, Emprendimiento y Econom\u00eda Social del Gobierno asturiano, Julio Gonz\u00e1lez Zapico, ha mantenido este martes una reuni\u00f3n de trabajo con las principales asociaciones de artesanos de Asturias, en la que han abordado las medidas de apoyo al colectivo y la situaci\u00f3n del sector en el marco general &#8216;post-covid&#8217;. En esta reuni\u00f3n se han emplazado a otra nueva para abordar la posibilidad de celebrar la tradicional feria de artesan\u00eda de Oviedo en navidad, la Rosaleda de los Artesanos.<\/p>\n<p>Durante la reuni\u00f3n, seg\u00fan ha comunicado el Principado, se analizaron diferentes medidas para reactivar los canales de venta del sector de los artesanos tras la suspensi\u00f3n o paralizaci\u00f3n de la mayor\u00eda de los eventos y ferias de artesan\u00eda con motivo de la COVID-19.<\/p>\n<p>Sobre la mesa est\u00e1 una colaboraci\u00f3n con las asociaciones de comerciantes y la posibilidad de establecer mecanismos de venta on line.<\/p>\n<p>La Direcci\u00f3n General de Comercio, Emprendedores y Econom\u00eda Social tiene censados en el Registro de Actividades Artesanas del Principado de Asturias a 224 artesanos en un total de 66 oficios. Los m\u00e1s numerosos son los joyeros (32), ceramistas (25), marroquineros (23), carpinteros (17), tallistas madera (14), azabacheros (13), vidrieros (13), ebanistas (12), modistas\/sastres (12), bisuteros (11), plateros (11), cuchilleros (11), y repujadores (11).<\/p>\n","protected":false},"excerpt":{"rendered":"<p>(EUROPA PRESS) &#8211;\u00a0El director general de Comercio, Emprendimiento y Econom\u00eda Social del Gobierno asturiano, Julio Gonz\u00e1lez Zapico, ha mantenido este martes una reuni\u00f3n de trabajo con las principales asociaciones de artesanos de Asturias, en la que han abordado las medidas de apoyo al colectivo y la situaci\u00f3n del sector en el marco general &#8216;post-covid&#8217;. En<\/p>\n","protected":false},"author":1,"featured_media":4821,"comment_status":"closed","ping_status":"closed","sticky":false,"template":"","format":"standard","meta":{"footnotes":""},"categories":[1],"tags":[],"class_list":{"0":"post-4820","1":"post","2":"type-post","3":"status-publish","4":"format-standard","5":"has-post-thumbnail","7":"category-noticias"},"aioseo_notices":[],"aioseo_head":"\n\t\t<!-- All in One SEO Pro 4.9.6.2 - aioseo.com -->\n\t<meta name=\"description\" content=\"(EUROPA PRESS) - El director general de Comercio, Emprendimiento y Econom\u00eda Social del Gobierno asturiano, Julio Gonz\u00e1lez Zapico, ha mantenido este martes una reuni\u00f3n de trabajo con las principales asociaciones de artesanos de Asturias, en la que han abordado las medidas de apoyo al colectivo y la situaci\u00f3n del sector en el marco general &#039;post-covid&#039;. En\" \/>\n\t<meta name=\"robots\" content=\"max-image-preview:large\" \/>\n\t<meta name=\"author\" content=\"NBAsturias\"\/>\n\t<meta name=\"google-site-verification\" content=\"UA-38556648-1\" \/>\n\t<meta name=\"keywords\" content=\"noticias\" \/>\n\t<link rel=\"canonical\" href=\"https:\/\/eldigitaldeasturias.com\/radio\/el-principado-abordara-la-celebracion-de-la-rosaleda-de-los-artesanos-con-el-sector\/\" \/>\n\t<meta name=\"generator\" content=\"All in One SEO Pro (AIOSEO) 4.9.6.2\" \/>\n\t\t<meta property=\"og:locale\" content=\"es_ES\" \/>\n\t\t<meta property=\"og:site_name\" content=\"El Digital de Asturias | Diario de informaci\u00f3n y noticias\" \/>\n\t\t<meta property=\"og:type\" content=\"article\" \/>\n\t\t<meta property=\"og:title\" content=\"El Principado abordar\u00e1 la celebraci\u00f3n de la Rosaleda de los Artesanos con el sector | El Digital de Asturias\" \/>\n\t\t<meta property=\"og:description\" content=\"(EUROPA PRESS) - El director general de Comercio, Emprendimiento y Econom\u00eda Social del Gobierno asturiano, Julio Gonz\u00e1lez Zapico, ha mantenido este martes una reuni\u00f3n de trabajo con las principales asociaciones de artesanos de Asturias, en la que han abordado las medidas de apoyo al colectivo y la situaci\u00f3n del sector en el marco general &#039;post-covid&#039;. En\" \/>\n\t\t<meta property=\"og:url\" content=\"https:\/\/eldigitaldeasturias.com\/radio\/el-principado-abordara-la-celebracion-de-la-rosaleda-de-los-artesanos-con-el-sector\/\" \/>\n\t\t<meta property=\"og:image\" content=\"https:\/\/eldigitaldeasturias.com\/radio\/wp-content\/uploads\/2020\/07\/zapico.jpg\" \/>\n\t\t<meta property=\"og:image:secure_url\" content=\"https:\/\/eldigitaldeasturias.com\/radio\/wp-content\/uploads\/2020\/07\/zapico.jpg\" \/>\n\t\t<meta property=\"og:image:width\" content=\"905\" \/>\n\t\t<meta property=\"og:image:height\" content=\"434\" \/>\n\t\t<meta property=\"article:published_time\" content=\"2020-07-22T21:50:37+00:00\" \/>\n\t\t<meta property=\"article:modified_time\" content=\"2020-07-22T21:50:37+00:00\" \/>\n\t\t<meta name=\"twitter:card\" content=\"summary_large_image\" \/>\n\t\t<meta name=\"twitter:site\" content=\"@bercodi\" \/>\n\t\t<meta name=\"twitter:title\" content=\"El Principado abordar\u00e1 la celebraci\u00f3n de la Rosaleda de los Artesanos con el sector | El Digital de Asturias\" \/>\n\t\t<meta name=\"twitter:description\" content=\"(EUROPA PRESS) - El director general de Comercio, Emprendimiento y Econom\u00eda Social del Gobierno asturiano, Julio Gonz\u00e1lez Zapico, ha mantenido este martes una reuni\u00f3n de trabajo con las principales asociaciones de artesanos de Asturias, en la que han abordado las medidas de apoyo al colectivo y la situaci\u00f3n del sector en el marco general &#039;post-covid&#039;. En\" \/>\n\t\t<meta name=\"twitter:creator\" content=\"@bercodi\" \/>\n\t\t<meta name=\"twitter:image\" content=\"https:\/\/eldigitaldeasturias.com\/radio\/wp-content\/uploads\/2020\/07\/zapico.jpg\" \/>\n\t\t<script type=\"application\/ld+json\" class=\"aioseo-schema\">\n\t\t\t{\"@context\":\"https:\\\/\\\/schema.org\",\"@graph\":[{\"@type\":\"BreadcrumbList\",\"@id\":\"https:\\\/\\\/eldigitaldeasturias.com\\\/radio\\\/el-principado-abordara-la-celebracion-de-la-rosaleda-de-los-artesanos-con-el-sector\\\/#breadcrumblist\",\"itemListElement\":[{\"@type\":\"ListItem\",\"@id\":\"https:\\\/\\\/eldigitaldeasturias.com\\\/radio#listItem\",\"position\":1,\"name\":\"Inicio\",\"item\":\"https:\\\/\\\/eldigitaldeasturias.com\\\/radio\",\"nextItem\":{\"@type\":\"ListItem\",\"@id\":\"https:\\\/\\\/eldigitaldeasturias.com\\\/radio\\\/category\\\/noticias\\\/#listItem\",\"name\":\"Noticias\"}},{\"@type\":\"ListItem\",\"@id\":\"https:\\\/\\\/eldigitaldeasturias.com\\\/radio\\\/category\\\/noticias\\\/#listItem\",\"position\":2,\"name\":\"Noticias\",\"item\":\"https:\\\/\\\/eldigitaldeasturias.com\\\/radio\\\/category\\\/noticias\\\/\",\"nextItem\":{\"@type\":\"ListItem\",\"@id\":\"https:\\\/\\\/eldigitaldeasturias.com\\\/radio\\\/el-principado-abordara-la-celebracion-de-la-rosaleda-de-los-artesanos-con-el-sector\\\/#listItem\",\"name\":\"El Principado abordar\\u00e1 la celebraci\\u00f3n de la Rosaleda de los Artesanos con el sector\"},\"previousItem\":{\"@type\":\"ListItem\",\"@id\":\"https:\\\/\\\/eldigitaldeasturias.com\\\/radio#listItem\",\"name\":\"Inicio\"}},{\"@type\":\"ListItem\",\"@id\":\"https:\\\/\\\/eldigitaldeasturias.com\\\/radio\\\/el-principado-abordara-la-celebracion-de-la-rosaleda-de-los-artesanos-con-el-sector\\\/#listItem\",\"position\":3,\"name\":\"El Principado abordar\\u00e1 la celebraci\\u00f3n de la Rosaleda de los Artesanos con el sector\",\"previousItem\":{\"@type\":\"ListItem\",\"@id\":\"https:\\\/\\\/eldigitaldeasturias.com\\\/radio\\\/category\\\/noticias\\\/#listItem\",\"name\":\"Noticias\"}}]},{\"@type\":\"NewsArticle\",\"@id\":\"https:\\\/\\\/eldigitaldeasturias.com\\\/radio\\\/el-principado-abordara-la-celebracion-de-la-rosaleda-de-los-artesanos-con-el-sector\\\/#newsarticle\",\"name\":\"El Principado abordar\\u00e1 la celebraci\\u00f3n de la Rosaleda de los Artesanos con el sector | El Digital de Asturias\",\"headline\":\"El Principado abordar\\u00e1 la celebraci\\u00f3n de la Rosaleda de los Artesanos con el sector\",\"author\":{\"@id\":\"https:\\\/\\\/eldigitaldeasturias.com\\\/radio\\\/author\\\/nbasturias\\\/#author\"},\"publisher\":{\"@id\":\"https:\\\/\\\/eldigitaldeasturias.com\\\/radio\\\/#organization\"},\"image\":{\"@type\":\"ImageObject\",\"url\":\"https:\\\/\\\/eldigitaldeasturias.com\\\/radio\\\/wp-content\\\/uploads\\\/2020\\\/07\\\/zapico.jpg\",\"width\":905,\"height\":434},\"datePublished\":\"2020-07-22T21:50:37+02:00\",\"dateModified\":\"2020-07-22T21:50:37+02:00\",\"inLanguage\":\"es-ES\",\"mainEntityOfPage\":{\"@id\":\"https:\\\/\\\/eldigitaldeasturias.com\\\/radio\\\/el-principado-abordara-la-celebracion-de-la-rosaleda-de-los-artesanos-con-el-sector\\\/#webpage\"},\"isPartOf\":{\"@id\":\"https:\\\/\\\/eldigitaldeasturias.com\\\/radio\\\/el-principado-abordara-la-celebracion-de-la-rosaleda-de-los-artesanos-con-el-sector\\\/#webpage\"},\"articleSection\":\"Noticias\",\"dateline\":\"Publicado el julio 22, 2020.\"},{\"@type\":\"Organization\",\"@id\":\"https:\\\/\\\/eldigitaldeasturias.com\\\/radio\\\/#organization\",\"name\":\"El digital de Asturias Radio\",\"description\":\"Diario de informaci\\u00f3n y noticias\",\"url\":\"https:\\\/\\\/eldigitaldeasturias.com\\\/radio\\\/\",\"telephone\":\"+34652131393\",\"logo\":{\"@type\":\"ImageObject\",\"url\":\"https:\\\/\\\/www.eldigitaldeasturias.com\\\/radio\\\/wp-content\\\/uploads\\\/2021\\\/03\\\/EDA.jpg\",\"@id\":\"https:\\\/\\\/eldigitaldeasturias.com\\\/radio\\\/el-principado-abordara-la-celebracion-de-la-rosaleda-de-los-artesanos-con-el-sector\\\/#organizationLogo\"},\"image\":{\"@id\":\"https:\\\/\\\/eldigitaldeasturias.com\\\/radio\\\/el-principado-abordara-la-celebracion-de-la-rosaleda-de-los-artesanos-con-el-sector\\\/#organizationLogo\"},\"sameAs\":[\"https:\\\/\\\/www.facebook.com\\\/\",\"https:\\\/\\\/x.com\\\/bercodi\",\"https:\\\/\\\/www.instagram.com\\\/\",\"https:\\\/\\\/www.youtube.com\\\/channel\\\/UCZP-2wLEB9Rv6erhFmqVnvg\"]},{\"@type\":\"Person\",\"@id\":\"https:\\\/\\\/eldigitaldeasturias.com\\\/radio\\\/author\\\/nbasturias\\\/#author\",\"url\":\"https:\\\/\\\/eldigitaldeasturias.com\\\/radio\\\/author\\\/nbasturias\\\/\",\"name\":\"NBAsturias\",\"image\":{\"@type\":\"ImageObject\",\"@id\":\"https:\\\/\\\/eldigitaldeasturias.com\\\/radio\\\/el-principado-abordara-la-celebracion-de-la-rosaleda-de-los-artesanos-con-el-sector\\\/#authorImage\",\"url\":\"https:\\\/\\\/secure.gravatar.com\\\/avatar\\\/df2aeffc32bcd13f8d26072ef8a91b623d677766deac7f97ca815868cd41bf5e?s=96&d=mm&r=g\",\"width\":96,\"height\":96,\"caption\":\"NBAsturias\"}},{\"@type\":\"WebPage\",\"@id\":\"https:\\\/\\\/eldigitaldeasturias.com\\\/radio\\\/el-principado-abordara-la-celebracion-de-la-rosaleda-de-los-artesanos-con-el-sector\\\/#webpage\",\"url\":\"https:\\\/\\\/eldigitaldeasturias.com\\\/radio\\\/el-principado-abordara-la-celebracion-de-la-rosaleda-de-los-artesanos-con-el-sector\\\/\",\"name\":\"El Principado abordar\\u00e1 la celebraci\\u00f3n de la Rosaleda de los Artesanos con el sector | El Digital de Asturias\",\"description\":\"(EUROPA PRESS) - El director general de Comercio, Emprendimiento y Econom\\u00eda Social del Gobierno asturiano, Julio Gonz\\u00e1lez Zapico, ha mantenido este martes una reuni\\u00f3n de trabajo con las principales asociaciones de artesanos de Asturias, en la que han abordado las medidas de apoyo al colectivo y la situaci\\u00f3n del sector en el marco general 'post-covid'. En\",\"inLanguage\":\"es-ES\",\"isPartOf\":{\"@id\":\"https:\\\/\\\/eldigitaldeasturias.com\\\/radio\\\/#website\"},\"breadcrumb\":{\"@id\":\"https:\\\/\\\/eldigitaldeasturias.com\\\/radio\\\/el-principado-abordara-la-celebracion-de-la-rosaleda-de-los-artesanos-con-el-sector\\\/#breadcrumblist\"},\"author\":{\"@id\":\"https:\\\/\\\/eldigitaldeasturias.com\\\/radio\\\/author\\\/nbasturias\\\/#author\"},\"creator\":{\"@id\":\"https:\\\/\\\/eldigitaldeasturias.com\\\/radio\\\/author\\\/nbasturias\\\/#author\"},\"image\":{\"@type\":\"ImageObject\",\"url\":\"https:\\\/\\\/eldigitaldeasturias.com\\\/radio\\\/wp-content\\\/uploads\\\/2020\\\/07\\\/zapico.jpg\",\"@id\":\"https:\\\/\\\/eldigitaldeasturias.com\\\/radio\\\/el-principado-abordara-la-celebracion-de-la-rosaleda-de-los-artesanos-con-el-sector\\\/#mainImage\",\"width\":905,\"height\":434},\"primaryImageOfPage\":{\"@id\":\"https:\\\/\\\/eldigitaldeasturias.com\\\/radio\\\/el-principado-abordara-la-celebracion-de-la-rosaleda-de-los-artesanos-con-el-sector\\\/#mainImage\"},\"datePublished\":\"2020-07-22T21:50:37+02:00\",\"dateModified\":\"2020-07-22T21:50:37+02:00\"},{\"@type\":\"WebSite\",\"@id\":\"https:\\\/\\\/eldigitaldeasturias.com\\\/radio\\\/#website\",\"url\":\"https:\\\/\\\/eldigitaldeasturias.com\\\/radio\\\/\",\"name\":\"El Digital de Asturias\",\"description\":\"Diario de informaci\\u00f3n y noticias\",\"inLanguage\":\"es-ES\",\"publisher\":{\"@id\":\"https:\\\/\\\/eldigitaldeasturias.com\\\/radio\\\/#organization\"}}]}\n\t\t<\/script>\n\t\t<!-- All in One SEO Pro -->\r\n\t\t<title>El Principado abordar\u00e1 la celebraci\u00f3n de la Rosaleda de los Artesanos con el sector | El Digital de Asturias<\/title>\n\n","aioseo_head_json":{"title":"El Principado abordar\u00e1 la celebraci\u00f3n de la Rosaleda de los Artesanos con el sector | El Digital de Asturias","description":"(EUROPA PRESS) - El director general de Comercio, Emprendimiento y Econom\u00eda Social del Gobierno asturiano, Julio Gonz\u00e1lez Zapico, ha mantenido este martes una reuni\u00f3n de trabajo con las principales asociaciones de artesanos de Asturias, en la que han abordado las medidas de apoyo al colectivo y la situaci\u00f3n del sector en el marco general 'post-covid'. En","canonical_url":"https:\/\/eldigitaldeasturias.com\/radio\/el-principado-abordara-la-celebracion-de-la-rosaleda-de-los-artesanos-con-el-sector\/","robots":"max-image-preview:large","keywords":"noticias","webmasterTools":{"google-site-verification":"UA-38556648-1","miscellaneous":""},"schema":{"@context":"https:\/\/schema.org","@graph":[{"@type":"BreadcrumbList","@id":"https:\/\/eldigitaldeasturias.com\/radio\/el-principado-abordara-la-celebracion-de-la-rosaleda-de-los-artesanos-con-el-sector\/#breadcrumblist","itemListElement":[{"@type":"ListItem","@id":"https:\/\/eldigitaldeasturias.com\/radio#listItem","position":1,"name":"Inicio","item":"https:\/\/eldigitaldeasturias.com\/radio","nextItem":{"@type":"ListItem","@id":"https:\/\/eldigitaldeasturias.com\/radio\/category\/noticias\/#listItem","name":"Noticias"}},{"@type":"ListItem","@id":"https:\/\/eldigitaldeasturias.com\/radio\/category\/noticias\/#listItem","position":2,"name":"Noticias","item":"https:\/\/eldigitaldeasturias.com\/radio\/category\/noticias\/","nextItem":{"@type":"ListItem","@id":"https:\/\/eldigitaldeasturias.com\/radio\/el-principado-abordara-la-celebracion-de-la-rosaleda-de-los-artesanos-con-el-sector\/#listItem","name":"El Principado abordar\u00e1 la celebraci\u00f3n de la Rosaleda de los Artesanos con el sector"},"previousItem":{"@type":"ListItem","@id":"https:\/\/eldigitaldeasturias.com\/radio#listItem","name":"Inicio"}},{"@type":"ListItem","@id":"https:\/\/eldigitaldeasturias.com\/radio\/el-principado-abordara-la-celebracion-de-la-rosaleda-de-los-artesanos-con-el-sector\/#listItem","position":3,"name":"El Principado abordar\u00e1 la celebraci\u00f3n de la Rosaleda de los Artesanos con el sector","previousItem":{"@type":"ListItem","@id":"https:\/\/eldigitaldeasturias.com\/radio\/category\/noticias\/#listItem","name":"Noticias"}}]},{"@type":"NewsArticle","@id":"https:\/\/eldigitaldeasturias.com\/radio\/el-principado-abordara-la-celebracion-de-la-rosaleda-de-los-artesanos-con-el-sector\/#newsarticle","name":"El Principado abordar\u00e1 la celebraci\u00f3n de la Rosaleda de los Artesanos con el sector | El Digital de Asturias","headline":"El Principado abordar\u00e1 la celebraci\u00f3n de la Rosaleda de los Artesanos con el sector","author":{"@id":"https:\/\/eldigitaldeasturias.com\/radio\/author\/nbasturias\/#author"},"publisher":{"@id":"https:\/\/eldigitaldeasturias.com\/radio\/#organization"},"image":{"@type":"ImageObject","url":"https:\/\/eldigitaldeasturias.com\/radio\/wp-content\/uploads\/2020\/07\/zapico.jpg","width":905,"height":434},"datePublished":"2020-07-22T21:50:37+02:00","dateModified":"2020-07-22T21:50:37+02:00","inLanguage":"es-ES","mainEntityOfPage":{"@id":"https:\/\/eldigitaldeasturias.com\/radio\/el-principado-abordara-la-celebracion-de-la-rosaleda-de-los-artesanos-con-el-sector\/#webpage"},"isPartOf":{"@id":"https:\/\/eldigitaldeasturias.com\/radio\/el-principado-abordara-la-celebracion-de-la-rosaleda-de-los-artesanos-con-el-sector\/#webpage"},"articleSection":"Noticias","dateline":"Publicado el julio 22, 2020."},{"@type":"Organization","@id":"https:\/\/eldigitaldeasturias.com\/radio\/#organization","name":"El digital de Asturias Radio","description":"Diario de informaci\u00f3n y noticias","url":"https:\/\/eldigitaldeasturias.com\/radio\/","telephone":"+34652131393","logo":{"@type":"ImageObject","url":"https:\/\/www.eldigitaldeasturias.com\/radio\/wp-content\/uploads\/2021\/03\/EDA.jpg","@id":"https:\/\/eldigitaldeasturias.com\/radio\/el-principado-abordara-la-celebracion-de-la-rosaleda-de-los-artesanos-con-el-sector\/#organizationLogo"},"image":{"@id":"https:\/\/eldigitaldeasturias.com\/radio\/el-principado-abordara-la-celebracion-de-la-rosaleda-de-los-artesanos-con-el-sector\/#organizationLogo"},"sameAs":["https:\/\/www.facebook.com\/","https:\/\/x.com\/bercodi","https:\/\/www.instagram.com\/","https:\/\/www.youtube.com\/channel\/UCZP-2wLEB9Rv6erhFmqVnvg"]},{"@type":"Person","@id":"https:\/\/eldigitaldeasturias.com\/radio\/author\/nbasturias\/#author","url":"https:\/\/eldigitaldeasturias.com\/radio\/author\/nbasturias\/","name":"NBAsturias","image":{"@type":"ImageObject","@id":"https:\/\/eldigitaldeasturias.com\/radio\/el-principado-abordara-la-celebracion-de-la-rosaleda-de-los-artesanos-con-el-sector\/#authorImage","url":"https:\/\/secure.gravatar.com\/avatar\/df2aeffc32bcd13f8d26072ef8a91b623d677766deac7f97ca815868cd41bf5e?s=96&d=mm&r=g","width":96,"height":96,"caption":"NBAsturias"}},{"@type":"WebPage","@id":"https:\/\/eldigitaldeasturias.com\/radio\/el-principado-abordara-la-celebracion-de-la-rosaleda-de-los-artesanos-con-el-sector\/#webpage","url":"https:\/\/eldigitaldeasturias.com\/radio\/el-principado-abordara-la-celebracion-de-la-rosaleda-de-los-artesanos-con-el-sector\/","name":"El Principado abordar\u00e1 la celebraci\u00f3n de la Rosaleda de los Artesanos con el sector | El Digital de Asturias","description":"(EUROPA PRESS) - El director general de Comercio, Emprendimiento y Econom\u00eda Social del Gobierno asturiano, Julio Gonz\u00e1lez Zapico, ha mantenido este martes una reuni\u00f3n de trabajo con las principales asociaciones de artesanos de Asturias, en la que han abordado las medidas de apoyo al colectivo y la situaci\u00f3n del sector en el marco general 'post-covid'. En","inLanguage":"es-ES","isPartOf":{"@id":"https:\/\/eldigitaldeasturias.com\/radio\/#website"},"breadcrumb":{"@id":"https:\/\/eldigitaldeasturias.com\/radio\/el-principado-abordara-la-celebracion-de-la-rosaleda-de-los-artesanos-con-el-sector\/#breadcrumblist"},"author":{"@id":"https:\/\/eldigitaldeasturias.com\/radio\/author\/nbasturias\/#author"},"creator":{"@id":"https:\/\/eldigitaldeasturias.com\/radio\/author\/nbasturias\/#author"},"image":{"@type":"ImageObject","url":"https:\/\/eldigitaldeasturias.com\/radio\/wp-content\/uploads\/2020\/07\/zapico.jpg","@id":"https:\/\/eldigitaldeasturias.com\/radio\/el-principado-abordara-la-celebracion-de-la-rosaleda-de-los-artesanos-con-el-sector\/#mainImage","width":905,"height":434},"primaryImageOfPage":{"@id":"https:\/\/eldigitaldeasturias.com\/radio\/el-principado-abordara-la-celebracion-de-la-rosaleda-de-los-artesanos-con-el-sector\/#mainImage"},"datePublished":"2020-07-22T21:50:37+02:00","dateModified":"2020-07-22T21:50:37+02:00"},{"@type":"WebSite","@id":"https:\/\/eldigitaldeasturias.com\/radio\/#website","url":"https:\/\/eldigitaldeasturias.com\/radio\/","name":"El Digital de Asturias","description":"Diario de informaci\u00f3n y noticias","inLanguage":"es-ES","publisher":{"@id":"https:\/\/eldigitaldeasturias.com\/radio\/#organization"}}]},"og:locale":"es_ES","og:site_name":"El Digital de Asturias | Diario de informaci\u00f3n y noticias","og:type":"article","og:title":"El Principado abordar\u00e1 la celebraci\u00f3n de la Rosaleda de los Artesanos con el sector | El Digital de Asturias","og:description":"(EUROPA PRESS) - El director general de Comercio, Emprendimiento y Econom\u00eda Social del Gobierno asturiano, Julio Gonz\u00e1lez Zapico, ha mantenido este martes una reuni\u00f3n de trabajo con las principales asociaciones de artesanos de Asturias, en la que han abordado las medidas de apoyo al colectivo y la situaci\u00f3n del sector en el marco general 'post-covid'. En","og:url":"https:\/\/eldigitaldeasturias.com\/radio\/el-principado-abordara-la-celebracion-de-la-rosaleda-de-los-artesanos-con-el-sector\/","og:image":"https:\/\/eldigitaldeasturias.com\/radio\/wp-content\/uploads\/2020\/07\/zapico.jpg","og:image:secure_url":"https:\/\/eldigitaldeasturias.com\/radio\/wp-content\/uploads\/2020\/07\/zapico.jpg","og:image:width":905,"og:image:height":434,"article:published_time":"2020-07-22T21:50:37+00:00","article:modified_time":"2020-07-22T21:50:37+00:00","twitter:card":"summary_large_image","twitter:site":"@bercodi","twitter:title":"El Principado abordar\u00e1 la celebraci\u00f3n de la Rosaleda de los Artesanos con el sector | El Digital de Asturias","twitter:description":"(EUROPA PRESS) - El director general de Comercio, Emprendimiento y Econom\u00eda Social del Gobierno asturiano, Julio Gonz\u00e1lez Zapico, ha mantenido este martes una reuni\u00f3n de trabajo con las principales asociaciones de artesanos de Asturias, en la que han abordado las medidas de apoyo al colectivo y la situaci\u00f3n del sector en el marco general 'post-covid'. En","twitter:creator":"@bercodi","twitter:image":"https:\/\/eldigitaldeasturias.com\/radio\/wp-content\/uploads\/2020\/07\/zapico.jpg"},"aioseo_meta_data":{"post_id":"4820","title":null,"description":"","keywords":"","keyphrases":null,"primary_term":null,"canonical_url":"","og_title":null,"og_description":null,"og_object_type":"default","og_image_type":"default","og_image_url":null,"og_image_width":null,"og_image_height":null,"og_image_custom_url":null,"og_image_custom_fields":null,"og_video":null,"og_custom_url":null,"og_article_section":null,"og_article_tags":null,"twitter_use_og":false,"twitter_card":"default","twitter_image_type":"default","twitter_image_url":null,"twitter_image_custom_url":null,"twitter_image_custom_fields":null,"twitter_title":null,"twitter_description":null,"schema":{"blockGraphs":[],"customGraphs":[],"default":{"data":{"Article":[],"Course":[],"Dataset":[],"FAQPage":[],"Movie":[],"Person":[],"Product":[],"ProductReview":[],"Car":[],"Recipe":[],"Service":[],"SoftwareApplication":[],"WebPage":[]},"graphName":"","isEnabled":true},"graphs":[],"defaultGraph":"","defaultPostTypeGraph":""},"schema_type":null,"schema_type_options":null,"pillar_content":false,"robots_default":true,"robots_noindex":false,"robots_noarchive":false,"robots_nosnippet":false,"robots_nofollow":false,"robots_noimageindex":false,"robots_noodp":false,"robots_notranslate":false,"robots_max_snippet":null,"robots_max_videopreview":null,"robots_max_imagepreview":"large","priority":null,"frequency":null,"location":null,"local_seo":null,"seo_analyzer_scan_date":"2025-08-28 16:45:36","breadcrumb_settings":null,"limit_modified_date":false,"open_ai":null,"ai":null,"created":"2021-03-27 04:42:55","updated":"2025-08-28 16:45:36"},"aioseo_breadcrumb":"<div class=\"aioseo-breadcrumbs\"><span class=\"aioseo-breadcrumb\">\n\t<a href=\"https:\/\/eldigitaldeasturias.com\/radio\" title=\"Inicio\">Inicio<\/a>\n<\/span><span class=\"aioseo-breadcrumb-separator\">&ndash;<\/span><span class=\"aioseo-breadcrumb\">\n\t<a href=\"https:\/\/eldigitaldeasturias.com\/radio\/category\/noticias\/\" title=\"Noticias\">Noticias<\/a>\n<\/span><span class=\"aioseo-breadcrumb-separator\">&ndash;<\/span><span class=\"aioseo-breadcrumb\">\n\tEl Principado abordar\u00e1 la celebraci\u00f3n de la Rosaleda de los Artesanos con el sector\n<\/span><\/div>","aioseo_breadcrumb_json":[{"label":"Inicio","link":"https:\/\/eldigitaldeasturias.com\/radio"},{"label":"Noticias","link":"https:\/\/eldigitaldeasturias.com\/radio\/category\/noticias\/"},{"label":"El Principado abordar\u00e1 la celebraci\u00f3n de la Rosaleda de los Artesanos con el sector","link":"https:\/\/eldigitaldeasturias.com\/radio\/el-principado-abordara-la-celebracion-de-la-rosaleda-de-los-artesanos-con-el-sector\/"}],"_links":{"self":[{"href":"https:\/\/eldigitaldeasturias.com\/radio\/wp-json\/wp\/v2\/posts\/4820","targetHints":{"allow":["GET"]}}],"collection":[{"href":"https:\/\/eldigitaldeasturias.com\/radio\/wp-json\/wp\/v2\/posts"}],"about":[{"href":"https:\/\/eldigitaldeasturias.com\/radio\/wp-json\/wp\/v2\/types\/post"}],"author":[{"embeddable":true,"href":"https:\/\/eldigitaldeasturias.com\/radio\/wp-json\/wp\/v2\/users\/1"}],"replies":[{"embeddable":true,"href":"https:\/\/eldigitaldeasturias.com\/radio\/wp-json\/wp\/v2\/comments?post=4820"}],"version-history":[{"count":0,"href":"https:\/\/eldigitaldeasturias.com\/radio\/wp-json\/wp\/v2\/posts\/4820\/revisions"}],"wp:featuredmedia":[{"embeddable":true,"href":"https:\/\/eldigitaldeasturias.com\/radio\/wp-json\/wp\/v2\/media\/4821"}],"wp:attachment":[{"href":"https:\/\/eldigitaldeasturias.com\/radio\/wp-json\/wp\/v2\/media?parent=4820"}],"wp:term":[{"taxonomy":"category","embeddable":true,"href":"https:\/\/eldigitaldeasturias.com\/radio\/wp-json\/wp\/v2\/categories?post=4820"},{"taxonomy":"post_tag","embeddable":true,"href":"https:\/\/eldigitaldeasturias.com\/radio\/wp-json\/wp\/v2\/tags?post=4820"}],"curies":[{"name":"wp","href":"https:\/\/api.w.org\/{rel}","templated":true}]}}