{"id":4805,"date":"2020-07-19T18:20:56","date_gmt":"2020-07-19T18:20:56","guid":{"rendered":"http:\/\/www.eldigitaldeasturias.com\/radio\/?p=4805"},"modified":"2020-07-19T18:20:56","modified_gmt":"2020-07-19T18:20:56","slug":"presidente-del-coi-la-experiencia-del-boicot-a-moscu-1980-me-marco","status":"publish","type":"post","link":"https:\/\/eldigitaldeasturias.com\/radio\/presidente-del-coi-la-experiencia-del-boicot-a-moscu-1980-me-marco\/","title":{"rendered":"Presidente del COI: \u00abLa experiencia del boicot a Mosc\u00fa 1980 me marc\u00f3\u00bb"},"content":{"rendered":"<p><img fetchpriority=\"high\" decoding=\"async\" class=\"alignleft size-medium wp-image-1352\" src=\"http:\/\/www.eldigitaldeasturias.com\/radio\/wp-content\/uploads\/2018\/10\/technology-785742_960_720-360x240.jpg\" alt=\"\" width=\"360\" height=\"240\" srcset=\"https:\/\/eldigitaldeasturias.com\/radio\/wp-content\/uploads\/2018\/10\/technology-785742_960_720-360x240.jpg 360w, https:\/\/eldigitaldeasturias.com\/radio\/wp-content\/uploads\/2018\/10\/technology-785742_960_720-768x512.jpg 768w, https:\/\/eldigitaldeasturias.com\/radio\/wp-content\/uploads\/2018\/10\/technology-785742_960_720.jpg 960w\" sizes=\"(max-width: 360px) 100vw, 360px\" \/>Berl\u00edn, 19 jul (dpa) &#8211; El presidente del Comit\u00e9 Ol\u00edmpico Internacional (COI), Thomas Bach, a\u00fan recuerda vivamente el boicot a los Juegos Ol\u00edmpicos de Mosc\u00fa 1980, seg\u00fan dijo en declaraciones que publica hoy el peri\u00f3dico alem\u00e1n \u00abWelt am Sonntag\u00bb.<\/p>\n<p>\u00abLa experiencia de 1980 me sigue marcando hasta hoy\u00bb, dijo Bach, de 66 a\u00f1os, quien el viernes anunci\u00f3 que buscar\u00e1 un segundo mandato al frente del COI.<\/p>\n<p>Como reacci\u00f3n al ingreso de tropas sovi\u00e9ticas en Afganist\u00e1n, hace 40 a\u00f1os 42 pa\u00edses cancelaron su participaci\u00f3n en el evento deportivo, entre ellos tambi\u00e9n la Rep\u00fablica Federal Alemana.<\/p>\n<p>La decisi\u00f3n la tom\u00f3 la asamblea de miembros del COI: 59 delegados votaron a favor de un boicot y 40, en contra. Bach, quien entonces era portavoz de los atletas y campe\u00f3n ol\u00edmpico de esgrima de Montreal 1976, no pudo evitar esa votaci\u00f3n.<\/p>\n<p>\u00abLa rabia y la decepci\u00f3n permanecieron\u00bb, asegur\u00f3 el alem\u00e1n, pero tambi\u00e9n \u00abla motivaci\u00f3n que le sigui\u00f3\u00bb. \u00abEsa motivaci\u00f3n me impulsa hasta ahora\u00bb, dijo el presidente del COI.<\/p>\n<p>Hoy los deportistas pueden participar en Juegos Ol\u00edmpicos incluso en contra de la voluntad de los comit\u00e9s ol\u00edmpicos nacionales. \u00abSeg\u00fan entendemos, un grupo compuesto de la manera que sea no puede decidir por mayor\u00eda sobre el derecho de un atleta individual\u00bb, sostuvo Bach.<\/p>\n<p>Bach advirti\u00f3 el viernes a la asamblea general del COI del peligro de nuevos boicots. \u00abEstamos viendo un creciente abuso del deporte con fines pol\u00edticos. Ese peligro ahora es a\u00fan mayor\u00bb.<\/p>\n<p>El COI observa que en el marco de la crisis por la pandemia de coronavirus algunas naciones \u00abincluso est\u00e1n impulsadas a\u00fan m\u00e1s por el ego\u00edsmo y sus propios intereses\u00bb, se\u00f1al\u00f3.<\/p>\n<p>En 2021 culmina el primer mandato de Bach como presidente del COI, cargo que puede ser prolongado una \u00fanica vez por cuatro a\u00f1os. El alem\u00e1n sucedi\u00f3 al belga Jacques Rogge al frente del COI desde 2013.<\/p>\n<p>La pandemia de coronavirus oblig\u00f3 a posponer en un a\u00f1o los Juegos Ol\u00edmpicos de Tokio, que deb\u00edan disputarse este verano boreal.<\/p>\n","protected":false},"excerpt":{"rendered":"<p>Berl\u00edn, 19 jul (dpa) &#8211; El presidente del Comit\u00e9 Ol\u00edmpico Internacional (COI), Thomas Bach, a\u00fan recuerda vivamente el boicot a los Juegos Ol\u00edmpicos de Mosc\u00fa 1980, seg\u00fan dijo en declaraciones que publica hoy el peri\u00f3dico alem\u00e1n \u00abWelt am Sonntag\u00bb. \u00abLa experiencia de 1980 me sigue marcando hasta hoy\u00bb, dijo Bach, de 66 a\u00f1os, quien el<\/p>\n","protected":false},"author":1,"featured_media":1352,"comment_status":"closed","ping_status":"closed","sticky":false,"template":"","format":"standard","meta":{"footnotes":""},"categories":[1],"tags":[],"class_list":{"0":"post-4805","1":"post","2":"type-post","3":"status-publish","4":"format-standard","5":"has-post-thumbnail","7":"category-noticias"},"aioseo_notices":[],"aioseo_head":"\n\t\t<!-- All in One SEO Pro 4.9.6.2 - aioseo.com -->\n\t<meta name=\"description\" content=\"Berl\u00edn, 19 jul (dpa) - El presidente del Comit\u00e9 Ol\u00edmpico Internacional (COI), Thomas Bach, a\u00fan recuerda vivamente el boicot a los Juegos Ol\u00edmpicos de Mosc\u00fa 1980, seg\u00fan dijo en declaraciones que publica hoy el peri\u00f3dico alem\u00e1n &quot;Welt am Sonntag&quot;. &quot;La experiencia de 1980 me sigue marcando hasta hoy&quot;, dijo Bach, de 66 a\u00f1os, quien el\" \/>\n\t<meta name=\"robots\" content=\"max-image-preview:large\" \/>\n\t<meta name=\"author\" content=\"NBAsturias\"\/>\n\t<meta name=\"google-site-verification\" content=\"UA-38556648-1\" \/>\n\t<meta name=\"keywords\" content=\"noticias\" \/>\n\t<link rel=\"canonical\" href=\"https:\/\/eldigitaldeasturias.com\/radio\/presidente-del-coi-la-experiencia-del-boicot-a-moscu-1980-me-marco\/\" \/>\n\t<meta name=\"generator\" content=\"All in One SEO Pro (AIOSEO) 4.9.6.2\" \/>\n\t\t<meta property=\"og:locale\" content=\"es_ES\" \/>\n\t\t<meta property=\"og:site_name\" content=\"El Digital de Asturias | Diario de informaci\u00f3n y noticias\" \/>\n\t\t<meta property=\"og:type\" content=\"article\" \/>\n\t\t<meta property=\"og:title\" content=\"Presidente del COI: \u00abLa experiencia del boicot a Mosc\u00fa 1980 me marc\u00f3\u00bb | El Digital de Asturias\" \/>\n\t\t<meta property=\"og:description\" content=\"Berl\u00edn, 19 jul (dpa) - El presidente del Comit\u00e9 Ol\u00edmpico Internacional (COI), Thomas Bach, a\u00fan recuerda vivamente el boicot a los Juegos Ol\u00edmpicos de Mosc\u00fa 1980, seg\u00fan dijo en declaraciones que publica hoy el peri\u00f3dico alem\u00e1n &quot;Welt am Sonntag&quot;. &quot;La experiencia de 1980 me sigue marcando hasta hoy&quot;, dijo Bach, de 66 a\u00f1os, quien el\" \/>\n\t\t<meta property=\"og:url\" content=\"https:\/\/eldigitaldeasturias.com\/radio\/presidente-del-coi-la-experiencia-del-boicot-a-moscu-1980-me-marco\/\" \/>\n\t\t<meta property=\"og:image\" content=\"https:\/\/eldigitaldeasturias.com\/radio\/wp-content\/uploads\/2018\/10\/technology-785742_960_720.jpg\" \/>\n\t\t<meta property=\"og:image:secure_url\" content=\"https:\/\/eldigitaldeasturias.com\/radio\/wp-content\/uploads\/2018\/10\/technology-785742_960_720.jpg\" \/>\n\t\t<meta property=\"og:image:width\" content=\"960\" \/>\n\t\t<meta property=\"og:image:height\" content=\"640\" \/>\n\t\t<meta property=\"article:published_time\" content=\"2020-07-19T18:20:56+00:00\" \/>\n\t\t<meta property=\"article:modified_time\" content=\"2020-07-19T18:20:56+00:00\" \/>\n\t\t<meta name=\"twitter:card\" content=\"summary_large_image\" \/>\n\t\t<meta name=\"twitter:site\" content=\"@bercodi\" \/>\n\t\t<meta name=\"twitter:title\" content=\"Presidente del COI: \u00abLa experiencia del boicot a Mosc\u00fa 1980 me marc\u00f3\u00bb | El Digital de Asturias\" \/>\n\t\t<meta name=\"twitter:description\" content=\"Berl\u00edn, 19 jul (dpa) - El presidente del Comit\u00e9 Ol\u00edmpico Internacional (COI), Thomas Bach, a\u00fan recuerda vivamente el boicot a los Juegos Ol\u00edmpicos de Mosc\u00fa 1980, seg\u00fan dijo en declaraciones que publica hoy el peri\u00f3dico alem\u00e1n &quot;Welt am Sonntag&quot;. &quot;La experiencia de 1980 me sigue marcando hasta hoy&quot;, dijo Bach, de 66 a\u00f1os, quien el\" \/>\n\t\t<meta name=\"twitter:creator\" content=\"@bercodi\" \/>\n\t\t<meta name=\"twitter:image\" content=\"https:\/\/eldigitaldeasturias.com\/radio\/wp-content\/uploads\/2018\/10\/technology-785742_960_720.jpg\" \/>\n\t\t<script type=\"application\/ld+json\" class=\"aioseo-schema\">\n\t\t\t{\"@context\":\"https:\\\/\\\/schema.org\",\"@graph\":[{\"@type\":\"BreadcrumbList\",\"@id\":\"https:\\\/\\\/eldigitaldeasturias.com\\\/radio\\\/presidente-del-coi-la-experiencia-del-boicot-a-moscu-1980-me-marco\\\/#breadcrumblist\",\"itemListElement\":[{\"@type\":\"ListItem\",\"@id\":\"https:\\\/\\\/eldigitaldeasturias.com\\\/radio#listItem\",\"position\":1,\"name\":\"Inicio\",\"item\":\"https:\\\/\\\/eldigitaldeasturias.com\\\/radio\",\"nextItem\":{\"@type\":\"ListItem\",\"@id\":\"https:\\\/\\\/eldigitaldeasturias.com\\\/radio\\\/category\\\/noticias\\\/#listItem\",\"name\":\"Noticias\"}},{\"@type\":\"ListItem\",\"@id\":\"https:\\\/\\\/eldigitaldeasturias.com\\\/radio\\\/category\\\/noticias\\\/#listItem\",\"position\":2,\"name\":\"Noticias\",\"item\":\"https:\\\/\\\/eldigitaldeasturias.com\\\/radio\\\/category\\\/noticias\\\/\",\"nextItem\":{\"@type\":\"ListItem\",\"@id\":\"https:\\\/\\\/eldigitaldeasturias.com\\\/radio\\\/presidente-del-coi-la-experiencia-del-boicot-a-moscu-1980-me-marco\\\/#listItem\",\"name\":\"Presidente del COI: \\u00abLa experiencia del boicot a Mosc\\u00fa 1980 me marc\\u00f3\\u00bb\"},\"previousItem\":{\"@type\":\"ListItem\",\"@id\":\"https:\\\/\\\/eldigitaldeasturias.com\\\/radio#listItem\",\"name\":\"Inicio\"}},{\"@type\":\"ListItem\",\"@id\":\"https:\\\/\\\/eldigitaldeasturias.com\\\/radio\\\/presidente-del-coi-la-experiencia-del-boicot-a-moscu-1980-me-marco\\\/#listItem\",\"position\":3,\"name\":\"Presidente del COI: \\u00abLa experiencia del boicot a Mosc\\u00fa 1980 me marc\\u00f3\\u00bb\",\"previousItem\":{\"@type\":\"ListItem\",\"@id\":\"https:\\\/\\\/eldigitaldeasturias.com\\\/radio\\\/category\\\/noticias\\\/#listItem\",\"name\":\"Noticias\"}}]},{\"@type\":\"NewsArticle\",\"@id\":\"https:\\\/\\\/eldigitaldeasturias.com\\\/radio\\\/presidente-del-coi-la-experiencia-del-boicot-a-moscu-1980-me-marco\\\/#newsarticle\",\"name\":\"Presidente del COI: \\u00abLa experiencia del boicot a Mosc\\u00fa 1980 me marc\\u00f3\\u00bb | El Digital de Asturias\",\"headline\":\"Presidente del COI: \\u00abLa experiencia del boicot a Mosc\\u00fa 1980 me marc\\u00f3\\u00bb\",\"author\":{\"@id\":\"https:\\\/\\\/eldigitaldeasturias.com\\\/radio\\\/author\\\/nbasturias\\\/#author\"},\"publisher\":{\"@id\":\"https:\\\/\\\/eldigitaldeasturias.com\\\/radio\\\/#organization\"},\"image\":{\"@type\":\"ImageObject\",\"url\":\"https:\\\/\\\/eldigitaldeasturias.com\\\/radio\\\/wp-content\\\/uploads\\\/2018\\\/10\\\/technology-785742_960_720.jpg\",\"width\":960,\"height\":640},\"datePublished\":\"2020-07-19T18:20:56+02:00\",\"dateModified\":\"2020-07-19T18:20:56+02:00\",\"inLanguage\":\"es-ES\",\"mainEntityOfPage\":{\"@id\":\"https:\\\/\\\/eldigitaldeasturias.com\\\/radio\\\/presidente-del-coi-la-experiencia-del-boicot-a-moscu-1980-me-marco\\\/#webpage\"},\"isPartOf\":{\"@id\":\"https:\\\/\\\/eldigitaldeasturias.com\\\/radio\\\/presidente-del-coi-la-experiencia-del-boicot-a-moscu-1980-me-marco\\\/#webpage\"},\"articleSection\":\"Noticias\",\"dateline\":\"Publicado el julio 19, 2020.\"},{\"@type\":\"Organization\",\"@id\":\"https:\\\/\\\/eldigitaldeasturias.com\\\/radio\\\/#organization\",\"name\":\"El digital de Asturias Radio\",\"description\":\"Diario de informaci\\u00f3n y noticias\",\"url\":\"https:\\\/\\\/eldigitaldeasturias.com\\\/radio\\\/\",\"telephone\":\"+34652131393\",\"logo\":{\"@type\":\"ImageObject\",\"url\":\"https:\\\/\\\/www.eldigitaldeasturias.com\\\/radio\\\/wp-content\\\/uploads\\\/2021\\\/03\\\/EDA.jpg\",\"@id\":\"https:\\\/\\\/eldigitaldeasturias.com\\\/radio\\\/presidente-del-coi-la-experiencia-del-boicot-a-moscu-1980-me-marco\\\/#organizationLogo\"},\"image\":{\"@id\":\"https:\\\/\\\/eldigitaldeasturias.com\\\/radio\\\/presidente-del-coi-la-experiencia-del-boicot-a-moscu-1980-me-marco\\\/#organizationLogo\"},\"sameAs\":[\"https:\\\/\\\/www.facebook.com\\\/\",\"https:\\\/\\\/x.com\\\/bercodi\",\"https:\\\/\\\/www.instagram.com\\\/\",\"https:\\\/\\\/www.youtube.com\\\/channel\\\/UCZP-2wLEB9Rv6erhFmqVnvg\"]},{\"@type\":\"Person\",\"@id\":\"https:\\\/\\\/eldigitaldeasturias.com\\\/radio\\\/author\\\/nbasturias\\\/#author\",\"url\":\"https:\\\/\\\/eldigitaldeasturias.com\\\/radio\\\/author\\\/nbasturias\\\/\",\"name\":\"NBAsturias\",\"image\":{\"@type\":\"ImageObject\",\"@id\":\"https:\\\/\\\/eldigitaldeasturias.com\\\/radio\\\/presidente-del-coi-la-experiencia-del-boicot-a-moscu-1980-me-marco\\\/#authorImage\",\"url\":\"https:\\\/\\\/secure.gravatar.com\\\/avatar\\\/df2aeffc32bcd13f8d26072ef8a91b623d677766deac7f97ca815868cd41bf5e?s=96&d=mm&r=g\",\"width\":96,\"height\":96,\"caption\":\"NBAsturias\"}},{\"@type\":\"WebPage\",\"@id\":\"https:\\\/\\\/eldigitaldeasturias.com\\\/radio\\\/presidente-del-coi-la-experiencia-del-boicot-a-moscu-1980-me-marco\\\/#webpage\",\"url\":\"https:\\\/\\\/eldigitaldeasturias.com\\\/radio\\\/presidente-del-coi-la-experiencia-del-boicot-a-moscu-1980-me-marco\\\/\",\"name\":\"Presidente del COI: \\u00abLa experiencia del boicot a Mosc\\u00fa 1980 me marc\\u00f3\\u00bb | El Digital de Asturias\",\"description\":\"Berl\\u00edn, 19 jul (dpa) - El presidente del Comit\\u00e9 Ol\\u00edmpico Internacional (COI), Thomas Bach, a\\u00fan recuerda vivamente el boicot a los Juegos Ol\\u00edmpicos de Mosc\\u00fa 1980, seg\\u00fan dijo en declaraciones que publica hoy el peri\\u00f3dico alem\\u00e1n \\\"Welt am Sonntag\\\". \\\"La experiencia de 1980 me sigue marcando hasta hoy\\\", dijo Bach, de 66 a\\u00f1os, quien el\",\"inLanguage\":\"es-ES\",\"isPartOf\":{\"@id\":\"https:\\\/\\\/eldigitaldeasturias.com\\\/radio\\\/#website\"},\"breadcrumb\":{\"@id\":\"https:\\\/\\\/eldigitaldeasturias.com\\\/radio\\\/presidente-del-coi-la-experiencia-del-boicot-a-moscu-1980-me-marco\\\/#breadcrumblist\"},\"author\":{\"@id\":\"https:\\\/\\\/eldigitaldeasturias.com\\\/radio\\\/author\\\/nbasturias\\\/#author\"},\"creator\":{\"@id\":\"https:\\\/\\\/eldigitaldeasturias.com\\\/radio\\\/author\\\/nbasturias\\\/#author\"},\"image\":{\"@type\":\"ImageObject\",\"url\":\"https:\\\/\\\/eldigitaldeasturias.com\\\/radio\\\/wp-content\\\/uploads\\\/2018\\\/10\\\/technology-785742_960_720.jpg\",\"@id\":\"https:\\\/\\\/eldigitaldeasturias.com\\\/radio\\\/presidente-del-coi-la-experiencia-del-boicot-a-moscu-1980-me-marco\\\/#mainImage\",\"width\":960,\"height\":640},\"primaryImageOfPage\":{\"@id\":\"https:\\\/\\\/eldigitaldeasturias.com\\\/radio\\\/presidente-del-coi-la-experiencia-del-boicot-a-moscu-1980-me-marco\\\/#mainImage\"},\"datePublished\":\"2020-07-19T18:20:56+02:00\",\"dateModified\":\"2020-07-19T18:20:56+02:00\"},{\"@type\":\"WebSite\",\"@id\":\"https:\\\/\\\/eldigitaldeasturias.com\\\/radio\\\/#website\",\"url\":\"https:\\\/\\\/eldigitaldeasturias.com\\\/radio\\\/\",\"name\":\"El Digital de Asturias\",\"description\":\"Diario de informaci\\u00f3n y noticias\",\"inLanguage\":\"es-ES\",\"publisher\":{\"@id\":\"https:\\\/\\\/eldigitaldeasturias.com\\\/radio\\\/#organization\"}}]}\n\t\t<\/script>\n\t\t<!-- All in One SEO Pro -->\r\n\t\t<title>Presidente del COI: \u00abLa experiencia del boicot a Mosc\u00fa 1980 me marc\u00f3\u00bb | El Digital de Asturias<\/title>\n\n","aioseo_head_json":{"title":"Presidente del COI: \u00abLa experiencia del boicot a Mosc\u00fa 1980 me marc\u00f3\u00bb | El Digital de Asturias","description":"Berl\u00edn, 19 jul (dpa) - El presidente del Comit\u00e9 Ol\u00edmpico Internacional (COI), Thomas Bach, a\u00fan recuerda vivamente el boicot a los Juegos Ol\u00edmpicos de Mosc\u00fa 1980, seg\u00fan dijo en declaraciones que publica hoy el peri\u00f3dico alem\u00e1n \"Welt am Sonntag\". \"La experiencia de 1980 me sigue marcando hasta hoy\", dijo Bach, de 66 a\u00f1os, quien el","canonical_url":"https:\/\/eldigitaldeasturias.com\/radio\/presidente-del-coi-la-experiencia-del-boicot-a-moscu-1980-me-marco\/","robots":"max-image-preview:large","keywords":"noticias","webmasterTools":{"google-site-verification":"UA-38556648-1","miscellaneous":""},"schema":{"@context":"https:\/\/schema.org","@graph":[{"@type":"BreadcrumbList","@id":"https:\/\/eldigitaldeasturias.com\/radio\/presidente-del-coi-la-experiencia-del-boicot-a-moscu-1980-me-marco\/#breadcrumblist","itemListElement":[{"@type":"ListItem","@id":"https:\/\/eldigitaldeasturias.com\/radio#listItem","position":1,"name":"Inicio","item":"https:\/\/eldigitaldeasturias.com\/radio","nextItem":{"@type":"ListItem","@id":"https:\/\/eldigitaldeasturias.com\/radio\/category\/noticias\/#listItem","name":"Noticias"}},{"@type":"ListItem","@id":"https:\/\/eldigitaldeasturias.com\/radio\/category\/noticias\/#listItem","position":2,"name":"Noticias","item":"https:\/\/eldigitaldeasturias.com\/radio\/category\/noticias\/","nextItem":{"@type":"ListItem","@id":"https:\/\/eldigitaldeasturias.com\/radio\/presidente-del-coi-la-experiencia-del-boicot-a-moscu-1980-me-marco\/#listItem","name":"Presidente del COI: \u00abLa experiencia del boicot a Mosc\u00fa 1980 me marc\u00f3\u00bb"},"previousItem":{"@type":"ListItem","@id":"https:\/\/eldigitaldeasturias.com\/radio#listItem","name":"Inicio"}},{"@type":"ListItem","@id":"https:\/\/eldigitaldeasturias.com\/radio\/presidente-del-coi-la-experiencia-del-boicot-a-moscu-1980-me-marco\/#listItem","position":3,"name":"Presidente del COI: \u00abLa experiencia del boicot a Mosc\u00fa 1980 me marc\u00f3\u00bb","previousItem":{"@type":"ListItem","@id":"https:\/\/eldigitaldeasturias.com\/radio\/category\/noticias\/#listItem","name":"Noticias"}}]},{"@type":"NewsArticle","@id":"https:\/\/eldigitaldeasturias.com\/radio\/presidente-del-coi-la-experiencia-del-boicot-a-moscu-1980-me-marco\/#newsarticle","name":"Presidente del COI: \u00abLa experiencia del boicot a Mosc\u00fa 1980 me marc\u00f3\u00bb | El Digital de Asturias","headline":"Presidente del COI: \u00abLa experiencia del boicot a Mosc\u00fa 1980 me marc\u00f3\u00bb","author":{"@id":"https:\/\/eldigitaldeasturias.com\/radio\/author\/nbasturias\/#author"},"publisher":{"@id":"https:\/\/eldigitaldeasturias.com\/radio\/#organization"},"image":{"@type":"ImageObject","url":"https:\/\/eldigitaldeasturias.com\/radio\/wp-content\/uploads\/2018\/10\/technology-785742_960_720.jpg","width":960,"height":640},"datePublished":"2020-07-19T18:20:56+02:00","dateModified":"2020-07-19T18:20:56+02:00","inLanguage":"es-ES","mainEntityOfPage":{"@id":"https:\/\/eldigitaldeasturias.com\/radio\/presidente-del-coi-la-experiencia-del-boicot-a-moscu-1980-me-marco\/#webpage"},"isPartOf":{"@id":"https:\/\/eldigitaldeasturias.com\/radio\/presidente-del-coi-la-experiencia-del-boicot-a-moscu-1980-me-marco\/#webpage"},"articleSection":"Noticias","dateline":"Publicado el julio 19, 2020."},{"@type":"Organization","@id":"https:\/\/eldigitaldeasturias.com\/radio\/#organization","name":"El digital de Asturias Radio","description":"Diario de informaci\u00f3n y noticias","url":"https:\/\/eldigitaldeasturias.com\/radio\/","telephone":"+34652131393","logo":{"@type":"ImageObject","url":"https:\/\/www.eldigitaldeasturias.com\/radio\/wp-content\/uploads\/2021\/03\/EDA.jpg","@id":"https:\/\/eldigitaldeasturias.com\/radio\/presidente-del-coi-la-experiencia-del-boicot-a-moscu-1980-me-marco\/#organizationLogo"},"image":{"@id":"https:\/\/eldigitaldeasturias.com\/radio\/presidente-del-coi-la-experiencia-del-boicot-a-moscu-1980-me-marco\/#organizationLogo"},"sameAs":["https:\/\/www.facebook.com\/","https:\/\/x.com\/bercodi","https:\/\/www.instagram.com\/","https:\/\/www.youtube.com\/channel\/UCZP-2wLEB9Rv6erhFmqVnvg"]},{"@type":"Person","@id":"https:\/\/eldigitaldeasturias.com\/radio\/author\/nbasturias\/#author","url":"https:\/\/eldigitaldeasturias.com\/radio\/author\/nbasturias\/","name":"NBAsturias","image":{"@type":"ImageObject","@id":"https:\/\/eldigitaldeasturias.com\/radio\/presidente-del-coi-la-experiencia-del-boicot-a-moscu-1980-me-marco\/#authorImage","url":"https:\/\/secure.gravatar.com\/avatar\/df2aeffc32bcd13f8d26072ef8a91b623d677766deac7f97ca815868cd41bf5e?s=96&d=mm&r=g","width":96,"height":96,"caption":"NBAsturias"}},{"@type":"WebPage","@id":"https:\/\/eldigitaldeasturias.com\/radio\/presidente-del-coi-la-experiencia-del-boicot-a-moscu-1980-me-marco\/#webpage","url":"https:\/\/eldigitaldeasturias.com\/radio\/presidente-del-coi-la-experiencia-del-boicot-a-moscu-1980-me-marco\/","name":"Presidente del COI: \u00abLa experiencia del boicot a Mosc\u00fa 1980 me marc\u00f3\u00bb | El Digital de Asturias","description":"Berl\u00edn, 19 jul (dpa) - El presidente del Comit\u00e9 Ol\u00edmpico Internacional (COI), Thomas Bach, a\u00fan recuerda vivamente el boicot a los Juegos Ol\u00edmpicos de Mosc\u00fa 1980, seg\u00fan dijo en declaraciones que publica hoy el peri\u00f3dico alem\u00e1n \"Welt am Sonntag\". \"La experiencia de 1980 me sigue marcando hasta hoy\", dijo Bach, de 66 a\u00f1os, quien el","inLanguage":"es-ES","isPartOf":{"@id":"https:\/\/eldigitaldeasturias.com\/radio\/#website"},"breadcrumb":{"@id":"https:\/\/eldigitaldeasturias.com\/radio\/presidente-del-coi-la-experiencia-del-boicot-a-moscu-1980-me-marco\/#breadcrumblist"},"author":{"@id":"https:\/\/eldigitaldeasturias.com\/radio\/author\/nbasturias\/#author"},"creator":{"@id":"https:\/\/eldigitaldeasturias.com\/radio\/author\/nbasturias\/#author"},"image":{"@type":"ImageObject","url":"https:\/\/eldigitaldeasturias.com\/radio\/wp-content\/uploads\/2018\/10\/technology-785742_960_720.jpg","@id":"https:\/\/eldigitaldeasturias.com\/radio\/presidente-del-coi-la-experiencia-del-boicot-a-moscu-1980-me-marco\/#mainImage","width":960,"height":640},"primaryImageOfPage":{"@id":"https:\/\/eldigitaldeasturias.com\/radio\/presidente-del-coi-la-experiencia-del-boicot-a-moscu-1980-me-marco\/#mainImage"},"datePublished":"2020-07-19T18:20:56+02:00","dateModified":"2020-07-19T18:20:56+02:00"},{"@type":"WebSite","@id":"https:\/\/eldigitaldeasturias.com\/radio\/#website","url":"https:\/\/eldigitaldeasturias.com\/radio\/","name":"El Digital de Asturias","description":"Diario de informaci\u00f3n y noticias","inLanguage":"es-ES","publisher":{"@id":"https:\/\/eldigitaldeasturias.com\/radio\/#organization"}}]},"og:locale":"es_ES","og:site_name":"El Digital de Asturias | Diario de informaci\u00f3n y noticias","og:type":"article","og:title":"Presidente del COI: \u00abLa experiencia del boicot a Mosc\u00fa 1980 me marc\u00f3\u00bb | El Digital de Asturias","og:description":"Berl\u00edn, 19 jul (dpa) - El presidente del Comit\u00e9 Ol\u00edmpico Internacional (COI), Thomas Bach, a\u00fan recuerda vivamente el boicot a los Juegos Ol\u00edmpicos de Mosc\u00fa 1980, seg\u00fan dijo en declaraciones que publica hoy el peri\u00f3dico alem\u00e1n &quot;Welt am Sonntag&quot;. &quot;La experiencia de 1980 me sigue marcando hasta hoy&quot;, dijo Bach, de 66 a\u00f1os, quien el","og:url":"https:\/\/eldigitaldeasturias.com\/radio\/presidente-del-coi-la-experiencia-del-boicot-a-moscu-1980-me-marco\/","og:image":"https:\/\/eldigitaldeasturias.com\/radio\/wp-content\/uploads\/2018\/10\/technology-785742_960_720.jpg","og:image:secure_url":"https:\/\/eldigitaldeasturias.com\/radio\/wp-content\/uploads\/2018\/10\/technology-785742_960_720.jpg","og:image:width":960,"og:image:height":640,"article:published_time":"2020-07-19T18:20:56+00:00","article:modified_time":"2020-07-19T18:20:56+00:00","twitter:card":"summary_large_image","twitter:site":"@bercodi","twitter:title":"Presidente del COI: \u00abLa experiencia del boicot a Mosc\u00fa 1980 me marc\u00f3\u00bb | El Digital de Asturias","twitter:description":"Berl\u00edn, 19 jul (dpa) - El presidente del Comit\u00e9 Ol\u00edmpico Internacional (COI), Thomas Bach, a\u00fan recuerda vivamente el boicot a los Juegos Ol\u00edmpicos de Mosc\u00fa 1980, seg\u00fan dijo en declaraciones que publica hoy el peri\u00f3dico alem\u00e1n &quot;Welt am Sonntag&quot;. &quot;La experiencia de 1980 me sigue marcando hasta hoy&quot;, dijo Bach, de 66 a\u00f1os, quien el","twitter:creator":"@bercodi","twitter:image":"https:\/\/eldigitaldeasturias.com\/radio\/wp-content\/uploads\/2018\/10\/technology-785742_960_720.jpg"},"aioseo_meta_data":{"post_id":"4805","title":null,"description":"","keywords":"","keyphrases":null,"primary_term":null,"canonical_url":"","og_title":null,"og_description":null,"og_object_type":"default","og_image_type":"default","og_image_url":null,"og_image_width":null,"og_image_height":null,"og_image_custom_url":null,"og_image_custom_fields":null,"og_video":null,"og_custom_url":null,"og_article_section":null,"og_article_tags":null,"twitter_use_og":false,"twitter_card":"default","twitter_image_type":"default","twitter_image_url":null,"twitter_image_custom_url":null,"twitter_image_custom_fields":null,"twitter_title":null,"twitter_description":null,"schema":{"blockGraphs":[],"customGraphs":[],"default":{"data":{"Article":[],"Course":[],"Dataset":[],"FAQPage":[],"Movie":[],"Person":[],"Product":[],"ProductReview":[],"Car":[],"Recipe":[],"Service":[],"SoftwareApplication":[],"WebPage":[]},"graphName":"","isEnabled":true},"graphs":[],"defaultGraph":"","defaultPostTypeGraph":""},"schema_type":null,"schema_type_options":null,"pillar_content":false,"robots_default":true,"robots_noindex":false,"robots_noarchive":false,"robots_nosnippet":false,"robots_nofollow":false,"robots_noimageindex":false,"robots_noodp":false,"robots_notranslate":false,"robots_max_snippet":null,"robots_max_videopreview":null,"robots_max_imagepreview":"large","priority":null,"frequency":null,"location":null,"local_seo":null,"seo_analyzer_scan_date":"2025-08-28 16:44:30","breadcrumb_settings":null,"limit_modified_date":false,"open_ai":null,"ai":null,"created":"2021-03-27 13:50:47","updated":"2025-08-28 16:44:30"},"aioseo_breadcrumb":"<div class=\"aioseo-breadcrumbs\"><span class=\"aioseo-breadcrumb\">\n\t<a href=\"https:\/\/eldigitaldeasturias.com\/radio\" title=\"Inicio\">Inicio<\/a>\n<\/span><span class=\"aioseo-breadcrumb-separator\">&ndash;<\/span><span class=\"aioseo-breadcrumb\">\n\t<a href=\"https:\/\/eldigitaldeasturias.com\/radio\/category\/noticias\/\" title=\"Noticias\">Noticias<\/a>\n<\/span><span class=\"aioseo-breadcrumb-separator\">&ndash;<\/span><span class=\"aioseo-breadcrumb\">\n\tPresidente del COI: \u00abLa experiencia del boicot a Mosc\u00fa 1980 me marc\u00f3\u00bb\n<\/span><\/div>","aioseo_breadcrumb_json":[{"label":"Inicio","link":"https:\/\/eldigitaldeasturias.com\/radio"},{"label":"Noticias","link":"https:\/\/eldigitaldeasturias.com\/radio\/category\/noticias\/"},{"label":"Presidente del COI: \u00abLa experiencia del boicot a Mosc\u00fa 1980 me marc\u00f3\u00bb","link":"https:\/\/eldigitaldeasturias.com\/radio\/presidente-del-coi-la-experiencia-del-boicot-a-moscu-1980-me-marco\/"}],"_links":{"self":[{"href":"https:\/\/eldigitaldeasturias.com\/radio\/wp-json\/wp\/v2\/posts\/4805","targetHints":{"allow":["GET"]}}],"collection":[{"href":"https:\/\/eldigitaldeasturias.com\/radio\/wp-json\/wp\/v2\/posts"}],"about":[{"href":"https:\/\/eldigitaldeasturias.com\/radio\/wp-json\/wp\/v2\/types\/post"}],"author":[{"embeddable":true,"href":"https:\/\/eldigitaldeasturias.com\/radio\/wp-json\/wp\/v2\/users\/1"}],"replies":[{"embeddable":true,"href":"https:\/\/eldigitaldeasturias.com\/radio\/wp-json\/wp\/v2\/comments?post=4805"}],"version-history":[{"count":0,"href":"https:\/\/eldigitaldeasturias.com\/radio\/wp-json\/wp\/v2\/posts\/4805\/revisions"}],"wp:featuredmedia":[{"embeddable":true,"href":"https:\/\/eldigitaldeasturias.com\/radio\/wp-json\/wp\/v2\/media\/1352"}],"wp:attachment":[{"href":"https:\/\/eldigitaldeasturias.com\/radio\/wp-json\/wp\/v2\/media?parent=4805"}],"wp:term":[{"taxonomy":"category","embeddable":true,"href":"https:\/\/eldigitaldeasturias.com\/radio\/wp-json\/wp\/v2\/categories?post=4805"},{"taxonomy":"post_tag","embeddable":true,"href":"https:\/\/eldigitaldeasturias.com\/radio\/wp-json\/wp\/v2\/tags?post=4805"}],"curies":[{"name":"wp","href":"https:\/\/api.w.org\/{rel}","templated":true}]}}